{"id":190262,"date":"2026-04-30T13:06:35","date_gmt":"2026-04-30T10:06:35","guid":{"rendered":"https:\/\/buletin.de\/bucuresti\/?p=190262"},"modified":"2026-04-30T16:43:30","modified_gmt":"2026-04-30T13:43:30","slug":"programul-stb-de-1-mai-cum-vor-circula-mijloacele-de-transport-de-ziua-muncii","status":"publish","type":"post","link":"https:\/\/buletin.de\/bucuresti\/programul-stb-de-1-mai-cum-vor-circula-mijloacele-de-transport-de-ziua-muncii\/","title":{"rendered":"Programul STB de 1 Mai 2026. Cum vor circula mijloacele de transport de Ziua Muncii"},"content":{"rendered":"\n<p><strong>Societatea de Transport Bucure\u0219ti a anun\u021bat programul mijloacelor de transport STB de 1 Mai 2026, Ziua Interna\u021bional\u0103 a Muncii, care este s\u0103rb\u0103toare legal\u0103. <\/strong><\/p>\n\n\n\n<p>\u00cen zilele cu s\u0103rb\u0103tori legale, Societatea de Transport Bucure\u0219ti \u00ee\u0219i modific\u0103, de obicei programul. Acest lucru s-a \u00eent\u00e2mplat inclusiv <a href=\"https:\/\/buletin.de\/bucuresti\/programul-stb-de-paste-linia-de-tramvai-41-circula-si-in-noapte-de-inviere\/\" type=\"link\" id=\"https:\/\/buletin.de\/bucuresti\/programul-stb-de-paste-linia-de-tramvai-41-circula-si-in-noapte-de-inviere\/\" target=\"_blank\" rel=\"noreferrer noopener\">de Pa\u0219ti. <\/a><\/p>\n\n\n\n<p><strong>Programul STB de 1 Mai 2026 va fi <strong>specific unei zile de druminic\u0103<\/strong><\/strong>,<strong> <a href=\"https:\/\/www.facebook.com\/photo?fbid=122196840524546040&amp;set=a.122107950926546040\" type=\"link\" id=\"https:\/\/www.facebook.com\/photo?fbid=122196840524546040&amp;set=a.122107950926546040\" target=\"_blank\" rel=\"noreferrer noopener\">a anun\u021bat <\/a>compania.<\/strong><\/p>\n\n\n\n<p>STB SA le reaminte\u0219te c\u0103l\u0103torilor c\u0103 exist\u0103 mai multe mijloace de informare pentru a afla, \u00een timp real, programul de circula\u021bie al autobuzelor, tramvaielor \u0219i troleibuzelor, precum \u0219i informa\u021bii despre eventualele modific\u0103ri de trasee. <\/p>\n\n\n\n<p>C\u0103l\u0103torii au la dispozi\u021bie aplica\u021bia <strong>Info TB<\/strong>, site-ul oficial <a href=\"https:\/\/www.stb.ro\/\" type=\"link\" id=\"https:\/\/www.stb.ro\/\" target=\"_blank\" rel=\"noreferrer noopener\">STB SA<\/a> \u0219i paginile oficiale ale STB SA de pe re\u021belele de socializare (Facebook, Instagram \u0219i X).<\/p>\n\n\n\n<p><strong>CITE\u0218TE \u0218I <a href=\"https:\/\/buletin.de\/bucuresti\/foto-cetatenii-revoltati-de-copacii-plantati-pe-trotuare-inguste-peste-cabluri-pe-doua-strazi-din-sectorul-4-primaria-a-alocat-16-milioane-de-euro-pentru-arbori\/\" target=\"_blank\" rel=\"noreferrer noopener\">FOTO | Cet\u0103\u021benii, revolta\u021bi de copacii planta\u021bi pe trotuare \u00eenguste, peste cabluri, pe dou\u0103 str\u0103zi din Sectorul 4. Prim\u0103ria a alocat 1,6 milioane de euro pentru arbori<\/a><\/strong><\/p>\n\n\n\n<h2 class=\"wp-block-heading\" id=\"h-programul-supermarketurilor-din-bucure\u0219ti-de-1-mai\">Programul supermarketurilor din Bucure\u0219ti, de 1 Mai <\/h2>\n\n\n\n<p>De Ziua Interna\u021bional\u0103 a Muncii, programul supermarketurilor poate suferi modific\u0103ri. Magazinele <strong>Kaufland <\/strong>nu au anun\u021bat modific\u0103ri semnificative de 1 Mai. Acestea vor fi deschise, cel mai probabil, \u00een intervalul obi\u0219nuit 07:00 \u2013 22:00, \u00eens\u0103 pot ap\u0103rea diferen\u021be \u00een func\u021bie de ora\u0219. <\/p>\n\n\n\n<p>Retailerul Lidl va avea, de asemenea, magazinele deschise de 1 Mai. Programul acestora este, \u00een mod obi\u0219nuit, cel specific unei zile de duminic\u0103, \u00eentre 08:00 \u0219i 21:00, \u00een func\u021bie de loca\u021bie. <\/p>\n\n\n\n<p>Magazinele Carrefour, Penny, Mega Image \u0219i Auchan vor fi deschise de 1 Mai. <strong>Mai multe detalii <a href=\"https:\/\/buletin.de\/bucuresti\/programul-supermarketurilor-de-1-mai-2026\/\" type=\"link\" id=\"https:\/\/buletin.de\/bucuresti\/programul-supermarketurilor-de-1-mai-2026\/\" target=\"_blank\" rel=\"noreferrer noopener\">AICI<\/a>.<\/strong><\/p>\n\n\n\n<p><strong>CITE\u0218TE \u0218I <a href=\"https:\/\/buletin.de\/bucuresti\/sindicalistii-de-la-metrorex-contesta-amanarea-scumpirii-biletelor-si-acuza-guvernul-de-subfinantare\/\" target=\"_blank\" rel=\"noreferrer noopener\">Sindicali\u0219tii de la Metrorex contest\u0103 am\u00e2narea scumpirii biletelor \u0219i acuz\u0103 Guvernul de subfinan\u021bare<\/a><\/strong><\/p>\n","protected":false},"excerpt":{"rendered":"<p>Societatea de Transport Bucure\u0219ti a anun\u021bat programul mijloacelor de transport STB de 1 Mai 2026, Ziua Interna\u021bional\u0103 a Muncii, care este s\u0103rb\u0103toare legal\u0103. \u00cen zilele cu s\u0103rb\u0103tori legale, Societatea de Transport Bucure\u0219ti \u00ee\u0219i modific\u0103, de obicei programul. Acest lucru s-a \u00eent\u00e2mplat inclusiv de Pa\u0219ti. Programul STB de 1 Mai 2026 va fi specific unei zile [&hellip;]<\/p>\n","protected":false},"author":65,"featured_media":190281,"comment_status":"closed","ping_status":"open","sticky":false,"template":"","format":"standard","meta":{"_acf_changed":false,"inline_featured_image":false,"ngg_post_thumbnail":0,"footnotes":""},"categories":[6994,62,650],"tags":[6252,28035,28036,402],"ppma_author":[23912],"class_list":["post-190262","post","type-post","status-publish","format-standard","has-post-thumbnail","hentry","category-stiri-2","category-stiri","category-transport","tag-1-mai","tag-program-1-mai","tag-program-special","tag-stb"],"acf":[],"yoast_head":"<!-- This site is optimized with the Yoast SEO Premium plugin v25.3 (Yoast SEO v27.5) - https:\/\/yoast.com\/product\/yoast-seo-premium-wordpress\/ -->\n<title>Programul STB de 1 Mai 2026. Cum vor circula mijloacele de transport de Ziua Muncii - Buletin de Bucure\u0219ti<\/title>\n<meta name=\"description\" content=\"Societatea de Transport Bucure\u0219ti a anun\u021bat programul mijloacelor de transport STB de 1 Mai 2026, Ziua Interna\u021bional\u0103 a Muncii.\" \/>\n<meta name=\"robots\" content=\"index, follow, max-snippet:-1, max-image-preview:large, max-video-preview:-1\" \/>\n<link rel=\"canonical\" href=\"https:\/\/buletin.de\/bucuresti\/programul-stb-de-1-mai-cum-vor-circula-mijloacele-de-transport-de-ziua-muncii\/\" \/>\n<meta property=\"og:locale\" content=\"en_GB\" \/>\n<meta property=\"og:type\" content=\"article\" \/>\n<meta property=\"og:title\" content=\"Programul STB de 1 Mai 2026. Cum vor circula mijloacele de transport de Ziua Muncii\" \/>\n<meta property=\"og:description\" content=\"Societatea de Transport Bucure\u0219ti a anun\u021bat programul mijloacelor de transport STB de 1 Mai 2026, Ziua Interna\u021bional\u0103 a Muncii.\" \/>\n<meta property=\"og:url\" content=\"https:\/\/buletin.de\/bucuresti\/programul-stb-de-1-mai-cum-vor-circula-mijloacele-de-transport-de-ziua-muncii\/\" \/>\n<meta property=\"og:site_name\" content=\"Buletin de Bucure\u0219ti\" \/>\n<meta property=\"article:publisher\" content=\"https:\/\/www.facebook.com\/buletin.de.buc\" \/>\n<meta property=\"article:published_time\" content=\"2026-04-30T10:06:35+00:00\" \/>\n<meta property=\"article:modified_time\" content=\"2026-04-30T13:43:30+00:00\" \/>\n<meta property=\"og:image\" content=\"https:\/\/buletin.de\/bucuresti\/wp-content\/uploads\/2026\/04\/Programul-STB-de-1-Mai.jpg\" \/>\n\t<meta property=\"og:image:width\" content=\"1200\" \/>\n\t<meta property=\"og:image:height\" content=\"650\" \/>\n\t<meta property=\"og:image:type\" content=\"image\/jpeg\" \/>\n<meta name=\"author\" content=\"Andreea St\u0103n\u0103r\u00eeng\u0103\" \/>\n<meta name=\"twitter:card\" content=\"summary_large_image\" \/>\n<meta name=\"twitter:label1\" content=\"Written by\" \/>\n\t<meta name=\"twitter:data1\" content=\"Andreea St\u0103n\u0103r\u00eeng\u0103\" \/>\n\t<meta name=\"twitter:label2\" content=\"Estimated reading time\" \/>\n\t<meta name=\"twitter:data2\" content=\"2 minutes\" \/>\n<script type=\"application\/ld+json\" class=\"yoast-schema-graph\">{\"@context\":\"https:\\\/\\\/schema.org\",\"@graph\":[{\"@type\":\"Article\",\"@id\":\"https:\\\/\\\/buletin.de\\\/bucuresti\\\/programul-stb-de-1-mai-cum-vor-circula-mijloacele-de-transport-de-ziua-muncii\\\/#article\",\"isPartOf\":{\"@id\":\"https:\\\/\\\/buletin.de\\\/bucuresti\\\/programul-stb-de-1-mai-cum-vor-circula-mijloacele-de-transport-de-ziua-muncii\\\/\"},\"author\":{\"name\":\"Andreea St\u0103n\u0103r\u00eeng\u0103\",\"@id\":\"https:\\\/\\\/buletin.de\\\/bucuresti\\\/#\\\/schema\\\/person\\\/81421a46fb84a0887cfd2238f5202586\"},\"headline\":\"Programul STB de 1 Mai 2026. Cum vor circula mijloacele de transport de Ziua Muncii\",\"datePublished\":\"2026-04-30T10:06:35+00:00\",\"dateModified\":\"2026-04-30T13:43:30+00:00\",\"mainEntityOfPage\":{\"@id\":\"https:\\\/\\\/buletin.de\\\/bucuresti\\\/programul-stb-de-1-mai-cum-vor-circula-mijloacele-de-transport-de-ziua-muncii\\\/\"},\"wordCount\":301,\"publisher\":{\"@id\":\"https:\\\/\\\/buletin.de\\\/bucuresti\\\/#organization\"},\"image\":{\"@id\":\"https:\\\/\\\/buletin.de\\\/bucuresti\\\/programul-stb-de-1-mai-cum-vor-circula-mijloacele-de-transport-de-ziua-muncii\\\/#primaryimage\"},\"thumbnailUrl\":\"https:\\\/\\\/buletin.de\\\/bucuresti\\\/wp-content\\\/uploads\\\/2026\\\/04\\\/Programul-STB-de-1-Mai.jpg\",\"keywords\":[\"1 mai\",\"program 1 mai\",\"program special\",\"stb\"],\"articleSection\":[\"Articole\",\"\u0218tiri\",\"Transport\"],\"inLanguage\":\"en-GB\",\"copyrightYear\":\"2026\",\"copyrightHolder\":{\"@id\":\"https:\\\/\\\/buletin.de\\\/bucuresti\\\/#organization\"}},{\"@type\":\"WebPage\",\"@id\":\"https:\\\/\\\/buletin.de\\\/bucuresti\\\/programul-stb-de-1-mai-cum-vor-circula-mijloacele-de-transport-de-ziua-muncii\\\/\",\"url\":\"https:\\\/\\\/buletin.de\\\/bucuresti\\\/programul-stb-de-1-mai-cum-vor-circula-mijloacele-de-transport-de-ziua-muncii\\\/\",\"name\":\"Programul STB de 1 Mai 2026. Cum vor circula mijloacele de transport de Ziua Muncii - Buletin de Bucure\u0219ti\",\"isPartOf\":{\"@id\":\"https:\\\/\\\/buletin.de\\\/bucuresti\\\/#website\"},\"primaryImageOfPage\":{\"@id\":\"https:\\\/\\\/buletin.de\\\/bucuresti\\\/programul-stb-de-1-mai-cum-vor-circula-mijloacele-de-transport-de-ziua-muncii\\\/#primaryimage\"},\"image\":{\"@id\":\"https:\\\/\\\/buletin.de\\\/bucuresti\\\/programul-stb-de-1-mai-cum-vor-circula-mijloacele-de-transport-de-ziua-muncii\\\/#primaryimage\"},\"thumbnailUrl\":\"https:\\\/\\\/buletin.de\\\/bucuresti\\\/wp-content\\\/uploads\\\/2026\\\/04\\\/Programul-STB-de-1-Mai.jpg\",\"datePublished\":\"2026-04-30T10:06:35+00:00\",\"dateModified\":\"2026-04-30T13:43:30+00:00\",\"description\":\"Societatea de Transport Bucure\u0219ti a anun\u021bat programul mijloacelor de transport STB de 1 Mai 2026, Ziua Interna\u021bional\u0103 a Muncii.\",\"breadcrumb\":{\"@id\":\"https:\\\/\\\/buletin.de\\\/bucuresti\\\/programul-stb-de-1-mai-cum-vor-circula-mijloacele-de-transport-de-ziua-muncii\\\/#breadcrumb\"},\"inLanguage\":\"en-GB\",\"potentialAction\":[{\"@type\":\"ReadAction\",\"target\":[\"https:\\\/\\\/buletin.de\\\/bucuresti\\\/programul-stb-de-1-mai-cum-vor-circula-mijloacele-de-transport-de-ziua-muncii\\\/\"]}]},{\"@type\":\"ImageObject\",\"inLanguage\":\"en-GB\",\"@id\":\"https:\\\/\\\/buletin.de\\\/bucuresti\\\/programul-stb-de-1-mai-cum-vor-circula-mijloacele-de-transport-de-ziua-muncii\\\/#primaryimage\",\"url\":\"https:\\\/\\\/buletin.de\\\/bucuresti\\\/wp-content\\\/uploads\\\/2026\\\/04\\\/Programul-STB-de-1-Mai.jpg\",\"contentUrl\":\"https:\\\/\\\/buletin.de\\\/bucuresti\\\/wp-content\\\/uploads\\\/2026\\\/04\\\/Programul-STB-de-1-Mai.jpg\",\"width\":1200,\"height\":650,\"caption\":\"STB a anun\u021bat programul de 1 Mai. Foto: Facebook\\\/STB\"},{\"@type\":\"BreadcrumbList\",\"@id\":\"https:\\\/\\\/buletin.de\\\/bucuresti\\\/programul-stb-de-1-mai-cum-vor-circula-mijloacele-de-transport-de-ziua-muncii\\\/#breadcrumb\",\"itemListElement\":[{\"@type\":\"ListItem\",\"position\":1,\"name\":\"Acas\u0103\",\"item\":\"https:\\\/\\\/buletin.de\\\/bucuresti\\\/\"},{\"@type\":\"ListItem\",\"position\":2,\"name\":\"Programul STB de 1 Mai 2026. Cum vor circula mijloacele de transport de Ziua Muncii\"}]},{\"@type\":\"WebSite\",\"@id\":\"https:\\\/\\\/buletin.de\\\/bucuresti\\\/#website\",\"url\":\"https:\\\/\\\/buletin.de\\\/bucuresti\\\/\",\"name\":\"Buletin de Bucure\u0219ti\",\"description\":\"\u0218tiri \u0219i investiga\u021bii esen\u021biale din capital\u0103\",\"publisher\":{\"@id\":\"https:\\\/\\\/buletin.de\\\/bucuresti\\\/#organization\"},\"potentialAction\":[{\"@type\":\"SearchAction\",\"target\":{\"@type\":\"EntryPoint\",\"urlTemplate\":\"https:\\\/\\\/buletin.de\\\/bucuresti\\\/?s={search_term_string}\"},\"query-input\":{\"@type\":\"PropertyValueSpecification\",\"valueRequired\":true,\"valueName\":\"search_term_string\"}}],\"inLanguage\":\"en-GB\"},{\"@type\":\"Organization\",\"@id\":\"https:\\\/\\\/buletin.de\\\/bucuresti\\\/#organization\",\"name\":\"Buletin de Bucure\u0219ti\",\"url\":\"https:\\\/\\\/buletin.de\\\/bucuresti\\\/\",\"logo\":{\"@type\":\"ImageObject\",\"inLanguage\":\"en-GB\",\"@id\":\"https:\\\/\\\/buletin.de\\\/bucuresti\\\/#\\\/schema\\\/logo\\\/image\\\/\",\"url\":\"https:\\\/\\\/buletin.de\\\/bucuresti\\\/wp-content\\\/uploads\\\/logo-bdb-full-wide-vernil-transparent.png\",\"contentUrl\":\"https:\\\/\\\/buletin.de\\\/bucuresti\\\/wp-content\\\/uploads\\\/logo-bdb-full-wide-vernil-transparent.png\",\"width\":1782,\"height\":626,\"caption\":\"Buletin de Bucure\u0219ti\"},\"image\":{\"@id\":\"https:\\\/\\\/buletin.de\\\/bucuresti\\\/#\\\/schema\\\/logo\\\/image\\\/\"},\"sameAs\":[\"https:\\\/\\\/www.facebook.com\\\/buletin.de.buc\",\"https:\\\/\\\/www.instagram.com\\\/buletinde.bucuresti\\\/\"]},{\"@type\":\"Person\",\"@id\":\"https:\\\/\\\/buletin.de\\\/bucuresti\\\/#\\\/schema\\\/person\\\/81421a46fb84a0887cfd2238f5202586\",\"name\":\"Andreea St\u0103n\u0103r\u00eeng\u0103\",\"image\":{\"@type\":\"ImageObject\",\"inLanguage\":\"en-GB\",\"@id\":\"https:\\\/\\\/secure.gravatar.com\\\/avatar\\\/dfa8d227a4388fad0f0bb03add04b5b176f4da34397dbb2eadc563b3d7162ce0?s=96&d=monsterid&r=g72784372b39ffe5a98a45288fe0d0e8a\",\"url\":\"https:\\\/\\\/secure.gravatar.com\\\/avatar\\\/dfa8d227a4388fad0f0bb03add04b5b176f4da34397dbb2eadc563b3d7162ce0?s=96&d=monsterid&r=g\",\"contentUrl\":\"https:\\\/\\\/secure.gravatar.com\\\/avatar\\\/dfa8d227a4388fad0f0bb03add04b5b176f4da34397dbb2eadc563b3d7162ce0?s=96&d=monsterid&r=g\",\"caption\":\"Andreea St\u0103n\u0103r\u00eeng\u0103\"},\"description\":\"Cu o experien\u021b\u0103 de peste 5 ani \u00een pres\u0103, face parte din echipa Buletin de Bucure\u0219ti din septembrie 2025. A colaborat cu c\u00e2teva publica\u021bii, printre care \u0219i Fanatik.ro, unde s-a ocupat de \u0219tiri de lifestyle \u0219i de actualitate. A f\u0103cut un pas c\u0103tre presa local\u0103 pentru a explora Bucure\u0219tiul \u0219i pove\u0219tile care merit\u0103 spuse.\",\"url\":\"https:\\\/\\\/buletin.de\\\/bucuresti\\\/author\\\/andreea-stanaranga\\\/\"}]}<\/script>\n<!-- \/ Yoast SEO Premium plugin. -->","yoast_head_json":{"title":"Programul STB de 1 Mai 2026. Cum vor circula mijloacele de transport de Ziua Muncii - Buletin de Bucure\u0219ti","description":"Societatea de Transport Bucure\u0219ti a anun\u021bat programul mijloacelor de transport STB de 1 Mai 2026, Ziua Interna\u021bional\u0103 a Muncii.","robots":{"index":"index","follow":"follow","max-snippet":"max-snippet:-1","max-image-preview":"max-image-preview:large","max-video-preview":"max-video-preview:-1"},"canonical":"https:\/\/buletin.de\/bucuresti\/programul-stb-de-1-mai-cum-vor-circula-mijloacele-de-transport-de-ziua-muncii\/","og_locale":"en_GB","og_type":"article","og_title":"Programul STB de 1 Mai 2026. Cum vor circula mijloacele de transport de Ziua Muncii","og_description":"Societatea de Transport Bucure\u0219ti a anun\u021bat programul mijloacelor de transport STB de 1 Mai 2026, Ziua Interna\u021bional\u0103 a Muncii.","og_url":"https:\/\/buletin.de\/bucuresti\/programul-stb-de-1-mai-cum-vor-circula-mijloacele-de-transport-de-ziua-muncii\/","og_site_name":"Buletin de Bucure\u0219ti","article_publisher":"https:\/\/www.facebook.com\/buletin.de.buc","article_published_time":"2026-04-30T10:06:35+00:00","article_modified_time":"2026-04-30T13:43:30+00:00","og_image":[{"width":1200,"height":650,"url":"https:\/\/buletin.de\/bucuresti\/wp-content\/uploads\/2026\/04\/Programul-STB-de-1-Mai.jpg","type":"image\/jpeg"}],"author":"Andreea St\u0103n\u0103r\u00eeng\u0103","twitter_card":"summary_large_image","twitter_misc":{"Written by":"Andreea St\u0103n\u0103r\u00eeng\u0103","Estimated reading time":"2 minutes"},"schema":{"@context":"https:\/\/schema.org","@graph":[{"@type":"Article","@id":"https:\/\/buletin.de\/bucuresti\/programul-stb-de-1-mai-cum-vor-circula-mijloacele-de-transport-de-ziua-muncii\/#article","isPartOf":{"@id":"https:\/\/buletin.de\/bucuresti\/programul-stb-de-1-mai-cum-vor-circula-mijloacele-de-transport-de-ziua-muncii\/"},"author":{"name":"Andreea St\u0103n\u0103r\u00eeng\u0103","@id":"https:\/\/buletin.de\/bucuresti\/#\/schema\/person\/81421a46fb84a0887cfd2238f5202586"},"headline":"Programul STB de 1 Mai 2026. Cum vor circula mijloacele de transport de Ziua Muncii","datePublished":"2026-04-30T10:06:35+00:00","dateModified":"2026-04-30T13:43:30+00:00","mainEntityOfPage":{"@id":"https:\/\/buletin.de\/bucuresti\/programul-stb-de-1-mai-cum-vor-circula-mijloacele-de-transport-de-ziua-muncii\/"},"wordCount":301,"publisher":{"@id":"https:\/\/buletin.de\/bucuresti\/#organization"},"image":{"@id":"https:\/\/buletin.de\/bucuresti\/programul-stb-de-1-mai-cum-vor-circula-mijloacele-de-transport-de-ziua-muncii\/#primaryimage"},"thumbnailUrl":"https:\/\/buletin.de\/bucuresti\/wp-content\/uploads\/2026\/04\/Programul-STB-de-1-Mai.jpg","keywords":["1 mai","program 1 mai","program special","stb"],"articleSection":["Articole","\u0218tiri","Transport"],"inLanguage":"en-GB","copyrightYear":"2026","copyrightHolder":{"@id":"https:\/\/buletin.de\/bucuresti\/#organization"}},{"@type":"WebPage","@id":"https:\/\/buletin.de\/bucuresti\/programul-stb-de-1-mai-cum-vor-circula-mijloacele-de-transport-de-ziua-muncii\/","url":"https:\/\/buletin.de\/bucuresti\/programul-stb-de-1-mai-cum-vor-circula-mijloacele-de-transport-de-ziua-muncii\/","name":"Programul STB de 1 Mai 2026. Cum vor circula mijloacele de transport de Ziua Muncii - Buletin de Bucure\u0219ti","isPartOf":{"@id":"https:\/\/buletin.de\/bucuresti\/#website"},"primaryImageOfPage":{"@id":"https:\/\/buletin.de\/bucuresti\/programul-stb-de-1-mai-cum-vor-circula-mijloacele-de-transport-de-ziua-muncii\/#primaryimage"},"image":{"@id":"https:\/\/buletin.de\/bucuresti\/programul-stb-de-1-mai-cum-vor-circula-mijloacele-de-transport-de-ziua-muncii\/#primaryimage"},"thumbnailUrl":"https:\/\/buletin.de\/bucuresti\/wp-content\/uploads\/2026\/04\/Programul-STB-de-1-Mai.jpg","datePublished":"2026-04-30T10:06:35+00:00","dateModified":"2026-04-30T13:43:30+00:00","description":"Societatea de Transport Bucure\u0219ti a anun\u021bat programul mijloacelor de transport STB de 1 Mai 2026, Ziua Interna\u021bional\u0103 a Muncii.","breadcrumb":{"@id":"https:\/\/buletin.de\/bucuresti\/programul-stb-de-1-mai-cum-vor-circula-mijloacele-de-transport-de-ziua-muncii\/#breadcrumb"},"inLanguage":"en-GB","potentialAction":[{"@type":"ReadAction","target":["https:\/\/buletin.de\/bucuresti\/programul-stb-de-1-mai-cum-vor-circula-mijloacele-de-transport-de-ziua-muncii\/"]}]},{"@type":"ImageObject","inLanguage":"en-GB","@id":"https:\/\/buletin.de\/bucuresti\/programul-stb-de-1-mai-cum-vor-circula-mijloacele-de-transport-de-ziua-muncii\/#primaryimage","url":"https:\/\/buletin.de\/bucuresti\/wp-content\/uploads\/2026\/04\/Programul-STB-de-1-Mai.jpg","contentUrl":"https:\/\/buletin.de\/bucuresti\/wp-content\/uploads\/2026\/04\/Programul-STB-de-1-Mai.jpg","width":1200,"height":650,"caption":"STB a anun\u021bat programul de 1 Mai. Foto: Facebook\/STB"},{"@type":"BreadcrumbList","@id":"https:\/\/buletin.de\/bucuresti\/programul-stb-de-1-mai-cum-vor-circula-mijloacele-de-transport-de-ziua-muncii\/#breadcrumb","itemListElement":[{"@type":"ListItem","position":1,"name":"Acas\u0103","item":"https:\/\/buletin.de\/bucuresti\/"},{"@type":"ListItem","position":2,"name":"Programul STB de 1 Mai 2026. Cum vor circula mijloacele de transport de Ziua Muncii"}]},{"@type":"WebSite","@id":"https:\/\/buletin.de\/bucuresti\/#website","url":"https:\/\/buletin.de\/bucuresti\/","name":"Buletin de Bucure\u0219ti","description":"\u0218tiri \u0219i investiga\u021bii esen\u021biale din capital\u0103","publisher":{"@id":"https:\/\/buletin.de\/bucuresti\/#organization"},"potentialAction":[{"@type":"SearchAction","target":{"@type":"EntryPoint","urlTemplate":"https:\/\/buletin.de\/bucuresti\/?s={search_term_string}"},"query-input":{"@type":"PropertyValueSpecification","valueRequired":true,"valueName":"search_term_string"}}],"inLanguage":"en-GB"},{"@type":"Organization","@id":"https:\/\/buletin.de\/bucuresti\/#organization","name":"Buletin de Bucure\u0219ti","url":"https:\/\/buletin.de\/bucuresti\/","logo":{"@type":"ImageObject","inLanguage":"en-GB","@id":"https:\/\/buletin.de\/bucuresti\/#\/schema\/logo\/image\/","url":"https:\/\/buletin.de\/bucuresti\/wp-content\/uploads\/logo-bdb-full-wide-vernil-transparent.png","contentUrl":"https:\/\/buletin.de\/bucuresti\/wp-content\/uploads\/logo-bdb-full-wide-vernil-transparent.png","width":1782,"height":626,"caption":"Buletin de Bucure\u0219ti"},"image":{"@id":"https:\/\/buletin.de\/bucuresti\/#\/schema\/logo\/image\/"},"sameAs":["https:\/\/www.facebook.com\/buletin.de.buc","https:\/\/www.instagram.com\/buletinde.bucuresti\/"]},{"@type":"Person","@id":"https:\/\/buletin.de\/bucuresti\/#\/schema\/person\/81421a46fb84a0887cfd2238f5202586","name":"Andreea St\u0103n\u0103r\u00eeng\u0103","image":{"@type":"ImageObject","inLanguage":"en-GB","@id":"https:\/\/secure.gravatar.com\/avatar\/dfa8d227a4388fad0f0bb03add04b5b176f4da34397dbb2eadc563b3d7162ce0?s=96&d=monsterid&r=g72784372b39ffe5a98a45288fe0d0e8a","url":"https:\/\/secure.gravatar.com\/avatar\/dfa8d227a4388fad0f0bb03add04b5b176f4da34397dbb2eadc563b3d7162ce0?s=96&d=monsterid&r=g","contentUrl":"https:\/\/secure.gravatar.com\/avatar\/dfa8d227a4388fad0f0bb03add04b5b176f4da34397dbb2eadc563b3d7162ce0?s=96&d=monsterid&r=g","caption":"Andreea St\u0103n\u0103r\u00eeng\u0103"},"description":"Cu o experien\u021b\u0103 de peste 5 ani \u00een pres\u0103, face parte din echipa Buletin de Bucure\u0219ti din septembrie 2025. A colaborat cu c\u00e2teva publica\u021bii, printre care \u0219i Fanatik.ro, unde s-a ocupat de \u0219tiri de lifestyle \u0219i de actualitate. A f\u0103cut un pas c\u0103tre presa local\u0103 pentru a explora Bucure\u0219tiul \u0219i pove\u0219tile care merit\u0103 spuse.","url":"https:\/\/buletin.de\/bucuresti\/author\/andreea-stanaranga\/"}]}},"authors":[{"term_id":23912,"user_id":65,"is_guest":0,"slug":"andreea-stanaranga","display_name":"Andreea St\u0103n\u0103r\u00eeng\u0103","avatar_url":"https:\/\/secure.gravatar.com\/avatar\/dfa8d227a4388fad0f0bb03add04b5b176f4da34397dbb2eadc563b3d7162ce0?s=96&d=monsterid&r=g","0":null,"1":"","2":"","3":"","4":"","5":"","6":"","7":"","8":""}],"_links":{"self":[{"href":"https:\/\/buletin.de\/bucuresti\/wp-json\/wp\/v2\/posts\/190262","targetHints":{"allow":["GET"]}}],"collection":[{"href":"https:\/\/buletin.de\/bucuresti\/wp-json\/wp\/v2\/posts"}],"about":[{"href":"https:\/\/buletin.de\/bucuresti\/wp-json\/wp\/v2\/types\/post"}],"author":[{"embeddable":true,"href":"https:\/\/buletin.de\/bucuresti\/wp-json\/wp\/v2\/users\/65"}],"replies":[{"embeddable":true,"href":"https:\/\/buletin.de\/bucuresti\/wp-json\/wp\/v2\/comments?post=190262"}],"version-history":[{"count":10,"href":"https:\/\/buletin.de\/bucuresti\/wp-json\/wp\/v2\/posts\/190262\/revisions"}],"predecessor-version":[{"id":190378,"href":"https:\/\/buletin.de\/bucuresti\/wp-json\/wp\/v2\/posts\/190262\/revisions\/190378"}],"wp:featuredmedia":[{"embeddable":true,"href":"https:\/\/buletin.de\/bucuresti\/wp-json\/wp\/v2\/media\/190281"}],"wp:attachment":[{"href":"https:\/\/buletin.de\/bucuresti\/wp-json\/wp\/v2\/media?parent=190262"}],"wp:term":[{"taxonomy":"category","embeddable":true,"href":"https:\/\/buletin.de\/bucuresti\/wp-json\/wp\/v2\/categories?post=190262"},{"taxonomy":"post_tag","embeddable":true,"href":"https:\/\/buletin.de\/bucuresti\/wp-json\/wp\/v2\/tags?post=190262"},{"taxonomy":"author","embeddable":true,"href":"https:\/\/buletin.de\/bucuresti\/wp-json\/wp\/v2\/ppma_author?post=190262"}],"curies":[{"name":"wp","href":"https:\/\/api.w.org\/{rel}","templated":true}]}}