{"id":190255,"date":"2026-04-30T14:02:53","date_gmt":"2026-04-30T11:02:53","guid":{"rendered":"https:\/\/buletin.de\/bucuresti\/?p=190255"},"modified":"2026-04-30T16:47:28","modified_gmt":"2026-04-30T13:47:28","slug":"cursa-caritabila-pentru-trei-spitale-din-capitala-salvati-copiii-participa-la-semimaratonul-bucuresti-in-weekendul-9-10-mai","status":"publish","type":"post","link":"https:\/\/buletin.de\/bucuresti\/cursa-caritabila-pentru-trei-spitale-din-capitala-salvati-copiii-participa-la-semimaratonul-bucuresti-in-weekendul-9-10-mai\/","title":{"rendered":"Curs\u0103 caritabil\u0103 pentru trei spitale din Capital\u0103. Salva\u021bi Copiii particip\u0103 la Semimaratonul Bucure\u0219ti, \u00een weekendul 9-10 mai"},"content":{"rendered":"\n<p><strong>Sumele str\u00e2nse de funda\u021bia \u201e<a href=\"https:\/\/www.salvaticopiii.ro\/\" type=\"link\" id=\"https:\/\/www.salvaticopiii.ro\/\" target=\"_blank\" rel=\"noreferrer noopener\">Salva\u021bi Copiii\u201d<\/a> la Semimaratonul Bucure\u0219ti, evenimentul sportiv care va avea loc \u00een weekendul 9 &#8211; 10 mai, vor fi folosite pentru achizi\u021bionare de echipament medical pentru trei spitale din Capital\u0103. <\/strong><\/p>\n\n\n\n<p>\u00cen 2026, unit\u0103\u021bile medicale ce trateaz\u0103 cazurile de prematuritate sever\u0103 \u0219i alte afec\u021biuni medicale complexe ale nou-n\u0103scutului \u0219i care au ales s\u0103 apeleze la acest mecanism de sprijin sunt: <\/p>\n\n\n\n<ul class=\"wp-block-list\">\n<li>Spitalul Clinic de Urgen\u021b\u0103 pentru Copii \u201eGrigore Alexandrescu<em>\u201d<\/em>, <\/li>\n\n\n\n<li>Spitalul Clinic de Obstetric\u0103 \u0219i Ginecologie Filantropia,<\/li>\n\n\n\n<li>Spitalul Universitar de Urgen\u021b\u0103 Bucure\u0219ti, dup\u0103 cum anun\u021b\u0103 reprezentan\u021bii funda\u021biei.  <\/li>\n<\/ul>\n\n\n\n<p>\u00cen total, pentru a putea achizi\u021biona aparatura medical\u0103 de care cele trei unit\u0103\u021bi medicale au nevoie pentru cazurile complexe, este nevoie de suma de 168.000 de euro. Echipamentele solicitate de medici sunt:<\/p>\n\n\n\n<ul class=\"wp-block-list\">\n<li>ventilator neonatal cu multiple moduri (invaziv, non-invaziv, HFOV),<\/li>\n\n\n\n<li>monitor func\u021bii vitale,<\/li>\n\n\n\n<li>sistem de cooling,<\/li>\n\n\n\n<li>kit ventila\u021bie + umidificator,<\/li>\n\n\n\n<li>hot\u0103 cu flux laminar,<\/li>\n\n\n\n<li>ecograf.<\/li>\n<\/ul>\n\n\n\n<p>CITE\u0218TE \u0218I <\/p>\n\n\n\n<h2 class=\"wp-block-heading\" id=\"h-semimaratonul-bucure\u0219ti-10-ani-de-curse-caritabile\">Semimaratonul Bucure\u0219ti, 10 ani de curse caritabile<\/h2>\n\n\n\n<p>\u00cenc\u0103 din anul 2016, Salva\u021bi Copiii Rom\u00e2nia particip\u0103 la Semimaratonul Bucure\u0219ti pentru cauza copiilor n\u0103scu\u021bi prematur, iar&nbsp;astfel a putut cump\u0103ra echipamente care le-au dat medicilor&nbsp;posibilitatea de a&nbsp;salva \u0219i \u00eengriji corespunz\u0103tor vie\u021bile copiilor care vin pe lume cu diverse afec\u021biuni medicale complexe.<\/p>\n\n\n\n<p>Iat\u0103 ce spitale au fost sprijinite \u00een ace\u0219ti 10 ani, \u00een urma curselor caritabile: <\/p>\n\n\n\n<ul class=\"wp-block-list\">\n<li><strong>2016<\/strong> \u2013 Spitalul Clinic de Obstetric\u0103-Ginecologie \u201eProf. Dr. Panait S\u00eerbu\u201d &#8211; sec\u021bia Neonatologie: debutul investi\u021biilor prin donarea unui incubator de transport (10.000 euro);<\/li>\n\n\n\n<li><strong>2017<\/strong> \u2013 Spitalul Clinic de Urgen\u021b\u0103 \u201eSf\u00e2ntul Ioan\u201d Bucure\u0219ti \u2013 Maternitatea Bucur &#8211; sec\u021bia Neonatologie: achizi\u021bia unui ventilator de suport respirator vital pentru nou-n\u0103scu\u021bi (17.000 euro);<\/li>\n\n\n\n<li><strong>2018<\/strong> \u2013 Spitalul Clinic de Urgen\u021b\u0103 pentru Copii \u201eGrigore Alexandrescu\u201d &#8211; sec\u021bia Terapie Intensiv\u0103 Neonatal\u0103: dotarea cu un incubator \u0219i dou\u0103 monitoare de func\u021bii vitale (34.400 euro);<\/li>\n\n\n\n<li><strong>2019<\/strong> \u2013 Spitalul Universitar de Urgen\u021b\u0103 Bucure\u0219ti &#8211; sec\u021bia Neonatologie: sprijin prin donarea unui ventilator neonatal performant (35.000 euro);<\/li>\n\n\n\n<li><strong>2021<\/strong> \u2013Spitalul Universitar de Urgen\u021b\u0103 Bucure\u0219ti &#8211; sec\u021bia Neonatologie: a fost dotat cu un ventilator neonatal (40.000 euro);<\/li>\n\n\n\n<li><strong>2022<\/strong> \u2013 Spitalul Clinic de Urgen\u021b\u0103 pentru Copii \u201eGrigore Alexandrescu\u201d &#8211; dotarea sec\u021biei ORL cu instrumentar specific \u0219i a sec\u021biei de neonatologie a Spitalului Universitar de Urgen\u021b\u0103 Bucure\u0219ti cu sisteme moderne de monitorizare (peste 26.000 euro);<\/li>\n\n\n\n<li><strong>2023<\/strong> \u2013 Spitalul Universitar de Urgen\u021b\u0103 Bucure\u0219ti a fost dotat cu aparatur\u0103 pentru monitorizarea nou-n\u0103scutului, iar Spitalul Clinic de Urgen\u021b\u0103 pentru Copii \u201eGrigore Alexandrescu\u201d a fost sus\u021binut cu echipamente specifice interven\u021biei ORL (peste 93.000 euro);<\/li>\n\n\n\n<li><strong>2024<\/strong> \u2013 Institutul Na\u021bional pentru S\u0103n\u0103tatea Mamei \u0219i Copilului \u201eAlessandrescu\u2011Rusescu\u201d (INSMC) \u2013 Maternitatea Polizu: Renovarea Sec\u021biei de Terapie Intensiv\u0103 \u0219i a Blocului Operator (peste 100.000 euro);<\/li>\n\n\n\n<li><strong>2025<\/strong> \u2013 Spitalul Universitar de Urgen\u021b\u0103 Bucure\u0219ti &#8211; sec\u021bia Neonatologie: Cea mai recent\u0103 dotare cu echipamente de ultim\u0103 genera\u021bie: 5 l\u0103mpi UV pentru purificarea aerului, 1 monitor AEEG neonatal, 1 sond\u0103 liniar\u0103 hockey stick, 1 defibrilator complet (cu geant\u0103 \u0219i electrozi neonatali), 1 kit (1000 teste) pentru analizor hematologie, 35 de p\u0103tu\u021buri nou-n\u0103scut (peste 111.120 euro).<\/li>\n<\/ul>\n\n\n\n<p>Ce care doresc s\u0103 se \u00eenscrie la curs\u0103 o pot face acces\u00e2nd site-ul funda\u021biei Salva\u021bi Copiii, la acest <a href=\"https:\/\/www.salvaticopiii.ro\/semimaratonul-bucuresti-2026\" type=\"link\" id=\"https:\/\/www.salvaticopiii.ro\/semimaratonul-bucuresti-2026\" target=\"_blank\" rel=\"noreferrer noopener\">link<\/a>. <\/p>\n\n\n\n<p><strong>CITE\u0218TE \u0218I: <a href=\"https:\/\/buletin.de\/bucuresti\/grafic-bugetul-ilustrat-al-primariei-capitalei-3-din-10-lei-merg-pe-investitii-jumatate-din-banii-de-la-bugetul-local-se-duc-pe-subventii-la-transport-si-termoficare\/\" target=\"_blank\" rel=\"noreferrer noopener\">GRAFIC | Bugetul ilustrat al Prim\u0103riei Capitalei: 3 din 10 lei merg pe investi\u021bii. Jum\u0103tate din banii de la bugetul local se duc pe subven\u021bii la transport \u0219i termoficare<\/a><\/strong><\/p>\n","protected":false},"excerpt":{"rendered":"<p>Sumele str\u00e2nse de funda\u021bia \u201eSalva\u021bi Copiii\u201d la Semimaratonul Bucure\u0219ti, evenimentul sportiv care va avea loc \u00een weekendul 9 &#8211; 10 mai, vor fi folosite pentru achizi\u021bionare de echipament medical pentru trei spitale din Capital\u0103. \u00cen 2026, unit\u0103\u021bile medicale ce trateaz\u0103 cazurile de prematuritate sever\u0103 \u0219i alte afec\u021biuni medicale complexe ale nou-n\u0103scutului \u0219i care au ales [&hellip;]<\/p>\n","protected":false},"author":66,"featured_media":190289,"comment_status":"closed","ping_status":"open","sticky":false,"template":"","format":"standard","meta":{"_acf_changed":false,"inline_featured_image":false,"ngg_post_thumbnail":0,"footnotes":""},"categories":[6994,4,62],"tags":[28038,11801,13435,28037],"ppma_author":[26103],"class_list":["post-190255","post","type-post","status-publish","format-standard","has-post-thumbnail","hentry","category-stiri-2","category-sanatate","category-stiri","tag-aparatura-spitalei","tag-bucharest-half-marathon","tag-salvati-copiii-2","tag-semimaratorul-bucuresti"],"acf":[],"yoast_head":"<!-- This site is optimized with the Yoast SEO Premium plugin v25.3 (Yoast SEO v27.4) - https:\/\/yoast.com\/product\/yoast-seo-premium-wordpress\/ -->\n<title>Curs\u0103 caritabil\u0103 pentru trei spitale din Capital\u0103. Salva\u021bi Copiii particip\u0103 la Semimaratonul Bucure\u0219ti, \u00een weekendul 9-10 mai - Buletin de Bucure\u0219ti<\/title>\n<meta name=\"description\" content=\"Semimaratonul Bucure\u0219ti va avea loc \u00een weekendul 9 - 10 mai \u0219i cei care vor alerga vor str\u00e2nge fonduri pentru misiuni caritabile.\" \/>\n<meta name=\"robots\" content=\"index, follow, max-snippet:-1, max-image-preview:large, max-video-preview:-1\" \/>\n<link rel=\"canonical\" href=\"https:\/\/buletin.de\/bucuresti\/cursa-caritabila-pentru-trei-spitale-din-capitala-salvati-copiii-participa-la-semimaratonul-bucuresti-in-weekendul-9-10-mai\/\" \/>\n<meta property=\"og:locale\" content=\"en_GB\" \/>\n<meta property=\"og:type\" content=\"article\" \/>\n<meta property=\"og:title\" content=\"Curs\u0103 caritabil\u0103 pentru trei spitale din Capital\u0103. Salva\u021bi Copiii particip\u0103 la Semimaratonul Bucure\u0219ti, \u00een weekendul 9-10 mai\" \/>\n<meta property=\"og:description\" content=\"Semimaratonul Bucure\u0219ti va avea loc \u00een weekendul 9 - 10 mai \u0219i cei care vor alerga vor str\u00e2nge fonduri pentru misiuni caritabile.\" \/>\n<meta property=\"og:url\" content=\"https:\/\/buletin.de\/bucuresti\/cursa-caritabila-pentru-trei-spitale-din-capitala-salvati-copiii-participa-la-semimaratonul-bucuresti-in-weekendul-9-10-mai\/\" \/>\n<meta property=\"og:site_name\" content=\"Buletin de Bucure\u0219ti\" \/>\n<meta property=\"article:publisher\" content=\"https:\/\/www.facebook.com\/buletin.de.buc\" \/>\n<meta property=\"article:published_time\" content=\"2026-04-30T11:02:53+00:00\" \/>\n<meta property=\"article:modified_time\" content=\"2026-04-30T13:47:28+00:00\" \/>\n<meta property=\"og:image\" content=\"https:\/\/buletin.de\/bucuresti\/wp-content\/uploads\/2026\/04\/WhatsApp-Image-2026-04-30-at-11.51.52.jpeg\" \/>\n\t<meta property=\"og:image:width\" content=\"1600\" \/>\n\t<meta property=\"og:image:height\" content=\"1189\" \/>\n\t<meta property=\"og:image:type\" content=\"image\/jpeg\" \/>\n<meta name=\"author\" content=\"Deniz Garguli\" \/>\n<meta name=\"twitter:card\" content=\"summary_large_image\" \/>\n<meta name=\"twitter:label1\" content=\"Written by\" \/>\n\t<meta name=\"twitter:data1\" content=\"Deniz Garguli\" \/>\n\t<meta name=\"twitter:label2\" content=\"Estimated reading time\" \/>\n\t<meta name=\"twitter:data2\" content=\"3 minutes\" \/>\n<script type=\"application\/ld+json\" class=\"yoast-schema-graph\">{\"@context\":\"https:\\\/\\\/schema.org\",\"@graph\":[{\"@type\":\"Article\",\"@id\":\"https:\\\/\\\/buletin.de\\\/bucuresti\\\/cursa-caritabila-pentru-trei-spitale-din-capitala-salvati-copiii-participa-la-semimaratonul-bucuresti-in-weekendul-9-10-mai\\\/#article\",\"isPartOf\":{\"@id\":\"https:\\\/\\\/buletin.de\\\/bucuresti\\\/cursa-caritabila-pentru-trei-spitale-din-capitala-salvati-copiii-participa-la-semimaratonul-bucuresti-in-weekendul-9-10-mai\\\/\"},\"author\":{\"name\":\"Deniz Garguli\",\"@id\":\"https:\\\/\\\/buletin.de\\\/bucuresti\\\/#\\\/schema\\\/person\\\/8badd0805392c02e16b744e0d5cd3625\"},\"headline\":\"Curs\u0103 caritabil\u0103 pentru trei spitale din Capital\u0103. Salva\u021bi Copiii particip\u0103 la Semimaratonul Bucure\u0219ti, \u00een weekendul 9-10 mai\",\"datePublished\":\"2026-04-30T11:02:53+00:00\",\"dateModified\":\"2026-04-30T13:47:28+00:00\",\"mainEntityOfPage\":{\"@id\":\"https:\\\/\\\/buletin.de\\\/bucuresti\\\/cursa-caritabila-pentru-trei-spitale-din-capitala-salvati-copiii-participa-la-semimaratonul-bucuresti-in-weekendul-9-10-mai\\\/\"},\"wordCount\":572,\"publisher\":{\"@id\":\"https:\\\/\\\/buletin.de\\\/bucuresti\\\/#organization\"},\"image\":{\"@id\":\"https:\\\/\\\/buletin.de\\\/bucuresti\\\/cursa-caritabila-pentru-trei-spitale-din-capitala-salvati-copiii-participa-la-semimaratonul-bucuresti-in-weekendul-9-10-mai\\\/#primaryimage\"},\"thumbnailUrl\":\"https:\\\/\\\/buletin.de\\\/bucuresti\\\/wp-content\\\/uploads\\\/2026\\\/04\\\/WhatsApp-Image-2026-04-30-at-11.51.52.jpeg\",\"keywords\":[\"aparatur\u0103 spitalei\",\"Bucharest Half Marathon\",\"Salva\u021bi Copiii\",\"Semimaratorul Bucure\u0219ti\"],\"articleSection\":[\"Articole\",\"S\u0103n\u0103tate\",\"\u0218tiri\"],\"inLanguage\":\"en-GB\",\"copyrightYear\":\"2026\",\"copyrightHolder\":{\"@id\":\"https:\\\/\\\/buletin.de\\\/bucuresti\\\/#organization\"}},{\"@type\":\"WebPage\",\"@id\":\"https:\\\/\\\/buletin.de\\\/bucuresti\\\/cursa-caritabila-pentru-trei-spitale-din-capitala-salvati-copiii-participa-la-semimaratonul-bucuresti-in-weekendul-9-10-mai\\\/\",\"url\":\"https:\\\/\\\/buletin.de\\\/bucuresti\\\/cursa-caritabila-pentru-trei-spitale-din-capitala-salvati-copiii-participa-la-semimaratonul-bucuresti-in-weekendul-9-10-mai\\\/\",\"name\":\"Curs\u0103 caritabil\u0103 pentru trei spitale din Capital\u0103. Salva\u021bi Copiii particip\u0103 la Semimaratonul Bucure\u0219ti, \u00een weekendul 9-10 mai - Buletin de Bucure\u0219ti\",\"isPartOf\":{\"@id\":\"https:\\\/\\\/buletin.de\\\/bucuresti\\\/#website\"},\"primaryImageOfPage\":{\"@id\":\"https:\\\/\\\/buletin.de\\\/bucuresti\\\/cursa-caritabila-pentru-trei-spitale-din-capitala-salvati-copiii-participa-la-semimaratonul-bucuresti-in-weekendul-9-10-mai\\\/#primaryimage\"},\"image\":{\"@id\":\"https:\\\/\\\/buletin.de\\\/bucuresti\\\/cursa-caritabila-pentru-trei-spitale-din-capitala-salvati-copiii-participa-la-semimaratonul-bucuresti-in-weekendul-9-10-mai\\\/#primaryimage\"},\"thumbnailUrl\":\"https:\\\/\\\/buletin.de\\\/bucuresti\\\/wp-content\\\/uploads\\\/2026\\\/04\\\/WhatsApp-Image-2026-04-30-at-11.51.52.jpeg\",\"datePublished\":\"2026-04-30T11:02:53+00:00\",\"dateModified\":\"2026-04-30T13:47:28+00:00\",\"description\":\"Semimaratonul Bucure\u0219ti va avea loc \u00een weekendul 9 - 10 mai \u0219i cei care vor alerga vor str\u00e2nge fonduri pentru misiuni caritabile.\",\"breadcrumb\":{\"@id\":\"https:\\\/\\\/buletin.de\\\/bucuresti\\\/cursa-caritabila-pentru-trei-spitale-din-capitala-salvati-copiii-participa-la-semimaratonul-bucuresti-in-weekendul-9-10-mai\\\/#breadcrumb\"},\"inLanguage\":\"en-GB\",\"potentialAction\":[{\"@type\":\"ReadAction\",\"target\":[\"https:\\\/\\\/buletin.de\\\/bucuresti\\\/cursa-caritabila-pentru-trei-spitale-din-capitala-salvati-copiii-participa-la-semimaratonul-bucuresti-in-weekendul-9-10-mai\\\/\"]}]},{\"@type\":\"ImageObject\",\"inLanguage\":\"en-GB\",\"@id\":\"https:\\\/\\\/buletin.de\\\/bucuresti\\\/cursa-caritabila-pentru-trei-spitale-din-capitala-salvati-copiii-participa-la-semimaratonul-bucuresti-in-weekendul-9-10-mai\\\/#primaryimage\",\"url\":\"https:\\\/\\\/buletin.de\\\/bucuresti\\\/wp-content\\\/uploads\\\/2026\\\/04\\\/WhatsApp-Image-2026-04-30-at-11.51.52.jpeg\",\"contentUrl\":\"https:\\\/\\\/buletin.de\\\/bucuresti\\\/wp-content\\\/uploads\\\/2026\\\/04\\\/WhatsApp-Image-2026-04-30-at-11.51.52.jpeg\",\"width\":1600,\"height\":1189,\"caption\":\"Curs\u0103 caritabil\u0103 pentru trei spitale din Capital\u0103. Salva\u021bi Copiii particip\u0103 la Semimaratonul Bucure\u0219ti, \u00een weekendul 9-10 mai . FOTO: Salva\u021bi Copiii Rom\u00e2nia\"},{\"@type\":\"BreadcrumbList\",\"@id\":\"https:\\\/\\\/buletin.de\\\/bucuresti\\\/cursa-caritabila-pentru-trei-spitale-din-capitala-salvati-copiii-participa-la-semimaratonul-bucuresti-in-weekendul-9-10-mai\\\/#breadcrumb\",\"itemListElement\":[{\"@type\":\"ListItem\",\"position\":1,\"name\":\"Acas\u0103\",\"item\":\"https:\\\/\\\/buletin.de\\\/bucuresti\\\/\"},{\"@type\":\"ListItem\",\"position\":2,\"name\":\"Curs\u0103 caritabil\u0103 pentru trei spitale din Capital\u0103. Salva\u021bi Copiii particip\u0103 la Semimaratonul Bucure\u0219ti, \u00een weekendul 9-10 mai\"}]},{\"@type\":\"WebSite\",\"@id\":\"https:\\\/\\\/buletin.de\\\/bucuresti\\\/#website\",\"url\":\"https:\\\/\\\/buletin.de\\\/bucuresti\\\/\",\"name\":\"Buletin de Bucure\u0219ti\",\"description\":\"\u0218tiri \u0219i investiga\u021bii esen\u021biale din capital\u0103\",\"publisher\":{\"@id\":\"https:\\\/\\\/buletin.de\\\/bucuresti\\\/#organization\"},\"potentialAction\":[{\"@type\":\"SearchAction\",\"target\":{\"@type\":\"EntryPoint\",\"urlTemplate\":\"https:\\\/\\\/buletin.de\\\/bucuresti\\\/?s={search_term_string}\"},\"query-input\":{\"@type\":\"PropertyValueSpecification\",\"valueRequired\":true,\"valueName\":\"search_term_string\"}}],\"inLanguage\":\"en-GB\"},{\"@type\":\"Organization\",\"@id\":\"https:\\\/\\\/buletin.de\\\/bucuresti\\\/#organization\",\"name\":\"Buletin de Bucure\u0219ti\",\"url\":\"https:\\\/\\\/buletin.de\\\/bucuresti\\\/\",\"logo\":{\"@type\":\"ImageObject\",\"inLanguage\":\"en-GB\",\"@id\":\"https:\\\/\\\/buletin.de\\\/bucuresti\\\/#\\\/schema\\\/logo\\\/image\\\/\",\"url\":\"https:\\\/\\\/buletin.de\\\/bucuresti\\\/wp-content\\\/uploads\\\/logo-bdb-full-wide-vernil-transparent.png\",\"contentUrl\":\"https:\\\/\\\/buletin.de\\\/bucuresti\\\/wp-content\\\/uploads\\\/logo-bdb-full-wide-vernil-transparent.png\",\"width\":1782,\"height\":626,\"caption\":\"Buletin de Bucure\u0219ti\"},\"image\":{\"@id\":\"https:\\\/\\\/buletin.de\\\/bucuresti\\\/#\\\/schema\\\/logo\\\/image\\\/\"},\"sameAs\":[\"https:\\\/\\\/www.facebook.com\\\/buletin.de.buc\",\"https:\\\/\\\/www.instagram.com\\\/buletinde.bucuresti\\\/\"]},{\"@type\":\"Person\",\"@id\":\"https:\\\/\\\/buletin.de\\\/bucuresti\\\/#\\\/schema\\\/person\\\/8badd0805392c02e16b744e0d5cd3625\",\"name\":\"Deniz Garguli\",\"image\":{\"@type\":\"ImageObject\",\"inLanguage\":\"en-GB\",\"@id\":\"https:\\\/\\\/buletin.de\\\/bucuresti\\\/wp-content\\\/uploads\\\/2026\\\/01\\\/79b44b20-a270-4ee6-afb3-fdf3c7ef7782-96x96.jpege2491ce6d396dbf7c1362e9ef046c803\",\"url\":\"https:\\\/\\\/buletin.de\\\/bucuresti\\\/wp-content\\\/uploads\\\/2026\\\/01\\\/79b44b20-a270-4ee6-afb3-fdf3c7ef7782-96x96.jpeg\",\"contentUrl\":\"https:\\\/\\\/buletin.de\\\/bucuresti\\\/wp-content\\\/uploads\\\/2026\\\/01\\\/79b44b20-a270-4ee6-afb3-fdf3c7ef7782-96x96.jpeg\",\"caption\":\"Deniz Garguli\"},\"description\":\"N\u0103scut\u0103 \u0219i crescut\u0103 \u00een Capital\u0103, dorin\u021ba de a fi la curent cu tot ce se \u00eent\u00e2mpl\u0103 \u00een Bucure\u0219ti a \u00eempins-o c\u0103tre pres\u0103, mai cu seam\u0103 c\u0103tre cea local\u0103. A lucrat vreme de patru ani la B365, unde s-a ocupat de \u0219tiri despre ora\u0219 \u0219i oamenii care locuiesc \u00een el. Din 2026 s-a al\u0103turat echipei Buletin de Bucure\u0219ti.\",\"url\":\"https:\\\/\\\/buletin.de\\\/bucuresti\\\/author\\\/deniz-garguli\\\/\"}]}<\/script>\n<!-- \/ Yoast SEO Premium plugin. -->","yoast_head_json":{"title":"Curs\u0103 caritabil\u0103 pentru trei spitale din Capital\u0103. Salva\u021bi Copiii particip\u0103 la Semimaratonul Bucure\u0219ti, \u00een weekendul 9-10 mai - Buletin de Bucure\u0219ti","description":"Semimaratonul Bucure\u0219ti va avea loc \u00een weekendul 9 - 10 mai \u0219i cei care vor alerga vor str\u00e2nge fonduri pentru misiuni caritabile.","robots":{"index":"index","follow":"follow","max-snippet":"max-snippet:-1","max-image-preview":"max-image-preview:large","max-video-preview":"max-video-preview:-1"},"canonical":"https:\/\/buletin.de\/bucuresti\/cursa-caritabila-pentru-trei-spitale-din-capitala-salvati-copiii-participa-la-semimaratonul-bucuresti-in-weekendul-9-10-mai\/","og_locale":"en_GB","og_type":"article","og_title":"Curs\u0103 caritabil\u0103 pentru trei spitale din Capital\u0103. Salva\u021bi Copiii particip\u0103 la Semimaratonul Bucure\u0219ti, \u00een weekendul 9-10 mai","og_description":"Semimaratonul Bucure\u0219ti va avea loc \u00een weekendul 9 - 10 mai \u0219i cei care vor alerga vor str\u00e2nge fonduri pentru misiuni caritabile.","og_url":"https:\/\/buletin.de\/bucuresti\/cursa-caritabila-pentru-trei-spitale-din-capitala-salvati-copiii-participa-la-semimaratonul-bucuresti-in-weekendul-9-10-mai\/","og_site_name":"Buletin de Bucure\u0219ti","article_publisher":"https:\/\/www.facebook.com\/buletin.de.buc","article_published_time":"2026-04-30T11:02:53+00:00","article_modified_time":"2026-04-30T13:47:28+00:00","og_image":[{"width":1600,"height":1189,"url":"https:\/\/buletin.de\/bucuresti\/wp-content\/uploads\/2026\/04\/WhatsApp-Image-2026-04-30-at-11.51.52.jpeg","type":"image\/jpeg"}],"author":"Deniz Garguli","twitter_card":"summary_large_image","twitter_misc":{"Written by":"Deniz Garguli","Estimated reading time":"3 minutes"},"schema":{"@context":"https:\/\/schema.org","@graph":[{"@type":"Article","@id":"https:\/\/buletin.de\/bucuresti\/cursa-caritabila-pentru-trei-spitale-din-capitala-salvati-copiii-participa-la-semimaratonul-bucuresti-in-weekendul-9-10-mai\/#article","isPartOf":{"@id":"https:\/\/buletin.de\/bucuresti\/cursa-caritabila-pentru-trei-spitale-din-capitala-salvati-copiii-participa-la-semimaratonul-bucuresti-in-weekendul-9-10-mai\/"},"author":{"name":"Deniz Garguli","@id":"https:\/\/buletin.de\/bucuresti\/#\/schema\/person\/8badd0805392c02e16b744e0d5cd3625"},"headline":"Curs\u0103 caritabil\u0103 pentru trei spitale din Capital\u0103. Salva\u021bi Copiii particip\u0103 la Semimaratonul Bucure\u0219ti, \u00een weekendul 9-10 mai","datePublished":"2026-04-30T11:02:53+00:00","dateModified":"2026-04-30T13:47:28+00:00","mainEntityOfPage":{"@id":"https:\/\/buletin.de\/bucuresti\/cursa-caritabila-pentru-trei-spitale-din-capitala-salvati-copiii-participa-la-semimaratonul-bucuresti-in-weekendul-9-10-mai\/"},"wordCount":572,"publisher":{"@id":"https:\/\/buletin.de\/bucuresti\/#organization"},"image":{"@id":"https:\/\/buletin.de\/bucuresti\/cursa-caritabila-pentru-trei-spitale-din-capitala-salvati-copiii-participa-la-semimaratonul-bucuresti-in-weekendul-9-10-mai\/#primaryimage"},"thumbnailUrl":"https:\/\/buletin.de\/bucuresti\/wp-content\/uploads\/2026\/04\/WhatsApp-Image-2026-04-30-at-11.51.52.jpeg","keywords":["aparatur\u0103 spitalei","Bucharest Half Marathon","Salva\u021bi Copiii","Semimaratorul Bucure\u0219ti"],"articleSection":["Articole","S\u0103n\u0103tate","\u0218tiri"],"inLanguage":"en-GB","copyrightYear":"2026","copyrightHolder":{"@id":"https:\/\/buletin.de\/bucuresti\/#organization"}},{"@type":"WebPage","@id":"https:\/\/buletin.de\/bucuresti\/cursa-caritabila-pentru-trei-spitale-din-capitala-salvati-copiii-participa-la-semimaratonul-bucuresti-in-weekendul-9-10-mai\/","url":"https:\/\/buletin.de\/bucuresti\/cursa-caritabila-pentru-trei-spitale-din-capitala-salvati-copiii-participa-la-semimaratonul-bucuresti-in-weekendul-9-10-mai\/","name":"Curs\u0103 caritabil\u0103 pentru trei spitale din Capital\u0103. Salva\u021bi Copiii particip\u0103 la Semimaratonul Bucure\u0219ti, \u00een weekendul 9-10 mai - Buletin de Bucure\u0219ti","isPartOf":{"@id":"https:\/\/buletin.de\/bucuresti\/#website"},"primaryImageOfPage":{"@id":"https:\/\/buletin.de\/bucuresti\/cursa-caritabila-pentru-trei-spitale-din-capitala-salvati-copiii-participa-la-semimaratonul-bucuresti-in-weekendul-9-10-mai\/#primaryimage"},"image":{"@id":"https:\/\/buletin.de\/bucuresti\/cursa-caritabila-pentru-trei-spitale-din-capitala-salvati-copiii-participa-la-semimaratonul-bucuresti-in-weekendul-9-10-mai\/#primaryimage"},"thumbnailUrl":"https:\/\/buletin.de\/bucuresti\/wp-content\/uploads\/2026\/04\/WhatsApp-Image-2026-04-30-at-11.51.52.jpeg","datePublished":"2026-04-30T11:02:53+00:00","dateModified":"2026-04-30T13:47:28+00:00","description":"Semimaratonul Bucure\u0219ti va avea loc \u00een weekendul 9 - 10 mai \u0219i cei care vor alerga vor str\u00e2nge fonduri pentru misiuni caritabile.","breadcrumb":{"@id":"https:\/\/buletin.de\/bucuresti\/cursa-caritabila-pentru-trei-spitale-din-capitala-salvati-copiii-participa-la-semimaratonul-bucuresti-in-weekendul-9-10-mai\/#breadcrumb"},"inLanguage":"en-GB","potentialAction":[{"@type":"ReadAction","target":["https:\/\/buletin.de\/bucuresti\/cursa-caritabila-pentru-trei-spitale-din-capitala-salvati-copiii-participa-la-semimaratonul-bucuresti-in-weekendul-9-10-mai\/"]}]},{"@type":"ImageObject","inLanguage":"en-GB","@id":"https:\/\/buletin.de\/bucuresti\/cursa-caritabila-pentru-trei-spitale-din-capitala-salvati-copiii-participa-la-semimaratonul-bucuresti-in-weekendul-9-10-mai\/#primaryimage","url":"https:\/\/buletin.de\/bucuresti\/wp-content\/uploads\/2026\/04\/WhatsApp-Image-2026-04-30-at-11.51.52.jpeg","contentUrl":"https:\/\/buletin.de\/bucuresti\/wp-content\/uploads\/2026\/04\/WhatsApp-Image-2026-04-30-at-11.51.52.jpeg","width":1600,"height":1189,"caption":"Curs\u0103 caritabil\u0103 pentru trei spitale din Capital\u0103. Salva\u021bi Copiii particip\u0103 la Semimaratonul Bucure\u0219ti, \u00een weekendul 9-10 mai . FOTO: Salva\u021bi Copiii Rom\u00e2nia"},{"@type":"BreadcrumbList","@id":"https:\/\/buletin.de\/bucuresti\/cursa-caritabila-pentru-trei-spitale-din-capitala-salvati-copiii-participa-la-semimaratonul-bucuresti-in-weekendul-9-10-mai\/#breadcrumb","itemListElement":[{"@type":"ListItem","position":1,"name":"Acas\u0103","item":"https:\/\/buletin.de\/bucuresti\/"},{"@type":"ListItem","position":2,"name":"Curs\u0103 caritabil\u0103 pentru trei spitale din Capital\u0103. Salva\u021bi Copiii particip\u0103 la Semimaratonul Bucure\u0219ti, \u00een weekendul 9-10 mai"}]},{"@type":"WebSite","@id":"https:\/\/buletin.de\/bucuresti\/#website","url":"https:\/\/buletin.de\/bucuresti\/","name":"Buletin de Bucure\u0219ti","description":"\u0218tiri \u0219i investiga\u021bii esen\u021biale din capital\u0103","publisher":{"@id":"https:\/\/buletin.de\/bucuresti\/#organization"},"potentialAction":[{"@type":"SearchAction","target":{"@type":"EntryPoint","urlTemplate":"https:\/\/buletin.de\/bucuresti\/?s={search_term_string}"},"query-input":{"@type":"PropertyValueSpecification","valueRequired":true,"valueName":"search_term_string"}}],"inLanguage":"en-GB"},{"@type":"Organization","@id":"https:\/\/buletin.de\/bucuresti\/#organization","name":"Buletin de Bucure\u0219ti","url":"https:\/\/buletin.de\/bucuresti\/","logo":{"@type":"ImageObject","inLanguage":"en-GB","@id":"https:\/\/buletin.de\/bucuresti\/#\/schema\/logo\/image\/","url":"https:\/\/buletin.de\/bucuresti\/wp-content\/uploads\/logo-bdb-full-wide-vernil-transparent.png","contentUrl":"https:\/\/buletin.de\/bucuresti\/wp-content\/uploads\/logo-bdb-full-wide-vernil-transparent.png","width":1782,"height":626,"caption":"Buletin de Bucure\u0219ti"},"image":{"@id":"https:\/\/buletin.de\/bucuresti\/#\/schema\/logo\/image\/"},"sameAs":["https:\/\/www.facebook.com\/buletin.de.buc","https:\/\/www.instagram.com\/buletinde.bucuresti\/"]},{"@type":"Person","@id":"https:\/\/buletin.de\/bucuresti\/#\/schema\/person\/8badd0805392c02e16b744e0d5cd3625","name":"Deniz Garguli","image":{"@type":"ImageObject","inLanguage":"en-GB","@id":"https:\/\/buletin.de\/bucuresti\/wp-content\/uploads\/2026\/01\/79b44b20-a270-4ee6-afb3-fdf3c7ef7782-96x96.jpege2491ce6d396dbf7c1362e9ef046c803","url":"https:\/\/buletin.de\/bucuresti\/wp-content\/uploads\/2026\/01\/79b44b20-a270-4ee6-afb3-fdf3c7ef7782-96x96.jpeg","contentUrl":"https:\/\/buletin.de\/bucuresti\/wp-content\/uploads\/2026\/01\/79b44b20-a270-4ee6-afb3-fdf3c7ef7782-96x96.jpeg","caption":"Deniz Garguli"},"description":"N\u0103scut\u0103 \u0219i crescut\u0103 \u00een Capital\u0103, dorin\u021ba de a fi la curent cu tot ce se \u00eent\u00e2mpl\u0103 \u00een Bucure\u0219ti a \u00eempins-o c\u0103tre pres\u0103, mai cu seam\u0103 c\u0103tre cea local\u0103. A lucrat vreme de patru ani la B365, unde s-a ocupat de \u0219tiri despre ora\u0219 \u0219i oamenii care locuiesc \u00een el. Din 2026 s-a al\u0103turat echipei Buletin de Bucure\u0219ti.","url":"https:\/\/buletin.de\/bucuresti\/author\/deniz-garguli\/"}]}},"authors":[{"term_id":26103,"user_id":66,"is_guest":0,"slug":"deniz-garguli","display_name":"Deniz Garguli","avatar_url":"https:\/\/buletin.de\/bucuresti\/wp-content\/uploads\/2026\/01\/79b44b20-a270-4ee6-afb3-fdf3c7ef7782-96x96.jpeg","0":null,"1":"","2":"","3":"","4":"","5":"","6":"","7":"","8":""}],"_links":{"self":[{"href":"https:\/\/buletin.de\/bucuresti\/wp-json\/wp\/v2\/posts\/190255","targetHints":{"allow":["GET"]}}],"collection":[{"href":"https:\/\/buletin.de\/bucuresti\/wp-json\/wp\/v2\/posts"}],"about":[{"href":"https:\/\/buletin.de\/bucuresti\/wp-json\/wp\/v2\/types\/post"}],"author":[{"embeddable":true,"href":"https:\/\/buletin.de\/bucuresti\/wp-json\/wp\/v2\/users\/66"}],"replies":[{"embeddable":true,"href":"https:\/\/buletin.de\/bucuresti\/wp-json\/wp\/v2\/comments?post=190255"}],"version-history":[{"count":4,"href":"https:\/\/buletin.de\/bucuresti\/wp-json\/wp\/v2\/posts\/190255\/revisions"}],"predecessor-version":[{"id":190381,"href":"https:\/\/buletin.de\/bucuresti\/wp-json\/wp\/v2\/posts\/190255\/revisions\/190381"}],"wp:featuredmedia":[{"embeddable":true,"href":"https:\/\/buletin.de\/bucuresti\/wp-json\/wp\/v2\/media\/190289"}],"wp:attachment":[{"href":"https:\/\/buletin.de\/bucuresti\/wp-json\/wp\/v2\/media?parent=190255"}],"wp:term":[{"taxonomy":"category","embeddable":true,"href":"https:\/\/buletin.de\/bucuresti\/wp-json\/wp\/v2\/categories?post=190255"},{"taxonomy":"post_tag","embeddable":true,"href":"https:\/\/buletin.de\/bucuresti\/wp-json\/wp\/v2\/tags?post=190255"},{"taxonomy":"author","embeddable":true,"href":"https:\/\/buletin.de\/bucuresti\/wp-json\/wp\/v2\/ppma_author?post=190255"}],"curies":[{"name":"wp","href":"https:\/\/api.w.org\/{rel}","templated":true}]}}