{"id":190234,"date":"2026-04-30T12:40:13","date_gmt":"2026-04-30T09:40:13","guid":{"rendered":"https:\/\/buletin.de\/bucuresti\/?p=190234"},"modified":"2026-04-30T16:39:11","modified_gmt":"2026-04-30T13:39:11","slug":"o-parcare-long-term-cu-aproape-800-de-locuri-va-fi-construita-la-aeroportul-otopeni","status":"publish","type":"post","link":"https:\/\/buletin.de\/bucuresti\/o-parcare-long-term-cu-aproape-800-de-locuri-va-fi-construita-la-aeroportul-otopeni\/","title":{"rendered":"VIDEO | Noua parcare \u201eLong Term\u201d de la Aeroportul Otopeni va avea aproape 800 de locuri"},"content":{"rendered":"\n<p><strong>Noua parcare \u201eLong Term\u201d de la Aeroportul Interna\u021bional \u201eHenri Coand\u0103\u201d (Otopeni), care va func\u021biona peste cel pu\u021bin doi ani,  va avea 795 de locuri, a anun\u021bat Compania Na\u021bional\u0103 Aeroporturi Bucure\u0219ti (<a href=\"https:\/\/www.facebook.com\/reel\/2843252802677658\" type=\"link\" id=\"https:\/\/www.facebook.com\/reel\/2843252802677658\" target=\"_blank\" rel=\"noreferrer noopener\">CNAB<\/a>).<\/strong><\/p>\n\n\n\n<p>Compania a anun\u021bat lansarea licita\u021biei pentru realizarea noii parc\u0103ri. Parcarea va fi supraetajat\u0103 \u0219i va avea 4 niveluri, iar sutele de locuri vor fi destinate sta\u021bion\u0103rii pe termen lung. <\/p>\n\n\n\n<p><strong>Noua infrastructur\u0103 va fi amplasat\u0103 pe terenul aeroportului, \u00een apropierea sta\u021biei CFR \u201eAeroport Henri Coand\u0103\u201d, cu ie\u0219iri directe la drumul spre DN1.<\/strong><\/p>\n\n\n\n<p><strong>CITE\u0218TE \u0218I <a href=\"https:\/\/buletin.de\/bucuresti\/parcarea-de-la-sosiri-de-la-aeroportul-otopeni-a-intrat-in-proces-de-modernizare-vor-fi-inchise-400-de-locuri-de-parcare\/\" target=\"_blank\" rel=\"noreferrer noopener\">Parcarea de la Sosiri, de la Aeroportul Otopeni, a intrat \u00een proces de modernizare. Vor fi \u00eenchise 400 de locuri de parcare<\/a><\/strong><\/p>\n\n\n\n<h2 class=\"wp-block-heading\" id=\"h-cum-va-arata-noua-parcare-long-term-de-la-aeroportul-otopeni\">Cum va ar\u0103ta noua parcare \u201eLong Term\u201d de la Aeroportul Otopeni<\/h2>\n\n\n\n<p><strong>Accesul pasagerilor spre parcare se va realiza prin re\u021beaua de drumuri interioare ale aeroportului, iar terenul se afl\u0103 \u00een apropiere de sensul giratoriu \u201eSud\u201d.<\/strong><\/p>\n\n\n\n<p>Vor fi p\u0103strate integral at\u00e2t construc\u021biile existente pe teren, \u00een suprafa\u021b\u0103 total\u0103 construit\u0103 la sol de 535.00 metri p\u0103tra\u021bi, c\u00e2t \u0219i sistemul rutier \u0219i pietonal de acces c\u0103tre cl\u0103direa Tarom Training Center.<\/p>\n\n\n\n<p>Pentru a reduce timpul de execu\u021bie a lucr\u0103rilor, CNAB poate solicita ca execu\u021bia anumitor categorii de lucr\u0103ri s\u0103 se deruleze \u00een regim de 24 de ore. De asemenea, constructorul trebuie s\u0103 aib\u0103 \u00een vedere un program de lucru inclusiv pe timp de noapte \u0219i \u00een zilele de s\u00e2mb\u0103t\u0103, duminic\u0103 \u0219i s\u0103rb\u0103tori legale. <\/p>\n\n\n\n<figure class=\"wp-block-gallery has-nested-images columns-default is-cropped wp-block-gallery-1 is-layout-flex wp-block-gallery-is-layout-flex\">\n<figure class=\"wp-block-image size-large\"><img fetchpriority=\"high\" decoding=\"async\" width=\"1000\" height=\"563\" data-id=\"190242\" src=\"data:image\/gif;base64,R0lGODlhAQABAAAAACH5BAEKAAEALAAAAAABAAEAAAICTAEAOw==\" data-src=\"https:\/\/buletin.de\/bucuresti\/wp-content\/uploads\/2026\/04\/WhatsApp-Image-2026-04-30-at-11.46.17-1-1000x563.jpeg\" alt=\"parcare \u201eLong Term\u201d de la Aeroportul Otopeni\" class=\"wp-image-190242 lazyload\" data-sizes=\"auto\" data-srcset=\"https:\/\/buletin.de\/bucuresti\/wp-content\/uploads\/2026\/04\/WhatsApp-Image-2026-04-30-at-11.46.17-1-1000x563.jpeg 1000w, https:\/\/buletin.de\/bucuresti\/wp-content\/uploads\/2026\/04\/WhatsApp-Image-2026-04-30-at-11.46.17-1-300x169.jpeg 300w, https:\/\/buletin.de\/bucuresti\/wp-content\/uploads\/2026\/04\/WhatsApp-Image-2026-04-30-at-11.46.17-1-768x432.jpeg 768w, https:\/\/buletin.de\/bucuresti\/wp-content\/uploads\/2026\/04\/WhatsApp-Image-2026-04-30-at-11.46.17-1-1536x864.jpeg 1536w, https:\/\/buletin.de\/bucuresti\/wp-content\/uploads\/2026\/04\/WhatsApp-Image-2026-04-30-at-11.46.17-1-1100x619.jpeg 1100w, https:\/\/buletin.de\/bucuresti\/wp-content\/uploads\/2026\/04\/WhatsApp-Image-2026-04-30-at-11.46.17-1-600x338.jpeg 600w, https:\/\/buletin.de\/bucuresti\/wp-content\/uploads\/2026\/04\/WhatsApp-Image-2026-04-30-at-11.46.17-1-20x11.jpeg 20w, https:\/\/buletin.de\/bucuresti\/wp-content\/uploads\/2026\/04\/WhatsApp-Image-2026-04-30-at-11.46.17-1.jpeg 1600w\" sizes=\"(max-width: 1000px) 100vw, 1000px\" \/><\/figure>\n\n\n\n<figure class=\"wp-block-image size-large\"><img decoding=\"async\" width=\"1000\" height=\"563\" data-id=\"190243\" src=\"data:image\/gif;base64,R0lGODlhAQABAAAAACH5BAEKAAEALAAAAAABAAEAAAICTAEAOw==\" data-src=\"https:\/\/buletin.de\/bucuresti\/wp-content\/uploads\/2026\/04\/WhatsApp-Image-2026-04-30-at-11.46.17-1000x563.jpeg\" alt=\"\" class=\"wp-image-190243 lazyload\" data-sizes=\"auto\" data-srcset=\"https:\/\/buletin.de\/bucuresti\/wp-content\/uploads\/2026\/04\/WhatsApp-Image-2026-04-30-at-11.46.17-1000x563.jpeg 1000w, https:\/\/buletin.de\/bucuresti\/wp-content\/uploads\/2026\/04\/WhatsApp-Image-2026-04-30-at-11.46.17-300x169.jpeg 300w, https:\/\/buletin.de\/bucuresti\/wp-content\/uploads\/2026\/04\/WhatsApp-Image-2026-04-30-at-11.46.17-768x432.jpeg 768w, https:\/\/buletin.de\/bucuresti\/wp-content\/uploads\/2026\/04\/WhatsApp-Image-2026-04-30-at-11.46.17-1536x864.jpeg 1536w, https:\/\/buletin.de\/bucuresti\/wp-content\/uploads\/2026\/04\/WhatsApp-Image-2026-04-30-at-11.46.17-1100x619.jpeg 1100w, https:\/\/buletin.de\/bucuresti\/wp-content\/uploads\/2026\/04\/WhatsApp-Image-2026-04-30-at-11.46.17-600x338.jpeg 600w, https:\/\/buletin.de\/bucuresti\/wp-content\/uploads\/2026\/04\/WhatsApp-Image-2026-04-30-at-11.46.17-20x11.jpeg 20w, https:\/\/buletin.de\/bucuresti\/wp-content\/uploads\/2026\/04\/WhatsApp-Image-2026-04-30-at-11.46.17.jpeg 1600w\" sizes=\"(max-width: 1000px) 100vw, 1000px\" \/><\/figure>\n\n\n\n<figure class=\"wp-block-image size-large\"><img decoding=\"async\" width=\"1000\" height=\"563\" data-id=\"190244\" src=\"data:image\/gif;base64,R0lGODlhAQABAAAAACH5BAEKAAEALAAAAAABAAEAAAICTAEAOw==\" data-src=\"https:\/\/buletin.de\/bucuresti\/wp-content\/uploads\/2026\/04\/WhatsApp-Image-2026-04-30-at-11.46.16-1-1000x563.jpeg\" alt=\"parcare \u201eLong Term\u201d de la Aeroportul Otopeni\" class=\"wp-image-190244 lazyload\" data-sizes=\"auto\" data-srcset=\"https:\/\/buletin.de\/bucuresti\/wp-content\/uploads\/2026\/04\/WhatsApp-Image-2026-04-30-at-11.46.16-1-1000x563.jpeg 1000w, https:\/\/buletin.de\/bucuresti\/wp-content\/uploads\/2026\/04\/WhatsApp-Image-2026-04-30-at-11.46.16-1-300x169.jpeg 300w, https:\/\/buletin.de\/bucuresti\/wp-content\/uploads\/2026\/04\/WhatsApp-Image-2026-04-30-at-11.46.16-1-768x432.jpeg 768w, https:\/\/buletin.de\/bucuresti\/wp-content\/uploads\/2026\/04\/WhatsApp-Image-2026-04-30-at-11.46.16-1-1536x864.jpeg 1536w, https:\/\/buletin.de\/bucuresti\/wp-content\/uploads\/2026\/04\/WhatsApp-Image-2026-04-30-at-11.46.16-1-1100x619.jpeg 1100w, https:\/\/buletin.de\/bucuresti\/wp-content\/uploads\/2026\/04\/WhatsApp-Image-2026-04-30-at-11.46.16-1-600x338.jpeg 600w, https:\/\/buletin.de\/bucuresti\/wp-content\/uploads\/2026\/04\/WhatsApp-Image-2026-04-30-at-11.46.16-1-20x11.jpeg 20w, https:\/\/buletin.de\/bucuresti\/wp-content\/uploads\/2026\/04\/WhatsApp-Image-2026-04-30-at-11.46.16-1.jpeg 1600w\" sizes=\"(max-width: 1000px) 100vw, 1000px\" \/><\/figure>\n\n\n\n<figure class=\"wp-block-image size-large\"><img loading=\"lazy\" decoding=\"async\" width=\"1000\" height=\"563\" data-id=\"190241\" src=\"data:image\/gif;base64,R0lGODlhAQABAAAAACH5BAEKAAEALAAAAAABAAEAAAICTAEAOw==\" data-src=\"https:\/\/buletin.de\/bucuresti\/wp-content\/uploads\/2026\/04\/WhatsApp-Image-2026-04-30-at-11.46.16-1000x563.jpeg\" alt=\"parcare \u201eLong Term\u201d de la Aeroportul Otopeni\" class=\"wp-image-190241 lazyload\" data-sizes=\"auto\" data-srcset=\"https:\/\/buletin.de\/bucuresti\/wp-content\/uploads\/2026\/04\/WhatsApp-Image-2026-04-30-at-11.46.16-1000x563.jpeg 1000w, https:\/\/buletin.de\/bucuresti\/wp-content\/uploads\/2026\/04\/WhatsApp-Image-2026-04-30-at-11.46.16-300x169.jpeg 300w, https:\/\/buletin.de\/bucuresti\/wp-content\/uploads\/2026\/04\/WhatsApp-Image-2026-04-30-at-11.46.16-768x432.jpeg 768w, https:\/\/buletin.de\/bucuresti\/wp-content\/uploads\/2026\/04\/WhatsApp-Image-2026-04-30-at-11.46.16-1536x864.jpeg 1536w, https:\/\/buletin.de\/bucuresti\/wp-content\/uploads\/2026\/04\/WhatsApp-Image-2026-04-30-at-11.46.16-1100x619.jpeg 1100w, https:\/\/buletin.de\/bucuresti\/wp-content\/uploads\/2026\/04\/WhatsApp-Image-2026-04-30-at-11.46.16-600x338.jpeg 600w, https:\/\/buletin.de\/bucuresti\/wp-content\/uploads\/2026\/04\/WhatsApp-Image-2026-04-30-at-11.46.16-20x11.jpeg 20w, https:\/\/buletin.de\/bucuresti\/wp-content\/uploads\/2026\/04\/WhatsApp-Image-2026-04-30-at-11.46.16.jpeg 1600w\" sizes=\"(max-width: 1000px) 100vw, 1000px\" \/><\/figure>\n<figcaption class=\"blocks-gallery-caption wp-element-caption\">Foto: CNAB<\/figcaption><\/figure>\n\n\n\n<p><strong>Parcarea va fi realizat\u0103 \u00een termen de maximum doi ani de la emiterea ordinului de \u00eencepere a lucr\u0103rilor. Valoarea estimat\u0103 a lucr\u0103rilor este de <mark style=\"background-color:rgba(0, 0, 0, 0)\" class=\"has-inline-color has-vivid-red-color\">62,6 milioane de lei<\/mark>. <\/strong><\/p>\n\n\n\n<p>Proiectul face parte din programul de modernizare a Aeroportului \u201eHenri Coand\u0103\u201d. Termenul limit\u0103 pentru depunerea ofertelor este data de <strong>10 iunie 2026. <\/strong><\/p>\n\n\n\n<figure class=\"wp-block-video\"><video height=\"1080\" style=\"aspect-ratio: 1920 \/ 1080;\" width=\"1920\" controls src=\"https:\/\/buletin.de\/bucuresti\/wp-content\/uploads\/2026\/04\/VID-20260430-WA0011-1-1.mp4\"><\/video><figcaption class=\"wp-element-caption\">Video: CNAB<\/figcaption><\/figure>\n\n\n\n<p><strong>\u00cen acela\u0219i timp, CNAB a ini\u021biat \u0219i demersurile pentru construirea altor <a href=\"https:\/\/buletin.de\/bucuresti\/parcarea-de-la-terminalul-sosiri-de-pe-aeroportul-otopeni-va-fi-consolidata-pentru-reducerea-riscului-seismic\/\" type=\"link\" id=\"https:\/\/buletin.de\/bucuresti\/parcarea-de-la-terminalul-sosiri-de-pe-aeroportul-otopeni-va-fi-consolidata-pentru-reducerea-riscului-seismic\/\" target=\"_blank\" rel=\"noreferrer noopener\">parc\u0103ri<\/a> \u00een proximitatea aeroportului, dar \u0219i pentru modernizarea parc\u0103rii etajate \u201eSosiri\u201d. <\/strong><\/p>\n\n\n\n<p>CITE\u0218TE \u0218I <a href=\"https:\/\/buletin.de\/bucuresti\/statie-noua-exclusiv-pentru-debarcare-la-bd-lacul-tei-pentru-linia-243\/\" target=\"_blank\" rel=\"noreferrer noopener\">Sta\u021bie nou\u0103, exclusiv pentru debarcare, la Bd. Lacul Tei, pentru linia 243<\/a><\/p>\n","protected":false},"excerpt":{"rendered":"<p>Noua parcare \u201eLong Term\u201d de la Aeroportul Interna\u021bional \u201eHenri Coand\u0103\u201d (Otopeni), care va func\u021biona peste cel pu\u021bin doi ani, va avea 795 de locuri, a anun\u021bat Compania Na\u021bional\u0103 Aeroporturi Bucure\u0219ti (CNAB). Compania a anun\u021bat lansarea licita\u021biei pentru realizarea noii parc\u0103ri. Parcarea va fi supraetajat\u0103 \u0219i va avea 4 niveluri, iar sutele de locuri vor fi [&hellip;]<\/p>\n","protected":false},"author":65,"featured_media":190250,"comment_status":"closed","ping_status":"open","sticky":false,"template":"","format":"standard","meta":{"_acf_changed":false,"inline_featured_image":false,"ngg_post_thumbnail":0,"footnotes":""},"categories":[6994,62,650],"tags":[10364,2881,2964,6004,2135,21181],"ppma_author":[23912],"class_list":["post-190234","post","type-post","status-publish","format-standard","has-post-thumbnail","hentry","category-stiri-2","category-stiri","category-transport","tag-aeroport-henri-coanda","tag-aeroport-otopeni","tag-cnab","tag-compania-nationala-aeroporturi-bucuresti","tag-parcare","tag-parcare-noua"],"acf":[],"yoast_head":"<!-- This site is optimized with the Yoast SEO Premium plugin v25.3 (Yoast SEO v27.5) - https:\/\/yoast.com\/product\/yoast-seo-premium-wordpress\/ -->\n<title>VIDEO | Noua parcare \u201eLong Term\u201d de la Aeroportul Otopeni va avea aproape 800 de locuri - Buletin de Bucure\u0219ti<\/title>\n<meta name=\"description\" content=\"O nou\u0103 parcare de tip \u201eLong Term\u201d va fi realizat\u0103 la Aeroportul Interna\u021bional \u201eHenri Coand\u0103\u201d (Otopeni) \u0219i va avea 795 de locuri, anun\u021b\u0103 CNAB.\" \/>\n<meta name=\"robots\" content=\"index, follow, max-snippet:-1, max-image-preview:large, max-video-preview:-1\" \/>\n<link rel=\"canonical\" href=\"https:\/\/buletin.de\/bucuresti\/o-parcare-long-term-cu-aproape-800-de-locuri-va-fi-construita-la-aeroportul-otopeni\/\" \/>\n<meta property=\"og:locale\" content=\"en_GB\" \/>\n<meta property=\"og:type\" content=\"article\" \/>\n<meta property=\"og:title\" content=\"VIDEO | Noua parcare \u201eLong Term\u201d de la Aeroportul Otopeni va avea aproape 800 de locuri\" \/>\n<meta property=\"og:description\" content=\"O nou\u0103 parcare de tip \u201eLong Term\u201d va fi realizat\u0103 la Aeroportul Interna\u021bional \u201eHenri Coand\u0103\u201d (Otopeni) \u0219i va avea 795 de locuri, anun\u021b\u0103 CNAB.\" \/>\n<meta property=\"og:url\" content=\"https:\/\/buletin.de\/bucuresti\/o-parcare-long-term-cu-aproape-800-de-locuri-va-fi-construita-la-aeroportul-otopeni\/\" \/>\n<meta property=\"og:site_name\" content=\"Buletin de Bucure\u0219ti\" \/>\n<meta property=\"article:publisher\" content=\"https:\/\/www.facebook.com\/buletin.de.buc\" \/>\n<meta property=\"article:published_time\" content=\"2026-04-30T09:40:13+00:00\" \/>\n<meta property=\"article:modified_time\" content=\"2026-04-30T13:39:11+00:00\" \/>\n<meta property=\"og:image\" content=\"https:\/\/buletin.de\/bucuresti\/wp-content\/uploads\/2026\/04\/WhatsApp-Image-2026-04-30-at-11.46.17-2.jpeg\" \/>\n\t<meta property=\"og:image:width\" content=\"1600\" \/>\n\t<meta property=\"og:image:height\" content=\"900\" \/>\n\t<meta property=\"og:image:type\" content=\"image\/jpeg\" \/>\n<meta name=\"author\" content=\"Andreea St\u0103n\u0103r\u00eeng\u0103\" \/>\n<meta name=\"twitter:card\" content=\"summary_large_image\" \/>\n<meta name=\"twitter:label1\" content=\"Written by\" \/>\n\t<meta name=\"twitter:data1\" content=\"Andreea St\u0103n\u0103r\u00eeng\u0103\" \/>\n\t<meta name=\"twitter:label2\" content=\"Estimated reading time\" \/>\n\t<meta name=\"twitter:data2\" content=\"3 minutes\" \/>\n<script type=\"application\/ld+json\" class=\"yoast-schema-graph\">{\"@context\":\"https:\\\/\\\/schema.org\",\"@graph\":[{\"@type\":\"Article\",\"@id\":\"https:\\\/\\\/buletin.de\\\/bucuresti\\\/o-parcare-long-term-cu-aproape-800-de-locuri-va-fi-construita-la-aeroportul-otopeni\\\/#article\",\"isPartOf\":{\"@id\":\"https:\\\/\\\/buletin.de\\\/bucuresti\\\/o-parcare-long-term-cu-aproape-800-de-locuri-va-fi-construita-la-aeroportul-otopeni\\\/\"},\"author\":{\"name\":\"Andreea St\u0103n\u0103r\u00eeng\u0103\",\"@id\":\"https:\\\/\\\/buletin.de\\\/bucuresti\\\/#\\\/schema\\\/person\\\/81421a46fb84a0887cfd2238f5202586\"},\"headline\":\"VIDEO | Noua parcare \u201eLong Term\u201d de la Aeroportul Otopeni va avea aproape 800 de locuri\",\"datePublished\":\"2026-04-30T09:40:13+00:00\",\"dateModified\":\"2026-04-30T13:39:11+00:00\",\"mainEntityOfPage\":{\"@id\":\"https:\\\/\\\/buletin.de\\\/bucuresti\\\/o-parcare-long-term-cu-aproape-800-de-locuri-va-fi-construita-la-aeroportul-otopeni\\\/\"},\"wordCount\":360,\"publisher\":{\"@id\":\"https:\\\/\\\/buletin.de\\\/bucuresti\\\/#organization\"},\"image\":{\"@id\":\"https:\\\/\\\/buletin.de\\\/bucuresti\\\/o-parcare-long-term-cu-aproape-800-de-locuri-va-fi-construita-la-aeroportul-otopeni\\\/#primaryimage\"},\"thumbnailUrl\":\"https:\\\/\\\/buletin.de\\\/bucuresti\\\/wp-content\\\/uploads\\\/2026\\\/04\\\/WhatsApp-Image-2026-04-30-at-11.46.17-2.jpeg\",\"keywords\":[\"aeroport henri coanda\",\"aeroport otopeni\",\"cnab\",\"compania nationala aeroporturi bucuresti\",\"parcare\",\"parcare noua\"],\"articleSection\":[\"Articole\",\"\u0218tiri\",\"Transport\"],\"inLanguage\":\"en-GB\",\"copyrightYear\":\"2026\",\"copyrightHolder\":{\"@id\":\"https:\\\/\\\/buletin.de\\\/bucuresti\\\/#organization\"}},{\"@type\":\"WebPage\",\"@id\":\"https:\\\/\\\/buletin.de\\\/bucuresti\\\/o-parcare-long-term-cu-aproape-800-de-locuri-va-fi-construita-la-aeroportul-otopeni\\\/\",\"url\":\"https:\\\/\\\/buletin.de\\\/bucuresti\\\/o-parcare-long-term-cu-aproape-800-de-locuri-va-fi-construita-la-aeroportul-otopeni\\\/\",\"name\":\"VIDEO | Noua parcare \u201eLong Term\u201d de la Aeroportul Otopeni va avea aproape 800 de locuri - Buletin de Bucure\u0219ti\",\"isPartOf\":{\"@id\":\"https:\\\/\\\/buletin.de\\\/bucuresti\\\/#website\"},\"primaryImageOfPage\":{\"@id\":\"https:\\\/\\\/buletin.de\\\/bucuresti\\\/o-parcare-long-term-cu-aproape-800-de-locuri-va-fi-construita-la-aeroportul-otopeni\\\/#primaryimage\"},\"image\":{\"@id\":\"https:\\\/\\\/buletin.de\\\/bucuresti\\\/o-parcare-long-term-cu-aproape-800-de-locuri-va-fi-construita-la-aeroportul-otopeni\\\/#primaryimage\"},\"thumbnailUrl\":\"https:\\\/\\\/buletin.de\\\/bucuresti\\\/wp-content\\\/uploads\\\/2026\\\/04\\\/WhatsApp-Image-2026-04-30-at-11.46.17-2.jpeg\",\"datePublished\":\"2026-04-30T09:40:13+00:00\",\"dateModified\":\"2026-04-30T13:39:11+00:00\",\"description\":\"O nou\u0103 parcare de tip \u201eLong Term\u201d va fi realizat\u0103 la Aeroportul Interna\u021bional \u201eHenri Coand\u0103\u201d (Otopeni) \u0219i va avea 795 de locuri, anun\u021b\u0103 CNAB.\",\"breadcrumb\":{\"@id\":\"https:\\\/\\\/buletin.de\\\/bucuresti\\\/o-parcare-long-term-cu-aproape-800-de-locuri-va-fi-construita-la-aeroportul-otopeni\\\/#breadcrumb\"},\"inLanguage\":\"en-GB\",\"potentialAction\":[{\"@type\":\"ReadAction\",\"target\":[\"https:\\\/\\\/buletin.de\\\/bucuresti\\\/o-parcare-long-term-cu-aproape-800-de-locuri-va-fi-construita-la-aeroportul-otopeni\\\/\"]}]},{\"@type\":\"ImageObject\",\"inLanguage\":\"en-GB\",\"@id\":\"https:\\\/\\\/buletin.de\\\/bucuresti\\\/o-parcare-long-term-cu-aproape-800-de-locuri-va-fi-construita-la-aeroportul-otopeni\\\/#primaryimage\",\"url\":\"https:\\\/\\\/buletin.de\\\/bucuresti\\\/wp-content\\\/uploads\\\/2026\\\/04\\\/WhatsApp-Image-2026-04-30-at-11.46.17-2.jpeg\",\"contentUrl\":\"https:\\\/\\\/buletin.de\\\/bucuresti\\\/wp-content\\\/uploads\\\/2026\\\/04\\\/WhatsApp-Image-2026-04-30-at-11.46.17-2.jpeg\",\"width\":1600,\"height\":900,\"caption\":\"Parcare \u201eLong Term\u201d la Aeroportul Otopeni. Foto: CNAB\"},{\"@type\":\"BreadcrumbList\",\"@id\":\"https:\\\/\\\/buletin.de\\\/bucuresti\\\/o-parcare-long-term-cu-aproape-800-de-locuri-va-fi-construita-la-aeroportul-otopeni\\\/#breadcrumb\",\"itemListElement\":[{\"@type\":\"ListItem\",\"position\":1,\"name\":\"Acas\u0103\",\"item\":\"https:\\\/\\\/buletin.de\\\/bucuresti\\\/\"},{\"@type\":\"ListItem\",\"position\":2,\"name\":\"VIDEO | Noua parcare \u201eLong Term\u201d de la Aeroportul Otopeni va avea aproape 800 de locuri\"}]},{\"@type\":\"WebSite\",\"@id\":\"https:\\\/\\\/buletin.de\\\/bucuresti\\\/#website\",\"url\":\"https:\\\/\\\/buletin.de\\\/bucuresti\\\/\",\"name\":\"Buletin de Bucure\u0219ti\",\"description\":\"\u0218tiri \u0219i investiga\u021bii esen\u021biale din capital\u0103\",\"publisher\":{\"@id\":\"https:\\\/\\\/buletin.de\\\/bucuresti\\\/#organization\"},\"potentialAction\":[{\"@type\":\"SearchAction\",\"target\":{\"@type\":\"EntryPoint\",\"urlTemplate\":\"https:\\\/\\\/buletin.de\\\/bucuresti\\\/?s={search_term_string}\"},\"query-input\":{\"@type\":\"PropertyValueSpecification\",\"valueRequired\":true,\"valueName\":\"search_term_string\"}}],\"inLanguage\":\"en-GB\"},{\"@type\":\"Organization\",\"@id\":\"https:\\\/\\\/buletin.de\\\/bucuresti\\\/#organization\",\"name\":\"Buletin de Bucure\u0219ti\",\"url\":\"https:\\\/\\\/buletin.de\\\/bucuresti\\\/\",\"logo\":{\"@type\":\"ImageObject\",\"inLanguage\":\"en-GB\",\"@id\":\"https:\\\/\\\/buletin.de\\\/bucuresti\\\/#\\\/schema\\\/logo\\\/image\\\/\",\"url\":\"https:\\\/\\\/buletin.de\\\/bucuresti\\\/wp-content\\\/uploads\\\/logo-bdb-full-wide-vernil-transparent.png\",\"contentUrl\":\"https:\\\/\\\/buletin.de\\\/bucuresti\\\/wp-content\\\/uploads\\\/logo-bdb-full-wide-vernil-transparent.png\",\"width\":1782,\"height\":626,\"caption\":\"Buletin de Bucure\u0219ti\"},\"image\":{\"@id\":\"https:\\\/\\\/buletin.de\\\/bucuresti\\\/#\\\/schema\\\/logo\\\/image\\\/\"},\"sameAs\":[\"https:\\\/\\\/www.facebook.com\\\/buletin.de.buc\",\"https:\\\/\\\/www.instagram.com\\\/buletinde.bucuresti\\\/\"]},{\"@type\":\"Person\",\"@id\":\"https:\\\/\\\/buletin.de\\\/bucuresti\\\/#\\\/schema\\\/person\\\/81421a46fb84a0887cfd2238f5202586\",\"name\":\"Andreea St\u0103n\u0103r\u00eeng\u0103\",\"image\":{\"@type\":\"ImageObject\",\"inLanguage\":\"en-GB\",\"@id\":\"https:\\\/\\\/secure.gravatar.com\\\/avatar\\\/dfa8d227a4388fad0f0bb03add04b5b176f4da34397dbb2eadc563b3d7162ce0?s=96&d=monsterid&r=g72784372b39ffe5a98a45288fe0d0e8a\",\"url\":\"https:\\\/\\\/secure.gravatar.com\\\/avatar\\\/dfa8d227a4388fad0f0bb03add04b5b176f4da34397dbb2eadc563b3d7162ce0?s=96&d=monsterid&r=g\",\"contentUrl\":\"https:\\\/\\\/secure.gravatar.com\\\/avatar\\\/dfa8d227a4388fad0f0bb03add04b5b176f4da34397dbb2eadc563b3d7162ce0?s=96&d=monsterid&r=g\",\"caption\":\"Andreea St\u0103n\u0103r\u00eeng\u0103\"},\"description\":\"Cu o experien\u021b\u0103 de peste 5 ani \u00een pres\u0103, face parte din echipa Buletin de Bucure\u0219ti din septembrie 2025. A colaborat cu c\u00e2teva publica\u021bii, printre care \u0219i Fanatik.ro, unde s-a ocupat de \u0219tiri de lifestyle \u0219i de actualitate. A f\u0103cut un pas c\u0103tre presa local\u0103 pentru a explora Bucure\u0219tiul \u0219i pove\u0219tile care merit\u0103 spuse.\",\"url\":\"https:\\\/\\\/buletin.de\\\/bucuresti\\\/author\\\/andreea-stanaranga\\\/\"}]}<\/script>\n<!-- \/ Yoast SEO Premium plugin. -->","yoast_head_json":{"title":"VIDEO | Noua parcare \u201eLong Term\u201d de la Aeroportul Otopeni va avea aproape 800 de locuri - Buletin de Bucure\u0219ti","description":"O nou\u0103 parcare de tip \u201eLong Term\u201d va fi realizat\u0103 la Aeroportul Interna\u021bional \u201eHenri Coand\u0103\u201d (Otopeni) \u0219i va avea 795 de locuri, anun\u021b\u0103 CNAB.","robots":{"index":"index","follow":"follow","max-snippet":"max-snippet:-1","max-image-preview":"max-image-preview:large","max-video-preview":"max-video-preview:-1"},"canonical":"https:\/\/buletin.de\/bucuresti\/o-parcare-long-term-cu-aproape-800-de-locuri-va-fi-construita-la-aeroportul-otopeni\/","og_locale":"en_GB","og_type":"article","og_title":"VIDEO | Noua parcare \u201eLong Term\u201d de la Aeroportul Otopeni va avea aproape 800 de locuri","og_description":"O nou\u0103 parcare de tip \u201eLong Term\u201d va fi realizat\u0103 la Aeroportul Interna\u021bional \u201eHenri Coand\u0103\u201d (Otopeni) \u0219i va avea 795 de locuri, anun\u021b\u0103 CNAB.","og_url":"https:\/\/buletin.de\/bucuresti\/o-parcare-long-term-cu-aproape-800-de-locuri-va-fi-construita-la-aeroportul-otopeni\/","og_site_name":"Buletin de Bucure\u0219ti","article_publisher":"https:\/\/www.facebook.com\/buletin.de.buc","article_published_time":"2026-04-30T09:40:13+00:00","article_modified_time":"2026-04-30T13:39:11+00:00","og_image":[{"width":1600,"height":900,"url":"https:\/\/buletin.de\/bucuresti\/wp-content\/uploads\/2026\/04\/WhatsApp-Image-2026-04-30-at-11.46.17-2.jpeg","type":"image\/jpeg"}],"author":"Andreea St\u0103n\u0103r\u00eeng\u0103","twitter_card":"summary_large_image","twitter_misc":{"Written by":"Andreea St\u0103n\u0103r\u00eeng\u0103","Estimated reading time":"3 minutes"},"schema":{"@context":"https:\/\/schema.org","@graph":[{"@type":"Article","@id":"https:\/\/buletin.de\/bucuresti\/o-parcare-long-term-cu-aproape-800-de-locuri-va-fi-construita-la-aeroportul-otopeni\/#article","isPartOf":{"@id":"https:\/\/buletin.de\/bucuresti\/o-parcare-long-term-cu-aproape-800-de-locuri-va-fi-construita-la-aeroportul-otopeni\/"},"author":{"name":"Andreea St\u0103n\u0103r\u00eeng\u0103","@id":"https:\/\/buletin.de\/bucuresti\/#\/schema\/person\/81421a46fb84a0887cfd2238f5202586"},"headline":"VIDEO | Noua parcare \u201eLong Term\u201d de la Aeroportul Otopeni va avea aproape 800 de locuri","datePublished":"2026-04-30T09:40:13+00:00","dateModified":"2026-04-30T13:39:11+00:00","mainEntityOfPage":{"@id":"https:\/\/buletin.de\/bucuresti\/o-parcare-long-term-cu-aproape-800-de-locuri-va-fi-construita-la-aeroportul-otopeni\/"},"wordCount":360,"publisher":{"@id":"https:\/\/buletin.de\/bucuresti\/#organization"},"image":{"@id":"https:\/\/buletin.de\/bucuresti\/o-parcare-long-term-cu-aproape-800-de-locuri-va-fi-construita-la-aeroportul-otopeni\/#primaryimage"},"thumbnailUrl":"https:\/\/buletin.de\/bucuresti\/wp-content\/uploads\/2026\/04\/WhatsApp-Image-2026-04-30-at-11.46.17-2.jpeg","keywords":["aeroport henri coanda","aeroport otopeni","cnab","compania nationala aeroporturi bucuresti","parcare","parcare noua"],"articleSection":["Articole","\u0218tiri","Transport"],"inLanguage":"en-GB","copyrightYear":"2026","copyrightHolder":{"@id":"https:\/\/buletin.de\/bucuresti\/#organization"}},{"@type":"WebPage","@id":"https:\/\/buletin.de\/bucuresti\/o-parcare-long-term-cu-aproape-800-de-locuri-va-fi-construita-la-aeroportul-otopeni\/","url":"https:\/\/buletin.de\/bucuresti\/o-parcare-long-term-cu-aproape-800-de-locuri-va-fi-construita-la-aeroportul-otopeni\/","name":"VIDEO | Noua parcare \u201eLong Term\u201d de la Aeroportul Otopeni va avea aproape 800 de locuri - Buletin de Bucure\u0219ti","isPartOf":{"@id":"https:\/\/buletin.de\/bucuresti\/#website"},"primaryImageOfPage":{"@id":"https:\/\/buletin.de\/bucuresti\/o-parcare-long-term-cu-aproape-800-de-locuri-va-fi-construita-la-aeroportul-otopeni\/#primaryimage"},"image":{"@id":"https:\/\/buletin.de\/bucuresti\/o-parcare-long-term-cu-aproape-800-de-locuri-va-fi-construita-la-aeroportul-otopeni\/#primaryimage"},"thumbnailUrl":"https:\/\/buletin.de\/bucuresti\/wp-content\/uploads\/2026\/04\/WhatsApp-Image-2026-04-30-at-11.46.17-2.jpeg","datePublished":"2026-04-30T09:40:13+00:00","dateModified":"2026-04-30T13:39:11+00:00","description":"O nou\u0103 parcare de tip \u201eLong Term\u201d va fi realizat\u0103 la Aeroportul Interna\u021bional \u201eHenri Coand\u0103\u201d (Otopeni) \u0219i va avea 795 de locuri, anun\u021b\u0103 CNAB.","breadcrumb":{"@id":"https:\/\/buletin.de\/bucuresti\/o-parcare-long-term-cu-aproape-800-de-locuri-va-fi-construita-la-aeroportul-otopeni\/#breadcrumb"},"inLanguage":"en-GB","potentialAction":[{"@type":"ReadAction","target":["https:\/\/buletin.de\/bucuresti\/o-parcare-long-term-cu-aproape-800-de-locuri-va-fi-construita-la-aeroportul-otopeni\/"]}]},{"@type":"ImageObject","inLanguage":"en-GB","@id":"https:\/\/buletin.de\/bucuresti\/o-parcare-long-term-cu-aproape-800-de-locuri-va-fi-construita-la-aeroportul-otopeni\/#primaryimage","url":"https:\/\/buletin.de\/bucuresti\/wp-content\/uploads\/2026\/04\/WhatsApp-Image-2026-04-30-at-11.46.17-2.jpeg","contentUrl":"https:\/\/buletin.de\/bucuresti\/wp-content\/uploads\/2026\/04\/WhatsApp-Image-2026-04-30-at-11.46.17-2.jpeg","width":1600,"height":900,"caption":"Parcare \u201eLong Term\u201d la Aeroportul Otopeni. Foto: CNAB"},{"@type":"BreadcrumbList","@id":"https:\/\/buletin.de\/bucuresti\/o-parcare-long-term-cu-aproape-800-de-locuri-va-fi-construita-la-aeroportul-otopeni\/#breadcrumb","itemListElement":[{"@type":"ListItem","position":1,"name":"Acas\u0103","item":"https:\/\/buletin.de\/bucuresti\/"},{"@type":"ListItem","position":2,"name":"VIDEO | Noua parcare \u201eLong Term\u201d de la Aeroportul Otopeni va avea aproape 800 de locuri"}]},{"@type":"WebSite","@id":"https:\/\/buletin.de\/bucuresti\/#website","url":"https:\/\/buletin.de\/bucuresti\/","name":"Buletin de Bucure\u0219ti","description":"\u0218tiri \u0219i investiga\u021bii esen\u021biale din capital\u0103","publisher":{"@id":"https:\/\/buletin.de\/bucuresti\/#organization"},"potentialAction":[{"@type":"SearchAction","target":{"@type":"EntryPoint","urlTemplate":"https:\/\/buletin.de\/bucuresti\/?s={search_term_string}"},"query-input":{"@type":"PropertyValueSpecification","valueRequired":true,"valueName":"search_term_string"}}],"inLanguage":"en-GB"},{"@type":"Organization","@id":"https:\/\/buletin.de\/bucuresti\/#organization","name":"Buletin de Bucure\u0219ti","url":"https:\/\/buletin.de\/bucuresti\/","logo":{"@type":"ImageObject","inLanguage":"en-GB","@id":"https:\/\/buletin.de\/bucuresti\/#\/schema\/logo\/image\/","url":"https:\/\/buletin.de\/bucuresti\/wp-content\/uploads\/logo-bdb-full-wide-vernil-transparent.png","contentUrl":"https:\/\/buletin.de\/bucuresti\/wp-content\/uploads\/logo-bdb-full-wide-vernil-transparent.png","width":1782,"height":626,"caption":"Buletin de Bucure\u0219ti"},"image":{"@id":"https:\/\/buletin.de\/bucuresti\/#\/schema\/logo\/image\/"},"sameAs":["https:\/\/www.facebook.com\/buletin.de.buc","https:\/\/www.instagram.com\/buletinde.bucuresti\/"]},{"@type":"Person","@id":"https:\/\/buletin.de\/bucuresti\/#\/schema\/person\/81421a46fb84a0887cfd2238f5202586","name":"Andreea St\u0103n\u0103r\u00eeng\u0103","image":{"@type":"ImageObject","inLanguage":"en-GB","@id":"https:\/\/secure.gravatar.com\/avatar\/dfa8d227a4388fad0f0bb03add04b5b176f4da34397dbb2eadc563b3d7162ce0?s=96&d=monsterid&r=g72784372b39ffe5a98a45288fe0d0e8a","url":"https:\/\/secure.gravatar.com\/avatar\/dfa8d227a4388fad0f0bb03add04b5b176f4da34397dbb2eadc563b3d7162ce0?s=96&d=monsterid&r=g","contentUrl":"https:\/\/secure.gravatar.com\/avatar\/dfa8d227a4388fad0f0bb03add04b5b176f4da34397dbb2eadc563b3d7162ce0?s=96&d=monsterid&r=g","caption":"Andreea St\u0103n\u0103r\u00eeng\u0103"},"description":"Cu o experien\u021b\u0103 de peste 5 ani \u00een pres\u0103, face parte din echipa Buletin de Bucure\u0219ti din septembrie 2025. A colaborat cu c\u00e2teva publica\u021bii, printre care \u0219i Fanatik.ro, unde s-a ocupat de \u0219tiri de lifestyle \u0219i de actualitate. A f\u0103cut un pas c\u0103tre presa local\u0103 pentru a explora Bucure\u0219tiul \u0219i pove\u0219tile care merit\u0103 spuse.","url":"https:\/\/buletin.de\/bucuresti\/author\/andreea-stanaranga\/"}]}},"authors":[{"term_id":23912,"user_id":65,"is_guest":0,"slug":"andreea-stanaranga","display_name":"Andreea St\u0103n\u0103r\u00eeng\u0103","avatar_url":"https:\/\/secure.gravatar.com\/avatar\/dfa8d227a4388fad0f0bb03add04b5b176f4da34397dbb2eadc563b3d7162ce0?s=96&d=monsterid&r=g","0":null,"1":"","2":"","3":"","4":"","5":"","6":"","7":"","8":""}],"_links":{"self":[{"href":"https:\/\/buletin.de\/bucuresti\/wp-json\/wp\/v2\/posts\/190234","targetHints":{"allow":["GET"]}}],"collection":[{"href":"https:\/\/buletin.de\/bucuresti\/wp-json\/wp\/v2\/posts"}],"about":[{"href":"https:\/\/buletin.de\/bucuresti\/wp-json\/wp\/v2\/types\/post"}],"author":[{"embeddable":true,"href":"https:\/\/buletin.de\/bucuresti\/wp-json\/wp\/v2\/users\/65"}],"replies":[{"embeddable":true,"href":"https:\/\/buletin.de\/bucuresti\/wp-json\/wp\/v2\/comments?post=190234"}],"version-history":[{"count":8,"href":"https:\/\/buletin.de\/bucuresti\/wp-json\/wp\/v2\/posts\/190234\/revisions"}],"predecessor-version":[{"id":190375,"href":"https:\/\/buletin.de\/bucuresti\/wp-json\/wp\/v2\/posts\/190234\/revisions\/190375"}],"wp:featuredmedia":[{"embeddable":true,"href":"https:\/\/buletin.de\/bucuresti\/wp-json\/wp\/v2\/media\/190250"}],"wp:attachment":[{"href":"https:\/\/buletin.de\/bucuresti\/wp-json\/wp\/v2\/media?parent=190234"}],"wp:term":[{"taxonomy":"category","embeddable":true,"href":"https:\/\/buletin.de\/bucuresti\/wp-json\/wp\/v2\/categories?post=190234"},{"taxonomy":"post_tag","embeddable":true,"href":"https:\/\/buletin.de\/bucuresti\/wp-json\/wp\/v2\/tags?post=190234"},{"taxonomy":"author","embeddable":true,"href":"https:\/\/buletin.de\/bucuresti\/wp-json\/wp\/v2\/ppma_author?post=190234"}],"curies":[{"name":"wp","href":"https:\/\/api.w.org\/{rel}","templated":true}]}}