{"id":190205,"date":"2026-04-30T10:59:55","date_gmt":"2026-04-30T07:59:55","guid":{"rendered":"https:\/\/buletin.de\/bucuresti\/?p=190205"},"modified":"2026-04-30T12:49:32","modified_gmt":"2026-04-30T09:49:32","slug":"livetext-buget-record-pentru-primaria-capitalei-cum-explica-ciucu-surplusul-de-15-miliarde","status":"publish","type":"post","link":"https:\/\/buletin.de\/bucuresti\/livetext-buget-record-pentru-primaria-capitalei-cum-explica-ciucu-surplusul-de-15-miliarde\/","title":{"rendered":"LIVETEXT | Buget record pentru Prim\u0103ria Capitalei. Cum explic\u0103 Ciucu \u201esurplusul\u201d de 1,5 miliarde"},"content":{"rendered":"\n<p><strong><a href=\"https:\/\/www.pmb.ro\/buget\/arhiva\/get-anual-buget-list\/2026\/113\">Buget <\/a>record alocat pentru 2026 de Guvern pentru Prim\u0103ria Capitalei. Jurnali\u0219tii Buletin de Bucure\u0219ti au fost prezen\u021bi la dezbaterea organizat\u0103 joi, 30 aprilie, de c\u0103tre primarul general Ciprian Ciucu privind modul cum vor fi distribuite fondurile.<\/strong><\/p>\n\n\n\n<p>Proiectul indic\u0103 o cre\u0219tere a veniturilor cu 1,74 miliarde de lei, sum\u0103 care provine exclusiv din \u201ecotele \u0219i sumele defalcate din impozitul pe venit\u201d.<\/p>\n\n\n\n<p>Banii nu intr\u0103 \u00een visteria municipalit\u0103\u021bii ca urmare a unei colect\u0103ri mai eficiente a taxelor locale proprii. Majorarea nu apare nici din atragerea unor surse noi de venit ori din performan\u021ba administrativ\u0103 a direc\u021biilor din prim\u0103rie, ci acest surplus financiar reprezint\u0103 rezultatul direct al referendumului local desf\u0103\u0219urat \u00een toamna anului 2024.<\/p>\n\n\n\n<p><strong>CITE\u0218TE \u0218I: <strong><a href=\"https:\/\/buletin.de\/bucuresti\/de-unde-vin-banii-capitalei-in-2026-cotele-din-impozitul-pe-venit-sar-la-peste-126-miliarde-de-euro\/\">De unde vin banii Capitalei \u00een 2026: Cotele din impozitul pe venit sar la peste 1,26 miliarde de euro<\/a><\/strong><\/strong><\/p>\n\n\n\n<hr class=\"wp-block-separator has-alpha-channel-opacity\"\/>\n\n\n\n<h5 class=\"wp-block-heading\" id=\"h-update-12-20-pasajul-basarab-va-fi-reparat-cu-aproape-4-milioane-de-euro\">Update 12:20: Pasajul Basarab va fi reparat cu aproape 4 milioane de euro<\/h5>\n\n\n\n<p><strong>Pasajul Basarab, care nu a fost recep\u021bionat de mai bine de 15 ani, va fi reparat \u0219i pus \u00een siguran\u021b\u0103 cu 20 de milioane de euro, conform proiectului de buget.<\/strong><\/p>\n\n\n\n<p>Pasajul a fost dat \u00een folosin\u021b\u0103 \u00een 2011, dar de 15 ani nu i s-a f\u0103cut recep\u021bia. Din acest motiv, pasajul nu a putut fi \u00eentre\u021binut \u0219i s-a degradat, \u00een lipsa mentenan\u021bei.<\/p>\n\n\n\n<p id=\"h-update-12-05\">Ciucu a precizat c\u0103 interven\u021biile sunt \u00een faz\u0103 de preg\u0103tire, iar lucr\u0103rile propriu-zise ar putea \u00eencepe \u00een luna iunie \u0219i s\u0103 fie finalizate p\u00e2n\u0103 \u00een decembrie 2026. Acum, institu\u021bia \u00eencearc\u0103 s\u0103 ob\u021bin\u0103 autoriza\u021bie de construire.<\/p>\n\n\n\n<hr class=\"wp-block-separator has-alpha-channel-opacity\"\/>\n\n\n\n<h5 class=\"wp-block-heading\" id=\"h-update-11-40-strategie-de-impadurire-a-capitalei\">Update 11:40: Strategie de \u00eemp\u0103durire a Capitalei<\/h5>\n\n\n\n<p>Pre\u0219edinta Funda\u021biei Comunitare Bucure\u0219ti, Alina Kasprovschi, l-a \u00eentrebat pe edil dac\u0103 exist\u0103 vreo strategie pentru a cre\u0219te investi\u021biile \u00een zona de mediu, \u201eav\u00e2nd \u00een vedere c\u0103 un bucure\u0219tean tr\u0103ie\u0219te cu 4 ani mai pu\u021bin din cauza polu\u0103rii\u201d.<\/p>\n\n\n\n<p><em>\u201eBanii pentru mediu sunt mai mul\u021bi pentru c\u0103 exist\u0103 \u0219i o parte de func\u021bionare, nu doar de investi\u021bii. Vrem ca anul acesta s\u0103 d\u0103m drumul la o strategie pe \u00eemp\u0103durire\u201d<\/em>, a r\u0103spuns Ciprian Ciucu.<\/p>\n\n\n\n<hr class=\"wp-block-separator has-alpha-channel-opacity\"\/>\n\n\n\n<h5 class=\"wp-block-heading\" id=\"h-update-11-20-ciucu-nu-vreau-sa-par-arogant-dar-imi-doresc-al-doilea-mandat\">Update 11:20: Ciucu: \u201eNu vreau s\u0103 par arogant, dar \u00eemi doresc al doilea mandat\u201d<\/h5>\n\n\n\n<p>Primarul general a explicat c\u0103 pl\u0103nuie\u0219te s\u0103 \u00eenceap\u0103 anumite proiecte de \u201ereg\u00e2ndire\u201d a unor str\u0103zi din Bucure\u0219ti \u0219i a mne\u021bionat c\u0103 \u201enu pormit c\u0103 vor fi gata \u00eentr-un an jumate sau doi ani\u201d.<\/p>\n\n\n\n<blockquote class=\"wp-block-quote is-layout-flow wp-block-quote-is-layout-flow\">\n<p>Acestea vor fi finalizate \u00een al doilea mandat. Nu vreau s\u0103 par arogant, dar \u00eemi doresc al doilea mandat\u201d.<\/p>\n<cite>Ciprian Ciucu<\/cite><\/blockquote>\n\n\n\n<p>Str\u0103zile \u0219i bulevardele la care f\u0103cea referire sunt, printre altele, Bd. Magheru, Calea Victoriei, Strada Ion Brezoianu.<\/p>\n\n\n\n<p>Edilul a mai men\u021bionat c\u0103 reconfigurarea acestor str\u0103zi este \u00eentr-un stadiu \u201emai milt dec\u00e2t incipient\u201d \u0219i c\u0103 vor fi lansate apeluri la proiecte de solu\u021bii pentru aceste viitoare investi\u021bii.<\/p>\n\n\n\n<hr class=\"wp-block-separator has-alpha-channel-opacity\"\/>\n\n\n\n<h5 class=\"wp-block-heading\" id=\"h-update-11-05-topul-investi\u021biilor-la-pmb-termoficare-stb-piste-de-biciclete-\u0219i-iluminat-public\">Update 11:05: Topul investi\u021biilor la PMB: termoficare, STB, piste de biciclete \u0219i iluminat public<\/h5>\n\n\n\n<p>\u00cen prezentarea bugetului au fost men\u021bionate \u0219i \u201emarile investi\u021bii\u201d pe care prim\u0103ria inten\u021bioneaz\u0103 s\u0103 se concentreze anul acesta.<\/p>\n\n\n\n<p>Astfel, primeaz\u0103 urm\u0103toarele investi\u021bii:<\/p>\n\n\n\n<ul class=\"wp-block-list\">\n<li>Sistemul de termoficare<\/li>\n\n\n\n<li>Transport public<\/li>\n\n\n\n<li>Iluminat public \u0219i piste de biciclete<\/li>\n<\/ul>\n\n\n\n<p><em>\u201e\u0218tiu c\u0103 este inconfortabil, dar orice ora\u0219 are nevoie de \u0219antiere. E bine c\u0103 le avem, era r\u0103u dac\u0103 nu le aveam. Ce e important e s\u0103 ne asigur\u0103m finan\u021barea\u201d<\/em>, a spus primarul.<\/p>\n\n\n\n<hr class=\"wp-block-separator has-alpha-channel-opacity\"\/>\n\n\n\n<h5 class=\"wp-block-heading\" id=\"h-update-10-40-ciucu-despre-surplusul-de-1-5-miliarde-m-am-batut-in-coali\u021bie\">Update 10:40: Ciucu, despre \u201esurplusul\u201d de 1,5 miliarde: \u201eM-am b\u0103tut \u00een coali\u021bie\u201d<\/h5>\n\n\n\n<p>La \u00eenceputul dezbaterii, primarul general Ciprian Ciucu a explicat c\u0103 bugetul PMB este mai mare anul acesta \u00een urma unor negocieri politice din coali\u021bie. De asemenea, el a mai argumentat c\u0103 PMB a fost lipsit\u0103 de 3,5 miliarde de lei, din cauza ordonan\u021bei \u201etrenule\u021b\u201d. Ordonan\u021ba adoptat\u0103 de Guvern prima dat\u0103 \u00een 2023 vizeaz\u0103 consolidarea fiscal\u0103 prin limitarea cheltuielilor publice, modific\u0103ri salariale, taxe \u0219i m\u0103suri de austeritate.<\/p>\n\n\n\n<p><strong><em>\u201eNu este normal ca, de ani de zile, ora\u0219ul nostru s\u0103 aib\u0103 un buget de bazar. (\u2026) Avem cu 1,5 miliarde mai mult pentru c\u0103 \u00een coali\u021bie m-am b\u0103tut \u0219i am reu\u0219it s\u0103 pledez pentru ora\u0219ul nostru ca s\u0103 primeasc\u0103 mai mul\u021bi bani\u201d<\/em>, a spus Ciprian Ciucu.<\/strong><\/p>\n\n\n\n<hr class=\"wp-block-separator has-alpha-channel-opacity\"\/>\n\n\n\n<p>Dezbaterea poate fi urm\u0103rit\u0103 aici:<\/p>\n\n\n\n<iframe src=\"https:\/\/www.facebook.com\/plugins\/video.php?height=314&#038;href=https%3A%2F%2Fwww.facebook.com%2FPMBucuresti%2Fvideos%2F968005455970105%2F&#038;show_text=false&#038;width=560&#038;t=0\" width=\"560\" height=\"314\" style=\"border:none;overflow:hidden\" scrolling=\"no\" frameborder=\"0\" allowfullscreen=\"true\" allow=\"autoplay; clipboard-write; encrypted-media; picture-in-picture; web-share\" allowFullScreen=\"true\"><\/iframe>\n\n\n\n<h2 class=\"wp-block-heading\" id=\"h-buget-record-pentru-primaria-capitalei-in-2026-12-9-miliarde-de-lei\">Buget record pentru Prim\u0103ria Capitalei \u00een 2026: 12,9 miliarde de lei<\/h2>\n\n\n\n<p>Anul acesta, veniturile totale ale PMB sunt estimate la circa 12,9 miliarde de lei, dintre care:<\/p>\n\n\n\n<ul class=\"wp-block-list\">\n<li>Bugetul local \u2013 8,49 miliarde lei<\/li>\n\n\n\n<li>Bugetul institu\u021biilor publice finan\u021bate din venituri proprii \u0219i subven\u021bii din bugetul local \u2013 1,75 miliarde lei<\/li>\n\n\n\n<li>Bugetul institu\u021biilor publice finan\u021bate integral din venituri proprii \u2013 3,35 miliarde lei<\/li>\n\n\n\n<li>Bugetul \u00eemprumuturilor interne \u2013 288 milioane lei<\/li>\n\n\n\n<li>Bugetul \u00eemprumuturilor externe \u2013 806 milioane lei<\/li>\n\n\n\n<li>Bugetul fondurilor externe nerambursabile \u2013 4 milioane lei<\/li>\n\n\n\n<li>Transferuri \u00eentre bugete \u2013 minus 1,8 miliarde<\/li>\n<\/ul>\n\n\n\n<p><strong>Banii apar\u021bin bucure\u0219tenilor prin efectul unui vot exprimat la urne, un vot care a modificat arhitectura fiscal\u0103 a ora\u0219ului.<\/strong><\/p>\n\n\n\n<p><em>\u201eDar cifrele mari din proiectele de buget ascund adesea un pattern \u00eengrijor\u0103tor, pe care \u00eel sper\u0103m rupt \u00een acest an. \u00cen 2025, PMB a cheltuit sub 73% din bugetul local rectificat. La investi\u021bii, rata de execu\u021bie a fost sub 50%. La proiectele cu finan\u021bare european\u0103, aproximativ o treime. Bugetul 2026 propune cre\u0219teri masive exact la aceste capitole \u2013 f\u0103r\u0103 nicio explica\u021bie public\u0103 privind ce se schimb\u0103 structural \u00een capacitatea de implementare\u201d<\/em>, se arat\u0103 \u00eentr-o analiz\u0103 Funky Citizens.<\/p>\n\n\n\n<p>Proiectul propus pentru 2026 indic\u0103 un buget general centralizat de 12,88 miliarde de lei. Din acest total, suma de 8,49 miliarde de lei reprezint\u0103 exclusiv bugetul local, administrat \u00een mod direct de c\u0103tre Prim\u0103ria Capitalei.<\/p>\n\n\n\n<p>Cifrele oficiale arat\u0103 o cre\u0219tere de 45 de procente \u00een compara\u021bie cu sumele cheltuite efectiv pe parcursul anului 2025.<\/p>\n\n\n\n<p>Fa\u021b\u0103 de varianta ini\u021bial\u0103 a bugetului din anul precedent, majorarea se situeaz\u0103 la 17 procente.<\/p>\n\n\n\n<p><strong>CITE\u0218TE \u0218I:<\/strong> <strong><a href=\"https:\/\/buletin.de\/bucuresti\/ciucu-se-razgandeste-revine-la-data-de-30-aprilie-pentru-dezbaterea-pe-buget-dupa-ce-redusese-timpul-de-analiza-al-proiectului\/\">Ciucu se r\u0103zg\u00e2nde\u0219te. Revine la data de 30 aprilie pentru dezbaterea pe buget, dup\u0103 ce redusese timpul de analiz\u0103 al proiectului<\/a><\/strong><\/p>\n","protected":false},"excerpt":{"rendered":"<p>Buget record alocat pentru 2026 de Guvern pentru Prim\u0103ria Capitalei. Jurnali\u0219tii Buletin de Bucure\u0219ti au fost prezen\u021bi la dezbaterea organizat\u0103 joi, 30 aprilie, de c\u0103tre primarul general Ciprian Ciucu privind modul cum vor fi distribuite fondurile. Proiectul indic\u0103 o cre\u0219tere a veniturilor cu 1,74 miliarde de lei, sum\u0103 care provine exclusiv din \u201ecotele \u0219i sumele [&hellip;]<\/p>\n","protected":false},"author":59,"featured_media":190206,"comment_status":"closed","ping_status":"open","sticky":false,"template":"","format":"standard","meta":{"_acf_changed":false,"inline_featured_image":false,"ngg_post_thumbnail":0,"footnotes":""},"categories":[6994,24496,5762,24],"tags":[9,292,2054,104,35],"ppma_author":[22572],"class_list":["post-190205","post","type-post","status-publish","format-standard","has-post-thumbnail","hentry","category-stiri-2","category-economic","category-main","category-primarie","tag-bucuresti","tag-buget","tag-capitala","tag-pmb","tag-primarie"],"acf":[],"yoast_head":"<!-- This site is optimized with the Yoast SEO Premium plugin v25.3 (Yoast SEO v27.4) - https:\/\/yoast.com\/product\/yoast-seo-premium-wordpress\/ -->\n<title>LIVETEXT | Buget record pentru Prim\u0103ria Capitalei. Cum explic\u0103 Ciucu \u201esurplusul\u201d de 1,5 miliarde - Buletin de Bucure\u0219ti<\/title>\n<meta name=\"description\" content=\"Buget record alocat pentru 2026 de Guvern pentru Prim\u0103ria Capitalei. Jurnali\u0219tii Buletin de Bucure\u0219ti au fost prezen\u021bi la dezbatere.\" \/>\n<meta name=\"robots\" content=\"index, follow, max-snippet:-1, max-image-preview:large, max-video-preview:-1\" \/>\n<link rel=\"canonical\" href=\"https:\/\/buletin.de\/bucuresti\/livetext-buget-record-pentru-primaria-capitalei-cum-explica-ciucu-surplusul-de-15-miliarde\/\" \/>\n<meta property=\"og:locale\" content=\"en_GB\" \/>\n<meta property=\"og:type\" content=\"article\" \/>\n<meta property=\"og:title\" content=\"LIVETEXT | Buget record pentru Prim\u0103ria Capitalei. Cum explic\u0103 Ciucu \u201esurplusul\u201d de 1,5 miliarde\" \/>\n<meta property=\"og:description\" content=\"Buget record alocat pentru 2026 de Guvern pentru Prim\u0103ria Capitalei. Jurnali\u0219tii Buletin de Bucure\u0219ti au fost prezen\u021bi la dezbatere.\" \/>\n<meta property=\"og:url\" content=\"https:\/\/buletin.de\/bucuresti\/livetext-buget-record-pentru-primaria-capitalei-cum-explica-ciucu-surplusul-de-15-miliarde\/\" \/>\n<meta property=\"og:site_name\" content=\"Buletin de Bucure\u0219ti\" \/>\n<meta property=\"article:publisher\" content=\"https:\/\/www.facebook.com\/buletin.de.buc\" \/>\n<meta property=\"article:published_time\" content=\"2026-04-30T07:59:55+00:00\" \/>\n<meta property=\"article:modified_time\" content=\"2026-04-30T09:49:32+00:00\" \/>\n<meta property=\"og:image\" content=\"https:\/\/buletin.de\/bucuresti\/wp-content\/uploads\/2026\/04\/dezbaterea-bugetul-capitalei-1600x921-1-1.jpg\" \/>\n\t<meta property=\"og:image:width\" content=\"1600\" \/>\n\t<meta property=\"og:image:height\" content=\"921\" \/>\n\t<meta property=\"og:image:type\" content=\"image\/jpeg\" \/>\n<meta name=\"author\" content=\"C\u0103t\u0103lin Anghel-Dimache\" \/>\n<meta name=\"twitter:card\" content=\"summary_large_image\" \/>\n<meta name=\"twitter:label1\" content=\"Written by\" \/>\n\t<meta name=\"twitter:data1\" content=\"C\u0103t\u0103lin Anghel-Dimache\" \/>\n\t<meta name=\"twitter:label2\" content=\"Estimated reading time\" \/>\n\t<meta name=\"twitter:data2\" content=\"5 minutes\" \/>\n<script type=\"application\/ld+json\" class=\"yoast-schema-graph\">{\"@context\":\"https:\\\/\\\/schema.org\",\"@graph\":[{\"@type\":\"Article\",\"@id\":\"https:\\\/\\\/buletin.de\\\/bucuresti\\\/livetext-buget-record-pentru-primaria-capitalei-cum-explica-ciucu-surplusul-de-15-miliarde\\\/#article\",\"isPartOf\":{\"@id\":\"https:\\\/\\\/buletin.de\\\/bucuresti\\\/livetext-buget-record-pentru-primaria-capitalei-cum-explica-ciucu-surplusul-de-15-miliarde\\\/\"},\"author\":{\"name\":\"C\u0103t\u0103lin Anghel-Dimache\",\"@id\":\"https:\\\/\\\/buletin.de\\\/bucuresti\\\/#\\\/schema\\\/person\\\/0ac9db30080482be87c7386a30f98796\"},\"headline\":\"LIVETEXT | Buget record pentru Prim\u0103ria Capitalei. Cum explic\u0103 Ciucu \u201esurplusul\u201d de 1,5 miliarde\",\"datePublished\":\"2026-04-30T07:59:55+00:00\",\"dateModified\":\"2026-04-30T09:49:32+00:00\",\"mainEntityOfPage\":{\"@id\":\"https:\\\/\\\/buletin.de\\\/bucuresti\\\/livetext-buget-record-pentru-primaria-capitalei-cum-explica-ciucu-surplusul-de-15-miliarde\\\/\"},\"wordCount\":989,\"publisher\":{\"@id\":\"https:\\\/\\\/buletin.de\\\/bucuresti\\\/#organization\"},\"image\":{\"@id\":\"https:\\\/\\\/buletin.de\\\/bucuresti\\\/livetext-buget-record-pentru-primaria-capitalei-cum-explica-ciucu-surplusul-de-15-miliarde\\\/#primaryimage\"},\"thumbnailUrl\":\"https:\\\/\\\/buletin.de\\\/bucuresti\\\/wp-content\\\/uploads\\\/2026\\\/04\\\/dezbaterea-bugetul-capitalei-1600x921-1-1.jpg\",\"keywords\":[\"bucuresti\",\"buget\",\"Capitala\",\"pmb\",\"primarie\"],\"articleSection\":[\"Articole\",\"Economic\",\"Main\",\"Prim\u0103rie\"],\"inLanguage\":\"en-GB\",\"copyrightYear\":\"2026\",\"copyrightHolder\":{\"@id\":\"https:\\\/\\\/buletin.de\\\/bucuresti\\\/#organization\"}},{\"@type\":\"WebPage\",\"@id\":\"https:\\\/\\\/buletin.de\\\/bucuresti\\\/livetext-buget-record-pentru-primaria-capitalei-cum-explica-ciucu-surplusul-de-15-miliarde\\\/\",\"url\":\"https:\\\/\\\/buletin.de\\\/bucuresti\\\/livetext-buget-record-pentru-primaria-capitalei-cum-explica-ciucu-surplusul-de-15-miliarde\\\/\",\"name\":\"LIVETEXT | Buget record pentru Prim\u0103ria Capitalei. Cum explic\u0103 Ciucu \u201esurplusul\u201d de 1,5 miliarde - Buletin de Bucure\u0219ti\",\"isPartOf\":{\"@id\":\"https:\\\/\\\/buletin.de\\\/bucuresti\\\/#website\"},\"primaryImageOfPage\":{\"@id\":\"https:\\\/\\\/buletin.de\\\/bucuresti\\\/livetext-buget-record-pentru-primaria-capitalei-cum-explica-ciucu-surplusul-de-15-miliarde\\\/#primaryimage\"},\"image\":{\"@id\":\"https:\\\/\\\/buletin.de\\\/bucuresti\\\/livetext-buget-record-pentru-primaria-capitalei-cum-explica-ciucu-surplusul-de-15-miliarde\\\/#primaryimage\"},\"thumbnailUrl\":\"https:\\\/\\\/buletin.de\\\/bucuresti\\\/wp-content\\\/uploads\\\/2026\\\/04\\\/dezbaterea-bugetul-capitalei-1600x921-1-1.jpg\",\"datePublished\":\"2026-04-30T07:59:55+00:00\",\"dateModified\":\"2026-04-30T09:49:32+00:00\",\"description\":\"Buget record alocat pentru 2026 de Guvern pentru Prim\u0103ria Capitalei. Jurnali\u0219tii Buletin de Bucure\u0219ti au fost prezen\u021bi la dezbatere.\",\"breadcrumb\":{\"@id\":\"https:\\\/\\\/buletin.de\\\/bucuresti\\\/livetext-buget-record-pentru-primaria-capitalei-cum-explica-ciucu-surplusul-de-15-miliarde\\\/#breadcrumb\"},\"inLanguage\":\"en-GB\",\"potentialAction\":[{\"@type\":\"ReadAction\",\"target\":[\"https:\\\/\\\/buletin.de\\\/bucuresti\\\/livetext-buget-record-pentru-primaria-capitalei-cum-explica-ciucu-surplusul-de-15-miliarde\\\/\"]}]},{\"@type\":\"ImageObject\",\"inLanguage\":\"en-GB\",\"@id\":\"https:\\\/\\\/buletin.de\\\/bucuresti\\\/livetext-buget-record-pentru-primaria-capitalei-cum-explica-ciucu-surplusul-de-15-miliarde\\\/#primaryimage\",\"url\":\"https:\\\/\\\/buletin.de\\\/bucuresti\\\/wp-content\\\/uploads\\\/2026\\\/04\\\/dezbaterea-bugetul-capitalei-1600x921-1-1.jpg\",\"contentUrl\":\"https:\\\/\\\/buletin.de\\\/bucuresti\\\/wp-content\\\/uploads\\\/2026\\\/04\\\/dezbaterea-bugetul-capitalei-1600x921-1-1.jpg\",\"width\":1600,\"height\":921,\"caption\":\"Buget record pentru Prim\u0103ria Capitalei. Cum explic\u0103 Ciucu \u201esurplusul\u201d de 1,5 miliarde. Foto: Ciprian Ciucu \\\/ FB\"},{\"@type\":\"BreadcrumbList\",\"@id\":\"https:\\\/\\\/buletin.de\\\/bucuresti\\\/livetext-buget-record-pentru-primaria-capitalei-cum-explica-ciucu-surplusul-de-15-miliarde\\\/#breadcrumb\",\"itemListElement\":[{\"@type\":\"ListItem\",\"position\":1,\"name\":\"Acas\u0103\",\"item\":\"https:\\\/\\\/buletin.de\\\/bucuresti\\\/\"},{\"@type\":\"ListItem\",\"position\":2,\"name\":\"LIVETEXT | Buget record pentru Prim\u0103ria Capitalei. Cum explic\u0103 Ciucu \u201esurplusul\u201d de 1,5 miliarde\"}]},{\"@type\":\"WebSite\",\"@id\":\"https:\\\/\\\/buletin.de\\\/bucuresti\\\/#website\",\"url\":\"https:\\\/\\\/buletin.de\\\/bucuresti\\\/\",\"name\":\"Buletin de Bucure\u0219ti\",\"description\":\"\u0218tiri \u0219i investiga\u021bii esen\u021biale din capital\u0103\",\"publisher\":{\"@id\":\"https:\\\/\\\/buletin.de\\\/bucuresti\\\/#organization\"},\"potentialAction\":[{\"@type\":\"SearchAction\",\"target\":{\"@type\":\"EntryPoint\",\"urlTemplate\":\"https:\\\/\\\/buletin.de\\\/bucuresti\\\/?s={search_term_string}\"},\"query-input\":{\"@type\":\"PropertyValueSpecification\",\"valueRequired\":true,\"valueName\":\"search_term_string\"}}],\"inLanguage\":\"en-GB\"},{\"@type\":\"Organization\",\"@id\":\"https:\\\/\\\/buletin.de\\\/bucuresti\\\/#organization\",\"name\":\"Buletin de Bucure\u0219ti\",\"url\":\"https:\\\/\\\/buletin.de\\\/bucuresti\\\/\",\"logo\":{\"@type\":\"ImageObject\",\"inLanguage\":\"en-GB\",\"@id\":\"https:\\\/\\\/buletin.de\\\/bucuresti\\\/#\\\/schema\\\/logo\\\/image\\\/\",\"url\":\"https:\\\/\\\/buletin.de\\\/bucuresti\\\/wp-content\\\/uploads\\\/logo-bdb-full-wide-vernil-transparent.png\",\"contentUrl\":\"https:\\\/\\\/buletin.de\\\/bucuresti\\\/wp-content\\\/uploads\\\/logo-bdb-full-wide-vernil-transparent.png\",\"width\":1782,\"height\":626,\"caption\":\"Buletin de Bucure\u0219ti\"},\"image\":{\"@id\":\"https:\\\/\\\/buletin.de\\\/bucuresti\\\/#\\\/schema\\\/logo\\\/image\\\/\"},\"sameAs\":[\"https:\\\/\\\/www.facebook.com\\\/buletin.de.buc\",\"https:\\\/\\\/www.instagram.com\\\/buletinde.bucuresti\\\/\"]},{\"@type\":\"Person\",\"@id\":\"https:\\\/\\\/buletin.de\\\/bucuresti\\\/#\\\/schema\\\/person\\\/0ac9db30080482be87c7386a30f98796\",\"name\":\"C\u0103t\u0103lin Anghel-Dimache\",\"image\":{\"@type\":\"ImageObject\",\"inLanguage\":\"en-GB\",\"@id\":\"https:\\\/\\\/buletin.de\\\/bucuresti\\\/wp-content\\\/uploads\\\/Catalin-Anghel-Dimache-96x96.jpgbd9e43c5b25186d5b8e917ac61ad86c4\",\"url\":\"https:\\\/\\\/buletin.de\\\/bucuresti\\\/wp-content\\\/uploads\\\/Catalin-Anghel-Dimache-96x96.jpg\",\"contentUrl\":\"https:\\\/\\\/buletin.de\\\/bucuresti\\\/wp-content\\\/uploads\\\/Catalin-Anghel-Dimache-96x96.jpg\",\"caption\":\"C\u0103t\u0103lin Anghel-Dimache\"},\"description\":\"A absolvit Facultatea de Jurnalism \u0219i \u0218tiin\u021bele Comunic\u0103rii a Universit\u0103\u021bii din Bucure\u0219ti \u00een 2024. Scrie despre mediu \u0219i teme sociale, dar \u0219i despre cum se reflect\u0103 ele \u00een via\u021ba cotidian\u0103 a bucure\u0219tenilor, cu un ochi atent la pove\u0219tile personale din spatele titlurilor. N\u0103scut \u0219i crescut \u00een Bucure\u0219ti, a f\u0103cut un pas c\u0103tre presa local\u0103, din pasiune pentru ora\u0219ul s\u0103u \u0219i oamenii din el.\",\"url\":\"https:\\\/\\\/buletin.de\\\/bucuresti\\\/author\\\/catalin-anghel-dimache\\\/\"}]}<\/script>\n<!-- \/ Yoast SEO Premium plugin. -->","yoast_head_json":{"title":"LIVETEXT | Buget record pentru Prim\u0103ria Capitalei. Cum explic\u0103 Ciucu \u201esurplusul\u201d de 1,5 miliarde - Buletin de Bucure\u0219ti","description":"Buget record alocat pentru 2026 de Guvern pentru Prim\u0103ria Capitalei. Jurnali\u0219tii Buletin de Bucure\u0219ti au fost prezen\u021bi la dezbatere.","robots":{"index":"index","follow":"follow","max-snippet":"max-snippet:-1","max-image-preview":"max-image-preview:large","max-video-preview":"max-video-preview:-1"},"canonical":"https:\/\/buletin.de\/bucuresti\/livetext-buget-record-pentru-primaria-capitalei-cum-explica-ciucu-surplusul-de-15-miliarde\/","og_locale":"en_GB","og_type":"article","og_title":"LIVETEXT | Buget record pentru Prim\u0103ria Capitalei. Cum explic\u0103 Ciucu \u201esurplusul\u201d de 1,5 miliarde","og_description":"Buget record alocat pentru 2026 de Guvern pentru Prim\u0103ria Capitalei. Jurnali\u0219tii Buletin de Bucure\u0219ti au fost prezen\u021bi la dezbatere.","og_url":"https:\/\/buletin.de\/bucuresti\/livetext-buget-record-pentru-primaria-capitalei-cum-explica-ciucu-surplusul-de-15-miliarde\/","og_site_name":"Buletin de Bucure\u0219ti","article_publisher":"https:\/\/www.facebook.com\/buletin.de.buc","article_published_time":"2026-04-30T07:59:55+00:00","article_modified_time":"2026-04-30T09:49:32+00:00","og_image":[{"width":1600,"height":921,"url":"https:\/\/buletin.de\/bucuresti\/wp-content\/uploads\/2026\/04\/dezbaterea-bugetul-capitalei-1600x921-1-1.jpg","type":"image\/jpeg"}],"author":"C\u0103t\u0103lin Anghel-Dimache","twitter_card":"summary_large_image","twitter_misc":{"Written by":"C\u0103t\u0103lin Anghel-Dimache","Estimated reading time":"5 minutes"},"schema":{"@context":"https:\/\/schema.org","@graph":[{"@type":"Article","@id":"https:\/\/buletin.de\/bucuresti\/livetext-buget-record-pentru-primaria-capitalei-cum-explica-ciucu-surplusul-de-15-miliarde\/#article","isPartOf":{"@id":"https:\/\/buletin.de\/bucuresti\/livetext-buget-record-pentru-primaria-capitalei-cum-explica-ciucu-surplusul-de-15-miliarde\/"},"author":{"name":"C\u0103t\u0103lin Anghel-Dimache","@id":"https:\/\/buletin.de\/bucuresti\/#\/schema\/person\/0ac9db30080482be87c7386a30f98796"},"headline":"LIVETEXT | Buget record pentru Prim\u0103ria Capitalei. Cum explic\u0103 Ciucu \u201esurplusul\u201d de 1,5 miliarde","datePublished":"2026-04-30T07:59:55+00:00","dateModified":"2026-04-30T09:49:32+00:00","mainEntityOfPage":{"@id":"https:\/\/buletin.de\/bucuresti\/livetext-buget-record-pentru-primaria-capitalei-cum-explica-ciucu-surplusul-de-15-miliarde\/"},"wordCount":989,"publisher":{"@id":"https:\/\/buletin.de\/bucuresti\/#organization"},"image":{"@id":"https:\/\/buletin.de\/bucuresti\/livetext-buget-record-pentru-primaria-capitalei-cum-explica-ciucu-surplusul-de-15-miliarde\/#primaryimage"},"thumbnailUrl":"https:\/\/buletin.de\/bucuresti\/wp-content\/uploads\/2026\/04\/dezbaterea-bugetul-capitalei-1600x921-1-1.jpg","keywords":["bucuresti","buget","Capitala","pmb","primarie"],"articleSection":["Articole","Economic","Main","Prim\u0103rie"],"inLanguage":"en-GB","copyrightYear":"2026","copyrightHolder":{"@id":"https:\/\/buletin.de\/bucuresti\/#organization"}},{"@type":"WebPage","@id":"https:\/\/buletin.de\/bucuresti\/livetext-buget-record-pentru-primaria-capitalei-cum-explica-ciucu-surplusul-de-15-miliarde\/","url":"https:\/\/buletin.de\/bucuresti\/livetext-buget-record-pentru-primaria-capitalei-cum-explica-ciucu-surplusul-de-15-miliarde\/","name":"LIVETEXT | Buget record pentru Prim\u0103ria Capitalei. Cum explic\u0103 Ciucu \u201esurplusul\u201d de 1,5 miliarde - Buletin de Bucure\u0219ti","isPartOf":{"@id":"https:\/\/buletin.de\/bucuresti\/#website"},"primaryImageOfPage":{"@id":"https:\/\/buletin.de\/bucuresti\/livetext-buget-record-pentru-primaria-capitalei-cum-explica-ciucu-surplusul-de-15-miliarde\/#primaryimage"},"image":{"@id":"https:\/\/buletin.de\/bucuresti\/livetext-buget-record-pentru-primaria-capitalei-cum-explica-ciucu-surplusul-de-15-miliarde\/#primaryimage"},"thumbnailUrl":"https:\/\/buletin.de\/bucuresti\/wp-content\/uploads\/2026\/04\/dezbaterea-bugetul-capitalei-1600x921-1-1.jpg","datePublished":"2026-04-30T07:59:55+00:00","dateModified":"2026-04-30T09:49:32+00:00","description":"Buget record alocat pentru 2026 de Guvern pentru Prim\u0103ria Capitalei. Jurnali\u0219tii Buletin de Bucure\u0219ti au fost prezen\u021bi la dezbatere.","breadcrumb":{"@id":"https:\/\/buletin.de\/bucuresti\/livetext-buget-record-pentru-primaria-capitalei-cum-explica-ciucu-surplusul-de-15-miliarde\/#breadcrumb"},"inLanguage":"en-GB","potentialAction":[{"@type":"ReadAction","target":["https:\/\/buletin.de\/bucuresti\/livetext-buget-record-pentru-primaria-capitalei-cum-explica-ciucu-surplusul-de-15-miliarde\/"]}]},{"@type":"ImageObject","inLanguage":"en-GB","@id":"https:\/\/buletin.de\/bucuresti\/livetext-buget-record-pentru-primaria-capitalei-cum-explica-ciucu-surplusul-de-15-miliarde\/#primaryimage","url":"https:\/\/buletin.de\/bucuresti\/wp-content\/uploads\/2026\/04\/dezbaterea-bugetul-capitalei-1600x921-1-1.jpg","contentUrl":"https:\/\/buletin.de\/bucuresti\/wp-content\/uploads\/2026\/04\/dezbaterea-bugetul-capitalei-1600x921-1-1.jpg","width":1600,"height":921,"caption":"Buget record pentru Prim\u0103ria Capitalei. Cum explic\u0103 Ciucu \u201esurplusul\u201d de 1,5 miliarde. Foto: Ciprian Ciucu \/ FB"},{"@type":"BreadcrumbList","@id":"https:\/\/buletin.de\/bucuresti\/livetext-buget-record-pentru-primaria-capitalei-cum-explica-ciucu-surplusul-de-15-miliarde\/#breadcrumb","itemListElement":[{"@type":"ListItem","position":1,"name":"Acas\u0103","item":"https:\/\/buletin.de\/bucuresti\/"},{"@type":"ListItem","position":2,"name":"LIVETEXT | Buget record pentru Prim\u0103ria Capitalei. Cum explic\u0103 Ciucu \u201esurplusul\u201d de 1,5 miliarde"}]},{"@type":"WebSite","@id":"https:\/\/buletin.de\/bucuresti\/#website","url":"https:\/\/buletin.de\/bucuresti\/","name":"Buletin de Bucure\u0219ti","description":"\u0218tiri \u0219i investiga\u021bii esen\u021biale din capital\u0103","publisher":{"@id":"https:\/\/buletin.de\/bucuresti\/#organization"},"potentialAction":[{"@type":"SearchAction","target":{"@type":"EntryPoint","urlTemplate":"https:\/\/buletin.de\/bucuresti\/?s={search_term_string}"},"query-input":{"@type":"PropertyValueSpecification","valueRequired":true,"valueName":"search_term_string"}}],"inLanguage":"en-GB"},{"@type":"Organization","@id":"https:\/\/buletin.de\/bucuresti\/#organization","name":"Buletin de Bucure\u0219ti","url":"https:\/\/buletin.de\/bucuresti\/","logo":{"@type":"ImageObject","inLanguage":"en-GB","@id":"https:\/\/buletin.de\/bucuresti\/#\/schema\/logo\/image\/","url":"https:\/\/buletin.de\/bucuresti\/wp-content\/uploads\/logo-bdb-full-wide-vernil-transparent.png","contentUrl":"https:\/\/buletin.de\/bucuresti\/wp-content\/uploads\/logo-bdb-full-wide-vernil-transparent.png","width":1782,"height":626,"caption":"Buletin de Bucure\u0219ti"},"image":{"@id":"https:\/\/buletin.de\/bucuresti\/#\/schema\/logo\/image\/"},"sameAs":["https:\/\/www.facebook.com\/buletin.de.buc","https:\/\/www.instagram.com\/buletinde.bucuresti\/"]},{"@type":"Person","@id":"https:\/\/buletin.de\/bucuresti\/#\/schema\/person\/0ac9db30080482be87c7386a30f98796","name":"C\u0103t\u0103lin Anghel-Dimache","image":{"@type":"ImageObject","inLanguage":"en-GB","@id":"https:\/\/buletin.de\/bucuresti\/wp-content\/uploads\/Catalin-Anghel-Dimache-96x96.jpgbd9e43c5b25186d5b8e917ac61ad86c4","url":"https:\/\/buletin.de\/bucuresti\/wp-content\/uploads\/Catalin-Anghel-Dimache-96x96.jpg","contentUrl":"https:\/\/buletin.de\/bucuresti\/wp-content\/uploads\/Catalin-Anghel-Dimache-96x96.jpg","caption":"C\u0103t\u0103lin Anghel-Dimache"},"description":"A absolvit Facultatea de Jurnalism \u0219i \u0218tiin\u021bele Comunic\u0103rii a Universit\u0103\u021bii din Bucure\u0219ti \u00een 2024. Scrie despre mediu \u0219i teme sociale, dar \u0219i despre cum se reflect\u0103 ele \u00een via\u021ba cotidian\u0103 a bucure\u0219tenilor, cu un ochi atent la pove\u0219tile personale din spatele titlurilor. N\u0103scut \u0219i crescut \u00een Bucure\u0219ti, a f\u0103cut un pas c\u0103tre presa local\u0103, din pasiune pentru ora\u0219ul s\u0103u \u0219i oamenii din el.","url":"https:\/\/buletin.de\/bucuresti\/author\/catalin-anghel-dimache\/"}]}},"authors":[{"term_id":22572,"user_id":59,"is_guest":0,"slug":"catalin-anghel-dimache","display_name":"C\u0103t\u0103lin Anghel-Dimache","avatar_url":"https:\/\/buletin.de\/bucuresti\/wp-content\/uploads\/Catalin-Anghel-Dimache-96x96.jpg","0":null,"1":"","2":"","3":"","4":"","5":"","6":"","7":"","8":""}],"_links":{"self":[{"href":"https:\/\/buletin.de\/bucuresti\/wp-json\/wp\/v2\/posts\/190205","targetHints":{"allow":["GET"]}}],"collection":[{"href":"https:\/\/buletin.de\/bucuresti\/wp-json\/wp\/v2\/posts"}],"about":[{"href":"https:\/\/buletin.de\/bucuresti\/wp-json\/wp\/v2\/types\/post"}],"author":[{"embeddable":true,"href":"https:\/\/buletin.de\/bucuresti\/wp-json\/wp\/v2\/users\/59"}],"replies":[{"embeddable":true,"href":"https:\/\/buletin.de\/bucuresti\/wp-json\/wp\/v2\/comments?post=190205"}],"version-history":[{"count":9,"href":"https:\/\/buletin.de\/bucuresti\/wp-json\/wp\/v2\/posts\/190205\/revisions"}],"predecessor-version":[{"id":190265,"href":"https:\/\/buletin.de\/bucuresti\/wp-json\/wp\/v2\/posts\/190205\/revisions\/190265"}],"wp:featuredmedia":[{"embeddable":true,"href":"https:\/\/buletin.de\/bucuresti\/wp-json\/wp\/v2\/media\/190206"}],"wp:attachment":[{"href":"https:\/\/buletin.de\/bucuresti\/wp-json\/wp\/v2\/media?parent=190205"}],"wp:term":[{"taxonomy":"category","embeddable":true,"href":"https:\/\/buletin.de\/bucuresti\/wp-json\/wp\/v2\/categories?post=190205"},{"taxonomy":"post_tag","embeddable":true,"href":"https:\/\/buletin.de\/bucuresti\/wp-json\/wp\/v2\/tags?post=190205"},{"taxonomy":"author","embeddable":true,"href":"https:\/\/buletin.de\/bucuresti\/wp-json\/wp\/v2\/ppma_author?post=190205"}],"curies":[{"name":"wp","href":"https:\/\/api.w.org\/{rel}","templated":true}]}}