{"id":190204,"date":"2026-04-30T12:09:56","date_gmt":"2026-04-30T09:09:56","guid":{"rendered":"https:\/\/buletin.de\/bucuresti\/?p=190204"},"modified":"2026-04-30T12:43:56","modified_gmt":"2026-04-30T09:43:56","slug":"sindicalistii-de-la-metrorex-contesta-amanarea-scumpirii-biletelor-si-acuza-guvernul-de-subfinantare","status":"publish","type":"post","link":"https:\/\/buletin.de\/bucuresti\/sindicalistii-de-la-metrorex-contesta-amanarea-scumpirii-biletelor-si-acuza-guvernul-de-subfinantare\/","title":{"rendered":"Sindicali\u0219tii de la Metrorex contest\u0103 am\u00e2narea scumpirii biletelor \u0219i acuz\u0103 Guvernul de subfinan\u021bare"},"content":{"rendered":"\n<p><strong>Sindicali\u0219tii de la Metrorex au reac\u021bionat dup\u0103 decizia ministrului interimar al Transporturilor, Radu Miru\u021b\u0103, de a suspenda pentru dou\u0103 luni scumpirea biletelor de metrou<\/strong>. <\/p>\n\n\n\n<p>Ace\u0219tia resping ideea potrivit c\u0103reia majorarea tarifelor ar fi fost solicitat\u0103 de sindicat, sus\u021bin\u00e2nd c\u0103 este vorba despre problemele de finan\u021bare \u0219i nerespectarea obliga\u021biilor asumate de Guvern. <\/p>\n\n\n\n<p><a href=\"https:\/\/buletin.de\/bucuresti\/calatoria-cu-metrou-se-scumpeste-cu-40-de-la-ce-data-intra-in-vigoare-noul-tarif-hotnews\/\" type=\"link\" id=\"https:\/\/buletin.de\/bucuresti\/calatoria-cu-metrou-se-scumpeste-cu-40-de-la-ce-data-intra-in-vigoare-noul-tarif-hotnews\/\" target=\"_blank\" rel=\"noreferrer noopener\">Majorarea tarifului la metrou cu 40% <\/a>a fost cerut\u0103 la \u00eenceputul lunii aprilie de c\u0103tre Consiliul de Administra\u021bie al Metrorex. O c\u0103l\u0103torie ar fi trebuit s\u0103 coste 7 lei, de la 5 lei, de la 1 mai. Scumpirile vizau toate titlurile de c\u0103l\u0103torie, inclusiv abonamentele.<\/p>\n\n\n\n<p><strong>CITE\u0218TE \u0218I <a href=\"https:\/\/buletin.de\/bucuresti\/scumpirea-biletelor-de-metrou-se-amana-cu-doua-luni-ministrul-interimar-al-transporturilor-cere-un-plan-de-reducerea-a-cheltuielilor-la-metrorex\/\" target=\"_blank\" rel=\"noreferrer noopener\">Scumpirea biletelor de metrou se am\u00e2n\u0103 cu dou\u0103 luni. Ministrul interimar al Transporturilor cere un plan de reducere a cheltuielilor la Metrorex<\/a><\/strong><\/p>\n\n\n\n<h2 class=\"wp-block-heading\" id=\"h-sindicali\u0219tii-de-la-metrorex-reac\u021bie-privind-amanarea-scumpirii-calatoriei-la-metrou\">Sindicali\u0219tii de la Metrorex, reac\u021bie privind am\u00e2narea scumpirii c\u0103l\u0103toriei la metrou <\/h2>\n\n\n\n<p><strong>Nivelul compensa\u021biei acordate Metrorex, pentru 2026, a fost stabilit de Ministerul Transporturilor, pe baza unor audituri externe, afirm\u0103 reprezentan\u021bii Unitatea &#8211; Sindicatul Liber din Metrou. <\/strong><\/p>\n\n\n\n<p><strong>Dar \u00een locul sumei de 1,27 miliarde de lei prev\u0103zute \u00een contractul de servicii publice, Ministerul de Finan\u021be ar fi alocat doar aproximativ 750 de milioane de lei, adic\u0103 65% din necesar, transmite sindicatul USLM, condus de Marian Artimon, consilier general ales pe listele PSD. <\/strong><\/p>\n\n\n\n<p>\u201eNu am fi intervenit la aceste declara\u021bii ale domnului ministru, dar se las\u0103 impresia c\u0103 tarifele la metroul din Bucure\u0219ti cresc la presiunea sindicatului. Nimic mai fals, tarifele cresc pentru c\u0103 a\u0219a convenise Guvernul Bolojan.<\/p>\n\n\n\n<p>Cresc <a href=\"https:\/\/buletin.de\/bucuresti\/cu-cat-se-vor-scumpi-abonamentele-la-metrou-de-la-1-mai-lista-noilor-tarife-propuse-de-metrorex-hotnews\/\" type=\"link\" id=\"https:\/\/buletin.de\/bucuresti\/cu-cat-se-vor-scumpi-abonamentele-la-metrou-de-la-1-mai-lista-noilor-tarife-propuse-de-metrorex-hotnews\/\" target=\"_blank\" rel=\"noreferrer noopener\">tarifele la metrou<\/a> din cauza faptului c\u0103 Guvernul Rom\u00e2niei nu este capabil s\u0103 \u00ee\u0219i respecte semn\u0103tur\u0103 de pe Contractul de Servicii Publice de Transport, contract pe care \u00eel are cu Metrorex. <strong>Astfel, \u00een anul 2026, Guvernul a semnat c\u0103 v\u0103 acorda o Compensa\u021bie pentru presta\u021bia Metrorex \u00een valoare de 1.270.000.000 lei.<\/strong><\/p>\n\n\n\n<p><strong>Cine a stabilit acest nivel al compensa\u021biei din C.S.P.T.? Guvernul prin M.T.I. Cum? Prin faptul c\u0103 anual a selectat o firma de audit extern, care s\u0103 stabileasc\u0103 valoarea Compensa\u021biei. <\/strong>Deci, nu Metrorex a stabilit valoarea Compensa\u021biei \u0219i cu at\u00e2t mai pu\u021bin Unitatea Sindicatul Liber Metrou.<\/p>\n\n\n\n<p>Pe aceast\u0103 cale, \u00eel informam pe domnul Ministrul Interimar c\u0103 anul acesta, Ministerul de Finan\u021be a anun\u021bat Metrorex c\u0103 aloca <strong>doar 750.000.000 lei Compensa\u021bie<\/strong>, un nivel de 65% din necesar. <strong>Diferen\u021ba de finan\u021bare era prev\u0103zut\u0103 a se acorda \u0219i din cre\u0219terea tarifelor.<\/strong>\u201d, se precizeaz\u0103 \u00een r\u0103spunsul sindicali\u0219tilor.<\/p>\n\n\n\n<p><strong>\u00cen r\u0103spuns, sindicali\u0219tii au mai precizat c\u0103 am\u00e2narea \u00eenseamn\u0103 o pierdere de 20.000.000 de lei pentru Metrorex<\/strong>: \u201eCam scump totu\u0219i acest moment de campanie electoral\u0103.\u201d<\/p>\n\n\n\n<p><strong>CITE\u0218TE \u0218I <a href=\"https:\/\/buletin.de\/bucuresti\/pentru-cine-vom-plati-mai-mult-pe-biletul-de-metrou-personajele-controversate-din-conducerea-metrorex-care-au-marit-la-7-lei-pretul-unei-cal\/\" target=\"_blank\" rel=\"noreferrer noopener\">Pentru cine vom pl\u0103ti mai mult pe biletul de metrou. Personajele controversate din conducerea Metrorex care au m\u0103rit la 7 lei pre\u021bul unei c\u0103l\u0103torii<\/a><\/strong><\/p>\n\n\n\n<h2 class=\"wp-block-heading\" id=\"h-metrorex-ar-avea-de-primit-1-2-miliarde-de-lei-de-la-guvern\">Metrorex ar avea de primit 1,2 miliarde de lei de la Guvern <\/h2>\n\n\n\n<p><strong>\u00cen continuare, Sindicali\u0219tii de la Metrorex<\/strong> <strong>au mai men\u021bionat c\u0103 Metrorex are de recuperat aproximativ 1,2 miliarde de lei din compensa\u021bii neachitate \u00een ultimii ani. Dac\u0103 aceste sume ar fi fost pl\u0103tite la timp, ar fi fost posibile investi\u021bii \u00een modernizarea metroului, mai sus\u021bin ace\u0219tia. <\/strong><\/p>\n\n\n\n<p>\u201e\u00cel inform\u0103m, de asemenea, pe domnul Ministru Interimar c\u0103 Metrorex are de primit de la Guvernul Rom\u00e2niei o suma de 1.200.000.000 lei, reprezent\u00e2nd Compensa\u021bia ne\u00eencasata pe ultimii 7 ani. Poate daca aceste sume veneau la timp se putea moderniza cel pu\u021bin aspectul metroului.<\/p>\n\n\n\n<p>\u00cen \u00eencheiere, dorim s\u0103 \u00eel \u00eentrebam pe domnul Ministru Interimar daca este adev\u0103rat, ceea ce se aude, c\u0103 scopul Interimarului Domniei Sale la M.T.I. este acela de a elimina metroului bucure\u0219tean dreptul la venituri extrabugetare.\u201d, se mai precizeaz\u0103 \u00een r\u0103spuns. <\/p>\n\n\n\n<p><strong>Reprezentan\u021bii <a href=\"https:\/\/uslmetrou.ro\/\" type=\"link\" id=\"https:\/\/uslmetrou.ro\/\" target=\"_blank\" rel=\"noreferrer noopener\">Unitatea &#8211; Sindicatul Liber Metrou<\/a> au anun\u021bat o conferin\u021b\u0103 de pres\u0103 s\u0103pt\u0103m\u00e2na viitoare. <\/strong><\/p>\n\n\n\n<p>CITE\u0218TE \u0218I <a href=\"https:\/\/buletin.de\/bucuresti\/preturi-de-patru-ori-mai-mari-decat-inflatia-pentru-biletele-de-la-metrou-asociatia-metrou-usor-reclama-situatia-la-ministerul-transporturilor\/\" target=\"_blank\" rel=\"noreferrer noopener\">Pre\u021buri de patru ori mai mari dec\u00e2t infla\u021bia pentru biletele de la metrou. Asocia\u021bia \u201eMetrou U\u0219or\u201d reclam\u0103 situa\u021bia la Ministerul Transporturilor<\/a><\/p>\n\n\n\n<h2 class=\"wp-block-heading\" id=\"h-scumpirea-biletelor-de-metrou-amanata-pana-in-iulie\">Scumpirea biletelor de metrou, am\u00e2nat\u0103 p\u00e2n\u0103 \u00een iulie <\/h2>\n\n\n\n<p>Reac\u021bia sindicali\u0219tilor vine \u00een contextul \u00een care ministrul interimar al Transporturilor a anun\u021bat suspendarea major\u0103rii tarifului de c\u0103l\u0103torie de la 5 la 7 lei, pentru dou\u0103 luni. <a href=\"https:\/\/buletin.de\/bucuresti\/oficial-biletul-de-metrou-va-costa-7-lei-ministrul-a-semnat-scumpirea-cu-o-zi-inainte-sa-si-dea-demisia-hotnews\/\" type=\"link\" id=\"https:\/\/buletin.de\/bucuresti\/oficial-biletul-de-metrou-va-costa-7-lei-ministrul-a-semnat-scumpirea-cu-o-zi-inainte-sa-si-dea-demisia-hotnews\/\" target=\"_blank\" rel=\"noreferrer noopener\">Majorarea a fost semnat\u0103 de Ciprian \u0218erban, fost ministru al Transporturilor<\/a>, cu o zi \u00eenainte s\u0103-\u0219i dea demisia, \u00een cursul s\u0103pt\u0103m\u00e2nii trecute. <\/p>\n\n\n\n<p><strong>Radu Miru\u021b\u0103 a transmis c\u0103 exist\u0103 solu\u021bii alternative pentru cre\u0219terea veniturilor Metrorex, f\u0103r\u0103 a afecta c\u0103l\u0103torii \u0219i a afirmat c\u0103 dac\u0103 vor fi aplicate scumpirea biletelor de metrou ar putea fi chiar anulat\u0103. Ministrul a invocat mai multe nereguli descoperite \u00een urma controalelor. <\/strong><\/p>\n\n\n\n<p>\u201eLa prima verificare am g\u0103sit 60 de milioane de euro, bani ne\u00eencasa\u021bi din penalit\u0103\u021bi de la un contract ne\u00eencasat. Am g\u0103sit o situa\u021bie cu ne\u00eenchirierea spa\u021biilor comerciale din sta\u021bii. Am g\u0103sit contracte de publicitate care au fost date f\u0103r\u0103 o procedur\u0103 competitiv\u0103. Am g\u0103sit o companie care utilizeaz\u0103 cu titlu gratuit depouri \u0219i cl\u0103diri ale Metrorex f\u0103r\u0103 a pl\u0103ti nimic\u201d, a declarat Radu Miru\u021b\u0103, miercuri.<\/p>\n\n\n\n<p>Acesta a mai explicat c\u0103 baza sportiv\u0103 de la Ciurel este, \u00een prezent, utilizat\u0103 de sindicatul Metrorex f\u0103r\u0103 a pl\u0103ti chirie fa\u021b\u0103 de compania de transport. \u201e<em>A existat un contract care a expirat de mult.\u201d<\/em>, a ad\u0103ugat ministrul interimar. <\/p>\n\n\n\n<p><strong>Alte nereguli semnalate fac referire la parcarea de la Str\u0103ule\u0219ti, administrat\u0103 \u00een prezent de so\u021bul directoarei generale Mariana Micl\u0103u\u0219, care \u00eenregistreaz\u0103 pierderi de 4 milioane de lei pe an, dar \u0219i triplarea salariilor angaja\u021bilor Metrorex \u00een ultimii 10 ani. \u00cen plus, num\u0103rul angaja\u021bilor este o dat\u0103 \u0219i jum\u0103tate mai mare fa\u021b\u0103 mde cel din Viena, ora\u0219 unde re\u021beaua de metrou este de dou\u0103 ori mai mare. <\/strong><\/p>\n\n\n\n<p>Tot miercuri, ministrul interimar a anun\u021bat convocarea Consiliului de Administra\u021bie pentru demiterea directorului general Metrorex, Mariana Micl\u0103u\u0219, \u0219i trimiterea Corpului de Control pentru evaluarea unor posibile prejudicii. <\/p>\n\n\n\n<p><strong>De asemenea, oficialul a mai declarat c\u0103 m\u0103surile pe care urmeaz\u0103 s\u0103 le ia pentru cre\u0219terea veniturilor Metrorex ar putea aduce venituri mai mari dec\u00e2t cele ob\u021binute prin majorarea tarifului. <\/strong><\/p>\n\n\n\n<p><strong>CITE\u0218TE \u0218I <a href=\"https:\/\/buletin.de\/bucuresti\/scumpirea-biletelor-de-metrou-suspendata-de-ministrul-interimar-al-transporturilor-radu-miruta-cere-demiterea-directorului-metrorex\/\">VIDEO | Scum<\/a><a href=\"https:\/\/buletin.de\/bucuresti\/scumpirea-biletelor-de-metrou-suspendata-de-ministrul-interimar-al-transporturilor-radu-miruta-cere-demiterea-directorului-metrorex\/\" target=\"_blank\" rel=\"noreferrer noopener\">pirea biletelor de metrou va fi anulat\u0103. Ministrul Radu Miru\u021b\u0103 dezv\u0103luie fraude masive la Metrorex \u0219i cere demiter<\/a><a href=\"https:\/\/buletin.de\/bucuresti\/scumpirea-biletelor-de-metrou-suspendata-de-ministrul-interimar-al-transporturilor-radu-miruta-cere-demiterea-directorului-metrorex\/\">ea conducerii<\/a><\/strong><\/p>\n\n\n\n<p><\/p>\n","protected":false},"excerpt":{"rendered":"<p>Sindicali\u0219tii de la Metrorex au reac\u021bionat dup\u0103 decizia ministrului interimar al Transporturilor, Radu Miru\u021b\u0103, de a suspenda pentru dou\u0103 luni scumpirea biletelor de metrou. Ace\u0219tia resping ideea potrivit c\u0103reia majorarea tarifelor ar fi fost solicitat\u0103 de sindicat, sus\u021bin\u00e2nd c\u0103 este vorba despre problemele de finan\u021bare \u0219i nerespectarea obliga\u021biilor asumate de Guvern. Majorarea tarifului la metrou [&hellip;]<\/p>\n","protected":false},"author":65,"featured_media":190231,"comment_status":"closed","ping_status":"open","sticky":false,"template":"","format":"standard","meta":{"_acf_changed":false,"inline_featured_image":false,"ngg_post_thumbnail":0,"footnotes":""},"categories":[6994,5762,650],"tags":[377,2446,17926,16909,16345,3097],"ppma_author":[23912],"class_list":["post-190204","post","type-post","status-publish","format-standard","has-post-thumbnail","hentry","category-stiri-2","category-main","category-transport","tag-metrorex","tag-ministrul-transporturilor","tag-scumpire-bilet-metrou","tag-sindicalisti","tag-sindicat-metrorex","tag-sindicatul-liber-metrou"],"acf":[],"yoast_head":"<!-- This site is optimized with the Yoast SEO Premium plugin v25.3 (Yoast SEO v27.4) - https:\/\/yoast.com\/product\/yoast-seo-premium-wordpress\/ -->\n<title>Sindicali\u0219tii de la Metrorex contest\u0103 am\u00e2narea scumpirii biletelor \u0219i acuz\u0103 Guvernul de subfinan\u021bare - Buletin de Bucure\u0219ti<\/title>\n<meta name=\"description\" content=\"Sindicali\u0219tii de la Metrorex au reac\u021bionat dup\u0103 declara\u021biile ministrului interimar al Transporturilor privind scumpirea biletelor de metrou.\" \/>\n<meta name=\"robots\" content=\"index, follow, max-snippet:-1, max-image-preview:large, max-video-preview:-1\" \/>\n<link rel=\"canonical\" href=\"https:\/\/buletin.de\/bucuresti\/sindicalistii-de-la-metrorex-contesta-amanarea-scumpirii-biletelor-si-acuza-guvernul-de-subfinantare\/\" \/>\n<meta property=\"og:locale\" content=\"en_GB\" \/>\n<meta property=\"og:type\" content=\"article\" \/>\n<meta property=\"og:title\" content=\"Sindicali\u0219tii de la Metrorex contest\u0103 am\u00e2narea scumpirii biletelor \u0219i acuz\u0103 Guvernul de subfinan\u021bare\" \/>\n<meta property=\"og:description\" content=\"Sindicali\u0219tii de la Metrorex au reac\u021bionat dup\u0103 declara\u021biile ministrului interimar al Transporturilor privind scumpirea biletelor de metrou.\" \/>\n<meta property=\"og:url\" content=\"https:\/\/buletin.de\/bucuresti\/sindicalistii-de-la-metrorex-contesta-amanarea-scumpirii-biletelor-si-acuza-guvernul-de-subfinantare\/\" \/>\n<meta property=\"og:site_name\" content=\"Buletin de Bucure\u0219ti\" \/>\n<meta property=\"article:publisher\" content=\"https:\/\/www.facebook.com\/buletin.de.buc\" \/>\n<meta property=\"article:published_time\" content=\"2026-04-30T09:09:56+00:00\" \/>\n<meta property=\"article:modified_time\" content=\"2026-04-30T09:43:56+00:00\" \/>\n<meta property=\"og:image\" content=\"https:\/\/buletin.de\/bucuresti\/wp-content\/uploads\/2026\/04\/Metrou-1-Photos_Octav_Ganea-scaled-1.jpg\" \/>\n\t<meta property=\"og:image:width\" content=\"2560\" \/>\n\t<meta property=\"og:image:height\" content=\"1706\" \/>\n\t<meta property=\"og:image:type\" content=\"image\/jpeg\" \/>\n<meta name=\"author\" content=\"Andreea St\u0103n\u0103r\u00eeng\u0103\" \/>\n<meta name=\"twitter:card\" content=\"summary_large_image\" \/>\n<meta name=\"twitter:label1\" content=\"Written by\" \/>\n\t<meta name=\"twitter:data1\" content=\"Andreea St\u0103n\u0103r\u00eeng\u0103\" \/>\n\t<meta name=\"twitter:label2\" content=\"Estimated reading time\" \/>\n\t<meta name=\"twitter:data2\" content=\"5 minutes\" \/>\n<script type=\"application\/ld+json\" class=\"yoast-schema-graph\">{\"@context\":\"https:\\\/\\\/schema.org\",\"@graph\":[{\"@type\":\"Article\",\"@id\":\"https:\\\/\\\/buletin.de\\\/bucuresti\\\/sindicalistii-de-la-metrorex-contesta-amanarea-scumpirii-biletelor-si-acuza-guvernul-de-subfinantare\\\/#article\",\"isPartOf\":{\"@id\":\"https:\\\/\\\/buletin.de\\\/bucuresti\\\/sindicalistii-de-la-metrorex-contesta-amanarea-scumpirii-biletelor-si-acuza-guvernul-de-subfinantare\\\/\"},\"author\":{\"name\":\"Andreea St\u0103n\u0103r\u00eeng\u0103\",\"@id\":\"https:\\\/\\\/buletin.de\\\/bucuresti\\\/#\\\/schema\\\/person\\\/81421a46fb84a0887cfd2238f5202586\"},\"headline\":\"Sindicali\u0219tii de la Metrorex contest\u0103 am\u00e2narea scumpirii biletelor \u0219i acuz\u0103 Guvernul de subfinan\u021bare\",\"datePublished\":\"2026-04-30T09:09:56+00:00\",\"dateModified\":\"2026-04-30T09:43:56+00:00\",\"mainEntityOfPage\":{\"@id\":\"https:\\\/\\\/buletin.de\\\/bucuresti\\\/sindicalistii-de-la-metrorex-contesta-amanarea-scumpirii-biletelor-si-acuza-guvernul-de-subfinantare\\\/\"},\"wordCount\":1098,\"publisher\":{\"@id\":\"https:\\\/\\\/buletin.de\\\/bucuresti\\\/#organization\"},\"image\":{\"@id\":\"https:\\\/\\\/buletin.de\\\/bucuresti\\\/sindicalistii-de-la-metrorex-contesta-amanarea-scumpirii-biletelor-si-acuza-guvernul-de-subfinantare\\\/#primaryimage\"},\"thumbnailUrl\":\"https:\\\/\\\/buletin.de\\\/bucuresti\\\/wp-content\\\/uploads\\\/2026\\\/04\\\/Metrou-1-Photos_Octav_Ganea-scaled-1.jpg\",\"keywords\":[\"metrorex\",\"Ministrul Transporturilor\",\"scumpire bilet metrou\",\"sindicalisti\",\"sindicat Metrorex\",\"sindicatul liber metrou\"],\"articleSection\":[\"Articole\",\"Main\",\"Transport\"],\"inLanguage\":\"en-GB\",\"copyrightYear\":\"2026\",\"copyrightHolder\":{\"@id\":\"https:\\\/\\\/buletin.de\\\/bucuresti\\\/#organization\"}},{\"@type\":\"WebPage\",\"@id\":\"https:\\\/\\\/buletin.de\\\/bucuresti\\\/sindicalistii-de-la-metrorex-contesta-amanarea-scumpirii-biletelor-si-acuza-guvernul-de-subfinantare\\\/\",\"url\":\"https:\\\/\\\/buletin.de\\\/bucuresti\\\/sindicalistii-de-la-metrorex-contesta-amanarea-scumpirii-biletelor-si-acuza-guvernul-de-subfinantare\\\/\",\"name\":\"Sindicali\u0219tii de la Metrorex contest\u0103 am\u00e2narea scumpirii biletelor \u0219i acuz\u0103 Guvernul de subfinan\u021bare - Buletin de Bucure\u0219ti\",\"isPartOf\":{\"@id\":\"https:\\\/\\\/buletin.de\\\/bucuresti\\\/#website\"},\"primaryImageOfPage\":{\"@id\":\"https:\\\/\\\/buletin.de\\\/bucuresti\\\/sindicalistii-de-la-metrorex-contesta-amanarea-scumpirii-biletelor-si-acuza-guvernul-de-subfinantare\\\/#primaryimage\"},\"image\":{\"@id\":\"https:\\\/\\\/buletin.de\\\/bucuresti\\\/sindicalistii-de-la-metrorex-contesta-amanarea-scumpirii-biletelor-si-acuza-guvernul-de-subfinantare\\\/#primaryimage\"},\"thumbnailUrl\":\"https:\\\/\\\/buletin.de\\\/bucuresti\\\/wp-content\\\/uploads\\\/2026\\\/04\\\/Metrou-1-Photos_Octav_Ganea-scaled-1.jpg\",\"datePublished\":\"2026-04-30T09:09:56+00:00\",\"dateModified\":\"2026-04-30T09:43:56+00:00\",\"description\":\"Sindicali\u0219tii de la Metrorex au reac\u021bionat dup\u0103 declara\u021biile ministrului interimar al Transporturilor privind scumpirea biletelor de metrou.\",\"breadcrumb\":{\"@id\":\"https:\\\/\\\/buletin.de\\\/bucuresti\\\/sindicalistii-de-la-metrorex-contesta-amanarea-scumpirii-biletelor-si-acuza-guvernul-de-subfinantare\\\/#breadcrumb\"},\"inLanguage\":\"en-GB\",\"potentialAction\":[{\"@type\":\"ReadAction\",\"target\":[\"https:\\\/\\\/buletin.de\\\/bucuresti\\\/sindicalistii-de-la-metrorex-contesta-amanarea-scumpirii-biletelor-si-acuza-guvernul-de-subfinantare\\\/\"]}]},{\"@type\":\"ImageObject\",\"inLanguage\":\"en-GB\",\"@id\":\"https:\\\/\\\/buletin.de\\\/bucuresti\\\/sindicalistii-de-la-metrorex-contesta-amanarea-scumpirii-biletelor-si-acuza-guvernul-de-subfinantare\\\/#primaryimage\",\"url\":\"https:\\\/\\\/buletin.de\\\/bucuresti\\\/wp-content\\\/uploads\\\/2026\\\/04\\\/Metrou-1-Photos_Octav_Ganea-scaled-1.jpg\",\"contentUrl\":\"https:\\\/\\\/buletin.de\\\/bucuresti\\\/wp-content\\\/uploads\\\/2026\\\/04\\\/Metrou-1-Photos_Octav_Ganea-scaled-1.jpg\",\"width\":2560,\"height\":1706,\"caption\":\"Sindicali\u0219tii de la Metrorex, reac\u021bie dup\u0103 am\u00e2narea scumpirii biletelor de metrou. Foto: Inquam Photos\\\/Octav Ganea\"},{\"@type\":\"BreadcrumbList\",\"@id\":\"https:\\\/\\\/buletin.de\\\/bucuresti\\\/sindicalistii-de-la-metrorex-contesta-amanarea-scumpirii-biletelor-si-acuza-guvernul-de-subfinantare\\\/#breadcrumb\",\"itemListElement\":[{\"@type\":\"ListItem\",\"position\":1,\"name\":\"Acas\u0103\",\"item\":\"https:\\\/\\\/buletin.de\\\/bucuresti\\\/\"},{\"@type\":\"ListItem\",\"position\":2,\"name\":\"Sindicali\u0219tii de la Metrorex contest\u0103 am\u00e2narea scumpirii biletelor \u0219i acuz\u0103 Guvernul de subfinan\u021bare\"}]},{\"@type\":\"WebSite\",\"@id\":\"https:\\\/\\\/buletin.de\\\/bucuresti\\\/#website\",\"url\":\"https:\\\/\\\/buletin.de\\\/bucuresti\\\/\",\"name\":\"Buletin de Bucure\u0219ti\",\"description\":\"\u0218tiri \u0219i investiga\u021bii esen\u021biale din capital\u0103\",\"publisher\":{\"@id\":\"https:\\\/\\\/buletin.de\\\/bucuresti\\\/#organization\"},\"potentialAction\":[{\"@type\":\"SearchAction\",\"target\":{\"@type\":\"EntryPoint\",\"urlTemplate\":\"https:\\\/\\\/buletin.de\\\/bucuresti\\\/?s={search_term_string}\"},\"query-input\":{\"@type\":\"PropertyValueSpecification\",\"valueRequired\":true,\"valueName\":\"search_term_string\"}}],\"inLanguage\":\"en-GB\"},{\"@type\":\"Organization\",\"@id\":\"https:\\\/\\\/buletin.de\\\/bucuresti\\\/#organization\",\"name\":\"Buletin de Bucure\u0219ti\",\"url\":\"https:\\\/\\\/buletin.de\\\/bucuresti\\\/\",\"logo\":{\"@type\":\"ImageObject\",\"inLanguage\":\"en-GB\",\"@id\":\"https:\\\/\\\/buletin.de\\\/bucuresti\\\/#\\\/schema\\\/logo\\\/image\\\/\",\"url\":\"https:\\\/\\\/buletin.de\\\/bucuresti\\\/wp-content\\\/uploads\\\/logo-bdb-full-wide-vernil-transparent.png\",\"contentUrl\":\"https:\\\/\\\/buletin.de\\\/bucuresti\\\/wp-content\\\/uploads\\\/logo-bdb-full-wide-vernil-transparent.png\",\"width\":1782,\"height\":626,\"caption\":\"Buletin de Bucure\u0219ti\"},\"image\":{\"@id\":\"https:\\\/\\\/buletin.de\\\/bucuresti\\\/#\\\/schema\\\/logo\\\/image\\\/\"},\"sameAs\":[\"https:\\\/\\\/www.facebook.com\\\/buletin.de.buc\",\"https:\\\/\\\/www.instagram.com\\\/buletinde.bucuresti\\\/\"]},{\"@type\":\"Person\",\"@id\":\"https:\\\/\\\/buletin.de\\\/bucuresti\\\/#\\\/schema\\\/person\\\/81421a46fb84a0887cfd2238f5202586\",\"name\":\"Andreea St\u0103n\u0103r\u00eeng\u0103\",\"image\":{\"@type\":\"ImageObject\",\"inLanguage\":\"en-GB\",\"@id\":\"https:\\\/\\\/secure.gravatar.com\\\/avatar\\\/dfa8d227a4388fad0f0bb03add04b5b176f4da34397dbb2eadc563b3d7162ce0?s=96&d=monsterid&r=g72784372b39ffe5a98a45288fe0d0e8a\",\"url\":\"https:\\\/\\\/secure.gravatar.com\\\/avatar\\\/dfa8d227a4388fad0f0bb03add04b5b176f4da34397dbb2eadc563b3d7162ce0?s=96&d=monsterid&r=g\",\"contentUrl\":\"https:\\\/\\\/secure.gravatar.com\\\/avatar\\\/dfa8d227a4388fad0f0bb03add04b5b176f4da34397dbb2eadc563b3d7162ce0?s=96&d=monsterid&r=g\",\"caption\":\"Andreea St\u0103n\u0103r\u00eeng\u0103\"},\"description\":\"Cu o experien\u021b\u0103 de peste 5 ani \u00een pres\u0103, face parte din echipa Buletin de Bucure\u0219ti din septembrie 2025. A colaborat cu c\u00e2teva publica\u021bii, printre care \u0219i Fanatik.ro, unde s-a ocupat de \u0219tiri de lifestyle \u0219i de actualitate. A f\u0103cut un pas c\u0103tre presa local\u0103 pentru a explora Bucure\u0219tiul \u0219i pove\u0219tile care merit\u0103 spuse.\",\"url\":\"https:\\\/\\\/buletin.de\\\/bucuresti\\\/author\\\/andreea-stanaranga\\\/\"}]}<\/script>\n<!-- \/ Yoast SEO Premium plugin. -->","yoast_head_json":{"title":"Sindicali\u0219tii de la Metrorex contest\u0103 am\u00e2narea scumpirii biletelor \u0219i acuz\u0103 Guvernul de subfinan\u021bare - Buletin de Bucure\u0219ti","description":"Sindicali\u0219tii de la Metrorex au reac\u021bionat dup\u0103 declara\u021biile ministrului interimar al Transporturilor privind scumpirea biletelor de metrou.","robots":{"index":"index","follow":"follow","max-snippet":"max-snippet:-1","max-image-preview":"max-image-preview:large","max-video-preview":"max-video-preview:-1"},"canonical":"https:\/\/buletin.de\/bucuresti\/sindicalistii-de-la-metrorex-contesta-amanarea-scumpirii-biletelor-si-acuza-guvernul-de-subfinantare\/","og_locale":"en_GB","og_type":"article","og_title":"Sindicali\u0219tii de la Metrorex contest\u0103 am\u00e2narea scumpirii biletelor \u0219i acuz\u0103 Guvernul de subfinan\u021bare","og_description":"Sindicali\u0219tii de la Metrorex au reac\u021bionat dup\u0103 declara\u021biile ministrului interimar al Transporturilor privind scumpirea biletelor de metrou.","og_url":"https:\/\/buletin.de\/bucuresti\/sindicalistii-de-la-metrorex-contesta-amanarea-scumpirii-biletelor-si-acuza-guvernul-de-subfinantare\/","og_site_name":"Buletin de Bucure\u0219ti","article_publisher":"https:\/\/www.facebook.com\/buletin.de.buc","article_published_time":"2026-04-30T09:09:56+00:00","article_modified_time":"2026-04-30T09:43:56+00:00","og_image":[{"width":2560,"height":1706,"url":"https:\/\/buletin.de\/bucuresti\/wp-content\/uploads\/2026\/04\/Metrou-1-Photos_Octav_Ganea-scaled-1.jpg","type":"image\/jpeg"}],"author":"Andreea St\u0103n\u0103r\u00eeng\u0103","twitter_card":"summary_large_image","twitter_misc":{"Written by":"Andreea St\u0103n\u0103r\u00eeng\u0103","Estimated reading time":"5 minutes"},"schema":{"@context":"https:\/\/schema.org","@graph":[{"@type":"Article","@id":"https:\/\/buletin.de\/bucuresti\/sindicalistii-de-la-metrorex-contesta-amanarea-scumpirii-biletelor-si-acuza-guvernul-de-subfinantare\/#article","isPartOf":{"@id":"https:\/\/buletin.de\/bucuresti\/sindicalistii-de-la-metrorex-contesta-amanarea-scumpirii-biletelor-si-acuza-guvernul-de-subfinantare\/"},"author":{"name":"Andreea St\u0103n\u0103r\u00eeng\u0103","@id":"https:\/\/buletin.de\/bucuresti\/#\/schema\/person\/81421a46fb84a0887cfd2238f5202586"},"headline":"Sindicali\u0219tii de la Metrorex contest\u0103 am\u00e2narea scumpirii biletelor \u0219i acuz\u0103 Guvernul de subfinan\u021bare","datePublished":"2026-04-30T09:09:56+00:00","dateModified":"2026-04-30T09:43:56+00:00","mainEntityOfPage":{"@id":"https:\/\/buletin.de\/bucuresti\/sindicalistii-de-la-metrorex-contesta-amanarea-scumpirii-biletelor-si-acuza-guvernul-de-subfinantare\/"},"wordCount":1098,"publisher":{"@id":"https:\/\/buletin.de\/bucuresti\/#organization"},"image":{"@id":"https:\/\/buletin.de\/bucuresti\/sindicalistii-de-la-metrorex-contesta-amanarea-scumpirii-biletelor-si-acuza-guvernul-de-subfinantare\/#primaryimage"},"thumbnailUrl":"https:\/\/buletin.de\/bucuresti\/wp-content\/uploads\/2026\/04\/Metrou-1-Photos_Octav_Ganea-scaled-1.jpg","keywords":["metrorex","Ministrul Transporturilor","scumpire bilet metrou","sindicalisti","sindicat Metrorex","sindicatul liber metrou"],"articleSection":["Articole","Main","Transport"],"inLanguage":"en-GB","copyrightYear":"2026","copyrightHolder":{"@id":"https:\/\/buletin.de\/bucuresti\/#organization"}},{"@type":"WebPage","@id":"https:\/\/buletin.de\/bucuresti\/sindicalistii-de-la-metrorex-contesta-amanarea-scumpirii-biletelor-si-acuza-guvernul-de-subfinantare\/","url":"https:\/\/buletin.de\/bucuresti\/sindicalistii-de-la-metrorex-contesta-amanarea-scumpirii-biletelor-si-acuza-guvernul-de-subfinantare\/","name":"Sindicali\u0219tii de la Metrorex contest\u0103 am\u00e2narea scumpirii biletelor \u0219i acuz\u0103 Guvernul de subfinan\u021bare - Buletin de Bucure\u0219ti","isPartOf":{"@id":"https:\/\/buletin.de\/bucuresti\/#website"},"primaryImageOfPage":{"@id":"https:\/\/buletin.de\/bucuresti\/sindicalistii-de-la-metrorex-contesta-amanarea-scumpirii-biletelor-si-acuza-guvernul-de-subfinantare\/#primaryimage"},"image":{"@id":"https:\/\/buletin.de\/bucuresti\/sindicalistii-de-la-metrorex-contesta-amanarea-scumpirii-biletelor-si-acuza-guvernul-de-subfinantare\/#primaryimage"},"thumbnailUrl":"https:\/\/buletin.de\/bucuresti\/wp-content\/uploads\/2026\/04\/Metrou-1-Photos_Octav_Ganea-scaled-1.jpg","datePublished":"2026-04-30T09:09:56+00:00","dateModified":"2026-04-30T09:43:56+00:00","description":"Sindicali\u0219tii de la Metrorex au reac\u021bionat dup\u0103 declara\u021biile ministrului interimar al Transporturilor privind scumpirea biletelor de metrou.","breadcrumb":{"@id":"https:\/\/buletin.de\/bucuresti\/sindicalistii-de-la-metrorex-contesta-amanarea-scumpirii-biletelor-si-acuza-guvernul-de-subfinantare\/#breadcrumb"},"inLanguage":"en-GB","potentialAction":[{"@type":"ReadAction","target":["https:\/\/buletin.de\/bucuresti\/sindicalistii-de-la-metrorex-contesta-amanarea-scumpirii-biletelor-si-acuza-guvernul-de-subfinantare\/"]}]},{"@type":"ImageObject","inLanguage":"en-GB","@id":"https:\/\/buletin.de\/bucuresti\/sindicalistii-de-la-metrorex-contesta-amanarea-scumpirii-biletelor-si-acuza-guvernul-de-subfinantare\/#primaryimage","url":"https:\/\/buletin.de\/bucuresti\/wp-content\/uploads\/2026\/04\/Metrou-1-Photos_Octav_Ganea-scaled-1.jpg","contentUrl":"https:\/\/buletin.de\/bucuresti\/wp-content\/uploads\/2026\/04\/Metrou-1-Photos_Octav_Ganea-scaled-1.jpg","width":2560,"height":1706,"caption":"Sindicali\u0219tii de la Metrorex, reac\u021bie dup\u0103 am\u00e2narea scumpirii biletelor de metrou. Foto: Inquam Photos\/Octav Ganea"},{"@type":"BreadcrumbList","@id":"https:\/\/buletin.de\/bucuresti\/sindicalistii-de-la-metrorex-contesta-amanarea-scumpirii-biletelor-si-acuza-guvernul-de-subfinantare\/#breadcrumb","itemListElement":[{"@type":"ListItem","position":1,"name":"Acas\u0103","item":"https:\/\/buletin.de\/bucuresti\/"},{"@type":"ListItem","position":2,"name":"Sindicali\u0219tii de la Metrorex contest\u0103 am\u00e2narea scumpirii biletelor \u0219i acuz\u0103 Guvernul de subfinan\u021bare"}]},{"@type":"WebSite","@id":"https:\/\/buletin.de\/bucuresti\/#website","url":"https:\/\/buletin.de\/bucuresti\/","name":"Buletin de Bucure\u0219ti","description":"\u0218tiri \u0219i investiga\u021bii esen\u021biale din capital\u0103","publisher":{"@id":"https:\/\/buletin.de\/bucuresti\/#organization"},"potentialAction":[{"@type":"SearchAction","target":{"@type":"EntryPoint","urlTemplate":"https:\/\/buletin.de\/bucuresti\/?s={search_term_string}"},"query-input":{"@type":"PropertyValueSpecification","valueRequired":true,"valueName":"search_term_string"}}],"inLanguage":"en-GB"},{"@type":"Organization","@id":"https:\/\/buletin.de\/bucuresti\/#organization","name":"Buletin de Bucure\u0219ti","url":"https:\/\/buletin.de\/bucuresti\/","logo":{"@type":"ImageObject","inLanguage":"en-GB","@id":"https:\/\/buletin.de\/bucuresti\/#\/schema\/logo\/image\/","url":"https:\/\/buletin.de\/bucuresti\/wp-content\/uploads\/logo-bdb-full-wide-vernil-transparent.png","contentUrl":"https:\/\/buletin.de\/bucuresti\/wp-content\/uploads\/logo-bdb-full-wide-vernil-transparent.png","width":1782,"height":626,"caption":"Buletin de Bucure\u0219ti"},"image":{"@id":"https:\/\/buletin.de\/bucuresti\/#\/schema\/logo\/image\/"},"sameAs":["https:\/\/www.facebook.com\/buletin.de.buc","https:\/\/www.instagram.com\/buletinde.bucuresti\/"]},{"@type":"Person","@id":"https:\/\/buletin.de\/bucuresti\/#\/schema\/person\/81421a46fb84a0887cfd2238f5202586","name":"Andreea St\u0103n\u0103r\u00eeng\u0103","image":{"@type":"ImageObject","inLanguage":"en-GB","@id":"https:\/\/secure.gravatar.com\/avatar\/dfa8d227a4388fad0f0bb03add04b5b176f4da34397dbb2eadc563b3d7162ce0?s=96&d=monsterid&r=g72784372b39ffe5a98a45288fe0d0e8a","url":"https:\/\/secure.gravatar.com\/avatar\/dfa8d227a4388fad0f0bb03add04b5b176f4da34397dbb2eadc563b3d7162ce0?s=96&d=monsterid&r=g","contentUrl":"https:\/\/secure.gravatar.com\/avatar\/dfa8d227a4388fad0f0bb03add04b5b176f4da34397dbb2eadc563b3d7162ce0?s=96&d=monsterid&r=g","caption":"Andreea St\u0103n\u0103r\u00eeng\u0103"},"description":"Cu o experien\u021b\u0103 de peste 5 ani \u00een pres\u0103, face parte din echipa Buletin de Bucure\u0219ti din septembrie 2025. A colaborat cu c\u00e2teva publica\u021bii, printre care \u0219i Fanatik.ro, unde s-a ocupat de \u0219tiri de lifestyle \u0219i de actualitate. A f\u0103cut un pas c\u0103tre presa local\u0103 pentru a explora Bucure\u0219tiul \u0219i pove\u0219tile care merit\u0103 spuse.","url":"https:\/\/buletin.de\/bucuresti\/author\/andreea-stanaranga\/"}]}},"authors":[{"term_id":23912,"user_id":65,"is_guest":0,"slug":"andreea-stanaranga","display_name":"Andreea St\u0103n\u0103r\u00eeng\u0103","avatar_url":"https:\/\/secure.gravatar.com\/avatar\/dfa8d227a4388fad0f0bb03add04b5b176f4da34397dbb2eadc563b3d7162ce0?s=96&d=monsterid&r=g","0":null,"1":"","2":"","3":"","4":"","5":"","6":"","7":"","8":""}],"_links":{"self":[{"href":"https:\/\/buletin.de\/bucuresti\/wp-json\/wp\/v2\/posts\/190204","targetHints":{"allow":["GET"]}}],"collection":[{"href":"https:\/\/buletin.de\/bucuresti\/wp-json\/wp\/v2\/posts"}],"about":[{"href":"https:\/\/buletin.de\/bucuresti\/wp-json\/wp\/v2\/types\/post"}],"author":[{"embeddable":true,"href":"https:\/\/buletin.de\/bucuresti\/wp-json\/wp\/v2\/users\/65"}],"replies":[{"embeddable":true,"href":"https:\/\/buletin.de\/bucuresti\/wp-json\/wp\/v2\/comments?post=190204"}],"version-history":[{"count":17,"href":"https:\/\/buletin.de\/bucuresti\/wp-json\/wp\/v2\/posts\/190204\/revisions"}],"predecessor-version":[{"id":190260,"href":"https:\/\/buletin.de\/bucuresti\/wp-json\/wp\/v2\/posts\/190204\/revisions\/190260"}],"wp:featuredmedia":[{"embeddable":true,"href":"https:\/\/buletin.de\/bucuresti\/wp-json\/wp\/v2\/media\/190231"}],"wp:attachment":[{"href":"https:\/\/buletin.de\/bucuresti\/wp-json\/wp\/v2\/media?parent=190204"}],"wp:term":[{"taxonomy":"category","embeddable":true,"href":"https:\/\/buletin.de\/bucuresti\/wp-json\/wp\/v2\/categories?post=190204"},{"taxonomy":"post_tag","embeddable":true,"href":"https:\/\/buletin.de\/bucuresti\/wp-json\/wp\/v2\/tags?post=190204"},{"taxonomy":"author","embeddable":true,"href":"https:\/\/buletin.de\/bucuresti\/wp-json\/wp\/v2\/ppma_author?post=190204"}],"curies":[{"name":"wp","href":"https:\/\/api.w.org\/{rel}","templated":true}]}}