{"id":190198,"date":"2026-04-30T10:39:30","date_gmt":"2026-04-30T07:39:30","guid":{"rendered":"https:\/\/buletin.de\/bucuresti\/?p=190198"},"modified":"2026-04-30T10:39:31","modified_gmt":"2026-04-30T07:39:31","slug":"adaposturile-aspa-sunt-inchise-pentru-public-de-1-mai-cand-revin-la-programul-normal","status":"publish","type":"post","link":"https:\/\/buletin.de\/bucuresti\/adaposturile-aspa-sunt-inchise-pentru-public-de-1-mai-cand-revin-la-programul-normal\/","title":{"rendered":"Ad\u0103posturile ASPA sunt \u00eenchise pentru public, de 1 Mai. C\u00e2nd revin la programul normal"},"content":{"rendered":"\n<p><strong>Ad\u0103posturile ASPA vor fi \u00eenchise pentru public de 1 Mai, astfel c\u0103 nu pot fi efectuate vizite timp de c\u00e2teva zile. Acestea vor reveni la programul normal s\u0103pt\u0103m\u00e2na viitoare. <\/strong><\/p>\n\n\n\n<p><strong>Cele dou\u0103 ad\u0103posturi ASPA, respectiv ASPA Bragadiru \u0219i ASPA Mih\u0103ile\u0219ti, nu vor putea fi vizitate<mark style=\"background-color:rgba(0, 0, 0, 0)\" class=\"has-inline-color has-vivid-red-color\"> \u00een perioada 1 &#8211; 4 mai 2026<\/mark>. <\/strong><\/p>\n\n\n\n<h2 class=\"wp-block-heading\" id=\"h-adaposturile-aspa-nu-vor-putea-fi-vizitate-de-1-mai\">Ad\u0103posturile ASPA nu vor putea fi vizitate de 1 Mai<\/h2>\n\n\n\n<p id=\"h-adaposturile-aspa-nu-vor-putea-fi-vizitate-de-1-mai\">Anun\u021bul a fost f\u0103cut de Autoritatea pentru Supravegherea \u0219i Protec\u021bia Animalelor, pe pagina de <a href=\"https:\/\/www.facebook.com\/photo\/?fbid=1308948514723616&amp;set=a.448021274149682\" type=\"link\" id=\"https:\/\/www.facebook.com\/photo\/?fbid=1308948514723616&amp;set=a.448021274149682\" target=\"_blank\" rel=\"noreferrer noopener\">Facebook<\/a>. <\/p>\n\n\n\n<p>\u00cen acest timp, reprezentan\u021bii ASPA \u0219i medicii veterinari se vor ocupa de c\u0103\u021beii din ad\u0103posturi. \u00cen aceste zile, cei care sunt interesa\u021bi s\u0103 adopte un c\u0103\u021bel pot accesa catalogul online, disponibil<em><a href=\"https:\/\/aspa.ro\/catalog\/\" type=\"link\" id=\"https:\/\/aspa.ro\/catalog\/\" target=\"_blank\" rel=\"noreferrer noopener\"> <\/a><\/em><a href=\"https:\/\/aspa.ro\/catalog\/\" type=\"link\" id=\"https:\/\/aspa.ro\/catalog\/\" target=\"_blank\" rel=\"noreferrer noopener\">pe site-ul ASPA<\/a>.<\/p>\n\n\n\n<p>\u00cencep\u00e2nd cu 5 mai 2026, ad\u0103posturile vor reveni la programul normal, de mar\u021bi p\u00e2n\u0103 s\u00e2mb\u0103t\u0103, \u00een intervalul orar <strong>10:00 &#8211; 16:00. <\/strong><\/p>\n\n\n\n<p>Pentru sesiz\u0103ri, cet\u0103\u021benii pot suna la num\u0103rul <strong>0219844<\/strong>, disponibil NONSTOP.<\/p>\n\n\n\n<figure class=\"wp-block-image size-large\"><img fetchpriority=\"high\" decoding=\"async\" width=\"1000\" height=\"1000\" src=\"data:image\/gif;base64,R0lGODlhAQABAAAAACH5BAEKAAEALAAAAAABAAEAAAICTAEAOw==\" data-src=\"https:\/\/buletin.de\/bucuresti\/wp-content\/uploads\/2026\/04\/682179953_1308185014799966_6786989073005674559_n-1000x1000.jpg\" alt=\"\" class=\"wp-image-190199 lazyload\" data-sizes=\"auto\" data-srcset=\"https:\/\/buletin.de\/bucuresti\/wp-content\/uploads\/2026\/04\/682179953_1308185014799966_6786989073005674559_n-1000x1000.jpg 1000w, https:\/\/buletin.de\/bucuresti\/wp-content\/uploads\/2026\/04\/682179953_1308185014799966_6786989073005674559_n-300x300.jpg 300w, https:\/\/buletin.de\/bucuresti\/wp-content\/uploads\/2026\/04\/682179953_1308185014799966_6786989073005674559_n-150x150.jpg 150w, https:\/\/buletin.de\/bucuresti\/wp-content\/uploads\/2026\/04\/682179953_1308185014799966_6786989073005674559_n-768x768.jpg 768w, https:\/\/buletin.de\/bucuresti\/wp-content\/uploads\/2026\/04\/682179953_1308185014799966_6786989073005674559_n-24x24.jpg 24w, https:\/\/buletin.de\/bucuresti\/wp-content\/uploads\/2026\/04\/682179953_1308185014799966_6786989073005674559_n-48x48.jpg 48w, https:\/\/buletin.de\/bucuresti\/wp-content\/uploads\/2026\/04\/682179953_1308185014799966_6786989073005674559_n-96x96.jpg 96w, https:\/\/buletin.de\/bucuresti\/wp-content\/uploads\/2026\/04\/682179953_1308185014799966_6786989073005674559_n-600x600.jpg 600w, https:\/\/buletin.de\/bucuresti\/wp-content\/uploads\/2026\/04\/682179953_1308185014799966_6786989073005674559_n-20x20.jpg 20w, https:\/\/buletin.de\/bucuresti\/wp-content\/uploads\/2026\/04\/682179953_1308185014799966_6786989073005674559_n.jpg 1080w\" sizes=\"(max-width: 1000px) 100vw, 1000px\" \/><figcaption class=\"wp-element-caption\">Foto: FB\/ASPA Bucure\u0219ti<\/figcaption><\/figure>\n\n\n\n<h2 class=\"wp-block-heading\" id=\"h-cand-are-loc-urmatorul-targ-de-adop\u021bii-organizat-de-aspa\">C\u00e2nd are loc urm\u0103torul t\u00e2rg de adop\u021bii organizat de ASPA<\/h2>\n\n\n\n<p><strong>ASPA organizeaz\u0103 <a href=\"https:\/\/buletin.de\/bucuresti\/aspa-organizeaza-un-nou-targ-de-adoptii-in-parcul-carol-in-primele-zile-ale-lunii-mai\/\" type=\"link\" id=\"https:\/\/buletin.de\/bucuresti\/aspa-organizeaza-un-nou-targ-de-adoptii-in-parcul-carol-in-primele-zile-ale-lunii-mai\/\" target=\"_blank\" rel=\"noreferrer noopener\">un nou t\u00e2rg de adop\u021bii <\/a>\u00een aer liber s\u00e2mb\u0103t\u0103, pe 9 mai, \u00een Parcul Carol, \u00eentre orele 10:00 &#8211; 16:00. <\/strong><\/p>\n\n\n\n<p>Persoanele care vor adopta un c\u0103\u021bel \u00een urma evenimentului vor primi \u0219i c\u00e2teva cadouri pentru acesta, cum ar fi pachete cu hran\u0103 \u0219i accesorii, pachete de cafea, pachete cu produse necesare unei alimenta\u021bii naturale \u0219i echilibrate, recompense pentru c\u00e2ini, produse de \u00eengrijire \u0219i wellness personalizate pentru adoptatori, precum \u0219i medalioane inteligente cu cod QR \u0219i suport de inox pentru ap\u0103 \u0219i hran\u0103. <\/p>\n\n\n\n<p>Printre cadouri se num\u0103r\u0103 \u0219i un voucher 20% reducere la prima consuma\u021bie \u00een restaurant \u0219i 25% reducere pentru tab\u0103ra de socializare pentru c\u0103\u021bei.<\/p>\n\n\n\n<p>La t\u00e2rgul de adop\u021bii care a avut loc s\u00e2mb\u0103t\u0103, 25 aprilie, 36 de animale au fost adoptate. Este vorba despre 25 de c\u0103\u021bei ASPA, dintre care 4 adul\u021bi, \u0219i 11 pisici de la <a href=\"https:\/\/www.facebook.com\/associationonerescue?__cft__[0]=AZb-G9Hs35SXLqZ4i-RUp_qX0YhQZXTJ42u0Hy3VLx1maP5x7pNo-OA5LIuyUygR6PI42u22ITSZf28QOM1J8tYehqihtp5pUMZdu1emNEvGlvnrY_0O2BuK3PGVBd7AiBWY3q6CtKUKUVd1u_Fg17aVMZDM9XSQoMEzQyesbnGdJqoYNpJWtESDceQdu9krcVQ&amp;__tn__=-]K-R\" target=\"_blank\" rel=\"noreferrer noopener\">Association One Rescue<\/a>, au anun\u021bat <a href=\"https:\/\/www.facebook.com\/ASPABuc\/posts\/1305125438439257?ref=embed_post\" type=\"link\" id=\"https:\/\/www.facebook.com\/ASPABuc\/posts\/1305125438439257?ref=embed_post\" target=\"_blank\" rel=\"noreferrer noopener\">reprezentan\u021bii ASPA.<\/a><\/p>\n\n\n\n<p>CITE\u0218TE \u0218I <a href=\"https:\/\/buletin.de\/bucuresti\/programul-marilor-magazine-de-1-mai-ce-supemarketuri-raman-deschise\/\" target=\"_blank\" rel=\"noreferrer noopener\">Programul marilor magazine, de 1 Mai. Ce supermarketuri r\u0103m\u00e2n deschise<\/a><\/p>\n","protected":false},"excerpt":{"rendered":"<p>Ad\u0103posturile ASPA vor fi \u00eenchise pentru public de 1 Mai, astfel c\u0103 nu pot fi efectuate vizite timp de c\u00e2teva zile. Acestea vor reveni la programul normal s\u0103pt\u0103m\u00e2na viitoare. Cele dou\u0103 ad\u0103posturi ASPA, respectiv ASPA Bragadiru \u0219i ASPA Mih\u0103ile\u0219ti, nu vor putea fi vizitate \u00een perioada 1 &#8211; 4 mai 2026. Ad\u0103posturile ASPA nu vor [&hellip;]<\/p>\n","protected":false},"author":65,"featured_media":190203,"comment_status":"closed","ping_status":"open","sticky":false,"template":"","format":"standard","meta":{"_acf_changed":false,"inline_featured_image":false,"ngg_post_thumbnail":0,"footnotes":""},"categories":[6994,1,62],"tags":[6252,10658,3229,3988],"ppma_author":[23912],"class_list":["post-190198","post","type-post","status-publish","format-standard","has-post-thumbnail","hentry","category-stiri-2","category-diverse","category-stiri","tag-1-mai","tag-adaposturi-aspa-2","tag-aspa","tag-aspa-bucuresti"],"acf":[],"yoast_head":"<!-- This site is optimized with the Yoast SEO Premium plugin v25.3 (Yoast SEO v27.4) - https:\/\/yoast.com\/product\/yoast-seo-premium-wordpress\/ -->\n<title>Ad\u0103posturile ASPA sunt \u00eenchise pentru public, de 1 Mai. C\u00e2nd revin la programul normal - Buletin de Bucure\u0219ti<\/title>\n<meta name=\"description\" content=\"Ad\u0103posturile ASPA vor fi \u00eenchise pentru public de 1 Mai, astfel c\u0103 nu pot fi efectuate vizite timp de c\u00e2teva zile.\" \/>\n<meta name=\"robots\" content=\"index, follow, max-snippet:-1, max-image-preview:large, max-video-preview:-1\" \/>\n<link rel=\"canonical\" href=\"https:\/\/buletin.de\/bucuresti\/adaposturile-aspa-sunt-inchise-pentru-public-de-1-mai-cand-revin-la-programul-normal\/\" \/>\n<meta property=\"og:locale\" content=\"en_GB\" \/>\n<meta property=\"og:type\" content=\"article\" \/>\n<meta property=\"og:title\" content=\"Ad\u0103posturile ASPA sunt \u00eenchise pentru public, de 1 Mai. C\u00e2nd revin la programul normal\" \/>\n<meta property=\"og:description\" content=\"Ad\u0103posturile ASPA vor fi \u00eenchise pentru public de 1 Mai, astfel c\u0103 nu pot fi efectuate vizite timp de c\u00e2teva zile.\" \/>\n<meta property=\"og:url\" content=\"https:\/\/buletin.de\/bucuresti\/adaposturile-aspa-sunt-inchise-pentru-public-de-1-mai-cand-revin-la-programul-normal\/\" \/>\n<meta property=\"og:site_name\" content=\"Buletin de Bucure\u0219ti\" \/>\n<meta property=\"article:publisher\" content=\"https:\/\/www.facebook.com\/buletin.de.buc\" \/>\n<meta property=\"article:published_time\" content=\"2026-04-30T07:39:30+00:00\" \/>\n<meta property=\"article:modified_time\" content=\"2026-04-30T07:39:31+00:00\" \/>\n<meta property=\"og:image\" content=\"https:\/\/buletin.de\/bucuresti\/wp-content\/uploads\/2026\/04\/Adaposturile-ASPA-1-Mai.jpg\" \/>\n\t<meta property=\"og:image:width\" content=\"1200\" \/>\n\t<meta property=\"og:image:height\" content=\"650\" \/>\n\t<meta property=\"og:image:type\" content=\"image\/jpeg\" \/>\n<meta name=\"author\" content=\"Andreea St\u0103n\u0103r\u00eeng\u0103\" \/>\n<meta name=\"twitter:card\" content=\"summary_large_image\" \/>\n<meta name=\"twitter:label1\" content=\"Written by\" \/>\n\t<meta name=\"twitter:data1\" content=\"Andreea St\u0103n\u0103r\u00eeng\u0103\" \/>\n\t<meta name=\"twitter:label2\" content=\"Estimated reading time\" \/>\n\t<meta name=\"twitter:data2\" content=\"2 minutes\" \/>\n<script type=\"application\/ld+json\" class=\"yoast-schema-graph\">{\"@context\":\"https:\\\/\\\/schema.org\",\"@graph\":[{\"@type\":\"Article\",\"@id\":\"https:\\\/\\\/buletin.de\\\/bucuresti\\\/adaposturile-aspa-sunt-inchise-pentru-public-de-1-mai-cand-revin-la-programul-normal\\\/#article\",\"isPartOf\":{\"@id\":\"https:\\\/\\\/buletin.de\\\/bucuresti\\\/adaposturile-aspa-sunt-inchise-pentru-public-de-1-mai-cand-revin-la-programul-normal\\\/\"},\"author\":{\"name\":\"Andreea St\u0103n\u0103r\u00eeng\u0103\",\"@id\":\"https:\\\/\\\/buletin.de\\\/bucuresti\\\/#\\\/schema\\\/person\\\/81421a46fb84a0887cfd2238f5202586\"},\"headline\":\"Ad\u0103posturile ASPA sunt \u00eenchise pentru public, de 1 Mai. C\u00e2nd revin la programul normal\",\"datePublished\":\"2026-04-30T07:39:30+00:00\",\"dateModified\":\"2026-04-30T07:39:31+00:00\",\"mainEntityOfPage\":{\"@id\":\"https:\\\/\\\/buletin.de\\\/bucuresti\\\/adaposturile-aspa-sunt-inchise-pentru-public-de-1-mai-cand-revin-la-programul-normal\\\/\"},\"wordCount\":362,\"publisher\":{\"@id\":\"https:\\\/\\\/buletin.de\\\/bucuresti\\\/#organization\"},\"image\":{\"@id\":\"https:\\\/\\\/buletin.de\\\/bucuresti\\\/adaposturile-aspa-sunt-inchise-pentru-public-de-1-mai-cand-revin-la-programul-normal\\\/#primaryimage\"},\"thumbnailUrl\":\"https:\\\/\\\/buletin.de\\\/bucuresti\\\/wp-content\\\/uploads\\\/2026\\\/04\\\/Adaposturile-ASPA-1-Mai.jpg\",\"keywords\":[\"1 mai\",\"adaposturi aspa\",\"aspa\",\"aspa bucuresti\"],\"articleSection\":[\"Articole\",\"Diverse\",\"\u0218tiri\"],\"inLanguage\":\"en-GB\",\"copyrightYear\":\"2026\",\"copyrightHolder\":{\"@id\":\"https:\\\/\\\/buletin.de\\\/bucuresti\\\/#organization\"}},{\"@type\":\"WebPage\",\"@id\":\"https:\\\/\\\/buletin.de\\\/bucuresti\\\/adaposturile-aspa-sunt-inchise-pentru-public-de-1-mai-cand-revin-la-programul-normal\\\/\",\"url\":\"https:\\\/\\\/buletin.de\\\/bucuresti\\\/adaposturile-aspa-sunt-inchise-pentru-public-de-1-mai-cand-revin-la-programul-normal\\\/\",\"name\":\"Ad\u0103posturile ASPA sunt \u00eenchise pentru public, de 1 Mai. C\u00e2nd revin la programul normal - Buletin de Bucure\u0219ti\",\"isPartOf\":{\"@id\":\"https:\\\/\\\/buletin.de\\\/bucuresti\\\/#website\"},\"primaryImageOfPage\":{\"@id\":\"https:\\\/\\\/buletin.de\\\/bucuresti\\\/adaposturile-aspa-sunt-inchise-pentru-public-de-1-mai-cand-revin-la-programul-normal\\\/#primaryimage\"},\"image\":{\"@id\":\"https:\\\/\\\/buletin.de\\\/bucuresti\\\/adaposturile-aspa-sunt-inchise-pentru-public-de-1-mai-cand-revin-la-programul-normal\\\/#primaryimage\"},\"thumbnailUrl\":\"https:\\\/\\\/buletin.de\\\/bucuresti\\\/wp-content\\\/uploads\\\/2026\\\/04\\\/Adaposturile-ASPA-1-Mai.jpg\",\"datePublished\":\"2026-04-30T07:39:30+00:00\",\"dateModified\":\"2026-04-30T07:39:31+00:00\",\"description\":\"Ad\u0103posturile ASPA vor fi \u00eenchise pentru public de 1 Mai, astfel c\u0103 nu pot fi efectuate vizite timp de c\u00e2teva zile.\",\"breadcrumb\":{\"@id\":\"https:\\\/\\\/buletin.de\\\/bucuresti\\\/adaposturile-aspa-sunt-inchise-pentru-public-de-1-mai-cand-revin-la-programul-normal\\\/#breadcrumb\"},\"inLanguage\":\"en-GB\",\"potentialAction\":[{\"@type\":\"ReadAction\",\"target\":[\"https:\\\/\\\/buletin.de\\\/bucuresti\\\/adaposturile-aspa-sunt-inchise-pentru-public-de-1-mai-cand-revin-la-programul-normal\\\/\"]}]},{\"@type\":\"ImageObject\",\"inLanguage\":\"en-GB\",\"@id\":\"https:\\\/\\\/buletin.de\\\/bucuresti\\\/adaposturile-aspa-sunt-inchise-pentru-public-de-1-mai-cand-revin-la-programul-normal\\\/#primaryimage\",\"url\":\"https:\\\/\\\/buletin.de\\\/bucuresti\\\/wp-content\\\/uploads\\\/2026\\\/04\\\/Adaposturile-ASPA-1-Mai.jpg\",\"contentUrl\":\"https:\\\/\\\/buletin.de\\\/bucuresti\\\/wp-content\\\/uploads\\\/2026\\\/04\\\/Adaposturile-ASPA-1-Mai.jpg\",\"width\":1200,\"height\":650,\"caption\":\"Ad\u0103posturile ASPA, \u00eenchise de 1 Mai. Foto: FB\\\/ASPA Bucure\u0219ti\"},{\"@type\":\"BreadcrumbList\",\"@id\":\"https:\\\/\\\/buletin.de\\\/bucuresti\\\/adaposturile-aspa-sunt-inchise-pentru-public-de-1-mai-cand-revin-la-programul-normal\\\/#breadcrumb\",\"itemListElement\":[{\"@type\":\"ListItem\",\"position\":1,\"name\":\"Acas\u0103\",\"item\":\"https:\\\/\\\/buletin.de\\\/bucuresti\\\/\"},{\"@type\":\"ListItem\",\"position\":2,\"name\":\"Ad\u0103posturile ASPA sunt \u00eenchise pentru public, de 1 Mai. C\u00e2nd revin la programul normal\"}]},{\"@type\":\"WebSite\",\"@id\":\"https:\\\/\\\/buletin.de\\\/bucuresti\\\/#website\",\"url\":\"https:\\\/\\\/buletin.de\\\/bucuresti\\\/\",\"name\":\"Buletin de Bucure\u0219ti\",\"description\":\"\u0218tiri \u0219i investiga\u021bii esen\u021biale din capital\u0103\",\"publisher\":{\"@id\":\"https:\\\/\\\/buletin.de\\\/bucuresti\\\/#organization\"},\"potentialAction\":[{\"@type\":\"SearchAction\",\"target\":{\"@type\":\"EntryPoint\",\"urlTemplate\":\"https:\\\/\\\/buletin.de\\\/bucuresti\\\/?s={search_term_string}\"},\"query-input\":{\"@type\":\"PropertyValueSpecification\",\"valueRequired\":true,\"valueName\":\"search_term_string\"}}],\"inLanguage\":\"en-GB\"},{\"@type\":\"Organization\",\"@id\":\"https:\\\/\\\/buletin.de\\\/bucuresti\\\/#organization\",\"name\":\"Buletin de Bucure\u0219ti\",\"url\":\"https:\\\/\\\/buletin.de\\\/bucuresti\\\/\",\"logo\":{\"@type\":\"ImageObject\",\"inLanguage\":\"en-GB\",\"@id\":\"https:\\\/\\\/buletin.de\\\/bucuresti\\\/#\\\/schema\\\/logo\\\/image\\\/\",\"url\":\"https:\\\/\\\/buletin.de\\\/bucuresti\\\/wp-content\\\/uploads\\\/logo-bdb-full-wide-vernil-transparent.png\",\"contentUrl\":\"https:\\\/\\\/buletin.de\\\/bucuresti\\\/wp-content\\\/uploads\\\/logo-bdb-full-wide-vernil-transparent.png\",\"width\":1782,\"height\":626,\"caption\":\"Buletin de Bucure\u0219ti\"},\"image\":{\"@id\":\"https:\\\/\\\/buletin.de\\\/bucuresti\\\/#\\\/schema\\\/logo\\\/image\\\/\"},\"sameAs\":[\"https:\\\/\\\/www.facebook.com\\\/buletin.de.buc\",\"https:\\\/\\\/www.instagram.com\\\/buletinde.bucuresti\\\/\"]},{\"@type\":\"Person\",\"@id\":\"https:\\\/\\\/buletin.de\\\/bucuresti\\\/#\\\/schema\\\/person\\\/81421a46fb84a0887cfd2238f5202586\",\"name\":\"Andreea St\u0103n\u0103r\u00eeng\u0103\",\"image\":{\"@type\":\"ImageObject\",\"inLanguage\":\"en-GB\",\"@id\":\"https:\\\/\\\/secure.gravatar.com\\\/avatar\\\/dfa8d227a4388fad0f0bb03add04b5b176f4da34397dbb2eadc563b3d7162ce0?s=96&d=monsterid&r=g72784372b39ffe5a98a45288fe0d0e8a\",\"url\":\"https:\\\/\\\/secure.gravatar.com\\\/avatar\\\/dfa8d227a4388fad0f0bb03add04b5b176f4da34397dbb2eadc563b3d7162ce0?s=96&d=monsterid&r=g\",\"contentUrl\":\"https:\\\/\\\/secure.gravatar.com\\\/avatar\\\/dfa8d227a4388fad0f0bb03add04b5b176f4da34397dbb2eadc563b3d7162ce0?s=96&d=monsterid&r=g\",\"caption\":\"Andreea St\u0103n\u0103r\u00eeng\u0103\"},\"description\":\"Cu o experien\u021b\u0103 de peste 5 ani \u00een pres\u0103, face parte din echipa Buletin de Bucure\u0219ti din septembrie 2025. A colaborat cu c\u00e2teva publica\u021bii, printre care \u0219i Fanatik.ro, unde s-a ocupat de \u0219tiri de lifestyle \u0219i de actualitate. A f\u0103cut un pas c\u0103tre presa local\u0103 pentru a explora Bucure\u0219tiul \u0219i pove\u0219tile care merit\u0103 spuse.\",\"url\":\"https:\\\/\\\/buletin.de\\\/bucuresti\\\/author\\\/andreea-stanaranga\\\/\"}]}<\/script>\n<!-- \/ Yoast SEO Premium plugin. -->","yoast_head_json":{"title":"Ad\u0103posturile ASPA sunt \u00eenchise pentru public, de 1 Mai. C\u00e2nd revin la programul normal - Buletin de Bucure\u0219ti","description":"Ad\u0103posturile ASPA vor fi \u00eenchise pentru public de 1 Mai, astfel c\u0103 nu pot fi efectuate vizite timp de c\u00e2teva zile.","robots":{"index":"index","follow":"follow","max-snippet":"max-snippet:-1","max-image-preview":"max-image-preview:large","max-video-preview":"max-video-preview:-1"},"canonical":"https:\/\/buletin.de\/bucuresti\/adaposturile-aspa-sunt-inchise-pentru-public-de-1-mai-cand-revin-la-programul-normal\/","og_locale":"en_GB","og_type":"article","og_title":"Ad\u0103posturile ASPA sunt \u00eenchise pentru public, de 1 Mai. C\u00e2nd revin la programul normal","og_description":"Ad\u0103posturile ASPA vor fi \u00eenchise pentru public de 1 Mai, astfel c\u0103 nu pot fi efectuate vizite timp de c\u00e2teva zile.","og_url":"https:\/\/buletin.de\/bucuresti\/adaposturile-aspa-sunt-inchise-pentru-public-de-1-mai-cand-revin-la-programul-normal\/","og_site_name":"Buletin de Bucure\u0219ti","article_publisher":"https:\/\/www.facebook.com\/buletin.de.buc","article_published_time":"2026-04-30T07:39:30+00:00","article_modified_time":"2026-04-30T07:39:31+00:00","og_image":[{"width":1200,"height":650,"url":"https:\/\/buletin.de\/bucuresti\/wp-content\/uploads\/2026\/04\/Adaposturile-ASPA-1-Mai.jpg","type":"image\/jpeg"}],"author":"Andreea St\u0103n\u0103r\u00eeng\u0103","twitter_card":"summary_large_image","twitter_misc":{"Written by":"Andreea St\u0103n\u0103r\u00eeng\u0103","Estimated reading time":"2 minutes"},"schema":{"@context":"https:\/\/schema.org","@graph":[{"@type":"Article","@id":"https:\/\/buletin.de\/bucuresti\/adaposturile-aspa-sunt-inchise-pentru-public-de-1-mai-cand-revin-la-programul-normal\/#article","isPartOf":{"@id":"https:\/\/buletin.de\/bucuresti\/adaposturile-aspa-sunt-inchise-pentru-public-de-1-mai-cand-revin-la-programul-normal\/"},"author":{"name":"Andreea St\u0103n\u0103r\u00eeng\u0103","@id":"https:\/\/buletin.de\/bucuresti\/#\/schema\/person\/81421a46fb84a0887cfd2238f5202586"},"headline":"Ad\u0103posturile ASPA sunt \u00eenchise pentru public, de 1 Mai. C\u00e2nd revin la programul normal","datePublished":"2026-04-30T07:39:30+00:00","dateModified":"2026-04-30T07:39:31+00:00","mainEntityOfPage":{"@id":"https:\/\/buletin.de\/bucuresti\/adaposturile-aspa-sunt-inchise-pentru-public-de-1-mai-cand-revin-la-programul-normal\/"},"wordCount":362,"publisher":{"@id":"https:\/\/buletin.de\/bucuresti\/#organization"},"image":{"@id":"https:\/\/buletin.de\/bucuresti\/adaposturile-aspa-sunt-inchise-pentru-public-de-1-mai-cand-revin-la-programul-normal\/#primaryimage"},"thumbnailUrl":"https:\/\/buletin.de\/bucuresti\/wp-content\/uploads\/2026\/04\/Adaposturile-ASPA-1-Mai.jpg","keywords":["1 mai","adaposturi aspa","aspa","aspa bucuresti"],"articleSection":["Articole","Diverse","\u0218tiri"],"inLanguage":"en-GB","copyrightYear":"2026","copyrightHolder":{"@id":"https:\/\/buletin.de\/bucuresti\/#organization"}},{"@type":"WebPage","@id":"https:\/\/buletin.de\/bucuresti\/adaposturile-aspa-sunt-inchise-pentru-public-de-1-mai-cand-revin-la-programul-normal\/","url":"https:\/\/buletin.de\/bucuresti\/adaposturile-aspa-sunt-inchise-pentru-public-de-1-mai-cand-revin-la-programul-normal\/","name":"Ad\u0103posturile ASPA sunt \u00eenchise pentru public, de 1 Mai. C\u00e2nd revin la programul normal - Buletin de Bucure\u0219ti","isPartOf":{"@id":"https:\/\/buletin.de\/bucuresti\/#website"},"primaryImageOfPage":{"@id":"https:\/\/buletin.de\/bucuresti\/adaposturile-aspa-sunt-inchise-pentru-public-de-1-mai-cand-revin-la-programul-normal\/#primaryimage"},"image":{"@id":"https:\/\/buletin.de\/bucuresti\/adaposturile-aspa-sunt-inchise-pentru-public-de-1-mai-cand-revin-la-programul-normal\/#primaryimage"},"thumbnailUrl":"https:\/\/buletin.de\/bucuresti\/wp-content\/uploads\/2026\/04\/Adaposturile-ASPA-1-Mai.jpg","datePublished":"2026-04-30T07:39:30+00:00","dateModified":"2026-04-30T07:39:31+00:00","description":"Ad\u0103posturile ASPA vor fi \u00eenchise pentru public de 1 Mai, astfel c\u0103 nu pot fi efectuate vizite timp de c\u00e2teva zile.","breadcrumb":{"@id":"https:\/\/buletin.de\/bucuresti\/adaposturile-aspa-sunt-inchise-pentru-public-de-1-mai-cand-revin-la-programul-normal\/#breadcrumb"},"inLanguage":"en-GB","potentialAction":[{"@type":"ReadAction","target":["https:\/\/buletin.de\/bucuresti\/adaposturile-aspa-sunt-inchise-pentru-public-de-1-mai-cand-revin-la-programul-normal\/"]}]},{"@type":"ImageObject","inLanguage":"en-GB","@id":"https:\/\/buletin.de\/bucuresti\/adaposturile-aspa-sunt-inchise-pentru-public-de-1-mai-cand-revin-la-programul-normal\/#primaryimage","url":"https:\/\/buletin.de\/bucuresti\/wp-content\/uploads\/2026\/04\/Adaposturile-ASPA-1-Mai.jpg","contentUrl":"https:\/\/buletin.de\/bucuresti\/wp-content\/uploads\/2026\/04\/Adaposturile-ASPA-1-Mai.jpg","width":1200,"height":650,"caption":"Ad\u0103posturile ASPA, \u00eenchise de 1 Mai. Foto: FB\/ASPA Bucure\u0219ti"},{"@type":"BreadcrumbList","@id":"https:\/\/buletin.de\/bucuresti\/adaposturile-aspa-sunt-inchise-pentru-public-de-1-mai-cand-revin-la-programul-normal\/#breadcrumb","itemListElement":[{"@type":"ListItem","position":1,"name":"Acas\u0103","item":"https:\/\/buletin.de\/bucuresti\/"},{"@type":"ListItem","position":2,"name":"Ad\u0103posturile ASPA sunt \u00eenchise pentru public, de 1 Mai. C\u00e2nd revin la programul normal"}]},{"@type":"WebSite","@id":"https:\/\/buletin.de\/bucuresti\/#website","url":"https:\/\/buletin.de\/bucuresti\/","name":"Buletin de Bucure\u0219ti","description":"\u0218tiri \u0219i investiga\u021bii esen\u021biale din capital\u0103","publisher":{"@id":"https:\/\/buletin.de\/bucuresti\/#organization"},"potentialAction":[{"@type":"SearchAction","target":{"@type":"EntryPoint","urlTemplate":"https:\/\/buletin.de\/bucuresti\/?s={search_term_string}"},"query-input":{"@type":"PropertyValueSpecification","valueRequired":true,"valueName":"search_term_string"}}],"inLanguage":"en-GB"},{"@type":"Organization","@id":"https:\/\/buletin.de\/bucuresti\/#organization","name":"Buletin de Bucure\u0219ti","url":"https:\/\/buletin.de\/bucuresti\/","logo":{"@type":"ImageObject","inLanguage":"en-GB","@id":"https:\/\/buletin.de\/bucuresti\/#\/schema\/logo\/image\/","url":"https:\/\/buletin.de\/bucuresti\/wp-content\/uploads\/logo-bdb-full-wide-vernil-transparent.png","contentUrl":"https:\/\/buletin.de\/bucuresti\/wp-content\/uploads\/logo-bdb-full-wide-vernil-transparent.png","width":1782,"height":626,"caption":"Buletin de Bucure\u0219ti"},"image":{"@id":"https:\/\/buletin.de\/bucuresti\/#\/schema\/logo\/image\/"},"sameAs":["https:\/\/www.facebook.com\/buletin.de.buc","https:\/\/www.instagram.com\/buletinde.bucuresti\/"]},{"@type":"Person","@id":"https:\/\/buletin.de\/bucuresti\/#\/schema\/person\/81421a46fb84a0887cfd2238f5202586","name":"Andreea St\u0103n\u0103r\u00eeng\u0103","image":{"@type":"ImageObject","inLanguage":"en-GB","@id":"https:\/\/secure.gravatar.com\/avatar\/dfa8d227a4388fad0f0bb03add04b5b176f4da34397dbb2eadc563b3d7162ce0?s=96&d=monsterid&r=g72784372b39ffe5a98a45288fe0d0e8a","url":"https:\/\/secure.gravatar.com\/avatar\/dfa8d227a4388fad0f0bb03add04b5b176f4da34397dbb2eadc563b3d7162ce0?s=96&d=monsterid&r=g","contentUrl":"https:\/\/secure.gravatar.com\/avatar\/dfa8d227a4388fad0f0bb03add04b5b176f4da34397dbb2eadc563b3d7162ce0?s=96&d=monsterid&r=g","caption":"Andreea St\u0103n\u0103r\u00eeng\u0103"},"description":"Cu o experien\u021b\u0103 de peste 5 ani \u00een pres\u0103, face parte din echipa Buletin de Bucure\u0219ti din septembrie 2025. A colaborat cu c\u00e2teva publica\u021bii, printre care \u0219i Fanatik.ro, unde s-a ocupat de \u0219tiri de lifestyle \u0219i de actualitate. A f\u0103cut un pas c\u0103tre presa local\u0103 pentru a explora Bucure\u0219tiul \u0219i pove\u0219tile care merit\u0103 spuse.","url":"https:\/\/buletin.de\/bucuresti\/author\/andreea-stanaranga\/"}]}},"authors":[{"term_id":23912,"user_id":65,"is_guest":0,"slug":"andreea-stanaranga","display_name":"Andreea St\u0103n\u0103r\u00eeng\u0103","avatar_url":"https:\/\/secure.gravatar.com\/avatar\/dfa8d227a4388fad0f0bb03add04b5b176f4da34397dbb2eadc563b3d7162ce0?s=96&d=monsterid&r=g","0":null,"1":"","2":"","3":"","4":"","5":"","6":"","7":"","8":""}],"_links":{"self":[{"href":"https:\/\/buletin.de\/bucuresti\/wp-json\/wp\/v2\/posts\/190198","targetHints":{"allow":["GET"]}}],"collection":[{"href":"https:\/\/buletin.de\/bucuresti\/wp-json\/wp\/v2\/posts"}],"about":[{"href":"https:\/\/buletin.de\/bucuresti\/wp-json\/wp\/v2\/types\/post"}],"author":[{"embeddable":true,"href":"https:\/\/buletin.de\/bucuresti\/wp-json\/wp\/v2\/users\/65"}],"replies":[{"embeddable":true,"href":"https:\/\/buletin.de\/bucuresti\/wp-json\/wp\/v2\/comments?post=190198"}],"version-history":[{"count":2,"href":"https:\/\/buletin.de\/bucuresti\/wp-json\/wp\/v2\/posts\/190198\/revisions"}],"predecessor-version":[{"id":190202,"href":"https:\/\/buletin.de\/bucuresti\/wp-json\/wp\/v2\/posts\/190198\/revisions\/190202"}],"wp:featuredmedia":[{"embeddable":true,"href":"https:\/\/buletin.de\/bucuresti\/wp-json\/wp\/v2\/media\/190203"}],"wp:attachment":[{"href":"https:\/\/buletin.de\/bucuresti\/wp-json\/wp\/v2\/media?parent=190198"}],"wp:term":[{"taxonomy":"category","embeddable":true,"href":"https:\/\/buletin.de\/bucuresti\/wp-json\/wp\/v2\/categories?post=190198"},{"taxonomy":"post_tag","embeddable":true,"href":"https:\/\/buletin.de\/bucuresti\/wp-json\/wp\/v2\/tags?post=190198"},{"taxonomy":"author","embeddable":true,"href":"https:\/\/buletin.de\/bucuresti\/wp-json\/wp\/v2\/ppma_author?post=190198"}],"curies":[{"name":"wp","href":"https:\/\/api.w.org\/{rel}","templated":true}]}}