{"id":190178,"date":"2026-04-30T09:42:53","date_gmt":"2026-04-30T06:42:53","guid":{"rendered":"https:\/\/buletin.de\/bucuresti\/?p=190178"},"modified":"2026-04-30T09:42:54","modified_gmt":"2026-04-30T06:42:54","slug":"stadiul-lucrarilor-pe-prelungirea-ghencea-progrese-pe-unele-tronsoane-insa-locuitorii-din-zona-au-semnalat-mai-multe-probleme","status":"publish","type":"post","link":"https:\/\/buletin.de\/bucuresti\/stadiul-lucrarilor-pe-prelungirea-ghencea-progrese-pe-unele-tronsoane-insa-locuitorii-din-zona-au-semnalat-mai-multe-probleme\/","title":{"rendered":"Stadiul lucr\u0103rilor pe Prelungirea Ghencea: progrese pe unele tronsoane, \u00eens\u0103 locuitorii din zon\u0103 au semnalat mai multe probleme"},"content":{"rendered":"\n<p><strong>Lucr\u0103rile de l\u0103rgire \u0219i modernizare au continuat pe Prelungirea Ghencea \u00een luna aprilie, cu progrese pe anumite tronsoane. Exist\u0103, \u00eens\u0103, \u0219i probleme pe \u0219antier, semnalate de locuitori, dup\u0103 cum <a href=\"https:\/\/www.facebook.com\/InitiativaDinPrelungireaGhencea\/posts\/pfbid033dfjijXWTwamuESG2mEuXUA5dFZmYbmwhKH53Dc95zATDuZA4JLmPXTkuN3LM3FRl\" type=\"link\" id=\"https:\/\/www.facebook.com\/InitiativaDinPrelungireaGhencea\/posts\/pfbid033dfjijXWTwamuESG2mEuXUA5dFZmYbmwhKH53Dc95zATDuZA4JLmPXTkuN3LM3FRl\" target=\"_blank\" rel=\"noreferrer noopener\">a transmis Asocia\u021bia Ini\u021biativa Prelungirea Ghencea<\/a>, care a prezentat stadiul lucr\u0103rilor din aceast\u0103 lun\u0103. <\/strong><\/p>\n\n\n\n<p>La spa\u021biul pentru tramvai pe Tronsonul 2 (Bra\u0219ov &#8211; R\u00e2ul Doamnei), lucr\u0103rile au avansat destul de mult. Pe acest tronson s-a turnat asfalt \u0219i au fost aduse <a href=\"https:\/\/buletin.de\/bucuresti\/incep-lucrarile-la-primul-tronson-de-linie-de-tramvai-de-pe-prelungirea-ghencea-primele-materiale-au-fost-aduse-in-santier\/\" type=\"link\" id=\"https:\/\/buletin.de\/bucuresti\/incep-lucrarile-la-primul-tronson-de-linie-de-tramvai-de-pe-prelungirea-ghencea-primele-materiale-au-fost-aduse-in-santier\/\" target=\"_blank\" rel=\"noreferrer noopener\">componente pentru sus\u021binerea c\u0103ii de rulare<\/a>. <\/p>\n\n\n\n<p>Pe Tronsonul 3 (R\u00e2ul Doamnei &#8211; Valea Oltului), se lucreaz\u0103 la relocarea re\u021belelor de utilit\u0103\u021bi, iar pe Tronsonul 4 (Valea Oltului &#8211; M\u0103r\u0103cineni) la re\u021beaua electric\u0103 pentru tramvai. <\/p>\n\n\n\n<p>\u00cen ceea ce prive\u0219te finan\u021barea lucr\u0103rilor, \u00een <a href=\"https:\/\/buletin.de\/bucuresti\/analiza-funky-citizens-bugetul-capitalei-secatuit-de-termoenergetica-si-stb-bucurestiul-tinut-in-viata-de-referendumul-fiscal\/\" type=\"link\" id=\"https:\/\/buletin.de\/bucuresti\/analiza-funky-citizens-bugetul-capitalei-secatuit-de-termoenergetica-si-stb-bucurestiul-tinut-in-viata-de-referendumul-fiscal\/\" target=\"_blank\" rel=\"noreferrer noopener\">bugetul de la Prim\u0103ria Capitalei<\/a> este propus\u0103 alocarea unei sume de 84,4 milioane de lei pentru lucr\u0103rile de l\u0103rgire \u0219i 44,3 milioane de lei pentru tramvai, \u00een Bugetul Local pe 2026. Prim\u0103ria Sectorului 6 ar putea contribui cu 20 de milioane de lei pentru continuarea lucr\u0103rilor. <\/p>\n\n\n\n<h2 class=\"wp-block-heading\" id=\"h-ce-probleme-au-semnalat-locuitorii-pe-prelungirea-ghencea\">Ce probleme au semnalat locuitorii pe Prelungirea Ghencea <\/h2>\n\n\n\n<p>De\u0219i lucr\u0103rile au avansat pe alte tronsoane, pe Tronsonul 1 (Cap\u0103t 41 Ghencea &#8211; Bra\u0219ov) nu a fost remediat\u0103 pista de biciclete \u00een dreptul Premier Palace\/ Home &amp; Design Mall. Acolo, bicicli\u0219tii trebuie s\u0103 treac\u0103 peste o bordur\u0103 de 7 centimetri \u00een\u0103l\u021bime pentru a putea ajunge de pe carosabil pe pist\u0103. <\/p>\n\n\n\n<p><strong>\u00cen plus, nu a fost amenajat\u0103 o trecere de pietoni \u00een dreptul cl\u0103dirii Tamilia, iar locuitorii au semnalat probleme \u00een cazul noilor st\u00e2lpi de iluminat \u0219i a cur\u0103\u021beniei de pe \u0219antier. <\/strong><\/p>\n\n\n\n<p><em>\u201eNu a fost trasat\u0103 noua trecere de pietoni din dreptul cl\u0103dirii Tamilia deci \u00een continuare pietonii trebuie s\u0103 stea de 3 ori la semafor ca s\u0103 traverseze pe trotuarul de vizavi. Un vecin ne-a semnalat c\u0103 noii st\u00e2lpi de iluminat au \u0219uruburile de fixare l\u0103sate la vedere, sper\u0103m totu\u0219i c\u0103 nu r\u0103m\u00e2n a\u0219a.<\/em><\/p>\n\n\n\n<p><em>Pe tot \u0219antierul cur\u0103\u021benia nu prea se face, trotuarele \u0219i pista de biciclete sunt pline de p\u0103m\u00e2nt iar trecerile de pietoni sunt aproape \u0219terse pe Tronsoanele 4 \u0219i 5.\u201d<\/em>, se mai precizeaz\u0103 \u00een postarea asocia\u021biei. <\/p>\n\n\n\n<figure class=\"wp-block-gallery has-nested-images columns-default is-cropped wp-block-gallery-1 is-layout-flex wp-block-gallery-is-layout-flex\">\n<figure class=\"wp-block-image size-large\"><img fetchpriority=\"high\" decoding=\"async\" width=\"1000\" height=\"750\" data-id=\"190189\" src=\"data:image\/gif;base64,R0lGODlhAQABAAAAACH5BAEKAAEALAAAAAABAAEAAAICTAEAOw==\" data-src=\"https:\/\/buletin.de\/bucuresti\/wp-content\/uploads\/2026\/04\/684876364_1454925033326198_8677897416817016716_n-1000x750.jpg\" alt=\"\" class=\"wp-image-190189 lazyload\" data-sizes=\"auto\" data-srcset=\"https:\/\/buletin.de\/bucuresti\/wp-content\/uploads\/2026\/04\/684876364_1454925033326198_8677897416817016716_n-1000x750.jpg 1000w, https:\/\/buletin.de\/bucuresti\/wp-content\/uploads\/2026\/04\/684876364_1454925033326198_8677897416817016716_n-300x225.jpg 300w, https:\/\/buletin.de\/bucuresti\/wp-content\/uploads\/2026\/04\/684876364_1454925033326198_8677897416817016716_n-768x576.jpg 768w, https:\/\/buletin.de\/bucuresti\/wp-content\/uploads\/2026\/04\/684876364_1454925033326198_8677897416817016716_n-1536x1152.jpg 1536w, https:\/\/buletin.de\/bucuresti\/wp-content\/uploads\/2026\/04\/684876364_1454925033326198_8677897416817016716_n-1600x1200.jpg 1600w, https:\/\/buletin.de\/bucuresti\/wp-content\/uploads\/2026\/04\/684876364_1454925033326198_8677897416817016716_n-1100x825.jpg 1100w, https:\/\/buletin.de\/bucuresti\/wp-content\/uploads\/2026\/04\/684876364_1454925033326198_8677897416817016716_n-600x450.jpg 600w, https:\/\/buletin.de\/bucuresti\/wp-content\/uploads\/2026\/04\/684876364_1454925033326198_8677897416817016716_n-20x15.jpg 20w, https:\/\/buletin.de\/bucuresti\/wp-content\/uploads\/2026\/04\/684876364_1454925033326198_8677897416817016716_n.jpg 2048w\" sizes=\"(max-width: 1000px) 100vw, 1000px\" \/><\/figure>\n\n\n\n<figure class=\"wp-block-image size-large\"><img decoding=\"async\" width=\"750\" height=\"1000\" data-id=\"190190\" src=\"data:image\/gif;base64,R0lGODlhAQABAAAAACH5BAEKAAEALAAAAAABAAEAAAICTAEAOw==\" data-src=\"https:\/\/buletin.de\/bucuresti\/wp-content\/uploads\/2026\/04\/683771213_1454923303326371_4798777065049209990_n-750x1000.jpg\" alt=\"\" class=\"wp-image-190190 lazyload\" data-sizes=\"auto\" data-srcset=\"https:\/\/buletin.de\/bucuresti\/wp-content\/uploads\/2026\/04\/683771213_1454923303326371_4798777065049209990_n-750x1000.jpg 750w, https:\/\/buletin.de\/bucuresti\/wp-content\/uploads\/2026\/04\/683771213_1454923303326371_4798777065049209990_n-225x300.jpg 225w, https:\/\/buletin.de\/bucuresti\/wp-content\/uploads\/2026\/04\/683771213_1454923303326371_4798777065049209990_n-768x1024.jpg 768w, https:\/\/buletin.de\/bucuresti\/wp-content\/uploads\/2026\/04\/683771213_1454923303326371_4798777065049209990_n-1152x1536.jpg 1152w, https:\/\/buletin.de\/bucuresti\/wp-content\/uploads\/2026\/04\/683771213_1454923303326371_4798777065049209990_n-1100x1467.jpg 1100w, https:\/\/buletin.de\/bucuresti\/wp-content\/uploads\/2026\/04\/683771213_1454923303326371_4798777065049209990_n-600x800.jpg 600w, https:\/\/buletin.de\/bucuresti\/wp-content\/uploads\/2026\/04\/683771213_1454923303326371_4798777065049209990_n-20x27.jpg 20w, https:\/\/buletin.de\/bucuresti\/wp-content\/uploads\/2026\/04\/683771213_1454923303326371_4798777065049209990_n.jpg 1536w\" sizes=\"(max-width: 750px) 100vw, 750px\" \/><\/figure>\n\n\n\n<figure class=\"wp-block-image size-large\"><img decoding=\"async\" width=\"1000\" height=\"566\" data-id=\"190187\" src=\"data:image\/gif;base64,R0lGODlhAQABAAAAACH5BAEKAAEALAAAAAABAAEAAAICTAEAOw==\" data-src=\"https:\/\/buletin.de\/bucuresti\/wp-content\/uploads\/2026\/04\/683372970_1454925759992792_6933628735750103322_n-1000x566.jpg\" alt=\"\" class=\"wp-image-190187 lazyload\" data-sizes=\"auto\" data-srcset=\"https:\/\/buletin.de\/bucuresti\/wp-content\/uploads\/2026\/04\/683372970_1454925759992792_6933628735750103322_n-1000x566.jpg 1000w, https:\/\/buletin.de\/bucuresti\/wp-content\/uploads\/2026\/04\/683372970_1454925759992792_6933628735750103322_n-300x170.jpg 300w, https:\/\/buletin.de\/bucuresti\/wp-content\/uploads\/2026\/04\/683372970_1454925759992792_6933628735750103322_n-768x435.jpg 768w, https:\/\/buletin.de\/bucuresti\/wp-content\/uploads\/2026\/04\/683372970_1454925759992792_6933628735750103322_n-1536x869.jpg 1536w, https:\/\/buletin.de\/bucuresti\/wp-content\/uploads\/2026\/04\/683372970_1454925759992792_6933628735750103322_n-1600x905.jpg 1600w, https:\/\/buletin.de\/bucuresti\/wp-content\/uploads\/2026\/04\/683372970_1454925759992792_6933628735750103322_n-1100x623.jpg 1100w, https:\/\/buletin.de\/bucuresti\/wp-content\/uploads\/2026\/04\/683372970_1454925759992792_6933628735750103322_n-600x340.jpg 600w, https:\/\/buletin.de\/bucuresti\/wp-content\/uploads\/2026\/04\/683372970_1454925759992792_6933628735750103322_n-20x11.jpg 20w, https:\/\/buletin.de\/bucuresti\/wp-content\/uploads\/2026\/04\/683372970_1454925759992792_6933628735750103322_n.jpg 2048w\" sizes=\"(max-width: 1000px) 100vw, 1000px\" \/><\/figure>\n\n\n\n<figure class=\"wp-block-image size-large\"><img loading=\"lazy\" decoding=\"async\" width=\"1000\" height=\"592\" data-id=\"190188\" src=\"data:image\/gif;base64,R0lGODlhAQABAAAAACH5BAEKAAEALAAAAAABAAEAAAICTAEAOw==\" data-src=\"https:\/\/buletin.de\/bucuresti\/wp-content\/uploads\/2026\/04\/684786546_1454924679992900_6980858722918822661_n-1000x592.jpg\" alt=\"\" class=\"wp-image-190188 lazyload\" data-sizes=\"auto\" data-srcset=\"https:\/\/buletin.de\/bucuresti\/wp-content\/uploads\/2026\/04\/684786546_1454924679992900_6980858722918822661_n-1000x592.jpg 1000w, https:\/\/buletin.de\/bucuresti\/wp-content\/uploads\/2026\/04\/684786546_1454924679992900_6980858722918822661_n-300x178.jpg 300w, https:\/\/buletin.de\/bucuresti\/wp-content\/uploads\/2026\/04\/684786546_1454924679992900_6980858722918822661_n-768x455.jpg 768w, https:\/\/buletin.de\/bucuresti\/wp-content\/uploads\/2026\/04\/684786546_1454924679992900_6980858722918822661_n-1536x909.jpg 1536w, https:\/\/buletin.de\/bucuresti\/wp-content\/uploads\/2026\/04\/684786546_1454924679992900_6980858722918822661_n-1600x947.jpg 1600w, https:\/\/buletin.de\/bucuresti\/wp-content\/uploads\/2026\/04\/684786546_1454924679992900_6980858722918822661_n-1100x651.jpg 1100w, https:\/\/buletin.de\/bucuresti\/wp-content\/uploads\/2026\/04\/684786546_1454924679992900_6980858722918822661_n-600x355.jpg 600w, https:\/\/buletin.de\/bucuresti\/wp-content\/uploads\/2026\/04\/684786546_1454924679992900_6980858722918822661_n-20x12.jpg 20w, https:\/\/buletin.de\/bucuresti\/wp-content\/uploads\/2026\/04\/684786546_1454924679992900_6980858722918822661_n.jpg 2048w\" sizes=\"(max-width: 1000px) 100vw, 1000px\" \/><\/figure>\n\n\n\n<figure class=\"wp-block-image size-large\"><img loading=\"lazy\" decoding=\"async\" width=\"1000\" height=\"947\" data-id=\"190191\" src=\"data:image\/gif;base64,R0lGODlhAQABAAAAACH5BAEKAAEALAAAAAABAAEAAAICTAEAOw==\" data-src=\"https:\/\/buletin.de\/bucuresti\/wp-content\/uploads\/2026\/04\/685483855_1454924739992894_8968670236818284610_n-1000x947.jpg\" alt=\"\" class=\"wp-image-190191 lazyload\" data-sizes=\"auto\" data-srcset=\"https:\/\/buletin.de\/bucuresti\/wp-content\/uploads\/2026\/04\/685483855_1454924739992894_8968670236818284610_n-1000x947.jpg 1000w, https:\/\/buletin.de\/bucuresti\/wp-content\/uploads\/2026\/04\/685483855_1454924739992894_8968670236818284610_n-300x284.jpg 300w, https:\/\/buletin.de\/bucuresti\/wp-content\/uploads\/2026\/04\/685483855_1454924739992894_8968670236818284610_n-768x728.jpg 768w, https:\/\/buletin.de\/bucuresti\/wp-content\/uploads\/2026\/04\/685483855_1454924739992894_8968670236818284610_n-1536x1455.jpg 1536w, https:\/\/buletin.de\/bucuresti\/wp-content\/uploads\/2026\/04\/685483855_1454924739992894_8968670236818284610_n-24x24.jpg 24w, https:\/\/buletin.de\/bucuresti\/wp-content\/uploads\/2026\/04\/685483855_1454924739992894_8968670236818284610_n-1600x1516.jpg 1600w, https:\/\/buletin.de\/bucuresti\/wp-content\/uploads\/2026\/04\/685483855_1454924739992894_8968670236818284610_n-1100x1042.jpg 1100w, https:\/\/buletin.de\/bucuresti\/wp-content\/uploads\/2026\/04\/685483855_1454924739992894_8968670236818284610_n-600x568.jpg 600w, https:\/\/buletin.de\/bucuresti\/wp-content\/uploads\/2026\/04\/685483855_1454924739992894_8968670236818284610_n-20x19.jpg 20w, https:\/\/buletin.de\/bucuresti\/wp-content\/uploads\/2026\/04\/685483855_1454924739992894_8968670236818284610_n.jpg 2048w\" sizes=\"(max-width: 1000px) 100vw, 1000px\" \/><\/figure>\n<figcaption class=\"blocks-gallery-caption wp-element-caption\">Foto: FB\/Ini\u021biativa Prelungirea Ghencea<\/figcaption><\/figure>\n\n\n\n<p>CITE\u0218TE \u0218I <a href=\"https:\/\/buletin.de\/bucuresti\/jardinierele-de-pe-prelungirea-ghencea-nu-vor-mai-fi-amplasate-pe-anumite-tronsoane-dupa-reclamatiile-locuitorilor\/\" target=\"_blank\" rel=\"noreferrer noopener\">Jardinierele de pe Prelungirea Ghencea nu vor mai fi amplasate pe anumite tronsoane, dup\u0103 reclama\u021biile locuitorilor<\/a><\/p>\n\n\n\n<h2 class=\"wp-block-heading\" id=\"h-probleme-\u0219i-pe-tronsonul-cnair\">Probleme \u0219i pe tronsonul CNAIR <\/h2>\n\n\n\n<p><strong>Pe segmentul CNAIR, aflat \u00eentre strada M\u0103r\u0103cineni \u0219i Pasaj Domne\u0219ti, lucr\u0103rile de relocare a utilit\u0103\u021bilor se afl\u0103 \u00een stadii avansate. Potrivit r\u0103spunsului primit de asocia\u021bia Ini\u021biativa Prelungirea Ghencea, pe 30 martie, stadiul lucr\u0103rilor pe acest segment este urm\u0103torul: <\/strong><\/p>\n\n\n\n<ul class=\"wp-block-list\">\n<li>relocare re\u021bele ap\u0103 \u2013 canalizare: <strong>99%<\/strong> (fa\u021b\u0103 de 95% \u00een februarie);<\/li>\n\n\n\n<li>relocare re\u021bea gaze: <strong>85%<\/strong> (fa\u021b\u0103 de 75% \u00een februarie);<\/li>\n\n\n\n<li>relocare re\u021bele electrice: <strong>95%<\/strong> (fa\u021b\u0103 de 40% \u00een februarie);<\/li>\n\n\n\n<li>relocare re\u021bele telecomunica\u021bii: <strong>73%<\/strong> (fa\u021b\u0103 de 45% \u00een februarie).<\/li>\n<\/ul>\n\n\n\n<p><strong>\u0218i pe acest tronson, \u00eens\u0103, pietonii circul\u0103 foarte greu \u0219i se confrunt\u0103 cu problema prafului \u00een aer.<\/strong> <\/p>\n\n\n\n<p><em>\u201eDe\u0219i CNAIR sus\u021bine c\u0103 permanent constructorul cur\u0103\u021b\u0103 zona \u0219antierului \u0219i asigur\u0103 spa\u021biu pentru pietoni, vedem cu to\u021bii c\u0103 nu este a\u0219a, pe acest tronson pietonii circul\u0103 foarte greu \u0219i este mult praf \u00een aer.\u201d<\/em>, se mai precizeaz\u0103 \u00een postare. <\/p>\n\n\n\n<p>Termenele actualizate anun\u021bate de CNAIR sunt \u00eent\u00e2rziate fa\u021b\u0103 de cele comunicate \u00een februarie. Mai exact, pentru finalizarea reloc\u0103rii utilit\u0103\u021bilor, termenul este <strong>07.05.2026<\/strong> (fa\u021b\u0103 de precedentul termen 28.02.2026), iar pentru finalizarea lucr\u0103rilor este <strong>31.08.2026 <\/strong>(fa\u021b\u0103 de precedentul termen 17.07.2026), a mai precizat asocia\u021bia. <\/p>\n\n\n\n<p>CITE\u0218TE \u0218I <a href=\"https:\/\/buletin.de\/bucuresti\/foto-cetatenii-revoltati-de-copacii-plantati-pe-trotuare-inguste-peste-cabluri-pe-doua-strazi-din-sectorul-4-primaria-a-alocat-16-milioane-de-euro-pentru-arbori\/\">FOTO | Cet\u0103\u021benii, revolta\u021bi de copacii planta\u021bi pe <\/a><a href=\"https:\/\/buletin.de\/bucuresti\/foto-cetatenii-revoltati-de-copacii-plantati-pe-trotuare-inguste-peste-cabluri-pe-doua-strazi-din-sectorul-4-primaria-a-alocat-16-milioane-de-euro-pentru-arbori\/\" target=\"_blank\" rel=\"noreferrer noopener\">t<\/a><a href=\"https:\/\/buletin.de\/bucuresti\/foto-cetatenii-revoltati-de-copacii-plantati-pe-trotuare-inguste-peste-cabluri-pe-doua-strazi-din-sectorul-4-primaria-a-alocat-16-milioane-de-euro-pentru-arbori\/\">rotuare \u00eenguste, peste cabluri, pe dou\u0103 str\u0103zi din Sectorul 4. Prim\u0103ria a alocat 1,6 milioane de euro pentru arbori<\/a><\/p>\n","protected":false},"excerpt":{"rendered":"<p>Lucr\u0103rile de l\u0103rgire \u0219i modernizare au continuat pe Prelungirea Ghencea \u00een luna aprilie, cu progrese pe anumite tronsoane. Exist\u0103, \u00eens\u0103, \u0219i probleme pe \u0219antier, semnalate de locuitori, dup\u0103 cum a transmis Asocia\u021bia Ini\u021biativa Prelungirea Ghencea, care a prezentat stadiul lucr\u0103rilor din aceast\u0103 lun\u0103. La spa\u021biul pentru tramvai pe Tronsonul 2 (Bra\u0219ov &#8211; R\u00e2ul Doamnei), lucr\u0103rile [&hellip;]<\/p>\n","protected":false},"author":65,"featured_media":190192,"comment_status":"closed","ping_status":"open","sticky":false,"template":"","format":"standard","meta":{"_acf_changed":false,"inline_featured_image":false,"ngg_post_thumbnail":0,"footnotes":""},"categories":[6994,5762,24],"tags":[4595,439,1345,8551],"ppma_author":[23912],"class_list":["post-190178","post","type-post","status-publish","format-standard","has-post-thumbnail","hentry","category-stiri-2","category-main","category-primarie","tag-asociatia-initiativa-prelungirea-ghencea","tag-lucrari","tag-prelungirea-ghencea","tag-stadiul-lucrarilor"],"acf":[],"yoast_head":"<!-- This site is optimized with the Yoast SEO Premium plugin v25.3 (Yoast SEO v27.4) - https:\/\/yoast.com\/product\/yoast-seo-premium-wordpress\/ -->\n<title>Stadiul lucr\u0103rilor pe Prelungirea Ghencea: progrese pe unele tronsoane, \u00eens\u0103 locuitorii din zon\u0103 au semnalat mai multe probleme - Buletin de Bucure\u0219ti<\/title>\n<meta name=\"description\" content=\"Lucr\u0103rile de l\u0103rgire \u0219i modernizare au continuat pe Prelungirea Ghencea \u00een luna aprilie, cu progrese pe anumite tronsoane.\" \/>\n<meta name=\"robots\" content=\"index, follow, max-snippet:-1, max-image-preview:large, max-video-preview:-1\" \/>\n<link rel=\"canonical\" href=\"https:\/\/buletin.de\/bucuresti\/stadiul-lucrarilor-pe-prelungirea-ghencea-progrese-pe-unele-tronsoane-insa-locuitorii-din-zona-au-semnalat-mai-multe-probleme\/\" \/>\n<meta property=\"og:locale\" content=\"en_GB\" \/>\n<meta property=\"og:type\" content=\"article\" \/>\n<meta property=\"og:title\" content=\"Stadiul lucr\u0103rilor pe Prelungirea Ghencea: progrese pe unele tronsoane, \u00eens\u0103 locuitorii din zon\u0103 au semnalat mai multe probleme\" \/>\n<meta property=\"og:description\" content=\"Lucr\u0103rile de l\u0103rgire \u0219i modernizare au continuat pe Prelungirea Ghencea \u00een luna aprilie, cu progrese pe anumite tronsoane.\" \/>\n<meta property=\"og:url\" content=\"https:\/\/buletin.de\/bucuresti\/stadiul-lucrarilor-pe-prelungirea-ghencea-progrese-pe-unele-tronsoane-insa-locuitorii-din-zona-au-semnalat-mai-multe-probleme\/\" \/>\n<meta property=\"og:site_name\" content=\"Buletin de Bucure\u0219ti\" \/>\n<meta property=\"article:publisher\" content=\"https:\/\/www.facebook.com\/buletin.de.buc\" \/>\n<meta property=\"article:published_time\" content=\"2026-04-30T06:42:53+00:00\" \/>\n<meta property=\"article:modified_time\" content=\"2026-04-30T06:42:54+00:00\" \/>\n<meta property=\"og:image\" content=\"https:\/\/buletin.de\/bucuresti\/wp-content\/uploads\/2026\/04\/Lucrarile-de-pe-Prelungirea-Ghencea.jpg\" \/>\n\t<meta property=\"og:image:width\" content=\"1200\" \/>\n\t<meta property=\"og:image:height\" content=\"650\" \/>\n\t<meta property=\"og:image:type\" content=\"image\/jpeg\" \/>\n<meta name=\"author\" content=\"Andreea St\u0103n\u0103r\u00eeng\u0103\" \/>\n<meta name=\"twitter:card\" content=\"summary_large_image\" \/>\n<meta name=\"twitter:label1\" content=\"Written by\" \/>\n\t<meta name=\"twitter:data1\" content=\"Andreea St\u0103n\u0103r\u00eeng\u0103\" \/>\n\t<meta name=\"twitter:label2\" content=\"Estimated reading time\" \/>\n\t<meta name=\"twitter:data2\" content=\"4 minutes\" \/>\n<script type=\"application\/ld+json\" class=\"yoast-schema-graph\">{\"@context\":\"https:\\\/\\\/schema.org\",\"@graph\":[{\"@type\":\"Article\",\"@id\":\"https:\\\/\\\/buletin.de\\\/bucuresti\\\/stadiul-lucrarilor-pe-prelungirea-ghencea-progrese-pe-unele-tronsoane-insa-locuitorii-din-zona-au-semnalat-mai-multe-probleme\\\/#article\",\"isPartOf\":{\"@id\":\"https:\\\/\\\/buletin.de\\\/bucuresti\\\/stadiul-lucrarilor-pe-prelungirea-ghencea-progrese-pe-unele-tronsoane-insa-locuitorii-din-zona-au-semnalat-mai-multe-probleme\\\/\"},\"author\":{\"name\":\"Andreea St\u0103n\u0103r\u00eeng\u0103\",\"@id\":\"https:\\\/\\\/buletin.de\\\/bucuresti\\\/#\\\/schema\\\/person\\\/81421a46fb84a0887cfd2238f5202586\"},\"headline\":\"Stadiul lucr\u0103rilor pe Prelungirea Ghencea: progrese pe unele tronsoane, \u00eens\u0103 locuitorii din zon\u0103 au semnalat mai multe probleme\",\"datePublished\":\"2026-04-30T06:42:53+00:00\",\"dateModified\":\"2026-04-30T06:42:54+00:00\",\"mainEntityOfPage\":{\"@id\":\"https:\\\/\\\/buletin.de\\\/bucuresti\\\/stadiul-lucrarilor-pe-prelungirea-ghencea-progrese-pe-unele-tronsoane-insa-locuitorii-din-zona-au-semnalat-mai-multe-probleme\\\/\"},\"wordCount\":637,\"publisher\":{\"@id\":\"https:\\\/\\\/buletin.de\\\/bucuresti\\\/#organization\"},\"image\":{\"@id\":\"https:\\\/\\\/buletin.de\\\/bucuresti\\\/stadiul-lucrarilor-pe-prelungirea-ghencea-progrese-pe-unele-tronsoane-insa-locuitorii-din-zona-au-semnalat-mai-multe-probleme\\\/#primaryimage\"},\"thumbnailUrl\":\"https:\\\/\\\/buletin.de\\\/bucuresti\\\/wp-content\\\/uploads\\\/2026\\\/04\\\/Lucrarile-de-pe-Prelungirea-Ghencea.jpg\",\"keywords\":[\"asociatia initiativa prelungirea ghencea\",\"lucrari\",\"prelungirea ghencea\",\"stadiul lucrarilor\"],\"articleSection\":[\"Articole\",\"Main\",\"Prim\u0103rie\"],\"inLanguage\":\"en-GB\",\"copyrightYear\":\"2026\",\"copyrightHolder\":{\"@id\":\"https:\\\/\\\/buletin.de\\\/bucuresti\\\/#organization\"}},{\"@type\":\"WebPage\",\"@id\":\"https:\\\/\\\/buletin.de\\\/bucuresti\\\/stadiul-lucrarilor-pe-prelungirea-ghencea-progrese-pe-unele-tronsoane-insa-locuitorii-din-zona-au-semnalat-mai-multe-probleme\\\/\",\"url\":\"https:\\\/\\\/buletin.de\\\/bucuresti\\\/stadiul-lucrarilor-pe-prelungirea-ghencea-progrese-pe-unele-tronsoane-insa-locuitorii-din-zona-au-semnalat-mai-multe-probleme\\\/\",\"name\":\"Stadiul lucr\u0103rilor pe Prelungirea Ghencea: progrese pe unele tronsoane, \u00eens\u0103 locuitorii din zon\u0103 au semnalat mai multe probleme - Buletin de Bucure\u0219ti\",\"isPartOf\":{\"@id\":\"https:\\\/\\\/buletin.de\\\/bucuresti\\\/#website\"},\"primaryImageOfPage\":{\"@id\":\"https:\\\/\\\/buletin.de\\\/bucuresti\\\/stadiul-lucrarilor-pe-prelungirea-ghencea-progrese-pe-unele-tronsoane-insa-locuitorii-din-zona-au-semnalat-mai-multe-probleme\\\/#primaryimage\"},\"image\":{\"@id\":\"https:\\\/\\\/buletin.de\\\/bucuresti\\\/stadiul-lucrarilor-pe-prelungirea-ghencea-progrese-pe-unele-tronsoane-insa-locuitorii-din-zona-au-semnalat-mai-multe-probleme\\\/#primaryimage\"},\"thumbnailUrl\":\"https:\\\/\\\/buletin.de\\\/bucuresti\\\/wp-content\\\/uploads\\\/2026\\\/04\\\/Lucrarile-de-pe-Prelungirea-Ghencea.jpg\",\"datePublished\":\"2026-04-30T06:42:53+00:00\",\"dateModified\":\"2026-04-30T06:42:54+00:00\",\"description\":\"Lucr\u0103rile de l\u0103rgire \u0219i modernizare au continuat pe Prelungirea Ghencea \u00een luna aprilie, cu progrese pe anumite tronsoane.\",\"breadcrumb\":{\"@id\":\"https:\\\/\\\/buletin.de\\\/bucuresti\\\/stadiul-lucrarilor-pe-prelungirea-ghencea-progrese-pe-unele-tronsoane-insa-locuitorii-din-zona-au-semnalat-mai-multe-probleme\\\/#breadcrumb\"},\"inLanguage\":\"en-GB\",\"potentialAction\":[{\"@type\":\"ReadAction\",\"target\":[\"https:\\\/\\\/buletin.de\\\/bucuresti\\\/stadiul-lucrarilor-pe-prelungirea-ghencea-progrese-pe-unele-tronsoane-insa-locuitorii-din-zona-au-semnalat-mai-multe-probleme\\\/\"]}]},{\"@type\":\"ImageObject\",\"inLanguage\":\"en-GB\",\"@id\":\"https:\\\/\\\/buletin.de\\\/bucuresti\\\/stadiul-lucrarilor-pe-prelungirea-ghencea-progrese-pe-unele-tronsoane-insa-locuitorii-din-zona-au-semnalat-mai-multe-probleme\\\/#primaryimage\",\"url\":\"https:\\\/\\\/buletin.de\\\/bucuresti\\\/wp-content\\\/uploads\\\/2026\\\/04\\\/Lucrarile-de-pe-Prelungirea-Ghencea.jpg\",\"contentUrl\":\"https:\\\/\\\/buletin.de\\\/bucuresti\\\/wp-content\\\/uploads\\\/2026\\\/04\\\/Lucrarile-de-pe-Prelungirea-Ghencea.jpg\",\"width\":1200,\"height\":650,\"caption\":\"Cum au avansat lucr\u0103rile de pe Prelungirea Ghencea. Foto: FB\\\/Ini\u021biativa Prelungirea Ghencea\"},{\"@type\":\"BreadcrumbList\",\"@id\":\"https:\\\/\\\/buletin.de\\\/bucuresti\\\/stadiul-lucrarilor-pe-prelungirea-ghencea-progrese-pe-unele-tronsoane-insa-locuitorii-din-zona-au-semnalat-mai-multe-probleme\\\/#breadcrumb\",\"itemListElement\":[{\"@type\":\"ListItem\",\"position\":1,\"name\":\"Acas\u0103\",\"item\":\"https:\\\/\\\/buletin.de\\\/bucuresti\\\/\"},{\"@type\":\"ListItem\",\"position\":2,\"name\":\"Stadiul lucr\u0103rilor pe Prelungirea Ghencea: progrese pe unele tronsoane, \u00eens\u0103 locuitorii din zon\u0103 au semnalat mai multe probleme\"}]},{\"@type\":\"WebSite\",\"@id\":\"https:\\\/\\\/buletin.de\\\/bucuresti\\\/#website\",\"url\":\"https:\\\/\\\/buletin.de\\\/bucuresti\\\/\",\"name\":\"Buletin de Bucure\u0219ti\",\"description\":\"\u0218tiri \u0219i investiga\u021bii esen\u021biale din capital\u0103\",\"publisher\":{\"@id\":\"https:\\\/\\\/buletin.de\\\/bucuresti\\\/#organization\"},\"potentialAction\":[{\"@type\":\"SearchAction\",\"target\":{\"@type\":\"EntryPoint\",\"urlTemplate\":\"https:\\\/\\\/buletin.de\\\/bucuresti\\\/?s={search_term_string}\"},\"query-input\":{\"@type\":\"PropertyValueSpecification\",\"valueRequired\":true,\"valueName\":\"search_term_string\"}}],\"inLanguage\":\"en-GB\"},{\"@type\":\"Organization\",\"@id\":\"https:\\\/\\\/buletin.de\\\/bucuresti\\\/#organization\",\"name\":\"Buletin de Bucure\u0219ti\",\"url\":\"https:\\\/\\\/buletin.de\\\/bucuresti\\\/\",\"logo\":{\"@type\":\"ImageObject\",\"inLanguage\":\"en-GB\",\"@id\":\"https:\\\/\\\/buletin.de\\\/bucuresti\\\/#\\\/schema\\\/logo\\\/image\\\/\",\"url\":\"https:\\\/\\\/buletin.de\\\/bucuresti\\\/wp-content\\\/uploads\\\/logo-bdb-full-wide-vernil-transparent.png\",\"contentUrl\":\"https:\\\/\\\/buletin.de\\\/bucuresti\\\/wp-content\\\/uploads\\\/logo-bdb-full-wide-vernil-transparent.png\",\"width\":1782,\"height\":626,\"caption\":\"Buletin de Bucure\u0219ti\"},\"image\":{\"@id\":\"https:\\\/\\\/buletin.de\\\/bucuresti\\\/#\\\/schema\\\/logo\\\/image\\\/\"},\"sameAs\":[\"https:\\\/\\\/www.facebook.com\\\/buletin.de.buc\",\"https:\\\/\\\/www.instagram.com\\\/buletinde.bucuresti\\\/\"]},{\"@type\":\"Person\",\"@id\":\"https:\\\/\\\/buletin.de\\\/bucuresti\\\/#\\\/schema\\\/person\\\/81421a46fb84a0887cfd2238f5202586\",\"name\":\"Andreea St\u0103n\u0103r\u00eeng\u0103\",\"image\":{\"@type\":\"ImageObject\",\"inLanguage\":\"en-GB\",\"@id\":\"https:\\\/\\\/secure.gravatar.com\\\/avatar\\\/dfa8d227a4388fad0f0bb03add04b5b176f4da34397dbb2eadc563b3d7162ce0?s=96&d=monsterid&r=g72784372b39ffe5a98a45288fe0d0e8a\",\"url\":\"https:\\\/\\\/secure.gravatar.com\\\/avatar\\\/dfa8d227a4388fad0f0bb03add04b5b176f4da34397dbb2eadc563b3d7162ce0?s=96&d=monsterid&r=g\",\"contentUrl\":\"https:\\\/\\\/secure.gravatar.com\\\/avatar\\\/dfa8d227a4388fad0f0bb03add04b5b176f4da34397dbb2eadc563b3d7162ce0?s=96&d=monsterid&r=g\",\"caption\":\"Andreea St\u0103n\u0103r\u00eeng\u0103\"},\"description\":\"Cu o experien\u021b\u0103 de peste 5 ani \u00een pres\u0103, face parte din echipa Buletin de Bucure\u0219ti din septembrie 2025. A colaborat cu c\u00e2teva publica\u021bii, printre care \u0219i Fanatik.ro, unde s-a ocupat de \u0219tiri de lifestyle \u0219i de actualitate. A f\u0103cut un pas c\u0103tre presa local\u0103 pentru a explora Bucure\u0219tiul \u0219i pove\u0219tile care merit\u0103 spuse.\",\"url\":\"https:\\\/\\\/buletin.de\\\/bucuresti\\\/author\\\/andreea-stanaranga\\\/\"}]}<\/script>\n<!-- \/ Yoast SEO Premium plugin. -->","yoast_head_json":{"title":"Stadiul lucr\u0103rilor pe Prelungirea Ghencea: progrese pe unele tronsoane, \u00eens\u0103 locuitorii din zon\u0103 au semnalat mai multe probleme - Buletin de Bucure\u0219ti","description":"Lucr\u0103rile de l\u0103rgire \u0219i modernizare au continuat pe Prelungirea Ghencea \u00een luna aprilie, cu progrese pe anumite tronsoane.","robots":{"index":"index","follow":"follow","max-snippet":"max-snippet:-1","max-image-preview":"max-image-preview:large","max-video-preview":"max-video-preview:-1"},"canonical":"https:\/\/buletin.de\/bucuresti\/stadiul-lucrarilor-pe-prelungirea-ghencea-progrese-pe-unele-tronsoane-insa-locuitorii-din-zona-au-semnalat-mai-multe-probleme\/","og_locale":"en_GB","og_type":"article","og_title":"Stadiul lucr\u0103rilor pe Prelungirea Ghencea: progrese pe unele tronsoane, \u00eens\u0103 locuitorii din zon\u0103 au semnalat mai multe probleme","og_description":"Lucr\u0103rile de l\u0103rgire \u0219i modernizare au continuat pe Prelungirea Ghencea \u00een luna aprilie, cu progrese pe anumite tronsoane.","og_url":"https:\/\/buletin.de\/bucuresti\/stadiul-lucrarilor-pe-prelungirea-ghencea-progrese-pe-unele-tronsoane-insa-locuitorii-din-zona-au-semnalat-mai-multe-probleme\/","og_site_name":"Buletin de Bucure\u0219ti","article_publisher":"https:\/\/www.facebook.com\/buletin.de.buc","article_published_time":"2026-04-30T06:42:53+00:00","article_modified_time":"2026-04-30T06:42:54+00:00","og_image":[{"width":1200,"height":650,"url":"https:\/\/buletin.de\/bucuresti\/wp-content\/uploads\/2026\/04\/Lucrarile-de-pe-Prelungirea-Ghencea.jpg","type":"image\/jpeg"}],"author":"Andreea St\u0103n\u0103r\u00eeng\u0103","twitter_card":"summary_large_image","twitter_misc":{"Written by":"Andreea St\u0103n\u0103r\u00eeng\u0103","Estimated reading time":"4 minutes"},"schema":{"@context":"https:\/\/schema.org","@graph":[{"@type":"Article","@id":"https:\/\/buletin.de\/bucuresti\/stadiul-lucrarilor-pe-prelungirea-ghencea-progrese-pe-unele-tronsoane-insa-locuitorii-din-zona-au-semnalat-mai-multe-probleme\/#article","isPartOf":{"@id":"https:\/\/buletin.de\/bucuresti\/stadiul-lucrarilor-pe-prelungirea-ghencea-progrese-pe-unele-tronsoane-insa-locuitorii-din-zona-au-semnalat-mai-multe-probleme\/"},"author":{"name":"Andreea St\u0103n\u0103r\u00eeng\u0103","@id":"https:\/\/buletin.de\/bucuresti\/#\/schema\/person\/81421a46fb84a0887cfd2238f5202586"},"headline":"Stadiul lucr\u0103rilor pe Prelungirea Ghencea: progrese pe unele tronsoane, \u00eens\u0103 locuitorii din zon\u0103 au semnalat mai multe probleme","datePublished":"2026-04-30T06:42:53+00:00","dateModified":"2026-04-30T06:42:54+00:00","mainEntityOfPage":{"@id":"https:\/\/buletin.de\/bucuresti\/stadiul-lucrarilor-pe-prelungirea-ghencea-progrese-pe-unele-tronsoane-insa-locuitorii-din-zona-au-semnalat-mai-multe-probleme\/"},"wordCount":637,"publisher":{"@id":"https:\/\/buletin.de\/bucuresti\/#organization"},"image":{"@id":"https:\/\/buletin.de\/bucuresti\/stadiul-lucrarilor-pe-prelungirea-ghencea-progrese-pe-unele-tronsoane-insa-locuitorii-din-zona-au-semnalat-mai-multe-probleme\/#primaryimage"},"thumbnailUrl":"https:\/\/buletin.de\/bucuresti\/wp-content\/uploads\/2026\/04\/Lucrarile-de-pe-Prelungirea-Ghencea.jpg","keywords":["asociatia initiativa prelungirea ghencea","lucrari","prelungirea ghencea","stadiul lucrarilor"],"articleSection":["Articole","Main","Prim\u0103rie"],"inLanguage":"en-GB","copyrightYear":"2026","copyrightHolder":{"@id":"https:\/\/buletin.de\/bucuresti\/#organization"}},{"@type":"WebPage","@id":"https:\/\/buletin.de\/bucuresti\/stadiul-lucrarilor-pe-prelungirea-ghencea-progrese-pe-unele-tronsoane-insa-locuitorii-din-zona-au-semnalat-mai-multe-probleme\/","url":"https:\/\/buletin.de\/bucuresti\/stadiul-lucrarilor-pe-prelungirea-ghencea-progrese-pe-unele-tronsoane-insa-locuitorii-din-zona-au-semnalat-mai-multe-probleme\/","name":"Stadiul lucr\u0103rilor pe Prelungirea Ghencea: progrese pe unele tronsoane, \u00eens\u0103 locuitorii din zon\u0103 au semnalat mai multe probleme - Buletin de Bucure\u0219ti","isPartOf":{"@id":"https:\/\/buletin.de\/bucuresti\/#website"},"primaryImageOfPage":{"@id":"https:\/\/buletin.de\/bucuresti\/stadiul-lucrarilor-pe-prelungirea-ghencea-progrese-pe-unele-tronsoane-insa-locuitorii-din-zona-au-semnalat-mai-multe-probleme\/#primaryimage"},"image":{"@id":"https:\/\/buletin.de\/bucuresti\/stadiul-lucrarilor-pe-prelungirea-ghencea-progrese-pe-unele-tronsoane-insa-locuitorii-din-zona-au-semnalat-mai-multe-probleme\/#primaryimage"},"thumbnailUrl":"https:\/\/buletin.de\/bucuresti\/wp-content\/uploads\/2026\/04\/Lucrarile-de-pe-Prelungirea-Ghencea.jpg","datePublished":"2026-04-30T06:42:53+00:00","dateModified":"2026-04-30T06:42:54+00:00","description":"Lucr\u0103rile de l\u0103rgire \u0219i modernizare au continuat pe Prelungirea Ghencea \u00een luna aprilie, cu progrese pe anumite tronsoane.","breadcrumb":{"@id":"https:\/\/buletin.de\/bucuresti\/stadiul-lucrarilor-pe-prelungirea-ghencea-progrese-pe-unele-tronsoane-insa-locuitorii-din-zona-au-semnalat-mai-multe-probleme\/#breadcrumb"},"inLanguage":"en-GB","potentialAction":[{"@type":"ReadAction","target":["https:\/\/buletin.de\/bucuresti\/stadiul-lucrarilor-pe-prelungirea-ghencea-progrese-pe-unele-tronsoane-insa-locuitorii-din-zona-au-semnalat-mai-multe-probleme\/"]}]},{"@type":"ImageObject","inLanguage":"en-GB","@id":"https:\/\/buletin.de\/bucuresti\/stadiul-lucrarilor-pe-prelungirea-ghencea-progrese-pe-unele-tronsoane-insa-locuitorii-din-zona-au-semnalat-mai-multe-probleme\/#primaryimage","url":"https:\/\/buletin.de\/bucuresti\/wp-content\/uploads\/2026\/04\/Lucrarile-de-pe-Prelungirea-Ghencea.jpg","contentUrl":"https:\/\/buletin.de\/bucuresti\/wp-content\/uploads\/2026\/04\/Lucrarile-de-pe-Prelungirea-Ghencea.jpg","width":1200,"height":650,"caption":"Cum au avansat lucr\u0103rile de pe Prelungirea Ghencea. Foto: FB\/Ini\u021biativa Prelungirea Ghencea"},{"@type":"BreadcrumbList","@id":"https:\/\/buletin.de\/bucuresti\/stadiul-lucrarilor-pe-prelungirea-ghencea-progrese-pe-unele-tronsoane-insa-locuitorii-din-zona-au-semnalat-mai-multe-probleme\/#breadcrumb","itemListElement":[{"@type":"ListItem","position":1,"name":"Acas\u0103","item":"https:\/\/buletin.de\/bucuresti\/"},{"@type":"ListItem","position":2,"name":"Stadiul lucr\u0103rilor pe Prelungirea Ghencea: progrese pe unele tronsoane, \u00eens\u0103 locuitorii din zon\u0103 au semnalat mai multe probleme"}]},{"@type":"WebSite","@id":"https:\/\/buletin.de\/bucuresti\/#website","url":"https:\/\/buletin.de\/bucuresti\/","name":"Buletin de Bucure\u0219ti","description":"\u0218tiri \u0219i investiga\u021bii esen\u021biale din capital\u0103","publisher":{"@id":"https:\/\/buletin.de\/bucuresti\/#organization"},"potentialAction":[{"@type":"SearchAction","target":{"@type":"EntryPoint","urlTemplate":"https:\/\/buletin.de\/bucuresti\/?s={search_term_string}"},"query-input":{"@type":"PropertyValueSpecification","valueRequired":true,"valueName":"search_term_string"}}],"inLanguage":"en-GB"},{"@type":"Organization","@id":"https:\/\/buletin.de\/bucuresti\/#organization","name":"Buletin de Bucure\u0219ti","url":"https:\/\/buletin.de\/bucuresti\/","logo":{"@type":"ImageObject","inLanguage":"en-GB","@id":"https:\/\/buletin.de\/bucuresti\/#\/schema\/logo\/image\/","url":"https:\/\/buletin.de\/bucuresti\/wp-content\/uploads\/logo-bdb-full-wide-vernil-transparent.png","contentUrl":"https:\/\/buletin.de\/bucuresti\/wp-content\/uploads\/logo-bdb-full-wide-vernil-transparent.png","width":1782,"height":626,"caption":"Buletin de Bucure\u0219ti"},"image":{"@id":"https:\/\/buletin.de\/bucuresti\/#\/schema\/logo\/image\/"},"sameAs":["https:\/\/www.facebook.com\/buletin.de.buc","https:\/\/www.instagram.com\/buletinde.bucuresti\/"]},{"@type":"Person","@id":"https:\/\/buletin.de\/bucuresti\/#\/schema\/person\/81421a46fb84a0887cfd2238f5202586","name":"Andreea St\u0103n\u0103r\u00eeng\u0103","image":{"@type":"ImageObject","inLanguage":"en-GB","@id":"https:\/\/secure.gravatar.com\/avatar\/dfa8d227a4388fad0f0bb03add04b5b176f4da34397dbb2eadc563b3d7162ce0?s=96&d=monsterid&r=g72784372b39ffe5a98a45288fe0d0e8a","url":"https:\/\/secure.gravatar.com\/avatar\/dfa8d227a4388fad0f0bb03add04b5b176f4da34397dbb2eadc563b3d7162ce0?s=96&d=monsterid&r=g","contentUrl":"https:\/\/secure.gravatar.com\/avatar\/dfa8d227a4388fad0f0bb03add04b5b176f4da34397dbb2eadc563b3d7162ce0?s=96&d=monsterid&r=g","caption":"Andreea St\u0103n\u0103r\u00eeng\u0103"},"description":"Cu o experien\u021b\u0103 de peste 5 ani \u00een pres\u0103, face parte din echipa Buletin de Bucure\u0219ti din septembrie 2025. A colaborat cu c\u00e2teva publica\u021bii, printre care \u0219i Fanatik.ro, unde s-a ocupat de \u0219tiri de lifestyle \u0219i de actualitate. A f\u0103cut un pas c\u0103tre presa local\u0103 pentru a explora Bucure\u0219tiul \u0219i pove\u0219tile care merit\u0103 spuse.","url":"https:\/\/buletin.de\/bucuresti\/author\/andreea-stanaranga\/"}]}},"authors":[{"term_id":23912,"user_id":65,"is_guest":0,"slug":"andreea-stanaranga","display_name":"Andreea St\u0103n\u0103r\u00eeng\u0103","avatar_url":"https:\/\/secure.gravatar.com\/avatar\/dfa8d227a4388fad0f0bb03add04b5b176f4da34397dbb2eadc563b3d7162ce0?s=96&d=monsterid&r=g","0":null,"1":"","2":"","3":"","4":"","5":"","6":"","7":"","8":""}],"_links":{"self":[{"href":"https:\/\/buletin.de\/bucuresti\/wp-json\/wp\/v2\/posts\/190178","targetHints":{"allow":["GET"]}}],"collection":[{"href":"https:\/\/buletin.de\/bucuresti\/wp-json\/wp\/v2\/posts"}],"about":[{"href":"https:\/\/buletin.de\/bucuresti\/wp-json\/wp\/v2\/types\/post"}],"author":[{"embeddable":true,"href":"https:\/\/buletin.de\/bucuresti\/wp-json\/wp\/v2\/users\/65"}],"replies":[{"embeddable":true,"href":"https:\/\/buletin.de\/bucuresti\/wp-json\/wp\/v2\/comments?post=190178"}],"version-history":[{"count":6,"href":"https:\/\/buletin.de\/bucuresti\/wp-json\/wp\/v2\/posts\/190178\/revisions"}],"predecessor-version":[{"id":190196,"href":"https:\/\/buletin.de\/bucuresti\/wp-json\/wp\/v2\/posts\/190178\/revisions\/190196"}],"wp:featuredmedia":[{"embeddable":true,"href":"https:\/\/buletin.de\/bucuresti\/wp-json\/wp\/v2\/media\/190192"}],"wp:attachment":[{"href":"https:\/\/buletin.de\/bucuresti\/wp-json\/wp\/v2\/media?parent=190178"}],"wp:term":[{"taxonomy":"category","embeddable":true,"href":"https:\/\/buletin.de\/bucuresti\/wp-json\/wp\/v2\/categories?post=190178"},{"taxonomy":"post_tag","embeddable":true,"href":"https:\/\/buletin.de\/bucuresti\/wp-json\/wp\/v2\/tags?post=190178"},{"taxonomy":"author","embeddable":true,"href":"https:\/\/buletin.de\/bucuresti\/wp-json\/wp\/v2\/ppma_author?post=190178"}],"curies":[{"name":"wp","href":"https:\/\/api.w.org\/{rel}","templated":true}]}}