{"id":190176,"date":"2026-04-30T08:47:32","date_gmt":"2026-04-30T05:47:32","guid":{"rendered":"https:\/\/buletin.de\/bucuresti\/?p=190176"},"modified":"2026-04-30T08:47:33","modified_gmt":"2026-04-30T05:47:33","slug":"statie-noua-exclusiv-pentru-debarcare-la-bd-lacul-tei-pentru-linia-243","status":"publish","type":"post","link":"https:\/\/buletin.de\/bucuresti\/statie-noua-exclusiv-pentru-debarcare-la-bd-lacul-tei-pentru-linia-243\/","title":{"rendered":"Sta\u021bie nou\u0103, exclusiv pentru debarcare, la Bd. Lacul Tei, pentru linia 243"},"content":{"rendered":"\n<p id=\"h-\"><strong>O sta\u021bie nou, pentru debarcare, va fi \u00eenfiin\u021bat\u0103 \u00eencep\u00e2nd din data de 1 Mai, pe Bd. Lacul Tei. M\u0103sura este anun\u021bat\u0103\u00a0de Asocia\u021bia de Dezvoltare Intercomunitar\u0103 \u2013 TPBI.<\/strong><\/p>\n\n\n\n<p>\u00cencep\u00e2nd de\u00a0<strong>vineri, 1 mai 2026,<\/strong>\u00a0autobuzele\u00a0<strong>liniei 243<\/strong>\u00a0vor opri, \u00eentr-o sta\u021bie nou\u0103, exclusiv pentru debarcarea c\u0103l\u0103torilor, \u00een noua sta\u021bie \u201eBd. Lacul Tei\u201d, amplasat\u0103 \u00een rondul de la intersec\u021bia Str. Doamna Ghica\/ Bd. Lacul Tei.<\/p>\n\n\n\n<p><strong>CITE\u0218TE \u0218I:<\/strong> <a href=\"https:\/\/buletin.de\/bucuresti\/boxele-de-pe-terasele-din-centrul-bucurestiului-au-fost-date-jos-dupa-controalele-politiei-locale\/\"><strong>Boxele de pe terasele din centrul Bucure\u0219tiului au fost date jos dup\u0103 controalele Poli\u021biei Locale<\/strong><\/a><\/p>\n\n\n\n<h2 class=\"wp-block-heading\" id=\"h-restric\u021bii-temporare-de-circula\u021bie-de-luni-pe-mai-multe-strazi-din-bucure\u0219ti-sunt-instituite-pentru-modernizarea-liniei-de-tramvai\">Restric\u021bii temporare de circula\u021bie, de luni, pe mai multe str\u0103zi din Bucure\u0219ti. Sunt instituite pentru modernizarea liniei de tramvai<\/h2>\n\n\n\n<p><strong>O serie de restric\u021bii temporare de circula\u021bie urmeaz\u0103 s\u0103 fie instituite \u00een Bucure\u0219ti de luni, 4 mai 2026. Acestea sunt necesare pentru a permite efectuare unor lucr\u0103ri de modernizare a liniei de tramvai, dup\u0103 cum informeaz\u0103&nbsp;<a href=\"https:\/\/bpr.politiaromana.ro\/\" target=\"_blank\" rel=\"noreferrer noopener\">Brigada Rutier\u0103<\/a>.<\/strong><\/p>\n\n\n\n<p>Astfel c\u0103, \u0219oferii sunt informa\u021bi c\u0103, de luni, 4 mai, ora 10:00, circula\u021bia ma\u0219inilor va fi complet \u00eenchis\u0103 pe:<\/p>\n\n\n\n<ul class=\"wp-block-list\">\n<li>Strada Paleologul,<\/li>\n\n\n\n<li>Strada Vasile Lasc\u0103r.<\/li>\n<\/ul>\n\n\n\n<p>Brigada Rutier\u0103 nu a anun\u021bat p\u00e2n\u0103 c\u00e2nd vor fi men\u021binute aceste restric\u021bii de trafic temporare.<\/p>\n\n\n\n<h2 class=\"wp-block-heading\" id=\"h-incep-lucrarile-\u0219i-pe-strada-armand-calinescu\">\u00cencep lucr\u0103rile \u0219i pe strada Armand C\u0103linescu<\/h2>\n\n\n\n<p>Poli\u021bi\u0219tii \u00eei informeaz\u0103 pe bucure\u0219teni c\u0103, tot de s\u0103pt\u0103m\u00e2na viitoare vor fi demarate \u0219i lucr\u0103rile pe strada str. Armand C\u0103linescu. \u00cen acest context, pe anumite segmente, circula\u021bia va fi asigurat\u0103 pe o singur\u0103 band\u0103.<\/p>\n\n\n\n<p>Brigada Rutier\u0103 le recomand\u0103 \u0219oferilor s\u0103 circule cu pruden\u021b\u0103 \u00een zonele vizate de restric\u021bii. Ace\u0219tia sunt ruga\u021bi s\u0103 p\u0103streze o distan\u021b\u0103 de siguran\u021b\u0103 suficient de mare \u00eentre vehicule, astfel \u00eenc\u00e2t, \u00een caz de nevoie, s\u0103 poat\u0103 fr\u00e2na \u00een condi\u021bii de siguran\u021b\u0103. De asemenea, conduc\u0103torii auto sunt ruga\u021bi s\u0103 respecte semnalele, indica\u021biile \u0219i dispozi\u021biile poli\u021bi\u0219tilor rutieri din teren.<\/p>\n\n\n\n<p><strong>CITE\u0218TE \u0218I&nbsp;<a href=\"https:\/\/buletin.de\/bucuresti\/stadiul-lucrarilor-pe-lotul-1-nord-al-autostrazii-a0-cel-care-face-legatura-intr-a1-si-dn1-cand-ar-putea-fi-finalizat\/\">Stadiul lucr\u0103rilor pe Lotul 1 Nord al Autostr\u0103zii A0, cel care face leg\u0103tura \u00eentr A1 \u0219i DN1. C\u00e2nd ar putea fi finalizat<\/a><\/strong><\/p>\n\n\n\n<h2 class=\"wp-block-heading\" id=\"h-restric\u021bii-pentru-vehiculele-de-mare-tonaj\">Restric\u021bii pentru vehiculele de mare tonaj<\/h2>\n\n\n\n<p>Compania Na\u021bional\u0103 de Administrare a Infrastructurii Rutiere (CNAIR) a anun\u021bat restric\u021bii de circula\u021bie pentru vehiculele de mare tonaj, inclusiv pe autostrada A2 Bucure\u0219ti \u2013 Constan\u021ba. Acestea vor fi valabile \u00een zilele de 30 aprilie \u0219i 1 mai 2026.<\/p>\n\n\n\n<p>Potrivit prevederilor Ordinului MT-MAI nr. 1249-132\/2018, circula\u021bia vehiculelor rutiere cu masa total\u0103 maxim\u0103 autorizat\u0103 mai mare de 7,5 tone, altele dec\u00e2t cele destinate exclusiv transportului de persoane, este interzis\u0103 \u00een zilele de joi, 30 aprilie (ziua premerg\u0103toare zilei de s\u0103rb\u0103toare legal\u0103) \u0219i vineri, 1 mai (Ziua Muncii), dup\u0103 cum urmeaz\u0103:<\/p>\n\n\n\n<ul class=\"wp-block-list\">\n<li><strong>Pe A2 Bucure\u0219ti \u2013 Constan\u021ba\u00a0<\/strong>(intersec\u021bia A2 cu DNCB \u2013 Fundulea \u2013 Lehliu \u2013 Fete\u0219ti \u2013 Cernavod\u0103 \u2013 intersec\u021bia A2 cu A4), circula\u021bia este restric\u021bionat\u0103\u00a0<strong>pe ambele sensuri<\/strong>\u00a0\u00een data de\u00a0<strong>30 aprilie<\/strong>\u00a0\u00eentre orele\u00a0<strong>16:00 \u2013 22:00<\/strong>\u00a0\u0219i \u00een data de\u00a0<strong>1 mai\u00a0<\/strong>\u00eentre orele\u00a0<strong>06:00 \u2013 22:00<\/strong>, pentru vehiculele cu MTMA mai mare de 7,5 tone;<\/li>\n\n\n\n<li><strong>Pe DN7 Pite\u0219ti \u2013 R\u00e2mnicu V\u00e2lcea \u2013 Ve\u0219tem\u00a0<\/strong>(intersec\u021bia DN7 cu DN1), restric\u021biile se aplic\u0103 pe ambele sensuri \u00een data de 30 aprilie \u00eentre orele 18:00 \u2013 22:00 \u0219i \u00een data de 1 mai \u00eentre orele 06:00 \u2013 22:00, pentru vehiculele cu masa total\u0103 maxim\u0103 autorizat\u0103 mai mare de 7,5 tone;<\/li>\n\n\n\n<li><strong>Pe DN39 Agigea \u2013 Mangalia<\/strong>\u00a0(limita municipiului Mangalia), circula\u021bia este restric\u021bionat\u0103 pe ambele sensuri \u00een data de 30 aprilie \u00eentre orele 16:00 \u2013 22:00 \u0219i \u00een data de 1 mai \u00eentre orele 06:00 \u2013 22:00, pentru vehiculele rutiere cu MTMA mai mare de 7,5 tone.<\/li>\n<\/ul>\n\n\n\n<p><strong>CITE\u0218TE \u0218I:<\/strong> <a href=\"https:\/\/buletin.de\/bucuresti\/programul-marilor-magazine-de-1-mai-ce-supemarketuri-raman-deschise\/\"><strong>Programul marilor magazine, de 1 Mai. Ce supemarketuri r\u0103m\u00e2n deschise<\/strong><\/a><\/p>\n","protected":false},"excerpt":{"rendered":"<p>O sta\u021bie nou, pentru debarcare, va fi \u00eenfiin\u021bat\u0103 \u00eencep\u00e2nd din data de 1 Mai, pe Bd. Lacul Tei. M\u0103sura este anun\u021bat\u0103\u00a0de Asocia\u021bia de Dezvoltare Intercomunitar\u0103 \u2013 TPBI. \u00cencep\u00e2nd de\u00a0vineri, 1 mai 2026,\u00a0autobuzele\u00a0liniei 243\u00a0vor opri, \u00eentr-o sta\u021bie nou\u0103, exclusiv pentru debarcarea c\u0103l\u0103torilor, \u00een noua sta\u021bie \u201eBd. Lacul Tei\u201d, amplasat\u0103 \u00een rondul de la intersec\u021bia Str. Doamna [&hellip;]<\/p>\n","protected":false},"author":49,"featured_media":190182,"comment_status":"closed","ping_status":"open","sticky":false,"template":"","format":"standard","meta":{"_acf_changed":false,"inline_featured_image":false,"ngg_post_thumbnail":0,"footnotes":""},"categories":[6994,62,650],"tags":[28033,4299,28034],"ppma_author":[22574],"class_list":["post-190176","post","type-post","status-publish","format-standard","has-post-thumbnail","hentry","category-stiri-2","category-stiri","category-transport","tag-bd-lacul-tei","tag-doamna-ghica","tag-statia-243"],"acf":[],"yoast_head":"<!-- This site is optimized with the Yoast SEO Premium plugin v25.3 (Yoast SEO v27.4) - https:\/\/yoast.com\/product\/yoast-seo-premium-wordpress\/ -->\n<title>Sta\u021bie nou\u0103, exclusiv pentru debarcare, la Bd. Lacul Tei, pentru linia 243 - Buletin de Bucure\u0219ti<\/title>\n<meta name=\"description\" content=\"O sta\u021bie nou, pentru debarcare, va fi \u00eenfiin\u021bat\u0103 \u00eencep\u00e2nd din data de 1 Mai, pe Bd. Lacul Tei. M\u0103sura este anun\u021bat\u0103 de TPBI.\" \/>\n<meta name=\"robots\" content=\"index, follow, max-snippet:-1, max-image-preview:large, max-video-preview:-1\" \/>\n<link rel=\"canonical\" href=\"https:\/\/buletin.de\/bucuresti\/statie-noua-exclusiv-pentru-debarcare-la-bd-lacul-tei-pentru-linia-243\/\" \/>\n<meta property=\"og:locale\" content=\"en_GB\" \/>\n<meta property=\"og:type\" content=\"article\" \/>\n<meta property=\"og:title\" content=\"Sta\u021bie nou\u0103, exclusiv pentru debarcare, la Bd. Lacul Tei, pentru linia 243\" \/>\n<meta property=\"og:description\" content=\"O sta\u021bie nou, pentru debarcare, va fi \u00eenfiin\u021bat\u0103 \u00eencep\u00e2nd din data de 1 Mai, pe Bd. Lacul Tei. M\u0103sura este anun\u021bat\u0103 de TPBI.\" \/>\n<meta property=\"og:url\" content=\"https:\/\/buletin.de\/bucuresti\/statie-noua-exclusiv-pentru-debarcare-la-bd-lacul-tei-pentru-linia-243\/\" \/>\n<meta property=\"og:site_name\" content=\"Buletin de Bucure\u0219ti\" \/>\n<meta property=\"article:publisher\" content=\"https:\/\/www.facebook.com\/buletin.de.buc\" \/>\n<meta property=\"article:published_time\" content=\"2026-04-30T05:47:32+00:00\" \/>\n<meta property=\"article:modified_time\" content=\"2026-04-30T05:47:33+00:00\" \/>\n<meta property=\"og:image\" content=\"https:\/\/buletin.de\/bucuresti\/wp-content\/uploads\/2026\/04\/autobuz-243.jpeg\" \/>\n\t<meta property=\"og:image:width\" content=\"1600\" \/>\n\t<meta property=\"og:image:height\" content=\"1059\" \/>\n\t<meta property=\"og:image:type\" content=\"image\/jpeg\" \/>\n<meta name=\"author\" content=\"Diana Matei\" \/>\n<meta name=\"twitter:card\" content=\"summary_large_image\" \/>\n<meta name=\"twitter:label1\" content=\"Written by\" \/>\n\t<meta name=\"twitter:data1\" content=\"Diana Matei\" \/>\n\t<meta name=\"twitter:label2\" content=\"Estimated reading time\" \/>\n\t<meta name=\"twitter:data2\" content=\"3 minutes\" \/>\n<script type=\"application\/ld+json\" class=\"yoast-schema-graph\">{\"@context\":\"https:\\\/\\\/schema.org\",\"@graph\":[{\"@type\":\"Article\",\"@id\":\"https:\\\/\\\/buletin.de\\\/bucuresti\\\/statie-noua-exclusiv-pentru-debarcare-la-bd-lacul-tei-pentru-linia-243\\\/#article\",\"isPartOf\":{\"@id\":\"https:\\\/\\\/buletin.de\\\/bucuresti\\\/statie-noua-exclusiv-pentru-debarcare-la-bd-lacul-tei-pentru-linia-243\\\/\"},\"author\":{\"name\":\"Diana Matei\",\"@id\":\"https:\\\/\\\/buletin.de\\\/bucuresti\\\/#\\\/schema\\\/person\\\/7e46040573290777280a0835d81ea4ea\"},\"headline\":\"Sta\u021bie nou\u0103, exclusiv pentru debarcare, la Bd. Lacul Tei, pentru linia 243\",\"datePublished\":\"2026-04-30T05:47:32+00:00\",\"dateModified\":\"2026-04-30T05:47:33+00:00\",\"mainEntityOfPage\":{\"@id\":\"https:\\\/\\\/buletin.de\\\/bucuresti\\\/statie-noua-exclusiv-pentru-debarcare-la-bd-lacul-tei-pentru-linia-243\\\/\"},\"wordCount\":610,\"publisher\":{\"@id\":\"https:\\\/\\\/buletin.de\\\/bucuresti\\\/#organization\"},\"image\":{\"@id\":\"https:\\\/\\\/buletin.de\\\/bucuresti\\\/statie-noua-exclusiv-pentru-debarcare-la-bd-lacul-tei-pentru-linia-243\\\/#primaryimage\"},\"thumbnailUrl\":\"https:\\\/\\\/buletin.de\\\/bucuresti\\\/wp-content\\\/uploads\\\/2026\\\/04\\\/autobuz-243.jpeg\",\"keywords\":[\"Bd. Lacul Tei\",\"Doamna Ghica\",\"statia 243\"],\"articleSection\":[\"Articole\",\"\u0218tiri\",\"Transport\"],\"inLanguage\":\"en-GB\",\"copyrightYear\":\"2026\",\"copyrightHolder\":{\"@id\":\"https:\\\/\\\/buletin.de\\\/bucuresti\\\/#organization\"}},{\"@type\":\"WebPage\",\"@id\":\"https:\\\/\\\/buletin.de\\\/bucuresti\\\/statie-noua-exclusiv-pentru-debarcare-la-bd-lacul-tei-pentru-linia-243\\\/\",\"url\":\"https:\\\/\\\/buletin.de\\\/bucuresti\\\/statie-noua-exclusiv-pentru-debarcare-la-bd-lacul-tei-pentru-linia-243\\\/\",\"name\":\"Sta\u021bie nou\u0103, exclusiv pentru debarcare, la Bd. Lacul Tei, pentru linia 243 - Buletin de Bucure\u0219ti\",\"isPartOf\":{\"@id\":\"https:\\\/\\\/buletin.de\\\/bucuresti\\\/#website\"},\"primaryImageOfPage\":{\"@id\":\"https:\\\/\\\/buletin.de\\\/bucuresti\\\/statie-noua-exclusiv-pentru-debarcare-la-bd-lacul-tei-pentru-linia-243\\\/#primaryimage\"},\"image\":{\"@id\":\"https:\\\/\\\/buletin.de\\\/bucuresti\\\/statie-noua-exclusiv-pentru-debarcare-la-bd-lacul-tei-pentru-linia-243\\\/#primaryimage\"},\"thumbnailUrl\":\"https:\\\/\\\/buletin.de\\\/bucuresti\\\/wp-content\\\/uploads\\\/2026\\\/04\\\/autobuz-243.jpeg\",\"datePublished\":\"2026-04-30T05:47:32+00:00\",\"dateModified\":\"2026-04-30T05:47:33+00:00\",\"description\":\"O sta\u021bie nou, pentru debarcare, va fi \u00eenfiin\u021bat\u0103 \u00eencep\u00e2nd din data de 1 Mai, pe Bd. Lacul Tei. M\u0103sura este anun\u021bat\u0103 de TPBI.\",\"breadcrumb\":{\"@id\":\"https:\\\/\\\/buletin.de\\\/bucuresti\\\/statie-noua-exclusiv-pentru-debarcare-la-bd-lacul-tei-pentru-linia-243\\\/#breadcrumb\"},\"inLanguage\":\"en-GB\",\"potentialAction\":[{\"@type\":\"ReadAction\",\"target\":[\"https:\\\/\\\/buletin.de\\\/bucuresti\\\/statie-noua-exclusiv-pentru-debarcare-la-bd-lacul-tei-pentru-linia-243\\\/\"]}]},{\"@type\":\"ImageObject\",\"inLanguage\":\"en-GB\",\"@id\":\"https:\\\/\\\/buletin.de\\\/bucuresti\\\/statie-noua-exclusiv-pentru-debarcare-la-bd-lacul-tei-pentru-linia-243\\\/#primaryimage\",\"url\":\"https:\\\/\\\/buletin.de\\\/bucuresti\\\/wp-content\\\/uploads\\\/2026\\\/04\\\/autobuz-243.jpeg\",\"contentUrl\":\"https:\\\/\\\/buletin.de\\\/bucuresti\\\/wp-content\\\/uploads\\\/2026\\\/04\\\/autobuz-243.jpeg\",\"width\":1600,\"height\":1059,\"caption\":\"Sta\u021bie nou\u0103, exclusiv pentru debarcare la Bd. Lacul Tei, pentru linia 243. FOTO: TPBI\"},{\"@type\":\"BreadcrumbList\",\"@id\":\"https:\\\/\\\/buletin.de\\\/bucuresti\\\/statie-noua-exclusiv-pentru-debarcare-la-bd-lacul-tei-pentru-linia-243\\\/#breadcrumb\",\"itemListElement\":[{\"@type\":\"ListItem\",\"position\":1,\"name\":\"Acas\u0103\",\"item\":\"https:\\\/\\\/buletin.de\\\/bucuresti\\\/\"},{\"@type\":\"ListItem\",\"position\":2,\"name\":\"Sta\u021bie nou\u0103, exclusiv pentru debarcare, la Bd. Lacul Tei, pentru linia 243\"}]},{\"@type\":\"WebSite\",\"@id\":\"https:\\\/\\\/buletin.de\\\/bucuresti\\\/#website\",\"url\":\"https:\\\/\\\/buletin.de\\\/bucuresti\\\/\",\"name\":\"Buletin de Bucure\u0219ti\",\"description\":\"\u0218tiri \u0219i investiga\u021bii esen\u021biale din capital\u0103\",\"publisher\":{\"@id\":\"https:\\\/\\\/buletin.de\\\/bucuresti\\\/#organization\"},\"potentialAction\":[{\"@type\":\"SearchAction\",\"target\":{\"@type\":\"EntryPoint\",\"urlTemplate\":\"https:\\\/\\\/buletin.de\\\/bucuresti\\\/?s={search_term_string}\"},\"query-input\":{\"@type\":\"PropertyValueSpecification\",\"valueRequired\":true,\"valueName\":\"search_term_string\"}}],\"inLanguage\":\"en-GB\"},{\"@type\":\"Organization\",\"@id\":\"https:\\\/\\\/buletin.de\\\/bucuresti\\\/#organization\",\"name\":\"Buletin de Bucure\u0219ti\",\"url\":\"https:\\\/\\\/buletin.de\\\/bucuresti\\\/\",\"logo\":{\"@type\":\"ImageObject\",\"inLanguage\":\"en-GB\",\"@id\":\"https:\\\/\\\/buletin.de\\\/bucuresti\\\/#\\\/schema\\\/logo\\\/image\\\/\",\"url\":\"https:\\\/\\\/buletin.de\\\/bucuresti\\\/wp-content\\\/uploads\\\/logo-bdb-full-wide-vernil-transparent.png\",\"contentUrl\":\"https:\\\/\\\/buletin.de\\\/bucuresti\\\/wp-content\\\/uploads\\\/logo-bdb-full-wide-vernil-transparent.png\",\"width\":1782,\"height\":626,\"caption\":\"Buletin de Bucure\u0219ti\"},\"image\":{\"@id\":\"https:\\\/\\\/buletin.de\\\/bucuresti\\\/#\\\/schema\\\/logo\\\/image\\\/\"},\"sameAs\":[\"https:\\\/\\\/www.facebook.com\\\/buletin.de.buc\",\"https:\\\/\\\/www.instagram.com\\\/buletinde.bucuresti\\\/\"]},{\"@type\":\"Person\",\"@id\":\"https:\\\/\\\/buletin.de\\\/bucuresti\\\/#\\\/schema\\\/person\\\/7e46040573290777280a0835d81ea4ea\",\"name\":\"Diana Matei\",\"image\":{\"@type\":\"ImageObject\",\"inLanguage\":\"en-GB\",\"@id\":\"https:\\\/\\\/buletin.de\\\/bucuresti\\\/wp-content\\\/uploads\\\/9-2-96x96.jpg1e8590b30871d70e62ebcdaf2eff570c\",\"url\":\"https:\\\/\\\/buletin.de\\\/bucuresti\\\/wp-content\\\/uploads\\\/9-2-96x96.jpg\",\"contentUrl\":\"https:\\\/\\\/buletin.de\\\/bucuresti\\\/wp-content\\\/uploads\\\/9-2-96x96.jpg\",\"caption\":\"Diana Matei\"},\"url\":\"https:\\\/\\\/buletin.de\\\/bucuresti\\\/author\\\/dianamatei\\\/\"}]}<\/script>\n<!-- \/ Yoast SEO Premium plugin. -->","yoast_head_json":{"title":"Sta\u021bie nou\u0103, exclusiv pentru debarcare, la Bd. Lacul Tei, pentru linia 243 - Buletin de Bucure\u0219ti","description":"O sta\u021bie nou, pentru debarcare, va fi \u00eenfiin\u021bat\u0103 \u00eencep\u00e2nd din data de 1 Mai, pe Bd. Lacul Tei. M\u0103sura este anun\u021bat\u0103 de TPBI.","robots":{"index":"index","follow":"follow","max-snippet":"max-snippet:-1","max-image-preview":"max-image-preview:large","max-video-preview":"max-video-preview:-1"},"canonical":"https:\/\/buletin.de\/bucuresti\/statie-noua-exclusiv-pentru-debarcare-la-bd-lacul-tei-pentru-linia-243\/","og_locale":"en_GB","og_type":"article","og_title":"Sta\u021bie nou\u0103, exclusiv pentru debarcare, la Bd. Lacul Tei, pentru linia 243","og_description":"O sta\u021bie nou, pentru debarcare, va fi \u00eenfiin\u021bat\u0103 \u00eencep\u00e2nd din data de 1 Mai, pe Bd. Lacul Tei. M\u0103sura este anun\u021bat\u0103 de TPBI.","og_url":"https:\/\/buletin.de\/bucuresti\/statie-noua-exclusiv-pentru-debarcare-la-bd-lacul-tei-pentru-linia-243\/","og_site_name":"Buletin de Bucure\u0219ti","article_publisher":"https:\/\/www.facebook.com\/buletin.de.buc","article_published_time":"2026-04-30T05:47:32+00:00","article_modified_time":"2026-04-30T05:47:33+00:00","og_image":[{"width":1600,"height":1059,"url":"https:\/\/buletin.de\/bucuresti\/wp-content\/uploads\/2026\/04\/autobuz-243.jpeg","type":"image\/jpeg"}],"author":"Diana Matei","twitter_card":"summary_large_image","twitter_misc":{"Written by":"Diana Matei","Estimated reading time":"3 minutes"},"schema":{"@context":"https:\/\/schema.org","@graph":[{"@type":"Article","@id":"https:\/\/buletin.de\/bucuresti\/statie-noua-exclusiv-pentru-debarcare-la-bd-lacul-tei-pentru-linia-243\/#article","isPartOf":{"@id":"https:\/\/buletin.de\/bucuresti\/statie-noua-exclusiv-pentru-debarcare-la-bd-lacul-tei-pentru-linia-243\/"},"author":{"name":"Diana Matei","@id":"https:\/\/buletin.de\/bucuresti\/#\/schema\/person\/7e46040573290777280a0835d81ea4ea"},"headline":"Sta\u021bie nou\u0103, exclusiv pentru debarcare, la Bd. Lacul Tei, pentru linia 243","datePublished":"2026-04-30T05:47:32+00:00","dateModified":"2026-04-30T05:47:33+00:00","mainEntityOfPage":{"@id":"https:\/\/buletin.de\/bucuresti\/statie-noua-exclusiv-pentru-debarcare-la-bd-lacul-tei-pentru-linia-243\/"},"wordCount":610,"publisher":{"@id":"https:\/\/buletin.de\/bucuresti\/#organization"},"image":{"@id":"https:\/\/buletin.de\/bucuresti\/statie-noua-exclusiv-pentru-debarcare-la-bd-lacul-tei-pentru-linia-243\/#primaryimage"},"thumbnailUrl":"https:\/\/buletin.de\/bucuresti\/wp-content\/uploads\/2026\/04\/autobuz-243.jpeg","keywords":["Bd. Lacul Tei","Doamna Ghica","statia 243"],"articleSection":["Articole","\u0218tiri","Transport"],"inLanguage":"en-GB","copyrightYear":"2026","copyrightHolder":{"@id":"https:\/\/buletin.de\/bucuresti\/#organization"}},{"@type":"WebPage","@id":"https:\/\/buletin.de\/bucuresti\/statie-noua-exclusiv-pentru-debarcare-la-bd-lacul-tei-pentru-linia-243\/","url":"https:\/\/buletin.de\/bucuresti\/statie-noua-exclusiv-pentru-debarcare-la-bd-lacul-tei-pentru-linia-243\/","name":"Sta\u021bie nou\u0103, exclusiv pentru debarcare, la Bd. Lacul Tei, pentru linia 243 - Buletin de Bucure\u0219ti","isPartOf":{"@id":"https:\/\/buletin.de\/bucuresti\/#website"},"primaryImageOfPage":{"@id":"https:\/\/buletin.de\/bucuresti\/statie-noua-exclusiv-pentru-debarcare-la-bd-lacul-tei-pentru-linia-243\/#primaryimage"},"image":{"@id":"https:\/\/buletin.de\/bucuresti\/statie-noua-exclusiv-pentru-debarcare-la-bd-lacul-tei-pentru-linia-243\/#primaryimage"},"thumbnailUrl":"https:\/\/buletin.de\/bucuresti\/wp-content\/uploads\/2026\/04\/autobuz-243.jpeg","datePublished":"2026-04-30T05:47:32+00:00","dateModified":"2026-04-30T05:47:33+00:00","description":"O sta\u021bie nou, pentru debarcare, va fi \u00eenfiin\u021bat\u0103 \u00eencep\u00e2nd din data de 1 Mai, pe Bd. Lacul Tei. M\u0103sura este anun\u021bat\u0103 de TPBI.","breadcrumb":{"@id":"https:\/\/buletin.de\/bucuresti\/statie-noua-exclusiv-pentru-debarcare-la-bd-lacul-tei-pentru-linia-243\/#breadcrumb"},"inLanguage":"en-GB","potentialAction":[{"@type":"ReadAction","target":["https:\/\/buletin.de\/bucuresti\/statie-noua-exclusiv-pentru-debarcare-la-bd-lacul-tei-pentru-linia-243\/"]}]},{"@type":"ImageObject","inLanguage":"en-GB","@id":"https:\/\/buletin.de\/bucuresti\/statie-noua-exclusiv-pentru-debarcare-la-bd-lacul-tei-pentru-linia-243\/#primaryimage","url":"https:\/\/buletin.de\/bucuresti\/wp-content\/uploads\/2026\/04\/autobuz-243.jpeg","contentUrl":"https:\/\/buletin.de\/bucuresti\/wp-content\/uploads\/2026\/04\/autobuz-243.jpeg","width":1600,"height":1059,"caption":"Sta\u021bie nou\u0103, exclusiv pentru debarcare la Bd. Lacul Tei, pentru linia 243. FOTO: TPBI"},{"@type":"BreadcrumbList","@id":"https:\/\/buletin.de\/bucuresti\/statie-noua-exclusiv-pentru-debarcare-la-bd-lacul-tei-pentru-linia-243\/#breadcrumb","itemListElement":[{"@type":"ListItem","position":1,"name":"Acas\u0103","item":"https:\/\/buletin.de\/bucuresti\/"},{"@type":"ListItem","position":2,"name":"Sta\u021bie nou\u0103, exclusiv pentru debarcare, la Bd. Lacul Tei, pentru linia 243"}]},{"@type":"WebSite","@id":"https:\/\/buletin.de\/bucuresti\/#website","url":"https:\/\/buletin.de\/bucuresti\/","name":"Buletin de Bucure\u0219ti","description":"\u0218tiri \u0219i investiga\u021bii esen\u021biale din capital\u0103","publisher":{"@id":"https:\/\/buletin.de\/bucuresti\/#organization"},"potentialAction":[{"@type":"SearchAction","target":{"@type":"EntryPoint","urlTemplate":"https:\/\/buletin.de\/bucuresti\/?s={search_term_string}"},"query-input":{"@type":"PropertyValueSpecification","valueRequired":true,"valueName":"search_term_string"}}],"inLanguage":"en-GB"},{"@type":"Organization","@id":"https:\/\/buletin.de\/bucuresti\/#organization","name":"Buletin de Bucure\u0219ti","url":"https:\/\/buletin.de\/bucuresti\/","logo":{"@type":"ImageObject","inLanguage":"en-GB","@id":"https:\/\/buletin.de\/bucuresti\/#\/schema\/logo\/image\/","url":"https:\/\/buletin.de\/bucuresti\/wp-content\/uploads\/logo-bdb-full-wide-vernil-transparent.png","contentUrl":"https:\/\/buletin.de\/bucuresti\/wp-content\/uploads\/logo-bdb-full-wide-vernil-transparent.png","width":1782,"height":626,"caption":"Buletin de Bucure\u0219ti"},"image":{"@id":"https:\/\/buletin.de\/bucuresti\/#\/schema\/logo\/image\/"},"sameAs":["https:\/\/www.facebook.com\/buletin.de.buc","https:\/\/www.instagram.com\/buletinde.bucuresti\/"]},{"@type":"Person","@id":"https:\/\/buletin.de\/bucuresti\/#\/schema\/person\/7e46040573290777280a0835d81ea4ea","name":"Diana Matei","image":{"@type":"ImageObject","inLanguage":"en-GB","@id":"https:\/\/buletin.de\/bucuresti\/wp-content\/uploads\/9-2-96x96.jpg1e8590b30871d70e62ebcdaf2eff570c","url":"https:\/\/buletin.de\/bucuresti\/wp-content\/uploads\/9-2-96x96.jpg","contentUrl":"https:\/\/buletin.de\/bucuresti\/wp-content\/uploads\/9-2-96x96.jpg","caption":"Diana Matei"},"url":"https:\/\/buletin.de\/bucuresti\/author\/dianamatei\/"}]}},"authors":[{"term_id":22574,"user_id":49,"is_guest":0,"slug":"dianamatei","display_name":"Diana Matei","avatar_url":"https:\/\/buletin.de\/bucuresti\/wp-content\/uploads\/9-2-96x96.jpg","0":null,"1":"","2":"","3":"","4":"","5":"","6":"","7":"","8":""}],"_links":{"self":[{"href":"https:\/\/buletin.de\/bucuresti\/wp-json\/wp\/v2\/posts\/190176","targetHints":{"allow":["GET"]}}],"collection":[{"href":"https:\/\/buletin.de\/bucuresti\/wp-json\/wp\/v2\/posts"}],"about":[{"href":"https:\/\/buletin.de\/bucuresti\/wp-json\/wp\/v2\/types\/post"}],"author":[{"embeddable":true,"href":"https:\/\/buletin.de\/bucuresti\/wp-json\/wp\/v2\/users\/49"}],"replies":[{"embeddable":true,"href":"https:\/\/buletin.de\/bucuresti\/wp-json\/wp\/v2\/comments?post=190176"}],"version-history":[{"count":3,"href":"https:\/\/buletin.de\/bucuresti\/wp-json\/wp\/v2\/posts\/190176\/revisions"}],"predecessor-version":[{"id":190185,"href":"https:\/\/buletin.de\/bucuresti\/wp-json\/wp\/v2\/posts\/190176\/revisions\/190185"}],"wp:featuredmedia":[{"embeddable":true,"href":"https:\/\/buletin.de\/bucuresti\/wp-json\/wp\/v2\/media\/190182"}],"wp:attachment":[{"href":"https:\/\/buletin.de\/bucuresti\/wp-json\/wp\/v2\/media?parent=190176"}],"wp:term":[{"taxonomy":"category","embeddable":true,"href":"https:\/\/buletin.de\/bucuresti\/wp-json\/wp\/v2\/categories?post=190176"},{"taxonomy":"post_tag","embeddable":true,"href":"https:\/\/buletin.de\/bucuresti\/wp-json\/wp\/v2\/tags?post=190176"},{"taxonomy":"author","embeddable":true,"href":"https:\/\/buletin.de\/bucuresti\/wp-json\/wp\/v2\/ppma_author?post=190176"}],"curies":[{"name":"wp","href":"https:\/\/api.w.org\/{rel}","templated":true}]}}