{"id":190172,"date":"2026-04-30T07:17:28","date_gmt":"2026-04-30T04:17:28","guid":{"rendered":"https:\/\/buletin.de\/bucuresti\/?p=190172"},"modified":"2026-04-30T12:56:17","modified_gmt":"2026-04-30T09:56:17","slug":"programul-supermarketurilor-de-1-mai-2026","status":"publish","type":"post","link":"https:\/\/buletin.de\/bucuresti\/programul-supermarketurilor-de-1-mai-2026\/","title":{"rendered":"Programul supermarketurilor de 1 Mai 2026. Ce magazine r\u0103m\u00e2n deschise"},"content":{"rendered":"\n<p><strong>Programul supermarketurilor se modific\u0103 de 1 Mai 2026. Programul marilor magazine este urm\u0103torul:<\/strong><\/p>\n\n\n\n<h5 class=\"wp-block-heading\" id=\"h-program-kaufland-de-1-mai-2026\">Program Kaufland de 1 Mai 2026<\/h5>\n\n\n\n<p>Magazinele <a href=\"https:\/\/www.kaufland.ro\/\" type=\"link\" id=\"https:\/\/www.kaufland.ro\/\">Kaufland<\/a> nu au anun\u021bat modific\u0103ri semnificative pentru Ziua Muncii. Aacestea vor fi deschise, cel mai probabil, \u00een intervalul obi\u0219nuit 07:00 \u2013 22:00. Diferen\u021bele pot ap\u0103rea \u00een func\u021bie de ora\u0219, dar nu vor fi \u00eenchise.<\/p>\n\n\n\n<h5 class=\"wp-block-heading\" id=\"h-programul-supermarketurilor-lidl-de-1-mai-2026\">Programul supermarketurilor Lidl de 1 Mai 2026<\/h5>\n\n\n\n<p>Si retailerul <a href=\"https:\/\/www.lidl.ro\/\" target=\"_blank\" rel=\"noreferrer noopener\">Lidl<\/a> \u00ee\u0219i men\u021bine magazinele deschise \u0219i de 1 Mai 2026. \u00cen mod obi\u0219nuit, programul este similar celui de weekend, \u00eentre 08:00 \u0219i 21:00, cu posibilitatea extinderii p\u00e2n\u0103 la 22:00, \u00een unele loca\u021bii.<\/p>\n\n\n\n<p>Aplica\u021bia Lidl Plus poate oferi mai multe informa\u021bii despre programul fiec\u0103rui magazin.<\/p>\n\n\n\n<p><strong>CITE\u0218TE \u0218I:<\/strong> <a href=\"https:\/\/buletin.de\/bucuresti\/programul-spitalelor-din-bucuresti-de-1-mai-noua-unitati-medicale-asigura-asistenta-de-urgenta\/\"><strong>Programul spitalelor din Bucure\u0219ti de 1 Mai. Nou\u0103 unit\u0103\u021bi medicale asigur\u0103 asisten\u021ba de urgen\u021b\u0103<\/strong><\/a><\/p>\n\n\n\n<h5 class=\"wp-block-heading\" id=\"h-programul-carrefour-de-1-mai\">Programul Carrefour de 1 Mai<\/h5>\n\n\n\n<p>Reprezentan\u021bii <a href=\"https:\/\/carrefour.ro\/\" type=\"link\" id=\"https:\/\/carrefour.ro\/\" target=\"_blank\" rel=\"noreferrer noopener\">Carrefour<\/a> au anun\u021bat c\u0103, magazinele pe care le de\u021bin nu \u00ee\u0219i modific\u0103 programul, de 1 Mai.Programul standard r\u0103m\u00e2ne valabil, de regul\u0103 \u00eentre 07:00 \u0219i 22:00, pe tot parcursul zilei.<\/p>\n\n\n\n<h5 class=\"wp-block-heading\" id=\"h-programul-supermarketurilor-penny-de-1-mai-2026\">Programul supermarketurilor Penny de 1 Mai 2026<\/h5>\n\n\n\n<p>\u0218i re\u021beaua <a href=\"https:\/\/www.penny.ro\/\" type=\"link\" id=\"https:\/\/www.penny.ro\/\" target=\"_blank\" rel=\"noreferrer noopener\">Penny<\/a> p\u0103streaz\u0103 programul obi\u0219nuit:<\/p>\n\n\n\n<ul class=\"wp-block-list\">\n<li>Luni \u2013 S\u00e2mb\u0103t\u0103: 07:30 \u2013 22:0;0<\/li>\n\n\n\n<li>Duminic\u0103: 08:00 \u2013 20:00.<\/li>\n<\/ul>\n\n\n\n<p><strong>CITE\u0218TE \u0218I:<\/strong> <a href=\"https:\/\/buletin.de\/bucuresti\/scumpirea-biletelor-de-metrou-suspendata-de-ministrul-interimar-al-transporturilor-radu-miruta-cere-demiterea-directorului-metrorex\/\"><strong>VIDEO | Scumpirea biletelor de metrou va fi anulat\u0103. Ministrul Radu Miru\u021b\u0103 dezv\u0103luie fraude masive la Metrorex \u0219i cere demiterea conducerii<\/strong><\/a><\/p>\n\n\n\n<h5 class=\"wp-block-heading\" id=\"h-cand-este-deschis-mega-image\">Cand este deschis Mega Image <\/h5>\n\n\n\n<p>Magazinele <a href=\"https:\/\/www.mega-image.ro\/\" type=\"link\" id=\"https:\/\/www.mega-image.ro\/\" target=\"_blank\" rel=\"noreferrer noopener\">Mega Image<\/a> vor fi deschise conform programului standard, zilnic \u00eentre 07:00 \u0219i 22:00. Nu sunt anun\u021bate schimb\u0103ri speciale pentru minivacan\u021b\u0103.<\/p>\n\n\n\n<h5 class=\"wp-block-heading\" id=\"h-program-obi\u0219nuit-\u0219i-la-auchan-de-1-mai\">Program obi\u0219nuit \u0219i la  Auchan de 1 Mai <\/h5>\n\n\n\n<p><strong><a href=\"https:\/\/www.auchan.ro\/\" type=\"link\" id=\"https:\/\/www.auchan.ro\/\" target=\"_blank\" rel=\"noreferrer noopener\">Auchan<\/a> \u00ee\u0219i p\u0103streaz\u0103, de asemenea, programul normal. Magazinele vor func\u021biona \u00eentre 07:00 \u0219i 22:00, inclusiv de Ziua Muncii.<\/strong><\/p>\n\n\n\n<p>\u0218i&nbsp;mall-urile r\u0103m\u00e2n deschise, cu program normal. Orarele pot si diferite, de la un magazin la altul, mai ales \u00een zonele turistice.<\/p>\n\n\n\n<p><strong>CITE\u0218TE \u0218I:<\/strong> <a href=\"https:\/\/buletin.de\/bucuresti\/foto-cetatenii-revoltati-de-copacii-plantati-pe-trotuare-inguste-peste-cabluri-pe-doua-strazi-din-sectorul-4-primaria-a-alocat-16-milioane-de-euro-pentru-arbori\/\"><strong>FOTO | Cet\u0103\u021benii, revolta\u021bi de copacii planta\u021bi pe trotuare \u00eenguste, peste cabluri, pe dou\u0103 str\u0103zi din Sectorul 4. Prim\u0103ria a alocat 1,6 milioane de euro pentru arbori<\/strong><\/a><\/p>\n","protected":false},"excerpt":{"rendered":"<p>Programul supermarketurilor se modific\u0103 de 1 Mai 2026. Programul marilor magazine este urm\u0103torul: Program Kaufland de 1 Mai 2026 Magazinele Kaufland nu au anun\u021bat modific\u0103ri semnificative pentru Ziua Muncii. Aacestea vor fi deschise, cel mai probabil, \u00een intervalul obi\u0219nuit 07:00 \u2013 22:00. Diferen\u021bele pot ap\u0103rea \u00een func\u021bie de ora\u0219, dar nu vor fi \u00eenchise. Programul [&hellip;]<\/p>\n","protected":false},"author":49,"featured_media":163258,"comment_status":"closed","ping_status":"open","sticky":false,"template":"","format":"standard","meta":{"_acf_changed":false,"inline_featured_image":false,"ngg_post_thumbnail":0,"footnotes":""},"categories":[6994,62],"tags":[6252,18037,3950,18038,28032],"ppma_author":[22574],"class_list":["post-190172","post","type-post","status-publish","format-standard","has-post-thumbnail","hentry","category-stiri-2","category-stiri","tag-1-mai","tag-lidl","tag-mega-image","tag-penny","tag-program-magazine-1-mai"],"acf":[],"yoast_head":"<!-- This site is optimized with the Yoast SEO Premium plugin v25.3 (Yoast SEO v27.4) - https:\/\/yoast.com\/product\/yoast-seo-premium-wordpress\/ -->\n<title>Programul supermarketurilor de 1 Mai 2026. Ce magazine r\u0103m\u00e2n deschise - Buletin de Bucure\u0219ti<\/title>\n<meta name=\"description\" content=\"Programul supermarketurilor se modific\u0103 de 1 Mai 2026. Programul marilor magazine este urm\u0103torul \u00een Capital\u0103.\" \/>\n<meta name=\"robots\" content=\"index, follow, max-snippet:-1, max-image-preview:large, max-video-preview:-1\" \/>\n<link rel=\"canonical\" href=\"https:\/\/buletin.de\/bucuresti\/programul-supermarketurilor-de-1-mai-2026\/\" \/>\n<meta property=\"og:locale\" content=\"en_GB\" \/>\n<meta property=\"og:type\" content=\"article\" \/>\n<meta property=\"og:title\" content=\"Programul supermarketurilor de 1 Mai 2026. Ce magazine r\u0103m\u00e2n deschise\" \/>\n<meta property=\"og:description\" content=\"Programul supermarketurilor se modific\u0103 de 1 Mai 2026. Programul marilor magazine este urm\u0103torul \u00een Capital\u0103.\" \/>\n<meta property=\"og:url\" content=\"https:\/\/buletin.de\/bucuresti\/programul-supermarketurilor-de-1-mai-2026\/\" \/>\n<meta property=\"og:site_name\" content=\"Buletin de Bucure\u0219ti\" \/>\n<meta property=\"article:publisher\" content=\"https:\/\/www.facebook.com\/buletin.de.buc\" \/>\n<meta property=\"article:published_time\" content=\"2026-04-30T04:17:28+00:00\" \/>\n<meta property=\"article:modified_time\" content=\"2026-04-30T09:56:17+00:00\" \/>\n<meta property=\"og:image\" content=\"https:\/\/buletin.de\/bucuresti\/wp-content\/uploads\/2025\/12\/mega-image-tipuri-de-magazine.webp\" \/>\n\t<meta property=\"og:image:width\" content=\"1380\" \/>\n\t<meta property=\"og:image:height\" content=\"687\" \/>\n\t<meta property=\"og:image:type\" content=\"image\/webp\" \/>\n<meta name=\"author\" content=\"Diana Matei\" \/>\n<meta name=\"twitter:card\" content=\"summary_large_image\" \/>\n<meta name=\"twitter:label1\" content=\"Written by\" \/>\n\t<meta name=\"twitter:data1\" content=\"Diana Matei\" \/>\n\t<meta name=\"twitter:label2\" content=\"Estimated reading time\" \/>\n\t<meta name=\"twitter:data2\" content=\"2 minutes\" \/>\n<script type=\"application\/ld+json\" class=\"yoast-schema-graph\">{\"@context\":\"https:\\\/\\\/schema.org\",\"@graph\":[{\"@type\":\"Article\",\"@id\":\"https:\\\/\\\/buletin.de\\\/bucuresti\\\/programul-supermarketurilor-de-1-mai-2026\\\/#article\",\"isPartOf\":{\"@id\":\"https:\\\/\\\/buletin.de\\\/bucuresti\\\/programul-supermarketurilor-de-1-mai-2026\\\/\"},\"author\":{\"name\":\"Diana Matei\",\"@id\":\"https:\\\/\\\/buletin.de\\\/bucuresti\\\/#\\\/schema\\\/person\\\/7e46040573290777280a0835d81ea4ea\"},\"headline\":\"Programul supermarketurilor de 1 Mai 2026. Ce magazine r\u0103m\u00e2n deschise\",\"datePublished\":\"2026-04-30T04:17:28+00:00\",\"dateModified\":\"2026-04-30T09:56:17+00:00\",\"mainEntityOfPage\":{\"@id\":\"https:\\\/\\\/buletin.de\\\/bucuresti\\\/programul-supermarketurilor-de-1-mai-2026\\\/\"},\"wordCount\":325,\"publisher\":{\"@id\":\"https:\\\/\\\/buletin.de\\\/bucuresti\\\/#organization\"},\"image\":{\"@id\":\"https:\\\/\\\/buletin.de\\\/bucuresti\\\/programul-supermarketurilor-de-1-mai-2026\\\/#primaryimage\"},\"thumbnailUrl\":\"https:\\\/\\\/buletin.de\\\/bucuresti\\\/wp-content\\\/uploads\\\/2025\\\/12\\\/mega-image-tipuri-de-magazine.webp\",\"keywords\":[\"1 mai\",\"LIDL\",\"mega image\",\"Penny\",\"program magazine 1 Mai\"],\"articleSection\":[\"Articole\",\"\u0218tiri\"],\"inLanguage\":\"en-GB\",\"copyrightYear\":\"2026\",\"copyrightHolder\":{\"@id\":\"https:\\\/\\\/buletin.de\\\/bucuresti\\\/#organization\"}},{\"@type\":\"WebPage\",\"@id\":\"https:\\\/\\\/buletin.de\\\/bucuresti\\\/programul-supermarketurilor-de-1-mai-2026\\\/\",\"url\":\"https:\\\/\\\/buletin.de\\\/bucuresti\\\/programul-supermarketurilor-de-1-mai-2026\\\/\",\"name\":\"Programul supermarketurilor de 1 Mai 2026. Ce magazine r\u0103m\u00e2n deschise - Buletin de Bucure\u0219ti\",\"isPartOf\":{\"@id\":\"https:\\\/\\\/buletin.de\\\/bucuresti\\\/#website\"},\"primaryImageOfPage\":{\"@id\":\"https:\\\/\\\/buletin.de\\\/bucuresti\\\/programul-supermarketurilor-de-1-mai-2026\\\/#primaryimage\"},\"image\":{\"@id\":\"https:\\\/\\\/buletin.de\\\/bucuresti\\\/programul-supermarketurilor-de-1-mai-2026\\\/#primaryimage\"},\"thumbnailUrl\":\"https:\\\/\\\/buletin.de\\\/bucuresti\\\/wp-content\\\/uploads\\\/2025\\\/12\\\/mega-image-tipuri-de-magazine.webp\",\"datePublished\":\"2026-04-30T04:17:28+00:00\",\"dateModified\":\"2026-04-30T09:56:17+00:00\",\"description\":\"Programul supermarketurilor se modific\u0103 de 1 Mai 2026. Programul marilor magazine este urm\u0103torul \u00een Capital\u0103.\",\"breadcrumb\":{\"@id\":\"https:\\\/\\\/buletin.de\\\/bucuresti\\\/programul-supermarketurilor-de-1-mai-2026\\\/#breadcrumb\"},\"inLanguage\":\"en-GB\",\"potentialAction\":[{\"@type\":\"ReadAction\",\"target\":[\"https:\\\/\\\/buletin.de\\\/bucuresti\\\/programul-supermarketurilor-de-1-mai-2026\\\/\"]}]},{\"@type\":\"ImageObject\",\"inLanguage\":\"en-GB\",\"@id\":\"https:\\\/\\\/buletin.de\\\/bucuresti\\\/programul-supermarketurilor-de-1-mai-2026\\\/#primaryimage\",\"url\":\"https:\\\/\\\/buletin.de\\\/bucuresti\\\/wp-content\\\/uploads\\\/2025\\\/12\\\/mega-image-tipuri-de-magazine.webp\",\"contentUrl\":\"https:\\\/\\\/buletin.de\\\/bucuresti\\\/wp-content\\\/uploads\\\/2025\\\/12\\\/mega-image-tipuri-de-magazine.webp\",\"width\":1380,\"height\":687,\"caption\":\"Programul marilor magazine, de 1 Mai. Ce supemarketuri r\u0103m\u00e2n deschise. FOTO: mega-image.ro\"},{\"@type\":\"BreadcrumbList\",\"@id\":\"https:\\\/\\\/buletin.de\\\/bucuresti\\\/programul-supermarketurilor-de-1-mai-2026\\\/#breadcrumb\",\"itemListElement\":[{\"@type\":\"ListItem\",\"position\":1,\"name\":\"Acas\u0103\",\"item\":\"https:\\\/\\\/buletin.de\\\/bucuresti\\\/\"},{\"@type\":\"ListItem\",\"position\":2,\"name\":\"Programul supermarketurilor de 1 Mai 2026. Ce magazine r\u0103m\u00e2n deschise\"}]},{\"@type\":\"WebSite\",\"@id\":\"https:\\\/\\\/buletin.de\\\/bucuresti\\\/#website\",\"url\":\"https:\\\/\\\/buletin.de\\\/bucuresti\\\/\",\"name\":\"Buletin de Bucure\u0219ti\",\"description\":\"\u0218tiri \u0219i investiga\u021bii esen\u021biale din capital\u0103\",\"publisher\":{\"@id\":\"https:\\\/\\\/buletin.de\\\/bucuresti\\\/#organization\"},\"potentialAction\":[{\"@type\":\"SearchAction\",\"target\":{\"@type\":\"EntryPoint\",\"urlTemplate\":\"https:\\\/\\\/buletin.de\\\/bucuresti\\\/?s={search_term_string}\"},\"query-input\":{\"@type\":\"PropertyValueSpecification\",\"valueRequired\":true,\"valueName\":\"search_term_string\"}}],\"inLanguage\":\"en-GB\"},{\"@type\":\"Organization\",\"@id\":\"https:\\\/\\\/buletin.de\\\/bucuresti\\\/#organization\",\"name\":\"Buletin de Bucure\u0219ti\",\"url\":\"https:\\\/\\\/buletin.de\\\/bucuresti\\\/\",\"logo\":{\"@type\":\"ImageObject\",\"inLanguage\":\"en-GB\",\"@id\":\"https:\\\/\\\/buletin.de\\\/bucuresti\\\/#\\\/schema\\\/logo\\\/image\\\/\",\"url\":\"https:\\\/\\\/buletin.de\\\/bucuresti\\\/wp-content\\\/uploads\\\/logo-bdb-full-wide-vernil-transparent.png\",\"contentUrl\":\"https:\\\/\\\/buletin.de\\\/bucuresti\\\/wp-content\\\/uploads\\\/logo-bdb-full-wide-vernil-transparent.png\",\"width\":1782,\"height\":626,\"caption\":\"Buletin de Bucure\u0219ti\"},\"image\":{\"@id\":\"https:\\\/\\\/buletin.de\\\/bucuresti\\\/#\\\/schema\\\/logo\\\/image\\\/\"},\"sameAs\":[\"https:\\\/\\\/www.facebook.com\\\/buletin.de.buc\",\"https:\\\/\\\/www.instagram.com\\\/buletinde.bucuresti\\\/\"]},{\"@type\":\"Person\",\"@id\":\"https:\\\/\\\/buletin.de\\\/bucuresti\\\/#\\\/schema\\\/person\\\/7e46040573290777280a0835d81ea4ea\",\"name\":\"Diana Matei\",\"image\":{\"@type\":\"ImageObject\",\"inLanguage\":\"en-GB\",\"@id\":\"https:\\\/\\\/buletin.de\\\/bucuresti\\\/wp-content\\\/uploads\\\/9-2-96x96.jpg1e8590b30871d70e62ebcdaf2eff570c\",\"url\":\"https:\\\/\\\/buletin.de\\\/bucuresti\\\/wp-content\\\/uploads\\\/9-2-96x96.jpg\",\"contentUrl\":\"https:\\\/\\\/buletin.de\\\/bucuresti\\\/wp-content\\\/uploads\\\/9-2-96x96.jpg\",\"caption\":\"Diana Matei\"},\"url\":\"https:\\\/\\\/buletin.de\\\/bucuresti\\\/author\\\/dianamatei\\\/\"}]}<\/script>\n<!-- \/ Yoast SEO Premium plugin. -->","yoast_head_json":{"title":"Programul supermarketurilor de 1 Mai 2026. Ce magazine r\u0103m\u00e2n deschise - Buletin de Bucure\u0219ti","description":"Programul supermarketurilor se modific\u0103 de 1 Mai 2026. Programul marilor magazine este urm\u0103torul \u00een Capital\u0103.","robots":{"index":"index","follow":"follow","max-snippet":"max-snippet:-1","max-image-preview":"max-image-preview:large","max-video-preview":"max-video-preview:-1"},"canonical":"https:\/\/buletin.de\/bucuresti\/programul-supermarketurilor-de-1-mai-2026\/","og_locale":"en_GB","og_type":"article","og_title":"Programul supermarketurilor de 1 Mai 2026. Ce magazine r\u0103m\u00e2n deschise","og_description":"Programul supermarketurilor se modific\u0103 de 1 Mai 2026. Programul marilor magazine este urm\u0103torul \u00een Capital\u0103.","og_url":"https:\/\/buletin.de\/bucuresti\/programul-supermarketurilor-de-1-mai-2026\/","og_site_name":"Buletin de Bucure\u0219ti","article_publisher":"https:\/\/www.facebook.com\/buletin.de.buc","article_published_time":"2026-04-30T04:17:28+00:00","article_modified_time":"2026-04-30T09:56:17+00:00","og_image":[{"width":1380,"height":687,"url":"https:\/\/buletin.de\/bucuresti\/wp-content\/uploads\/2025\/12\/mega-image-tipuri-de-magazine.webp","type":"image\/webp"}],"author":"Diana Matei","twitter_card":"summary_large_image","twitter_misc":{"Written by":"Diana Matei","Estimated reading time":"2 minutes"},"schema":{"@context":"https:\/\/schema.org","@graph":[{"@type":"Article","@id":"https:\/\/buletin.de\/bucuresti\/programul-supermarketurilor-de-1-mai-2026\/#article","isPartOf":{"@id":"https:\/\/buletin.de\/bucuresti\/programul-supermarketurilor-de-1-mai-2026\/"},"author":{"name":"Diana Matei","@id":"https:\/\/buletin.de\/bucuresti\/#\/schema\/person\/7e46040573290777280a0835d81ea4ea"},"headline":"Programul supermarketurilor de 1 Mai 2026. Ce magazine r\u0103m\u00e2n deschise","datePublished":"2026-04-30T04:17:28+00:00","dateModified":"2026-04-30T09:56:17+00:00","mainEntityOfPage":{"@id":"https:\/\/buletin.de\/bucuresti\/programul-supermarketurilor-de-1-mai-2026\/"},"wordCount":325,"publisher":{"@id":"https:\/\/buletin.de\/bucuresti\/#organization"},"image":{"@id":"https:\/\/buletin.de\/bucuresti\/programul-supermarketurilor-de-1-mai-2026\/#primaryimage"},"thumbnailUrl":"https:\/\/buletin.de\/bucuresti\/wp-content\/uploads\/2025\/12\/mega-image-tipuri-de-magazine.webp","keywords":["1 mai","LIDL","mega image","Penny","program magazine 1 Mai"],"articleSection":["Articole","\u0218tiri"],"inLanguage":"en-GB","copyrightYear":"2026","copyrightHolder":{"@id":"https:\/\/buletin.de\/bucuresti\/#organization"}},{"@type":"WebPage","@id":"https:\/\/buletin.de\/bucuresti\/programul-supermarketurilor-de-1-mai-2026\/","url":"https:\/\/buletin.de\/bucuresti\/programul-supermarketurilor-de-1-mai-2026\/","name":"Programul supermarketurilor de 1 Mai 2026. Ce magazine r\u0103m\u00e2n deschise - Buletin de Bucure\u0219ti","isPartOf":{"@id":"https:\/\/buletin.de\/bucuresti\/#website"},"primaryImageOfPage":{"@id":"https:\/\/buletin.de\/bucuresti\/programul-supermarketurilor-de-1-mai-2026\/#primaryimage"},"image":{"@id":"https:\/\/buletin.de\/bucuresti\/programul-supermarketurilor-de-1-mai-2026\/#primaryimage"},"thumbnailUrl":"https:\/\/buletin.de\/bucuresti\/wp-content\/uploads\/2025\/12\/mega-image-tipuri-de-magazine.webp","datePublished":"2026-04-30T04:17:28+00:00","dateModified":"2026-04-30T09:56:17+00:00","description":"Programul supermarketurilor se modific\u0103 de 1 Mai 2026. Programul marilor magazine este urm\u0103torul \u00een Capital\u0103.","breadcrumb":{"@id":"https:\/\/buletin.de\/bucuresti\/programul-supermarketurilor-de-1-mai-2026\/#breadcrumb"},"inLanguage":"en-GB","potentialAction":[{"@type":"ReadAction","target":["https:\/\/buletin.de\/bucuresti\/programul-supermarketurilor-de-1-mai-2026\/"]}]},{"@type":"ImageObject","inLanguage":"en-GB","@id":"https:\/\/buletin.de\/bucuresti\/programul-supermarketurilor-de-1-mai-2026\/#primaryimage","url":"https:\/\/buletin.de\/bucuresti\/wp-content\/uploads\/2025\/12\/mega-image-tipuri-de-magazine.webp","contentUrl":"https:\/\/buletin.de\/bucuresti\/wp-content\/uploads\/2025\/12\/mega-image-tipuri-de-magazine.webp","width":1380,"height":687,"caption":"Programul marilor magazine, de 1 Mai. Ce supemarketuri r\u0103m\u00e2n deschise. FOTO: mega-image.ro"},{"@type":"BreadcrumbList","@id":"https:\/\/buletin.de\/bucuresti\/programul-supermarketurilor-de-1-mai-2026\/#breadcrumb","itemListElement":[{"@type":"ListItem","position":1,"name":"Acas\u0103","item":"https:\/\/buletin.de\/bucuresti\/"},{"@type":"ListItem","position":2,"name":"Programul supermarketurilor de 1 Mai 2026. Ce magazine r\u0103m\u00e2n deschise"}]},{"@type":"WebSite","@id":"https:\/\/buletin.de\/bucuresti\/#website","url":"https:\/\/buletin.de\/bucuresti\/","name":"Buletin de Bucure\u0219ti","description":"\u0218tiri \u0219i investiga\u021bii esen\u021biale din capital\u0103","publisher":{"@id":"https:\/\/buletin.de\/bucuresti\/#organization"},"potentialAction":[{"@type":"SearchAction","target":{"@type":"EntryPoint","urlTemplate":"https:\/\/buletin.de\/bucuresti\/?s={search_term_string}"},"query-input":{"@type":"PropertyValueSpecification","valueRequired":true,"valueName":"search_term_string"}}],"inLanguage":"en-GB"},{"@type":"Organization","@id":"https:\/\/buletin.de\/bucuresti\/#organization","name":"Buletin de Bucure\u0219ti","url":"https:\/\/buletin.de\/bucuresti\/","logo":{"@type":"ImageObject","inLanguage":"en-GB","@id":"https:\/\/buletin.de\/bucuresti\/#\/schema\/logo\/image\/","url":"https:\/\/buletin.de\/bucuresti\/wp-content\/uploads\/logo-bdb-full-wide-vernil-transparent.png","contentUrl":"https:\/\/buletin.de\/bucuresti\/wp-content\/uploads\/logo-bdb-full-wide-vernil-transparent.png","width":1782,"height":626,"caption":"Buletin de Bucure\u0219ti"},"image":{"@id":"https:\/\/buletin.de\/bucuresti\/#\/schema\/logo\/image\/"},"sameAs":["https:\/\/www.facebook.com\/buletin.de.buc","https:\/\/www.instagram.com\/buletinde.bucuresti\/"]},{"@type":"Person","@id":"https:\/\/buletin.de\/bucuresti\/#\/schema\/person\/7e46040573290777280a0835d81ea4ea","name":"Diana Matei","image":{"@type":"ImageObject","inLanguage":"en-GB","@id":"https:\/\/buletin.de\/bucuresti\/wp-content\/uploads\/9-2-96x96.jpg1e8590b30871d70e62ebcdaf2eff570c","url":"https:\/\/buletin.de\/bucuresti\/wp-content\/uploads\/9-2-96x96.jpg","contentUrl":"https:\/\/buletin.de\/bucuresti\/wp-content\/uploads\/9-2-96x96.jpg","caption":"Diana Matei"},"url":"https:\/\/buletin.de\/bucuresti\/author\/dianamatei\/"}]}},"authors":[{"term_id":22574,"user_id":49,"is_guest":0,"slug":"dianamatei","display_name":"Diana Matei","avatar_url":"https:\/\/buletin.de\/bucuresti\/wp-content\/uploads\/9-2-96x96.jpg","0":null,"1":"","2":"","3":"","4":"","5":"","6":"","7":"","8":""}],"_links":{"self":[{"href":"https:\/\/buletin.de\/bucuresti\/wp-json\/wp\/v2\/posts\/190172","targetHints":{"allow":["GET"]}}],"collection":[{"href":"https:\/\/buletin.de\/bucuresti\/wp-json\/wp\/v2\/posts"}],"about":[{"href":"https:\/\/buletin.de\/bucuresti\/wp-json\/wp\/v2\/types\/post"}],"author":[{"embeddable":true,"href":"https:\/\/buletin.de\/bucuresti\/wp-json\/wp\/v2\/users\/49"}],"replies":[{"embeddable":true,"href":"https:\/\/buletin.de\/bucuresti\/wp-json\/wp\/v2\/comments?post=190172"}],"version-history":[{"count":5,"href":"https:\/\/buletin.de\/bucuresti\/wp-json\/wp\/v2\/posts\/190172\/revisions"}],"predecessor-version":[{"id":190273,"href":"https:\/\/buletin.de\/bucuresti\/wp-json\/wp\/v2\/posts\/190172\/revisions\/190273"}],"wp:featuredmedia":[{"embeddable":true,"href":"https:\/\/buletin.de\/bucuresti\/wp-json\/wp\/v2\/media\/163258"}],"wp:attachment":[{"href":"https:\/\/buletin.de\/bucuresti\/wp-json\/wp\/v2\/media?parent=190172"}],"wp:term":[{"taxonomy":"category","embeddable":true,"href":"https:\/\/buletin.de\/bucuresti\/wp-json\/wp\/v2\/categories?post=190172"},{"taxonomy":"post_tag","embeddable":true,"href":"https:\/\/buletin.de\/bucuresti\/wp-json\/wp\/v2\/tags?post=190172"},{"taxonomy":"author","embeddable":true,"href":"https:\/\/buletin.de\/bucuresti\/wp-json\/wp\/v2\/ppma_author?post=190172"}],"curies":[{"name":"wp","href":"https:\/\/api.w.org\/{rel}","templated":true}]}}