{"id":190132,"date":"2026-04-30T06:07:00","date_gmt":"2026-04-30T03:07:00","guid":{"rendered":"https:\/\/buletin.de\/bucuresti\/?p=190132"},"modified":"2026-04-29T20:40:11","modified_gmt":"2026-04-29T17:40:11","slug":"dambovita-apa-dulce-revine-in-weekend-in-cadrul-strazi-deschise-bucuresti-are-loc-si-o-dezbatere-despre-viitorul-raului-din-capitala","status":"publish","type":"post","link":"https:\/\/buletin.de\/bucuresti\/dambovita-apa-dulce-revine-in-weekend-in-cadrul-strazi-deschise-bucuresti-are-loc-si-o-dezbatere-despre-viitorul-raului-din-capitala\/","title":{"rendered":"D\u00e2mbovi\u021ba Ap\u0103 Dulce revine \u00een weekend, \u00een cadrul \u201eStr\u0103zi Deschise \u2013 Bucure\u0219ti\u201d. Are loc \u0219i o dezbatere despre viitorul r\u00e2ului din Capital\u0103"},"content":{"rendered":"\n<p><strong>Duminic\u0103, 3 mai 2026, D\u00e2mbovi\u021ba Ap\u0103 Dulce revine \u00een cadrul evenimentului urban \u201eStr\u0103zi Deschise Bucure\u0219ti\u201d. La final de s\u0103pt\u0103m\u00e2n\u0103, locuitorii Capitalei se vor putea bucura de activit\u0103\u021bi pe ap\u0103, iar mai apoi vor putea lua parte la o dezbatere public\u0103 despre viitorul r\u00e2ului care trece prin centrul ora\u0219ului, dup\u0103 cum <a href=\"https:\/\/www.facebook.com\/events\/1448299610382069\" target=\"_blank\" rel=\"noreferrer noopener\">anun\u021b\u0103<\/a> Nod Makerspace.<\/strong><\/p>\n\n\n\n<p>Acestea vor fi primele plimb\u0103ri din 2026 pe r\u00e2ul din Capital\u0103, \u00een cadrul programului D\u00e2mbovi\u021ba Ap\u0103 Dulce. Bucure\u0219tenii sunt a\u0219tepta\u021bi la debarcaderul din Pia\u021ba Na\u021biunilor Unite de unde pot lua o ambarca\u021biune din flotila DAD sau caiacele Kayak Champions.<\/p>\n\n\n\n<p><strong><em>\u201eVa fi o zi dedicat\u0103 rela\u021biei dintre ora\u0219 \u0219i r\u00e2ul care \u00eel str\u0103bate. Despre cum poate D\u00e2mbovi\u021ba s\u0103 devin\u0103 un coridor verde-albastru care r\u0103core\u0219te, aduce mai mult\u0103 biodiversitate, reduce presiunea urban\u0103 \u0219i creeaz\u0103 spa\u021biu pentru sport, mi\u0219care \u0219i \u00eent\u00e2lnire \u00een ora\u0219\u201d<\/em><\/strong>, transmit organizatorii evenimentului. <\/p>\n\n\n\n<p>Programul \u00een care locuitorii ora\u0219ului se pot plimba pe r\u00e2ul D\u00e2mbovi\u021ba este urm\u0103torul: <\/p>\n\n\n\n<ul class=\"wp-block-list\">\n<li>10:00 \u2013 14:00 &#8211; activ\u0103ri pe ap\u0103 (DAD + Kayak Champions)<\/li>\n\n\n\n<li>16:00 \u2013 20:00 &#8211; activ\u0103ri pe ap\u0103 (DAD + Kayak Champions)<\/li>\n<\/ul>\n\n\n\n<p><strong>CITE\u0218TE \u0218I <a href=\"https:\/\/buletin.de\/bucuresti\/primaria-capitalei-reduce-decibelii-de-pe-calea-victoriei-dupa-investigatia-bdb-strazi-deschise-pentru-afaceri-de-partid\/\" type=\"post\" id=\"189407\">Prim\u0103ria Capitalei \u201ereduce decibelii\u201d de pe Calea Victoriei, dup\u0103 investiga\u021bia BdB \u201eStr\u0103zi Deschise pentru afaceri de partid\u201d<\/a><\/strong><\/p>\n\n\n\n<h2 class=\"wp-block-heading\" id=\"h-dezbatere-despre-viitorul-raului-din-capitala\">Dezbatere despre viitorul r\u00e2ului din Capital\u0103<\/h2>\n\n\n\n<p>Tot \u00een ziua de duminic\u0103, 3 mai 2026, \u00eencep\u00e2nd cu ora 17:00, cet\u0103\u021benii sunt a\u0219teptai la o dezbatere public\u0103 despre viitorul r\u00e2ului care trece prin centrul Bucure\u0219tiului. Aceasta discu\u021bie deschis\u0103 urmeaz\u0103 s\u0103 aib\u0103 loc \u00een Pia\u021ba Revolu\u021biei \u0219i va porni de la: <\/p>\n\n\n\n<ul class=\"wp-block-list\">\n<li>interven\u021biile \u0219i activ\u0103rile din programul D\u00e2mbovi\u021ba Ap\u0103 Dulce<\/li>\n\n\n\n<li>ce \u00ee\u0219i doresc oamenii pentru r\u00e2u (consultarea public\u0103)<\/li>\n\n\n\n<li>propunerile c\u00e2\u0219tig\u0103toare din \u201eD\u00e2mbovi\u021ba 2035\u201d pentru amenajarea malurilor<\/li>\n\n\n\n<li>direc\u021biile rezultate din atelierul de co-creare pentru Masterplanul D\u00e2mbovi\u021bei, organizat la Banca Na\u021bional\u0103 a Rom\u00e2niei, cu sprijinul Ordinul Arhitec\u021bilor din Rom\u00e2nia \u2013 Filiala Bucure\u0219ti.<\/li>\n<\/ul>\n\n\n\n<p>Dezbaterea urmeaz\u0103 s\u0103 fie moderat\u0103 de arhitec\u021bii Teodor Frolu \u0219i Tamina Lolev.<\/p>\n\n\n\n<p><strong><em>\u201ePe scurt: aducem la aceea\u0219i mas\u0103 administra\u021bie, exper\u021bi, organiza\u021bii \u0219i comunitate, \u00eentr-un dialog despre cum poate ora\u0219ul s\u0103 se reconecteze real la r\u00e2u\u201d,<\/em><\/strong> explic\u0103 organizatorii. <\/p>\n\n\n\n<p>Programul dezbaterii este urm\u0103torul : <\/p>\n\n\n\n<ul class=\"wp-block-list\">\n<li>16:30: adunare \u0219i socializare,<\/li>\n\n\n\n<li>17:00 \u2013 18:30: dezbatere public\u0103.<\/li>\n<\/ul>\n\n\n\n<p><strong>CITE\u0218TE \u0218I <a href=\"https:\/\/buletin.de\/bucuresti\/procesul-ior-apararea-lui-petre-bajenaru-a-solicitat-taxa-de-timbru-de-900-000-de-euro-de-la-grupul-civic-care-lupta-pentru-anularea-retrocedarii\/\" type=\"post\" id=\"189867\">Procesul IOR: avoca\u021bii lui Petre B\u0103jenaru au solicitat tax\u0103 de timbru de 900.000 de euro de la grupul civic care lupt\u0103 pentru anularea retroced\u0103rii<\/a><\/strong><\/p>\n","protected":false},"excerpt":{"rendered":"<p>Duminic\u0103, 3 mai 2026, D\u00e2mbovi\u021ba Ap\u0103 Dulce revine \u00een cadrul evenimentului urban \u201eStr\u0103zi Deschise Bucure\u0219ti\u201d. La final de s\u0103pt\u0103m\u00e2n\u0103, locuitorii Capitalei se vor putea bucura de activit\u0103\u021bi pe ap\u0103, iar mai apoi vor putea lua parte la o dezbatere public\u0103 despre viitorul r\u00e2ului care trece prin centrul ora\u0219ului, dup\u0103 cum anun\u021b\u0103 Nod Makerspace. Acestea vor [&hellip;]<\/p>\n","protected":false},"author":66,"featured_media":190145,"comment_status":"closed","ping_status":"open","sticky":false,"template":"","format":"standard","meta":{"_acf_changed":false,"inline_featured_image":false,"ngg_post_thumbnail":0,"footnotes":""},"categories":[6994,9026,62],"tags":[14628,28030,15172,28029,3114,6993,6974,11511],"ppma_author":[26103],"class_list":["post-190132","post","type-post","status-publish","format-standard","has-post-thumbnail","hentry","category-stiri-2","category-eveniment","category-stiri","tag-activitati-de-weekend","tag-d","tag-dambovita-2","tag-dambovita-apa-dulce-2026","tag-dezbatere-publica-2","tag-nod-makerspace","tag-piata-revolutiei","tag-strazi-deschise-bucuresti"],"acf":[],"yoast_head":"<!-- This site is optimized with the Yoast SEO Premium plugin v25.3 (Yoast SEO v27.4) - https:\/\/yoast.com\/product\/yoast-seo-premium-wordpress\/ -->\n<title>D\u00e2mbovi\u021ba Ap\u0103 Dulce revine \u00een weekend, \u00een cadrul \u201eStr\u0103zi Deschise \u2013 Bucure\u0219ti\u201d. Are loc \u0219i o dezbatere despre viitorul r\u00e2ului din Capital\u0103 - Buletin de Bucure\u0219ti<\/title>\n<meta name=\"description\" content=\"Duminic\u0103, data de 3 mai 2026, D\u00e2mbovi\u021ba Ap\u0103 Dulce revine, \u00een cadrul evenimentului urban \u201eStr\u0103zi Deschise Bucure\u0219ti\u201d.\" \/>\n<meta name=\"robots\" content=\"index, follow, max-snippet:-1, max-image-preview:large, max-video-preview:-1\" \/>\n<link rel=\"canonical\" href=\"https:\/\/buletin.de\/bucuresti\/dambovita-apa-dulce-revine-in-weekend-in-cadrul-strazi-deschise-bucuresti-are-loc-si-o-dezbatere-despre-viitorul-raului-din-capitala\/\" \/>\n<meta property=\"og:locale\" content=\"en_GB\" \/>\n<meta property=\"og:type\" content=\"article\" \/>\n<meta property=\"og:title\" content=\"D\u00e2mbovi\u021ba Ap\u0103 Dulce revine \u00een weekend, \u00een cadrul \u201eStr\u0103zi Deschise \u2013 Bucure\u0219ti\u201d. Are loc \u0219i o dezbatere despre viitorul r\u00e2ului din Capital\u0103\" \/>\n<meta property=\"og:description\" content=\"Duminic\u0103, data de 3 mai 2026, D\u00e2mbovi\u021ba Ap\u0103 Dulce revine, \u00een cadrul evenimentului urban \u201eStr\u0103zi Deschise Bucure\u0219ti\u201d.\" \/>\n<meta property=\"og:url\" content=\"https:\/\/buletin.de\/bucuresti\/dambovita-apa-dulce-revine-in-weekend-in-cadrul-strazi-deschise-bucuresti-are-loc-si-o-dezbatere-despre-viitorul-raului-din-capitala\/\" \/>\n<meta property=\"og:site_name\" content=\"Buletin de Bucure\u0219ti\" \/>\n<meta property=\"article:publisher\" content=\"https:\/\/www.facebook.com\/buletin.de.buc\" \/>\n<meta property=\"article:published_time\" content=\"2026-04-30T03:07:00+00:00\" \/>\n<meta property=\"og:image\" content=\"https:\/\/buletin.de\/bucuresti\/wp-content\/uploads\/2026\/04\/dambovita-apa-dulce.jpg\" \/>\n\t<meta property=\"og:image:width\" content=\"2048\" \/>\n\t<meta property=\"og:image:height\" content=\"1365\" \/>\n\t<meta property=\"og:image:type\" content=\"image\/jpeg\" \/>\n<meta name=\"author\" content=\"Deniz Garguli\" \/>\n<meta name=\"twitter:card\" content=\"summary_large_image\" \/>\n<meta name=\"twitter:label1\" content=\"Written by\" \/>\n\t<meta name=\"twitter:data1\" content=\"Deniz Garguli\" \/>\n\t<meta name=\"twitter:label2\" content=\"Estimated reading time\" \/>\n\t<meta name=\"twitter:data2\" content=\"2 minutes\" \/>\n<script type=\"application\/ld+json\" class=\"yoast-schema-graph\">{\"@context\":\"https:\\\/\\\/schema.org\",\"@graph\":[{\"@type\":\"Article\",\"@id\":\"https:\\\/\\\/buletin.de\\\/bucuresti\\\/dambovita-apa-dulce-revine-in-weekend-in-cadrul-strazi-deschise-bucuresti-are-loc-si-o-dezbatere-despre-viitorul-raului-din-capitala\\\/#article\",\"isPartOf\":{\"@id\":\"https:\\\/\\\/buletin.de\\\/bucuresti\\\/dambovita-apa-dulce-revine-in-weekend-in-cadrul-strazi-deschise-bucuresti-are-loc-si-o-dezbatere-despre-viitorul-raului-din-capitala\\\/\"},\"author\":{\"name\":\"Deniz Garguli\",\"@id\":\"https:\\\/\\\/buletin.de\\\/bucuresti\\\/#\\\/schema\\\/person\\\/8badd0805392c02e16b744e0d5cd3625\"},\"headline\":\"D\u00e2mbovi\u021ba Ap\u0103 Dulce revine \u00een weekend, \u00een cadrul \u201eStr\u0103zi Deschise \u2013 Bucure\u0219ti\u201d. Are loc \u0219i o dezbatere despre viitorul r\u00e2ului din Capital\u0103\",\"datePublished\":\"2026-04-30T03:07:00+00:00\",\"mainEntityOfPage\":{\"@id\":\"https:\\\/\\\/buletin.de\\\/bucuresti\\\/dambovita-apa-dulce-revine-in-weekend-in-cadrul-strazi-deschise-bucuresti-are-loc-si-o-dezbatere-despre-viitorul-raului-din-capitala\\\/\"},\"wordCount\":446,\"publisher\":{\"@id\":\"https:\\\/\\\/buletin.de\\\/bucuresti\\\/#organization\"},\"image\":{\"@id\":\"https:\\\/\\\/buletin.de\\\/bucuresti\\\/dambovita-apa-dulce-revine-in-weekend-in-cadrul-strazi-deschise-bucuresti-are-loc-si-o-dezbatere-despre-viitorul-raului-din-capitala\\\/#primaryimage\"},\"thumbnailUrl\":\"https:\\\/\\\/buletin.de\\\/bucuresti\\\/wp-content\\\/uploads\\\/2026\\\/04\\\/dambovita-apa-dulce.jpg\",\"keywords\":[\"activit\u0103\u021bi de weekend\",\"D\",\"D\u00e2mbovi\u021ba\",\"D\u00e2mbovi\u021ba Ap\u0103 Dulce 2026\",\"dezbatere public\u0103\",\"nod makerspace\",\"Pia\u021ba Revolu\u021biei\",\"Str\u0103zi Deschise - Bucure\u0219ti\"],\"articleSection\":[\"Articole\",\"Eveniment\",\"\u0218tiri\"],\"inLanguage\":\"en-GB\",\"copyrightYear\":\"2026\",\"copyrightHolder\":{\"@id\":\"https:\\\/\\\/buletin.de\\\/bucuresti\\\/#organization\"}},{\"@type\":\"WebPage\",\"@id\":\"https:\\\/\\\/buletin.de\\\/bucuresti\\\/dambovita-apa-dulce-revine-in-weekend-in-cadrul-strazi-deschise-bucuresti-are-loc-si-o-dezbatere-despre-viitorul-raului-din-capitala\\\/\",\"url\":\"https:\\\/\\\/buletin.de\\\/bucuresti\\\/dambovita-apa-dulce-revine-in-weekend-in-cadrul-strazi-deschise-bucuresti-are-loc-si-o-dezbatere-despre-viitorul-raului-din-capitala\\\/\",\"name\":\"D\u00e2mbovi\u021ba Ap\u0103 Dulce revine \u00een weekend, \u00een cadrul \u201eStr\u0103zi Deschise \u2013 Bucure\u0219ti\u201d. Are loc \u0219i o dezbatere despre viitorul r\u00e2ului din Capital\u0103 - Buletin de Bucure\u0219ti\",\"isPartOf\":{\"@id\":\"https:\\\/\\\/buletin.de\\\/bucuresti\\\/#website\"},\"primaryImageOfPage\":{\"@id\":\"https:\\\/\\\/buletin.de\\\/bucuresti\\\/dambovita-apa-dulce-revine-in-weekend-in-cadrul-strazi-deschise-bucuresti-are-loc-si-o-dezbatere-despre-viitorul-raului-din-capitala\\\/#primaryimage\"},\"image\":{\"@id\":\"https:\\\/\\\/buletin.de\\\/bucuresti\\\/dambovita-apa-dulce-revine-in-weekend-in-cadrul-strazi-deschise-bucuresti-are-loc-si-o-dezbatere-despre-viitorul-raului-din-capitala\\\/#primaryimage\"},\"thumbnailUrl\":\"https:\\\/\\\/buletin.de\\\/bucuresti\\\/wp-content\\\/uploads\\\/2026\\\/04\\\/dambovita-apa-dulce.jpg\",\"datePublished\":\"2026-04-30T03:07:00+00:00\",\"description\":\"Duminic\u0103, data de 3 mai 2026, D\u00e2mbovi\u021ba Ap\u0103 Dulce revine, \u00een cadrul evenimentului urban \u201eStr\u0103zi Deschise Bucure\u0219ti\u201d.\",\"breadcrumb\":{\"@id\":\"https:\\\/\\\/buletin.de\\\/bucuresti\\\/dambovita-apa-dulce-revine-in-weekend-in-cadrul-strazi-deschise-bucuresti-are-loc-si-o-dezbatere-despre-viitorul-raului-din-capitala\\\/#breadcrumb\"},\"inLanguage\":\"en-GB\",\"potentialAction\":[{\"@type\":\"ReadAction\",\"target\":[\"https:\\\/\\\/buletin.de\\\/bucuresti\\\/dambovita-apa-dulce-revine-in-weekend-in-cadrul-strazi-deschise-bucuresti-are-loc-si-o-dezbatere-despre-viitorul-raului-din-capitala\\\/\"]}]},{\"@type\":\"ImageObject\",\"inLanguage\":\"en-GB\",\"@id\":\"https:\\\/\\\/buletin.de\\\/bucuresti\\\/dambovita-apa-dulce-revine-in-weekend-in-cadrul-strazi-deschise-bucuresti-are-loc-si-o-dezbatere-despre-viitorul-raului-din-capitala\\\/#primaryimage\",\"url\":\"https:\\\/\\\/buletin.de\\\/bucuresti\\\/wp-content\\\/uploads\\\/2026\\\/04\\\/dambovita-apa-dulce.jpg\",\"contentUrl\":\"https:\\\/\\\/buletin.de\\\/bucuresti\\\/wp-content\\\/uploads\\\/2026\\\/04\\\/dambovita-apa-dulce.jpg\",\"width\":2048,\"height\":1365,\"caption\":\"D\u00e2mbovi\u021ba Ap\u0103 Dulce revine \u00een weekend, \u00een cadrul \u201eStr\u0103zi Deschise \u2013 Bucure\u0219ti\u201d. Are loc \u0219i o dezbatere despre viitorul r\u00e2ului din Capital\u0103. FOTO: Nod Makerspace\\\/FB\"},{\"@type\":\"BreadcrumbList\",\"@id\":\"https:\\\/\\\/buletin.de\\\/bucuresti\\\/dambovita-apa-dulce-revine-in-weekend-in-cadrul-strazi-deschise-bucuresti-are-loc-si-o-dezbatere-despre-viitorul-raului-din-capitala\\\/#breadcrumb\",\"itemListElement\":[{\"@type\":\"ListItem\",\"position\":1,\"name\":\"Acas\u0103\",\"item\":\"https:\\\/\\\/buletin.de\\\/bucuresti\\\/\"},{\"@type\":\"ListItem\",\"position\":2,\"name\":\"D\u00e2mbovi\u021ba Ap\u0103 Dulce revine \u00een weekend, \u00een cadrul \u201eStr\u0103zi Deschise \u2013 Bucure\u0219ti\u201d. Are loc \u0219i o dezbatere despre viitorul r\u00e2ului din Capital\u0103\"}]},{\"@type\":\"WebSite\",\"@id\":\"https:\\\/\\\/buletin.de\\\/bucuresti\\\/#website\",\"url\":\"https:\\\/\\\/buletin.de\\\/bucuresti\\\/\",\"name\":\"Buletin de Bucure\u0219ti\",\"description\":\"\u0218tiri \u0219i investiga\u021bii esen\u021biale din capital\u0103\",\"publisher\":{\"@id\":\"https:\\\/\\\/buletin.de\\\/bucuresti\\\/#organization\"},\"potentialAction\":[{\"@type\":\"SearchAction\",\"target\":{\"@type\":\"EntryPoint\",\"urlTemplate\":\"https:\\\/\\\/buletin.de\\\/bucuresti\\\/?s={search_term_string}\"},\"query-input\":{\"@type\":\"PropertyValueSpecification\",\"valueRequired\":true,\"valueName\":\"search_term_string\"}}],\"inLanguage\":\"en-GB\"},{\"@type\":\"Organization\",\"@id\":\"https:\\\/\\\/buletin.de\\\/bucuresti\\\/#organization\",\"name\":\"Buletin de Bucure\u0219ti\",\"url\":\"https:\\\/\\\/buletin.de\\\/bucuresti\\\/\",\"logo\":{\"@type\":\"ImageObject\",\"inLanguage\":\"en-GB\",\"@id\":\"https:\\\/\\\/buletin.de\\\/bucuresti\\\/#\\\/schema\\\/logo\\\/image\\\/\",\"url\":\"https:\\\/\\\/buletin.de\\\/bucuresti\\\/wp-content\\\/uploads\\\/logo-bdb-full-wide-vernil-transparent.png\",\"contentUrl\":\"https:\\\/\\\/buletin.de\\\/bucuresti\\\/wp-content\\\/uploads\\\/logo-bdb-full-wide-vernil-transparent.png\",\"width\":1782,\"height\":626,\"caption\":\"Buletin de Bucure\u0219ti\"},\"image\":{\"@id\":\"https:\\\/\\\/buletin.de\\\/bucuresti\\\/#\\\/schema\\\/logo\\\/image\\\/\"},\"sameAs\":[\"https:\\\/\\\/www.facebook.com\\\/buletin.de.buc\",\"https:\\\/\\\/www.instagram.com\\\/buletinde.bucuresti\\\/\"]},{\"@type\":\"Person\",\"@id\":\"https:\\\/\\\/buletin.de\\\/bucuresti\\\/#\\\/schema\\\/person\\\/8badd0805392c02e16b744e0d5cd3625\",\"name\":\"Deniz Garguli\",\"image\":{\"@type\":\"ImageObject\",\"inLanguage\":\"en-GB\",\"@id\":\"https:\\\/\\\/buletin.de\\\/bucuresti\\\/wp-content\\\/uploads\\\/2026\\\/01\\\/79b44b20-a270-4ee6-afb3-fdf3c7ef7782-96x96.jpege2491ce6d396dbf7c1362e9ef046c803\",\"url\":\"https:\\\/\\\/buletin.de\\\/bucuresti\\\/wp-content\\\/uploads\\\/2026\\\/01\\\/79b44b20-a270-4ee6-afb3-fdf3c7ef7782-96x96.jpeg\",\"contentUrl\":\"https:\\\/\\\/buletin.de\\\/bucuresti\\\/wp-content\\\/uploads\\\/2026\\\/01\\\/79b44b20-a270-4ee6-afb3-fdf3c7ef7782-96x96.jpeg\",\"caption\":\"Deniz Garguli\"},\"description\":\"N\u0103scut\u0103 \u0219i crescut\u0103 \u00een Capital\u0103, dorin\u021ba de a fi la curent cu tot ce se \u00eent\u00e2mpl\u0103 \u00een Bucure\u0219ti a \u00eempins-o c\u0103tre pres\u0103, mai cu seam\u0103 c\u0103tre cea local\u0103. A lucrat vreme de patru ani la B365, unde s-a ocupat de \u0219tiri despre ora\u0219 \u0219i oamenii care locuiesc \u00een el. Din 2026 s-a al\u0103turat echipei Buletin de Bucure\u0219ti.\",\"url\":\"https:\\\/\\\/buletin.de\\\/bucuresti\\\/author\\\/deniz-garguli\\\/\"}]}<\/script>\n<!-- \/ Yoast SEO Premium plugin. -->","yoast_head_json":{"title":"D\u00e2mbovi\u021ba Ap\u0103 Dulce revine \u00een weekend, \u00een cadrul \u201eStr\u0103zi Deschise \u2013 Bucure\u0219ti\u201d. Are loc \u0219i o dezbatere despre viitorul r\u00e2ului din Capital\u0103 - Buletin de Bucure\u0219ti","description":"Duminic\u0103, data de 3 mai 2026, D\u00e2mbovi\u021ba Ap\u0103 Dulce revine, \u00een cadrul evenimentului urban \u201eStr\u0103zi Deschise Bucure\u0219ti\u201d.","robots":{"index":"index","follow":"follow","max-snippet":"max-snippet:-1","max-image-preview":"max-image-preview:large","max-video-preview":"max-video-preview:-1"},"canonical":"https:\/\/buletin.de\/bucuresti\/dambovita-apa-dulce-revine-in-weekend-in-cadrul-strazi-deschise-bucuresti-are-loc-si-o-dezbatere-despre-viitorul-raului-din-capitala\/","og_locale":"en_GB","og_type":"article","og_title":"D\u00e2mbovi\u021ba Ap\u0103 Dulce revine \u00een weekend, \u00een cadrul \u201eStr\u0103zi Deschise \u2013 Bucure\u0219ti\u201d. Are loc \u0219i o dezbatere despre viitorul r\u00e2ului din Capital\u0103","og_description":"Duminic\u0103, data de 3 mai 2026, D\u00e2mbovi\u021ba Ap\u0103 Dulce revine, \u00een cadrul evenimentului urban \u201eStr\u0103zi Deschise Bucure\u0219ti\u201d.","og_url":"https:\/\/buletin.de\/bucuresti\/dambovita-apa-dulce-revine-in-weekend-in-cadrul-strazi-deschise-bucuresti-are-loc-si-o-dezbatere-despre-viitorul-raului-din-capitala\/","og_site_name":"Buletin de Bucure\u0219ti","article_publisher":"https:\/\/www.facebook.com\/buletin.de.buc","article_published_time":"2026-04-30T03:07:00+00:00","og_image":[{"width":2048,"height":1365,"url":"https:\/\/buletin.de\/bucuresti\/wp-content\/uploads\/2026\/04\/dambovita-apa-dulce.jpg","type":"image\/jpeg"}],"author":"Deniz Garguli","twitter_card":"summary_large_image","twitter_misc":{"Written by":"Deniz Garguli","Estimated reading time":"2 minutes"},"schema":{"@context":"https:\/\/schema.org","@graph":[{"@type":"Article","@id":"https:\/\/buletin.de\/bucuresti\/dambovita-apa-dulce-revine-in-weekend-in-cadrul-strazi-deschise-bucuresti-are-loc-si-o-dezbatere-despre-viitorul-raului-din-capitala\/#article","isPartOf":{"@id":"https:\/\/buletin.de\/bucuresti\/dambovita-apa-dulce-revine-in-weekend-in-cadrul-strazi-deschise-bucuresti-are-loc-si-o-dezbatere-despre-viitorul-raului-din-capitala\/"},"author":{"name":"Deniz Garguli","@id":"https:\/\/buletin.de\/bucuresti\/#\/schema\/person\/8badd0805392c02e16b744e0d5cd3625"},"headline":"D\u00e2mbovi\u021ba Ap\u0103 Dulce revine \u00een weekend, \u00een cadrul \u201eStr\u0103zi Deschise \u2013 Bucure\u0219ti\u201d. Are loc \u0219i o dezbatere despre viitorul r\u00e2ului din Capital\u0103","datePublished":"2026-04-30T03:07:00+00:00","mainEntityOfPage":{"@id":"https:\/\/buletin.de\/bucuresti\/dambovita-apa-dulce-revine-in-weekend-in-cadrul-strazi-deschise-bucuresti-are-loc-si-o-dezbatere-despre-viitorul-raului-din-capitala\/"},"wordCount":446,"publisher":{"@id":"https:\/\/buletin.de\/bucuresti\/#organization"},"image":{"@id":"https:\/\/buletin.de\/bucuresti\/dambovita-apa-dulce-revine-in-weekend-in-cadrul-strazi-deschise-bucuresti-are-loc-si-o-dezbatere-despre-viitorul-raului-din-capitala\/#primaryimage"},"thumbnailUrl":"https:\/\/buletin.de\/bucuresti\/wp-content\/uploads\/2026\/04\/dambovita-apa-dulce.jpg","keywords":["activit\u0103\u021bi de weekend","D","D\u00e2mbovi\u021ba","D\u00e2mbovi\u021ba Ap\u0103 Dulce 2026","dezbatere public\u0103","nod makerspace","Pia\u021ba Revolu\u021biei","Str\u0103zi Deschise - Bucure\u0219ti"],"articleSection":["Articole","Eveniment","\u0218tiri"],"inLanguage":"en-GB","copyrightYear":"2026","copyrightHolder":{"@id":"https:\/\/buletin.de\/bucuresti\/#organization"}},{"@type":"WebPage","@id":"https:\/\/buletin.de\/bucuresti\/dambovita-apa-dulce-revine-in-weekend-in-cadrul-strazi-deschise-bucuresti-are-loc-si-o-dezbatere-despre-viitorul-raului-din-capitala\/","url":"https:\/\/buletin.de\/bucuresti\/dambovita-apa-dulce-revine-in-weekend-in-cadrul-strazi-deschise-bucuresti-are-loc-si-o-dezbatere-despre-viitorul-raului-din-capitala\/","name":"D\u00e2mbovi\u021ba Ap\u0103 Dulce revine \u00een weekend, \u00een cadrul \u201eStr\u0103zi Deschise \u2013 Bucure\u0219ti\u201d. Are loc \u0219i o dezbatere despre viitorul r\u00e2ului din Capital\u0103 - Buletin de Bucure\u0219ti","isPartOf":{"@id":"https:\/\/buletin.de\/bucuresti\/#website"},"primaryImageOfPage":{"@id":"https:\/\/buletin.de\/bucuresti\/dambovita-apa-dulce-revine-in-weekend-in-cadrul-strazi-deschise-bucuresti-are-loc-si-o-dezbatere-despre-viitorul-raului-din-capitala\/#primaryimage"},"image":{"@id":"https:\/\/buletin.de\/bucuresti\/dambovita-apa-dulce-revine-in-weekend-in-cadrul-strazi-deschise-bucuresti-are-loc-si-o-dezbatere-despre-viitorul-raului-din-capitala\/#primaryimage"},"thumbnailUrl":"https:\/\/buletin.de\/bucuresti\/wp-content\/uploads\/2026\/04\/dambovita-apa-dulce.jpg","datePublished":"2026-04-30T03:07:00+00:00","description":"Duminic\u0103, data de 3 mai 2026, D\u00e2mbovi\u021ba Ap\u0103 Dulce revine, \u00een cadrul evenimentului urban \u201eStr\u0103zi Deschise Bucure\u0219ti\u201d.","breadcrumb":{"@id":"https:\/\/buletin.de\/bucuresti\/dambovita-apa-dulce-revine-in-weekend-in-cadrul-strazi-deschise-bucuresti-are-loc-si-o-dezbatere-despre-viitorul-raului-din-capitala\/#breadcrumb"},"inLanguage":"en-GB","potentialAction":[{"@type":"ReadAction","target":["https:\/\/buletin.de\/bucuresti\/dambovita-apa-dulce-revine-in-weekend-in-cadrul-strazi-deschise-bucuresti-are-loc-si-o-dezbatere-despre-viitorul-raului-din-capitala\/"]}]},{"@type":"ImageObject","inLanguage":"en-GB","@id":"https:\/\/buletin.de\/bucuresti\/dambovita-apa-dulce-revine-in-weekend-in-cadrul-strazi-deschise-bucuresti-are-loc-si-o-dezbatere-despre-viitorul-raului-din-capitala\/#primaryimage","url":"https:\/\/buletin.de\/bucuresti\/wp-content\/uploads\/2026\/04\/dambovita-apa-dulce.jpg","contentUrl":"https:\/\/buletin.de\/bucuresti\/wp-content\/uploads\/2026\/04\/dambovita-apa-dulce.jpg","width":2048,"height":1365,"caption":"D\u00e2mbovi\u021ba Ap\u0103 Dulce revine \u00een weekend, \u00een cadrul \u201eStr\u0103zi Deschise \u2013 Bucure\u0219ti\u201d. Are loc \u0219i o dezbatere despre viitorul r\u00e2ului din Capital\u0103. FOTO: Nod Makerspace\/FB"},{"@type":"BreadcrumbList","@id":"https:\/\/buletin.de\/bucuresti\/dambovita-apa-dulce-revine-in-weekend-in-cadrul-strazi-deschise-bucuresti-are-loc-si-o-dezbatere-despre-viitorul-raului-din-capitala\/#breadcrumb","itemListElement":[{"@type":"ListItem","position":1,"name":"Acas\u0103","item":"https:\/\/buletin.de\/bucuresti\/"},{"@type":"ListItem","position":2,"name":"D\u00e2mbovi\u021ba Ap\u0103 Dulce revine \u00een weekend, \u00een cadrul \u201eStr\u0103zi Deschise \u2013 Bucure\u0219ti\u201d. Are loc \u0219i o dezbatere despre viitorul r\u00e2ului din Capital\u0103"}]},{"@type":"WebSite","@id":"https:\/\/buletin.de\/bucuresti\/#website","url":"https:\/\/buletin.de\/bucuresti\/","name":"Buletin de Bucure\u0219ti","description":"\u0218tiri \u0219i investiga\u021bii esen\u021biale din capital\u0103","publisher":{"@id":"https:\/\/buletin.de\/bucuresti\/#organization"},"potentialAction":[{"@type":"SearchAction","target":{"@type":"EntryPoint","urlTemplate":"https:\/\/buletin.de\/bucuresti\/?s={search_term_string}"},"query-input":{"@type":"PropertyValueSpecification","valueRequired":true,"valueName":"search_term_string"}}],"inLanguage":"en-GB"},{"@type":"Organization","@id":"https:\/\/buletin.de\/bucuresti\/#organization","name":"Buletin de Bucure\u0219ti","url":"https:\/\/buletin.de\/bucuresti\/","logo":{"@type":"ImageObject","inLanguage":"en-GB","@id":"https:\/\/buletin.de\/bucuresti\/#\/schema\/logo\/image\/","url":"https:\/\/buletin.de\/bucuresti\/wp-content\/uploads\/logo-bdb-full-wide-vernil-transparent.png","contentUrl":"https:\/\/buletin.de\/bucuresti\/wp-content\/uploads\/logo-bdb-full-wide-vernil-transparent.png","width":1782,"height":626,"caption":"Buletin de Bucure\u0219ti"},"image":{"@id":"https:\/\/buletin.de\/bucuresti\/#\/schema\/logo\/image\/"},"sameAs":["https:\/\/www.facebook.com\/buletin.de.buc","https:\/\/www.instagram.com\/buletinde.bucuresti\/"]},{"@type":"Person","@id":"https:\/\/buletin.de\/bucuresti\/#\/schema\/person\/8badd0805392c02e16b744e0d5cd3625","name":"Deniz Garguli","image":{"@type":"ImageObject","inLanguage":"en-GB","@id":"https:\/\/buletin.de\/bucuresti\/wp-content\/uploads\/2026\/01\/79b44b20-a270-4ee6-afb3-fdf3c7ef7782-96x96.jpege2491ce6d396dbf7c1362e9ef046c803","url":"https:\/\/buletin.de\/bucuresti\/wp-content\/uploads\/2026\/01\/79b44b20-a270-4ee6-afb3-fdf3c7ef7782-96x96.jpeg","contentUrl":"https:\/\/buletin.de\/bucuresti\/wp-content\/uploads\/2026\/01\/79b44b20-a270-4ee6-afb3-fdf3c7ef7782-96x96.jpeg","caption":"Deniz Garguli"},"description":"N\u0103scut\u0103 \u0219i crescut\u0103 \u00een Capital\u0103, dorin\u021ba de a fi la curent cu tot ce se \u00eent\u00e2mpl\u0103 \u00een Bucure\u0219ti a \u00eempins-o c\u0103tre pres\u0103, mai cu seam\u0103 c\u0103tre cea local\u0103. A lucrat vreme de patru ani la B365, unde s-a ocupat de \u0219tiri despre ora\u0219 \u0219i oamenii care locuiesc \u00een el. Din 2026 s-a al\u0103turat echipei Buletin de Bucure\u0219ti.","url":"https:\/\/buletin.de\/bucuresti\/author\/deniz-garguli\/"}]}},"authors":[{"term_id":26103,"user_id":66,"is_guest":0,"slug":"deniz-garguli","display_name":"Deniz Garguli","avatar_url":"https:\/\/buletin.de\/bucuresti\/wp-content\/uploads\/2026\/01\/79b44b20-a270-4ee6-afb3-fdf3c7ef7782-96x96.jpeg","0":null,"1":"","2":"","3":"","4":"","5":"","6":"","7":"","8":""}],"_links":{"self":[{"href":"https:\/\/buletin.de\/bucuresti\/wp-json\/wp\/v2\/posts\/190132","targetHints":{"allow":["GET"]}}],"collection":[{"href":"https:\/\/buletin.de\/bucuresti\/wp-json\/wp\/v2\/posts"}],"about":[{"href":"https:\/\/buletin.de\/bucuresti\/wp-json\/wp\/v2\/types\/post"}],"author":[{"embeddable":true,"href":"https:\/\/buletin.de\/bucuresti\/wp-json\/wp\/v2\/users\/66"}],"replies":[{"embeddable":true,"href":"https:\/\/buletin.de\/bucuresti\/wp-json\/wp\/v2\/comments?post=190132"}],"version-history":[{"count":8,"href":"https:\/\/buletin.de\/bucuresti\/wp-json\/wp\/v2\/posts\/190132\/revisions"}],"predecessor-version":[{"id":190155,"href":"https:\/\/buletin.de\/bucuresti\/wp-json\/wp\/v2\/posts\/190132\/revisions\/190155"}],"wp:featuredmedia":[{"embeddable":true,"href":"https:\/\/buletin.de\/bucuresti\/wp-json\/wp\/v2\/media\/190145"}],"wp:attachment":[{"href":"https:\/\/buletin.de\/bucuresti\/wp-json\/wp\/v2\/media?parent=190132"}],"wp:term":[{"taxonomy":"category","embeddable":true,"href":"https:\/\/buletin.de\/bucuresti\/wp-json\/wp\/v2\/categories?post=190132"},{"taxonomy":"post_tag","embeddable":true,"href":"https:\/\/buletin.de\/bucuresti\/wp-json\/wp\/v2\/tags?post=190132"},{"taxonomy":"author","embeddable":true,"href":"https:\/\/buletin.de\/bucuresti\/wp-json\/wp\/v2\/ppma_author?post=190132"}],"curies":[{"name":"wp","href":"https:\/\/api.w.org\/{rel}","templated":true}]}}