{"id":190062,"date":"2026-04-30T01:03:54","date_gmt":"2026-04-29T22:03:54","guid":{"rendered":"https:\/\/buletin.de\/bucuresti\/?p=190062"},"modified":"2026-04-30T01:08:22","modified_gmt":"2026-04-29T22:08:22","slug":"foto-cetatenii-revoltati-de-copacii-plantati-pe-trotuare-inguste-peste-cabluri-pe-doua-strazi-din-sectorul-4-primaria-a-alocat-16-milioane-de-euro-pentru-arbori","status":"publish","type":"post","link":"https:\/\/buletin.de\/bucuresti\/foto-cetatenii-revoltati-de-copacii-plantati-pe-trotuare-inguste-peste-cabluri-pe-doua-strazi-din-sectorul-4-primaria-a-alocat-16-milioane-de-euro-pentru-arbori\/","title":{"rendered":"FOTO | Cet\u0103\u021benii, revolta\u021bi de copacii planta\u021bi pe trotuare \u00eenguste, peste cabluri, pe dou\u0103 str\u0103zi din Sectorul 4. Prim\u0103ria a alocat 1,6 milioane de euro pentru arbori"},"content":{"rendered":"\n<p><strong>Copacii pentru care Prim\u0103ria Sectorului 4 a alocat peste 8,2 milioane de lei (circa 1,6 milioane de euro) au fost planta\u021bi pe str\u0103zile Drumul Jilavei \u0219i Po\u0219talionului, dar ac\u021biunea a avut efectul invers \u00een r\u00e2ndul localnicilor. <\/strong><\/p>\n\n\n\n<p><strong>Ace\u0219tia critic\u0103 faptul c\u0103 arborii au fost planta\u021bi peste cabluri, neglijent, pe trotuare care \u0219i a\u0219a erau prea \u00eenguste. <\/strong><\/p>\n\n\n\n<p>\u00cen total, pe cele dou\u0103 str\u0103zi, compania Totul Verde, aflat\u0103 \u00een subordinea Prim\u0103riei Sectorului 4, ar urma s\u0103 planteze 527 de arbori.<\/p>\n\n\n\n<p>\u00cen data de 19 martie 2026, Consiliul Local al Sectorului 4 a aprobat un proiect de hot\u0103r\u00e2re care a permis companiei Totul Verde s\u0103 achzi\u021bioneze copaci \u0219i s\u0103 fac\u0103 amenaj\u0103ri peisagistice pe str\u0103zile Po\u0219talionului \u0219i Drumul Jilavei. Suma total\u0103 aprobat\u0103 a fost de 8 milioane de lei.<\/p>\n\n\n\n<p>Primii arbori au fost deja planta\u021bi. Pe re\u021belele sociale, bucure\u0219tenii au f\u0103cut mai multe post\u0103ri \u00een care \u00ee\u0219i exprim\u0103 nemul\u021bumirea fa\u021b\u0103 de aceast\u0103 investi\u021biei a Prim\u0103riei Sectorului 4. Motivul: arborii au fost planta\u021bi pe trotuare foarte \u00eenguste, \u00eencurc\u00e2nd circula\u021bia pietonilor. De asemenea, sunt amplasa\u021bi peste cablurile \u00eengropate din zon\u0103. <\/p>\n\n\n\n<p>Un locuitor al Sectorului 4 a postat pe pagina de Facebook \u201e<a href=\"https:\/\/www.facebook.com\/groups\/145732050897936\/posts\/1180068190797645\/\" type=\"link\" id=\"https:\/\/www.facebook.com\/groups\/145732050897936\/posts\/1180068190797645\/\" target=\"_blank\" rel=\"noreferrer noopener\">Sector 4 Berceni<\/a>\u201d o imagine \u00een care se poate observa c\u0103 arborii au mic\u0219orat considerabil spa\u021biul destinat pietonilor, f\u0103c\u00e2nd imposibil pentru o mama cu un copil \u00een c\u0103rucior s\u0103 circule pe acolo.<\/p>\n\n\n\n<p><strong><em>\u201eMul\u021bumim Prim\u0103ria Sectorului 4 pentru cei mai inutili copaci \u0219i spor m\u0103micilor cu c\u0103rucioare\u201d<\/em><\/strong>, a transmis bucure\u0219teanul.<\/p>\n\n\n<div class=\"wp-block-image\">\n<figure class=\"aligncenter size-large\"><img fetchpriority=\"high\" decoding=\"async\" width=\"563\" height=\"1000\" src=\"data:image\/gif;base64,R0lGODlhAQABAAAAACH5BAEKAAEALAAAAAABAAEAAAICTAEAOw==\" data-src=\"https:\/\/buletin.de\/bucuresti\/wp-content\/uploads\/2026\/04\/copaci-Sectorul-4-Drumul-Jilavei-563x1000.jpg\" alt=\"copacii planta\u021bi\" class=\"wp-image-190087 lazyload\" data-sizes=\"auto\" data-srcset=\"https:\/\/buletin.de\/bucuresti\/wp-content\/uploads\/2026\/04\/copaci-Sectorul-4-Drumul-Jilavei-563x1000.jpg 563w, https:\/\/buletin.de\/bucuresti\/wp-content\/uploads\/2026\/04\/copaci-Sectorul-4-Drumul-Jilavei-169x300.jpg 169w, https:\/\/buletin.de\/bucuresti\/wp-content\/uploads\/2026\/04\/copaci-Sectorul-4-Drumul-Jilavei-768x1365.jpg 768w, https:\/\/buletin.de\/bucuresti\/wp-content\/uploads\/2026\/04\/copaci-Sectorul-4-Drumul-Jilavei-864x1536.jpg 864w, https:\/\/buletin.de\/bucuresti\/wp-content\/uploads\/2026\/04\/copaci-Sectorul-4-Drumul-Jilavei-600x1067.jpg 600w, https:\/\/buletin.de\/bucuresti\/wp-content\/uploads\/2026\/04\/copaci-Sectorul-4-Drumul-Jilavei-20x36.jpg 20w, https:\/\/buletin.de\/bucuresti\/wp-content\/uploads\/2026\/04\/copaci-Sectorul-4-Drumul-Jilavei.jpg 1080w\" sizes=\"(max-width: 563px) 100vw, 563px\" \/><figcaption class=\"wp-element-caption\">Copaci planta\u021bi \u00een mijlocul trotuarului. FOTO: Ilie Ionu\/\/Sector 4 Berceni\/FB<\/figcaption><\/figure>\n<\/div>\n\n\n<p>Aceea\u0219i situa\u021bie a fost semnalat\u0103 de o alt\u0103 persoan\u0103, \u00eentr-o alt\u0103 <a href=\"https:\/\/www.facebook.com\/groups\/145732050897936\/posts\/1183255700478894\/\" target=\"_blank\" rel=\"noreferrer noopener\">postare<\/a> f\u0103cut\u0103 pe grupul de Facebook \u201eSector 4 Berceni\u201d:<\/p>\n\n\n\n<div class=\"wp-block-columns is-layout-flex wp-container-core-columns-is-layout-9d6595d7 wp-block-columns-is-layout-flex\">\n<div class=\"wp-block-column is-layout-flow wp-block-column-is-layout-flow\" style=\"flex-basis:100%\">\n<figure class=\"wp-block-gallery has-nested-images columns-default is-cropped wp-block-gallery-1 is-layout-flex wp-block-gallery-is-layout-flex\">\n<figure class=\"wp-block-image size-large\"><img decoding=\"async\" width=\"750\" height=\"1000\" data-id=\"190091\" src=\"data:image\/gif;base64,R0lGODlhAQABAAAAACH5BAEKAAEALAAAAAABAAEAAAICTAEAOw==\" data-src=\"https:\/\/buletin.de\/bucuresti\/wp-content\/uploads\/2026\/04\/Copac-plantati-pe-rumul-jilavei-2-1-750x1000.jpg\" alt=\"\" class=\"wp-image-190091 lazyload\" data-sizes=\"auto\" data-srcset=\"https:\/\/buletin.de\/bucuresti\/wp-content\/uploads\/2026\/04\/Copac-plantati-pe-rumul-jilavei-2-1-750x1000.jpg 750w, https:\/\/buletin.de\/bucuresti\/wp-content\/uploads\/2026\/04\/Copac-plantati-pe-rumul-jilavei-2-1-225x300.jpg 225w, https:\/\/buletin.de\/bucuresti\/wp-content\/uploads\/2026\/04\/Copac-plantati-pe-rumul-jilavei-2-1-768x1024.jpg 768w, https:\/\/buletin.de\/bucuresti\/wp-content\/uploads\/2026\/04\/Copac-plantati-pe-rumul-jilavei-2-1-1152x1536.jpg 1152w, https:\/\/buletin.de\/bucuresti\/wp-content\/uploads\/2026\/04\/Copac-plantati-pe-rumul-jilavei-2-1-1100x1467.jpg 1100w, https:\/\/buletin.de\/bucuresti\/wp-content\/uploads\/2026\/04\/Copac-plantati-pe-rumul-jilavei-2-1-600x800.jpg 600w, https:\/\/buletin.de\/bucuresti\/wp-content\/uploads\/2026\/04\/Copac-plantati-pe-rumul-jilavei-2-1-20x27.jpg 20w, https:\/\/buletin.de\/bucuresti\/wp-content\/uploads\/2026\/04\/Copac-plantati-pe-rumul-jilavei-2-1.jpg 1200w\" sizes=\"(max-width: 750px) 100vw, 750px\" \/><\/figure>\n\n\n\n<figure class=\"wp-block-image size-large\"><img decoding=\"async\" width=\"750\" height=\"1000\" data-id=\"190092\" src=\"data:image\/gif;base64,R0lGODlhAQABAAAAACH5BAEKAAEALAAAAAABAAEAAAICTAEAOw==\" data-src=\"https:\/\/buletin.de\/bucuresti\/wp-content\/uploads\/2026\/04\/copaci-plantati-pe-Drumul-Jilavei-750x1000.jpg\" alt=\"\" class=\"wp-image-190092 lazyload\" data-sizes=\"auto\" data-srcset=\"https:\/\/buletin.de\/bucuresti\/wp-content\/uploads\/2026\/04\/copaci-plantati-pe-Drumul-Jilavei-750x1000.jpg 750w, https:\/\/buletin.de\/bucuresti\/wp-content\/uploads\/2026\/04\/copaci-plantati-pe-Drumul-Jilavei-225x300.jpg 225w, https:\/\/buletin.de\/bucuresti\/wp-content\/uploads\/2026\/04\/copaci-plantati-pe-Drumul-Jilavei-768x1024.jpg 768w, https:\/\/buletin.de\/bucuresti\/wp-content\/uploads\/2026\/04\/copaci-plantati-pe-Drumul-Jilavei-1152x1536.jpg 1152w, https:\/\/buletin.de\/bucuresti\/wp-content\/uploads\/2026\/04\/copaci-plantati-pe-Drumul-Jilavei-1100x1467.jpg 1100w, https:\/\/buletin.de\/bucuresti\/wp-content\/uploads\/2026\/04\/copaci-plantati-pe-Drumul-Jilavei-600x800.jpg 600w, https:\/\/buletin.de\/bucuresti\/wp-content\/uploads\/2026\/04\/copaci-plantati-pe-Drumul-Jilavei-20x27.jpg 20w, https:\/\/buletin.de\/bucuresti\/wp-content\/uploads\/2026\/04\/copaci-plantati-pe-Drumul-Jilavei.jpg 1200w\" sizes=\"(max-width: 750px) 100vw, 750px\" \/><\/figure>\n<figcaption class=\"blocks-gallery-caption wp-element-caption\">Copaci planta\u021bi \u00een mijlocul trotuarului. FOTO: Cristi Ciucu\/Sector 4 Berceni\/FB<\/figcaption><\/figure>\n<\/div>\n<\/div>\n\n\n\n<p>Bucure\u0219tenii care locuiesc \u00een Sectorul 4 au semnalat \u0219i c\u0103 arborii au fost planta\u021bi peste cablurile ce sunt \u00eengropate pe str\u0103zile vizate de amenaj\u0103rile peisagistice. <\/p>\n\n\n\n<p><strong><em>\u201ePe Po\u0219talionului la fel, a pus pomii pe cablurile de lumina \u0219i gaze<\/em><\/strong>\u201d, a transmis o bucure\u0219teanc\u0103.<\/p>\n\n\n<div class=\"wp-block-image\">\n<figure class=\"aligncenter size-large\"><img loading=\"lazy\" decoding=\"async\" width=\"750\" height=\"1000\" src=\"data:image\/gif;base64,R0lGODlhAQABAAAAACH5BAEKAAEALAAAAAABAAEAAAICTAEAOw==\" data-src=\"https:\/\/buletin.de\/bucuresti\/wp-content\/uploads\/2026\/04\/676628508_4381281252127006_7580447612878062144_n-750x1000.jpg\" alt=\"copacii planta\u021bi\" class=\"wp-image-190114 lazyload\" data-sizes=\"auto\" data-srcset=\"https:\/\/buletin.de\/bucuresti\/wp-content\/uploads\/2026\/04\/676628508_4381281252127006_7580447612878062144_n-750x1000.jpg 750w, https:\/\/buletin.de\/bucuresti\/wp-content\/uploads\/2026\/04\/676628508_4381281252127006_7580447612878062144_n-225x300.jpg 225w, https:\/\/buletin.de\/bucuresti\/wp-content\/uploads\/2026\/04\/676628508_4381281252127006_7580447612878062144_n-768x1024.jpg 768w, https:\/\/buletin.de\/bucuresti\/wp-content\/uploads\/2026\/04\/676628508_4381281252127006_7580447612878062144_n-1152x1536.jpg 1152w, https:\/\/buletin.de\/bucuresti\/wp-content\/uploads\/2026\/04\/676628508_4381281252127006_7580447612878062144_n-1100x1467.jpg 1100w, https:\/\/buletin.de\/bucuresti\/wp-content\/uploads\/2026\/04\/676628508_4381281252127006_7580447612878062144_n-600x800.jpg 600w, https:\/\/buletin.de\/bucuresti\/wp-content\/uploads\/2026\/04\/676628508_4381281252127006_7580447612878062144_n-20x27.jpg 20w, https:\/\/buletin.de\/bucuresti\/wp-content\/uploads\/2026\/04\/676628508_4381281252127006_7580447612878062144_n.jpg 1536w\" sizes=\"(max-width: 750px) 100vw, 750px\" \/><figcaption class=\"wp-element-caption\">Copacii planta\u021bi  peste cabluri. FOTO: Stelu\u021ba Mia\/Sector 4 Berceni\u00a0\u00a0<\/figcaption><\/figure>\n<\/div>\n\n\n<p>Proiectul de hot\u0103r\u00e2re prin care au fost aloca\u021bi cei 8 milioane de lei pentru plantarea copacilor prevede \u0219i achizi\u021bionare unui total de 52 de foi\u0219oare care cost\u0103, per bucat\u0103, c\u00e2t o garsonier\u0103 (<strong>aproape 59.000 de euro<\/strong>). De\u0219i costurile pentru achizi\u021bionarea acestora sunt ridicate foi\u0219oare sunt minimaliste, realizate din \u021bevi de metal, cu mese, b\u0103nci \u0219i acoperi\u0219 din tabl\u0103, dup\u0103 cum a ar\u0103tat Buletin de Bucure\u0219ti <strong><a href=\"https:\/\/buletin.de\/bucuresti\/cum-arata-foisoarele-ozn-care-costa-cat-un-apartament-pe-care-le-a-cumparat-primaria-sectorului-4\/\">aici<\/a><\/strong>.<\/p>\n\n\n\n<p><strong>CITE\u0218TE \u0218I:\u00a0<a href=\"https:\/\/buletin.de\/bucuresti\/primaria-sectorului-4-vrea-sa-cumpere-foisoare-stradale-la-pret-de-garsoniera\/\" target=\"_blank\" rel=\"noreferrer noopener\">Prim\u0103ria Sectorului 4 vrea s\u0103 cumpere foi\u0219oare stradale la pre\u021b de garsonier\u0103 \u0219i copaci cu 3.000 de euro bucata<\/a><\/strong><\/p>\n\n\n\n<h2 class=\"wp-block-heading\" id=\"h-cat-plate\u0219te-primaria-pentru-copacii-planta\u021bi\">C\u00e2t pl\u0103te\u0219te Prim\u0103ria pentru copacii planta\u021bi<\/h2>\n\n\n\n<p>Proiectul de hot\u0103r\u00e2re aprobat \u00een luna martie 2026 prevede c\u0103 societate Torul Verde ar urma s\u0103 pl\u0103teasc\u0103 peste <strong>1,6 milioane de euro<\/strong> pentru \u201eAmenajarea peisagistic\u0103 prin plantarea de arbori pe aliniamentele stradale\u201d pe arterele Drumul Jilavei \u0219i Po\u0219talionului.<\/p>\n\n\n\n<p><strong>La aceast\u0103 sum\u0103, reiese c\u0103 Prim\u0103ria va pl\u0103ti pentru arbore \u0219i lucr\u0103rile de plantare circa 3.000 de euro pe bucat\u0103.<\/strong><\/p>\n\n\n\n<p>Cu toate astea, reprezentan\u021bii Prim\u0103riei Sectorului 4 au transmis c\u0103 aceast\u0103 sum\u0103 reprezint\u0103 costurile pentru \u00eentreaga amenajare peisagistic\u0103 din zona vizat\u0103, astfel c\u0103 pre\u021bul unui arbore ajunge la doar 3.000 lei\/bucata.<\/p>\n\n\n\n<p><em>\u201eProiectele de amenajare peisagistic\u0103 implic\u0103 plantarea unui num\u0103r de aproximativ 530 de arbori maturi, cu o circumferin\u021b\u0103 de peste 20 cm \u0219i un coronament deja dezvoltat, care s\u0103 contribuie semnificativ la reducerea polu\u0103rii \u0219i la cre\u0219terea calit\u0103\u021bii aerului.<\/em><\/p>\n\n\n\n<p><em>Pre\u021bul rezultat \u00een urma ofert\u0103rii pentru un arbore este de aproximativ 3.000 de lei, conform valorilor prev\u0103zute \u00een acordul-cadru\u201d<\/em>, se arat\u0103 \u00eentr-un r\u0103spuns oferit <a href=\"https:\/\/hotnews.ro\/primaria-sectorului-4-vrea-sa-cumpere-foisoare-de-trei-milioane-de-euro-consilier-pretul-unui-foisor-este-cat-al-unei-garsoniere-cu-centrala-2199169\" target=\"_blank\" rel=\"noreferrer noopener\">Hotnews<\/a>.<\/p>\n\n\n\n<p><strong>CITE\u0218TE \u0218I <a href=\"https:\/\/buletin.de\/bucuresti\/tarife-noi-pentru-gunoi-in-sectorul-4-este-a-patra-modificare-in-doi-ani\/\" type=\"post\" id=\"189543\">Tarife noi pentru gunoi \u00een Sectorul 4. Este a patra modificare \u00een doi ani<\/a><\/strong><\/p>\n","protected":false},"excerpt":{"rendered":"<p>Copacii pentru care Prim\u0103ria Sectorului 4 a alocat peste 8,2 milioane de lei (circa 1,6 milioane de euro) au fost planta\u021bi pe str\u0103zile Drumul Jilavei \u0219i Po\u0219talionului, dar ac\u021biunea a avut efectul invers \u00een r\u00e2ndul localnicilor. Ace\u0219tia critic\u0103 faptul c\u0103 arborii au fost planta\u021bi peste cabluri, neglijent, pe trotuare care \u0219i a\u0219a erau prea \u00eenguste. [&hellip;]<\/p>\n","protected":false},"author":66,"featured_media":190124,"comment_status":"closed","ping_status":"open","sticky":false,"template":"","format":"standard","meta":{"_acf_changed":false,"inline_featured_image":false,"ngg_post_thumbnail":0,"footnotes":""},"categories":[6994,5762,24],"tags":[24700,27130,27131,2684,27132],"ppma_author":[26103],"class_list":["post-190062","post","type-post","status-publish","format-standard","has-post-thumbnail","hentry","category-stiri-2","category-main","category-primarie","tag-copaci-plantati","tag-drumul-jilavei","tag-postalionului","tag-primaria-sectorului-4","tag-totul-verde"],"acf":[],"yoast_head":"<!-- This site is optimized with the Yoast SEO Premium plugin v25.3 (Yoast SEO v27.4) - https:\/\/yoast.com\/product\/yoast-seo-premium-wordpress\/ -->\n<title>FOTO | Cet\u0103\u021benii, revolta\u021bi de copacii planta\u021bi pe trotuare \u00eenguste, peste cabluri, pe dou\u0103 str\u0103zi din Sectorul 4. Prim\u0103ria a alocat 1,6 milioane de euro pentru arbori - Buletin de Bucure\u0219ti<\/title>\n<meta name=\"description\" content=\"Copacii pentru care compania Totul Verde pl\u0103te\u0219te 8 milioane de lei au \u00eenceput s\u0103 fie planta\u021bi pe str\u0103zile Drumul Jilavei \u0219i Po\u0219talionului.\" \/>\n<meta name=\"robots\" content=\"index, follow, max-snippet:-1, max-image-preview:large, max-video-preview:-1\" \/>\n<link rel=\"canonical\" href=\"https:\/\/buletin.de\/bucuresti\/foto-cetatenii-revoltati-de-copacii-plantati-pe-trotuare-inguste-peste-cabluri-pe-doua-strazi-din-sectorul-4-primaria-a-alocat-16-milioane-de-euro-pentru-arbori\/\" \/>\n<meta property=\"og:locale\" content=\"en_GB\" \/>\n<meta property=\"og:type\" content=\"article\" \/>\n<meta property=\"og:title\" content=\"FOTO | Cet\u0103\u021benii, revolta\u021bi de copacii planta\u021bi pe trotuare \u00eenguste, peste cabluri, pe dou\u0103 str\u0103zi din Sectorul 4. Prim\u0103ria a alocat 1,6 milioane de euro pentru arbori\" \/>\n<meta property=\"og:description\" content=\"Copacii pentru care compania Totul Verde pl\u0103te\u0219te 8 milioane de lei au \u00eenceput s\u0103 fie planta\u021bi pe str\u0103zile Drumul Jilavei \u0219i Po\u0219talionului.\" \/>\n<meta property=\"og:url\" content=\"https:\/\/buletin.de\/bucuresti\/foto-cetatenii-revoltati-de-copacii-plantati-pe-trotuare-inguste-peste-cabluri-pe-doua-strazi-din-sectorul-4-primaria-a-alocat-16-milioane-de-euro-pentru-arbori\/\" \/>\n<meta property=\"og:site_name\" content=\"Buletin de Bucure\u0219ti\" \/>\n<meta property=\"article:publisher\" content=\"https:\/\/www.facebook.com\/buletin.de.buc\" \/>\n<meta property=\"article:published_time\" content=\"2026-04-29T22:03:54+00:00\" \/>\n<meta property=\"article:modified_time\" content=\"2026-04-29T22:08:22+00:00\" \/>\n<meta property=\"og:image\" content=\"https:\/\/buletin.de\/bucuresti\/wp-content\/uploads\/2026\/04\/Copaci-plantati-de-totul-verde.jpg\" \/>\n\t<meta property=\"og:image:width\" content=\"1920\" \/>\n\t<meta property=\"og:image:height\" content=\"1080\" \/>\n\t<meta property=\"og:image:type\" content=\"image\/jpeg\" \/>\n<meta name=\"author\" content=\"Deniz Garguli\" \/>\n<meta name=\"twitter:card\" content=\"summary_large_image\" \/>\n<meta name=\"twitter:label1\" content=\"Written by\" \/>\n\t<meta name=\"twitter:data1\" content=\"Deniz Garguli\" \/>\n\t<meta name=\"twitter:label2\" content=\"Estimated reading time\" \/>\n\t<meta name=\"twitter:data2\" content=\"4 minutes\" \/>\n<script type=\"application\/ld+json\" class=\"yoast-schema-graph\">{\"@context\":\"https:\\\/\\\/schema.org\",\"@graph\":[{\"@type\":\"Article\",\"@id\":\"https:\\\/\\\/buletin.de\\\/bucuresti\\\/foto-cetatenii-revoltati-de-copacii-plantati-pe-trotuare-inguste-peste-cabluri-pe-doua-strazi-din-sectorul-4-primaria-a-alocat-16-milioane-de-euro-pentru-arbori\\\/#article\",\"isPartOf\":{\"@id\":\"https:\\\/\\\/buletin.de\\\/bucuresti\\\/foto-cetatenii-revoltati-de-copacii-plantati-pe-trotuare-inguste-peste-cabluri-pe-doua-strazi-din-sectorul-4-primaria-a-alocat-16-milioane-de-euro-pentru-arbori\\\/\"},\"author\":{\"name\":\"Deniz Garguli\",\"@id\":\"https:\\\/\\\/buletin.de\\\/bucuresti\\\/#\\\/schema\\\/person\\\/8badd0805392c02e16b744e0d5cd3625\"},\"headline\":\"FOTO | Cet\u0103\u021benii, revolta\u021bi de copacii planta\u021bi pe trotuare \u00eenguste, peste cabluri, pe dou\u0103 str\u0103zi din Sectorul 4. Prim\u0103ria a alocat 1,6 milioane de euro pentru arbori\",\"datePublished\":\"2026-04-29T22:03:54+00:00\",\"dateModified\":\"2026-04-29T22:08:22+00:00\",\"mainEntityOfPage\":{\"@id\":\"https:\\\/\\\/buletin.de\\\/bucuresti\\\/foto-cetatenii-revoltati-de-copacii-plantati-pe-trotuare-inguste-peste-cabluri-pe-doua-strazi-din-sectorul-4-primaria-a-alocat-16-milioane-de-euro-pentru-arbori\\\/\"},\"wordCount\":679,\"publisher\":{\"@id\":\"https:\\\/\\\/buletin.de\\\/bucuresti\\\/#organization\"},\"image\":{\"@id\":\"https:\\\/\\\/buletin.de\\\/bucuresti\\\/foto-cetatenii-revoltati-de-copacii-plantati-pe-trotuare-inguste-peste-cabluri-pe-doua-strazi-din-sectorul-4-primaria-a-alocat-16-milioane-de-euro-pentru-arbori\\\/#primaryimage\"},\"thumbnailUrl\":\"https:\\\/\\\/buletin.de\\\/bucuresti\\\/wp-content\\\/uploads\\\/2026\\\/04\\\/Copaci-plantati-de-totul-verde.jpg\",\"keywords\":[\"copaci plantati\",\"Drumul Jilavei\",\"Po\u0219talionului\",\"Prim\u0103ria Sectorului 4\",\"Totul Verde\"],\"articleSection\":[\"Articole\",\"Main\",\"Prim\u0103rie\"],\"inLanguage\":\"en-GB\",\"copyrightYear\":\"2026\",\"copyrightHolder\":{\"@id\":\"https:\\\/\\\/buletin.de\\\/bucuresti\\\/#organization\"}},{\"@type\":\"WebPage\",\"@id\":\"https:\\\/\\\/buletin.de\\\/bucuresti\\\/foto-cetatenii-revoltati-de-copacii-plantati-pe-trotuare-inguste-peste-cabluri-pe-doua-strazi-din-sectorul-4-primaria-a-alocat-16-milioane-de-euro-pentru-arbori\\\/\",\"url\":\"https:\\\/\\\/buletin.de\\\/bucuresti\\\/foto-cetatenii-revoltati-de-copacii-plantati-pe-trotuare-inguste-peste-cabluri-pe-doua-strazi-din-sectorul-4-primaria-a-alocat-16-milioane-de-euro-pentru-arbori\\\/\",\"name\":\"FOTO | Cet\u0103\u021benii, revolta\u021bi de copacii planta\u021bi pe trotuare \u00eenguste, peste cabluri, pe dou\u0103 str\u0103zi din Sectorul 4. Prim\u0103ria a alocat 1,6 milioane de euro pentru arbori - Buletin de Bucure\u0219ti\",\"isPartOf\":{\"@id\":\"https:\\\/\\\/buletin.de\\\/bucuresti\\\/#website\"},\"primaryImageOfPage\":{\"@id\":\"https:\\\/\\\/buletin.de\\\/bucuresti\\\/foto-cetatenii-revoltati-de-copacii-plantati-pe-trotuare-inguste-peste-cabluri-pe-doua-strazi-din-sectorul-4-primaria-a-alocat-16-milioane-de-euro-pentru-arbori\\\/#primaryimage\"},\"image\":{\"@id\":\"https:\\\/\\\/buletin.de\\\/bucuresti\\\/foto-cetatenii-revoltati-de-copacii-plantati-pe-trotuare-inguste-peste-cabluri-pe-doua-strazi-din-sectorul-4-primaria-a-alocat-16-milioane-de-euro-pentru-arbori\\\/#primaryimage\"},\"thumbnailUrl\":\"https:\\\/\\\/buletin.de\\\/bucuresti\\\/wp-content\\\/uploads\\\/2026\\\/04\\\/Copaci-plantati-de-totul-verde.jpg\",\"datePublished\":\"2026-04-29T22:03:54+00:00\",\"dateModified\":\"2026-04-29T22:08:22+00:00\",\"description\":\"Copacii pentru care compania Totul Verde pl\u0103te\u0219te 8 milioane de lei au \u00eenceput s\u0103 fie planta\u021bi pe str\u0103zile Drumul Jilavei \u0219i Po\u0219talionului.\",\"breadcrumb\":{\"@id\":\"https:\\\/\\\/buletin.de\\\/bucuresti\\\/foto-cetatenii-revoltati-de-copacii-plantati-pe-trotuare-inguste-peste-cabluri-pe-doua-strazi-din-sectorul-4-primaria-a-alocat-16-milioane-de-euro-pentru-arbori\\\/#breadcrumb\"},\"inLanguage\":\"en-GB\",\"potentialAction\":[{\"@type\":\"ReadAction\",\"target\":[\"https:\\\/\\\/buletin.de\\\/bucuresti\\\/foto-cetatenii-revoltati-de-copacii-plantati-pe-trotuare-inguste-peste-cabluri-pe-doua-strazi-din-sectorul-4-primaria-a-alocat-16-milioane-de-euro-pentru-arbori\\\/\"]}]},{\"@type\":\"ImageObject\",\"inLanguage\":\"en-GB\",\"@id\":\"https:\\\/\\\/buletin.de\\\/bucuresti\\\/foto-cetatenii-revoltati-de-copacii-plantati-pe-trotuare-inguste-peste-cabluri-pe-doua-strazi-din-sectorul-4-primaria-a-alocat-16-milioane-de-euro-pentru-arbori\\\/#primaryimage\",\"url\":\"https:\\\/\\\/buletin.de\\\/bucuresti\\\/wp-content\\\/uploads\\\/2026\\\/04\\\/Copaci-plantati-de-totul-verde.jpg\",\"contentUrl\":\"https:\\\/\\\/buletin.de\\\/bucuresti\\\/wp-content\\\/uploads\\\/2026\\\/04\\\/Copaci-plantati-de-totul-verde.jpg\",\"width\":1920,\"height\":1080,\"caption\":\". FOTO: Sector 4 Berceni\\\/FB\"},{\"@type\":\"BreadcrumbList\",\"@id\":\"https:\\\/\\\/buletin.de\\\/bucuresti\\\/foto-cetatenii-revoltati-de-copacii-plantati-pe-trotuare-inguste-peste-cabluri-pe-doua-strazi-din-sectorul-4-primaria-a-alocat-16-milioane-de-euro-pentru-arbori\\\/#breadcrumb\",\"itemListElement\":[{\"@type\":\"ListItem\",\"position\":1,\"name\":\"Acas\u0103\",\"item\":\"https:\\\/\\\/buletin.de\\\/bucuresti\\\/\"},{\"@type\":\"ListItem\",\"position\":2,\"name\":\"FOTO | Cet\u0103\u021benii, revolta\u021bi de copacii planta\u021bi pe trotuare \u00eenguste, peste cabluri, pe dou\u0103 str\u0103zi din Sectorul 4. Prim\u0103ria a alocat 1,6 milioane de euro pentru arbori\"}]},{\"@type\":\"WebSite\",\"@id\":\"https:\\\/\\\/buletin.de\\\/bucuresti\\\/#website\",\"url\":\"https:\\\/\\\/buletin.de\\\/bucuresti\\\/\",\"name\":\"Buletin de Bucure\u0219ti\",\"description\":\"\u0218tiri \u0219i investiga\u021bii esen\u021biale din capital\u0103\",\"publisher\":{\"@id\":\"https:\\\/\\\/buletin.de\\\/bucuresti\\\/#organization\"},\"potentialAction\":[{\"@type\":\"SearchAction\",\"target\":{\"@type\":\"EntryPoint\",\"urlTemplate\":\"https:\\\/\\\/buletin.de\\\/bucuresti\\\/?s={search_term_string}\"},\"query-input\":{\"@type\":\"PropertyValueSpecification\",\"valueRequired\":true,\"valueName\":\"search_term_string\"}}],\"inLanguage\":\"en-GB\"},{\"@type\":\"Organization\",\"@id\":\"https:\\\/\\\/buletin.de\\\/bucuresti\\\/#organization\",\"name\":\"Buletin de Bucure\u0219ti\",\"url\":\"https:\\\/\\\/buletin.de\\\/bucuresti\\\/\",\"logo\":{\"@type\":\"ImageObject\",\"inLanguage\":\"en-GB\",\"@id\":\"https:\\\/\\\/buletin.de\\\/bucuresti\\\/#\\\/schema\\\/logo\\\/image\\\/\",\"url\":\"https:\\\/\\\/buletin.de\\\/bucuresti\\\/wp-content\\\/uploads\\\/logo-bdb-full-wide-vernil-transparent.png\",\"contentUrl\":\"https:\\\/\\\/buletin.de\\\/bucuresti\\\/wp-content\\\/uploads\\\/logo-bdb-full-wide-vernil-transparent.png\",\"width\":1782,\"height\":626,\"caption\":\"Buletin de Bucure\u0219ti\"},\"image\":{\"@id\":\"https:\\\/\\\/buletin.de\\\/bucuresti\\\/#\\\/schema\\\/logo\\\/image\\\/\"},\"sameAs\":[\"https:\\\/\\\/www.facebook.com\\\/buletin.de.buc\",\"https:\\\/\\\/www.instagram.com\\\/buletinde.bucuresti\\\/\"]},{\"@type\":\"Person\",\"@id\":\"https:\\\/\\\/buletin.de\\\/bucuresti\\\/#\\\/schema\\\/person\\\/8badd0805392c02e16b744e0d5cd3625\",\"name\":\"Deniz Garguli\",\"image\":{\"@type\":\"ImageObject\",\"inLanguage\":\"en-GB\",\"@id\":\"https:\\\/\\\/buletin.de\\\/bucuresti\\\/wp-content\\\/uploads\\\/2026\\\/01\\\/79b44b20-a270-4ee6-afb3-fdf3c7ef7782-96x96.jpege2491ce6d396dbf7c1362e9ef046c803\",\"url\":\"https:\\\/\\\/buletin.de\\\/bucuresti\\\/wp-content\\\/uploads\\\/2026\\\/01\\\/79b44b20-a270-4ee6-afb3-fdf3c7ef7782-96x96.jpeg\",\"contentUrl\":\"https:\\\/\\\/buletin.de\\\/bucuresti\\\/wp-content\\\/uploads\\\/2026\\\/01\\\/79b44b20-a270-4ee6-afb3-fdf3c7ef7782-96x96.jpeg\",\"caption\":\"Deniz Garguli\"},\"description\":\"N\u0103scut\u0103 \u0219i crescut\u0103 \u00een Capital\u0103, dorin\u021ba de a fi la curent cu tot ce se \u00eent\u00e2mpl\u0103 \u00een Bucure\u0219ti a \u00eempins-o c\u0103tre pres\u0103, mai cu seam\u0103 c\u0103tre cea local\u0103. A lucrat vreme de patru ani la B365, unde s-a ocupat de \u0219tiri despre ora\u0219 \u0219i oamenii care locuiesc \u00een el. Din 2026 s-a al\u0103turat echipei Buletin de Bucure\u0219ti.\",\"url\":\"https:\\\/\\\/buletin.de\\\/bucuresti\\\/author\\\/deniz-garguli\\\/\"}]}<\/script>\n<!-- \/ Yoast SEO Premium plugin. -->","yoast_head_json":{"title":"FOTO | Cet\u0103\u021benii, revolta\u021bi de copacii planta\u021bi pe trotuare \u00eenguste, peste cabluri, pe dou\u0103 str\u0103zi din Sectorul 4. Prim\u0103ria a alocat 1,6 milioane de euro pentru arbori - Buletin de Bucure\u0219ti","description":"Copacii pentru care compania Totul Verde pl\u0103te\u0219te 8 milioane de lei au \u00eenceput s\u0103 fie planta\u021bi pe str\u0103zile Drumul Jilavei \u0219i Po\u0219talionului.","robots":{"index":"index","follow":"follow","max-snippet":"max-snippet:-1","max-image-preview":"max-image-preview:large","max-video-preview":"max-video-preview:-1"},"canonical":"https:\/\/buletin.de\/bucuresti\/foto-cetatenii-revoltati-de-copacii-plantati-pe-trotuare-inguste-peste-cabluri-pe-doua-strazi-din-sectorul-4-primaria-a-alocat-16-milioane-de-euro-pentru-arbori\/","og_locale":"en_GB","og_type":"article","og_title":"FOTO | Cet\u0103\u021benii, revolta\u021bi de copacii planta\u021bi pe trotuare \u00eenguste, peste cabluri, pe dou\u0103 str\u0103zi din Sectorul 4. Prim\u0103ria a alocat 1,6 milioane de euro pentru arbori","og_description":"Copacii pentru care compania Totul Verde pl\u0103te\u0219te 8 milioane de lei au \u00eenceput s\u0103 fie planta\u021bi pe str\u0103zile Drumul Jilavei \u0219i Po\u0219talionului.","og_url":"https:\/\/buletin.de\/bucuresti\/foto-cetatenii-revoltati-de-copacii-plantati-pe-trotuare-inguste-peste-cabluri-pe-doua-strazi-din-sectorul-4-primaria-a-alocat-16-milioane-de-euro-pentru-arbori\/","og_site_name":"Buletin de Bucure\u0219ti","article_publisher":"https:\/\/www.facebook.com\/buletin.de.buc","article_published_time":"2026-04-29T22:03:54+00:00","article_modified_time":"2026-04-29T22:08:22+00:00","og_image":[{"width":1920,"height":1080,"url":"https:\/\/buletin.de\/bucuresti\/wp-content\/uploads\/2026\/04\/Copaci-plantati-de-totul-verde.jpg","type":"image\/jpeg"}],"author":"Deniz Garguli","twitter_card":"summary_large_image","twitter_misc":{"Written by":"Deniz Garguli","Estimated reading time":"4 minutes"},"schema":{"@context":"https:\/\/schema.org","@graph":[{"@type":"Article","@id":"https:\/\/buletin.de\/bucuresti\/foto-cetatenii-revoltati-de-copacii-plantati-pe-trotuare-inguste-peste-cabluri-pe-doua-strazi-din-sectorul-4-primaria-a-alocat-16-milioane-de-euro-pentru-arbori\/#article","isPartOf":{"@id":"https:\/\/buletin.de\/bucuresti\/foto-cetatenii-revoltati-de-copacii-plantati-pe-trotuare-inguste-peste-cabluri-pe-doua-strazi-din-sectorul-4-primaria-a-alocat-16-milioane-de-euro-pentru-arbori\/"},"author":{"name":"Deniz Garguli","@id":"https:\/\/buletin.de\/bucuresti\/#\/schema\/person\/8badd0805392c02e16b744e0d5cd3625"},"headline":"FOTO | Cet\u0103\u021benii, revolta\u021bi de copacii planta\u021bi pe trotuare \u00eenguste, peste cabluri, pe dou\u0103 str\u0103zi din Sectorul 4. Prim\u0103ria a alocat 1,6 milioane de euro pentru arbori","datePublished":"2026-04-29T22:03:54+00:00","dateModified":"2026-04-29T22:08:22+00:00","mainEntityOfPage":{"@id":"https:\/\/buletin.de\/bucuresti\/foto-cetatenii-revoltati-de-copacii-plantati-pe-trotuare-inguste-peste-cabluri-pe-doua-strazi-din-sectorul-4-primaria-a-alocat-16-milioane-de-euro-pentru-arbori\/"},"wordCount":679,"publisher":{"@id":"https:\/\/buletin.de\/bucuresti\/#organization"},"image":{"@id":"https:\/\/buletin.de\/bucuresti\/foto-cetatenii-revoltati-de-copacii-plantati-pe-trotuare-inguste-peste-cabluri-pe-doua-strazi-din-sectorul-4-primaria-a-alocat-16-milioane-de-euro-pentru-arbori\/#primaryimage"},"thumbnailUrl":"https:\/\/buletin.de\/bucuresti\/wp-content\/uploads\/2026\/04\/Copaci-plantati-de-totul-verde.jpg","keywords":["copaci plantati","Drumul Jilavei","Po\u0219talionului","Prim\u0103ria Sectorului 4","Totul Verde"],"articleSection":["Articole","Main","Prim\u0103rie"],"inLanguage":"en-GB","copyrightYear":"2026","copyrightHolder":{"@id":"https:\/\/buletin.de\/bucuresti\/#organization"}},{"@type":"WebPage","@id":"https:\/\/buletin.de\/bucuresti\/foto-cetatenii-revoltati-de-copacii-plantati-pe-trotuare-inguste-peste-cabluri-pe-doua-strazi-din-sectorul-4-primaria-a-alocat-16-milioane-de-euro-pentru-arbori\/","url":"https:\/\/buletin.de\/bucuresti\/foto-cetatenii-revoltati-de-copacii-plantati-pe-trotuare-inguste-peste-cabluri-pe-doua-strazi-din-sectorul-4-primaria-a-alocat-16-milioane-de-euro-pentru-arbori\/","name":"FOTO | Cet\u0103\u021benii, revolta\u021bi de copacii planta\u021bi pe trotuare \u00eenguste, peste cabluri, pe dou\u0103 str\u0103zi din Sectorul 4. Prim\u0103ria a alocat 1,6 milioane de euro pentru arbori - Buletin de Bucure\u0219ti","isPartOf":{"@id":"https:\/\/buletin.de\/bucuresti\/#website"},"primaryImageOfPage":{"@id":"https:\/\/buletin.de\/bucuresti\/foto-cetatenii-revoltati-de-copacii-plantati-pe-trotuare-inguste-peste-cabluri-pe-doua-strazi-din-sectorul-4-primaria-a-alocat-16-milioane-de-euro-pentru-arbori\/#primaryimage"},"image":{"@id":"https:\/\/buletin.de\/bucuresti\/foto-cetatenii-revoltati-de-copacii-plantati-pe-trotuare-inguste-peste-cabluri-pe-doua-strazi-din-sectorul-4-primaria-a-alocat-16-milioane-de-euro-pentru-arbori\/#primaryimage"},"thumbnailUrl":"https:\/\/buletin.de\/bucuresti\/wp-content\/uploads\/2026\/04\/Copaci-plantati-de-totul-verde.jpg","datePublished":"2026-04-29T22:03:54+00:00","dateModified":"2026-04-29T22:08:22+00:00","description":"Copacii pentru care compania Totul Verde pl\u0103te\u0219te 8 milioane de lei au \u00eenceput s\u0103 fie planta\u021bi pe str\u0103zile Drumul Jilavei \u0219i Po\u0219talionului.","breadcrumb":{"@id":"https:\/\/buletin.de\/bucuresti\/foto-cetatenii-revoltati-de-copacii-plantati-pe-trotuare-inguste-peste-cabluri-pe-doua-strazi-din-sectorul-4-primaria-a-alocat-16-milioane-de-euro-pentru-arbori\/#breadcrumb"},"inLanguage":"en-GB","potentialAction":[{"@type":"ReadAction","target":["https:\/\/buletin.de\/bucuresti\/foto-cetatenii-revoltati-de-copacii-plantati-pe-trotuare-inguste-peste-cabluri-pe-doua-strazi-din-sectorul-4-primaria-a-alocat-16-milioane-de-euro-pentru-arbori\/"]}]},{"@type":"ImageObject","inLanguage":"en-GB","@id":"https:\/\/buletin.de\/bucuresti\/foto-cetatenii-revoltati-de-copacii-plantati-pe-trotuare-inguste-peste-cabluri-pe-doua-strazi-din-sectorul-4-primaria-a-alocat-16-milioane-de-euro-pentru-arbori\/#primaryimage","url":"https:\/\/buletin.de\/bucuresti\/wp-content\/uploads\/2026\/04\/Copaci-plantati-de-totul-verde.jpg","contentUrl":"https:\/\/buletin.de\/bucuresti\/wp-content\/uploads\/2026\/04\/Copaci-plantati-de-totul-verde.jpg","width":1920,"height":1080,"caption":". FOTO: Sector 4 Berceni\/FB"},{"@type":"BreadcrumbList","@id":"https:\/\/buletin.de\/bucuresti\/foto-cetatenii-revoltati-de-copacii-plantati-pe-trotuare-inguste-peste-cabluri-pe-doua-strazi-din-sectorul-4-primaria-a-alocat-16-milioane-de-euro-pentru-arbori\/#breadcrumb","itemListElement":[{"@type":"ListItem","position":1,"name":"Acas\u0103","item":"https:\/\/buletin.de\/bucuresti\/"},{"@type":"ListItem","position":2,"name":"FOTO | Cet\u0103\u021benii, revolta\u021bi de copacii planta\u021bi pe trotuare \u00eenguste, peste cabluri, pe dou\u0103 str\u0103zi din Sectorul 4. Prim\u0103ria a alocat 1,6 milioane de euro pentru arbori"}]},{"@type":"WebSite","@id":"https:\/\/buletin.de\/bucuresti\/#website","url":"https:\/\/buletin.de\/bucuresti\/","name":"Buletin de Bucure\u0219ti","description":"\u0218tiri \u0219i investiga\u021bii esen\u021biale din capital\u0103","publisher":{"@id":"https:\/\/buletin.de\/bucuresti\/#organization"},"potentialAction":[{"@type":"SearchAction","target":{"@type":"EntryPoint","urlTemplate":"https:\/\/buletin.de\/bucuresti\/?s={search_term_string}"},"query-input":{"@type":"PropertyValueSpecification","valueRequired":true,"valueName":"search_term_string"}}],"inLanguage":"en-GB"},{"@type":"Organization","@id":"https:\/\/buletin.de\/bucuresti\/#organization","name":"Buletin de Bucure\u0219ti","url":"https:\/\/buletin.de\/bucuresti\/","logo":{"@type":"ImageObject","inLanguage":"en-GB","@id":"https:\/\/buletin.de\/bucuresti\/#\/schema\/logo\/image\/","url":"https:\/\/buletin.de\/bucuresti\/wp-content\/uploads\/logo-bdb-full-wide-vernil-transparent.png","contentUrl":"https:\/\/buletin.de\/bucuresti\/wp-content\/uploads\/logo-bdb-full-wide-vernil-transparent.png","width":1782,"height":626,"caption":"Buletin de Bucure\u0219ti"},"image":{"@id":"https:\/\/buletin.de\/bucuresti\/#\/schema\/logo\/image\/"},"sameAs":["https:\/\/www.facebook.com\/buletin.de.buc","https:\/\/www.instagram.com\/buletinde.bucuresti\/"]},{"@type":"Person","@id":"https:\/\/buletin.de\/bucuresti\/#\/schema\/person\/8badd0805392c02e16b744e0d5cd3625","name":"Deniz Garguli","image":{"@type":"ImageObject","inLanguage":"en-GB","@id":"https:\/\/buletin.de\/bucuresti\/wp-content\/uploads\/2026\/01\/79b44b20-a270-4ee6-afb3-fdf3c7ef7782-96x96.jpege2491ce6d396dbf7c1362e9ef046c803","url":"https:\/\/buletin.de\/bucuresti\/wp-content\/uploads\/2026\/01\/79b44b20-a270-4ee6-afb3-fdf3c7ef7782-96x96.jpeg","contentUrl":"https:\/\/buletin.de\/bucuresti\/wp-content\/uploads\/2026\/01\/79b44b20-a270-4ee6-afb3-fdf3c7ef7782-96x96.jpeg","caption":"Deniz Garguli"},"description":"N\u0103scut\u0103 \u0219i crescut\u0103 \u00een Capital\u0103, dorin\u021ba de a fi la curent cu tot ce se \u00eent\u00e2mpl\u0103 \u00een Bucure\u0219ti a \u00eempins-o c\u0103tre pres\u0103, mai cu seam\u0103 c\u0103tre cea local\u0103. A lucrat vreme de patru ani la B365, unde s-a ocupat de \u0219tiri despre ora\u0219 \u0219i oamenii care locuiesc \u00een el. Din 2026 s-a al\u0103turat echipei Buletin de Bucure\u0219ti.","url":"https:\/\/buletin.de\/bucuresti\/author\/deniz-garguli\/"}]}},"authors":[{"term_id":26103,"user_id":66,"is_guest":0,"slug":"deniz-garguli","display_name":"Deniz Garguli","avatar_url":"https:\/\/buletin.de\/bucuresti\/wp-content\/uploads\/2026\/01\/79b44b20-a270-4ee6-afb3-fdf3c7ef7782-96x96.jpeg","0":null,"1":"","2":"","3":"","4":"","5":"","6":"","7":"","8":""}],"_links":{"self":[{"href":"https:\/\/buletin.de\/bucuresti\/wp-json\/wp\/v2\/posts\/190062","targetHints":{"allow":["GET"]}}],"collection":[{"href":"https:\/\/buletin.de\/bucuresti\/wp-json\/wp\/v2\/posts"}],"about":[{"href":"https:\/\/buletin.de\/bucuresti\/wp-json\/wp\/v2\/types\/post"}],"author":[{"embeddable":true,"href":"https:\/\/buletin.de\/bucuresti\/wp-json\/wp\/v2\/users\/66"}],"replies":[{"embeddable":true,"href":"https:\/\/buletin.de\/bucuresti\/wp-json\/wp\/v2\/comments?post=190062"}],"version-history":[{"count":14,"href":"https:\/\/buletin.de\/bucuresti\/wp-json\/wp\/v2\/posts\/190062\/revisions"}],"predecessor-version":[{"id":190171,"href":"https:\/\/buletin.de\/bucuresti\/wp-json\/wp\/v2\/posts\/190062\/revisions\/190171"}],"wp:featuredmedia":[{"embeddable":true,"href":"https:\/\/buletin.de\/bucuresti\/wp-json\/wp\/v2\/media\/190124"}],"wp:attachment":[{"href":"https:\/\/buletin.de\/bucuresti\/wp-json\/wp\/v2\/media?parent=190062"}],"wp:term":[{"taxonomy":"category","embeddable":true,"href":"https:\/\/buletin.de\/bucuresti\/wp-json\/wp\/v2\/categories?post=190062"},{"taxonomy":"post_tag","embeddable":true,"href":"https:\/\/buletin.de\/bucuresti\/wp-json\/wp\/v2\/tags?post=190062"},{"taxonomy":"author","embeddable":true,"href":"https:\/\/buletin.de\/bucuresti\/wp-json\/wp\/v2\/ppma_author?post=190062"}],"curies":[{"name":"wp","href":"https:\/\/api.w.org\/{rel}","templated":true}]}}