{"id":190009,"date":"2026-04-29T11:27:29","date_gmt":"2026-04-29T08:27:29","guid":{"rendered":"https:\/\/buletin.de\/bucuresti\/?p=190009"},"modified":"2026-04-29T11:27:30","modified_gmt":"2026-04-29T08:27:30","slug":"restrictii-de-circulatie-pentru-vehiculele-de-mare-tonaj-joi-si-vineri-pe-a2-dn7-si-dn39","status":"publish","type":"post","link":"https:\/\/buletin.de\/bucuresti\/restrictii-de-circulatie-pentru-vehiculele-de-mare-tonaj-joi-si-vineri-pe-a2-dn7-si-dn39\/","title":{"rendered":"Restric\u021bii de circula\u021bie pentru vehiculele de mare tonaj, joi \u0219i vineri, pe A2, DN7 \u0219i DN39"},"content":{"rendered":"\n<p><strong>Compania Na\u021bional\u0103 de Administrare a Infrastructurii Rutiere (<a href=\"https:\/\/www.cnadnr.ro\/ro\/comunicare\/comunicate-de-presa\/interes-general\/restric%C8%9Bii-de-circula%C8%9Bie-75-t-%C3%AEn-zilele-de-30-aprilie\" type=\"link\" id=\"https:\/\/www.cnadnr.ro\/ro\/comunicare\/comunicate-de-presa\/interes-general\/restric%C8%9Bii-de-circula%C8%9Bie-75-t-%C3%AEn-zilele-de-30-aprilie\" target=\"_blank\" rel=\"noreferrer noopener\">CNAIR<\/a>) a anun\u021bat restric\u021bii de circula\u021bie  pentru vehiculele de mare tonaj, inclusiv pe autostrada A2 Bucure\u0219ti &#8211; Constan\u021ba, valabile pentru 30 aprilie \u0219i 1 mai 2026. <\/strong><\/p>\n\n\n\n<p>Potrivit prevederilor Ordinului MT-MAI nr. 1249-132\/2018, circula\u021bia vehiculelor rutiere cu masa total\u0103 maxim\u0103 autorizat\u0103 mai mare de 7,5 tone, altele dec\u00e2t cele destinate exclusiv transportului de persoane, este interzis\u0103 \u00een zilele de joi, 30 aprilie (ziua premerg\u0103toare zilei de s\u0103rb\u0103toare legal\u0103) \u0219i vineri, 1 mai (Ziua Muncii), pe unele sectoare de autostr\u0103zi \u0219i drumuri na\u021bionale europene (E). <\/p>\n\n\n\n<h2 class=\"wp-block-heading\" id=\"h-restric\u021bii-de-circula\u021bie-pentru-vehiculele-de-mare-tonaj\">Restric\u021bii de circula\u021bie pentru vehiculele de mare tonaj<\/h2>\n\n\n\n<p><strong>Joi, 30 aprilie \u0219i vineri, 1 mai, <a href=\"https:\/\/buletin.de\/bucuresti\/restrictii-de-circulatie-in-bucuresti-in-weekend-pentru-cursa-the-color-run-si-alte-doua-evenimente\/\" type=\"link\" id=\"https:\/\/buletin.de\/bucuresti\/restrictii-de-circulatie-in-bucuresti-in-weekend-pentru-cursa-the-color-run-si-alte-doua-evenimente\/\" target=\"_blank\" rel=\"noreferrer noopener\">restric\u021biile <\/a>sunt valabile \u00een intervalele orare stabilite pentru fiecare sector de drum, dup\u0103 cum urmeaz\u0103:<\/strong><\/p>\n\n\n\n<ul class=\"wp-block-list\">\n<li><strong>Pe A2 Bucure\u0219ti \u2013 Constan\u021ba <\/strong>(intersec\u021bia A2 cu DNCB \u2013 Fundulea \u2013 Lehliu \u2013 Fete\u0219ti \u2013 Cernavod\u0103 \u2013 intersec\u021bia A2 cu A4), circula\u021bia este restric\u021bionat\u0103 <strong>pe ambele sensuri<\/strong> \u00een data de <strong>30 aprilie<\/strong> \u00eentre orele <strong>16:00 \u2013 22:00<\/strong> \u0219i \u00een data de <strong>1 mai <\/strong>\u00eentre orele <strong>06:00 \u2013 22:00<\/strong>, pentru vehiculele cu MTMA mai mare de 7,5 tone;<\/li>\n\n\n\n<li><strong>Pe DN7 Pite\u0219ti \u2013 R\u00e2mnicu V\u00e2lcea \u2013 Ve\u0219tem <\/strong>(intersec\u021bia DN7 cu DN1), restric\u021biile se aplic\u0103 pe ambele sensuri \u00een data de 30 aprilie \u00eentre orele 18:00 \u2013 22:00 \u0219i \u00een data de 1 mai \u00eentre orele 06:00 \u2013 22:00, pentru vehiculele cu masa total\u0103 maxim\u0103 autorizat\u0103 mai mare de 7,5 tone;<\/li>\n\n\n\n<li><strong>Pe DN39 Agigea \u2013 Mangalia<\/strong> (limita municipiului Mangalia), circula\u021bia este restric\u021bionat\u0103 pe ambele sensuri \u00een data de 30 aprilie \u00eentre orele 16:00 \u2013 22:00 \u0219i \u00een data de 1 mai \u00eentre orele 06:00 \u2013 22:00, pentru vehiculele rutiere cu MTMA mai mare de 7,5 tone.<\/li>\n<\/ul>\n\n\n\n<figure class=\"wp-block-image size-large\"><img fetchpriority=\"high\" decoding=\"async\" width=\"1000\" height=\"1000\" src=\"data:image\/gif;base64,R0lGODlhAQABAAAAACH5BAEKAAEALAAAAAABAAEAAAICTAEAOw==\" data-src=\"https:\/\/buletin.de\/bucuresti\/wp-content\/uploads\/2026\/04\/685506576_1456005439902820_7891725680372492724_n-1000x1000.jpg\" alt=\"\" class=\"wp-image-190012 lazyload\" data-sizes=\"auto\" data-srcset=\"https:\/\/buletin.de\/bucuresti\/wp-content\/uploads\/2026\/04\/685506576_1456005439902820_7891725680372492724_n-1000x1000.jpg 1000w, https:\/\/buletin.de\/bucuresti\/wp-content\/uploads\/2026\/04\/685506576_1456005439902820_7891725680372492724_n-300x300.jpg 300w, https:\/\/buletin.de\/bucuresti\/wp-content\/uploads\/2026\/04\/685506576_1456005439902820_7891725680372492724_n-150x150.jpg 150w, https:\/\/buletin.de\/bucuresti\/wp-content\/uploads\/2026\/04\/685506576_1456005439902820_7891725680372492724_n-768x768.jpg 768w, https:\/\/buletin.de\/bucuresti\/wp-content\/uploads\/2026\/04\/685506576_1456005439902820_7891725680372492724_n-24x24.jpg 24w, https:\/\/buletin.de\/bucuresti\/wp-content\/uploads\/2026\/04\/685506576_1456005439902820_7891725680372492724_n-48x48.jpg 48w, https:\/\/buletin.de\/bucuresti\/wp-content\/uploads\/2026\/04\/685506576_1456005439902820_7891725680372492724_n-96x96.jpg 96w, https:\/\/buletin.de\/bucuresti\/wp-content\/uploads\/2026\/04\/685506576_1456005439902820_7891725680372492724_n-1100x1100.jpg 1100w, https:\/\/buletin.de\/bucuresti\/wp-content\/uploads\/2026\/04\/685506576_1456005439902820_7891725680372492724_n-600x600.jpg 600w, https:\/\/buletin.de\/bucuresti\/wp-content\/uploads\/2026\/04\/685506576_1456005439902820_7891725680372492724_n-20x20.jpg 20w, https:\/\/buletin.de\/bucuresti\/wp-content\/uploads\/2026\/04\/685506576_1456005439902820_7891725680372492724_n.jpg 1254w\" sizes=\"(max-width: 1000px) 100vw, 1000px\" \/><figcaption class=\"wp-element-caption\">Foto: Facebook\/CNAIR<\/figcaption><\/figure>\n\n\n\n<p><strong>\u00cenc\u0103lcarea prevederilor  Ordinului MT-MAI nr. 1249-132\/2018 constituie contraven\u021bie \u0219i este sanc\u021bionat\u0103 cu amend\u0103. <\/strong><\/p>\n\n\n\n<p>Pot fi ob\u021binute informa\u021bii suplimentare privind starea re\u021belei de drumuri na\u021bionale \u0219i autostr\u0103zi la Dispeceratul CNAIR S.A., la num\u0103rul 021\/9360, sau acces\u00e2nd <a href=\"https:\/\/www.cnadnr.ro\/\" type=\"link\" id=\"https:\/\/www.cnadnr.ro\/\" target=\"_blank\" rel=\"noreferrer noopener\">www.cnadnr.ro<\/a> \u2013 sec\u021biunea DISPECERAT \u2013 Situa\u021bia Drumurilor Na\u021bionale, precum \u0219i <a href=\"https:\/\/www.facebook.com\/CNAIRSA\" type=\"link\" id=\"https:\/\/www.facebook.com\/CNAIRSA\" target=\"_blank\" rel=\"noreferrer noopener\">pagina oficial\u0103 de Facebook CNAIR<\/a>.<\/p>\n\n\n\n<p><\/p>\n","protected":false},"excerpt":{"rendered":"<p>Compania Na\u021bional\u0103 de Administrare a Infrastructurii Rutiere (CNAIR) a anun\u021bat restric\u021bii de circula\u021bie pentru vehiculele de mare tonaj, inclusiv pe autostrada A2 Bucure\u0219ti &#8211; Constan\u021ba, valabile pentru 30 aprilie \u0219i 1 mai 2026. Potrivit prevederilor Ordinului MT-MAI nr. 1249-132\/2018, circula\u021bia vehiculelor rutiere cu masa total\u0103 maxim\u0103 autorizat\u0103 mai mare de 7,5 tone, altele dec\u00e2t cele [&hellip;]<\/p>\n","protected":false},"author":65,"featured_media":190017,"comment_status":"closed","ping_status":"open","sticky":false,"template":"","format":"standard","meta":{"_acf_changed":false,"inline_featured_image":false,"ngg_post_thumbnail":0,"footnotes":""},"categories":[6994,62,650],"tags":[23822,985,1238,1344,4494],"ppma_author":[23912],"class_list":["post-190009","post","type-post","status-publish","format-standard","has-post-thumbnail","hentry","category-stiri-2","category-stiri","category-transport","tag-a2-bucuresti-constanta","tag-autostrada-soarelui","tag-cnair","tag-restrictii-2","tag-restrictii-de-circulatie"],"acf":[],"yoast_head":"<!-- This site is optimized with the Yoast SEO Premium plugin v25.3 (Yoast SEO v27.5) - https:\/\/yoast.com\/product\/yoast-seo-premium-wordpress\/ -->\n<title>Restric\u021bii de circula\u021bie pentru vehiculele de mare tonaj, joi \u0219i vineri, pe A2, DN7 \u0219i DN39 - Buletin de Bucure\u0219ti<\/title>\n<meta name=\"description\" content=\"CNAIR a anun\u021bat restric\u021bii de circula\u021bie pentru vehiculele de mare tonaj, valabile pentru 30 aprilie \u0219i 1 mai 2026, inclusiv pe A2.\" \/>\n<meta name=\"robots\" content=\"index, follow, max-snippet:-1, max-image-preview:large, max-video-preview:-1\" \/>\n<link rel=\"canonical\" href=\"https:\/\/buletin.de\/bucuresti\/restrictii-de-circulatie-pentru-vehiculele-de-mare-tonaj-joi-si-vineri-pe-a2-dn7-si-dn39\/\" \/>\n<meta property=\"og:locale\" content=\"en_GB\" \/>\n<meta property=\"og:type\" content=\"article\" \/>\n<meta property=\"og:title\" content=\"Restric\u021bii de circula\u021bie pentru vehiculele de mare tonaj, joi \u0219i vineri, pe A2, DN7 \u0219i DN39\" \/>\n<meta property=\"og:description\" content=\"CNAIR a anun\u021bat restric\u021bii de circula\u021bie pentru vehiculele de mare tonaj, valabile pentru 30 aprilie \u0219i 1 mai 2026, inclusiv pe A2.\" \/>\n<meta property=\"og:url\" content=\"https:\/\/buletin.de\/bucuresti\/restrictii-de-circulatie-pentru-vehiculele-de-mare-tonaj-joi-si-vineri-pe-a2-dn7-si-dn39\/\" \/>\n<meta property=\"og:site_name\" content=\"Buletin de Bucure\u0219ti\" \/>\n<meta property=\"article:publisher\" content=\"https:\/\/www.facebook.com\/buletin.de.buc\" \/>\n<meta property=\"article:published_time\" content=\"2026-04-29T08:27:29+00:00\" \/>\n<meta property=\"article:modified_time\" content=\"2026-04-29T08:27:30+00:00\" \/>\n<meta property=\"og:image\" content=\"https:\/\/buletin.de\/bucuresti\/wp-content\/uploads\/2026\/04\/Restrictii-de-circulatie-vehiculele-de-mare-tonaj-A2.jpg\" \/>\n\t<meta property=\"og:image:width\" content=\"1200\" \/>\n\t<meta property=\"og:image:height\" content=\"650\" \/>\n\t<meta property=\"og:image:type\" content=\"image\/jpeg\" \/>\n<meta name=\"author\" content=\"Andreea St\u0103n\u0103r\u00eeng\u0103\" \/>\n<meta name=\"twitter:card\" content=\"summary_large_image\" \/>\n<meta name=\"twitter:label1\" content=\"Written by\" \/>\n\t<meta name=\"twitter:data1\" content=\"Andreea St\u0103n\u0103r\u00eeng\u0103\" \/>\n\t<meta name=\"twitter:label2\" content=\"Estimated reading time\" \/>\n\t<meta name=\"twitter:data2\" content=\"2 minutes\" \/>\n<script type=\"application\/ld+json\" class=\"yoast-schema-graph\">{\"@context\":\"https:\\\/\\\/schema.org\",\"@graph\":[{\"@type\":\"Article\",\"@id\":\"https:\\\/\\\/buletin.de\\\/bucuresti\\\/restrictii-de-circulatie-pentru-vehiculele-de-mare-tonaj-joi-si-vineri-pe-a2-dn7-si-dn39\\\/#article\",\"isPartOf\":{\"@id\":\"https:\\\/\\\/buletin.de\\\/bucuresti\\\/restrictii-de-circulatie-pentru-vehiculele-de-mare-tonaj-joi-si-vineri-pe-a2-dn7-si-dn39\\\/\"},\"author\":{\"name\":\"Andreea St\u0103n\u0103r\u00eeng\u0103\",\"@id\":\"https:\\\/\\\/buletin.de\\\/bucuresti\\\/#\\\/schema\\\/person\\\/81421a46fb84a0887cfd2238f5202586\"},\"headline\":\"Restric\u021bii de circula\u021bie pentru vehiculele de mare tonaj, joi \u0219i vineri, pe A2, DN7 \u0219i DN39\",\"datePublished\":\"2026-04-29T08:27:29+00:00\",\"dateModified\":\"2026-04-29T08:27:30+00:00\",\"mainEntityOfPage\":{\"@id\":\"https:\\\/\\\/buletin.de\\\/bucuresti\\\/restrictii-de-circulatie-pentru-vehiculele-de-mare-tonaj-joi-si-vineri-pe-a2-dn7-si-dn39\\\/\"},\"wordCount\":345,\"publisher\":{\"@id\":\"https:\\\/\\\/buletin.de\\\/bucuresti\\\/#organization\"},\"image\":{\"@id\":\"https:\\\/\\\/buletin.de\\\/bucuresti\\\/restrictii-de-circulatie-pentru-vehiculele-de-mare-tonaj-joi-si-vineri-pe-a2-dn7-si-dn39\\\/#primaryimage\"},\"thumbnailUrl\":\"https:\\\/\\\/buletin.de\\\/bucuresti\\\/wp-content\\\/uploads\\\/2026\\\/04\\\/Restrictii-de-circulatie-vehiculele-de-mare-tonaj-A2.jpg\",\"keywords\":[\"A2 Bucure\u0219ti-Constan\u021ba\",\"autostrada soarelui\",\"cnair\",\"restrictii\",\"restrictii de circulatie\"],\"articleSection\":[\"Articole\",\"\u0218tiri\",\"Transport\"],\"inLanguage\":\"en-GB\",\"copyrightYear\":\"2026\",\"copyrightHolder\":{\"@id\":\"https:\\\/\\\/buletin.de\\\/bucuresti\\\/#organization\"}},{\"@type\":\"WebPage\",\"@id\":\"https:\\\/\\\/buletin.de\\\/bucuresti\\\/restrictii-de-circulatie-pentru-vehiculele-de-mare-tonaj-joi-si-vineri-pe-a2-dn7-si-dn39\\\/\",\"url\":\"https:\\\/\\\/buletin.de\\\/bucuresti\\\/restrictii-de-circulatie-pentru-vehiculele-de-mare-tonaj-joi-si-vineri-pe-a2-dn7-si-dn39\\\/\",\"name\":\"Restric\u021bii de circula\u021bie pentru vehiculele de mare tonaj, joi \u0219i vineri, pe A2, DN7 \u0219i DN39 - Buletin de Bucure\u0219ti\",\"isPartOf\":{\"@id\":\"https:\\\/\\\/buletin.de\\\/bucuresti\\\/#website\"},\"primaryImageOfPage\":{\"@id\":\"https:\\\/\\\/buletin.de\\\/bucuresti\\\/restrictii-de-circulatie-pentru-vehiculele-de-mare-tonaj-joi-si-vineri-pe-a2-dn7-si-dn39\\\/#primaryimage\"},\"image\":{\"@id\":\"https:\\\/\\\/buletin.de\\\/bucuresti\\\/restrictii-de-circulatie-pentru-vehiculele-de-mare-tonaj-joi-si-vineri-pe-a2-dn7-si-dn39\\\/#primaryimage\"},\"thumbnailUrl\":\"https:\\\/\\\/buletin.de\\\/bucuresti\\\/wp-content\\\/uploads\\\/2026\\\/04\\\/Restrictii-de-circulatie-vehiculele-de-mare-tonaj-A2.jpg\",\"datePublished\":\"2026-04-29T08:27:29+00:00\",\"dateModified\":\"2026-04-29T08:27:30+00:00\",\"description\":\"CNAIR a anun\u021bat restric\u021bii de circula\u021bie pentru vehiculele de mare tonaj, valabile pentru 30 aprilie \u0219i 1 mai 2026, inclusiv pe A2.\",\"breadcrumb\":{\"@id\":\"https:\\\/\\\/buletin.de\\\/bucuresti\\\/restrictii-de-circulatie-pentru-vehiculele-de-mare-tonaj-joi-si-vineri-pe-a2-dn7-si-dn39\\\/#breadcrumb\"},\"inLanguage\":\"en-GB\",\"potentialAction\":[{\"@type\":\"ReadAction\",\"target\":[\"https:\\\/\\\/buletin.de\\\/bucuresti\\\/restrictii-de-circulatie-pentru-vehiculele-de-mare-tonaj-joi-si-vineri-pe-a2-dn7-si-dn39\\\/\"]}]},{\"@type\":\"ImageObject\",\"inLanguage\":\"en-GB\",\"@id\":\"https:\\\/\\\/buletin.de\\\/bucuresti\\\/restrictii-de-circulatie-pentru-vehiculele-de-mare-tonaj-joi-si-vineri-pe-a2-dn7-si-dn39\\\/#primaryimage\",\"url\":\"https:\\\/\\\/buletin.de\\\/bucuresti\\\/wp-content\\\/uploads\\\/2026\\\/04\\\/Restrictii-de-circulatie-vehiculele-de-mare-tonaj-A2.jpg\",\"contentUrl\":\"https:\\\/\\\/buletin.de\\\/bucuresti\\\/wp-content\\\/uploads\\\/2026\\\/04\\\/Restrictii-de-circulatie-vehiculele-de-mare-tonaj-A2.jpg\",\"width\":1200,\"height\":650,\"caption\":\"Restric\u021bii de circula\u021bie pentru vehiculele de mare tonaj, pe A2, DN7 \u0219i DN39. Foto: Arhiva\"},{\"@type\":\"BreadcrumbList\",\"@id\":\"https:\\\/\\\/buletin.de\\\/bucuresti\\\/restrictii-de-circulatie-pentru-vehiculele-de-mare-tonaj-joi-si-vineri-pe-a2-dn7-si-dn39\\\/#breadcrumb\",\"itemListElement\":[{\"@type\":\"ListItem\",\"position\":1,\"name\":\"Acas\u0103\",\"item\":\"https:\\\/\\\/buletin.de\\\/bucuresti\\\/\"},{\"@type\":\"ListItem\",\"position\":2,\"name\":\"Restric\u021bii de circula\u021bie pentru vehiculele de mare tonaj, joi \u0219i vineri, pe A2, DN7 \u0219i DN39\"}]},{\"@type\":\"WebSite\",\"@id\":\"https:\\\/\\\/buletin.de\\\/bucuresti\\\/#website\",\"url\":\"https:\\\/\\\/buletin.de\\\/bucuresti\\\/\",\"name\":\"Buletin de Bucure\u0219ti\",\"description\":\"\u0218tiri \u0219i investiga\u021bii esen\u021biale din capital\u0103\",\"publisher\":{\"@id\":\"https:\\\/\\\/buletin.de\\\/bucuresti\\\/#organization\"},\"potentialAction\":[{\"@type\":\"SearchAction\",\"target\":{\"@type\":\"EntryPoint\",\"urlTemplate\":\"https:\\\/\\\/buletin.de\\\/bucuresti\\\/?s={search_term_string}\"},\"query-input\":{\"@type\":\"PropertyValueSpecification\",\"valueRequired\":true,\"valueName\":\"search_term_string\"}}],\"inLanguage\":\"en-GB\"},{\"@type\":\"Organization\",\"@id\":\"https:\\\/\\\/buletin.de\\\/bucuresti\\\/#organization\",\"name\":\"Buletin de Bucure\u0219ti\",\"url\":\"https:\\\/\\\/buletin.de\\\/bucuresti\\\/\",\"logo\":{\"@type\":\"ImageObject\",\"inLanguage\":\"en-GB\",\"@id\":\"https:\\\/\\\/buletin.de\\\/bucuresti\\\/#\\\/schema\\\/logo\\\/image\\\/\",\"url\":\"https:\\\/\\\/buletin.de\\\/bucuresti\\\/wp-content\\\/uploads\\\/logo-bdb-full-wide-vernil-transparent.png\",\"contentUrl\":\"https:\\\/\\\/buletin.de\\\/bucuresti\\\/wp-content\\\/uploads\\\/logo-bdb-full-wide-vernil-transparent.png\",\"width\":1782,\"height\":626,\"caption\":\"Buletin de Bucure\u0219ti\"},\"image\":{\"@id\":\"https:\\\/\\\/buletin.de\\\/bucuresti\\\/#\\\/schema\\\/logo\\\/image\\\/\"},\"sameAs\":[\"https:\\\/\\\/www.facebook.com\\\/buletin.de.buc\",\"https:\\\/\\\/www.instagram.com\\\/buletinde.bucuresti\\\/\"]},{\"@type\":\"Person\",\"@id\":\"https:\\\/\\\/buletin.de\\\/bucuresti\\\/#\\\/schema\\\/person\\\/81421a46fb84a0887cfd2238f5202586\",\"name\":\"Andreea St\u0103n\u0103r\u00eeng\u0103\",\"image\":{\"@type\":\"ImageObject\",\"inLanguage\":\"en-GB\",\"@id\":\"https:\\\/\\\/secure.gravatar.com\\\/avatar\\\/dfa8d227a4388fad0f0bb03add04b5b176f4da34397dbb2eadc563b3d7162ce0?s=96&d=monsterid&r=g72784372b39ffe5a98a45288fe0d0e8a\",\"url\":\"https:\\\/\\\/secure.gravatar.com\\\/avatar\\\/dfa8d227a4388fad0f0bb03add04b5b176f4da34397dbb2eadc563b3d7162ce0?s=96&d=monsterid&r=g\",\"contentUrl\":\"https:\\\/\\\/secure.gravatar.com\\\/avatar\\\/dfa8d227a4388fad0f0bb03add04b5b176f4da34397dbb2eadc563b3d7162ce0?s=96&d=monsterid&r=g\",\"caption\":\"Andreea St\u0103n\u0103r\u00eeng\u0103\"},\"description\":\"Cu o experien\u021b\u0103 de peste 5 ani \u00een pres\u0103, face parte din echipa Buletin de Bucure\u0219ti din septembrie 2025. A colaborat cu c\u00e2teva publica\u021bii, printre care \u0219i Fanatik.ro, unde s-a ocupat de \u0219tiri de lifestyle \u0219i de actualitate. A f\u0103cut un pas c\u0103tre presa local\u0103 pentru a explora Bucure\u0219tiul \u0219i pove\u0219tile care merit\u0103 spuse.\",\"url\":\"https:\\\/\\\/buletin.de\\\/bucuresti\\\/author\\\/andreea-stanaranga\\\/\"}]}<\/script>\n<!-- \/ Yoast SEO Premium plugin. -->","yoast_head_json":{"title":"Restric\u021bii de circula\u021bie pentru vehiculele de mare tonaj, joi \u0219i vineri, pe A2, DN7 \u0219i DN39 - Buletin de Bucure\u0219ti","description":"CNAIR a anun\u021bat restric\u021bii de circula\u021bie pentru vehiculele de mare tonaj, valabile pentru 30 aprilie \u0219i 1 mai 2026, inclusiv pe A2.","robots":{"index":"index","follow":"follow","max-snippet":"max-snippet:-1","max-image-preview":"max-image-preview:large","max-video-preview":"max-video-preview:-1"},"canonical":"https:\/\/buletin.de\/bucuresti\/restrictii-de-circulatie-pentru-vehiculele-de-mare-tonaj-joi-si-vineri-pe-a2-dn7-si-dn39\/","og_locale":"en_GB","og_type":"article","og_title":"Restric\u021bii de circula\u021bie pentru vehiculele de mare tonaj, joi \u0219i vineri, pe A2, DN7 \u0219i DN39","og_description":"CNAIR a anun\u021bat restric\u021bii de circula\u021bie pentru vehiculele de mare tonaj, valabile pentru 30 aprilie \u0219i 1 mai 2026, inclusiv pe A2.","og_url":"https:\/\/buletin.de\/bucuresti\/restrictii-de-circulatie-pentru-vehiculele-de-mare-tonaj-joi-si-vineri-pe-a2-dn7-si-dn39\/","og_site_name":"Buletin de Bucure\u0219ti","article_publisher":"https:\/\/www.facebook.com\/buletin.de.buc","article_published_time":"2026-04-29T08:27:29+00:00","article_modified_time":"2026-04-29T08:27:30+00:00","og_image":[{"width":1200,"height":650,"url":"https:\/\/buletin.de\/bucuresti\/wp-content\/uploads\/2026\/04\/Restrictii-de-circulatie-vehiculele-de-mare-tonaj-A2.jpg","type":"image\/jpeg"}],"author":"Andreea St\u0103n\u0103r\u00eeng\u0103","twitter_card":"summary_large_image","twitter_misc":{"Written by":"Andreea St\u0103n\u0103r\u00eeng\u0103","Estimated reading time":"2 minutes"},"schema":{"@context":"https:\/\/schema.org","@graph":[{"@type":"Article","@id":"https:\/\/buletin.de\/bucuresti\/restrictii-de-circulatie-pentru-vehiculele-de-mare-tonaj-joi-si-vineri-pe-a2-dn7-si-dn39\/#article","isPartOf":{"@id":"https:\/\/buletin.de\/bucuresti\/restrictii-de-circulatie-pentru-vehiculele-de-mare-tonaj-joi-si-vineri-pe-a2-dn7-si-dn39\/"},"author":{"name":"Andreea St\u0103n\u0103r\u00eeng\u0103","@id":"https:\/\/buletin.de\/bucuresti\/#\/schema\/person\/81421a46fb84a0887cfd2238f5202586"},"headline":"Restric\u021bii de circula\u021bie pentru vehiculele de mare tonaj, joi \u0219i vineri, pe A2, DN7 \u0219i DN39","datePublished":"2026-04-29T08:27:29+00:00","dateModified":"2026-04-29T08:27:30+00:00","mainEntityOfPage":{"@id":"https:\/\/buletin.de\/bucuresti\/restrictii-de-circulatie-pentru-vehiculele-de-mare-tonaj-joi-si-vineri-pe-a2-dn7-si-dn39\/"},"wordCount":345,"publisher":{"@id":"https:\/\/buletin.de\/bucuresti\/#organization"},"image":{"@id":"https:\/\/buletin.de\/bucuresti\/restrictii-de-circulatie-pentru-vehiculele-de-mare-tonaj-joi-si-vineri-pe-a2-dn7-si-dn39\/#primaryimage"},"thumbnailUrl":"https:\/\/buletin.de\/bucuresti\/wp-content\/uploads\/2026\/04\/Restrictii-de-circulatie-vehiculele-de-mare-tonaj-A2.jpg","keywords":["A2 Bucure\u0219ti-Constan\u021ba","autostrada soarelui","cnair","restrictii","restrictii de circulatie"],"articleSection":["Articole","\u0218tiri","Transport"],"inLanguage":"en-GB","copyrightYear":"2026","copyrightHolder":{"@id":"https:\/\/buletin.de\/bucuresti\/#organization"}},{"@type":"WebPage","@id":"https:\/\/buletin.de\/bucuresti\/restrictii-de-circulatie-pentru-vehiculele-de-mare-tonaj-joi-si-vineri-pe-a2-dn7-si-dn39\/","url":"https:\/\/buletin.de\/bucuresti\/restrictii-de-circulatie-pentru-vehiculele-de-mare-tonaj-joi-si-vineri-pe-a2-dn7-si-dn39\/","name":"Restric\u021bii de circula\u021bie pentru vehiculele de mare tonaj, joi \u0219i vineri, pe A2, DN7 \u0219i DN39 - Buletin de Bucure\u0219ti","isPartOf":{"@id":"https:\/\/buletin.de\/bucuresti\/#website"},"primaryImageOfPage":{"@id":"https:\/\/buletin.de\/bucuresti\/restrictii-de-circulatie-pentru-vehiculele-de-mare-tonaj-joi-si-vineri-pe-a2-dn7-si-dn39\/#primaryimage"},"image":{"@id":"https:\/\/buletin.de\/bucuresti\/restrictii-de-circulatie-pentru-vehiculele-de-mare-tonaj-joi-si-vineri-pe-a2-dn7-si-dn39\/#primaryimage"},"thumbnailUrl":"https:\/\/buletin.de\/bucuresti\/wp-content\/uploads\/2026\/04\/Restrictii-de-circulatie-vehiculele-de-mare-tonaj-A2.jpg","datePublished":"2026-04-29T08:27:29+00:00","dateModified":"2026-04-29T08:27:30+00:00","description":"CNAIR a anun\u021bat restric\u021bii de circula\u021bie pentru vehiculele de mare tonaj, valabile pentru 30 aprilie \u0219i 1 mai 2026, inclusiv pe A2.","breadcrumb":{"@id":"https:\/\/buletin.de\/bucuresti\/restrictii-de-circulatie-pentru-vehiculele-de-mare-tonaj-joi-si-vineri-pe-a2-dn7-si-dn39\/#breadcrumb"},"inLanguage":"en-GB","potentialAction":[{"@type":"ReadAction","target":["https:\/\/buletin.de\/bucuresti\/restrictii-de-circulatie-pentru-vehiculele-de-mare-tonaj-joi-si-vineri-pe-a2-dn7-si-dn39\/"]}]},{"@type":"ImageObject","inLanguage":"en-GB","@id":"https:\/\/buletin.de\/bucuresti\/restrictii-de-circulatie-pentru-vehiculele-de-mare-tonaj-joi-si-vineri-pe-a2-dn7-si-dn39\/#primaryimage","url":"https:\/\/buletin.de\/bucuresti\/wp-content\/uploads\/2026\/04\/Restrictii-de-circulatie-vehiculele-de-mare-tonaj-A2.jpg","contentUrl":"https:\/\/buletin.de\/bucuresti\/wp-content\/uploads\/2026\/04\/Restrictii-de-circulatie-vehiculele-de-mare-tonaj-A2.jpg","width":1200,"height":650,"caption":"Restric\u021bii de circula\u021bie pentru vehiculele de mare tonaj, pe A2, DN7 \u0219i DN39. Foto: Arhiva"},{"@type":"BreadcrumbList","@id":"https:\/\/buletin.de\/bucuresti\/restrictii-de-circulatie-pentru-vehiculele-de-mare-tonaj-joi-si-vineri-pe-a2-dn7-si-dn39\/#breadcrumb","itemListElement":[{"@type":"ListItem","position":1,"name":"Acas\u0103","item":"https:\/\/buletin.de\/bucuresti\/"},{"@type":"ListItem","position":2,"name":"Restric\u021bii de circula\u021bie pentru vehiculele de mare tonaj, joi \u0219i vineri, pe A2, DN7 \u0219i DN39"}]},{"@type":"WebSite","@id":"https:\/\/buletin.de\/bucuresti\/#website","url":"https:\/\/buletin.de\/bucuresti\/","name":"Buletin de Bucure\u0219ti","description":"\u0218tiri \u0219i investiga\u021bii esen\u021biale din capital\u0103","publisher":{"@id":"https:\/\/buletin.de\/bucuresti\/#organization"},"potentialAction":[{"@type":"SearchAction","target":{"@type":"EntryPoint","urlTemplate":"https:\/\/buletin.de\/bucuresti\/?s={search_term_string}"},"query-input":{"@type":"PropertyValueSpecification","valueRequired":true,"valueName":"search_term_string"}}],"inLanguage":"en-GB"},{"@type":"Organization","@id":"https:\/\/buletin.de\/bucuresti\/#organization","name":"Buletin de Bucure\u0219ti","url":"https:\/\/buletin.de\/bucuresti\/","logo":{"@type":"ImageObject","inLanguage":"en-GB","@id":"https:\/\/buletin.de\/bucuresti\/#\/schema\/logo\/image\/","url":"https:\/\/buletin.de\/bucuresti\/wp-content\/uploads\/logo-bdb-full-wide-vernil-transparent.png","contentUrl":"https:\/\/buletin.de\/bucuresti\/wp-content\/uploads\/logo-bdb-full-wide-vernil-transparent.png","width":1782,"height":626,"caption":"Buletin de Bucure\u0219ti"},"image":{"@id":"https:\/\/buletin.de\/bucuresti\/#\/schema\/logo\/image\/"},"sameAs":["https:\/\/www.facebook.com\/buletin.de.buc","https:\/\/www.instagram.com\/buletinde.bucuresti\/"]},{"@type":"Person","@id":"https:\/\/buletin.de\/bucuresti\/#\/schema\/person\/81421a46fb84a0887cfd2238f5202586","name":"Andreea St\u0103n\u0103r\u00eeng\u0103","image":{"@type":"ImageObject","inLanguage":"en-GB","@id":"https:\/\/secure.gravatar.com\/avatar\/dfa8d227a4388fad0f0bb03add04b5b176f4da34397dbb2eadc563b3d7162ce0?s=96&d=monsterid&r=g72784372b39ffe5a98a45288fe0d0e8a","url":"https:\/\/secure.gravatar.com\/avatar\/dfa8d227a4388fad0f0bb03add04b5b176f4da34397dbb2eadc563b3d7162ce0?s=96&d=monsterid&r=g","contentUrl":"https:\/\/secure.gravatar.com\/avatar\/dfa8d227a4388fad0f0bb03add04b5b176f4da34397dbb2eadc563b3d7162ce0?s=96&d=monsterid&r=g","caption":"Andreea St\u0103n\u0103r\u00eeng\u0103"},"description":"Cu o experien\u021b\u0103 de peste 5 ani \u00een pres\u0103, face parte din echipa Buletin de Bucure\u0219ti din septembrie 2025. A colaborat cu c\u00e2teva publica\u021bii, printre care \u0219i Fanatik.ro, unde s-a ocupat de \u0219tiri de lifestyle \u0219i de actualitate. A f\u0103cut un pas c\u0103tre presa local\u0103 pentru a explora Bucure\u0219tiul \u0219i pove\u0219tile care merit\u0103 spuse.","url":"https:\/\/buletin.de\/bucuresti\/author\/andreea-stanaranga\/"}]}},"authors":[{"term_id":23912,"user_id":65,"is_guest":0,"slug":"andreea-stanaranga","display_name":"Andreea St\u0103n\u0103r\u00eeng\u0103","avatar_url":"https:\/\/secure.gravatar.com\/avatar\/dfa8d227a4388fad0f0bb03add04b5b176f4da34397dbb2eadc563b3d7162ce0?s=96&d=monsterid&r=g","0":null,"1":"","2":"","3":"","4":"","5":"","6":"","7":"","8":""}],"_links":{"self":[{"href":"https:\/\/buletin.de\/bucuresti\/wp-json\/wp\/v2\/posts\/190009","targetHints":{"allow":["GET"]}}],"collection":[{"href":"https:\/\/buletin.de\/bucuresti\/wp-json\/wp\/v2\/posts"}],"about":[{"href":"https:\/\/buletin.de\/bucuresti\/wp-json\/wp\/v2\/types\/post"}],"author":[{"embeddable":true,"href":"https:\/\/buletin.de\/bucuresti\/wp-json\/wp\/v2\/users\/65"}],"replies":[{"embeddable":true,"href":"https:\/\/buletin.de\/bucuresti\/wp-json\/wp\/v2\/comments?post=190009"}],"version-history":[{"count":6,"href":"https:\/\/buletin.de\/bucuresti\/wp-json\/wp\/v2\/posts\/190009\/revisions"}],"predecessor-version":[{"id":190018,"href":"https:\/\/buletin.de\/bucuresti\/wp-json\/wp\/v2\/posts\/190009\/revisions\/190018"}],"wp:featuredmedia":[{"embeddable":true,"href":"https:\/\/buletin.de\/bucuresti\/wp-json\/wp\/v2\/media\/190017"}],"wp:attachment":[{"href":"https:\/\/buletin.de\/bucuresti\/wp-json\/wp\/v2\/media?parent=190009"}],"wp:term":[{"taxonomy":"category","embeddable":true,"href":"https:\/\/buletin.de\/bucuresti\/wp-json\/wp\/v2\/categories?post=190009"},{"taxonomy":"post_tag","embeddable":true,"href":"https:\/\/buletin.de\/bucuresti\/wp-json\/wp\/v2\/tags?post=190009"},{"taxonomy":"author","embeddable":true,"href":"https:\/\/buletin.de\/bucuresti\/wp-json\/wp\/v2\/ppma_author?post=190009"}],"curies":[{"name":"wp","href":"https:\/\/api.w.org\/{rel}","templated":true}]}}