{"id":19000,"date":"2021-01-29T13:04:11","date_gmt":"2021-01-29T10:04:11","guid":{"rendered":"https:\/\/buletin.de\/bucuresti\/?p=19000"},"modified":"2021-02-05T12:48:40","modified_gmt":"2021-02-05T09:48:40","slug":"nicusor-dan-vrea-sa-organizeze-doua-centre-de-vaccinare-in-circul-metropolitan","status":"publish","type":"post","link":"https:\/\/buletin.de\/bucuresti\/nicusor-dan-vrea-sa-organizeze-doua-centre-de-vaccinare-in-circul-metropolitan\/","title":{"rendered":"Nicu\u0219or Dan vrea s\u0103 organizeze dou\u0103 centre de vaccinare \u00een Circul Metropolitan"},"content":{"rendered":"\n<p><\/p>\n\n\n\n<p>Un proiect de pe ordinea de zi suplimentar\u0103 propune organizarea a dou\u0103 centre de vaccinare anti-Covid \u00een cadrul Circului Metropolitan Bucure\u0219ti. Consiliul General al Municipiului Bucure\u0219ti va vota proiectul \u00een \u0219edin\u021ba de ast\u0103zi.<\/p>\n\n\n\n<p>Func\u021bionarea centrelor de vaccinare va fi asigurat\u0103 de Administra\u021bia Spitalelor \u0219i Serviciilor Medicale Bucure\u0219ti, scrie \u00een <a href=\"http:\/\/www4.pmb.ro\/wwwt\/institutii\/CGMB\/sedinte\/ordinea_de_zi\/db\/ph_circul_metropolitan_20210129.pdf\">proiectul de hot\u0103r\u00e2re.<\/a> Schimbarea temporar\u0103 a destina\u021biei ar fi pentru o perioad\u0103 de 12 luni.<\/p>\n\n\n\n<p><\/p>\n\n\n\n<div class=\"wp-block-image\"><figure class=\"aligncenter size-large is-resized\"><img fetchpriority=\"high\" decoding=\"async\" src=\"data:image\/gif;base64,R0lGODlhAQABAAAAACH5BAEKAAEALAAAAAABAAEAAAICTAEAOw==\" data-src=\"https:\/\/buletin.de\/bucuresti\/wp-content\/uploads\/image-448-900x733.png\" alt=\"\" class=\"wp-image-19001 lazyload\" width=\"900\" height=\"733\" data-sizes=\"auto\" data-srcset=\"https:\/\/buletin.de\/bucuresti\/wp-content\/uploads\/image-448-900x733.png 900w, https:\/\/buletin.de\/bucuresti\/wp-content\/uploads\/image-448-300x244.png 300w, https:\/\/buletin.de\/bucuresti\/wp-content\/uploads\/image-448-768x625.png 768w, https:\/\/buletin.de\/bucuresti\/wp-content\/uploads\/image-448-550x448.png 550w, https:\/\/buletin.de\/bucuresti\/wp-content\/uploads\/image-448-614x500.png 614w, https:\/\/buletin.de\/bucuresti\/wp-content\/uploads\/image-448-600x488.png 600w, https:\/\/buletin.de\/bucuresti\/wp-content\/uploads\/image-448.png 973w\" sizes=\"(max-width: 900px) 100vw, 900px\" \/><\/figure><\/div>\n\n\n\n<div class=\"wp-block-image\"><figure class=\"aligncenter size-large is-resized\"><img decoding=\"async\" src=\"data:image\/gif;base64,R0lGODlhAQABAAAAACH5BAEKAAEALAAAAAABAAEAAAICTAEAOw==\" data-src=\"https:\/\/buletin.de\/bucuresti\/wp-content\/uploads\/image-449-900x672.png\" alt=\"\" class=\"wp-image-19002 lazyload\" width=\"900\" height=\"672\" data-sizes=\"auto\" data-srcset=\"https:\/\/buletin.de\/bucuresti\/wp-content\/uploads\/image-449-900x672.png 900w, https:\/\/buletin.de\/bucuresti\/wp-content\/uploads\/image-449-300x224.png 300w, https:\/\/buletin.de\/bucuresti\/wp-content\/uploads\/image-449-768x574.png 768w, https:\/\/buletin.de\/bucuresti\/wp-content\/uploads\/image-449-1060x792.png 1060w, https:\/\/buletin.de\/bucuresti\/wp-content\/uploads\/image-449-550x411.png 550w, https:\/\/buletin.de\/bucuresti\/wp-content\/uploads\/image-449-669x500.png 669w, https:\/\/buletin.de\/bucuresti\/wp-content\/uploads\/image-449-600x448.png 600w, https:\/\/buletin.de\/bucuresti\/wp-content\/uploads\/image-449.png 1076w\" sizes=\"(max-width: 900px) 100vw, 900px\" \/><\/figure><\/div>\n\n\n\n<div class=\"wp-block-image\"><figure class=\"aligncenter size-large is-resized\"><img decoding=\"async\" src=\"data:image\/gif;base64,R0lGODlhAQABAAAAACH5BAEKAAEALAAAAAABAAEAAAICTAEAOw==\" data-src=\"https:\/\/buletin.de\/bucuresti\/wp-content\/uploads\/image-451-900x703.png\" alt=\"\" class=\"wp-image-19004 lazyload\" width=\"900\" height=\"703\" data-sizes=\"auto\" data-srcset=\"https:\/\/buletin.de\/bucuresti\/wp-content\/uploads\/image-451-900x703.png 900w, https:\/\/buletin.de\/bucuresti\/wp-content\/uploads\/image-451-300x234.png 300w, https:\/\/buletin.de\/bucuresti\/wp-content\/uploads\/image-451-768x600.png 768w, https:\/\/buletin.de\/bucuresti\/wp-content\/uploads\/image-451-550x429.png 550w, https:\/\/buletin.de\/bucuresti\/wp-content\/uploads\/image-451-640x500.png 640w, https:\/\/buletin.de\/bucuresti\/wp-content\/uploads\/image-451-600x468.png 600w, https:\/\/buletin.de\/bucuresti\/wp-content\/uploads\/image-451.png 985w\" sizes=\"(max-width: 900px) 100vw, 900px\" \/><\/figure><\/div>\n\n\n\n<p><\/p>\n\n\n\n<p>Surs\u0103 cover foto: <a href=\"http:\/\/www4.pmb.ro\/wwwt\/institutii\/CGMB\/sedinte\/ordinea_de_zi\/db\/ph_circul_metropolitan_20210129.pdf\">Proiect de hot\u0103r\u00e2re<\/a><\/p>\n","protected":false},"excerpt":{"rendered":"<p>Un proiect de pe ordinea de zi suplimentar\u0103 propune organizarea a dou\u0103 centre de vaccinare anti-Covid \u00een cadrul Circului Metropolitan Bucure\u0219ti. Consiliul General al Municipiului Bucure\u0219ti va vota proiectul \u00een \u0219edin\u021ba de ast\u0103zi. Func\u021bionarea centrelor de vaccinare va fi asigurat\u0103 de Administra\u021bia Spitalelor \u0219i Serviciilor Medicale Bucure\u0219ti, scrie \u00een proiectul de hot\u0103r\u00e2re. Schimbarea temporar\u0103 a [&hellip;]<\/p>\n","protected":false},"author":6,"featured_media":19002,"comment_status":"closed","ping_status":"open","sticky":false,"template":"","format":"standard","meta":{"_acf_changed":false,"inline_featured_image":false,"ngg_post_thumbnail":0,"footnotes":""},"categories":[996,24,4,62],"tags":[9,2202,2180],"ppma_author":[22588],"class_list":["post-19000","post","type-post","status-publish","format-standard","has-post-thumbnail","hentry","category-covid-19","category-primarie","category-sanatate","category-stiri","tag-bucuresti","tag-centru-de-vaccinare","tag-vaccin-anticovid"],"acf":[],"yoast_head":"<!-- This site is optimized with the Yoast SEO Premium plugin v25.3 (Yoast SEO v27.4) - https:\/\/yoast.com\/product\/yoast-seo-premium-wordpress\/ -->\n<title>Nicu\u0219or Dan vrea s\u0103 organizeze dou\u0103 centre de vaccinare \u00een Circul Metropolitan - Buletin de Bucure\u0219ti<\/title>\n<meta name=\"robots\" content=\"index, follow, max-snippet:-1, max-image-preview:large, max-video-preview:-1\" \/>\n<link rel=\"canonical\" href=\"https:\/\/buletin.de\/bucuresti\/nicusor-dan-vrea-sa-organizeze-doua-centre-de-vaccinare-in-circul-metropolitan\/\" \/>\n<meta property=\"og:locale\" content=\"en_GB\" \/>\n<meta property=\"og:type\" content=\"article\" \/>\n<meta property=\"og:title\" content=\"Nicu\u0219or Dan vrea s\u0103 organizeze dou\u0103 centre de vaccinare \u00een Circul Metropolitan\" \/>\n<meta property=\"og:description\" content=\"Un proiect de pe ordinea de zi suplimentar\u0103 propune organizarea a dou\u0103 centre de vaccinare anti-Covid \u00een cadrul Circului Metropolitan Bucure\u0219ti. Consiliul General al Municipiului Bucure\u0219ti va vota proiectul \u00een \u0219edin\u021ba de ast\u0103zi. Func\u021bionarea centrelor de vaccinare va fi asigurat\u0103 de Administra\u021bia Spitalelor \u0219i Serviciilor Medicale Bucure\u0219ti, scrie \u00een proiectul de hot\u0103r\u00e2re. Schimbarea temporar\u0103 a [&hellip;]\" \/>\n<meta property=\"og:url\" content=\"https:\/\/buletin.de\/bucuresti\/nicusor-dan-vrea-sa-organizeze-doua-centre-de-vaccinare-in-circul-metropolitan\/\" \/>\n<meta property=\"og:site_name\" content=\"Buletin de Bucure\u0219ti\" \/>\n<meta property=\"article:publisher\" content=\"https:\/\/www.facebook.com\/buletin.de.buc\" \/>\n<meta property=\"article:published_time\" content=\"2021-01-29T10:04:11+00:00\" \/>\n<meta property=\"article:modified_time\" content=\"2021-02-05T09:48:40+00:00\" \/>\n<meta property=\"og:image\" content=\"https:\/\/buletin.de\/bucuresti\/wp-content\/uploads\/image-449.png\" \/>\n\t<meta property=\"og:image:width\" content=\"1076\" \/>\n\t<meta property=\"og:image:height\" content=\"804\" \/>\n\t<meta property=\"og:image:type\" content=\"image\/png\" \/>\n<meta name=\"author\" content=\"Bianca Albu\" \/>\n<meta name=\"twitter:card\" content=\"summary_large_image\" \/>\n<meta name=\"twitter:label1\" content=\"Written by\" \/>\n\t<meta name=\"twitter:data1\" content=\"Bianca Albu\" \/>\n<script type=\"application\/ld+json\" class=\"yoast-schema-graph\">{\"@context\":\"https:\\\/\\\/schema.org\",\"@graph\":[{\"@type\":\"Article\",\"@id\":\"https:\\\/\\\/buletin.de\\\/bucuresti\\\/nicusor-dan-vrea-sa-organizeze-doua-centre-de-vaccinare-in-circul-metropolitan\\\/#article\",\"isPartOf\":{\"@id\":\"https:\\\/\\\/buletin.de\\\/bucuresti\\\/nicusor-dan-vrea-sa-organizeze-doua-centre-de-vaccinare-in-circul-metropolitan\\\/\"},\"author\":{\"name\":\"Bianca Albu\",\"@id\":\"https:\\\/\\\/buletin.de\\\/bucuresti\\\/#\\\/schema\\\/person\\\/295dc2228d2dc79294d636619468dc7f\"},\"headline\":\"Nicu\u0219or Dan vrea s\u0103 organizeze dou\u0103 centre de vaccinare \u00een Circul Metropolitan\",\"datePublished\":\"2021-01-29T10:04:11+00:00\",\"dateModified\":\"2021-02-05T09:48:40+00:00\",\"mainEntityOfPage\":{\"@id\":\"https:\\\/\\\/buletin.de\\\/bucuresti\\\/nicusor-dan-vrea-sa-organizeze-doua-centre-de-vaccinare-in-circul-metropolitan\\\/\"},\"wordCount\":94,\"publisher\":{\"@id\":\"https:\\\/\\\/buletin.de\\\/bucuresti\\\/#organization\"},\"image\":{\"@id\":\"https:\\\/\\\/buletin.de\\\/bucuresti\\\/nicusor-dan-vrea-sa-organizeze-doua-centre-de-vaccinare-in-circul-metropolitan\\\/#primaryimage\"},\"thumbnailUrl\":\"https:\\\/\\\/buletin.de\\\/bucuresti\\\/wp-content\\\/uploads\\\/image-449.png\",\"keywords\":[\"bucuresti\",\"centru de vaccinare\",\"vaccin anticovid\"],\"articleSection\":[\"Covid-19\",\"Prim\u0103rie\",\"S\u0103n\u0103tate\",\"\u0218tiri\"],\"inLanguage\":\"en-GB\",\"copyrightYear\":\"2021\",\"copyrightHolder\":{\"@id\":\"https:\\\/\\\/buletin.de\\\/bucuresti\\\/#organization\"}},{\"@type\":\"WebPage\",\"@id\":\"https:\\\/\\\/buletin.de\\\/bucuresti\\\/nicusor-dan-vrea-sa-organizeze-doua-centre-de-vaccinare-in-circul-metropolitan\\\/\",\"url\":\"https:\\\/\\\/buletin.de\\\/bucuresti\\\/nicusor-dan-vrea-sa-organizeze-doua-centre-de-vaccinare-in-circul-metropolitan\\\/\",\"name\":\"Nicu\u0219or Dan vrea s\u0103 organizeze dou\u0103 centre de vaccinare \u00een Circul Metropolitan - Buletin de Bucure\u0219ti\",\"isPartOf\":{\"@id\":\"https:\\\/\\\/buletin.de\\\/bucuresti\\\/#website\"},\"primaryImageOfPage\":{\"@id\":\"https:\\\/\\\/buletin.de\\\/bucuresti\\\/nicusor-dan-vrea-sa-organizeze-doua-centre-de-vaccinare-in-circul-metropolitan\\\/#primaryimage\"},\"image\":{\"@id\":\"https:\\\/\\\/buletin.de\\\/bucuresti\\\/nicusor-dan-vrea-sa-organizeze-doua-centre-de-vaccinare-in-circul-metropolitan\\\/#primaryimage\"},\"thumbnailUrl\":\"https:\\\/\\\/buletin.de\\\/bucuresti\\\/wp-content\\\/uploads\\\/image-449.png\",\"datePublished\":\"2021-01-29T10:04:11+00:00\",\"dateModified\":\"2021-02-05T09:48:40+00:00\",\"breadcrumb\":{\"@id\":\"https:\\\/\\\/buletin.de\\\/bucuresti\\\/nicusor-dan-vrea-sa-organizeze-doua-centre-de-vaccinare-in-circul-metropolitan\\\/#breadcrumb\"},\"inLanguage\":\"en-GB\",\"potentialAction\":[{\"@type\":\"ReadAction\",\"target\":[\"https:\\\/\\\/buletin.de\\\/bucuresti\\\/nicusor-dan-vrea-sa-organizeze-doua-centre-de-vaccinare-in-circul-metropolitan\\\/\"]}]},{\"@type\":\"ImageObject\",\"inLanguage\":\"en-GB\",\"@id\":\"https:\\\/\\\/buletin.de\\\/bucuresti\\\/nicusor-dan-vrea-sa-organizeze-doua-centre-de-vaccinare-in-circul-metropolitan\\\/#primaryimage\",\"url\":\"https:\\\/\\\/buletin.de\\\/bucuresti\\\/wp-content\\\/uploads\\\/image-449.png\",\"contentUrl\":\"https:\\\/\\\/buletin.de\\\/bucuresti\\\/wp-content\\\/uploads\\\/image-449.png\",\"width\":1076,\"height\":804},{\"@type\":\"BreadcrumbList\",\"@id\":\"https:\\\/\\\/buletin.de\\\/bucuresti\\\/nicusor-dan-vrea-sa-organizeze-doua-centre-de-vaccinare-in-circul-metropolitan\\\/#breadcrumb\",\"itemListElement\":[{\"@type\":\"ListItem\",\"position\":1,\"name\":\"Acas\u0103\",\"item\":\"https:\\\/\\\/buletin.de\\\/bucuresti\\\/\"},{\"@type\":\"ListItem\",\"position\":2,\"name\":\"Nicu\u0219or Dan vrea s\u0103 organizeze dou\u0103 centre de vaccinare \u00een Circul Metropolitan\"}]},{\"@type\":\"WebSite\",\"@id\":\"https:\\\/\\\/buletin.de\\\/bucuresti\\\/#website\",\"url\":\"https:\\\/\\\/buletin.de\\\/bucuresti\\\/\",\"name\":\"Buletin de Bucure\u0219ti\",\"description\":\"\u0218tiri \u0219i investiga\u021bii esen\u021biale din capital\u0103\",\"publisher\":{\"@id\":\"https:\\\/\\\/buletin.de\\\/bucuresti\\\/#organization\"},\"potentialAction\":[{\"@type\":\"SearchAction\",\"target\":{\"@type\":\"EntryPoint\",\"urlTemplate\":\"https:\\\/\\\/buletin.de\\\/bucuresti\\\/?s={search_term_string}\"},\"query-input\":{\"@type\":\"PropertyValueSpecification\",\"valueRequired\":true,\"valueName\":\"search_term_string\"}}],\"inLanguage\":\"en-GB\"},{\"@type\":\"Organization\",\"@id\":\"https:\\\/\\\/buletin.de\\\/bucuresti\\\/#organization\",\"name\":\"Buletin de Bucure\u0219ti\",\"url\":\"https:\\\/\\\/buletin.de\\\/bucuresti\\\/\",\"logo\":{\"@type\":\"ImageObject\",\"inLanguage\":\"en-GB\",\"@id\":\"https:\\\/\\\/buletin.de\\\/bucuresti\\\/#\\\/schema\\\/logo\\\/image\\\/\",\"url\":\"https:\\\/\\\/buletin.de\\\/bucuresti\\\/wp-content\\\/uploads\\\/logo-bdb-full-wide-vernil-transparent.png\",\"contentUrl\":\"https:\\\/\\\/buletin.de\\\/bucuresti\\\/wp-content\\\/uploads\\\/logo-bdb-full-wide-vernil-transparent.png\",\"width\":1782,\"height\":626,\"caption\":\"Buletin de Bucure\u0219ti\"},\"image\":{\"@id\":\"https:\\\/\\\/buletin.de\\\/bucuresti\\\/#\\\/schema\\\/logo\\\/image\\\/\"},\"sameAs\":[\"https:\\\/\\\/www.facebook.com\\\/buletin.de.buc\",\"https:\\\/\\\/www.instagram.com\\\/buletinde.bucuresti\\\/\"]},{\"@type\":\"Person\",\"@id\":\"https:\\\/\\\/buletin.de\\\/bucuresti\\\/#\\\/schema\\\/person\\\/295dc2228d2dc79294d636619468dc7f\",\"name\":\"Bianca Albu\",\"image\":{\"@type\":\"ImageObject\",\"inLanguage\":\"en-GB\",\"@id\":\"https:\\\/\\\/secure.gravatar.com\\\/avatar\\\/3df2e34e20f529e6fd7be4311ee1f7c4ec4aa886971590baf6fa214b15743516?s=96&d=monsterid&r=gf541c715eeec409ce8101252a3c0d8a7\",\"url\":\"https:\\\/\\\/secure.gravatar.com\\\/avatar\\\/3df2e34e20f529e6fd7be4311ee1f7c4ec4aa886971590baf6fa214b15743516?s=96&d=monsterid&r=g\",\"contentUrl\":\"https:\\\/\\\/secure.gravatar.com\\\/avatar\\\/3df2e34e20f529e6fd7be4311ee1f7c4ec4aa886971590baf6fa214b15743516?s=96&d=monsterid&r=g\",\"caption\":\"Bianca Albu\"},\"description\":\"Reporter\",\"url\":\"https:\\\/\\\/buletin.de\\\/bucuresti\\\/author\\\/biancaalbu\\\/\"}]}<\/script>\n<!-- \/ Yoast SEO Premium plugin. -->","yoast_head_json":{"title":"Nicu\u0219or Dan vrea s\u0103 organizeze dou\u0103 centre de vaccinare \u00een Circul Metropolitan - Buletin de Bucure\u0219ti","robots":{"index":"index","follow":"follow","max-snippet":"max-snippet:-1","max-image-preview":"max-image-preview:large","max-video-preview":"max-video-preview:-1"},"canonical":"https:\/\/buletin.de\/bucuresti\/nicusor-dan-vrea-sa-organizeze-doua-centre-de-vaccinare-in-circul-metropolitan\/","og_locale":"en_GB","og_type":"article","og_title":"Nicu\u0219or Dan vrea s\u0103 organizeze dou\u0103 centre de vaccinare \u00een Circul Metropolitan","og_description":"Un proiect de pe ordinea de zi suplimentar\u0103 propune organizarea a dou\u0103 centre de vaccinare anti-Covid \u00een cadrul Circului Metropolitan Bucure\u0219ti. Consiliul General al Municipiului Bucure\u0219ti va vota proiectul \u00een \u0219edin\u021ba de ast\u0103zi. Func\u021bionarea centrelor de vaccinare va fi asigurat\u0103 de Administra\u021bia Spitalelor \u0219i Serviciilor Medicale Bucure\u0219ti, scrie \u00een proiectul de hot\u0103r\u00e2re. Schimbarea temporar\u0103 a [&hellip;]","og_url":"https:\/\/buletin.de\/bucuresti\/nicusor-dan-vrea-sa-organizeze-doua-centre-de-vaccinare-in-circul-metropolitan\/","og_site_name":"Buletin de Bucure\u0219ti","article_publisher":"https:\/\/www.facebook.com\/buletin.de.buc","article_published_time":"2021-01-29T10:04:11+00:00","article_modified_time":"2021-02-05T09:48:40+00:00","og_image":[{"width":1076,"height":804,"url":"https:\/\/buletin.de\/bucuresti\/wp-content\/uploads\/image-449.png","type":"image\/png"}],"author":"Bianca Albu","twitter_card":"summary_large_image","twitter_misc":{"Written by":"Bianca Albu"},"schema":{"@context":"https:\/\/schema.org","@graph":[{"@type":"Article","@id":"https:\/\/buletin.de\/bucuresti\/nicusor-dan-vrea-sa-organizeze-doua-centre-de-vaccinare-in-circul-metropolitan\/#article","isPartOf":{"@id":"https:\/\/buletin.de\/bucuresti\/nicusor-dan-vrea-sa-organizeze-doua-centre-de-vaccinare-in-circul-metropolitan\/"},"author":{"name":"Bianca Albu","@id":"https:\/\/buletin.de\/bucuresti\/#\/schema\/person\/295dc2228d2dc79294d636619468dc7f"},"headline":"Nicu\u0219or Dan vrea s\u0103 organizeze dou\u0103 centre de vaccinare \u00een Circul Metropolitan","datePublished":"2021-01-29T10:04:11+00:00","dateModified":"2021-02-05T09:48:40+00:00","mainEntityOfPage":{"@id":"https:\/\/buletin.de\/bucuresti\/nicusor-dan-vrea-sa-organizeze-doua-centre-de-vaccinare-in-circul-metropolitan\/"},"wordCount":94,"publisher":{"@id":"https:\/\/buletin.de\/bucuresti\/#organization"},"image":{"@id":"https:\/\/buletin.de\/bucuresti\/nicusor-dan-vrea-sa-organizeze-doua-centre-de-vaccinare-in-circul-metropolitan\/#primaryimage"},"thumbnailUrl":"https:\/\/buletin.de\/bucuresti\/wp-content\/uploads\/image-449.png","keywords":["bucuresti","centru de vaccinare","vaccin anticovid"],"articleSection":["Covid-19","Prim\u0103rie","S\u0103n\u0103tate","\u0218tiri"],"inLanguage":"en-GB","copyrightYear":"2021","copyrightHolder":{"@id":"https:\/\/buletin.de\/bucuresti\/#organization"}},{"@type":"WebPage","@id":"https:\/\/buletin.de\/bucuresti\/nicusor-dan-vrea-sa-organizeze-doua-centre-de-vaccinare-in-circul-metropolitan\/","url":"https:\/\/buletin.de\/bucuresti\/nicusor-dan-vrea-sa-organizeze-doua-centre-de-vaccinare-in-circul-metropolitan\/","name":"Nicu\u0219or Dan vrea s\u0103 organizeze dou\u0103 centre de vaccinare \u00een Circul Metropolitan - Buletin de Bucure\u0219ti","isPartOf":{"@id":"https:\/\/buletin.de\/bucuresti\/#website"},"primaryImageOfPage":{"@id":"https:\/\/buletin.de\/bucuresti\/nicusor-dan-vrea-sa-organizeze-doua-centre-de-vaccinare-in-circul-metropolitan\/#primaryimage"},"image":{"@id":"https:\/\/buletin.de\/bucuresti\/nicusor-dan-vrea-sa-organizeze-doua-centre-de-vaccinare-in-circul-metropolitan\/#primaryimage"},"thumbnailUrl":"https:\/\/buletin.de\/bucuresti\/wp-content\/uploads\/image-449.png","datePublished":"2021-01-29T10:04:11+00:00","dateModified":"2021-02-05T09:48:40+00:00","breadcrumb":{"@id":"https:\/\/buletin.de\/bucuresti\/nicusor-dan-vrea-sa-organizeze-doua-centre-de-vaccinare-in-circul-metropolitan\/#breadcrumb"},"inLanguage":"en-GB","potentialAction":[{"@type":"ReadAction","target":["https:\/\/buletin.de\/bucuresti\/nicusor-dan-vrea-sa-organizeze-doua-centre-de-vaccinare-in-circul-metropolitan\/"]}]},{"@type":"ImageObject","inLanguage":"en-GB","@id":"https:\/\/buletin.de\/bucuresti\/nicusor-dan-vrea-sa-organizeze-doua-centre-de-vaccinare-in-circul-metropolitan\/#primaryimage","url":"https:\/\/buletin.de\/bucuresti\/wp-content\/uploads\/image-449.png","contentUrl":"https:\/\/buletin.de\/bucuresti\/wp-content\/uploads\/image-449.png","width":1076,"height":804},{"@type":"BreadcrumbList","@id":"https:\/\/buletin.de\/bucuresti\/nicusor-dan-vrea-sa-organizeze-doua-centre-de-vaccinare-in-circul-metropolitan\/#breadcrumb","itemListElement":[{"@type":"ListItem","position":1,"name":"Acas\u0103","item":"https:\/\/buletin.de\/bucuresti\/"},{"@type":"ListItem","position":2,"name":"Nicu\u0219or Dan vrea s\u0103 organizeze dou\u0103 centre de vaccinare \u00een Circul Metropolitan"}]},{"@type":"WebSite","@id":"https:\/\/buletin.de\/bucuresti\/#website","url":"https:\/\/buletin.de\/bucuresti\/","name":"Buletin de Bucure\u0219ti","description":"\u0218tiri \u0219i investiga\u021bii esen\u021biale din capital\u0103","publisher":{"@id":"https:\/\/buletin.de\/bucuresti\/#organization"},"potentialAction":[{"@type":"SearchAction","target":{"@type":"EntryPoint","urlTemplate":"https:\/\/buletin.de\/bucuresti\/?s={search_term_string}"},"query-input":{"@type":"PropertyValueSpecification","valueRequired":true,"valueName":"search_term_string"}}],"inLanguage":"en-GB"},{"@type":"Organization","@id":"https:\/\/buletin.de\/bucuresti\/#organization","name":"Buletin de Bucure\u0219ti","url":"https:\/\/buletin.de\/bucuresti\/","logo":{"@type":"ImageObject","inLanguage":"en-GB","@id":"https:\/\/buletin.de\/bucuresti\/#\/schema\/logo\/image\/","url":"https:\/\/buletin.de\/bucuresti\/wp-content\/uploads\/logo-bdb-full-wide-vernil-transparent.png","contentUrl":"https:\/\/buletin.de\/bucuresti\/wp-content\/uploads\/logo-bdb-full-wide-vernil-transparent.png","width":1782,"height":626,"caption":"Buletin de Bucure\u0219ti"},"image":{"@id":"https:\/\/buletin.de\/bucuresti\/#\/schema\/logo\/image\/"},"sameAs":["https:\/\/www.facebook.com\/buletin.de.buc","https:\/\/www.instagram.com\/buletinde.bucuresti\/"]},{"@type":"Person","@id":"https:\/\/buletin.de\/bucuresti\/#\/schema\/person\/295dc2228d2dc79294d636619468dc7f","name":"Bianca Albu","image":{"@type":"ImageObject","inLanguage":"en-GB","@id":"https:\/\/secure.gravatar.com\/avatar\/3df2e34e20f529e6fd7be4311ee1f7c4ec4aa886971590baf6fa214b15743516?s=96&d=monsterid&r=gf541c715eeec409ce8101252a3c0d8a7","url":"https:\/\/secure.gravatar.com\/avatar\/3df2e34e20f529e6fd7be4311ee1f7c4ec4aa886971590baf6fa214b15743516?s=96&d=monsterid&r=g","contentUrl":"https:\/\/secure.gravatar.com\/avatar\/3df2e34e20f529e6fd7be4311ee1f7c4ec4aa886971590baf6fa214b15743516?s=96&d=monsterid&r=g","caption":"Bianca Albu"},"description":"Reporter","url":"https:\/\/buletin.de\/bucuresti\/author\/biancaalbu\/"}]}},"authors":[{"term_id":22588,"user_id":6,"is_guest":0,"slug":"biancaalbu","display_name":"Bianca Albu","avatar_url":"https:\/\/secure.gravatar.com\/avatar\/3df2e34e20f529e6fd7be4311ee1f7c4ec4aa886971590baf6fa214b15743516?s=96&d=monsterid&r=g","0":null,"1":"","2":"","3":"","4":"","5":"","6":"","7":"","8":""}],"_links":{"self":[{"href":"https:\/\/buletin.de\/bucuresti\/wp-json\/wp\/v2\/posts\/19000","targetHints":{"allow":["GET"]}}],"collection":[{"href":"https:\/\/buletin.de\/bucuresti\/wp-json\/wp\/v2\/posts"}],"about":[{"href":"https:\/\/buletin.de\/bucuresti\/wp-json\/wp\/v2\/types\/post"}],"author":[{"embeddable":true,"href":"https:\/\/buletin.de\/bucuresti\/wp-json\/wp\/v2\/users\/6"}],"replies":[{"embeddable":true,"href":"https:\/\/buletin.de\/bucuresti\/wp-json\/wp\/v2\/comments?post=19000"}],"version-history":[{"count":1,"href":"https:\/\/buletin.de\/bucuresti\/wp-json\/wp\/v2\/posts\/19000\/revisions"}],"predecessor-version":[{"id":19005,"href":"https:\/\/buletin.de\/bucuresti\/wp-json\/wp\/v2\/posts\/19000\/revisions\/19005"}],"wp:featuredmedia":[{"embeddable":true,"href":"https:\/\/buletin.de\/bucuresti\/wp-json\/wp\/v2\/media\/19002"}],"wp:attachment":[{"href":"https:\/\/buletin.de\/bucuresti\/wp-json\/wp\/v2\/media?parent=19000"}],"wp:term":[{"taxonomy":"category","embeddable":true,"href":"https:\/\/buletin.de\/bucuresti\/wp-json\/wp\/v2\/categories?post=19000"},{"taxonomy":"post_tag","embeddable":true,"href":"https:\/\/buletin.de\/bucuresti\/wp-json\/wp\/v2\/tags?post=19000"},{"taxonomy":"author","embeddable":true,"href":"https:\/\/buletin.de\/bucuresti\/wp-json\/wp\/v2\/ppma_author?post=19000"}],"curies":[{"name":"wp","href":"https:\/\/api.w.org\/{rel}","templated":true}]}}