{"id":189930,"date":"2026-04-28T14:49:05","date_gmt":"2026-04-28T11:49:05","guid":{"rendered":"https:\/\/buletin.de\/bucuresti\/?p=189930"},"modified":"2026-04-28T15:28:33","modified_gmt":"2026-04-28T12:28:33","slug":"verificari-la-un-cabinet-din-bucuresti-dupa-ce-o-femeie-a-intrat-in-coma-si-a-murit-ministerul-sanatatii-a-trimis-inspectia-sanitara-in-control","status":"publish","type":"post","link":"https:\/\/buletin.de\/bucuresti\/verificari-la-un-cabinet-din-bucuresti-dupa-ce-o-femeie-a-intrat-in-coma-si-a-murit-ministerul-sanatatii-a-trimis-inspectia-sanitara-in-control\/","title":{"rendered":"Ministerul S\u0103n\u0103t\u0103\u021bii verific\u0103 un cabinet de chirurgie estetic\u0103 din Bucure\u0219ti, dup\u0103 ce o femeie a intrat \u00een com\u0103 \u0219i a murit"},"content":{"rendered":"\n<p><strong>Inspec\u021bia Sanitar\u0103 a fost trimis\u0103 \u00een control la un cabinet medical din Bucure\u0219ti, dup\u0103 ce o pacient\u0103 a decedat \u00een urma unei proceduri realizate \u00een cadrul acestuia. Controlul a fost ini\u021biat de c\u0103tre ministrul interimar al S\u0103n\u0103t\u0103\u021bii, \u200bCseke Attila, conform unui <a href=\"https:\/\/www.ms.ro\/ro\/\" target=\"_blank\" rel=\"noreferrer noopener\">comunicat<\/a> al Ministerului S\u0103n\u0103t\u0103\u021bii. <\/strong><\/p>\n\n\n\n<p>Pacientei i-a fost realizat\u0103 o procedur\u0103 estetic\u0103, \u00een urma c\u0103reia aceasta a intrat \u00een com\u0103 cerebral\u0103, iar mai apoi a murit. <\/p>\n\n\n\n<h2 class=\"wp-block-heading\" id=\"h-cabinetul-medical-era-inchis\">Cabinetul medical era \u00eenchis<\/h2>\n\n\n\n<p>Echipa de control s-a deplasat la adresa cabinetului medical, \u00eens\u0103 inspectori sanitari au constatat c\u0103 acesta era \u00eenchis. Din acest motiv, verific\u0103rile nu au putut fi demarate. Ministerul S\u0103n\u0103t\u0103\u021bii a mai informat \u0219i c\u0103, \u00een m\u0103sura \u00een care accesul \u00een incint\u0103 va fi permis, inspectorii urmeaz\u0103 s\u0103 verifice urm\u0103toarele: <\/p>\n\n\n\n<ul class=\"wp-block-list\">\n<li>Dac\u0103 respectivul cabinet respecta autoriza\u021bia sanitar\u0103 de func\u021bionare, <\/li>\n\n\n\n<li>\u200bRespectarea circuitelor medicale,<\/li>\n\n\n\n<li>Dac\u0103 \u00een incint\u0103 erau respectate condi\u021biile igienico-sanitare, conform atribu\u021biilor legale.<\/li>\n<\/ul>\n\n\n\n<p>Ministerul S\u0103n\u0103t\u0103\u021bii a mai informat \u0219i c\u0103 vor fi continuate toate demersurile necesare pentru efectuarea acestui control. Ulterior verific\u0103rilor efectuate de Inspec\u021bia<strong> <\/strong>Sanitar\u0103, rezultatele urmeaz\u0103 s\u0103 fie f\u0103cute publice de c\u0103tre structura specializat\u0103 a Ministerului.<\/p>\n\n\n\n<p><strong>CITE\u0218TE \u0218I <a href=\"https:\/\/buletin.de\/bucuresti\/sindicalistii-de-la-federatia-sindicala-nationala-meridian-blocheaza-piata-victoriei-protestul-este-organizat-de-ziua-mondiala-a-sigurantei-si-sanatatii-la-locul-de-munca\/\" type=\"post\" id=\"189777\">Federa\u0163ia Sindical\u0103 Na\u021bional\u0103 Meridian blocheaz\u0103 Pia\u021ba Victoriei. Protestul, de Ziua Mondial\u0103 a Siguran\u021bei \u0219i S\u0103n\u0103t\u0103\u021bii la Locul de Munc\u0103<\/a><\/strong><\/p>\n\n\n\n<h2 class=\"wp-block-heading\" id=\"h-pacienta-a-murit-dupa-un-lifting-facial\">Pacienta a murit dup\u0103 un lifting facial<\/h2>\n\n\n\n<p>Femeia \u00een v\u00e2rst\u0103 de 45 de ani a venit la cabinetul din Bucure\u0219ti din R\u00e2mnicu V\u00e2lcea, pentru realizarea unui lifting facial, o procedur\u0103 estetic\u0103 comun\u0103. Cu toate astea, \u00een timpul procedurii ceva nu a mers bine, iar medicul a chemat o ambulan\u021b\u0103, conform <a href=\"https:\/\/observatornews.ro\/sanatate\/acuzatii-pentru-un-medic-din-capitala-o-femeie-a-ajuns-in-in-moarte-cerebrala-dupa-o-interventie-banala-652715.html\" target=\"_blank\" rel=\"noreferrer noopener\">ObservatorNews.ro<\/a>.<\/p>\n\n\n\n<p>Astfel, pacienta a fost transportat\u0103 la Spitalul de Urgen\u021b\u0103 Floreasca, fiind \u00eenc\u0103 con\u0219tient\u0103. Conform sursei citate, dup\u0103 efectuarea unui CT, medicii au descoperit o s\u00e2ngerare \u00een cutia cranian\u0103, provocat\u0103 cel mai probabil de ruperea unui vas de s\u00e2nge.<\/p>\n\n\n\n<p>Ulterior, femeia a fost transferat\u0103 de urgen\u021b\u0103 la Institutul de Boli Cerebrovasculare. Din nefericire, starea pacientei s-a agravat. A intrat \u00een com\u0103 cerebral\u0103, iar dup\u0103 mai multe zile \u00een care a fost \u021binut\u0103 \u00een via\u021b\u0103 de aparate, femeia a decedat. <\/p>\n\n\n\n<p><strong>CITE\u0218TE \u0218I <a href=\"https:\/\/buletin.de\/bucuresti\/amenzi-de-peste-17-000-de-euro-dupa-meciul-de-fotbal-dinamo-rapid-suporterii-dinamovisti-au-afisat-mesaje-rasiste\/\" type=\"post\" id=\"189655\">Amenzi de peste 17.000 de euro, dup\u0103 meciul de fotbal Dinamo-Rapid. Suporterii dinamovi\u0219ti au afi\u0219at mesaje rasiste<\/a><\/strong><\/p>\n","protected":false},"excerpt":{"rendered":"<p>Inspec\u021bia Sanitar\u0103 a fost trimis\u0103 \u00een control la un cabinet medical din Bucure\u0219ti, dup\u0103 ce o pacient\u0103 a decedat \u00een urma unei proceduri realizate \u00een cadrul acestuia. Controlul a fost ini\u021biat de c\u0103tre ministrul interimar al S\u0103n\u0103t\u0103\u021bii, \u200bCseke Attila, conform unui comunicat al Ministerului S\u0103n\u0103t\u0103\u021bii. Pacientei i-a fost realizat\u0103 o procedur\u0103 estetic\u0103, \u00een urma c\u0103reia [&hellip;]<\/p>\n","protected":false},"author":1,"featured_media":189939,"comment_status":"closed","ping_status":"open","sticky":false,"template":"","format":"standard","meta":{"_acf_changed":false,"inline_featured_image":false,"ngg_post_thumbnail":0,"footnotes":""},"categories":[6994,62],"tags":[13735,2337,8615,28018],"ppma_author":[22583],"class_list":["post-189930","post","type-post","status-publish","format-standard","has-post-thumbnail","hentry","category-stiri-2","category-stiri","tag-cabinet-medical","tag-control","tag-ministerul-sanatatii-4","tag-pacienta-decedata"],"acf":[],"yoast_head":"<!-- This site is optimized with the Yoast SEO Premium plugin v25.3 (Yoast SEO v27.4) - https:\/\/yoast.com\/product\/yoast-seo-premium-wordpress\/ -->\n<title>Ministerul S\u0103n\u0103t\u0103\u021bii verific\u0103 un cabinet de chirurgie estetic\u0103 din Bucure\u0219ti, dup\u0103 ce o femeie a intrat \u00een com\u0103 \u0219i a murit - Buletin de Bucure\u0219ti<\/title>\n<meta name=\"description\" content=\"Inspec\u021bia Sanitar\u0103, trimis\u0103 \u00een control la un cabinet medical din Bucure\u0219ti, dup\u0103 ce o pacient\u0103 a murit \u00een urma unei proceduri estetice.\" \/>\n<meta name=\"robots\" content=\"index, follow, max-snippet:-1, max-image-preview:large, max-video-preview:-1\" \/>\n<link rel=\"canonical\" href=\"https:\/\/buletin.de\/bucuresti\/verificari-la-un-cabinet-din-bucuresti-dupa-ce-o-femeie-a-intrat-in-coma-si-a-murit-ministerul-sanatatii-a-trimis-inspectia-sanitara-in-control\/\" \/>\n<meta property=\"og:locale\" content=\"en_GB\" \/>\n<meta property=\"og:type\" content=\"article\" \/>\n<meta property=\"og:title\" content=\"Ministerul S\u0103n\u0103t\u0103\u021bii verific\u0103 un cabinet de chirurgie estetic\u0103 din Bucure\u0219ti, dup\u0103 ce o femeie a intrat \u00een com\u0103 \u0219i a murit\" \/>\n<meta property=\"og:description\" content=\"Inspec\u021bia Sanitar\u0103, trimis\u0103 \u00een control la un cabinet medical din Bucure\u0219ti, dup\u0103 ce o pacient\u0103 a murit \u00een urma unei proceduri estetice.\" \/>\n<meta property=\"og:url\" content=\"https:\/\/buletin.de\/bucuresti\/verificari-la-un-cabinet-din-bucuresti-dupa-ce-o-femeie-a-intrat-in-coma-si-a-murit-ministerul-sanatatii-a-trimis-inspectia-sanitara-in-control\/\" \/>\n<meta property=\"og:site_name\" content=\"Buletin de Bucure\u0219ti\" \/>\n<meta property=\"article:publisher\" content=\"https:\/\/www.facebook.com\/buletin.de.buc\" \/>\n<meta property=\"article:published_time\" content=\"2026-04-28T11:49:05+00:00\" \/>\n<meta property=\"article:modified_time\" content=\"2026-04-28T12:28:33+00:00\" \/>\n<meta property=\"og:image\" content=\"https:\/\/buletin.de\/bucuresti\/wp-content\/uploads\/2026\/04\/ministerul-sanatatii.jpg\" \/>\n\t<meta property=\"og:image:width\" content=\"1290\" \/>\n\t<meta property=\"og:image:height\" content=\"678\" \/>\n\t<meta property=\"og:image:type\" content=\"image\/jpeg\" \/>\n<meta name=\"author\" content=\"Redac\u021bia Buletin de Bucure\u0219ti\" \/>\n<meta name=\"twitter:card\" content=\"summary_large_image\" \/>\n<meta name=\"twitter:label1\" content=\"Written by\" \/>\n\t<meta name=\"twitter:data1\" content=\"Redac\u021bia Buletin de Bucure\u0219ti\" \/>\n\t<meta name=\"twitter:label2\" content=\"Estimated reading time\" \/>\n\t<meta name=\"twitter:data2\" content=\"2 minutes\" \/>\n<script type=\"application\/ld+json\" class=\"yoast-schema-graph\">{\"@context\":\"https:\\\/\\\/schema.org\",\"@graph\":[{\"@type\":\"Article\",\"@id\":\"https:\\\/\\\/buletin.de\\\/bucuresti\\\/verificari-la-un-cabinet-din-bucuresti-dupa-ce-o-femeie-a-intrat-in-coma-si-a-murit-ministerul-sanatatii-a-trimis-inspectia-sanitara-in-control\\\/#article\",\"isPartOf\":{\"@id\":\"https:\\\/\\\/buletin.de\\\/bucuresti\\\/verificari-la-un-cabinet-din-bucuresti-dupa-ce-o-femeie-a-intrat-in-coma-si-a-murit-ministerul-sanatatii-a-trimis-inspectia-sanitara-in-control\\\/\"},\"author\":{\"name\":\"Redac\u021bia Buletin de Bucure\u0219ti\",\"@id\":\"https:\\\/\\\/buletin.de\\\/bucuresti\\\/#\\\/schema\\\/person\\\/2bbcf854e5f2419a13804af574d06ab1\"},\"headline\":\"Ministerul S\u0103n\u0103t\u0103\u021bii verific\u0103 un cabinet de chirurgie estetic\u0103 din Bucure\u0219ti, dup\u0103 ce o femeie a intrat \u00een com\u0103 \u0219i a murit\",\"datePublished\":\"2026-04-28T11:49:05+00:00\",\"dateModified\":\"2026-04-28T12:28:33+00:00\",\"mainEntityOfPage\":{\"@id\":\"https:\\\/\\\/buletin.de\\\/bucuresti\\\/verificari-la-un-cabinet-din-bucuresti-dupa-ce-o-femeie-a-intrat-in-coma-si-a-murit-ministerul-sanatatii-a-trimis-inspectia-sanitara-in-control\\\/\"},\"wordCount\":414,\"publisher\":{\"@id\":\"https:\\\/\\\/buletin.de\\\/bucuresti\\\/#organization\"},\"image\":{\"@id\":\"https:\\\/\\\/buletin.de\\\/bucuresti\\\/verificari-la-un-cabinet-din-bucuresti-dupa-ce-o-femeie-a-intrat-in-coma-si-a-murit-ministerul-sanatatii-a-trimis-inspectia-sanitara-in-control\\\/#primaryimage\"},\"thumbnailUrl\":\"https:\\\/\\\/buletin.de\\\/bucuresti\\\/wp-content\\\/uploads\\\/2026\\\/04\\\/ministerul-sanatatii.jpg\",\"keywords\":[\"cabinet medical\",\"control\",\"Ministerul S\u0103n\u0103t\u0103\u021bii\",\"pacient\u0103 decedat\u0103\"],\"articleSection\":[\"Articole\",\"\u0218tiri\"],\"inLanguage\":\"en-GB\",\"copyrightYear\":\"2026\",\"copyrightHolder\":{\"@id\":\"https:\\\/\\\/buletin.de\\\/bucuresti\\\/#organization\"}},{\"@type\":\"WebPage\",\"@id\":\"https:\\\/\\\/buletin.de\\\/bucuresti\\\/verificari-la-un-cabinet-din-bucuresti-dupa-ce-o-femeie-a-intrat-in-coma-si-a-murit-ministerul-sanatatii-a-trimis-inspectia-sanitara-in-control\\\/\",\"url\":\"https:\\\/\\\/buletin.de\\\/bucuresti\\\/verificari-la-un-cabinet-din-bucuresti-dupa-ce-o-femeie-a-intrat-in-coma-si-a-murit-ministerul-sanatatii-a-trimis-inspectia-sanitara-in-control\\\/\",\"name\":\"Ministerul S\u0103n\u0103t\u0103\u021bii verific\u0103 un cabinet de chirurgie estetic\u0103 din Bucure\u0219ti, dup\u0103 ce o femeie a intrat \u00een com\u0103 \u0219i a murit - Buletin de Bucure\u0219ti\",\"isPartOf\":{\"@id\":\"https:\\\/\\\/buletin.de\\\/bucuresti\\\/#website\"},\"primaryImageOfPage\":{\"@id\":\"https:\\\/\\\/buletin.de\\\/bucuresti\\\/verificari-la-un-cabinet-din-bucuresti-dupa-ce-o-femeie-a-intrat-in-coma-si-a-murit-ministerul-sanatatii-a-trimis-inspectia-sanitara-in-control\\\/#primaryimage\"},\"image\":{\"@id\":\"https:\\\/\\\/buletin.de\\\/bucuresti\\\/verificari-la-un-cabinet-din-bucuresti-dupa-ce-o-femeie-a-intrat-in-coma-si-a-murit-ministerul-sanatatii-a-trimis-inspectia-sanitara-in-control\\\/#primaryimage\"},\"thumbnailUrl\":\"https:\\\/\\\/buletin.de\\\/bucuresti\\\/wp-content\\\/uploads\\\/2026\\\/04\\\/ministerul-sanatatii.jpg\",\"datePublished\":\"2026-04-28T11:49:05+00:00\",\"dateModified\":\"2026-04-28T12:28:33+00:00\",\"description\":\"Inspec\u021bia Sanitar\u0103, trimis\u0103 \u00een control la un cabinet medical din Bucure\u0219ti, dup\u0103 ce o pacient\u0103 a murit \u00een urma unei proceduri estetice.\",\"breadcrumb\":{\"@id\":\"https:\\\/\\\/buletin.de\\\/bucuresti\\\/verificari-la-un-cabinet-din-bucuresti-dupa-ce-o-femeie-a-intrat-in-coma-si-a-murit-ministerul-sanatatii-a-trimis-inspectia-sanitara-in-control\\\/#breadcrumb\"},\"inLanguage\":\"en-GB\",\"potentialAction\":[{\"@type\":\"ReadAction\",\"target\":[\"https:\\\/\\\/buletin.de\\\/bucuresti\\\/verificari-la-un-cabinet-din-bucuresti-dupa-ce-o-femeie-a-intrat-in-coma-si-a-murit-ministerul-sanatatii-a-trimis-inspectia-sanitara-in-control\\\/\"]}]},{\"@type\":\"ImageObject\",\"inLanguage\":\"en-GB\",\"@id\":\"https:\\\/\\\/buletin.de\\\/bucuresti\\\/verificari-la-un-cabinet-din-bucuresti-dupa-ce-o-femeie-a-intrat-in-coma-si-a-murit-ministerul-sanatatii-a-trimis-inspectia-sanitara-in-control\\\/#primaryimage\",\"url\":\"https:\\\/\\\/buletin.de\\\/bucuresti\\\/wp-content\\\/uploads\\\/2026\\\/04\\\/ministerul-sanatatii.jpg\",\"contentUrl\":\"https:\\\/\\\/buletin.de\\\/bucuresti\\\/wp-content\\\/uploads\\\/2026\\\/04\\\/ministerul-sanatatii.jpg\",\"width\":1290,\"height\":678,\"caption\":\"Ministerul S\u0103n\u0103t\u0103\u021bii verific\u0103 un cabinet de chirurgie estetic\u0103 din Bucure\u0219ti, dup\u0103 ce o femeie a intrat \u00een com\u0103 \u0219i a murit. FOTO: Ministerul S\u0103n\u0103t\u0103\u0163ii - Rom\u00e2nia\\\/FB\"},{\"@type\":\"BreadcrumbList\",\"@id\":\"https:\\\/\\\/buletin.de\\\/bucuresti\\\/verificari-la-un-cabinet-din-bucuresti-dupa-ce-o-femeie-a-intrat-in-coma-si-a-murit-ministerul-sanatatii-a-trimis-inspectia-sanitara-in-control\\\/#breadcrumb\",\"itemListElement\":[{\"@type\":\"ListItem\",\"position\":1,\"name\":\"Acas\u0103\",\"item\":\"https:\\\/\\\/buletin.de\\\/bucuresti\\\/\"},{\"@type\":\"ListItem\",\"position\":2,\"name\":\"Ministerul S\u0103n\u0103t\u0103\u021bii verific\u0103 un cabinet de chirurgie estetic\u0103 din Bucure\u0219ti, dup\u0103 ce o femeie a intrat \u00een com\u0103 \u0219i a murit\"}]},{\"@type\":\"WebSite\",\"@id\":\"https:\\\/\\\/buletin.de\\\/bucuresti\\\/#website\",\"url\":\"https:\\\/\\\/buletin.de\\\/bucuresti\\\/\",\"name\":\"Buletin de Bucure\u0219ti\",\"description\":\"\u0218tiri \u0219i investiga\u021bii esen\u021biale din capital\u0103\",\"publisher\":{\"@id\":\"https:\\\/\\\/buletin.de\\\/bucuresti\\\/#organization\"},\"potentialAction\":[{\"@type\":\"SearchAction\",\"target\":{\"@type\":\"EntryPoint\",\"urlTemplate\":\"https:\\\/\\\/buletin.de\\\/bucuresti\\\/?s={search_term_string}\"},\"query-input\":{\"@type\":\"PropertyValueSpecification\",\"valueRequired\":true,\"valueName\":\"search_term_string\"}}],\"inLanguage\":\"en-GB\"},{\"@type\":\"Organization\",\"@id\":\"https:\\\/\\\/buletin.de\\\/bucuresti\\\/#organization\",\"name\":\"Buletin de Bucure\u0219ti\",\"url\":\"https:\\\/\\\/buletin.de\\\/bucuresti\\\/\",\"logo\":{\"@type\":\"ImageObject\",\"inLanguage\":\"en-GB\",\"@id\":\"https:\\\/\\\/buletin.de\\\/bucuresti\\\/#\\\/schema\\\/logo\\\/image\\\/\",\"url\":\"https:\\\/\\\/buletin.de\\\/bucuresti\\\/wp-content\\\/uploads\\\/logo-bdb-full-wide-vernil-transparent.png\",\"contentUrl\":\"https:\\\/\\\/buletin.de\\\/bucuresti\\\/wp-content\\\/uploads\\\/logo-bdb-full-wide-vernil-transparent.png\",\"width\":1782,\"height\":626,\"caption\":\"Buletin de Bucure\u0219ti\"},\"image\":{\"@id\":\"https:\\\/\\\/buletin.de\\\/bucuresti\\\/#\\\/schema\\\/logo\\\/image\\\/\"},\"sameAs\":[\"https:\\\/\\\/www.facebook.com\\\/buletin.de.buc\",\"https:\\\/\\\/www.instagram.com\\\/buletinde.bucuresti\\\/\"]},{\"@type\":\"Person\",\"@id\":\"https:\\\/\\\/buletin.de\\\/bucuresti\\\/#\\\/schema\\\/person\\\/2bbcf854e5f2419a13804af574d06ab1\",\"name\":\"Redac\u021bia Buletin de Bucure\u0219ti\",\"image\":{\"@type\":\"ImageObject\",\"inLanguage\":\"en-GB\",\"@id\":\"https:\\\/\\\/secure.gravatar.com\\\/avatar\\\/18c5342381ed1a08620e6280424e3e5efc958618f5d67c522c9e44c1bc6f9226?s=96&d=monsterid&r=g60c7cd0ad92c68c049fcd4bb3504d609\",\"url\":\"https:\\\/\\\/secure.gravatar.com\\\/avatar\\\/18c5342381ed1a08620e6280424e3e5efc958618f5d67c522c9e44c1bc6f9226?s=96&d=monsterid&r=g\",\"contentUrl\":\"https:\\\/\\\/secure.gravatar.com\\\/avatar\\\/18c5342381ed1a08620e6280424e3e5efc958618f5d67c522c9e44c1bc6f9226?s=96&d=monsterid&r=g\",\"caption\":\"Redac\u021bia Buletin de Bucure\u0219ti\"},\"description\":\"Buletin de Bucure\u0219ti exist\u0103 din vara anului 2019.\",\"url\":\"https:\\\/\\\/buletin.de\\\/bucuresti\\\/author\\\/adminbuletin\\\/\"}]}<\/script>\n<!-- \/ Yoast SEO Premium plugin. -->","yoast_head_json":{"title":"Ministerul S\u0103n\u0103t\u0103\u021bii verific\u0103 un cabinet de chirurgie estetic\u0103 din Bucure\u0219ti, dup\u0103 ce o femeie a intrat \u00een com\u0103 \u0219i a murit - Buletin de Bucure\u0219ti","description":"Inspec\u021bia Sanitar\u0103, trimis\u0103 \u00een control la un cabinet medical din Bucure\u0219ti, dup\u0103 ce o pacient\u0103 a murit \u00een urma unei proceduri estetice.","robots":{"index":"index","follow":"follow","max-snippet":"max-snippet:-1","max-image-preview":"max-image-preview:large","max-video-preview":"max-video-preview:-1"},"canonical":"https:\/\/buletin.de\/bucuresti\/verificari-la-un-cabinet-din-bucuresti-dupa-ce-o-femeie-a-intrat-in-coma-si-a-murit-ministerul-sanatatii-a-trimis-inspectia-sanitara-in-control\/","og_locale":"en_GB","og_type":"article","og_title":"Ministerul S\u0103n\u0103t\u0103\u021bii verific\u0103 un cabinet de chirurgie estetic\u0103 din Bucure\u0219ti, dup\u0103 ce o femeie a intrat \u00een com\u0103 \u0219i a murit","og_description":"Inspec\u021bia Sanitar\u0103, trimis\u0103 \u00een control la un cabinet medical din Bucure\u0219ti, dup\u0103 ce o pacient\u0103 a murit \u00een urma unei proceduri estetice.","og_url":"https:\/\/buletin.de\/bucuresti\/verificari-la-un-cabinet-din-bucuresti-dupa-ce-o-femeie-a-intrat-in-coma-si-a-murit-ministerul-sanatatii-a-trimis-inspectia-sanitara-in-control\/","og_site_name":"Buletin de Bucure\u0219ti","article_publisher":"https:\/\/www.facebook.com\/buletin.de.buc","article_published_time":"2026-04-28T11:49:05+00:00","article_modified_time":"2026-04-28T12:28:33+00:00","og_image":[{"width":1290,"height":678,"url":"https:\/\/buletin.de\/bucuresti\/wp-content\/uploads\/2026\/04\/ministerul-sanatatii.jpg","type":"image\/jpeg"}],"author":"Redac\u021bia Buletin de Bucure\u0219ti","twitter_card":"summary_large_image","twitter_misc":{"Written by":"Redac\u021bia Buletin de Bucure\u0219ti","Estimated reading time":"2 minutes"},"schema":{"@context":"https:\/\/schema.org","@graph":[{"@type":"Article","@id":"https:\/\/buletin.de\/bucuresti\/verificari-la-un-cabinet-din-bucuresti-dupa-ce-o-femeie-a-intrat-in-coma-si-a-murit-ministerul-sanatatii-a-trimis-inspectia-sanitara-in-control\/#article","isPartOf":{"@id":"https:\/\/buletin.de\/bucuresti\/verificari-la-un-cabinet-din-bucuresti-dupa-ce-o-femeie-a-intrat-in-coma-si-a-murit-ministerul-sanatatii-a-trimis-inspectia-sanitara-in-control\/"},"author":{"name":"Redac\u021bia Buletin de Bucure\u0219ti","@id":"https:\/\/buletin.de\/bucuresti\/#\/schema\/person\/2bbcf854e5f2419a13804af574d06ab1"},"headline":"Ministerul S\u0103n\u0103t\u0103\u021bii verific\u0103 un cabinet de chirurgie estetic\u0103 din Bucure\u0219ti, dup\u0103 ce o femeie a intrat \u00een com\u0103 \u0219i a murit","datePublished":"2026-04-28T11:49:05+00:00","dateModified":"2026-04-28T12:28:33+00:00","mainEntityOfPage":{"@id":"https:\/\/buletin.de\/bucuresti\/verificari-la-un-cabinet-din-bucuresti-dupa-ce-o-femeie-a-intrat-in-coma-si-a-murit-ministerul-sanatatii-a-trimis-inspectia-sanitara-in-control\/"},"wordCount":414,"publisher":{"@id":"https:\/\/buletin.de\/bucuresti\/#organization"},"image":{"@id":"https:\/\/buletin.de\/bucuresti\/verificari-la-un-cabinet-din-bucuresti-dupa-ce-o-femeie-a-intrat-in-coma-si-a-murit-ministerul-sanatatii-a-trimis-inspectia-sanitara-in-control\/#primaryimage"},"thumbnailUrl":"https:\/\/buletin.de\/bucuresti\/wp-content\/uploads\/2026\/04\/ministerul-sanatatii.jpg","keywords":["cabinet medical","control","Ministerul S\u0103n\u0103t\u0103\u021bii","pacient\u0103 decedat\u0103"],"articleSection":["Articole","\u0218tiri"],"inLanguage":"en-GB","copyrightYear":"2026","copyrightHolder":{"@id":"https:\/\/buletin.de\/bucuresti\/#organization"}},{"@type":"WebPage","@id":"https:\/\/buletin.de\/bucuresti\/verificari-la-un-cabinet-din-bucuresti-dupa-ce-o-femeie-a-intrat-in-coma-si-a-murit-ministerul-sanatatii-a-trimis-inspectia-sanitara-in-control\/","url":"https:\/\/buletin.de\/bucuresti\/verificari-la-un-cabinet-din-bucuresti-dupa-ce-o-femeie-a-intrat-in-coma-si-a-murit-ministerul-sanatatii-a-trimis-inspectia-sanitara-in-control\/","name":"Ministerul S\u0103n\u0103t\u0103\u021bii verific\u0103 un cabinet de chirurgie estetic\u0103 din Bucure\u0219ti, dup\u0103 ce o femeie a intrat \u00een com\u0103 \u0219i a murit - Buletin de Bucure\u0219ti","isPartOf":{"@id":"https:\/\/buletin.de\/bucuresti\/#website"},"primaryImageOfPage":{"@id":"https:\/\/buletin.de\/bucuresti\/verificari-la-un-cabinet-din-bucuresti-dupa-ce-o-femeie-a-intrat-in-coma-si-a-murit-ministerul-sanatatii-a-trimis-inspectia-sanitara-in-control\/#primaryimage"},"image":{"@id":"https:\/\/buletin.de\/bucuresti\/verificari-la-un-cabinet-din-bucuresti-dupa-ce-o-femeie-a-intrat-in-coma-si-a-murit-ministerul-sanatatii-a-trimis-inspectia-sanitara-in-control\/#primaryimage"},"thumbnailUrl":"https:\/\/buletin.de\/bucuresti\/wp-content\/uploads\/2026\/04\/ministerul-sanatatii.jpg","datePublished":"2026-04-28T11:49:05+00:00","dateModified":"2026-04-28T12:28:33+00:00","description":"Inspec\u021bia Sanitar\u0103, trimis\u0103 \u00een control la un cabinet medical din Bucure\u0219ti, dup\u0103 ce o pacient\u0103 a murit \u00een urma unei proceduri estetice.","breadcrumb":{"@id":"https:\/\/buletin.de\/bucuresti\/verificari-la-un-cabinet-din-bucuresti-dupa-ce-o-femeie-a-intrat-in-coma-si-a-murit-ministerul-sanatatii-a-trimis-inspectia-sanitara-in-control\/#breadcrumb"},"inLanguage":"en-GB","potentialAction":[{"@type":"ReadAction","target":["https:\/\/buletin.de\/bucuresti\/verificari-la-un-cabinet-din-bucuresti-dupa-ce-o-femeie-a-intrat-in-coma-si-a-murit-ministerul-sanatatii-a-trimis-inspectia-sanitara-in-control\/"]}]},{"@type":"ImageObject","inLanguage":"en-GB","@id":"https:\/\/buletin.de\/bucuresti\/verificari-la-un-cabinet-din-bucuresti-dupa-ce-o-femeie-a-intrat-in-coma-si-a-murit-ministerul-sanatatii-a-trimis-inspectia-sanitara-in-control\/#primaryimage","url":"https:\/\/buletin.de\/bucuresti\/wp-content\/uploads\/2026\/04\/ministerul-sanatatii.jpg","contentUrl":"https:\/\/buletin.de\/bucuresti\/wp-content\/uploads\/2026\/04\/ministerul-sanatatii.jpg","width":1290,"height":678,"caption":"Ministerul S\u0103n\u0103t\u0103\u021bii verific\u0103 un cabinet de chirurgie estetic\u0103 din Bucure\u0219ti, dup\u0103 ce o femeie a intrat \u00een com\u0103 \u0219i a murit. FOTO: Ministerul S\u0103n\u0103t\u0103\u0163ii - Rom\u00e2nia\/FB"},{"@type":"BreadcrumbList","@id":"https:\/\/buletin.de\/bucuresti\/verificari-la-un-cabinet-din-bucuresti-dupa-ce-o-femeie-a-intrat-in-coma-si-a-murit-ministerul-sanatatii-a-trimis-inspectia-sanitara-in-control\/#breadcrumb","itemListElement":[{"@type":"ListItem","position":1,"name":"Acas\u0103","item":"https:\/\/buletin.de\/bucuresti\/"},{"@type":"ListItem","position":2,"name":"Ministerul S\u0103n\u0103t\u0103\u021bii verific\u0103 un cabinet de chirurgie estetic\u0103 din Bucure\u0219ti, dup\u0103 ce o femeie a intrat \u00een com\u0103 \u0219i a murit"}]},{"@type":"WebSite","@id":"https:\/\/buletin.de\/bucuresti\/#website","url":"https:\/\/buletin.de\/bucuresti\/","name":"Buletin de Bucure\u0219ti","description":"\u0218tiri \u0219i investiga\u021bii esen\u021biale din capital\u0103","publisher":{"@id":"https:\/\/buletin.de\/bucuresti\/#organization"},"potentialAction":[{"@type":"SearchAction","target":{"@type":"EntryPoint","urlTemplate":"https:\/\/buletin.de\/bucuresti\/?s={search_term_string}"},"query-input":{"@type":"PropertyValueSpecification","valueRequired":true,"valueName":"search_term_string"}}],"inLanguage":"en-GB"},{"@type":"Organization","@id":"https:\/\/buletin.de\/bucuresti\/#organization","name":"Buletin de Bucure\u0219ti","url":"https:\/\/buletin.de\/bucuresti\/","logo":{"@type":"ImageObject","inLanguage":"en-GB","@id":"https:\/\/buletin.de\/bucuresti\/#\/schema\/logo\/image\/","url":"https:\/\/buletin.de\/bucuresti\/wp-content\/uploads\/logo-bdb-full-wide-vernil-transparent.png","contentUrl":"https:\/\/buletin.de\/bucuresti\/wp-content\/uploads\/logo-bdb-full-wide-vernil-transparent.png","width":1782,"height":626,"caption":"Buletin de Bucure\u0219ti"},"image":{"@id":"https:\/\/buletin.de\/bucuresti\/#\/schema\/logo\/image\/"},"sameAs":["https:\/\/www.facebook.com\/buletin.de.buc","https:\/\/www.instagram.com\/buletinde.bucuresti\/"]},{"@type":"Person","@id":"https:\/\/buletin.de\/bucuresti\/#\/schema\/person\/2bbcf854e5f2419a13804af574d06ab1","name":"Redac\u021bia Buletin de Bucure\u0219ti","image":{"@type":"ImageObject","inLanguage":"en-GB","@id":"https:\/\/secure.gravatar.com\/avatar\/18c5342381ed1a08620e6280424e3e5efc958618f5d67c522c9e44c1bc6f9226?s=96&d=monsterid&r=g60c7cd0ad92c68c049fcd4bb3504d609","url":"https:\/\/secure.gravatar.com\/avatar\/18c5342381ed1a08620e6280424e3e5efc958618f5d67c522c9e44c1bc6f9226?s=96&d=monsterid&r=g","contentUrl":"https:\/\/secure.gravatar.com\/avatar\/18c5342381ed1a08620e6280424e3e5efc958618f5d67c522c9e44c1bc6f9226?s=96&d=monsterid&r=g","caption":"Redac\u021bia Buletin de Bucure\u0219ti"},"description":"Buletin de Bucure\u0219ti exist\u0103 din vara anului 2019.","url":"https:\/\/buletin.de\/bucuresti\/author\/adminbuletin\/"}]}},"authors":[{"term_id":22583,"user_id":1,"is_guest":0,"slug":"adminbuletin","display_name":"Redac\u021bia Buletin de Bucure\u0219ti","avatar_url":"https:\/\/secure.gravatar.com\/avatar\/18c5342381ed1a08620e6280424e3e5efc958618f5d67c522c9e44c1bc6f9226?s=96&d=monsterid&r=g","0":null,"1":"","2":"","3":"","4":"","5":"","6":"","7":"","8":""}],"_links":{"self":[{"href":"https:\/\/buletin.de\/bucuresti\/wp-json\/wp\/v2\/posts\/189930","targetHints":{"allow":["GET"]}}],"collection":[{"href":"https:\/\/buletin.de\/bucuresti\/wp-json\/wp\/v2\/posts"}],"about":[{"href":"https:\/\/buletin.de\/bucuresti\/wp-json\/wp\/v2\/types\/post"}],"author":[{"embeddable":true,"href":"https:\/\/buletin.de\/bucuresti\/wp-json\/wp\/v2\/users\/1"}],"replies":[{"embeddable":true,"href":"https:\/\/buletin.de\/bucuresti\/wp-json\/wp\/v2\/comments?post=189930"}],"version-history":[{"count":4,"href":"https:\/\/buletin.de\/bucuresti\/wp-json\/wp\/v2\/posts\/189930\/revisions"}],"predecessor-version":[{"id":189941,"href":"https:\/\/buletin.de\/bucuresti\/wp-json\/wp\/v2\/posts\/189930\/revisions\/189941"}],"wp:featuredmedia":[{"embeddable":true,"href":"https:\/\/buletin.de\/bucuresti\/wp-json\/wp\/v2\/media\/189939"}],"wp:attachment":[{"href":"https:\/\/buletin.de\/bucuresti\/wp-json\/wp\/v2\/media?parent=189930"}],"wp:term":[{"taxonomy":"category","embeddable":true,"href":"https:\/\/buletin.de\/bucuresti\/wp-json\/wp\/v2\/categories?post=189930"},{"taxonomy":"post_tag","embeddable":true,"href":"https:\/\/buletin.de\/bucuresti\/wp-json\/wp\/v2\/tags?post=189930"},{"taxonomy":"author","embeddable":true,"href":"https:\/\/buletin.de\/bucuresti\/wp-json\/wp\/v2\/ppma_author?post=189930"}],"curies":[{"name":"wp","href":"https:\/\/api.w.org\/{rel}","templated":true}]}}