{"id":189868,"date":"2026-04-28T13:35:51","date_gmt":"2026-04-28T10:35:51","guid":{"rendered":"https:\/\/buletin.de\/bucuresti\/?p=189868"},"modified":"2026-04-28T13:35:52","modified_gmt":"2026-04-28T10:35:52","slug":"foto-expozitie-cu-masini-de-epoca-in-piata-amzei-la-hub-ul-degalben","status":"publish","type":"post","link":"https:\/\/buletin.de\/bucuresti\/foto-expozitie-cu-masini-de-epoca-in-piata-amzei-la-hub-ul-degalben\/","title":{"rendered":"FOTO | Expozi\u021bie cu ma\u0219ini de epoc\u0103 \u00een Pia\u021ba Amzei, la Hub-ul deGalben"},"content":{"rendered":"\n<p><strong>O expozi\u021bie cu ma\u0219ini de epoc\u0103 urmeaz\u0103 s\u0103 fie organizat\u0103 \u00een perioada 3-9 mai la HUB-ul deGalben aflat \u00een Pia\u021ba Amzei nr.13, <a href=\"https:\/\/primariasector1.ro\/masinile-de-altadata-si-povestile-lor-intr-o-expozitie-in-piata-amzei\/?fbclid=IwY2xjawRdXFNleHRuA2FlbQIxMABicmlkETFncWxRZGxaVmxLdXlIcVd0c3J0YwZhcHBfaWQQMjIyMDM5MTc4ODIwMDg5MgABHqb6LGUE0YLSw4T65-Y_bWS7030Unp-_WTc1EpmpTvXsyEgZMS_iV2yVAJl8_aem_fAMJtYUCwmfIko7VQuLUxQ\" type=\"link\" id=\"https:\/\/primariasector1.ro\/masinile-de-altadata-si-povestile-lor-intr-o-expozitie-in-piata-amzei\/?fbclid=IwY2xjawRdXFNleHRuA2FlbQIxMABicmlkETFncWxRZGxaVmxLdXlIcVd0c3J0YwZhcHBfaWQQMjIyMDM5MTc4ODIwMDg5MgABHqb6LGUE0YLSw4T65-Y_bWS7030Unp-_WTc1EpmpTvXsyEgZMS_iV2yVAJl8_aem_fAMJtYUCwmfIko7VQuLUxQ\" target=\"_blank\" rel=\"noreferrer noopener\">anun\u021b\u0103<\/a> Prim\u0103ria Sectorului 1. \u201ePRO-VEHICULUM URBI\u201d, evenimentul dedicat pasiona\u021bilor de automobilele de alt\u0103dat\u0103 este organizat de Retromobil, iar intrarea este gratuit\u0103. <\/strong><\/p>\n\n\n\n<p>\u00cen cadrul expozi\u021biei, bucure\u0219tenii vor putea admira, printre altele, un exemplar unic de kart rom\u00e2nesc complet func\u021bional (KARO) \u0219i motociclete din perioada socialist\u0103. <\/p>\n\n\n\n<h2 class=\"wp-block-heading\" id=\"h-permise-de-conducere-\u0219i-placu\u021be-de-inmatriculare-printre-exponate\">Permise de conducere \u0219i pl\u0103cu\u021be de \u00eenmatriculare, printre exponate<\/h2>\n\n\n\n<p>Pe l\u00e2ng\u0103 vehiculele de epoc\u0103 ce vor fi excuse \u0219i mai multe documente din istoria auto Rom\u00e2n\u0103. Printre acestea se num\u0103r\u0103 \u0219i permise de conducere sau pl\u0103cu\u021be de \u00eenmatriculare emise cu ani \u00een urm\u0103. Pe l\u00e2ng\u0103 acestea, vizitatorii vor putea admira: <\/p>\n\n\n\n<ul class=\"wp-block-list\">\n<li>Piese de bibliofilie auto,<\/li>\n\n\n\n<li>\u00censemne heraldice,<\/li>\n\n\n\n<li>Trofee sportive auto \u0219i moto,<\/li>\n\n\n\n<li>Fotografii de epoc\u0103, <\/li>\n\n\n\n<li>Colec\u021bii de insigne,<\/li>\n\n\n\n<li>\u021ainute \u0219i uniforme de epoc\u0103. <\/li>\n<\/ul>\n\n\n<div class=\"wp-block-image\">\n<figure class=\"aligncenter size-large\"><img fetchpriority=\"high\" decoding=\"async\" width=\"1000\" height=\"789\" src=\"data:image\/gif;base64,R0lGODlhAQABAAAAACH5BAEKAAEALAAAAAABAAEAAAICTAEAOw==\" data-src=\"https:\/\/buletin.de\/bucuresti\/wp-content\/uploads\/2026\/04\/documente-expozitie-1000x789.jpg\" alt=\"\" class=\"wp-image-189882 lazyload\" data-sizes=\"auto\" data-srcset=\"https:\/\/buletin.de\/bucuresti\/wp-content\/uploads\/2026\/04\/documente-expozitie-1000x789.jpg 1000w, https:\/\/buletin.de\/bucuresti\/wp-content\/uploads\/2026\/04\/documente-expozitie-300x237.jpg 300w, https:\/\/buletin.de\/bucuresti\/wp-content\/uploads\/2026\/04\/documente-expozitie-768x606.jpg 768w, https:\/\/buletin.de\/bucuresti\/wp-content\/uploads\/2026\/04\/documente-expozitie-1536x1211.jpg 1536w, https:\/\/buletin.de\/bucuresti\/wp-content\/uploads\/2026\/04\/documente-expozitie-1600x1262.jpg 1600w, https:\/\/buletin.de\/bucuresti\/wp-content\/uploads\/2026\/04\/documente-expozitie-1100x867.jpg 1100w, https:\/\/buletin.de\/bucuresti\/wp-content\/uploads\/2026\/04\/documente-expozitie-600x473.jpg 600w, https:\/\/buletin.de\/bucuresti\/wp-content\/uploads\/2026\/04\/documente-expozitie-20x16.jpg 20w, https:\/\/buletin.de\/bucuresti\/wp-content\/uploads\/2026\/04\/documente-expozitie.jpg 1920w\" sizes=\"(max-width: 1000px) 100vw, 1000px\" \/><figcaption class=\"wp-element-caption\">FOTO: Prim\u0103ria Sectorului 1<\/figcaption><\/figure>\n<\/div>\n\n<div class=\"wp-block-image\">\n<figure class=\"aligncenter size-large\"><img decoding=\"async\" width=\"1000\" height=\"348\" src=\"data:image\/gif;base64,R0lGODlhAQABAAAAACH5BAEKAAEALAAAAAABAAEAAAICTAEAOw==\" data-src=\"https:\/\/buletin.de\/bucuresti\/wp-content\/uploads\/2026\/04\/semne-de-circulatie-expozitie-1000x348.jpg\" alt=\"\" class=\"wp-image-189884 lazyload\" data-sizes=\"auto\" data-srcset=\"https:\/\/buletin.de\/bucuresti\/wp-content\/uploads\/2026\/04\/semne-de-circulatie-expozitie-1000x348.jpg 1000w, https:\/\/buletin.de\/bucuresti\/wp-content\/uploads\/2026\/04\/semne-de-circulatie-expozitie-300x105.jpg 300w, https:\/\/buletin.de\/bucuresti\/wp-content\/uploads\/2026\/04\/semne-de-circulatie-expozitie-768x268.jpg 768w, https:\/\/buletin.de\/bucuresti\/wp-content\/uploads\/2026\/04\/semne-de-circulatie-expozitie-1536x535.jpg 1536w, https:\/\/buletin.de\/bucuresti\/wp-content\/uploads\/2026\/04\/semne-de-circulatie-expozitie-1600x558.jpg 1600w, https:\/\/buletin.de\/bucuresti\/wp-content\/uploads\/2026\/04\/semne-de-circulatie-expozitie-1100x383.jpg 1100w, https:\/\/buletin.de\/bucuresti\/wp-content\/uploads\/2026\/04\/semne-de-circulatie-expozitie-600x209.jpg 600w, https:\/\/buletin.de\/bucuresti\/wp-content\/uploads\/2026\/04\/semne-de-circulatie-expozitie-20x7.jpg 20w, https:\/\/buletin.de\/bucuresti\/wp-content\/uploads\/2026\/04\/semne-de-circulatie-expozitie.jpg 1920w\" sizes=\"(max-width: 1000px) 100vw, 1000px\" \/><figcaption class=\"wp-element-caption\">FOTO: Prim\u0103ria Sectorului 1<\/figcaption><\/figure>\n<\/div>\n\n<div class=\"wp-block-image\">\n<figure class=\"aligncenter size-large\"><img decoding=\"async\" width=\"1000\" height=\"750\" src=\"data:image\/gif;base64,R0lGODlhAQABAAAAACH5BAEKAAEALAAAAAABAAEAAAICTAEAOw==\" data-src=\"https:\/\/buletin.de\/bucuresti\/wp-content\/uploads\/2026\/04\/placute-de-inmatriculare-expozitie-1000x750.jpg\" alt=\"\" class=\"wp-image-189885 lazyload\" data-sizes=\"auto\" data-srcset=\"https:\/\/buletin.de\/bucuresti\/wp-content\/uploads\/2026\/04\/placute-de-inmatriculare-expozitie-1000x750.jpg 1000w, https:\/\/buletin.de\/bucuresti\/wp-content\/uploads\/2026\/04\/placute-de-inmatriculare-expozitie-300x225.jpg 300w, https:\/\/buletin.de\/bucuresti\/wp-content\/uploads\/2026\/04\/placute-de-inmatriculare-expozitie-768x576.jpg 768w, https:\/\/buletin.de\/bucuresti\/wp-content\/uploads\/2026\/04\/placute-de-inmatriculare-expozitie-1536x1152.jpg 1536w, https:\/\/buletin.de\/bucuresti\/wp-content\/uploads\/2026\/04\/placute-de-inmatriculare-expozitie-1600x1200.jpg 1600w, https:\/\/buletin.de\/bucuresti\/wp-content\/uploads\/2026\/04\/placute-de-inmatriculare-expozitie-1100x825.jpg 1100w, https:\/\/buletin.de\/bucuresti\/wp-content\/uploads\/2026\/04\/placute-de-inmatriculare-expozitie-600x450.jpg 600w, https:\/\/buletin.de\/bucuresti\/wp-content\/uploads\/2026\/04\/placute-de-inmatriculare-expozitie-20x15.jpg 20w, https:\/\/buletin.de\/bucuresti\/wp-content\/uploads\/2026\/04\/placute-de-inmatriculare-expozitie.jpg 1920w\" sizes=\"(max-width: 1000px) 100vw, 1000px\" \/><figcaption class=\"wp-element-caption\">FOTO: Prim\u0103ria Sectorului 1<\/figcaption><\/figure>\n<\/div>\n\n\n<p>\u00cen ceea ce prive\u0219te vehiculele, acestea urmeaz\u0103 s\u0103 fie expuse pe esplanad\u0103. Printre ma\u0219inile de epoc\u0103 ce vor putea fi admirate se reg\u0103sesc autospeciale poli\u021biei \u0219i pompierilor, modele Dacia, ARO \u0219i Renault.<\/p>\n\n\n<div class=\"wp-block-image\">\n<figure class=\"aligncenter size-large\"><img loading=\"lazy\" decoding=\"async\" width=\"1000\" height=\"667\" src=\"data:image\/gif;base64,R0lGODlhAQABAAAAACH5BAEKAAEALAAAAAABAAEAAAICTAEAOw==\" data-src=\"https:\/\/buletin.de\/bucuresti\/wp-content\/uploads\/2026\/04\/684266757_122192875232596509_40892469135928637_n-1000x667.jpg\" alt=\"\" class=\"wp-image-189891 lazyload\" data-sizes=\"auto\" data-srcset=\"https:\/\/buletin.de\/bucuresti\/wp-content\/uploads\/2026\/04\/684266757_122192875232596509_40892469135928637_n-1000x667.jpg 1000w, https:\/\/buletin.de\/bucuresti\/wp-content\/uploads\/2026\/04\/684266757_122192875232596509_40892469135928637_n-300x200.jpg 300w, https:\/\/buletin.de\/bucuresti\/wp-content\/uploads\/2026\/04\/684266757_122192875232596509_40892469135928637_n-768x512.jpg 768w, https:\/\/buletin.de\/bucuresti\/wp-content\/uploads\/2026\/04\/684266757_122192875232596509_40892469135928637_n-1536x1024.jpg 1536w, https:\/\/buletin.de\/bucuresti\/wp-content\/uploads\/2026\/04\/684266757_122192875232596509_40892469135928637_n-1600x1066.jpg 1600w, https:\/\/buletin.de\/bucuresti\/wp-content\/uploads\/2026\/04\/684266757_122192875232596509_40892469135928637_n-1100x733.jpg 1100w, https:\/\/buletin.de\/bucuresti\/wp-content\/uploads\/2026\/04\/684266757_122192875232596509_40892469135928637_n-600x400.jpg 600w, https:\/\/buletin.de\/bucuresti\/wp-content\/uploads\/2026\/04\/684266757_122192875232596509_40892469135928637_n-20x13.jpg 20w, https:\/\/buletin.de\/bucuresti\/wp-content\/uploads\/2026\/04\/684266757_122192875232596509_40892469135928637_n.jpg 2048w\" sizes=\"(max-width: 1000px) 100vw, 1000px\" \/><figcaption class=\"wp-element-caption\">FOTO: Prim\u0103ria Sectorului 1<\/figcaption><\/figure>\n<\/div>\n\n<div class=\"wp-block-image\">\n<figure class=\"aligncenter size-large\"><img loading=\"lazy\" decoding=\"async\" width=\"1000\" height=\"667\" src=\"data:image\/gif;base64,R0lGODlhAQABAAAAACH5BAEKAAEALAAAAAABAAEAAAICTAEAOw==\" data-src=\"https:\/\/buletin.de\/bucuresti\/wp-content\/uploads\/2026\/04\/681332689_122192875064596509_9080513965816676468_n-1000x667.jpg\" alt=\"\" class=\"wp-image-189893 lazyload\" data-sizes=\"auto\" data-srcset=\"https:\/\/buletin.de\/bucuresti\/wp-content\/uploads\/2026\/04\/681332689_122192875064596509_9080513965816676468_n-1000x667.jpg 1000w, https:\/\/buletin.de\/bucuresti\/wp-content\/uploads\/2026\/04\/681332689_122192875064596509_9080513965816676468_n-300x200.jpg 300w, https:\/\/buletin.de\/bucuresti\/wp-content\/uploads\/2026\/04\/681332689_122192875064596509_9080513965816676468_n-768x512.jpg 768w, https:\/\/buletin.de\/bucuresti\/wp-content\/uploads\/2026\/04\/681332689_122192875064596509_9080513965816676468_n-1536x1024.jpg 1536w, https:\/\/buletin.de\/bucuresti\/wp-content\/uploads\/2026\/04\/681332689_122192875064596509_9080513965816676468_n-1600x1067.jpg 1600w, https:\/\/buletin.de\/bucuresti\/wp-content\/uploads\/2026\/04\/681332689_122192875064596509_9080513965816676468_n-1100x733.jpg 1100w, https:\/\/buletin.de\/bucuresti\/wp-content\/uploads\/2026\/04\/681332689_122192875064596509_9080513965816676468_n-600x400.jpg 600w, https:\/\/buletin.de\/bucuresti\/wp-content\/uploads\/2026\/04\/681332689_122192875064596509_9080513965816676468_n-20x13.jpg 20w, https:\/\/buletin.de\/bucuresti\/wp-content\/uploads\/2026\/04\/681332689_122192875064596509_9080513965816676468_n.jpg 1920w\" sizes=\"(max-width: 1000px) 100vw, 1000px\" \/><figcaption class=\"wp-element-caption\">FOTO: Prim\u0103ria Sectorului 1<\/figcaption><\/figure>\n<\/div>\n\n<div class=\"wp-block-image\">\n<figure class=\"aligncenter size-large\"><img loading=\"lazy\" decoding=\"async\" width=\"1000\" height=\"667\" src=\"data:image\/gif;base64,R0lGODlhAQABAAAAACH5BAEKAAEALAAAAAABAAEAAAICTAEAOw==\" data-src=\"https:\/\/buletin.de\/bucuresti\/wp-content\/uploads\/2026\/04\/682803554_122192875022596509_2788195210264447852_n-1000x667.jpg\" alt=\"\" class=\"wp-image-189894 lazyload\" data-sizes=\"auto\" data-srcset=\"https:\/\/buletin.de\/bucuresti\/wp-content\/uploads\/2026\/04\/682803554_122192875022596509_2788195210264447852_n-1000x667.jpg 1000w, https:\/\/buletin.de\/bucuresti\/wp-content\/uploads\/2026\/04\/682803554_122192875022596509_2788195210264447852_n-300x200.jpg 300w, https:\/\/buletin.de\/bucuresti\/wp-content\/uploads\/2026\/04\/682803554_122192875022596509_2788195210264447852_n-768x512.jpg 768w, https:\/\/buletin.de\/bucuresti\/wp-content\/uploads\/2026\/04\/682803554_122192875022596509_2788195210264447852_n-1536x1024.jpg 1536w, https:\/\/buletin.de\/bucuresti\/wp-content\/uploads\/2026\/04\/682803554_122192875022596509_2788195210264447852_n-1600x1067.jpg 1600w, https:\/\/buletin.de\/bucuresti\/wp-content\/uploads\/2026\/04\/682803554_122192875022596509_2788195210264447852_n-1100x733.jpg 1100w, https:\/\/buletin.de\/bucuresti\/wp-content\/uploads\/2026\/04\/682803554_122192875022596509_2788195210264447852_n-600x400.jpg 600w, https:\/\/buletin.de\/bucuresti\/wp-content\/uploads\/2026\/04\/682803554_122192875022596509_2788195210264447852_n-20x13.jpg 20w, https:\/\/buletin.de\/bucuresti\/wp-content\/uploads\/2026\/04\/682803554_122192875022596509_2788195210264447852_n.jpg 1920w\" sizes=\"(max-width: 1000px) 100vw, 1000px\" \/><figcaption class=\"wp-element-caption\">FOTO: Prim\u0103ria Sectorului 1<\/figcaption><\/figure>\n<\/div>\n\n<div class=\"wp-block-image\">\n<figure class=\"aligncenter size-large\"><img loading=\"lazy\" decoding=\"async\" width=\"1000\" height=\"806\" src=\"data:image\/gif;base64,R0lGODlhAQABAAAAACH5BAEKAAEALAAAAAABAAEAAAICTAEAOw==\" data-src=\"https:\/\/buletin.de\/bucuresti\/wp-content\/uploads\/2026\/04\/683070304_122192875070596509_1964159255014071845_n-1000x806.jpg\" alt=\"\" class=\"wp-image-189895 lazyload\" data-sizes=\"auto\" data-srcset=\"https:\/\/buletin.de\/bucuresti\/wp-content\/uploads\/2026\/04\/683070304_122192875070596509_1964159255014071845_n-1000x806.jpg 1000w, https:\/\/buletin.de\/bucuresti\/wp-content\/uploads\/2026\/04\/683070304_122192875070596509_1964159255014071845_n-300x242.jpg 300w, https:\/\/buletin.de\/bucuresti\/wp-content\/uploads\/2026\/04\/683070304_122192875070596509_1964159255014071845_n-768x619.jpg 768w, https:\/\/buletin.de\/bucuresti\/wp-content\/uploads\/2026\/04\/683070304_122192875070596509_1964159255014071845_n-1536x1238.jpg 1536w, https:\/\/buletin.de\/bucuresti\/wp-content\/uploads\/2026\/04\/683070304_122192875070596509_1964159255014071845_n-1600x1289.jpg 1600w, https:\/\/buletin.de\/bucuresti\/wp-content\/uploads\/2026\/04\/683070304_122192875070596509_1964159255014071845_n-1100x886.jpg 1100w, https:\/\/buletin.de\/bucuresti\/wp-content\/uploads\/2026\/04\/683070304_122192875070596509_1964159255014071845_n-600x483.jpg 600w, https:\/\/buletin.de\/bucuresti\/wp-content\/uploads\/2026\/04\/683070304_122192875070596509_1964159255014071845_n-20x16.jpg 20w, https:\/\/buletin.de\/bucuresti\/wp-content\/uploads\/2026\/04\/683070304_122192875070596509_1964159255014071845_n.jpg 1920w\" sizes=\"(max-width: 1000px) 100vw, 1000px\" \/><figcaption class=\"wp-element-caption\">FOTO: Prim\u0103ria Sectorului 1<\/figcaption><\/figure>\n<\/div>\n\n\n<p><strong><em>\u201eV\u0103 a\u0219tept\u0103m s\u0103 descoperi\u021bi cum s-a schimbat lumea automobilului\u201d<\/em><\/strong>, a transmis Prim\u0103ria Sectorului 1.<\/p>\n\n\n\n<p><strong>CITE\u0218TE \u0218I <a href=\"https:\/\/buletin.de\/bucuresti\/modificari-importante-la-regulamentul-de-parcare-din-sectorul-4-se-elimina-mai-multe-restrictii-taxa-de-dezvoltare-urbana-ramane-valabila-optional\/\" type=\"post\" id=\"189644\">Modific\u0103ri importante la regulamentul de parcare din Sectorul 4: se elimin\u0103 mai multe restric\u021bii. Taxa de dezvoltare urban\u0103 se transform\u0103 \u00een abonament anual<\/a><\/strong><\/p>\n\n\n\n<h2 class=\"wp-block-heading\" id=\"h-programul-evenimentului\">Programul evenimentului<\/h2>\n\n\n\n<p>Administra\u021bia public\u0103 le-a transmis bucure\u0219tenilor \u0219i care va fi programul \u00een care expozi\u021bia poate fi vizitate. Evenimentul are loc \u00een perioada 3 &#8211; 9 mai, fiind deschis\u0103 dup\u0103 cum urmeaz\u0103: <\/p>\n\n\n\n<ul class=\"wp-block-list\">\n<li>\u00cen timpul s\u0103pt\u0103m\u00e2nii, \u00eentre 4 \u0219i 7 mai, vizitatorii sunt a\u0219tepta\u021bi \u00een intervalul orar 11:00\u201316:00,<\/li>\n\n\n\n<li>\u00cen weekend, pe 3 \u0219i 9 mai, vizitatorii sunt a\u0219tepta\u021bi \u00een intervalul orar 10:00 \u0219i 17:00.<\/li>\n<\/ul>\n\n\n\n<p>Expozi\u021bia este organizat\u0103 de Retromobil Club Rom\u00e2nia, cu sprijinul Prim\u0103riei Sectorului 1, iar accesul este gratuit. <\/p>\n\n\n\n<p><strong>CITE\u0218TE \u0218I <a href=\"https:\/\/buletin.de\/bucuresti\/consultare-publica-privind-reamenajarea-parcului-kiseleff-prin-concurs-international-de-solutii\/\" type=\"post\" id=\"189542\">Consultare public\u0103 privind reamenajarea Parcului Kiseleff, prin concurs interna\u021bional de solu\u021bii<\/a><\/strong><\/p>\n\n\n\n<h2 class=\"wp-block-heading\" id=\"h-tururi-ghidate-la-primaria-capitalei\">Tururi ghidate la Prim\u0103ria Capitalei<\/h2>\n\n\n\n<p>Bucure\u0219tenii au posibilitatea de a vizita cl\u0103direa \u00een care func\u021bioneaz\u0103 Prim\u0103ria Capitalei. Institu\u021bia organizeaz\u0103 tururi ghidate \u00een fiecare weekend. <\/p>\n\n\n\n<p>Din luna mai, programul de vizitare va fi urm\u0103torul: <\/p>\n\n\n\n<ul class=\"wp-block-list\">\n<li>s\u00e2mb\u0103ta &#8211; \u00eentre orele 12:00 \u2013 20:00,<\/li>\n\n\n\n<li>duminica &#8211; \u00eentre orele 10:00 \u2013 16:00.<\/li>\n<\/ul>\n\n\n\n<p>Accesul este gratuit, \u00eens\u0103 este necesar\u0103 o programare prealabil\u0103 care poate fi realizat\u0103 acces\u00e2nd <a href=\"https:\/\/primariadeschisa.pmb.ro\/sesiuni-disponibile\">ACEST<\/a> link.<\/p>\n\n\n\n<p>Cl\u0103direa Prim\u0103riei Capitalei, situat\u0103 vizavi de Parcul Ci\u0219migiu, un alt loc emblematic din ora\u0219, a fost construit\u0103 la \u00eenceputul secolului XX. La momentul respectiv, terenul purta denumirea de \u201eMaidanul lui Duca\u201d. Ini\u021bial, aceasta a avut ca scop ad\u0103postirea Ministerului Lucr\u0103rilor Publice, \u00eens\u0103 s-a aflat inclusiv sub ocupare german\u0103 \u00een vremea Primului R\u0103zboi Mondial. <\/p>\n\n\n\n<p><strong>CITE\u0218TE \u0218I <a href=\"https:\/\/buletin.de\/bucuresti\/aspa-organizeaza-un-nou-targ-de-adoptii-in-parcul-carol-in-primele-zile-ale-lunii-mai\/\" type=\"post\" id=\"189730\">ASPA organizeaz\u0103 un nou t\u00e2rg de adop\u021bii \u00een Parcul Carol, \u00een primele zile ale lunii mai<\/a><\/strong><\/p>\n","protected":false},"excerpt":{"rendered":"<p>O expozi\u021bie cu ma\u0219ini de epoc\u0103 urmeaz\u0103 s\u0103 fie organizat\u0103 \u00een perioada 3-9 mai la HUB-ul deGalben aflat \u00een Pia\u021ba Amzei nr.13, anun\u021b\u0103 Prim\u0103ria Sectorului 1. \u201ePRO-VEHICULUM URBI\u201d, evenimentul dedicat pasiona\u021bilor de automobilele de alt\u0103dat\u0103 este organizat de Retromobil, iar intrarea este gratuit\u0103. \u00cen cadrul expozi\u021biei, bucure\u0219tenii vor putea admira, printre altele, un exemplar unic [&hellip;]<\/p>\n","protected":false},"author":66,"featured_media":189917,"comment_status":"closed","ping_status":"open","sticky":false,"template":"","format":"standard","meta":{"_acf_changed":false,"inline_featured_image":false,"ngg_post_thumbnail":0,"footnotes":""},"categories":[6994,9026,62],"tags":[26725,5787,28017,2988,4739,16126,308],"ppma_author":[26103],"class_list":["post-189868","post","type-post","status-publish","format-standard","has-post-thumbnail","hentry","category-stiri-2","category-eveniment","category-stiri","tag-degalben","tag-expozitie-2","tag-masini-de-epoca-2","tag-piata-amzei","tag-primaria-sectorului-1-2","tag-retromobil-club-romania","tag-sector-1"],"acf":[],"yoast_head":"<!-- This site is optimized with the Yoast SEO Premium plugin v25.3 (Yoast SEO v27.4) - https:\/\/yoast.com\/product\/yoast-seo-premium-wordpress\/ -->\n<title>FOTO | Expozi\u021bie cu ma\u0219ini de epoc\u0103 \u00een Pia\u021ba Amzei, la Hub-ul deGalben - Buletin de Bucure\u0219ti<\/title>\n<meta name=\"description\" content=\"O expozi\u021bie cu ma\u0219ini de epoc\u0103 urmeaz\u0103 s\u0103 fie organizat\u0103 \u00een perioada 3-9 mai la HUB-ul deGalben aflat \u00een Pia\u021ba Amzei nr.13.\" \/>\n<meta name=\"robots\" content=\"index, follow, max-snippet:-1, max-image-preview:large, max-video-preview:-1\" \/>\n<link rel=\"canonical\" href=\"https:\/\/buletin.de\/bucuresti\/foto-expozitie-cu-masini-de-epoca-in-piata-amzei-la-hub-ul-degalben\/\" \/>\n<meta property=\"og:locale\" content=\"en_GB\" \/>\n<meta property=\"og:type\" content=\"article\" \/>\n<meta property=\"og:title\" content=\"FOTO | Expozi\u021bie cu ma\u0219ini de epoc\u0103 \u00een Pia\u021ba Amzei, la Hub-ul deGalben\" \/>\n<meta property=\"og:description\" content=\"O expozi\u021bie cu ma\u0219ini de epoc\u0103 urmeaz\u0103 s\u0103 fie organizat\u0103 \u00een perioada 3-9 mai la HUB-ul deGalben aflat \u00een Pia\u021ba Amzei nr.13.\" \/>\n<meta property=\"og:url\" content=\"https:\/\/buletin.de\/bucuresti\/foto-expozitie-cu-masini-de-epoca-in-piata-amzei-la-hub-ul-degalben\/\" \/>\n<meta property=\"og:site_name\" content=\"Buletin de Bucure\u0219ti\" \/>\n<meta property=\"article:publisher\" content=\"https:\/\/www.facebook.com\/buletin.de.buc\" \/>\n<meta property=\"article:published_time\" content=\"2026-04-28T10:35:51+00:00\" \/>\n<meta property=\"article:modified_time\" content=\"2026-04-28T10:35:52+00:00\" \/>\n<meta property=\"og:image\" content=\"https:\/\/buletin.de\/bucuresti\/wp-content\/uploads\/2026\/04\/682678806_122192875256596509_8270363476343134623_n.jpg\" \/>\n\t<meta property=\"og:image:width\" content=\"1920\" \/>\n\t<meta property=\"og:image:height\" content=\"1280\" \/>\n\t<meta property=\"og:image:type\" content=\"image\/jpeg\" \/>\n<meta name=\"author\" content=\"Deniz Garguli\" \/>\n<meta name=\"twitter:card\" content=\"summary_large_image\" \/>\n<meta name=\"twitter:label1\" content=\"Written by\" \/>\n\t<meta name=\"twitter:data1\" content=\"Deniz Garguli\" \/>\n\t<meta name=\"twitter:label2\" content=\"Estimated reading time\" \/>\n\t<meta name=\"twitter:data2\" content=\"4 minutes\" \/>\n<script type=\"application\/ld+json\" class=\"yoast-schema-graph\">{\"@context\":\"https:\\\/\\\/schema.org\",\"@graph\":[{\"@type\":\"Article\",\"@id\":\"https:\\\/\\\/buletin.de\\\/bucuresti\\\/foto-expozitie-cu-masini-de-epoca-in-piata-amzei-la-hub-ul-degalben\\\/#article\",\"isPartOf\":{\"@id\":\"https:\\\/\\\/buletin.de\\\/bucuresti\\\/foto-expozitie-cu-masini-de-epoca-in-piata-amzei-la-hub-ul-degalben\\\/\"},\"author\":{\"name\":\"Deniz Garguli\",\"@id\":\"https:\\\/\\\/buletin.de\\\/bucuresti\\\/#\\\/schema\\\/person\\\/8badd0805392c02e16b744e0d5cd3625\"},\"headline\":\"FOTO | Expozi\u021bie cu ma\u0219ini de epoc\u0103 \u00een Pia\u021ba Amzei, la Hub-ul deGalben\",\"datePublished\":\"2026-04-28T10:35:51+00:00\",\"dateModified\":\"2026-04-28T10:35:52+00:00\",\"mainEntityOfPage\":{\"@id\":\"https:\\\/\\\/buletin.de\\\/bucuresti\\\/foto-expozitie-cu-masini-de-epoca-in-piata-amzei-la-hub-ul-degalben\\\/\"},\"wordCount\":525,\"publisher\":{\"@id\":\"https:\\\/\\\/buletin.de\\\/bucuresti\\\/#organization\"},\"image\":{\"@id\":\"https:\\\/\\\/buletin.de\\\/bucuresti\\\/foto-expozitie-cu-masini-de-epoca-in-piata-amzei-la-hub-ul-degalben\\\/#primaryimage\"},\"thumbnailUrl\":\"https:\\\/\\\/buletin.de\\\/bucuresti\\\/wp-content\\\/uploads\\\/2026\\\/04\\\/682678806_122192875256596509_8270363476343134623_n.jpg\",\"keywords\":[\"deGalben\",\"expozi\u021bie\",\"ma\u0219ini de epoc\u0103\",\"Pia\u021ba Amzei\",\"Prim\u0103ria Sectorului 1\",\"Retromobil Club Rom\u00e2nia\",\"Sector 1\"],\"articleSection\":[\"Articole\",\"Eveniment\",\"\u0218tiri\"],\"inLanguage\":\"en-GB\",\"copyrightYear\":\"2026\",\"copyrightHolder\":{\"@id\":\"https:\\\/\\\/buletin.de\\\/bucuresti\\\/#organization\"}},{\"@type\":\"WebPage\",\"@id\":\"https:\\\/\\\/buletin.de\\\/bucuresti\\\/foto-expozitie-cu-masini-de-epoca-in-piata-amzei-la-hub-ul-degalben\\\/\",\"url\":\"https:\\\/\\\/buletin.de\\\/bucuresti\\\/foto-expozitie-cu-masini-de-epoca-in-piata-amzei-la-hub-ul-degalben\\\/\",\"name\":\"FOTO | Expozi\u021bie cu ma\u0219ini de epoc\u0103 \u00een Pia\u021ba Amzei, la Hub-ul deGalben - Buletin de Bucure\u0219ti\",\"isPartOf\":{\"@id\":\"https:\\\/\\\/buletin.de\\\/bucuresti\\\/#website\"},\"primaryImageOfPage\":{\"@id\":\"https:\\\/\\\/buletin.de\\\/bucuresti\\\/foto-expozitie-cu-masini-de-epoca-in-piata-amzei-la-hub-ul-degalben\\\/#primaryimage\"},\"image\":{\"@id\":\"https:\\\/\\\/buletin.de\\\/bucuresti\\\/foto-expozitie-cu-masini-de-epoca-in-piata-amzei-la-hub-ul-degalben\\\/#primaryimage\"},\"thumbnailUrl\":\"https:\\\/\\\/buletin.de\\\/bucuresti\\\/wp-content\\\/uploads\\\/2026\\\/04\\\/682678806_122192875256596509_8270363476343134623_n.jpg\",\"datePublished\":\"2026-04-28T10:35:51+00:00\",\"dateModified\":\"2026-04-28T10:35:52+00:00\",\"description\":\"O expozi\u021bie cu ma\u0219ini de epoc\u0103 urmeaz\u0103 s\u0103 fie organizat\u0103 \u00een perioada 3-9 mai la HUB-ul deGalben aflat \u00een Pia\u021ba Amzei nr.13.\",\"breadcrumb\":{\"@id\":\"https:\\\/\\\/buletin.de\\\/bucuresti\\\/foto-expozitie-cu-masini-de-epoca-in-piata-amzei-la-hub-ul-degalben\\\/#breadcrumb\"},\"inLanguage\":\"en-GB\",\"potentialAction\":[{\"@type\":\"ReadAction\",\"target\":[\"https:\\\/\\\/buletin.de\\\/bucuresti\\\/foto-expozitie-cu-masini-de-epoca-in-piata-amzei-la-hub-ul-degalben\\\/\"]}]},{\"@type\":\"ImageObject\",\"inLanguage\":\"en-GB\",\"@id\":\"https:\\\/\\\/buletin.de\\\/bucuresti\\\/foto-expozitie-cu-masini-de-epoca-in-piata-amzei-la-hub-ul-degalben\\\/#primaryimage\",\"url\":\"https:\\\/\\\/buletin.de\\\/bucuresti\\\/wp-content\\\/uploads\\\/2026\\\/04\\\/682678806_122192875256596509_8270363476343134623_n.jpg\",\"contentUrl\":\"https:\\\/\\\/buletin.de\\\/bucuresti\\\/wp-content\\\/uploads\\\/2026\\\/04\\\/682678806_122192875256596509_8270363476343134623_n.jpg\",\"width\":1920,\"height\":1280,\"caption\":\"FOTO | Expozi\u021bie cu ma\u0219ini de epoc\u0103 \u00een Pia\u021ba Amzei, la Hub-ul deGalben. FOTO: Prim\u0103ria Sectorului 1\"},{\"@type\":\"BreadcrumbList\",\"@id\":\"https:\\\/\\\/buletin.de\\\/bucuresti\\\/foto-expozitie-cu-masini-de-epoca-in-piata-amzei-la-hub-ul-degalben\\\/#breadcrumb\",\"itemListElement\":[{\"@type\":\"ListItem\",\"position\":1,\"name\":\"Acas\u0103\",\"item\":\"https:\\\/\\\/buletin.de\\\/bucuresti\\\/\"},{\"@type\":\"ListItem\",\"position\":2,\"name\":\"FOTO | Expozi\u021bie cu ma\u0219ini de epoc\u0103 \u00een Pia\u021ba Amzei, la Hub-ul deGalben\"}]},{\"@type\":\"WebSite\",\"@id\":\"https:\\\/\\\/buletin.de\\\/bucuresti\\\/#website\",\"url\":\"https:\\\/\\\/buletin.de\\\/bucuresti\\\/\",\"name\":\"Buletin de Bucure\u0219ti\",\"description\":\"\u0218tiri \u0219i investiga\u021bii esen\u021biale din capital\u0103\",\"publisher\":{\"@id\":\"https:\\\/\\\/buletin.de\\\/bucuresti\\\/#organization\"},\"potentialAction\":[{\"@type\":\"SearchAction\",\"target\":{\"@type\":\"EntryPoint\",\"urlTemplate\":\"https:\\\/\\\/buletin.de\\\/bucuresti\\\/?s={search_term_string}\"},\"query-input\":{\"@type\":\"PropertyValueSpecification\",\"valueRequired\":true,\"valueName\":\"search_term_string\"}}],\"inLanguage\":\"en-GB\"},{\"@type\":\"Organization\",\"@id\":\"https:\\\/\\\/buletin.de\\\/bucuresti\\\/#organization\",\"name\":\"Buletin de Bucure\u0219ti\",\"url\":\"https:\\\/\\\/buletin.de\\\/bucuresti\\\/\",\"logo\":{\"@type\":\"ImageObject\",\"inLanguage\":\"en-GB\",\"@id\":\"https:\\\/\\\/buletin.de\\\/bucuresti\\\/#\\\/schema\\\/logo\\\/image\\\/\",\"url\":\"https:\\\/\\\/buletin.de\\\/bucuresti\\\/wp-content\\\/uploads\\\/logo-bdb-full-wide-vernil-transparent.png\",\"contentUrl\":\"https:\\\/\\\/buletin.de\\\/bucuresti\\\/wp-content\\\/uploads\\\/logo-bdb-full-wide-vernil-transparent.png\",\"width\":1782,\"height\":626,\"caption\":\"Buletin de Bucure\u0219ti\"},\"image\":{\"@id\":\"https:\\\/\\\/buletin.de\\\/bucuresti\\\/#\\\/schema\\\/logo\\\/image\\\/\"},\"sameAs\":[\"https:\\\/\\\/www.facebook.com\\\/buletin.de.buc\",\"https:\\\/\\\/www.instagram.com\\\/buletinde.bucuresti\\\/\"]},{\"@type\":\"Person\",\"@id\":\"https:\\\/\\\/buletin.de\\\/bucuresti\\\/#\\\/schema\\\/person\\\/8badd0805392c02e16b744e0d5cd3625\",\"name\":\"Deniz Garguli\",\"image\":{\"@type\":\"ImageObject\",\"inLanguage\":\"en-GB\",\"@id\":\"https:\\\/\\\/buletin.de\\\/bucuresti\\\/wp-content\\\/uploads\\\/2026\\\/01\\\/79b44b20-a270-4ee6-afb3-fdf3c7ef7782-96x96.jpege2491ce6d396dbf7c1362e9ef046c803\",\"url\":\"https:\\\/\\\/buletin.de\\\/bucuresti\\\/wp-content\\\/uploads\\\/2026\\\/01\\\/79b44b20-a270-4ee6-afb3-fdf3c7ef7782-96x96.jpeg\",\"contentUrl\":\"https:\\\/\\\/buletin.de\\\/bucuresti\\\/wp-content\\\/uploads\\\/2026\\\/01\\\/79b44b20-a270-4ee6-afb3-fdf3c7ef7782-96x96.jpeg\",\"caption\":\"Deniz Garguli\"},\"description\":\"N\u0103scut\u0103 \u0219i crescut\u0103 \u00een Capital\u0103, dorin\u021ba de a fi la curent cu tot ce se \u00eent\u00e2mpl\u0103 \u00een Bucure\u0219ti a \u00eempins-o c\u0103tre pres\u0103, mai cu seam\u0103 c\u0103tre cea local\u0103. A lucrat vreme de patru ani la B365, unde s-a ocupat de \u0219tiri despre ora\u0219 \u0219i oamenii care locuiesc \u00een el. Din 2026 s-a al\u0103turat echipei Buletin de Bucure\u0219ti.\",\"url\":\"https:\\\/\\\/buletin.de\\\/bucuresti\\\/author\\\/deniz-garguli\\\/\"}]}<\/script>\n<!-- \/ Yoast SEO Premium plugin. -->","yoast_head_json":{"title":"FOTO | Expozi\u021bie cu ma\u0219ini de epoc\u0103 \u00een Pia\u021ba Amzei, la Hub-ul deGalben - Buletin de Bucure\u0219ti","description":"O expozi\u021bie cu ma\u0219ini de epoc\u0103 urmeaz\u0103 s\u0103 fie organizat\u0103 \u00een perioada 3-9 mai la HUB-ul deGalben aflat \u00een Pia\u021ba Amzei nr.13.","robots":{"index":"index","follow":"follow","max-snippet":"max-snippet:-1","max-image-preview":"max-image-preview:large","max-video-preview":"max-video-preview:-1"},"canonical":"https:\/\/buletin.de\/bucuresti\/foto-expozitie-cu-masini-de-epoca-in-piata-amzei-la-hub-ul-degalben\/","og_locale":"en_GB","og_type":"article","og_title":"FOTO | Expozi\u021bie cu ma\u0219ini de epoc\u0103 \u00een Pia\u021ba Amzei, la Hub-ul deGalben","og_description":"O expozi\u021bie cu ma\u0219ini de epoc\u0103 urmeaz\u0103 s\u0103 fie organizat\u0103 \u00een perioada 3-9 mai la HUB-ul deGalben aflat \u00een Pia\u021ba Amzei nr.13.","og_url":"https:\/\/buletin.de\/bucuresti\/foto-expozitie-cu-masini-de-epoca-in-piata-amzei-la-hub-ul-degalben\/","og_site_name":"Buletin de Bucure\u0219ti","article_publisher":"https:\/\/www.facebook.com\/buletin.de.buc","article_published_time":"2026-04-28T10:35:51+00:00","article_modified_time":"2026-04-28T10:35:52+00:00","og_image":[{"width":1920,"height":1280,"url":"https:\/\/buletin.de\/bucuresti\/wp-content\/uploads\/2026\/04\/682678806_122192875256596509_8270363476343134623_n.jpg","type":"image\/jpeg"}],"author":"Deniz Garguli","twitter_card":"summary_large_image","twitter_misc":{"Written by":"Deniz Garguli","Estimated reading time":"4 minutes"},"schema":{"@context":"https:\/\/schema.org","@graph":[{"@type":"Article","@id":"https:\/\/buletin.de\/bucuresti\/foto-expozitie-cu-masini-de-epoca-in-piata-amzei-la-hub-ul-degalben\/#article","isPartOf":{"@id":"https:\/\/buletin.de\/bucuresti\/foto-expozitie-cu-masini-de-epoca-in-piata-amzei-la-hub-ul-degalben\/"},"author":{"name":"Deniz Garguli","@id":"https:\/\/buletin.de\/bucuresti\/#\/schema\/person\/8badd0805392c02e16b744e0d5cd3625"},"headline":"FOTO | Expozi\u021bie cu ma\u0219ini de epoc\u0103 \u00een Pia\u021ba Amzei, la Hub-ul deGalben","datePublished":"2026-04-28T10:35:51+00:00","dateModified":"2026-04-28T10:35:52+00:00","mainEntityOfPage":{"@id":"https:\/\/buletin.de\/bucuresti\/foto-expozitie-cu-masini-de-epoca-in-piata-amzei-la-hub-ul-degalben\/"},"wordCount":525,"publisher":{"@id":"https:\/\/buletin.de\/bucuresti\/#organization"},"image":{"@id":"https:\/\/buletin.de\/bucuresti\/foto-expozitie-cu-masini-de-epoca-in-piata-amzei-la-hub-ul-degalben\/#primaryimage"},"thumbnailUrl":"https:\/\/buletin.de\/bucuresti\/wp-content\/uploads\/2026\/04\/682678806_122192875256596509_8270363476343134623_n.jpg","keywords":["deGalben","expozi\u021bie","ma\u0219ini de epoc\u0103","Pia\u021ba Amzei","Prim\u0103ria Sectorului 1","Retromobil Club Rom\u00e2nia","Sector 1"],"articleSection":["Articole","Eveniment","\u0218tiri"],"inLanguage":"en-GB","copyrightYear":"2026","copyrightHolder":{"@id":"https:\/\/buletin.de\/bucuresti\/#organization"}},{"@type":"WebPage","@id":"https:\/\/buletin.de\/bucuresti\/foto-expozitie-cu-masini-de-epoca-in-piata-amzei-la-hub-ul-degalben\/","url":"https:\/\/buletin.de\/bucuresti\/foto-expozitie-cu-masini-de-epoca-in-piata-amzei-la-hub-ul-degalben\/","name":"FOTO | Expozi\u021bie cu ma\u0219ini de epoc\u0103 \u00een Pia\u021ba Amzei, la Hub-ul deGalben - Buletin de Bucure\u0219ti","isPartOf":{"@id":"https:\/\/buletin.de\/bucuresti\/#website"},"primaryImageOfPage":{"@id":"https:\/\/buletin.de\/bucuresti\/foto-expozitie-cu-masini-de-epoca-in-piata-amzei-la-hub-ul-degalben\/#primaryimage"},"image":{"@id":"https:\/\/buletin.de\/bucuresti\/foto-expozitie-cu-masini-de-epoca-in-piata-amzei-la-hub-ul-degalben\/#primaryimage"},"thumbnailUrl":"https:\/\/buletin.de\/bucuresti\/wp-content\/uploads\/2026\/04\/682678806_122192875256596509_8270363476343134623_n.jpg","datePublished":"2026-04-28T10:35:51+00:00","dateModified":"2026-04-28T10:35:52+00:00","description":"O expozi\u021bie cu ma\u0219ini de epoc\u0103 urmeaz\u0103 s\u0103 fie organizat\u0103 \u00een perioada 3-9 mai la HUB-ul deGalben aflat \u00een Pia\u021ba Amzei nr.13.","breadcrumb":{"@id":"https:\/\/buletin.de\/bucuresti\/foto-expozitie-cu-masini-de-epoca-in-piata-amzei-la-hub-ul-degalben\/#breadcrumb"},"inLanguage":"en-GB","potentialAction":[{"@type":"ReadAction","target":["https:\/\/buletin.de\/bucuresti\/foto-expozitie-cu-masini-de-epoca-in-piata-amzei-la-hub-ul-degalben\/"]}]},{"@type":"ImageObject","inLanguage":"en-GB","@id":"https:\/\/buletin.de\/bucuresti\/foto-expozitie-cu-masini-de-epoca-in-piata-amzei-la-hub-ul-degalben\/#primaryimage","url":"https:\/\/buletin.de\/bucuresti\/wp-content\/uploads\/2026\/04\/682678806_122192875256596509_8270363476343134623_n.jpg","contentUrl":"https:\/\/buletin.de\/bucuresti\/wp-content\/uploads\/2026\/04\/682678806_122192875256596509_8270363476343134623_n.jpg","width":1920,"height":1280,"caption":"FOTO | Expozi\u021bie cu ma\u0219ini de epoc\u0103 \u00een Pia\u021ba Amzei, la Hub-ul deGalben. FOTO: Prim\u0103ria Sectorului 1"},{"@type":"BreadcrumbList","@id":"https:\/\/buletin.de\/bucuresti\/foto-expozitie-cu-masini-de-epoca-in-piata-amzei-la-hub-ul-degalben\/#breadcrumb","itemListElement":[{"@type":"ListItem","position":1,"name":"Acas\u0103","item":"https:\/\/buletin.de\/bucuresti\/"},{"@type":"ListItem","position":2,"name":"FOTO | Expozi\u021bie cu ma\u0219ini de epoc\u0103 \u00een Pia\u021ba Amzei, la Hub-ul deGalben"}]},{"@type":"WebSite","@id":"https:\/\/buletin.de\/bucuresti\/#website","url":"https:\/\/buletin.de\/bucuresti\/","name":"Buletin de Bucure\u0219ti","description":"\u0218tiri \u0219i investiga\u021bii esen\u021biale din capital\u0103","publisher":{"@id":"https:\/\/buletin.de\/bucuresti\/#organization"},"potentialAction":[{"@type":"SearchAction","target":{"@type":"EntryPoint","urlTemplate":"https:\/\/buletin.de\/bucuresti\/?s={search_term_string}"},"query-input":{"@type":"PropertyValueSpecification","valueRequired":true,"valueName":"search_term_string"}}],"inLanguage":"en-GB"},{"@type":"Organization","@id":"https:\/\/buletin.de\/bucuresti\/#organization","name":"Buletin de Bucure\u0219ti","url":"https:\/\/buletin.de\/bucuresti\/","logo":{"@type":"ImageObject","inLanguage":"en-GB","@id":"https:\/\/buletin.de\/bucuresti\/#\/schema\/logo\/image\/","url":"https:\/\/buletin.de\/bucuresti\/wp-content\/uploads\/logo-bdb-full-wide-vernil-transparent.png","contentUrl":"https:\/\/buletin.de\/bucuresti\/wp-content\/uploads\/logo-bdb-full-wide-vernil-transparent.png","width":1782,"height":626,"caption":"Buletin de Bucure\u0219ti"},"image":{"@id":"https:\/\/buletin.de\/bucuresti\/#\/schema\/logo\/image\/"},"sameAs":["https:\/\/www.facebook.com\/buletin.de.buc","https:\/\/www.instagram.com\/buletinde.bucuresti\/"]},{"@type":"Person","@id":"https:\/\/buletin.de\/bucuresti\/#\/schema\/person\/8badd0805392c02e16b744e0d5cd3625","name":"Deniz Garguli","image":{"@type":"ImageObject","inLanguage":"en-GB","@id":"https:\/\/buletin.de\/bucuresti\/wp-content\/uploads\/2026\/01\/79b44b20-a270-4ee6-afb3-fdf3c7ef7782-96x96.jpege2491ce6d396dbf7c1362e9ef046c803","url":"https:\/\/buletin.de\/bucuresti\/wp-content\/uploads\/2026\/01\/79b44b20-a270-4ee6-afb3-fdf3c7ef7782-96x96.jpeg","contentUrl":"https:\/\/buletin.de\/bucuresti\/wp-content\/uploads\/2026\/01\/79b44b20-a270-4ee6-afb3-fdf3c7ef7782-96x96.jpeg","caption":"Deniz Garguli"},"description":"N\u0103scut\u0103 \u0219i crescut\u0103 \u00een Capital\u0103, dorin\u021ba de a fi la curent cu tot ce se \u00eent\u00e2mpl\u0103 \u00een Bucure\u0219ti a \u00eempins-o c\u0103tre pres\u0103, mai cu seam\u0103 c\u0103tre cea local\u0103. A lucrat vreme de patru ani la B365, unde s-a ocupat de \u0219tiri despre ora\u0219 \u0219i oamenii care locuiesc \u00een el. Din 2026 s-a al\u0103turat echipei Buletin de Bucure\u0219ti.","url":"https:\/\/buletin.de\/bucuresti\/author\/deniz-garguli\/"}]}},"authors":[{"term_id":26103,"user_id":66,"is_guest":0,"slug":"deniz-garguli","display_name":"Deniz Garguli","avatar_url":"https:\/\/buletin.de\/bucuresti\/wp-content\/uploads\/2026\/01\/79b44b20-a270-4ee6-afb3-fdf3c7ef7782-96x96.jpeg","0":null,"1":"","2":"","3":"","4":"","5":"","6":"","7":"","8":""}],"_links":{"self":[{"href":"https:\/\/buletin.de\/bucuresti\/wp-json\/wp\/v2\/posts\/189868","targetHints":{"allow":["GET"]}}],"collection":[{"href":"https:\/\/buletin.de\/bucuresti\/wp-json\/wp\/v2\/posts"}],"about":[{"href":"https:\/\/buletin.de\/bucuresti\/wp-json\/wp\/v2\/types\/post"}],"author":[{"embeddable":true,"href":"https:\/\/buletin.de\/bucuresti\/wp-json\/wp\/v2\/users\/66"}],"replies":[{"embeddable":true,"href":"https:\/\/buletin.de\/bucuresti\/wp-json\/wp\/v2\/comments?post=189868"}],"version-history":[{"count":4,"href":"https:\/\/buletin.de\/bucuresti\/wp-json\/wp\/v2\/posts\/189868\/revisions"}],"predecessor-version":[{"id":189919,"href":"https:\/\/buletin.de\/bucuresti\/wp-json\/wp\/v2\/posts\/189868\/revisions\/189919"}],"wp:featuredmedia":[{"embeddable":true,"href":"https:\/\/buletin.de\/bucuresti\/wp-json\/wp\/v2\/media\/189917"}],"wp:attachment":[{"href":"https:\/\/buletin.de\/bucuresti\/wp-json\/wp\/v2\/media?parent=189868"}],"wp:term":[{"taxonomy":"category","embeddable":true,"href":"https:\/\/buletin.de\/bucuresti\/wp-json\/wp\/v2\/categories?post=189868"},{"taxonomy":"post_tag","embeddable":true,"href":"https:\/\/buletin.de\/bucuresti\/wp-json\/wp\/v2\/tags?post=189868"},{"taxonomy":"author","embeddable":true,"href":"https:\/\/buletin.de\/bucuresti\/wp-json\/wp\/v2\/ppma_author?post=189868"}],"curies":[{"name":"wp","href":"https:\/\/api.w.org\/{rel}","templated":true}]}}