{"id":189844,"date":"2026-04-28T13:10:11","date_gmt":"2026-04-28T10:10:11","guid":{"rendered":"https:\/\/buletin.de\/bucuresti\/?p=189844"},"modified":"2026-04-28T13:10:14","modified_gmt":"2026-04-28T10:10:14","slug":"zece-statii-de-apa-potabila-au-fost-amplasate-in-aeroporturile-otopeni-si-baneasa","status":"publish","type":"post","link":"https:\/\/buletin.de\/bucuresti\/zece-statii-de-apa-potabila-au-fost-amplasate-in-aeroporturile-otopeni-si-baneasa\/","title":{"rendered":"Zece sta\u021bii de ap\u0103 potabil\u0103 au fost amplasate \u00een aeroporturile Otopeni \u0219i B\u0103neasa"},"content":{"rendered":"\n<p><strong>Pe aeroporturile \u201eHenri Coand\u0103\u201d (Otopeni) \u0219i \u201eAurel Vlaicu\u201d (B\u0103neasa) au fost amplasate primele zece sta\u021bii de ap\u0103 potabil\u0103, dup\u0103 cum a anun\u021bat Compania Na\u021bional\u0103 Aeroporturi Bucure\u0219ti (<a href=\"https:\/\/bucharestairports.ro\/\" type=\"link\" id=\"https:\/\/bucharestairports.ro\/\" target=\"_blank\" rel=\"noreferrer noopener\">CNAB<\/a>).<\/strong><\/p>\n\n\n\n<p><strong>Sta\u021biile sunt conectate la re\u021beaua de ap\u0103 \u0219i sunt dotate cu dispozitive de \u00eenc\u0103rcare a sticlelor, dar \u0219i cu ci\u0219mele. <\/strong><\/p>\n\n\n\n<h2 class=\"wp-block-heading\" id=\"h-zece-sta\u021bii-de-apa-potabila-la-aeroporturile-otopeni-\u0219i-baneasa\">Zece sta\u021bii de ap\u0103 potabil\u0103 la aeroporturile Otopeni \u0219i B\u0103neasa<\/h2>\n\n\n\n<p>Au fost realizate toate interven\u021biile tehnice necesare, iar din februarie, apa de la robinet, din Aeroportul \u201eHenri Coand\u0103\u201d, este potabil\u0103 \u0219i microbiologic pur\u0103. \u00cencep\u00e2nd cu aceast\u0103 lun\u0103, sunt func\u021bionale sta\u021biile de ap\u0103 de la care pasagerii \u00ee\u0219i pot \u00eenc\u0103rca sticlele, dup\u0103 cum <a href=\"https:\/\/www.facebook.com\/reel\/1229006592644297\" type=\"link\" id=\"https:\/\/www.facebook.com\/reel\/1229006592644297\" target=\"_blank\" rel=\"noreferrer noopener\">a precizat conducerea CNAB<\/a>.<\/p>\n\n\n\n<p>Alimentarea cu ap\u0103 potabil\u0103 a aeroportului se realizeaz\u0103 prin foraje proprii de mare ad\u00e2ncime, fiind distribuit\u0103 pasagerilor \u00een terminale printr-o re\u021bea de conducte de aproximativ 23 de kilometri. <\/p>\n\n\n\n<p><strong>Sta\u021biile de ap\u0103 sunt disponibile at\u00e2t \u00een zonele publice, c\u00e2t \u0219i \u00een cele cu acces restric\u021bionat ale terminalelor, inclusiv la por\u021bile de \u00eembarcare din zona \u201ePlec\u0103ri\u201d sau la \u201eSosiri\u201d.<\/strong><\/p>\n\n\n\n<p>Pasagerii care tranziteaz\u0103 aeroportul vor avea la dispozi\u021bie ap\u0103 potabil\u0103 gratuit\u0103, precum \u0219i dispozitive de \u00eenc\u0103rcare cu ap\u0103 a sticlelor. <\/p>\n\n\n\n<p><strong>\u00cen Aeroportul B\u0103neasa a fost montat\u0103 o sta\u021bie de ap\u0103 potabil\u0103 pentru pasageri. <\/strong><\/p>\n\n\n\n<p><strong>Num\u0103rul sta\u021biilor va fi suplimentat \u00een zonele cele mai frecventate de pasageri, cu grad mare de utilizare. <\/strong>Potrivit CNAB, sta\u021biile sunt dotate cu contoare ce monitorizeaz\u0103 num\u0103rul sticlelor umplute, iar analiza va identifica rapid zonele \u00een care este nevoie de suplimentarea num\u0103rului sta\u021biilor. <\/p>\n\n\n\n<figure class=\"wp-block-video\"><video height=\"1024\" style=\"aspect-ratio: 576 \/ 1024;\" width=\"576\" controls src=\"https:\/\/buletin.de\/bucuresti\/wp-content\/uploads\/2026\/04\/WhatsApp-Video-2026-04-28-at-11.45.34.mp4\"><\/video><\/figure>\n\n\n\n<h2 class=\"wp-block-heading\" id=\"h-de-unde-provine-apa-de-la-aeroportul-otopeni\">De unde provine apa de la aeroportul Otopeni <\/h2>\n\n\n\n<p><strong>La \u00eenceputul lunii februarie, CNAB anun\u021ba c\u0103 apa de la robinet respect\u0103 din nou parametrii de calitate, conform prevederilor legale, iar sursa este asigurat\u0103 din pu\u021buri proprii. Acestea sunt, \u00eens\u0103, amenin\u021bate de devers\u0103rile ilegale din zon\u0103, dup\u0103 cum <a href=\"https:\/\/buletin.de\/bucuresti\/aeroportul-otopeni-reintroduce-cismele-potabile-gratuite-dupa-ce-pasagerii-au-cumparat-ani-la-rand-apa-la-suprapret-puturile-sunt-inconjurate-insa-de-deversari-toxice-depasite-cu-600\/\" type=\"link\" id=\"https:\/\/buletin.de\/bucuresti\/aeroportul-otopeni-reintroduce-cismele-potabile-gratuite-dupa-ce-pasagerii-au-cumparat-ani-la-rand-apa-la-suprapret-puturile-sunt-inconjurate-insa-de-deversari-toxice-depasite-cu-600\/\" target=\"_blank\" rel=\"noreferrer noopener\">a scris Buletin de Bucure\u0219ti la momentul respectiv<\/a>.<\/strong><\/p>\n\n\n\n<p>\u00cen 2012, problemele de alimentare cu ap\u0103 \u00een aeroportul Otopeni au devenit critice. Odat\u0103 cu modificarea legisla\u021biei privind parametrii de puritate a apei potabile, a ie\u0219it la iveal\u0103 faptul c\u0103 apa potabil\u0103 b\u0103ut\u0103 de pasageri nu este, de fapt, potabil\u0103. <\/p>\n\n\n\n<p>Timp de 14 ani, conducerea aeroportului a men\u021binut interdic\u021bia de consum, \u00eens\u0103 traficul de pasageri s-a dublat, \u00eentre timp. Apa aeroportului provine din foraje proprii de mare ad\u00e2ncime, ce necesit\u0103 sisteme complexe de filtrare \u0219i tratare, \u00eentruc\u00e2t p\u00e2nza freatic\u0103 este extrem de poluat\u0103 \u00een zon\u0103. <\/p>\n\n\n\n<p>CITE\u0218TE \u0218I <a href=\"https:\/\/buletin.de\/bucuresti\/scumpirea-biletelor-de-metrou-se-amana-cu-doua-luni-ministrul-interimar-al-transporturilor-cere-un-plan-de-reducerea-a-cheltuielilor-la-metrorex\/\" target=\"_blank\" rel=\"noreferrer noopener\">Scumpirea biletelor de metrou se am\u00e2n\u0103 cu dou\u0103 luni. Ministrul interimar al Transporturilor cere un plan de reducerea a cheltuielilor la Metrorex<\/a><\/p>\n","protected":false},"excerpt":{"rendered":"<p>Pe aeroporturile \u201eHenri Coand\u0103\u201d (Otopeni) \u0219i \u201eAurel Vlaicu\u201d (B\u0103neasa) au fost amplasate primele zece sta\u021bii de ap\u0103 potabil\u0103, dup\u0103 cum a anun\u021bat Compania Na\u021bional\u0103 Aeroporturi Bucure\u0219ti (CNAB). Sta\u021biile sunt conectate la re\u021beaua de ap\u0103 \u0219i sunt dotate cu dispozitive de \u00eenc\u0103rcare a sticlelor, dar \u0219i cu ci\u0219mele. Zece sta\u021bii de ap\u0103 potabil\u0103 la aeroporturile Otopeni [&hellip;]<\/p>\n","protected":false},"author":65,"featured_media":189881,"comment_status":"closed","ping_status":"open","sticky":false,"template":"","format":"standard","meta":{"_acf_changed":false,"inline_featured_image":false,"ngg_post_thumbnail":0,"footnotes":""},"categories":[6994,62,650],"tags":[4400,10364,8978,2964,6004,28013],"ppma_author":[23912],"class_list":["post-189844","post","type-post","status-publish","format-standard","has-post-thumbnail","hentry","category-stiri-2","category-stiri","category-transport","tag-aeroport-baneasa","tag-aeroport-henri-coanda","tag-apa-potabila","tag-cnab","tag-compania-nationala-aeroporturi-bucuresti","tag-statii-de-apa-potabila"],"acf":[],"yoast_head":"<!-- This site is optimized with the Yoast SEO Premium plugin v25.3 (Yoast SEO v27.4) - https:\/\/yoast.com\/product\/yoast-seo-premium-wordpress\/ -->\n<title>Zece sta\u021bii de ap\u0103 potabil\u0103 au fost amplasate \u00een aeroporturile Otopeni \u0219i B\u0103neasa - Buletin de Bucure\u0219ti<\/title>\n<meta name=\"description\" content=\"Pe aeroporturile \u201eHenri Coand\u0103\u201d (Otopeni) \u0219i \u201eAurel Vlaicu\u201d (B\u0103neasa) au fost amplasate primele zece sta\u021bii de ap\u0103 potabil\u0103, a anun\u021bat CNAB.\" \/>\n<meta name=\"robots\" content=\"index, follow, max-snippet:-1, max-image-preview:large, max-video-preview:-1\" \/>\n<link rel=\"canonical\" href=\"https:\/\/buletin.de\/bucuresti\/zece-statii-de-apa-potabila-au-fost-amplasate-in-aeroporturile-otopeni-si-baneasa\/\" \/>\n<meta property=\"og:locale\" content=\"en_GB\" \/>\n<meta property=\"og:type\" content=\"article\" \/>\n<meta property=\"og:title\" content=\"Zece sta\u021bii de ap\u0103 potabil\u0103 au fost amplasate \u00een aeroporturile Otopeni \u0219i B\u0103neasa\" \/>\n<meta property=\"og:description\" content=\"Pe aeroporturile \u201eHenri Coand\u0103\u201d (Otopeni) \u0219i \u201eAurel Vlaicu\u201d (B\u0103neasa) au fost amplasate primele zece sta\u021bii de ap\u0103 potabil\u0103, a anun\u021bat CNAB.\" \/>\n<meta property=\"og:url\" content=\"https:\/\/buletin.de\/bucuresti\/zece-statii-de-apa-potabila-au-fost-amplasate-in-aeroporturile-otopeni-si-baneasa\/\" \/>\n<meta property=\"og:site_name\" content=\"Buletin de Bucure\u0219ti\" \/>\n<meta property=\"article:publisher\" content=\"https:\/\/www.facebook.com\/buletin.de.buc\" \/>\n<meta property=\"article:published_time\" content=\"2026-04-28T10:10:11+00:00\" \/>\n<meta property=\"article:modified_time\" content=\"2026-04-28T10:10:14+00:00\" \/>\n<meta property=\"og:image\" content=\"https:\/\/buletin.de\/bucuresti\/wp-content\/uploads\/2026\/04\/Statii-de-apa-potabila-aeroporturile-Otopeni-Baneasa.jpg\" \/>\n\t<meta property=\"og:image:width\" content=\"1200\" \/>\n\t<meta property=\"og:image:height\" content=\"650\" \/>\n\t<meta property=\"og:image:type\" content=\"image\/jpeg\" \/>\n<meta name=\"author\" content=\"Andreea St\u0103n\u0103r\u00eeng\u0103\" \/>\n<meta name=\"twitter:card\" content=\"summary_large_image\" \/>\n<meta name=\"twitter:label1\" content=\"Written by\" \/>\n\t<meta name=\"twitter:data1\" content=\"Andreea St\u0103n\u0103r\u00eeng\u0103\" \/>\n\t<meta name=\"twitter:label2\" content=\"Estimated reading time\" \/>\n\t<meta name=\"twitter:data2\" content=\"2 minutes\" \/>\n<script type=\"application\/ld+json\" class=\"yoast-schema-graph\">{\"@context\":\"https:\\\/\\\/schema.org\",\"@graph\":[{\"@type\":\"Article\",\"@id\":\"https:\\\/\\\/buletin.de\\\/bucuresti\\\/zece-statii-de-apa-potabila-au-fost-amplasate-in-aeroporturile-otopeni-si-baneasa\\\/#article\",\"isPartOf\":{\"@id\":\"https:\\\/\\\/buletin.de\\\/bucuresti\\\/zece-statii-de-apa-potabila-au-fost-amplasate-in-aeroporturile-otopeni-si-baneasa\\\/\"},\"author\":{\"name\":\"Andreea St\u0103n\u0103r\u00eeng\u0103\",\"@id\":\"https:\\\/\\\/buletin.de\\\/bucuresti\\\/#\\\/schema\\\/person\\\/81421a46fb84a0887cfd2238f5202586\"},\"headline\":\"Zece sta\u021bii de ap\u0103 potabil\u0103 au fost amplasate \u00een aeroporturile Otopeni \u0219i B\u0103neasa\",\"datePublished\":\"2026-04-28T10:10:11+00:00\",\"dateModified\":\"2026-04-28T10:10:14+00:00\",\"mainEntityOfPage\":{\"@id\":\"https:\\\/\\\/buletin.de\\\/bucuresti\\\/zece-statii-de-apa-potabila-au-fost-amplasate-in-aeroporturile-otopeni-si-baneasa\\\/\"},\"wordCount\":460,\"publisher\":{\"@id\":\"https:\\\/\\\/buletin.de\\\/bucuresti\\\/#organization\"},\"image\":{\"@id\":\"https:\\\/\\\/buletin.de\\\/bucuresti\\\/zece-statii-de-apa-potabila-au-fost-amplasate-in-aeroporturile-otopeni-si-baneasa\\\/#primaryimage\"},\"thumbnailUrl\":\"https:\\\/\\\/buletin.de\\\/bucuresti\\\/wp-content\\\/uploads\\\/2026\\\/04\\\/Statii-de-apa-potabila-aeroporturile-Otopeni-Baneasa.jpg\",\"keywords\":[\"aeroport baneasa\",\"aeroport henri coanda\",\"apa potabila\",\"cnab\",\"compania nationala aeroporturi bucuresti\",\"statii de apa potabila\"],\"articleSection\":[\"Articole\",\"\u0218tiri\",\"Transport\"],\"inLanguage\":\"en-GB\",\"copyrightYear\":\"2026\",\"copyrightHolder\":{\"@id\":\"https:\\\/\\\/buletin.de\\\/bucuresti\\\/#organization\"}},{\"@type\":\"WebPage\",\"@id\":\"https:\\\/\\\/buletin.de\\\/bucuresti\\\/zece-statii-de-apa-potabila-au-fost-amplasate-in-aeroporturile-otopeni-si-baneasa\\\/\",\"url\":\"https:\\\/\\\/buletin.de\\\/bucuresti\\\/zece-statii-de-apa-potabila-au-fost-amplasate-in-aeroporturile-otopeni-si-baneasa\\\/\",\"name\":\"Zece sta\u021bii de ap\u0103 potabil\u0103 au fost amplasate \u00een aeroporturile Otopeni \u0219i B\u0103neasa - Buletin de Bucure\u0219ti\",\"isPartOf\":{\"@id\":\"https:\\\/\\\/buletin.de\\\/bucuresti\\\/#website\"},\"primaryImageOfPage\":{\"@id\":\"https:\\\/\\\/buletin.de\\\/bucuresti\\\/zece-statii-de-apa-potabila-au-fost-amplasate-in-aeroporturile-otopeni-si-baneasa\\\/#primaryimage\"},\"image\":{\"@id\":\"https:\\\/\\\/buletin.de\\\/bucuresti\\\/zece-statii-de-apa-potabila-au-fost-amplasate-in-aeroporturile-otopeni-si-baneasa\\\/#primaryimage\"},\"thumbnailUrl\":\"https:\\\/\\\/buletin.de\\\/bucuresti\\\/wp-content\\\/uploads\\\/2026\\\/04\\\/Statii-de-apa-potabila-aeroporturile-Otopeni-Baneasa.jpg\",\"datePublished\":\"2026-04-28T10:10:11+00:00\",\"dateModified\":\"2026-04-28T10:10:14+00:00\",\"description\":\"Pe aeroporturile \u201eHenri Coand\u0103\u201d (Otopeni) \u0219i \u201eAurel Vlaicu\u201d (B\u0103neasa) au fost amplasate primele zece sta\u021bii de ap\u0103 potabil\u0103, a anun\u021bat CNAB.\",\"breadcrumb\":{\"@id\":\"https:\\\/\\\/buletin.de\\\/bucuresti\\\/zece-statii-de-apa-potabila-au-fost-amplasate-in-aeroporturile-otopeni-si-baneasa\\\/#breadcrumb\"},\"inLanguage\":\"en-GB\",\"potentialAction\":[{\"@type\":\"ReadAction\",\"target\":[\"https:\\\/\\\/buletin.de\\\/bucuresti\\\/zece-statii-de-apa-potabila-au-fost-amplasate-in-aeroporturile-otopeni-si-baneasa\\\/\"]}]},{\"@type\":\"ImageObject\",\"inLanguage\":\"en-GB\",\"@id\":\"https:\\\/\\\/buletin.de\\\/bucuresti\\\/zece-statii-de-apa-potabila-au-fost-amplasate-in-aeroporturile-otopeni-si-baneasa\\\/#primaryimage\",\"url\":\"https:\\\/\\\/buletin.de\\\/bucuresti\\\/wp-content\\\/uploads\\\/2026\\\/04\\\/Statii-de-apa-potabila-aeroporturile-Otopeni-Baneasa.jpg\",\"contentUrl\":\"https:\\\/\\\/buletin.de\\\/bucuresti\\\/wp-content\\\/uploads\\\/2026\\\/04\\\/Statii-de-apa-potabila-aeroporturile-Otopeni-Baneasa.jpg\",\"width\":1200,\"height\":650,\"caption\":\"Au fost montate primele sta\u021bii de ap\u0103 potabil\u0103 la aeroporturile din Bucure\u0219ti. Foto: CNAB\"},{\"@type\":\"BreadcrumbList\",\"@id\":\"https:\\\/\\\/buletin.de\\\/bucuresti\\\/zece-statii-de-apa-potabila-au-fost-amplasate-in-aeroporturile-otopeni-si-baneasa\\\/#breadcrumb\",\"itemListElement\":[{\"@type\":\"ListItem\",\"position\":1,\"name\":\"Acas\u0103\",\"item\":\"https:\\\/\\\/buletin.de\\\/bucuresti\\\/\"},{\"@type\":\"ListItem\",\"position\":2,\"name\":\"Zece sta\u021bii de ap\u0103 potabil\u0103 au fost amplasate \u00een aeroporturile Otopeni \u0219i B\u0103neasa\"}]},{\"@type\":\"WebSite\",\"@id\":\"https:\\\/\\\/buletin.de\\\/bucuresti\\\/#website\",\"url\":\"https:\\\/\\\/buletin.de\\\/bucuresti\\\/\",\"name\":\"Buletin de Bucure\u0219ti\",\"description\":\"\u0218tiri \u0219i investiga\u021bii esen\u021biale din capital\u0103\",\"publisher\":{\"@id\":\"https:\\\/\\\/buletin.de\\\/bucuresti\\\/#organization\"},\"potentialAction\":[{\"@type\":\"SearchAction\",\"target\":{\"@type\":\"EntryPoint\",\"urlTemplate\":\"https:\\\/\\\/buletin.de\\\/bucuresti\\\/?s={search_term_string}\"},\"query-input\":{\"@type\":\"PropertyValueSpecification\",\"valueRequired\":true,\"valueName\":\"search_term_string\"}}],\"inLanguage\":\"en-GB\"},{\"@type\":\"Organization\",\"@id\":\"https:\\\/\\\/buletin.de\\\/bucuresti\\\/#organization\",\"name\":\"Buletin de Bucure\u0219ti\",\"url\":\"https:\\\/\\\/buletin.de\\\/bucuresti\\\/\",\"logo\":{\"@type\":\"ImageObject\",\"inLanguage\":\"en-GB\",\"@id\":\"https:\\\/\\\/buletin.de\\\/bucuresti\\\/#\\\/schema\\\/logo\\\/image\\\/\",\"url\":\"https:\\\/\\\/buletin.de\\\/bucuresti\\\/wp-content\\\/uploads\\\/logo-bdb-full-wide-vernil-transparent.png\",\"contentUrl\":\"https:\\\/\\\/buletin.de\\\/bucuresti\\\/wp-content\\\/uploads\\\/logo-bdb-full-wide-vernil-transparent.png\",\"width\":1782,\"height\":626,\"caption\":\"Buletin de Bucure\u0219ti\"},\"image\":{\"@id\":\"https:\\\/\\\/buletin.de\\\/bucuresti\\\/#\\\/schema\\\/logo\\\/image\\\/\"},\"sameAs\":[\"https:\\\/\\\/www.facebook.com\\\/buletin.de.buc\",\"https:\\\/\\\/www.instagram.com\\\/buletinde.bucuresti\\\/\"]},{\"@type\":\"Person\",\"@id\":\"https:\\\/\\\/buletin.de\\\/bucuresti\\\/#\\\/schema\\\/person\\\/81421a46fb84a0887cfd2238f5202586\",\"name\":\"Andreea St\u0103n\u0103r\u00eeng\u0103\",\"image\":{\"@type\":\"ImageObject\",\"inLanguage\":\"en-GB\",\"@id\":\"https:\\\/\\\/secure.gravatar.com\\\/avatar\\\/dfa8d227a4388fad0f0bb03add04b5b176f4da34397dbb2eadc563b3d7162ce0?s=96&d=monsterid&r=g72784372b39ffe5a98a45288fe0d0e8a\",\"url\":\"https:\\\/\\\/secure.gravatar.com\\\/avatar\\\/dfa8d227a4388fad0f0bb03add04b5b176f4da34397dbb2eadc563b3d7162ce0?s=96&d=monsterid&r=g\",\"contentUrl\":\"https:\\\/\\\/secure.gravatar.com\\\/avatar\\\/dfa8d227a4388fad0f0bb03add04b5b176f4da34397dbb2eadc563b3d7162ce0?s=96&d=monsterid&r=g\",\"caption\":\"Andreea St\u0103n\u0103r\u00eeng\u0103\"},\"description\":\"Cu o experien\u021b\u0103 de peste 5 ani \u00een pres\u0103, face parte din echipa Buletin de Bucure\u0219ti din septembrie 2025. A colaborat cu c\u00e2teva publica\u021bii, printre care \u0219i Fanatik.ro, unde s-a ocupat de \u0219tiri de lifestyle \u0219i de actualitate. A f\u0103cut un pas c\u0103tre presa local\u0103 pentru a explora Bucure\u0219tiul \u0219i pove\u0219tile care merit\u0103 spuse.\",\"url\":\"https:\\\/\\\/buletin.de\\\/bucuresti\\\/author\\\/andreea-stanaranga\\\/\"}]}<\/script>\n<!-- \/ Yoast SEO Premium plugin. -->","yoast_head_json":{"title":"Zece sta\u021bii de ap\u0103 potabil\u0103 au fost amplasate \u00een aeroporturile Otopeni \u0219i B\u0103neasa - Buletin de Bucure\u0219ti","description":"Pe aeroporturile \u201eHenri Coand\u0103\u201d (Otopeni) \u0219i \u201eAurel Vlaicu\u201d (B\u0103neasa) au fost amplasate primele zece sta\u021bii de ap\u0103 potabil\u0103, a anun\u021bat CNAB.","robots":{"index":"index","follow":"follow","max-snippet":"max-snippet:-1","max-image-preview":"max-image-preview:large","max-video-preview":"max-video-preview:-1"},"canonical":"https:\/\/buletin.de\/bucuresti\/zece-statii-de-apa-potabila-au-fost-amplasate-in-aeroporturile-otopeni-si-baneasa\/","og_locale":"en_GB","og_type":"article","og_title":"Zece sta\u021bii de ap\u0103 potabil\u0103 au fost amplasate \u00een aeroporturile Otopeni \u0219i B\u0103neasa","og_description":"Pe aeroporturile \u201eHenri Coand\u0103\u201d (Otopeni) \u0219i \u201eAurel Vlaicu\u201d (B\u0103neasa) au fost amplasate primele zece sta\u021bii de ap\u0103 potabil\u0103, a anun\u021bat CNAB.","og_url":"https:\/\/buletin.de\/bucuresti\/zece-statii-de-apa-potabila-au-fost-amplasate-in-aeroporturile-otopeni-si-baneasa\/","og_site_name":"Buletin de Bucure\u0219ti","article_publisher":"https:\/\/www.facebook.com\/buletin.de.buc","article_published_time":"2026-04-28T10:10:11+00:00","article_modified_time":"2026-04-28T10:10:14+00:00","og_image":[{"width":1200,"height":650,"url":"https:\/\/buletin.de\/bucuresti\/wp-content\/uploads\/2026\/04\/Statii-de-apa-potabila-aeroporturile-Otopeni-Baneasa.jpg","type":"image\/jpeg"}],"author":"Andreea St\u0103n\u0103r\u00eeng\u0103","twitter_card":"summary_large_image","twitter_misc":{"Written by":"Andreea St\u0103n\u0103r\u00eeng\u0103","Estimated reading time":"2 minutes"},"schema":{"@context":"https:\/\/schema.org","@graph":[{"@type":"Article","@id":"https:\/\/buletin.de\/bucuresti\/zece-statii-de-apa-potabila-au-fost-amplasate-in-aeroporturile-otopeni-si-baneasa\/#article","isPartOf":{"@id":"https:\/\/buletin.de\/bucuresti\/zece-statii-de-apa-potabila-au-fost-amplasate-in-aeroporturile-otopeni-si-baneasa\/"},"author":{"name":"Andreea St\u0103n\u0103r\u00eeng\u0103","@id":"https:\/\/buletin.de\/bucuresti\/#\/schema\/person\/81421a46fb84a0887cfd2238f5202586"},"headline":"Zece sta\u021bii de ap\u0103 potabil\u0103 au fost amplasate \u00een aeroporturile Otopeni \u0219i B\u0103neasa","datePublished":"2026-04-28T10:10:11+00:00","dateModified":"2026-04-28T10:10:14+00:00","mainEntityOfPage":{"@id":"https:\/\/buletin.de\/bucuresti\/zece-statii-de-apa-potabila-au-fost-amplasate-in-aeroporturile-otopeni-si-baneasa\/"},"wordCount":460,"publisher":{"@id":"https:\/\/buletin.de\/bucuresti\/#organization"},"image":{"@id":"https:\/\/buletin.de\/bucuresti\/zece-statii-de-apa-potabila-au-fost-amplasate-in-aeroporturile-otopeni-si-baneasa\/#primaryimage"},"thumbnailUrl":"https:\/\/buletin.de\/bucuresti\/wp-content\/uploads\/2026\/04\/Statii-de-apa-potabila-aeroporturile-Otopeni-Baneasa.jpg","keywords":["aeroport baneasa","aeroport henri coanda","apa potabila","cnab","compania nationala aeroporturi bucuresti","statii de apa potabila"],"articleSection":["Articole","\u0218tiri","Transport"],"inLanguage":"en-GB","copyrightYear":"2026","copyrightHolder":{"@id":"https:\/\/buletin.de\/bucuresti\/#organization"}},{"@type":"WebPage","@id":"https:\/\/buletin.de\/bucuresti\/zece-statii-de-apa-potabila-au-fost-amplasate-in-aeroporturile-otopeni-si-baneasa\/","url":"https:\/\/buletin.de\/bucuresti\/zece-statii-de-apa-potabila-au-fost-amplasate-in-aeroporturile-otopeni-si-baneasa\/","name":"Zece sta\u021bii de ap\u0103 potabil\u0103 au fost amplasate \u00een aeroporturile Otopeni \u0219i B\u0103neasa - Buletin de Bucure\u0219ti","isPartOf":{"@id":"https:\/\/buletin.de\/bucuresti\/#website"},"primaryImageOfPage":{"@id":"https:\/\/buletin.de\/bucuresti\/zece-statii-de-apa-potabila-au-fost-amplasate-in-aeroporturile-otopeni-si-baneasa\/#primaryimage"},"image":{"@id":"https:\/\/buletin.de\/bucuresti\/zece-statii-de-apa-potabila-au-fost-amplasate-in-aeroporturile-otopeni-si-baneasa\/#primaryimage"},"thumbnailUrl":"https:\/\/buletin.de\/bucuresti\/wp-content\/uploads\/2026\/04\/Statii-de-apa-potabila-aeroporturile-Otopeni-Baneasa.jpg","datePublished":"2026-04-28T10:10:11+00:00","dateModified":"2026-04-28T10:10:14+00:00","description":"Pe aeroporturile \u201eHenri Coand\u0103\u201d (Otopeni) \u0219i \u201eAurel Vlaicu\u201d (B\u0103neasa) au fost amplasate primele zece sta\u021bii de ap\u0103 potabil\u0103, a anun\u021bat CNAB.","breadcrumb":{"@id":"https:\/\/buletin.de\/bucuresti\/zece-statii-de-apa-potabila-au-fost-amplasate-in-aeroporturile-otopeni-si-baneasa\/#breadcrumb"},"inLanguage":"en-GB","potentialAction":[{"@type":"ReadAction","target":["https:\/\/buletin.de\/bucuresti\/zece-statii-de-apa-potabila-au-fost-amplasate-in-aeroporturile-otopeni-si-baneasa\/"]}]},{"@type":"ImageObject","inLanguage":"en-GB","@id":"https:\/\/buletin.de\/bucuresti\/zece-statii-de-apa-potabila-au-fost-amplasate-in-aeroporturile-otopeni-si-baneasa\/#primaryimage","url":"https:\/\/buletin.de\/bucuresti\/wp-content\/uploads\/2026\/04\/Statii-de-apa-potabila-aeroporturile-Otopeni-Baneasa.jpg","contentUrl":"https:\/\/buletin.de\/bucuresti\/wp-content\/uploads\/2026\/04\/Statii-de-apa-potabila-aeroporturile-Otopeni-Baneasa.jpg","width":1200,"height":650,"caption":"Au fost montate primele sta\u021bii de ap\u0103 potabil\u0103 la aeroporturile din Bucure\u0219ti. Foto: CNAB"},{"@type":"BreadcrumbList","@id":"https:\/\/buletin.de\/bucuresti\/zece-statii-de-apa-potabila-au-fost-amplasate-in-aeroporturile-otopeni-si-baneasa\/#breadcrumb","itemListElement":[{"@type":"ListItem","position":1,"name":"Acas\u0103","item":"https:\/\/buletin.de\/bucuresti\/"},{"@type":"ListItem","position":2,"name":"Zece sta\u021bii de ap\u0103 potabil\u0103 au fost amplasate \u00een aeroporturile Otopeni \u0219i B\u0103neasa"}]},{"@type":"WebSite","@id":"https:\/\/buletin.de\/bucuresti\/#website","url":"https:\/\/buletin.de\/bucuresti\/","name":"Buletin de Bucure\u0219ti","description":"\u0218tiri \u0219i investiga\u021bii esen\u021biale din capital\u0103","publisher":{"@id":"https:\/\/buletin.de\/bucuresti\/#organization"},"potentialAction":[{"@type":"SearchAction","target":{"@type":"EntryPoint","urlTemplate":"https:\/\/buletin.de\/bucuresti\/?s={search_term_string}"},"query-input":{"@type":"PropertyValueSpecification","valueRequired":true,"valueName":"search_term_string"}}],"inLanguage":"en-GB"},{"@type":"Organization","@id":"https:\/\/buletin.de\/bucuresti\/#organization","name":"Buletin de Bucure\u0219ti","url":"https:\/\/buletin.de\/bucuresti\/","logo":{"@type":"ImageObject","inLanguage":"en-GB","@id":"https:\/\/buletin.de\/bucuresti\/#\/schema\/logo\/image\/","url":"https:\/\/buletin.de\/bucuresti\/wp-content\/uploads\/logo-bdb-full-wide-vernil-transparent.png","contentUrl":"https:\/\/buletin.de\/bucuresti\/wp-content\/uploads\/logo-bdb-full-wide-vernil-transparent.png","width":1782,"height":626,"caption":"Buletin de Bucure\u0219ti"},"image":{"@id":"https:\/\/buletin.de\/bucuresti\/#\/schema\/logo\/image\/"},"sameAs":["https:\/\/www.facebook.com\/buletin.de.buc","https:\/\/www.instagram.com\/buletinde.bucuresti\/"]},{"@type":"Person","@id":"https:\/\/buletin.de\/bucuresti\/#\/schema\/person\/81421a46fb84a0887cfd2238f5202586","name":"Andreea St\u0103n\u0103r\u00eeng\u0103","image":{"@type":"ImageObject","inLanguage":"en-GB","@id":"https:\/\/secure.gravatar.com\/avatar\/dfa8d227a4388fad0f0bb03add04b5b176f4da34397dbb2eadc563b3d7162ce0?s=96&d=monsterid&r=g72784372b39ffe5a98a45288fe0d0e8a","url":"https:\/\/secure.gravatar.com\/avatar\/dfa8d227a4388fad0f0bb03add04b5b176f4da34397dbb2eadc563b3d7162ce0?s=96&d=monsterid&r=g","contentUrl":"https:\/\/secure.gravatar.com\/avatar\/dfa8d227a4388fad0f0bb03add04b5b176f4da34397dbb2eadc563b3d7162ce0?s=96&d=monsterid&r=g","caption":"Andreea St\u0103n\u0103r\u00eeng\u0103"},"description":"Cu o experien\u021b\u0103 de peste 5 ani \u00een pres\u0103, face parte din echipa Buletin de Bucure\u0219ti din septembrie 2025. A colaborat cu c\u00e2teva publica\u021bii, printre care \u0219i Fanatik.ro, unde s-a ocupat de \u0219tiri de lifestyle \u0219i de actualitate. A f\u0103cut un pas c\u0103tre presa local\u0103 pentru a explora Bucure\u0219tiul \u0219i pove\u0219tile care merit\u0103 spuse.","url":"https:\/\/buletin.de\/bucuresti\/author\/andreea-stanaranga\/"}]}},"authors":[{"term_id":23912,"user_id":65,"is_guest":0,"slug":"andreea-stanaranga","display_name":"Andreea St\u0103n\u0103r\u00eeng\u0103","avatar_url":"https:\/\/secure.gravatar.com\/avatar\/dfa8d227a4388fad0f0bb03add04b5b176f4da34397dbb2eadc563b3d7162ce0?s=96&d=monsterid&r=g","0":null,"1":"","2":"","3":"","4":"","5":"","6":"","7":"","8":""}],"_links":{"self":[{"href":"https:\/\/buletin.de\/bucuresti\/wp-json\/wp\/v2\/posts\/189844","targetHints":{"allow":["GET"]}}],"collection":[{"href":"https:\/\/buletin.de\/bucuresti\/wp-json\/wp\/v2\/posts"}],"about":[{"href":"https:\/\/buletin.de\/bucuresti\/wp-json\/wp\/v2\/types\/post"}],"author":[{"embeddable":true,"href":"https:\/\/buletin.de\/bucuresti\/wp-json\/wp\/v2\/users\/65"}],"replies":[{"embeddable":true,"href":"https:\/\/buletin.de\/bucuresti\/wp-json\/wp\/v2\/comments?post=189844"}],"version-history":[{"count":10,"href":"https:\/\/buletin.de\/bucuresti\/wp-json\/wp\/v2\/posts\/189844\/revisions"}],"predecessor-version":[{"id":189904,"href":"https:\/\/buletin.de\/bucuresti\/wp-json\/wp\/v2\/posts\/189844\/revisions\/189904"}],"wp:featuredmedia":[{"embeddable":true,"href":"https:\/\/buletin.de\/bucuresti\/wp-json\/wp\/v2\/media\/189881"}],"wp:attachment":[{"href":"https:\/\/buletin.de\/bucuresti\/wp-json\/wp\/v2\/media?parent=189844"}],"wp:term":[{"taxonomy":"category","embeddable":true,"href":"https:\/\/buletin.de\/bucuresti\/wp-json\/wp\/v2\/categories?post=189844"},{"taxonomy":"post_tag","embeddable":true,"href":"https:\/\/buletin.de\/bucuresti\/wp-json\/wp\/v2\/tags?post=189844"},{"taxonomy":"author","embeddable":true,"href":"https:\/\/buletin.de\/bucuresti\/wp-json\/wp\/v2\/ppma_author?post=189844"}],"curies":[{"name":"wp","href":"https:\/\/api.w.org\/{rel}","templated":true}]}}