{"id":189826,"date":"2026-04-28T11:45:50","date_gmt":"2026-04-28T08:45:50","guid":{"rendered":"https:\/\/buletin.de\/bucuresti\/?p=189826"},"modified":"2026-04-28T14:16:37","modified_gmt":"2026-04-28T11:16:37","slug":"scumpirea-biletelor-de-metrou-se-amana-cu-doua-luni-ministrul-interimar-al-transporturilor-cere-un-plan-de-reducerea-a-cheltuielilor-la-metrorex","status":"publish","type":"post","link":"https:\/\/buletin.de\/bucuresti\/scumpirea-biletelor-de-metrou-se-amana-cu-doua-luni-ministrul-interimar-al-transporturilor-cere-un-plan-de-reducerea-a-cheltuielilor-la-metrorex\/","title":{"rendered":"Scumpirea biletelor de metrou se am\u00e2n\u0103 cu dou\u0103 luni. Ministrul interimar al Transporturilor cere un plan de reducere a cheltuielilor la Metrorex"},"content":{"rendered":"\n<p><strong>Ministrul interimar al Transporturilor, Radu Miru\u021b\u0103, a propus ca scumpirea biletelor de metrou, de la 5 la 7 lei, s\u0103 fie am\u00e2nat\u0103 cu dou\u0103 luni. Anterior, fostul ministru PSD Ciprian \u0218erban afirma c\u0103 nu se mai poate reveni asupra deciziei de majorare.<\/strong><\/p>\n\n\n\n<p><strong>Radu Miru\u021b\u0103 a cerut, \u00een schimb conducerii Metrorex s\u0103 prezinte un plan de reducere a cheltuielilor cu 10%, potrivit <a href=\"https:\/\/clubferoviar.ro\/miruta-scumpirea-de-la-metrou\/\" target=\"_blank\" rel=\"noreferrer noopener\">Club feroviar<\/a>.<\/strong><\/p>\n\n\n\n<h2 class=\"wp-block-heading\" id=\"h-scumpirea-biletelor-de-metrou-aprobata-de-ciprian-\u0219erban-in-ultima-sa-zi-ca-ministru\">Scumpirea biletelor de metrou, aprobat\u0103 de Ciprian \u0218erban \u00een ultima sa zi ca ministru<\/h2>\n\n\n\n<p><strong>Majorarea pre\u021bului biletelor de metrou de la 5 la 7 lei a fost cerut\u0103 de Consiliul de Admnistra\u021bie al Metrorex, care a invocat necesitatea acoperirii cheltuielilor \u00een cre\u0219tere, \u0219i aprobat\u0103 de fostul ministru PSD al Transporturilor, Ciprian \u0218erban, \u00een ultima sa zi \u00een aceast\u0103 func\u021bie. <\/strong><\/p>\n\n\n\n<p>Cheltuielile totale ale Metrorex au crescut de la 1,51 miliarde de lei, \u00een 2023, la 1,96 miliarde de lei (estimare pentru 2026), subven\u021bia aprobat\u0103 de la stat fiind de 761 milioane de lei pentru anul \u00een curs, \u00een sc\u0103dere cu 112 milioane de lei, fa\u021b\u0103 de 2025. Cre\u0219terea tarifelor a fost motivat\u0103 \u0219i prin cre\u0219terea pre\u021burilor la energie, combustibil \u0219i ap\u0103.<\/p>\n\n\n\n<p>Dup\u0103 anun\u021barea scumpirii biletului de metrou, partidul SENS a ini\u021biat <a href=\"https:\/\/campaniamea.declic.ro\/petitions\/nu-mariti-pretul-calatoriei-la-metrou?fbclid=IwY2xjawRG7uBleHRuA2FlbQIxMABicmlkETE3OXlncGRoNHRxR1EzdEVXc3J0YwZhcHBfaWQQMjIyMDM5MTc4ODIwMDg5MgABHlqLn79ltRaE_us8d4Bd--iorxQ3OmMzf5weZZXEbszrmBxGoYn_EmaSiukT_aem__Y-zE9utHLH05g6N5B_i7Q\" type=\"link\" id=\"https:\/\/campaniamea.declic.ro\/petitions\/nu-mariti-pretul-calatoriei-la-metrou?fbclid=IwY2xjawRG7uBleHRuA2FlbQIxMABicmlkETE3OXlncGRoNHRxR1EzdEVXc3J0YwZhcHBfaWQQMjIyMDM5MTc4ODIwMDg5MgABHlqLn79ltRaE_us8d4Bd--iorxQ3OmMzf5weZZXEbszrmBxGoYn_EmaSiukT_aem__Y-zE9utHLH05g6N5B_i7Q\" target=\"_blank\" rel=\"noreferrer noopener\">o peti\u021bie<\/a>, semnat\u0103, p\u00e2n\u0103 \u00een prezent, de peste 17.000 de persoane, care cer Metrorex, Ministerului Transporturilor \u0219i Guvernului s\u0103 nu modifice pre\u021bul c\u0103l\u0103toriei cu metroul, din moment ce mul\u021bi cet\u0103\u021beni sunt deja afecta\u021bi de problemele economice din \u021bar\u0103.<\/p>\n\n\n\n<p><strong>CITE\u0218TE \u0218I <a href=\"https:\/\/buletin.de\/bucuresti\/pentru-cine-vom-plati-mai-mult-pe-biletul-de-metrou-personajele-controversate-din-conducerea-metrorex-care-au-marit-la-7-lei-pretul-unei-cal\/\" target=\"_blank\" rel=\"noreferrer noopener\">Pentru cine vom pl\u0103ti mai mult pe biletul de metrou. Personajele controversate din conducerea Metrorex care au m\u0103rit la 7 lei pre\u021bul unei c\u0103l\u0103torii<\/a><\/strong><\/p>\n\n\n\n<h2 class=\"wp-block-heading\" id=\"h-ministrul-psd-al-transporturilor-despre-marirea-pre\u021bului-ghinion\">Ministrul PSD al Transporturilor despre m\u0103rirea pre\u021bului: \u201eGhinion\u201d<\/h2>\n\n\n\n<p>Mar\u021bi diminea\u021b\u0103, pe 28 aprilie, pe site-ul Ministerului a fost postat, \u00een consultare public\u0103,\u00a0<a href=\"https:\/\/mt.ro\/transparenta-decizionala\/consultare-publica\/acte-normative-in-avizare\/omti28042026dtf\" target=\"_blank\" rel=\"noreferrer noopener\">proiectul de Ordin<\/a>\u00a0al viceprim-ministrului, ministrul Transporturilor \u0219i Infrastructurii interimar privind prorogarea termenului prev\u0103zut la art. II din OMTI nr. 408\/2026 pentru modificarea anexei la Ordinul ministrului transporturilor \u015fi infrastructurii nr. 1.026\/2021 privind aprobarea tarifelor de c\u0103l\u0103torie cu metroul, scrie <a href=\"https:\/\/clubferoviar.ro\/miruta-scumpirea-de-la-metrou\/\" target=\"_blank\" rel=\"noreferrer noopener\">Club feroviar<\/a>.<\/p>\n\n\n\n<p><strong>Proiectul prevedere am\u00e2narea cu 60 de zile a major\u0103rii tarifelor Metrorex, care ar fi trebuit aplicat\u0103 de la 1 mai. Mai exact, o c\u0103l\u0103torie ar fi urmat s\u0103 coste 7 lei, \u00een loc de 5 lei, c\u00e2t cost\u0103 \u00een prezent. Decizia viza \u0219i scumpirea abonamentelor de metrou. <\/strong><\/p>\n\n\n\n<p>\u201eAcest lucru se justific\u0103 prin necesitatea evalu\u0103rii de c\u0103tre Metrorex a efectelor modific\u0103rii tarifare propuse \u00een elasticitatea cererii, distribu\u021bia modal\u0103 a transportului pe raza Municipiului Bucure\u0219ti \u0219i asupra obliga\u021biilor europene privind calitatea aerului, precum \u0219i a efectelor socio-economice asupra popula\u021biei.<\/p>\n\n\n\n<p>Totodat\u0103 p\u00e2n\u0103 la finalul celor 60 de zile, societatea Metrorex SA va furniza un plan de reducere de cheltuieli care s\u0103 identifice ac\u021biuni concrete, jaloane clare \u0219i efectele financiare de sc\u0103dere a cheltuielilor pentru fiecare din ac\u021biunile identificate, plan ce va avea un rezultat de cel pu\u021bin 10% reducere a bazei de cheltuieli \u0219i se va derula pe nu mai mult de 6 luni.\u201d, se men\u021bioneaz\u0103 \u00een Nota de fundamentare a proiectului de act normativ.<\/p>\n\n\n\n<p><strong>Luni, fostul ministru Ciprian \u0218erban a afirmat c\u0103 nu se poate reveni asupra deciziei privind scumpirea biletelor de metrou, o dat\u0103 semnat\u0103.<\/strong><\/p>\n\n\n\n<p>\u201eGhinion, cum ar spune un clasic \u00een via\u021b\u0103, ghinionul meu pe final meu de mandat. De ce? Pentru c\u0103 acolo aveam o decizie \u0219i o asumare a Consiliului de Administra\u021bie \u0219i a Consiliului de la Metrorex. (&#8230;) Am \u00eencercat tot felul de discu\u021bii cu d\u00e2n\u0219ii, am \u00eencercat tot felul de variante s\u0103 nu ajungem la aceast\u0103 cre\u0219tere. Nu se poate reveni la ea. Era cumva atributul meu s\u0103 semnez acel ordin pentru c\u0103 a urmat to\u021bi pa\u0219ii \u00een minister, ajung\u00e2nd la mine la map\u0103, trebuia semnat\u201d, <a href=\"https:\/\/www.g4media.ro\/ciprian-serban-psd-dupa-ce-a-scumpit-cartela-de-metrou-in-ultima-zi-de-ministru-ghinion.html\">a declarat<\/a> Ciprian \u0218erban.<\/p>\n\n\n\n<p>\u0218i fostul ministru a afirmat c\u0103 a trimis la Metrorex \u0219i Corpul de control \u201epentru c\u0103 sunt anumite cheltuieli din punctul meu de vedere nejustificate\u201d.<\/p>\n\n\n\n<h2 class=\"wp-block-heading\" id=\"h-impactul-pe-care-il-are-scumpirea-biletelor-de-metrou\">Impactul pe care \u00eel are scumpirea biletelor de metrou<\/h2>\n\n\n\n<p>Actuala conducere din cadrul Ministerului Transporturilor explic\u0103 faptul c\u0103 la nivelul propus de 7 lei, pentru o c\u0103l\u0103torie, metroul devine comparabil cu tarifele serviciilor de ridesharing (Uber, Bolt), pe distan\u021be scurte, de c\u00e2teva sta\u021bii, \u0219i cu tariful STB pe trasee paralele, cu abonament integrat. <\/p>\n\n\n\n<p><strong>Ministerul Transporturilor solicit\u0103 Metrorex realizarea unei analize de prag tarifar bazat\u0103 pe datele proprii de validare (distribu\u021bia efectiv\u0103 pe tipuri de titluri \u0219i frecven\u021b\u0103 de utilizare), inclusiv un scenariu de sensibilitate a cererii la abonamentele lunare \u2013 titlul cu cea mai mare pondere \u00een venituri (22,5%).<\/strong><\/p>\n\n\n\n<p>\u00cen plus, se solicit\u0103 \u0219i elaborarea unui studiu de impact asupra reparti\u021biei modale \u0219i obliga\u021biilor europene privind calitatea aerului. <\/p>\n\n\n\n<p>\u00cen documentul de pe site-ul ministerului se men\u021bioneaz\u0103 \u0219i impactul social pe care l-ar avea majorarea de la Metrorex. Tariful pentru o c\u0103l\u0103torie cu metroul a crescut de la 3 lei (august 2021) la 5 lei (ianuarie 2025), iar acum este propus\u0103 cre\u0219terea la 7 lei. <strong>Acest lucru ar \u00eensemna o cre\u0219tere total\u0103 de 180%. <\/strong><\/p>\n\n\n\n<p>CITE\u0218TE \u0218I <a href=\"https:\/\/buletin.de\/bucuresti\/preturi-de-patru-ori-mai-mari-decat-inflatia-pentru-biletele-de-la-metrou-asociatia-metrou-usor-reclama-situatia-la-ministerul-transporturilor\/\" target=\"_blank\" rel=\"noreferrer noopener\">Pre\u021buri de patru ori mai mari dec\u00e2t infla\u021bia pentru biletele de la metrou. Asocia\u021bia \u201eMetrou U\u0219or\u201d reclam\u0103 situa\u021bia la Ministerul Transporturilor<\/a><\/p>\n\n\n\n<h2 class=\"wp-block-heading\" id=\"h-salariile-de-la-metrorex-au-crescut-cu-328\">Salariile de la Metrorex au crescut cu 328% <\/h2>\n\n\n\n<p><strong>C\u0103t\u0103lin Drul\u0103, fost ministru al Transporturilor, a scris, \u00een urm\u0103 cu c\u00e2teva zile, c\u0103 <a href=\"https:\/\/buletin.de\/bucuresti\/salariile-au-crescut-la-metrorex-cu-328-catalin-drula-schema-umflata-de-personal-este-parte-din-mafia-sindicala\/\" type=\"link\" id=\"https:\/\/buletin.de\/bucuresti\/salariile-au-crescut-la-metrorex-cu-328-catalin-drula-schema-umflata-de-personal-este-parte-din-mafia-sindicala\/\" target=\"_blank\" rel=\"noreferrer noopener\">salariile de la Metrorex au crescut cu 328%,<\/a> \u00een ultimul deceniu, iar scumpirea biletelor este necesar\u0103 pentru a acoperi cheltuielile \u00een cre\u0219tere cu cei peste 5.000 de angaja\u021bi ai companiei. <\/strong><\/p>\n\n\n\n<p>Acesta acuz\u0103 \u201emafia sindical\u0103\u201d \u0219i sus\u021bine c\u0103 Metrorex are prea mul\u021bi salaria\u021bi, iar num\u0103rul acestora ar putea fi redus cu cel pu\u021bin 1.500 de oameni. <\/p>\n\n\n\n<p>\u201eScumpirea c\u0103l\u0103toriilor Metrorex este o m\u0103g\u0103rie pesedist\u0103. Explic asta cu date \u0219i cifre. E lung, dar citi\u021bi v\u0103 rog, merit\u0103. \u0218i da\u021bi mai departe.<\/p>\n\n\n\n<p>Practic, vorbim de schema pesedist\u0103 clasic\u0103 \u2013 costuri umflate, companii de stat mafiotizate \u2013 \u0219i nota de plat\u0103 dat\u0103 popula\u021biei. (&#8230;)<\/p>\n\n\n\n<p><strong>Cu 328% au crescut cheltuielile cu personalul la Metrorex \u00een ultimii 10 ani. Dac\u0103 \u00een 2016 erau de 333 de milioane de lei, pentru 2026 sunt estimate la 1.093 de milioane (1,10 miliarde!).<\/strong><\/p>\n\n\n\n<p>Estimarea mea este c\u0103, raportat la dimensiunea re\u021belei, num\u0103rul de salaria\u021bi optim ar fi probabil de 3.500. Schema umflat\u0103 de personal este parte din mafia sindical\u0103 ale c\u0103rei manifest\u0103ri le-a\u021bi v\u0103zut \u00een 2021 c\u00e2nd eram ministru\u201d,&nbsp;<a href=\"https:\/\/www.facebook.com\/catalindrulausr\/posts\/pfbid0mMDc5se6KgoVDYkwid3HkFD3QxcGZ3KCW2uzXUSEaoTvoMLjLF9THWGJWEKLZppil?wa_status_inline=true&amp;ref=1\" target=\"_blank\" rel=\"noreferrer noopener\">a scris C\u0103t\u0103lin Drul\u0103, pe Facebook.<\/a><\/p>\n\n\n\n<p>Acesta a mai precizat c\u0103, \u00een perioada \u00een care a fost ministru al Transporturilor (decembrie 2020 &#8211; septembrie 2021), a redus num\u0103rul angaja\u021bilor de la 5.800 la 5.000 \u0219i ar fi urmat \u0219i alte restructur\u0103ri. <\/p>\n\n\n\n<p>\u201eDar a venit PSD\/Grindeanu la butoane \u0219i tot 5.000 avem \u0219i azi. Apropo, STB are 10.000 de angaja\u021bi. Metrorex are 5000 de angaja\u021bi. Total: 15.000. \u00cen Viena, sistemul integrat de transport de clas\u0103 mondial\u0103 metrou + suprafa\u021b\u0103 (Wiener Lienen) are 9.000. \u00cen\u021belege\u021bi ce spun?\u201d, a mai scris acesta. <\/p>\n\n\n\n<p><strong>CITE\u0218TE \u0218I <a href=\"https:\/\/buletin.de\/bucuresti\/stb-plateste-peste-10-000-de-euro-pe-luna-pentru-activitatea-sindicala-peste-22-000-de-ore-platite-in-2025\/\" target=\"_blank\" rel=\"noreferrer noopener\">Colaps financiar la STB, dar liderii de sindicat \u00ee\u0219i conserv\u0103 privilegiile financiare din Contractul Colectiv. Compania pl\u0103te\u0219te sute de mii de euro pentru \u201eactivitatea sindical\u0103\u201d<\/a><\/strong><\/p>\n\n\n\n<p><\/p>\n\n\n\n<p><\/p>\n\n\n\n<p><\/p>\n","protected":false},"excerpt":{"rendered":"<p>Ministrul interimar al Transporturilor, Radu Miru\u021b\u0103, a propus ca scumpirea biletelor de metrou, de la 5 la 7 lei, s\u0103 fie am\u00e2nat\u0103 cu dou\u0103 luni. Anterior, fostul ministru PSD Ciprian \u0218erban afirma c\u0103 nu se mai poate reveni asupra deciziei de majorare. Radu Miru\u021b\u0103 a cerut, \u00een schimb conducerii Metrorex s\u0103 prezinte un plan de [&hellip;]<\/p>\n","protected":false},"author":65,"featured_media":189839,"comment_status":"closed","ping_status":"open","sticky":false,"template":"","format":"standard","meta":{"_acf_changed":false,"inline_featured_image":false,"ngg_post_thumbnail":0,"footnotes":""},"categories":[6994,9026,5762,650],"tags":[377,376,2446,17926],"ppma_author":[23912],"class_list":["post-189826","post","type-post","status-publish","format-standard","has-post-thumbnail","hentry","category-stiri-2","category-eveniment","category-main","category-transport","tag-metrorex","tag-metrou","tag-ministrul-transporturilor","tag-scumpire-bilet-metrou"],"acf":[],"yoast_head":"<!-- This site is optimized with the Yoast SEO Premium plugin v25.3 (Yoast SEO v27.4) - https:\/\/yoast.com\/product\/yoast-seo-premium-wordpress\/ -->\n<title>Scumpirea biletelor de metrou se am\u00e2n\u0103 cu dou\u0103 luni. Ministrul interimar al Transporturilor cere un plan de reducere a cheltuielilor la Metrorex - Buletin de Bucure\u0219ti<\/title>\n<meta name=\"description\" content=\"Ministrul interimar al Transporturilor, Radu Miru\u021b\u0103, a propus am\u00e2narea cu dou\u0103 luni scumpirea biletelor de metrou.\" \/>\n<meta name=\"robots\" content=\"index, follow, max-snippet:-1, max-image-preview:large, max-video-preview:-1\" \/>\n<link rel=\"canonical\" href=\"https:\/\/buletin.de\/bucuresti\/scumpirea-biletelor-de-metrou-se-amana-cu-doua-luni-ministrul-interimar-al-transporturilor-cere-un-plan-de-reducerea-a-cheltuielilor-la-metrorex\/\" \/>\n<meta property=\"og:locale\" content=\"en_GB\" \/>\n<meta property=\"og:type\" content=\"article\" \/>\n<meta property=\"og:title\" content=\"Scumpirea biletelor de metrou se am\u00e2n\u0103 cu dou\u0103 luni. Ministrul interimar al Transporturilor cere un plan de reducere a cheltuielilor la Metrorex\" \/>\n<meta property=\"og:description\" content=\"Ministrul interimar al Transporturilor, Radu Miru\u021b\u0103, a propus am\u00e2narea cu dou\u0103 luni scumpirea biletelor de metrou.\" \/>\n<meta property=\"og:url\" content=\"https:\/\/buletin.de\/bucuresti\/scumpirea-biletelor-de-metrou-se-amana-cu-doua-luni-ministrul-interimar-al-transporturilor-cere-un-plan-de-reducerea-a-cheltuielilor-la-metrorex\/\" \/>\n<meta property=\"og:site_name\" content=\"Buletin de Bucure\u0219ti\" \/>\n<meta property=\"article:publisher\" content=\"https:\/\/www.facebook.com\/buletin.de.buc\" \/>\n<meta property=\"article:published_time\" content=\"2026-04-28T08:45:50+00:00\" \/>\n<meta property=\"article:modified_time\" content=\"2026-04-28T11:16:37+00:00\" \/>\n<meta property=\"og:image\" content=\"https:\/\/buletin.de\/bucuresti\/wp-content\/uploads\/2026\/04\/Metrou-2-Inquam-Photos_Octav_Ganea-scaled-1.jpg\" \/>\n\t<meta property=\"og:image:width\" content=\"2560\" \/>\n\t<meta property=\"og:image:height\" content=\"1706\" \/>\n\t<meta property=\"og:image:type\" content=\"image\/jpeg\" \/>\n<meta name=\"author\" content=\"Andreea St\u0103n\u0103r\u00eeng\u0103\" \/>\n<meta name=\"twitter:card\" content=\"summary_large_image\" \/>\n<meta name=\"twitter:label1\" content=\"Written by\" \/>\n\t<meta name=\"twitter:data1\" content=\"Andreea St\u0103n\u0103r\u00eeng\u0103\" \/>\n\t<meta name=\"twitter:label2\" content=\"Estimated reading time\" \/>\n\t<meta name=\"twitter:data2\" content=\"6 minutes\" \/>\n<script type=\"application\/ld+json\" class=\"yoast-schema-graph\">{\"@context\":\"https:\\\/\\\/schema.org\",\"@graph\":[{\"@type\":\"Article\",\"@id\":\"https:\\\/\\\/buletin.de\\\/bucuresti\\\/scumpirea-biletelor-de-metrou-se-amana-cu-doua-luni-ministrul-interimar-al-transporturilor-cere-un-plan-de-reducerea-a-cheltuielilor-la-metrorex\\\/#article\",\"isPartOf\":{\"@id\":\"https:\\\/\\\/buletin.de\\\/bucuresti\\\/scumpirea-biletelor-de-metrou-se-amana-cu-doua-luni-ministrul-interimar-al-transporturilor-cere-un-plan-de-reducerea-a-cheltuielilor-la-metrorex\\\/\"},\"author\":{\"name\":\"Andreea St\u0103n\u0103r\u00eeng\u0103\",\"@id\":\"https:\\\/\\\/buletin.de\\\/bucuresti\\\/#\\\/schema\\\/person\\\/81421a46fb84a0887cfd2238f5202586\"},\"headline\":\"Scumpirea biletelor de metrou se am\u00e2n\u0103 cu dou\u0103 luni. Ministrul interimar al Transporturilor cere un plan de reducere a cheltuielilor la Metrorex\",\"datePublished\":\"2026-04-28T08:45:50+00:00\",\"dateModified\":\"2026-04-28T11:16:37+00:00\",\"mainEntityOfPage\":{\"@id\":\"https:\\\/\\\/buletin.de\\\/bucuresti\\\/scumpirea-biletelor-de-metrou-se-amana-cu-doua-luni-ministrul-interimar-al-transporturilor-cere-un-plan-de-reducerea-a-cheltuielilor-la-metrorex\\\/\"},\"wordCount\":1203,\"publisher\":{\"@id\":\"https:\\\/\\\/buletin.de\\\/bucuresti\\\/#organization\"},\"image\":{\"@id\":\"https:\\\/\\\/buletin.de\\\/bucuresti\\\/scumpirea-biletelor-de-metrou-se-amana-cu-doua-luni-ministrul-interimar-al-transporturilor-cere-un-plan-de-reducerea-a-cheltuielilor-la-metrorex\\\/#primaryimage\"},\"thumbnailUrl\":\"https:\\\/\\\/buletin.de\\\/bucuresti\\\/wp-content\\\/uploads\\\/2026\\\/04\\\/Metrou-2-Inquam-Photos_Octav_Ganea-scaled-1.jpg\",\"keywords\":[\"metrorex\",\"metrou\",\"Ministrul Transporturilor\",\"scumpire bilet metrou\"],\"articleSection\":[\"Articole\",\"Eveniment\",\"Main\",\"Transport\"],\"inLanguage\":\"en-GB\",\"copyrightYear\":\"2026\",\"copyrightHolder\":{\"@id\":\"https:\\\/\\\/buletin.de\\\/bucuresti\\\/#organization\"}},{\"@type\":\"WebPage\",\"@id\":\"https:\\\/\\\/buletin.de\\\/bucuresti\\\/scumpirea-biletelor-de-metrou-se-amana-cu-doua-luni-ministrul-interimar-al-transporturilor-cere-un-plan-de-reducerea-a-cheltuielilor-la-metrorex\\\/\",\"url\":\"https:\\\/\\\/buletin.de\\\/bucuresti\\\/scumpirea-biletelor-de-metrou-se-amana-cu-doua-luni-ministrul-interimar-al-transporturilor-cere-un-plan-de-reducerea-a-cheltuielilor-la-metrorex\\\/\",\"name\":\"Scumpirea biletelor de metrou se am\u00e2n\u0103 cu dou\u0103 luni. Ministrul interimar al Transporturilor cere un plan de reducere a cheltuielilor la Metrorex - Buletin de Bucure\u0219ti\",\"isPartOf\":{\"@id\":\"https:\\\/\\\/buletin.de\\\/bucuresti\\\/#website\"},\"primaryImageOfPage\":{\"@id\":\"https:\\\/\\\/buletin.de\\\/bucuresti\\\/scumpirea-biletelor-de-metrou-se-amana-cu-doua-luni-ministrul-interimar-al-transporturilor-cere-un-plan-de-reducerea-a-cheltuielilor-la-metrorex\\\/#primaryimage\"},\"image\":{\"@id\":\"https:\\\/\\\/buletin.de\\\/bucuresti\\\/scumpirea-biletelor-de-metrou-se-amana-cu-doua-luni-ministrul-interimar-al-transporturilor-cere-un-plan-de-reducerea-a-cheltuielilor-la-metrorex\\\/#primaryimage\"},\"thumbnailUrl\":\"https:\\\/\\\/buletin.de\\\/bucuresti\\\/wp-content\\\/uploads\\\/2026\\\/04\\\/Metrou-2-Inquam-Photos_Octav_Ganea-scaled-1.jpg\",\"datePublished\":\"2026-04-28T08:45:50+00:00\",\"dateModified\":\"2026-04-28T11:16:37+00:00\",\"description\":\"Ministrul interimar al Transporturilor, Radu Miru\u021b\u0103, a propus am\u00e2narea cu dou\u0103 luni scumpirea biletelor de metrou.\",\"breadcrumb\":{\"@id\":\"https:\\\/\\\/buletin.de\\\/bucuresti\\\/scumpirea-biletelor-de-metrou-se-amana-cu-doua-luni-ministrul-interimar-al-transporturilor-cere-un-plan-de-reducerea-a-cheltuielilor-la-metrorex\\\/#breadcrumb\"},\"inLanguage\":\"en-GB\",\"potentialAction\":[{\"@type\":\"ReadAction\",\"target\":[\"https:\\\/\\\/buletin.de\\\/bucuresti\\\/scumpirea-biletelor-de-metrou-se-amana-cu-doua-luni-ministrul-interimar-al-transporturilor-cere-un-plan-de-reducerea-a-cheltuielilor-la-metrorex\\\/\"]}]},{\"@type\":\"ImageObject\",\"inLanguage\":\"en-GB\",\"@id\":\"https:\\\/\\\/buletin.de\\\/bucuresti\\\/scumpirea-biletelor-de-metrou-se-amana-cu-doua-luni-ministrul-interimar-al-transporturilor-cere-un-plan-de-reducerea-a-cheltuielilor-la-metrorex\\\/#primaryimage\",\"url\":\"https:\\\/\\\/buletin.de\\\/bucuresti\\\/wp-content\\\/uploads\\\/2026\\\/04\\\/Metrou-2-Inquam-Photos_Octav_Ganea-scaled-1.jpg\",\"contentUrl\":\"https:\\\/\\\/buletin.de\\\/bucuresti\\\/wp-content\\\/uploads\\\/2026\\\/04\\\/Metrou-2-Inquam-Photos_Octav_Ganea-scaled-1.jpg\",\"width\":2560,\"height\":1706,\"caption\":\"Scumpirea la metrou, am\u00e2nat\u0103 cu dou\u0103 luni. Foto: Inquam Photos\\\/Octav Ganea\"},{\"@type\":\"BreadcrumbList\",\"@id\":\"https:\\\/\\\/buletin.de\\\/bucuresti\\\/scumpirea-biletelor-de-metrou-se-amana-cu-doua-luni-ministrul-interimar-al-transporturilor-cere-un-plan-de-reducerea-a-cheltuielilor-la-metrorex\\\/#breadcrumb\",\"itemListElement\":[{\"@type\":\"ListItem\",\"position\":1,\"name\":\"Acas\u0103\",\"item\":\"https:\\\/\\\/buletin.de\\\/bucuresti\\\/\"},{\"@type\":\"ListItem\",\"position\":2,\"name\":\"Scumpirea biletelor de metrou se am\u00e2n\u0103 cu dou\u0103 luni. Ministrul interimar al Transporturilor cere un plan de reducere a cheltuielilor la Metrorex\"}]},{\"@type\":\"WebSite\",\"@id\":\"https:\\\/\\\/buletin.de\\\/bucuresti\\\/#website\",\"url\":\"https:\\\/\\\/buletin.de\\\/bucuresti\\\/\",\"name\":\"Buletin de Bucure\u0219ti\",\"description\":\"\u0218tiri \u0219i investiga\u021bii esen\u021biale din capital\u0103\",\"publisher\":{\"@id\":\"https:\\\/\\\/buletin.de\\\/bucuresti\\\/#organization\"},\"potentialAction\":[{\"@type\":\"SearchAction\",\"target\":{\"@type\":\"EntryPoint\",\"urlTemplate\":\"https:\\\/\\\/buletin.de\\\/bucuresti\\\/?s={search_term_string}\"},\"query-input\":{\"@type\":\"PropertyValueSpecification\",\"valueRequired\":true,\"valueName\":\"search_term_string\"}}],\"inLanguage\":\"en-GB\"},{\"@type\":\"Organization\",\"@id\":\"https:\\\/\\\/buletin.de\\\/bucuresti\\\/#organization\",\"name\":\"Buletin de Bucure\u0219ti\",\"url\":\"https:\\\/\\\/buletin.de\\\/bucuresti\\\/\",\"logo\":{\"@type\":\"ImageObject\",\"inLanguage\":\"en-GB\",\"@id\":\"https:\\\/\\\/buletin.de\\\/bucuresti\\\/#\\\/schema\\\/logo\\\/image\\\/\",\"url\":\"https:\\\/\\\/buletin.de\\\/bucuresti\\\/wp-content\\\/uploads\\\/logo-bdb-full-wide-vernil-transparent.png\",\"contentUrl\":\"https:\\\/\\\/buletin.de\\\/bucuresti\\\/wp-content\\\/uploads\\\/logo-bdb-full-wide-vernil-transparent.png\",\"width\":1782,\"height\":626,\"caption\":\"Buletin de Bucure\u0219ti\"},\"image\":{\"@id\":\"https:\\\/\\\/buletin.de\\\/bucuresti\\\/#\\\/schema\\\/logo\\\/image\\\/\"},\"sameAs\":[\"https:\\\/\\\/www.facebook.com\\\/buletin.de.buc\",\"https:\\\/\\\/www.instagram.com\\\/buletinde.bucuresti\\\/\"]},{\"@type\":\"Person\",\"@id\":\"https:\\\/\\\/buletin.de\\\/bucuresti\\\/#\\\/schema\\\/person\\\/81421a46fb84a0887cfd2238f5202586\",\"name\":\"Andreea St\u0103n\u0103r\u00eeng\u0103\",\"image\":{\"@type\":\"ImageObject\",\"inLanguage\":\"en-GB\",\"@id\":\"https:\\\/\\\/secure.gravatar.com\\\/avatar\\\/dfa8d227a4388fad0f0bb03add04b5b176f4da34397dbb2eadc563b3d7162ce0?s=96&d=monsterid&r=g72784372b39ffe5a98a45288fe0d0e8a\",\"url\":\"https:\\\/\\\/secure.gravatar.com\\\/avatar\\\/dfa8d227a4388fad0f0bb03add04b5b176f4da34397dbb2eadc563b3d7162ce0?s=96&d=monsterid&r=g\",\"contentUrl\":\"https:\\\/\\\/secure.gravatar.com\\\/avatar\\\/dfa8d227a4388fad0f0bb03add04b5b176f4da34397dbb2eadc563b3d7162ce0?s=96&d=monsterid&r=g\",\"caption\":\"Andreea St\u0103n\u0103r\u00eeng\u0103\"},\"description\":\"Cu o experien\u021b\u0103 de peste 5 ani \u00een pres\u0103, face parte din echipa Buletin de Bucure\u0219ti din septembrie 2025. A colaborat cu c\u00e2teva publica\u021bii, printre care \u0219i Fanatik.ro, unde s-a ocupat de \u0219tiri de lifestyle \u0219i de actualitate. A f\u0103cut un pas c\u0103tre presa local\u0103 pentru a explora Bucure\u0219tiul \u0219i pove\u0219tile care merit\u0103 spuse.\",\"url\":\"https:\\\/\\\/buletin.de\\\/bucuresti\\\/author\\\/andreea-stanaranga\\\/\"}]}<\/script>\n<!-- \/ Yoast SEO Premium plugin. -->","yoast_head_json":{"title":"Scumpirea biletelor de metrou se am\u00e2n\u0103 cu dou\u0103 luni. Ministrul interimar al Transporturilor cere un plan de reducere a cheltuielilor la Metrorex - Buletin de Bucure\u0219ti","description":"Ministrul interimar al Transporturilor, Radu Miru\u021b\u0103, a propus am\u00e2narea cu dou\u0103 luni scumpirea biletelor de metrou.","robots":{"index":"index","follow":"follow","max-snippet":"max-snippet:-1","max-image-preview":"max-image-preview:large","max-video-preview":"max-video-preview:-1"},"canonical":"https:\/\/buletin.de\/bucuresti\/scumpirea-biletelor-de-metrou-se-amana-cu-doua-luni-ministrul-interimar-al-transporturilor-cere-un-plan-de-reducerea-a-cheltuielilor-la-metrorex\/","og_locale":"en_GB","og_type":"article","og_title":"Scumpirea biletelor de metrou se am\u00e2n\u0103 cu dou\u0103 luni. Ministrul interimar al Transporturilor cere un plan de reducere a cheltuielilor la Metrorex","og_description":"Ministrul interimar al Transporturilor, Radu Miru\u021b\u0103, a propus am\u00e2narea cu dou\u0103 luni scumpirea biletelor de metrou.","og_url":"https:\/\/buletin.de\/bucuresti\/scumpirea-biletelor-de-metrou-se-amana-cu-doua-luni-ministrul-interimar-al-transporturilor-cere-un-plan-de-reducerea-a-cheltuielilor-la-metrorex\/","og_site_name":"Buletin de Bucure\u0219ti","article_publisher":"https:\/\/www.facebook.com\/buletin.de.buc","article_published_time":"2026-04-28T08:45:50+00:00","article_modified_time":"2026-04-28T11:16:37+00:00","og_image":[{"width":2560,"height":1706,"url":"https:\/\/buletin.de\/bucuresti\/wp-content\/uploads\/2026\/04\/Metrou-2-Inquam-Photos_Octav_Ganea-scaled-1.jpg","type":"image\/jpeg"}],"author":"Andreea St\u0103n\u0103r\u00eeng\u0103","twitter_card":"summary_large_image","twitter_misc":{"Written by":"Andreea St\u0103n\u0103r\u00eeng\u0103","Estimated reading time":"6 minutes"},"schema":{"@context":"https:\/\/schema.org","@graph":[{"@type":"Article","@id":"https:\/\/buletin.de\/bucuresti\/scumpirea-biletelor-de-metrou-se-amana-cu-doua-luni-ministrul-interimar-al-transporturilor-cere-un-plan-de-reducerea-a-cheltuielilor-la-metrorex\/#article","isPartOf":{"@id":"https:\/\/buletin.de\/bucuresti\/scumpirea-biletelor-de-metrou-se-amana-cu-doua-luni-ministrul-interimar-al-transporturilor-cere-un-plan-de-reducerea-a-cheltuielilor-la-metrorex\/"},"author":{"name":"Andreea St\u0103n\u0103r\u00eeng\u0103","@id":"https:\/\/buletin.de\/bucuresti\/#\/schema\/person\/81421a46fb84a0887cfd2238f5202586"},"headline":"Scumpirea biletelor de metrou se am\u00e2n\u0103 cu dou\u0103 luni. Ministrul interimar al Transporturilor cere un plan de reducere a cheltuielilor la Metrorex","datePublished":"2026-04-28T08:45:50+00:00","dateModified":"2026-04-28T11:16:37+00:00","mainEntityOfPage":{"@id":"https:\/\/buletin.de\/bucuresti\/scumpirea-biletelor-de-metrou-se-amana-cu-doua-luni-ministrul-interimar-al-transporturilor-cere-un-plan-de-reducerea-a-cheltuielilor-la-metrorex\/"},"wordCount":1203,"publisher":{"@id":"https:\/\/buletin.de\/bucuresti\/#organization"},"image":{"@id":"https:\/\/buletin.de\/bucuresti\/scumpirea-biletelor-de-metrou-se-amana-cu-doua-luni-ministrul-interimar-al-transporturilor-cere-un-plan-de-reducerea-a-cheltuielilor-la-metrorex\/#primaryimage"},"thumbnailUrl":"https:\/\/buletin.de\/bucuresti\/wp-content\/uploads\/2026\/04\/Metrou-2-Inquam-Photos_Octav_Ganea-scaled-1.jpg","keywords":["metrorex","metrou","Ministrul Transporturilor","scumpire bilet metrou"],"articleSection":["Articole","Eveniment","Main","Transport"],"inLanguage":"en-GB","copyrightYear":"2026","copyrightHolder":{"@id":"https:\/\/buletin.de\/bucuresti\/#organization"}},{"@type":"WebPage","@id":"https:\/\/buletin.de\/bucuresti\/scumpirea-biletelor-de-metrou-se-amana-cu-doua-luni-ministrul-interimar-al-transporturilor-cere-un-plan-de-reducerea-a-cheltuielilor-la-metrorex\/","url":"https:\/\/buletin.de\/bucuresti\/scumpirea-biletelor-de-metrou-se-amana-cu-doua-luni-ministrul-interimar-al-transporturilor-cere-un-plan-de-reducerea-a-cheltuielilor-la-metrorex\/","name":"Scumpirea biletelor de metrou se am\u00e2n\u0103 cu dou\u0103 luni. Ministrul interimar al Transporturilor cere un plan de reducere a cheltuielilor la Metrorex - Buletin de Bucure\u0219ti","isPartOf":{"@id":"https:\/\/buletin.de\/bucuresti\/#website"},"primaryImageOfPage":{"@id":"https:\/\/buletin.de\/bucuresti\/scumpirea-biletelor-de-metrou-se-amana-cu-doua-luni-ministrul-interimar-al-transporturilor-cere-un-plan-de-reducerea-a-cheltuielilor-la-metrorex\/#primaryimage"},"image":{"@id":"https:\/\/buletin.de\/bucuresti\/scumpirea-biletelor-de-metrou-se-amana-cu-doua-luni-ministrul-interimar-al-transporturilor-cere-un-plan-de-reducerea-a-cheltuielilor-la-metrorex\/#primaryimage"},"thumbnailUrl":"https:\/\/buletin.de\/bucuresti\/wp-content\/uploads\/2026\/04\/Metrou-2-Inquam-Photos_Octav_Ganea-scaled-1.jpg","datePublished":"2026-04-28T08:45:50+00:00","dateModified":"2026-04-28T11:16:37+00:00","description":"Ministrul interimar al Transporturilor, Radu Miru\u021b\u0103, a propus am\u00e2narea cu dou\u0103 luni scumpirea biletelor de metrou.","breadcrumb":{"@id":"https:\/\/buletin.de\/bucuresti\/scumpirea-biletelor-de-metrou-se-amana-cu-doua-luni-ministrul-interimar-al-transporturilor-cere-un-plan-de-reducerea-a-cheltuielilor-la-metrorex\/#breadcrumb"},"inLanguage":"en-GB","potentialAction":[{"@type":"ReadAction","target":["https:\/\/buletin.de\/bucuresti\/scumpirea-biletelor-de-metrou-se-amana-cu-doua-luni-ministrul-interimar-al-transporturilor-cere-un-plan-de-reducerea-a-cheltuielilor-la-metrorex\/"]}]},{"@type":"ImageObject","inLanguage":"en-GB","@id":"https:\/\/buletin.de\/bucuresti\/scumpirea-biletelor-de-metrou-se-amana-cu-doua-luni-ministrul-interimar-al-transporturilor-cere-un-plan-de-reducerea-a-cheltuielilor-la-metrorex\/#primaryimage","url":"https:\/\/buletin.de\/bucuresti\/wp-content\/uploads\/2026\/04\/Metrou-2-Inquam-Photos_Octav_Ganea-scaled-1.jpg","contentUrl":"https:\/\/buletin.de\/bucuresti\/wp-content\/uploads\/2026\/04\/Metrou-2-Inquam-Photos_Octav_Ganea-scaled-1.jpg","width":2560,"height":1706,"caption":"Scumpirea la metrou, am\u00e2nat\u0103 cu dou\u0103 luni. Foto: Inquam Photos\/Octav Ganea"},{"@type":"BreadcrumbList","@id":"https:\/\/buletin.de\/bucuresti\/scumpirea-biletelor-de-metrou-se-amana-cu-doua-luni-ministrul-interimar-al-transporturilor-cere-un-plan-de-reducerea-a-cheltuielilor-la-metrorex\/#breadcrumb","itemListElement":[{"@type":"ListItem","position":1,"name":"Acas\u0103","item":"https:\/\/buletin.de\/bucuresti\/"},{"@type":"ListItem","position":2,"name":"Scumpirea biletelor de metrou se am\u00e2n\u0103 cu dou\u0103 luni. Ministrul interimar al Transporturilor cere un plan de reducere a cheltuielilor la Metrorex"}]},{"@type":"WebSite","@id":"https:\/\/buletin.de\/bucuresti\/#website","url":"https:\/\/buletin.de\/bucuresti\/","name":"Buletin de Bucure\u0219ti","description":"\u0218tiri \u0219i investiga\u021bii esen\u021biale din capital\u0103","publisher":{"@id":"https:\/\/buletin.de\/bucuresti\/#organization"},"potentialAction":[{"@type":"SearchAction","target":{"@type":"EntryPoint","urlTemplate":"https:\/\/buletin.de\/bucuresti\/?s={search_term_string}"},"query-input":{"@type":"PropertyValueSpecification","valueRequired":true,"valueName":"search_term_string"}}],"inLanguage":"en-GB"},{"@type":"Organization","@id":"https:\/\/buletin.de\/bucuresti\/#organization","name":"Buletin de Bucure\u0219ti","url":"https:\/\/buletin.de\/bucuresti\/","logo":{"@type":"ImageObject","inLanguage":"en-GB","@id":"https:\/\/buletin.de\/bucuresti\/#\/schema\/logo\/image\/","url":"https:\/\/buletin.de\/bucuresti\/wp-content\/uploads\/logo-bdb-full-wide-vernil-transparent.png","contentUrl":"https:\/\/buletin.de\/bucuresti\/wp-content\/uploads\/logo-bdb-full-wide-vernil-transparent.png","width":1782,"height":626,"caption":"Buletin de Bucure\u0219ti"},"image":{"@id":"https:\/\/buletin.de\/bucuresti\/#\/schema\/logo\/image\/"},"sameAs":["https:\/\/www.facebook.com\/buletin.de.buc","https:\/\/www.instagram.com\/buletinde.bucuresti\/"]},{"@type":"Person","@id":"https:\/\/buletin.de\/bucuresti\/#\/schema\/person\/81421a46fb84a0887cfd2238f5202586","name":"Andreea St\u0103n\u0103r\u00eeng\u0103","image":{"@type":"ImageObject","inLanguage":"en-GB","@id":"https:\/\/secure.gravatar.com\/avatar\/dfa8d227a4388fad0f0bb03add04b5b176f4da34397dbb2eadc563b3d7162ce0?s=96&d=monsterid&r=g72784372b39ffe5a98a45288fe0d0e8a","url":"https:\/\/secure.gravatar.com\/avatar\/dfa8d227a4388fad0f0bb03add04b5b176f4da34397dbb2eadc563b3d7162ce0?s=96&d=monsterid&r=g","contentUrl":"https:\/\/secure.gravatar.com\/avatar\/dfa8d227a4388fad0f0bb03add04b5b176f4da34397dbb2eadc563b3d7162ce0?s=96&d=monsterid&r=g","caption":"Andreea St\u0103n\u0103r\u00eeng\u0103"},"description":"Cu o experien\u021b\u0103 de peste 5 ani \u00een pres\u0103, face parte din echipa Buletin de Bucure\u0219ti din septembrie 2025. A colaborat cu c\u00e2teva publica\u021bii, printre care \u0219i Fanatik.ro, unde s-a ocupat de \u0219tiri de lifestyle \u0219i de actualitate. A f\u0103cut un pas c\u0103tre presa local\u0103 pentru a explora Bucure\u0219tiul \u0219i pove\u0219tile care merit\u0103 spuse.","url":"https:\/\/buletin.de\/bucuresti\/author\/andreea-stanaranga\/"}]}},"authors":[{"term_id":23912,"user_id":65,"is_guest":0,"slug":"andreea-stanaranga","display_name":"Andreea St\u0103n\u0103r\u00eeng\u0103","avatar_url":"https:\/\/secure.gravatar.com\/avatar\/dfa8d227a4388fad0f0bb03add04b5b176f4da34397dbb2eadc563b3d7162ce0?s=96&d=monsterid&r=g","0":null,"1":"","2":"","3":"","4":"","5":"","6":"","7":"","8":""}],"_links":{"self":[{"href":"https:\/\/buletin.de\/bucuresti\/wp-json\/wp\/v2\/posts\/189826","targetHints":{"allow":["GET"]}}],"collection":[{"href":"https:\/\/buletin.de\/bucuresti\/wp-json\/wp\/v2\/posts"}],"about":[{"href":"https:\/\/buletin.de\/bucuresti\/wp-json\/wp\/v2\/types\/post"}],"author":[{"embeddable":true,"href":"https:\/\/buletin.de\/bucuresti\/wp-json\/wp\/v2\/users\/65"}],"replies":[{"embeddable":true,"href":"https:\/\/buletin.de\/bucuresti\/wp-json\/wp\/v2\/comments?post=189826"}],"version-history":[{"count":20,"href":"https:\/\/buletin.de\/bucuresti\/wp-json\/wp\/v2\/posts\/189826\/revisions"}],"predecessor-version":[{"id":189929,"href":"https:\/\/buletin.de\/bucuresti\/wp-json\/wp\/v2\/posts\/189826\/revisions\/189929"}],"wp:featuredmedia":[{"embeddable":true,"href":"https:\/\/buletin.de\/bucuresti\/wp-json\/wp\/v2\/media\/189839"}],"wp:attachment":[{"href":"https:\/\/buletin.de\/bucuresti\/wp-json\/wp\/v2\/media?parent=189826"}],"wp:term":[{"taxonomy":"category","embeddable":true,"href":"https:\/\/buletin.de\/bucuresti\/wp-json\/wp\/v2\/categories?post=189826"},{"taxonomy":"post_tag","embeddable":true,"href":"https:\/\/buletin.de\/bucuresti\/wp-json\/wp\/v2\/tags?post=189826"},{"taxonomy":"author","embeddable":true,"href":"https:\/\/buletin.de\/bucuresti\/wp-json\/wp\/v2\/ppma_author?post=189826"}],"curies":[{"name":"wp","href":"https:\/\/api.w.org\/{rel}","templated":true}]}}