{"id":189796,"date":"2026-04-28T09:38:31","date_gmt":"2026-04-28T06:38:31","guid":{"rendered":"https:\/\/buletin.de\/bucuresti\/?p=189796"},"modified":"2026-04-28T12:15:58","modified_gmt":"2026-04-28T09:15:58","slug":"vreme-rece-de-1-mai-la-bucuresti-apar-si-ploile-spre-seara","status":"publish","type":"post","link":"https:\/\/buletin.de\/bucuresti\/vreme-rece-de-1-mai-la-bucuresti-apar-si-ploile-spre-seara\/","title":{"rendered":"Cum va fi vremea de 1 Mai \u00een Bucuresti. Temperaturile scad \u0219i vor fi averse spre sear\u0103"},"content":{"rendered":"\n<p><strong>Meteorologii anun\u021b\u0103 vreme rece, de 1 mai, la Bucure\u0219ti. \u00cen ziua de s\u0103rb\u0103toare, apar \u0219i ploile, spre sear\u0103.<\/strong><\/p>\n\n\n\n<p><strong>Miercuri, 29 aprilie<\/strong>, vreme rece pentru aceast\u0103 dat\u0103. Cerul va fi mai mult noros \u0219i temporar va ploua. V\u00e2ntul va bate  \u00een general moderat. Temperatura maxim\u0103, \u00een sc\u0103dere fa\u021b\u0103 de ziua anterioar\u0103, va fi de 13\u202614 grade, iar cea minim\u0103 de 5\u20267 grade.<\/p>\n\n\n\n<p><strong>Joi, 30 aprilie, <\/strong>vremea va continua s\u0103 se r\u0103ceasc\u0103, astfel c\u0103 va fi deosebit de rece pentru aceast\u0103 dat\u0103. Cerul va avea \u00eennor\u0103ri \u0219i temporar va ploua, cu o probabilitate mai mare pe parcursul zilei \u0219i seara. V\u00e2ntul bate moderat, cu u\u0219oare intensific\u0103ri ziua. Temperatura maxim\u0103 se va situa \u00een jurul valorii de 9 grade, iar cea minim\u0103 va fi de 3\u20264 grade.<\/p>\n\n\n\n<p><strong>Vineri, 1 mai, <\/strong>vremea va fi rece pentru aceast\u0103 dat\u0103. Temperatura maxim\u0103, \u00een cre\u0219tere fa\u021b\u0103 de ziua anterioar\u0103, va fi de 12\u202614 grade, iar cea minim\u0103 de 3\u20264 grade. Cerul va avea \u00eennor\u0103ri temporare \u0219i va ploua, mai ales dup\u0103-amiaza. V\u00e2ntul bate moderat.<\/p>\n\n\n\n<p>\u00cen perioada 02.05.2026 ora 09:00 &#8211; 05.05.2026 ora 09:00, valorile termice vor cre\u0219te de la o zi la alta, \u00eens\u0103 se vor situa sub mediile multianuale ale perioadei \u00een primele dou\u0103 zile, apoi se vor apropia de acestea. Trec\u0103tor vor fi averse.<\/p>\n\n\n\n<p><strong>CITE\u0218TE \u0218I:<\/strong> <a href=\"https:\/\/buletin.de\/bucuresti\/aspa-organizeaza-un-nou-targ-de-adoptii-in-parcul-carol-in-primele-zile-ale-lunii-mai\/\"><strong>ASPA organizeaz\u0103 un nou t\u00e2rg de adop\u021bii \u00een Parcul Carol, \u00een primele zile ale lunii mai<\/strong><\/a><\/p>\n\n\n\n<h2 class=\"wp-block-heading\" id=\"h-vreme-rece-\u0219i-in-\u021bara-de-1-mai\">Vreme rece \u0219i \u00een \u021bar\u0103, de 1 mai<\/h2>\n\n\n\n<p>Vremea va fi rece pentru aceast\u0103 dat\u0103, mai ales \u00een regiunile extracarpatice.Cerul va avea \u00eennor\u0103ri temporare \u0219i<br>local va ploua \u00een sudul, estul \u0219i izolat \u00een centrul \u021b\u0103rii. La munte vor fi precipita\u021bii mixte. V\u00e2ntul va sufla slab \u0219i<br>moderat, local \u0219i temporar cu intensific\u0103ri \u00een sud-est, vest \u0219i la munte. <\/p>\n\n\n\n<p>Temperaturile maxime se vor \u00eencadra \u00een general \u00eentre 11 \u0219i 15 grade, iar cele minime vor fi cuprinse \u00eentre -3 grade \u00een depresiunile Carpa\u021bilor Orientali \u0219i 7 grade pe litoral. Noaptea, pe arii restr\u00e2nse \u00een depresiuni \u0219i izolat \u00een rest, se va forma brum\u0103.<\/p>\n\n\n\n<p><strong>CITE\u0218TE \u0218I:<\/strong> <a href=\"https:\/\/buletin.de\/bucuresti\/primaria-capitalei-cauta-ghizi-voluntari-pentru-evenimentul-porti-deschise-la-pmb\/\"><strong>Ghizi voluntari pentru evenimentul \u201ePor\u021bi deschise la PMB\u201d. Prim\u0103ria Capitalei a deschis \u00eenscrierile<\/strong><\/a><\/p>\n","protected":false},"excerpt":{"rendered":"<p>Meteorologii anun\u021b\u0103 vreme rece, de 1 mai, la Bucure\u0219ti. \u00cen ziua de s\u0103rb\u0103toare, apar \u0219i ploile, spre sear\u0103. Miercuri, 29 aprilie, vreme rece pentru aceast\u0103 dat\u0103. Cerul va fi mai mult noros \u0219i temporar va ploua. V\u00e2ntul va bate \u00een general moderat. Temperatura maxim\u0103, \u00een sc\u0103dere fa\u021b\u0103 de ziua anterioar\u0103, va fi de 13\u202614 grade, [&hellip;]<\/p>\n","protected":false},"author":49,"featured_media":62248,"comment_status":"closed","ping_status":"open","sticky":false,"template":"","format":"standard","meta":{"_acf_changed":false,"inline_featured_image":false,"ngg_post_thumbnail":0,"footnotes":""},"categories":[6994,62],"tags":[4314,28012,28011,10452],"ppma_author":[22574],"class_list":["post-189796","post","type-post","status-publish","format-standard","has-post-thumbnail","hentry","category-stiri-2","category-stiri","tag-anm","tag-prognoza-i-mai","tag-prognoza-meteo-bucuresti","tag-temperaturi-bucuresti"],"acf":[],"yoast_head":"<!-- This site is optimized with the Yoast SEO Premium plugin v25.3 (Yoast SEO v27.4) - https:\/\/yoast.com\/product\/yoast-seo-premium-wordpress\/ -->\n<title>Cum va fi vremea de 1 Mai \u00een Bucuresti. Temperaturile scad \u0219i vor fi averse spre sear\u0103 - Buletin de Bucure\u0219ti<\/title>\n<meta name=\"description\" content=\"Meteorologii anun\u021b\u0103 vreme rece, de 1 mai, la Bucure\u0219ti. \u00cen ziua de s\u0103rb\u0103toare, apar \u0219i ploile, spre sear\u0103.\" \/>\n<meta name=\"robots\" content=\"index, follow, max-snippet:-1, max-image-preview:large, max-video-preview:-1\" \/>\n<link rel=\"canonical\" href=\"https:\/\/buletin.de\/bucuresti\/vreme-rece-de-1-mai-la-bucuresti-apar-si-ploile-spre-seara\/\" \/>\n<meta property=\"og:locale\" content=\"en_GB\" \/>\n<meta property=\"og:type\" content=\"article\" \/>\n<meta property=\"og:title\" content=\"Cum va fi vremea de 1 Mai \u00een Bucuresti. Temperaturile scad \u0219i vor fi averse spre sear\u0103\" \/>\n<meta property=\"og:description\" content=\"Meteorologii anun\u021b\u0103 vreme rece, de 1 mai, la Bucure\u0219ti. \u00cen ziua de s\u0103rb\u0103toare, apar \u0219i ploile, spre sear\u0103.\" \/>\n<meta property=\"og:url\" content=\"https:\/\/buletin.de\/bucuresti\/vreme-rece-de-1-mai-la-bucuresti-apar-si-ploile-spre-seara\/\" \/>\n<meta property=\"og:site_name\" content=\"Buletin de Bucure\u0219ti\" \/>\n<meta property=\"article:publisher\" content=\"https:\/\/www.facebook.com\/buletin.de.buc\" \/>\n<meta property=\"article:published_time\" content=\"2026-04-28T06:38:31+00:00\" \/>\n<meta property=\"article:modified_time\" content=\"2026-04-28T09:15:58+00:00\" \/>\n<meta property=\"og:image\" content=\"https:\/\/buletin.de\/bucuresti\/wp-content\/uploads\/Curiozitati-despre-ploaie.jpg\" \/>\n\t<meta property=\"og:image:width\" content=\"2000\" \/>\n\t<meta property=\"og:image:height\" content=\"1334\" \/>\n\t<meta property=\"og:image:type\" content=\"image\/jpeg\" \/>\n<meta name=\"author\" content=\"Diana Matei\" \/>\n<meta name=\"twitter:card\" content=\"summary_large_image\" \/>\n<meta name=\"twitter:label1\" content=\"Written by\" \/>\n\t<meta name=\"twitter:data1\" content=\"Diana Matei\" \/>\n\t<meta name=\"twitter:label2\" content=\"Estimated reading time\" \/>\n\t<meta name=\"twitter:data2\" content=\"2 minutes\" \/>\n<script type=\"application\/ld+json\" class=\"yoast-schema-graph\">{\"@context\":\"https:\\\/\\\/schema.org\",\"@graph\":[{\"@type\":\"Article\",\"@id\":\"https:\\\/\\\/buletin.de\\\/bucuresti\\\/vreme-rece-de-1-mai-la-bucuresti-apar-si-ploile-spre-seara\\\/#article\",\"isPartOf\":{\"@id\":\"https:\\\/\\\/buletin.de\\\/bucuresti\\\/vreme-rece-de-1-mai-la-bucuresti-apar-si-ploile-spre-seara\\\/\"},\"author\":{\"name\":\"Diana Matei\",\"@id\":\"https:\\\/\\\/buletin.de\\\/bucuresti\\\/#\\\/schema\\\/person\\\/7e46040573290777280a0835d81ea4ea\"},\"headline\":\"Cum va fi vremea de 1 Mai \u00een Bucuresti. Temperaturile scad \u0219i vor fi averse spre sear\u0103\",\"datePublished\":\"2026-04-28T06:38:31+00:00\",\"dateModified\":\"2026-04-28T09:15:58+00:00\",\"mainEntityOfPage\":{\"@id\":\"https:\\\/\\\/buletin.de\\\/bucuresti\\\/vreme-rece-de-1-mai-la-bucuresti-apar-si-ploile-spre-seara\\\/\"},\"wordCount\":370,\"publisher\":{\"@id\":\"https:\\\/\\\/buletin.de\\\/bucuresti\\\/#organization\"},\"image\":{\"@id\":\"https:\\\/\\\/buletin.de\\\/bucuresti\\\/vreme-rece-de-1-mai-la-bucuresti-apar-si-ploile-spre-seara\\\/#primaryimage\"},\"thumbnailUrl\":\"https:\\\/\\\/buletin.de\\\/bucuresti\\\/wp-content\\\/uploads\\\/Curiozitati-despre-ploaie.jpg\",\"keywords\":[\"anm\",\"prognoza i mai\",\"prognoza meteo Bucuresti\",\"temperaturi Bucuresti\"],\"articleSection\":[\"Articole\",\"\u0218tiri\"],\"inLanguage\":\"en-GB\",\"copyrightYear\":\"2026\",\"copyrightHolder\":{\"@id\":\"https:\\\/\\\/buletin.de\\\/bucuresti\\\/#organization\"}},{\"@type\":\"WebPage\",\"@id\":\"https:\\\/\\\/buletin.de\\\/bucuresti\\\/vreme-rece-de-1-mai-la-bucuresti-apar-si-ploile-spre-seara\\\/\",\"url\":\"https:\\\/\\\/buletin.de\\\/bucuresti\\\/vreme-rece-de-1-mai-la-bucuresti-apar-si-ploile-spre-seara\\\/\",\"name\":\"Cum va fi vremea de 1 Mai \u00een Bucuresti. Temperaturile scad \u0219i vor fi averse spre sear\u0103 - Buletin de Bucure\u0219ti\",\"isPartOf\":{\"@id\":\"https:\\\/\\\/buletin.de\\\/bucuresti\\\/#website\"},\"primaryImageOfPage\":{\"@id\":\"https:\\\/\\\/buletin.de\\\/bucuresti\\\/vreme-rece-de-1-mai-la-bucuresti-apar-si-ploile-spre-seara\\\/#primaryimage\"},\"image\":{\"@id\":\"https:\\\/\\\/buletin.de\\\/bucuresti\\\/vreme-rece-de-1-mai-la-bucuresti-apar-si-ploile-spre-seara\\\/#primaryimage\"},\"thumbnailUrl\":\"https:\\\/\\\/buletin.de\\\/bucuresti\\\/wp-content\\\/uploads\\\/Curiozitati-despre-ploaie.jpg\",\"datePublished\":\"2026-04-28T06:38:31+00:00\",\"dateModified\":\"2026-04-28T09:15:58+00:00\",\"description\":\"Meteorologii anun\u021b\u0103 vreme rece, de 1 mai, la Bucure\u0219ti. \u00cen ziua de s\u0103rb\u0103toare, apar \u0219i ploile, spre sear\u0103.\",\"breadcrumb\":{\"@id\":\"https:\\\/\\\/buletin.de\\\/bucuresti\\\/vreme-rece-de-1-mai-la-bucuresti-apar-si-ploile-spre-seara\\\/#breadcrumb\"},\"inLanguage\":\"en-GB\",\"potentialAction\":[{\"@type\":\"ReadAction\",\"target\":[\"https:\\\/\\\/buletin.de\\\/bucuresti\\\/vreme-rece-de-1-mai-la-bucuresti-apar-si-ploile-spre-seara\\\/\"]}]},{\"@type\":\"ImageObject\",\"inLanguage\":\"en-GB\",\"@id\":\"https:\\\/\\\/buletin.de\\\/bucuresti\\\/vreme-rece-de-1-mai-la-bucuresti-apar-si-ploile-spre-seara\\\/#primaryimage\",\"url\":\"https:\\\/\\\/buletin.de\\\/bucuresti\\\/wp-content\\\/uploads\\\/Curiozitati-despre-ploaie.jpg\",\"contentUrl\":\"https:\\\/\\\/buletin.de\\\/bucuresti\\\/wp-content\\\/uploads\\\/Curiozitati-despre-ploaie.jpg\",\"width\":2000,\"height\":1334,\"caption\":\"Vreme rece, de 1 mai, la Bucure\u0219ti. Apar \u0219i ploile, dup\u0103-amiaz\u0103. FOTO: Arhiva\"},{\"@type\":\"BreadcrumbList\",\"@id\":\"https:\\\/\\\/buletin.de\\\/bucuresti\\\/vreme-rece-de-1-mai-la-bucuresti-apar-si-ploile-spre-seara\\\/#breadcrumb\",\"itemListElement\":[{\"@type\":\"ListItem\",\"position\":1,\"name\":\"Acas\u0103\",\"item\":\"https:\\\/\\\/buletin.de\\\/bucuresti\\\/\"},{\"@type\":\"ListItem\",\"position\":2,\"name\":\"Cum va fi vremea de 1 Mai \u00een Bucuresti. Temperaturile scad \u0219i vor fi averse spre sear\u0103\"}]},{\"@type\":\"WebSite\",\"@id\":\"https:\\\/\\\/buletin.de\\\/bucuresti\\\/#website\",\"url\":\"https:\\\/\\\/buletin.de\\\/bucuresti\\\/\",\"name\":\"Buletin de Bucure\u0219ti\",\"description\":\"\u0218tiri \u0219i investiga\u021bii esen\u021biale din capital\u0103\",\"publisher\":{\"@id\":\"https:\\\/\\\/buletin.de\\\/bucuresti\\\/#organization\"},\"potentialAction\":[{\"@type\":\"SearchAction\",\"target\":{\"@type\":\"EntryPoint\",\"urlTemplate\":\"https:\\\/\\\/buletin.de\\\/bucuresti\\\/?s={search_term_string}\"},\"query-input\":{\"@type\":\"PropertyValueSpecification\",\"valueRequired\":true,\"valueName\":\"search_term_string\"}}],\"inLanguage\":\"en-GB\"},{\"@type\":\"Organization\",\"@id\":\"https:\\\/\\\/buletin.de\\\/bucuresti\\\/#organization\",\"name\":\"Buletin de Bucure\u0219ti\",\"url\":\"https:\\\/\\\/buletin.de\\\/bucuresti\\\/\",\"logo\":{\"@type\":\"ImageObject\",\"inLanguage\":\"en-GB\",\"@id\":\"https:\\\/\\\/buletin.de\\\/bucuresti\\\/#\\\/schema\\\/logo\\\/image\\\/\",\"url\":\"https:\\\/\\\/buletin.de\\\/bucuresti\\\/wp-content\\\/uploads\\\/logo-bdb-full-wide-vernil-transparent.png\",\"contentUrl\":\"https:\\\/\\\/buletin.de\\\/bucuresti\\\/wp-content\\\/uploads\\\/logo-bdb-full-wide-vernil-transparent.png\",\"width\":1782,\"height\":626,\"caption\":\"Buletin de Bucure\u0219ti\"},\"image\":{\"@id\":\"https:\\\/\\\/buletin.de\\\/bucuresti\\\/#\\\/schema\\\/logo\\\/image\\\/\"},\"sameAs\":[\"https:\\\/\\\/www.facebook.com\\\/buletin.de.buc\",\"https:\\\/\\\/www.instagram.com\\\/buletinde.bucuresti\\\/\"]},{\"@type\":\"Person\",\"@id\":\"https:\\\/\\\/buletin.de\\\/bucuresti\\\/#\\\/schema\\\/person\\\/7e46040573290777280a0835d81ea4ea\",\"name\":\"Diana Matei\",\"image\":{\"@type\":\"ImageObject\",\"inLanguage\":\"en-GB\",\"@id\":\"https:\\\/\\\/buletin.de\\\/bucuresti\\\/wp-content\\\/uploads\\\/9-2-96x96.jpg1e8590b30871d70e62ebcdaf2eff570c\",\"url\":\"https:\\\/\\\/buletin.de\\\/bucuresti\\\/wp-content\\\/uploads\\\/9-2-96x96.jpg\",\"contentUrl\":\"https:\\\/\\\/buletin.de\\\/bucuresti\\\/wp-content\\\/uploads\\\/9-2-96x96.jpg\",\"caption\":\"Diana Matei\"},\"url\":\"https:\\\/\\\/buletin.de\\\/bucuresti\\\/author\\\/dianamatei\\\/\"}]}<\/script>\n<!-- \/ Yoast SEO Premium plugin. -->","yoast_head_json":{"title":"Cum va fi vremea de 1 Mai \u00een Bucuresti. Temperaturile scad \u0219i vor fi averse spre sear\u0103 - Buletin de Bucure\u0219ti","description":"Meteorologii anun\u021b\u0103 vreme rece, de 1 mai, la Bucure\u0219ti. \u00cen ziua de s\u0103rb\u0103toare, apar \u0219i ploile, spre sear\u0103.","robots":{"index":"index","follow":"follow","max-snippet":"max-snippet:-1","max-image-preview":"max-image-preview:large","max-video-preview":"max-video-preview:-1"},"canonical":"https:\/\/buletin.de\/bucuresti\/vreme-rece-de-1-mai-la-bucuresti-apar-si-ploile-spre-seara\/","og_locale":"en_GB","og_type":"article","og_title":"Cum va fi vremea de 1 Mai \u00een Bucuresti. Temperaturile scad \u0219i vor fi averse spre sear\u0103","og_description":"Meteorologii anun\u021b\u0103 vreme rece, de 1 mai, la Bucure\u0219ti. \u00cen ziua de s\u0103rb\u0103toare, apar \u0219i ploile, spre sear\u0103.","og_url":"https:\/\/buletin.de\/bucuresti\/vreme-rece-de-1-mai-la-bucuresti-apar-si-ploile-spre-seara\/","og_site_name":"Buletin de Bucure\u0219ti","article_publisher":"https:\/\/www.facebook.com\/buletin.de.buc","article_published_time":"2026-04-28T06:38:31+00:00","article_modified_time":"2026-04-28T09:15:58+00:00","og_image":[{"width":2000,"height":1334,"url":"https:\/\/buletin.de\/bucuresti\/wp-content\/uploads\/Curiozitati-despre-ploaie.jpg","type":"image\/jpeg"}],"author":"Diana Matei","twitter_card":"summary_large_image","twitter_misc":{"Written by":"Diana Matei","Estimated reading time":"2 minutes"},"schema":{"@context":"https:\/\/schema.org","@graph":[{"@type":"Article","@id":"https:\/\/buletin.de\/bucuresti\/vreme-rece-de-1-mai-la-bucuresti-apar-si-ploile-spre-seara\/#article","isPartOf":{"@id":"https:\/\/buletin.de\/bucuresti\/vreme-rece-de-1-mai-la-bucuresti-apar-si-ploile-spre-seara\/"},"author":{"name":"Diana Matei","@id":"https:\/\/buletin.de\/bucuresti\/#\/schema\/person\/7e46040573290777280a0835d81ea4ea"},"headline":"Cum va fi vremea de 1 Mai \u00een Bucuresti. Temperaturile scad \u0219i vor fi averse spre sear\u0103","datePublished":"2026-04-28T06:38:31+00:00","dateModified":"2026-04-28T09:15:58+00:00","mainEntityOfPage":{"@id":"https:\/\/buletin.de\/bucuresti\/vreme-rece-de-1-mai-la-bucuresti-apar-si-ploile-spre-seara\/"},"wordCount":370,"publisher":{"@id":"https:\/\/buletin.de\/bucuresti\/#organization"},"image":{"@id":"https:\/\/buletin.de\/bucuresti\/vreme-rece-de-1-mai-la-bucuresti-apar-si-ploile-spre-seara\/#primaryimage"},"thumbnailUrl":"https:\/\/buletin.de\/bucuresti\/wp-content\/uploads\/Curiozitati-despre-ploaie.jpg","keywords":["anm","prognoza i mai","prognoza meteo Bucuresti","temperaturi Bucuresti"],"articleSection":["Articole","\u0218tiri"],"inLanguage":"en-GB","copyrightYear":"2026","copyrightHolder":{"@id":"https:\/\/buletin.de\/bucuresti\/#organization"}},{"@type":"WebPage","@id":"https:\/\/buletin.de\/bucuresti\/vreme-rece-de-1-mai-la-bucuresti-apar-si-ploile-spre-seara\/","url":"https:\/\/buletin.de\/bucuresti\/vreme-rece-de-1-mai-la-bucuresti-apar-si-ploile-spre-seara\/","name":"Cum va fi vremea de 1 Mai \u00een Bucuresti. Temperaturile scad \u0219i vor fi averse spre sear\u0103 - Buletin de Bucure\u0219ti","isPartOf":{"@id":"https:\/\/buletin.de\/bucuresti\/#website"},"primaryImageOfPage":{"@id":"https:\/\/buletin.de\/bucuresti\/vreme-rece-de-1-mai-la-bucuresti-apar-si-ploile-spre-seara\/#primaryimage"},"image":{"@id":"https:\/\/buletin.de\/bucuresti\/vreme-rece-de-1-mai-la-bucuresti-apar-si-ploile-spre-seara\/#primaryimage"},"thumbnailUrl":"https:\/\/buletin.de\/bucuresti\/wp-content\/uploads\/Curiozitati-despre-ploaie.jpg","datePublished":"2026-04-28T06:38:31+00:00","dateModified":"2026-04-28T09:15:58+00:00","description":"Meteorologii anun\u021b\u0103 vreme rece, de 1 mai, la Bucure\u0219ti. \u00cen ziua de s\u0103rb\u0103toare, apar \u0219i ploile, spre sear\u0103.","breadcrumb":{"@id":"https:\/\/buletin.de\/bucuresti\/vreme-rece-de-1-mai-la-bucuresti-apar-si-ploile-spre-seara\/#breadcrumb"},"inLanguage":"en-GB","potentialAction":[{"@type":"ReadAction","target":["https:\/\/buletin.de\/bucuresti\/vreme-rece-de-1-mai-la-bucuresti-apar-si-ploile-spre-seara\/"]}]},{"@type":"ImageObject","inLanguage":"en-GB","@id":"https:\/\/buletin.de\/bucuresti\/vreme-rece-de-1-mai-la-bucuresti-apar-si-ploile-spre-seara\/#primaryimage","url":"https:\/\/buletin.de\/bucuresti\/wp-content\/uploads\/Curiozitati-despre-ploaie.jpg","contentUrl":"https:\/\/buletin.de\/bucuresti\/wp-content\/uploads\/Curiozitati-despre-ploaie.jpg","width":2000,"height":1334,"caption":"Vreme rece, de 1 mai, la Bucure\u0219ti. Apar \u0219i ploile, dup\u0103-amiaz\u0103. FOTO: Arhiva"},{"@type":"BreadcrumbList","@id":"https:\/\/buletin.de\/bucuresti\/vreme-rece-de-1-mai-la-bucuresti-apar-si-ploile-spre-seara\/#breadcrumb","itemListElement":[{"@type":"ListItem","position":1,"name":"Acas\u0103","item":"https:\/\/buletin.de\/bucuresti\/"},{"@type":"ListItem","position":2,"name":"Cum va fi vremea de 1 Mai \u00een Bucuresti. Temperaturile scad \u0219i vor fi averse spre sear\u0103"}]},{"@type":"WebSite","@id":"https:\/\/buletin.de\/bucuresti\/#website","url":"https:\/\/buletin.de\/bucuresti\/","name":"Buletin de Bucure\u0219ti","description":"\u0218tiri \u0219i investiga\u021bii esen\u021biale din capital\u0103","publisher":{"@id":"https:\/\/buletin.de\/bucuresti\/#organization"},"potentialAction":[{"@type":"SearchAction","target":{"@type":"EntryPoint","urlTemplate":"https:\/\/buletin.de\/bucuresti\/?s={search_term_string}"},"query-input":{"@type":"PropertyValueSpecification","valueRequired":true,"valueName":"search_term_string"}}],"inLanguage":"en-GB"},{"@type":"Organization","@id":"https:\/\/buletin.de\/bucuresti\/#organization","name":"Buletin de Bucure\u0219ti","url":"https:\/\/buletin.de\/bucuresti\/","logo":{"@type":"ImageObject","inLanguage":"en-GB","@id":"https:\/\/buletin.de\/bucuresti\/#\/schema\/logo\/image\/","url":"https:\/\/buletin.de\/bucuresti\/wp-content\/uploads\/logo-bdb-full-wide-vernil-transparent.png","contentUrl":"https:\/\/buletin.de\/bucuresti\/wp-content\/uploads\/logo-bdb-full-wide-vernil-transparent.png","width":1782,"height":626,"caption":"Buletin de Bucure\u0219ti"},"image":{"@id":"https:\/\/buletin.de\/bucuresti\/#\/schema\/logo\/image\/"},"sameAs":["https:\/\/www.facebook.com\/buletin.de.buc","https:\/\/www.instagram.com\/buletinde.bucuresti\/"]},{"@type":"Person","@id":"https:\/\/buletin.de\/bucuresti\/#\/schema\/person\/7e46040573290777280a0835d81ea4ea","name":"Diana Matei","image":{"@type":"ImageObject","inLanguage":"en-GB","@id":"https:\/\/buletin.de\/bucuresti\/wp-content\/uploads\/9-2-96x96.jpg1e8590b30871d70e62ebcdaf2eff570c","url":"https:\/\/buletin.de\/bucuresti\/wp-content\/uploads\/9-2-96x96.jpg","contentUrl":"https:\/\/buletin.de\/bucuresti\/wp-content\/uploads\/9-2-96x96.jpg","caption":"Diana Matei"},"url":"https:\/\/buletin.de\/bucuresti\/author\/dianamatei\/"}]}},"authors":[{"term_id":22574,"user_id":49,"is_guest":0,"slug":"dianamatei","display_name":"Diana Matei","avatar_url":"https:\/\/buletin.de\/bucuresti\/wp-content\/uploads\/9-2-96x96.jpg","0":null,"1":"","2":"","3":"","4":"","5":"","6":"","7":"","8":""}],"_links":{"self":[{"href":"https:\/\/buletin.de\/bucuresti\/wp-json\/wp\/v2\/posts\/189796","targetHints":{"allow":["GET"]}}],"collection":[{"href":"https:\/\/buletin.de\/bucuresti\/wp-json\/wp\/v2\/posts"}],"about":[{"href":"https:\/\/buletin.de\/bucuresti\/wp-json\/wp\/v2\/types\/post"}],"author":[{"embeddable":true,"href":"https:\/\/buletin.de\/bucuresti\/wp-json\/wp\/v2\/users\/49"}],"replies":[{"embeddable":true,"href":"https:\/\/buletin.de\/bucuresti\/wp-json\/wp\/v2\/comments?post=189796"}],"version-history":[{"count":13,"href":"https:\/\/buletin.de\/bucuresti\/wp-json\/wp\/v2\/posts\/189796\/revisions"}],"predecessor-version":[{"id":189864,"href":"https:\/\/buletin.de\/bucuresti\/wp-json\/wp\/v2\/posts\/189796\/revisions\/189864"}],"wp:featuredmedia":[{"embeddable":true,"href":"https:\/\/buletin.de\/bucuresti\/wp-json\/wp\/v2\/media\/62248"}],"wp:attachment":[{"href":"https:\/\/buletin.de\/bucuresti\/wp-json\/wp\/v2\/media?parent=189796"}],"wp:term":[{"taxonomy":"category","embeddable":true,"href":"https:\/\/buletin.de\/bucuresti\/wp-json\/wp\/v2\/categories?post=189796"},{"taxonomy":"post_tag","embeddable":true,"href":"https:\/\/buletin.de\/bucuresti\/wp-json\/wp\/v2\/tags?post=189796"},{"taxonomy":"author","embeddable":true,"href":"https:\/\/buletin.de\/bucuresti\/wp-json\/wp\/v2\/ppma_author?post=189796"}],"curies":[{"name":"wp","href":"https:\/\/api.w.org\/{rel}","templated":true}]}}