{"id":189795,"date":"2026-04-28T09:58:02","date_gmt":"2026-04-28T06:58:02","guid":{"rendered":"https:\/\/buletin.de\/bucuresti\/?p=189795"},"modified":"2026-04-28T09:58:03","modified_gmt":"2026-04-28T06:58:03","slug":"incep-lucrarile-la-primul-tronson-de-linie-de-tramvai-de-pe-prelungirea-ghencea-primele-materiale-au-fost-aduse-in-santier","status":"publish","type":"post","link":"https:\/\/buletin.de\/bucuresti\/incep-lucrarile-la-primul-tronson-de-linie-de-tramvai-de-pe-prelungirea-ghencea-primele-materiale-au-fost-aduse-in-santier\/","title":{"rendered":"\u00cencep lucr\u0103rile la primul tronson de linie de tramvai de pe Prelungirea Ghencea. Primele materiale au fost aduse \u00een \u0219antier"},"content":{"rendered":"\n<p><strong>\u00cencepe construc\u021bia primului tronson al liniei de tramvai de pe Prelungirea Ghencea, cea mai nou\u0103 din ultimele trei decenii, potrivit <a href=\"https:\/\/mobilitate.eu\/incepe-constructia-primei-linii\/\" type=\"link\" id=\"https:\/\/mobilitate.eu\/incepe-constructia-primei-linii\/\" target=\"_blank\" rel=\"noreferrer noopener\">Mobilitate.eu<\/a>. <\/strong><\/p>\n\n\n\n<p>Ultima linie de tramvai construit\u0103 integral \u00een Bucure\u0219ti dateaz\u0103 din anii &#8217;90, pe Calea Vitan, \u0219i are o lungime de aproximativ 1,3 kilometri, dar \u0219i noua cale de rulare de pe Pasajul Basarab. <\/p>\n\n\n\n<p>O alt\u0103 construc\u021bie nou\u0103, din ultimele decenii, a fost terminalul de la Pia\u021ba Sf\u00e2nta Vineri, \u00eens\u0103 nu este vorba despre un traseu nou, \u00een acest caz. <\/p>\n\n\n\n<h2 class=\"wp-block-heading\" id=\"h-incep-lucrarile-la-primul-tronson-de-linie-de-tramvai-pe-prelungirea-ghencea\">\u00cencep lucr\u0103rile la primul tronson de linie de tramvai, pe Prelungirea Ghencea <\/h2>\n\n\n\n<p>Lucr\u0103rile avanseaz\u0103 pe Prelungirea Ghencea, \u00eentre terminalul liniei 41 \u0219i zona Pasajului Domne\u0219ti. Pe o mare parte a \u0219antierului, \u00eenc\u0103 se lucreaz\u0103 la re\u021belele edilitare. <\/p>\n\n\n\n<p><strong>Pe cel mai avansat tronson, cel cuprins \u00eentre strada Bra\u0219ov \u0219i R\u00e2ul Doamnei, au \u00eenceput lucr\u0103rile la noua linie de tramvai. Primele traverse au fost deja aduse \u00een \u0219antier, marc\u00e2nd demararea montajului infrastructurii de rulare. <\/strong><\/p>\n\n\n\n<p>Lucr\u0103rile la linia de tramvai <a href=\"https:\/\/buletin.de\/bucuresti\/protocol-de-cooperare-pentru-prelungirea-ghencea-calendarul-lucrarilor-asumat-de-cnair-si-pmb\/\" type=\"link\" id=\"https:\/\/buletin.de\/bucuresti\/protocol-de-cooperare-pentru-prelungirea-ghencea-calendarul-lucrarilor-asumat-de-cnair-si-pmb\/\" target=\"_blank\" rel=\"noreferrer noopener\">de pe Prelungirea Ghencea<\/a> sunt realizate de o asociere de 16 firme, cu Bogart \u00een calitate de lider. <\/p>\n\n\n\n<p>Num\u0103rul mare de firme este justificat de comoplexitatea lucr\u0103rilor, care includ amenaj\u0103ri peisagistice la linii de tramvai, devieri de utilit\u0103\u021bi \u0219i instala\u021bii IT pentru sistemele de management al traficului. Pe zona de linii de tramvai sunt angrenate companiile Urban Profile Grele \u0219i Swietelsky.<\/p>\n\n\n\n<p>\u00cen acest moment, cele mai avansate lucr\u0103ri sunt pe tronsonul Bra\u0219ov &#8211; R\u00e2ul Doamnei &#8211; Valea Oltului, precum \u0219i pe tronsonul CNAIR \u00eentre Cartierul Latin \u0219i limita Pasaj Domne\u0219ti. <\/p>\n\n\n\n<h2 class=\"wp-block-heading\" id=\"h-cand-ar-putea-fi-gata-lucrarile\">C\u00e2nd ar putea fi gata lucr\u0103rile <\/h2>\n\n\n\n<p><strong>\u00cen ianuarie, primarul general <a href=\"https:\/\/www.facebook.com\/ciprian.ciucu\/posts\/10164867410829203?ref=embed_post\" type=\"link\" id=\"https:\/\/www.facebook.com\/ciprian.ciucu\/posts\/10164867410829203?ref=embed_post\" target=\"_blank\" rel=\"noreferrer noopener\">Ciprian Ciucu anun\u021ba<\/a> c\u0103 \u0219ina de tramvai de pe Prelungirea Ghencea ar trebui s\u0103 fie gata \u00een prima parte a anului 2028.<\/strong><\/p>\n\n\n\n<p><a href=\"https:\/\/buletin.de\/bucuresti\/stadiul-lucrarilor-la-prelungirea-ghencea-pentru-fiecare-tronson-ciprian-ciucu-anunta-masuri-pentru-deblocarea-santierelor\/\" type=\"link\" id=\"https:\/\/buletin.de\/bucuresti\/stadiul-lucrarilor-la-prelungirea-ghencea-pentru-fiecare-tronson-ciprian-ciucu-anunta-masuri-pentru-deblocarea-santierelor\/\" target=\"_blank\" rel=\"noreferrer noopener\">Prelungirea Ghencea va avea patru benzi<\/a>, va avea linie dubl\u0103 de tramvai, piste de biciclete, trotuare, spa\u021bii verzi, iluminat cu led, cabluri \u00eengropate \u00een subteran \u0219i intersec\u021bii cu semafoare inteligente, pentru fluidizarea traficului. <\/p>\n\n\n\n<p>Valoarea lucr\u0103rilor la infrastructura rutier\u0103 ajung la <strong>45,2 milioane de lei<\/strong>, bani de la bugetul local. 123,5 milioane lei cost\u0103 amenajarea \u0219inelor de tramvai, din care 87 de milioane sunt fonduri nerambursabile, iar 62,2 milioane de lei cost\u0103 construc\u021bia noului park &amp; ride.<\/p>\n\n\n\n<p>CITE\u0218TE \u0218I <a href=\"https:\/\/buletin.de\/bucuresti\/primaria-sectorului-4-cheltuie-peste-sase-milioane-de-euro-pentru-a-monta-borduri-si-garduri-la-santierele-retelei-de-termoficare-protocol-cu-termoenergetica\/\" target=\"_blank\" rel=\"noreferrer noopener\">Prim\u0103ria Sectorului 4 cheltuie peste \u0219ase milioane de euro pentru a monta borduri \u0219i garduri la \u0219antierele re\u021belei de termoficare. Protocol cu Termoenergetica<\/a><\/p>\n","protected":false},"excerpt":{"rendered":"<p>\u00cencepe construc\u021bia primului tronson al liniei de tramvai de pe Prelungirea Ghencea, cea mai nou\u0103 din ultimele trei decenii, potrivit Mobilitate.eu. Ultima linie de tramvai construit\u0103 integral \u00een Bucure\u0219ti dateaz\u0103 din anii &#8217;90, pe Calea Vitan, \u0219i are o lungime de aproximativ 1,3 kilometri, dar \u0219i noua cale de rulare de pe Pasajul Basarab. O [&hellip;]<\/p>\n","protected":false},"author":65,"featured_media":189822,"comment_status":"closed","ping_status":"open","sticky":false,"template":"","format":"standard","meta":{"_acf_changed":false,"inline_featured_image":false,"ngg_post_thumbnail":0,"footnotes":""},"categories":[6994,62,650],"tags":[9812,439,12228,1345,436,4623],"ppma_author":[23912],"class_list":["post-189795","post","type-post","status-publish","format-standard","has-post-thumbnail","hentry","category-stiri-2","category-stiri","category-transport","tag-linie-de-tramvai","tag-lucrari","tag-lucrari-prelungirea-ghencea","tag-prelungirea-ghencea","tag-santier","tag-tramvai-41"],"acf":[],"yoast_head":"<!-- This site is optimized with the Yoast SEO Premium plugin v25.3 (Yoast SEO v27.4) - https:\/\/yoast.com\/product\/yoast-seo-premium-wordpress\/ -->\n<title>\u00cencep lucr\u0103rile la primul tronson de linie de tramvai de pe Prelungirea Ghencea. Primele materiale au fost aduse \u00een \u0219antier - Buletin de Bucure\u0219ti<\/title>\n<meta name=\"description\" content=\"\u00cencepe construc\u021bia primului tronson al liniei de tramvai de pe Prelungirea Ghencea, cea mai nou\u0103 din ultimele trei decenii.\" \/>\n<meta name=\"robots\" content=\"index, follow, max-snippet:-1, max-image-preview:large, max-video-preview:-1\" \/>\n<link rel=\"canonical\" href=\"https:\/\/buletin.de\/bucuresti\/incep-lucrarile-la-primul-tronson-de-linie-de-tramvai-de-pe-prelungirea-ghencea-primele-materiale-au-fost-aduse-in-santier\/\" \/>\n<meta property=\"og:locale\" content=\"en_GB\" \/>\n<meta property=\"og:type\" content=\"article\" \/>\n<meta property=\"og:title\" content=\"\u00cencep lucr\u0103rile la primul tronson de linie de tramvai de pe Prelungirea Ghencea. Primele materiale au fost aduse \u00een \u0219antier\" \/>\n<meta property=\"og:description\" content=\"\u00cencepe construc\u021bia primului tronson al liniei de tramvai de pe Prelungirea Ghencea, cea mai nou\u0103 din ultimele trei decenii.\" \/>\n<meta property=\"og:url\" content=\"https:\/\/buletin.de\/bucuresti\/incep-lucrarile-la-primul-tronson-de-linie-de-tramvai-de-pe-prelungirea-ghencea-primele-materiale-au-fost-aduse-in-santier\/\" \/>\n<meta property=\"og:site_name\" content=\"Buletin de Bucure\u0219ti\" \/>\n<meta property=\"article:publisher\" content=\"https:\/\/www.facebook.com\/buletin.de.buc\" \/>\n<meta property=\"article:published_time\" content=\"2026-04-28T06:58:02+00:00\" \/>\n<meta property=\"article:modified_time\" content=\"2026-04-28T06:58:03+00:00\" \/>\n<meta property=\"og:image\" content=\"https:\/\/buletin.de\/bucuresti\/wp-content\/uploads\/2026\/04\/Linia-de-tramvai-Prelungirea-Ghencea-1.jpg\" \/>\n\t<meta property=\"og:image:width\" content=\"1200\" \/>\n\t<meta property=\"og:image:height\" content=\"650\" \/>\n\t<meta property=\"og:image:type\" content=\"image\/jpeg\" \/>\n<meta name=\"author\" content=\"Andreea St\u0103n\u0103r\u00eeng\u0103\" \/>\n<meta name=\"twitter:card\" content=\"summary_large_image\" \/>\n<meta name=\"twitter:label1\" content=\"Written by\" \/>\n\t<meta name=\"twitter:data1\" content=\"Andreea St\u0103n\u0103r\u00eeng\u0103\" \/>\n\t<meta name=\"twitter:label2\" content=\"Estimated reading time\" \/>\n\t<meta name=\"twitter:data2\" content=\"2 minutes\" \/>\n<script type=\"application\/ld+json\" class=\"yoast-schema-graph\">{\"@context\":\"https:\\\/\\\/schema.org\",\"@graph\":[{\"@type\":\"Article\",\"@id\":\"https:\\\/\\\/buletin.de\\\/bucuresti\\\/incep-lucrarile-la-primul-tronson-de-linie-de-tramvai-de-pe-prelungirea-ghencea-primele-materiale-au-fost-aduse-in-santier\\\/#article\",\"isPartOf\":{\"@id\":\"https:\\\/\\\/buletin.de\\\/bucuresti\\\/incep-lucrarile-la-primul-tronson-de-linie-de-tramvai-de-pe-prelungirea-ghencea-primele-materiale-au-fost-aduse-in-santier\\\/\"},\"author\":{\"name\":\"Andreea St\u0103n\u0103r\u00eeng\u0103\",\"@id\":\"https:\\\/\\\/buletin.de\\\/bucuresti\\\/#\\\/schema\\\/person\\\/81421a46fb84a0887cfd2238f5202586\"},\"headline\":\"\u00cencep lucr\u0103rile la primul tronson de linie de tramvai de pe Prelungirea Ghencea. Primele materiale au fost aduse \u00een \u0219antier\",\"datePublished\":\"2026-04-28T06:58:02+00:00\",\"dateModified\":\"2026-04-28T06:58:03+00:00\",\"mainEntityOfPage\":{\"@id\":\"https:\\\/\\\/buletin.de\\\/bucuresti\\\/incep-lucrarile-la-primul-tronson-de-linie-de-tramvai-de-pe-prelungirea-ghencea-primele-materiale-au-fost-aduse-in-santier\\\/\"},\"wordCount\":425,\"publisher\":{\"@id\":\"https:\\\/\\\/buletin.de\\\/bucuresti\\\/#organization\"},\"image\":{\"@id\":\"https:\\\/\\\/buletin.de\\\/bucuresti\\\/incep-lucrarile-la-primul-tronson-de-linie-de-tramvai-de-pe-prelungirea-ghencea-primele-materiale-au-fost-aduse-in-santier\\\/#primaryimage\"},\"thumbnailUrl\":\"https:\\\/\\\/buletin.de\\\/bucuresti\\\/wp-content\\\/uploads\\\/2026\\\/04\\\/Linia-de-tramvai-Prelungirea-Ghencea-1.jpg\",\"keywords\":[\"linie de tramvai\",\"lucrari\",\"lucrari prelungirea ghencea\",\"prelungirea ghencea\",\"santier\",\"tramvai 41\"],\"articleSection\":[\"Articole\",\"\u0218tiri\",\"Transport\"],\"inLanguage\":\"en-GB\",\"copyrightYear\":\"2026\",\"copyrightHolder\":{\"@id\":\"https:\\\/\\\/buletin.de\\\/bucuresti\\\/#organization\"}},{\"@type\":\"WebPage\",\"@id\":\"https:\\\/\\\/buletin.de\\\/bucuresti\\\/incep-lucrarile-la-primul-tronson-de-linie-de-tramvai-de-pe-prelungirea-ghencea-primele-materiale-au-fost-aduse-in-santier\\\/\",\"url\":\"https:\\\/\\\/buletin.de\\\/bucuresti\\\/incep-lucrarile-la-primul-tronson-de-linie-de-tramvai-de-pe-prelungirea-ghencea-primele-materiale-au-fost-aduse-in-santier\\\/\",\"name\":\"\u00cencep lucr\u0103rile la primul tronson de linie de tramvai de pe Prelungirea Ghencea. Primele materiale au fost aduse \u00een \u0219antier - Buletin de Bucure\u0219ti\",\"isPartOf\":{\"@id\":\"https:\\\/\\\/buletin.de\\\/bucuresti\\\/#website\"},\"primaryImageOfPage\":{\"@id\":\"https:\\\/\\\/buletin.de\\\/bucuresti\\\/incep-lucrarile-la-primul-tronson-de-linie-de-tramvai-de-pe-prelungirea-ghencea-primele-materiale-au-fost-aduse-in-santier\\\/#primaryimage\"},\"image\":{\"@id\":\"https:\\\/\\\/buletin.de\\\/bucuresti\\\/incep-lucrarile-la-primul-tronson-de-linie-de-tramvai-de-pe-prelungirea-ghencea-primele-materiale-au-fost-aduse-in-santier\\\/#primaryimage\"},\"thumbnailUrl\":\"https:\\\/\\\/buletin.de\\\/bucuresti\\\/wp-content\\\/uploads\\\/2026\\\/04\\\/Linia-de-tramvai-Prelungirea-Ghencea-1.jpg\",\"datePublished\":\"2026-04-28T06:58:02+00:00\",\"dateModified\":\"2026-04-28T06:58:03+00:00\",\"description\":\"\u00cencepe construc\u021bia primului tronson al liniei de tramvai de pe Prelungirea Ghencea, cea mai nou\u0103 din ultimele trei decenii.\",\"breadcrumb\":{\"@id\":\"https:\\\/\\\/buletin.de\\\/bucuresti\\\/incep-lucrarile-la-primul-tronson-de-linie-de-tramvai-de-pe-prelungirea-ghencea-primele-materiale-au-fost-aduse-in-santier\\\/#breadcrumb\"},\"inLanguage\":\"en-GB\",\"potentialAction\":[{\"@type\":\"ReadAction\",\"target\":[\"https:\\\/\\\/buletin.de\\\/bucuresti\\\/incep-lucrarile-la-primul-tronson-de-linie-de-tramvai-de-pe-prelungirea-ghencea-primele-materiale-au-fost-aduse-in-santier\\\/\"]}]},{\"@type\":\"ImageObject\",\"inLanguage\":\"en-GB\",\"@id\":\"https:\\\/\\\/buletin.de\\\/bucuresti\\\/incep-lucrarile-la-primul-tronson-de-linie-de-tramvai-de-pe-prelungirea-ghencea-primele-materiale-au-fost-aduse-in-santier\\\/#primaryimage\",\"url\":\"https:\\\/\\\/buletin.de\\\/bucuresti\\\/wp-content\\\/uploads\\\/2026\\\/04\\\/Linia-de-tramvai-Prelungirea-Ghencea-1.jpg\",\"contentUrl\":\"https:\\\/\\\/buletin.de\\\/bucuresti\\\/wp-content\\\/uploads\\\/2026\\\/04\\\/Linia-de-tramvai-Prelungirea-Ghencea-1.jpg\",\"width\":1200,\"height\":650,\"caption\":\"\u00cencep lucr\u0103rile la primul tronson de linie de tramvai de pe Prelungirea Ghencea. Foto: Mobilitate.eu\"},{\"@type\":\"BreadcrumbList\",\"@id\":\"https:\\\/\\\/buletin.de\\\/bucuresti\\\/incep-lucrarile-la-primul-tronson-de-linie-de-tramvai-de-pe-prelungirea-ghencea-primele-materiale-au-fost-aduse-in-santier\\\/#breadcrumb\",\"itemListElement\":[{\"@type\":\"ListItem\",\"position\":1,\"name\":\"Acas\u0103\",\"item\":\"https:\\\/\\\/buletin.de\\\/bucuresti\\\/\"},{\"@type\":\"ListItem\",\"position\":2,\"name\":\"\u00cencep lucr\u0103rile la primul tronson de linie de tramvai de pe Prelungirea Ghencea. Primele materiale au fost aduse \u00een \u0219antier\"}]},{\"@type\":\"WebSite\",\"@id\":\"https:\\\/\\\/buletin.de\\\/bucuresti\\\/#website\",\"url\":\"https:\\\/\\\/buletin.de\\\/bucuresti\\\/\",\"name\":\"Buletin de Bucure\u0219ti\",\"description\":\"\u0218tiri \u0219i investiga\u021bii esen\u021biale din capital\u0103\",\"publisher\":{\"@id\":\"https:\\\/\\\/buletin.de\\\/bucuresti\\\/#organization\"},\"potentialAction\":[{\"@type\":\"SearchAction\",\"target\":{\"@type\":\"EntryPoint\",\"urlTemplate\":\"https:\\\/\\\/buletin.de\\\/bucuresti\\\/?s={search_term_string}\"},\"query-input\":{\"@type\":\"PropertyValueSpecification\",\"valueRequired\":true,\"valueName\":\"search_term_string\"}}],\"inLanguage\":\"en-GB\"},{\"@type\":\"Organization\",\"@id\":\"https:\\\/\\\/buletin.de\\\/bucuresti\\\/#organization\",\"name\":\"Buletin de Bucure\u0219ti\",\"url\":\"https:\\\/\\\/buletin.de\\\/bucuresti\\\/\",\"logo\":{\"@type\":\"ImageObject\",\"inLanguage\":\"en-GB\",\"@id\":\"https:\\\/\\\/buletin.de\\\/bucuresti\\\/#\\\/schema\\\/logo\\\/image\\\/\",\"url\":\"https:\\\/\\\/buletin.de\\\/bucuresti\\\/wp-content\\\/uploads\\\/logo-bdb-full-wide-vernil-transparent.png\",\"contentUrl\":\"https:\\\/\\\/buletin.de\\\/bucuresti\\\/wp-content\\\/uploads\\\/logo-bdb-full-wide-vernil-transparent.png\",\"width\":1782,\"height\":626,\"caption\":\"Buletin de Bucure\u0219ti\"},\"image\":{\"@id\":\"https:\\\/\\\/buletin.de\\\/bucuresti\\\/#\\\/schema\\\/logo\\\/image\\\/\"},\"sameAs\":[\"https:\\\/\\\/www.facebook.com\\\/buletin.de.buc\",\"https:\\\/\\\/www.instagram.com\\\/buletinde.bucuresti\\\/\"]},{\"@type\":\"Person\",\"@id\":\"https:\\\/\\\/buletin.de\\\/bucuresti\\\/#\\\/schema\\\/person\\\/81421a46fb84a0887cfd2238f5202586\",\"name\":\"Andreea St\u0103n\u0103r\u00eeng\u0103\",\"image\":{\"@type\":\"ImageObject\",\"inLanguage\":\"en-GB\",\"@id\":\"https:\\\/\\\/secure.gravatar.com\\\/avatar\\\/dfa8d227a4388fad0f0bb03add04b5b176f4da34397dbb2eadc563b3d7162ce0?s=96&d=monsterid&r=g72784372b39ffe5a98a45288fe0d0e8a\",\"url\":\"https:\\\/\\\/secure.gravatar.com\\\/avatar\\\/dfa8d227a4388fad0f0bb03add04b5b176f4da34397dbb2eadc563b3d7162ce0?s=96&d=monsterid&r=g\",\"contentUrl\":\"https:\\\/\\\/secure.gravatar.com\\\/avatar\\\/dfa8d227a4388fad0f0bb03add04b5b176f4da34397dbb2eadc563b3d7162ce0?s=96&d=monsterid&r=g\",\"caption\":\"Andreea St\u0103n\u0103r\u00eeng\u0103\"},\"description\":\"Cu o experien\u021b\u0103 de peste 5 ani \u00een pres\u0103, face parte din echipa Buletin de Bucure\u0219ti din septembrie 2025. A colaborat cu c\u00e2teva publica\u021bii, printre care \u0219i Fanatik.ro, unde s-a ocupat de \u0219tiri de lifestyle \u0219i de actualitate. A f\u0103cut un pas c\u0103tre presa local\u0103 pentru a explora Bucure\u0219tiul \u0219i pove\u0219tile care merit\u0103 spuse.\",\"url\":\"https:\\\/\\\/buletin.de\\\/bucuresti\\\/author\\\/andreea-stanaranga\\\/\"}]}<\/script>\n<!-- \/ Yoast SEO Premium plugin. -->","yoast_head_json":{"title":"\u00cencep lucr\u0103rile la primul tronson de linie de tramvai de pe Prelungirea Ghencea. Primele materiale au fost aduse \u00een \u0219antier - Buletin de Bucure\u0219ti","description":"\u00cencepe construc\u021bia primului tronson al liniei de tramvai de pe Prelungirea Ghencea, cea mai nou\u0103 din ultimele trei decenii.","robots":{"index":"index","follow":"follow","max-snippet":"max-snippet:-1","max-image-preview":"max-image-preview:large","max-video-preview":"max-video-preview:-1"},"canonical":"https:\/\/buletin.de\/bucuresti\/incep-lucrarile-la-primul-tronson-de-linie-de-tramvai-de-pe-prelungirea-ghencea-primele-materiale-au-fost-aduse-in-santier\/","og_locale":"en_GB","og_type":"article","og_title":"\u00cencep lucr\u0103rile la primul tronson de linie de tramvai de pe Prelungirea Ghencea. Primele materiale au fost aduse \u00een \u0219antier","og_description":"\u00cencepe construc\u021bia primului tronson al liniei de tramvai de pe Prelungirea Ghencea, cea mai nou\u0103 din ultimele trei decenii.","og_url":"https:\/\/buletin.de\/bucuresti\/incep-lucrarile-la-primul-tronson-de-linie-de-tramvai-de-pe-prelungirea-ghencea-primele-materiale-au-fost-aduse-in-santier\/","og_site_name":"Buletin de Bucure\u0219ti","article_publisher":"https:\/\/www.facebook.com\/buletin.de.buc","article_published_time":"2026-04-28T06:58:02+00:00","article_modified_time":"2026-04-28T06:58:03+00:00","og_image":[{"width":1200,"height":650,"url":"https:\/\/buletin.de\/bucuresti\/wp-content\/uploads\/2026\/04\/Linia-de-tramvai-Prelungirea-Ghencea-1.jpg","type":"image\/jpeg"}],"author":"Andreea St\u0103n\u0103r\u00eeng\u0103","twitter_card":"summary_large_image","twitter_misc":{"Written by":"Andreea St\u0103n\u0103r\u00eeng\u0103","Estimated reading time":"2 minutes"},"schema":{"@context":"https:\/\/schema.org","@graph":[{"@type":"Article","@id":"https:\/\/buletin.de\/bucuresti\/incep-lucrarile-la-primul-tronson-de-linie-de-tramvai-de-pe-prelungirea-ghencea-primele-materiale-au-fost-aduse-in-santier\/#article","isPartOf":{"@id":"https:\/\/buletin.de\/bucuresti\/incep-lucrarile-la-primul-tronson-de-linie-de-tramvai-de-pe-prelungirea-ghencea-primele-materiale-au-fost-aduse-in-santier\/"},"author":{"name":"Andreea St\u0103n\u0103r\u00eeng\u0103","@id":"https:\/\/buletin.de\/bucuresti\/#\/schema\/person\/81421a46fb84a0887cfd2238f5202586"},"headline":"\u00cencep lucr\u0103rile la primul tronson de linie de tramvai de pe Prelungirea Ghencea. Primele materiale au fost aduse \u00een \u0219antier","datePublished":"2026-04-28T06:58:02+00:00","dateModified":"2026-04-28T06:58:03+00:00","mainEntityOfPage":{"@id":"https:\/\/buletin.de\/bucuresti\/incep-lucrarile-la-primul-tronson-de-linie-de-tramvai-de-pe-prelungirea-ghencea-primele-materiale-au-fost-aduse-in-santier\/"},"wordCount":425,"publisher":{"@id":"https:\/\/buletin.de\/bucuresti\/#organization"},"image":{"@id":"https:\/\/buletin.de\/bucuresti\/incep-lucrarile-la-primul-tronson-de-linie-de-tramvai-de-pe-prelungirea-ghencea-primele-materiale-au-fost-aduse-in-santier\/#primaryimage"},"thumbnailUrl":"https:\/\/buletin.de\/bucuresti\/wp-content\/uploads\/2026\/04\/Linia-de-tramvai-Prelungirea-Ghencea-1.jpg","keywords":["linie de tramvai","lucrari","lucrari prelungirea ghencea","prelungirea ghencea","santier","tramvai 41"],"articleSection":["Articole","\u0218tiri","Transport"],"inLanguage":"en-GB","copyrightYear":"2026","copyrightHolder":{"@id":"https:\/\/buletin.de\/bucuresti\/#organization"}},{"@type":"WebPage","@id":"https:\/\/buletin.de\/bucuresti\/incep-lucrarile-la-primul-tronson-de-linie-de-tramvai-de-pe-prelungirea-ghencea-primele-materiale-au-fost-aduse-in-santier\/","url":"https:\/\/buletin.de\/bucuresti\/incep-lucrarile-la-primul-tronson-de-linie-de-tramvai-de-pe-prelungirea-ghencea-primele-materiale-au-fost-aduse-in-santier\/","name":"\u00cencep lucr\u0103rile la primul tronson de linie de tramvai de pe Prelungirea Ghencea. Primele materiale au fost aduse \u00een \u0219antier - Buletin de Bucure\u0219ti","isPartOf":{"@id":"https:\/\/buletin.de\/bucuresti\/#website"},"primaryImageOfPage":{"@id":"https:\/\/buletin.de\/bucuresti\/incep-lucrarile-la-primul-tronson-de-linie-de-tramvai-de-pe-prelungirea-ghencea-primele-materiale-au-fost-aduse-in-santier\/#primaryimage"},"image":{"@id":"https:\/\/buletin.de\/bucuresti\/incep-lucrarile-la-primul-tronson-de-linie-de-tramvai-de-pe-prelungirea-ghencea-primele-materiale-au-fost-aduse-in-santier\/#primaryimage"},"thumbnailUrl":"https:\/\/buletin.de\/bucuresti\/wp-content\/uploads\/2026\/04\/Linia-de-tramvai-Prelungirea-Ghencea-1.jpg","datePublished":"2026-04-28T06:58:02+00:00","dateModified":"2026-04-28T06:58:03+00:00","description":"\u00cencepe construc\u021bia primului tronson al liniei de tramvai de pe Prelungirea Ghencea, cea mai nou\u0103 din ultimele trei decenii.","breadcrumb":{"@id":"https:\/\/buletin.de\/bucuresti\/incep-lucrarile-la-primul-tronson-de-linie-de-tramvai-de-pe-prelungirea-ghencea-primele-materiale-au-fost-aduse-in-santier\/#breadcrumb"},"inLanguage":"en-GB","potentialAction":[{"@type":"ReadAction","target":["https:\/\/buletin.de\/bucuresti\/incep-lucrarile-la-primul-tronson-de-linie-de-tramvai-de-pe-prelungirea-ghencea-primele-materiale-au-fost-aduse-in-santier\/"]}]},{"@type":"ImageObject","inLanguage":"en-GB","@id":"https:\/\/buletin.de\/bucuresti\/incep-lucrarile-la-primul-tronson-de-linie-de-tramvai-de-pe-prelungirea-ghencea-primele-materiale-au-fost-aduse-in-santier\/#primaryimage","url":"https:\/\/buletin.de\/bucuresti\/wp-content\/uploads\/2026\/04\/Linia-de-tramvai-Prelungirea-Ghencea-1.jpg","contentUrl":"https:\/\/buletin.de\/bucuresti\/wp-content\/uploads\/2026\/04\/Linia-de-tramvai-Prelungirea-Ghencea-1.jpg","width":1200,"height":650,"caption":"\u00cencep lucr\u0103rile la primul tronson de linie de tramvai de pe Prelungirea Ghencea. Foto: Mobilitate.eu"},{"@type":"BreadcrumbList","@id":"https:\/\/buletin.de\/bucuresti\/incep-lucrarile-la-primul-tronson-de-linie-de-tramvai-de-pe-prelungirea-ghencea-primele-materiale-au-fost-aduse-in-santier\/#breadcrumb","itemListElement":[{"@type":"ListItem","position":1,"name":"Acas\u0103","item":"https:\/\/buletin.de\/bucuresti\/"},{"@type":"ListItem","position":2,"name":"\u00cencep lucr\u0103rile la primul tronson de linie de tramvai de pe Prelungirea Ghencea. Primele materiale au fost aduse \u00een \u0219antier"}]},{"@type":"WebSite","@id":"https:\/\/buletin.de\/bucuresti\/#website","url":"https:\/\/buletin.de\/bucuresti\/","name":"Buletin de Bucure\u0219ti","description":"\u0218tiri \u0219i investiga\u021bii esen\u021biale din capital\u0103","publisher":{"@id":"https:\/\/buletin.de\/bucuresti\/#organization"},"potentialAction":[{"@type":"SearchAction","target":{"@type":"EntryPoint","urlTemplate":"https:\/\/buletin.de\/bucuresti\/?s={search_term_string}"},"query-input":{"@type":"PropertyValueSpecification","valueRequired":true,"valueName":"search_term_string"}}],"inLanguage":"en-GB"},{"@type":"Organization","@id":"https:\/\/buletin.de\/bucuresti\/#organization","name":"Buletin de Bucure\u0219ti","url":"https:\/\/buletin.de\/bucuresti\/","logo":{"@type":"ImageObject","inLanguage":"en-GB","@id":"https:\/\/buletin.de\/bucuresti\/#\/schema\/logo\/image\/","url":"https:\/\/buletin.de\/bucuresti\/wp-content\/uploads\/logo-bdb-full-wide-vernil-transparent.png","contentUrl":"https:\/\/buletin.de\/bucuresti\/wp-content\/uploads\/logo-bdb-full-wide-vernil-transparent.png","width":1782,"height":626,"caption":"Buletin de Bucure\u0219ti"},"image":{"@id":"https:\/\/buletin.de\/bucuresti\/#\/schema\/logo\/image\/"},"sameAs":["https:\/\/www.facebook.com\/buletin.de.buc","https:\/\/www.instagram.com\/buletinde.bucuresti\/"]},{"@type":"Person","@id":"https:\/\/buletin.de\/bucuresti\/#\/schema\/person\/81421a46fb84a0887cfd2238f5202586","name":"Andreea St\u0103n\u0103r\u00eeng\u0103","image":{"@type":"ImageObject","inLanguage":"en-GB","@id":"https:\/\/secure.gravatar.com\/avatar\/dfa8d227a4388fad0f0bb03add04b5b176f4da34397dbb2eadc563b3d7162ce0?s=96&d=monsterid&r=g72784372b39ffe5a98a45288fe0d0e8a","url":"https:\/\/secure.gravatar.com\/avatar\/dfa8d227a4388fad0f0bb03add04b5b176f4da34397dbb2eadc563b3d7162ce0?s=96&d=monsterid&r=g","contentUrl":"https:\/\/secure.gravatar.com\/avatar\/dfa8d227a4388fad0f0bb03add04b5b176f4da34397dbb2eadc563b3d7162ce0?s=96&d=monsterid&r=g","caption":"Andreea St\u0103n\u0103r\u00eeng\u0103"},"description":"Cu o experien\u021b\u0103 de peste 5 ani \u00een pres\u0103, face parte din echipa Buletin de Bucure\u0219ti din septembrie 2025. A colaborat cu c\u00e2teva publica\u021bii, printre care \u0219i Fanatik.ro, unde s-a ocupat de \u0219tiri de lifestyle \u0219i de actualitate. A f\u0103cut un pas c\u0103tre presa local\u0103 pentru a explora Bucure\u0219tiul \u0219i pove\u0219tile care merit\u0103 spuse.","url":"https:\/\/buletin.de\/bucuresti\/author\/andreea-stanaranga\/"}]}},"authors":[{"term_id":23912,"user_id":65,"is_guest":0,"slug":"andreea-stanaranga","display_name":"Andreea St\u0103n\u0103r\u00eeng\u0103","avatar_url":"https:\/\/secure.gravatar.com\/avatar\/dfa8d227a4388fad0f0bb03add04b5b176f4da34397dbb2eadc563b3d7162ce0?s=96&d=monsterid&r=g","0":null,"1":"","2":"","3":"","4":"","5":"","6":"","7":"","8":""}],"_links":{"self":[{"href":"https:\/\/buletin.de\/bucuresti\/wp-json\/wp\/v2\/posts\/189795","targetHints":{"allow":["GET"]}}],"collection":[{"href":"https:\/\/buletin.de\/bucuresti\/wp-json\/wp\/v2\/posts"}],"about":[{"href":"https:\/\/buletin.de\/bucuresti\/wp-json\/wp\/v2\/types\/post"}],"author":[{"embeddable":true,"href":"https:\/\/buletin.de\/bucuresti\/wp-json\/wp\/v2\/users\/65"}],"replies":[{"embeddable":true,"href":"https:\/\/buletin.de\/bucuresti\/wp-json\/wp\/v2\/comments?post=189795"}],"version-history":[{"count":8,"href":"https:\/\/buletin.de\/bucuresti\/wp-json\/wp\/v2\/posts\/189795\/revisions"}],"predecessor-version":[{"id":189824,"href":"https:\/\/buletin.de\/bucuresti\/wp-json\/wp\/v2\/posts\/189795\/revisions\/189824"}],"wp:featuredmedia":[{"embeddable":true,"href":"https:\/\/buletin.de\/bucuresti\/wp-json\/wp\/v2\/media\/189822"}],"wp:attachment":[{"href":"https:\/\/buletin.de\/bucuresti\/wp-json\/wp\/v2\/media?parent=189795"}],"wp:term":[{"taxonomy":"category","embeddable":true,"href":"https:\/\/buletin.de\/bucuresti\/wp-json\/wp\/v2\/categories?post=189795"},{"taxonomy":"post_tag","embeddable":true,"href":"https:\/\/buletin.de\/bucuresti\/wp-json\/wp\/v2\/tags?post=189795"},{"taxonomy":"author","embeddable":true,"href":"https:\/\/buletin.de\/bucuresti\/wp-json\/wp\/v2\/ppma_author?post=189795"}],"curies":[{"name":"wp","href":"https:\/\/api.w.org\/{rel}","templated":true}]}}