{"id":189777,"date":"2026-04-28T08:44:08","date_gmt":"2026-04-28T05:44:08","guid":{"rendered":"https:\/\/buletin.de\/bucuresti\/?p=189777"},"modified":"2026-04-28T09:01:48","modified_gmt":"2026-04-28T06:01:48","slug":"sindicalistii-de-la-federatia-sindicala-nationala-meridian-blocheaza-piata-victoriei-protestul-este-organizat-de-ziua-mondiala-a-sigurantei-si-sanatatii-la-locul-de-munca","status":"publish","type":"post","link":"https:\/\/buletin.de\/bucuresti\/sindicalistii-de-la-federatia-sindicala-nationala-meridian-blocheaza-piata-victoriei-protestul-este-organizat-de-ziua-mondiala-a-sigurantei-si-sanatatii-la-locul-de-munca\/","title":{"rendered":"Sindicali\u0219tii de la \u201eFedera\u0163ia Sindical\u0103 Na\u021bional\u0103 MERIDIAN\u201d blocheaz\u0103 Pia\u021ba Victoriei. Protestul, de Ziua Mondial\u0103 a Siguran\u021bei \u0219i S\u0103n\u0103t\u0103\u021bii la Locul de Munc\u0103"},"content":{"rendered":"\n<p><strong>Mar\u021bi, 28 aprilie 2026, \u00eentre orele 10:30-14:30,  \u201eFedera\u0163ia Sindical\u0103 Na\u021bional\u0103 MERIDIAN\u201d organizeaz\u0103 un protest, \u00een Pia\u021ba Victoriei. Manifestarea este organizat\u0103 de Ziua Mondial\u0103 a Siguran\u021bei \u0219i S\u0103n\u0103t\u0103\u021bii la Locul de Munc\u0103<\/strong>.<\/p>\n\n\n\n<p>Peste 10.000 de sindicali\u0219ti sunt a\u0219tepta\u021bi \u00een fa\u021ba sediului Guvernului.<\/p>\n\n\n\n<p>Programul protestului organizat de \u201eFedera\u0163ia Sindical\u0103 Na\u021bional\u0103 MERIDIAN\u201d este urm\u0103torul:<\/p>\n\n\n\n<ul class=\"wp-block-list\">\n<li>\u00eentre orele 10:30 \u2013 11:00, adunarea participan\u021bilor \u00een Pia\u021ba Victoriei, alveola central\u0103;<\/li>\n\n\n\n<li>\u00eentre orele 11:00 \u2013 14:00, adunare public\u0103 \u00een Pia\u021ba Victoriei, alveola central\u0103;<\/li>\n\n\n\n<li>\u00eentre orele 14:00 \u2013 14:30, defluirea total\u0103 a participan\u021bilor. <\/li>\n<\/ul>\n\n\n\n<p>Jandarmeria Capitalei recomand\u0103 persoanelor care vor participa la aceast\u0103 manifesta\u021bie, dar \u015fi celorlal\u0163i cet\u0103\u0163eni, s\u0103 manifeste \u00een\u0163elegere fa\u0163\u0103 de m\u0103surile luate, s\u0103 adopte un comportament civilizat, s\u0103 respecte indica\u0163iile jandarmilor, s\u0103 evite conflictele de orice natur\u0103 \u0219i s\u0103 anun\u0163e cea mai apropiat\u0103 patrul\u0103 de jandarmi, dac\u0103 observ\u0103 persoane care au un comportament antisocial.<\/p>\n\n\n\n<h2 class=\"wp-block-heading\" id=\"h-ce-nemul\u021bumiri-au-sindicali\u0219tii-de-la-federatia-sindicala-na\u021bionala-meridian\">Ce nemul\u021bumiri au sindicali\u0219tii de la \u201eFedera\u0163ia Sindical\u0103 Na\u021bional\u0103 MERIDIAN\u201d<\/h2>\n\n\n\n<p><a href=\"https:\/\/www.facebook.com\/events\/2197953700611253\/?acontext=%7B%22event_action_history%22%3A[%7B%22surface%22%3A%22search%22%7D%2C%7B%22mechanism%22%3A%22attachment%22%2C%22surface%22%3A%22newsfeed%22%7D]%2C%22ref_notif_type%22%3Anull%7D\">Participan\u021bii<\/a> anun\u021b\u0103 c\u0103 ies \u00een strad\u0103 pentru a sus\u021bine dreptul la condi\u021bii de munc\u0103 \u0219i de via\u021b\u0103 decente, respectarea contractelor colective \u0219i individuale de munc\u0103, precum \u0219i aplicarea corect\u0103 a legisla\u021biei \u0219i protejarea drepturilor c\u00e2\u0219tigate. De asemenea, ace\u0219tia cer un dialog social real \u0219i contest\u0103 m\u0103surile de austeritate fiscal-bugetar\u0103 adoptate f\u0103r\u0103 consultare.<\/p>\n\n\n\n<p><strong>CITE\u0218TE \u0218I:<\/strong><a href=\"https:\/\/buletin.de\/bucuresti\/modificari-importante-la-regulamentul-de-parcare-din-sectorul-4-se-elimina-mai-multe-restrictii-taxa-de-dezvoltare-urbana-ramane-valabila-optional\/\"><strong> Modific\u0103ri importante la regulamentul de parcare din Sectorul 4: se elimin\u0103 mai multe restric\u021bii. Taxa de dezvoltare urban\u0103 se transform\u0103 \u00een abonament anual<\/strong><\/a><\/p>\n\n\n\n<h2 class=\"wp-block-heading\" id=\"h-amenzi-de-peste-17-000-de-euro-dupa-meciul-de-fotbal-dinamo-rapid-suporterii-dinamovi\u0219ti-au-afi\u0219at-mesaje-rasiste\">Amenzi de peste 17.000 de euro, dup\u0103 meciul de fotbal Dinamo-Rapid. Suporterii dinamovi\u0219ti au afi\u0219at mesaje rasiste<\/h2>\n\n\n\n<p><strong>Meciul de fotbal&nbsp;Dinamo&nbsp;\u2013 Rapid s-a \u00eencheiat cu amenzi de peste 17.000 de euro. De asemenea, a fost deschis \u0219i un dosar penal.<\/strong><\/p>\n\n\n\n<p id=\"p-0\">\u00cen timpul derby-ului de duminic\u0103, 26 aprilie, suporterii dinamovi\u0219ti din peluz\u0103 au afi\u0219at mai multe bannere rasiste, adresate fanilor echipei Rapid.&nbsp;<\/p>\n\n\n\n<p id=\"p-1\">Printre mesajele afi\u0219ate se num\u0103r\u0103:&nbsp;<strong><em>\u201eRudari, ursari, c\u0103ld\u0103rari \u0219i boldeni, coduri CAEN pentru robi giule\u0219teni\u201d sau \u201eDac\u0103 vre\u021bi s\u0103 nu v\u0103 mai zicem \u021bigani,&nbsp;nu v\u0103 mai lua\u021bi de la 12 ani\u201d.&nbsp;<\/em><\/strong><\/p>\n\n\n\n<p>Jandarmii au aplicat 21 de sanc\u021biuni contraven\u021bionale, \u00een valoare total\u0103 de 88.350 de lei.<\/p>\n\n\n\n<p><strong><em>\u201ePe timpul pauzei, doi suporteri ai echipei FC Dinamo Bucure\u0219ti au generat un conflict \u00een zona grupurilor sanitare de la Tribuna a II-a. \u00cencerc\u00e2nd s\u0103 evite for\u021bele de ordine, unul dintre b\u0103rba\u021bi s-a refugiat \u00een zona de dispunere a galeriei dinamoviste din care face parte (sector 111, tribuna a II-a). Pe timpul aplic\u0103rii m\u0103surilor de identificare de c\u0103tre jandarmi, ceilal\u021bi suporteri ai echipei gazd\u0103 au \u00eempiedicat for\u021bele de ordine s\u0103 extrag\u0103 persoana suspect\u0103 de implicarea \u00een alterca\u021bie, fiind necesar\u0103 folosirea, pentru scurt timp, a unui pulverizator cu substan\u021b\u0103 iritant-lacrimogen\u0103.\u201d<\/em><\/strong><\/p>\n\n\n\n<p>De asemenea, jandarmii au \u00eentocmit un dosar penal, privind prevenirea \u0219i combaterea violen\u021bei cu ocazia competi\u021biilor \u0219i a jocurilor sportive.<\/p>\n\n\n\n<p><strong>CITE\u0218TE \u0218I:<\/strong>&nbsp;<a href=\"https:\/\/buletin.de\/bucuresti\/primaria-sectorului-4-plateste-aproape-500-000-de-euro-pentru-reabilitarea-gardului-vacaresti-costul-a-crescut-cu-aproape-170-000-de-euro-de-anul-trecut\/\"><strong>Prim\u0103ria Sectorului 4 pl\u0103te\u0219te aproape 500.000 de euro pentru reabilitarea gardului V\u0103c\u0103re\u0219ti. Costul a crescut cu 168.000 de euro, de anul trecut<\/strong><\/a><\/p>\n\n\n\n<h2 class=\"wp-block-heading\" id=\"h-sanc\u021biuni-de-17-000-de-euro-dupa-meciul-de-fotbal-dinamo-rapid\">Sanc\u021biuni de 17.000 de euro, dup\u0103 meciul de fotbal Dinamo-Rapid<\/h2>\n\n\n\n<p>Dintre sanc\u021biuni, dou\u0103, \u00een valoare total\u0103 de 60.000 de lei, au fost aplicat\u0103 organizatorului evenimentului sportiv. Alte dou\u0103 sanc\u0163iuni contraven\u021bionale, \u00een valoare de 20.000 de lei, au fost aplicate societ\u0103\u021bii specializate de paz\u0103 \u015fi protec\u021bie, pentru nerespectarea obliga\u021biilor ce le revin.<\/p>\n\n\n\n<p>Totodat\u0103, au fost aplicate \u015fapte sanc\u0163iuni complementare privind interzicerea accesului la competi\u021biile sportive pe o perioad\u0103 de 6 luni sau 1 an.<\/p>\n\n\n\n<p>\u00cen continuare, se fac verific\u0103ri pentru identificarea \u015fi sanc\u021bionarea altor persoane care au \u00eenc\u0103lcat legea.<\/p>\n\n\n\n<p><strong>Dinamo<\/strong>&nbsp;a \u00eenvins-o pe&nbsp;<strong>Rapid<\/strong>&nbsp;cu 3-1, \u00een cadrul rundei a 6-a din&nbsp;<strong>play-off-ul SuperLigii<\/strong>.<\/p>\n\n\n\n<p><strong>CITE\u0218TE \u0218I:<\/strong> <a href=\"https:\/\/buletin.de\/bucuresti\/serviciul-de-emitere-rovinieta-si-peaj-prin-sms-va-fi-intrerupt-pentru-o-ora-in-noaptea-de-marti-spre-miercuri\/\"><strong>Serviciul de emitere roviniet\u0103 \u0219i peaj prin SMS va fi \u00eentrerupt pentru o or\u0103, \u00een noaptea de mar\u021bi spre miercuri<\/strong><\/a><\/p>\n","protected":false},"excerpt":{"rendered":"<p>Mar\u021bi, 28 aprilie 2026, \u00eentre orele 10:30-14:30, \u201eFedera\u0163ia Sindical\u0103 Na\u021bional\u0103 MERIDIAN\u201d organizeaz\u0103 un protest, \u00een Pia\u021ba Victoriei. Manifestarea este organizat\u0103 de Ziua Mondial\u0103 a Siguran\u021bei \u0219i S\u0103n\u0103t\u0103\u021bii la Locul de Munc\u0103. Peste 10.000 de sindicali\u0219ti sunt a\u0219tepta\u021bi \u00een fa\u021ba sediului Guvernului. Programul protestului organizat de \u201eFedera\u0163ia Sindical\u0103 Na\u021bional\u0103 MERIDIAN\u201d este urm\u0103torul: Jandarmeria Capitalei recomand\u0103 persoanelor [&hellip;]<\/p>\n","protected":false},"author":49,"featured_media":189792,"comment_status":"closed","ping_status":"open","sticky":false,"template":"","format":"standard","meta":{"_acf_changed":false,"inline_featured_image":false,"ngg_post_thumbnail":0,"footnotes":""},"categories":[6994,5762],"tags":[28010,13875,1045],"ppma_author":[22574],"class_list":["post-189777","post","type-post","status-publish","format-standard","has-post-thumbnail","hentry","category-stiri-2","category-main","tag-federatia-sindicala-nationala-meridian","tag-jandarmeria-capitalei","tag-protest-piata-victoriei"],"acf":[],"yoast_head":"<!-- This site is optimized with the Yoast SEO Premium plugin v25.3 (Yoast SEO v27.4) - https:\/\/yoast.com\/product\/yoast-seo-premium-wordpress\/ -->\n<title>Sindicali\u0219tii de la \u201eFedera\u0163ia Sindical\u0103 Na\u021bional\u0103 MERIDIAN\u201d blocheaz\u0103 Pia\u021ba Victoriei. Protestul, de Ziua Mondial\u0103 a Siguran\u021bei \u0219i S\u0103n\u0103t\u0103\u021bii la Locul de Munc\u0103 - Buletin de Bucure\u0219ti<\/title>\n<meta name=\"description\" content=\"Mar\u021bi, 28 aprilie 2026, \u00eentre orele 10:30-14:30, \u201eFedera\u0163ia Sindical\u0103 Na\u021bional\u0103 MERIDIAN\u201d organizeaz\u0103 un protest, \u00een Pia\u021ba Victoriei.\" \/>\n<meta name=\"robots\" content=\"index, follow, max-snippet:-1, max-image-preview:large, max-video-preview:-1\" \/>\n<link rel=\"canonical\" href=\"https:\/\/buletin.de\/bucuresti\/sindicalistii-de-la-federatia-sindicala-nationala-meridian-blocheaza-piata-victoriei-protestul-este-organizat-de-ziua-mondiala-a-sigurantei-si-sanatatii-la-locul-de-munca\/\" \/>\n<meta property=\"og:locale\" content=\"en_GB\" \/>\n<meta property=\"og:type\" content=\"article\" \/>\n<meta property=\"og:title\" content=\"Sindicali\u0219tii de la \u201eFedera\u0163ia Sindical\u0103 Na\u021bional\u0103 MERIDIAN\u201d blocheaz\u0103 Pia\u021ba Victoriei. Protestul, de Ziua Mondial\u0103 a Siguran\u021bei \u0219i S\u0103n\u0103t\u0103\u021bii la Locul de Munc\u0103\" \/>\n<meta property=\"og:description\" content=\"Mar\u021bi, 28 aprilie 2026, \u00eentre orele 10:30-14:30, \u201eFedera\u0163ia Sindical\u0103 Na\u021bional\u0103 MERIDIAN\u201d organizeaz\u0103 un protest, \u00een Pia\u021ba Victoriei.\" \/>\n<meta property=\"og:url\" content=\"https:\/\/buletin.de\/bucuresti\/sindicalistii-de-la-federatia-sindicala-nationala-meridian-blocheaza-piata-victoriei-protestul-este-organizat-de-ziua-mondiala-a-sigurantei-si-sanatatii-la-locul-de-munca\/\" \/>\n<meta property=\"og:site_name\" content=\"Buletin de Bucure\u0219ti\" \/>\n<meta property=\"article:publisher\" content=\"https:\/\/www.facebook.com\/buletin.de.buc\" \/>\n<meta property=\"article:published_time\" content=\"2026-04-28T05:44:08+00:00\" \/>\n<meta property=\"article:modified_time\" content=\"2026-04-28T06:01:48+00:00\" \/>\n<meta property=\"og:image\" content=\"https:\/\/buletin.de\/bucuresti\/wp-content\/uploads\/2026\/04\/600302248_1284678427031314_2061709354772709205_n-824x469-1.jpg\" \/>\n\t<meta property=\"og:image:width\" content=\"824\" \/>\n\t<meta property=\"og:image:height\" content=\"469\" \/>\n\t<meta property=\"og:image:type\" content=\"image\/jpeg\" \/>\n<meta name=\"author\" content=\"Diana Matei\" \/>\n<meta name=\"twitter:card\" content=\"summary_large_image\" \/>\n<meta name=\"twitter:label1\" content=\"Written by\" \/>\n\t<meta name=\"twitter:data1\" content=\"Diana Matei\" \/>\n\t<meta name=\"twitter:label2\" content=\"Estimated reading time\" \/>\n\t<meta name=\"twitter:data2\" content=\"3 minutes\" \/>\n<script type=\"application\/ld+json\" class=\"yoast-schema-graph\">{\"@context\":\"https:\\\/\\\/schema.org\",\"@graph\":[{\"@type\":\"Article\",\"@id\":\"https:\\\/\\\/buletin.de\\\/bucuresti\\\/sindicalistii-de-la-federatia-sindicala-nationala-meridian-blocheaza-piata-victoriei-protestul-este-organizat-de-ziua-mondiala-a-sigurantei-si-sanatatii-la-locul-de-munca\\\/#article\",\"isPartOf\":{\"@id\":\"https:\\\/\\\/buletin.de\\\/bucuresti\\\/sindicalistii-de-la-federatia-sindicala-nationala-meridian-blocheaza-piata-victoriei-protestul-este-organizat-de-ziua-mondiala-a-sigurantei-si-sanatatii-la-locul-de-munca\\\/\"},\"author\":{\"name\":\"Diana Matei\",\"@id\":\"https:\\\/\\\/buletin.de\\\/bucuresti\\\/#\\\/schema\\\/person\\\/7e46040573290777280a0835d81ea4ea\"},\"headline\":\"Sindicali\u0219tii de la \u201eFedera\u0163ia Sindical\u0103 Na\u021bional\u0103 MERIDIAN\u201d blocheaz\u0103 Pia\u021ba Victoriei. Protestul, de Ziua Mondial\u0103 a Siguran\u021bei \u0219i S\u0103n\u0103t\u0103\u021bii la Locul de Munc\u0103\",\"datePublished\":\"2026-04-28T05:44:08+00:00\",\"dateModified\":\"2026-04-28T06:01:48+00:00\",\"mainEntityOfPage\":{\"@id\":\"https:\\\/\\\/buletin.de\\\/bucuresti\\\/sindicalistii-de-la-federatia-sindicala-nationala-meridian-blocheaza-piata-victoriei-protestul-este-organizat-de-ziua-mondiala-a-sigurantei-si-sanatatii-la-locul-de-munca\\\/\"},\"wordCount\":690,\"publisher\":{\"@id\":\"https:\\\/\\\/buletin.de\\\/bucuresti\\\/#organization\"},\"image\":{\"@id\":\"https:\\\/\\\/buletin.de\\\/bucuresti\\\/sindicalistii-de-la-federatia-sindicala-nationala-meridian-blocheaza-piata-victoriei-protestul-este-organizat-de-ziua-mondiala-a-sigurantei-si-sanatatii-la-locul-de-munca\\\/#primaryimage\"},\"thumbnailUrl\":\"https:\\\/\\\/buletin.de\\\/bucuresti\\\/wp-content\\\/uploads\\\/2026\\\/04\\\/600302248_1284678427031314_2061709354772709205_n-824x469-1.jpg\",\"keywords\":[\"Federa\u0163ia Sindical\u0103 Na\u021bional\u0103 MERIDIAN\",\"jandarmeria capitalei\",\"protest piata victoriei\"],\"articleSection\":[\"Articole\",\"Main\"],\"inLanguage\":\"en-GB\",\"copyrightYear\":\"2026\",\"copyrightHolder\":{\"@id\":\"https:\\\/\\\/buletin.de\\\/bucuresti\\\/#organization\"}},{\"@type\":\"WebPage\",\"@id\":\"https:\\\/\\\/buletin.de\\\/bucuresti\\\/sindicalistii-de-la-federatia-sindicala-nationala-meridian-blocheaza-piata-victoriei-protestul-este-organizat-de-ziua-mondiala-a-sigurantei-si-sanatatii-la-locul-de-munca\\\/\",\"url\":\"https:\\\/\\\/buletin.de\\\/bucuresti\\\/sindicalistii-de-la-federatia-sindicala-nationala-meridian-blocheaza-piata-victoriei-protestul-este-organizat-de-ziua-mondiala-a-sigurantei-si-sanatatii-la-locul-de-munca\\\/\",\"name\":\"Sindicali\u0219tii de la \u201eFedera\u0163ia Sindical\u0103 Na\u021bional\u0103 MERIDIAN\u201d blocheaz\u0103 Pia\u021ba Victoriei. Protestul, de Ziua Mondial\u0103 a Siguran\u021bei \u0219i S\u0103n\u0103t\u0103\u021bii la Locul de Munc\u0103 - Buletin de Bucure\u0219ti\",\"isPartOf\":{\"@id\":\"https:\\\/\\\/buletin.de\\\/bucuresti\\\/#website\"},\"primaryImageOfPage\":{\"@id\":\"https:\\\/\\\/buletin.de\\\/bucuresti\\\/sindicalistii-de-la-federatia-sindicala-nationala-meridian-blocheaza-piata-victoriei-protestul-este-organizat-de-ziua-mondiala-a-sigurantei-si-sanatatii-la-locul-de-munca\\\/#primaryimage\"},\"image\":{\"@id\":\"https:\\\/\\\/buletin.de\\\/bucuresti\\\/sindicalistii-de-la-federatia-sindicala-nationala-meridian-blocheaza-piata-victoriei-protestul-este-organizat-de-ziua-mondiala-a-sigurantei-si-sanatatii-la-locul-de-munca\\\/#primaryimage\"},\"thumbnailUrl\":\"https:\\\/\\\/buletin.de\\\/bucuresti\\\/wp-content\\\/uploads\\\/2026\\\/04\\\/600302248_1284678427031314_2061709354772709205_n-824x469-1.jpg\",\"datePublished\":\"2026-04-28T05:44:08+00:00\",\"dateModified\":\"2026-04-28T06:01:48+00:00\",\"description\":\"Mar\u021bi, 28 aprilie 2026, \u00eentre orele 10:30-14:30, \u201eFedera\u0163ia Sindical\u0103 Na\u021bional\u0103 MERIDIAN\u201d organizeaz\u0103 un protest, \u00een Pia\u021ba Victoriei.\",\"breadcrumb\":{\"@id\":\"https:\\\/\\\/buletin.de\\\/bucuresti\\\/sindicalistii-de-la-federatia-sindicala-nationala-meridian-blocheaza-piata-victoriei-protestul-este-organizat-de-ziua-mondiala-a-sigurantei-si-sanatatii-la-locul-de-munca\\\/#breadcrumb\"},\"inLanguage\":\"en-GB\",\"potentialAction\":[{\"@type\":\"ReadAction\",\"target\":[\"https:\\\/\\\/buletin.de\\\/bucuresti\\\/sindicalistii-de-la-federatia-sindicala-nationala-meridian-blocheaza-piata-victoriei-protestul-este-organizat-de-ziua-mondiala-a-sigurantei-si-sanatatii-la-locul-de-munca\\\/\"]}]},{\"@type\":\"ImageObject\",\"inLanguage\":\"en-GB\",\"@id\":\"https:\\\/\\\/buletin.de\\\/bucuresti\\\/sindicalistii-de-la-federatia-sindicala-nationala-meridian-blocheaza-piata-victoriei-protestul-este-organizat-de-ziua-mondiala-a-sigurantei-si-sanatatii-la-locul-de-munca\\\/#primaryimage\",\"url\":\"https:\\\/\\\/buletin.de\\\/bucuresti\\\/wp-content\\\/uploads\\\/2026\\\/04\\\/600302248_1284678427031314_2061709354772709205_n-824x469-1.jpg\",\"contentUrl\":\"https:\\\/\\\/buletin.de\\\/bucuresti\\\/wp-content\\\/uploads\\\/2026\\\/04\\\/600302248_1284678427031314_2061709354772709205_n-824x469-1.jpg\",\"width\":824,\"height\":469,\"caption\":\"Sindicali\u0219tii de la \u201eFedera\u0163ia Sindical\u0103 Na\u021bional\u0103 MERIDIAN\u201d blocheaz\u0103 Pia\u021ba Victoriei. Protestul este organizat de Ziua Mondial\u0103 a Siguran\u021bei \u0219i S\u0103n\u0103t\u0103\u021bii la Locul de Munc\u0103. FOTO: TVR\"},{\"@type\":\"BreadcrumbList\",\"@id\":\"https:\\\/\\\/buletin.de\\\/bucuresti\\\/sindicalistii-de-la-federatia-sindicala-nationala-meridian-blocheaza-piata-victoriei-protestul-este-organizat-de-ziua-mondiala-a-sigurantei-si-sanatatii-la-locul-de-munca\\\/#breadcrumb\",\"itemListElement\":[{\"@type\":\"ListItem\",\"position\":1,\"name\":\"Acas\u0103\",\"item\":\"https:\\\/\\\/buletin.de\\\/bucuresti\\\/\"},{\"@type\":\"ListItem\",\"position\":2,\"name\":\"Sindicali\u0219tii de la \u201eFedera\u0163ia Sindical\u0103 Na\u021bional\u0103 MERIDIAN\u201d blocheaz\u0103 Pia\u021ba Victoriei. Protestul, de Ziua Mondial\u0103 a Siguran\u021bei \u0219i S\u0103n\u0103t\u0103\u021bii la Locul de Munc\u0103\"}]},{\"@type\":\"WebSite\",\"@id\":\"https:\\\/\\\/buletin.de\\\/bucuresti\\\/#website\",\"url\":\"https:\\\/\\\/buletin.de\\\/bucuresti\\\/\",\"name\":\"Buletin de Bucure\u0219ti\",\"description\":\"\u0218tiri \u0219i investiga\u021bii esen\u021biale din capital\u0103\",\"publisher\":{\"@id\":\"https:\\\/\\\/buletin.de\\\/bucuresti\\\/#organization\"},\"potentialAction\":[{\"@type\":\"SearchAction\",\"target\":{\"@type\":\"EntryPoint\",\"urlTemplate\":\"https:\\\/\\\/buletin.de\\\/bucuresti\\\/?s={search_term_string}\"},\"query-input\":{\"@type\":\"PropertyValueSpecification\",\"valueRequired\":true,\"valueName\":\"search_term_string\"}}],\"inLanguage\":\"en-GB\"},{\"@type\":\"Organization\",\"@id\":\"https:\\\/\\\/buletin.de\\\/bucuresti\\\/#organization\",\"name\":\"Buletin de Bucure\u0219ti\",\"url\":\"https:\\\/\\\/buletin.de\\\/bucuresti\\\/\",\"logo\":{\"@type\":\"ImageObject\",\"inLanguage\":\"en-GB\",\"@id\":\"https:\\\/\\\/buletin.de\\\/bucuresti\\\/#\\\/schema\\\/logo\\\/image\\\/\",\"url\":\"https:\\\/\\\/buletin.de\\\/bucuresti\\\/wp-content\\\/uploads\\\/logo-bdb-full-wide-vernil-transparent.png\",\"contentUrl\":\"https:\\\/\\\/buletin.de\\\/bucuresti\\\/wp-content\\\/uploads\\\/logo-bdb-full-wide-vernil-transparent.png\",\"width\":1782,\"height\":626,\"caption\":\"Buletin de Bucure\u0219ti\"},\"image\":{\"@id\":\"https:\\\/\\\/buletin.de\\\/bucuresti\\\/#\\\/schema\\\/logo\\\/image\\\/\"},\"sameAs\":[\"https:\\\/\\\/www.facebook.com\\\/buletin.de.buc\",\"https:\\\/\\\/www.instagram.com\\\/buletinde.bucuresti\\\/\"]},{\"@type\":\"Person\",\"@id\":\"https:\\\/\\\/buletin.de\\\/bucuresti\\\/#\\\/schema\\\/person\\\/7e46040573290777280a0835d81ea4ea\",\"name\":\"Diana Matei\",\"image\":{\"@type\":\"ImageObject\",\"inLanguage\":\"en-GB\",\"@id\":\"https:\\\/\\\/buletin.de\\\/bucuresti\\\/wp-content\\\/uploads\\\/9-2-96x96.jpg1e8590b30871d70e62ebcdaf2eff570c\",\"url\":\"https:\\\/\\\/buletin.de\\\/bucuresti\\\/wp-content\\\/uploads\\\/9-2-96x96.jpg\",\"contentUrl\":\"https:\\\/\\\/buletin.de\\\/bucuresti\\\/wp-content\\\/uploads\\\/9-2-96x96.jpg\",\"caption\":\"Diana Matei\"},\"url\":\"https:\\\/\\\/buletin.de\\\/bucuresti\\\/author\\\/dianamatei\\\/\"}]}<\/script>\n<!-- \/ Yoast SEO Premium plugin. -->","yoast_head_json":{"title":"Sindicali\u0219tii de la \u201eFedera\u0163ia Sindical\u0103 Na\u021bional\u0103 MERIDIAN\u201d blocheaz\u0103 Pia\u021ba Victoriei. Protestul, de Ziua Mondial\u0103 a Siguran\u021bei \u0219i S\u0103n\u0103t\u0103\u021bii la Locul de Munc\u0103 - Buletin de Bucure\u0219ti","description":"Mar\u021bi, 28 aprilie 2026, \u00eentre orele 10:30-14:30, \u201eFedera\u0163ia Sindical\u0103 Na\u021bional\u0103 MERIDIAN\u201d organizeaz\u0103 un protest, \u00een Pia\u021ba Victoriei.","robots":{"index":"index","follow":"follow","max-snippet":"max-snippet:-1","max-image-preview":"max-image-preview:large","max-video-preview":"max-video-preview:-1"},"canonical":"https:\/\/buletin.de\/bucuresti\/sindicalistii-de-la-federatia-sindicala-nationala-meridian-blocheaza-piata-victoriei-protestul-este-organizat-de-ziua-mondiala-a-sigurantei-si-sanatatii-la-locul-de-munca\/","og_locale":"en_GB","og_type":"article","og_title":"Sindicali\u0219tii de la \u201eFedera\u0163ia Sindical\u0103 Na\u021bional\u0103 MERIDIAN\u201d blocheaz\u0103 Pia\u021ba Victoriei. Protestul, de Ziua Mondial\u0103 a Siguran\u021bei \u0219i S\u0103n\u0103t\u0103\u021bii la Locul de Munc\u0103","og_description":"Mar\u021bi, 28 aprilie 2026, \u00eentre orele 10:30-14:30, \u201eFedera\u0163ia Sindical\u0103 Na\u021bional\u0103 MERIDIAN\u201d organizeaz\u0103 un protest, \u00een Pia\u021ba Victoriei.","og_url":"https:\/\/buletin.de\/bucuresti\/sindicalistii-de-la-federatia-sindicala-nationala-meridian-blocheaza-piata-victoriei-protestul-este-organizat-de-ziua-mondiala-a-sigurantei-si-sanatatii-la-locul-de-munca\/","og_site_name":"Buletin de Bucure\u0219ti","article_publisher":"https:\/\/www.facebook.com\/buletin.de.buc","article_published_time":"2026-04-28T05:44:08+00:00","article_modified_time":"2026-04-28T06:01:48+00:00","og_image":[{"width":824,"height":469,"url":"https:\/\/buletin.de\/bucuresti\/wp-content\/uploads\/2026\/04\/600302248_1284678427031314_2061709354772709205_n-824x469-1.jpg","type":"image\/jpeg"}],"author":"Diana Matei","twitter_card":"summary_large_image","twitter_misc":{"Written by":"Diana Matei","Estimated reading time":"3 minutes"},"schema":{"@context":"https:\/\/schema.org","@graph":[{"@type":"Article","@id":"https:\/\/buletin.de\/bucuresti\/sindicalistii-de-la-federatia-sindicala-nationala-meridian-blocheaza-piata-victoriei-protestul-este-organizat-de-ziua-mondiala-a-sigurantei-si-sanatatii-la-locul-de-munca\/#article","isPartOf":{"@id":"https:\/\/buletin.de\/bucuresti\/sindicalistii-de-la-federatia-sindicala-nationala-meridian-blocheaza-piata-victoriei-protestul-este-organizat-de-ziua-mondiala-a-sigurantei-si-sanatatii-la-locul-de-munca\/"},"author":{"name":"Diana Matei","@id":"https:\/\/buletin.de\/bucuresti\/#\/schema\/person\/7e46040573290777280a0835d81ea4ea"},"headline":"Sindicali\u0219tii de la \u201eFedera\u0163ia Sindical\u0103 Na\u021bional\u0103 MERIDIAN\u201d blocheaz\u0103 Pia\u021ba Victoriei. Protestul, de Ziua Mondial\u0103 a Siguran\u021bei \u0219i S\u0103n\u0103t\u0103\u021bii la Locul de Munc\u0103","datePublished":"2026-04-28T05:44:08+00:00","dateModified":"2026-04-28T06:01:48+00:00","mainEntityOfPage":{"@id":"https:\/\/buletin.de\/bucuresti\/sindicalistii-de-la-federatia-sindicala-nationala-meridian-blocheaza-piata-victoriei-protestul-este-organizat-de-ziua-mondiala-a-sigurantei-si-sanatatii-la-locul-de-munca\/"},"wordCount":690,"publisher":{"@id":"https:\/\/buletin.de\/bucuresti\/#organization"},"image":{"@id":"https:\/\/buletin.de\/bucuresti\/sindicalistii-de-la-federatia-sindicala-nationala-meridian-blocheaza-piata-victoriei-protestul-este-organizat-de-ziua-mondiala-a-sigurantei-si-sanatatii-la-locul-de-munca\/#primaryimage"},"thumbnailUrl":"https:\/\/buletin.de\/bucuresti\/wp-content\/uploads\/2026\/04\/600302248_1284678427031314_2061709354772709205_n-824x469-1.jpg","keywords":["Federa\u0163ia Sindical\u0103 Na\u021bional\u0103 MERIDIAN","jandarmeria capitalei","protest piata victoriei"],"articleSection":["Articole","Main"],"inLanguage":"en-GB","copyrightYear":"2026","copyrightHolder":{"@id":"https:\/\/buletin.de\/bucuresti\/#organization"}},{"@type":"WebPage","@id":"https:\/\/buletin.de\/bucuresti\/sindicalistii-de-la-federatia-sindicala-nationala-meridian-blocheaza-piata-victoriei-protestul-este-organizat-de-ziua-mondiala-a-sigurantei-si-sanatatii-la-locul-de-munca\/","url":"https:\/\/buletin.de\/bucuresti\/sindicalistii-de-la-federatia-sindicala-nationala-meridian-blocheaza-piata-victoriei-protestul-este-organizat-de-ziua-mondiala-a-sigurantei-si-sanatatii-la-locul-de-munca\/","name":"Sindicali\u0219tii de la \u201eFedera\u0163ia Sindical\u0103 Na\u021bional\u0103 MERIDIAN\u201d blocheaz\u0103 Pia\u021ba Victoriei. Protestul, de Ziua Mondial\u0103 a Siguran\u021bei \u0219i S\u0103n\u0103t\u0103\u021bii la Locul de Munc\u0103 - Buletin de Bucure\u0219ti","isPartOf":{"@id":"https:\/\/buletin.de\/bucuresti\/#website"},"primaryImageOfPage":{"@id":"https:\/\/buletin.de\/bucuresti\/sindicalistii-de-la-federatia-sindicala-nationala-meridian-blocheaza-piata-victoriei-protestul-este-organizat-de-ziua-mondiala-a-sigurantei-si-sanatatii-la-locul-de-munca\/#primaryimage"},"image":{"@id":"https:\/\/buletin.de\/bucuresti\/sindicalistii-de-la-federatia-sindicala-nationala-meridian-blocheaza-piata-victoriei-protestul-este-organizat-de-ziua-mondiala-a-sigurantei-si-sanatatii-la-locul-de-munca\/#primaryimage"},"thumbnailUrl":"https:\/\/buletin.de\/bucuresti\/wp-content\/uploads\/2026\/04\/600302248_1284678427031314_2061709354772709205_n-824x469-1.jpg","datePublished":"2026-04-28T05:44:08+00:00","dateModified":"2026-04-28T06:01:48+00:00","description":"Mar\u021bi, 28 aprilie 2026, \u00eentre orele 10:30-14:30, \u201eFedera\u0163ia Sindical\u0103 Na\u021bional\u0103 MERIDIAN\u201d organizeaz\u0103 un protest, \u00een Pia\u021ba Victoriei.","breadcrumb":{"@id":"https:\/\/buletin.de\/bucuresti\/sindicalistii-de-la-federatia-sindicala-nationala-meridian-blocheaza-piata-victoriei-protestul-este-organizat-de-ziua-mondiala-a-sigurantei-si-sanatatii-la-locul-de-munca\/#breadcrumb"},"inLanguage":"en-GB","potentialAction":[{"@type":"ReadAction","target":["https:\/\/buletin.de\/bucuresti\/sindicalistii-de-la-federatia-sindicala-nationala-meridian-blocheaza-piata-victoriei-protestul-este-organizat-de-ziua-mondiala-a-sigurantei-si-sanatatii-la-locul-de-munca\/"]}]},{"@type":"ImageObject","inLanguage":"en-GB","@id":"https:\/\/buletin.de\/bucuresti\/sindicalistii-de-la-federatia-sindicala-nationala-meridian-blocheaza-piata-victoriei-protestul-este-organizat-de-ziua-mondiala-a-sigurantei-si-sanatatii-la-locul-de-munca\/#primaryimage","url":"https:\/\/buletin.de\/bucuresti\/wp-content\/uploads\/2026\/04\/600302248_1284678427031314_2061709354772709205_n-824x469-1.jpg","contentUrl":"https:\/\/buletin.de\/bucuresti\/wp-content\/uploads\/2026\/04\/600302248_1284678427031314_2061709354772709205_n-824x469-1.jpg","width":824,"height":469,"caption":"Sindicali\u0219tii de la \u201eFedera\u0163ia Sindical\u0103 Na\u021bional\u0103 MERIDIAN\u201d blocheaz\u0103 Pia\u021ba Victoriei. Protestul este organizat de Ziua Mondial\u0103 a Siguran\u021bei \u0219i S\u0103n\u0103t\u0103\u021bii la Locul de Munc\u0103. FOTO: TVR"},{"@type":"BreadcrumbList","@id":"https:\/\/buletin.de\/bucuresti\/sindicalistii-de-la-federatia-sindicala-nationala-meridian-blocheaza-piata-victoriei-protestul-este-organizat-de-ziua-mondiala-a-sigurantei-si-sanatatii-la-locul-de-munca\/#breadcrumb","itemListElement":[{"@type":"ListItem","position":1,"name":"Acas\u0103","item":"https:\/\/buletin.de\/bucuresti\/"},{"@type":"ListItem","position":2,"name":"Sindicali\u0219tii de la \u201eFedera\u0163ia Sindical\u0103 Na\u021bional\u0103 MERIDIAN\u201d blocheaz\u0103 Pia\u021ba Victoriei. Protestul, de Ziua Mondial\u0103 a Siguran\u021bei \u0219i S\u0103n\u0103t\u0103\u021bii la Locul de Munc\u0103"}]},{"@type":"WebSite","@id":"https:\/\/buletin.de\/bucuresti\/#website","url":"https:\/\/buletin.de\/bucuresti\/","name":"Buletin de Bucure\u0219ti","description":"\u0218tiri \u0219i investiga\u021bii esen\u021biale din capital\u0103","publisher":{"@id":"https:\/\/buletin.de\/bucuresti\/#organization"},"potentialAction":[{"@type":"SearchAction","target":{"@type":"EntryPoint","urlTemplate":"https:\/\/buletin.de\/bucuresti\/?s={search_term_string}"},"query-input":{"@type":"PropertyValueSpecification","valueRequired":true,"valueName":"search_term_string"}}],"inLanguage":"en-GB"},{"@type":"Organization","@id":"https:\/\/buletin.de\/bucuresti\/#organization","name":"Buletin de Bucure\u0219ti","url":"https:\/\/buletin.de\/bucuresti\/","logo":{"@type":"ImageObject","inLanguage":"en-GB","@id":"https:\/\/buletin.de\/bucuresti\/#\/schema\/logo\/image\/","url":"https:\/\/buletin.de\/bucuresti\/wp-content\/uploads\/logo-bdb-full-wide-vernil-transparent.png","contentUrl":"https:\/\/buletin.de\/bucuresti\/wp-content\/uploads\/logo-bdb-full-wide-vernil-transparent.png","width":1782,"height":626,"caption":"Buletin de Bucure\u0219ti"},"image":{"@id":"https:\/\/buletin.de\/bucuresti\/#\/schema\/logo\/image\/"},"sameAs":["https:\/\/www.facebook.com\/buletin.de.buc","https:\/\/www.instagram.com\/buletinde.bucuresti\/"]},{"@type":"Person","@id":"https:\/\/buletin.de\/bucuresti\/#\/schema\/person\/7e46040573290777280a0835d81ea4ea","name":"Diana Matei","image":{"@type":"ImageObject","inLanguage":"en-GB","@id":"https:\/\/buletin.de\/bucuresti\/wp-content\/uploads\/9-2-96x96.jpg1e8590b30871d70e62ebcdaf2eff570c","url":"https:\/\/buletin.de\/bucuresti\/wp-content\/uploads\/9-2-96x96.jpg","contentUrl":"https:\/\/buletin.de\/bucuresti\/wp-content\/uploads\/9-2-96x96.jpg","caption":"Diana Matei"},"url":"https:\/\/buletin.de\/bucuresti\/author\/dianamatei\/"}]}},"authors":[{"term_id":22574,"user_id":49,"is_guest":0,"slug":"dianamatei","display_name":"Diana Matei","avatar_url":"https:\/\/buletin.de\/bucuresti\/wp-content\/uploads\/9-2-96x96.jpg","0":null,"1":"","2":"","3":"","4":"","5":"","6":"","7":"","8":""}],"_links":{"self":[{"href":"https:\/\/buletin.de\/bucuresti\/wp-json\/wp\/v2\/posts\/189777","targetHints":{"allow":["GET"]}}],"collection":[{"href":"https:\/\/buletin.de\/bucuresti\/wp-json\/wp\/v2\/posts"}],"about":[{"href":"https:\/\/buletin.de\/bucuresti\/wp-json\/wp\/v2\/types\/post"}],"author":[{"embeddable":true,"href":"https:\/\/buletin.de\/bucuresti\/wp-json\/wp\/v2\/users\/49"}],"replies":[{"embeddable":true,"href":"https:\/\/buletin.de\/bucuresti\/wp-json\/wp\/v2\/comments?post=189777"}],"version-history":[{"count":11,"href":"https:\/\/buletin.de\/bucuresti\/wp-json\/wp\/v2\/posts\/189777\/revisions"}],"predecessor-version":[{"id":189794,"href":"https:\/\/buletin.de\/bucuresti\/wp-json\/wp\/v2\/posts\/189777\/revisions\/189794"}],"wp:featuredmedia":[{"embeddable":true,"href":"https:\/\/buletin.de\/bucuresti\/wp-json\/wp\/v2\/media\/189792"}],"wp:attachment":[{"href":"https:\/\/buletin.de\/bucuresti\/wp-json\/wp\/v2\/media?parent=189777"}],"wp:term":[{"taxonomy":"category","embeddable":true,"href":"https:\/\/buletin.de\/bucuresti\/wp-json\/wp\/v2\/categories?post=189777"},{"taxonomy":"post_tag","embeddable":true,"href":"https:\/\/buletin.de\/bucuresti\/wp-json\/wp\/v2\/tags?post=189777"},{"taxonomy":"author","embeddable":true,"href":"https:\/\/buletin.de\/bucuresti\/wp-json\/wp\/v2\/ppma_author?post=189777"}],"curies":[{"name":"wp","href":"https:\/\/api.w.org\/{rel}","templated":true}]}}