{"id":189748,"date":"2026-04-28T05:00:00","date_gmt":"2026-04-28T02:00:00","guid":{"rendered":"https:\/\/buletin.de\/bucuresti\/?p=189748"},"modified":"2026-04-28T05:24:47","modified_gmt":"2026-04-28T02:24:47","slug":"serviciul-de-emitere-rovinieta-si-peaj-prin-sms-va-fi-intrerupt-pentru-o-ora-in-noaptea-de-marti-spre-miercuri","status":"publish","type":"post","link":"https:\/\/buletin.de\/bucuresti\/serviciul-de-emitere-rovinieta-si-peaj-prin-sms-va-fi-intrerupt-pentru-o-ora-in-noaptea-de-marti-spre-miercuri\/","title":{"rendered":"Serviciul de emitere roviniet\u0103 \u0219i peaj prin SMS va fi \u00eentrerupt pentru o or\u0103, \u00een noaptea de mar\u021bi spre miercuri"},"content":{"rendered":"\n<p><strong>CNAIR anun\u021b\u0103 utilizatorii re\u021belei de drumuri na\u021bionale, drumuri expres \u0219i autostr\u0103zi c\u0103, \u00een perioada\u00a028.04.2026, ora 23:30 &#8211; 29.04.2026, ora 00:30, sunt programate lucr\u0103ri de mentenan\u021b\u0103. Din acest motiv, serviciul de emitere roviniet\u0103 si peaj prin SMS va fi temporar \u00eentrerupt.<\/strong><\/p>\n\n\n\n<p>Rovinieta poate fi achizi\u021bionat\u0103 \u00een avans, cu p\u00e2n\u0103 la 30 de zile \u00eenainte de data de \u00eenceput a valabilit\u0103\u021bii, iar peajul poate fi achitat p\u00e2n\u0103 cel t\u00e2rziu la ora 00:00 a urm\u0103toarei zile \u00een care a fost efectuat\u0103 trecerea. Opera\u021biunile se efectueaz\u0103 la punctele de lucru ale distribuitorilor autoriza\u021bi sau prin intermediul portalurilor \u0219i aplica\u021biilor destinate sistemelor de operare a telefoanelor mobile.<\/p>\n\n\n\n<p><strong>CITE\u0218TE \u0218I:<\/strong> <a href=\"https:\/\/buletin.de\/bucuresti\/21-de-trenuri-noi-pesa-sunt-blocate-in-gara-obor-asociatia-pro-infrastructura-vina-este-impartita-intre-polonezi-si-autoritatile-romane\/\"><strong>21 de trenuri noi PESA sunt blocate \u00een Gara Obor. Asocia\u021bia Pro Infrastructur\u0103: Vina este \u00eemp\u0103r\u021bit\u0103 \u00eentre polonezi \u0219i autorit\u0103\u021bile rom\u00e2ne<\/strong><\/a><\/p>\n\n\n\n<h2 class=\"wp-block-heading\" id=\"h-traseul-autostrazii-bucure\u0219ti-alexandria-nu-va-fi-revizuit-in-ciuda-avertismentelor-ca-distruge-cetatea-lui-burebista-explica\u021biile-cnair\">Traseul autostr\u0103zii Bucure\u0219ti-Alexandria nu va fi revizuit, \u00een ciuda avertismentelor c\u0103 distruge cetatea lui Burebista. Explica\u021biile CNAIR<\/h2>\n\n\n\n<p><strong>Traseul autostr\u0103zii Bucure\u0219ti-Alexandria, contestat de o organiza\u021bie de mediu \u0219i de arheologi, pentru c\u0103 ar distruge situl arheologic al cet\u0103\u021bii Argedava \u0219i toate p\u0103durile pe care le \u00eent\u00e2lne\u0219te \u00een drum, nu va fi modificat, a explicat&nbsp;<a href=\"https:\/\/www.cnadnr.ro\/\">Compania Na\u021bional\u0103 de Administrare a Infrastructurii Rutiere<\/a>, \u00eentr-un r\u0103spuns oferit la solicitarea Buletin de Bucure\u0219ti.<\/strong><\/p>\n\n\n\n<p>CNAIR justific\u0103 decizia prin faptul c\u0103 actualul traseu a fost elaborat \u00een urma unei proceduri complexe, care a luat \u00een calcul toate aspectele negative ale construc\u021biei unui drum de mare vitez\u0103 \u00eentre Bucure\u0219ti \u0219i Alexandria.<\/p>\n\n\n\n<p>Compania de drumuri men\u021bioneaz\u0103 c\u0103, \u00een urma studiului de fezabilitate realizat pentru autostrad\u0103 \u0219i prin asum\u0103rile luate pentru a ob\u021bine avizul de mediu, va fi plantat\u0103 o suprafa\u021b\u0103 mai mare de p\u0103dure dec\u00e2t cea defri\u0219at\u0103. Iar monumentul istoric cunoscut ca cetatea lui Burebista nu va fi afectat, deoarece \u201esuprafa\u021ba delimitat\u0103, conform raportului arheologic, a fost extins\u0103 \u0219i \u00een afara traseului proiectului de infrastructur\u0103 pentru a preveni eventuale afect\u0103ri accidentale ale sitului\u201d.<\/p>\n\n\n\n<p><strong>\u00cen fine, CNAIR sus\u021bine c\u0103 organiza\u021biile de mediu \u0219i exper\u021bii din societatea civil\u0103 care au contestat proiectul au avut \u201eo pozi\u021bie inflexibil\u0103, fiind orientate exclusiv c\u0103tre propriile viziuni \u0219i ignor\u00e2nd argumentele fundamentate\u201c.<\/strong><\/p>\n\n\n\n<h2 class=\"wp-block-heading\" id=\"h-controversele-privind-traseul-autostrazii-bucure\u0219ti-alexandria\">Controversele privind traseul autostr\u0103zii Bucure\u0219ti-Alexandria<\/h2>\n\n\n\n<p><strong>Buletin de Bucure\u0219ti&nbsp;<a href=\"https:\/\/buletin.de\/bucuresti\/autostrada-care-distruge-cetatea-lui-burebista-si-toate-padurile-pe-care-le-intalneste-controversatul-drum-de-mare-viteza-bucuresti-alexandria\/\">a scris luni c\u0103 noua autostrad\u0103 Bucure\u0219ti-Alexandria, A6, distruge trei p\u0103duri \u0219i unul dintre cele mai importante situri arheologice rom\u00e2ne\u0219ti, cetatea lui Burebista de la Argedava.<\/a><\/strong><\/p>\n\n\n\n<p>Arheologul Nona Palinca\u0219, cercet\u0103toare \u0219tiin\u021bific\u0103 la Institutul de Arheologie \u201eVasile P\u00e2rvan\u201d, a depus o pl\u00e2ngere penal\u0103 la DNA \u00eempotriva Ministerului Culturii, care a dat anul trecut aviz favorabil pentru traseul drumului de mare vitez\u0103, \u0219i a celor care au elaborat studiul de fezabilitate.<\/p>\n\n\n\n<p>Iar Funda\u021bia Eco-Civica a contestat \u00een instan\u021b\u0103&nbsp;<a href=\"https:\/\/anmap.gov.ro\/wp-content\/uploads\/2026\/03\/Acord-de-mediu-nr-1_25.03.2026-Autostrada-Bucuresti-Alexandria.pdf\" target=\"_blank\" rel=\"noreferrer noopener\">avizul de mediu<\/a>&nbsp;dat \u00een martie anul acesta de c\u0103tre Agen\u021bia Na\u021bional\u0103 pentru Mediu \u0219i Arii Protejate (<a href=\"https:\/\/anmap.gov.ro\/\" target=\"_blank\" rel=\"noreferrer noopener\">ANMAP<\/a>).<\/p>\n\n\n\n<p>Cele dou\u0103 p\u0103r\u021bi acuz\u0103 faptul c\u0103 traseul A6 trece prin toate p\u0103durile \u00eent\u00e2lnite \u0219i prin zona de protec\u021bie a Cet\u0103\u021bii Argedava, \u201e<em>o zon\u0103 inestimabil\u0103 de patrimoniu istoric, singura cetate de acest fel din tot sudul \u021b\u0103rii \u0219i Valea Arge\u0219ului, zon\u0103 care nici m\u0103car nu a apucat s\u0103 fie cercetat\u0103 dec\u00e2t \u00een mic\u0103 m\u0103sur\u0103<\/em>\u201d.<\/p>\n\n\n\n<p><strong>CITE\u0218TE \u0218I:\u00a0<\/strong><a href=\"https:\/\/buletin.de\/bucuresti\/salariile-au-crescut-la-metrorex-cu-328-catalin-drula-schema-umflata-de-personal-este-parte-din-mafia-sindicala\/\"><strong>Salariile au crescut la Metrorex cu 328%. C\u0103t\u0103lin Drul\u0103: \u201eSchema umflat\u0103 de personal este parte din mafia sindical\u0103\u201d<\/strong><\/a><\/p>\n\n\n\n<h2 class=\"wp-block-heading\" id=\"h-cnair-varianta-actuala-a-fost-stabilita-in-baza-unei-analize-complexe\">CNAIR: varianta actual\u0103 a fost stabilit\u0103 \u00een baza unei analize complexe<\/h2>\n\n\n\n<p><strong>Compania Na\u021bional\u0103 de Administrare a Infrastructurii Rutiere a explicat, \u00een r\u0103spunsul oferit Buletin de Bucure\u0219ti, c\u0103 traseul autostr\u0103zii Bucure\u0219ti-Alexandria a fost stabilit dup\u0103 o analiz\u0103 complex\u0103, care a inclus dou\u0103 etape.<\/strong><\/p>\n\n\n\n<p>\u00cen prima, \u201e<em>se identific\u0103 mai multe variante de traseu (de obicei 3-4) pe baza studiilor preliminare \u0219i a cercet\u0103rilor din teren. Fiecare variant\u0103 este analizat\u0103 \u00een func\u021bie de o serie de criterii stabilite anterior. Scopul acestei etape este de a face o prim\u0103 selec\u021bie a celor mai promi\u021b\u0103toare op\u021biuni, care vor fi detaliate \u00een etapa urm\u0103toare<\/em>\u201d, au precizat reprezentan\u021bii CNAIR la solicitatea Buletin de Bucure\u0219ti.<\/p>\n\n\n\n<p>Etapa a doua presupune ca \u201e<em>dup\u0103 stabilirea op\u021biunilor ini\u021biale, cele mai bune dou\u0103 variante sunt analizate mai detaliat. \u00cen aceast\u0103 etap\u0103, se aprofundeaza analiza fiec\u0103rei variante, lu\u00e2ndu-se \u00een calcul \u0219i impactul pe termen lung, costurile de execu\u021bie \u0219i \u00eentre\u021binere, eficien\u021ba opera\u021bional\u0103 \u0219i viabilitatea social\u0103 \u0219i economic\u0103, urm\u0103rind urm\u0103toarele criterii de evaluare esen\u021biale \u00een acest proces<\/em>\u201d.<\/p>\n\n\n\n<p><strong>Urmeaz\u0103 o \u201eanaliz\u0103 multicriteriala de traseu\u201d, care presupune impactul asupra mediului, impactul socio-economic, costurile de construc\u021bie \u0219i \u00eentre\u021binere, siguran\u021ba \u0219i accesibilitatea, viabilitatea tehnic\u0103 \u0219i fezabilitatea de implementare, aspecte legate de patrimoniul cultural, eficien\u021ba pe termen lung \u0219i acceptabilitatea social\u0103.<\/strong><\/p>\n\n\n\n<p>\u201eOpiniile \u0219i obiec\u021biile comunit\u0103\u021bilor locale, ale autorit\u0103\u021bilor \u0219i grupurilor de interese sunt luate \u00een considerare pentru a asigura c\u0103 traseul ales este acceptabil \u0219i proiectul va avea un impact minim asupra calit\u0103\u021bii vie\u021bii locuitorilor.<\/p>\n\n\n\n<p>Astfel, fiecare variant\u0103 de traseu prime\u0219te scoruri pe baza evalu\u0103rii fiec\u0103rui criteriu \u00een parte. Aceste scoruri sunt adunate \u0219i ponderate \u00een func\u021bie de importan\u021ba relativ\u0103 a fiec\u0103rui criteriu.<\/p>\n\n\n\n<p>\u00cen final, varianta de traseu cu cel mai mare scor global este selectat\u0103 ca fiind cea mai optim\u0103 din punct de vedere tehnic, economic \u0219i ecologic\u201d, mai arat\u0103 CNAIR.<\/p>\n\n\n\n<h2 class=\"wp-block-heading\" id=\"h-vor-fi-defri\u0219ate-26-de-hectare-de-padure-\u0219i-plantate-62-55-de-hectare-de-perdele-forestiere\">Vor fi defri\u0219ate 26 de hectare de p\u0103dure \u0219i plantate 62,55 de hectare de perdele forestiere<\/h2>\n\n\n\n<p><strong>Compania mai arat\u0103 c\u0103 autostrada Bucure\u0219ti \u2013 Alexandria este cuprins\u0103 \u00een Master Planul General de Transport al Rom\u00e2niei (MPGT), \u00een perioada 2021-2030, \u00eens\u0103 deocamdat\u0103 doar pentru etapa de preg\u0103tire (elaborare Studiu de Fezabilitate, Proiect Tehnic, ob\u021binere acord de mediu \u0219i promovare Hot\u0103r\u00e2re a Guvernului de aprobare a indicatorilor tehnico-economici).<\/strong><\/p>\n\n\n\n<p>\u201e<em>Solu\u021bia promovat\u0103 a urm\u0103rit minimizarea ocup\u0103rii permanente a terenurilor din fondul forestier, astfel \u00eenc\u00e2t impactul direct s\u0103 se limiteze la amprenta strict necesar\u0103 a lucr\u0103rilor, f\u0103r\u0103 a genera fenomene suplimentare de fragmentare a habitatelor.<\/em><\/p>\n\n\n\n<p><em>De asemenea, pentru atenuarea impactului poten\u021bial asupra fondului forestier \u0219i pentru protec\u021bia infrastructurii \u00eempotriva \u00eenz\u0103pezirilor, au fost prev\u0103zute, \u00een cadrul Studiului de Fezabilitate (SF), perdele forestiere cu o lungime total\u0103 de 67,025 km, pe o suprafa\u021b\u0103 de aproximativ 62,55 ha.<\/em><\/p>\n\n\n\n<p><em>Acestea vor fi realizate cu specii adaptate condi\u021biilor pedoclimatice locale, \u00een baza unui studiu pedosta\u021bional \u0219i a unui proiect tehnic de \u00eemp\u0103durire elaborat conform prevederilor legale \u00een vigoare. Astfel, suprafa\u021ba de p\u0103dure afectat\u0103 de proiect, este de aproximativ 26,12 hectare, fiind compensat\u0103 \u0219i dep\u0103\u0219it\u0103 prin m\u0103suri de replantare \u0219i \u00eenfiin\u021bare de perdele forestiere, pe o suprafa\u021b\u0103 de peste 62,5 hectare<\/em>\u201d, a transmis CNAIR.<\/p>\n\n\n\n<figure class=\"wp-block-image\"><img fetchpriority=\"high\" decoding=\"async\" width=\"586\" height=\"414\" src=\"data:image\/gif;base64,R0lGODlhAQABAAAAACH5BAEKAAEALAAAAAABAAEAAAICTAEAOw==\" data-src=\"https:\/\/buletin.de\/bucuresti\/wp-content\/uploads\/2026\/04\/1.-Plan-paduri.jpg\" alt=\"traseul autostr\u0103zii Bucure\u0219ti-Alexandria\" class=\"wp-image-188494 lazyload\" data-sizes=\"auto\" data-srcset=\"https:\/\/buletin.de\/bucuresti\/wp-content\/uploads\/2026\/04\/1.-Plan-paduri.jpg 586w, https:\/\/buletin.de\/bucuresti\/wp-content\/uploads\/2026\/04\/1.-Plan-paduri-300x212.jpg 300w, https:\/\/buletin.de\/bucuresti\/wp-content\/uploads\/2026\/04\/1.-Plan-paduri-20x14.jpg 20w\" sizes=\"(max-width: 586px) 100vw, 586px\" \/><figcaption class=\"wp-element-caption\">Cum va ar\u0103ta traseul autostr\u0103zii Bucure\u0219ti-Alexandria, conform schi\u021belor CNAIR<\/figcaption><\/figure>\n\n\n\n<p><strong>Un argument important, conform companiei, a fost \u0219i reducerea sumelor de bani necesare pentru expropierea terenurilor, pentru c\u0103 o parte dintre p\u0103duri apar\u021bin statului. \u0218i numai o mic\u0103 parte face parte din arii naturale protejate.<\/strong><\/p>\n\n\n\n<p>\u201e<em>Lucr\u0103rile de execu\u021bie a autostr\u0103zii \u0219i a drumurilor de leg\u0103tur\u0103 implic\u0103 defri\u0219area unei suprafe\u021be totale de 26,12 hectare de teren forestier din zona proiectului.<\/em><\/p>\n\n\n\n<p><em>Din aceast\u0103 suprafa\u021b\u0103,&nbsp;<strong>0,78 hectare<\/strong>&nbsp;reprezint\u0103 terenuri forestiere situate \u00een&nbsp;<strong>UA 23 NN \u0219i UA 24 NN<\/strong>, \u00eencadrate ca&nbsp;<strong>terenuri forestiere neproductive,<\/strong>&nbsp;amplasate \u00een&nbsp;<strong>arii naturale protejate<\/strong>&nbsp;\u0219i administrate de&nbsp;<strong>Ocolul Silvic.<\/strong><\/em><\/p>\n\n\n\n<p><em>Prin urmare, suprafa\u021ba total\u0103 de p\u0103dure care urmeaz\u0103 a fi defri\u0219at\u0103 \u00een interiorul ariilor naturale protejate este de&nbsp;<strong>0,78 ha.<\/strong><\/em><strong><\/strong><\/p>\n\n\n\n<p><em>Raportat la suprafa\u021ba total\u0103 ocupat\u0103 de proiect, terenurile din fondul forestier reprezint\u0103 aproximativ 1,5%<\/em>\u201d, mai afirm\u0103 CNAIR \u00een r\u0103spunsul oferit&nbsp;<strong>Buletin de Bucure\u0219ti.<\/strong><\/p>\n\n\n\n<h2 class=\"wp-block-heading\" id=\"h-cnair-sitului-arheologic-argedava-nu-va-fi-afectat\">CNAIR: Sitului arheologic \u201eArgedava\u201d nu va fi afectat<\/h2>\n\n\n\n<p><strong>Compania Na\u021bional\u0103 de Administrare a Infrastructurii Rutiere mai afirm\u0103 c\u0103 o dat\u0103 stabilit traseul autostr\u0103zii Bucure\u0219ti-Alexandria a fost realizat un studiu arheologic complex \u00een faza de realizare a studiului de fezabilitate.<\/strong><\/p>\n\n\n\n<p>CNAIR justific\u0103 \u0219i prin faptul c\u0103, la acel moment, nu existau date clare privind limitele de protec\u021bie ale monumentului istoric.<\/p>\n\n\n\n<p>\u201e<em>Studiile de teren \u0219i raportul arheologic au fost realizate de un colectiv de arheologi din cadrul Muzeului Na\u021bional de Istorie a Transilvaniei, Cluj-Napoca. Diagnosticul arheologic intruziv a fost efectuat pe toat\u0103 lungimea traseului de proiect, printr-un num\u0103r de 703 de sec\u021biuni, care acoper\u0103 un procent de circa 91,30% din traseu.<\/em><\/p>\n\n\n\n<p><em>Raportul arheologic a fost analizat \u0219i aprobat \u00een cadrul Comisiei Na\u021bionale de Arheologie, din perioada 14.12 \u2013 15.12.2023. \u00cen data de 09.02.2024, a fost emis avizul nr. 11\/A de c\u0103tre Direc\u021bia Jude\u021bean\u0103 pentru Cultur\u0103 Giurgiu.<\/em><\/p>\n\n\n\n<p><strong>Traseul obiectivului de infrastructur\u0103 rutier\u0103 se afl\u0103 \u00een partea de nord a promontoriului pe care se afl\u0103 a\u0219ezarea.<\/strong><\/p>\n\n\n\n<p><em>Din informa\u021biile de\u021binute la momentul elabor\u0103rii studiului de fezabilitate, nu a fost realizat un Plan Urbanistic General (PUG) care s\u0103 stabileasc\u0103 limitele zonei de protec\u021bie a monumentului istoric \u0219i acestea nu se reg\u0103sesc trasate nici \u00een baza de date on-line: Repertoriul Arheologic Na\u021bional.<\/em><\/p>\n\n\n\n<p><em>\u00cen momentul realiz\u0103rii diagnosticului arheologic intruziv pe varianta final\u0103 a Autostr\u0103zii Bucure\u0219ti-Alexandria, au fost trasate, \u00een zona de protec\u021bie a monumentului istoric, dou\u0103 sec\u021biuni (S.665 \u2013 S.666), potrivit raportului arheologic men\u021bionat mai sus.<\/em><\/p>\n\n\n\n<p><em>Astfel, \u00een urma interpret\u0103rii stratigrafice a celor dou\u0103 sec\u021biuni \u0219i prin prisma faptului c\u0103 se afl\u0103 \u00een zona de protec\u021bie a unui important monument istoric, propunerea arheologilor pentru Obiectiv 16 (km 6+600 \u0219i km 6+150, Situl arheologic Argedava de la Pope\u015fti \u2013 Nucet, cod RAN 104172.01, LMI GR-I-s-A-14816), potrivit raportului arheologic, a fost cercetarea preventiv\u0103.<\/em><\/p>\n\n\n\n<p><strong><em>Mai mult, suprafa\u021ba delimitat\u0103 \u00een coordonate Stereo 70, conform raportului arheologic, a fost extins\u0103 \u0219i \u00een afara traseului proiectului de infrastructur\u0103 pentru a preveni eventuale afect\u0103ri accidentale ale sitului. &nbsp;Aceasta a fost preluat\u0103 \u0219i \u00een Avizul nr. 11\/A\/09.02.2024, emis de Direc\u021bia Jude\u021bean\u0103 pentru Cultur\u0103 Giurgiu.<\/em><\/strong><\/p>\n\n\n\n<p><em>\u00cen acest context, lucr\u0103rile de construc\u021bie a drumului nu sunt de natur\u0103 s\u0103 afecteze integritatea monumentului istoric \u0219i se vor derula \u00een zona de protec\u021bie a acestuia, \u00een lunca Arge\u0219ului, \u0219i nu la nivelul promontoriului pe care se afl\u0103 localizat acesta<\/em>\u201d, mai afirm\u0103 CNAIR.<\/p>\n\n\n\n<figure class=\"wp-block-image\"><img decoding=\"async\" width=\"1000\" height=\"810\" src=\"data:image\/gif;base64,R0lGODlhAQABAAAAACH5BAEKAAEALAAAAAABAAEAAAICTAEAOw==\" data-src=\"https:\/\/buletin.de\/bucuresti\/wp-content\/uploads\/2026\/04\/2.-Autostrada-Bucuresti-Alexandria-1000x810.jpg\" alt=\"traseul autostr\u0103zii Bucure\u0219ti-Alexandria,\" class=\"wp-image-188497 lazyload\" data-sizes=\"auto\" data-srcset=\"https:\/\/buletin.de\/bucuresti\/wp-content\/uploads\/2026\/04\/2.-Autostrada-Bucuresti-Alexandria-1000x810.jpg 1000w, https:\/\/buletin.de\/bucuresti\/wp-content\/uploads\/2026\/04\/2.-Autostrada-Bucuresti-Alexandria-300x243.jpg 300w, https:\/\/buletin.de\/bucuresti\/wp-content\/uploads\/2026\/04\/2.-Autostrada-Bucuresti-Alexandria-768x622.jpg 768w, https:\/\/buletin.de\/bucuresti\/wp-content\/uploads\/2026\/04\/2.-Autostrada-Bucuresti-Alexandria-600x486.jpg 600w, https:\/\/buletin.de\/bucuresti\/wp-content\/uploads\/2026\/04\/2.-Autostrada-Bucuresti-Alexandria-20x16.jpg 20w, https:\/\/buletin.de\/bucuresti\/wp-content\/uploads\/2026\/04\/2.-Autostrada-Bucuresti-Alexandria.jpg 1073w\" sizes=\"(max-width: 1000px) 100vw, 1000px\" \/><figcaption class=\"wp-element-caption\">Autostrada Bucure\u0219ti-Alexandria trece printre cetatea Argedava \u0219i r\u00e2ul Arge\u0219. Schi\u021b\u0103 oferit\u0103 de CNAIR. Arheoloaga Nona Palinca\u0219 sus\u021bine c\u0103 tocmai aceasta este problema, c\u0103 este disturbat\u0103 percep\u021bia ansamblului a\u0219a cum era \u00een antichitate.<\/figcaption><\/figure>\n\n\n\n<figure class=\"wp-block-image\"><img decoding=\"async\" width=\"748\" height=\"540\" src=\"data:image\/gif;base64,R0lGODlhAQABAAAAACH5BAEKAAEALAAAAAABAAEAAAICTAEAOw==\" data-src=\"https:\/\/buletin.de\/bucuresti\/wp-content\/uploads\/2026\/04\/4.-Autostrada-Bucuresti-Alexandria.jpg\" alt=\"\" class=\"wp-image-188498 lazyload\" data-sizes=\"auto\" data-srcset=\"https:\/\/buletin.de\/bucuresti\/wp-content\/uploads\/2026\/04\/4.-Autostrada-Bucuresti-Alexandria.jpg 748w, https:\/\/buletin.de\/bucuresti\/wp-content\/uploads\/2026\/04\/4.-Autostrada-Bucuresti-Alexandria-300x217.jpg 300w, https:\/\/buletin.de\/bucuresti\/wp-content\/uploads\/2026\/04\/4.-Autostrada-Bucuresti-Alexandria-600x433.jpg 600w, https:\/\/buletin.de\/bucuresti\/wp-content\/uploads\/2026\/04\/4.-Autostrada-Bucuresti-Alexandria-20x14.jpg 20w\" sizes=\"(max-width: 748px) 100vw, 748px\" \/><\/figure>\n\n\n\n<p>\u00cen plus, men\u021bioneaz\u0103 reprezentan\u021bii companiei, \u00een con\u021binutul tuturor caietelor de sarcini elaborate de CNAIR este prev\u0103zut ca, \u00een cazul \u00een care \u00een amplasamentul obiectivelor investi\u021bionale de infrastructur\u0103 rutier\u0103 se afl\u0103 situri reperate (care sunt deja \u00een cercetare arheologic\u0103) se vor lua \u00een considerare \u0219i prevederile Ordinul Ministrului Culturii nr. 2071\/30.06.2010, care garanteaz\u0103 \u201edreptul cercet\u0103torului de-a continua o s\u0103p\u0103tur\u0103 arheologic\u0103 \u00eenceput\u0103 de el \u0219i dreptul de proprietate intelectual\u0103 a cercet\u0103rilor\u201d.<\/p>\n\n\n\n<h2 class=\"wp-block-heading\" id=\"h-traseul-autostrazii-bucure\u0219ti-alexandria-\u0219i-incapa\u021banarea-societa\u021bii-civile\">Traseul autostr\u0103zii Bucure\u0219ti-Alexandria \u0219i \u201e\u00eenc\u0103p\u0103\u021b\u00e2narea\u201d societ\u0103\u021bii civile<\/h2>\n\n\n\n<p><strong>Compania Na\u021bional\u0103 de Autostr\u0103zi afirm\u0103 c\u0103 a \u00eencercat s\u0103 poarte un dialog cu societatea civil\u0103 privind traseul pentru A6, dar s-a lovit de \u201einflexibilitatea\u201d unora dintre reprezentan\u021bi.<\/strong><\/p>\n\n\n\n<p>\u201e<em>Pe parcursul derul\u0103rii Studiului de Fezabilitate,&nbsp;<strong>au fost formulate solicit\u0103ri \u0219i critici provenite preponderent din partea unei singure organiza\u021bii, precum \u0219i din partea unor cet\u0103\u021beni nemul\u021bumi\u021bi de aspect<\/strong>, precum exproprierea terenurilor sau accesibilitatea zonal\u0103 dup\u0103 construc\u021bia autostr\u0103zii.<\/em><\/p>\n\n\n\n<p><em>CNAIR S.A. a tratat cu rigurozitate \u0219i transparen\u021b\u0103 fiecare sesizare \u00een parte, oferind punctual toate clarific\u0103rile necesare.<\/em><\/p>\n\n\n\n<p><em>Cu toate acestea,&nbsp;<strong>\u00een ciuda eforturilor de comunicare, organiza\u021biile civice au men\u021binut o pozi\u021bie inflexibil\u0103, fiind orientate exclusiv c\u0103tre propriile viziuni \u0219i ignor\u00e2nd argumentele fundamentate prezentate de c\u0103tre proiectantul de specialitate, colectivele de arheologi \u0219i exper\u021bii de mediu<\/strong>.<\/em><\/p>\n\n\n\n<p><em>\u00cen acest context, proiectul nu putea fi blocat, CNAIR S.A. ac\u021bion\u00e2nd \u00een virtutea principiului interesului na\u021bional, av\u00e2nd \u00een vedere anvergura \u0219i importan\u021ba acestui obiectiv de investi\u021bii.<\/em><\/p>\n\n\n\n<p><em>Mai mult, anumite critici nu au avut un fundament real, bazat pe criterii tehnico-economice sau sociale demonstrate prin date certe, acestea fiind formulare la stadiul de sugestii \u0219i idei nefondate, de natur\u0103 s\u0103 genereze tensiuni nejustificate, f\u0103r\u0103 a oferi alternative viabile din punct de vedere tehnic<\/em>\u201d, a reac\u021bionat CNAIR cu privire la acuza\u021biile f\u0103cute de Eco-Civica \u0219i arheologul Nona Palinca\u0219.<\/p>\n\n\n\n<p><strong>CITE\u0218TE \u0218I: <\/strong><a href=\"https:\/\/buletin.de\/bucuresti\/legea-prin-care-distrugerea-spatiilor-verzi-va-deveni-fapta-penala-criticata-de-activistii-de-mediu\/\"><strong>Ordonan\u021ba prin care t\u0103ierea arborilor din localit\u0103\u021bi va deveni fapt\u0103 penal\u0103, criticat\u0103 de societatea civil\u0103. Buzoianu:\u00a0\u201eSper c\u0103 Buletin de Bucure\u0219ti va face \u0219tiri, la un moment dat\u201d<\/strong><\/a><\/p>\n\n\n\n<p><strong>\u00cen aceste condi\u021bii, \u00een etapa urm\u0103toare a proiectului CNAIR nu se are \u00een vedere revizuirea traseului, \u201e<em>\u00eentruc\u00e2t varianta actual\u0103 a fost stabilit\u0103 \u00een baza unei analize complexe realizate \u00een cadrul Studiului de Fezabilitate, cu implicarea unor resurse semnificative, at\u00e2t din perspectiva proiectantului de specialitate, c\u00e2t \u0219i a volumului de investiga\u021bii, studii \u0219i documenta\u021bii elaborate<\/em>\u201d.<\/strong><\/p>\n\n\n\n<p>\u201e<em>Traseul promovat reprezint\u0103 rezultatul unui proces de evaluare tehnic\u0103 \u0219i de mediu care a inclus analiza alternativelor, consult\u0103ri institu\u021bionale \u0219i parcurgerea etapelor legale de avizare.&nbsp;<strong>Men\u021binerea variantei actuale este sus\u021binut\u0103 de argumente tehnice, economice \u0219i de mediu, aceasta fiind cea care a fost fundamentat\u0103, analizat\u0103 \u0219i avizat\u0103 \u00een cadrul procedurilor specifice, inclusiv prin emiterea actelor de reglementare necesare.<\/strong><\/em><\/p>\n\n\n\n<p><em>Astfel, \u00een lipsa unor elemente clare, obiective \u0219i fundamentate din punct de vedere tehnic, economic, social sau al altor aspecte relevante pentru modificarea variantei de traseu, rezultate din studii \u0219i analize de specialitate elaborate de exper\u021bi \u00een domeniu, nu se justific\u0103 reevaluarea solu\u021biei deja aprobate sau revizuirea traseului<\/em>\u201d, a mai transmis CNAIR.<\/p>\n\n\n\n<p>Asadar, o eventual\u0103 modificare a traseului ar presupune reluarea unor etape semnificative din \u00eentregul proces de analiz\u0103, avizare \u0219i reglementare, cu impact asupra termenelor de implementare, a resurselor deja alocate \u0219i a parcursului administrativ al proiectului, f\u0103r\u0103 a exista, \u00een prezent, un temei tehnic sau de mediu care s\u0103 sus\u021bin\u0103 necesitatea unei astfel de abord\u0103ri.<\/p>\n\n\n\n<p><strong>\u00cen episoadele urm\u0103toare, v\u0103 vom prezenta cum cum a explicat Ministerul Culturii motivul pentru care a dat avizut favorabil. P\u00e2n\u0103 la data redact\u0103rii acestui articol, Agen\u021bia Na\u021bional\u0103 pentru Mediu \u0219i Arii Protejate nu a r\u0103spuns solicit\u0103rilor noastre.<\/strong><\/p>\n\n\n\n<p><strong>CITE\u0218TE \u0218I: <\/strong><a href=\"https:\/\/buletin.de\/bucuresti\/rise-project-lia-savonea-ar-fi-scapat-de-inchisoare-un-interlop-din-ilfov-in-timp-ce-facea-afaceri-imobiliare-cu-rudele-acestuia\/\"><strong>Rise Project: Lia Savonea ar fi sc\u0103pat de \u00eenchisoare un interlop din Ilfov, \u00een timp ce f\u0103cea afaceri imobiliare cu rudele acestuia<\/strong><\/a><\/p>\n","protected":false},"excerpt":{"rendered":"<p>CNAIR anun\u021b\u0103 utilizatorii re\u021belei de drumuri na\u021bionale, drumuri expres \u0219i autostr\u0103zi c\u0103, \u00een perioada\u00a028.04.2026, ora 23:30 &#8211; 29.04.2026, ora 00:30, sunt programate lucr\u0103ri de mentenan\u021b\u0103. Din acest motiv, serviciul de emitere roviniet\u0103 si peaj prin SMS va fi temporar \u00eentrerupt. Rovinieta poate fi achizi\u021bionat\u0103 \u00een avans, cu p\u00e2n\u0103 la 30 de zile \u00eenainte de data [&hellip;]<\/p>\n","protected":false},"author":49,"featured_media":147017,"comment_status":"closed","ping_status":"open","sticky":false,"template":"","format":"standard","meta":{"_acf_changed":false,"inline_featured_image":false,"ngg_post_thumbnail":0,"footnotes":""},"categories":[6994,1,62],"tags":[1238,28009,5881],"ppma_author":[22574],"class_list":["post-189748","post","type-post","status-publish","format-standard","has-post-thumbnail","hentry","category-stiri-2","category-diverse","category-stiri","tag-cnair","tag-peaj","tag-rovinieta"],"acf":[],"yoast_head":"<!-- This site is optimized with the Yoast SEO Premium plugin v25.3 (Yoast SEO v27.4) - https:\/\/yoast.com\/product\/yoast-seo-premium-wordpress\/ -->\n<title>Serviciul de emitere roviniet\u0103 \u0219i peaj prin SMS va fi \u00eentrerupt pentru o or\u0103, \u00een noaptea de mar\u021bi spre miercuri - Buletin de Bucure\u0219ti<\/title>\n<meta name=\"description\" content=\"Sunt programate lucr\u0103ri de mentenan\u021b\u0103. Din acest motiv, serviciul de emitere roviniete si peaje prin SMS va fi temporar \u00eentrerupt.\" \/>\n<meta name=\"robots\" content=\"index, follow, max-snippet:-1, max-image-preview:large, max-video-preview:-1\" \/>\n<link rel=\"canonical\" href=\"https:\/\/buletin.de\/bucuresti\/serviciul-de-emitere-rovinieta-si-peaj-prin-sms-va-fi-intrerupt-pentru-o-ora-in-noaptea-de-marti-spre-miercuri\/\" \/>\n<meta property=\"og:locale\" content=\"en_GB\" \/>\n<meta property=\"og:type\" content=\"article\" \/>\n<meta property=\"og:title\" content=\"Serviciul de emitere roviniet\u0103 \u0219i peaj prin SMS va fi \u00eentrerupt pentru o or\u0103, \u00een noaptea de mar\u021bi spre miercuri\" \/>\n<meta property=\"og:description\" content=\"Sunt programate lucr\u0103ri de mentenan\u021b\u0103. Din acest motiv, serviciul de emitere roviniete si peaje prin SMS va fi temporar \u00eentrerupt.\" \/>\n<meta property=\"og:url\" content=\"https:\/\/buletin.de\/bucuresti\/serviciul-de-emitere-rovinieta-si-peaj-prin-sms-va-fi-intrerupt-pentru-o-ora-in-noaptea-de-marti-spre-miercuri\/\" \/>\n<meta property=\"og:site_name\" content=\"Buletin de Bucure\u0219ti\" \/>\n<meta property=\"article:publisher\" content=\"https:\/\/www.facebook.com\/buletin.de.buc\" \/>\n<meta property=\"article:published_time\" content=\"2026-04-28T02:00:00+00:00\" \/>\n<meta property=\"article:modified_time\" content=\"2026-04-28T02:24:47+00:00\" \/>\n<meta property=\"og:image\" content=\"https:\/\/buletin.de\/bucuresti\/wp-content\/uploads\/2025\/09\/149725872356-rovinieta-S4.jpg.webp\" \/>\n\t<meta property=\"og:image:width\" content=\"829\" \/>\n\t<meta property=\"og:image:height\" content=\"642\" \/>\n\t<meta property=\"og:image:type\" content=\"image\/webp\" \/>\n<meta name=\"author\" content=\"Diana Matei\" \/>\n<meta name=\"twitter:card\" content=\"summary_large_image\" \/>\n<meta name=\"twitter:label1\" content=\"Written by\" \/>\n\t<meta name=\"twitter:data1\" content=\"Diana Matei\" \/>\n\t<meta name=\"twitter:label2\" content=\"Estimated reading time\" \/>\n\t<meta name=\"twitter:data2\" content=\"11 minutes\" \/>\n<script type=\"application\/ld+json\" class=\"yoast-schema-graph\">{\"@context\":\"https:\\\/\\\/schema.org\",\"@graph\":[{\"@type\":\"Article\",\"@id\":\"https:\\\/\\\/buletin.de\\\/bucuresti\\\/serviciul-de-emitere-rovinieta-si-peaj-prin-sms-va-fi-intrerupt-pentru-o-ora-in-noaptea-de-marti-spre-miercuri\\\/#article\",\"isPartOf\":{\"@id\":\"https:\\\/\\\/buletin.de\\\/bucuresti\\\/serviciul-de-emitere-rovinieta-si-peaj-prin-sms-va-fi-intrerupt-pentru-o-ora-in-noaptea-de-marti-spre-miercuri\\\/\"},\"author\":{\"name\":\"Diana Matei\",\"@id\":\"https:\\\/\\\/buletin.de\\\/bucuresti\\\/#\\\/schema\\\/person\\\/7e46040573290777280a0835d81ea4ea\"},\"headline\":\"Serviciul de emitere roviniet\u0103 \u0219i peaj prin SMS va fi \u00eentrerupt pentru o or\u0103, \u00een noaptea de mar\u021bi spre miercuri\",\"datePublished\":\"2026-04-28T02:00:00+00:00\",\"dateModified\":\"2026-04-28T02:24:47+00:00\",\"mainEntityOfPage\":{\"@id\":\"https:\\\/\\\/buletin.de\\\/bucuresti\\\/serviciul-de-emitere-rovinieta-si-peaj-prin-sms-va-fi-intrerupt-pentru-o-ora-in-noaptea-de-marti-spre-miercuri\\\/\"},\"wordCount\":2429,\"publisher\":{\"@id\":\"https:\\\/\\\/buletin.de\\\/bucuresti\\\/#organization\"},\"image\":{\"@id\":\"https:\\\/\\\/buletin.de\\\/bucuresti\\\/serviciul-de-emitere-rovinieta-si-peaj-prin-sms-va-fi-intrerupt-pentru-o-ora-in-noaptea-de-marti-spre-miercuri\\\/#primaryimage\"},\"thumbnailUrl\":\"https:\\\/\\\/buletin.de\\\/bucuresti\\\/wp-content\\\/uploads\\\/2025\\\/09\\\/149725872356-rovinieta-S4.jpg.webp\",\"keywords\":[\"cnair\",\"peaj\",\"rovinieta\"],\"articleSection\":[\"Articole\",\"Diverse\",\"\u0218tiri\"],\"inLanguage\":\"en-GB\",\"copyrightYear\":\"2026\",\"copyrightHolder\":{\"@id\":\"https:\\\/\\\/buletin.de\\\/bucuresti\\\/#organization\"}},{\"@type\":\"WebPage\",\"@id\":\"https:\\\/\\\/buletin.de\\\/bucuresti\\\/serviciul-de-emitere-rovinieta-si-peaj-prin-sms-va-fi-intrerupt-pentru-o-ora-in-noaptea-de-marti-spre-miercuri\\\/\",\"url\":\"https:\\\/\\\/buletin.de\\\/bucuresti\\\/serviciul-de-emitere-rovinieta-si-peaj-prin-sms-va-fi-intrerupt-pentru-o-ora-in-noaptea-de-marti-spre-miercuri\\\/\",\"name\":\"Serviciul de emitere roviniet\u0103 \u0219i peaj prin SMS va fi \u00eentrerupt pentru o or\u0103, \u00een noaptea de mar\u021bi spre miercuri - Buletin de Bucure\u0219ti\",\"isPartOf\":{\"@id\":\"https:\\\/\\\/buletin.de\\\/bucuresti\\\/#website\"},\"primaryImageOfPage\":{\"@id\":\"https:\\\/\\\/buletin.de\\\/bucuresti\\\/serviciul-de-emitere-rovinieta-si-peaj-prin-sms-va-fi-intrerupt-pentru-o-ora-in-noaptea-de-marti-spre-miercuri\\\/#primaryimage\"},\"image\":{\"@id\":\"https:\\\/\\\/buletin.de\\\/bucuresti\\\/serviciul-de-emitere-rovinieta-si-peaj-prin-sms-va-fi-intrerupt-pentru-o-ora-in-noaptea-de-marti-spre-miercuri\\\/#primaryimage\"},\"thumbnailUrl\":\"https:\\\/\\\/buletin.de\\\/bucuresti\\\/wp-content\\\/uploads\\\/2025\\\/09\\\/149725872356-rovinieta-S4.jpg.webp\",\"datePublished\":\"2026-04-28T02:00:00+00:00\",\"dateModified\":\"2026-04-28T02:24:47+00:00\",\"description\":\"Sunt programate lucr\u0103ri de mentenan\u021b\u0103. Din acest motiv, serviciul de emitere roviniete si peaje prin SMS va fi temporar \u00eentrerupt.\",\"breadcrumb\":{\"@id\":\"https:\\\/\\\/buletin.de\\\/bucuresti\\\/serviciul-de-emitere-rovinieta-si-peaj-prin-sms-va-fi-intrerupt-pentru-o-ora-in-noaptea-de-marti-spre-miercuri\\\/#breadcrumb\"},\"inLanguage\":\"en-GB\",\"potentialAction\":[{\"@type\":\"ReadAction\",\"target\":[\"https:\\\/\\\/buletin.de\\\/bucuresti\\\/serviciul-de-emitere-rovinieta-si-peaj-prin-sms-va-fi-intrerupt-pentru-o-ora-in-noaptea-de-marti-spre-miercuri\\\/\"]}]},{\"@type\":\"ImageObject\",\"inLanguage\":\"en-GB\",\"@id\":\"https:\\\/\\\/buletin.de\\\/bucuresti\\\/serviciul-de-emitere-rovinieta-si-peaj-prin-sms-va-fi-intrerupt-pentru-o-ora-in-noaptea-de-marti-spre-miercuri\\\/#primaryimage\",\"url\":\"https:\\\/\\\/buletin.de\\\/bucuresti\\\/wp-content\\\/uploads\\\/2025\\\/09\\\/149725872356-rovinieta-S4.jpg.webp\",\"contentUrl\":\"https:\\\/\\\/buletin.de\\\/bucuresti\\\/wp-content\\\/uploads\\\/2025\\\/09\\\/149725872356-rovinieta-S4.jpg.webp\",\"width\":829,\"height\":642,\"caption\":\"Serviciul de emitere roviniet\u0103 \u0219i peaj prin SMS va fi \u00eentrerupt pentru o or\u0103, \u00een noaptea de mar\u021bi spre miercuri. FOTO: CNAIR\"},{\"@type\":\"BreadcrumbList\",\"@id\":\"https:\\\/\\\/buletin.de\\\/bucuresti\\\/serviciul-de-emitere-rovinieta-si-peaj-prin-sms-va-fi-intrerupt-pentru-o-ora-in-noaptea-de-marti-spre-miercuri\\\/#breadcrumb\",\"itemListElement\":[{\"@type\":\"ListItem\",\"position\":1,\"name\":\"Acas\u0103\",\"item\":\"https:\\\/\\\/buletin.de\\\/bucuresti\\\/\"},{\"@type\":\"ListItem\",\"position\":2,\"name\":\"Serviciul de emitere roviniet\u0103 \u0219i peaj prin SMS va fi \u00eentrerupt pentru o or\u0103, \u00een noaptea de mar\u021bi spre miercuri\"}]},{\"@type\":\"WebSite\",\"@id\":\"https:\\\/\\\/buletin.de\\\/bucuresti\\\/#website\",\"url\":\"https:\\\/\\\/buletin.de\\\/bucuresti\\\/\",\"name\":\"Buletin de Bucure\u0219ti\",\"description\":\"\u0218tiri \u0219i investiga\u021bii esen\u021biale din capital\u0103\",\"publisher\":{\"@id\":\"https:\\\/\\\/buletin.de\\\/bucuresti\\\/#organization\"},\"potentialAction\":[{\"@type\":\"SearchAction\",\"target\":{\"@type\":\"EntryPoint\",\"urlTemplate\":\"https:\\\/\\\/buletin.de\\\/bucuresti\\\/?s={search_term_string}\"},\"query-input\":{\"@type\":\"PropertyValueSpecification\",\"valueRequired\":true,\"valueName\":\"search_term_string\"}}],\"inLanguage\":\"en-GB\"},{\"@type\":\"Organization\",\"@id\":\"https:\\\/\\\/buletin.de\\\/bucuresti\\\/#organization\",\"name\":\"Buletin de Bucure\u0219ti\",\"url\":\"https:\\\/\\\/buletin.de\\\/bucuresti\\\/\",\"logo\":{\"@type\":\"ImageObject\",\"inLanguage\":\"en-GB\",\"@id\":\"https:\\\/\\\/buletin.de\\\/bucuresti\\\/#\\\/schema\\\/logo\\\/image\\\/\",\"url\":\"https:\\\/\\\/buletin.de\\\/bucuresti\\\/wp-content\\\/uploads\\\/logo-bdb-full-wide-vernil-transparent.png\",\"contentUrl\":\"https:\\\/\\\/buletin.de\\\/bucuresti\\\/wp-content\\\/uploads\\\/logo-bdb-full-wide-vernil-transparent.png\",\"width\":1782,\"height\":626,\"caption\":\"Buletin de Bucure\u0219ti\"},\"image\":{\"@id\":\"https:\\\/\\\/buletin.de\\\/bucuresti\\\/#\\\/schema\\\/logo\\\/image\\\/\"},\"sameAs\":[\"https:\\\/\\\/www.facebook.com\\\/buletin.de.buc\",\"https:\\\/\\\/www.instagram.com\\\/buletinde.bucuresti\\\/\"]},{\"@type\":\"Person\",\"@id\":\"https:\\\/\\\/buletin.de\\\/bucuresti\\\/#\\\/schema\\\/person\\\/7e46040573290777280a0835d81ea4ea\",\"name\":\"Diana Matei\",\"image\":{\"@type\":\"ImageObject\",\"inLanguage\":\"en-GB\",\"@id\":\"https:\\\/\\\/buletin.de\\\/bucuresti\\\/wp-content\\\/uploads\\\/9-2-96x96.jpg1e8590b30871d70e62ebcdaf2eff570c\",\"url\":\"https:\\\/\\\/buletin.de\\\/bucuresti\\\/wp-content\\\/uploads\\\/9-2-96x96.jpg\",\"contentUrl\":\"https:\\\/\\\/buletin.de\\\/bucuresti\\\/wp-content\\\/uploads\\\/9-2-96x96.jpg\",\"caption\":\"Diana Matei\"},\"url\":\"https:\\\/\\\/buletin.de\\\/bucuresti\\\/author\\\/dianamatei\\\/\"}]}<\/script>\n<!-- \/ Yoast SEO Premium plugin. -->","yoast_head_json":{"title":"Serviciul de emitere roviniet\u0103 \u0219i peaj prin SMS va fi \u00eentrerupt pentru o or\u0103, \u00een noaptea de mar\u021bi spre miercuri - Buletin de Bucure\u0219ti","description":"Sunt programate lucr\u0103ri de mentenan\u021b\u0103. Din acest motiv, serviciul de emitere roviniete si peaje prin SMS va fi temporar \u00eentrerupt.","robots":{"index":"index","follow":"follow","max-snippet":"max-snippet:-1","max-image-preview":"max-image-preview:large","max-video-preview":"max-video-preview:-1"},"canonical":"https:\/\/buletin.de\/bucuresti\/serviciul-de-emitere-rovinieta-si-peaj-prin-sms-va-fi-intrerupt-pentru-o-ora-in-noaptea-de-marti-spre-miercuri\/","og_locale":"en_GB","og_type":"article","og_title":"Serviciul de emitere roviniet\u0103 \u0219i peaj prin SMS va fi \u00eentrerupt pentru o or\u0103, \u00een noaptea de mar\u021bi spre miercuri","og_description":"Sunt programate lucr\u0103ri de mentenan\u021b\u0103. Din acest motiv, serviciul de emitere roviniete si peaje prin SMS va fi temporar \u00eentrerupt.","og_url":"https:\/\/buletin.de\/bucuresti\/serviciul-de-emitere-rovinieta-si-peaj-prin-sms-va-fi-intrerupt-pentru-o-ora-in-noaptea-de-marti-spre-miercuri\/","og_site_name":"Buletin de Bucure\u0219ti","article_publisher":"https:\/\/www.facebook.com\/buletin.de.buc","article_published_time":"2026-04-28T02:00:00+00:00","article_modified_time":"2026-04-28T02:24:47+00:00","og_image":[{"width":829,"height":642,"url":"https:\/\/buletin.de\/bucuresti\/wp-content\/uploads\/2025\/09\/149725872356-rovinieta-S4.jpg.webp","type":"image\/webp"}],"author":"Diana Matei","twitter_card":"summary_large_image","twitter_misc":{"Written by":"Diana Matei","Estimated reading time":"11 minutes"},"schema":{"@context":"https:\/\/schema.org","@graph":[{"@type":"Article","@id":"https:\/\/buletin.de\/bucuresti\/serviciul-de-emitere-rovinieta-si-peaj-prin-sms-va-fi-intrerupt-pentru-o-ora-in-noaptea-de-marti-spre-miercuri\/#article","isPartOf":{"@id":"https:\/\/buletin.de\/bucuresti\/serviciul-de-emitere-rovinieta-si-peaj-prin-sms-va-fi-intrerupt-pentru-o-ora-in-noaptea-de-marti-spre-miercuri\/"},"author":{"name":"Diana Matei","@id":"https:\/\/buletin.de\/bucuresti\/#\/schema\/person\/7e46040573290777280a0835d81ea4ea"},"headline":"Serviciul de emitere roviniet\u0103 \u0219i peaj prin SMS va fi \u00eentrerupt pentru o or\u0103, \u00een noaptea de mar\u021bi spre miercuri","datePublished":"2026-04-28T02:00:00+00:00","dateModified":"2026-04-28T02:24:47+00:00","mainEntityOfPage":{"@id":"https:\/\/buletin.de\/bucuresti\/serviciul-de-emitere-rovinieta-si-peaj-prin-sms-va-fi-intrerupt-pentru-o-ora-in-noaptea-de-marti-spre-miercuri\/"},"wordCount":2429,"publisher":{"@id":"https:\/\/buletin.de\/bucuresti\/#organization"},"image":{"@id":"https:\/\/buletin.de\/bucuresti\/serviciul-de-emitere-rovinieta-si-peaj-prin-sms-va-fi-intrerupt-pentru-o-ora-in-noaptea-de-marti-spre-miercuri\/#primaryimage"},"thumbnailUrl":"https:\/\/buletin.de\/bucuresti\/wp-content\/uploads\/2025\/09\/149725872356-rovinieta-S4.jpg.webp","keywords":["cnair","peaj","rovinieta"],"articleSection":["Articole","Diverse","\u0218tiri"],"inLanguage":"en-GB","copyrightYear":"2026","copyrightHolder":{"@id":"https:\/\/buletin.de\/bucuresti\/#organization"}},{"@type":"WebPage","@id":"https:\/\/buletin.de\/bucuresti\/serviciul-de-emitere-rovinieta-si-peaj-prin-sms-va-fi-intrerupt-pentru-o-ora-in-noaptea-de-marti-spre-miercuri\/","url":"https:\/\/buletin.de\/bucuresti\/serviciul-de-emitere-rovinieta-si-peaj-prin-sms-va-fi-intrerupt-pentru-o-ora-in-noaptea-de-marti-spre-miercuri\/","name":"Serviciul de emitere roviniet\u0103 \u0219i peaj prin SMS va fi \u00eentrerupt pentru o or\u0103, \u00een noaptea de mar\u021bi spre miercuri - Buletin de Bucure\u0219ti","isPartOf":{"@id":"https:\/\/buletin.de\/bucuresti\/#website"},"primaryImageOfPage":{"@id":"https:\/\/buletin.de\/bucuresti\/serviciul-de-emitere-rovinieta-si-peaj-prin-sms-va-fi-intrerupt-pentru-o-ora-in-noaptea-de-marti-spre-miercuri\/#primaryimage"},"image":{"@id":"https:\/\/buletin.de\/bucuresti\/serviciul-de-emitere-rovinieta-si-peaj-prin-sms-va-fi-intrerupt-pentru-o-ora-in-noaptea-de-marti-spre-miercuri\/#primaryimage"},"thumbnailUrl":"https:\/\/buletin.de\/bucuresti\/wp-content\/uploads\/2025\/09\/149725872356-rovinieta-S4.jpg.webp","datePublished":"2026-04-28T02:00:00+00:00","dateModified":"2026-04-28T02:24:47+00:00","description":"Sunt programate lucr\u0103ri de mentenan\u021b\u0103. Din acest motiv, serviciul de emitere roviniete si peaje prin SMS va fi temporar \u00eentrerupt.","breadcrumb":{"@id":"https:\/\/buletin.de\/bucuresti\/serviciul-de-emitere-rovinieta-si-peaj-prin-sms-va-fi-intrerupt-pentru-o-ora-in-noaptea-de-marti-spre-miercuri\/#breadcrumb"},"inLanguage":"en-GB","potentialAction":[{"@type":"ReadAction","target":["https:\/\/buletin.de\/bucuresti\/serviciul-de-emitere-rovinieta-si-peaj-prin-sms-va-fi-intrerupt-pentru-o-ora-in-noaptea-de-marti-spre-miercuri\/"]}]},{"@type":"ImageObject","inLanguage":"en-GB","@id":"https:\/\/buletin.de\/bucuresti\/serviciul-de-emitere-rovinieta-si-peaj-prin-sms-va-fi-intrerupt-pentru-o-ora-in-noaptea-de-marti-spre-miercuri\/#primaryimage","url":"https:\/\/buletin.de\/bucuresti\/wp-content\/uploads\/2025\/09\/149725872356-rovinieta-S4.jpg.webp","contentUrl":"https:\/\/buletin.de\/bucuresti\/wp-content\/uploads\/2025\/09\/149725872356-rovinieta-S4.jpg.webp","width":829,"height":642,"caption":"Serviciul de emitere roviniet\u0103 \u0219i peaj prin SMS va fi \u00eentrerupt pentru o or\u0103, \u00een noaptea de mar\u021bi spre miercuri. FOTO: CNAIR"},{"@type":"BreadcrumbList","@id":"https:\/\/buletin.de\/bucuresti\/serviciul-de-emitere-rovinieta-si-peaj-prin-sms-va-fi-intrerupt-pentru-o-ora-in-noaptea-de-marti-spre-miercuri\/#breadcrumb","itemListElement":[{"@type":"ListItem","position":1,"name":"Acas\u0103","item":"https:\/\/buletin.de\/bucuresti\/"},{"@type":"ListItem","position":2,"name":"Serviciul de emitere roviniet\u0103 \u0219i peaj prin SMS va fi \u00eentrerupt pentru o or\u0103, \u00een noaptea de mar\u021bi spre miercuri"}]},{"@type":"WebSite","@id":"https:\/\/buletin.de\/bucuresti\/#website","url":"https:\/\/buletin.de\/bucuresti\/","name":"Buletin de Bucure\u0219ti","description":"\u0218tiri \u0219i investiga\u021bii esen\u021biale din capital\u0103","publisher":{"@id":"https:\/\/buletin.de\/bucuresti\/#organization"},"potentialAction":[{"@type":"SearchAction","target":{"@type":"EntryPoint","urlTemplate":"https:\/\/buletin.de\/bucuresti\/?s={search_term_string}"},"query-input":{"@type":"PropertyValueSpecification","valueRequired":true,"valueName":"search_term_string"}}],"inLanguage":"en-GB"},{"@type":"Organization","@id":"https:\/\/buletin.de\/bucuresti\/#organization","name":"Buletin de Bucure\u0219ti","url":"https:\/\/buletin.de\/bucuresti\/","logo":{"@type":"ImageObject","inLanguage":"en-GB","@id":"https:\/\/buletin.de\/bucuresti\/#\/schema\/logo\/image\/","url":"https:\/\/buletin.de\/bucuresti\/wp-content\/uploads\/logo-bdb-full-wide-vernil-transparent.png","contentUrl":"https:\/\/buletin.de\/bucuresti\/wp-content\/uploads\/logo-bdb-full-wide-vernil-transparent.png","width":1782,"height":626,"caption":"Buletin de Bucure\u0219ti"},"image":{"@id":"https:\/\/buletin.de\/bucuresti\/#\/schema\/logo\/image\/"},"sameAs":["https:\/\/www.facebook.com\/buletin.de.buc","https:\/\/www.instagram.com\/buletinde.bucuresti\/"]},{"@type":"Person","@id":"https:\/\/buletin.de\/bucuresti\/#\/schema\/person\/7e46040573290777280a0835d81ea4ea","name":"Diana Matei","image":{"@type":"ImageObject","inLanguage":"en-GB","@id":"https:\/\/buletin.de\/bucuresti\/wp-content\/uploads\/9-2-96x96.jpg1e8590b30871d70e62ebcdaf2eff570c","url":"https:\/\/buletin.de\/bucuresti\/wp-content\/uploads\/9-2-96x96.jpg","contentUrl":"https:\/\/buletin.de\/bucuresti\/wp-content\/uploads\/9-2-96x96.jpg","caption":"Diana Matei"},"url":"https:\/\/buletin.de\/bucuresti\/author\/dianamatei\/"}]}},"authors":[{"term_id":22574,"user_id":49,"is_guest":0,"slug":"dianamatei","display_name":"Diana Matei","avatar_url":"https:\/\/buletin.de\/bucuresti\/wp-content\/uploads\/9-2-96x96.jpg","0":null,"1":"","2":"","3":"","4":"","5":"","6":"","7":"","8":""}],"_links":{"self":[{"href":"https:\/\/buletin.de\/bucuresti\/wp-json\/wp\/v2\/posts\/189748","targetHints":{"allow":["GET"]}}],"collection":[{"href":"https:\/\/buletin.de\/bucuresti\/wp-json\/wp\/v2\/posts"}],"about":[{"href":"https:\/\/buletin.de\/bucuresti\/wp-json\/wp\/v2\/types\/post"}],"author":[{"embeddable":true,"href":"https:\/\/buletin.de\/bucuresti\/wp-json\/wp\/v2\/users\/49"}],"replies":[{"embeddable":true,"href":"https:\/\/buletin.de\/bucuresti\/wp-json\/wp\/v2\/comments?post=189748"}],"version-history":[{"count":5,"href":"https:\/\/buletin.de\/bucuresti\/wp-json\/wp\/v2\/posts\/189748\/revisions"}],"predecessor-version":[{"id":189756,"href":"https:\/\/buletin.de\/bucuresti\/wp-json\/wp\/v2\/posts\/189748\/revisions\/189756"}],"wp:featuredmedia":[{"embeddable":true,"href":"https:\/\/buletin.de\/bucuresti\/wp-json\/wp\/v2\/media\/147017"}],"wp:attachment":[{"href":"https:\/\/buletin.de\/bucuresti\/wp-json\/wp\/v2\/media?parent=189748"}],"wp:term":[{"taxonomy":"category","embeddable":true,"href":"https:\/\/buletin.de\/bucuresti\/wp-json\/wp\/v2\/categories?post=189748"},{"taxonomy":"post_tag","embeddable":true,"href":"https:\/\/buletin.de\/bucuresti\/wp-json\/wp\/v2\/tags?post=189748"},{"taxonomy":"author","embeddable":true,"href":"https:\/\/buletin.de\/bucuresti\/wp-json\/wp\/v2\/ppma_author?post=189748"}],"curies":[{"name":"wp","href":"https:\/\/api.w.org\/{rel}","templated":true}]}}