{"id":189730,"date":"2026-04-28T04:45:00","date_gmt":"2026-04-28T01:45:00","guid":{"rendered":"https:\/\/buletin.de\/bucuresti\/?p=189730"},"modified":"2026-04-27T23:29:38","modified_gmt":"2026-04-27T20:29:38","slug":"aspa-organizeaza-un-nou-targ-de-adoptii-in-parcul-carol-in-primele-zile-ale-lunii-mai","status":"publish","type":"post","link":"https:\/\/buletin.de\/bucuresti\/aspa-organizeaza-un-nou-targ-de-adoptii-in-parcul-carol-in-primele-zile-ale-lunii-mai\/","title":{"rendered":"ASPA organizeaz\u0103 un nou t\u00e2rg de adop\u021bii \u00een Parcul Carol, \u00een primele zile ale lunii mai"},"content":{"rendered":"\n<p><strong>Un nou t\u00e2rg de adop\u021bii va fi organizat de ASPA, s\u00e2mb\u0103t\u0103, pe 9 mai, \u00een Parcul Carol. Evenimentul are loc \u00eentre orele 10:00 &#8211; 16:00.<\/strong><\/p>\n\n\n\n<p>Familiile, care vor pleca acas\u0103 cu un c\u0103\u021bel, vor primi daruri utile pentru animal:<\/p>\n\n\n\n<ul class=\"wp-block-list\">\n<li>pachete cu hran\u0103 \u0219i accesorii;<\/li>\n\n\n\n<li>pachete de cafea;<\/li>\n\n\n\n<li>pachete cu produse necesare unei alimenta\u021bii naturale \u0219i echilibrate;<\/li>\n\n\n\n<li>recompense delicioase pentru c\u00e2ini;<\/li>\n\n\n\n<li>produse de \u00eengrijire \u0219i wellness personalizate pentru adoptatori;<\/li>\n\n\n\n<li>medalioane inteligente cu cod QR;<\/li>\n\n\n\n<li>suport din inox pentru ap\u0103 \u0219i hran\u0103;<\/li>\n\n\n\n<li>voucher 20% reducere la prima consuma\u021bie \u00een restaurant<\/li>\n\n\n\n<li>25% reducere pentru tab\u0103ra de socializare pentru c\u0103\u021bei.<\/li>\n<\/ul>\n\n\n\n<p><strong>CITE\u0218TE \u0218I:<\/strong> <a href=\"https:\/\/buletin.de\/bucuresti\/amenzi-de-peste-17-000-de-euro-dupa-meciul-de-fotbal-dinamo-rapid-suporterii-dinamovisti-au-afisat-mesaje-rasiste\/\"><strong>Amenzi de peste 17.000 de euro, dup\u0103 meciul de fotbal Dinamo-Rapid. Suporterii dinamovi\u0219ti au afi\u0219at mesaje rasiste<\/strong><\/a><\/p>\n\n\n\n<h2 class=\"wp-block-heading\" id=\"h-primul-centru-public-de-adop\u021bii-pentru-ca\u021bei-a-fost-deschis-in-ilfov\">Primul centru public de adop\u021bii pentru c\u0103\u021bei a fost deschis \u00een Ilfov<\/h2>\n\n\n\n<p><strong>\u00cen Jude\u021bul Ilfov, mai exact \u00een M\u0103gurele, pe strada Eclipsei nr. 7, a fost deschis primul centru public de adop\u021bii de c\u0103\u021bei. Amplasamentul poate primi p\u00e2n\u0103 la 250 de animale.<\/strong><\/p>\n\n\n\n<p>\u00cen acest centru public de adop\u021bii, vor fi adu\u0219i c\u00e2ini de pe strad\u0103, vor fi salva\u021bi, apoi vor fi da\u021bi spre adop\u021bie. \u00cen acest fel, sus\u021bin reprezentan\u021bii centrului, nu vor mai exista hingheri, \u00een Ilfov.&nbsp;<\/p>\n\n\n\n<figure class=\"wp-block-gallery has-nested-images columns-default is-cropped wp-block-gallery-1 is-layout-flex wp-block-gallery-is-layout-flex\">\n<figure class=\"wp-block-image size-large\"><img fetchpriority=\"high\" decoding=\"async\" width=\"600\" height=\"800\" data-id=\"189739\" src=\"data:image\/gif;base64,R0lGODlhAQABAAAAACH5BAEKAAEALAAAAAABAAEAAAICTAEAOw==\" data-src=\"https:\/\/buletin.de\/bucuresti\/wp-content\/uploads\/2026\/04\/672911355_122101580840735293_7464155758693240922_n-600x800-1.jpg\" alt=\"\" class=\"wp-image-189739 lazyload\" data-sizes=\"auto\" data-srcset=\"https:\/\/buletin.de\/bucuresti\/wp-content\/uploads\/2026\/04\/672911355_122101580840735293_7464155758693240922_n-600x800-1.jpg 600w, https:\/\/buletin.de\/bucuresti\/wp-content\/uploads\/2026\/04\/672911355_122101580840735293_7464155758693240922_n-600x800-1-225x300.jpg 225w, https:\/\/buletin.de\/bucuresti\/wp-content\/uploads\/2026\/04\/672911355_122101580840735293_7464155758693240922_n-600x800-1-20x27.jpg 20w\" sizes=\"(max-width: 600px) 100vw, 600px\" \/><\/figure>\n\n\n\n<figure class=\"wp-block-image size-large\"><img decoding=\"async\" width=\"1000\" height=\"667\" data-id=\"189740\" src=\"data:image\/gif;base64,R0lGODlhAQABAAAAACH5BAEKAAEALAAAAAABAAEAAAICTAEAOw==\" data-src=\"https:\/\/buletin.de\/bucuresti\/wp-content\/uploads\/2026\/04\/672684310_122101580522735293_7025773044885289293_n-1536x1025-1-1000x667.jpg\" alt=\"\" class=\"wp-image-189740 lazyload\" data-sizes=\"auto\" data-srcset=\"https:\/\/buletin.de\/bucuresti\/wp-content\/uploads\/2026\/04\/672684310_122101580522735293_7025773044885289293_n-1536x1025-1-1000x667.jpg 1000w, https:\/\/buletin.de\/bucuresti\/wp-content\/uploads\/2026\/04\/672684310_122101580522735293_7025773044885289293_n-1536x1025-1-300x200.jpg 300w, https:\/\/buletin.de\/bucuresti\/wp-content\/uploads\/2026\/04\/672684310_122101580522735293_7025773044885289293_n-1536x1025-1-768x513.jpg 768w, https:\/\/buletin.de\/bucuresti\/wp-content\/uploads\/2026\/04\/672684310_122101580522735293_7025773044885289293_n-1536x1025-1-1100x734.jpg 1100w, https:\/\/buletin.de\/bucuresti\/wp-content\/uploads\/2026\/04\/672684310_122101580522735293_7025773044885289293_n-1536x1025-1-600x400.jpg 600w, https:\/\/buletin.de\/bucuresti\/wp-content\/uploads\/2026\/04\/672684310_122101580522735293_7025773044885289293_n-1536x1025-1-20x13.jpg 20w, https:\/\/buletin.de\/bucuresti\/wp-content\/uploads\/2026\/04\/672684310_122101580522735293_7025773044885289293_n-1536x1025-1.jpg 1536w\" sizes=\"(max-width: 1000px) 100vw, 1000px\" \/><\/figure>\n\n\n\n<figure class=\"wp-block-image size-large\"><img decoding=\"async\" width=\"750\" height=\"1000\" data-id=\"189742\" src=\"data:image\/gif;base64,R0lGODlhAQABAAAAACH5BAEKAAEALAAAAAABAAEAAAICTAEAOw==\" data-src=\"https:\/\/buletin.de\/bucuresti\/wp-content\/uploads\/2026\/04\/674432250_122101580702735293_7636717245525108727_n-1-750x1000.jpg\" alt=\"\" class=\"wp-image-189742 lazyload\" data-sizes=\"auto\" data-srcset=\"https:\/\/buletin.de\/bucuresti\/wp-content\/uploads\/2026\/04\/674432250_122101580702735293_7636717245525108727_n-1-750x1000.jpg 750w, https:\/\/buletin.de\/bucuresti\/wp-content\/uploads\/2026\/04\/674432250_122101580702735293_7636717245525108727_n-1-225x300.jpg 225w, https:\/\/buletin.de\/bucuresti\/wp-content\/uploads\/2026\/04\/674432250_122101580702735293_7636717245525108727_n-1-768x1024.jpg 768w, https:\/\/buletin.de\/bucuresti\/wp-content\/uploads\/2026\/04\/674432250_122101580702735293_7636717245525108727_n-1-1152x1536.jpg 1152w, https:\/\/buletin.de\/bucuresti\/wp-content\/uploads\/2026\/04\/674432250_122101580702735293_7636717245525108727_n-1-1100x1467.jpg 1100w, https:\/\/buletin.de\/bucuresti\/wp-content\/uploads\/2026\/04\/674432250_122101580702735293_7636717245525108727_n-1-600x800.jpg 600w, https:\/\/buletin.de\/bucuresti\/wp-content\/uploads\/2026\/04\/674432250_122101580702735293_7636717245525108727_n-1-20x27.jpg 20w, https:\/\/buletin.de\/bucuresti\/wp-content\/uploads\/2026\/04\/674432250_122101580702735293_7636717245525108727_n-1.jpg 1536w\" sizes=\"(max-width: 750px) 100vw, 750px\" \/><\/figure>\n\n\n\n<figure class=\"wp-block-image size-large\"><img loading=\"lazy\" decoding=\"async\" width=\"750\" height=\"1000\" data-id=\"189741\" src=\"data:image\/gif;base64,R0lGODlhAQABAAAAACH5BAEKAAEALAAAAAABAAEAAAICTAEAOw==\" data-src=\"https:\/\/buletin.de\/bucuresti\/wp-content\/uploads\/2026\/04\/672684728_122101580642735293_9130550313117375994_n-1-750x1000.jpg\" alt=\"\" class=\"wp-image-189741 lazyload\" data-sizes=\"auto\" data-srcset=\"https:\/\/buletin.de\/bucuresti\/wp-content\/uploads\/2026\/04\/672684728_122101580642735293_9130550313117375994_n-1-750x1000.jpg 750w, https:\/\/buletin.de\/bucuresti\/wp-content\/uploads\/2026\/04\/672684728_122101580642735293_9130550313117375994_n-1-225x300.jpg 225w, https:\/\/buletin.de\/bucuresti\/wp-content\/uploads\/2026\/04\/672684728_122101580642735293_9130550313117375994_n-1-768x1024.jpg 768w, https:\/\/buletin.de\/bucuresti\/wp-content\/uploads\/2026\/04\/672684728_122101580642735293_9130550313117375994_n-1-1152x1536.jpg 1152w, https:\/\/buletin.de\/bucuresti\/wp-content\/uploads\/2026\/04\/672684728_122101580642735293_9130550313117375994_n-1-1100x1467.jpg 1100w, https:\/\/buletin.de\/bucuresti\/wp-content\/uploads\/2026\/04\/672684728_122101580642735293_9130550313117375994_n-1-600x800.jpg 600w, https:\/\/buletin.de\/bucuresti\/wp-content\/uploads\/2026\/04\/672684728_122101580642735293_9130550313117375994_n-1-20x27.jpg 20w, https:\/\/buletin.de\/bucuresti\/wp-content\/uploads\/2026\/04\/672684728_122101580642735293_9130550313117375994_n-1.jpg 1536w\" sizes=\"(max-width: 750px) 100vw, 750px\" \/><\/figure>\n<figcaption class=\"blocks-gallery-caption wp-element-caption\">FOTO: Centrul de Adop\u021bii Ilfov<\/figcaption><\/figure>\n\n\n\n<p>Prim\u0103riile vor achita, conform legii, cazarea \u0219i hrana c\u00e2inilor pentru 14 zile. Apoi, centrul \u00ee\u0219i va asuma complet c\u00e2inii. De asemenea, vor avea loc \u0219i campanii de sterilizare gratuite \u0219i campanii de promovare a adop\u021biilor.<\/p>\n\n\n\n<p>Solu\u021biile r\u0103m\u00e2n \u00een continuare sterilizarea \u00een mas\u0103, prevenirea abandonului prin microcipare in mas\u0103, adop\u021biile responsabile, educa\u021bia \u00een \u0219coli, informarea \u0219i controalele.<\/p>\n\n\n\n<p>Activitatea efectiv\u0103 a centrului va \u00eencepe pe m\u0103sur\u0103 ce vor fi semnate protocoalele de colaborare cu prim\u0103riile. \u00cen prezent, exist\u0103 propuneri legislative care s\u0103 interzic\u0103 eutanasierea c\u00e2inilor, cu excep\u021bia animalelor care sufer\u0103 de boli incurabile sau care sunt deosebit de grav r\u0103nite.<\/p>\n\n\n\n<p><strong>CITE\u0218TE \u0218I:<\/strong> <a href=\"https:\/\/buletin.de\/bucuresti\/doua-noi-locuri-de-joaca-au-fost-redeschise-in-sectorul-5-dupa-lucrari-de-reamenajare\/\"><strong>Dou\u0103 noi locuri de joac\u0103 au fost redeschise \u00een Sectorul 5, dup\u0103 lucr\u0103ri de reamenajare<\/strong><\/a><\/p>\n","protected":false},"excerpt":{"rendered":"<p>Un nou t\u00e2rg de adop\u021bii va fi organizat de ASPA, s\u00e2mb\u0103t\u0103, pe 9 mai, \u00een Parcul Carol. Evenimentul are loc \u00eentre orele 10:00 &#8211; 16:00. Familiile, care vor pleca acas\u0103 cu un c\u0103\u021bel, vor primi daruri utile pentru animal: CITE\u0218TE \u0218I: Amenzi de peste 17.000 de euro, dup\u0103 meciul de fotbal Dinamo-Rapid. Suporterii dinamovi\u0219ti au [&hellip;]<\/p>\n","protected":false},"author":49,"featured_media":189743,"comment_status":"closed","ping_status":"open","sticky":false,"template":"","format":"standard","meta":{"_acf_changed":false,"inline_featured_image":false,"ngg_post_thumbnail":0,"footnotes":""},"categories":[6994,1,62],"tags":[3229,4426,23602],"ppma_author":[22574],"class_list":["post-189730","post","type-post","status-publish","format-standard","has-post-thumbnail","hentry","category-stiri-2","category-diverse","category-stiri","tag-aspa","tag-parcul-carol","tag-targ-de-adoptii-catei"],"acf":[],"yoast_head":"<!-- This site is optimized with the Yoast SEO Premium plugin v25.3 (Yoast SEO v27.4) - https:\/\/yoast.com\/product\/yoast-seo-premium-wordpress\/ -->\n<title>ASPA organizeaz\u0103 un nou t\u00e2rg de adop\u021bii \u00een Parcul Carol, \u00een primele zile ale lunii mai - Buletin de Bucure\u0219ti<\/title>\n<meta name=\"description\" content=\"Un nou t\u00e2rg de adop\u021bii va fi organizat de ASPA, s\u00e2mb\u0103t\u0103, pe 9 mai, \u00een Parcul Carol. Evenimentul are loc \u00eentre orele 10:00 - 16:00.\" \/>\n<meta name=\"robots\" content=\"index, follow, max-snippet:-1, max-image-preview:large, max-video-preview:-1\" \/>\n<link rel=\"canonical\" href=\"https:\/\/buletin.de\/bucuresti\/aspa-organizeaza-un-nou-targ-de-adoptii-in-parcul-carol-in-primele-zile-ale-lunii-mai\/\" \/>\n<meta property=\"og:locale\" content=\"en_GB\" \/>\n<meta property=\"og:type\" content=\"article\" \/>\n<meta property=\"og:title\" content=\"ASPA organizeaz\u0103 un nou t\u00e2rg de adop\u021bii \u00een Parcul Carol, \u00een primele zile ale lunii mai\" \/>\n<meta property=\"og:description\" content=\"Un nou t\u00e2rg de adop\u021bii va fi organizat de ASPA, s\u00e2mb\u0103t\u0103, pe 9 mai, \u00een Parcul Carol. Evenimentul are loc \u00eentre orele 10:00 - 16:00.\" \/>\n<meta property=\"og:url\" content=\"https:\/\/buletin.de\/bucuresti\/aspa-organizeaza-un-nou-targ-de-adoptii-in-parcul-carol-in-primele-zile-ale-lunii-mai\/\" \/>\n<meta property=\"og:site_name\" content=\"Buletin de Bucure\u0219ti\" \/>\n<meta property=\"article:publisher\" content=\"https:\/\/www.facebook.com\/buletin.de.buc\" \/>\n<meta property=\"article:published_time\" content=\"2026-04-28T01:45:00+00:00\" \/>\n<meta property=\"og:image\" content=\"https:\/\/buletin.de\/bucuresti\/wp-content\/uploads\/2026\/04\/681192733_1306545198297281_6139379131660516377_n-1.jpg\" \/>\n\t<meta property=\"og:image:width\" content=\"1536\" \/>\n\t<meta property=\"og:image:height\" content=\"1536\" \/>\n\t<meta property=\"og:image:type\" content=\"image\/jpeg\" \/>\n<meta name=\"author\" content=\"Diana Matei\" \/>\n<meta name=\"twitter:card\" content=\"summary_large_image\" \/>\n<meta name=\"twitter:label1\" content=\"Written by\" \/>\n\t<meta name=\"twitter:data1\" content=\"Diana Matei\" \/>\n\t<meta name=\"twitter:label2\" content=\"Estimated reading time\" \/>\n\t<meta name=\"twitter:data2\" content=\"3 minutes\" \/>\n<script type=\"application\/ld+json\" class=\"yoast-schema-graph\">{\"@context\":\"https:\\\/\\\/schema.org\",\"@graph\":[{\"@type\":\"Article\",\"@id\":\"https:\\\/\\\/buletin.de\\\/bucuresti\\\/aspa-organizeaza-un-nou-targ-de-adoptii-in-parcul-carol-in-primele-zile-ale-lunii-mai\\\/#article\",\"isPartOf\":{\"@id\":\"https:\\\/\\\/buletin.de\\\/bucuresti\\\/aspa-organizeaza-un-nou-targ-de-adoptii-in-parcul-carol-in-primele-zile-ale-lunii-mai\\\/\"},\"author\":{\"name\":\"Diana Matei\",\"@id\":\"https:\\\/\\\/buletin.de\\\/bucuresti\\\/#\\\/schema\\\/person\\\/7e46040573290777280a0835d81ea4ea\"},\"headline\":\"ASPA organizeaz\u0103 un nou t\u00e2rg de adop\u021bii \u00een Parcul Carol, \u00een primele zile ale lunii mai\",\"datePublished\":\"2026-04-28T01:45:00+00:00\",\"mainEntityOfPage\":{\"@id\":\"https:\\\/\\\/buletin.de\\\/bucuresti\\\/aspa-organizeaza-un-nou-targ-de-adoptii-in-parcul-carol-in-primele-zile-ale-lunii-mai\\\/\"},\"wordCount\":366,\"publisher\":{\"@id\":\"https:\\\/\\\/buletin.de\\\/bucuresti\\\/#organization\"},\"image\":{\"@id\":\"https:\\\/\\\/buletin.de\\\/bucuresti\\\/aspa-organizeaza-un-nou-targ-de-adoptii-in-parcul-carol-in-primele-zile-ale-lunii-mai\\\/#primaryimage\"},\"thumbnailUrl\":\"https:\\\/\\\/buletin.de\\\/bucuresti\\\/wp-content\\\/uploads\\\/2026\\\/04\\\/681192733_1306545198297281_6139379131660516377_n-1.jpg\",\"keywords\":[\"aspa\",\"parcul carol\",\"targ de adoptii catei\"],\"articleSection\":[\"Articole\",\"Diverse\",\"\u0218tiri\"],\"inLanguage\":\"en-GB\",\"copyrightYear\":\"2026\",\"copyrightHolder\":{\"@id\":\"https:\\\/\\\/buletin.de\\\/bucuresti\\\/#organization\"}},{\"@type\":\"WebPage\",\"@id\":\"https:\\\/\\\/buletin.de\\\/bucuresti\\\/aspa-organizeaza-un-nou-targ-de-adoptii-in-parcul-carol-in-primele-zile-ale-lunii-mai\\\/\",\"url\":\"https:\\\/\\\/buletin.de\\\/bucuresti\\\/aspa-organizeaza-un-nou-targ-de-adoptii-in-parcul-carol-in-primele-zile-ale-lunii-mai\\\/\",\"name\":\"ASPA organizeaz\u0103 un nou t\u00e2rg de adop\u021bii \u00een Parcul Carol, \u00een primele zile ale lunii mai - Buletin de Bucure\u0219ti\",\"isPartOf\":{\"@id\":\"https:\\\/\\\/buletin.de\\\/bucuresti\\\/#website\"},\"primaryImageOfPage\":{\"@id\":\"https:\\\/\\\/buletin.de\\\/bucuresti\\\/aspa-organizeaza-un-nou-targ-de-adoptii-in-parcul-carol-in-primele-zile-ale-lunii-mai\\\/#primaryimage\"},\"image\":{\"@id\":\"https:\\\/\\\/buletin.de\\\/bucuresti\\\/aspa-organizeaza-un-nou-targ-de-adoptii-in-parcul-carol-in-primele-zile-ale-lunii-mai\\\/#primaryimage\"},\"thumbnailUrl\":\"https:\\\/\\\/buletin.de\\\/bucuresti\\\/wp-content\\\/uploads\\\/2026\\\/04\\\/681192733_1306545198297281_6139379131660516377_n-1.jpg\",\"datePublished\":\"2026-04-28T01:45:00+00:00\",\"description\":\"Un nou t\u00e2rg de adop\u021bii va fi organizat de ASPA, s\u00e2mb\u0103t\u0103, pe 9 mai, \u00een Parcul Carol. Evenimentul are loc \u00eentre orele 10:00 - 16:00.\",\"breadcrumb\":{\"@id\":\"https:\\\/\\\/buletin.de\\\/bucuresti\\\/aspa-organizeaza-un-nou-targ-de-adoptii-in-parcul-carol-in-primele-zile-ale-lunii-mai\\\/#breadcrumb\"},\"inLanguage\":\"en-GB\",\"potentialAction\":[{\"@type\":\"ReadAction\",\"target\":[\"https:\\\/\\\/buletin.de\\\/bucuresti\\\/aspa-organizeaza-un-nou-targ-de-adoptii-in-parcul-carol-in-primele-zile-ale-lunii-mai\\\/\"]}]},{\"@type\":\"ImageObject\",\"inLanguage\":\"en-GB\",\"@id\":\"https:\\\/\\\/buletin.de\\\/bucuresti\\\/aspa-organizeaza-un-nou-targ-de-adoptii-in-parcul-carol-in-primele-zile-ale-lunii-mai\\\/#primaryimage\",\"url\":\"https:\\\/\\\/buletin.de\\\/bucuresti\\\/wp-content\\\/uploads\\\/2026\\\/04\\\/681192733_1306545198297281_6139379131660516377_n-1.jpg\",\"contentUrl\":\"https:\\\/\\\/buletin.de\\\/bucuresti\\\/wp-content\\\/uploads\\\/2026\\\/04\\\/681192733_1306545198297281_6139379131660516377_n-1.jpg\",\"width\":1536,\"height\":1536,\"caption\":\"ASPA organizeaz\u0103 un nou trag de adop\u021bii \u00een Parcul Carol, \u00een primele zile ale lunii mai. FOTO: ASPA\"},{\"@type\":\"BreadcrumbList\",\"@id\":\"https:\\\/\\\/buletin.de\\\/bucuresti\\\/aspa-organizeaza-un-nou-targ-de-adoptii-in-parcul-carol-in-primele-zile-ale-lunii-mai\\\/#breadcrumb\",\"itemListElement\":[{\"@type\":\"ListItem\",\"position\":1,\"name\":\"Acas\u0103\",\"item\":\"https:\\\/\\\/buletin.de\\\/bucuresti\\\/\"},{\"@type\":\"ListItem\",\"position\":2,\"name\":\"ASPA organizeaz\u0103 un nou t\u00e2rg de adop\u021bii \u00een Parcul Carol, \u00een primele zile ale lunii mai\"}]},{\"@type\":\"WebSite\",\"@id\":\"https:\\\/\\\/buletin.de\\\/bucuresti\\\/#website\",\"url\":\"https:\\\/\\\/buletin.de\\\/bucuresti\\\/\",\"name\":\"Buletin de Bucure\u0219ti\",\"description\":\"\u0218tiri \u0219i investiga\u021bii esen\u021biale din capital\u0103\",\"publisher\":{\"@id\":\"https:\\\/\\\/buletin.de\\\/bucuresti\\\/#organization\"},\"potentialAction\":[{\"@type\":\"SearchAction\",\"target\":{\"@type\":\"EntryPoint\",\"urlTemplate\":\"https:\\\/\\\/buletin.de\\\/bucuresti\\\/?s={search_term_string}\"},\"query-input\":{\"@type\":\"PropertyValueSpecification\",\"valueRequired\":true,\"valueName\":\"search_term_string\"}}],\"inLanguage\":\"en-GB\"},{\"@type\":\"Organization\",\"@id\":\"https:\\\/\\\/buletin.de\\\/bucuresti\\\/#organization\",\"name\":\"Buletin de Bucure\u0219ti\",\"url\":\"https:\\\/\\\/buletin.de\\\/bucuresti\\\/\",\"logo\":{\"@type\":\"ImageObject\",\"inLanguage\":\"en-GB\",\"@id\":\"https:\\\/\\\/buletin.de\\\/bucuresti\\\/#\\\/schema\\\/logo\\\/image\\\/\",\"url\":\"https:\\\/\\\/buletin.de\\\/bucuresti\\\/wp-content\\\/uploads\\\/logo-bdb-full-wide-vernil-transparent.png\",\"contentUrl\":\"https:\\\/\\\/buletin.de\\\/bucuresti\\\/wp-content\\\/uploads\\\/logo-bdb-full-wide-vernil-transparent.png\",\"width\":1782,\"height\":626,\"caption\":\"Buletin de Bucure\u0219ti\"},\"image\":{\"@id\":\"https:\\\/\\\/buletin.de\\\/bucuresti\\\/#\\\/schema\\\/logo\\\/image\\\/\"},\"sameAs\":[\"https:\\\/\\\/www.facebook.com\\\/buletin.de.buc\",\"https:\\\/\\\/www.instagram.com\\\/buletinde.bucuresti\\\/\"]},{\"@type\":\"Person\",\"@id\":\"https:\\\/\\\/buletin.de\\\/bucuresti\\\/#\\\/schema\\\/person\\\/7e46040573290777280a0835d81ea4ea\",\"name\":\"Diana Matei\",\"image\":{\"@type\":\"ImageObject\",\"inLanguage\":\"en-GB\",\"@id\":\"https:\\\/\\\/buletin.de\\\/bucuresti\\\/wp-content\\\/uploads\\\/9-2-96x96.jpg1e8590b30871d70e62ebcdaf2eff570c\",\"url\":\"https:\\\/\\\/buletin.de\\\/bucuresti\\\/wp-content\\\/uploads\\\/9-2-96x96.jpg\",\"contentUrl\":\"https:\\\/\\\/buletin.de\\\/bucuresti\\\/wp-content\\\/uploads\\\/9-2-96x96.jpg\",\"caption\":\"Diana Matei\"},\"url\":\"https:\\\/\\\/buletin.de\\\/bucuresti\\\/author\\\/dianamatei\\\/\"}]}<\/script>\n<!-- \/ Yoast SEO Premium plugin. -->","yoast_head_json":{"title":"ASPA organizeaz\u0103 un nou t\u00e2rg de adop\u021bii \u00een Parcul Carol, \u00een primele zile ale lunii mai - Buletin de Bucure\u0219ti","description":"Un nou t\u00e2rg de adop\u021bii va fi organizat de ASPA, s\u00e2mb\u0103t\u0103, pe 9 mai, \u00een Parcul Carol. Evenimentul are loc \u00eentre orele 10:00 - 16:00.","robots":{"index":"index","follow":"follow","max-snippet":"max-snippet:-1","max-image-preview":"max-image-preview:large","max-video-preview":"max-video-preview:-1"},"canonical":"https:\/\/buletin.de\/bucuresti\/aspa-organizeaza-un-nou-targ-de-adoptii-in-parcul-carol-in-primele-zile-ale-lunii-mai\/","og_locale":"en_GB","og_type":"article","og_title":"ASPA organizeaz\u0103 un nou t\u00e2rg de adop\u021bii \u00een Parcul Carol, \u00een primele zile ale lunii mai","og_description":"Un nou t\u00e2rg de adop\u021bii va fi organizat de ASPA, s\u00e2mb\u0103t\u0103, pe 9 mai, \u00een Parcul Carol. Evenimentul are loc \u00eentre orele 10:00 - 16:00.","og_url":"https:\/\/buletin.de\/bucuresti\/aspa-organizeaza-un-nou-targ-de-adoptii-in-parcul-carol-in-primele-zile-ale-lunii-mai\/","og_site_name":"Buletin de Bucure\u0219ti","article_publisher":"https:\/\/www.facebook.com\/buletin.de.buc","article_published_time":"2026-04-28T01:45:00+00:00","og_image":[{"width":1536,"height":1536,"url":"https:\/\/buletin.de\/bucuresti\/wp-content\/uploads\/2026\/04\/681192733_1306545198297281_6139379131660516377_n-1.jpg","type":"image\/jpeg"}],"author":"Diana Matei","twitter_card":"summary_large_image","twitter_misc":{"Written by":"Diana Matei","Estimated reading time":"3 minutes"},"schema":{"@context":"https:\/\/schema.org","@graph":[{"@type":"Article","@id":"https:\/\/buletin.de\/bucuresti\/aspa-organizeaza-un-nou-targ-de-adoptii-in-parcul-carol-in-primele-zile-ale-lunii-mai\/#article","isPartOf":{"@id":"https:\/\/buletin.de\/bucuresti\/aspa-organizeaza-un-nou-targ-de-adoptii-in-parcul-carol-in-primele-zile-ale-lunii-mai\/"},"author":{"name":"Diana Matei","@id":"https:\/\/buletin.de\/bucuresti\/#\/schema\/person\/7e46040573290777280a0835d81ea4ea"},"headline":"ASPA organizeaz\u0103 un nou t\u00e2rg de adop\u021bii \u00een Parcul Carol, \u00een primele zile ale lunii mai","datePublished":"2026-04-28T01:45:00+00:00","mainEntityOfPage":{"@id":"https:\/\/buletin.de\/bucuresti\/aspa-organizeaza-un-nou-targ-de-adoptii-in-parcul-carol-in-primele-zile-ale-lunii-mai\/"},"wordCount":366,"publisher":{"@id":"https:\/\/buletin.de\/bucuresti\/#organization"},"image":{"@id":"https:\/\/buletin.de\/bucuresti\/aspa-organizeaza-un-nou-targ-de-adoptii-in-parcul-carol-in-primele-zile-ale-lunii-mai\/#primaryimage"},"thumbnailUrl":"https:\/\/buletin.de\/bucuresti\/wp-content\/uploads\/2026\/04\/681192733_1306545198297281_6139379131660516377_n-1.jpg","keywords":["aspa","parcul carol","targ de adoptii catei"],"articleSection":["Articole","Diverse","\u0218tiri"],"inLanguage":"en-GB","copyrightYear":"2026","copyrightHolder":{"@id":"https:\/\/buletin.de\/bucuresti\/#organization"}},{"@type":"WebPage","@id":"https:\/\/buletin.de\/bucuresti\/aspa-organizeaza-un-nou-targ-de-adoptii-in-parcul-carol-in-primele-zile-ale-lunii-mai\/","url":"https:\/\/buletin.de\/bucuresti\/aspa-organizeaza-un-nou-targ-de-adoptii-in-parcul-carol-in-primele-zile-ale-lunii-mai\/","name":"ASPA organizeaz\u0103 un nou t\u00e2rg de adop\u021bii \u00een Parcul Carol, \u00een primele zile ale lunii mai - Buletin de Bucure\u0219ti","isPartOf":{"@id":"https:\/\/buletin.de\/bucuresti\/#website"},"primaryImageOfPage":{"@id":"https:\/\/buletin.de\/bucuresti\/aspa-organizeaza-un-nou-targ-de-adoptii-in-parcul-carol-in-primele-zile-ale-lunii-mai\/#primaryimage"},"image":{"@id":"https:\/\/buletin.de\/bucuresti\/aspa-organizeaza-un-nou-targ-de-adoptii-in-parcul-carol-in-primele-zile-ale-lunii-mai\/#primaryimage"},"thumbnailUrl":"https:\/\/buletin.de\/bucuresti\/wp-content\/uploads\/2026\/04\/681192733_1306545198297281_6139379131660516377_n-1.jpg","datePublished":"2026-04-28T01:45:00+00:00","description":"Un nou t\u00e2rg de adop\u021bii va fi organizat de ASPA, s\u00e2mb\u0103t\u0103, pe 9 mai, \u00een Parcul Carol. Evenimentul are loc \u00eentre orele 10:00 - 16:00.","breadcrumb":{"@id":"https:\/\/buletin.de\/bucuresti\/aspa-organizeaza-un-nou-targ-de-adoptii-in-parcul-carol-in-primele-zile-ale-lunii-mai\/#breadcrumb"},"inLanguage":"en-GB","potentialAction":[{"@type":"ReadAction","target":["https:\/\/buletin.de\/bucuresti\/aspa-organizeaza-un-nou-targ-de-adoptii-in-parcul-carol-in-primele-zile-ale-lunii-mai\/"]}]},{"@type":"ImageObject","inLanguage":"en-GB","@id":"https:\/\/buletin.de\/bucuresti\/aspa-organizeaza-un-nou-targ-de-adoptii-in-parcul-carol-in-primele-zile-ale-lunii-mai\/#primaryimage","url":"https:\/\/buletin.de\/bucuresti\/wp-content\/uploads\/2026\/04\/681192733_1306545198297281_6139379131660516377_n-1.jpg","contentUrl":"https:\/\/buletin.de\/bucuresti\/wp-content\/uploads\/2026\/04\/681192733_1306545198297281_6139379131660516377_n-1.jpg","width":1536,"height":1536,"caption":"ASPA organizeaz\u0103 un nou trag de adop\u021bii \u00een Parcul Carol, \u00een primele zile ale lunii mai. FOTO: ASPA"},{"@type":"BreadcrumbList","@id":"https:\/\/buletin.de\/bucuresti\/aspa-organizeaza-un-nou-targ-de-adoptii-in-parcul-carol-in-primele-zile-ale-lunii-mai\/#breadcrumb","itemListElement":[{"@type":"ListItem","position":1,"name":"Acas\u0103","item":"https:\/\/buletin.de\/bucuresti\/"},{"@type":"ListItem","position":2,"name":"ASPA organizeaz\u0103 un nou t\u00e2rg de adop\u021bii \u00een Parcul Carol, \u00een primele zile ale lunii mai"}]},{"@type":"WebSite","@id":"https:\/\/buletin.de\/bucuresti\/#website","url":"https:\/\/buletin.de\/bucuresti\/","name":"Buletin de Bucure\u0219ti","description":"\u0218tiri \u0219i investiga\u021bii esen\u021biale din capital\u0103","publisher":{"@id":"https:\/\/buletin.de\/bucuresti\/#organization"},"potentialAction":[{"@type":"SearchAction","target":{"@type":"EntryPoint","urlTemplate":"https:\/\/buletin.de\/bucuresti\/?s={search_term_string}"},"query-input":{"@type":"PropertyValueSpecification","valueRequired":true,"valueName":"search_term_string"}}],"inLanguage":"en-GB"},{"@type":"Organization","@id":"https:\/\/buletin.de\/bucuresti\/#organization","name":"Buletin de Bucure\u0219ti","url":"https:\/\/buletin.de\/bucuresti\/","logo":{"@type":"ImageObject","inLanguage":"en-GB","@id":"https:\/\/buletin.de\/bucuresti\/#\/schema\/logo\/image\/","url":"https:\/\/buletin.de\/bucuresti\/wp-content\/uploads\/logo-bdb-full-wide-vernil-transparent.png","contentUrl":"https:\/\/buletin.de\/bucuresti\/wp-content\/uploads\/logo-bdb-full-wide-vernil-transparent.png","width":1782,"height":626,"caption":"Buletin de Bucure\u0219ti"},"image":{"@id":"https:\/\/buletin.de\/bucuresti\/#\/schema\/logo\/image\/"},"sameAs":["https:\/\/www.facebook.com\/buletin.de.buc","https:\/\/www.instagram.com\/buletinde.bucuresti\/"]},{"@type":"Person","@id":"https:\/\/buletin.de\/bucuresti\/#\/schema\/person\/7e46040573290777280a0835d81ea4ea","name":"Diana Matei","image":{"@type":"ImageObject","inLanguage":"en-GB","@id":"https:\/\/buletin.de\/bucuresti\/wp-content\/uploads\/9-2-96x96.jpg1e8590b30871d70e62ebcdaf2eff570c","url":"https:\/\/buletin.de\/bucuresti\/wp-content\/uploads\/9-2-96x96.jpg","contentUrl":"https:\/\/buletin.de\/bucuresti\/wp-content\/uploads\/9-2-96x96.jpg","caption":"Diana Matei"},"url":"https:\/\/buletin.de\/bucuresti\/author\/dianamatei\/"}]}},"authors":[{"term_id":22574,"user_id":49,"is_guest":0,"slug":"dianamatei","display_name":"Diana Matei","avatar_url":"https:\/\/buletin.de\/bucuresti\/wp-content\/uploads\/9-2-96x96.jpg","0":null,"1":"","2":"","3":"","4":"","5":"","6":"","7":"","8":""}],"_links":{"self":[{"href":"https:\/\/buletin.de\/bucuresti\/wp-json\/wp\/v2\/posts\/189730","targetHints":{"allow":["GET"]}}],"collection":[{"href":"https:\/\/buletin.de\/bucuresti\/wp-json\/wp\/v2\/posts"}],"about":[{"href":"https:\/\/buletin.de\/bucuresti\/wp-json\/wp\/v2\/types\/post"}],"author":[{"embeddable":true,"href":"https:\/\/buletin.de\/bucuresti\/wp-json\/wp\/v2\/users\/49"}],"replies":[{"embeddable":true,"href":"https:\/\/buletin.de\/bucuresti\/wp-json\/wp\/v2\/comments?post=189730"}],"version-history":[{"count":4,"href":"https:\/\/buletin.de\/bucuresti\/wp-json\/wp\/v2\/posts\/189730\/revisions"}],"predecessor-version":[{"id":189746,"href":"https:\/\/buletin.de\/bucuresti\/wp-json\/wp\/v2\/posts\/189730\/revisions\/189746"}],"wp:featuredmedia":[{"embeddable":true,"href":"https:\/\/buletin.de\/bucuresti\/wp-json\/wp\/v2\/media\/189743"}],"wp:attachment":[{"href":"https:\/\/buletin.de\/bucuresti\/wp-json\/wp\/v2\/media?parent=189730"}],"wp:term":[{"taxonomy":"category","embeddable":true,"href":"https:\/\/buletin.de\/bucuresti\/wp-json\/wp\/v2\/categories?post=189730"},{"taxonomy":"post_tag","embeddable":true,"href":"https:\/\/buletin.de\/bucuresti\/wp-json\/wp\/v2\/tags?post=189730"},{"taxonomy":"author","embeddable":true,"href":"https:\/\/buletin.de\/bucuresti\/wp-json\/wp\/v2\/ppma_author?post=189730"}],"curies":[{"name":"wp","href":"https:\/\/api.w.org\/{rel}","templated":true}]}}