{"id":189644,"date":"2026-04-28T05:00:00","date_gmt":"2026-04-28T02:00:00","guid":{"rendered":"https:\/\/buletin.de\/bucuresti\/?p=189644"},"modified":"2026-04-27T21:31:17","modified_gmt":"2026-04-27T18:31:17","slug":"modificari-importante-la-regulamentul-de-parcare-din-sectorul-4-se-elimina-mai-multe-restrictii-taxa-de-dezvoltare-urbana-ramane-valabila-optional","status":"publish","type":"post","link":"https:\/\/buletin.de\/bucuresti\/modificari-importante-la-regulamentul-de-parcare-din-sectorul-4-se-elimina-mai-multe-restrictii-taxa-de-dezvoltare-urbana-ramane-valabila-optional\/","title":{"rendered":"Modific\u0103ri importante la regulamentul de parcare din Sectorul 4: se elimin\u0103 mai multe restric\u021bii. Taxa de dezvoltare urban\u0103 se transform\u0103 \u00een abonament anual"},"content":{"rendered":"\n<p><strong>Modific\u0103ri importante la regulamentul de parcare din Sectorul 4 vor fi supuse la votul Consiliului Local \u00een \u0219edin\u021ba de mar\u021bi, 28 aprilie. <\/strong><\/p>\n\n\n\n<p><strong>Printre schimb\u0103rile propuse se num\u0103r\u0103 instituirea unor excep\u021bii de la regula general\u0103 privind atribuirea locurilor de parcare \u00een raport cu distan\u021ba fa\u021b\u0103 de domiciliul solicitan\u021bilor, precum \u0219i acordarea unor scutiri de la plata tarifului suplimentar de 500 lei pentru cel de-al doilea loc de parcare.<\/strong><\/p>\n\n\n\n<p><strong>Taxa de special\u0103 de dezvoltare urban\u0103, introdus\u0103 la \u00eenceputul lui 2025 \u0219i revocat\u0103 anul acesta, se transform\u0103 \u00een abonament anual pentru parc\u0103rile publice.<\/strong><\/p>\n\n\n\n<p><strong>CITE\u0218TE \u0218I:<\/strong> <a href=\"https:\/\/buletin.de\/bucuresti\/taxa-de-dezvoltare-urbana-in-sectorul-4-a-fost-anulata-complet-initial-baluta-vorbea-doar-de-suspendare\/\"><strong>Taxa de dezvoltare urban\u0103 \u00een Sectorul 4 a fost anulat\u0103 complet. Ini\u021bial, B\u0103lu\u021b\u0103 vorbea doar de suspendare<\/strong><\/a><\/p>\n\n\n\n<h2 class=\"wp-block-heading\" id=\"h-scutiri-de-la-plata-tarifului-pentru-cel-de-al-doilea-loc-de-parcare\">Scutiri de la plata tarifului pentru cel de-al doilea loc de parcare<\/h2>\n\n\n\n<p>Vechiul regulament de parcare din Sectorul 4 prevedea c\u0103 se pot atribui mai multe locuri de parcare pe baz\u0103 de abonament \u00een parc\u0103rile publice pentru o adres\u0103 de domiciliu\/re\u0219edin\u021b\u0103 (\u00een cazul persoanelor fizice) sau sediu\/punct de lucru (\u00een cazul persoanelor juridice\/P.F.A.\/\u00ce.I.\/\u00ce.F.), cu condi\u021bia ca utilizatorul s\u0103 achite un tarif suplimentar de 500 de lei plus TVA, pentru fiecare loc \u00een plus.<\/p>\n\n\n\n<figure class=\"wp-block-image size-large\"><img fetchpriority=\"high\" decoding=\"async\" width=\"1000\" height=\"61\" src=\"data:image\/gif;base64,R0lGODlhAQABAAAAACH5BAEKAAEALAAAAAABAAEAAAICTAEAOw==\" data-src=\"https:\/\/buletin.de\/bucuresti\/wp-content\/uploads\/2026\/04\/image_2026-04-27_180646292-1000x61.png\" alt=\"\" class=\"wp-image-189662 lazyload\" data-sizes=\"auto\" data-srcset=\"https:\/\/buletin.de\/bucuresti\/wp-content\/uploads\/2026\/04\/image_2026-04-27_180646292-1000x61.png 1000w, https:\/\/buletin.de\/bucuresti\/wp-content\/uploads\/2026\/04\/image_2026-04-27_180646292-300x18.png 300w, https:\/\/buletin.de\/bucuresti\/wp-content\/uploads\/2026\/04\/image_2026-04-27_180646292-768x47.png 768w, https:\/\/buletin.de\/bucuresti\/wp-content\/uploads\/2026\/04\/image_2026-04-27_180646292-1100x67.png 1100w, https:\/\/buletin.de\/bucuresti\/wp-content\/uploads\/2026\/04\/image_2026-04-27_180646292-600x36.png 600w, https:\/\/buletin.de\/bucuresti\/wp-content\/uploads\/2026\/04\/image_2026-04-27_180646292-20x1.png 20w, https:\/\/buletin.de\/bucuresti\/wp-content\/uploads\/2026\/04\/image_2026-04-27_180646292.png 1451w\" sizes=\"(max-width: 1000px) 100vw, 1000px\" \/><\/figure>\n\n\n\n<p><strong><a href=\"https:\/\/ps4.ro\/wp-content\/uploads\/2026\/04\/af-pr.-nr.-33-22.04.2026.pdf\">Documentul supus la votul Consiliului Local<\/a> \u00een \u0219edin\u021ba de mar\u021bi prevede eliminarea tarifului suplimentar pentru cet\u0103\u021benii care au \u00eenchiriat un loc de re\u0219edin\u021b\u0103 \u0219i solicit\u0103 un al doilea loc \u00eentr-o parcare public\u0103, pe baz\u0103 de abonament nominal.<\/strong><\/p>\n\n\n\n<p>Sunt excepta\u021bi de la plata tarifului suplimentar \u0219i cet\u0103\u021benii care solicit\u0103 cel de-al doilea loc de parcare de re\u0219edin\u021b\u0103 pentru o motociclet\u0103\/ un moped\/ un triciclu sau un cvadriciclu.<\/p>\n\n\n\n<figure class=\"wp-block-image size-large\"><img decoding=\"async\" width=\"1000\" height=\"244\" src=\"data:image\/gif;base64,R0lGODlhAQABAAAAACH5BAEKAAEALAAAAAABAAEAAAICTAEAOw==\" data-src=\"https:\/\/buletin.de\/bucuresti\/wp-content\/uploads\/2026\/04\/image_2026-04-27_181526416-1000x244.png\" alt=\"\" class=\"wp-image-189667 lazyload\" data-sizes=\"auto\" data-srcset=\"https:\/\/buletin.de\/bucuresti\/wp-content\/uploads\/2026\/04\/image_2026-04-27_181526416-1000x244.png 1000w, https:\/\/buletin.de\/bucuresti\/wp-content\/uploads\/2026\/04\/image_2026-04-27_181526416-300x73.png 300w, https:\/\/buletin.de\/bucuresti\/wp-content\/uploads\/2026\/04\/image_2026-04-27_181526416-768x187.png 768w, https:\/\/buletin.de\/bucuresti\/wp-content\/uploads\/2026\/04\/image_2026-04-27_181526416-1100x268.png 1100w, https:\/\/buletin.de\/bucuresti\/wp-content\/uploads\/2026\/04\/image_2026-04-27_181526416-600x146.png 600w, https:\/\/buletin.de\/bucuresti\/wp-content\/uploads\/2026\/04\/image_2026-04-27_181526416-20x5.png 20w, https:\/\/buletin.de\/bucuresti\/wp-content\/uploads\/2026\/04\/image_2026-04-27_181526416.png 1243w\" sizes=\"(max-width: 1000px) 100vw, 1000px\" \/><\/figure>\n\n\n\n<h2 class=\"wp-block-heading\" id=\"h-taxa-balu\u021ba-se-transforma-in-abonament-anual\">Taxa \u201eB\u0103lu\u021b\u0103\u201d se transform\u0103 \u00een abonament anual<\/h2>\n\n\n\n<p><strong>Taxa special\u0103 de dezvoltare urban\u0103, \u00een valoare de 593 de lei, se transform\u0103 \u00een abonament anual. Cet\u0103\u021benii care aleg s\u0103 pl\u0103teasc\u0103 \u00een continuare acest tarif vor avea dreptul s\u0103 utilizeze orice parcare public\u0103 din zona verde, cu excep\u021bia celor prev\u0103zute cu barier\u0103 sau alte elemente de restric\u021bionare a accesului, precizeaz\u0103 noul regulament.<\/strong><\/p>\n\n\n\n<p>Propunerea a venit ini\u021bial de la USR Sector 4, care ar fi dorit ca acest abonament s\u0103 poat\u0103 fi achizi\u021bionat doar de reziden\u021bii din sector. \u00cen varianta propus\u0103 de proiectul de hot\u0103r\u00e2re d\u0103 posiblitatea oric\u0103rui cet\u0103\u021bean, indiferent de domiciliu, s\u0103 pl\u0103teasc\u0103 noul abonament anual.<\/p>\n\n\n\n<p>Amintim, taxa a fost instituit\u0103 la \u00eenceputul anului 2025, pentru proprietarii de ma\u0219ini care nu de\u021bin un loc de parcare de re\u0219edin\u021b\u0103, public sau privat. Ace\u0219tia au pl\u0103tit ini\u021bial 540 de lei pe an. La \u00eenceputul lui 2026, taxa a fost majorat\u0103 la 593 de lei pe an.<\/p>\n\n\n\n<p>Totu\u0219i, taxa a fost revocat\u0103 \u00eencep\u00e2nd cu 1 aprilie 2026, \u00een urma valului de critici primite din partea locuitorilor Sectorului 4, precum \u0219i a unor procese intentate de USR \u0219i AUR pentru anularea actului administrativ \u00een instan\u021b\u0103.<\/p>\n\n\n\n<h2 class=\"wp-block-heading\" id=\"h-alte-modificari-importante-la-regulamentul-de-parcare-din-sectorul-4\">Alte modific\u0103ri importante la regulamentul de parcare din Sectorul 4<\/h2>\n\n\n\n<p><strong>O alt\u0103 modificare important\u0103 vizeaz\u0103 introducerea unor excep\u021bii de la limita strict\u0103 de 200 de metri liniari dintre locul de parcare \u0219i domiciliul\/ re\u0219edin\u021ba\/ punctul de lucru sau sediul social al solicitantului.<\/strong><\/p>\n\n\n\n<p>\u201ePrin excep\u021bie, se pot atribui locuri de parcare de re\u0219edin\u021b\u0103 pe o raz\u0103 mai mare de 200 metri liniari fa\u021b\u0103 de imobilul unde solicitantul \u00ee\u0219i are adresa de domiciliu\/re\u0219edin\u021b\u0103\/sediu social\/punct de lucru, \u00een parcajele cu un grad mic de ocupare \u0219i unde nu exist\u0103 solicit\u0103ri \u00een a\u0219teptare, parcaje ce vor fi nominalizate prin Decizie a Administratorului\u201d, prevede documentul consultat de <strong>Buletin de Bucure\u0219ti.<\/strong><\/p>\n\n\n\n<p>Alte schimb\u0103ri propuse vizeaz\u0103 instituirea unei perioade de gra\u021bie pentru cet\u0103\u021benii care au datorii la bugetul local  (luna ianuarie a anului urm\u0103tor) sau eliminarea obliga\u021biei titularului contractului de parcare de a actualiza datele la fiecare re\u00eennoire a ITP\/RCA.<\/p>\n\n\n\n<p>Noul regulament de parcare \u00een Sectorul 4 poate fi cititit integral <strong><a href=\"https:\/\/ps4.ro\/wp-content\/uploads\/2026\/04\/af-pr.-nr.-33-22.04.2026.pdf\">AICI<\/a><\/strong>.<\/p>\n\n\n\n<p><strong>CITE\u0218TE \u0218I:<\/strong> <a href=\"https:\/\/buletin.de\/bucuresti\/primaria-sectorului-4-plateste-aproape-500-000-de-euro-pentru-reabilitarea-gardului-vacaresti-costul-a-crescut-cu-aproape-170-000-de-euro-de-anul-trecut\/\" target=\"_blank\" rel=\"noreferrer noopener\"><strong>Prim\u0103ria Sectorului 4 pl\u0103te\u0219te aproape 500.000 de euro pentru reabilitarea gardului V\u0103c\u0103re\u0219ti. Costul a crescut cu 168.000 de euro, de anul trecut<\/strong><\/a><\/p>\n","protected":false},"excerpt":{"rendered":"<p>Modific\u0103ri importante la regulamentul de parcare din Sectorul 4 vor fi supuse la votul Consiliului Local \u00een \u0219edin\u021ba de mar\u021bi, 28 aprilie. Printre schimb\u0103rile propuse se num\u0103r\u0103 instituirea unor excep\u021bii de la regula general\u0103 privind atribuirea locurilor de parcare \u00een raport cu distan\u021ba fa\u021b\u0103 de domiciliul solicitan\u021bilor, precum \u0219i acordarea unor scutiri de la plata [&hellip;]<\/p>\n","protected":false},"author":55,"featured_media":189696,"comment_status":"closed","ping_status":"open","sticky":false,"template":"","format":"standard","meta":{"_acf_changed":false,"inline_featured_image":false,"ngg_post_thumbnail":0,"footnotes":""},"categories":[6994,5762,24],"tags":[7527,23244,28003,4695,28004],"ppma_author":[22573],"class_list":["post-189644","post","type-post","status-publish","format-standard","has-post-thumbnail","hentry","category-stiri-2","category-main","category-primarie","tag-parcare-de-resedinta","tag-parcare-sector-4","tag-regulament-de-parcare","tag-tarif-parcare","tag-taxa-de-dezvoltare-urbana"],"acf":[],"yoast_head":"<!-- This site is optimized with the Yoast SEO Premium plugin v25.3 (Yoast SEO v27.4) - https:\/\/yoast.com\/product\/yoast-seo-premium-wordpress\/ -->\n<title>Modific\u0103ri importante la regulamentul de parcare din Sectorul 4: se elimin\u0103 mai multe restric\u021bii. Taxa de dezvoltare urban\u0103 se transform\u0103 \u00een abonament anual - Buletin de Bucure\u0219ti<\/title>\n<meta name=\"robots\" content=\"index, follow, max-snippet:-1, max-image-preview:large, max-video-preview:-1\" \/>\n<link rel=\"canonical\" href=\"https:\/\/buletin.de\/bucuresti\/modificari-importante-la-regulamentul-de-parcare-din-sectorul-4-se-elimina-mai-multe-restrictii-taxa-de-dezvoltare-urbana-ramane-valabila-optional\/\" \/>\n<meta property=\"og:locale\" content=\"en_GB\" \/>\n<meta property=\"og:type\" content=\"article\" \/>\n<meta property=\"og:title\" content=\"Modific\u0103ri importante la regulamentul de parcare din Sectorul 4: se elimin\u0103 mai multe restric\u021bii. Taxa de dezvoltare urban\u0103 se transform\u0103 \u00een abonament anual\" \/>\n<meta property=\"og:description\" content=\"Modific\u0103ri importante la regulamentul de parcare din Sectorul 4 vor fi supuse la votul Consiliului Local \u00een \u0219edin\u021ba de mar\u021bi, 28 aprilie. Printre schimb\u0103rile propuse se num\u0103r\u0103 instituirea unor excep\u021bii de la regula general\u0103 privind atribuirea locurilor de parcare \u00een raport cu distan\u021ba fa\u021b\u0103 de domiciliul solicitan\u021bilor, precum \u0219i acordarea unor scutiri de la plata [&hellip;]\" \/>\n<meta property=\"og:url\" content=\"https:\/\/buletin.de\/bucuresti\/modificari-importante-la-regulamentul-de-parcare-din-sectorul-4-se-elimina-mai-multe-restrictii-taxa-de-dezvoltare-urbana-ramane-valabila-optional\/\" \/>\n<meta property=\"og:site_name\" content=\"Buletin de Bucure\u0219ti\" \/>\n<meta property=\"article:publisher\" content=\"https:\/\/www.facebook.com\/buletin.de.buc\" \/>\n<meta property=\"article:published_time\" content=\"2026-04-28T02:00:00+00:00\" \/>\n<meta property=\"og:image\" content=\"https:\/\/buletin.de\/bucuresti\/wp-content\/uploads\/2026\/04\/parcare-s4-sursa-fb-mobilitate-urbana-sector-4-1600x901-2-1.jpg\" \/>\n\t<meta property=\"og:image:width\" content=\"1600\" \/>\n\t<meta property=\"og:image:height\" content=\"901\" \/>\n\t<meta property=\"og:image:type\" content=\"image\/jpeg\" \/>\n<meta name=\"author\" content=\"Andreea Tudor\" \/>\n<meta name=\"twitter:card\" content=\"summary_large_image\" \/>\n<meta name=\"twitter:label1\" content=\"Written by\" \/>\n\t<meta name=\"twitter:data1\" content=\"Andreea Tudor\" \/>\n\t<meta name=\"twitter:label2\" content=\"Estimated reading time\" \/>\n\t<meta name=\"twitter:data2\" content=\"4 minutes\" \/>\n<script type=\"application\/ld+json\" class=\"yoast-schema-graph\">{\"@context\":\"https:\\\/\\\/schema.org\",\"@graph\":[{\"@type\":\"Article\",\"@id\":\"https:\\\/\\\/buletin.de\\\/bucuresti\\\/modificari-importante-la-regulamentul-de-parcare-din-sectorul-4-se-elimina-mai-multe-restrictii-taxa-de-dezvoltare-urbana-ramane-valabila-optional\\\/#article\",\"isPartOf\":{\"@id\":\"https:\\\/\\\/buletin.de\\\/bucuresti\\\/modificari-importante-la-regulamentul-de-parcare-din-sectorul-4-se-elimina-mai-multe-restrictii-taxa-de-dezvoltare-urbana-ramane-valabila-optional\\\/\"},\"author\":{\"name\":\"Andreea Tudor\",\"@id\":\"https:\\\/\\\/buletin.de\\\/bucuresti\\\/#\\\/schema\\\/person\\\/150590659efde715459d159da012f501\"},\"headline\":\"Modific\u0103ri importante la regulamentul de parcare din Sectorul 4: se elimin\u0103 mai multe restric\u021bii. Taxa de dezvoltare urban\u0103 se transform\u0103 \u00een abonament anual\",\"datePublished\":\"2026-04-28T02:00:00+00:00\",\"mainEntityOfPage\":{\"@id\":\"https:\\\/\\\/buletin.de\\\/bucuresti\\\/modificari-importante-la-regulamentul-de-parcare-din-sectorul-4-se-elimina-mai-multe-restrictii-taxa-de-dezvoltare-urbana-ramane-valabila-optional\\\/\"},\"wordCount\":694,\"publisher\":{\"@id\":\"https:\\\/\\\/buletin.de\\\/bucuresti\\\/#organization\"},\"image\":{\"@id\":\"https:\\\/\\\/buletin.de\\\/bucuresti\\\/modificari-importante-la-regulamentul-de-parcare-din-sectorul-4-se-elimina-mai-multe-restrictii-taxa-de-dezvoltare-urbana-ramane-valabila-optional\\\/#primaryimage\"},\"thumbnailUrl\":\"https:\\\/\\\/buletin.de\\\/bucuresti\\\/wp-content\\\/uploads\\\/2026\\\/04\\\/parcare-s4-sursa-fb-mobilitate-urbana-sector-4-1600x901-2-1.jpg\",\"keywords\":[\"parcare de resedinta\",\"parcare sector 4\",\"regulament de parcare\",\"tarif parcare\",\"taxa de dezvoltare urbana\"],\"articleSection\":[\"Articole\",\"Main\",\"Prim\u0103rie\"],\"inLanguage\":\"en-GB\",\"copyrightYear\":\"2026\",\"copyrightHolder\":{\"@id\":\"https:\\\/\\\/buletin.de\\\/bucuresti\\\/#organization\"}},{\"@type\":\"WebPage\",\"@id\":\"https:\\\/\\\/buletin.de\\\/bucuresti\\\/modificari-importante-la-regulamentul-de-parcare-din-sectorul-4-se-elimina-mai-multe-restrictii-taxa-de-dezvoltare-urbana-ramane-valabila-optional\\\/\",\"url\":\"https:\\\/\\\/buletin.de\\\/bucuresti\\\/modificari-importante-la-regulamentul-de-parcare-din-sectorul-4-se-elimina-mai-multe-restrictii-taxa-de-dezvoltare-urbana-ramane-valabila-optional\\\/\",\"name\":\"Modific\u0103ri importante la regulamentul de parcare din Sectorul 4: se elimin\u0103 mai multe restric\u021bii. Taxa de dezvoltare urban\u0103 se transform\u0103 \u00een abonament anual - Buletin de Bucure\u0219ti\",\"isPartOf\":{\"@id\":\"https:\\\/\\\/buletin.de\\\/bucuresti\\\/#website\"},\"primaryImageOfPage\":{\"@id\":\"https:\\\/\\\/buletin.de\\\/bucuresti\\\/modificari-importante-la-regulamentul-de-parcare-din-sectorul-4-se-elimina-mai-multe-restrictii-taxa-de-dezvoltare-urbana-ramane-valabila-optional\\\/#primaryimage\"},\"image\":{\"@id\":\"https:\\\/\\\/buletin.de\\\/bucuresti\\\/modificari-importante-la-regulamentul-de-parcare-din-sectorul-4-se-elimina-mai-multe-restrictii-taxa-de-dezvoltare-urbana-ramane-valabila-optional\\\/#primaryimage\"},\"thumbnailUrl\":\"https:\\\/\\\/buletin.de\\\/bucuresti\\\/wp-content\\\/uploads\\\/2026\\\/04\\\/parcare-s4-sursa-fb-mobilitate-urbana-sector-4-1600x901-2-1.jpg\",\"datePublished\":\"2026-04-28T02:00:00+00:00\",\"breadcrumb\":{\"@id\":\"https:\\\/\\\/buletin.de\\\/bucuresti\\\/modificari-importante-la-regulamentul-de-parcare-din-sectorul-4-se-elimina-mai-multe-restrictii-taxa-de-dezvoltare-urbana-ramane-valabila-optional\\\/#breadcrumb\"},\"inLanguage\":\"en-GB\",\"potentialAction\":[{\"@type\":\"ReadAction\",\"target\":[\"https:\\\/\\\/buletin.de\\\/bucuresti\\\/modificari-importante-la-regulamentul-de-parcare-din-sectorul-4-se-elimina-mai-multe-restrictii-taxa-de-dezvoltare-urbana-ramane-valabila-optional\\\/\"]}]},{\"@type\":\"ImageObject\",\"inLanguage\":\"en-GB\",\"@id\":\"https:\\\/\\\/buletin.de\\\/bucuresti\\\/modificari-importante-la-regulamentul-de-parcare-din-sectorul-4-se-elimina-mai-multe-restrictii-taxa-de-dezvoltare-urbana-ramane-valabila-optional\\\/#primaryimage\",\"url\":\"https:\\\/\\\/buletin.de\\\/bucuresti\\\/wp-content\\\/uploads\\\/2026\\\/04\\\/parcare-s4-sursa-fb-mobilitate-urbana-sector-4-1600x901-2-1.jpg\",\"contentUrl\":\"https:\\\/\\\/buletin.de\\\/bucuresti\\\/wp-content\\\/uploads\\\/2026\\\/04\\\/parcare-s4-sursa-fb-mobilitate-urbana-sector-4-1600x901-2-1.jpg\",\"width\":1600,\"height\":901,\"caption\":\"Modific\u0103ri importante la regulamentul de parcare din Sectorul 4: se elimin\u0103 mai multe restric\u021bii. Taxa de dezvoltare urban\u0103 r\u0103m\u00e2ne valabil\u0103, op\u021bional. FOTO: Mobilitate Urban\u0103 Sector 4, via FB\"},{\"@type\":\"BreadcrumbList\",\"@id\":\"https:\\\/\\\/buletin.de\\\/bucuresti\\\/modificari-importante-la-regulamentul-de-parcare-din-sectorul-4-se-elimina-mai-multe-restrictii-taxa-de-dezvoltare-urbana-ramane-valabila-optional\\\/#breadcrumb\",\"itemListElement\":[{\"@type\":\"ListItem\",\"position\":1,\"name\":\"Acas\u0103\",\"item\":\"https:\\\/\\\/buletin.de\\\/bucuresti\\\/\"},{\"@type\":\"ListItem\",\"position\":2,\"name\":\"Modific\u0103ri importante la regulamentul de parcare din Sectorul 4: se elimin\u0103 mai multe restric\u021bii. Taxa de dezvoltare urban\u0103 se transform\u0103 \u00een abonament anual\"}]},{\"@type\":\"WebSite\",\"@id\":\"https:\\\/\\\/buletin.de\\\/bucuresti\\\/#website\",\"url\":\"https:\\\/\\\/buletin.de\\\/bucuresti\\\/\",\"name\":\"Buletin de Bucure\u0219ti\",\"description\":\"\u0218tiri \u0219i investiga\u021bii esen\u021biale din capital\u0103\",\"publisher\":{\"@id\":\"https:\\\/\\\/buletin.de\\\/bucuresti\\\/#organization\"},\"potentialAction\":[{\"@type\":\"SearchAction\",\"target\":{\"@type\":\"EntryPoint\",\"urlTemplate\":\"https:\\\/\\\/buletin.de\\\/bucuresti\\\/?s={search_term_string}\"},\"query-input\":{\"@type\":\"PropertyValueSpecification\",\"valueRequired\":true,\"valueName\":\"search_term_string\"}}],\"inLanguage\":\"en-GB\"},{\"@type\":\"Organization\",\"@id\":\"https:\\\/\\\/buletin.de\\\/bucuresti\\\/#organization\",\"name\":\"Buletin de Bucure\u0219ti\",\"url\":\"https:\\\/\\\/buletin.de\\\/bucuresti\\\/\",\"logo\":{\"@type\":\"ImageObject\",\"inLanguage\":\"en-GB\",\"@id\":\"https:\\\/\\\/buletin.de\\\/bucuresti\\\/#\\\/schema\\\/logo\\\/image\\\/\",\"url\":\"https:\\\/\\\/buletin.de\\\/bucuresti\\\/wp-content\\\/uploads\\\/logo-bdb-full-wide-vernil-transparent.png\",\"contentUrl\":\"https:\\\/\\\/buletin.de\\\/bucuresti\\\/wp-content\\\/uploads\\\/logo-bdb-full-wide-vernil-transparent.png\",\"width\":1782,\"height\":626,\"caption\":\"Buletin de Bucure\u0219ti\"},\"image\":{\"@id\":\"https:\\\/\\\/buletin.de\\\/bucuresti\\\/#\\\/schema\\\/logo\\\/image\\\/\"},\"sameAs\":[\"https:\\\/\\\/www.facebook.com\\\/buletin.de.buc\",\"https:\\\/\\\/www.instagram.com\\\/buletinde.bucuresti\\\/\"]},{\"@type\":\"Person\",\"@id\":\"https:\\\/\\\/buletin.de\\\/bucuresti\\\/#\\\/schema\\\/person\\\/150590659efde715459d159da012f501\",\"name\":\"Andreea Tudor\",\"image\":{\"@type\":\"ImageObject\",\"inLanguage\":\"en-GB\",\"@id\":\"https:\\\/\\\/secure.gravatar.com\\\/avatar\\\/a88705a186ab0b67f3349bcbced506c09e37256fbaad0e7f3bd1a79b4599f589?s=96&d=monsterid&r=g79290610aa1a65c2b86eebc2ca5aee8f\",\"url\":\"https:\\\/\\\/secure.gravatar.com\\\/avatar\\\/a88705a186ab0b67f3349bcbced506c09e37256fbaad0e7f3bd1a79b4599f589?s=96&d=monsterid&r=g\",\"contentUrl\":\"https:\\\/\\\/secure.gravatar.com\\\/avatar\\\/a88705a186ab0b67f3349bcbced506c09e37256fbaad0e7f3bd1a79b4599f589?s=96&d=monsterid&r=g\",\"caption\":\"Andreea Tudor\"},\"description\":\"N\u0103scut\u0103 \u0219i crescut\u0103 \u00een Bucure\u0219ti, sus\u021bin\u0103toare a presei independente. A\u0219a am ajuns redactor la Buletin de Bucure\u0219ti. Fiind eu, \u00eens\u0103mi, parte a sistemului de \u00eenv\u0103\u021b\u0103m\u00e2nt rom\u00e2nesc \u0219i pasionat\u0103 de domeniul social, pun sub lup\u0103 tot ceea ce se \u00eent\u00e2mpl\u0103 \u00een sfera educa\u021biei. Cred cu t\u0103rie c\u0103 presa \u201epentru cet\u0103\u021beni\u201d este presa independent\u0103. Oamenii au nevoie de o informare corect\u0103 pentru a \u00een\u021belege pe deplin ce se \u00eent\u00e2mpl\u0103 \u00een jurul lor \u0219i pentru a lua ac\u021biune \u00eempotriva nedrept\u0103\u021bilor.\",\"url\":\"https:\\\/\\\/buletin.de\\\/bucuresti\\\/author\\\/andreeatudor\\\/\"}]}<\/script>\n<!-- \/ Yoast SEO Premium plugin. -->","yoast_head_json":{"title":"Modific\u0103ri importante la regulamentul de parcare din Sectorul 4: se elimin\u0103 mai multe restric\u021bii. Taxa de dezvoltare urban\u0103 se transform\u0103 \u00een abonament anual - Buletin de Bucure\u0219ti","robots":{"index":"index","follow":"follow","max-snippet":"max-snippet:-1","max-image-preview":"max-image-preview:large","max-video-preview":"max-video-preview:-1"},"canonical":"https:\/\/buletin.de\/bucuresti\/modificari-importante-la-regulamentul-de-parcare-din-sectorul-4-se-elimina-mai-multe-restrictii-taxa-de-dezvoltare-urbana-ramane-valabila-optional\/","og_locale":"en_GB","og_type":"article","og_title":"Modific\u0103ri importante la regulamentul de parcare din Sectorul 4: se elimin\u0103 mai multe restric\u021bii. Taxa de dezvoltare urban\u0103 se transform\u0103 \u00een abonament anual","og_description":"Modific\u0103ri importante la regulamentul de parcare din Sectorul 4 vor fi supuse la votul Consiliului Local \u00een \u0219edin\u021ba de mar\u021bi, 28 aprilie. Printre schimb\u0103rile propuse se num\u0103r\u0103 instituirea unor excep\u021bii de la regula general\u0103 privind atribuirea locurilor de parcare \u00een raport cu distan\u021ba fa\u021b\u0103 de domiciliul solicitan\u021bilor, precum \u0219i acordarea unor scutiri de la plata [&hellip;]","og_url":"https:\/\/buletin.de\/bucuresti\/modificari-importante-la-regulamentul-de-parcare-din-sectorul-4-se-elimina-mai-multe-restrictii-taxa-de-dezvoltare-urbana-ramane-valabila-optional\/","og_site_name":"Buletin de Bucure\u0219ti","article_publisher":"https:\/\/www.facebook.com\/buletin.de.buc","article_published_time":"2026-04-28T02:00:00+00:00","og_image":[{"width":1600,"height":901,"url":"https:\/\/buletin.de\/bucuresti\/wp-content\/uploads\/2026\/04\/parcare-s4-sursa-fb-mobilitate-urbana-sector-4-1600x901-2-1.jpg","type":"image\/jpeg"}],"author":"Andreea Tudor","twitter_card":"summary_large_image","twitter_misc":{"Written by":"Andreea Tudor","Estimated reading time":"4 minutes"},"schema":{"@context":"https:\/\/schema.org","@graph":[{"@type":"Article","@id":"https:\/\/buletin.de\/bucuresti\/modificari-importante-la-regulamentul-de-parcare-din-sectorul-4-se-elimina-mai-multe-restrictii-taxa-de-dezvoltare-urbana-ramane-valabila-optional\/#article","isPartOf":{"@id":"https:\/\/buletin.de\/bucuresti\/modificari-importante-la-regulamentul-de-parcare-din-sectorul-4-se-elimina-mai-multe-restrictii-taxa-de-dezvoltare-urbana-ramane-valabila-optional\/"},"author":{"name":"Andreea Tudor","@id":"https:\/\/buletin.de\/bucuresti\/#\/schema\/person\/150590659efde715459d159da012f501"},"headline":"Modific\u0103ri importante la regulamentul de parcare din Sectorul 4: se elimin\u0103 mai multe restric\u021bii. Taxa de dezvoltare urban\u0103 se transform\u0103 \u00een abonament anual","datePublished":"2026-04-28T02:00:00+00:00","mainEntityOfPage":{"@id":"https:\/\/buletin.de\/bucuresti\/modificari-importante-la-regulamentul-de-parcare-din-sectorul-4-se-elimina-mai-multe-restrictii-taxa-de-dezvoltare-urbana-ramane-valabila-optional\/"},"wordCount":694,"publisher":{"@id":"https:\/\/buletin.de\/bucuresti\/#organization"},"image":{"@id":"https:\/\/buletin.de\/bucuresti\/modificari-importante-la-regulamentul-de-parcare-din-sectorul-4-se-elimina-mai-multe-restrictii-taxa-de-dezvoltare-urbana-ramane-valabila-optional\/#primaryimage"},"thumbnailUrl":"https:\/\/buletin.de\/bucuresti\/wp-content\/uploads\/2026\/04\/parcare-s4-sursa-fb-mobilitate-urbana-sector-4-1600x901-2-1.jpg","keywords":["parcare de resedinta","parcare sector 4","regulament de parcare","tarif parcare","taxa de dezvoltare urbana"],"articleSection":["Articole","Main","Prim\u0103rie"],"inLanguage":"en-GB","copyrightYear":"2026","copyrightHolder":{"@id":"https:\/\/buletin.de\/bucuresti\/#organization"}},{"@type":"WebPage","@id":"https:\/\/buletin.de\/bucuresti\/modificari-importante-la-regulamentul-de-parcare-din-sectorul-4-se-elimina-mai-multe-restrictii-taxa-de-dezvoltare-urbana-ramane-valabila-optional\/","url":"https:\/\/buletin.de\/bucuresti\/modificari-importante-la-regulamentul-de-parcare-din-sectorul-4-se-elimina-mai-multe-restrictii-taxa-de-dezvoltare-urbana-ramane-valabila-optional\/","name":"Modific\u0103ri importante la regulamentul de parcare din Sectorul 4: se elimin\u0103 mai multe restric\u021bii. Taxa de dezvoltare urban\u0103 se transform\u0103 \u00een abonament anual - Buletin de Bucure\u0219ti","isPartOf":{"@id":"https:\/\/buletin.de\/bucuresti\/#website"},"primaryImageOfPage":{"@id":"https:\/\/buletin.de\/bucuresti\/modificari-importante-la-regulamentul-de-parcare-din-sectorul-4-se-elimina-mai-multe-restrictii-taxa-de-dezvoltare-urbana-ramane-valabila-optional\/#primaryimage"},"image":{"@id":"https:\/\/buletin.de\/bucuresti\/modificari-importante-la-regulamentul-de-parcare-din-sectorul-4-se-elimina-mai-multe-restrictii-taxa-de-dezvoltare-urbana-ramane-valabila-optional\/#primaryimage"},"thumbnailUrl":"https:\/\/buletin.de\/bucuresti\/wp-content\/uploads\/2026\/04\/parcare-s4-sursa-fb-mobilitate-urbana-sector-4-1600x901-2-1.jpg","datePublished":"2026-04-28T02:00:00+00:00","breadcrumb":{"@id":"https:\/\/buletin.de\/bucuresti\/modificari-importante-la-regulamentul-de-parcare-din-sectorul-4-se-elimina-mai-multe-restrictii-taxa-de-dezvoltare-urbana-ramane-valabila-optional\/#breadcrumb"},"inLanguage":"en-GB","potentialAction":[{"@type":"ReadAction","target":["https:\/\/buletin.de\/bucuresti\/modificari-importante-la-regulamentul-de-parcare-din-sectorul-4-se-elimina-mai-multe-restrictii-taxa-de-dezvoltare-urbana-ramane-valabila-optional\/"]}]},{"@type":"ImageObject","inLanguage":"en-GB","@id":"https:\/\/buletin.de\/bucuresti\/modificari-importante-la-regulamentul-de-parcare-din-sectorul-4-se-elimina-mai-multe-restrictii-taxa-de-dezvoltare-urbana-ramane-valabila-optional\/#primaryimage","url":"https:\/\/buletin.de\/bucuresti\/wp-content\/uploads\/2026\/04\/parcare-s4-sursa-fb-mobilitate-urbana-sector-4-1600x901-2-1.jpg","contentUrl":"https:\/\/buletin.de\/bucuresti\/wp-content\/uploads\/2026\/04\/parcare-s4-sursa-fb-mobilitate-urbana-sector-4-1600x901-2-1.jpg","width":1600,"height":901,"caption":"Modific\u0103ri importante la regulamentul de parcare din Sectorul 4: se elimin\u0103 mai multe restric\u021bii. Taxa de dezvoltare urban\u0103 r\u0103m\u00e2ne valabil\u0103, op\u021bional. FOTO: Mobilitate Urban\u0103 Sector 4, via FB"},{"@type":"BreadcrumbList","@id":"https:\/\/buletin.de\/bucuresti\/modificari-importante-la-regulamentul-de-parcare-din-sectorul-4-se-elimina-mai-multe-restrictii-taxa-de-dezvoltare-urbana-ramane-valabila-optional\/#breadcrumb","itemListElement":[{"@type":"ListItem","position":1,"name":"Acas\u0103","item":"https:\/\/buletin.de\/bucuresti\/"},{"@type":"ListItem","position":2,"name":"Modific\u0103ri importante la regulamentul de parcare din Sectorul 4: se elimin\u0103 mai multe restric\u021bii. Taxa de dezvoltare urban\u0103 se transform\u0103 \u00een abonament anual"}]},{"@type":"WebSite","@id":"https:\/\/buletin.de\/bucuresti\/#website","url":"https:\/\/buletin.de\/bucuresti\/","name":"Buletin de Bucure\u0219ti","description":"\u0218tiri \u0219i investiga\u021bii esen\u021biale din capital\u0103","publisher":{"@id":"https:\/\/buletin.de\/bucuresti\/#organization"},"potentialAction":[{"@type":"SearchAction","target":{"@type":"EntryPoint","urlTemplate":"https:\/\/buletin.de\/bucuresti\/?s={search_term_string}"},"query-input":{"@type":"PropertyValueSpecification","valueRequired":true,"valueName":"search_term_string"}}],"inLanguage":"en-GB"},{"@type":"Organization","@id":"https:\/\/buletin.de\/bucuresti\/#organization","name":"Buletin de Bucure\u0219ti","url":"https:\/\/buletin.de\/bucuresti\/","logo":{"@type":"ImageObject","inLanguage":"en-GB","@id":"https:\/\/buletin.de\/bucuresti\/#\/schema\/logo\/image\/","url":"https:\/\/buletin.de\/bucuresti\/wp-content\/uploads\/logo-bdb-full-wide-vernil-transparent.png","contentUrl":"https:\/\/buletin.de\/bucuresti\/wp-content\/uploads\/logo-bdb-full-wide-vernil-transparent.png","width":1782,"height":626,"caption":"Buletin de Bucure\u0219ti"},"image":{"@id":"https:\/\/buletin.de\/bucuresti\/#\/schema\/logo\/image\/"},"sameAs":["https:\/\/www.facebook.com\/buletin.de.buc","https:\/\/www.instagram.com\/buletinde.bucuresti\/"]},{"@type":"Person","@id":"https:\/\/buletin.de\/bucuresti\/#\/schema\/person\/150590659efde715459d159da012f501","name":"Andreea Tudor","image":{"@type":"ImageObject","inLanguage":"en-GB","@id":"https:\/\/secure.gravatar.com\/avatar\/a88705a186ab0b67f3349bcbced506c09e37256fbaad0e7f3bd1a79b4599f589?s=96&d=monsterid&r=g79290610aa1a65c2b86eebc2ca5aee8f","url":"https:\/\/secure.gravatar.com\/avatar\/a88705a186ab0b67f3349bcbced506c09e37256fbaad0e7f3bd1a79b4599f589?s=96&d=monsterid&r=g","contentUrl":"https:\/\/secure.gravatar.com\/avatar\/a88705a186ab0b67f3349bcbced506c09e37256fbaad0e7f3bd1a79b4599f589?s=96&d=monsterid&r=g","caption":"Andreea Tudor"},"description":"N\u0103scut\u0103 \u0219i crescut\u0103 \u00een Bucure\u0219ti, sus\u021bin\u0103toare a presei independente. A\u0219a am ajuns redactor la Buletin de Bucure\u0219ti. Fiind eu, \u00eens\u0103mi, parte a sistemului de \u00eenv\u0103\u021b\u0103m\u00e2nt rom\u00e2nesc \u0219i pasionat\u0103 de domeniul social, pun sub lup\u0103 tot ceea ce se \u00eent\u00e2mpl\u0103 \u00een sfera educa\u021biei. Cred cu t\u0103rie c\u0103 presa \u201epentru cet\u0103\u021beni\u201d este presa independent\u0103. Oamenii au nevoie de o informare corect\u0103 pentru a \u00een\u021belege pe deplin ce se \u00eent\u00e2mpl\u0103 \u00een jurul lor \u0219i pentru a lua ac\u021biune \u00eempotriva nedrept\u0103\u021bilor.","url":"https:\/\/buletin.de\/bucuresti\/author\/andreeatudor\/"}]}},"authors":[{"term_id":22573,"user_id":55,"is_guest":0,"slug":"andreeatudor","display_name":"Andreea Tudor","avatar_url":"https:\/\/secure.gravatar.com\/avatar\/a88705a186ab0b67f3349bcbced506c09e37256fbaad0e7f3bd1a79b4599f589?s=96&d=monsterid&r=g","0":null,"1":"","2":"","3":"","4":"","5":"","6":"","7":"","8":""}],"_links":{"self":[{"href":"https:\/\/buletin.de\/bucuresti\/wp-json\/wp\/v2\/posts\/189644","targetHints":{"allow":["GET"]}}],"collection":[{"href":"https:\/\/buletin.de\/bucuresti\/wp-json\/wp\/v2\/posts"}],"about":[{"href":"https:\/\/buletin.de\/bucuresti\/wp-json\/wp\/v2\/types\/post"}],"author":[{"embeddable":true,"href":"https:\/\/buletin.de\/bucuresti\/wp-json\/wp\/v2\/users\/55"}],"replies":[{"embeddable":true,"href":"https:\/\/buletin.de\/bucuresti\/wp-json\/wp\/v2\/comments?post=189644"}],"version-history":[{"count":11,"href":"https:\/\/buletin.de\/bucuresti\/wp-json\/wp\/v2\/posts\/189644\/revisions"}],"predecessor-version":[{"id":189753,"href":"https:\/\/buletin.de\/bucuresti\/wp-json\/wp\/v2\/posts\/189644\/revisions\/189753"}],"wp:featuredmedia":[{"embeddable":true,"href":"https:\/\/buletin.de\/bucuresti\/wp-json\/wp\/v2\/media\/189696"}],"wp:attachment":[{"href":"https:\/\/buletin.de\/bucuresti\/wp-json\/wp\/v2\/media?parent=189644"}],"wp:term":[{"taxonomy":"category","embeddable":true,"href":"https:\/\/buletin.de\/bucuresti\/wp-json\/wp\/v2\/categories?post=189644"},{"taxonomy":"post_tag","embeddable":true,"href":"https:\/\/buletin.de\/bucuresti\/wp-json\/wp\/v2\/tags?post=189644"},{"taxonomy":"author","embeddable":true,"href":"https:\/\/buletin.de\/bucuresti\/wp-json\/wp\/v2\/ppma_author?post=189644"}],"curies":[{"name":"wp","href":"https:\/\/api.w.org\/{rel}","templated":true}]}}