{"id":189600,"date":"2026-04-28T05:28:00","date_gmt":"2026-04-28T02:28:00","guid":{"rendered":"https:\/\/buletin.de\/bucuresti\/?p=189600"},"modified":"2026-04-27T23:29:13","modified_gmt":"2026-04-27T20:29:13","slug":"primaria-sectorului-2-se-asociaza-cu-bucuresti-ilfov-si-voluntari-pentru-a-realiza-pasajul-peste-bariera-petricani","status":"publish","type":"post","link":"https:\/\/buletin.de\/bucuresti\/primaria-sectorului-2-se-asociaza-cu-bucuresti-ilfov-si-voluntari-pentru-a-realiza-pasajul-peste-bariera-petricani\/","title":{"rendered":"Prim\u0103ria Sectorului 2 se asociaz\u0103 cu Bucure\u0219ti, Ilfov \u0219i Voluntari pentru a realiza pasajul peste Bariera Petricani"},"content":{"rendered":"\n<p><strong>Consiliul Local al Sectorului 2 vrea s\u0103 se asocieze cu municipiul Bucure\u0219ti, Consiliul Jude\u021bean  Ilfov \u0219i ora\u0219ul Voluntari pentru a realiza pasajul subteran sau suprateran pe sub sau peste calea ferat\u0103, \u00een zona Barierei Petricani.<\/strong><\/p>\n\n\n\n<p>Proiectul prin care solicit\u0103 acordul Consiliului General al Municipiului Bucure\u0219ti pentru aceast\u0103 asociere va fi supus la vot \u00een \u0219edin\u021ba din 30 aprilie. <\/p>\n\n\n\n<p>Prim\u0103ria Sectorului 2 vrea s\u0103 ob\u021bin\u0103 astfel sprijin financiar pentru investi\u021bia care face parte dintr-un proiect mai amplu de mobilitate urban\u0103, privind dezvoltarea serviciilor de tren urban pe semi-inelul feroviar de nord, \u0219i este inclus\u0103 \u00een componenta \u201eNod Petricani &#8211; \u00cenchidere Inel Median\u201d. <\/p>\n\n\n\n<p><strong>CITE\u0218TE \u0218I <a href=\"https:\/\/buletin.de\/bucuresti\/bariera-petricani-unde-s-au-intamplat-multe-accidente-va-fi-inlocuita-cu-un-pod-peste-calea-ferata\/\" target=\"_blank\" rel=\"noreferrer noopener\">Bariera Petricani, unde s-au \u00eent\u00e2mplat multe accidente, va fi \u00eenlocuit\u0103 cu un pod peste calea ferat\u0103. Planul este tocmai din 2004<\/a><\/strong><\/p>\n\n\n\n<p>Obiectivul de investi\u021bii \u201eConstruire pasaj subteran\/suprateran pe sub\/peste calea ferat\u0103, inclusiv alte lucr\u0103ri de infrastructur\u0103 aferente&#8221; va putea cuprinde \u00een cadrul reconfigur\u0103rii arterelor de circula\u021bie ale str\u0103zii Petricani \u015fi \u015foselei Bucure\u015fti Nord \u015fi re\u0163eaua stradal\u0103 din zona c\u0103ii ferate Bucure\u0219ti &#8211; Constan\u021ba, iar \u00een cazul \u00een care vor fi necesare modific\u0103ri, acestea vor fi justificate prin studii \u0219i documenta\u021bii tehnice, \u00een func\u021bie de scenariile rezultate \u00een cadrul elabor\u0103rii studiului de fezabilitate, dup\u0103 cum se precizeaz\u0103 \u00een <a href=\"https:\/\/public.ps2.ro\/Administratie%20Publica%20Locala\/Proiecte%20CLS2\/2026\/2026-04-30%20SEDINTA%20ORDINARA%20ORA%2015.00\/06%20ph%20acord%20CGMB%20Pasaj%20Petricani.pdf\" type=\"link\" id=\"https:\/\/public.ps2.ro\/Administratie%20Publica%20Locala\/Proiecte%20CLS2\/2026\/2026-04-30%20SEDINTA%20ORDINARA%20ORA%2015.00\/06%20ph%20acord%20CGMB%20Pasaj%20Petricani.pdf\" target=\"_blank\" rel=\"noreferrer noopener\">documenta\u021bia proiectului<\/a>. <\/p>\n\n\n\n<p><strong>Sectorul 2 ar urma s\u0103 fie liderul asocierii \u0219i s\u0103 se ocupe de coordonarea implement\u0103rii proiectului, \u00een toate etapele sale.<\/strong><\/p>\n\n\n\n<p>Administra\u021bia local\u0103 va gestiona procedurile de achizi\u021bie pentru studiul de fezabilitate, proiectare \u0219i execu\u021bie, va centraliza documenta\u021biile tehnice \u0219i financiare \u0219i va reprezenta parteneriatul \u00een rela\u021bia cu institu\u021biile, finan\u021batorii \u0219i contractorii. <\/p>\n\n\n\n<p>Prim\u0103ria Sectorului 2 va suporta inclusiv costurile pentru elaborarea studiului de fezabilitate, va contribui la finan\u021barea execu\u021biei \u0219i va gestiona procedurile de expropriere pentru terenurile aflate pe propria raz\u0103 administrativ\u0103.<\/p>\n\n\n\n<p>Municipiul Bucure\u0219ti, Consiliul Jude\u021bean Ilfov \u0219i Ora\u0219ul Voluntari vor participa la implementarea proiectului prin desemnarea de reprezentan\u021bi \u00een cadrul procedurilor, precum \u0219i sprijinirea ob\u021binerii avizelor \u0219i acordurilor necesare \u0219i vor contribui la identificarea surselor de finan\u021bare. <\/p>\n\n\n\n<h2 class=\"wp-block-heading\" id=\"h-cum-va-contribui-fiecare-entitate-pentru-pasajul-peste-bariera-petricani\">Cum va contribui fiecare entitate pentru pasajul peste Bariera Petricani<\/h2>\n\n\n\n<p><strong>Fiecare dintre autorit\u0103\u021bi va pune la dispozi\u021bie documenta\u021biile \u0219i resursele necesare \u0219i va sus\u021bine, dup\u0103 caz, costurile de execu\u021bie sau exproprierile pentru terenurile aflate pe propriul teritoriu administrativ. <\/strong><\/p>\n\n\n\n<p>\u00cen plus, Municipiul Bucure\u0219ti, CJ Ilfov \u0219i Ora\u0219ul Voluntari vor desemna fiecare cel pu\u021bin un membru care va participa la toate procedurile care se vor derula conform acordului de asociere.<\/p>\n\n\n\n<p><strong>CITE\u0218TE \u0218I <a href=\"https:\/\/buletin.de\/bucuresti\/sector-2-cand-vor-fi-realizate-parcarile-de-tip-parkride-la-petricani-si-colentina-conceptul-propus-prima-data-in-anul-2000\/\" target=\"_blank\" rel=\"noreferrer noopener\">Sector 2 | C\u00e2nd vor fi realizate parc\u0103rile de tip Park&amp;Ride la Petricani \u0219i Colentina. Conceptul, propus prima dat\u0103 \u00een anul 2000<\/a><\/strong><\/p>\n\n\n\n<p><strong>Realizatorii proiectului sus\u021bin c\u0103 pasajul va contribui la fluidizarea traficului \u00een zona de nord-est a Capitalei, la reducerea timpilor de deplasare \u0219i la cre\u0219terea siguran\u021bei rutiere.<\/strong><\/p>\n\n\n\n<p>\u00cen plus, investi\u021bia este corelat\u0103 cu alte proiecte de infrastructur\u0103 aflate \u00een preg\u0103tire, cum ar fi extinderea <a href=\"https:\/\/buletin.de\/bucuresti\/magistrala-2-de-metrou-se-extinde-pe-tronsonul-pipera-petricani\/\" type=\"link\" id=\"https:\/\/buletin.de\/bucuresti\/magistrala-2-de-metrou-se-extinde-pe-tronsonul-pipera-petricani\/\" target=\"_blank\" rel=\"noreferrer noopener\">re\u021belei de metrou<\/a>, dezvoltarea liniilor de tramvai \u0219i amenajarea unor parc\u0103ri de tip Park &amp; Ride.<\/p>\n\n\n\n<p>Totodat\u0103, proiectul ar contribui la <em>\u201esprijinirea implement\u0103rii obiectivelor misiunii UE \u201e100 de ora\u0219e inteligente \u0219i neutre din punct de vedere climatic p\u00e2n\u0103 \u00een 2030\u201d, prin dezvoltarea unei infrastructuri inteligente, eficiente \u0219i sustenabile, care s\u0103 \u00eembun\u0103t\u0103\u021beasc\u0103 calitatea vie\u021bii \u0219i mobilitatea urban\u0103, facilit\u00e2nd accesul la infrastructura de transport public\u201d<\/em>. <\/p>\n\n\n\n<p><strong>CITE\u0218TE \u0218I <a href=\"https:\/\/buletin.de\/bucuresti\/primaria-sectorului-4-plateste-aproape-500-000-de-euro-pentru-reabilitarea-gardului-vacaresti-costul-a-crescut-cu-aproape-170-000-de-euro-de-anul-trecut\/\" target=\"_blank\" rel=\"noreferrer noopener\">Prim\u0103ria Sectorului 4 pl\u0103te\u0219te aproape 500.000 de euro pentru reabilitarea gardului V\u0103c\u0103re\u0219ti. Costul a crescut cu 168.000 de euro, de anul trecut<\/a><\/strong><\/p>\n","protected":false},"excerpt":{"rendered":"<p>Consiliul Local al Sectorului 2 vrea s\u0103 se asocieze cu municipiul Bucure\u0219ti, Consiliul Jude\u021bean Ilfov \u0219i ora\u0219ul Voluntari pentru a realiza pasajul subteran sau suprateran pe sub sau peste calea ferat\u0103, \u00een zona Barierei Petricani. Proiectul prin care solicit\u0103 acordul Consiliului General al Municipiului Bucure\u0219ti pentru aceast\u0103 asociere va fi supus la vot \u00een \u0219edin\u021ba [&hellip;]<\/p>\n","protected":false},"author":65,"featured_media":189639,"comment_status":"closed","ping_status":"open","sticky":false,"template":"","format":"standard","meta":{"_acf_changed":false,"inline_featured_image":false,"ngg_post_thumbnail":0,"footnotes":""},"categories":[6994,5762,24],"tags":[23913,412,1493,104,228,521,229],"ppma_author":[23912],"class_list":["post-189600","post","type-post","status-publish","format-standard","has-post-thumbnail","hentry","category-stiri-2","category-main","category-primarie","tag-bariera-petricani","tag-municipiul-bucuresti","tag-pasaj","tag-pmb","tag-primaria-sectorului-2","tag-proiect","tag-sector-2"],"acf":[],"yoast_head":"<!-- This site is optimized with the Yoast SEO Premium plugin v25.3 (Yoast SEO v27.4) - https:\/\/yoast.com\/product\/yoast-seo-premium-wordpress\/ -->\n<title>Prim\u0103ria Sectorului 2 se asociaz\u0103 cu Bucure\u0219ti, Ilfov \u0219i Voluntari pentru a realiza pasajul peste Bariera Petricani - Buletin de Bucure\u0219ti<\/title>\n<meta name=\"description\" content=\"Consiliul Local Sector 2 solicit\u0103 acordul Consiliului General al Municipiului Bucure\u0219ti pentru realizarea pasajului peste Bariera Petricani\" \/>\n<meta name=\"robots\" content=\"index, follow, max-snippet:-1, max-image-preview:large, max-video-preview:-1\" \/>\n<link rel=\"canonical\" href=\"https:\/\/buletin.de\/bucuresti\/primaria-sectorului-2-se-asociaza-cu-bucuresti-ilfov-si-voluntari-pentru-a-realiza-pasajul-peste-bariera-petricani\/\" \/>\n<meta property=\"og:locale\" content=\"en_GB\" \/>\n<meta property=\"og:type\" content=\"article\" \/>\n<meta property=\"og:title\" content=\"Prim\u0103ria Sectorului 2 se asociaz\u0103 cu Bucure\u0219ti, Ilfov \u0219i Voluntari pentru a realiza pasajul peste Bariera Petricani\" \/>\n<meta property=\"og:description\" content=\"Consiliul Local Sector 2 solicit\u0103 acordul Consiliului General al Municipiului Bucure\u0219ti pentru realizarea pasajului peste Bariera Petricani\" \/>\n<meta property=\"og:url\" content=\"https:\/\/buletin.de\/bucuresti\/primaria-sectorului-2-se-asociaza-cu-bucuresti-ilfov-si-voluntari-pentru-a-realiza-pasajul-peste-bariera-petricani\/\" \/>\n<meta property=\"og:site_name\" content=\"Buletin de Bucure\u0219ti\" \/>\n<meta property=\"article:publisher\" content=\"https:\/\/www.facebook.com\/buletin.de.buc\" \/>\n<meta property=\"article:published_time\" content=\"2026-04-28T02:28:00+00:00\" \/>\n<meta property=\"og:image\" content=\"https:\/\/buletin.de\/bucuresti\/wp-content\/uploads\/2026\/04\/Pasaj-Bariera-Petricani.jpg\" \/>\n\t<meta property=\"og:image:width\" content=\"1200\" \/>\n\t<meta property=\"og:image:height\" content=\"650\" \/>\n\t<meta property=\"og:image:type\" content=\"image\/jpeg\" \/>\n<meta name=\"author\" content=\"Andreea St\u0103n\u0103r\u00eeng\u0103\" \/>\n<meta name=\"twitter:card\" content=\"summary_large_image\" \/>\n<meta name=\"twitter:label1\" content=\"Written by\" \/>\n\t<meta name=\"twitter:data1\" content=\"Andreea St\u0103n\u0103r\u00eeng\u0103\" \/>\n\t<meta name=\"twitter:label2\" content=\"Estimated reading time\" \/>\n\t<meta name=\"twitter:data2\" content=\"3 minutes\" \/>\n<script type=\"application\/ld+json\" class=\"yoast-schema-graph\">{\"@context\":\"https:\\\/\\\/schema.org\",\"@graph\":[{\"@type\":\"Article\",\"@id\":\"https:\\\/\\\/buletin.de\\\/bucuresti\\\/primaria-sectorului-2-se-asociaza-cu-bucuresti-ilfov-si-voluntari-pentru-a-realiza-pasajul-peste-bariera-petricani\\\/#article\",\"isPartOf\":{\"@id\":\"https:\\\/\\\/buletin.de\\\/bucuresti\\\/primaria-sectorului-2-se-asociaza-cu-bucuresti-ilfov-si-voluntari-pentru-a-realiza-pasajul-peste-bariera-petricani\\\/\"},\"author\":{\"name\":\"Andreea St\u0103n\u0103r\u00eeng\u0103\",\"@id\":\"https:\\\/\\\/buletin.de\\\/bucuresti\\\/#\\\/schema\\\/person\\\/81421a46fb84a0887cfd2238f5202586\"},\"headline\":\"Prim\u0103ria Sectorului 2 se asociaz\u0103 cu Bucure\u0219ti, Ilfov \u0219i Voluntari pentru a realiza pasajul peste Bariera Petricani\",\"datePublished\":\"2026-04-28T02:28:00+00:00\",\"mainEntityOfPage\":{\"@id\":\"https:\\\/\\\/buletin.de\\\/bucuresti\\\/primaria-sectorului-2-se-asociaza-cu-bucuresti-ilfov-si-voluntari-pentru-a-realiza-pasajul-peste-bariera-petricani\\\/\"},\"wordCount\":623,\"publisher\":{\"@id\":\"https:\\\/\\\/buletin.de\\\/bucuresti\\\/#organization\"},\"image\":{\"@id\":\"https:\\\/\\\/buletin.de\\\/bucuresti\\\/primaria-sectorului-2-se-asociaza-cu-bucuresti-ilfov-si-voluntari-pentru-a-realiza-pasajul-peste-bariera-petricani\\\/#primaryimage\"},\"thumbnailUrl\":\"https:\\\/\\\/buletin.de\\\/bucuresti\\\/wp-content\\\/uploads\\\/2026\\\/04\\\/Pasaj-Bariera-Petricani.jpg\",\"keywords\":[\"bariera petricani\",\"municipiul bucuresti\",\"pasaj\",\"pmb\",\"primaria sectorului 2\",\"proiect\",\"Sector 2\"],\"articleSection\":[\"Articole\",\"Main\",\"Prim\u0103rie\"],\"inLanguage\":\"en-GB\",\"copyrightYear\":\"2026\",\"copyrightHolder\":{\"@id\":\"https:\\\/\\\/buletin.de\\\/bucuresti\\\/#organization\"}},{\"@type\":\"WebPage\",\"@id\":\"https:\\\/\\\/buletin.de\\\/bucuresti\\\/primaria-sectorului-2-se-asociaza-cu-bucuresti-ilfov-si-voluntari-pentru-a-realiza-pasajul-peste-bariera-petricani\\\/\",\"url\":\"https:\\\/\\\/buletin.de\\\/bucuresti\\\/primaria-sectorului-2-se-asociaza-cu-bucuresti-ilfov-si-voluntari-pentru-a-realiza-pasajul-peste-bariera-petricani\\\/\",\"name\":\"Prim\u0103ria Sectorului 2 se asociaz\u0103 cu Bucure\u0219ti, Ilfov \u0219i Voluntari pentru a realiza pasajul peste Bariera Petricani - Buletin de Bucure\u0219ti\",\"isPartOf\":{\"@id\":\"https:\\\/\\\/buletin.de\\\/bucuresti\\\/#website\"},\"primaryImageOfPage\":{\"@id\":\"https:\\\/\\\/buletin.de\\\/bucuresti\\\/primaria-sectorului-2-se-asociaza-cu-bucuresti-ilfov-si-voluntari-pentru-a-realiza-pasajul-peste-bariera-petricani\\\/#primaryimage\"},\"image\":{\"@id\":\"https:\\\/\\\/buletin.de\\\/bucuresti\\\/primaria-sectorului-2-se-asociaza-cu-bucuresti-ilfov-si-voluntari-pentru-a-realiza-pasajul-peste-bariera-petricani\\\/#primaryimage\"},\"thumbnailUrl\":\"https:\\\/\\\/buletin.de\\\/bucuresti\\\/wp-content\\\/uploads\\\/2026\\\/04\\\/Pasaj-Bariera-Petricani.jpg\",\"datePublished\":\"2026-04-28T02:28:00+00:00\",\"description\":\"Consiliul Local Sector 2 solicit\u0103 acordul Consiliului General al Municipiului Bucure\u0219ti pentru realizarea pasajului peste Bariera Petricani\",\"breadcrumb\":{\"@id\":\"https:\\\/\\\/buletin.de\\\/bucuresti\\\/primaria-sectorului-2-se-asociaza-cu-bucuresti-ilfov-si-voluntari-pentru-a-realiza-pasajul-peste-bariera-petricani\\\/#breadcrumb\"},\"inLanguage\":\"en-GB\",\"potentialAction\":[{\"@type\":\"ReadAction\",\"target\":[\"https:\\\/\\\/buletin.de\\\/bucuresti\\\/primaria-sectorului-2-se-asociaza-cu-bucuresti-ilfov-si-voluntari-pentru-a-realiza-pasajul-peste-bariera-petricani\\\/\"]}]},{\"@type\":\"ImageObject\",\"inLanguage\":\"en-GB\",\"@id\":\"https:\\\/\\\/buletin.de\\\/bucuresti\\\/primaria-sectorului-2-se-asociaza-cu-bucuresti-ilfov-si-voluntari-pentru-a-realiza-pasajul-peste-bariera-petricani\\\/#primaryimage\",\"url\":\"https:\\\/\\\/buletin.de\\\/bucuresti\\\/wp-content\\\/uploads\\\/2026\\\/04\\\/Pasaj-Bariera-Petricani.jpg\",\"contentUrl\":\"https:\\\/\\\/buletin.de\\\/bucuresti\\\/wp-content\\\/uploads\\\/2026\\\/04\\\/Pasaj-Bariera-Petricani.jpg\",\"width\":1200,\"height\":650,\"caption\":\"Asociere \u00eentre patru administra\u021bii locale, pentru pasajul peste Bariera Petricani. Foto: Google Maps\"},{\"@type\":\"BreadcrumbList\",\"@id\":\"https:\\\/\\\/buletin.de\\\/bucuresti\\\/primaria-sectorului-2-se-asociaza-cu-bucuresti-ilfov-si-voluntari-pentru-a-realiza-pasajul-peste-bariera-petricani\\\/#breadcrumb\",\"itemListElement\":[{\"@type\":\"ListItem\",\"position\":1,\"name\":\"Acas\u0103\",\"item\":\"https:\\\/\\\/buletin.de\\\/bucuresti\\\/\"},{\"@type\":\"ListItem\",\"position\":2,\"name\":\"Prim\u0103ria Sectorului 2 se asociaz\u0103 cu Bucure\u0219ti, Ilfov \u0219i Voluntari pentru a realiza pasajul peste Bariera Petricani\"}]},{\"@type\":\"WebSite\",\"@id\":\"https:\\\/\\\/buletin.de\\\/bucuresti\\\/#website\",\"url\":\"https:\\\/\\\/buletin.de\\\/bucuresti\\\/\",\"name\":\"Buletin de Bucure\u0219ti\",\"description\":\"\u0218tiri \u0219i investiga\u021bii esen\u021biale din capital\u0103\",\"publisher\":{\"@id\":\"https:\\\/\\\/buletin.de\\\/bucuresti\\\/#organization\"},\"potentialAction\":[{\"@type\":\"SearchAction\",\"target\":{\"@type\":\"EntryPoint\",\"urlTemplate\":\"https:\\\/\\\/buletin.de\\\/bucuresti\\\/?s={search_term_string}\"},\"query-input\":{\"@type\":\"PropertyValueSpecification\",\"valueRequired\":true,\"valueName\":\"search_term_string\"}}],\"inLanguage\":\"en-GB\"},{\"@type\":\"Organization\",\"@id\":\"https:\\\/\\\/buletin.de\\\/bucuresti\\\/#organization\",\"name\":\"Buletin de Bucure\u0219ti\",\"url\":\"https:\\\/\\\/buletin.de\\\/bucuresti\\\/\",\"logo\":{\"@type\":\"ImageObject\",\"inLanguage\":\"en-GB\",\"@id\":\"https:\\\/\\\/buletin.de\\\/bucuresti\\\/#\\\/schema\\\/logo\\\/image\\\/\",\"url\":\"https:\\\/\\\/buletin.de\\\/bucuresti\\\/wp-content\\\/uploads\\\/logo-bdb-full-wide-vernil-transparent.png\",\"contentUrl\":\"https:\\\/\\\/buletin.de\\\/bucuresti\\\/wp-content\\\/uploads\\\/logo-bdb-full-wide-vernil-transparent.png\",\"width\":1782,\"height\":626,\"caption\":\"Buletin de Bucure\u0219ti\"},\"image\":{\"@id\":\"https:\\\/\\\/buletin.de\\\/bucuresti\\\/#\\\/schema\\\/logo\\\/image\\\/\"},\"sameAs\":[\"https:\\\/\\\/www.facebook.com\\\/buletin.de.buc\",\"https:\\\/\\\/www.instagram.com\\\/buletinde.bucuresti\\\/\"]},{\"@type\":\"Person\",\"@id\":\"https:\\\/\\\/buletin.de\\\/bucuresti\\\/#\\\/schema\\\/person\\\/81421a46fb84a0887cfd2238f5202586\",\"name\":\"Andreea St\u0103n\u0103r\u00eeng\u0103\",\"image\":{\"@type\":\"ImageObject\",\"inLanguage\":\"en-GB\",\"@id\":\"https:\\\/\\\/secure.gravatar.com\\\/avatar\\\/dfa8d227a4388fad0f0bb03add04b5b176f4da34397dbb2eadc563b3d7162ce0?s=96&d=monsterid&r=g72784372b39ffe5a98a45288fe0d0e8a\",\"url\":\"https:\\\/\\\/secure.gravatar.com\\\/avatar\\\/dfa8d227a4388fad0f0bb03add04b5b176f4da34397dbb2eadc563b3d7162ce0?s=96&d=monsterid&r=g\",\"contentUrl\":\"https:\\\/\\\/secure.gravatar.com\\\/avatar\\\/dfa8d227a4388fad0f0bb03add04b5b176f4da34397dbb2eadc563b3d7162ce0?s=96&d=monsterid&r=g\",\"caption\":\"Andreea St\u0103n\u0103r\u00eeng\u0103\"},\"description\":\"Cu o experien\u021b\u0103 de peste 5 ani \u00een pres\u0103, face parte din echipa Buletin de Bucure\u0219ti din septembrie 2025. A colaborat cu c\u00e2teva publica\u021bii, printre care \u0219i Fanatik.ro, unde s-a ocupat de \u0219tiri de lifestyle \u0219i de actualitate. A f\u0103cut un pas c\u0103tre presa local\u0103 pentru a explora Bucure\u0219tiul \u0219i pove\u0219tile care merit\u0103 spuse.\",\"url\":\"https:\\\/\\\/buletin.de\\\/bucuresti\\\/author\\\/andreea-stanaranga\\\/\"}]}<\/script>\n<!-- \/ Yoast SEO Premium plugin. -->","yoast_head_json":{"title":"Prim\u0103ria Sectorului 2 se asociaz\u0103 cu Bucure\u0219ti, Ilfov \u0219i Voluntari pentru a realiza pasajul peste Bariera Petricani - Buletin de Bucure\u0219ti","description":"Consiliul Local Sector 2 solicit\u0103 acordul Consiliului General al Municipiului Bucure\u0219ti pentru realizarea pasajului peste Bariera Petricani","robots":{"index":"index","follow":"follow","max-snippet":"max-snippet:-1","max-image-preview":"max-image-preview:large","max-video-preview":"max-video-preview:-1"},"canonical":"https:\/\/buletin.de\/bucuresti\/primaria-sectorului-2-se-asociaza-cu-bucuresti-ilfov-si-voluntari-pentru-a-realiza-pasajul-peste-bariera-petricani\/","og_locale":"en_GB","og_type":"article","og_title":"Prim\u0103ria Sectorului 2 se asociaz\u0103 cu Bucure\u0219ti, Ilfov \u0219i Voluntari pentru a realiza pasajul peste Bariera Petricani","og_description":"Consiliul Local Sector 2 solicit\u0103 acordul Consiliului General al Municipiului Bucure\u0219ti pentru realizarea pasajului peste Bariera Petricani","og_url":"https:\/\/buletin.de\/bucuresti\/primaria-sectorului-2-se-asociaza-cu-bucuresti-ilfov-si-voluntari-pentru-a-realiza-pasajul-peste-bariera-petricani\/","og_site_name":"Buletin de Bucure\u0219ti","article_publisher":"https:\/\/www.facebook.com\/buletin.de.buc","article_published_time":"2026-04-28T02:28:00+00:00","og_image":[{"width":1200,"height":650,"url":"https:\/\/buletin.de\/bucuresti\/wp-content\/uploads\/2026\/04\/Pasaj-Bariera-Petricani.jpg","type":"image\/jpeg"}],"author":"Andreea St\u0103n\u0103r\u00eeng\u0103","twitter_card":"summary_large_image","twitter_misc":{"Written by":"Andreea St\u0103n\u0103r\u00eeng\u0103","Estimated reading time":"3 minutes"},"schema":{"@context":"https:\/\/schema.org","@graph":[{"@type":"Article","@id":"https:\/\/buletin.de\/bucuresti\/primaria-sectorului-2-se-asociaza-cu-bucuresti-ilfov-si-voluntari-pentru-a-realiza-pasajul-peste-bariera-petricani\/#article","isPartOf":{"@id":"https:\/\/buletin.de\/bucuresti\/primaria-sectorului-2-se-asociaza-cu-bucuresti-ilfov-si-voluntari-pentru-a-realiza-pasajul-peste-bariera-petricani\/"},"author":{"name":"Andreea St\u0103n\u0103r\u00eeng\u0103","@id":"https:\/\/buletin.de\/bucuresti\/#\/schema\/person\/81421a46fb84a0887cfd2238f5202586"},"headline":"Prim\u0103ria Sectorului 2 se asociaz\u0103 cu Bucure\u0219ti, Ilfov \u0219i Voluntari pentru a realiza pasajul peste Bariera Petricani","datePublished":"2026-04-28T02:28:00+00:00","mainEntityOfPage":{"@id":"https:\/\/buletin.de\/bucuresti\/primaria-sectorului-2-se-asociaza-cu-bucuresti-ilfov-si-voluntari-pentru-a-realiza-pasajul-peste-bariera-petricani\/"},"wordCount":623,"publisher":{"@id":"https:\/\/buletin.de\/bucuresti\/#organization"},"image":{"@id":"https:\/\/buletin.de\/bucuresti\/primaria-sectorului-2-se-asociaza-cu-bucuresti-ilfov-si-voluntari-pentru-a-realiza-pasajul-peste-bariera-petricani\/#primaryimage"},"thumbnailUrl":"https:\/\/buletin.de\/bucuresti\/wp-content\/uploads\/2026\/04\/Pasaj-Bariera-Petricani.jpg","keywords":["bariera petricani","municipiul bucuresti","pasaj","pmb","primaria sectorului 2","proiect","Sector 2"],"articleSection":["Articole","Main","Prim\u0103rie"],"inLanguage":"en-GB","copyrightYear":"2026","copyrightHolder":{"@id":"https:\/\/buletin.de\/bucuresti\/#organization"}},{"@type":"WebPage","@id":"https:\/\/buletin.de\/bucuresti\/primaria-sectorului-2-se-asociaza-cu-bucuresti-ilfov-si-voluntari-pentru-a-realiza-pasajul-peste-bariera-petricani\/","url":"https:\/\/buletin.de\/bucuresti\/primaria-sectorului-2-se-asociaza-cu-bucuresti-ilfov-si-voluntari-pentru-a-realiza-pasajul-peste-bariera-petricani\/","name":"Prim\u0103ria Sectorului 2 se asociaz\u0103 cu Bucure\u0219ti, Ilfov \u0219i Voluntari pentru a realiza pasajul peste Bariera Petricani - Buletin de Bucure\u0219ti","isPartOf":{"@id":"https:\/\/buletin.de\/bucuresti\/#website"},"primaryImageOfPage":{"@id":"https:\/\/buletin.de\/bucuresti\/primaria-sectorului-2-se-asociaza-cu-bucuresti-ilfov-si-voluntari-pentru-a-realiza-pasajul-peste-bariera-petricani\/#primaryimage"},"image":{"@id":"https:\/\/buletin.de\/bucuresti\/primaria-sectorului-2-se-asociaza-cu-bucuresti-ilfov-si-voluntari-pentru-a-realiza-pasajul-peste-bariera-petricani\/#primaryimage"},"thumbnailUrl":"https:\/\/buletin.de\/bucuresti\/wp-content\/uploads\/2026\/04\/Pasaj-Bariera-Petricani.jpg","datePublished":"2026-04-28T02:28:00+00:00","description":"Consiliul Local Sector 2 solicit\u0103 acordul Consiliului General al Municipiului Bucure\u0219ti pentru realizarea pasajului peste Bariera Petricani","breadcrumb":{"@id":"https:\/\/buletin.de\/bucuresti\/primaria-sectorului-2-se-asociaza-cu-bucuresti-ilfov-si-voluntari-pentru-a-realiza-pasajul-peste-bariera-petricani\/#breadcrumb"},"inLanguage":"en-GB","potentialAction":[{"@type":"ReadAction","target":["https:\/\/buletin.de\/bucuresti\/primaria-sectorului-2-se-asociaza-cu-bucuresti-ilfov-si-voluntari-pentru-a-realiza-pasajul-peste-bariera-petricani\/"]}]},{"@type":"ImageObject","inLanguage":"en-GB","@id":"https:\/\/buletin.de\/bucuresti\/primaria-sectorului-2-se-asociaza-cu-bucuresti-ilfov-si-voluntari-pentru-a-realiza-pasajul-peste-bariera-petricani\/#primaryimage","url":"https:\/\/buletin.de\/bucuresti\/wp-content\/uploads\/2026\/04\/Pasaj-Bariera-Petricani.jpg","contentUrl":"https:\/\/buletin.de\/bucuresti\/wp-content\/uploads\/2026\/04\/Pasaj-Bariera-Petricani.jpg","width":1200,"height":650,"caption":"Asociere \u00eentre patru administra\u021bii locale, pentru pasajul peste Bariera Petricani. Foto: Google Maps"},{"@type":"BreadcrumbList","@id":"https:\/\/buletin.de\/bucuresti\/primaria-sectorului-2-se-asociaza-cu-bucuresti-ilfov-si-voluntari-pentru-a-realiza-pasajul-peste-bariera-petricani\/#breadcrumb","itemListElement":[{"@type":"ListItem","position":1,"name":"Acas\u0103","item":"https:\/\/buletin.de\/bucuresti\/"},{"@type":"ListItem","position":2,"name":"Prim\u0103ria Sectorului 2 se asociaz\u0103 cu Bucure\u0219ti, Ilfov \u0219i Voluntari pentru a realiza pasajul peste Bariera Petricani"}]},{"@type":"WebSite","@id":"https:\/\/buletin.de\/bucuresti\/#website","url":"https:\/\/buletin.de\/bucuresti\/","name":"Buletin de Bucure\u0219ti","description":"\u0218tiri \u0219i investiga\u021bii esen\u021biale din capital\u0103","publisher":{"@id":"https:\/\/buletin.de\/bucuresti\/#organization"},"potentialAction":[{"@type":"SearchAction","target":{"@type":"EntryPoint","urlTemplate":"https:\/\/buletin.de\/bucuresti\/?s={search_term_string}"},"query-input":{"@type":"PropertyValueSpecification","valueRequired":true,"valueName":"search_term_string"}}],"inLanguage":"en-GB"},{"@type":"Organization","@id":"https:\/\/buletin.de\/bucuresti\/#organization","name":"Buletin de Bucure\u0219ti","url":"https:\/\/buletin.de\/bucuresti\/","logo":{"@type":"ImageObject","inLanguage":"en-GB","@id":"https:\/\/buletin.de\/bucuresti\/#\/schema\/logo\/image\/","url":"https:\/\/buletin.de\/bucuresti\/wp-content\/uploads\/logo-bdb-full-wide-vernil-transparent.png","contentUrl":"https:\/\/buletin.de\/bucuresti\/wp-content\/uploads\/logo-bdb-full-wide-vernil-transparent.png","width":1782,"height":626,"caption":"Buletin de Bucure\u0219ti"},"image":{"@id":"https:\/\/buletin.de\/bucuresti\/#\/schema\/logo\/image\/"},"sameAs":["https:\/\/www.facebook.com\/buletin.de.buc","https:\/\/www.instagram.com\/buletinde.bucuresti\/"]},{"@type":"Person","@id":"https:\/\/buletin.de\/bucuresti\/#\/schema\/person\/81421a46fb84a0887cfd2238f5202586","name":"Andreea St\u0103n\u0103r\u00eeng\u0103","image":{"@type":"ImageObject","inLanguage":"en-GB","@id":"https:\/\/secure.gravatar.com\/avatar\/dfa8d227a4388fad0f0bb03add04b5b176f4da34397dbb2eadc563b3d7162ce0?s=96&d=monsterid&r=g72784372b39ffe5a98a45288fe0d0e8a","url":"https:\/\/secure.gravatar.com\/avatar\/dfa8d227a4388fad0f0bb03add04b5b176f4da34397dbb2eadc563b3d7162ce0?s=96&d=monsterid&r=g","contentUrl":"https:\/\/secure.gravatar.com\/avatar\/dfa8d227a4388fad0f0bb03add04b5b176f4da34397dbb2eadc563b3d7162ce0?s=96&d=monsterid&r=g","caption":"Andreea St\u0103n\u0103r\u00eeng\u0103"},"description":"Cu o experien\u021b\u0103 de peste 5 ani \u00een pres\u0103, face parte din echipa Buletin de Bucure\u0219ti din septembrie 2025. A colaborat cu c\u00e2teva publica\u021bii, printre care \u0219i Fanatik.ro, unde s-a ocupat de \u0219tiri de lifestyle \u0219i de actualitate. A f\u0103cut un pas c\u0103tre presa local\u0103 pentru a explora Bucure\u0219tiul \u0219i pove\u0219tile care merit\u0103 spuse.","url":"https:\/\/buletin.de\/bucuresti\/author\/andreea-stanaranga\/"}]}},"authors":[{"term_id":23912,"user_id":65,"is_guest":0,"slug":"andreea-stanaranga","display_name":"Andreea St\u0103n\u0103r\u00eeng\u0103","avatar_url":"https:\/\/secure.gravatar.com\/avatar\/dfa8d227a4388fad0f0bb03add04b5b176f4da34397dbb2eadc563b3d7162ce0?s=96&d=monsterid&r=g","0":null,"1":"","2":"","3":"","4":"","5":"","6":"","7":"","8":""}],"_links":{"self":[{"href":"https:\/\/buletin.de\/bucuresti\/wp-json\/wp\/v2\/posts\/189600","targetHints":{"allow":["GET"]}}],"collection":[{"href":"https:\/\/buletin.de\/bucuresti\/wp-json\/wp\/v2\/posts"}],"about":[{"href":"https:\/\/buletin.de\/bucuresti\/wp-json\/wp\/v2\/types\/post"}],"author":[{"embeddable":true,"href":"https:\/\/buletin.de\/bucuresti\/wp-json\/wp\/v2\/users\/65"}],"replies":[{"embeddable":true,"href":"https:\/\/buletin.de\/bucuresti\/wp-json\/wp\/v2\/comments?post=189600"}],"version-history":[{"count":13,"href":"https:\/\/buletin.de\/bucuresti\/wp-json\/wp\/v2\/posts\/189600\/revisions"}],"predecessor-version":[{"id":189762,"href":"https:\/\/buletin.de\/bucuresti\/wp-json\/wp\/v2\/posts\/189600\/revisions\/189762"}],"wp:featuredmedia":[{"embeddable":true,"href":"https:\/\/buletin.de\/bucuresti\/wp-json\/wp\/v2\/media\/189639"}],"wp:attachment":[{"href":"https:\/\/buletin.de\/bucuresti\/wp-json\/wp\/v2\/media?parent=189600"}],"wp:term":[{"taxonomy":"category","embeddable":true,"href":"https:\/\/buletin.de\/bucuresti\/wp-json\/wp\/v2\/categories?post=189600"},{"taxonomy":"post_tag","embeddable":true,"href":"https:\/\/buletin.de\/bucuresti\/wp-json\/wp\/v2\/tags?post=189600"},{"taxonomy":"author","embeddable":true,"href":"https:\/\/buletin.de\/bucuresti\/wp-json\/wp\/v2\/ppma_author?post=189600"}],"curies":[{"name":"wp","href":"https:\/\/api.w.org\/{rel}","templated":true}]}}