{"id":189573,"date":"2026-04-27T16:23:29","date_gmt":"2026-04-27T13:23:29","guid":{"rendered":"https:\/\/buletin.de\/bucuresti\/?p=189573"},"modified":"2026-04-27T16:24:20","modified_gmt":"2026-04-27T13:24:20","slug":"in-ce-trenuri-care-pleaca-din-bucuresti-te-poti-urca-fara-bilet-si-fara-sa-risti-o-suprataxa-club-feroviar","status":"publish","type":"post","link":"https:\/\/buletin.de\/bucuresti\/in-ce-trenuri-care-pleaca-din-bucuresti-te-poti-urca-fara-bilet-si-fara-sa-risti-o-suprataxa-club-feroviar\/","title":{"rendered":"\u00cen ce trenuri care pleac\u0103 din Bucure\u0219ti te po\u021bi urca f\u0103r\u0103 bilet \u0219i f\u0103r\u0103 s\u0103 ri\u0219ti o supratax\u0103 | Club Feroviar"},"content":{"rendered":"\n<p><strong>C\u0103l\u0103torii se pot urca f\u0103r\u0103 bilet \u00een mai multe trenuri private. Acestea nu percep supratax\u0103, c\u00e2nd vine controlul, ci doar achitarea tarifului obi\u0219nuit, scrie <a href=\"https:\/\/clubferoviar.ro\/emiterea-biletului-in-tren\/\" type=\"link\" id=\"https:\/\/clubferoviar.ro\/emiterea-biletului-in-tren\/\" target=\"_blank\" rel=\"noreferrer noopener\">Club Feroviar<\/a>. <\/strong><\/p>\n\n\n\n<p>\u00cen cazul vagoanelor operate de CFR C\u0103l\u0103tori, achizi\u021bionarea titlurilor de c\u0103l\u0103torie dup\u0103 \u00eembarcare vine la pachet cu o suprataxare. <\/p>\n\n\n\n<p>Printre operatorii priva\u021bi pe care c\u0103l\u0103torii \u00eei pot alege se num\u0103r\u0103 InterRegional C\u0103l\u0103tori, Softrans \u0219i Transferoviar C\u0103l\u0103tori. <\/p>\n\n\n\n<h2 class=\"wp-block-heading\" id=\"h-in-ce-trenuri-care-pleaca-din-bucure\u0219ti-te-po\u021bi-urca-fara-bilet\">\u00cen ce trenuri care pleac\u0103 din Bucure\u0219ti te po\u021bi urca f\u0103r\u0103 bilet<\/h2>\n\n\n\n<p><strong>Cele trei companii feroviare le permit c\u0103l\u0103torilor s\u0103 cumpere biletele at\u00e2t de la ghi\u0219ee, c\u00e2t \u0219i direct la urcarea \u00een tren. \u00cen cazul \u00een care oamenii aleg c\u0103 cumpere titlurile de c\u0103l\u0103torie dup\u0103 \u00eembarcare , ace\u0219tia nu sunt taxa\u021bi suplimentar, a\u0219a cum se practic\u0103 \u00een cazul curselor operate de CFR C\u0103l\u0103tori, conform Club Feroviar.<\/strong><\/p>\n\n\n\n<p>Cu toate astea, \u00een cazul companiei Softrans, c\u0103l\u0103torilor le este recomandat s\u0103 s\u0103 cumpere biletele de la casierie, pentru a evita situa\u021biile \u00een care nu exist\u0103 locuri libere \u00een tren. Acela\u0219i lucru este recomandat \u0219i celor care aleg s\u0103 circule cu Astra Trans Carpatic, \u00een special pentru trenurile IR 11501\/11500 de pe ruta Bucure\u0219ti-Craiova-Timi\u0219oara-Arad \u0219i retur, unde trebuie rezervat locul \u00een vagon de dormit sau cu\u0219et\u0103.<\/p>\n\n\n\n<p>\u00cen cazul companiei Transferoviar C\u0103l\u0103tori, pasagerii trebuie s\u0103 cumpere biletele dac\u0103 pleac\u0103 dintr-o sta\u021bie unde exist\u0103 casierie, \u00een caz contrar, biletele se cump\u0103r\u0103 direct din tren, f\u0103r\u0103 o supratax\u0103. <\/p>\n\n\n\n<p>\u00cen cazul trenurilor operate de Transferoviar C\u0103l\u0103tori pe ruta Gara de Nord &#8211; Aeroport Henri Coand\u0103, c\u0103l\u0103torii se pot urca f\u0103r\u0103 s\u0103 cumpere bilet \u00eenainte de \u00eembarcare, chiar dac\u0103 \u00een sta\u021bie exist\u0103 casierie. Tariful r\u0103m\u00e2ne cel normal, de 6,5 lei. Pe aceea\u0219i rut\u0103, \u00een trenurile CFR C\u0103l\u0103tori, dac\u0103 biletele sunt luate de la controlor, tariful va fi de 13 lei. <\/p>\n\n\n\n<p><strong>Cite\u0219te \u00eentregul materia pe <a href=\"https:\/\/clubferoviar.ro\/emiterea-biletului-in-tren\/\" type=\"link\" id=\"https:\/\/clubferoviar.ro\/emiterea-biletului-in-tren\/\">Club Feroviar<\/a>. <\/strong><\/p>\n\n\n\n<p><strong>CITE\u0218TE \u0218I <a href=\"https:\/\/buletin.de\/bucuresti\/proiectarea-pentru-tronsonul-eroilor-piata-iancului-de-pe-m5-aproape-finalizata-lucrarile-ar-putea-incepe-abia-in-2028\/\" type=\"link\" id=\"https:\/\/buletin.de\/bucuresti\/proiectarea-pentru-tronsonul-eroilor-piata-iancului-de-pe-m5-aproape-finalizata-lucrarile-ar-putea-incepe-abia-in-2028\/\">Proiectarea pentru tronsonul Eroilor \u2013 Pia\u021ba Iancului, de pe M5, aproape finalizat\u0103. Lucr\u0103rile ar putea \u00eencepe abia \u00een 2028<\/a><\/strong><\/p>\n\n\n\n<h2 class=\"wp-block-heading\" id=\"h-trenurile-noi-pesa-zac-in-gara-obor\">Trenurile noi PESA zac \u00een Gara Obor<\/h2>\n\n\n\n<p>Un total de 21 de trenuri noi, cump\u0103rate de statul rom\u00e2n cu fonduri europene, stau \u00een prezent uitate \u00een Gara Obor, f\u0103r\u0103 a exista perspective de punere a acestora \u00een circula\u021bie. Motivul: nu exist\u0103 hale pentru mentenan\u021ba lor. <\/p>\n\n\n\n<p>\u00cen cadrul contractului ce a fost semnat de polonezii de la PESA se precizeaz\u0103 c\u0103 pe l\u00e2ng\u0103 livrarea tenurilor, sunt necesare \u0219i hale pentru mentenan\u021ba acestora. <\/p>\n\n\n\n<p><strong>Asocia\u021bia Pro Infrastructur\u0103 a transmis c\u0103 produc\u0103torul polonez de trenuri, care a c\u00e2\u0219tigat licita\u021bia pentru a livra 62 de trenuri noi, \u00een valoare total\u0103 de 3,23 miliarde de lei, f\u0103r\u0103 TVA, nu este \u00een stare s\u0103 g\u0103seasc\u0103 hale pentru a asigura mentenan\u021ba acestora, condi\u021bie obligatorie \u00een contract.<\/strong><\/p>\n\n\n\n<p><em>\u201eSe vede c\u0103 este greu ca PESA s\u0103 g\u0103seasc\u0103 hale la maximum 10 km de Bucure\u0219ti, Ia\u0219i sau Cluj-Napoca. PESA \u00eencearc\u0103 de luni de zile s\u0103 ob\u021bin\u0103 acces la trenuri, dar trenurile sunt tot la Obor, unde stau degeaba \u0219i\u2026 a\u0219teapt\u0103.<\/em><\/p>\n\n\n\n<p><em>Exista \u0219i posibilitatea ca PESA s\u0103 fi constatat c\u0103 nu poate face mentenan\u021ba la pre\u021bul pe care l-a ofertat, a\u0219a cum au acuzat \u0219i concuren\u021bii lor de la Alstom la licita\u021bie, \u00een faza contesta\u021biilor. Dac\u0103 este a\u0219a, vom sta mult \u0219i bine dup\u0103 recep\u021bia \u0219i intrarea lor \u00een serviciul public de c\u0103l\u0103tori\u201d<\/em>, a men\u021bionat Pro Infrastructur\u0103.<\/p>\n\n\n\n<p>De asemenea, asocia\u021bia acuz\u0103 \u0219i statul rom\u00e2n c\u0103 ar contribui la aceast\u0103 situa\u021bie: Autoritatea Feroviar\u0103 Rom\u00e2n\u0103 (AFER) pune piedici certific\u0103rii PESA pe partea de mentenan\u021b\u0103.<\/p>\n\n\n\n<p><em>\u201eIar la CFR C\u0103l\u0103tori nu vedem deloc dorin\u021ba de a le pune \u00een circula\u021bie, fiindc\u0103 orice ram\u0103 nou\u0103 este o b\u0103taie de cap \u00een plus \u0219i ar necesita mai pu\u021bin personal dec\u00e2t trenurile cu vagoane, ceea ce ar sup\u0103ra sindicatele.<\/em><\/p>\n\n\n\n<p><em>Indiferent care ar fi adev\u0103rul exact, c\u0103l\u0103torii pe Regio circul\u0103 tot cu vagonul unic tras de o [locomotiv] EAde marf\u0103 cu 6 osii\u201d, <\/em>mai scrie Asocia\u021bia Pro Infrastructur\u0103.<\/p>\n\n\n\n<p><strong>CITE\u0218TE \u0218I: <a href=\"https:\/\/buletin.de\/bucuresti\/21-de-trenuri-noi-pesa-sunt-blocate-in-gara-obor-asociatia-pro-infrastructura-vina-este-impartita-intre-polonezi-si-autoritatile-romane\/\" target=\"_blank\" rel=\"noreferrer noopener\">21 de trenuri noi PESA sunt blocate \u00een Gara Obor. Asocia\u021bia Pro Infrastructur\u0103: Vina este \u00eemp\u0103r\u021bit\u0103 \u00eentre polonezi \u0219i autorit\u0103\u021bile rom\u00e2ne<\/a><br><\/strong><\/p>\n","protected":false},"excerpt":{"rendered":"<p>C\u0103l\u0103torii se pot urca f\u0103r\u0103 bilet \u00een mai multe trenuri private. Acestea nu percep supratax\u0103, c\u00e2nd vine controlul, ci doar achitarea tarifului obi\u0219nuit, scrie Club Feroviar. \u00cen cazul vagoanelor operate de CFR C\u0103l\u0103tori, achizi\u021bionarea titlurilor de c\u0103l\u0103torie dup\u0103 \u00eembarcare vine la pachet cu o suprataxare. Printre operatorii priva\u021bi pe care c\u0103l\u0103torii \u00eei pot alege se [&hellip;]<\/p>\n","protected":false},"author":1,"featured_media":189623,"comment_status":"closed","ping_status":"open","sticky":false,"template":"","format":"standard","meta":{"_acf_changed":false,"inline_featured_image":false,"ngg_post_thumbnail":0,"footnotes":""},"categories":[6994,62,650],"tags":[27997,14800,4383,27998,11246,3732],"ppma_author":[22583],"class_list":["post-189573","post","type-post","status-publish","format-standard","has-post-thumbnail","hentry","category-stiri-2","category-stiri","category-transport","tag-astra-trans-carpatic","tag-bilete-de-tren","tag-cfr-calatori","tag-interregional-calatori-2","tag-softrans","tag-suprataxare"],"acf":[],"yoast_head":"<!-- This site is optimized with the Yoast SEO Premium plugin v25.3 (Yoast SEO v27.4) - https:\/\/yoast.com\/product\/yoast-seo-premium-wordpress\/ -->\n<title>\u00cen ce trenuri care pleac\u0103 din Bucure\u0219ti te po\u021bi urca f\u0103r\u0103 bilet \u0219i f\u0103r\u0103 s\u0103 ri\u0219ti o supratax\u0103 | Club Feroviar - Buletin de Bucure\u0219ti<\/title>\n<meta name=\"description\" content=\"Mai mul\u021bi operatori feroviari priva\u021bi permit c\u0103l\u0103torilor cump\u0103rarea biletelor dup\u0103 urcarea \u00een tren, f\u0103r\u0103 a percepe o tax\u0103 suplimentar\u0103.\" \/>\n<meta name=\"robots\" content=\"index, follow, max-snippet:-1, max-image-preview:large, max-video-preview:-1\" \/>\n<link rel=\"canonical\" href=\"https:\/\/buletin.de\/bucuresti\/in-ce-trenuri-care-pleaca-din-bucuresti-te-poti-urca-fara-bilet-si-fara-sa-risti-o-suprataxa-club-feroviar\/\" \/>\n<meta property=\"og:locale\" content=\"en_GB\" \/>\n<meta property=\"og:type\" content=\"article\" \/>\n<meta property=\"og:title\" content=\"\u00cen ce trenuri care pleac\u0103 din Bucure\u0219ti te po\u021bi urca f\u0103r\u0103 bilet \u0219i f\u0103r\u0103 s\u0103 ri\u0219ti o supratax\u0103 | Club Feroviar\" \/>\n<meta property=\"og:description\" content=\"Mai mul\u021bi operatori feroviari priva\u021bi permit c\u0103l\u0103torilor cump\u0103rarea biletelor dup\u0103 urcarea \u00een tren, f\u0103r\u0103 a percepe o tax\u0103 suplimentar\u0103.\" \/>\n<meta property=\"og:url\" content=\"https:\/\/buletin.de\/bucuresti\/in-ce-trenuri-care-pleaca-din-bucuresti-te-poti-urca-fara-bilet-si-fara-sa-risti-o-suprataxa-club-feroviar\/\" \/>\n<meta property=\"og:site_name\" content=\"Buletin de Bucure\u0219ti\" \/>\n<meta property=\"article:publisher\" content=\"https:\/\/www.facebook.com\/buletin.de.buc\" \/>\n<meta property=\"article:published_time\" content=\"2026-04-27T13:23:29+00:00\" \/>\n<meta property=\"article:modified_time\" content=\"2026-04-27T13:24:20+00:00\" \/>\n<meta property=\"og:image\" content=\"https:\/\/buletin.de\/bucuresti\/wp-content\/uploads\/2026\/04\/Trenuri-suplimentate-de-1-Mai-1.jpg\" \/>\n\t<meta property=\"og:image:width\" content=\"1600\" \/>\n\t<meta property=\"og:image:height\" content=\"1067\" \/>\n\t<meta property=\"og:image:type\" content=\"image\/jpeg\" \/>\n<meta name=\"author\" content=\"Redac\u021bia Buletin de Bucure\u0219ti\" \/>\n<meta name=\"twitter:card\" content=\"summary_large_image\" \/>\n<meta name=\"twitter:label1\" content=\"Written by\" \/>\n\t<meta name=\"twitter:data1\" content=\"Redac\u021bia Buletin de Bucure\u0219ti\" \/>\n\t<meta name=\"twitter:label2\" content=\"Estimated reading time\" \/>\n\t<meta name=\"twitter:data2\" content=\"3 minutes\" \/>\n<script type=\"application\/ld+json\" class=\"yoast-schema-graph\">{\"@context\":\"https:\\\/\\\/schema.org\",\"@graph\":[{\"@type\":\"Article\",\"@id\":\"https:\\\/\\\/buletin.de\\\/bucuresti\\\/in-ce-trenuri-care-pleaca-din-bucuresti-te-poti-urca-fara-bilet-si-fara-sa-risti-o-suprataxa-club-feroviar\\\/#article\",\"isPartOf\":{\"@id\":\"https:\\\/\\\/buletin.de\\\/bucuresti\\\/in-ce-trenuri-care-pleaca-din-bucuresti-te-poti-urca-fara-bilet-si-fara-sa-risti-o-suprataxa-club-feroviar\\\/\"},\"author\":{\"name\":\"Redac\u021bia Buletin de Bucure\u0219ti\",\"@id\":\"https:\\\/\\\/buletin.de\\\/bucuresti\\\/#\\\/schema\\\/person\\\/2bbcf854e5f2419a13804af574d06ab1\"},\"headline\":\"\u00cen ce trenuri care pleac\u0103 din Bucure\u0219ti te po\u021bi urca f\u0103r\u0103 bilet \u0219i f\u0103r\u0103 s\u0103 ri\u0219ti o supratax\u0103 | Club Feroviar\",\"datePublished\":\"2026-04-27T13:23:29+00:00\",\"dateModified\":\"2026-04-27T13:24:20+00:00\",\"mainEntityOfPage\":{\"@id\":\"https:\\\/\\\/buletin.de\\\/bucuresti\\\/in-ce-trenuri-care-pleaca-din-bucuresti-te-poti-urca-fara-bilet-si-fara-sa-risti-o-suprataxa-club-feroviar\\\/\"},\"wordCount\":768,\"publisher\":{\"@id\":\"https:\\\/\\\/buletin.de\\\/bucuresti\\\/#organization\"},\"image\":{\"@id\":\"https:\\\/\\\/buletin.de\\\/bucuresti\\\/in-ce-trenuri-care-pleaca-din-bucuresti-te-poti-urca-fara-bilet-si-fara-sa-risti-o-suprataxa-club-feroviar\\\/#primaryimage\"},\"thumbnailUrl\":\"https:\\\/\\\/buletin.de\\\/bucuresti\\\/wp-content\\\/uploads\\\/2026\\\/04\\\/Trenuri-suplimentate-de-1-Mai-1.jpg\",\"keywords\":[\"Astra Trans Carpatic\",\"bilete de tren\",\"CFR C\u0103l\u0103tori\",\"InterRegional C\u0103l\u0103tori\",\"Softrans\",\"suprataxare\"],\"articleSection\":[\"Articole\",\"\u0218tiri\",\"Transport\"],\"inLanguage\":\"en-GB\",\"copyrightYear\":\"2026\",\"copyrightHolder\":{\"@id\":\"https:\\\/\\\/buletin.de\\\/bucuresti\\\/#organization\"}},{\"@type\":\"WebPage\",\"@id\":\"https:\\\/\\\/buletin.de\\\/bucuresti\\\/in-ce-trenuri-care-pleaca-din-bucuresti-te-poti-urca-fara-bilet-si-fara-sa-risti-o-suprataxa-club-feroviar\\\/\",\"url\":\"https:\\\/\\\/buletin.de\\\/bucuresti\\\/in-ce-trenuri-care-pleaca-din-bucuresti-te-poti-urca-fara-bilet-si-fara-sa-risti-o-suprataxa-club-feroviar\\\/\",\"name\":\"\u00cen ce trenuri care pleac\u0103 din Bucure\u0219ti te po\u021bi urca f\u0103r\u0103 bilet \u0219i f\u0103r\u0103 s\u0103 ri\u0219ti o supratax\u0103 | Club Feroviar - Buletin de Bucure\u0219ti\",\"isPartOf\":{\"@id\":\"https:\\\/\\\/buletin.de\\\/bucuresti\\\/#website\"},\"primaryImageOfPage\":{\"@id\":\"https:\\\/\\\/buletin.de\\\/bucuresti\\\/in-ce-trenuri-care-pleaca-din-bucuresti-te-poti-urca-fara-bilet-si-fara-sa-risti-o-suprataxa-club-feroviar\\\/#primaryimage\"},\"image\":{\"@id\":\"https:\\\/\\\/buletin.de\\\/bucuresti\\\/in-ce-trenuri-care-pleaca-din-bucuresti-te-poti-urca-fara-bilet-si-fara-sa-risti-o-suprataxa-club-feroviar\\\/#primaryimage\"},\"thumbnailUrl\":\"https:\\\/\\\/buletin.de\\\/bucuresti\\\/wp-content\\\/uploads\\\/2026\\\/04\\\/Trenuri-suplimentate-de-1-Mai-1.jpg\",\"datePublished\":\"2026-04-27T13:23:29+00:00\",\"dateModified\":\"2026-04-27T13:24:20+00:00\",\"description\":\"Mai mul\u021bi operatori feroviari priva\u021bi permit c\u0103l\u0103torilor cump\u0103rarea biletelor dup\u0103 urcarea \u00een tren, f\u0103r\u0103 a percepe o tax\u0103 suplimentar\u0103.\",\"breadcrumb\":{\"@id\":\"https:\\\/\\\/buletin.de\\\/bucuresti\\\/in-ce-trenuri-care-pleaca-din-bucuresti-te-poti-urca-fara-bilet-si-fara-sa-risti-o-suprataxa-club-feroviar\\\/#breadcrumb\"},\"inLanguage\":\"en-GB\",\"potentialAction\":[{\"@type\":\"ReadAction\",\"target\":[\"https:\\\/\\\/buletin.de\\\/bucuresti\\\/in-ce-trenuri-care-pleaca-din-bucuresti-te-poti-urca-fara-bilet-si-fara-sa-risti-o-suprataxa-club-feroviar\\\/\"]}]},{\"@type\":\"ImageObject\",\"inLanguage\":\"en-GB\",\"@id\":\"https:\\\/\\\/buletin.de\\\/bucuresti\\\/in-ce-trenuri-care-pleaca-din-bucuresti-te-poti-urca-fara-bilet-si-fara-sa-risti-o-suprataxa-club-feroviar\\\/#primaryimage\",\"url\":\"https:\\\/\\\/buletin.de\\\/bucuresti\\\/wp-content\\\/uploads\\\/2026\\\/04\\\/Trenuri-suplimentate-de-1-Mai-1.jpg\",\"contentUrl\":\"https:\\\/\\\/buletin.de\\\/bucuresti\\\/wp-content\\\/uploads\\\/2026\\\/04\\\/Trenuri-suplimentate-de-1-Mai-1.jpg\",\"width\":1600,\"height\":1067,\"caption\":\"Trenuri pentru care bucure\u0219tenii nu pl\u0103tesc mai mult dac\u0103 cump\u0103r\u0103 bilet dup\u0103 \u00eembarcare. FOTO: Inquam Photos \\\/ George C\u0103lin\"},{\"@type\":\"BreadcrumbList\",\"@id\":\"https:\\\/\\\/buletin.de\\\/bucuresti\\\/in-ce-trenuri-care-pleaca-din-bucuresti-te-poti-urca-fara-bilet-si-fara-sa-risti-o-suprataxa-club-feroviar\\\/#breadcrumb\",\"itemListElement\":[{\"@type\":\"ListItem\",\"position\":1,\"name\":\"Acas\u0103\",\"item\":\"https:\\\/\\\/buletin.de\\\/bucuresti\\\/\"},{\"@type\":\"ListItem\",\"position\":2,\"name\":\"\u00cen ce trenuri care pleac\u0103 din Bucure\u0219ti te po\u021bi urca f\u0103r\u0103 bilet \u0219i f\u0103r\u0103 s\u0103 ri\u0219ti o supratax\u0103 | Club Feroviar\"}]},{\"@type\":\"WebSite\",\"@id\":\"https:\\\/\\\/buletin.de\\\/bucuresti\\\/#website\",\"url\":\"https:\\\/\\\/buletin.de\\\/bucuresti\\\/\",\"name\":\"Buletin de Bucure\u0219ti\",\"description\":\"\u0218tiri \u0219i investiga\u021bii esen\u021biale din capital\u0103\",\"publisher\":{\"@id\":\"https:\\\/\\\/buletin.de\\\/bucuresti\\\/#organization\"},\"potentialAction\":[{\"@type\":\"SearchAction\",\"target\":{\"@type\":\"EntryPoint\",\"urlTemplate\":\"https:\\\/\\\/buletin.de\\\/bucuresti\\\/?s={search_term_string}\"},\"query-input\":{\"@type\":\"PropertyValueSpecification\",\"valueRequired\":true,\"valueName\":\"search_term_string\"}}],\"inLanguage\":\"en-GB\"},{\"@type\":\"Organization\",\"@id\":\"https:\\\/\\\/buletin.de\\\/bucuresti\\\/#organization\",\"name\":\"Buletin de Bucure\u0219ti\",\"url\":\"https:\\\/\\\/buletin.de\\\/bucuresti\\\/\",\"logo\":{\"@type\":\"ImageObject\",\"inLanguage\":\"en-GB\",\"@id\":\"https:\\\/\\\/buletin.de\\\/bucuresti\\\/#\\\/schema\\\/logo\\\/image\\\/\",\"url\":\"https:\\\/\\\/buletin.de\\\/bucuresti\\\/wp-content\\\/uploads\\\/logo-bdb-full-wide-vernil-transparent.png\",\"contentUrl\":\"https:\\\/\\\/buletin.de\\\/bucuresti\\\/wp-content\\\/uploads\\\/logo-bdb-full-wide-vernil-transparent.png\",\"width\":1782,\"height\":626,\"caption\":\"Buletin de Bucure\u0219ti\"},\"image\":{\"@id\":\"https:\\\/\\\/buletin.de\\\/bucuresti\\\/#\\\/schema\\\/logo\\\/image\\\/\"},\"sameAs\":[\"https:\\\/\\\/www.facebook.com\\\/buletin.de.buc\",\"https:\\\/\\\/www.instagram.com\\\/buletinde.bucuresti\\\/\"]},{\"@type\":\"Person\",\"@id\":\"https:\\\/\\\/buletin.de\\\/bucuresti\\\/#\\\/schema\\\/person\\\/2bbcf854e5f2419a13804af574d06ab1\",\"name\":\"Redac\u021bia Buletin de Bucure\u0219ti\",\"image\":{\"@type\":\"ImageObject\",\"inLanguage\":\"en-GB\",\"@id\":\"https:\\\/\\\/secure.gravatar.com\\\/avatar\\\/18c5342381ed1a08620e6280424e3e5efc958618f5d67c522c9e44c1bc6f9226?s=96&d=monsterid&r=g60c7cd0ad92c68c049fcd4bb3504d609\",\"url\":\"https:\\\/\\\/secure.gravatar.com\\\/avatar\\\/18c5342381ed1a08620e6280424e3e5efc958618f5d67c522c9e44c1bc6f9226?s=96&d=monsterid&r=g\",\"contentUrl\":\"https:\\\/\\\/secure.gravatar.com\\\/avatar\\\/18c5342381ed1a08620e6280424e3e5efc958618f5d67c522c9e44c1bc6f9226?s=96&d=monsterid&r=g\",\"caption\":\"Redac\u021bia Buletin de Bucure\u0219ti\"},\"description\":\"Buletin de Bucure\u0219ti exist\u0103 din vara anului 2019.\",\"url\":\"https:\\\/\\\/buletin.de\\\/bucuresti\\\/author\\\/adminbuletin\\\/\"}]}<\/script>\n<!-- \/ Yoast SEO Premium plugin. -->","yoast_head_json":{"title":"\u00cen ce trenuri care pleac\u0103 din Bucure\u0219ti te po\u021bi urca f\u0103r\u0103 bilet \u0219i f\u0103r\u0103 s\u0103 ri\u0219ti o supratax\u0103 | Club Feroviar - Buletin de Bucure\u0219ti","description":"Mai mul\u021bi operatori feroviari priva\u021bi permit c\u0103l\u0103torilor cump\u0103rarea biletelor dup\u0103 urcarea \u00een tren, f\u0103r\u0103 a percepe o tax\u0103 suplimentar\u0103.","robots":{"index":"index","follow":"follow","max-snippet":"max-snippet:-1","max-image-preview":"max-image-preview:large","max-video-preview":"max-video-preview:-1"},"canonical":"https:\/\/buletin.de\/bucuresti\/in-ce-trenuri-care-pleaca-din-bucuresti-te-poti-urca-fara-bilet-si-fara-sa-risti-o-suprataxa-club-feroviar\/","og_locale":"en_GB","og_type":"article","og_title":"\u00cen ce trenuri care pleac\u0103 din Bucure\u0219ti te po\u021bi urca f\u0103r\u0103 bilet \u0219i f\u0103r\u0103 s\u0103 ri\u0219ti o supratax\u0103 | Club Feroviar","og_description":"Mai mul\u021bi operatori feroviari priva\u021bi permit c\u0103l\u0103torilor cump\u0103rarea biletelor dup\u0103 urcarea \u00een tren, f\u0103r\u0103 a percepe o tax\u0103 suplimentar\u0103.","og_url":"https:\/\/buletin.de\/bucuresti\/in-ce-trenuri-care-pleaca-din-bucuresti-te-poti-urca-fara-bilet-si-fara-sa-risti-o-suprataxa-club-feroviar\/","og_site_name":"Buletin de Bucure\u0219ti","article_publisher":"https:\/\/www.facebook.com\/buletin.de.buc","article_published_time":"2026-04-27T13:23:29+00:00","article_modified_time":"2026-04-27T13:24:20+00:00","og_image":[{"width":1600,"height":1067,"url":"https:\/\/buletin.de\/bucuresti\/wp-content\/uploads\/2026\/04\/Trenuri-suplimentate-de-1-Mai-1.jpg","type":"image\/jpeg"}],"author":"Redac\u021bia Buletin de Bucure\u0219ti","twitter_card":"summary_large_image","twitter_misc":{"Written by":"Redac\u021bia Buletin de Bucure\u0219ti","Estimated reading time":"3 minutes"},"schema":{"@context":"https:\/\/schema.org","@graph":[{"@type":"Article","@id":"https:\/\/buletin.de\/bucuresti\/in-ce-trenuri-care-pleaca-din-bucuresti-te-poti-urca-fara-bilet-si-fara-sa-risti-o-suprataxa-club-feroviar\/#article","isPartOf":{"@id":"https:\/\/buletin.de\/bucuresti\/in-ce-trenuri-care-pleaca-din-bucuresti-te-poti-urca-fara-bilet-si-fara-sa-risti-o-suprataxa-club-feroviar\/"},"author":{"name":"Redac\u021bia Buletin de Bucure\u0219ti","@id":"https:\/\/buletin.de\/bucuresti\/#\/schema\/person\/2bbcf854e5f2419a13804af574d06ab1"},"headline":"\u00cen ce trenuri care pleac\u0103 din Bucure\u0219ti te po\u021bi urca f\u0103r\u0103 bilet \u0219i f\u0103r\u0103 s\u0103 ri\u0219ti o supratax\u0103 | Club Feroviar","datePublished":"2026-04-27T13:23:29+00:00","dateModified":"2026-04-27T13:24:20+00:00","mainEntityOfPage":{"@id":"https:\/\/buletin.de\/bucuresti\/in-ce-trenuri-care-pleaca-din-bucuresti-te-poti-urca-fara-bilet-si-fara-sa-risti-o-suprataxa-club-feroviar\/"},"wordCount":768,"publisher":{"@id":"https:\/\/buletin.de\/bucuresti\/#organization"},"image":{"@id":"https:\/\/buletin.de\/bucuresti\/in-ce-trenuri-care-pleaca-din-bucuresti-te-poti-urca-fara-bilet-si-fara-sa-risti-o-suprataxa-club-feroviar\/#primaryimage"},"thumbnailUrl":"https:\/\/buletin.de\/bucuresti\/wp-content\/uploads\/2026\/04\/Trenuri-suplimentate-de-1-Mai-1.jpg","keywords":["Astra Trans Carpatic","bilete de tren","CFR C\u0103l\u0103tori","InterRegional C\u0103l\u0103tori","Softrans","suprataxare"],"articleSection":["Articole","\u0218tiri","Transport"],"inLanguage":"en-GB","copyrightYear":"2026","copyrightHolder":{"@id":"https:\/\/buletin.de\/bucuresti\/#organization"}},{"@type":"WebPage","@id":"https:\/\/buletin.de\/bucuresti\/in-ce-trenuri-care-pleaca-din-bucuresti-te-poti-urca-fara-bilet-si-fara-sa-risti-o-suprataxa-club-feroviar\/","url":"https:\/\/buletin.de\/bucuresti\/in-ce-trenuri-care-pleaca-din-bucuresti-te-poti-urca-fara-bilet-si-fara-sa-risti-o-suprataxa-club-feroviar\/","name":"\u00cen ce trenuri care pleac\u0103 din Bucure\u0219ti te po\u021bi urca f\u0103r\u0103 bilet \u0219i f\u0103r\u0103 s\u0103 ri\u0219ti o supratax\u0103 | Club Feroviar - Buletin de Bucure\u0219ti","isPartOf":{"@id":"https:\/\/buletin.de\/bucuresti\/#website"},"primaryImageOfPage":{"@id":"https:\/\/buletin.de\/bucuresti\/in-ce-trenuri-care-pleaca-din-bucuresti-te-poti-urca-fara-bilet-si-fara-sa-risti-o-suprataxa-club-feroviar\/#primaryimage"},"image":{"@id":"https:\/\/buletin.de\/bucuresti\/in-ce-trenuri-care-pleaca-din-bucuresti-te-poti-urca-fara-bilet-si-fara-sa-risti-o-suprataxa-club-feroviar\/#primaryimage"},"thumbnailUrl":"https:\/\/buletin.de\/bucuresti\/wp-content\/uploads\/2026\/04\/Trenuri-suplimentate-de-1-Mai-1.jpg","datePublished":"2026-04-27T13:23:29+00:00","dateModified":"2026-04-27T13:24:20+00:00","description":"Mai mul\u021bi operatori feroviari priva\u021bi permit c\u0103l\u0103torilor cump\u0103rarea biletelor dup\u0103 urcarea \u00een tren, f\u0103r\u0103 a percepe o tax\u0103 suplimentar\u0103.","breadcrumb":{"@id":"https:\/\/buletin.de\/bucuresti\/in-ce-trenuri-care-pleaca-din-bucuresti-te-poti-urca-fara-bilet-si-fara-sa-risti-o-suprataxa-club-feroviar\/#breadcrumb"},"inLanguage":"en-GB","potentialAction":[{"@type":"ReadAction","target":["https:\/\/buletin.de\/bucuresti\/in-ce-trenuri-care-pleaca-din-bucuresti-te-poti-urca-fara-bilet-si-fara-sa-risti-o-suprataxa-club-feroviar\/"]}]},{"@type":"ImageObject","inLanguage":"en-GB","@id":"https:\/\/buletin.de\/bucuresti\/in-ce-trenuri-care-pleaca-din-bucuresti-te-poti-urca-fara-bilet-si-fara-sa-risti-o-suprataxa-club-feroviar\/#primaryimage","url":"https:\/\/buletin.de\/bucuresti\/wp-content\/uploads\/2026\/04\/Trenuri-suplimentate-de-1-Mai-1.jpg","contentUrl":"https:\/\/buletin.de\/bucuresti\/wp-content\/uploads\/2026\/04\/Trenuri-suplimentate-de-1-Mai-1.jpg","width":1600,"height":1067,"caption":"Trenuri pentru care bucure\u0219tenii nu pl\u0103tesc mai mult dac\u0103 cump\u0103r\u0103 bilet dup\u0103 \u00eembarcare. FOTO: Inquam Photos \/ George C\u0103lin"},{"@type":"BreadcrumbList","@id":"https:\/\/buletin.de\/bucuresti\/in-ce-trenuri-care-pleaca-din-bucuresti-te-poti-urca-fara-bilet-si-fara-sa-risti-o-suprataxa-club-feroviar\/#breadcrumb","itemListElement":[{"@type":"ListItem","position":1,"name":"Acas\u0103","item":"https:\/\/buletin.de\/bucuresti\/"},{"@type":"ListItem","position":2,"name":"\u00cen ce trenuri care pleac\u0103 din Bucure\u0219ti te po\u021bi urca f\u0103r\u0103 bilet \u0219i f\u0103r\u0103 s\u0103 ri\u0219ti o supratax\u0103 | Club Feroviar"}]},{"@type":"WebSite","@id":"https:\/\/buletin.de\/bucuresti\/#website","url":"https:\/\/buletin.de\/bucuresti\/","name":"Buletin de Bucure\u0219ti","description":"\u0218tiri \u0219i investiga\u021bii esen\u021biale din capital\u0103","publisher":{"@id":"https:\/\/buletin.de\/bucuresti\/#organization"},"potentialAction":[{"@type":"SearchAction","target":{"@type":"EntryPoint","urlTemplate":"https:\/\/buletin.de\/bucuresti\/?s={search_term_string}"},"query-input":{"@type":"PropertyValueSpecification","valueRequired":true,"valueName":"search_term_string"}}],"inLanguage":"en-GB"},{"@type":"Organization","@id":"https:\/\/buletin.de\/bucuresti\/#organization","name":"Buletin de Bucure\u0219ti","url":"https:\/\/buletin.de\/bucuresti\/","logo":{"@type":"ImageObject","inLanguage":"en-GB","@id":"https:\/\/buletin.de\/bucuresti\/#\/schema\/logo\/image\/","url":"https:\/\/buletin.de\/bucuresti\/wp-content\/uploads\/logo-bdb-full-wide-vernil-transparent.png","contentUrl":"https:\/\/buletin.de\/bucuresti\/wp-content\/uploads\/logo-bdb-full-wide-vernil-transparent.png","width":1782,"height":626,"caption":"Buletin de Bucure\u0219ti"},"image":{"@id":"https:\/\/buletin.de\/bucuresti\/#\/schema\/logo\/image\/"},"sameAs":["https:\/\/www.facebook.com\/buletin.de.buc","https:\/\/www.instagram.com\/buletinde.bucuresti\/"]},{"@type":"Person","@id":"https:\/\/buletin.de\/bucuresti\/#\/schema\/person\/2bbcf854e5f2419a13804af574d06ab1","name":"Redac\u021bia Buletin de Bucure\u0219ti","image":{"@type":"ImageObject","inLanguage":"en-GB","@id":"https:\/\/secure.gravatar.com\/avatar\/18c5342381ed1a08620e6280424e3e5efc958618f5d67c522c9e44c1bc6f9226?s=96&d=monsterid&r=g60c7cd0ad92c68c049fcd4bb3504d609","url":"https:\/\/secure.gravatar.com\/avatar\/18c5342381ed1a08620e6280424e3e5efc958618f5d67c522c9e44c1bc6f9226?s=96&d=monsterid&r=g","contentUrl":"https:\/\/secure.gravatar.com\/avatar\/18c5342381ed1a08620e6280424e3e5efc958618f5d67c522c9e44c1bc6f9226?s=96&d=monsterid&r=g","caption":"Redac\u021bia Buletin de Bucure\u0219ti"},"description":"Buletin de Bucure\u0219ti exist\u0103 din vara anului 2019.","url":"https:\/\/buletin.de\/bucuresti\/author\/adminbuletin\/"}]}},"authors":[{"term_id":22583,"user_id":1,"is_guest":0,"slug":"adminbuletin","display_name":"Redac\u021bia Buletin de Bucure\u0219ti","avatar_url":"https:\/\/secure.gravatar.com\/avatar\/18c5342381ed1a08620e6280424e3e5efc958618f5d67c522c9e44c1bc6f9226?s=96&d=monsterid&r=g","0":null,"1":"","2":"","3":"","4":"","5":"","6":"","7":"","8":""}],"_links":{"self":[{"href":"https:\/\/buletin.de\/bucuresti\/wp-json\/wp\/v2\/posts\/189573","targetHints":{"allow":["GET"]}}],"collection":[{"href":"https:\/\/buletin.de\/bucuresti\/wp-json\/wp\/v2\/posts"}],"about":[{"href":"https:\/\/buletin.de\/bucuresti\/wp-json\/wp\/v2\/types\/post"}],"author":[{"embeddable":true,"href":"https:\/\/buletin.de\/bucuresti\/wp-json\/wp\/v2\/users\/1"}],"replies":[{"embeddable":true,"href":"https:\/\/buletin.de\/bucuresti\/wp-json\/wp\/v2\/comments?post=189573"}],"version-history":[{"count":4,"href":"https:\/\/buletin.de\/bucuresti\/wp-json\/wp\/v2\/posts\/189573\/revisions"}],"predecessor-version":[{"id":189630,"href":"https:\/\/buletin.de\/bucuresti\/wp-json\/wp\/v2\/posts\/189573\/revisions\/189630"}],"wp:featuredmedia":[{"embeddable":true,"href":"https:\/\/buletin.de\/bucuresti\/wp-json\/wp\/v2\/media\/189623"}],"wp:attachment":[{"href":"https:\/\/buletin.de\/bucuresti\/wp-json\/wp\/v2\/media?parent=189573"}],"wp:term":[{"taxonomy":"category","embeddable":true,"href":"https:\/\/buletin.de\/bucuresti\/wp-json\/wp\/v2\/categories?post=189573"},{"taxonomy":"post_tag","embeddable":true,"href":"https:\/\/buletin.de\/bucuresti\/wp-json\/wp\/v2\/tags?post=189573"},{"taxonomy":"author","embeddable":true,"href":"https:\/\/buletin.de\/bucuresti\/wp-json\/wp\/v2\/ppma_author?post=189573"}],"curies":[{"name":"wp","href":"https:\/\/api.w.org\/{rel}","templated":true}]}}