{"id":189542,"date":"2026-04-27T14:55:22","date_gmt":"2026-04-27T11:55:22","guid":{"rendered":"https:\/\/buletin.de\/bucuresti\/?p=189542"},"modified":"2026-04-27T16:10:45","modified_gmt":"2026-04-27T13:10:45","slug":"consultare-publica-privind-reamenajarea-parcului-kiseleff-prin-concurs-international-de-solutii","status":"publish","type":"post","link":"https:\/\/buletin.de\/bucuresti\/consultare-publica-privind-reamenajarea-parcului-kiseleff-prin-concurs-international-de-solutii\/","title":{"rendered":"Consultare public\u0103 privind reamenajarea Parcului Kiseleff, prin concurs interna\u021bional de solu\u021bii"},"content":{"rendered":"\n<p><strong>Cet\u0103\u021benii Sectorului 1 sunt invita\u021bi miercuri, 29 aprilie, la o consultare public\u0103 privind reamenajarea Parcului Kiseleff, pentru care urmeaz\u0103 s\u0103 se organizeze un concurs interna\u021bional de solu\u021bii, anun\u021b\u0103 autoritatea local\u0103.<\/strong><\/p>\n\n\n\n<p>Evenimentul va \u00eencepe la ora 16:30, \u00een parcul monument istoric. Participan\u021bii sunt invita\u021bi la o plimbare, cu punct de \u00eent\u00e2lnire la scena din parc, apropiat\u0103 str\u0103zii Barbu Delavrancea.\u00a0\u00cent\u00e2lnirea este programat\u0103 s\u0103 dureze o or\u0103 \u0219i va include o prezentare a valorilor istorice ale parcului \u0219i o discu\u021bie aplicat\u0103 despre starea sa actual\u0103.<\/p>\n\n\n\n<p>A doua parte a consult\u0103rii va avea loc la Hub-ul deGALBEN, din Pia\u021ba Amzei nr. 13, \u00eentre orele 18:00 \u0219i 19:30. Aici va fi organizat\u0103 o discu\u021bie public\u0103 despre ce trebuie \u00eembun\u0103t\u0103\u021bit \u00een parc \u0219i despre a\u0219tept\u0103rile comunit\u0103\u021bii de la viitoarea reamenajare, transmite Prim\u0103ria Sectorului 1.<\/p>\n\n\n\n<p><strong>Persoanele interesate sunt invitate s\u0103 se \u00eenscrie <a href=\"https:\/\/docs.google.com\/forms\/d\/e\/1FAIpQLSdrFQLTabojhuWtOIKg9Sa-xkJQorUgdeM10yCBcWsg59_ZWA\/viewform\">AICI<\/a><em> <\/em>p\u00e2n\u0103 mar\u021bi, 28 aprilie 2026, ora 12:00.<\/strong><\/p>\n\n\n\n<h2 class=\"wp-block-heading\" id=\"h-peti\u021bie-impotriva-organizarii-de-festivaluri-pe-bulevardul-kiseleff\">Peti\u021bie \u00eempotriva organiz\u0103rii de festivaluri pe Bulevardul Kiseleff<\/h2>\n\n\n\n<p><strong>Recent, cet\u0103\u021benii din zona Bulevardului Kiseleff au lansat o peti\u021bie \u00eempotriva organiz\u0103rii de festivaluri comerciale aici. Oamenii au transmis c\u0103 muzica dat\u0103 tare \u0219i agita\u021bia produs\u0103 acestea sunt incompatibile cu scopul parcului:\u00a0<a href=\"https:\/\/campaniamea.declic.ro\/petitions\/petitie-pentru-anularea-organizarii-festivalurilor-comerciale-pe-bulevardul-kiseleff?fbclid=IwY2xjawRAOItleHRuA2FlbQIxMABicmlkETF4VEJBTzljT0Y5amNoSXo3c3J0YwZhcHBfaWQQMjIyMDM5MTc4ODIwMDg5MgABHrXaD65C03GlbhHyAdMAQAjgGr5iHe4uE4s2Qnb0Bpic0pbT1LVfzewlB35i_aem_0AQNOCKXC0e4Fug8vQkctA\">un spa\u021biu de respiro \u0219i de echilibru ecologic pentru locuitorii ora\u0219ului<\/a>.<\/strong><\/p>\n\n\n\n<p><em>\u201eBulevardul Kiseleff nu este un simplu teren disponibil pentru activ\u0103ri comerciale. Este o zon\u0103 care traverseaz\u0103 Parcul Kiseleff, un parc cu valoare istoric\u0103, social\u0103 \u0219i de mediu, folosit de locuitori pentru plimbare, odihn\u0103, mi\u0219care \u0219i contact cu natura\u201d, au mai transmis ini\u021biatorii peti\u021biei.<\/em><\/p>\n\n\n\n<p>\u00cen anii trecu\u021bi, mai multe evenimente comerciale au fost organizate pe Bulevardul Kiseleff \u0219i, implicit, \u00een parcul istoric din Sectorul 1 al Capitalei. Printre acestea se num\u0103r\u0103 Anatolian Food Fest sau Bucharest Street Food Festival, t\u00e2rguri la care a participat num\u0103r mare de bucure\u0219teni. Acest tip de evenimente sunt organizate pe perioada cald\u0103 (\u00eentre lunile aprilie-septembrie).<\/p>\n\n\n\n<p>Pe l\u00e2ng\u0103 poluarea fonic\u0103 produs\u0103 de muzica dat\u0103 tare, organizarea acestor festivalurilor ajunge s\u0103 pun\u0103 mare presiune \u0219i pe spa\u021biul verde.<\/p>\n\n\n\n<p>La peti\u021bia semnat\u0103 de sute de bucure\u0219teni a r\u0103spuns \u0219i primarul general Ciprian Ciucu, care a promis c\u0103 viitoarele evenimente nu vor avea scen\u0103, astfel \u00eenc\u00e2t bucure\u0219tenii din zon\u0103 s\u0103 nu mai fie deranja\u021bi de muzic\u0103.<\/p>\n\n\n\n<p><strong>CITE\u0218TE \u0218I:<\/strong> <strong><a href=\"https:\/\/buletin.de\/bucuresti\/dupa-petitia-grupului-de-initiativa-civica-kiseleff-ciprian-ciucu-promite-fara-scene-si-muzica-tare-la-evenimente\/\">Dup\u0103 peti\u021bia Grupului de Ini\u021biativ\u0103 Civic\u0103 Kiseleff, Ciprian Ciucu promite: f\u0103r\u0103 scene \u0219i muzic\u0103 tare la evenimente<\/a><\/strong><\/p>\n\n\n\n<p><\/p>\n","protected":false},"excerpt":{"rendered":"<p>Cet\u0103\u021benii Sectorului 1 sunt invita\u021bi miercuri, 29 aprilie, la o consultare public\u0103 privind reamenajarea Parcului Kiseleff, pentru care urmeaz\u0103 s\u0103 se organizeze un concurs interna\u021bional de solu\u021bii, anun\u021b\u0103 autoritatea local\u0103. Evenimentul va \u00eencepe la ora 16:30, \u00een parcul monument istoric. Participan\u021bii sunt invita\u021bi la o plimbare, cu punct de \u00eent\u00e2lnire la scena din parc, apropiat\u0103 [&hellip;]<\/p>\n","protected":false},"author":55,"featured_media":189603,"comment_status":"closed","ping_status":"open","sticky":false,"template":"","format":"standard","meta":{"_acf_changed":false,"inline_featured_image":false,"ngg_post_thumbnail":0,"footnotes":""},"categories":[6994,5762,109,24],"tags":[1188,4148,17027,4436,308,76],"ppma_author":[22573],"class_list":["post-189542","post","type-post","status-publish","format-standard","has-post-thumbnail","hentry","category-stiri-2","category-main","category-mediu","category-primarie","tag-consultare-publica","tag-kiseleff","tag-oar-bucuresti","tag-parcul-kiseleff","tag-sector-1","tag-spatii-verzi"],"acf":[],"yoast_head":"<!-- This site is optimized with the Yoast SEO Premium plugin v25.3 (Yoast SEO v27.4) - https:\/\/yoast.com\/product\/yoast-seo-premium-wordpress\/ -->\n<title>Consultare public\u0103 privind reamenajarea Parcului Kiseleff, prin concurs interna\u021bional de solu\u021bii - Buletin de Bucure\u0219ti<\/title>\n<meta name=\"description\" content=\"Cet\u0103\u021benii Sectorului 1 sunt invita\u021bi miercuri, 29 aprilie, la o consultare public\u0103 privind reamenajarea Parcului Kiseleff.\" \/>\n<meta name=\"robots\" content=\"index, follow, max-snippet:-1, max-image-preview:large, max-video-preview:-1\" \/>\n<link rel=\"canonical\" href=\"https:\/\/buletin.de\/bucuresti\/consultare-publica-privind-reamenajarea-parcului-kiseleff-prin-concurs-international-de-solutii\/\" \/>\n<meta property=\"og:locale\" content=\"en_GB\" \/>\n<meta property=\"og:type\" content=\"article\" \/>\n<meta property=\"og:title\" content=\"Consultare public\u0103 privind reamenajarea Parcului Kiseleff, prin concurs interna\u021bional de solu\u021bii\" \/>\n<meta property=\"og:description\" content=\"Cet\u0103\u021benii Sectorului 1 sunt invita\u021bi miercuri, 29 aprilie, la o consultare public\u0103 privind reamenajarea Parcului Kiseleff.\" \/>\n<meta property=\"og:url\" content=\"https:\/\/buletin.de\/bucuresti\/consultare-publica-privind-reamenajarea-parcului-kiseleff-prin-concurs-international-de-solutii\/\" \/>\n<meta property=\"og:site_name\" content=\"Buletin de Bucure\u0219ti\" \/>\n<meta property=\"article:publisher\" content=\"https:\/\/www.facebook.com\/buletin.de.buc\" \/>\n<meta property=\"article:published_time\" content=\"2026-04-27T11:55:22+00:00\" \/>\n<meta property=\"article:modified_time\" content=\"2026-04-27T13:10:45+00:00\" \/>\n<meta property=\"og:image\" content=\"https:\/\/buletin.de\/bucuresti\/wp-content\/uploads\/2026\/04\/WhatsApp-Image-2026-04-27-at-10.07.56-1-1024x473-1.jpeg\" \/>\n\t<meta property=\"og:image:width\" content=\"1024\" \/>\n\t<meta property=\"og:image:height\" content=\"473\" \/>\n\t<meta property=\"og:image:type\" content=\"image\/jpeg\" \/>\n<meta name=\"author\" content=\"Andreea Tudor\" \/>\n<meta name=\"twitter:card\" content=\"summary_large_image\" \/>\n<meta name=\"twitter:label1\" content=\"Written by\" \/>\n\t<meta name=\"twitter:data1\" content=\"Andreea Tudor\" \/>\n\t<meta name=\"twitter:label2\" content=\"Estimated reading time\" \/>\n\t<meta name=\"twitter:data2\" content=\"2 minutes\" \/>\n<script type=\"application\/ld+json\" class=\"yoast-schema-graph\">{\"@context\":\"https:\\\/\\\/schema.org\",\"@graph\":[{\"@type\":\"Article\",\"@id\":\"https:\\\/\\\/buletin.de\\\/bucuresti\\\/consultare-publica-privind-reamenajarea-parcului-kiseleff-prin-concurs-international-de-solutii\\\/#article\",\"isPartOf\":{\"@id\":\"https:\\\/\\\/buletin.de\\\/bucuresti\\\/consultare-publica-privind-reamenajarea-parcului-kiseleff-prin-concurs-international-de-solutii\\\/\"},\"author\":{\"name\":\"Andreea Tudor\",\"@id\":\"https:\\\/\\\/buletin.de\\\/bucuresti\\\/#\\\/schema\\\/person\\\/150590659efde715459d159da012f501\"},\"headline\":\"Consultare public\u0103 privind reamenajarea Parcului Kiseleff, prin concurs interna\u021bional de solu\u021bii\",\"datePublished\":\"2026-04-27T11:55:22+00:00\",\"dateModified\":\"2026-04-27T13:10:45+00:00\",\"mainEntityOfPage\":{\"@id\":\"https:\\\/\\\/buletin.de\\\/bucuresti\\\/consultare-publica-privind-reamenajarea-parcului-kiseleff-prin-concurs-international-de-solutii\\\/\"},\"wordCount\":422,\"publisher\":{\"@id\":\"https:\\\/\\\/buletin.de\\\/bucuresti\\\/#organization\"},\"image\":{\"@id\":\"https:\\\/\\\/buletin.de\\\/bucuresti\\\/consultare-publica-privind-reamenajarea-parcului-kiseleff-prin-concurs-international-de-solutii\\\/#primaryimage\"},\"thumbnailUrl\":\"https:\\\/\\\/buletin.de\\\/bucuresti\\\/wp-content\\\/uploads\\\/2026\\\/04\\\/WhatsApp-Image-2026-04-27-at-10.07.56-1-1024x473-1.jpeg\",\"keywords\":[\"consultare publica\",\"kiseleff\",\"oar bucuresti\",\"parcul kiseleff\",\"Sector 1\",\"spatii verzi\"],\"articleSection\":[\"Articole\",\"Main\",\"Mediu\",\"Prim\u0103rie\"],\"inLanguage\":\"en-GB\",\"copyrightYear\":\"2026\",\"copyrightHolder\":{\"@id\":\"https:\\\/\\\/buletin.de\\\/bucuresti\\\/#organization\"}},{\"@type\":\"WebPage\",\"@id\":\"https:\\\/\\\/buletin.de\\\/bucuresti\\\/consultare-publica-privind-reamenajarea-parcului-kiseleff-prin-concurs-international-de-solutii\\\/\",\"url\":\"https:\\\/\\\/buletin.de\\\/bucuresti\\\/consultare-publica-privind-reamenajarea-parcului-kiseleff-prin-concurs-international-de-solutii\\\/\",\"name\":\"Consultare public\u0103 privind reamenajarea Parcului Kiseleff, prin concurs interna\u021bional de solu\u021bii - Buletin de Bucure\u0219ti\",\"isPartOf\":{\"@id\":\"https:\\\/\\\/buletin.de\\\/bucuresti\\\/#website\"},\"primaryImageOfPage\":{\"@id\":\"https:\\\/\\\/buletin.de\\\/bucuresti\\\/consultare-publica-privind-reamenajarea-parcului-kiseleff-prin-concurs-international-de-solutii\\\/#primaryimage\"},\"image\":{\"@id\":\"https:\\\/\\\/buletin.de\\\/bucuresti\\\/consultare-publica-privind-reamenajarea-parcului-kiseleff-prin-concurs-international-de-solutii\\\/#primaryimage\"},\"thumbnailUrl\":\"https:\\\/\\\/buletin.de\\\/bucuresti\\\/wp-content\\\/uploads\\\/2026\\\/04\\\/WhatsApp-Image-2026-04-27-at-10.07.56-1-1024x473-1.jpeg\",\"datePublished\":\"2026-04-27T11:55:22+00:00\",\"dateModified\":\"2026-04-27T13:10:45+00:00\",\"description\":\"Cet\u0103\u021benii Sectorului 1 sunt invita\u021bi miercuri, 29 aprilie, la o consultare public\u0103 privind reamenajarea Parcului Kiseleff.\",\"breadcrumb\":{\"@id\":\"https:\\\/\\\/buletin.de\\\/bucuresti\\\/consultare-publica-privind-reamenajarea-parcului-kiseleff-prin-concurs-international-de-solutii\\\/#breadcrumb\"},\"inLanguage\":\"en-GB\",\"potentialAction\":[{\"@type\":\"ReadAction\",\"target\":[\"https:\\\/\\\/buletin.de\\\/bucuresti\\\/consultare-publica-privind-reamenajarea-parcului-kiseleff-prin-concurs-international-de-solutii\\\/\"]}]},{\"@type\":\"ImageObject\",\"inLanguage\":\"en-GB\",\"@id\":\"https:\\\/\\\/buletin.de\\\/bucuresti\\\/consultare-publica-privind-reamenajarea-parcului-kiseleff-prin-concurs-international-de-solutii\\\/#primaryimage\",\"url\":\"https:\\\/\\\/buletin.de\\\/bucuresti\\\/wp-content\\\/uploads\\\/2026\\\/04\\\/WhatsApp-Image-2026-04-27-at-10.07.56-1-1024x473-1.jpeg\",\"contentUrl\":\"https:\\\/\\\/buletin.de\\\/bucuresti\\\/wp-content\\\/uploads\\\/2026\\\/04\\\/WhatsApp-Image-2026-04-27-at-10.07.56-1-1024x473-1.jpeg\",\"width\":1024,\"height\":473,\"caption\":\"Consultare public\u0103 privind reamenajarea Parcului Kiseleff, prin concurs interna\u021bional de solu\u021bii. Foto: PS1\"},{\"@type\":\"BreadcrumbList\",\"@id\":\"https:\\\/\\\/buletin.de\\\/bucuresti\\\/consultare-publica-privind-reamenajarea-parcului-kiseleff-prin-concurs-international-de-solutii\\\/#breadcrumb\",\"itemListElement\":[{\"@type\":\"ListItem\",\"position\":1,\"name\":\"Acas\u0103\",\"item\":\"https:\\\/\\\/buletin.de\\\/bucuresti\\\/\"},{\"@type\":\"ListItem\",\"position\":2,\"name\":\"Consultare public\u0103 privind reamenajarea Parcului Kiseleff, prin concurs interna\u021bional de solu\u021bii\"}]},{\"@type\":\"WebSite\",\"@id\":\"https:\\\/\\\/buletin.de\\\/bucuresti\\\/#website\",\"url\":\"https:\\\/\\\/buletin.de\\\/bucuresti\\\/\",\"name\":\"Buletin de Bucure\u0219ti\",\"description\":\"\u0218tiri \u0219i investiga\u021bii esen\u021biale din capital\u0103\",\"publisher\":{\"@id\":\"https:\\\/\\\/buletin.de\\\/bucuresti\\\/#organization\"},\"potentialAction\":[{\"@type\":\"SearchAction\",\"target\":{\"@type\":\"EntryPoint\",\"urlTemplate\":\"https:\\\/\\\/buletin.de\\\/bucuresti\\\/?s={search_term_string}\"},\"query-input\":{\"@type\":\"PropertyValueSpecification\",\"valueRequired\":true,\"valueName\":\"search_term_string\"}}],\"inLanguage\":\"en-GB\"},{\"@type\":\"Organization\",\"@id\":\"https:\\\/\\\/buletin.de\\\/bucuresti\\\/#organization\",\"name\":\"Buletin de Bucure\u0219ti\",\"url\":\"https:\\\/\\\/buletin.de\\\/bucuresti\\\/\",\"logo\":{\"@type\":\"ImageObject\",\"inLanguage\":\"en-GB\",\"@id\":\"https:\\\/\\\/buletin.de\\\/bucuresti\\\/#\\\/schema\\\/logo\\\/image\\\/\",\"url\":\"https:\\\/\\\/buletin.de\\\/bucuresti\\\/wp-content\\\/uploads\\\/logo-bdb-full-wide-vernil-transparent.png\",\"contentUrl\":\"https:\\\/\\\/buletin.de\\\/bucuresti\\\/wp-content\\\/uploads\\\/logo-bdb-full-wide-vernil-transparent.png\",\"width\":1782,\"height\":626,\"caption\":\"Buletin de Bucure\u0219ti\"},\"image\":{\"@id\":\"https:\\\/\\\/buletin.de\\\/bucuresti\\\/#\\\/schema\\\/logo\\\/image\\\/\"},\"sameAs\":[\"https:\\\/\\\/www.facebook.com\\\/buletin.de.buc\",\"https:\\\/\\\/www.instagram.com\\\/buletinde.bucuresti\\\/\"]},{\"@type\":\"Person\",\"@id\":\"https:\\\/\\\/buletin.de\\\/bucuresti\\\/#\\\/schema\\\/person\\\/150590659efde715459d159da012f501\",\"name\":\"Andreea Tudor\",\"image\":{\"@type\":\"ImageObject\",\"inLanguage\":\"en-GB\",\"@id\":\"https:\\\/\\\/secure.gravatar.com\\\/avatar\\\/a88705a186ab0b67f3349bcbced506c09e37256fbaad0e7f3bd1a79b4599f589?s=96&d=monsterid&r=g79290610aa1a65c2b86eebc2ca5aee8f\",\"url\":\"https:\\\/\\\/secure.gravatar.com\\\/avatar\\\/a88705a186ab0b67f3349bcbced506c09e37256fbaad0e7f3bd1a79b4599f589?s=96&d=monsterid&r=g\",\"contentUrl\":\"https:\\\/\\\/secure.gravatar.com\\\/avatar\\\/a88705a186ab0b67f3349bcbced506c09e37256fbaad0e7f3bd1a79b4599f589?s=96&d=monsterid&r=g\",\"caption\":\"Andreea Tudor\"},\"description\":\"N\u0103scut\u0103 \u0219i crescut\u0103 \u00een Bucure\u0219ti, sus\u021bin\u0103toare a presei independente. A\u0219a am ajuns redactor la Buletin de Bucure\u0219ti. Fiind eu, \u00eens\u0103mi, parte a sistemului de \u00eenv\u0103\u021b\u0103m\u00e2nt rom\u00e2nesc \u0219i pasionat\u0103 de domeniul social, pun sub lup\u0103 tot ceea ce se \u00eent\u00e2mpl\u0103 \u00een sfera educa\u021biei. Cred cu t\u0103rie c\u0103 presa \u201epentru cet\u0103\u021beni\u201d este presa independent\u0103. Oamenii au nevoie de o informare corect\u0103 pentru a \u00een\u021belege pe deplin ce se \u00eent\u00e2mpl\u0103 \u00een jurul lor \u0219i pentru a lua ac\u021biune \u00eempotriva nedrept\u0103\u021bilor.\",\"url\":\"https:\\\/\\\/buletin.de\\\/bucuresti\\\/author\\\/andreeatudor\\\/\"}]}<\/script>\n<!-- \/ Yoast SEO Premium plugin. -->","yoast_head_json":{"title":"Consultare public\u0103 privind reamenajarea Parcului Kiseleff, prin concurs interna\u021bional de solu\u021bii - Buletin de Bucure\u0219ti","description":"Cet\u0103\u021benii Sectorului 1 sunt invita\u021bi miercuri, 29 aprilie, la o consultare public\u0103 privind reamenajarea Parcului Kiseleff.","robots":{"index":"index","follow":"follow","max-snippet":"max-snippet:-1","max-image-preview":"max-image-preview:large","max-video-preview":"max-video-preview:-1"},"canonical":"https:\/\/buletin.de\/bucuresti\/consultare-publica-privind-reamenajarea-parcului-kiseleff-prin-concurs-international-de-solutii\/","og_locale":"en_GB","og_type":"article","og_title":"Consultare public\u0103 privind reamenajarea Parcului Kiseleff, prin concurs interna\u021bional de solu\u021bii","og_description":"Cet\u0103\u021benii Sectorului 1 sunt invita\u021bi miercuri, 29 aprilie, la o consultare public\u0103 privind reamenajarea Parcului Kiseleff.","og_url":"https:\/\/buletin.de\/bucuresti\/consultare-publica-privind-reamenajarea-parcului-kiseleff-prin-concurs-international-de-solutii\/","og_site_name":"Buletin de Bucure\u0219ti","article_publisher":"https:\/\/www.facebook.com\/buletin.de.buc","article_published_time":"2026-04-27T11:55:22+00:00","article_modified_time":"2026-04-27T13:10:45+00:00","og_image":[{"width":1024,"height":473,"url":"https:\/\/buletin.de\/bucuresti\/wp-content\/uploads\/2026\/04\/WhatsApp-Image-2026-04-27-at-10.07.56-1-1024x473-1.jpeg","type":"image\/jpeg"}],"author":"Andreea Tudor","twitter_card":"summary_large_image","twitter_misc":{"Written by":"Andreea Tudor","Estimated reading time":"2 minutes"},"schema":{"@context":"https:\/\/schema.org","@graph":[{"@type":"Article","@id":"https:\/\/buletin.de\/bucuresti\/consultare-publica-privind-reamenajarea-parcului-kiseleff-prin-concurs-international-de-solutii\/#article","isPartOf":{"@id":"https:\/\/buletin.de\/bucuresti\/consultare-publica-privind-reamenajarea-parcului-kiseleff-prin-concurs-international-de-solutii\/"},"author":{"name":"Andreea Tudor","@id":"https:\/\/buletin.de\/bucuresti\/#\/schema\/person\/150590659efde715459d159da012f501"},"headline":"Consultare public\u0103 privind reamenajarea Parcului Kiseleff, prin concurs interna\u021bional de solu\u021bii","datePublished":"2026-04-27T11:55:22+00:00","dateModified":"2026-04-27T13:10:45+00:00","mainEntityOfPage":{"@id":"https:\/\/buletin.de\/bucuresti\/consultare-publica-privind-reamenajarea-parcului-kiseleff-prin-concurs-international-de-solutii\/"},"wordCount":422,"publisher":{"@id":"https:\/\/buletin.de\/bucuresti\/#organization"},"image":{"@id":"https:\/\/buletin.de\/bucuresti\/consultare-publica-privind-reamenajarea-parcului-kiseleff-prin-concurs-international-de-solutii\/#primaryimage"},"thumbnailUrl":"https:\/\/buletin.de\/bucuresti\/wp-content\/uploads\/2026\/04\/WhatsApp-Image-2026-04-27-at-10.07.56-1-1024x473-1.jpeg","keywords":["consultare publica","kiseleff","oar bucuresti","parcul kiseleff","Sector 1","spatii verzi"],"articleSection":["Articole","Main","Mediu","Prim\u0103rie"],"inLanguage":"en-GB","copyrightYear":"2026","copyrightHolder":{"@id":"https:\/\/buletin.de\/bucuresti\/#organization"}},{"@type":"WebPage","@id":"https:\/\/buletin.de\/bucuresti\/consultare-publica-privind-reamenajarea-parcului-kiseleff-prin-concurs-international-de-solutii\/","url":"https:\/\/buletin.de\/bucuresti\/consultare-publica-privind-reamenajarea-parcului-kiseleff-prin-concurs-international-de-solutii\/","name":"Consultare public\u0103 privind reamenajarea Parcului Kiseleff, prin concurs interna\u021bional de solu\u021bii - Buletin de Bucure\u0219ti","isPartOf":{"@id":"https:\/\/buletin.de\/bucuresti\/#website"},"primaryImageOfPage":{"@id":"https:\/\/buletin.de\/bucuresti\/consultare-publica-privind-reamenajarea-parcului-kiseleff-prin-concurs-international-de-solutii\/#primaryimage"},"image":{"@id":"https:\/\/buletin.de\/bucuresti\/consultare-publica-privind-reamenajarea-parcului-kiseleff-prin-concurs-international-de-solutii\/#primaryimage"},"thumbnailUrl":"https:\/\/buletin.de\/bucuresti\/wp-content\/uploads\/2026\/04\/WhatsApp-Image-2026-04-27-at-10.07.56-1-1024x473-1.jpeg","datePublished":"2026-04-27T11:55:22+00:00","dateModified":"2026-04-27T13:10:45+00:00","description":"Cet\u0103\u021benii Sectorului 1 sunt invita\u021bi miercuri, 29 aprilie, la o consultare public\u0103 privind reamenajarea Parcului Kiseleff.","breadcrumb":{"@id":"https:\/\/buletin.de\/bucuresti\/consultare-publica-privind-reamenajarea-parcului-kiseleff-prin-concurs-international-de-solutii\/#breadcrumb"},"inLanguage":"en-GB","potentialAction":[{"@type":"ReadAction","target":["https:\/\/buletin.de\/bucuresti\/consultare-publica-privind-reamenajarea-parcului-kiseleff-prin-concurs-international-de-solutii\/"]}]},{"@type":"ImageObject","inLanguage":"en-GB","@id":"https:\/\/buletin.de\/bucuresti\/consultare-publica-privind-reamenajarea-parcului-kiseleff-prin-concurs-international-de-solutii\/#primaryimage","url":"https:\/\/buletin.de\/bucuresti\/wp-content\/uploads\/2026\/04\/WhatsApp-Image-2026-04-27-at-10.07.56-1-1024x473-1.jpeg","contentUrl":"https:\/\/buletin.de\/bucuresti\/wp-content\/uploads\/2026\/04\/WhatsApp-Image-2026-04-27-at-10.07.56-1-1024x473-1.jpeg","width":1024,"height":473,"caption":"Consultare public\u0103 privind reamenajarea Parcului Kiseleff, prin concurs interna\u021bional de solu\u021bii. Foto: PS1"},{"@type":"BreadcrumbList","@id":"https:\/\/buletin.de\/bucuresti\/consultare-publica-privind-reamenajarea-parcului-kiseleff-prin-concurs-international-de-solutii\/#breadcrumb","itemListElement":[{"@type":"ListItem","position":1,"name":"Acas\u0103","item":"https:\/\/buletin.de\/bucuresti\/"},{"@type":"ListItem","position":2,"name":"Consultare public\u0103 privind reamenajarea Parcului Kiseleff, prin concurs interna\u021bional de solu\u021bii"}]},{"@type":"WebSite","@id":"https:\/\/buletin.de\/bucuresti\/#website","url":"https:\/\/buletin.de\/bucuresti\/","name":"Buletin de Bucure\u0219ti","description":"\u0218tiri \u0219i investiga\u021bii esen\u021biale din capital\u0103","publisher":{"@id":"https:\/\/buletin.de\/bucuresti\/#organization"},"potentialAction":[{"@type":"SearchAction","target":{"@type":"EntryPoint","urlTemplate":"https:\/\/buletin.de\/bucuresti\/?s={search_term_string}"},"query-input":{"@type":"PropertyValueSpecification","valueRequired":true,"valueName":"search_term_string"}}],"inLanguage":"en-GB"},{"@type":"Organization","@id":"https:\/\/buletin.de\/bucuresti\/#organization","name":"Buletin de Bucure\u0219ti","url":"https:\/\/buletin.de\/bucuresti\/","logo":{"@type":"ImageObject","inLanguage":"en-GB","@id":"https:\/\/buletin.de\/bucuresti\/#\/schema\/logo\/image\/","url":"https:\/\/buletin.de\/bucuresti\/wp-content\/uploads\/logo-bdb-full-wide-vernil-transparent.png","contentUrl":"https:\/\/buletin.de\/bucuresti\/wp-content\/uploads\/logo-bdb-full-wide-vernil-transparent.png","width":1782,"height":626,"caption":"Buletin de Bucure\u0219ti"},"image":{"@id":"https:\/\/buletin.de\/bucuresti\/#\/schema\/logo\/image\/"},"sameAs":["https:\/\/www.facebook.com\/buletin.de.buc","https:\/\/www.instagram.com\/buletinde.bucuresti\/"]},{"@type":"Person","@id":"https:\/\/buletin.de\/bucuresti\/#\/schema\/person\/150590659efde715459d159da012f501","name":"Andreea Tudor","image":{"@type":"ImageObject","inLanguage":"en-GB","@id":"https:\/\/secure.gravatar.com\/avatar\/a88705a186ab0b67f3349bcbced506c09e37256fbaad0e7f3bd1a79b4599f589?s=96&d=monsterid&r=g79290610aa1a65c2b86eebc2ca5aee8f","url":"https:\/\/secure.gravatar.com\/avatar\/a88705a186ab0b67f3349bcbced506c09e37256fbaad0e7f3bd1a79b4599f589?s=96&d=monsterid&r=g","contentUrl":"https:\/\/secure.gravatar.com\/avatar\/a88705a186ab0b67f3349bcbced506c09e37256fbaad0e7f3bd1a79b4599f589?s=96&d=monsterid&r=g","caption":"Andreea Tudor"},"description":"N\u0103scut\u0103 \u0219i crescut\u0103 \u00een Bucure\u0219ti, sus\u021bin\u0103toare a presei independente. A\u0219a am ajuns redactor la Buletin de Bucure\u0219ti. Fiind eu, \u00eens\u0103mi, parte a sistemului de \u00eenv\u0103\u021b\u0103m\u00e2nt rom\u00e2nesc \u0219i pasionat\u0103 de domeniul social, pun sub lup\u0103 tot ceea ce se \u00eent\u00e2mpl\u0103 \u00een sfera educa\u021biei. Cred cu t\u0103rie c\u0103 presa \u201epentru cet\u0103\u021beni\u201d este presa independent\u0103. Oamenii au nevoie de o informare corect\u0103 pentru a \u00een\u021belege pe deplin ce se \u00eent\u00e2mpl\u0103 \u00een jurul lor \u0219i pentru a lua ac\u021biune \u00eempotriva nedrept\u0103\u021bilor.","url":"https:\/\/buletin.de\/bucuresti\/author\/andreeatudor\/"}]}},"authors":[{"term_id":22573,"user_id":55,"is_guest":0,"slug":"andreeatudor","display_name":"Andreea Tudor","avatar_url":"https:\/\/secure.gravatar.com\/avatar\/a88705a186ab0b67f3349bcbced506c09e37256fbaad0e7f3bd1a79b4599f589?s=96&d=monsterid&r=g","0":null,"1":"","2":"","3":"","4":"","5":"","6":"","7":"","8":""}],"_links":{"self":[{"href":"https:\/\/buletin.de\/bucuresti\/wp-json\/wp\/v2\/posts\/189542","targetHints":{"allow":["GET"]}}],"collection":[{"href":"https:\/\/buletin.de\/bucuresti\/wp-json\/wp\/v2\/posts"}],"about":[{"href":"https:\/\/buletin.de\/bucuresti\/wp-json\/wp\/v2\/types\/post"}],"author":[{"embeddable":true,"href":"https:\/\/buletin.de\/bucuresti\/wp-json\/wp\/v2\/users\/55"}],"replies":[{"embeddable":true,"href":"https:\/\/buletin.de\/bucuresti\/wp-json\/wp\/v2\/comments?post=189542"}],"version-history":[{"count":3,"href":"https:\/\/buletin.de\/bucuresti\/wp-json\/wp\/v2\/posts\/189542\/revisions"}],"predecessor-version":[{"id":189604,"href":"https:\/\/buletin.de\/bucuresti\/wp-json\/wp\/v2\/posts\/189542\/revisions\/189604"}],"wp:featuredmedia":[{"embeddable":true,"href":"https:\/\/buletin.de\/bucuresti\/wp-json\/wp\/v2\/media\/189603"}],"wp:attachment":[{"href":"https:\/\/buletin.de\/bucuresti\/wp-json\/wp\/v2\/media?parent=189542"}],"wp:term":[{"taxonomy":"category","embeddable":true,"href":"https:\/\/buletin.de\/bucuresti\/wp-json\/wp\/v2\/categories?post=189542"},{"taxonomy":"post_tag","embeddable":true,"href":"https:\/\/buletin.de\/bucuresti\/wp-json\/wp\/v2\/tags?post=189542"},{"taxonomy":"author","embeddable":true,"href":"https:\/\/buletin.de\/bucuresti\/wp-json\/wp\/v2\/ppma_author?post=189542"}],"curies":[{"name":"wp","href":"https:\/\/api.w.org\/{rel}","templated":true}]}}