{"id":189521,"date":"2026-04-27T11:05:40","date_gmt":"2026-04-27T08:05:40","guid":{"rendered":"https:\/\/buletin.de\/bucuresti\/?p=189521"},"modified":"2026-04-27T11:36:15","modified_gmt":"2026-04-27T08:36:15","slug":"video-incendiu-puternic-in-sectorul-5-la-acoperisurile-a-doua-case","status":"publish","type":"post","link":"https:\/\/buletin.de\/bucuresti\/video-incendiu-puternic-in-sectorul-5-la-acoperisurile-a-doua-case\/","title":{"rendered":"VIDEO | Incendiu puternic \u00een Sectorul 5, la acoperi\u0219urile a dou\u0103 case"},"content":{"rendered":"\n<p><strong>Un incendiu puternic s-a produs \u00een Sectorul 5, luni diminea\u021b\u0103, pe strada Erou Toma Constantin, la acoperi\u0219urile a dou\u0103 locuin\u021be, iar ISU intervine cu mai multe autospeciale. <\/strong><\/p>\n\n\n\n<p><strong>UPDATE, 11:35. <\/strong>\u00cen acest moment, incendiul este lichidat. Acesta s-a manifestat pe o suprafa\u021b\u0103 de aproximativ 150 de metri p\u0103tra\u021bi. <\/p>\n\n\n\n<hr class=\"wp-block-separator has-alpha-channel-opacity\"\/>\n\n\n\n<p>Potrivit reprezentan\u021bilor ISU, incendiul se manifest\u0103 cu flac\u0103r\u0103 violent\u0103 \u0219i degaj\u0103ri mari de fum la nivelul acoperi\u0219urilor a dou\u0103 construc\u021bii (locuin\u021be) plan parter cu posibilit\u0103\u021bi de propagare la vecin\u0103t\u0103\u021bi. <\/p>\n\n\n\n<h2 class=\"wp-block-heading\" id=\"h-incendiu-puternic-in-sectorul-5-luni\">Incendiu puternic \u00een Sectorul 5, luni<\/h2>\n\n\n\n<p><em>\u201eIntervenim at\u00e2t pentru lichidarea incendiului, c\u00e2t \u0219i pentru protejarea construc\u021biilor din imediata apropiere. P\u00e2n\u0103 \u00een acest moment nu au fost \u00eenregistrate victime.\u201d<\/em>, transmite ISU Bucure\u0219ti &#8211; Ilfov. <\/p>\n\n\n\n<figure class=\"wp-block-video\"><video height=\"464\" style=\"aspect-ratio: 832 \/ 464;\" width=\"832\" controls src=\"https:\/\/buletin.de\/bucuresti\/wp-content\/uploads\/2026\/04\/WhatsApp-Video-2026-04-27-at-10.51.48.mp4\"><\/video><figcaption class=\"wp-element-caption\">Sursa: ISU<\/figcaption><\/figure>\n\n\n\n<figure class=\"wp-block-video\"><video height=\"464\" style=\"aspect-ratio: 832 \/ 464;\" width=\"832\" controls src=\"https:\/\/buletin.de\/bucuresti\/wp-content\/uploads\/2026\/04\/WhatsApp-Video-2026-04-27-at-10.51.48-1.mp4\"><\/video><figcaption class=\"wp-element-caption\">Sursa: ISU<\/figcaption><\/figure>\n\n\n\n<p>Pentru gestionarea situa\u021biei de urgen\u021b\u0103, au fost alertate progresiv \u0219i intervin 7 autospeciale de stingere, o autospecial\u0103 de interven\u021bie \u0219i salvare de la \u00een\u0103l\u021bime, o autospecial\u0103 de descarcerare, o ambulan\u021b\u0103 SMURD \u0219i, \u00een sprijin, 1 echipaj SABIF.<\/p>\n\n\n\n<p><strong>Misiunea este \u00een dinamic\u0103. Incendiul este localizat, iar echipele de interven\u021bie lucreaz\u0103 la lichidarea acestuia. <\/strong><\/p>\n\n\n\n<figure class=\"wp-block-video\"><video height=\"464\" style=\"aspect-ratio: 832 \/ 464;\" width=\"832\" controls src=\"https:\/\/buletin.de\/bucuresti\/wp-content\/uploads\/2026\/04\/WhatsApp-Video-2026-04-27-at-10.51.49.mp4\"><\/video><figcaption class=\"wp-element-caption\">Sursa: ISU<\/figcaption><\/figure>\n\n\n\n<figure class=\"wp-block-video\"><video height=\"464\" style=\"aspect-ratio: 832 \/ 464;\" width=\"832\" controls src=\"https:\/\/buletin.de\/bucuresti\/wp-content\/uploads\/2026\/04\/WhatsApp-Video-2026-04-27-at-10.51.49-1.mp4\"><\/video><figcaption class=\"wp-element-caption\">Sursa: ISU<\/figcaption><\/figure>\n\n\n\n<h2 class=\"wp-block-heading\" id=\"h-incendiu-la-cet-vest-saptamana-trecuta\">Incendiu la CET vest, s\u0103pt\u0103m\u00e2na trecut\u0103<\/h2>\n\n\n\n<p>Un incendiu puternic <a href=\"https:\/\/buletin.de\/bucuresti\/incendiu-puternic-la-c-e-t-vest-din-capitala-se-intervine-cu-sapte-autospeciale\/\" type=\"link\" id=\"https:\/\/buletin.de\/bucuresti\/incendiu-puternic-la-c-e-t-vest-din-capitala-se-intervine-cu-sapte-autospeciale\/\" target=\"_blank\" rel=\"noreferrer noopener\">a izbucnit la CET Vest, \u00een noaptea de 20 spre 21 aprilie.<\/a> La sosirea primelor echipaje, incendiul se manifesta cu flac\u0103r\u0103 deschis\u0103, la trei transformatoare electrice.<\/p>\n\n\n\n<p>ISU a intervenit cu \u0219apte autospeciale de stingere cu ap\u0103 \u0219i spum\u0103, o autospecial\u0103 de stingere cu azot, o autospecial\u0103 de interven\u021bie \u0219i salvare de la \u00een\u0103l\u021bime, o autospecial\u0103 de descarcerare si dou\u0103 echipaje SMURD.<\/p>\n\n\n\n<p>Incendiul a l\u0103sat mii de blocuri din Sectoarele 5 \u0219i 6 f\u0103r\u0103 ap\u0103 cald\u0103, mar\u021bi. P\u00e2n\u0103 la remedierea situa\u021biei alimentarea cu energie electric\u0103 a fost oprit\u0103, iar consumatorii afecta\u021bi au fost prelua\u021bi de c\u0103tre CET Groz\u0103ve\u0219ti. Nu au fost victime \u00een urma incendiului produs la CET Vest.<\/p>\n\n\n\n<p>CITE\u0218TE \u0218I <a href=\"https:\/\/buletin.de\/bucuresti\/se-scumpeste-sortarea-gunoiului-in-sectorul-3-care-urmeaza-sa-fie-noile-tarife\/\" target=\"_blank\" rel=\"noreferrer noopener\">Se scumpe\u0219te sortarea \u201egunoiului\u201d \u00een Sectorul 3. Care urmeaz\u0103 s\u0103 fie noile tarife<\/a><\/p>\n","protected":false},"excerpt":{"rendered":"<p>Un incendiu puternic s-a produs \u00een Sectorul 5, luni diminea\u021b\u0103, pe strada Erou Toma Constantin, la acoperi\u0219urile a dou\u0103 locuin\u021be, iar ISU intervine cu mai multe autospeciale. UPDATE, 11:35. \u00cen acest moment, incendiul este lichidat. Acesta s-a manifestat pe o suprafa\u021b\u0103 de aproximativ 150 de metri p\u0103tra\u021bi. Potrivit reprezentan\u021bilor ISU, incendiul se manifest\u0103 cu flac\u0103r\u0103 [&hellip;]<\/p>\n","protected":false},"author":1,"featured_media":189525,"comment_status":"closed","ping_status":"open","sticky":false,"template":"","format":"standard","meta":{"_acf_changed":false,"inline_featured_image":false,"ngg_post_thumbnail":0,"footnotes":""},"categories":[6994,9026,62],"tags":[341,11580,188],"ppma_author":[22583],"class_list":["post-189521","post","type-post","status-publish","format-standard","has-post-thumbnail","hentry","category-stiri-2","category-eveniment","category-stiri","tag-incendiu","tag-isu-b-if","tag-sector-5"],"acf":[],"yoast_head":"<!-- This site is optimized with the Yoast SEO Premium plugin v25.3 (Yoast SEO v27.4) - https:\/\/yoast.com\/product\/yoast-seo-premium-wordpress\/ -->\n<title>VIDEO | Incendiu puternic \u00een Sectorul 5, la acoperi\u0219urile a dou\u0103 case - Buletin de Bucure\u0219ti<\/title>\n<meta name=\"description\" content=\"Un incendiu puternic s-a produs \u00een Sectorul 5, luni diminea\u021b\u0103, pe strada Erou Toma Constantin, la acoperi\u0219urile a dou\u0103 locuin\u021be.\" \/>\n<meta name=\"robots\" content=\"index, follow, max-snippet:-1, max-image-preview:large, max-video-preview:-1\" \/>\n<link rel=\"canonical\" href=\"https:\/\/buletin.de\/bucuresti\/video-incendiu-puternic-in-sectorul-5-la-acoperisurile-a-doua-case\/\" \/>\n<meta property=\"og:locale\" content=\"en_GB\" \/>\n<meta property=\"og:type\" content=\"article\" \/>\n<meta property=\"og:title\" content=\"VIDEO | Incendiu puternic \u00een Sectorul 5, la acoperi\u0219urile a dou\u0103 case\" \/>\n<meta property=\"og:description\" content=\"Un incendiu puternic s-a produs \u00een Sectorul 5, luni diminea\u021b\u0103, pe strada Erou Toma Constantin, la acoperi\u0219urile a dou\u0103 locuin\u021be.\" \/>\n<meta property=\"og:url\" content=\"https:\/\/buletin.de\/bucuresti\/video-incendiu-puternic-in-sectorul-5-la-acoperisurile-a-doua-case\/\" \/>\n<meta property=\"og:site_name\" content=\"Buletin de Bucure\u0219ti\" \/>\n<meta property=\"article:publisher\" content=\"https:\/\/www.facebook.com\/buletin.de.buc\" \/>\n<meta property=\"article:published_time\" content=\"2026-04-27T08:05:40+00:00\" \/>\n<meta property=\"article:modified_time\" content=\"2026-04-27T08:36:15+00:00\" \/>\n<meta property=\"og:image\" content=\"https:\/\/buletin.de\/bucuresti\/wp-content\/uploads\/2026\/04\/Incendiu-puternic-in-Sectorul-5.jpg\" \/>\n\t<meta property=\"og:image:width\" content=\"1200\" \/>\n\t<meta property=\"og:image:height\" content=\"650\" \/>\n\t<meta property=\"og:image:type\" content=\"image\/jpeg\" \/>\n<meta name=\"author\" content=\"Redac\u021bia Buletin de Bucure\u0219ti\" \/>\n<meta name=\"twitter:card\" content=\"summary_large_image\" \/>\n<meta name=\"twitter:label1\" content=\"Written by\" \/>\n\t<meta name=\"twitter:data1\" content=\"Redac\u021bia Buletin de Bucure\u0219ti\" \/>\n\t<meta name=\"twitter:label2\" content=\"Estimated reading time\" \/>\n\t<meta name=\"twitter:data2\" content=\"2 minutes\" \/>\n<script type=\"application\/ld+json\" class=\"yoast-schema-graph\">{\"@context\":\"https:\\\/\\\/schema.org\",\"@graph\":[{\"@type\":\"Article\",\"@id\":\"https:\\\/\\\/buletin.de\\\/bucuresti\\\/video-incendiu-puternic-in-sectorul-5-la-acoperisurile-a-doua-case\\\/#article\",\"isPartOf\":{\"@id\":\"https:\\\/\\\/buletin.de\\\/bucuresti\\\/video-incendiu-puternic-in-sectorul-5-la-acoperisurile-a-doua-case\\\/\"},\"author\":{\"name\":\"Redac\u021bia Buletin de Bucure\u0219ti\",\"@id\":\"https:\\\/\\\/buletin.de\\\/bucuresti\\\/#\\\/schema\\\/person\\\/2bbcf854e5f2419a13804af574d06ab1\"},\"headline\":\"VIDEO | Incendiu puternic \u00een Sectorul 5, la acoperi\u0219urile a dou\u0103 case\",\"datePublished\":\"2026-04-27T08:05:40+00:00\",\"dateModified\":\"2026-04-27T08:36:15+00:00\",\"mainEntityOfPage\":{\"@id\":\"https:\\\/\\\/buletin.de\\\/bucuresti\\\/video-incendiu-puternic-in-sectorul-5-la-acoperisurile-a-doua-case\\\/\"},\"wordCount\":343,\"publisher\":{\"@id\":\"https:\\\/\\\/buletin.de\\\/bucuresti\\\/#organization\"},\"image\":{\"@id\":\"https:\\\/\\\/buletin.de\\\/bucuresti\\\/video-incendiu-puternic-in-sectorul-5-la-acoperisurile-a-doua-case\\\/#primaryimage\"},\"thumbnailUrl\":\"https:\\\/\\\/buletin.de\\\/bucuresti\\\/wp-content\\\/uploads\\\/2026\\\/04\\\/Incendiu-puternic-in-Sectorul-5.jpg\",\"keywords\":[\"incendiu\",\"isu b-if\",\"Sector 5\"],\"articleSection\":[\"Articole\",\"Eveniment\",\"\u0218tiri\"],\"inLanguage\":\"en-GB\",\"copyrightYear\":\"2026\",\"copyrightHolder\":{\"@id\":\"https:\\\/\\\/buletin.de\\\/bucuresti\\\/#organization\"}},{\"@type\":\"WebPage\",\"@id\":\"https:\\\/\\\/buletin.de\\\/bucuresti\\\/video-incendiu-puternic-in-sectorul-5-la-acoperisurile-a-doua-case\\\/\",\"url\":\"https:\\\/\\\/buletin.de\\\/bucuresti\\\/video-incendiu-puternic-in-sectorul-5-la-acoperisurile-a-doua-case\\\/\",\"name\":\"VIDEO | Incendiu puternic \u00een Sectorul 5, la acoperi\u0219urile a dou\u0103 case - Buletin de Bucure\u0219ti\",\"isPartOf\":{\"@id\":\"https:\\\/\\\/buletin.de\\\/bucuresti\\\/#website\"},\"primaryImageOfPage\":{\"@id\":\"https:\\\/\\\/buletin.de\\\/bucuresti\\\/video-incendiu-puternic-in-sectorul-5-la-acoperisurile-a-doua-case\\\/#primaryimage\"},\"image\":{\"@id\":\"https:\\\/\\\/buletin.de\\\/bucuresti\\\/video-incendiu-puternic-in-sectorul-5-la-acoperisurile-a-doua-case\\\/#primaryimage\"},\"thumbnailUrl\":\"https:\\\/\\\/buletin.de\\\/bucuresti\\\/wp-content\\\/uploads\\\/2026\\\/04\\\/Incendiu-puternic-in-Sectorul-5.jpg\",\"datePublished\":\"2026-04-27T08:05:40+00:00\",\"dateModified\":\"2026-04-27T08:36:15+00:00\",\"description\":\"Un incendiu puternic s-a produs \u00een Sectorul 5, luni diminea\u021b\u0103, pe strada Erou Toma Constantin, la acoperi\u0219urile a dou\u0103 locuin\u021be.\",\"breadcrumb\":{\"@id\":\"https:\\\/\\\/buletin.de\\\/bucuresti\\\/video-incendiu-puternic-in-sectorul-5-la-acoperisurile-a-doua-case\\\/#breadcrumb\"},\"inLanguage\":\"en-GB\",\"potentialAction\":[{\"@type\":\"ReadAction\",\"target\":[\"https:\\\/\\\/buletin.de\\\/bucuresti\\\/video-incendiu-puternic-in-sectorul-5-la-acoperisurile-a-doua-case\\\/\"]}]},{\"@type\":\"ImageObject\",\"inLanguage\":\"en-GB\",\"@id\":\"https:\\\/\\\/buletin.de\\\/bucuresti\\\/video-incendiu-puternic-in-sectorul-5-la-acoperisurile-a-doua-case\\\/#primaryimage\",\"url\":\"https:\\\/\\\/buletin.de\\\/bucuresti\\\/wp-content\\\/uploads\\\/2026\\\/04\\\/Incendiu-puternic-in-Sectorul-5.jpg\",\"contentUrl\":\"https:\\\/\\\/buletin.de\\\/bucuresti\\\/wp-content\\\/uploads\\\/2026\\\/04\\\/Incendiu-puternic-in-Sectorul-5.jpg\",\"width\":1200,\"height\":650,\"caption\":\"Un incendiu a izbucnit \u00een Sectorul 5. Foto: ISU-BIF\"},{\"@type\":\"BreadcrumbList\",\"@id\":\"https:\\\/\\\/buletin.de\\\/bucuresti\\\/video-incendiu-puternic-in-sectorul-5-la-acoperisurile-a-doua-case\\\/#breadcrumb\",\"itemListElement\":[{\"@type\":\"ListItem\",\"position\":1,\"name\":\"Acas\u0103\",\"item\":\"https:\\\/\\\/buletin.de\\\/bucuresti\\\/\"},{\"@type\":\"ListItem\",\"position\":2,\"name\":\"VIDEO | Incendiu puternic \u00een Sectorul 5, la acoperi\u0219urile a dou\u0103 case\"}]},{\"@type\":\"WebSite\",\"@id\":\"https:\\\/\\\/buletin.de\\\/bucuresti\\\/#website\",\"url\":\"https:\\\/\\\/buletin.de\\\/bucuresti\\\/\",\"name\":\"Buletin de Bucure\u0219ti\",\"description\":\"\u0218tiri \u0219i investiga\u021bii esen\u021biale din capital\u0103\",\"publisher\":{\"@id\":\"https:\\\/\\\/buletin.de\\\/bucuresti\\\/#organization\"},\"potentialAction\":[{\"@type\":\"SearchAction\",\"target\":{\"@type\":\"EntryPoint\",\"urlTemplate\":\"https:\\\/\\\/buletin.de\\\/bucuresti\\\/?s={search_term_string}\"},\"query-input\":{\"@type\":\"PropertyValueSpecification\",\"valueRequired\":true,\"valueName\":\"search_term_string\"}}],\"inLanguage\":\"en-GB\"},{\"@type\":\"Organization\",\"@id\":\"https:\\\/\\\/buletin.de\\\/bucuresti\\\/#organization\",\"name\":\"Buletin de Bucure\u0219ti\",\"url\":\"https:\\\/\\\/buletin.de\\\/bucuresti\\\/\",\"logo\":{\"@type\":\"ImageObject\",\"inLanguage\":\"en-GB\",\"@id\":\"https:\\\/\\\/buletin.de\\\/bucuresti\\\/#\\\/schema\\\/logo\\\/image\\\/\",\"url\":\"https:\\\/\\\/buletin.de\\\/bucuresti\\\/wp-content\\\/uploads\\\/logo-bdb-full-wide-vernil-transparent.png\",\"contentUrl\":\"https:\\\/\\\/buletin.de\\\/bucuresti\\\/wp-content\\\/uploads\\\/logo-bdb-full-wide-vernil-transparent.png\",\"width\":1782,\"height\":626,\"caption\":\"Buletin de Bucure\u0219ti\"},\"image\":{\"@id\":\"https:\\\/\\\/buletin.de\\\/bucuresti\\\/#\\\/schema\\\/logo\\\/image\\\/\"},\"sameAs\":[\"https:\\\/\\\/www.facebook.com\\\/buletin.de.buc\",\"https:\\\/\\\/www.instagram.com\\\/buletinde.bucuresti\\\/\"]},{\"@type\":\"Person\",\"@id\":\"https:\\\/\\\/buletin.de\\\/bucuresti\\\/#\\\/schema\\\/person\\\/2bbcf854e5f2419a13804af574d06ab1\",\"name\":\"Redac\u021bia Buletin de Bucure\u0219ti\",\"image\":{\"@type\":\"ImageObject\",\"inLanguage\":\"en-GB\",\"@id\":\"https:\\\/\\\/secure.gravatar.com\\\/avatar\\\/18c5342381ed1a08620e6280424e3e5efc958618f5d67c522c9e44c1bc6f9226?s=96&d=monsterid&r=g60c7cd0ad92c68c049fcd4bb3504d609\",\"url\":\"https:\\\/\\\/secure.gravatar.com\\\/avatar\\\/18c5342381ed1a08620e6280424e3e5efc958618f5d67c522c9e44c1bc6f9226?s=96&d=monsterid&r=g\",\"contentUrl\":\"https:\\\/\\\/secure.gravatar.com\\\/avatar\\\/18c5342381ed1a08620e6280424e3e5efc958618f5d67c522c9e44c1bc6f9226?s=96&d=monsterid&r=g\",\"caption\":\"Redac\u021bia Buletin de Bucure\u0219ti\"},\"description\":\"Buletin de Bucure\u0219ti exist\u0103 din vara anului 2019.\",\"url\":\"https:\\\/\\\/buletin.de\\\/bucuresti\\\/author\\\/adminbuletin\\\/\"}]}<\/script>\n<!-- \/ Yoast SEO Premium plugin. -->","yoast_head_json":{"title":"VIDEO | Incendiu puternic \u00een Sectorul 5, la acoperi\u0219urile a dou\u0103 case - Buletin de Bucure\u0219ti","description":"Un incendiu puternic s-a produs \u00een Sectorul 5, luni diminea\u021b\u0103, pe strada Erou Toma Constantin, la acoperi\u0219urile a dou\u0103 locuin\u021be.","robots":{"index":"index","follow":"follow","max-snippet":"max-snippet:-1","max-image-preview":"max-image-preview:large","max-video-preview":"max-video-preview:-1"},"canonical":"https:\/\/buletin.de\/bucuresti\/video-incendiu-puternic-in-sectorul-5-la-acoperisurile-a-doua-case\/","og_locale":"en_GB","og_type":"article","og_title":"VIDEO | Incendiu puternic \u00een Sectorul 5, la acoperi\u0219urile a dou\u0103 case","og_description":"Un incendiu puternic s-a produs \u00een Sectorul 5, luni diminea\u021b\u0103, pe strada Erou Toma Constantin, la acoperi\u0219urile a dou\u0103 locuin\u021be.","og_url":"https:\/\/buletin.de\/bucuresti\/video-incendiu-puternic-in-sectorul-5-la-acoperisurile-a-doua-case\/","og_site_name":"Buletin de Bucure\u0219ti","article_publisher":"https:\/\/www.facebook.com\/buletin.de.buc","article_published_time":"2026-04-27T08:05:40+00:00","article_modified_time":"2026-04-27T08:36:15+00:00","og_image":[{"width":1200,"height":650,"url":"https:\/\/buletin.de\/bucuresti\/wp-content\/uploads\/2026\/04\/Incendiu-puternic-in-Sectorul-5.jpg","type":"image\/jpeg"}],"author":"Redac\u021bia Buletin de Bucure\u0219ti","twitter_card":"summary_large_image","twitter_misc":{"Written by":"Redac\u021bia Buletin de Bucure\u0219ti","Estimated reading time":"2 minutes"},"schema":{"@context":"https:\/\/schema.org","@graph":[{"@type":"Article","@id":"https:\/\/buletin.de\/bucuresti\/video-incendiu-puternic-in-sectorul-5-la-acoperisurile-a-doua-case\/#article","isPartOf":{"@id":"https:\/\/buletin.de\/bucuresti\/video-incendiu-puternic-in-sectorul-5-la-acoperisurile-a-doua-case\/"},"author":{"name":"Redac\u021bia Buletin de Bucure\u0219ti","@id":"https:\/\/buletin.de\/bucuresti\/#\/schema\/person\/2bbcf854e5f2419a13804af574d06ab1"},"headline":"VIDEO | Incendiu puternic \u00een Sectorul 5, la acoperi\u0219urile a dou\u0103 case","datePublished":"2026-04-27T08:05:40+00:00","dateModified":"2026-04-27T08:36:15+00:00","mainEntityOfPage":{"@id":"https:\/\/buletin.de\/bucuresti\/video-incendiu-puternic-in-sectorul-5-la-acoperisurile-a-doua-case\/"},"wordCount":343,"publisher":{"@id":"https:\/\/buletin.de\/bucuresti\/#organization"},"image":{"@id":"https:\/\/buletin.de\/bucuresti\/video-incendiu-puternic-in-sectorul-5-la-acoperisurile-a-doua-case\/#primaryimage"},"thumbnailUrl":"https:\/\/buletin.de\/bucuresti\/wp-content\/uploads\/2026\/04\/Incendiu-puternic-in-Sectorul-5.jpg","keywords":["incendiu","isu b-if","Sector 5"],"articleSection":["Articole","Eveniment","\u0218tiri"],"inLanguage":"en-GB","copyrightYear":"2026","copyrightHolder":{"@id":"https:\/\/buletin.de\/bucuresti\/#organization"}},{"@type":"WebPage","@id":"https:\/\/buletin.de\/bucuresti\/video-incendiu-puternic-in-sectorul-5-la-acoperisurile-a-doua-case\/","url":"https:\/\/buletin.de\/bucuresti\/video-incendiu-puternic-in-sectorul-5-la-acoperisurile-a-doua-case\/","name":"VIDEO | Incendiu puternic \u00een Sectorul 5, la acoperi\u0219urile a dou\u0103 case - Buletin de Bucure\u0219ti","isPartOf":{"@id":"https:\/\/buletin.de\/bucuresti\/#website"},"primaryImageOfPage":{"@id":"https:\/\/buletin.de\/bucuresti\/video-incendiu-puternic-in-sectorul-5-la-acoperisurile-a-doua-case\/#primaryimage"},"image":{"@id":"https:\/\/buletin.de\/bucuresti\/video-incendiu-puternic-in-sectorul-5-la-acoperisurile-a-doua-case\/#primaryimage"},"thumbnailUrl":"https:\/\/buletin.de\/bucuresti\/wp-content\/uploads\/2026\/04\/Incendiu-puternic-in-Sectorul-5.jpg","datePublished":"2026-04-27T08:05:40+00:00","dateModified":"2026-04-27T08:36:15+00:00","description":"Un incendiu puternic s-a produs \u00een Sectorul 5, luni diminea\u021b\u0103, pe strada Erou Toma Constantin, la acoperi\u0219urile a dou\u0103 locuin\u021be.","breadcrumb":{"@id":"https:\/\/buletin.de\/bucuresti\/video-incendiu-puternic-in-sectorul-5-la-acoperisurile-a-doua-case\/#breadcrumb"},"inLanguage":"en-GB","potentialAction":[{"@type":"ReadAction","target":["https:\/\/buletin.de\/bucuresti\/video-incendiu-puternic-in-sectorul-5-la-acoperisurile-a-doua-case\/"]}]},{"@type":"ImageObject","inLanguage":"en-GB","@id":"https:\/\/buletin.de\/bucuresti\/video-incendiu-puternic-in-sectorul-5-la-acoperisurile-a-doua-case\/#primaryimage","url":"https:\/\/buletin.de\/bucuresti\/wp-content\/uploads\/2026\/04\/Incendiu-puternic-in-Sectorul-5.jpg","contentUrl":"https:\/\/buletin.de\/bucuresti\/wp-content\/uploads\/2026\/04\/Incendiu-puternic-in-Sectorul-5.jpg","width":1200,"height":650,"caption":"Un incendiu a izbucnit \u00een Sectorul 5. Foto: ISU-BIF"},{"@type":"BreadcrumbList","@id":"https:\/\/buletin.de\/bucuresti\/video-incendiu-puternic-in-sectorul-5-la-acoperisurile-a-doua-case\/#breadcrumb","itemListElement":[{"@type":"ListItem","position":1,"name":"Acas\u0103","item":"https:\/\/buletin.de\/bucuresti\/"},{"@type":"ListItem","position":2,"name":"VIDEO | Incendiu puternic \u00een Sectorul 5, la acoperi\u0219urile a dou\u0103 case"}]},{"@type":"WebSite","@id":"https:\/\/buletin.de\/bucuresti\/#website","url":"https:\/\/buletin.de\/bucuresti\/","name":"Buletin de Bucure\u0219ti","description":"\u0218tiri \u0219i investiga\u021bii esen\u021biale din capital\u0103","publisher":{"@id":"https:\/\/buletin.de\/bucuresti\/#organization"},"potentialAction":[{"@type":"SearchAction","target":{"@type":"EntryPoint","urlTemplate":"https:\/\/buletin.de\/bucuresti\/?s={search_term_string}"},"query-input":{"@type":"PropertyValueSpecification","valueRequired":true,"valueName":"search_term_string"}}],"inLanguage":"en-GB"},{"@type":"Organization","@id":"https:\/\/buletin.de\/bucuresti\/#organization","name":"Buletin de Bucure\u0219ti","url":"https:\/\/buletin.de\/bucuresti\/","logo":{"@type":"ImageObject","inLanguage":"en-GB","@id":"https:\/\/buletin.de\/bucuresti\/#\/schema\/logo\/image\/","url":"https:\/\/buletin.de\/bucuresti\/wp-content\/uploads\/logo-bdb-full-wide-vernil-transparent.png","contentUrl":"https:\/\/buletin.de\/bucuresti\/wp-content\/uploads\/logo-bdb-full-wide-vernil-transparent.png","width":1782,"height":626,"caption":"Buletin de Bucure\u0219ti"},"image":{"@id":"https:\/\/buletin.de\/bucuresti\/#\/schema\/logo\/image\/"},"sameAs":["https:\/\/www.facebook.com\/buletin.de.buc","https:\/\/www.instagram.com\/buletinde.bucuresti\/"]},{"@type":"Person","@id":"https:\/\/buletin.de\/bucuresti\/#\/schema\/person\/2bbcf854e5f2419a13804af574d06ab1","name":"Redac\u021bia Buletin de Bucure\u0219ti","image":{"@type":"ImageObject","inLanguage":"en-GB","@id":"https:\/\/secure.gravatar.com\/avatar\/18c5342381ed1a08620e6280424e3e5efc958618f5d67c522c9e44c1bc6f9226?s=96&d=monsterid&r=g60c7cd0ad92c68c049fcd4bb3504d609","url":"https:\/\/secure.gravatar.com\/avatar\/18c5342381ed1a08620e6280424e3e5efc958618f5d67c522c9e44c1bc6f9226?s=96&d=monsterid&r=g","contentUrl":"https:\/\/secure.gravatar.com\/avatar\/18c5342381ed1a08620e6280424e3e5efc958618f5d67c522c9e44c1bc6f9226?s=96&d=monsterid&r=g","caption":"Redac\u021bia Buletin de Bucure\u0219ti"},"description":"Buletin de Bucure\u0219ti exist\u0103 din vara anului 2019.","url":"https:\/\/buletin.de\/bucuresti\/author\/adminbuletin\/"}]}},"authors":[{"term_id":22583,"user_id":1,"is_guest":0,"slug":"adminbuletin","display_name":"Redac\u021bia Buletin de Bucure\u0219ti","avatar_url":"https:\/\/secure.gravatar.com\/avatar\/18c5342381ed1a08620e6280424e3e5efc958618f5d67c522c9e44c1bc6f9226?s=96&d=monsterid&r=g","0":null,"1":"","2":"","3":"","4":"","5":"","6":"","7":"","8":""}],"_links":{"self":[{"href":"https:\/\/buletin.de\/bucuresti\/wp-json\/wp\/v2\/posts\/189521","targetHints":{"allow":["GET"]}}],"collection":[{"href":"https:\/\/buletin.de\/bucuresti\/wp-json\/wp\/v2\/posts"}],"about":[{"href":"https:\/\/buletin.de\/bucuresti\/wp-json\/wp\/v2\/types\/post"}],"author":[{"embeddable":true,"href":"https:\/\/buletin.de\/bucuresti\/wp-json\/wp\/v2\/users\/1"}],"replies":[{"embeddable":true,"href":"https:\/\/buletin.de\/bucuresti\/wp-json\/wp\/v2\/comments?post=189521"}],"version-history":[{"count":7,"href":"https:\/\/buletin.de\/bucuresti\/wp-json\/wp\/v2\/posts\/189521\/revisions"}],"predecessor-version":[{"id":189541,"href":"https:\/\/buletin.de\/bucuresti\/wp-json\/wp\/v2\/posts\/189521\/revisions\/189541"}],"wp:featuredmedia":[{"embeddable":true,"href":"https:\/\/buletin.de\/bucuresti\/wp-json\/wp\/v2\/media\/189525"}],"wp:attachment":[{"href":"https:\/\/buletin.de\/bucuresti\/wp-json\/wp\/v2\/media?parent=189521"}],"wp:term":[{"taxonomy":"category","embeddable":true,"href":"https:\/\/buletin.de\/bucuresti\/wp-json\/wp\/v2\/categories?post=189521"},{"taxonomy":"post_tag","embeddable":true,"href":"https:\/\/buletin.de\/bucuresti\/wp-json\/wp\/v2\/tags?post=189521"},{"taxonomy":"author","embeddable":true,"href":"https:\/\/buletin.de\/bucuresti\/wp-json\/wp\/v2\/ppma_author?post=189521"}],"curies":[{"name":"wp","href":"https:\/\/api.w.org\/{rel}","templated":true}]}}