{"id":189500,"date":"2026-04-27T10:51:30","date_gmt":"2026-04-27T07:51:30","guid":{"rendered":"https:\/\/buletin.de\/bucuresti\/?p=189500"},"modified":"2026-04-27T13:34:57","modified_gmt":"2026-04-27T10:34:57","slug":"proiectarea-pentru-tronsonul-eroilor-piata-iancului-de-pe-m5-aproape-finalizata-lucrarile-ar-putea-incepe-abia-in-2028","status":"publish","type":"post","link":"https:\/\/buletin.de\/bucuresti\/proiectarea-pentru-tronsonul-eroilor-piata-iancului-de-pe-m5-aproape-finalizata-lucrarile-ar-putea-incepe-abia-in-2028\/","title":{"rendered":"Proiectarea pentru tronsonul Eroilor &#8211; Pia\u021ba Iancului, de pe M5, aproape finalizat\u0103. Lucr\u0103rile ar putea \u00eencepe abia \u00een 2028"},"content":{"rendered":"\n<p><strong>Proiectarea pentru Sec\u021biunea Eroilor &#8211; Pia\u021ba Iancului, de pe Magistrala 5, este aproape finalizat\u0103, dar lucr\u0103rile nu vor \u00eencepe mai devreme de anul 2028, dup\u0103 cum au declarat reprezentan\u021bii Metrorex pentru <a href=\"https:\/\/adevarul.ro\/stiri-interne\/cea-mai-asteptata-magistrala-de-metrou-din-2524901.html\" type=\"link\" id=\"https:\/\/adevarul.ro\/stiri-interne\/cea-mai-asteptata-magistrala-de-metrou-din-2524901.html\" target=\"_blank\" rel=\"noreferrer noopener\">Adev\u0103rul<\/a>. <\/strong><\/p>\n\n\n\n<p>Proiectarea sec\u021biunii a fost finalizat\u0103, \u00eens\u0103 reprezentan\u021bii companiei estimeaz\u0103 c\u0103 ob\u021binerea avizelor obligatorii se va \u00eentinde p\u00e2n\u0103 la sf\u00e2r\u0219itul anului 2027, f\u0103r\u0103 o dat\u0103 concret\u0103 men\u021bionat\u0103. Abia dup\u0103 aceea va putea fi lansat\u0103 \u0219i licita\u021bia pentru lucr\u0103rile propriu-zise. <\/p>\n\n\n\n<p>Sec\u021biunea Eroilor &#8211; Pia\u021ba Iancului va avea o lungime de aproximativ 5,2 kilometri \u0219i va cuprinde \u0219ase sta\u021bii: Facultatea de Drept, Ci\u0219migiu, Universitate (coresponden\u021b\u0103 cu M2), Calea Mo\u0219ilor (coresponden\u021b\u0103 cu viitoarea M7), Traian \u0219i Pia\u021ba Iancului (coresponden\u021b\u0103 cu M1).<\/p>\n\n\n\n<h2 class=\"wp-block-heading\" id=\"h-eroilor-universitate-pia\u021ba-iancului-gata-abia-in-2035\">Eroilor &#8211; Universitate &#8211; Pia\u021ba Iancului, gata abia \u00een 2035<\/h2>\n\n\n\n<p>Tronsonul ar lega direct cartierele din vestul Bucure\u0219tiului de centrul ora\u0219ului, f\u0103r\u0103 a mai fi nevoie de dou\u0103 schimburi de metrou. Pentru a ajunge din Drumul Taberei la Universitate, metroul trebuie schimbat la Eroilor, apoi la Pia\u021ba Unirii, traseu care dureaz\u0103 peste 35 de minute. <strong>Dup\u0103 finalizarea Magistralei 5, drumul ar dura \u00een jur de 15 minute. <\/strong><\/p>\n\n\n\n<p>Execu\u021bia lucr\u0103rilor are o durat\u0103 de 84 de luni, adic\u0103 7 ani, potrivit Studiului de Fezabilitate. <strong>Astfel, tronsonul ar putea fi gata, cel mai devreme, \u00een 2035 &#8211; 2036. <\/strong><\/p>\n\n\n\n<p>\u00cen prezent, sunt \u00een curs de elaborare documenta\u021biile necesare pentru ob\u021binerea a dou\u0103 avize esen\u021biale, respectiv Planul Urbanistic Zonal, programat s\u0103 fie gata \u00een iulie 2027, \u0219i Acordul de Mediu, care ar trebui ob\u021binut \u00een decembrie 2027, potrivit estim\u0103rilor Metrorex. <\/p>\n\n\n\n<p><strong>Dup\u0103 emiterea celor dou\u0103 avize, va putea fi elaborat\u0103 Documenta\u021bia Tehnic\u0103 pentru Autorizarea Construc\u021biei, \u00eenainte de a putea fi lansat\u0103 licita\u021bia. <\/strong><\/p>\n\n\n\n<p>Termenele privind execu\u021bia acestui tronson s-au modificat, \u00een timp. \u00cen 2024, conducerea Metrorex estima c\u0103 <a href=\"https:\/\/buletin.de\/bucuresti\/2033-anul-in-care-pe-m5-s-ar-putea-circula-intre-eroilor-si-iancului-totul-tine-de-momentul-lansarii-licitatiei\/\" type=\"link\" id=\"https:\/\/buletin.de\/bucuresti\/2033-anul-in-care-pe-m5-s-ar-putea-circula-intre-eroilor-si-iancului-totul-tine-de-momentul-lansarii-licitatiei\/\" target=\"_blank\" rel=\"noreferrer noopener\">licita\u021bia pentru lucr\u0103ri de execu\u021bie va fi lansat\u0103 \u00een vara anului 2025<\/a>, iar contractul semnat \u00een mai 2026, cu tronsonul finalizat \u00een 2033. <\/p>\n\n\n\n<p><strong>Ulterior, \u00een octombrie 2025, directorul general al Metrorex, Mariana Micl\u0103u\u0219, anun\u021ba c\u0103 lansarea licita\u021biilor ar urma s\u0103 aib\u0103 loc \u00eentre iunie 2027 \u0219i mai 2028, cu finalizare \u00een 2034.<\/strong><\/p>\n\n\n\n<p><strong>Cite\u0219te materialul complet pe <a href=\"https:\/\/adevarul.ro\/stiri-interne\/cea-mai-asteptata-magistrala-de-metrou-din-2524901.html\" type=\"link\" id=\"https:\/\/adevarul.ro\/stiri-interne\/cea-mai-asteptata-magistrala-de-metrou-din-2524901.html\" target=\"_blank\" rel=\"noreferrer noopener\">Adev\u0103rul.ro<\/a>. <\/strong><\/p>\n\n\n\n<p>CITE\u0218TE \u0218I <a href=\"https:\/\/buletin.de\/bucuresti\/ciucu-explica-de-ce-sunt-deschise-atat-de-multe-santiere-pe-liniile-de-tramvai-daca-nu-le-facem-acum-nu-le-mai-facem-deloc\/\" target=\"_blank\" rel=\"noreferrer noopener\">Ciucu explic\u0103 de ce sunt deschise at\u00e2t de multe \u0219antiere pe liniile de tramvai: \u201eDac\u0103 nu le facem acum, nu le mai facem deloc\u201d<\/a><\/p>\n","protected":false},"excerpt":{"rendered":"<p>Proiectarea pentru Sec\u021biunea Eroilor &#8211; Pia\u021ba Iancului, de pe Magistrala 5, este aproape finalizat\u0103, dar lucr\u0103rile nu vor \u00eencepe mai devreme de anul 2028, dup\u0103 cum au declarat reprezentan\u021bii Metrorex pentru Adev\u0103rul. Proiectarea sec\u021biunii a fost finalizat\u0103, \u00eens\u0103 reprezentan\u021bii companiei estimeaz\u0103 c\u0103 ob\u021binerea avizelor obligatorii se va \u00eentinde p\u00e2n\u0103 la sf\u00e2r\u0219itul anului 2027, f\u0103r\u0103 o [&hellip;]<\/p>\n","protected":false},"author":65,"featured_media":189515,"comment_status":"closed","ping_status":"open","sticky":false,"template":"","format":"standard","meta":{"_acf_changed":false,"inline_featured_image":false,"ngg_post_thumbnail":0,"footnotes":""},"categories":[6994,62,650],"tags":[27994,1262,12297,699,377],"ppma_author":[23912],"class_list":["post-189500","post","type-post","status-publish","format-standard","has-post-thumbnail","hentry","category-stiri-2","category-stiri","category-transport","tag-eroilor-universitate-iancului","tag-m5","tag-m5-eroilor-iancului","tag-magistrala-5","tag-metrorex"],"acf":[],"yoast_head":"<!-- This site is optimized with the Yoast SEO Premium plugin v25.3 (Yoast SEO v27.4) - https:\/\/yoast.com\/product\/yoast-seo-premium-wordpress\/ -->\n<title>Proiectarea pentru tronsonul Eroilor - Pia\u021ba Iancului, de pe M5, aproape finalizat\u0103. Lucr\u0103rile ar putea \u00eencepe abia \u00een 2028 - Buletin de Bucure\u0219ti<\/title>\n<meta name=\"description\" content=\"Proiectarea pentru sec\u021biunea Eroilor - Pia\u021ba Iancului, de pe Magistrala 5, este aproape finalizat\u0103, dar lucr\u0103rile nu vor \u00eencepe cur\u00e2nd.\" \/>\n<meta name=\"robots\" content=\"index, follow, max-snippet:-1, max-image-preview:large, max-video-preview:-1\" \/>\n<link rel=\"canonical\" href=\"https:\/\/buletin.de\/bucuresti\/proiectarea-pentru-tronsonul-eroilor-piata-iancului-de-pe-m5-aproape-finalizata-lucrarile-ar-putea-incepe-abia-in-2028\/\" \/>\n<meta property=\"og:locale\" content=\"en_GB\" \/>\n<meta property=\"og:type\" content=\"article\" \/>\n<meta property=\"og:title\" content=\"Proiectarea pentru tronsonul Eroilor - Pia\u021ba Iancului, de pe M5, aproape finalizat\u0103. Lucr\u0103rile ar putea \u00eencepe abia \u00een 2028\" \/>\n<meta property=\"og:description\" content=\"Proiectarea pentru sec\u021biunea Eroilor - Pia\u021ba Iancului, de pe Magistrala 5, este aproape finalizat\u0103, dar lucr\u0103rile nu vor \u00eencepe cur\u00e2nd.\" \/>\n<meta property=\"og:url\" content=\"https:\/\/buletin.de\/bucuresti\/proiectarea-pentru-tronsonul-eroilor-piata-iancului-de-pe-m5-aproape-finalizata-lucrarile-ar-putea-incepe-abia-in-2028\/\" \/>\n<meta property=\"og:site_name\" content=\"Buletin de Bucure\u0219ti\" \/>\n<meta property=\"article:publisher\" content=\"https:\/\/www.facebook.com\/buletin.de.buc\" \/>\n<meta property=\"article:published_time\" content=\"2026-04-27T07:51:30+00:00\" \/>\n<meta property=\"article:modified_time\" content=\"2026-04-27T10:34:57+00:00\" \/>\n<meta property=\"og:image\" content=\"https:\/\/buletin.de\/bucuresti\/wp-content\/uploads\/2026\/04\/M5-tronson-Eroilor-Piata-Iancului.jpg\" \/>\n\t<meta property=\"og:image:width\" content=\"1200\" \/>\n\t<meta property=\"og:image:height\" content=\"650\" \/>\n\t<meta property=\"og:image:type\" content=\"image\/jpeg\" \/>\n<meta name=\"author\" content=\"Andreea St\u0103n\u0103r\u00eeng\u0103\" \/>\n<meta name=\"twitter:card\" content=\"summary_large_image\" \/>\n<meta name=\"twitter:label1\" content=\"Written by\" \/>\n\t<meta name=\"twitter:data1\" content=\"Andreea St\u0103n\u0103r\u00eeng\u0103\" \/>\n\t<meta name=\"twitter:label2\" content=\"Estimated reading time\" \/>\n\t<meta name=\"twitter:data2\" content=\"2 minutes\" \/>\n<script type=\"application\/ld+json\" class=\"yoast-schema-graph\">{\"@context\":\"https:\\\/\\\/schema.org\",\"@graph\":[{\"@type\":\"Article\",\"@id\":\"https:\\\/\\\/buletin.de\\\/bucuresti\\\/proiectarea-pentru-tronsonul-eroilor-piata-iancului-de-pe-m5-aproape-finalizata-lucrarile-ar-putea-incepe-abia-in-2028\\\/#article\",\"isPartOf\":{\"@id\":\"https:\\\/\\\/buletin.de\\\/bucuresti\\\/proiectarea-pentru-tronsonul-eroilor-piata-iancului-de-pe-m5-aproape-finalizata-lucrarile-ar-putea-incepe-abia-in-2028\\\/\"},\"author\":{\"name\":\"Andreea St\u0103n\u0103r\u00eeng\u0103\",\"@id\":\"https:\\\/\\\/buletin.de\\\/bucuresti\\\/#\\\/schema\\\/person\\\/81421a46fb84a0887cfd2238f5202586\"},\"headline\":\"Proiectarea pentru tronsonul Eroilor &#8211; Pia\u021ba Iancului, de pe M5, aproape finalizat\u0103. Lucr\u0103rile ar putea \u00eencepe abia \u00een 2028\",\"datePublished\":\"2026-04-27T07:51:30+00:00\",\"dateModified\":\"2026-04-27T10:34:57+00:00\",\"mainEntityOfPage\":{\"@id\":\"https:\\\/\\\/buletin.de\\\/bucuresti\\\/proiectarea-pentru-tronsonul-eroilor-piata-iancului-de-pe-m5-aproape-finalizata-lucrarile-ar-putea-incepe-abia-in-2028\\\/\"},\"wordCount\":410,\"publisher\":{\"@id\":\"https:\\\/\\\/buletin.de\\\/bucuresti\\\/#organization\"},\"image\":{\"@id\":\"https:\\\/\\\/buletin.de\\\/bucuresti\\\/proiectarea-pentru-tronsonul-eroilor-piata-iancului-de-pe-m5-aproape-finalizata-lucrarile-ar-putea-incepe-abia-in-2028\\\/#primaryimage\"},\"thumbnailUrl\":\"https:\\\/\\\/buletin.de\\\/bucuresti\\\/wp-content\\\/uploads\\\/2026\\\/04\\\/M5-tronson-Eroilor-Piata-Iancului.jpg\",\"keywords\":[\"Eroilor - Universitate - Iancului\",\"M5\",\"m5 eroilor - iancului.\",\"magistrala 5\",\"metrorex\"],\"articleSection\":[\"Articole\",\"\u0218tiri\",\"Transport\"],\"inLanguage\":\"en-GB\",\"copyrightYear\":\"2026\",\"copyrightHolder\":{\"@id\":\"https:\\\/\\\/buletin.de\\\/bucuresti\\\/#organization\"}},{\"@type\":\"WebPage\",\"@id\":\"https:\\\/\\\/buletin.de\\\/bucuresti\\\/proiectarea-pentru-tronsonul-eroilor-piata-iancului-de-pe-m5-aproape-finalizata-lucrarile-ar-putea-incepe-abia-in-2028\\\/\",\"url\":\"https:\\\/\\\/buletin.de\\\/bucuresti\\\/proiectarea-pentru-tronsonul-eroilor-piata-iancului-de-pe-m5-aproape-finalizata-lucrarile-ar-putea-incepe-abia-in-2028\\\/\",\"name\":\"Proiectarea pentru tronsonul Eroilor - Pia\u021ba Iancului, de pe M5, aproape finalizat\u0103. Lucr\u0103rile ar putea \u00eencepe abia \u00een 2028 - Buletin de Bucure\u0219ti\",\"isPartOf\":{\"@id\":\"https:\\\/\\\/buletin.de\\\/bucuresti\\\/#website\"},\"primaryImageOfPage\":{\"@id\":\"https:\\\/\\\/buletin.de\\\/bucuresti\\\/proiectarea-pentru-tronsonul-eroilor-piata-iancului-de-pe-m5-aproape-finalizata-lucrarile-ar-putea-incepe-abia-in-2028\\\/#primaryimage\"},\"image\":{\"@id\":\"https:\\\/\\\/buletin.de\\\/bucuresti\\\/proiectarea-pentru-tronsonul-eroilor-piata-iancului-de-pe-m5-aproape-finalizata-lucrarile-ar-putea-incepe-abia-in-2028\\\/#primaryimage\"},\"thumbnailUrl\":\"https:\\\/\\\/buletin.de\\\/bucuresti\\\/wp-content\\\/uploads\\\/2026\\\/04\\\/M5-tronson-Eroilor-Piata-Iancului.jpg\",\"datePublished\":\"2026-04-27T07:51:30+00:00\",\"dateModified\":\"2026-04-27T10:34:57+00:00\",\"description\":\"Proiectarea pentru sec\u021biunea Eroilor - Pia\u021ba Iancului, de pe Magistrala 5, este aproape finalizat\u0103, dar lucr\u0103rile nu vor \u00eencepe cur\u00e2nd.\",\"breadcrumb\":{\"@id\":\"https:\\\/\\\/buletin.de\\\/bucuresti\\\/proiectarea-pentru-tronsonul-eroilor-piata-iancului-de-pe-m5-aproape-finalizata-lucrarile-ar-putea-incepe-abia-in-2028\\\/#breadcrumb\"},\"inLanguage\":\"en-GB\",\"potentialAction\":[{\"@type\":\"ReadAction\",\"target\":[\"https:\\\/\\\/buletin.de\\\/bucuresti\\\/proiectarea-pentru-tronsonul-eroilor-piata-iancului-de-pe-m5-aproape-finalizata-lucrarile-ar-putea-incepe-abia-in-2028\\\/\"]}]},{\"@type\":\"ImageObject\",\"inLanguage\":\"en-GB\",\"@id\":\"https:\\\/\\\/buletin.de\\\/bucuresti\\\/proiectarea-pentru-tronsonul-eroilor-piata-iancului-de-pe-m5-aproape-finalizata-lucrarile-ar-putea-incepe-abia-in-2028\\\/#primaryimage\",\"url\":\"https:\\\/\\\/buletin.de\\\/bucuresti\\\/wp-content\\\/uploads\\\/2026\\\/04\\\/M5-tronson-Eroilor-Piata-Iancului.jpg\",\"contentUrl\":\"https:\\\/\\\/buletin.de\\\/bucuresti\\\/wp-content\\\/uploads\\\/2026\\\/04\\\/M5-tronson-Eroilor-Piata-Iancului.jpg\",\"width\":1200,\"height\":650,\"caption\":\"Tronsonul Eroilor - Pia\u021ba Iancului, gata abia \u00een 2035. Foto: Wikipedia\\\/Puly4q\"},{\"@type\":\"BreadcrumbList\",\"@id\":\"https:\\\/\\\/buletin.de\\\/bucuresti\\\/proiectarea-pentru-tronsonul-eroilor-piata-iancului-de-pe-m5-aproape-finalizata-lucrarile-ar-putea-incepe-abia-in-2028\\\/#breadcrumb\",\"itemListElement\":[{\"@type\":\"ListItem\",\"position\":1,\"name\":\"Acas\u0103\",\"item\":\"https:\\\/\\\/buletin.de\\\/bucuresti\\\/\"},{\"@type\":\"ListItem\",\"position\":2,\"name\":\"Proiectarea pentru tronsonul Eroilor &#8211; Pia\u021ba Iancului, de pe M5, aproape finalizat\u0103. Lucr\u0103rile ar putea \u00eencepe abia \u00een 2028\"}]},{\"@type\":\"WebSite\",\"@id\":\"https:\\\/\\\/buletin.de\\\/bucuresti\\\/#website\",\"url\":\"https:\\\/\\\/buletin.de\\\/bucuresti\\\/\",\"name\":\"Buletin de Bucure\u0219ti\",\"description\":\"\u0218tiri \u0219i investiga\u021bii esen\u021biale din capital\u0103\",\"publisher\":{\"@id\":\"https:\\\/\\\/buletin.de\\\/bucuresti\\\/#organization\"},\"potentialAction\":[{\"@type\":\"SearchAction\",\"target\":{\"@type\":\"EntryPoint\",\"urlTemplate\":\"https:\\\/\\\/buletin.de\\\/bucuresti\\\/?s={search_term_string}\"},\"query-input\":{\"@type\":\"PropertyValueSpecification\",\"valueRequired\":true,\"valueName\":\"search_term_string\"}}],\"inLanguage\":\"en-GB\"},{\"@type\":\"Organization\",\"@id\":\"https:\\\/\\\/buletin.de\\\/bucuresti\\\/#organization\",\"name\":\"Buletin de Bucure\u0219ti\",\"url\":\"https:\\\/\\\/buletin.de\\\/bucuresti\\\/\",\"logo\":{\"@type\":\"ImageObject\",\"inLanguage\":\"en-GB\",\"@id\":\"https:\\\/\\\/buletin.de\\\/bucuresti\\\/#\\\/schema\\\/logo\\\/image\\\/\",\"url\":\"https:\\\/\\\/buletin.de\\\/bucuresti\\\/wp-content\\\/uploads\\\/logo-bdb-full-wide-vernil-transparent.png\",\"contentUrl\":\"https:\\\/\\\/buletin.de\\\/bucuresti\\\/wp-content\\\/uploads\\\/logo-bdb-full-wide-vernil-transparent.png\",\"width\":1782,\"height\":626,\"caption\":\"Buletin de Bucure\u0219ti\"},\"image\":{\"@id\":\"https:\\\/\\\/buletin.de\\\/bucuresti\\\/#\\\/schema\\\/logo\\\/image\\\/\"},\"sameAs\":[\"https:\\\/\\\/www.facebook.com\\\/buletin.de.buc\",\"https:\\\/\\\/www.instagram.com\\\/buletinde.bucuresti\\\/\"]},{\"@type\":\"Person\",\"@id\":\"https:\\\/\\\/buletin.de\\\/bucuresti\\\/#\\\/schema\\\/person\\\/81421a46fb84a0887cfd2238f5202586\",\"name\":\"Andreea St\u0103n\u0103r\u00eeng\u0103\",\"image\":{\"@type\":\"ImageObject\",\"inLanguage\":\"en-GB\",\"@id\":\"https:\\\/\\\/secure.gravatar.com\\\/avatar\\\/dfa8d227a4388fad0f0bb03add04b5b176f4da34397dbb2eadc563b3d7162ce0?s=96&d=monsterid&r=g72784372b39ffe5a98a45288fe0d0e8a\",\"url\":\"https:\\\/\\\/secure.gravatar.com\\\/avatar\\\/dfa8d227a4388fad0f0bb03add04b5b176f4da34397dbb2eadc563b3d7162ce0?s=96&d=monsterid&r=g\",\"contentUrl\":\"https:\\\/\\\/secure.gravatar.com\\\/avatar\\\/dfa8d227a4388fad0f0bb03add04b5b176f4da34397dbb2eadc563b3d7162ce0?s=96&d=monsterid&r=g\",\"caption\":\"Andreea St\u0103n\u0103r\u00eeng\u0103\"},\"description\":\"Cu o experien\u021b\u0103 de peste 5 ani \u00een pres\u0103, face parte din echipa Buletin de Bucure\u0219ti din septembrie 2025. A colaborat cu c\u00e2teva publica\u021bii, printre care \u0219i Fanatik.ro, unde s-a ocupat de \u0219tiri de lifestyle \u0219i de actualitate. A f\u0103cut un pas c\u0103tre presa local\u0103 pentru a explora Bucure\u0219tiul \u0219i pove\u0219tile care merit\u0103 spuse.\",\"url\":\"https:\\\/\\\/buletin.de\\\/bucuresti\\\/author\\\/andreea-stanaranga\\\/\"}]}<\/script>\n<!-- \/ Yoast SEO Premium plugin. -->","yoast_head_json":{"title":"Proiectarea pentru tronsonul Eroilor - Pia\u021ba Iancului, de pe M5, aproape finalizat\u0103. Lucr\u0103rile ar putea \u00eencepe abia \u00een 2028 - Buletin de Bucure\u0219ti","description":"Proiectarea pentru sec\u021biunea Eroilor - Pia\u021ba Iancului, de pe Magistrala 5, este aproape finalizat\u0103, dar lucr\u0103rile nu vor \u00eencepe cur\u00e2nd.","robots":{"index":"index","follow":"follow","max-snippet":"max-snippet:-1","max-image-preview":"max-image-preview:large","max-video-preview":"max-video-preview:-1"},"canonical":"https:\/\/buletin.de\/bucuresti\/proiectarea-pentru-tronsonul-eroilor-piata-iancului-de-pe-m5-aproape-finalizata-lucrarile-ar-putea-incepe-abia-in-2028\/","og_locale":"en_GB","og_type":"article","og_title":"Proiectarea pentru tronsonul Eroilor - Pia\u021ba Iancului, de pe M5, aproape finalizat\u0103. Lucr\u0103rile ar putea \u00eencepe abia \u00een 2028","og_description":"Proiectarea pentru sec\u021biunea Eroilor - Pia\u021ba Iancului, de pe Magistrala 5, este aproape finalizat\u0103, dar lucr\u0103rile nu vor \u00eencepe cur\u00e2nd.","og_url":"https:\/\/buletin.de\/bucuresti\/proiectarea-pentru-tronsonul-eroilor-piata-iancului-de-pe-m5-aproape-finalizata-lucrarile-ar-putea-incepe-abia-in-2028\/","og_site_name":"Buletin de Bucure\u0219ti","article_publisher":"https:\/\/www.facebook.com\/buletin.de.buc","article_published_time":"2026-04-27T07:51:30+00:00","article_modified_time":"2026-04-27T10:34:57+00:00","og_image":[{"width":1200,"height":650,"url":"https:\/\/buletin.de\/bucuresti\/wp-content\/uploads\/2026\/04\/M5-tronson-Eroilor-Piata-Iancului.jpg","type":"image\/jpeg"}],"author":"Andreea St\u0103n\u0103r\u00eeng\u0103","twitter_card":"summary_large_image","twitter_misc":{"Written by":"Andreea St\u0103n\u0103r\u00eeng\u0103","Estimated reading time":"2 minutes"},"schema":{"@context":"https:\/\/schema.org","@graph":[{"@type":"Article","@id":"https:\/\/buletin.de\/bucuresti\/proiectarea-pentru-tronsonul-eroilor-piata-iancului-de-pe-m5-aproape-finalizata-lucrarile-ar-putea-incepe-abia-in-2028\/#article","isPartOf":{"@id":"https:\/\/buletin.de\/bucuresti\/proiectarea-pentru-tronsonul-eroilor-piata-iancului-de-pe-m5-aproape-finalizata-lucrarile-ar-putea-incepe-abia-in-2028\/"},"author":{"name":"Andreea St\u0103n\u0103r\u00eeng\u0103","@id":"https:\/\/buletin.de\/bucuresti\/#\/schema\/person\/81421a46fb84a0887cfd2238f5202586"},"headline":"Proiectarea pentru tronsonul Eroilor &#8211; Pia\u021ba Iancului, de pe M5, aproape finalizat\u0103. Lucr\u0103rile ar putea \u00eencepe abia \u00een 2028","datePublished":"2026-04-27T07:51:30+00:00","dateModified":"2026-04-27T10:34:57+00:00","mainEntityOfPage":{"@id":"https:\/\/buletin.de\/bucuresti\/proiectarea-pentru-tronsonul-eroilor-piata-iancului-de-pe-m5-aproape-finalizata-lucrarile-ar-putea-incepe-abia-in-2028\/"},"wordCount":410,"publisher":{"@id":"https:\/\/buletin.de\/bucuresti\/#organization"},"image":{"@id":"https:\/\/buletin.de\/bucuresti\/proiectarea-pentru-tronsonul-eroilor-piata-iancului-de-pe-m5-aproape-finalizata-lucrarile-ar-putea-incepe-abia-in-2028\/#primaryimage"},"thumbnailUrl":"https:\/\/buletin.de\/bucuresti\/wp-content\/uploads\/2026\/04\/M5-tronson-Eroilor-Piata-Iancului.jpg","keywords":["Eroilor - Universitate - Iancului","M5","m5 eroilor - iancului.","magistrala 5","metrorex"],"articleSection":["Articole","\u0218tiri","Transport"],"inLanguage":"en-GB","copyrightYear":"2026","copyrightHolder":{"@id":"https:\/\/buletin.de\/bucuresti\/#organization"}},{"@type":"WebPage","@id":"https:\/\/buletin.de\/bucuresti\/proiectarea-pentru-tronsonul-eroilor-piata-iancului-de-pe-m5-aproape-finalizata-lucrarile-ar-putea-incepe-abia-in-2028\/","url":"https:\/\/buletin.de\/bucuresti\/proiectarea-pentru-tronsonul-eroilor-piata-iancului-de-pe-m5-aproape-finalizata-lucrarile-ar-putea-incepe-abia-in-2028\/","name":"Proiectarea pentru tronsonul Eroilor - Pia\u021ba Iancului, de pe M5, aproape finalizat\u0103. Lucr\u0103rile ar putea \u00eencepe abia \u00een 2028 - Buletin de Bucure\u0219ti","isPartOf":{"@id":"https:\/\/buletin.de\/bucuresti\/#website"},"primaryImageOfPage":{"@id":"https:\/\/buletin.de\/bucuresti\/proiectarea-pentru-tronsonul-eroilor-piata-iancului-de-pe-m5-aproape-finalizata-lucrarile-ar-putea-incepe-abia-in-2028\/#primaryimage"},"image":{"@id":"https:\/\/buletin.de\/bucuresti\/proiectarea-pentru-tronsonul-eroilor-piata-iancului-de-pe-m5-aproape-finalizata-lucrarile-ar-putea-incepe-abia-in-2028\/#primaryimage"},"thumbnailUrl":"https:\/\/buletin.de\/bucuresti\/wp-content\/uploads\/2026\/04\/M5-tronson-Eroilor-Piata-Iancului.jpg","datePublished":"2026-04-27T07:51:30+00:00","dateModified":"2026-04-27T10:34:57+00:00","description":"Proiectarea pentru sec\u021biunea Eroilor - Pia\u021ba Iancului, de pe Magistrala 5, este aproape finalizat\u0103, dar lucr\u0103rile nu vor \u00eencepe cur\u00e2nd.","breadcrumb":{"@id":"https:\/\/buletin.de\/bucuresti\/proiectarea-pentru-tronsonul-eroilor-piata-iancului-de-pe-m5-aproape-finalizata-lucrarile-ar-putea-incepe-abia-in-2028\/#breadcrumb"},"inLanguage":"en-GB","potentialAction":[{"@type":"ReadAction","target":["https:\/\/buletin.de\/bucuresti\/proiectarea-pentru-tronsonul-eroilor-piata-iancului-de-pe-m5-aproape-finalizata-lucrarile-ar-putea-incepe-abia-in-2028\/"]}]},{"@type":"ImageObject","inLanguage":"en-GB","@id":"https:\/\/buletin.de\/bucuresti\/proiectarea-pentru-tronsonul-eroilor-piata-iancului-de-pe-m5-aproape-finalizata-lucrarile-ar-putea-incepe-abia-in-2028\/#primaryimage","url":"https:\/\/buletin.de\/bucuresti\/wp-content\/uploads\/2026\/04\/M5-tronson-Eroilor-Piata-Iancului.jpg","contentUrl":"https:\/\/buletin.de\/bucuresti\/wp-content\/uploads\/2026\/04\/M5-tronson-Eroilor-Piata-Iancului.jpg","width":1200,"height":650,"caption":"Tronsonul Eroilor - Pia\u021ba Iancului, gata abia \u00een 2035. Foto: Wikipedia\/Puly4q"},{"@type":"BreadcrumbList","@id":"https:\/\/buletin.de\/bucuresti\/proiectarea-pentru-tronsonul-eroilor-piata-iancului-de-pe-m5-aproape-finalizata-lucrarile-ar-putea-incepe-abia-in-2028\/#breadcrumb","itemListElement":[{"@type":"ListItem","position":1,"name":"Acas\u0103","item":"https:\/\/buletin.de\/bucuresti\/"},{"@type":"ListItem","position":2,"name":"Proiectarea pentru tronsonul Eroilor &#8211; Pia\u021ba Iancului, de pe M5, aproape finalizat\u0103. Lucr\u0103rile ar putea \u00eencepe abia \u00een 2028"}]},{"@type":"WebSite","@id":"https:\/\/buletin.de\/bucuresti\/#website","url":"https:\/\/buletin.de\/bucuresti\/","name":"Buletin de Bucure\u0219ti","description":"\u0218tiri \u0219i investiga\u021bii esen\u021biale din capital\u0103","publisher":{"@id":"https:\/\/buletin.de\/bucuresti\/#organization"},"potentialAction":[{"@type":"SearchAction","target":{"@type":"EntryPoint","urlTemplate":"https:\/\/buletin.de\/bucuresti\/?s={search_term_string}"},"query-input":{"@type":"PropertyValueSpecification","valueRequired":true,"valueName":"search_term_string"}}],"inLanguage":"en-GB"},{"@type":"Organization","@id":"https:\/\/buletin.de\/bucuresti\/#organization","name":"Buletin de Bucure\u0219ti","url":"https:\/\/buletin.de\/bucuresti\/","logo":{"@type":"ImageObject","inLanguage":"en-GB","@id":"https:\/\/buletin.de\/bucuresti\/#\/schema\/logo\/image\/","url":"https:\/\/buletin.de\/bucuresti\/wp-content\/uploads\/logo-bdb-full-wide-vernil-transparent.png","contentUrl":"https:\/\/buletin.de\/bucuresti\/wp-content\/uploads\/logo-bdb-full-wide-vernil-transparent.png","width":1782,"height":626,"caption":"Buletin de Bucure\u0219ti"},"image":{"@id":"https:\/\/buletin.de\/bucuresti\/#\/schema\/logo\/image\/"},"sameAs":["https:\/\/www.facebook.com\/buletin.de.buc","https:\/\/www.instagram.com\/buletinde.bucuresti\/"]},{"@type":"Person","@id":"https:\/\/buletin.de\/bucuresti\/#\/schema\/person\/81421a46fb84a0887cfd2238f5202586","name":"Andreea St\u0103n\u0103r\u00eeng\u0103","image":{"@type":"ImageObject","inLanguage":"en-GB","@id":"https:\/\/secure.gravatar.com\/avatar\/dfa8d227a4388fad0f0bb03add04b5b176f4da34397dbb2eadc563b3d7162ce0?s=96&d=monsterid&r=g72784372b39ffe5a98a45288fe0d0e8a","url":"https:\/\/secure.gravatar.com\/avatar\/dfa8d227a4388fad0f0bb03add04b5b176f4da34397dbb2eadc563b3d7162ce0?s=96&d=monsterid&r=g","contentUrl":"https:\/\/secure.gravatar.com\/avatar\/dfa8d227a4388fad0f0bb03add04b5b176f4da34397dbb2eadc563b3d7162ce0?s=96&d=monsterid&r=g","caption":"Andreea St\u0103n\u0103r\u00eeng\u0103"},"description":"Cu o experien\u021b\u0103 de peste 5 ani \u00een pres\u0103, face parte din echipa Buletin de Bucure\u0219ti din septembrie 2025. A colaborat cu c\u00e2teva publica\u021bii, printre care \u0219i Fanatik.ro, unde s-a ocupat de \u0219tiri de lifestyle \u0219i de actualitate. A f\u0103cut un pas c\u0103tre presa local\u0103 pentru a explora Bucure\u0219tiul \u0219i pove\u0219tile care merit\u0103 spuse.","url":"https:\/\/buletin.de\/bucuresti\/author\/andreea-stanaranga\/"}]}},"authors":[{"term_id":23912,"user_id":65,"is_guest":0,"slug":"andreea-stanaranga","display_name":"Andreea St\u0103n\u0103r\u00eeng\u0103","avatar_url":"https:\/\/secure.gravatar.com\/avatar\/dfa8d227a4388fad0f0bb03add04b5b176f4da34397dbb2eadc563b3d7162ce0?s=96&d=monsterid&r=g","0":null,"1":"","2":"","3":"","4":"","5":"","6":"","7":"","8":""}],"_links":{"self":[{"href":"https:\/\/buletin.de\/bucuresti\/wp-json\/wp\/v2\/posts\/189500","targetHints":{"allow":["GET"]}}],"collection":[{"href":"https:\/\/buletin.de\/bucuresti\/wp-json\/wp\/v2\/posts"}],"about":[{"href":"https:\/\/buletin.de\/bucuresti\/wp-json\/wp\/v2\/types\/post"}],"author":[{"embeddable":true,"href":"https:\/\/buletin.de\/bucuresti\/wp-json\/wp\/v2\/users\/65"}],"replies":[{"embeddable":true,"href":"https:\/\/buletin.de\/bucuresti\/wp-json\/wp\/v2\/comments?post=189500"}],"version-history":[{"count":17,"href":"https:\/\/buletin.de\/bucuresti\/wp-json\/wp\/v2\/posts\/189500\/revisions"}],"predecessor-version":[{"id":189563,"href":"https:\/\/buletin.de\/bucuresti\/wp-json\/wp\/v2\/posts\/189500\/revisions\/189563"}],"wp:featuredmedia":[{"embeddable":true,"href":"https:\/\/buletin.de\/bucuresti\/wp-json\/wp\/v2\/media\/189515"}],"wp:attachment":[{"href":"https:\/\/buletin.de\/bucuresti\/wp-json\/wp\/v2\/media?parent=189500"}],"wp:term":[{"taxonomy":"category","embeddable":true,"href":"https:\/\/buletin.de\/bucuresti\/wp-json\/wp\/v2\/categories?post=189500"},{"taxonomy":"post_tag","embeddable":true,"href":"https:\/\/buletin.de\/bucuresti\/wp-json\/wp\/v2\/tags?post=189500"},{"taxonomy":"author","embeddable":true,"href":"https:\/\/buletin.de\/bucuresti\/wp-json\/wp\/v2\/ppma_author?post=189500"}],"curies":[{"name":"wp","href":"https:\/\/api.w.org\/{rel}","templated":true}]}}