{"id":189485,"date":"2026-04-27T15:51:56","date_gmt":"2026-04-27T12:51:56","guid":{"rendered":"https:\/\/buletin.de\/bucuresti\/?p=189485"},"modified":"2026-04-27T16:15:48","modified_gmt":"2026-04-27T13:15:48","slug":"primaria-sectorului-4-plateste-aproape-500-000-de-euro-pentru-reabilitarea-gardului-vacaresti-costul-a-crescut-cu-aproape-170-000-de-euro-de-anul-trecut","status":"publish","type":"post","link":"https:\/\/buletin.de\/bucuresti\/primaria-sectorului-4-plateste-aproape-500-000-de-euro-pentru-reabilitarea-gardului-vacaresti-costul-a-crescut-cu-aproape-170-000-de-euro-de-anul-trecut\/","title":{"rendered":"Prim\u0103ria Sectorului 4 pl\u0103te\u0219te aproape 500.000 de euro pentru reabilitarea gardului V\u0103c\u0103re\u0219ti. Costul a crescut cu 168.000 de euro, de anul trecut"},"content":{"rendered":"\n<p><strong>Prim\u0103ria Sectorului 4 vrea s\u0103 dea peste 2,5 milioane de lei (aproape 500.000 de euro), pentru reabilitarea gardului desenat de pe Calea V\u0103c\u0103re\u0219ti, construit \u00een 2017 cu jum\u0103tate din aceast\u0103 sum\u0103, potrivit unui proiect de hot\u0103r\u00e2re supus la vot \u00een \u0219edin\u021ba din 28 aprilie. <\/strong><\/p>\n\n\n\n<p><a href=\"https:\/\/ps4.ro\/wp-content\/uploads\/2026\/04\/af-pr.-nr.-35-22.04.2026.pdf\" target=\"_blank\" rel=\"noreferrer noopener\">Actul normativ<\/a> vizeaz\u0103 actualizarea unei hot\u0103r\u00e2ri adoptate anterior, \u00een iulie 2025, c\u00e2nd costul propus pentru aceea\u0219i opera\u021biune era de doar 322.000 de euro.<\/p>\n\n\n\n<p>Noul pre\u021b are la baz\u0103 modificarea solu\u021biei tehnice propuse pentru realizarea lucr\u0103rilor, potrivit documentului.<\/p>\n\n\n\n<p><strong>Proiectul a mai fost propus \u0219i \u00een vara anului trecut, \u00eens\u0103 costul era de peste 300.000 de euro pe metru liniar pentru reabilitarea gardului, situat \u00eentre Calea V\u0103c\u0103re\u0219ti \u0219i Parcul Natural V\u0103c\u0103re\u0219ti<\/strong>.<strong> <\/strong><\/p>\n\n\n\n<p>La momentul respectiv, reprezentan\u021bii USR din Consiliul Local au criticat proiectul, men\u021bion\u00e2nd c\u0103 acest cost, de 322.000 de euro, \u201epare complet nejustificat\u201d, deoarece gardul este \u00eentr-o stare bun\u0103 \u0219i administra\u021bia local\u0103 deja a pl\u0103tit pentru el 250.000 de euro \u00een 2017, atunci c\u00e2nd a fost construit.<\/p>\n\n\n\n<p><strong>CITE\u0218TE \u0218I <a href=\"https:\/\/buletin.de\/bucuresti\/primaria-sector-4-vrea-sa-cheltuie-300-000-de-euro-pentru-revopsirea-unui-gard-acuza-usr\/\" type=\"link\" id=\"https:\/\/buletin.de\/bucuresti\/primaria-sector-4-vrea-sa-cheltuie-300-000-de-euro-pentru-revopsirea-unui-gard-acuza-usr\/\" target=\"_blank\" rel=\"noreferrer noopener\">Prim\u0103ria Sector 4 vrea s\u0103 cheltuie 300.000 de euro pentru revopsirea unui gard, acuz\u0103 USR<\/a><\/strong><\/p>\n\n\n\n<h2 class=\"wp-block-heading\" id=\"h-reabilitarea-gardului-vacare\u0219ti-costa-de-doua-ori-mai-mult-decat-construirea-sa\">Reabilitarea gardului V\u0103c\u0103re\u0219ti cost\u0103 de dou\u0103 ori mai mult dec\u00e2t construirea sa<\/h2>\n\n\n\n<p><b>Din iulie 2025 \u0219i p\u00e2n\u0103 acum, pre\u021bul pentru reabilitarea gardului a crescut cu 168.000 de euro. Anul trecut, total din devizul general era de 1.539.514,744 lei. Acum a ajuns la <\/b><strong style=\"font-weight: bold;\"> 2,53 milioane de lei, cu TVA<\/strong>.<strong> <\/strong><\/p>\n\n\n\n<p>Noul proiect vizeaz\u0103 utilizarea unor cadre din \u021beav\u0103 de inox \u0219i a unui sistem de tip mesh prins mecanic, solu\u021bie considerat\u0103 de Prim\u0103ria Sectorului 4 suficient de \u201edurabil\u0103\u201d \u0219i cu costuri de mentenan\u021b\u0103 reduse.<\/p>\n\n\n\n<figure class=\"wp-block-image size-large\"><img decoding=\"async\" width=\"1000\" height=\"46\" src=\"data:image\/gif;base64,R0lGODlhAQABAAAAACH5BAEKAAEALAAAAAABAAEAAAICTAEAOw==\" data-src=\"https:\/\/buletin.de\/bucuresti\/wp-content\/uploads\/2026\/04\/image-110-1000x46.png\" alt=\"\" class=\"wp-image-189490 lazyload\" data-sizes=\"auto\" data-srcset=\"https:\/\/buletin.de\/bucuresti\/wp-content\/uploads\/2026\/04\/image-110-1000x46.png 1000w, https:\/\/buletin.de\/bucuresti\/wp-content\/uploads\/2026\/04\/image-110-300x14.png 300w, https:\/\/buletin.de\/bucuresti\/wp-content\/uploads\/2026\/04\/image-110-768x36.png 768w, https:\/\/buletin.de\/bucuresti\/wp-content\/uploads\/2026\/04\/image-110-600x28.png 600w, https:\/\/buletin.de\/bucuresti\/wp-content\/uploads\/2026\/04\/image-110-20x1.png 20w, https:\/\/buletin.de\/bucuresti\/wp-content\/uploads\/2026\/04\/image-110.png 1059w\" sizes=\"(max-width: 1000px) 100vw, 1000px\" \/><figcaption class=\"wp-element-caption\">Devizul actual pentru reabilitarea gardului <\/figcaption><\/figure>\n\n\n\n<figure class=\"wp-block-image size-large\"><img fetchpriority=\"high\" decoding=\"async\" width=\"1000\" height=\"59\" src=\"data:image\/gif;base64,R0lGODlhAQABAAAAACH5BAEKAAEALAAAAAABAAEAAAICTAEAOw==\" data-src=\"https:\/\/buletin.de\/bucuresti\/wp-content\/uploads\/2026\/04\/image-111-1000x59.png\" alt=\"\" class=\"wp-image-189494 lazyload\" data-sizes=\"auto\" data-srcset=\"https:\/\/buletin.de\/bucuresti\/wp-content\/uploads\/2026\/04\/image-111-1000x59.png 1000w, https:\/\/buletin.de\/bucuresti\/wp-content\/uploads\/2026\/04\/image-111-300x18.png 300w, https:\/\/buletin.de\/bucuresti\/wp-content\/uploads\/2026\/04\/image-111-768x46.png 768w, https:\/\/buletin.de\/bucuresti\/wp-content\/uploads\/2026\/04\/image-111-1100x65.png 1100w, https:\/\/buletin.de\/bucuresti\/wp-content\/uploads\/2026\/04\/image-111-600x36.png 600w, https:\/\/buletin.de\/bucuresti\/wp-content\/uploads\/2026\/04\/image-111-20x1.png 20w, https:\/\/buletin.de\/bucuresti\/wp-content\/uploads\/2026\/04\/image-111.png 1145w\" sizes=\"(max-width: 1000px) 100vw, 1000px\" \/><figcaption class=\"wp-element-caption\">Devizul din iulie 2025 <\/figcaption><\/figure>\n\n\n\n<p><strong>Gardul situat \u00een zona V\u0103c\u0103re\u0219ti are o lungime de 930 de metri \u0219i are rolul de a delimita domeniul public \u0219i de a separa traseele pietonale. Construc\u021bia sa, de la zero, \u00een 2017, a costat 250.000 de euro.<\/strong><\/p>\n\n\n\n<p><em>\u201eAv\u00e2nd \u00een vedere modificarea solu\u0163iei tehnice din proiectul propus, \u00een sensul c\u0103 pentru identificarea unei solu\u021bii tehnice care s\u0103 asigure o durat\u0103 de via\u021b\u0103 mai mare a construc\u0163iei \u015fi a unor costuri mai reduse de mentenan\u021b\u0103 s-a propus realizarea cadrelor pentru gard din \u021beav\u0103 din inox \u015fi mesh prins mecanic \u00een ochiul cadrului, proiectantul de specialitate a \u00eenaintat devizul general actualizat pe care \u00eel supun spre aprobare Consiliului Local al Sectorului 4. <\/em><\/p>\n\n\n\n<p><em>\u00cen locul amenaj\u0103rilor existente, se propune un model cu impact vizual minim, care se \u00eenscrie \u00een spa\u021biul urban \u015fi \u00een anturajul natural al zonei. Noua amenajare va prezenta rezisten\u021b\u0103 \u00een timp, este realizat\u0103 din materiale de calitate, rezistente la condi\u021biile meteo \u015fi nu va implica costuri suplimentare legate de repara\u021bii sau \u00eentre\u0163inere.\u201d<\/em>, se precizeaz\u0103 \u00een referatul de aprobare al proiectului. <\/p>\n\n\n\n<p><strong>CITE\u0218TE \u0218I <a href=\"https:\/\/buletin.de\/bucuresti\/investigatie-daniel-baluta-plateste-peste-100-000-de-euro-unui-fost-jucator-de-poker-si-candidat-pnl-la-senat-pentru-200-de-postari-pe-facebook-ul-si-instagram-ul-a-doua-institutii-o-postare-costa\/\" target=\"_blank\" rel=\"noreferrer noopener\">INVESTIGA\u021aIE | Daniel B\u0103lu\u021b\u0103 pl\u0103te\u0219te peste 100.000 de euro unui fost juc\u0103tor de poker \u0219i candidat PNL la Senat, pentru 200 de post\u0103ri pe Facebook \u0219i Instagram. O postare cost\u0103 c\u00e2t un salariu minim pe economie<\/a><\/strong><\/p>\n","protected":false},"excerpt":{"rendered":"<p>Prim\u0103ria Sectorului 4 vrea s\u0103 dea peste 2,5 milioane de lei (aproape 500.000 de euro), pentru reabilitarea gardului desenat de pe Calea V\u0103c\u0103re\u0219ti, construit \u00een 2017 cu jum\u0103tate din aceast\u0103 sum\u0103, potrivit unui proiect de hot\u0103r\u00e2re supus la vot \u00een \u0219edin\u021ba din 28 aprilie. Actul normativ vizeaz\u0103 actualizarea unei hot\u0103r\u00e2ri adoptate anterior, \u00een iulie 2025, [&hellip;]<\/p>\n","protected":false},"author":65,"featured_media":189492,"comment_status":"closed","ping_status":"open","sticky":false,"template":"","format":"standard","meta":{"_acf_changed":false,"inline_featured_image":false,"ngg_post_thumbnail":0,"footnotes":""},"categories":[6994,5762,24],"tags":[3764,27993,9027,4440,765],"ppma_author":[23912],"class_list":["post-189485","post","type-post","status-publish","format-standard","has-post-thumbnail","hentry","category-stiri-2","category-main","category-primarie","tag-gard","tag-gard-vacaresti","tag-primaria-sectorului-4-2","tag-proiect-de-hotarare-2","tag-sector-4"],"acf":[],"yoast_head":"<!-- This site is optimized with the Yoast SEO Premium plugin v25.3 (Yoast SEO v27.4) - https:\/\/yoast.com\/product\/yoast-seo-premium-wordpress\/ -->\n<title>Prim\u0103ria Sectorului 4 pl\u0103te\u0219te aproape 500.000 de euro pentru reabilitarea gardului V\u0103c\u0103re\u0219ti. Costul a crescut cu 168.000 de euro, de anul trecut - Buletin de Bucure\u0219ti<\/title>\n<meta name=\"description\" content=\"Prim\u0103ria Sectorului 4 vrea s\u0103 dea peste 2,5 milioane de lei, adic\u0103 490.000 de euro, pentru reabilitarea gardului din V\u0103c\u0103re\u0219ti.\" \/>\n<meta name=\"robots\" content=\"index, follow, max-snippet:-1, max-image-preview:large, max-video-preview:-1\" \/>\n<link rel=\"canonical\" href=\"https:\/\/buletin.de\/bucuresti\/primaria-sectorului-4-plateste-aproape-500-000-de-euro-pentru-reabilitarea-gardului-vacaresti-costul-a-crescut-cu-aproape-170-000-de-euro-de-anul-trecut\/\" \/>\n<meta property=\"og:locale\" content=\"en_GB\" \/>\n<meta property=\"og:type\" content=\"article\" \/>\n<meta property=\"og:title\" content=\"Prim\u0103ria Sectorului 4 pl\u0103te\u0219te aproape 500.000 de euro pentru reabilitarea gardului V\u0103c\u0103re\u0219ti. Costul a crescut cu 168.000 de euro, de anul trecut\" \/>\n<meta property=\"og:description\" content=\"Prim\u0103ria Sectorului 4 vrea s\u0103 dea peste 2,5 milioane de lei, adic\u0103 490.000 de euro, pentru reabilitarea gardului din V\u0103c\u0103re\u0219ti.\" \/>\n<meta property=\"og:url\" content=\"https:\/\/buletin.de\/bucuresti\/primaria-sectorului-4-plateste-aproape-500-000-de-euro-pentru-reabilitarea-gardului-vacaresti-costul-a-crescut-cu-aproape-170-000-de-euro-de-anul-trecut\/\" \/>\n<meta property=\"og:site_name\" content=\"Buletin de Bucure\u0219ti\" \/>\n<meta property=\"article:publisher\" content=\"https:\/\/www.facebook.com\/buletin.de.buc\" \/>\n<meta property=\"article:published_time\" content=\"2026-04-27T12:51:56+00:00\" \/>\n<meta property=\"article:modified_time\" content=\"2026-04-27T13:15:48+00:00\" \/>\n<meta property=\"og:image\" content=\"https:\/\/buletin.de\/bucuresti\/wp-content\/uploads\/2026\/04\/Primaria-Sector-4-Gardul-Vacaresti.jpg\" \/>\n\t<meta property=\"og:image:width\" content=\"1200\" \/>\n\t<meta property=\"og:image:height\" content=\"650\" \/>\n\t<meta property=\"og:image:type\" content=\"image\/jpeg\" \/>\n<meta name=\"author\" content=\"Andreea St\u0103n\u0103r\u00eeng\u0103\" \/>\n<meta name=\"twitter:card\" content=\"summary_large_image\" \/>\n<meta name=\"twitter:label1\" content=\"Written by\" \/>\n\t<meta name=\"twitter:data1\" content=\"Andreea St\u0103n\u0103r\u00eeng\u0103\" \/>\n\t<meta name=\"twitter:label2\" content=\"Estimated reading time\" \/>\n\t<meta name=\"twitter:data2\" content=\"3 minutes\" \/>\n<script type=\"application\/ld+json\" class=\"yoast-schema-graph\">{\"@context\":\"https:\\\/\\\/schema.org\",\"@graph\":[{\"@type\":\"Article\",\"@id\":\"https:\\\/\\\/buletin.de\\\/bucuresti\\\/primaria-sectorului-4-plateste-aproape-500-000-de-euro-pentru-reabilitarea-gardului-vacaresti-costul-a-crescut-cu-aproape-170-000-de-euro-de-anul-trecut\\\/#article\",\"isPartOf\":{\"@id\":\"https:\\\/\\\/buletin.de\\\/bucuresti\\\/primaria-sectorului-4-plateste-aproape-500-000-de-euro-pentru-reabilitarea-gardului-vacaresti-costul-a-crescut-cu-aproape-170-000-de-euro-de-anul-trecut\\\/\"},\"author\":{\"name\":\"Andreea St\u0103n\u0103r\u00eeng\u0103\",\"@id\":\"https:\\\/\\\/buletin.de\\\/bucuresti\\\/#\\\/schema\\\/person\\\/81421a46fb84a0887cfd2238f5202586\"},\"headline\":\"Prim\u0103ria Sectorului 4 pl\u0103te\u0219te aproape 500.000 de euro pentru reabilitarea gardului V\u0103c\u0103re\u0219ti. Costul a crescut cu 168.000 de euro, de anul trecut\",\"datePublished\":\"2026-04-27T12:51:56+00:00\",\"dateModified\":\"2026-04-27T13:15:48+00:00\",\"mainEntityOfPage\":{\"@id\":\"https:\\\/\\\/buletin.de\\\/bucuresti\\\/primaria-sectorului-4-plateste-aproape-500-000-de-euro-pentru-reabilitarea-gardului-vacaresti-costul-a-crescut-cu-aproape-170-000-de-euro-de-anul-trecut\\\/\"},\"wordCount\":532,\"publisher\":{\"@id\":\"https:\\\/\\\/buletin.de\\\/bucuresti\\\/#organization\"},\"image\":{\"@id\":\"https:\\\/\\\/buletin.de\\\/bucuresti\\\/primaria-sectorului-4-plateste-aproape-500-000-de-euro-pentru-reabilitarea-gardului-vacaresti-costul-a-crescut-cu-aproape-170-000-de-euro-de-anul-trecut\\\/#primaryimage\"},\"thumbnailUrl\":\"https:\\\/\\\/buletin.de\\\/bucuresti\\\/wp-content\\\/uploads\\\/2026\\\/04\\\/Primaria-Sector-4-Gardul-Vacaresti.jpg\",\"keywords\":[\"gard\",\"Gard V\u0103c\u0103re\u0219ti\",\"primaria sectorului 4\",\"proiect de hotarare\",\"Sector 4\"],\"articleSection\":[\"Articole\",\"Main\",\"Prim\u0103rie\"],\"inLanguage\":\"en-GB\",\"copyrightYear\":\"2026\",\"copyrightHolder\":{\"@id\":\"https:\\\/\\\/buletin.de\\\/bucuresti\\\/#organization\"}},{\"@type\":\"WebPage\",\"@id\":\"https:\\\/\\\/buletin.de\\\/bucuresti\\\/primaria-sectorului-4-plateste-aproape-500-000-de-euro-pentru-reabilitarea-gardului-vacaresti-costul-a-crescut-cu-aproape-170-000-de-euro-de-anul-trecut\\\/\",\"url\":\"https:\\\/\\\/buletin.de\\\/bucuresti\\\/primaria-sectorului-4-plateste-aproape-500-000-de-euro-pentru-reabilitarea-gardului-vacaresti-costul-a-crescut-cu-aproape-170-000-de-euro-de-anul-trecut\\\/\",\"name\":\"Prim\u0103ria Sectorului 4 pl\u0103te\u0219te aproape 500.000 de euro pentru reabilitarea gardului V\u0103c\u0103re\u0219ti. Costul a crescut cu 168.000 de euro, de anul trecut - Buletin de Bucure\u0219ti\",\"isPartOf\":{\"@id\":\"https:\\\/\\\/buletin.de\\\/bucuresti\\\/#website\"},\"primaryImageOfPage\":{\"@id\":\"https:\\\/\\\/buletin.de\\\/bucuresti\\\/primaria-sectorului-4-plateste-aproape-500-000-de-euro-pentru-reabilitarea-gardului-vacaresti-costul-a-crescut-cu-aproape-170-000-de-euro-de-anul-trecut\\\/#primaryimage\"},\"image\":{\"@id\":\"https:\\\/\\\/buletin.de\\\/bucuresti\\\/primaria-sectorului-4-plateste-aproape-500-000-de-euro-pentru-reabilitarea-gardului-vacaresti-costul-a-crescut-cu-aproape-170-000-de-euro-de-anul-trecut\\\/#primaryimage\"},\"thumbnailUrl\":\"https:\\\/\\\/buletin.de\\\/bucuresti\\\/wp-content\\\/uploads\\\/2026\\\/04\\\/Primaria-Sector-4-Gardul-Vacaresti.jpg\",\"datePublished\":\"2026-04-27T12:51:56+00:00\",\"dateModified\":\"2026-04-27T13:15:48+00:00\",\"description\":\"Prim\u0103ria Sectorului 4 vrea s\u0103 dea peste 2,5 milioane de lei, adic\u0103 490.000 de euro, pentru reabilitarea gardului din V\u0103c\u0103re\u0219ti.\",\"breadcrumb\":{\"@id\":\"https:\\\/\\\/buletin.de\\\/bucuresti\\\/primaria-sectorului-4-plateste-aproape-500-000-de-euro-pentru-reabilitarea-gardului-vacaresti-costul-a-crescut-cu-aproape-170-000-de-euro-de-anul-trecut\\\/#breadcrumb\"},\"inLanguage\":\"en-GB\",\"potentialAction\":[{\"@type\":\"ReadAction\",\"target\":[\"https:\\\/\\\/buletin.de\\\/bucuresti\\\/primaria-sectorului-4-plateste-aproape-500-000-de-euro-pentru-reabilitarea-gardului-vacaresti-costul-a-crescut-cu-aproape-170-000-de-euro-de-anul-trecut\\\/\"]}]},{\"@type\":\"ImageObject\",\"inLanguage\":\"en-GB\",\"@id\":\"https:\\\/\\\/buletin.de\\\/bucuresti\\\/primaria-sectorului-4-plateste-aproape-500-000-de-euro-pentru-reabilitarea-gardului-vacaresti-costul-a-crescut-cu-aproape-170-000-de-euro-de-anul-trecut\\\/#primaryimage\",\"url\":\"https:\\\/\\\/buletin.de\\\/bucuresti\\\/wp-content\\\/uploads\\\/2026\\\/04\\\/Primaria-Sector-4-Gardul-Vacaresti.jpg\",\"contentUrl\":\"https:\\\/\\\/buletin.de\\\/bucuresti\\\/wp-content\\\/uploads\\\/2026\\\/04\\\/Primaria-Sector-4-Gardul-Vacaresti.jpg\",\"width\":1200,\"height\":650,\"caption\":\"Aproape 500.000 de euro pentru reabilitarea Gardului V\u0103c\u0103re\u0219ti. Foto: Google Maps\"},{\"@type\":\"BreadcrumbList\",\"@id\":\"https:\\\/\\\/buletin.de\\\/bucuresti\\\/primaria-sectorului-4-plateste-aproape-500-000-de-euro-pentru-reabilitarea-gardului-vacaresti-costul-a-crescut-cu-aproape-170-000-de-euro-de-anul-trecut\\\/#breadcrumb\",\"itemListElement\":[{\"@type\":\"ListItem\",\"position\":1,\"name\":\"Acas\u0103\",\"item\":\"https:\\\/\\\/buletin.de\\\/bucuresti\\\/\"},{\"@type\":\"ListItem\",\"position\":2,\"name\":\"Prim\u0103ria Sectorului 4 pl\u0103te\u0219te aproape 500.000 de euro pentru reabilitarea gardului V\u0103c\u0103re\u0219ti. Costul a crescut cu 168.000 de euro, de anul trecut\"}]},{\"@type\":\"WebSite\",\"@id\":\"https:\\\/\\\/buletin.de\\\/bucuresti\\\/#website\",\"url\":\"https:\\\/\\\/buletin.de\\\/bucuresti\\\/\",\"name\":\"Buletin de Bucure\u0219ti\",\"description\":\"\u0218tiri \u0219i investiga\u021bii esen\u021biale din capital\u0103\",\"publisher\":{\"@id\":\"https:\\\/\\\/buletin.de\\\/bucuresti\\\/#organization\"},\"potentialAction\":[{\"@type\":\"SearchAction\",\"target\":{\"@type\":\"EntryPoint\",\"urlTemplate\":\"https:\\\/\\\/buletin.de\\\/bucuresti\\\/?s={search_term_string}\"},\"query-input\":{\"@type\":\"PropertyValueSpecification\",\"valueRequired\":true,\"valueName\":\"search_term_string\"}}],\"inLanguage\":\"en-GB\"},{\"@type\":\"Organization\",\"@id\":\"https:\\\/\\\/buletin.de\\\/bucuresti\\\/#organization\",\"name\":\"Buletin de Bucure\u0219ti\",\"url\":\"https:\\\/\\\/buletin.de\\\/bucuresti\\\/\",\"logo\":{\"@type\":\"ImageObject\",\"inLanguage\":\"en-GB\",\"@id\":\"https:\\\/\\\/buletin.de\\\/bucuresti\\\/#\\\/schema\\\/logo\\\/image\\\/\",\"url\":\"https:\\\/\\\/buletin.de\\\/bucuresti\\\/wp-content\\\/uploads\\\/logo-bdb-full-wide-vernil-transparent.png\",\"contentUrl\":\"https:\\\/\\\/buletin.de\\\/bucuresti\\\/wp-content\\\/uploads\\\/logo-bdb-full-wide-vernil-transparent.png\",\"width\":1782,\"height\":626,\"caption\":\"Buletin de Bucure\u0219ti\"},\"image\":{\"@id\":\"https:\\\/\\\/buletin.de\\\/bucuresti\\\/#\\\/schema\\\/logo\\\/image\\\/\"},\"sameAs\":[\"https:\\\/\\\/www.facebook.com\\\/buletin.de.buc\",\"https:\\\/\\\/www.instagram.com\\\/buletinde.bucuresti\\\/\"]},{\"@type\":\"Person\",\"@id\":\"https:\\\/\\\/buletin.de\\\/bucuresti\\\/#\\\/schema\\\/person\\\/81421a46fb84a0887cfd2238f5202586\",\"name\":\"Andreea St\u0103n\u0103r\u00eeng\u0103\",\"image\":{\"@type\":\"ImageObject\",\"inLanguage\":\"en-GB\",\"@id\":\"https:\\\/\\\/secure.gravatar.com\\\/avatar\\\/dfa8d227a4388fad0f0bb03add04b5b176f4da34397dbb2eadc563b3d7162ce0?s=96&d=monsterid&r=g72784372b39ffe5a98a45288fe0d0e8a\",\"url\":\"https:\\\/\\\/secure.gravatar.com\\\/avatar\\\/dfa8d227a4388fad0f0bb03add04b5b176f4da34397dbb2eadc563b3d7162ce0?s=96&d=monsterid&r=g\",\"contentUrl\":\"https:\\\/\\\/secure.gravatar.com\\\/avatar\\\/dfa8d227a4388fad0f0bb03add04b5b176f4da34397dbb2eadc563b3d7162ce0?s=96&d=monsterid&r=g\",\"caption\":\"Andreea St\u0103n\u0103r\u00eeng\u0103\"},\"description\":\"Cu o experien\u021b\u0103 de peste 5 ani \u00een pres\u0103, face parte din echipa Buletin de Bucure\u0219ti din septembrie 2025. A colaborat cu c\u00e2teva publica\u021bii, printre care \u0219i Fanatik.ro, unde s-a ocupat de \u0219tiri de lifestyle \u0219i de actualitate. A f\u0103cut un pas c\u0103tre presa local\u0103 pentru a explora Bucure\u0219tiul \u0219i pove\u0219tile care merit\u0103 spuse.\",\"url\":\"https:\\\/\\\/buletin.de\\\/bucuresti\\\/author\\\/andreea-stanaranga\\\/\"}]}<\/script>\n<!-- \/ Yoast SEO Premium plugin. -->","yoast_head_json":{"title":"Prim\u0103ria Sectorului 4 pl\u0103te\u0219te aproape 500.000 de euro pentru reabilitarea gardului V\u0103c\u0103re\u0219ti. Costul a crescut cu 168.000 de euro, de anul trecut - Buletin de Bucure\u0219ti","description":"Prim\u0103ria Sectorului 4 vrea s\u0103 dea peste 2,5 milioane de lei, adic\u0103 490.000 de euro, pentru reabilitarea gardului din V\u0103c\u0103re\u0219ti.","robots":{"index":"index","follow":"follow","max-snippet":"max-snippet:-1","max-image-preview":"max-image-preview:large","max-video-preview":"max-video-preview:-1"},"canonical":"https:\/\/buletin.de\/bucuresti\/primaria-sectorului-4-plateste-aproape-500-000-de-euro-pentru-reabilitarea-gardului-vacaresti-costul-a-crescut-cu-aproape-170-000-de-euro-de-anul-trecut\/","og_locale":"en_GB","og_type":"article","og_title":"Prim\u0103ria Sectorului 4 pl\u0103te\u0219te aproape 500.000 de euro pentru reabilitarea gardului V\u0103c\u0103re\u0219ti. Costul a crescut cu 168.000 de euro, de anul trecut","og_description":"Prim\u0103ria Sectorului 4 vrea s\u0103 dea peste 2,5 milioane de lei, adic\u0103 490.000 de euro, pentru reabilitarea gardului din V\u0103c\u0103re\u0219ti.","og_url":"https:\/\/buletin.de\/bucuresti\/primaria-sectorului-4-plateste-aproape-500-000-de-euro-pentru-reabilitarea-gardului-vacaresti-costul-a-crescut-cu-aproape-170-000-de-euro-de-anul-trecut\/","og_site_name":"Buletin de Bucure\u0219ti","article_publisher":"https:\/\/www.facebook.com\/buletin.de.buc","article_published_time":"2026-04-27T12:51:56+00:00","article_modified_time":"2026-04-27T13:15:48+00:00","og_image":[{"width":1200,"height":650,"url":"https:\/\/buletin.de\/bucuresti\/wp-content\/uploads\/2026\/04\/Primaria-Sector-4-Gardul-Vacaresti.jpg","type":"image\/jpeg"}],"author":"Andreea St\u0103n\u0103r\u00eeng\u0103","twitter_card":"summary_large_image","twitter_misc":{"Written by":"Andreea St\u0103n\u0103r\u00eeng\u0103","Estimated reading time":"3 minutes"},"schema":{"@context":"https:\/\/schema.org","@graph":[{"@type":"Article","@id":"https:\/\/buletin.de\/bucuresti\/primaria-sectorului-4-plateste-aproape-500-000-de-euro-pentru-reabilitarea-gardului-vacaresti-costul-a-crescut-cu-aproape-170-000-de-euro-de-anul-trecut\/#article","isPartOf":{"@id":"https:\/\/buletin.de\/bucuresti\/primaria-sectorului-4-plateste-aproape-500-000-de-euro-pentru-reabilitarea-gardului-vacaresti-costul-a-crescut-cu-aproape-170-000-de-euro-de-anul-trecut\/"},"author":{"name":"Andreea St\u0103n\u0103r\u00eeng\u0103","@id":"https:\/\/buletin.de\/bucuresti\/#\/schema\/person\/81421a46fb84a0887cfd2238f5202586"},"headline":"Prim\u0103ria Sectorului 4 pl\u0103te\u0219te aproape 500.000 de euro pentru reabilitarea gardului V\u0103c\u0103re\u0219ti. Costul a crescut cu 168.000 de euro, de anul trecut","datePublished":"2026-04-27T12:51:56+00:00","dateModified":"2026-04-27T13:15:48+00:00","mainEntityOfPage":{"@id":"https:\/\/buletin.de\/bucuresti\/primaria-sectorului-4-plateste-aproape-500-000-de-euro-pentru-reabilitarea-gardului-vacaresti-costul-a-crescut-cu-aproape-170-000-de-euro-de-anul-trecut\/"},"wordCount":532,"publisher":{"@id":"https:\/\/buletin.de\/bucuresti\/#organization"},"image":{"@id":"https:\/\/buletin.de\/bucuresti\/primaria-sectorului-4-plateste-aproape-500-000-de-euro-pentru-reabilitarea-gardului-vacaresti-costul-a-crescut-cu-aproape-170-000-de-euro-de-anul-trecut\/#primaryimage"},"thumbnailUrl":"https:\/\/buletin.de\/bucuresti\/wp-content\/uploads\/2026\/04\/Primaria-Sector-4-Gardul-Vacaresti.jpg","keywords":["gard","Gard V\u0103c\u0103re\u0219ti","primaria sectorului 4","proiect de hotarare","Sector 4"],"articleSection":["Articole","Main","Prim\u0103rie"],"inLanguage":"en-GB","copyrightYear":"2026","copyrightHolder":{"@id":"https:\/\/buletin.de\/bucuresti\/#organization"}},{"@type":"WebPage","@id":"https:\/\/buletin.de\/bucuresti\/primaria-sectorului-4-plateste-aproape-500-000-de-euro-pentru-reabilitarea-gardului-vacaresti-costul-a-crescut-cu-aproape-170-000-de-euro-de-anul-trecut\/","url":"https:\/\/buletin.de\/bucuresti\/primaria-sectorului-4-plateste-aproape-500-000-de-euro-pentru-reabilitarea-gardului-vacaresti-costul-a-crescut-cu-aproape-170-000-de-euro-de-anul-trecut\/","name":"Prim\u0103ria Sectorului 4 pl\u0103te\u0219te aproape 500.000 de euro pentru reabilitarea gardului V\u0103c\u0103re\u0219ti. Costul a crescut cu 168.000 de euro, de anul trecut - Buletin de Bucure\u0219ti","isPartOf":{"@id":"https:\/\/buletin.de\/bucuresti\/#website"},"primaryImageOfPage":{"@id":"https:\/\/buletin.de\/bucuresti\/primaria-sectorului-4-plateste-aproape-500-000-de-euro-pentru-reabilitarea-gardului-vacaresti-costul-a-crescut-cu-aproape-170-000-de-euro-de-anul-trecut\/#primaryimage"},"image":{"@id":"https:\/\/buletin.de\/bucuresti\/primaria-sectorului-4-plateste-aproape-500-000-de-euro-pentru-reabilitarea-gardului-vacaresti-costul-a-crescut-cu-aproape-170-000-de-euro-de-anul-trecut\/#primaryimage"},"thumbnailUrl":"https:\/\/buletin.de\/bucuresti\/wp-content\/uploads\/2026\/04\/Primaria-Sector-4-Gardul-Vacaresti.jpg","datePublished":"2026-04-27T12:51:56+00:00","dateModified":"2026-04-27T13:15:48+00:00","description":"Prim\u0103ria Sectorului 4 vrea s\u0103 dea peste 2,5 milioane de lei, adic\u0103 490.000 de euro, pentru reabilitarea gardului din V\u0103c\u0103re\u0219ti.","breadcrumb":{"@id":"https:\/\/buletin.de\/bucuresti\/primaria-sectorului-4-plateste-aproape-500-000-de-euro-pentru-reabilitarea-gardului-vacaresti-costul-a-crescut-cu-aproape-170-000-de-euro-de-anul-trecut\/#breadcrumb"},"inLanguage":"en-GB","potentialAction":[{"@type":"ReadAction","target":["https:\/\/buletin.de\/bucuresti\/primaria-sectorului-4-plateste-aproape-500-000-de-euro-pentru-reabilitarea-gardului-vacaresti-costul-a-crescut-cu-aproape-170-000-de-euro-de-anul-trecut\/"]}]},{"@type":"ImageObject","inLanguage":"en-GB","@id":"https:\/\/buletin.de\/bucuresti\/primaria-sectorului-4-plateste-aproape-500-000-de-euro-pentru-reabilitarea-gardului-vacaresti-costul-a-crescut-cu-aproape-170-000-de-euro-de-anul-trecut\/#primaryimage","url":"https:\/\/buletin.de\/bucuresti\/wp-content\/uploads\/2026\/04\/Primaria-Sector-4-Gardul-Vacaresti.jpg","contentUrl":"https:\/\/buletin.de\/bucuresti\/wp-content\/uploads\/2026\/04\/Primaria-Sector-4-Gardul-Vacaresti.jpg","width":1200,"height":650,"caption":"Aproape 500.000 de euro pentru reabilitarea Gardului V\u0103c\u0103re\u0219ti. Foto: Google Maps"},{"@type":"BreadcrumbList","@id":"https:\/\/buletin.de\/bucuresti\/primaria-sectorului-4-plateste-aproape-500-000-de-euro-pentru-reabilitarea-gardului-vacaresti-costul-a-crescut-cu-aproape-170-000-de-euro-de-anul-trecut\/#breadcrumb","itemListElement":[{"@type":"ListItem","position":1,"name":"Acas\u0103","item":"https:\/\/buletin.de\/bucuresti\/"},{"@type":"ListItem","position":2,"name":"Prim\u0103ria Sectorului 4 pl\u0103te\u0219te aproape 500.000 de euro pentru reabilitarea gardului V\u0103c\u0103re\u0219ti. Costul a crescut cu 168.000 de euro, de anul trecut"}]},{"@type":"WebSite","@id":"https:\/\/buletin.de\/bucuresti\/#website","url":"https:\/\/buletin.de\/bucuresti\/","name":"Buletin de Bucure\u0219ti","description":"\u0218tiri \u0219i investiga\u021bii esen\u021biale din capital\u0103","publisher":{"@id":"https:\/\/buletin.de\/bucuresti\/#organization"},"potentialAction":[{"@type":"SearchAction","target":{"@type":"EntryPoint","urlTemplate":"https:\/\/buletin.de\/bucuresti\/?s={search_term_string}"},"query-input":{"@type":"PropertyValueSpecification","valueRequired":true,"valueName":"search_term_string"}}],"inLanguage":"en-GB"},{"@type":"Organization","@id":"https:\/\/buletin.de\/bucuresti\/#organization","name":"Buletin de Bucure\u0219ti","url":"https:\/\/buletin.de\/bucuresti\/","logo":{"@type":"ImageObject","inLanguage":"en-GB","@id":"https:\/\/buletin.de\/bucuresti\/#\/schema\/logo\/image\/","url":"https:\/\/buletin.de\/bucuresti\/wp-content\/uploads\/logo-bdb-full-wide-vernil-transparent.png","contentUrl":"https:\/\/buletin.de\/bucuresti\/wp-content\/uploads\/logo-bdb-full-wide-vernil-transparent.png","width":1782,"height":626,"caption":"Buletin de Bucure\u0219ti"},"image":{"@id":"https:\/\/buletin.de\/bucuresti\/#\/schema\/logo\/image\/"},"sameAs":["https:\/\/www.facebook.com\/buletin.de.buc","https:\/\/www.instagram.com\/buletinde.bucuresti\/"]},{"@type":"Person","@id":"https:\/\/buletin.de\/bucuresti\/#\/schema\/person\/81421a46fb84a0887cfd2238f5202586","name":"Andreea St\u0103n\u0103r\u00eeng\u0103","image":{"@type":"ImageObject","inLanguage":"en-GB","@id":"https:\/\/secure.gravatar.com\/avatar\/dfa8d227a4388fad0f0bb03add04b5b176f4da34397dbb2eadc563b3d7162ce0?s=96&d=monsterid&r=g72784372b39ffe5a98a45288fe0d0e8a","url":"https:\/\/secure.gravatar.com\/avatar\/dfa8d227a4388fad0f0bb03add04b5b176f4da34397dbb2eadc563b3d7162ce0?s=96&d=monsterid&r=g","contentUrl":"https:\/\/secure.gravatar.com\/avatar\/dfa8d227a4388fad0f0bb03add04b5b176f4da34397dbb2eadc563b3d7162ce0?s=96&d=monsterid&r=g","caption":"Andreea St\u0103n\u0103r\u00eeng\u0103"},"description":"Cu o experien\u021b\u0103 de peste 5 ani \u00een pres\u0103, face parte din echipa Buletin de Bucure\u0219ti din septembrie 2025. A colaborat cu c\u00e2teva publica\u021bii, printre care \u0219i Fanatik.ro, unde s-a ocupat de \u0219tiri de lifestyle \u0219i de actualitate. A f\u0103cut un pas c\u0103tre presa local\u0103 pentru a explora Bucure\u0219tiul \u0219i pove\u0219tile care merit\u0103 spuse.","url":"https:\/\/buletin.de\/bucuresti\/author\/andreea-stanaranga\/"}]}},"authors":[{"term_id":23912,"user_id":65,"is_guest":0,"slug":"andreea-stanaranga","display_name":"Andreea St\u0103n\u0103r\u00eeng\u0103","avatar_url":"https:\/\/secure.gravatar.com\/avatar\/dfa8d227a4388fad0f0bb03add04b5b176f4da34397dbb2eadc563b3d7162ce0?s=96&d=monsterid&r=g","0":null,"1":"","2":"","3":"","4":"","5":"","6":"","7":"","8":""}],"_links":{"self":[{"href":"https:\/\/buletin.de\/bucuresti\/wp-json\/wp\/v2\/posts\/189485","targetHints":{"allow":["GET"]}}],"collection":[{"href":"https:\/\/buletin.de\/bucuresti\/wp-json\/wp\/v2\/posts"}],"about":[{"href":"https:\/\/buletin.de\/bucuresti\/wp-json\/wp\/v2\/types\/post"}],"author":[{"embeddable":true,"href":"https:\/\/buletin.de\/bucuresti\/wp-json\/wp\/v2\/users\/65"}],"replies":[{"embeddable":true,"href":"https:\/\/buletin.de\/bucuresti\/wp-json\/wp\/v2\/comments?post=189485"}],"version-history":[{"count":18,"href":"https:\/\/buletin.de\/bucuresti\/wp-json\/wp\/v2\/posts\/189485\/revisions"}],"predecessor-version":[{"id":189626,"href":"https:\/\/buletin.de\/bucuresti\/wp-json\/wp\/v2\/posts\/189485\/revisions\/189626"}],"wp:featuredmedia":[{"embeddable":true,"href":"https:\/\/buletin.de\/bucuresti\/wp-json\/wp\/v2\/media\/189492"}],"wp:attachment":[{"href":"https:\/\/buletin.de\/bucuresti\/wp-json\/wp\/v2\/media?parent=189485"}],"wp:term":[{"taxonomy":"category","embeddable":true,"href":"https:\/\/buletin.de\/bucuresti\/wp-json\/wp\/v2\/categories?post=189485"},{"taxonomy":"post_tag","embeddable":true,"href":"https:\/\/buletin.de\/bucuresti\/wp-json\/wp\/v2\/tags?post=189485"},{"taxonomy":"author","embeddable":true,"href":"https:\/\/buletin.de\/bucuresti\/wp-json\/wp\/v2\/ppma_author?post=189485"}],"curies":[{"name":"wp","href":"https:\/\/api.w.org\/{rel}","templated":true}]}}