{"id":189477,"date":"2026-04-27T08:53:21","date_gmt":"2026-04-27T05:53:21","guid":{"rendered":"https:\/\/buletin.de\/bucuresti\/?p=189477"},"modified":"2026-04-27T08:53:22","modified_gmt":"2026-04-27T05:53:22","slug":"ciucu-explica-de-ce-sunt-deschise-atat-de-multe-santiere-pe-liniile-de-tramvai-daca-nu-le-facem-acum-nu-le-mai-facem-deloc","status":"publish","type":"post","link":"https:\/\/buletin.de\/bucuresti\/ciucu-explica-de-ce-sunt-deschise-atat-de-multe-santiere-pe-liniile-de-tramvai-daca-nu-le-facem-acum-nu-le-mai-facem-deloc\/","title":{"rendered":"Ciucu explic\u0103 de ce sunt deschise at\u00e2t de multe \u0219antiere pe liniile de tramvai: \u201eDac\u0103 nu le facem acum, nu le mai facem deloc\u201d"},"content":{"rendered":"\n<p><strong>Mai multe \u0219antiere sunt deschise pe liniile de tramvai, iar alte interven\u021bii sunt programate \u00eencep\u00e2nd cu zilele urm\u0103toare, dup\u0103 cum <a href=\"https:\/\/www.facebook.com\/PMBucuresti\/posts\/pfbid031JFFJV6ZvzKghPpd7PAetQuLK2gW8pKsQJ59pCYcRgQqceQFR4XkiwuAsLDwKdbcl\" type=\"link\" id=\"https:\/\/www.facebook.com\/PMBucuresti\/posts\/pfbid031JFFJV6ZvzKghPpd7PAetQuLK2gW8pKsQJ59pCYcRgQqceQFR4XkiwuAsLDwKdbcl\" target=\"_blank\" rel=\"noreferrer noopener\">a anun\u021bat Prim\u0103ria Capitalei<\/a>. <\/strong><\/p>\n\n\n\n<p>Lucr\u0103rile vor avea loc pe Bulevardul Bucure\u0219tii Noi, Bulevardul Gloriei, strada Piatra Morii \u0219i vor continua pe Calea Grivi\u021bei. Acestea fac parte dintr-un tronson de aproximativ 7 kilometri, care leag\u0103 zona D\u0103m\u0103roaia de Pia\u021ba Victoriei. <\/p>\n\n\n\n<p>\u00cen plus, \u00eencep\u00e2nd de miercuri, 29 aprilie, urmeaz\u0103 s\u0103 fie predat amplasamentul pentru un alt lot de lucr\u0103ri, de 1,8 kilometri lungime, aferent liniilor de tramvai 16 \u0219i 5, \u0219i vizeaz\u0103 str\u0103zile M\u00e2ntuleasa, Paleologu, Armand C\u0103linescu, Vasile Lasc\u0103r \u0219i Lizeanu, <\/p>\n\n\n\n<h2 class=\"wp-block-heading\" id=\"h-de-ce-sunt-deschise-atat-de-multe-\u0219antiere-pe-liniile-de-tramvai\">De ce sunt deschise at\u00e2t de multe \u0219antiere pe liniile de tramvai <\/h2>\n\n\n\n<p>\u00cen paralel, 36 de kilometri de linie de tramvai sunt \u00een lucru \u00een acest moment, iar al\u021bi 5,5 kilometri au fost finaliza\u021bi \u0219i recep\u021biona\u021bi. <\/p>\n\n\n\n<p>Primarul general Ciprian Ciucu sus\u021bine c\u0103 interven\u021biile sunt necesare din cauza st\u0103rii avansate de degradare a infrastructurii, dar \u0219i pentru a nu pierde finan\u021b\u0103rile europene destinate acestor proiecte. <\/p>\n\n\n\n<p><strong>\u201eOameni buni, proiectele sunt \u00eentr-at\u00e2t de \u00eent\u00e2rziate, \u00eenc\u00e2t dac\u0103 nu le mai facem acum, nu le mai facem deloc, am pierde \u0219i finan\u021b\u0103rile europene \u0219i ar trebui s\u0103 d\u0103m \u0219i banii \u00eenapoi.\u201d<\/strong>, a explicat edilul. <\/p>\n\n\n\n<p>\u00cen afar\u0103 de lucr\u0103rile la liniile de tramvai, sunt necesare \u0219i alte lucr\u0103ri la re\u021beaua de canalizare, ap\u0103 \u0219i alte utilit\u0103\u021bi, care au nevoie de \u201eproiectare, licita\u021bii, bugetare etc.\u201d. <\/p>\n\n\n\n<p>\u201eToate aceste lucruri dureaz\u0103 \u0219i este nevoie de coordonarea multor institu\u021bii \u0219i companii. Nu le facem superficial, ca peste al\u021bi 2 sau 3 ani s\u0103 s\u0103pam iar\u0103\u0219i.<\/p>\n\n\n\n<p><strong>Acum, liniile de tramvai sunt prea vechi \u0219i efectiv nu mai rezist\u0103, nu se mai poate circula pe ele \u00een condi\u021bii de siguran\u021b\u0103.\u201d<\/strong>, a mai explicat primarul general. <\/p>\n\n\n\n<h2 class=\"wp-block-heading\" id=\"h-liniile-53-\u0219i-331-circula-pe-trasee-modificate-de-astazi\">Liniile 53 \u0219i 331 circul\u0103 pe trasee modificate, de ast\u0103zi <\/h2>\n\n\n\n<p><strong>Odat\u0103 cu lucr\u0103rile care \u00eencep ast\u0103zi, luni, la \u0219inele de tramvai, au fost impuse \u0219i <a href=\"https:\/\/buletin.de\/bucuresti\/doua-linii-stb-isi-modifica-traseele-pentru-lucrari-la-linia-de-tramvai-pe-bd-bucurestii-noi-bd-gloriei-si-str-piatra-morii\/\" type=\"link\" id=\"https:\/\/buletin.de\/bucuresti\/doua-linii-stb-isi-modifica-traseele-pentru-lucrari-la-linia-de-tramvai-pe-bd-bucurestii-noi-bd-gloriei-si-str-piatra-morii\/\" target=\"_blank\" rel=\"noreferrer noopener\">modific\u0103ri pe trasele liniilor 53 \u0219i 331. <\/a><\/strong><\/p>\n\n\n\n<p>Astfel, linia de tramvai 53 va func\u021biona pe un traseu scurtat,  \u00eentre terminalul \u201eMeze\u0219\u201d \u0219i Bd. Bucure\u0219tii Noi, astfel: \u201eMeze\u015f\u201d, \u0218os. Chitilei, Bd. Bucure\u015ftii Noi, cu \u020bntoarcere \u020bn \u201eDepoul Bucure\u015ftii Noi\u201d \u0219i retur.<\/p>\n\n\n\n<p>Linia de autobuz  331 va func\u021biona, pe sensul c\u0103tre \u201eCartier D\u0103m\u0103roaia\u201d, astfel: \u201ePia\u021ba Roman\u0103\u201d, Bd. Nicolae B\u0103lcescu, Bd. Dacia, Calea Doroban\u021bi, Bd. Mare\u0219al Constantin Prezan, Bd. Regele Mihai I, Bd. Poligrafiei, Str. Jiului, Str. Nata\u021biei, Str. Piatra Morii, cu \u00eentoarcere dup\u0103 scuarul central de la intersec\u021bia cu Bd. Gloriei, terminal \u201eCartier D\u0103m\u0103roaia\u201d. Pe sensul opus, traseul nu va fi modificat.<\/p>\n\n\n\n<p>CITE\u0218TE \u0218I <a href=\"https:\/\/buletin.de\/bucuresti\/21-de-trenuri-noi-pesa-sunt-blocate-in-gara-obor-asociatia-pro-infrastructura-vina-este-impartita-intre-polonezi-si-autoritatile-romane\/\" target=\"_blank\" rel=\"noreferrer noopener\">21 de trenuri noi PESA sunt blocate \u00een Gara Obor. Asocia\u021bia Pro Infrastructur\u0103: Vina este \u00eemp\u0103r\u021bit\u0103 \u00eentre polonezi \u0219i autorit\u0103\u021bile rom\u00e2ne<\/a><\/p>\n","protected":false},"excerpt":{"rendered":"<p>Mai multe \u0219antiere sunt deschise pe liniile de tramvai, iar alte interven\u021bii sunt programate \u00eencep\u00e2nd cu zilele urm\u0103toare, dup\u0103 cum a anun\u021bat Prim\u0103ria Capitalei. Lucr\u0103rile vor avea loc pe Bulevardul Bucure\u0219tii Noi, Bulevardul Gloriei, strada Piatra Morii \u0219i vor continua pe Calea Grivi\u021bei. Acestea fac parte dintr-un tronson de aproximativ 7 kilometri, care leag\u0103 zona [&hellip;]<\/p>\n","protected":false},"author":65,"featured_media":189483,"comment_status":"closed","ping_status":"open","sticky":false,"template":"","format":"standard","meta":{"_acf_changed":false,"inline_featured_image":false,"ngg_post_thumbnail":0,"footnotes":""},"categories":[6994,5762,24,650],"tags":[9,2089,4543,14425,104,276,436],"ppma_author":[23912],"class_list":["post-189477","post","type-post","status-publish","format-standard","has-post-thumbnail","hentry","category-stiri-2","category-main","category-primarie","category-transport","tag-bucuresti","tag-ciprian-ciucu","tag-linii-de-tramvai","tag-linii-de-tramvai-reabilitate","tag-pmb","tag-primaria-bucuresti","tag-santier"],"acf":[],"yoast_head":"<!-- This site is optimized with the Yoast SEO Premium plugin v25.3 (Yoast SEO v27.4) - https:\/\/yoast.com\/product\/yoast-seo-premium-wordpress\/ -->\n<title>Ciucu explic\u0103 de ce sunt deschise at\u00e2t de multe \u0219antiere pe liniile de tramvai: \u201eDac\u0103 nu le facem acum, nu le mai facem deloc\u201d - Buletin de Bucure\u0219ti<\/title>\n<meta name=\"description\" content=\"Mai multe \u0219antiere sunt deschise pe liniile de tramvai, iar alte interven\u021bii sunt programate \u00eencep\u00e2nd cu zilele urm\u0103toare.\" \/>\n<meta name=\"robots\" content=\"index, follow, max-snippet:-1, max-image-preview:large, max-video-preview:-1\" \/>\n<link rel=\"canonical\" href=\"https:\/\/buletin.de\/bucuresti\/ciucu-explica-de-ce-sunt-deschise-atat-de-multe-santiere-pe-liniile-de-tramvai-daca-nu-le-facem-acum-nu-le-mai-facem-deloc\/\" \/>\n<meta property=\"og:locale\" content=\"en_GB\" \/>\n<meta property=\"og:type\" content=\"article\" \/>\n<meta property=\"og:title\" content=\"Ciucu explic\u0103 de ce sunt deschise at\u00e2t de multe \u0219antiere pe liniile de tramvai: \u201eDac\u0103 nu le facem acum, nu le mai facem deloc\u201d\" \/>\n<meta property=\"og:description\" content=\"Mai multe \u0219antiere sunt deschise pe liniile de tramvai, iar alte interven\u021bii sunt programate \u00eencep\u00e2nd cu zilele urm\u0103toare.\" \/>\n<meta property=\"og:url\" content=\"https:\/\/buletin.de\/bucuresti\/ciucu-explica-de-ce-sunt-deschise-atat-de-multe-santiere-pe-liniile-de-tramvai-daca-nu-le-facem-acum-nu-le-mai-facem-deloc\/\" \/>\n<meta property=\"og:site_name\" content=\"Buletin de Bucure\u0219ti\" \/>\n<meta property=\"article:publisher\" content=\"https:\/\/www.facebook.com\/buletin.de.buc\" \/>\n<meta property=\"article:published_time\" content=\"2026-04-27T05:53:21+00:00\" \/>\n<meta property=\"article:modified_time\" content=\"2026-04-27T05:53:22+00:00\" \/>\n<meta property=\"og:image\" content=\"https:\/\/buletin.de\/bucuresti\/wp-content\/uploads\/2026\/04\/Lucrari-de-modernizare-santiere-liniile-de-tramvai.jpg\" \/>\n\t<meta property=\"og:image:width\" content=\"1200\" \/>\n\t<meta property=\"og:image:height\" content=\"650\" \/>\n\t<meta property=\"og:image:type\" content=\"image\/jpeg\" \/>\n<meta name=\"author\" content=\"Andreea St\u0103n\u0103r\u00eeng\u0103\" \/>\n<meta name=\"twitter:card\" content=\"summary_large_image\" \/>\n<meta name=\"twitter:label1\" content=\"Written by\" \/>\n\t<meta name=\"twitter:data1\" content=\"Andreea St\u0103n\u0103r\u00eeng\u0103\" \/>\n\t<meta name=\"twitter:label2\" content=\"Estimated reading time\" \/>\n\t<meta name=\"twitter:data2\" content=\"3 minutes\" \/>\n<script type=\"application\/ld+json\" class=\"yoast-schema-graph\">{\"@context\":\"https:\\\/\\\/schema.org\",\"@graph\":[{\"@type\":\"Article\",\"@id\":\"https:\\\/\\\/buletin.de\\\/bucuresti\\\/ciucu-explica-de-ce-sunt-deschise-atat-de-multe-santiere-pe-liniile-de-tramvai-daca-nu-le-facem-acum-nu-le-mai-facem-deloc\\\/#article\",\"isPartOf\":{\"@id\":\"https:\\\/\\\/buletin.de\\\/bucuresti\\\/ciucu-explica-de-ce-sunt-deschise-atat-de-multe-santiere-pe-liniile-de-tramvai-daca-nu-le-facem-acum-nu-le-mai-facem-deloc\\\/\"},\"author\":{\"name\":\"Andreea St\u0103n\u0103r\u00eeng\u0103\",\"@id\":\"https:\\\/\\\/buletin.de\\\/bucuresti\\\/#\\\/schema\\\/person\\\/81421a46fb84a0887cfd2238f5202586\"},\"headline\":\"Ciucu explic\u0103 de ce sunt deschise at\u00e2t de multe \u0219antiere pe liniile de tramvai: \u201eDac\u0103 nu le facem acum, nu le mai facem deloc\u201d\",\"datePublished\":\"2026-04-27T05:53:21+00:00\",\"dateModified\":\"2026-04-27T05:53:22+00:00\",\"mainEntityOfPage\":{\"@id\":\"https:\\\/\\\/buletin.de\\\/bucuresti\\\/ciucu-explica-de-ce-sunt-deschise-atat-de-multe-santiere-pe-liniile-de-tramvai-daca-nu-le-facem-acum-nu-le-mai-facem-deloc\\\/\"},\"wordCount\":506,\"publisher\":{\"@id\":\"https:\\\/\\\/buletin.de\\\/bucuresti\\\/#organization\"},\"image\":{\"@id\":\"https:\\\/\\\/buletin.de\\\/bucuresti\\\/ciucu-explica-de-ce-sunt-deschise-atat-de-multe-santiere-pe-liniile-de-tramvai-daca-nu-le-facem-acum-nu-le-mai-facem-deloc\\\/#primaryimage\"},\"thumbnailUrl\":\"https:\\\/\\\/buletin.de\\\/bucuresti\\\/wp-content\\\/uploads\\\/2026\\\/04\\\/Lucrari-de-modernizare-santiere-liniile-de-tramvai.jpg\",\"keywords\":[\"bucuresti\",\"ciprian ciucu\",\"linii de tramvai\",\"linii de tramvai reabilitate\",\"pmb\",\"primaria bucuresti\",\"santier\"],\"articleSection\":[\"Articole\",\"Main\",\"Prim\u0103rie\",\"Transport\"],\"inLanguage\":\"en-GB\",\"copyrightYear\":\"2026\",\"copyrightHolder\":{\"@id\":\"https:\\\/\\\/buletin.de\\\/bucuresti\\\/#organization\"}},{\"@type\":\"WebPage\",\"@id\":\"https:\\\/\\\/buletin.de\\\/bucuresti\\\/ciucu-explica-de-ce-sunt-deschise-atat-de-multe-santiere-pe-liniile-de-tramvai-daca-nu-le-facem-acum-nu-le-mai-facem-deloc\\\/\",\"url\":\"https:\\\/\\\/buletin.de\\\/bucuresti\\\/ciucu-explica-de-ce-sunt-deschise-atat-de-multe-santiere-pe-liniile-de-tramvai-daca-nu-le-facem-acum-nu-le-mai-facem-deloc\\\/\",\"name\":\"Ciucu explic\u0103 de ce sunt deschise at\u00e2t de multe \u0219antiere pe liniile de tramvai: \u201eDac\u0103 nu le facem acum, nu le mai facem deloc\u201d - Buletin de Bucure\u0219ti\",\"isPartOf\":{\"@id\":\"https:\\\/\\\/buletin.de\\\/bucuresti\\\/#website\"},\"primaryImageOfPage\":{\"@id\":\"https:\\\/\\\/buletin.de\\\/bucuresti\\\/ciucu-explica-de-ce-sunt-deschise-atat-de-multe-santiere-pe-liniile-de-tramvai-daca-nu-le-facem-acum-nu-le-mai-facem-deloc\\\/#primaryimage\"},\"image\":{\"@id\":\"https:\\\/\\\/buletin.de\\\/bucuresti\\\/ciucu-explica-de-ce-sunt-deschise-atat-de-multe-santiere-pe-liniile-de-tramvai-daca-nu-le-facem-acum-nu-le-mai-facem-deloc\\\/#primaryimage\"},\"thumbnailUrl\":\"https:\\\/\\\/buletin.de\\\/bucuresti\\\/wp-content\\\/uploads\\\/2026\\\/04\\\/Lucrari-de-modernizare-santiere-liniile-de-tramvai.jpg\",\"datePublished\":\"2026-04-27T05:53:21+00:00\",\"dateModified\":\"2026-04-27T05:53:22+00:00\",\"description\":\"Mai multe \u0219antiere sunt deschise pe liniile de tramvai, iar alte interven\u021bii sunt programate \u00eencep\u00e2nd cu zilele urm\u0103toare.\",\"breadcrumb\":{\"@id\":\"https:\\\/\\\/buletin.de\\\/bucuresti\\\/ciucu-explica-de-ce-sunt-deschise-atat-de-multe-santiere-pe-liniile-de-tramvai-daca-nu-le-facem-acum-nu-le-mai-facem-deloc\\\/#breadcrumb\"},\"inLanguage\":\"en-GB\",\"potentialAction\":[{\"@type\":\"ReadAction\",\"target\":[\"https:\\\/\\\/buletin.de\\\/bucuresti\\\/ciucu-explica-de-ce-sunt-deschise-atat-de-multe-santiere-pe-liniile-de-tramvai-daca-nu-le-facem-acum-nu-le-mai-facem-deloc\\\/\"]}]},{\"@type\":\"ImageObject\",\"inLanguage\":\"en-GB\",\"@id\":\"https:\\\/\\\/buletin.de\\\/bucuresti\\\/ciucu-explica-de-ce-sunt-deschise-atat-de-multe-santiere-pe-liniile-de-tramvai-daca-nu-le-facem-acum-nu-le-mai-facem-deloc\\\/#primaryimage\",\"url\":\"https:\\\/\\\/buletin.de\\\/bucuresti\\\/wp-content\\\/uploads\\\/2026\\\/04\\\/Lucrari-de-modernizare-santiere-liniile-de-tramvai.jpg\",\"contentUrl\":\"https:\\\/\\\/buletin.de\\\/bucuresti\\\/wp-content\\\/uploads\\\/2026\\\/04\\\/Lucrari-de-modernizare-santiere-liniile-de-tramvai.jpg\",\"width\":1200,\"height\":650,\"caption\":\"De ce sunt deschise at\u00e2t de multe \u0219antiere pe liniile de tramvai. Foto: Facebook\\\/PMB\"},{\"@type\":\"BreadcrumbList\",\"@id\":\"https:\\\/\\\/buletin.de\\\/bucuresti\\\/ciucu-explica-de-ce-sunt-deschise-atat-de-multe-santiere-pe-liniile-de-tramvai-daca-nu-le-facem-acum-nu-le-mai-facem-deloc\\\/#breadcrumb\",\"itemListElement\":[{\"@type\":\"ListItem\",\"position\":1,\"name\":\"Acas\u0103\",\"item\":\"https:\\\/\\\/buletin.de\\\/bucuresti\\\/\"},{\"@type\":\"ListItem\",\"position\":2,\"name\":\"Ciucu explic\u0103 de ce sunt deschise at\u00e2t de multe \u0219antiere pe liniile de tramvai: \u201eDac\u0103 nu le facem acum, nu le mai facem deloc\u201d\"}]},{\"@type\":\"WebSite\",\"@id\":\"https:\\\/\\\/buletin.de\\\/bucuresti\\\/#website\",\"url\":\"https:\\\/\\\/buletin.de\\\/bucuresti\\\/\",\"name\":\"Buletin de Bucure\u0219ti\",\"description\":\"\u0218tiri \u0219i investiga\u021bii esen\u021biale din capital\u0103\",\"publisher\":{\"@id\":\"https:\\\/\\\/buletin.de\\\/bucuresti\\\/#organization\"},\"potentialAction\":[{\"@type\":\"SearchAction\",\"target\":{\"@type\":\"EntryPoint\",\"urlTemplate\":\"https:\\\/\\\/buletin.de\\\/bucuresti\\\/?s={search_term_string}\"},\"query-input\":{\"@type\":\"PropertyValueSpecification\",\"valueRequired\":true,\"valueName\":\"search_term_string\"}}],\"inLanguage\":\"en-GB\"},{\"@type\":\"Organization\",\"@id\":\"https:\\\/\\\/buletin.de\\\/bucuresti\\\/#organization\",\"name\":\"Buletin de Bucure\u0219ti\",\"url\":\"https:\\\/\\\/buletin.de\\\/bucuresti\\\/\",\"logo\":{\"@type\":\"ImageObject\",\"inLanguage\":\"en-GB\",\"@id\":\"https:\\\/\\\/buletin.de\\\/bucuresti\\\/#\\\/schema\\\/logo\\\/image\\\/\",\"url\":\"https:\\\/\\\/buletin.de\\\/bucuresti\\\/wp-content\\\/uploads\\\/logo-bdb-full-wide-vernil-transparent.png\",\"contentUrl\":\"https:\\\/\\\/buletin.de\\\/bucuresti\\\/wp-content\\\/uploads\\\/logo-bdb-full-wide-vernil-transparent.png\",\"width\":1782,\"height\":626,\"caption\":\"Buletin de Bucure\u0219ti\"},\"image\":{\"@id\":\"https:\\\/\\\/buletin.de\\\/bucuresti\\\/#\\\/schema\\\/logo\\\/image\\\/\"},\"sameAs\":[\"https:\\\/\\\/www.facebook.com\\\/buletin.de.buc\",\"https:\\\/\\\/www.instagram.com\\\/buletinde.bucuresti\\\/\"]},{\"@type\":\"Person\",\"@id\":\"https:\\\/\\\/buletin.de\\\/bucuresti\\\/#\\\/schema\\\/person\\\/81421a46fb84a0887cfd2238f5202586\",\"name\":\"Andreea St\u0103n\u0103r\u00eeng\u0103\",\"image\":{\"@type\":\"ImageObject\",\"inLanguage\":\"en-GB\",\"@id\":\"https:\\\/\\\/secure.gravatar.com\\\/avatar\\\/dfa8d227a4388fad0f0bb03add04b5b176f4da34397dbb2eadc563b3d7162ce0?s=96&d=monsterid&r=g72784372b39ffe5a98a45288fe0d0e8a\",\"url\":\"https:\\\/\\\/secure.gravatar.com\\\/avatar\\\/dfa8d227a4388fad0f0bb03add04b5b176f4da34397dbb2eadc563b3d7162ce0?s=96&d=monsterid&r=g\",\"contentUrl\":\"https:\\\/\\\/secure.gravatar.com\\\/avatar\\\/dfa8d227a4388fad0f0bb03add04b5b176f4da34397dbb2eadc563b3d7162ce0?s=96&d=monsterid&r=g\",\"caption\":\"Andreea St\u0103n\u0103r\u00eeng\u0103\"},\"description\":\"Cu o experien\u021b\u0103 de peste 5 ani \u00een pres\u0103, face parte din echipa Buletin de Bucure\u0219ti din septembrie 2025. A colaborat cu c\u00e2teva publica\u021bii, printre care \u0219i Fanatik.ro, unde s-a ocupat de \u0219tiri de lifestyle \u0219i de actualitate. A f\u0103cut un pas c\u0103tre presa local\u0103 pentru a explora Bucure\u0219tiul \u0219i pove\u0219tile care merit\u0103 spuse.\",\"url\":\"https:\\\/\\\/buletin.de\\\/bucuresti\\\/author\\\/andreea-stanaranga\\\/\"}]}<\/script>\n<!-- \/ Yoast SEO Premium plugin. -->","yoast_head_json":{"title":"Ciucu explic\u0103 de ce sunt deschise at\u00e2t de multe \u0219antiere pe liniile de tramvai: \u201eDac\u0103 nu le facem acum, nu le mai facem deloc\u201d - Buletin de Bucure\u0219ti","description":"Mai multe \u0219antiere sunt deschise pe liniile de tramvai, iar alte interven\u021bii sunt programate \u00eencep\u00e2nd cu zilele urm\u0103toare.","robots":{"index":"index","follow":"follow","max-snippet":"max-snippet:-1","max-image-preview":"max-image-preview:large","max-video-preview":"max-video-preview:-1"},"canonical":"https:\/\/buletin.de\/bucuresti\/ciucu-explica-de-ce-sunt-deschise-atat-de-multe-santiere-pe-liniile-de-tramvai-daca-nu-le-facem-acum-nu-le-mai-facem-deloc\/","og_locale":"en_GB","og_type":"article","og_title":"Ciucu explic\u0103 de ce sunt deschise at\u00e2t de multe \u0219antiere pe liniile de tramvai: \u201eDac\u0103 nu le facem acum, nu le mai facem deloc\u201d","og_description":"Mai multe \u0219antiere sunt deschise pe liniile de tramvai, iar alte interven\u021bii sunt programate \u00eencep\u00e2nd cu zilele urm\u0103toare.","og_url":"https:\/\/buletin.de\/bucuresti\/ciucu-explica-de-ce-sunt-deschise-atat-de-multe-santiere-pe-liniile-de-tramvai-daca-nu-le-facem-acum-nu-le-mai-facem-deloc\/","og_site_name":"Buletin de Bucure\u0219ti","article_publisher":"https:\/\/www.facebook.com\/buletin.de.buc","article_published_time":"2026-04-27T05:53:21+00:00","article_modified_time":"2026-04-27T05:53:22+00:00","og_image":[{"width":1200,"height":650,"url":"https:\/\/buletin.de\/bucuresti\/wp-content\/uploads\/2026\/04\/Lucrari-de-modernizare-santiere-liniile-de-tramvai.jpg","type":"image\/jpeg"}],"author":"Andreea St\u0103n\u0103r\u00eeng\u0103","twitter_card":"summary_large_image","twitter_misc":{"Written by":"Andreea St\u0103n\u0103r\u00eeng\u0103","Estimated reading time":"3 minutes"},"schema":{"@context":"https:\/\/schema.org","@graph":[{"@type":"Article","@id":"https:\/\/buletin.de\/bucuresti\/ciucu-explica-de-ce-sunt-deschise-atat-de-multe-santiere-pe-liniile-de-tramvai-daca-nu-le-facem-acum-nu-le-mai-facem-deloc\/#article","isPartOf":{"@id":"https:\/\/buletin.de\/bucuresti\/ciucu-explica-de-ce-sunt-deschise-atat-de-multe-santiere-pe-liniile-de-tramvai-daca-nu-le-facem-acum-nu-le-mai-facem-deloc\/"},"author":{"name":"Andreea St\u0103n\u0103r\u00eeng\u0103","@id":"https:\/\/buletin.de\/bucuresti\/#\/schema\/person\/81421a46fb84a0887cfd2238f5202586"},"headline":"Ciucu explic\u0103 de ce sunt deschise at\u00e2t de multe \u0219antiere pe liniile de tramvai: \u201eDac\u0103 nu le facem acum, nu le mai facem deloc\u201d","datePublished":"2026-04-27T05:53:21+00:00","dateModified":"2026-04-27T05:53:22+00:00","mainEntityOfPage":{"@id":"https:\/\/buletin.de\/bucuresti\/ciucu-explica-de-ce-sunt-deschise-atat-de-multe-santiere-pe-liniile-de-tramvai-daca-nu-le-facem-acum-nu-le-mai-facem-deloc\/"},"wordCount":506,"publisher":{"@id":"https:\/\/buletin.de\/bucuresti\/#organization"},"image":{"@id":"https:\/\/buletin.de\/bucuresti\/ciucu-explica-de-ce-sunt-deschise-atat-de-multe-santiere-pe-liniile-de-tramvai-daca-nu-le-facem-acum-nu-le-mai-facem-deloc\/#primaryimage"},"thumbnailUrl":"https:\/\/buletin.de\/bucuresti\/wp-content\/uploads\/2026\/04\/Lucrari-de-modernizare-santiere-liniile-de-tramvai.jpg","keywords":["bucuresti","ciprian ciucu","linii de tramvai","linii de tramvai reabilitate","pmb","primaria bucuresti","santier"],"articleSection":["Articole","Main","Prim\u0103rie","Transport"],"inLanguage":"en-GB","copyrightYear":"2026","copyrightHolder":{"@id":"https:\/\/buletin.de\/bucuresti\/#organization"}},{"@type":"WebPage","@id":"https:\/\/buletin.de\/bucuresti\/ciucu-explica-de-ce-sunt-deschise-atat-de-multe-santiere-pe-liniile-de-tramvai-daca-nu-le-facem-acum-nu-le-mai-facem-deloc\/","url":"https:\/\/buletin.de\/bucuresti\/ciucu-explica-de-ce-sunt-deschise-atat-de-multe-santiere-pe-liniile-de-tramvai-daca-nu-le-facem-acum-nu-le-mai-facem-deloc\/","name":"Ciucu explic\u0103 de ce sunt deschise at\u00e2t de multe \u0219antiere pe liniile de tramvai: \u201eDac\u0103 nu le facem acum, nu le mai facem deloc\u201d - Buletin de Bucure\u0219ti","isPartOf":{"@id":"https:\/\/buletin.de\/bucuresti\/#website"},"primaryImageOfPage":{"@id":"https:\/\/buletin.de\/bucuresti\/ciucu-explica-de-ce-sunt-deschise-atat-de-multe-santiere-pe-liniile-de-tramvai-daca-nu-le-facem-acum-nu-le-mai-facem-deloc\/#primaryimage"},"image":{"@id":"https:\/\/buletin.de\/bucuresti\/ciucu-explica-de-ce-sunt-deschise-atat-de-multe-santiere-pe-liniile-de-tramvai-daca-nu-le-facem-acum-nu-le-mai-facem-deloc\/#primaryimage"},"thumbnailUrl":"https:\/\/buletin.de\/bucuresti\/wp-content\/uploads\/2026\/04\/Lucrari-de-modernizare-santiere-liniile-de-tramvai.jpg","datePublished":"2026-04-27T05:53:21+00:00","dateModified":"2026-04-27T05:53:22+00:00","description":"Mai multe \u0219antiere sunt deschise pe liniile de tramvai, iar alte interven\u021bii sunt programate \u00eencep\u00e2nd cu zilele urm\u0103toare.","breadcrumb":{"@id":"https:\/\/buletin.de\/bucuresti\/ciucu-explica-de-ce-sunt-deschise-atat-de-multe-santiere-pe-liniile-de-tramvai-daca-nu-le-facem-acum-nu-le-mai-facem-deloc\/#breadcrumb"},"inLanguage":"en-GB","potentialAction":[{"@type":"ReadAction","target":["https:\/\/buletin.de\/bucuresti\/ciucu-explica-de-ce-sunt-deschise-atat-de-multe-santiere-pe-liniile-de-tramvai-daca-nu-le-facem-acum-nu-le-mai-facem-deloc\/"]}]},{"@type":"ImageObject","inLanguage":"en-GB","@id":"https:\/\/buletin.de\/bucuresti\/ciucu-explica-de-ce-sunt-deschise-atat-de-multe-santiere-pe-liniile-de-tramvai-daca-nu-le-facem-acum-nu-le-mai-facem-deloc\/#primaryimage","url":"https:\/\/buletin.de\/bucuresti\/wp-content\/uploads\/2026\/04\/Lucrari-de-modernizare-santiere-liniile-de-tramvai.jpg","contentUrl":"https:\/\/buletin.de\/bucuresti\/wp-content\/uploads\/2026\/04\/Lucrari-de-modernizare-santiere-liniile-de-tramvai.jpg","width":1200,"height":650,"caption":"De ce sunt deschise at\u00e2t de multe \u0219antiere pe liniile de tramvai. Foto: Facebook\/PMB"},{"@type":"BreadcrumbList","@id":"https:\/\/buletin.de\/bucuresti\/ciucu-explica-de-ce-sunt-deschise-atat-de-multe-santiere-pe-liniile-de-tramvai-daca-nu-le-facem-acum-nu-le-mai-facem-deloc\/#breadcrumb","itemListElement":[{"@type":"ListItem","position":1,"name":"Acas\u0103","item":"https:\/\/buletin.de\/bucuresti\/"},{"@type":"ListItem","position":2,"name":"Ciucu explic\u0103 de ce sunt deschise at\u00e2t de multe \u0219antiere pe liniile de tramvai: \u201eDac\u0103 nu le facem acum, nu le mai facem deloc\u201d"}]},{"@type":"WebSite","@id":"https:\/\/buletin.de\/bucuresti\/#website","url":"https:\/\/buletin.de\/bucuresti\/","name":"Buletin de Bucure\u0219ti","description":"\u0218tiri \u0219i investiga\u021bii esen\u021biale din capital\u0103","publisher":{"@id":"https:\/\/buletin.de\/bucuresti\/#organization"},"potentialAction":[{"@type":"SearchAction","target":{"@type":"EntryPoint","urlTemplate":"https:\/\/buletin.de\/bucuresti\/?s={search_term_string}"},"query-input":{"@type":"PropertyValueSpecification","valueRequired":true,"valueName":"search_term_string"}}],"inLanguage":"en-GB"},{"@type":"Organization","@id":"https:\/\/buletin.de\/bucuresti\/#organization","name":"Buletin de Bucure\u0219ti","url":"https:\/\/buletin.de\/bucuresti\/","logo":{"@type":"ImageObject","inLanguage":"en-GB","@id":"https:\/\/buletin.de\/bucuresti\/#\/schema\/logo\/image\/","url":"https:\/\/buletin.de\/bucuresti\/wp-content\/uploads\/logo-bdb-full-wide-vernil-transparent.png","contentUrl":"https:\/\/buletin.de\/bucuresti\/wp-content\/uploads\/logo-bdb-full-wide-vernil-transparent.png","width":1782,"height":626,"caption":"Buletin de Bucure\u0219ti"},"image":{"@id":"https:\/\/buletin.de\/bucuresti\/#\/schema\/logo\/image\/"},"sameAs":["https:\/\/www.facebook.com\/buletin.de.buc","https:\/\/www.instagram.com\/buletinde.bucuresti\/"]},{"@type":"Person","@id":"https:\/\/buletin.de\/bucuresti\/#\/schema\/person\/81421a46fb84a0887cfd2238f5202586","name":"Andreea St\u0103n\u0103r\u00eeng\u0103","image":{"@type":"ImageObject","inLanguage":"en-GB","@id":"https:\/\/secure.gravatar.com\/avatar\/dfa8d227a4388fad0f0bb03add04b5b176f4da34397dbb2eadc563b3d7162ce0?s=96&d=monsterid&r=g72784372b39ffe5a98a45288fe0d0e8a","url":"https:\/\/secure.gravatar.com\/avatar\/dfa8d227a4388fad0f0bb03add04b5b176f4da34397dbb2eadc563b3d7162ce0?s=96&d=monsterid&r=g","contentUrl":"https:\/\/secure.gravatar.com\/avatar\/dfa8d227a4388fad0f0bb03add04b5b176f4da34397dbb2eadc563b3d7162ce0?s=96&d=monsterid&r=g","caption":"Andreea St\u0103n\u0103r\u00eeng\u0103"},"description":"Cu o experien\u021b\u0103 de peste 5 ani \u00een pres\u0103, face parte din echipa Buletin de Bucure\u0219ti din septembrie 2025. A colaborat cu c\u00e2teva publica\u021bii, printre care \u0219i Fanatik.ro, unde s-a ocupat de \u0219tiri de lifestyle \u0219i de actualitate. A f\u0103cut un pas c\u0103tre presa local\u0103 pentru a explora Bucure\u0219tiul \u0219i pove\u0219tile care merit\u0103 spuse.","url":"https:\/\/buletin.de\/bucuresti\/author\/andreea-stanaranga\/"}]}},"authors":[{"term_id":23912,"user_id":65,"is_guest":0,"slug":"andreea-stanaranga","display_name":"Andreea St\u0103n\u0103r\u00eeng\u0103","avatar_url":"https:\/\/secure.gravatar.com\/avatar\/dfa8d227a4388fad0f0bb03add04b5b176f4da34397dbb2eadc563b3d7162ce0?s=96&d=monsterid&r=g","0":null,"1":"","2":"","3":"","4":"","5":"","6":"","7":"","8":""}],"_links":{"self":[{"href":"https:\/\/buletin.de\/bucuresti\/wp-json\/wp\/v2\/posts\/189477","targetHints":{"allow":["GET"]}}],"collection":[{"href":"https:\/\/buletin.de\/bucuresti\/wp-json\/wp\/v2\/posts"}],"about":[{"href":"https:\/\/buletin.de\/bucuresti\/wp-json\/wp\/v2\/types\/post"}],"author":[{"embeddable":true,"href":"https:\/\/buletin.de\/bucuresti\/wp-json\/wp\/v2\/users\/65"}],"replies":[{"embeddable":true,"href":"https:\/\/buletin.de\/bucuresti\/wp-json\/wp\/v2\/comments?post=189477"}],"version-history":[{"count":5,"href":"https:\/\/buletin.de\/bucuresti\/wp-json\/wp\/v2\/posts\/189477\/revisions"}],"predecessor-version":[{"id":189484,"href":"https:\/\/buletin.de\/bucuresti\/wp-json\/wp\/v2\/posts\/189477\/revisions\/189484"}],"wp:featuredmedia":[{"embeddable":true,"href":"https:\/\/buletin.de\/bucuresti\/wp-json\/wp\/v2\/media\/189483"}],"wp:attachment":[{"href":"https:\/\/buletin.de\/bucuresti\/wp-json\/wp\/v2\/media?parent=189477"}],"wp:term":[{"taxonomy":"category","embeddable":true,"href":"https:\/\/buletin.de\/bucuresti\/wp-json\/wp\/v2\/categories?post=189477"},{"taxonomy":"post_tag","embeddable":true,"href":"https:\/\/buletin.de\/bucuresti\/wp-json\/wp\/v2\/tags?post=189477"},{"taxonomy":"author","embeddable":true,"href":"https:\/\/buletin.de\/bucuresti\/wp-json\/wp\/v2\/ppma_author?post=189477"}],"curies":[{"name":"wp","href":"https:\/\/api.w.org\/{rel}","templated":true}]}}