{"id":189444,"date":"2026-04-26T12:47:28","date_gmt":"2026-04-26T09:47:28","guid":{"rendered":"https:\/\/buletin.de\/bucuresti\/?p=189444"},"modified":"2026-04-26T12:47:29","modified_gmt":"2026-04-26T09:47:29","slug":"doua-noi-locuri-de-joaca-au-fost-redeschise-in-sectorul-5-dupa-lucrari-de-reamenajare","status":"publish","type":"post","link":"https:\/\/buletin.de\/bucuresti\/doua-noi-locuri-de-joaca-au-fost-redeschise-in-sectorul-5-dupa-lucrari-de-reamenajare\/","title":{"rendered":"Dou\u0103 noi locuri de joac\u0103 au fost redeschise \u00een Sectorul 5, dup\u0103 lucr\u0103ri de reamenajare"},"content":{"rendered":"\n<p><strong>\u00cen Sectorul 5 al Capitalei au fost Dou\u0103 noi locuri de joac\u0103 au fost redeschise. Prim\u0103ria local\u0103 a reamenajat<\/strong> <strong>locurile de joac\u0103 din strada Malcoci \u0219i strada Inginer Dumitru Teodoru. <\/strong><\/p>\n\n\n\n<p>Interven\u021biile realizate au vizat transformarea complet\u0103 a acestor spa\u021bii, prin demontarea echipamentelor vechi \u0219i neconforme, urmat\u0103 de montarea unora noi, moderne \u0219i sigure. Au fost extinse \u0219i reconfigurate zonele de joac\u0103, fiind amenajate \u0219i suprafe\u021be noi de protec\u021bie pentru copii.<\/p>\n\n\n\n<p>Totodat\u0103, au fost efectuate lucr\u0103ri de amenajare \u0219i reabilitare a spa\u021biilor verzi, incluz\u00e2nd plant\u0103ri de arbori \u0219i arbu\u0219ti, gazonare \u0219i implementarea unui sistem automatizat de iriga\u021bii, contribuind astfel la crearea unui mediu pl\u0103cut \u0219i prietenos.<\/p>\n\n\n\n<p>De asemenea, au fost montate elemente noi de mobilier urban, iar sistemul de iluminat public a fost modernizat cu corpuri LED eficiente, pentru a asigura un plus de confort \u0219i siguran\u021b\u0103, inclusiv pe timpul serii.<\/p>\n\n\n\n<p>Autoritatea local\u0103 a anun\u021bat c\u0103, dupa aprobarea bugetului, vor intra \u00een reabilitare cele mai mari parcuri din Sectorul 5, Parcul Humule\u0219ti \u0219i Ferentari.<\/p>\n\n\n\n<p>De asemenea, dup\u0103 15 mai, vor demara lucr\u0103rile de amenajare a Parcului \u0218inei.<\/p>\n\n\n\n<p><strong>CITE\u0218TE \u0218I:<\/strong> <a href=\"https:\/\/buletin.de\/bucuresti\/primaria-sectorului-2-vrea-sa-introduca-un-sprijin-financiar-pentru-tinerii-iesiti-de-sub-tutela\/\"><strong>Prim\u0103ria Sectorului 2 vrea s\u0103 introduc\u0103 un sprijin financiar pentru tinerii ie\u0219i\u021bi de sub tutel\u0103<\/strong><\/a><\/p>\n\n\n\n<h2 class=\"wp-block-heading\" id=\"h-locuitorii-din-sectorul-5-pot-face-sesizari-despre-starea-strazilor\">Locuitorii din Sectorul 5 pot face sesiz\u0103ri despre starea str\u0103zilor<\/h2>\n\n\n\n<p><strong>Cet\u0103\u021benii care locuiesc \u00een Sectorul 5 au la dispozi\u021bie un num\u0103r de telefon unde pot face&nbsp;<a href=\"https:\/\/buletin.de\/bucuresti\/unde-pot-bucurestenii-din-sectorul-5-sa-faca-sesizari-despre-gropi-si-starea-strazilor\/\" target=\"_blank\" rel=\"noreferrer noopener\">sesiz\u0103ri c\u0103tre Prim\u0103rie \u00een leg\u0103tur\u0103 cu gropile ap\u0103rute dup\u0103 sezonul rece&nbsp;<\/a>\u0219i alte probleme privind starea carosabilului \u0219i a trotuarelor.<\/strong><\/p>\n\n\n\n<p>Dup\u0103 ce sesiz\u0103rile sunt preluate, pe teren vor fi trimise echipe de muncitori pentru a remedia problemele semnalate de locuitori.<\/p>\n\n\n\n<p>Cet\u0103\u021benii pot face sesiz\u0103ri la num\u0103rul de telefon&nbsp;<strong>0735 281 304<\/strong>, inclusiv sub forma unor mesaje trimise prin intermediul aplica\u021biei WhatsApp.&nbsp;<strong>Administra\u021bia local\u0103 a mai precizat c\u0103 este nevoie \u0219i de fotografii cu gropile \u0219i de loca\u021bia exact\u0103 unde se afl\u0103 acestea.<\/strong><\/p>\n\n\n\n<p><strong>CITE\u0218TE \u0218I:<\/strong> <a href=\"https:\/\/buletin.de\/bucuresti\/programul-scoala-de-vara-revine-la-opera-comica-pentru-copii\/\"><strong>Programul \u0218coala de Var\u0103 revine la Opera Comic\u0103 pentru Copii<\/strong><\/a><\/p>\n","protected":false},"excerpt":{"rendered":"<p>\u00cen Sectorul 5 al Capitalei au fost Dou\u0103 noi locuri de joac\u0103 au fost redeschise. Prim\u0103ria local\u0103 a reamenajat locurile de joac\u0103 din strada Malcoci \u0219i strada Inginer Dumitru Teodoru. Interven\u021biile realizate au vizat transformarea complet\u0103 a acestor spa\u021bii, prin demontarea echipamentelor vechi \u0219i neconforme, urmat\u0103 de montarea unora noi, moderne \u0219i sigure. Au fost [&hellip;]<\/p>\n","protected":false},"author":49,"featured_media":189450,"comment_status":"closed","ping_status":"open","sticky":false,"template":"","format":"standard","meta":{"_acf_changed":false,"inline_featured_image":false,"ngg_post_thumbnail":0,"footnotes":""},"categories":[6994,24,62],"tags":[4094,188,27989,27990],"ppma_author":[22574],"class_list":["post-189444","post","type-post","status-publish","format-standard","has-post-thumbnail","hentry","category-stiri-2","category-primarie","category-stiri","tag-locuri-de-joaca","tag-sector-5","tag-starada-malcoci","tag-strada-inginer-dumitru-teodoru"],"acf":[],"yoast_head":"<!-- This site is optimized with the Yoast SEO Premium plugin v25.3 (Yoast SEO v27.4) - https:\/\/yoast.com\/product\/yoast-seo-premium-wordpress\/ -->\n<title>Dou\u0103 noi locuri de joac\u0103 au fost redeschise \u00een Sectorul 5, dup\u0103 lucr\u0103ri de reamenajare - Buletin de Bucure\u0219ti<\/title>\n<meta name=\"description\" content=\"\u00cen Sectorul 5 al Capitalei au fost Dou\u0103 noi locuri de joac\u0103 au fost redeschise: strada Malcoci \u0219i strada Inginer Dumitru Teodoru.\" \/>\n<meta name=\"robots\" content=\"index, follow, max-snippet:-1, max-image-preview:large, max-video-preview:-1\" \/>\n<link rel=\"canonical\" href=\"https:\/\/buletin.de\/bucuresti\/doua-noi-locuri-de-joaca-au-fost-redeschise-in-sectorul-5-dupa-lucrari-de-reamenajare\/\" \/>\n<meta property=\"og:locale\" content=\"en_GB\" \/>\n<meta property=\"og:type\" content=\"article\" \/>\n<meta property=\"og:title\" content=\"Dou\u0103 noi locuri de joac\u0103 au fost redeschise \u00een Sectorul 5, dup\u0103 lucr\u0103ri de reamenajare\" \/>\n<meta property=\"og:description\" content=\"\u00cen Sectorul 5 al Capitalei au fost Dou\u0103 noi locuri de joac\u0103 au fost redeschise: strada Malcoci \u0219i strada Inginer Dumitru Teodoru.\" \/>\n<meta property=\"og:url\" content=\"https:\/\/buletin.de\/bucuresti\/doua-noi-locuri-de-joaca-au-fost-redeschise-in-sectorul-5-dupa-lucrari-de-reamenajare\/\" \/>\n<meta property=\"og:site_name\" content=\"Buletin de Bucure\u0219ti\" \/>\n<meta property=\"article:publisher\" content=\"https:\/\/www.facebook.com\/buletin.de.buc\" \/>\n<meta property=\"article:published_time\" content=\"2026-04-26T09:47:28+00:00\" \/>\n<meta property=\"article:modified_time\" content=\"2026-04-26T09:47:29+00:00\" \/>\n<meta property=\"og:image\" content=\"https:\/\/buletin.de\/bucuresti\/wp-content\/uploads\/2026\/04\/IMG-20260426-WA0001.jpg\" \/>\n\t<meta property=\"og:image:width\" content=\"1530\" \/>\n\t<meta property=\"og:image:height\" content=\"798\" \/>\n\t<meta property=\"og:image:type\" content=\"image\/jpeg\" \/>\n<meta name=\"author\" content=\"Diana Matei\" \/>\n<meta name=\"twitter:card\" content=\"summary_large_image\" \/>\n<meta name=\"twitter:label1\" content=\"Written by\" \/>\n\t<meta name=\"twitter:data1\" content=\"Diana Matei\" \/>\n\t<meta name=\"twitter:label2\" content=\"Estimated reading time\" \/>\n\t<meta name=\"twitter:data2\" content=\"2 minutes\" \/>\n<script type=\"application\/ld+json\" class=\"yoast-schema-graph\">{\"@context\":\"https:\\\/\\\/schema.org\",\"@graph\":[{\"@type\":\"Article\",\"@id\":\"https:\\\/\\\/buletin.de\\\/bucuresti\\\/doua-noi-locuri-de-joaca-au-fost-redeschise-in-sectorul-5-dupa-lucrari-de-reamenajare\\\/#article\",\"isPartOf\":{\"@id\":\"https:\\\/\\\/buletin.de\\\/bucuresti\\\/doua-noi-locuri-de-joaca-au-fost-redeschise-in-sectorul-5-dupa-lucrari-de-reamenajare\\\/\"},\"author\":{\"name\":\"Diana Matei\",\"@id\":\"https:\\\/\\\/buletin.de\\\/bucuresti\\\/#\\\/schema\\\/person\\\/7e46040573290777280a0835d81ea4ea\"},\"headline\":\"Dou\u0103 noi locuri de joac\u0103 au fost redeschise \u00een Sectorul 5, dup\u0103 lucr\u0103ri de reamenajare\",\"datePublished\":\"2026-04-26T09:47:28+00:00\",\"dateModified\":\"2026-04-26T09:47:29+00:00\",\"mainEntityOfPage\":{\"@id\":\"https:\\\/\\\/buletin.de\\\/bucuresti\\\/doua-noi-locuri-de-joaca-au-fost-redeschise-in-sectorul-5-dupa-lucrari-de-reamenajare\\\/\"},\"wordCount\":360,\"publisher\":{\"@id\":\"https:\\\/\\\/buletin.de\\\/bucuresti\\\/#organization\"},\"image\":{\"@id\":\"https:\\\/\\\/buletin.de\\\/bucuresti\\\/doua-noi-locuri-de-joaca-au-fost-redeschise-in-sectorul-5-dupa-lucrari-de-reamenajare\\\/#primaryimage\"},\"thumbnailUrl\":\"https:\\\/\\\/buletin.de\\\/bucuresti\\\/wp-content\\\/uploads\\\/2026\\\/04\\\/IMG-20260426-WA0001.jpg\",\"keywords\":[\"locuri de joaca\",\"Sector 5\",\"starada Malcoci\",\"strada Inginer Dumitru Teodoru\"],\"articleSection\":[\"Articole\",\"Prim\u0103rie\",\"\u0218tiri\"],\"inLanguage\":\"en-GB\",\"copyrightYear\":\"2026\",\"copyrightHolder\":{\"@id\":\"https:\\\/\\\/buletin.de\\\/bucuresti\\\/#organization\"}},{\"@type\":\"WebPage\",\"@id\":\"https:\\\/\\\/buletin.de\\\/bucuresti\\\/doua-noi-locuri-de-joaca-au-fost-redeschise-in-sectorul-5-dupa-lucrari-de-reamenajare\\\/\",\"url\":\"https:\\\/\\\/buletin.de\\\/bucuresti\\\/doua-noi-locuri-de-joaca-au-fost-redeschise-in-sectorul-5-dupa-lucrari-de-reamenajare\\\/\",\"name\":\"Dou\u0103 noi locuri de joac\u0103 au fost redeschise \u00een Sectorul 5, dup\u0103 lucr\u0103ri de reamenajare - Buletin de Bucure\u0219ti\",\"isPartOf\":{\"@id\":\"https:\\\/\\\/buletin.de\\\/bucuresti\\\/#website\"},\"primaryImageOfPage\":{\"@id\":\"https:\\\/\\\/buletin.de\\\/bucuresti\\\/doua-noi-locuri-de-joaca-au-fost-redeschise-in-sectorul-5-dupa-lucrari-de-reamenajare\\\/#primaryimage\"},\"image\":{\"@id\":\"https:\\\/\\\/buletin.de\\\/bucuresti\\\/doua-noi-locuri-de-joaca-au-fost-redeschise-in-sectorul-5-dupa-lucrari-de-reamenajare\\\/#primaryimage\"},\"thumbnailUrl\":\"https:\\\/\\\/buletin.de\\\/bucuresti\\\/wp-content\\\/uploads\\\/2026\\\/04\\\/IMG-20260426-WA0001.jpg\",\"datePublished\":\"2026-04-26T09:47:28+00:00\",\"dateModified\":\"2026-04-26T09:47:29+00:00\",\"description\":\"\u00cen Sectorul 5 al Capitalei au fost Dou\u0103 noi locuri de joac\u0103 au fost redeschise: strada Malcoci \u0219i strada Inginer Dumitru Teodoru.\",\"breadcrumb\":{\"@id\":\"https:\\\/\\\/buletin.de\\\/bucuresti\\\/doua-noi-locuri-de-joaca-au-fost-redeschise-in-sectorul-5-dupa-lucrari-de-reamenajare\\\/#breadcrumb\"},\"inLanguage\":\"en-GB\",\"potentialAction\":[{\"@type\":\"ReadAction\",\"target\":[\"https:\\\/\\\/buletin.de\\\/bucuresti\\\/doua-noi-locuri-de-joaca-au-fost-redeschise-in-sectorul-5-dupa-lucrari-de-reamenajare\\\/\"]}]},{\"@type\":\"ImageObject\",\"inLanguage\":\"en-GB\",\"@id\":\"https:\\\/\\\/buletin.de\\\/bucuresti\\\/doua-noi-locuri-de-joaca-au-fost-redeschise-in-sectorul-5-dupa-lucrari-de-reamenajare\\\/#primaryimage\",\"url\":\"https:\\\/\\\/buletin.de\\\/bucuresti\\\/wp-content\\\/uploads\\\/2026\\\/04\\\/IMG-20260426-WA0001.jpg\",\"contentUrl\":\"https:\\\/\\\/buletin.de\\\/bucuresti\\\/wp-content\\\/uploads\\\/2026\\\/04\\\/IMG-20260426-WA0001.jpg\",\"width\":1530,\"height\":798,\"caption\":\"Dou\u0103 noi locuri de joac\u0103 au fost redeschise \u00een Sectorul 5, dup\u0103 lucr\u0103ri de reamenajare. FOTO: Captur\u0103 Facebook PS5\"},{\"@type\":\"BreadcrumbList\",\"@id\":\"https:\\\/\\\/buletin.de\\\/bucuresti\\\/doua-noi-locuri-de-joaca-au-fost-redeschise-in-sectorul-5-dupa-lucrari-de-reamenajare\\\/#breadcrumb\",\"itemListElement\":[{\"@type\":\"ListItem\",\"position\":1,\"name\":\"Acas\u0103\",\"item\":\"https:\\\/\\\/buletin.de\\\/bucuresti\\\/\"},{\"@type\":\"ListItem\",\"position\":2,\"name\":\"Dou\u0103 noi locuri de joac\u0103 au fost redeschise \u00een Sectorul 5, dup\u0103 lucr\u0103ri de reamenajare\"}]},{\"@type\":\"WebSite\",\"@id\":\"https:\\\/\\\/buletin.de\\\/bucuresti\\\/#website\",\"url\":\"https:\\\/\\\/buletin.de\\\/bucuresti\\\/\",\"name\":\"Buletin de Bucure\u0219ti\",\"description\":\"\u0218tiri \u0219i investiga\u021bii esen\u021biale din capital\u0103\",\"publisher\":{\"@id\":\"https:\\\/\\\/buletin.de\\\/bucuresti\\\/#organization\"},\"potentialAction\":[{\"@type\":\"SearchAction\",\"target\":{\"@type\":\"EntryPoint\",\"urlTemplate\":\"https:\\\/\\\/buletin.de\\\/bucuresti\\\/?s={search_term_string}\"},\"query-input\":{\"@type\":\"PropertyValueSpecification\",\"valueRequired\":true,\"valueName\":\"search_term_string\"}}],\"inLanguage\":\"en-GB\"},{\"@type\":\"Organization\",\"@id\":\"https:\\\/\\\/buletin.de\\\/bucuresti\\\/#organization\",\"name\":\"Buletin de Bucure\u0219ti\",\"url\":\"https:\\\/\\\/buletin.de\\\/bucuresti\\\/\",\"logo\":{\"@type\":\"ImageObject\",\"inLanguage\":\"en-GB\",\"@id\":\"https:\\\/\\\/buletin.de\\\/bucuresti\\\/#\\\/schema\\\/logo\\\/image\\\/\",\"url\":\"https:\\\/\\\/buletin.de\\\/bucuresti\\\/wp-content\\\/uploads\\\/logo-bdb-full-wide-vernil-transparent.png\",\"contentUrl\":\"https:\\\/\\\/buletin.de\\\/bucuresti\\\/wp-content\\\/uploads\\\/logo-bdb-full-wide-vernil-transparent.png\",\"width\":1782,\"height\":626,\"caption\":\"Buletin de Bucure\u0219ti\"},\"image\":{\"@id\":\"https:\\\/\\\/buletin.de\\\/bucuresti\\\/#\\\/schema\\\/logo\\\/image\\\/\"},\"sameAs\":[\"https:\\\/\\\/www.facebook.com\\\/buletin.de.buc\",\"https:\\\/\\\/www.instagram.com\\\/buletinde.bucuresti\\\/\"]},{\"@type\":\"Person\",\"@id\":\"https:\\\/\\\/buletin.de\\\/bucuresti\\\/#\\\/schema\\\/person\\\/7e46040573290777280a0835d81ea4ea\",\"name\":\"Diana Matei\",\"image\":{\"@type\":\"ImageObject\",\"inLanguage\":\"en-GB\",\"@id\":\"https:\\\/\\\/buletin.de\\\/bucuresti\\\/wp-content\\\/uploads\\\/9-2-96x96.jpg1e8590b30871d70e62ebcdaf2eff570c\",\"url\":\"https:\\\/\\\/buletin.de\\\/bucuresti\\\/wp-content\\\/uploads\\\/9-2-96x96.jpg\",\"contentUrl\":\"https:\\\/\\\/buletin.de\\\/bucuresti\\\/wp-content\\\/uploads\\\/9-2-96x96.jpg\",\"caption\":\"Diana Matei\"},\"url\":\"https:\\\/\\\/buletin.de\\\/bucuresti\\\/author\\\/dianamatei\\\/\"}]}<\/script>\n<!-- \/ Yoast SEO Premium plugin. -->","yoast_head_json":{"title":"Dou\u0103 noi locuri de joac\u0103 au fost redeschise \u00een Sectorul 5, dup\u0103 lucr\u0103ri de reamenajare - Buletin de Bucure\u0219ti","description":"\u00cen Sectorul 5 al Capitalei au fost Dou\u0103 noi locuri de joac\u0103 au fost redeschise: strada Malcoci \u0219i strada Inginer Dumitru Teodoru.","robots":{"index":"index","follow":"follow","max-snippet":"max-snippet:-1","max-image-preview":"max-image-preview:large","max-video-preview":"max-video-preview:-1"},"canonical":"https:\/\/buletin.de\/bucuresti\/doua-noi-locuri-de-joaca-au-fost-redeschise-in-sectorul-5-dupa-lucrari-de-reamenajare\/","og_locale":"en_GB","og_type":"article","og_title":"Dou\u0103 noi locuri de joac\u0103 au fost redeschise \u00een Sectorul 5, dup\u0103 lucr\u0103ri de reamenajare","og_description":"\u00cen Sectorul 5 al Capitalei au fost Dou\u0103 noi locuri de joac\u0103 au fost redeschise: strada Malcoci \u0219i strada Inginer Dumitru Teodoru.","og_url":"https:\/\/buletin.de\/bucuresti\/doua-noi-locuri-de-joaca-au-fost-redeschise-in-sectorul-5-dupa-lucrari-de-reamenajare\/","og_site_name":"Buletin de Bucure\u0219ti","article_publisher":"https:\/\/www.facebook.com\/buletin.de.buc","article_published_time":"2026-04-26T09:47:28+00:00","article_modified_time":"2026-04-26T09:47:29+00:00","og_image":[{"width":1530,"height":798,"url":"https:\/\/buletin.de\/bucuresti\/wp-content\/uploads\/2026\/04\/IMG-20260426-WA0001.jpg","type":"image\/jpeg"}],"author":"Diana Matei","twitter_card":"summary_large_image","twitter_misc":{"Written by":"Diana Matei","Estimated reading time":"2 minutes"},"schema":{"@context":"https:\/\/schema.org","@graph":[{"@type":"Article","@id":"https:\/\/buletin.de\/bucuresti\/doua-noi-locuri-de-joaca-au-fost-redeschise-in-sectorul-5-dupa-lucrari-de-reamenajare\/#article","isPartOf":{"@id":"https:\/\/buletin.de\/bucuresti\/doua-noi-locuri-de-joaca-au-fost-redeschise-in-sectorul-5-dupa-lucrari-de-reamenajare\/"},"author":{"name":"Diana Matei","@id":"https:\/\/buletin.de\/bucuresti\/#\/schema\/person\/7e46040573290777280a0835d81ea4ea"},"headline":"Dou\u0103 noi locuri de joac\u0103 au fost redeschise \u00een Sectorul 5, dup\u0103 lucr\u0103ri de reamenajare","datePublished":"2026-04-26T09:47:28+00:00","dateModified":"2026-04-26T09:47:29+00:00","mainEntityOfPage":{"@id":"https:\/\/buletin.de\/bucuresti\/doua-noi-locuri-de-joaca-au-fost-redeschise-in-sectorul-5-dupa-lucrari-de-reamenajare\/"},"wordCount":360,"publisher":{"@id":"https:\/\/buletin.de\/bucuresti\/#organization"},"image":{"@id":"https:\/\/buletin.de\/bucuresti\/doua-noi-locuri-de-joaca-au-fost-redeschise-in-sectorul-5-dupa-lucrari-de-reamenajare\/#primaryimage"},"thumbnailUrl":"https:\/\/buletin.de\/bucuresti\/wp-content\/uploads\/2026\/04\/IMG-20260426-WA0001.jpg","keywords":["locuri de joaca","Sector 5","starada Malcoci","strada Inginer Dumitru Teodoru"],"articleSection":["Articole","Prim\u0103rie","\u0218tiri"],"inLanguage":"en-GB","copyrightYear":"2026","copyrightHolder":{"@id":"https:\/\/buletin.de\/bucuresti\/#organization"}},{"@type":"WebPage","@id":"https:\/\/buletin.de\/bucuresti\/doua-noi-locuri-de-joaca-au-fost-redeschise-in-sectorul-5-dupa-lucrari-de-reamenajare\/","url":"https:\/\/buletin.de\/bucuresti\/doua-noi-locuri-de-joaca-au-fost-redeschise-in-sectorul-5-dupa-lucrari-de-reamenajare\/","name":"Dou\u0103 noi locuri de joac\u0103 au fost redeschise \u00een Sectorul 5, dup\u0103 lucr\u0103ri de reamenajare - Buletin de Bucure\u0219ti","isPartOf":{"@id":"https:\/\/buletin.de\/bucuresti\/#website"},"primaryImageOfPage":{"@id":"https:\/\/buletin.de\/bucuresti\/doua-noi-locuri-de-joaca-au-fost-redeschise-in-sectorul-5-dupa-lucrari-de-reamenajare\/#primaryimage"},"image":{"@id":"https:\/\/buletin.de\/bucuresti\/doua-noi-locuri-de-joaca-au-fost-redeschise-in-sectorul-5-dupa-lucrari-de-reamenajare\/#primaryimage"},"thumbnailUrl":"https:\/\/buletin.de\/bucuresti\/wp-content\/uploads\/2026\/04\/IMG-20260426-WA0001.jpg","datePublished":"2026-04-26T09:47:28+00:00","dateModified":"2026-04-26T09:47:29+00:00","description":"\u00cen Sectorul 5 al Capitalei au fost Dou\u0103 noi locuri de joac\u0103 au fost redeschise: strada Malcoci \u0219i strada Inginer Dumitru Teodoru.","breadcrumb":{"@id":"https:\/\/buletin.de\/bucuresti\/doua-noi-locuri-de-joaca-au-fost-redeschise-in-sectorul-5-dupa-lucrari-de-reamenajare\/#breadcrumb"},"inLanguage":"en-GB","potentialAction":[{"@type":"ReadAction","target":["https:\/\/buletin.de\/bucuresti\/doua-noi-locuri-de-joaca-au-fost-redeschise-in-sectorul-5-dupa-lucrari-de-reamenajare\/"]}]},{"@type":"ImageObject","inLanguage":"en-GB","@id":"https:\/\/buletin.de\/bucuresti\/doua-noi-locuri-de-joaca-au-fost-redeschise-in-sectorul-5-dupa-lucrari-de-reamenajare\/#primaryimage","url":"https:\/\/buletin.de\/bucuresti\/wp-content\/uploads\/2026\/04\/IMG-20260426-WA0001.jpg","contentUrl":"https:\/\/buletin.de\/bucuresti\/wp-content\/uploads\/2026\/04\/IMG-20260426-WA0001.jpg","width":1530,"height":798,"caption":"Dou\u0103 noi locuri de joac\u0103 au fost redeschise \u00een Sectorul 5, dup\u0103 lucr\u0103ri de reamenajare. FOTO: Captur\u0103 Facebook PS5"},{"@type":"BreadcrumbList","@id":"https:\/\/buletin.de\/bucuresti\/doua-noi-locuri-de-joaca-au-fost-redeschise-in-sectorul-5-dupa-lucrari-de-reamenajare\/#breadcrumb","itemListElement":[{"@type":"ListItem","position":1,"name":"Acas\u0103","item":"https:\/\/buletin.de\/bucuresti\/"},{"@type":"ListItem","position":2,"name":"Dou\u0103 noi locuri de joac\u0103 au fost redeschise \u00een Sectorul 5, dup\u0103 lucr\u0103ri de reamenajare"}]},{"@type":"WebSite","@id":"https:\/\/buletin.de\/bucuresti\/#website","url":"https:\/\/buletin.de\/bucuresti\/","name":"Buletin de Bucure\u0219ti","description":"\u0218tiri \u0219i investiga\u021bii esen\u021biale din capital\u0103","publisher":{"@id":"https:\/\/buletin.de\/bucuresti\/#organization"},"potentialAction":[{"@type":"SearchAction","target":{"@type":"EntryPoint","urlTemplate":"https:\/\/buletin.de\/bucuresti\/?s={search_term_string}"},"query-input":{"@type":"PropertyValueSpecification","valueRequired":true,"valueName":"search_term_string"}}],"inLanguage":"en-GB"},{"@type":"Organization","@id":"https:\/\/buletin.de\/bucuresti\/#organization","name":"Buletin de Bucure\u0219ti","url":"https:\/\/buletin.de\/bucuresti\/","logo":{"@type":"ImageObject","inLanguage":"en-GB","@id":"https:\/\/buletin.de\/bucuresti\/#\/schema\/logo\/image\/","url":"https:\/\/buletin.de\/bucuresti\/wp-content\/uploads\/logo-bdb-full-wide-vernil-transparent.png","contentUrl":"https:\/\/buletin.de\/bucuresti\/wp-content\/uploads\/logo-bdb-full-wide-vernil-transparent.png","width":1782,"height":626,"caption":"Buletin de Bucure\u0219ti"},"image":{"@id":"https:\/\/buletin.de\/bucuresti\/#\/schema\/logo\/image\/"},"sameAs":["https:\/\/www.facebook.com\/buletin.de.buc","https:\/\/www.instagram.com\/buletinde.bucuresti\/"]},{"@type":"Person","@id":"https:\/\/buletin.de\/bucuresti\/#\/schema\/person\/7e46040573290777280a0835d81ea4ea","name":"Diana Matei","image":{"@type":"ImageObject","inLanguage":"en-GB","@id":"https:\/\/buletin.de\/bucuresti\/wp-content\/uploads\/9-2-96x96.jpg1e8590b30871d70e62ebcdaf2eff570c","url":"https:\/\/buletin.de\/bucuresti\/wp-content\/uploads\/9-2-96x96.jpg","contentUrl":"https:\/\/buletin.de\/bucuresti\/wp-content\/uploads\/9-2-96x96.jpg","caption":"Diana Matei"},"url":"https:\/\/buletin.de\/bucuresti\/author\/dianamatei\/"}]}},"authors":[{"term_id":22574,"user_id":49,"is_guest":0,"slug":"dianamatei","display_name":"Diana Matei","avatar_url":"https:\/\/buletin.de\/bucuresti\/wp-content\/uploads\/9-2-96x96.jpg","0":null,"1":"","2":"","3":"","4":"","5":"","6":"","7":"","8":""}],"_links":{"self":[{"href":"https:\/\/buletin.de\/bucuresti\/wp-json\/wp\/v2\/posts\/189444","targetHints":{"allow":["GET"]}}],"collection":[{"href":"https:\/\/buletin.de\/bucuresti\/wp-json\/wp\/v2\/posts"}],"about":[{"href":"https:\/\/buletin.de\/bucuresti\/wp-json\/wp\/v2\/types\/post"}],"author":[{"embeddable":true,"href":"https:\/\/buletin.de\/bucuresti\/wp-json\/wp\/v2\/users\/49"}],"replies":[{"embeddable":true,"href":"https:\/\/buletin.de\/bucuresti\/wp-json\/wp\/v2\/comments?post=189444"}],"version-history":[{"count":5,"href":"https:\/\/buletin.de\/bucuresti\/wp-json\/wp\/v2\/posts\/189444\/revisions"}],"predecessor-version":[{"id":189451,"href":"https:\/\/buletin.de\/bucuresti\/wp-json\/wp\/v2\/posts\/189444\/revisions\/189451"}],"wp:featuredmedia":[{"embeddable":true,"href":"https:\/\/buletin.de\/bucuresti\/wp-json\/wp\/v2\/media\/189450"}],"wp:attachment":[{"href":"https:\/\/buletin.de\/bucuresti\/wp-json\/wp\/v2\/media?parent=189444"}],"wp:term":[{"taxonomy":"category","embeddable":true,"href":"https:\/\/buletin.de\/bucuresti\/wp-json\/wp\/v2\/categories?post=189444"},{"taxonomy":"post_tag","embeddable":true,"href":"https:\/\/buletin.de\/bucuresti\/wp-json\/wp\/v2\/tags?post=189444"},{"taxonomy":"author","embeddable":true,"href":"https:\/\/buletin.de\/bucuresti\/wp-json\/wp\/v2\/ppma_author?post=189444"}],"curies":[{"name":"wp","href":"https:\/\/api.w.org\/{rel}","templated":true}]}}