{"id":189387,"date":"2026-05-03T07:58:50","date_gmt":"2026-05-03T04:58:50","guid":{"rendered":"https:\/\/buletin.de\/bucuresti\/?p=189387"},"modified":"2026-05-03T09:51:26","modified_gmt":"2026-05-03T06:51:26","slug":"cafeneaua-bdb-alex-damian-omul-care-a-facut-sute-de-reclamatii-despre-neregulile-intalnite-pe-strazile-bucurestiului","status":"publish","type":"post","link":"https:\/\/buletin.de\/bucuresti\/cafeneaua-bdb-alex-damian-omul-care-a-facut-sute-de-reclamatii-despre-neregulile-intalnite-pe-strazile-bucurestiului\/","title":{"rendered":"Cafeneaua BdB | Alex Damian, omul care a f\u0103cut sute de reclama\u021bii despre neregulile \u00eent\u00e2lnite pe str\u0103zile Bucure\u0219tiului: \u201eEu o s\u0103 continui s\u0103 fac sesiz\u0103ri\u201d"},"content":{"rendered":"\n<p><strong>Aproape c\u0103 nu exist\u0103 deplasare prin Bucure\u0219ti \u00een care Alex Damian s\u0103 nu remarce o neregul\u0103, fie c\u0103 este vorba despre o parcare amenajat\u0103 f\u0103r\u0103 autoriza\u021bie, pe trotuar, sau un panou publicitar montat ilegal. Dar nu se limiteaz\u0103, ca majoritatea dintre noi, s\u0103 observe \u0219i s\u0103 treac\u0103 mai departe. Noteaz\u0103, face fotografii, se documenteaz\u0103, apoi trimite reclama\u021bii, sesiz\u0103ri, peti\u021bii c\u0103tre autorit\u0103\u021bile competente. <\/strong><\/p>\n\n\n\n<p>Alex Damian a f\u0103cut p\u00e2n\u0103 acum sute de reclama\u021bii despre neregulile \u00eent\u00e2lnite pe str\u0103zile Capitalei. C\u0103tre Poli\u021biile Locale ale prim\u0103riilor, c\u0103tre Poli\u021bia Na\u021bional\u0103, c\u0103tre diverse direc\u021bii \u0219i departamente. Foarte multe, poate prea multe, se lovesc de un zid. Dar unele, suficiente c\u00e2t s\u0103-l determine s\u0103 continue, au efecte: a contribuit la eliminarea a zeci de panouri publicitare ilegale sau la eliberarea trotuarelor ocupate abuziv de autoturisme.<\/p>\n\n\n\n<p>Mai mult, Alex Damian pred\u0103 despre implicare civic\u0103 \u00een cadrul atelierelor organizate de Centrul Rom\u00e2n de Politici Europene, unde este director de programe. Crede c\u0103 fiecare cet\u0103\u021bean ar trebui s\u0103 se implice activ \u00een via\u021ba localit\u0103\u021bii unde tr\u0103ie\u0219te, pentru c\u0103 doar a\u0219a autorit\u0103\u021bile vor fi obligate s\u0103 fie mai atente \u0219i mai reactive. Schimbarea vine doar dac\u0103 o \u00eempingem noi de la spate.<\/p>\n\n\n\n<p><strong>Buletin de Bucure\u0219ti <\/strong>a discutat cu Alex Damian despre motivele pentru care a decis s\u0103 se implice civic, despre piedicile puse de autorit\u0103\u021bi, pentru a-i descuraja pe cet\u0103\u021benii activi, despre reu\u0219itele lui \u0219i despre micile schimb\u0103ri care fac ora\u0219ul mai prietenos cu locuitorii s\u0103i.<\/p>\n\n\n\n<hr class=\"wp-block-separator has-alpha-channel-opacity\"\/>\n\n\n\n<p><strong>Buletin de Bucure\u0219ti: Ai calculat vreodat\u0103 c\u00e2te reclama\u021bii ai depus \u00eempotriva diverselor nereguli \u0219i \u00eenc\u0103lc\u0103ri ale legilor pe care le-ai identificat \u00een Capital\u0103, de c\u00e2nd ai \u00eenceput aceast\u0103 activitate civic\u0103?<\/strong><\/p>\n\n\n\n<p><strong>Alex Damian: <\/strong>&nbsp;Nu am calculat niciodat\u0103. \u00cen ultima perioad\u0103 sunt mai organizat \u0219i am ni\u0219te excell-uri cu sesiz\u0103rile depuse. Probabil este vorba de sute de reclama\u021bii, sute de seriz\u0103ri. <\/p>\n\n\n\n<p><strong>Cum ai pornit \u00een demersul acesta? Ce te-a determinat s\u0103 depui reclama\u021bii, c\u0103ci presupune totu\u0219i timp \u0219i efort, pentru a le scrie, pentru a le urm\u0103ri, pentru a te certa cu institu\u021biile, pentru a face reveniri? Ai munca ta, ai via\u021ba ta, de ce ai pierde pu\u021binul timp liber pentru a \u00eencerca s\u0103 schimbi lucruri \u00een ora\u0219?<\/strong><\/p>\n\n\n\n<p>Este o chestiune de implicare civic\u0103. Nu este nimic extraordinar aici. Pur \u0219i simplu sunt mici aspecte pe care autorit\u0103\u021bile locale se fac c\u0103 nu le v\u0103d \u0219i pe care le pot rezolva prin aceste sesiz\u0103ri \u0219i peti\u021bii, de la a elibera un trotuar ocupat de ma\u0219ini p\u00e2n\u0103 la a cur\u0103\u021ba un teren viran de gunoaie.<\/p>\n\n\n\n<p>Din p\u0103cate, autorit\u0103\u021bile uneori se fac c\u0103 nu le v\u0103d \u0219i \u00ee\u0219i permit asta \u0219i pentru c\u0103 nu-i trage nimeni de m\u00e2nec\u0103. A\u0219a c\u0103 cet\u0103\u021benii \u00ee\u0219i asum\u0103 munca asta de a face sesiz\u0103ri \u0219i peti\u021bii, de a mi\u0219ca lucruri pe mici buc\u0103\u021bi, dar care schimb\u0103 comunitatea. Desigur, asta \u00eenseamn\u0103 timp \u0219i b\u0103taie de cap, dar este ceva ce ar trebui s\u0103 facem cu to\u021bii. <\/p>\n\n\n\n<p><strong>Autorit\u0103\u021bile se fac c\u0103 nu le v\u0103d din corup\u021bie sau din incompeten\u021b\u0103?<\/strong><\/p>\n\n\n\n<p>De multe ori, este \u0219i indiferen\u021b\u0103, nu doar corup\u021bie sau incompeten\u021b\u0103. \u0218i \u021bine \u0219i de faptul c\u0103 nu ies din birou, iar c\u00e2nd o fac, au ajuns at\u00e2t de toleran\u021bi cu neregulile, \u00eenc\u00e2t nici nu le mai remarc\u0103, nu mai fac acel click c\u00e2nd v\u0103d un afi\u0219aj ilegal, o ma\u0219in\u0103 pe trotuar sau un trotuar mizerabil. Pur \u0219i simplu nu-i m\u0103 intereseaz\u0103,<\/p>\n\n\n\n<p><strong>Eu m-am \u00eentrebat dac\u0103 nu cumva chiar \u0219i ei comit fapte din astea \u0219i atunci nu li se par cine \u0219tie ce. De exemplu, sunt poli\u021bi\u0219ti locali sau na\u021bionali care sta\u021bioneaz\u0103 pe interzis, intr\u0103 pe contrasens sau blocheaz\u0103 un trotuar \u0219i atunci nu mai au con\u0219tiin\u021ba c\u0103 trebuie s\u0103 aplice legea din moment ce \u0219i ei o \u00eencalc\u0103. <\/strong><\/p>\n\n\n\n<p>Da, se \u00eent\u00e2mpl\u0103 \u0219i asta. Dar mai degrab\u0103 este o chestie de obi\u0219nuin\u021b\u0103 s\u0103 nu v\u0103d\u0103. Totu\u0219i, ar trebui s\u0103 fac\u0103 diferen\u021ba \u00eentre ce fac ei ca persoan\u0103 fizic\u0103 \u0219i ce fac ei ca angaja\u021bi ai statului, care trebuie s\u0103 aplice legea. <\/p>\n\n\n\n<blockquote class=\"wp-block-quote is-layout-flow wp-block-quote-is-layout-flow\">\n<p>De exemplu, eu mai chem Poli\u021bia local\u0103 c\u00e2nd v\u0103d c\u0103 sunt ocupate ilegal locurile de parcare pentru persoanele cu dizabilit\u0103\u021bi. \u0218i constat c\u0103 unii poli\u021bi\u0219ti locali nici nu \u0219tiu ce responsabilit\u0103\u021bi au. Pur \u0219i simplu nu \u0219tiu ce legi trebuie s\u0103 aplice. <\/p>\n<\/blockquote>\n\n\n\n<p>Am cerut anul trecut o statistic\u0103 pe sectoare pe chestiunea asta \u0219i \u00een Sectorul 3 nu era dat\u0103 nici o amend\u0103. Sunt ni\u0219te zone complet ignorate \u0219i nu neap\u0103rat c\u0103 este vorba de corup\u021bie, este vorba despre indiferen\u021b\u0103. Au ni\u0219te responsabilit\u0103\u021bi, dar nu le pas\u0103. <\/p>\n\n\n\n<p><strong>Nu-\u0219i cunosc propriile regulamente \u0219i propriile legi, p\u00e2n\u0103 la urm\u0103?<\/strong><\/p>\n\n\n\n<p>\u015ei asta. Dar cred c\u0103 principalul este nu le pas\u0103, de multe ori. Pur \u0219i simplu nu le pas\u0103.<\/p>\n\n\n\n<div class=\"wp-block-group\"><div class=\"wp-block-group__inner-container is-layout-constrained wp-block-group-is-layout-constrained\">\n<div class=\"wp-block-group has-pale-cyan-blue-background-color has-background\"><div class=\"wp-block-group__inner-container is-layout-constrained wp-block-group-is-layout-constrained\">\n<h2 class=\"wp-block-heading\" id=\"h-cine-este-alex-damian\">Cine este Alex Damian<\/h2>\n\n\n\n<p><strong>Alex Damian este director de programe \u00een cadrul Centrului Rom\u00e2n de Politici Europene <a href=\"https:\/\/www.crpe.ro\/ro\/\" type=\"link\" id=\"https:\/\/www.crpe.ro\/ro\/\" target=\"_blank\" rel=\"noreferrer noopener\">(CRPE<\/a>).<\/strong><\/p>\n\n\n\n<p>Are o experien\u021b\u0103 solid\u0103 \u00een proiecte privind buna guvernare, administra\u021bia public\u0103 \u0219i activismul civic. Sper\u0103 \u00eentr-o mai mare implicare a cet\u0103\u021benilor \u00een via\u021ba ora\u0219elor \u0219i comunit\u0103\u021bilor \u0219i \u00een decizii publice bazate pe priorit\u0103\u021bi \u0219i date bine fundamentate. <\/p>\n\n\n\n<p>Alex Damian este licen\u021biat \u00een \u0218tiin\u021be Politice la Universitatea din Bucure\u0219ti \u0219i a finalizat un program de Masterat \u00een \u0218tiin\u021be Politice \u00een cadrul Universit\u0103\u021bii Libere din Bruxelles. (<a href=\"https:\/\/www.crpe.ro\/ro\/despre-noi\/\" target=\"_blank\" rel=\"noreferrer noopener\">Sursa<\/a>).<\/p>\n<\/div><\/div>\n<\/div><\/div>\n\n\n\n<p><strong>CITE\u0218TE \u0218I: <a href=\"https:\/\/buletin.de\/bucuresti\/cafeneaua-bdb-de-ce-a-fost-posibil-cazul-abatorului-de-caini-de-la-suraia-directoarea-aspa-lantul-se-rupe-la-control\/\" target=\"_blank\" rel=\"noreferrer noopener\">Cafeneaua BdB | De ce a fost posibil cazul \u201eabatorului de c\u00e2ini\u201d de la Suraia. Directoarea ASPA: \u201eLan\u021bul se rupe la control\u201d<\/a><\/strong><\/p>\n\n\n\n<p><strong>Din post\u0103rile tale pe Facebook reiese c\u0103 sunt \u0219ocant de multe panouri publicitare ilegale \u00een Bucure\u0219ti. Pare o epidemie, ca s\u0103 zic a\u0219a, sunt mai degrab\u0103 mai multe panouri ilegale dec\u00e2t legale. Cum este posibil ca cineva s\u0103 pun\u0103 un panou ilegal, unele chiar prinse bine \u00een beton, \u0219i nimeni s\u0103 nu se sesizeze?<\/strong><\/p>\n\n\n\n<p>Asta am \u00eentrebat \u0219i eu, cum de nu le v\u0103d. Aici nu cred c\u0103 mai este o chestie de indiferen\u021b\u0103, ci mai degrab\u0103 de complicitate, pentru c\u0103 nu po\u021bi s\u0103 te duci \u00een centrul ora\u0219ului, la Universitate, de exemplu, care este o zon\u0103 plin\u0103 de panouri ilegale, f\u0103r\u0103 ca cineva s\u0103 te vad\u0103. Acolo sunt zeci de camere de filmat, care acoper\u0103 fiecare metru p\u0103trat.<\/p>\n\n\n\n<p>Eu, de exemplu, c\u00e2nd fac sesizare pentru c\u00e2te un panou ilegal, chiar dac\u0103 printr-o minune \u00eel dau jos, mi se r\u0103spunde c\u0103 nu au putut identifica persoana care l-a montat. Este o glum\u0103 s\u0103-mi spui c\u0103 la Universitate, \u00een fa\u021ba TNB, nu ai cum s\u0103 identifici persoana.<\/p>\n\n\n\n<blockquote class=\"wp-block-quote is-layout-flow wp-block-quote-is-layout-flow\">\n<p>Din constat\u0103rile mele, mai ales \u00een zona protejat\u0103 din centrul Bucure\u0219tiului, majoritatea panourilor \u0219i meshurilor publicitare sunt ilegale. Dar sunt tolerate, din p\u0103cate.<\/p>\n<\/blockquote>\n\n\n\n<p><strong>Sunt puse de firmele care fac asta ca obiect principal de activitate sau de diverse persoane, ocazional? Adic\u0103, sunt firme care au \u0219i panouri publicitare legale \u0219i ilegale sau sunt unii care lucreaz\u0103 doar ilegal?<\/strong><\/p>\n\n\n\n<p>\u0218i, \u0219i, De\u0219i, dac\u0103 \u00eentrebi la Poli\u021bia Local\u0103, foarte rar prime\u0219ti r\u0103spuns cine a pus acel panou ilegal. \u00cen cazul celor autorizate, exist\u0103 elemente de identificare puse la vedere: num\u0103rul autoriza\u021biei, operatorul, etc. Cele ilegale, evident, nu au.<\/p>\n\n\n\n<p>\u0218i atunci, nici Poli\u021bia Local\u0103 nu spune, \u00een r\u0103spunsurile la sesiz\u0103ri, cine le-a monta. Se feresc s\u0103 ne dea aceste detalii \u0219i eu b\u0103nuiesc c\u0103 aici este vorba despre complicitate.<\/p>\n\n\n\n<figure class=\"wp-block-image size-large\"><img fetchpriority=\"high\" decoding=\"async\" width=\"1000\" height=\"885\" src=\"data:image\/gif;base64,R0lGODlhAQABAAAAACH5BAEKAAEALAAAAAABAAEAAAICTAEAOw==\" data-src=\"https:\/\/buletin.de\/bucuresti\/wp-content\/uploads\/2026\/05\/reclamatiialexdamian1-1000x885.png\" alt=\"Alex Damian\" class=\"wp-image-190894 lazyload\" data-sizes=\"auto\" data-srcset=\"https:\/\/buletin.de\/bucuresti\/wp-content\/uploads\/2026\/05\/reclamatiialexdamian1-1000x885.png 1000w, https:\/\/buletin.de\/bucuresti\/wp-content\/uploads\/2026\/05\/reclamatiialexdamian1-300x266.png 300w, https:\/\/buletin.de\/bucuresti\/wp-content\/uploads\/2026\/05\/reclamatiialexdamian1-768x680.png 768w, https:\/\/buletin.de\/bucuresti\/wp-content\/uploads\/2026\/05\/reclamatiialexdamian1-1100x974.png 1100w, https:\/\/buletin.de\/bucuresti\/wp-content\/uploads\/2026\/05\/reclamatiialexdamian1-600x531.png 600w, https:\/\/buletin.de\/bucuresti\/wp-content\/uploads\/2026\/05\/reclamatiialexdamian1-20x18.png 20w, https:\/\/buletin.de\/bucuresti\/wp-content\/uploads\/2026\/05\/reclamatiialexdamian1.png 1220w\" sizes=\"(max-width: 1000px) 100vw, 1000px\" \/><figcaption class=\"wp-element-caption\">Alex Damian a f\u0103cut zeci de reclama\u021bii \u00eempotriva panourilor publicitare amplasate ilegal<\/figcaption><\/figure>\n\n\n\n<p><strong>C\u00e2te panouri ai reu\u0219it s\u0103 dai jos p\u00e2n\u0103 acum?<\/strong><\/p>\n\n\n\n<p>Nu sunt a\u0219a multe, s\u0103 \u0219tii. Meshuri \u0219i din astea micu\u021be, c\u00e2teva zeci. Dar nu le-am dat doar eu, ci \u0219i foarte mul\u021bi al\u021bii care au f\u0103cut sesiz\u0103ri. Adic\u0103 nu este ceva ce fac doar eu. Sunt multe persoane \u00een ora\u0219 care sesizeaz\u0103.<\/p>\n\n\n\n<p>Chiar am \u00eentrebat \u0219i eu la Poli\u021bia Local\u0103 c\u00e2te sesiz\u0103ri primesc pe un panou \u0219i este vorba de zeci. Iar c\u00e2nd sunt pe Magheru sau \u00een zona central\u0103, sunt chiar sute. <\/p>\n\n\n\n<p>Sunt mul\u021bi bucure\u0219teni care se implic\u0103. Am v\u0103zut pe grupurile civice pe care stau c\u0103 foarte mult\u0103 lume face sesiz\u0103ri pe neregulile din ora\u0219, nu este ceva ie\u0219it din comun. Sau, m\u0103 rog, foarte mult\u0103 lume din bula \u00een care m\u0103 aflu. <\/p>\n\n\n\n<p><strong>Buletin de Bucure\u0219ti a scris recent un articol despre faptul c\u0103 au \u00eenceput s\u0103 apar\u0103 tot mai multe grupuri civice \u00een Capital\u0103, unele informale, cele mai multe informale, de fapt, f\u0103r\u0103 statut juridic, altele organizate cu acte. Sim\u021bi \u0219i tu c\u0103 a crescut gradul de implicare civic\u0103 prin astfel de grupuri \u00een care ni\u0219te cet\u0103\u021beni care v\u0103d o problem\u0103 se coalizeaz\u0103 pentru rezolvarea ei?<\/strong><\/p>\n\n\n\n<p><strong>CITE\u0218TE \u0218I: <a href=\"https:\/\/buletin.de\/bucuresti\/de-ce-ai-nevoie-ca-sa-pornesti-un-grup-civic-lectii-de-civism-din-cinci-cartiere-ale-capitalei\/\" target=\"_blank\" rel=\"noreferrer noopener\">De ce ai nevoie ca s\u0103 porne\u0219ti un grup civic: lec\u021bii de civism din cinci cartiere ale Capitalei<\/a><\/strong><\/p>\n\n\n\n<p>Mie mi se pare c\u0103 este o diferen\u021b\u0103 ca de la p\u0103m\u00e2nt la cer fa\u021b\u0103 de acum 10 ani. Au crescut foarte mult \u0219i au crescut mai ales pe teme micu\u021be, la nivel de cartier sau de sector, iar mie \u00eemi place foarte mult chestia asta. Inclusiv \u00een sectoarele unde ai zice c\u0103 este mai dificil, precum 3 \u0219i 4. \u0218i au \u00eenceput s\u0103 \u0219i mi\u0219te lucrurile.<\/p>\n\n\n\n<p>De obicei, majoritatea ac\u021bioneaz\u0103 pentru eliberarea trotuarelor, foarte multe ac\u021bioneaz\u0103 pe spa\u021bii verzi \u0219i pe zona de protec\u021bia mediului. De exemplu, \u00een Sectorul 3, au ap\u0103rut pentru a ap\u0103ra zona defri\u0219at\u0103 din Parcul IOR. <\/p>\n\n\n\n<p>Sunt grupuri mari care au ca scop eliberarea trotuarelor, ceea ce acum 10 ani era de neimaginat, pu\u021bini erau preocupa\u021bi. \u0218i acum sunt zeci de sesiz\u0103ri, pagini de Instagram, pagini \u0219i grupuri de Facebook, care fac asta.<\/p>\n\n\n\n<blockquote class=\"wp-block-quote is-layout-flow wp-block-quote-is-layout-flow\">\n<p>Totu\u0219i, \u00een continuare este o bul\u0103 mic\u0103. Par c\u0103 sunt multe, dar \u00een realitate sunt pu\u021bine raportate la popula\u021bia Bucure\u0219tiului. Ideea este cum extinzi chestia asta de implicare civic\u0103 la c\u00e2\u021bi mai mul\u021bi oameni.<\/p>\n<\/blockquote>\n\n\n\n<p>Pentru c\u0103 nu toat\u0103 lumea o face, iar foarte multe persoane nici nu \u0219tieucum. Noi organiz\u0103m ateliere de implicare civic\u0103 \u0219i am constatat c\u0103 exist\u0103 un num\u0103r totu\u0219i limitat de oameni care s\u0103 fie interesa\u021bi s\u0103 se implice \u0219i care s\u0103 \u0219tie \u0219i ce instrumente trebuie s\u0103 foloseasc\u0103 ca s\u0103 reu\u0219easc\u0103 m\u0103car minimal s\u0103 fac\u0103 ceva.<\/p>\n\n\n\n<p><strong>Pe de alt\u0103 parte, sunt \u0219i multe obstacole puse chiar de c\u0103tre institu\u021biile publice. Chiar \u0219i tu, care ai f\u0103cut sute de sesiz\u0103ri, te pl\u00e2ngi constant c\u0103 Poli\u021bia local\u0103 nu reac\u021bioneaz\u0103, c\u0103 Prim\u0103riile te ignor\u0103. C\u0103 autorit\u0103\u021bile locale t\u0103r\u0103g\u0103neaz\u0103. Poate c\u0103 unii oameni s-ar implica mai mult dac\u0103 ar avea sentimentul c\u0103 o fac cu folos sau c\u0103 sunt b\u0103ga\u021bi \u00een seam\u0103. Institu\u021biile, prin felul lor de a reac\u021biona, demotiveaz\u0103 pe cet\u0103\u021beni s\u0103 fie mai civici.<\/strong><\/p>\n\n\n\n<p>Sunt dou\u0103 teme mari aici. Autorit\u0103\u021bile noastre, na\u021bionale sau locale, nu investesc absolut nimic \u00een zona de implicare civic\u0103, de la modul \u00een care rela\u021bioneaz\u0103 cu cet\u0103\u021beanul p\u00e2n\u0103 la a oferi mici finan\u021b\u0103ri sau orice alt\u0103 variant\u0103 de suport pentru proiecte g\u00e2ndite de cet\u0103\u021beni. <\/p>\n\n\n\n<p>Deci, partea de educare civic\u0103 a cet\u0103\u021beanului, care ar trebui s\u0103 fie o responsabilitate a Prim\u0103riei, ca prim nivel de interac\u021biune, nu exist\u0103 aproape deloc \u0219i nici nu este ceva ce urmeaz\u0103 s\u0103 fac\u0103.<\/p>\n\n\n\n<p>A doua tem\u0103 este legat\u0103 de sentimentul de putere pe care func\u021bionarul public \u00eel are asupra ta. Tu, dac\u0103 te love\u0219ti de cinci ori de un zid, c\u00e2nd nu \u021bi se r\u0103spunde la o peti\u021bie, sau dac\u0103 faci o cerere pe Legea 544 privind accesul la informa\u021bii de interes public \u0219i prime\u0219ti \u00eenapoi c\u0103 cererea este neconform\u0103, te demotivezi.<\/p>\n\n\n\n<blockquote class=\"wp-block-quote is-layout-flow wp-block-quote-is-layout-flow\">\n<p>Te demotiveaz\u0103 s\u0103 intri \u00eentr-un lan\u021b birocratic din care \u021bi se pare c\u0103 nu mai ie\u0219i. \u0218i adev\u0103rul este c\u0103 dureaz\u0103 foarte mult s\u0103 se \u00eent\u00e2mple ceva. <\/p>\n<\/blockquote>\n\n\n\n<p>Am avut afi\u0219aje ilegale la care am f\u0103cut 10-15 reveniri, ba au mai scris \u0219i jurnali\u0219tii despre acestea. Se \u00eent\u00e2mpl\u0103 foarte greu schimbarea \u0219i asta clar demotiveaz\u0103. Pentru c\u0103 este consumator de timp s\u0103 stai s\u0103 urm\u0103re\u0219ti peti\u021biile, s\u0103 urm\u0103re\u0219ti sesiz\u0103rile, s\u0103 faci reveniri dup\u0103 30 de zile, c\u0103 \u00een cele mai multe cazuri nici nu r\u0103spund.<\/p>\n\n\n\n<p>Dar nu este alt\u0103 solu\u021bie. \u0218tiu foarte pu\u021bine autorit\u0103\u021bi locale care investesc \u00een zona de educa\u021bie civic\u0103 \u0219i implicare civic\u0103, care investesc \u00een rela\u021bia cu cet\u0103\u021beanul \u0219i care arat\u0103 c\u0103 cet\u0103\u021beanul chiar conteaz\u0103, nu fac ni\u0219te dezbateri \u00een glum\u0103. <\/p>\n\n\n\n<figure class=\"wp-block-image size-large\"><img decoding=\"async\" width=\"1000\" height=\"973\" src=\"data:image\/gif;base64,R0lGODlhAQABAAAAACH5BAEKAAEALAAAAAABAAEAAAICTAEAOw==\" data-src=\"https:\/\/buletin.de\/bucuresti\/wp-content\/uploads\/2026\/05\/reclamatiialexdamian2-1000x973.png\" alt=\"Alex Damian\" class=\"wp-image-190898 lazyload\" data-sizes=\"auto\" data-srcset=\"https:\/\/buletin.de\/bucuresti\/wp-content\/uploads\/2026\/05\/reclamatiialexdamian2-1000x973.png 1000w, https:\/\/buletin.de\/bucuresti\/wp-content\/uploads\/2026\/05\/reclamatiialexdamian2-300x292.png 300w, https:\/\/buletin.de\/bucuresti\/wp-content\/uploads\/2026\/05\/reclamatiialexdamian2-768x747.png 768w, https:\/\/buletin.de\/bucuresti\/wp-content\/uploads\/2026\/05\/reclamatiialexdamian2-24x24.png 24w, https:\/\/buletin.de\/bucuresti\/wp-content\/uploads\/2026\/05\/reclamatiialexdamian2-48x48.png 48w, https:\/\/buletin.de\/bucuresti\/wp-content\/uploads\/2026\/05\/reclamatiialexdamian2-1100x1070.png 1100w, https:\/\/buletin.de\/bucuresti\/wp-content\/uploads\/2026\/05\/reclamatiialexdamian2-600x584.png 600w, https:\/\/buletin.de\/bucuresti\/wp-content\/uploads\/2026\/05\/reclamatiialexdamian2-20x19.png 20w, https:\/\/buletin.de\/bucuresti\/wp-content\/uploads\/2026\/05\/reclamatiialexdamian2.png 1180w\" sizes=\"(max-width: 1000px) 100vw, 1000px\" \/><figcaption class=\"wp-element-caption\">De multe ori, autorit\u0103\u021bile nu r\u0103spund la sesiz\u0103rile f\u0103cute de Alex Damian. Sau \u00eel trimit \u00een alt\u0103 parte<\/figcaption><\/figure>\n\n\n\n<p><strong>Evident, nu au nici un interes, \u00een principiu&#8230;<\/strong><\/p>\n\n\n\n<p>Nu au, clar. Pentru c\u0103 foarte mul\u021bi func\u021bionari nu au chef s\u0103-\u0219i mai bat\u0103 capul cu ideile venite de la cet\u0103\u021beni, cu sesiz\u0103rile \u0219i solu\u021biile lor, le percep ca pe o corvoad\u0103, ca pe o munc\u0103 administrativ\u0103 \u00een plus.<\/p>\n\n\n\n<p>Aici ar trebui s\u0103 se schimbe comportamentul administra\u021biei, care trebuie s\u0103 \u00een\u021beleag\u0103 c\u0103 cet\u0103\u021beanul este un partener chiari \u0219i atunci c\u00e2nd critic\u0103 \u0219i nu ar trebui s\u0103 se \u00eenchid\u0103 \u0219i s\u0103 cread\u0103 c\u0103 \u00een interiorul administra\u021biei se \u00eent\u00e2mpl\u0103 totul, c\u0103 nu este nevoie s\u0103 ias\u0103 din birouri \u0219i c\u0103 nu trebuie s\u0103 interac\u021bioneze cu oamenii.<\/p>\n\n\n\n<p>Pentru c\u0103 a\u0219a am ajuns la un ora\u0219 \u00een care avem zeci de mii de panouri montate ilegal. Inclusiv \u00een zona protejat\u0103, pe cl\u0103diri monument istoric, unde nu ar trebui s\u0103 fie dec\u00e2t \u00een mod excep\u021bional. Reprezentan\u021bii autorit\u0103\u021bilor nu le-au v\u0103zut? Le-au v\u0103zut. <\/p>\n\n\n\n<p><strong>\u00cen publicitatea stradal\u0103 sunt c\u00e2teva firme mari \u0219i puternice. Probabil c\u0103 intervine mentalitatea aceea \u00een care mai bine s\u0103 nu faci nimic, pentru c\u0103 nu \u0219tii pe cine superi, poate este cineva care cunoa\u0219te pe cineva care \u0219tie pe altcineva care \u0219tie pe primar sau pe directorul Poli\u021biei locale.<\/strong><\/p>\n\n\n\n<p>Este evident \u0219i o complicitate aici, pentru c\u0103 altfel nu am fi ajuns \u00een situa\u021bia asta, A\u0219a cum este o complicitate \u0219i \u00een sensul \u00een care avem o parcare pe Calea Victoriei f\u0103cut\u0103 pe trotuar, \u00een fa\u021ba unei institu\u021bii. Pietonul nu are pe unde s\u0103 mearg\u0103, pe cel mai cunoscut bulevard al ora\u0219ului, dec\u00e2t printr-o parcare f\u0103cut\u0103 pe trotuar.<\/p>\n\n\n\n<p>Am f\u0103cut sesizare \u0219i Poli\u021bia Local\u0103 mi-a spus c\u0103 totul este ok. \u00cen schimb, Brigada Rutier\u0103 mi-a spus c\u0103 nici vorb\u0103 s\u0103 fie ok \u0219i trebuie desfiin\u021bat\u0103 parcarea. Brigada Rutier\u0103 a revenit c\u0103tre Poli\u021bia Local\u0103, dar p\u00e2n\u0103 acum nu s-a \u00eent\u00e2mplat mare lucru. <\/p>\n\n\n\n<p>Eu o s\u0103 continui s\u0103 fac sesiz\u0103ri.<\/p>\n\n\n\n<p>De exemplu, \u00een Sectorul 3, o chestie de siguran\u021b\u0103 pe care eu o reclam des \u0219i care m\u0103 deranjeaz\u0103 enorm este cea \u00een care autoturismele sunt efectiv cu roata pe trecerea de pietoni, pentru c\u0103 Prim\u0103ria a f\u0103cut locurile de parcare p\u00e2n\u0103 \u00een trecerea de pietoni.<\/p>\n\n\n\n<p>Sesizez \u0219i sesizez din nou \u0219i intru \u00eentr-un cerc din \u0103sta vicios \u00een care crezi c\u0103 nu se schimb\u0103 nimic. Brigada Rutier\u0103 spune c\u0103 nu sunt avizate, trimite la prim\u0103ria de sector, dar prim\u0103ria de sector nu reac\u021bioneaz\u0103. Foarte rar Prim\u0103ria Sectorului 3 \u00ee\u0219i asum\u0103 t\u00e2mpeniile astea \u0219i anuleaz\u0103 c\u00e2teva locuri de parcare. <\/p>\n\n\n\n<p>PMB-ul \u0219i le mai asum\u0103. Dar la Sectorul 3 este groaznic. <\/p>\n\n\n\n<p><strong>\u00cen Sectorul 3 exist\u0103 \u0219i acea poveste cu trecerile de pietoni supra\u00een\u0103l\u021bate al c\u0103rui num\u0103r Robert Negoi\u021b\u0103 \u00eel tot schimb\u0103. Au fost 29 de hot\u0103r\u00e2ri de Consiliu Local anul trecut pentru realizarea de treceri de pietoni supra\u00een\u0103l\u021bate, dup\u0103 aia le-a anulat pe toate \u00een ianuarie anul acesta \u0219i a f\u0103cut o hot\u0103r\u00e2re prin care a mic\u0219orat num\u0103rul \u0219i a crescut suma necesar\u0103 pentru implementare, dup\u0103 care a schimbat din nou \u00een aprilie. Este un talme\u0219-balme\u0219.<\/strong><\/p>\n\n\n\n<p><strong>CITE\u0218TE \u0218I: <a href=\"https:\/\/buletin.de\/bucuresti\/primaria-sectorului-3-taie-1-000-de-treceri-de-pietoni-din-proiectul-de-suprainaltare-dar-costurile-cresc-la-85-de-milioane-de-euro\/\" target=\"_blank\" rel=\"noreferrer noopener\">Prim\u0103ria Sectorului 3 renun\u021b\u0103 la 1.000 de treceri de pietoni din proiectul de supra\u00een\u0103l\u021bare, dar costurile cresc la 85 de milioane de euro<\/a><\/strong><\/p>\n\n\n\n<p>Acolo este un sistem de drenaj financiar cu companiile locale. Din perspectiva mea, atunci c\u00e2nd Brigada Rutier\u0103 trece pe l\u00e2ng\u0103 locurile de parcare amenajate l\u00e2ng\u0103 trecerile de pietoni ar trebui s\u0103 se sesizeze \u0219i s\u0103 reac\u021bioneze.<\/p>\n\n\n\n<p>\u00cen Bucure\u0219ti, sunt foarte multe accidente \u00een care sunt implica\u021bi pietoni. Pentru c\u0103 pur \u0219i simplu nu vezi. <\/p>\n\n\n\n<p><strong>Tu ai fost un critic deschis al administra\u021biei Nicu\u0219or Dan, consideri c\u0103 nu a f\u0103cut at\u00e2t de multe lucruri c\u00e2t i se atribuie. Sim\u021bi c\u0103 s-a schimbat ceva de c\u00e2nd a devenit Ciprian Ciucu primar general \u00een privin\u021ba sesiz\u0103rilor depuse \u0219i a reac\u021biilor la mesajele care vin de societatea civil\u0103?<\/strong><\/p>\n\n\n\n<p>Cred c\u0103 administra\u021bia Ciucu a dat dou\u0103 mesaje bune pe care vechea administra\u021bie nu le-a dat. Unul pe subiectul parc\u0103rilor \u0219i pe zona pietonal\u0103, pentru c\u0103 a \u00eenceput s\u0103 elibereze o parte din trotuare \u0219i s\u0103 g\u00e2ndeasc\u0103 o zon\u0103 pietonal\u0103 \u00een Pia\u021ba Lahovari, unde tot amendeaz\u0103 \u0219i tot d\u0103 ma\u0219ini afar\u0103, sau \u00een Pia\u021ba Iosif Sava. Eu 15 ani nu am v\u0103zut Pia\u021ba Iosif Sava, de l\u00e2ng\u0103 Conservator, liber\u0103 de ma\u0219ini.<\/p>\n\n\n\n<p>\u0218i asta s-a f\u0103cut doar cu Poli\u021bia local\u0103 care a venit zilnic \u0219i a amendat, pentru c\u0103 altfel nu se poate.<\/p>\n\n\n\n<figure class=\"wp-block-image size-large\"><img decoding=\"async\" width=\"1000\" height=\"961\" src=\"data:image\/gif;base64,R0lGODlhAQABAAAAACH5BAEKAAEALAAAAAABAAEAAAICTAEAOw==\" data-src=\"https:\/\/buletin.de\/bucuresti\/wp-content\/uploads\/2026\/05\/reclamatiialexdamian-1000x961.png\" alt=\"\" class=\"wp-image-190907 lazyload\" data-sizes=\"auto\" data-srcset=\"https:\/\/buletin.de\/bucuresti\/wp-content\/uploads\/2026\/05\/reclamatiialexdamian-1000x961.png 1000w, https:\/\/buletin.de\/bucuresti\/wp-content\/uploads\/2026\/05\/reclamatiialexdamian-300x288.png 300w, https:\/\/buletin.de\/bucuresti\/wp-content\/uploads\/2026\/05\/reclamatiialexdamian-768x738.png 768w, https:\/\/buletin.de\/bucuresti\/wp-content\/uploads\/2026\/05\/reclamatiialexdamian-24x24.png 24w, https:\/\/buletin.de\/bucuresti\/wp-content\/uploads\/2026\/05\/reclamatiialexdamian-1100x1057.png 1100w, https:\/\/buletin.de\/bucuresti\/wp-content\/uploads\/2026\/05\/reclamatiialexdamian-600x577.png 600w, https:\/\/buletin.de\/bucuresti\/wp-content\/uploads\/2026\/05\/reclamatiialexdamian-20x19.png 20w, https:\/\/buletin.de\/bucuresti\/wp-content\/uploads\/2026\/05\/reclamatiialexdamian.png 1186w\" sizes=\"(max-width: 1000px) 100vw, 1000px\" \/><figcaption class=\"wp-element-caption\">Pia\u021ba Iosf Sava se ocup\u0103 permanent de autoturisme. Foto: Alex Damian<\/figcaption><\/figure>\n\n\n\n<p>\u0218i am v\u0103zut c\u00e2teva trotuare eliberate, de exemplu pe Bati\u0219tei. Eu nu mai v\u0103zusem Bati\u0219tei f\u0103r\u0103 ma\u0219ini pe trotuar.<\/p>\n\n\n\n<p>Sunt c\u00e2teva lucruri care s-au mi\u0219cat \u0219i \u00een zona de afi\u0219aje ilegale, c\u0103ci au mai fost unele date jos. O chestie care este pozitiv\u0103, mai ales pentru oamenii care se implic\u0103, pentru c\u0103 nu merge tot ideal nici \u00een actuala administra\u021bie, este c\u0103 a dat mesaje de sus\u021binere a oamenilor care fac sesiz\u0103ri. <\/p>\n\n\n\n<p>Au fost 5-10 mesaje pe pagina de Facebook a Prim\u0103riei Capitale despre afi\u0219aje ilegale date jos, post\u0103ri cu trotuare eliberate, alte post\u0103ri cu mesaje \u00een care li se cereau cet\u0103\u021benilor s\u0103 nu mai parcheze l\u00e2ng\u0103 trecerile de pietoni. Chestiuni care ajut\u0103 \u0219i care s-au v\u0103zut foarte rar \u00een vremea lui Nicu\u0219or Dan.<\/p>\n\n\n\n<p><strong>Dar de unde crezi c\u0103 venea dezinteresul lui Nicu\u0219or Dan, care a devenit primar venind din zona civic\u0103, a societ\u0103\u021bii civile, pentru reclama\u021biile venite de la cet\u0103\u021beni?<\/strong><\/p>\n\n\n\n<p>Din comunicarea public\u0103 pe care a avut-o, s-a concentrat pe una-dou\u0103 teme mari \u0219i a ignorat restul temelor, a ignorat cum arat\u0103 ora\u0219ul, ceea ce mi se pare foarte grav. Din punctul meu de vedere, fiecare prim\u0103rie ar trebui s\u0103 aib\u0103 Departamentul Pietoni. <\/p>\n\n\n\n<p>Din perspectiva pietonului, \u00een ora\u0219ul \u0103sta foarte pu\u021bine lucruri bune s-au \u00eent\u00e2mplat, din p\u0103cate. Modul \u00een care te plimbi prin ora\u0219, c\u00e2t de liber este trotuarul, c\u00e2t de jos este pus\u0103 bordur\u0103, astfel \u00eenc\u00e2t pietonii care, de exemplu, au probleme cu dizabilit\u0103\u021bi s\u0103 se poat\u0103 deplasa u\u0219or, s\u0103 nu dai cu capul \u00eentr-un afi\u0219aj, s\u0103 nu fie mizerie peste tot, s\u0103 nu faci parcuri peste ma\u0219ini, este extrem de relevant.<\/p>\n\n\n\n<p>Mai nou, Poli\u021bia local\u0103 a fost scoas\u0103 pe teren \u0219i este mult mai prezent\u0103. Cel pu\u021bin pe zona de administrare a PMB, eu am v\u0103zut foarte rar poli\u021bi\u0219tii locali pe str\u0103zi \u00een anii anterior. Acum \u00eei vezi, au acele mici ac\u021biuni, acele mici ini\u021biative care dau sentimentul c\u0103 totu\u0219i ora\u0219ul \u0103sta este un pic mai bine administrat.<\/p>\n\n\n\n<p><strong>CITE\u0218TE \u0218I: <a href=\"https:\/\/buletin.de\/bucuresti\/cafeneaua-bdb-cat-de-eficienta-ar-putea-fi-interzicerea-pacanelelor-criminolog-interdictiile-totale-la-jocuri-de-noroc-nu-functioneaza\/\" target=\"_blank\" rel=\"noreferrer noopener\">Cafeneaua BdB | C\u00e2t de eficient\u0103 ar putea fi interzicerea p\u0103c\u0103nelelor. Criminolog: \u201eInterdic\u021biile totale la jocuri de noroc nu func\u021bioneaz\u0103\u201d<\/a><\/strong><\/p>\n\n\n\n<p><strong>Ai obosit s\u0103 faci sesiz\u0103ri de at\u00e2\u021bia ani? Renun\u021bi sau continui s\u0103 reclami neregulile din ora\u0219, chiar dac\u0103 de multe ori e\u0219ti ignorat sau dus cu vorba?<\/strong><\/p>\n\n\n\n<p>Pentru mine este o chestie pe care o \u0219i predau, pentru c\u0103 fac ateliere de implicare civic\u0103. Iar aceast\u0103 implicare civic\u0103 ar trebui s\u0103 fie ceva banal, ceva instictual. Nu pot s\u0103 m\u0103 demoralizez, mai ales c\u0103 \u0219tiu cu cine am de luptat \u0219i \u0219tiu c\u0103 nu se \u00eent\u00e2mpl\u0103 schimb\u0103ri peste noapte.<\/p>\n\n\n\n<p>Dar fiecare mic\u0103 victorie m\u0103 mobilizeaz\u0103. De exemplu, \u00een zona Parcului IOR, alergam la un moment dat \u0219i am v\u0103zut c\u0103 puneau st\u00e2lpi\u0219ori de protec\u021bie \u00een urma sesiz\u0103rilor mele. Mi s-a p\u0103rut o chestie foarte tare. <\/p>\n\n\n\n<blockquote class=\"wp-block-quote is-layout-flow wp-block-quote-is-layout-flow\">\n<p id=\"h-macar-pentru-ca-am-reu\u0219it-pe-bucata-aia-oricat-de-mica-am-ajutat-pe-cineva-sa-fie-in-siguran\u021ba\">M\u0103car pentru c\u0103 am reu\u0219it pe bucata aia oric\u00e2t de mic\u0103, am ajutat pe cineva s\u0103 fie \u00een siguran\u021b\u0103.<\/p>\n<\/blockquote>\n\n\n\n<p>De fapt, sunt ni\u0219te victorii foarte mari, pentru c\u0103 raportul de for\u021be este foarte debalansat, lup\u021bi cu ni\u0219te mamu\u021bi, precum Prim\u0103ria Capitalei sau prim\u0103riile de sector. Diferen\u021ba de putere \u00eentre cet\u0103\u021beanul obi\u0219nuit \u0219i aceste institu\u021bii este foarte mare. Dar po\u021bi s\u0103 mi\u0219ti lucrurile \u0219i asta este cel mai important.<\/p>\n\n\n\n<p><strong>Ai avut probleme, ai primit amenin\u021b\u0103ri pentru reclama\u021biile pe care le-ai f\u0103cut? M\u0103 g\u00e2ndesc c\u0103 pe zona de afi\u0219aj ilegal sigur ai deranjat interese mari. <\/strong><\/p>\n\n\n\n<p>Nu, nu, nu am avut probleme, nu am primit niciodat\u0103 amenin\u021b\u0103ri!<\/p>\n","protected":false},"excerpt":{"rendered":"<p>Aproape c\u0103 nu exist\u0103 deplasare prin Bucure\u0219ti \u00een care Alex Damian s\u0103 nu remarce o neregul\u0103, fie c\u0103 este vorba despre o parcare amenajat\u0103 f\u0103r\u0103 autoriza\u021bie, pe trotuar, sau un panou publicitar montat ilegal. Dar nu se limiteaz\u0103, ca majoritatea dintre noi, s\u0103 observe \u0219i s\u0103 treac\u0103 mai departe. Noteaz\u0103, face fotografii, se documenteaz\u0103, apoi [&hellip;]<\/p>\n","protected":false},"author":60,"featured_media":190871,"comment_status":"closed","ping_status":"open","sticky":false,"template":"","format":"standard","meta":{"_acf_changed":false,"inline_featured_image":false,"ngg_post_thumbnail":0,"footnotes":""},"categories":[6994,20208,3419,3238],"tags":[20133],"ppma_author":[22582],"class_list":["post-189387","post","type-post","status-publish","format-standard","has-post-thumbnail","hentry","category-stiri-2","category-cafeneaua-bdb","category-featured","category-interviu","tag-cafeneaua-bdb"],"acf":[],"yoast_head":"<!-- This site is optimized with the Yoast SEO Premium plugin v25.3 (Yoast SEO v27.5) - https:\/\/yoast.com\/product\/yoast-seo-premium-wordpress\/ -->\n<title>Cafeneaua BdB | Alex Damian, omul care a f\u0103cut sute de reclama\u021bii despre neregulile \u00eent\u00e2lnite pe str\u0103zile Bucure\u0219tiului: \u201eEu o s\u0103 continui s\u0103 fac sesiz\u0103ri\u201d - Buletin de Bucure\u0219ti<\/title>\n<meta name=\"description\" content=\"Alex Damian a f\u0103cut p\u00e2n\u0103 acum sute de reclama\u021bii despre neregulile \u00eent\u00e2lnite pe str\u0103zile Capitalei. \u0218i a schimbat ora\u0219ul.\" \/>\n<meta name=\"robots\" content=\"index, follow, max-snippet:-1, max-image-preview:large, max-video-preview:-1\" \/>\n<link rel=\"canonical\" href=\"https:\/\/buletin.de\/bucuresti\/cafeneaua-bdb-alex-damian-omul-care-a-facut-sute-de-reclamatii-despre-neregulile-intalnite-pe-strazile-bucurestiului\/\" \/>\n<meta property=\"og:locale\" content=\"en_GB\" \/>\n<meta property=\"og:type\" content=\"article\" \/>\n<meta property=\"og:title\" content=\"Cafeneaua BdB | Alex Damian, omul care a f\u0103cut sute de reclama\u021bii despre neregulile \u00eent\u00e2lnite pe str\u0103zile Bucure\u0219tiului: \u201eEu o s\u0103 continui s\u0103 fac sesiz\u0103ri\u201d\" \/>\n<meta property=\"og:description\" content=\"Alex Damian a f\u0103cut p\u00e2n\u0103 acum sute de reclama\u021bii despre neregulile \u00eent\u00e2lnite pe str\u0103zile Capitalei. \u0218i a schimbat ora\u0219ul.\" \/>\n<meta property=\"og:url\" content=\"https:\/\/buletin.de\/bucuresti\/cafeneaua-bdb-alex-damian-omul-care-a-facut-sute-de-reclamatii-despre-neregulile-intalnite-pe-strazile-bucurestiului\/\" \/>\n<meta property=\"og:site_name\" content=\"Buletin de Bucure\u0219ti\" \/>\n<meta property=\"article:publisher\" content=\"https:\/\/www.facebook.com\/buletin.de.buc\" \/>\n<meta property=\"article:published_time\" content=\"2026-05-03T04:58:50+00:00\" \/>\n<meta property=\"article:modified_time\" content=\"2026-05-03T06:51:26+00:00\" \/>\n<meta property=\"og:image\" content=\"https:\/\/buletin.de\/bucuresti\/wp-content\/uploads\/2026\/05\/Alex-Damian-e1777784312698.jpeg\" \/>\n\t<meta property=\"og:image:width\" content=\"1200\" \/>\n\t<meta property=\"og:image:height\" content=\"1027\" \/>\n\t<meta property=\"og:image:type\" content=\"image\/jpeg\" \/>\n<meta name=\"author\" content=\"R\u0103zvan Chiru\u021b\u0103\" \/>\n<meta name=\"twitter:card\" content=\"summary_large_image\" \/>\n<meta name=\"twitter:label1\" content=\"Written by\" \/>\n\t<meta name=\"twitter:data1\" content=\"R\u0103zvan Chiru\u021b\u0103\" \/>\n\t<meta name=\"twitter:label2\" content=\"Estimated reading time\" \/>\n\t<meta name=\"twitter:data2\" content=\"15 minutes\" \/>\n<script type=\"application\/ld+json\" class=\"yoast-schema-graph\">{\"@context\":\"https:\\\/\\\/schema.org\",\"@graph\":[{\"@type\":\"Article\",\"@id\":\"https:\\\/\\\/buletin.de\\\/bucuresti\\\/cafeneaua-bdb-alex-damian-omul-care-a-facut-sute-de-reclamatii-despre-neregulile-intalnite-pe-strazile-bucurestiului\\\/#article\",\"isPartOf\":{\"@id\":\"https:\\\/\\\/buletin.de\\\/bucuresti\\\/cafeneaua-bdb-alex-damian-omul-care-a-facut-sute-de-reclamatii-despre-neregulile-intalnite-pe-strazile-bucurestiului\\\/\"},\"author\":{\"name\":\"R\u0103zvan Chiru\u021b\u0103\",\"@id\":\"https:\\\/\\\/buletin.de\\\/bucuresti\\\/#\\\/schema\\\/person\\\/a76df728dfc913795a9d90e346b253bb\"},\"headline\":\"Cafeneaua BdB | Alex Damian, omul care a f\u0103cut sute de reclama\u021bii despre neregulile \u00eent\u00e2lnite pe str\u0103zile Bucure\u0219tiului: \u201eEu o s\u0103 continui s\u0103 fac sesiz\u0103ri\u201d\",\"datePublished\":\"2026-05-03T04:58:50+00:00\",\"dateModified\":\"2026-05-03T06:51:26+00:00\",\"mainEntityOfPage\":{\"@id\":\"https:\\\/\\\/buletin.de\\\/bucuresti\\\/cafeneaua-bdb-alex-damian-omul-care-a-facut-sute-de-reclamatii-despre-neregulile-intalnite-pe-strazile-bucurestiului\\\/\"},\"wordCount\":3718,\"publisher\":{\"@id\":\"https:\\\/\\\/buletin.de\\\/bucuresti\\\/#organization\"},\"image\":{\"@id\":\"https:\\\/\\\/buletin.de\\\/bucuresti\\\/cafeneaua-bdb-alex-damian-omul-care-a-facut-sute-de-reclamatii-despre-neregulile-intalnite-pe-strazile-bucurestiului\\\/#primaryimage\"},\"thumbnailUrl\":\"https:\\\/\\\/buletin.de\\\/bucuresti\\\/wp-content\\\/uploads\\\/2026\\\/05\\\/Alex-Damian-e1777784312698.jpeg\",\"keywords\":[\"cafeneaua bdb\"],\"articleSection\":[\"Articole\",\"Cafeneaua BdB\",\"Featured\",\"Interviu\"],\"inLanguage\":\"en-GB\",\"copyrightYear\":\"2026\",\"copyrightHolder\":{\"@id\":\"https:\\\/\\\/buletin.de\\\/bucuresti\\\/#organization\"}},{\"@type\":\"WebPage\",\"@id\":\"https:\\\/\\\/buletin.de\\\/bucuresti\\\/cafeneaua-bdb-alex-damian-omul-care-a-facut-sute-de-reclamatii-despre-neregulile-intalnite-pe-strazile-bucurestiului\\\/\",\"url\":\"https:\\\/\\\/buletin.de\\\/bucuresti\\\/cafeneaua-bdb-alex-damian-omul-care-a-facut-sute-de-reclamatii-despre-neregulile-intalnite-pe-strazile-bucurestiului\\\/\",\"name\":\"Cafeneaua BdB | Alex Damian, omul care a f\u0103cut sute de reclama\u021bii despre neregulile \u00eent\u00e2lnite pe str\u0103zile Bucure\u0219tiului: \u201eEu o s\u0103 continui s\u0103 fac sesiz\u0103ri\u201d - Buletin de Bucure\u0219ti\",\"isPartOf\":{\"@id\":\"https:\\\/\\\/buletin.de\\\/bucuresti\\\/#website\"},\"primaryImageOfPage\":{\"@id\":\"https:\\\/\\\/buletin.de\\\/bucuresti\\\/cafeneaua-bdb-alex-damian-omul-care-a-facut-sute-de-reclamatii-despre-neregulile-intalnite-pe-strazile-bucurestiului\\\/#primaryimage\"},\"image\":{\"@id\":\"https:\\\/\\\/buletin.de\\\/bucuresti\\\/cafeneaua-bdb-alex-damian-omul-care-a-facut-sute-de-reclamatii-despre-neregulile-intalnite-pe-strazile-bucurestiului\\\/#primaryimage\"},\"thumbnailUrl\":\"https:\\\/\\\/buletin.de\\\/bucuresti\\\/wp-content\\\/uploads\\\/2026\\\/05\\\/Alex-Damian-e1777784312698.jpeg\",\"datePublished\":\"2026-05-03T04:58:50+00:00\",\"dateModified\":\"2026-05-03T06:51:26+00:00\",\"description\":\"Alex Damian a f\u0103cut p\u00e2n\u0103 acum sute de reclama\u021bii despre neregulile \u00eent\u00e2lnite pe str\u0103zile Capitalei. \u0218i a schimbat ora\u0219ul.\",\"breadcrumb\":{\"@id\":\"https:\\\/\\\/buletin.de\\\/bucuresti\\\/cafeneaua-bdb-alex-damian-omul-care-a-facut-sute-de-reclamatii-despre-neregulile-intalnite-pe-strazile-bucurestiului\\\/#breadcrumb\"},\"inLanguage\":\"en-GB\",\"potentialAction\":[{\"@type\":\"ReadAction\",\"target\":[\"https:\\\/\\\/buletin.de\\\/bucuresti\\\/cafeneaua-bdb-alex-damian-omul-care-a-facut-sute-de-reclamatii-despre-neregulile-intalnite-pe-strazile-bucurestiului\\\/\"]}]},{\"@type\":\"ImageObject\",\"inLanguage\":\"en-GB\",\"@id\":\"https:\\\/\\\/buletin.de\\\/bucuresti\\\/cafeneaua-bdb-alex-damian-omul-care-a-facut-sute-de-reclamatii-despre-neregulile-intalnite-pe-strazile-bucurestiului\\\/#primaryimage\",\"url\":\"https:\\\/\\\/buletin.de\\\/bucuresti\\\/wp-content\\\/uploads\\\/2026\\\/05\\\/Alex-Damian-e1777784312698.jpeg\",\"contentUrl\":\"https:\\\/\\\/buletin.de\\\/bucuresti\\\/wp-content\\\/uploads\\\/2026\\\/05\\\/Alex-Damian-e1777784312698.jpeg\",\"width\":1200,\"height\":1027,\"caption\":\"Alex Damian\"},{\"@type\":\"BreadcrumbList\",\"@id\":\"https:\\\/\\\/buletin.de\\\/bucuresti\\\/cafeneaua-bdb-alex-damian-omul-care-a-facut-sute-de-reclamatii-despre-neregulile-intalnite-pe-strazile-bucurestiului\\\/#breadcrumb\",\"itemListElement\":[{\"@type\":\"ListItem\",\"position\":1,\"name\":\"Acas\u0103\",\"item\":\"https:\\\/\\\/buletin.de\\\/bucuresti\\\/\"},{\"@type\":\"ListItem\",\"position\":2,\"name\":\"Cafeneaua BdB | Alex Damian, omul care a f\u0103cut sute de reclama\u021bii despre neregulile \u00eent\u00e2lnite pe str\u0103zile Bucure\u0219tiului: \u201eEu o s\u0103 continui s\u0103 fac sesiz\u0103ri\u201d\"}]},{\"@type\":\"WebSite\",\"@id\":\"https:\\\/\\\/buletin.de\\\/bucuresti\\\/#website\",\"url\":\"https:\\\/\\\/buletin.de\\\/bucuresti\\\/\",\"name\":\"Buletin de Bucure\u0219ti\",\"description\":\"\u0218tiri \u0219i investiga\u021bii esen\u021biale din capital\u0103\",\"publisher\":{\"@id\":\"https:\\\/\\\/buletin.de\\\/bucuresti\\\/#organization\"},\"potentialAction\":[{\"@type\":\"SearchAction\",\"target\":{\"@type\":\"EntryPoint\",\"urlTemplate\":\"https:\\\/\\\/buletin.de\\\/bucuresti\\\/?s={search_term_string}\"},\"query-input\":{\"@type\":\"PropertyValueSpecification\",\"valueRequired\":true,\"valueName\":\"search_term_string\"}}],\"inLanguage\":\"en-GB\"},{\"@type\":\"Organization\",\"@id\":\"https:\\\/\\\/buletin.de\\\/bucuresti\\\/#organization\",\"name\":\"Buletin de Bucure\u0219ti\",\"url\":\"https:\\\/\\\/buletin.de\\\/bucuresti\\\/\",\"logo\":{\"@type\":\"ImageObject\",\"inLanguage\":\"en-GB\",\"@id\":\"https:\\\/\\\/buletin.de\\\/bucuresti\\\/#\\\/schema\\\/logo\\\/image\\\/\",\"url\":\"https:\\\/\\\/buletin.de\\\/bucuresti\\\/wp-content\\\/uploads\\\/logo-bdb-full-wide-vernil-transparent.png\",\"contentUrl\":\"https:\\\/\\\/buletin.de\\\/bucuresti\\\/wp-content\\\/uploads\\\/logo-bdb-full-wide-vernil-transparent.png\",\"width\":1782,\"height\":626,\"caption\":\"Buletin de Bucure\u0219ti\"},\"image\":{\"@id\":\"https:\\\/\\\/buletin.de\\\/bucuresti\\\/#\\\/schema\\\/logo\\\/image\\\/\"},\"sameAs\":[\"https:\\\/\\\/www.facebook.com\\\/buletin.de.buc\",\"https:\\\/\\\/www.instagram.com\\\/buletinde.bucuresti\\\/\"]},{\"@type\":\"Person\",\"@id\":\"https:\\\/\\\/buletin.de\\\/bucuresti\\\/#\\\/schema\\\/person\\\/a76df728dfc913795a9d90e346b253bb\",\"name\":\"R\u0103zvan Chiru\u021b\u0103\",\"image\":{\"@type\":\"ImageObject\",\"inLanguage\":\"en-GB\",\"@id\":\"https:\\\/\\\/buletin.de\\\/bucuresti\\\/wp-content\\\/uploads\\\/Razvan-Chiruta-96x96.jpge7143b996fd4241fbd6ee1f6b6b7b267\",\"url\":\"https:\\\/\\\/buletin.de\\\/bucuresti\\\/wp-content\\\/uploads\\\/Razvan-Chiruta-96x96.jpg\",\"contentUrl\":\"https:\\\/\\\/buletin.de\\\/bucuresti\\\/wp-content\\\/uploads\\\/Razvan-Chiruta-96x96.jpg\",\"caption\":\"R\u0103zvan Chiru\u021b\u0103\"},\"description\":\"R\u0103zvan Chiru\u021b\u0103 este redactor-\u0219ef adjunct din iulie 2024. A fost redactor-\u0219ef al PRESShub \u00eentre 2022 \u0219i iunie 2024. Anterior, a fost redactor-\u0219ef al Newsweek Rom\u00e2nia, din 2018 p\u00e2n\u0103 \u00een 2021, \u0219i al cotidianului Rom\u00e2nia liber\u0103, \u00eentre 2015 \u0219i 2017. Este absolvent de Jurnalism, \u00een cadrul Universit\u0103\u021bii \u201eAl.I.Cuza\u201d din Ia\u0219i, \u0219i a urmat un master \u00een Managementul institu\u021biilor mass-media (f\u0103r\u0103 diserta\u021bie) la Facultatea de Jurnalism \u0219i \u0218tiin\u021bele Comunic\u0103rii din cadrul Universit\u0103\u021bii din Bucure\u0219ti. \u0218i-a \u00eenceput cariera la Opinia studen\u021beasc\u0103, cunoscuta \u0219coal\u0103 de pres\u0103 din Ia\u0219i. A lucrat \u00een presa local\u0103, apoi a devenit corespondent pentru Ia\u0219i al cotidianului Evenimentul Zilei. Din 2004, a coordonat pentru \u0219ase luni sec\u021bia de coresponden\u021bi a Evenimentului Zilei. A mai lucrat la s\u0103pt\u0103m\u00e2nalul Prezent \u0219i a colaborat cu revistele Dilema Veche \u0219i Suplimentul de Cultur\u0103. Este co-autor \u00een volumele \u201eMass-media \u0219i democra\u021bia \u00een Rom\u00e2nia post-comunist\u0103\u201d (ed. a II-a), Ed. Institutul European, Ia\u0219i, 2013, \u0219i \u201eCOVID - 19. Dimensiuni ale gestionarii pandemiei\u201d, Editura Junimea, Ia\u0219i, 2020.\",\"url\":\"https:\\\/\\\/buletin.de\\\/bucuresti\\\/author\\\/razvan-chiruta\\\/\"}]}<\/script>\n<!-- \/ Yoast SEO Premium plugin. -->","yoast_head_json":{"title":"Cafeneaua BdB | Alex Damian, omul care a f\u0103cut sute de reclama\u021bii despre neregulile \u00eent\u00e2lnite pe str\u0103zile Bucure\u0219tiului: \u201eEu o s\u0103 continui s\u0103 fac sesiz\u0103ri\u201d - Buletin de Bucure\u0219ti","description":"Alex Damian a f\u0103cut p\u00e2n\u0103 acum sute de reclama\u021bii despre neregulile \u00eent\u00e2lnite pe str\u0103zile Capitalei. \u0218i a schimbat ora\u0219ul.","robots":{"index":"index","follow":"follow","max-snippet":"max-snippet:-1","max-image-preview":"max-image-preview:large","max-video-preview":"max-video-preview:-1"},"canonical":"https:\/\/buletin.de\/bucuresti\/cafeneaua-bdb-alex-damian-omul-care-a-facut-sute-de-reclamatii-despre-neregulile-intalnite-pe-strazile-bucurestiului\/","og_locale":"en_GB","og_type":"article","og_title":"Cafeneaua BdB | Alex Damian, omul care a f\u0103cut sute de reclama\u021bii despre neregulile \u00eent\u00e2lnite pe str\u0103zile Bucure\u0219tiului: \u201eEu o s\u0103 continui s\u0103 fac sesiz\u0103ri\u201d","og_description":"Alex Damian a f\u0103cut p\u00e2n\u0103 acum sute de reclama\u021bii despre neregulile \u00eent\u00e2lnite pe str\u0103zile Capitalei. \u0218i a schimbat ora\u0219ul.","og_url":"https:\/\/buletin.de\/bucuresti\/cafeneaua-bdb-alex-damian-omul-care-a-facut-sute-de-reclamatii-despre-neregulile-intalnite-pe-strazile-bucurestiului\/","og_site_name":"Buletin de Bucure\u0219ti","article_publisher":"https:\/\/www.facebook.com\/buletin.de.buc","article_published_time":"2026-05-03T04:58:50+00:00","article_modified_time":"2026-05-03T06:51:26+00:00","og_image":[{"width":1200,"height":1027,"url":"https:\/\/buletin.de\/bucuresti\/wp-content\/uploads\/2026\/05\/Alex-Damian-e1777784312698.jpeg","type":"image\/jpeg"}],"author":"R\u0103zvan Chiru\u021b\u0103","twitter_card":"summary_large_image","twitter_misc":{"Written by":"R\u0103zvan Chiru\u021b\u0103","Estimated reading time":"15 minutes"},"schema":{"@context":"https:\/\/schema.org","@graph":[{"@type":"Article","@id":"https:\/\/buletin.de\/bucuresti\/cafeneaua-bdb-alex-damian-omul-care-a-facut-sute-de-reclamatii-despre-neregulile-intalnite-pe-strazile-bucurestiului\/#article","isPartOf":{"@id":"https:\/\/buletin.de\/bucuresti\/cafeneaua-bdb-alex-damian-omul-care-a-facut-sute-de-reclamatii-despre-neregulile-intalnite-pe-strazile-bucurestiului\/"},"author":{"name":"R\u0103zvan Chiru\u021b\u0103","@id":"https:\/\/buletin.de\/bucuresti\/#\/schema\/person\/a76df728dfc913795a9d90e346b253bb"},"headline":"Cafeneaua BdB | Alex Damian, omul care a f\u0103cut sute de reclama\u021bii despre neregulile \u00eent\u00e2lnite pe str\u0103zile Bucure\u0219tiului: \u201eEu o s\u0103 continui s\u0103 fac sesiz\u0103ri\u201d","datePublished":"2026-05-03T04:58:50+00:00","dateModified":"2026-05-03T06:51:26+00:00","mainEntityOfPage":{"@id":"https:\/\/buletin.de\/bucuresti\/cafeneaua-bdb-alex-damian-omul-care-a-facut-sute-de-reclamatii-despre-neregulile-intalnite-pe-strazile-bucurestiului\/"},"wordCount":3718,"publisher":{"@id":"https:\/\/buletin.de\/bucuresti\/#organization"},"image":{"@id":"https:\/\/buletin.de\/bucuresti\/cafeneaua-bdb-alex-damian-omul-care-a-facut-sute-de-reclamatii-despre-neregulile-intalnite-pe-strazile-bucurestiului\/#primaryimage"},"thumbnailUrl":"https:\/\/buletin.de\/bucuresti\/wp-content\/uploads\/2026\/05\/Alex-Damian-e1777784312698.jpeg","keywords":["cafeneaua bdb"],"articleSection":["Articole","Cafeneaua BdB","Featured","Interviu"],"inLanguage":"en-GB","copyrightYear":"2026","copyrightHolder":{"@id":"https:\/\/buletin.de\/bucuresti\/#organization"}},{"@type":"WebPage","@id":"https:\/\/buletin.de\/bucuresti\/cafeneaua-bdb-alex-damian-omul-care-a-facut-sute-de-reclamatii-despre-neregulile-intalnite-pe-strazile-bucurestiului\/","url":"https:\/\/buletin.de\/bucuresti\/cafeneaua-bdb-alex-damian-omul-care-a-facut-sute-de-reclamatii-despre-neregulile-intalnite-pe-strazile-bucurestiului\/","name":"Cafeneaua BdB | Alex Damian, omul care a f\u0103cut sute de reclama\u021bii despre neregulile \u00eent\u00e2lnite pe str\u0103zile Bucure\u0219tiului: \u201eEu o s\u0103 continui s\u0103 fac sesiz\u0103ri\u201d - Buletin de Bucure\u0219ti","isPartOf":{"@id":"https:\/\/buletin.de\/bucuresti\/#website"},"primaryImageOfPage":{"@id":"https:\/\/buletin.de\/bucuresti\/cafeneaua-bdb-alex-damian-omul-care-a-facut-sute-de-reclamatii-despre-neregulile-intalnite-pe-strazile-bucurestiului\/#primaryimage"},"image":{"@id":"https:\/\/buletin.de\/bucuresti\/cafeneaua-bdb-alex-damian-omul-care-a-facut-sute-de-reclamatii-despre-neregulile-intalnite-pe-strazile-bucurestiului\/#primaryimage"},"thumbnailUrl":"https:\/\/buletin.de\/bucuresti\/wp-content\/uploads\/2026\/05\/Alex-Damian-e1777784312698.jpeg","datePublished":"2026-05-03T04:58:50+00:00","dateModified":"2026-05-03T06:51:26+00:00","description":"Alex Damian a f\u0103cut p\u00e2n\u0103 acum sute de reclama\u021bii despre neregulile \u00eent\u00e2lnite pe str\u0103zile Capitalei. \u0218i a schimbat ora\u0219ul.","breadcrumb":{"@id":"https:\/\/buletin.de\/bucuresti\/cafeneaua-bdb-alex-damian-omul-care-a-facut-sute-de-reclamatii-despre-neregulile-intalnite-pe-strazile-bucurestiului\/#breadcrumb"},"inLanguage":"en-GB","potentialAction":[{"@type":"ReadAction","target":["https:\/\/buletin.de\/bucuresti\/cafeneaua-bdb-alex-damian-omul-care-a-facut-sute-de-reclamatii-despre-neregulile-intalnite-pe-strazile-bucurestiului\/"]}]},{"@type":"ImageObject","inLanguage":"en-GB","@id":"https:\/\/buletin.de\/bucuresti\/cafeneaua-bdb-alex-damian-omul-care-a-facut-sute-de-reclamatii-despre-neregulile-intalnite-pe-strazile-bucurestiului\/#primaryimage","url":"https:\/\/buletin.de\/bucuresti\/wp-content\/uploads\/2026\/05\/Alex-Damian-e1777784312698.jpeg","contentUrl":"https:\/\/buletin.de\/bucuresti\/wp-content\/uploads\/2026\/05\/Alex-Damian-e1777784312698.jpeg","width":1200,"height":1027,"caption":"Alex Damian"},{"@type":"BreadcrumbList","@id":"https:\/\/buletin.de\/bucuresti\/cafeneaua-bdb-alex-damian-omul-care-a-facut-sute-de-reclamatii-despre-neregulile-intalnite-pe-strazile-bucurestiului\/#breadcrumb","itemListElement":[{"@type":"ListItem","position":1,"name":"Acas\u0103","item":"https:\/\/buletin.de\/bucuresti\/"},{"@type":"ListItem","position":2,"name":"Cafeneaua BdB | Alex Damian, omul care a f\u0103cut sute de reclama\u021bii despre neregulile \u00eent\u00e2lnite pe str\u0103zile Bucure\u0219tiului: \u201eEu o s\u0103 continui s\u0103 fac sesiz\u0103ri\u201d"}]},{"@type":"WebSite","@id":"https:\/\/buletin.de\/bucuresti\/#website","url":"https:\/\/buletin.de\/bucuresti\/","name":"Buletin de Bucure\u0219ti","description":"\u0218tiri \u0219i investiga\u021bii esen\u021biale din capital\u0103","publisher":{"@id":"https:\/\/buletin.de\/bucuresti\/#organization"},"potentialAction":[{"@type":"SearchAction","target":{"@type":"EntryPoint","urlTemplate":"https:\/\/buletin.de\/bucuresti\/?s={search_term_string}"},"query-input":{"@type":"PropertyValueSpecification","valueRequired":true,"valueName":"search_term_string"}}],"inLanguage":"en-GB"},{"@type":"Organization","@id":"https:\/\/buletin.de\/bucuresti\/#organization","name":"Buletin de Bucure\u0219ti","url":"https:\/\/buletin.de\/bucuresti\/","logo":{"@type":"ImageObject","inLanguage":"en-GB","@id":"https:\/\/buletin.de\/bucuresti\/#\/schema\/logo\/image\/","url":"https:\/\/buletin.de\/bucuresti\/wp-content\/uploads\/logo-bdb-full-wide-vernil-transparent.png","contentUrl":"https:\/\/buletin.de\/bucuresti\/wp-content\/uploads\/logo-bdb-full-wide-vernil-transparent.png","width":1782,"height":626,"caption":"Buletin de Bucure\u0219ti"},"image":{"@id":"https:\/\/buletin.de\/bucuresti\/#\/schema\/logo\/image\/"},"sameAs":["https:\/\/www.facebook.com\/buletin.de.buc","https:\/\/www.instagram.com\/buletinde.bucuresti\/"]},{"@type":"Person","@id":"https:\/\/buletin.de\/bucuresti\/#\/schema\/person\/a76df728dfc913795a9d90e346b253bb","name":"R\u0103zvan Chiru\u021b\u0103","image":{"@type":"ImageObject","inLanguage":"en-GB","@id":"https:\/\/buletin.de\/bucuresti\/wp-content\/uploads\/Razvan-Chiruta-96x96.jpge7143b996fd4241fbd6ee1f6b6b7b267","url":"https:\/\/buletin.de\/bucuresti\/wp-content\/uploads\/Razvan-Chiruta-96x96.jpg","contentUrl":"https:\/\/buletin.de\/bucuresti\/wp-content\/uploads\/Razvan-Chiruta-96x96.jpg","caption":"R\u0103zvan Chiru\u021b\u0103"},"description":"R\u0103zvan Chiru\u021b\u0103 este redactor-\u0219ef adjunct din iulie 2024. A fost redactor-\u0219ef al PRESShub \u00eentre 2022 \u0219i iunie 2024. Anterior, a fost redactor-\u0219ef al Newsweek Rom\u00e2nia, din 2018 p\u00e2n\u0103 \u00een 2021, \u0219i al cotidianului Rom\u00e2nia liber\u0103, \u00eentre 2015 \u0219i 2017. Este absolvent de Jurnalism, \u00een cadrul Universit\u0103\u021bii \u201eAl.I.Cuza\u201d din Ia\u0219i, \u0219i a urmat un master \u00een Managementul institu\u021biilor mass-media (f\u0103r\u0103 diserta\u021bie) la Facultatea de Jurnalism \u0219i \u0218tiin\u021bele Comunic\u0103rii din cadrul Universit\u0103\u021bii din Bucure\u0219ti. \u0218i-a \u00eenceput cariera la Opinia studen\u021beasc\u0103, cunoscuta \u0219coal\u0103 de pres\u0103 din Ia\u0219i. A lucrat \u00een presa local\u0103, apoi a devenit corespondent pentru Ia\u0219i al cotidianului Evenimentul Zilei. Din 2004, a coordonat pentru \u0219ase luni sec\u021bia de coresponden\u021bi a Evenimentului Zilei. A mai lucrat la s\u0103pt\u0103m\u00e2nalul Prezent \u0219i a colaborat cu revistele Dilema Veche \u0219i Suplimentul de Cultur\u0103. Este co-autor \u00een volumele \u201eMass-media \u0219i democra\u021bia \u00een Rom\u00e2nia post-comunist\u0103\u201d (ed. a II-a), Ed. Institutul European, Ia\u0219i, 2013, \u0219i \u201eCOVID - 19. Dimensiuni ale gestionarii pandemiei\u201d, Editura Junimea, Ia\u0219i, 2020.","url":"https:\/\/buletin.de\/bucuresti\/author\/razvan-chiruta\/"}]}},"authors":[{"term_id":22582,"user_id":60,"is_guest":0,"slug":"razvan-chiruta","display_name":"R\u0103zvan Chiru\u021b\u0103","avatar_url":"https:\/\/buletin.de\/bucuresti\/wp-content\/uploads\/Razvan-Chiruta-96x96.jpg","0":null,"1":"","2":"","3":"","4":"","5":"","6":"","7":"","8":""}],"_links":{"self":[{"href":"https:\/\/buletin.de\/bucuresti\/wp-json\/wp\/v2\/posts\/189387","targetHints":{"allow":["GET"]}}],"collection":[{"href":"https:\/\/buletin.de\/bucuresti\/wp-json\/wp\/v2\/posts"}],"about":[{"href":"https:\/\/buletin.de\/bucuresti\/wp-json\/wp\/v2\/types\/post"}],"author":[{"embeddable":true,"href":"https:\/\/buletin.de\/bucuresti\/wp-json\/wp\/v2\/users\/60"}],"replies":[{"embeddable":true,"href":"https:\/\/buletin.de\/bucuresti\/wp-json\/wp\/v2\/comments?post=189387"}],"version-history":[{"count":80,"href":"https:\/\/buletin.de\/bucuresti\/wp-json\/wp\/v2\/posts\/189387\/revisions"}],"predecessor-version":[{"id":190928,"href":"https:\/\/buletin.de\/bucuresti\/wp-json\/wp\/v2\/posts\/189387\/revisions\/190928"}],"wp:featuredmedia":[{"embeddable":true,"href":"https:\/\/buletin.de\/bucuresti\/wp-json\/wp\/v2\/media\/190871"}],"wp:attachment":[{"href":"https:\/\/buletin.de\/bucuresti\/wp-json\/wp\/v2\/media?parent=189387"}],"wp:term":[{"taxonomy":"category","embeddable":true,"href":"https:\/\/buletin.de\/bucuresti\/wp-json\/wp\/v2\/categories?post=189387"},{"taxonomy":"post_tag","embeddable":true,"href":"https:\/\/buletin.de\/bucuresti\/wp-json\/wp\/v2\/tags?post=189387"},{"taxonomy":"author","embeddable":true,"href":"https:\/\/buletin.de\/bucuresti\/wp-json\/wp\/v2\/ppma_author?post=189387"}],"curies":[{"name":"wp","href":"https:\/\/api.w.org\/{rel}","templated":true}]}}