{"id":18929,"date":"2021-01-28T18:52:00","date_gmt":"2021-01-28T15:52:00","guid":{"rendered":"https:\/\/buletin.de\/bucuresti\/?p=18929"},"modified":"2021-02-01T23:12:14","modified_gmt":"2021-02-01T20:12:14","slug":"primaria-sectorului-3-a-anuntat-construirea-a-trei-pasaje-subterane-doua-supraterane-si-largirea-strazii-drumul-intre-tarlale-la-4-benzi","status":"publish","type":"post","link":"https:\/\/buletin.de\/bucuresti\/primaria-sectorului-3-a-anuntat-construirea-a-trei-pasaje-subterane-doua-supraterane-si-largirea-strazii-drumul-intre-tarlale-la-4-benzi\/","title":{"rendered":"Prim\u0103ria Sectorului 3 a anun\u021bat construirea a trei pasaje subterane, dou\u0103 supraterane \u0219i l\u0103rgirea str\u0103zii Drumul \u00eentre Tarlale la 4 benzi."},"content":{"rendered":"\n<p><strong>Prim\u0103ria Sectorului 3 a anun\u021bat inten\u021bia de a investi aproape jum\u0103tate de miliard de lei \u00een proiecte destinate fluidiz\u0103rii traficului. Investi\u021bia cuprinde trei pasaje rutiere subterane, dou\u0103 pe \u0219oseaua Mihai Bravu  \u0219i unul la intersec\u021bia str. G\u0103rii C\u0103\u021belu cu \u0218oseaua Industriilor. Dou\u0103 pasaje supraterane urmeaz\u0103 s\u0103 fie construite la intersec\u021bia bd. Theodor Pallady \u2013 str. Nicolae Teclu, respectiv la intersec\u021bia bd. Theodor Pallady cu str. Drumul \u00eentre Tarlale. Un alt proiect este l\u0103rgirea str\u0103zii Drumul \u00eentre tarlale de la dou\u0103 la 4 benzi pe sens. <\/strong><\/p>\n\n\n\n<blockquote class=\"wp-block-quote is-layout-flow wp-block-quote-is-layout-flow\"><p>Modernizarea infrastructurii rutiere presupune \u0219i lucr\u0103ri de deviere a tuturor re\u021belelor subterane din amplasament care intr\u0103 \u00een inciden\u021b\u0103 cu obiectivul proiectului. Pe amplasamentele destinate construirii obiectivului de investi\u021bii, exist\u0103 toate tipurile de utilit\u0103\u021bi ce vor trebui relocate, astfel \u00eenc\u00e2t s\u0103 se asigure eliberarea amplasamentelor necesare demar\u0103rii lucr\u0103rilor pentru pasajele rutiere subterane \u0219i ale pasajului pietonal subteran.<\/p><cite>Scrie Prim\u0103ria Sector 3 pe pagina de Facebook<\/cite><\/blockquote>\n\n\n\n<p>Aceste lucr\u0103ri duc la \u00eendeplinire obiectivul Prim\u0103riei Sector 3 de cre\u0219tere a mobilit\u0103\u021bii urbane prin fluidizarea traficului auto pe \u0218oseaua Mihai Bravu (de la intersec\u021bia cu str. Baba Novac p\u00e2n\u0103 la str. Pene\u0219 Curcanul). Acest obiectiv presupune: <\/p>\n\n\n\n<ol class=\"wp-block-list\"><li>Construirea a dou\u0103 pasaje rutiere subterane pe direc\u021bia \u0218oselei Mihai Bravu la intersec\u021biile:<br>\u2022 \u0218os. Mihai Bravu \u2013 Calea Dude\u0219ti \u2013 B-dul Camil Ressu \u0219i <br>\u2022 \u0218os. Mihai Bravu \u2013 Calea Vitan;<\/li><li>Construirea unui pasaj pietonal subteran din dreptul sta\u021biei de tramvai Laborator;<\/li><li>Relocarea semaforului, respectiv a trecerii de pietoni de pe \u0219os. Mihai Bravu (intersec\u021bie cu str. Baba Novac);<\/li><li>Crearea a dou\u0103 benzi de circula\u021bie pe Calea Dude\u0219ti \u00een vederea m\u0103ririi spa\u021biului de stocare la semafor \u0219i a cre\u0219terii capacit\u0103\u021bii de preluare a fluxurilor de trafic din intersec\u021bia \u0218os. Mihai Bravu \u2013 Calea Dude\u0219ti \u2013 B-dul Camil Ressu spre Calea Dude\u0219ti.<\/li><\/ol>\n\n\n\n<figure class=\"wp-block-gallery columns-1 is-cropped wp-block-gallery-1 is-layout-flex wp-block-gallery-is-layout-flex\"><ul class=\"blocks-gallery-grid\"><li class=\"blocks-gallery-item\"><figure><a href=\"https:\/\/buletin.de\/bucuresti\/wp-content\/uploads\/142906607_3951859944881270_6322434771816516362_o.jpg\"><img fetchpriority=\"high\" decoding=\"async\" width=\"900\" height=\"637\" src=\"data:image\/gif;base64,R0lGODlhAQABAAAAACH5BAEKAAEALAAAAAABAAEAAAICTAEAOw==\" data-src=\"https:\/\/buletin.de\/bucuresti\/wp-content\/uploads\/142906607_3951859944881270_6322434771816516362_o-900x637.jpg\" alt=\"\" data-id=\"18931\" data-full-url=\"https:\/\/buletin.de\/bucuresti\/wp-content\/uploads\/142906607_3951859944881270_6322434771816516362_o.jpg\" data-link=\"https:\/\/buletin.de\/bucuresti\/?attachment_id=18931\" class=\"wp-image-18931 lazyload\" data-sizes=\"auto\" data-srcset=\"https:\/\/buletin.de\/bucuresti\/wp-content\/uploads\/142906607_3951859944881270_6322434771816516362_o-900x637.jpg 900w, https:\/\/buletin.de\/bucuresti\/wp-content\/uploads\/142906607_3951859944881270_6322434771816516362_o-300x212.jpg 300w, https:\/\/buletin.de\/bucuresti\/wp-content\/uploads\/142906607_3951859944881270_6322434771816516362_o-768x543.jpg 768w, https:\/\/buletin.de\/bucuresti\/wp-content\/uploads\/142906607_3951859944881270_6322434771816516362_o-1536x1087.jpg 1536w, https:\/\/buletin.de\/bucuresti\/wp-content\/uploads\/142906607_3951859944881270_6322434771816516362_o-1060x750.jpg 1060w, https:\/\/buletin.de\/bucuresti\/wp-content\/uploads\/142906607_3951859944881270_6322434771816516362_o-550x389.jpg 550w, https:\/\/buletin.de\/bucuresti\/wp-content\/uploads\/142906607_3951859944881270_6322434771816516362_o-707x500.jpg 707w, https:\/\/buletin.de\/bucuresti\/wp-content\/uploads\/142906607_3951859944881270_6322434771816516362_o-1527x1080.jpg 1527w, https:\/\/buletin.de\/bucuresti\/wp-content\/uploads\/142906607_3951859944881270_6322434771816516362_o-600x424.jpg 600w, https:\/\/buletin.de\/bucuresti\/wp-content\/uploads\/142906607_3951859944881270_6322434771816516362_o.jpg 1654w\" sizes=\"(max-width: 900px) 100vw, 900px\" \/><\/a><\/figure><\/li><li class=\"blocks-gallery-item\"><figure><a href=\"https:\/\/buletin.de\/bucuresti\/wp-content\/uploads\/143446686_3951859814881283_3463931771799963459_o.jpg\"><img decoding=\"async\" width=\"900\" height=\"637\" src=\"data:image\/gif;base64,R0lGODlhAQABAAAAACH5BAEKAAEALAAAAAABAAEAAAICTAEAOw==\" data-src=\"https:\/\/buletin.de\/bucuresti\/wp-content\/uploads\/143446686_3951859814881283_3463931771799963459_o-900x637.jpg\" alt=\"\" data-id=\"18932\" data-full-url=\"https:\/\/buletin.de\/bucuresti\/wp-content\/uploads\/143446686_3951859814881283_3463931771799963459_o.jpg\" data-link=\"https:\/\/buletin.de\/bucuresti\/?attachment_id=18932\" class=\"wp-image-18932 lazyload\" data-sizes=\"auto\" data-srcset=\"https:\/\/buletin.de\/bucuresti\/wp-content\/uploads\/143446686_3951859814881283_3463931771799963459_o-900x637.jpg 900w, https:\/\/buletin.de\/bucuresti\/wp-content\/uploads\/143446686_3951859814881283_3463931771799963459_o-300x212.jpg 300w, https:\/\/buletin.de\/bucuresti\/wp-content\/uploads\/143446686_3951859814881283_3463931771799963459_o-768x543.jpg 768w, https:\/\/buletin.de\/bucuresti\/wp-content\/uploads\/143446686_3951859814881283_3463931771799963459_o-1536x1087.jpg 1536w, https:\/\/buletin.de\/bucuresti\/wp-content\/uploads\/143446686_3951859814881283_3463931771799963459_o-1060x750.jpg 1060w, https:\/\/buletin.de\/bucuresti\/wp-content\/uploads\/143446686_3951859814881283_3463931771799963459_o-550x389.jpg 550w, https:\/\/buletin.de\/bucuresti\/wp-content\/uploads\/143446686_3951859814881283_3463931771799963459_o-707x500.jpg 707w, https:\/\/buletin.de\/bucuresti\/wp-content\/uploads\/143446686_3951859814881283_3463931771799963459_o-1527x1080.jpg 1527w, https:\/\/buletin.de\/bucuresti\/wp-content\/uploads\/143446686_3951859814881283_3463931771799963459_o-600x424.jpg 600w, https:\/\/buletin.de\/bucuresti\/wp-content\/uploads\/143446686_3951859814881283_3463931771799963459_o.jpg 1654w\" sizes=\"(max-width: 900px) 100vw, 900px\" \/><\/a><\/figure><\/li><li class=\"blocks-gallery-item\"><figure><a href=\"https:\/\/buletin.de\/bucuresti\/wp-content\/uploads\/143476098_3951859804881284_5152013183829277752_o.jpg\"><img decoding=\"async\" width=\"900\" height=\"637\" src=\"data:image\/gif;base64,R0lGODlhAQABAAAAACH5BAEKAAEALAAAAAABAAEAAAICTAEAOw==\" data-src=\"https:\/\/buletin.de\/bucuresti\/wp-content\/uploads\/143476098_3951859804881284_5152013183829277752_o-900x637.jpg\" alt=\"\" data-id=\"18933\" data-full-url=\"https:\/\/buletin.de\/bucuresti\/wp-content\/uploads\/143476098_3951859804881284_5152013183829277752_o.jpg\" data-link=\"https:\/\/buletin.de\/bucuresti\/?attachment_id=18933\" class=\"wp-image-18933 lazyload\" data-sizes=\"auto\" data-srcset=\"https:\/\/buletin.de\/bucuresti\/wp-content\/uploads\/143476098_3951859804881284_5152013183829277752_o-900x637.jpg 900w, https:\/\/buletin.de\/bucuresti\/wp-content\/uploads\/143476098_3951859804881284_5152013183829277752_o-300x212.jpg 300w, https:\/\/buletin.de\/bucuresti\/wp-content\/uploads\/143476098_3951859804881284_5152013183829277752_o-768x543.jpg 768w, https:\/\/buletin.de\/bucuresti\/wp-content\/uploads\/143476098_3951859804881284_5152013183829277752_o-1536x1087.jpg 1536w, https:\/\/buletin.de\/bucuresti\/wp-content\/uploads\/143476098_3951859804881284_5152013183829277752_o-1060x750.jpg 1060w, https:\/\/buletin.de\/bucuresti\/wp-content\/uploads\/143476098_3951859804881284_5152013183829277752_o-550x389.jpg 550w, https:\/\/buletin.de\/bucuresti\/wp-content\/uploads\/143476098_3951859804881284_5152013183829277752_o-707x500.jpg 707w, https:\/\/buletin.de\/bucuresti\/wp-content\/uploads\/143476098_3951859804881284_5152013183829277752_o-1527x1080.jpg 1527w, https:\/\/buletin.de\/bucuresti\/wp-content\/uploads\/143476098_3951859804881284_5152013183829277752_o-600x424.jpg 600w, https:\/\/buletin.de\/bucuresti\/wp-content\/uploads\/143476098_3951859804881284_5152013183829277752_o.jpg 1654w\" sizes=\"(max-width: 900px) 100vw, 900px\" \/><\/a><\/figure><\/li><li class=\"blocks-gallery-item\"><figure><a href=\"https:\/\/buletin.de\/bucuresti\/wp-content\/uploads\/143547454_3951859918214606_8544877766673033226_o.jpg\"><img loading=\"lazy\" decoding=\"async\" width=\"900\" height=\"637\" src=\"data:image\/gif;base64,R0lGODlhAQABAAAAACH5BAEKAAEALAAAAAABAAEAAAICTAEAOw==\" data-src=\"https:\/\/buletin.de\/bucuresti\/wp-content\/uploads\/143547454_3951859918214606_8544877766673033226_o-900x637.jpg\" alt=\"\" data-id=\"18934\" data-full-url=\"https:\/\/buletin.de\/bucuresti\/wp-content\/uploads\/143547454_3951859918214606_8544877766673033226_o.jpg\" data-link=\"https:\/\/buletin.de\/bucuresti\/?attachment_id=18934\" class=\"wp-image-18934 lazyload\" data-sizes=\"auto\" data-srcset=\"https:\/\/buletin.de\/bucuresti\/wp-content\/uploads\/143547454_3951859918214606_8544877766673033226_o-900x637.jpg 900w, https:\/\/buletin.de\/bucuresti\/wp-content\/uploads\/143547454_3951859918214606_8544877766673033226_o-300x212.jpg 300w, https:\/\/buletin.de\/bucuresti\/wp-content\/uploads\/143547454_3951859918214606_8544877766673033226_o-768x543.jpg 768w, https:\/\/buletin.de\/bucuresti\/wp-content\/uploads\/143547454_3951859918214606_8544877766673033226_o-1536x1087.jpg 1536w, https:\/\/buletin.de\/bucuresti\/wp-content\/uploads\/143547454_3951859918214606_8544877766673033226_o-1060x750.jpg 1060w, https:\/\/buletin.de\/bucuresti\/wp-content\/uploads\/143547454_3951859918214606_8544877766673033226_o-550x389.jpg 550w, https:\/\/buletin.de\/bucuresti\/wp-content\/uploads\/143547454_3951859918214606_8544877766673033226_o-707x500.jpg 707w, https:\/\/buletin.de\/bucuresti\/wp-content\/uploads\/143547454_3951859918214606_8544877766673033226_o-1527x1080.jpg 1527w, https:\/\/buletin.de\/bucuresti\/wp-content\/uploads\/143547454_3951859918214606_8544877766673033226_o-600x424.jpg 600w, https:\/\/buletin.de\/bucuresti\/wp-content\/uploads\/143547454_3951859918214606_8544877766673033226_o.jpg 1654w\" sizes=\"(max-width: 900px) 100vw, 900px\" \/><\/a><\/figure><\/li><li class=\"blocks-gallery-item\"><figure><a href=\"https:\/\/buletin.de\/bucuresti\/wp-content\/uploads\/143724073_3951859928214605_4173538218430300073_o.jpg\"><img loading=\"lazy\" decoding=\"async\" width=\"900\" height=\"637\" src=\"data:image\/gif;base64,R0lGODlhAQABAAAAACH5BAEKAAEALAAAAAABAAEAAAICTAEAOw==\" data-src=\"https:\/\/buletin.de\/bucuresti\/wp-content\/uploads\/143724073_3951859928214605_4173538218430300073_o-900x637.jpg\" alt=\"\" data-id=\"18935\" data-full-url=\"https:\/\/buletin.de\/bucuresti\/wp-content\/uploads\/143724073_3951859928214605_4173538218430300073_o.jpg\" data-link=\"https:\/\/buletin.de\/bucuresti\/?attachment_id=18935\" class=\"wp-image-18935 lazyload\" data-sizes=\"auto\" data-srcset=\"https:\/\/buletin.de\/bucuresti\/wp-content\/uploads\/143724073_3951859928214605_4173538218430300073_o-900x637.jpg 900w, https:\/\/buletin.de\/bucuresti\/wp-content\/uploads\/143724073_3951859928214605_4173538218430300073_o-300x212.jpg 300w, https:\/\/buletin.de\/bucuresti\/wp-content\/uploads\/143724073_3951859928214605_4173538218430300073_o-768x543.jpg 768w, https:\/\/buletin.de\/bucuresti\/wp-content\/uploads\/143724073_3951859928214605_4173538218430300073_o-1536x1087.jpg 1536w, https:\/\/buletin.de\/bucuresti\/wp-content\/uploads\/143724073_3951859928214605_4173538218430300073_o-1060x750.jpg 1060w, https:\/\/buletin.de\/bucuresti\/wp-content\/uploads\/143724073_3951859928214605_4173538218430300073_o-550x389.jpg 550w, https:\/\/buletin.de\/bucuresti\/wp-content\/uploads\/143724073_3951859928214605_4173538218430300073_o-707x500.jpg 707w, https:\/\/buletin.de\/bucuresti\/wp-content\/uploads\/143724073_3951859928214605_4173538218430300073_o-1527x1080.jpg 1527w, https:\/\/buletin.de\/bucuresti\/wp-content\/uploads\/143724073_3951859928214605_4173538218430300073_o-600x424.jpg 600w, https:\/\/buletin.de\/bucuresti\/wp-content\/uploads\/143724073_3951859928214605_4173538218430300073_o.jpg 1654w\" sizes=\"(max-width: 900px) 100vw, 900px\" \/><\/a><\/figure><\/li><li class=\"blocks-gallery-item\"><figure><a href=\"https:\/\/buletin.de\/bucuresti\/wp-content\/uploads\/143674369_3951884491545482_2411435371285364139_o.jpg\"><img loading=\"lazy\" decoding=\"async\" width=\"900\" height=\"636\" src=\"data:image\/gif;base64,R0lGODlhAQABAAAAACH5BAEKAAEALAAAAAABAAEAAAICTAEAOw==\" data-src=\"https:\/\/buletin.de\/bucuresti\/wp-content\/uploads\/143674369_3951884491545482_2411435371285364139_o-900x636.jpg\" alt=\"\" data-id=\"18936\" data-full-url=\"https:\/\/buletin.de\/bucuresti\/wp-content\/uploads\/143674369_3951884491545482_2411435371285364139_o.jpg\" data-link=\"https:\/\/buletin.de\/bucuresti\/?attachment_id=18936\" class=\"wp-image-18936 lazyload\" data-sizes=\"auto\" data-srcset=\"https:\/\/buletin.de\/bucuresti\/wp-content\/uploads\/143674369_3951884491545482_2411435371285364139_o-900x636.jpg 900w, https:\/\/buletin.de\/bucuresti\/wp-content\/uploads\/143674369_3951884491545482_2411435371285364139_o-300x212.jpg 300w, https:\/\/buletin.de\/bucuresti\/wp-content\/uploads\/143674369_3951884491545482_2411435371285364139_o-768x543.jpg 768w, https:\/\/buletin.de\/bucuresti\/wp-content\/uploads\/143674369_3951884491545482_2411435371285364139_o-1536x1086.jpg 1536w, https:\/\/buletin.de\/bucuresti\/wp-content\/uploads\/143674369_3951884491545482_2411435371285364139_o-1060x749.jpg 1060w, https:\/\/buletin.de\/bucuresti\/wp-content\/uploads\/143674369_3951884491545482_2411435371285364139_o-550x389.jpg 550w, https:\/\/buletin.de\/bucuresti\/wp-content\/uploads\/143674369_3951884491545482_2411435371285364139_o-707x500.jpg 707w, https:\/\/buletin.de\/bucuresti\/wp-content\/uploads\/143674369_3951884491545482_2411435371285364139_o-1528x1080.jpg 1528w, https:\/\/buletin.de\/bucuresti\/wp-content\/uploads\/143674369_3951884491545482_2411435371285364139_o-600x424.jpg 600w, https:\/\/buletin.de\/bucuresti\/wp-content\/uploads\/143674369_3951884491545482_2411435371285364139_o.jpg 1600w\" sizes=\"(max-width: 900px) 100vw, 900px\" \/><\/a><\/figure><\/li><\/ul><figcaption class=\"blocks-gallery-caption\">Surs\u0103 Foto: Prim\u0103ria Sector 3\/Facebook<\/figcaption><\/figure>\n\n\n\n<p>\u00cen acest moment, Prim\u0103ria condus\u0103 de Rober Negoi\u021b\u0103 are \u00een lucru construirea&nbsp;parc\u0103rii subterane de 750 locuri de pe bulevardul Decebal. Aceast\u0103 lucrare a \u00eenceput \u00een martie 2019. Parcarea este amplasat\u0103 sub Bd. Decebal, \u00eentre strada Dristorului \u0219i Pia\u021ba Muncii. <\/p>\n\n\n\n<iframe src=\"https:\/\/www.facebook.com\/plugins\/video.php?href=https%3A%2F%2Fwww.facebook.com%2FRobert.Negoita%2Fvideos%2F901742650597659%2F&#038;show_text=0&#038;width=560\" width=\"560\" height=\"315\" style=\"border:none;overflow:hidden\" scrolling=\"no\" frameborder=\"0\" allowfullscreen=\"true\" allow=\"autoplay; clipboard-write; encrypted-media; picture-in-picture; web-share\" allowFullScreen=\"true\"><\/iframe>\n\n\n\n<p>Surs\u0103 Foto: Prim\u0103ria Sector 3\/Facebook<\/p>\n","protected":false},"excerpt":{"rendered":"<p>Prim\u0103ria Sectorului 3 a anun\u021bat inten\u021bia de a investi aproape jum\u0103tate de miliard de lei \u00een proiecte destinate fluidiz\u0103rii traficului. Investi\u021bia cuprinde trei pasaje rutiere subterane, dou\u0103 pe \u0219oseaua Mihai Bravu \u0219i unul la intersec\u021bia str. G\u0103rii C\u0103\u021belu cu \u0218oseaua Industriilor. Dou\u0103 pasaje supraterane urmeaz\u0103 s\u0103 fie construite la intersec\u021bia bd. Theodor Pallady \u2013 str. [&hellip;]<\/p>\n","protected":false},"author":17,"featured_media":18935,"comment_status":"closed","ping_status":"open","sticky":false,"template":"","format":"standard","meta":{"_acf_changed":false,"inline_featured_image":false,"ngg_post_thumbnail":0,"footnotes":""},"categories":[1],"tags":[],"ppma_author":[22576],"class_list":["post-18929","post","type-post","status-publish","format-standard","has-post-thumbnail","hentry","category-diverse"],"acf":[],"yoast_head":"<!-- This site is optimized with the Yoast SEO Premium plugin v25.3 (Yoast SEO v27.4) - https:\/\/yoast.com\/product\/yoast-seo-premium-wordpress\/ -->\n<title>Prim\u0103ria Sectorului 3 a anun\u021bat construirea a trei pasaje subterane, dou\u0103 supraterane \u0219i l\u0103rgirea str\u0103zii Drumul \u00eentre Tarlale la 4 benzi. - Buletin de Bucure\u0219ti<\/title>\n<meta name=\"robots\" content=\"index, follow, max-snippet:-1, max-image-preview:large, max-video-preview:-1\" \/>\n<link rel=\"canonical\" href=\"https:\/\/buletin.de\/bucuresti\/primaria-sectorului-3-a-anuntat-construirea-a-trei-pasaje-subterane-doua-supraterane-si-largirea-strazii-drumul-intre-tarlale-la-4-benzi\/\" \/>\n<meta property=\"og:locale\" content=\"en_GB\" \/>\n<meta property=\"og:type\" content=\"article\" \/>\n<meta property=\"og:title\" content=\"Prim\u0103ria Sectorului 3 a anun\u021bat construirea a trei pasaje subterane, dou\u0103 supraterane \u0219i l\u0103rgirea str\u0103zii Drumul \u00eentre Tarlale la 4 benzi.\" \/>\n<meta property=\"og:description\" content=\"Prim\u0103ria Sectorului 3 a anun\u021bat inten\u021bia de a investi aproape jum\u0103tate de miliard de lei \u00een proiecte destinate fluidiz\u0103rii traficului. Investi\u021bia cuprinde trei pasaje rutiere subterane, dou\u0103 pe \u0219oseaua Mihai Bravu \u0219i unul la intersec\u021bia str. G\u0103rii C\u0103\u021belu cu \u0218oseaua Industriilor. Dou\u0103 pasaje supraterane urmeaz\u0103 s\u0103 fie construite la intersec\u021bia bd. Theodor Pallady \u2013 str. [&hellip;]\" \/>\n<meta property=\"og:url\" content=\"https:\/\/buletin.de\/bucuresti\/primaria-sectorului-3-a-anuntat-construirea-a-trei-pasaje-subterane-doua-supraterane-si-largirea-strazii-drumul-intre-tarlale-la-4-benzi\/\" \/>\n<meta property=\"og:site_name\" content=\"Buletin de Bucure\u0219ti\" \/>\n<meta property=\"article:publisher\" content=\"https:\/\/www.facebook.com\/buletin.de.buc\" \/>\n<meta property=\"article:published_time\" content=\"2021-01-28T15:52:00+00:00\" \/>\n<meta property=\"article:modified_time\" content=\"2021-02-01T20:12:14+00:00\" \/>\n<meta property=\"og:image\" content=\"https:\/\/buletin.de\/bucuresti\/wp-content\/uploads\/143724073_3951859928214605_4173538218430300073_o.jpg\" \/>\n\t<meta property=\"og:image:width\" content=\"1654\" \/>\n\t<meta property=\"og:image:height\" content=\"1170\" \/>\n\t<meta property=\"og:image:type\" content=\"image\/jpeg\" \/>\n<meta name=\"author\" content=\"Florin R\u00e2\u0219teiu\" \/>\n<meta name=\"twitter:card\" content=\"summary_large_image\" \/>\n<meta name=\"twitter:label1\" content=\"Written by\" \/>\n\t<meta name=\"twitter:data1\" content=\"Florin R\u00e2\u0219teiu\" \/>\n\t<meta name=\"twitter:label2\" content=\"Estimated reading time\" \/>\n\t<meta name=\"twitter:data2\" content=\"2 minutes\" \/>\n<script type=\"application\/ld+json\" class=\"yoast-schema-graph\">{\"@context\":\"https:\\\/\\\/schema.org\",\"@graph\":[{\"@type\":\"Article\",\"@id\":\"https:\\\/\\\/buletin.de\\\/bucuresti\\\/primaria-sectorului-3-a-anuntat-construirea-a-trei-pasaje-subterane-doua-supraterane-si-largirea-strazii-drumul-intre-tarlale-la-4-benzi\\\/#article\",\"isPartOf\":{\"@id\":\"https:\\\/\\\/buletin.de\\\/bucuresti\\\/primaria-sectorului-3-a-anuntat-construirea-a-trei-pasaje-subterane-doua-supraterane-si-largirea-strazii-drumul-intre-tarlale-la-4-benzi\\\/\"},\"author\":{\"name\":\"Florin R\u00e2\u0219teiu\",\"@id\":\"https:\\\/\\\/buletin.de\\\/bucuresti\\\/#\\\/schema\\\/person\\\/b0686d7a8b666c6afc78239777fd8a89\"},\"headline\":\"Prim\u0103ria Sectorului 3 a anun\u021bat construirea a trei pasaje subterane, dou\u0103 supraterane \u0219i l\u0103rgirea str\u0103zii Drumul \u00eentre Tarlale la 4 benzi.\",\"datePublished\":\"2021-01-28T15:52:00+00:00\",\"dateModified\":\"2021-02-01T20:12:14+00:00\",\"mainEntityOfPage\":{\"@id\":\"https:\\\/\\\/buletin.de\\\/bucuresti\\\/primaria-sectorului-3-a-anuntat-construirea-a-trei-pasaje-subterane-doua-supraterane-si-largirea-strazii-drumul-intre-tarlale-la-4-benzi\\\/\"},\"wordCount\":394,\"publisher\":{\"@id\":\"https:\\\/\\\/buletin.de\\\/bucuresti\\\/#organization\"},\"image\":{\"@id\":\"https:\\\/\\\/buletin.de\\\/bucuresti\\\/primaria-sectorului-3-a-anuntat-construirea-a-trei-pasaje-subterane-doua-supraterane-si-largirea-strazii-drumul-intre-tarlale-la-4-benzi\\\/#primaryimage\"},\"thumbnailUrl\":\"https:\\\/\\\/buletin.de\\\/bucuresti\\\/wp-content\\\/uploads\\\/143724073_3951859928214605_4173538218430300073_o.jpg\",\"articleSection\":[\"Diverse\"],\"inLanguage\":\"en-GB\",\"copyrightYear\":\"2021\",\"copyrightHolder\":{\"@id\":\"https:\\\/\\\/buletin.de\\\/bucuresti\\\/#organization\"}},{\"@type\":\"WebPage\",\"@id\":\"https:\\\/\\\/buletin.de\\\/bucuresti\\\/primaria-sectorului-3-a-anuntat-construirea-a-trei-pasaje-subterane-doua-supraterane-si-largirea-strazii-drumul-intre-tarlale-la-4-benzi\\\/\",\"url\":\"https:\\\/\\\/buletin.de\\\/bucuresti\\\/primaria-sectorului-3-a-anuntat-construirea-a-trei-pasaje-subterane-doua-supraterane-si-largirea-strazii-drumul-intre-tarlale-la-4-benzi\\\/\",\"name\":\"Prim\u0103ria Sectorului 3 a anun\u021bat construirea a trei pasaje subterane, dou\u0103 supraterane \u0219i l\u0103rgirea str\u0103zii Drumul \u00eentre Tarlale la 4 benzi. - Buletin de Bucure\u0219ti\",\"isPartOf\":{\"@id\":\"https:\\\/\\\/buletin.de\\\/bucuresti\\\/#website\"},\"primaryImageOfPage\":{\"@id\":\"https:\\\/\\\/buletin.de\\\/bucuresti\\\/primaria-sectorului-3-a-anuntat-construirea-a-trei-pasaje-subterane-doua-supraterane-si-largirea-strazii-drumul-intre-tarlale-la-4-benzi\\\/#primaryimage\"},\"image\":{\"@id\":\"https:\\\/\\\/buletin.de\\\/bucuresti\\\/primaria-sectorului-3-a-anuntat-construirea-a-trei-pasaje-subterane-doua-supraterane-si-largirea-strazii-drumul-intre-tarlale-la-4-benzi\\\/#primaryimage\"},\"thumbnailUrl\":\"https:\\\/\\\/buletin.de\\\/bucuresti\\\/wp-content\\\/uploads\\\/143724073_3951859928214605_4173538218430300073_o.jpg\",\"datePublished\":\"2021-01-28T15:52:00+00:00\",\"dateModified\":\"2021-02-01T20:12:14+00:00\",\"breadcrumb\":{\"@id\":\"https:\\\/\\\/buletin.de\\\/bucuresti\\\/primaria-sectorului-3-a-anuntat-construirea-a-trei-pasaje-subterane-doua-supraterane-si-largirea-strazii-drumul-intre-tarlale-la-4-benzi\\\/#breadcrumb\"},\"inLanguage\":\"en-GB\",\"potentialAction\":[{\"@type\":\"ReadAction\",\"target\":[\"https:\\\/\\\/buletin.de\\\/bucuresti\\\/primaria-sectorului-3-a-anuntat-construirea-a-trei-pasaje-subterane-doua-supraterane-si-largirea-strazii-drumul-intre-tarlale-la-4-benzi\\\/\"]}]},{\"@type\":\"ImageObject\",\"inLanguage\":\"en-GB\",\"@id\":\"https:\\\/\\\/buletin.de\\\/bucuresti\\\/primaria-sectorului-3-a-anuntat-construirea-a-trei-pasaje-subterane-doua-supraterane-si-largirea-strazii-drumul-intre-tarlale-la-4-benzi\\\/#primaryimage\",\"url\":\"https:\\\/\\\/buletin.de\\\/bucuresti\\\/wp-content\\\/uploads\\\/143724073_3951859928214605_4173538218430300073_o.jpg\",\"contentUrl\":\"https:\\\/\\\/buletin.de\\\/bucuresti\\\/wp-content\\\/uploads\\\/143724073_3951859928214605_4173538218430300073_o.jpg\",\"width\":1654,\"height\":1170},{\"@type\":\"BreadcrumbList\",\"@id\":\"https:\\\/\\\/buletin.de\\\/bucuresti\\\/primaria-sectorului-3-a-anuntat-construirea-a-trei-pasaje-subterane-doua-supraterane-si-largirea-strazii-drumul-intre-tarlale-la-4-benzi\\\/#breadcrumb\",\"itemListElement\":[{\"@type\":\"ListItem\",\"position\":1,\"name\":\"Acas\u0103\",\"item\":\"https:\\\/\\\/buletin.de\\\/bucuresti\\\/\"},{\"@type\":\"ListItem\",\"position\":2,\"name\":\"Prim\u0103ria Sectorului 3 a anun\u021bat construirea a trei pasaje subterane, dou\u0103 supraterane \u0219i l\u0103rgirea str\u0103zii Drumul \u00eentre Tarlale la 4 benzi.\"}]},{\"@type\":\"WebSite\",\"@id\":\"https:\\\/\\\/buletin.de\\\/bucuresti\\\/#website\",\"url\":\"https:\\\/\\\/buletin.de\\\/bucuresti\\\/\",\"name\":\"Buletin de Bucure\u0219ti\",\"description\":\"\u0218tiri \u0219i investiga\u021bii esen\u021biale din capital\u0103\",\"publisher\":{\"@id\":\"https:\\\/\\\/buletin.de\\\/bucuresti\\\/#organization\"},\"potentialAction\":[{\"@type\":\"SearchAction\",\"target\":{\"@type\":\"EntryPoint\",\"urlTemplate\":\"https:\\\/\\\/buletin.de\\\/bucuresti\\\/?s={search_term_string}\"},\"query-input\":{\"@type\":\"PropertyValueSpecification\",\"valueRequired\":true,\"valueName\":\"search_term_string\"}}],\"inLanguage\":\"en-GB\"},{\"@type\":\"Organization\",\"@id\":\"https:\\\/\\\/buletin.de\\\/bucuresti\\\/#organization\",\"name\":\"Buletin de Bucure\u0219ti\",\"url\":\"https:\\\/\\\/buletin.de\\\/bucuresti\\\/\",\"logo\":{\"@type\":\"ImageObject\",\"inLanguage\":\"en-GB\",\"@id\":\"https:\\\/\\\/buletin.de\\\/bucuresti\\\/#\\\/schema\\\/logo\\\/image\\\/\",\"url\":\"https:\\\/\\\/buletin.de\\\/bucuresti\\\/wp-content\\\/uploads\\\/logo-bdb-full-wide-vernil-transparent.png\",\"contentUrl\":\"https:\\\/\\\/buletin.de\\\/bucuresti\\\/wp-content\\\/uploads\\\/logo-bdb-full-wide-vernil-transparent.png\",\"width\":1782,\"height\":626,\"caption\":\"Buletin de Bucure\u0219ti\"},\"image\":{\"@id\":\"https:\\\/\\\/buletin.de\\\/bucuresti\\\/#\\\/schema\\\/logo\\\/image\\\/\"},\"sameAs\":[\"https:\\\/\\\/www.facebook.com\\\/buletin.de.buc\",\"https:\\\/\\\/www.instagram.com\\\/buletinde.bucuresti\\\/\"]},{\"@type\":\"Person\",\"@id\":\"https:\\\/\\\/buletin.de\\\/bucuresti\\\/#\\\/schema\\\/person\\\/b0686d7a8b666c6afc78239777fd8a89\",\"name\":\"Florin R\u00e2\u0219teiu\",\"image\":{\"@type\":\"ImageObject\",\"inLanguage\":\"en-GB\",\"@id\":\"https:\\\/\\\/buletin.de\\\/bucuresti\\\/wp-content\\\/uploads\\\/Florin-Rasteiu-96x96.jpgf0a6fe28453aa12f0a60e4d0a2e3a78c\",\"url\":\"https:\\\/\\\/buletin.de\\\/bucuresti\\\/wp-content\\\/uploads\\\/Florin-Rasteiu-96x96.jpg\",\"contentUrl\":\"https:\\\/\\\/buletin.de\\\/bucuresti\\\/wp-content\\\/uploads\\\/Florin-Rasteiu-96x96.jpg\",\"caption\":\"Florin R\u00e2\u0219teiu\"},\"description\":\"Jurnalist de investiga\u021bie. Lucreaz\u0103 de aproape 6 ani la Buletin de Bucure\u0219ti, unde a publicat articole care scot la suprafa\u021b\u0103 corup\u021bia din Capital\u0103. Analizeaz\u0103 baze de date zilnic \u0219i scoate pove\u0219ti din exceluri pline de cifre. Pune reflectorul pe adev\u0103r cu fiecare ocazie. A c\u00e2\u0219tigat premiul I la categoria Pres\u0103 Local\u0103 \u00een 2025 \u0219i locul al II-lea la aceea\u0219i categorie \u00een 2024 \u00een cadrul Premiilor Superscrieri pentru jurnalism independent.\",\"url\":\"https:\\\/\\\/buletin.de\\\/bucuresti\\\/author\\\/florinrasteiu\\\/\"}]}<\/script>\n<!-- \/ Yoast SEO Premium plugin. -->","yoast_head_json":{"title":"Prim\u0103ria Sectorului 3 a anun\u021bat construirea a trei pasaje subterane, dou\u0103 supraterane \u0219i l\u0103rgirea str\u0103zii Drumul \u00eentre Tarlale la 4 benzi. - Buletin de Bucure\u0219ti","robots":{"index":"index","follow":"follow","max-snippet":"max-snippet:-1","max-image-preview":"max-image-preview:large","max-video-preview":"max-video-preview:-1"},"canonical":"https:\/\/buletin.de\/bucuresti\/primaria-sectorului-3-a-anuntat-construirea-a-trei-pasaje-subterane-doua-supraterane-si-largirea-strazii-drumul-intre-tarlale-la-4-benzi\/","og_locale":"en_GB","og_type":"article","og_title":"Prim\u0103ria Sectorului 3 a anun\u021bat construirea a trei pasaje subterane, dou\u0103 supraterane \u0219i l\u0103rgirea str\u0103zii Drumul \u00eentre Tarlale la 4 benzi.","og_description":"Prim\u0103ria Sectorului 3 a anun\u021bat inten\u021bia de a investi aproape jum\u0103tate de miliard de lei \u00een proiecte destinate fluidiz\u0103rii traficului. Investi\u021bia cuprinde trei pasaje rutiere subterane, dou\u0103 pe \u0219oseaua Mihai Bravu \u0219i unul la intersec\u021bia str. G\u0103rii C\u0103\u021belu cu \u0218oseaua Industriilor. Dou\u0103 pasaje supraterane urmeaz\u0103 s\u0103 fie construite la intersec\u021bia bd. Theodor Pallady \u2013 str. [&hellip;]","og_url":"https:\/\/buletin.de\/bucuresti\/primaria-sectorului-3-a-anuntat-construirea-a-trei-pasaje-subterane-doua-supraterane-si-largirea-strazii-drumul-intre-tarlale-la-4-benzi\/","og_site_name":"Buletin de Bucure\u0219ti","article_publisher":"https:\/\/www.facebook.com\/buletin.de.buc","article_published_time":"2021-01-28T15:52:00+00:00","article_modified_time":"2021-02-01T20:12:14+00:00","og_image":[{"width":1654,"height":1170,"url":"https:\/\/buletin.de\/bucuresti\/wp-content\/uploads\/143724073_3951859928214605_4173538218430300073_o.jpg","type":"image\/jpeg"}],"author":"Florin R\u00e2\u0219teiu","twitter_card":"summary_large_image","twitter_misc":{"Written by":"Florin R\u00e2\u0219teiu","Estimated reading time":"2 minutes"},"schema":{"@context":"https:\/\/schema.org","@graph":[{"@type":"Article","@id":"https:\/\/buletin.de\/bucuresti\/primaria-sectorului-3-a-anuntat-construirea-a-trei-pasaje-subterane-doua-supraterane-si-largirea-strazii-drumul-intre-tarlale-la-4-benzi\/#article","isPartOf":{"@id":"https:\/\/buletin.de\/bucuresti\/primaria-sectorului-3-a-anuntat-construirea-a-trei-pasaje-subterane-doua-supraterane-si-largirea-strazii-drumul-intre-tarlale-la-4-benzi\/"},"author":{"name":"Florin R\u00e2\u0219teiu","@id":"https:\/\/buletin.de\/bucuresti\/#\/schema\/person\/b0686d7a8b666c6afc78239777fd8a89"},"headline":"Prim\u0103ria Sectorului 3 a anun\u021bat construirea a trei pasaje subterane, dou\u0103 supraterane \u0219i l\u0103rgirea str\u0103zii Drumul \u00eentre Tarlale la 4 benzi.","datePublished":"2021-01-28T15:52:00+00:00","dateModified":"2021-02-01T20:12:14+00:00","mainEntityOfPage":{"@id":"https:\/\/buletin.de\/bucuresti\/primaria-sectorului-3-a-anuntat-construirea-a-trei-pasaje-subterane-doua-supraterane-si-largirea-strazii-drumul-intre-tarlale-la-4-benzi\/"},"wordCount":394,"publisher":{"@id":"https:\/\/buletin.de\/bucuresti\/#organization"},"image":{"@id":"https:\/\/buletin.de\/bucuresti\/primaria-sectorului-3-a-anuntat-construirea-a-trei-pasaje-subterane-doua-supraterane-si-largirea-strazii-drumul-intre-tarlale-la-4-benzi\/#primaryimage"},"thumbnailUrl":"https:\/\/buletin.de\/bucuresti\/wp-content\/uploads\/143724073_3951859928214605_4173538218430300073_o.jpg","articleSection":["Diverse"],"inLanguage":"en-GB","copyrightYear":"2021","copyrightHolder":{"@id":"https:\/\/buletin.de\/bucuresti\/#organization"}},{"@type":"WebPage","@id":"https:\/\/buletin.de\/bucuresti\/primaria-sectorului-3-a-anuntat-construirea-a-trei-pasaje-subterane-doua-supraterane-si-largirea-strazii-drumul-intre-tarlale-la-4-benzi\/","url":"https:\/\/buletin.de\/bucuresti\/primaria-sectorului-3-a-anuntat-construirea-a-trei-pasaje-subterane-doua-supraterane-si-largirea-strazii-drumul-intre-tarlale-la-4-benzi\/","name":"Prim\u0103ria Sectorului 3 a anun\u021bat construirea a trei pasaje subterane, dou\u0103 supraterane \u0219i l\u0103rgirea str\u0103zii Drumul \u00eentre Tarlale la 4 benzi. - Buletin de Bucure\u0219ti","isPartOf":{"@id":"https:\/\/buletin.de\/bucuresti\/#website"},"primaryImageOfPage":{"@id":"https:\/\/buletin.de\/bucuresti\/primaria-sectorului-3-a-anuntat-construirea-a-trei-pasaje-subterane-doua-supraterane-si-largirea-strazii-drumul-intre-tarlale-la-4-benzi\/#primaryimage"},"image":{"@id":"https:\/\/buletin.de\/bucuresti\/primaria-sectorului-3-a-anuntat-construirea-a-trei-pasaje-subterane-doua-supraterane-si-largirea-strazii-drumul-intre-tarlale-la-4-benzi\/#primaryimage"},"thumbnailUrl":"https:\/\/buletin.de\/bucuresti\/wp-content\/uploads\/143724073_3951859928214605_4173538218430300073_o.jpg","datePublished":"2021-01-28T15:52:00+00:00","dateModified":"2021-02-01T20:12:14+00:00","breadcrumb":{"@id":"https:\/\/buletin.de\/bucuresti\/primaria-sectorului-3-a-anuntat-construirea-a-trei-pasaje-subterane-doua-supraterane-si-largirea-strazii-drumul-intre-tarlale-la-4-benzi\/#breadcrumb"},"inLanguage":"en-GB","potentialAction":[{"@type":"ReadAction","target":["https:\/\/buletin.de\/bucuresti\/primaria-sectorului-3-a-anuntat-construirea-a-trei-pasaje-subterane-doua-supraterane-si-largirea-strazii-drumul-intre-tarlale-la-4-benzi\/"]}]},{"@type":"ImageObject","inLanguage":"en-GB","@id":"https:\/\/buletin.de\/bucuresti\/primaria-sectorului-3-a-anuntat-construirea-a-trei-pasaje-subterane-doua-supraterane-si-largirea-strazii-drumul-intre-tarlale-la-4-benzi\/#primaryimage","url":"https:\/\/buletin.de\/bucuresti\/wp-content\/uploads\/143724073_3951859928214605_4173538218430300073_o.jpg","contentUrl":"https:\/\/buletin.de\/bucuresti\/wp-content\/uploads\/143724073_3951859928214605_4173538218430300073_o.jpg","width":1654,"height":1170},{"@type":"BreadcrumbList","@id":"https:\/\/buletin.de\/bucuresti\/primaria-sectorului-3-a-anuntat-construirea-a-trei-pasaje-subterane-doua-supraterane-si-largirea-strazii-drumul-intre-tarlale-la-4-benzi\/#breadcrumb","itemListElement":[{"@type":"ListItem","position":1,"name":"Acas\u0103","item":"https:\/\/buletin.de\/bucuresti\/"},{"@type":"ListItem","position":2,"name":"Prim\u0103ria Sectorului 3 a anun\u021bat construirea a trei pasaje subterane, dou\u0103 supraterane \u0219i l\u0103rgirea str\u0103zii Drumul \u00eentre Tarlale la 4 benzi."}]},{"@type":"WebSite","@id":"https:\/\/buletin.de\/bucuresti\/#website","url":"https:\/\/buletin.de\/bucuresti\/","name":"Buletin de Bucure\u0219ti","description":"\u0218tiri \u0219i investiga\u021bii esen\u021biale din capital\u0103","publisher":{"@id":"https:\/\/buletin.de\/bucuresti\/#organization"},"potentialAction":[{"@type":"SearchAction","target":{"@type":"EntryPoint","urlTemplate":"https:\/\/buletin.de\/bucuresti\/?s={search_term_string}"},"query-input":{"@type":"PropertyValueSpecification","valueRequired":true,"valueName":"search_term_string"}}],"inLanguage":"en-GB"},{"@type":"Organization","@id":"https:\/\/buletin.de\/bucuresti\/#organization","name":"Buletin de Bucure\u0219ti","url":"https:\/\/buletin.de\/bucuresti\/","logo":{"@type":"ImageObject","inLanguage":"en-GB","@id":"https:\/\/buletin.de\/bucuresti\/#\/schema\/logo\/image\/","url":"https:\/\/buletin.de\/bucuresti\/wp-content\/uploads\/logo-bdb-full-wide-vernil-transparent.png","contentUrl":"https:\/\/buletin.de\/bucuresti\/wp-content\/uploads\/logo-bdb-full-wide-vernil-transparent.png","width":1782,"height":626,"caption":"Buletin de Bucure\u0219ti"},"image":{"@id":"https:\/\/buletin.de\/bucuresti\/#\/schema\/logo\/image\/"},"sameAs":["https:\/\/www.facebook.com\/buletin.de.buc","https:\/\/www.instagram.com\/buletinde.bucuresti\/"]},{"@type":"Person","@id":"https:\/\/buletin.de\/bucuresti\/#\/schema\/person\/b0686d7a8b666c6afc78239777fd8a89","name":"Florin R\u00e2\u0219teiu","image":{"@type":"ImageObject","inLanguage":"en-GB","@id":"https:\/\/buletin.de\/bucuresti\/wp-content\/uploads\/Florin-Rasteiu-96x96.jpgf0a6fe28453aa12f0a60e4d0a2e3a78c","url":"https:\/\/buletin.de\/bucuresti\/wp-content\/uploads\/Florin-Rasteiu-96x96.jpg","contentUrl":"https:\/\/buletin.de\/bucuresti\/wp-content\/uploads\/Florin-Rasteiu-96x96.jpg","caption":"Florin R\u00e2\u0219teiu"},"description":"Jurnalist de investiga\u021bie. Lucreaz\u0103 de aproape 6 ani la Buletin de Bucure\u0219ti, unde a publicat articole care scot la suprafa\u021b\u0103 corup\u021bia din Capital\u0103. Analizeaz\u0103 baze de date zilnic \u0219i scoate pove\u0219ti din exceluri pline de cifre. Pune reflectorul pe adev\u0103r cu fiecare ocazie. A c\u00e2\u0219tigat premiul I la categoria Pres\u0103 Local\u0103 \u00een 2025 \u0219i locul al II-lea la aceea\u0219i categorie \u00een 2024 \u00een cadrul Premiilor Superscrieri pentru jurnalism independent.","url":"https:\/\/buletin.de\/bucuresti\/author\/florinrasteiu\/"}]}},"authors":[{"term_id":22576,"user_id":17,"is_guest":0,"slug":"florinrasteiu","display_name":"Florin R\u00e2\u0219teiu","avatar_url":"https:\/\/buletin.de\/bucuresti\/wp-content\/uploads\/Florin-Rasteiu-96x96.jpg","0":null,"1":"","2":"","3":"","4":"","5":"","6":"","7":"","8":""}],"_links":{"self":[{"href":"https:\/\/buletin.de\/bucuresti\/wp-json\/wp\/v2\/posts\/18929","targetHints":{"allow":["GET"]}}],"collection":[{"href":"https:\/\/buletin.de\/bucuresti\/wp-json\/wp\/v2\/posts"}],"about":[{"href":"https:\/\/buletin.de\/bucuresti\/wp-json\/wp\/v2\/types\/post"}],"author":[{"embeddable":true,"href":"https:\/\/buletin.de\/bucuresti\/wp-json\/wp\/v2\/users\/17"}],"replies":[{"embeddable":true,"href":"https:\/\/buletin.de\/bucuresti\/wp-json\/wp\/v2\/comments?post=18929"}],"version-history":[{"count":5,"href":"https:\/\/buletin.de\/bucuresti\/wp-json\/wp\/v2\/posts\/18929\/revisions"}],"predecessor-version":[{"id":18943,"href":"https:\/\/buletin.de\/bucuresti\/wp-json\/wp\/v2\/posts\/18929\/revisions\/18943"}],"wp:featuredmedia":[{"embeddable":true,"href":"https:\/\/buletin.de\/bucuresti\/wp-json\/wp\/v2\/media\/18935"}],"wp:attachment":[{"href":"https:\/\/buletin.de\/bucuresti\/wp-json\/wp\/v2\/media?parent=18929"}],"wp:term":[{"taxonomy":"category","embeddable":true,"href":"https:\/\/buletin.de\/bucuresti\/wp-json\/wp\/v2\/categories?post=18929"},{"taxonomy":"post_tag","embeddable":true,"href":"https:\/\/buletin.de\/bucuresti\/wp-json\/wp\/v2\/tags?post=18929"},{"taxonomy":"author","embeddable":true,"href":"https:\/\/buletin.de\/bucuresti\/wp-json\/wp\/v2\/ppma_author?post=18929"}],"curies":[{"name":"wp","href":"https:\/\/api.w.org\/{rel}","templated":true}]}}