{"id":189145,"date":"2026-04-27T14:27:04","date_gmt":"2026-04-27T11:27:04","guid":{"rendered":"https:\/\/buletin.de\/bucuresti\/?p=189145"},"modified":"2026-04-27T15:13:36","modified_gmt":"2026-04-27T12:13:36","slug":"consolidarea-scolii-i-g-duca-din-sectorul-5-se-scumpeste-cu-160-fata-de-devizul-initial-este-a-doua-majorare-din-ultimii-ani","status":"publish","type":"post","link":"https:\/\/buletin.de\/bucuresti\/consolidarea-scolii-i-g-duca-din-sectorul-5-se-scumpeste-cu-160-fata-de-devizul-initial-este-a-doua-majorare-din-ultimii-ani\/","title":{"rendered":"Consolidarea \u0218colii \u201eI.G. Duca\u201d, din Sectorul 5, se scumpe\u0219te cu 160% fa\u021b\u0103 de devizul ini\u021bial. Este a doua majorare din ultimii ani"},"content":{"rendered":"\n<p><strong>Consolidarea \u0219i reabilitarea \u0218colii \u201eI.G. Duca\u201d din Sectorul 5 al Capitalei se scumpe\u0219te consistent din nou, conform unui <a href=\"https:\/\/sector5.ro\/category\/consiliul-local-sector-5\/sedinte-de-consiliu\/convocator-de-sedinta\/convocator-sedinte-de-consiliu-2026\/\" target=\"_blank\" rel=\"noreferrer noopener\">proiect de hot\u0103r\u00e2re<\/a> ce se afl\u0103 pe ordinea de zi a urm\u0103toarei \u0219edin\u021be a Consiliului Local. <\/strong><\/p>\n\n\n\n<p><strong>Prim\u0103ria urmeaz\u0103 s\u0103 pl\u0103teasc\u0103 cu 47,56 milioane de lei mai mult fa\u021b\u0103 de ultima scumpire \u0219i cu 166,70% mai mult fa\u021b\u0103 de devizul ini\u021bial, aprobat de Consiliul Local \u00een 2023. <\/strong><\/p>\n\n\n\n<p>Aceasta este a doua oar\u0103 c\u00e2nd Prim\u0103ria scumpe\u0219te lucr\u0103rile de la \u0218coala Gimnazial\u0103 \u201eI.G. Duca\u201d. <\/p>\n\n\n\n<h2 class=\"wp-block-heading\" id=\"h-de-ce-s-au-dublat-costurile-din-2023-pana-in-2024\">De ce s-au dublat costurile din 2023 p\u00e2n\u0103 \u00een 2024<\/h2>\n\n\n\n<p>Indicatorii tehnico-economici pentru obiectivul de investi\u021bii \u201eLucr\u0103ri de Consolidare, Reabilitare, Supraetajare Par\u021bial\u0103 \u0219i Extindere \u0218coala Gimnazial\u0103 I.G.Duca\u201c, \u0218oseaua Panduri nr. 42, Sector 5, Bucure\u0219ti\u201d au fost aproba\u021bi  ini\u021bial de Consiliul Local \u00een luna martie a anului 2023. <\/p>\n\n\n\n<p>La momentul respectiv, lucr\u0103rile costau doar <strong>55,24 milioane de lei<\/strong> \u0219i presupuneau punerea \u00een siguran\u021b\u0103 a unui corp existent, supraetajarea acestuia \u0219i extinderea unit\u0103\u021bii de \u00eenv\u0103\u021b\u0103m\u00e2nt prin realizare unui nou corp de cl\u0103dire. <\/p>\n\n\n\n<p>Expertiza realizat\u0103 imobilului existent \u00een cadrul \u0219colii gimnaziale l-a \u00eencadra \u00een clasa de risc seismic Rs II. Astfel c\u0103, prin hot\u0103r\u00e2rea de consiliul local din 16 februarie 2024, s-a luat decizia ca acesta s\u0103 fie demolat.<\/p>\n\n\n\n<p><strong><em>\u201ePe baza rezultatelor evalu\u0103rii calitative \u0219i cantitative, prin calcul, structura de rezisten\u021b\u0103 se \u00eencadreaz\u0103 \u00een clasa de risc seismic Rs II. \u00cen urma concluziilor expertizelor efectuate \u0219i a propunerilor solicitate de c\u0103tre beneficiar se propune demolarea Tronson B \u0219i par\u021bial a tronsonului A al corpului de cl\u0103dire existent \u04211\u201d,<\/em><\/strong> se arat\u0103 \u00een descrierea sumar\u0103 a investi\u021biei ata\u0219at\u0103 proiectului de hot\u0103r\u00e2re.<\/p>\n\n\n\n<p>De asemenea, s-a decis \u0219i demolarea unui teren de sport construit anterior, deoarece acesta nu era acoperit \u0219i nu putea fi folosit pentru desf\u0103\u0219urarea orelor de sport \u00een lunile reci ale anului. <\/p>\n\n\n\n<p>\u00cen acest context, costurile pentru realizarea proiectului aproape c\u0103 s-au dublat, ajung\u00e2nd de la <strong>55,24 milioane de lei<\/strong> la <strong>99,78 milioane de lei<\/strong>. <\/p>\n\n\n\n<p><strong>CITE\u0218TE \u0218I <a href=\"https:\/\/buletin.de\/bucuresti\/politia-locala-sector-3-introduce-camerele-de-corp-in-operatiunile-de-ridicare-a-vehiculelor-parcate-ilegal\/\" type=\"post\" id=\"189175\">Poli\u021bia Local\u0103 Sector 3 introduce camerele de corp \u00een opera\u021biunile de ridicare a vehiculelor parcate ilegal<\/a><\/strong><\/p>\n\n\n\n<h2 class=\"wp-block-heading\" id=\"h-consolidarea-\u0219colii-i-g-duca-se-scumpe\u0219te-\u0219i-in-2026\">Consolidarea \u0218colii \u201eI.G. Duca\u201d se scumpe\u0219te \u0219i \u00een 2026<\/h2>\n\n\n\n<p>\u00cen prezent, la mai bine de 2 ani de la ultima modificare a devizului pentru consolidarea \u0218colii Gimnaziale \u201eI.G. Duca\u201d, Prim\u0103ria Sectorului 5 a ini\u021biat un nou proiect de hot\u0103r\u00e2re prin care se cere modificare sume alocate pentru investi\u021bie.<\/p>\n\n\n\n<p>Mai precis, conform proiectului consultat de Buletin de Bucure\u0219ti, pre\u021bul lucr\u0103rilor se va scumpi semnificativ \u00een 2026. Astfel c\u0103, \u00een loc ca Prim\u0103ria s\u0103 pl\u0103teasc\u0103 99,78 milioane de lei, pentru aceast\u0103 investi\u021bie, costurile vor ajunge la <strong>147,33 milioane de lei<\/strong>, echivalentul a <strong><mark style=\"background-color:rgba(0, 0, 0, 0)\" class=\"has-inline-color has-vivid-red-color\">29,6 milioane de euro<\/mark><\/strong>.<\/p>\n\n\n\n<p>Major\u0103rile vizeaz\u0103 at\u00e2t cl\u0103direa veche ce exista deja \u00een cadrul unit\u0103\u021bii de \u00eenv\u0103\u021b\u0103m\u00e2nt, c\u00e2t \u0219i corul nou pe care administra\u021bia public\u0103 dore\u0219te s\u0103 \u00eel realizeze. Cu toate astea, costurile pentru cl\u0103direa nou\u0103 sunt cele care au crescut mai mult. <\/p>\n\n\n\n<p>\u00cen 2024, costurile pentru cl\u0103direa veche a \u0219colii erau de aproape 38 milioane de lei (lu\u00e2nd \u00een calcul \u0219i cheltuielile de demolare), iar cele pentru realizarea noului corp erau de 62 de milioane de lei. <\/p>\n\n\n\n<p>\u00cen 2026, costurile pentru cl\u0103direa veche au crescut cu <strong>59,80%<\/strong>, ajung\u00e2nd la 60,6 milioane de lei. \u00cen ceea ce prive\u0219te costurile pentru corpul nou de cl\u0103dire, acestea au crescut cu <strong>40,22%<\/strong>, ajung\u00e2nd la 86,7 milioane de euro. <\/p>\n\n\n\n<p>\u00cen proiectul de hot\u0103r\u00e2re de urmeaz\u0103 s\u0103 fie supus votului \u00een \u0219edin\u021ba de miercuri, 29 aprilie 2026, a Consilului Local Sector 5 se precizeaz\u0103 c\u0103 scumpirile se datoreaz\u0103 schimb\u0103rii solu\u021biei tehnice, \u00eens\u0103 nu se ofer\u0103 explica\u021bii suplimentare. <\/p>\n\n\n\n<p><strong><em>\u201eDup\u0103 elaborarea proiectelor tehnice valoarea indicatorilor tehnico-economici modificat, datorit\u0103 schimb\u0103rii solu\u021biei tehnice\u201d<\/em><\/strong>, se precizeaz\u0103 \u00een referatul de aprobare al proiectului. <\/p>\n\n\n\n<p><strong>CITE\u0218TE \u0218I <a href=\"https:\/\/buletin.de\/bucuresti\/un-nou-gigant-imobiliar-pe-intrarea-straulesti-mufat-la-viitorul-drum-radial-4-nord-expres-dezvoltatorii-ar-trebui-sa-rezerve-un-teren-pentru-o-scoala\/\" type=\"post\" id=\"188331\">Un nou gigant imobiliar pe Intrarea Str\u0103ule\u0219ti, \u201emufat\u201d la viitorul Drum Radial 4 Nord Expres. Dezvoltatorii ar trebui s\u0103 rezerve un teren pentru o \u0219coal\u0103<\/a><\/strong><\/p>\n\n\n\n<h2 class=\"wp-block-heading\" id=\"h-\u0219antierul-deblocat-aproape-doi-ani-\u0219i-jumatate-de-la-relocarea-elevilor\">\u0218antierul, deblocat aproape doi ani \u0219i jum\u0103tate de la relocarea elevilor<\/h2>\n\n\n\n<p>Cei mai bine de 1.000 de elevi care \u00eenv\u0103\u021bau \u00een \u0219coala gimnazial\u0103 \u201eI.G. Duca\u201d au fost reloca\u021bi \u00eenc\u0103 din septembrie 2023, cl\u0103direa fiind \u00eenchis\u0103 pentru consolidare \u0219i modernizare.<\/p>\n\n\n\n<p>Cu toate astea, lucr\u0103rile efective nu au fost \u00eencepute, motivul fiind: <strong>documenta\u021bia de autorizare a lucr\u0103rilor era prost \u00eentocmit\u0103, dup\u0103 cum transmitea edilul Ciprian Ciucu<\/strong> \u00een luna februarie a acestui an. <\/p>\n\n\n\n<p>Astfel c\u0103, \u00een 2026, dup\u0103 aproape doi ani \u0219i jum\u0103tate de a\u0219teptare, primarul general a anun\u021bat c\u0103 a semnat autoriza\u021bia de construire, \u00een urma discu\u021biilor dintre reprezenta\u021bii municipalit\u0103\u021bii \u0219i cei ai Prim\u0103riei Sectorului 5.<\/p>\n\n\n\n<p><strong><em>\u201eDl. primar Piedone Jr. m-a rugat s\u0103 \u00eel ajut \u0219i s\u0103 debloc\u0103m autoriza\u021bia de construire pentru punerea \u00een siguran\u021b\u0103 \u0219i reabilitarea \u0218colii I.G. Duca, din Sectorul 5. Documenta\u021bia de autorizare a constuc\u021biilor era prost \u00eentocmit\u0103 \u0219i era blocat\u0103 de mai mul\u021bi ani.<\/em><\/strong><\/p>\n\n\n\n<p><strong><em>Astfel, serviciul de arhitectului \u0219ef a chemat reponsabilii Prim\u0103riei Sectorului 5 \u0219i le-a dat solu\u021biile (ce anume trebuia s\u0103 mai con\u021bin\u0103 documenta\u021bia) prin care documenta\u021bia s\u0103 poat\u0103 fi emis\u0103 legal.<\/em><\/strong><\/p>\n\n\n\n<p><strong><em>Tocmai ce am semnat autoriza\u021bia<\/em>\u201d<\/strong>,declara la momentul respectiv primarul general. <\/p>\n\n\n\n<p><strong>CITE\u0218TE \u0218I <a href=\"https:\/\/buletin.de\/bucuresti\/foto-propuneri-de-amenajare-pentru-10-piatete-in-zona-armeneasca-mosilor-bucurestenii-invitati-sa-completeze-un-chestionar\/\" type=\"link\" id=\"https:\/\/buletin.de\/bucuresti\/foto-propuneri-de-amenajare-pentru-10-piatete-in-zona-armeneasca-mosilor-bucurestenii-invitati-sa-completeze-un-chestionar\/\">FOTO | Propuneri de amenajare pentru 10 pia\u021bete, \u00een zona Armeneasc\u0103 \u2013 Mo\u0219ilor. Bucure\u0219tenii, invita\u021bi s\u0103 completeze un chestionar<\/a><\/strong><\/p>\n","protected":false},"excerpt":{"rendered":"<p>Consolidarea \u0219i reabilitarea \u0218colii \u201eI.G. Duca\u201d din Sectorul 5 al Capitalei se scumpe\u0219te consistent din nou, conform unui proiect de hot\u0103r\u00e2re ce se afl\u0103 pe ordinea de zi a urm\u0103toarei \u0219edin\u021be a Consiliului Local. Prim\u0103ria urmeaz\u0103 s\u0103 pl\u0103teasc\u0103 cu 47,56 milioane de lei mai mult fa\u021b\u0103 de ultima scumpire \u0219i cu 166,70% mai mult fa\u021b\u0103 [&hellip;]<\/p>\n","protected":false},"author":66,"featured_media":189612,"comment_status":"closed","ping_status":"open","sticky":false,"template":"","format":"standard","meta":{"_acf_changed":false,"inline_featured_image":false,"ngg_post_thumbnail":0,"footnotes":""},"categories":[6994,5762,24],"tags":[5080,4381,27981,27980,188],"ppma_author":[26103],"class_list":["post-189145","post","type-post","status-publish","format-standard","has-post-thumbnail","hentry","category-stiri-2","category-main","category-primarie","tag-primaria-sectorului-5-2","tag-proiect-de-hotarare","tag-scoala-i-g-duca-4","tag-scumpire-lucrari","tag-sector-5"],"acf":[],"yoast_head":"<!-- This site is optimized with the Yoast SEO Premium plugin v25.3 (Yoast SEO v27.4) - https:\/\/yoast.com\/product\/yoast-seo-premium-wordpress\/ -->\n<title>Consolidarea \u0218colii \u201eI.G. Duca\u201d, din Sectorul 5, se scumpe\u0219te cu 160% fa\u021b\u0103 de devizul ini\u021bial. Este a doua majorare din ultimii ani - Buletin de Bucure\u0219ti<\/title>\n<meta name=\"description\" content=\"Consolidarea \u0219i reabilitarea \u0218colii \u201eI.G. Duca\u201d din Sectorul 5 al Capitalei se scumpe\u0219te din nou, conform unui proiect de hot\u0103r\u00e2re.\" \/>\n<meta name=\"robots\" content=\"index, follow, max-snippet:-1, max-image-preview:large, max-video-preview:-1\" \/>\n<link rel=\"canonical\" href=\"https:\/\/buletin.de\/bucuresti\/consolidarea-scolii-i-g-duca-din-sectorul-5-se-scumpeste-cu-160-fata-de-devizul-initial-este-a-doua-majorare-din-ultimii-ani\/\" \/>\n<meta property=\"og:locale\" content=\"en_GB\" \/>\n<meta property=\"og:type\" content=\"article\" \/>\n<meta property=\"og:title\" content=\"Consolidarea \u0218colii \u201eI.G. Duca\u201d, din Sectorul 5, se scumpe\u0219te cu 160% fa\u021b\u0103 de devizul ini\u021bial. Este a doua majorare din ultimii ani\" \/>\n<meta property=\"og:description\" content=\"Consolidarea \u0219i reabilitarea \u0218colii \u201eI.G. Duca\u201d din Sectorul 5 al Capitalei se scumpe\u0219te din nou, conform unui proiect de hot\u0103r\u00e2re.\" \/>\n<meta property=\"og:url\" content=\"https:\/\/buletin.de\/bucuresti\/consolidarea-scolii-i-g-duca-din-sectorul-5-se-scumpeste-cu-160-fata-de-devizul-initial-este-a-doua-majorare-din-ultimii-ani\/\" \/>\n<meta property=\"og:site_name\" content=\"Buletin de Bucure\u0219ti\" \/>\n<meta property=\"article:publisher\" content=\"https:\/\/www.facebook.com\/buletin.de.buc\" \/>\n<meta property=\"article:published_time\" content=\"2026-04-27T11:27:04+00:00\" \/>\n<meta property=\"article:modified_time\" content=\"2026-04-27T12:13:36+00:00\" \/>\n<meta property=\"og:image\" content=\"https:\/\/buletin.de\/bucuresti\/wp-content\/uploads\/2026\/04\/Scoala-I.G.Duca_.jpg\" \/>\n\t<meta property=\"og:image:width\" content=\"1200\" \/>\n\t<meta property=\"og:image:height\" content=\"650\" \/>\n\t<meta property=\"og:image:type\" content=\"image\/jpeg\" \/>\n<meta name=\"author\" content=\"Deniz Garguli\" \/>\n<meta name=\"twitter:card\" content=\"summary_large_image\" \/>\n<meta name=\"twitter:label1\" content=\"Written by\" \/>\n\t<meta name=\"twitter:data1\" content=\"Deniz Garguli\" \/>\n\t<meta name=\"twitter:label2\" content=\"Estimated reading time\" \/>\n\t<meta name=\"twitter:data2\" content=\"4 minutes\" \/>\n<script type=\"application\/ld+json\" class=\"yoast-schema-graph\">{\"@context\":\"https:\\\/\\\/schema.org\",\"@graph\":[{\"@type\":\"Article\",\"@id\":\"https:\\\/\\\/buletin.de\\\/bucuresti\\\/consolidarea-scolii-i-g-duca-din-sectorul-5-se-scumpeste-cu-160-fata-de-devizul-initial-este-a-doua-majorare-din-ultimii-ani\\\/#article\",\"isPartOf\":{\"@id\":\"https:\\\/\\\/buletin.de\\\/bucuresti\\\/consolidarea-scolii-i-g-duca-din-sectorul-5-se-scumpeste-cu-160-fata-de-devizul-initial-este-a-doua-majorare-din-ultimii-ani\\\/\"},\"author\":{\"name\":\"Deniz Garguli\",\"@id\":\"https:\\\/\\\/buletin.de\\\/bucuresti\\\/#\\\/schema\\\/person\\\/8badd0805392c02e16b744e0d5cd3625\"},\"headline\":\"Consolidarea \u0218colii \u201eI.G. Duca\u201d, din Sectorul 5, se scumpe\u0219te cu 160% fa\u021b\u0103 de devizul ini\u021bial. Este a doua majorare din ultimii ani\",\"datePublished\":\"2026-04-27T11:27:04+00:00\",\"dateModified\":\"2026-04-27T12:13:36+00:00\",\"mainEntityOfPage\":{\"@id\":\"https:\\\/\\\/buletin.de\\\/bucuresti\\\/consolidarea-scolii-i-g-duca-din-sectorul-5-se-scumpeste-cu-160-fata-de-devizul-initial-este-a-doua-majorare-din-ultimii-ani\\\/\"},\"wordCount\":1001,\"publisher\":{\"@id\":\"https:\\\/\\\/buletin.de\\\/bucuresti\\\/#organization\"},\"image\":{\"@id\":\"https:\\\/\\\/buletin.de\\\/bucuresti\\\/consolidarea-scolii-i-g-duca-din-sectorul-5-se-scumpeste-cu-160-fata-de-devizul-initial-este-a-doua-majorare-din-ultimii-ani\\\/#primaryimage\"},\"thumbnailUrl\":\"https:\\\/\\\/buletin.de\\\/bucuresti\\\/wp-content\\\/uploads\\\/2026\\\/04\\\/Scoala-I.G.Duca_.jpg\",\"keywords\":[\"Prim\u0103ria Sectorului 5\",\"proiect de hot\u0103r\u00e2re\",\"\u0218coala \u201eI.G. Duca\u201d\",\"Scumpire lucr\u0103ri\",\"Sector 5\"],\"articleSection\":[\"Articole\",\"Main\",\"Prim\u0103rie\"],\"inLanguage\":\"en-GB\",\"copyrightYear\":\"2026\",\"copyrightHolder\":{\"@id\":\"https:\\\/\\\/buletin.de\\\/bucuresti\\\/#organization\"}},{\"@type\":\"WebPage\",\"@id\":\"https:\\\/\\\/buletin.de\\\/bucuresti\\\/consolidarea-scolii-i-g-duca-din-sectorul-5-se-scumpeste-cu-160-fata-de-devizul-initial-este-a-doua-majorare-din-ultimii-ani\\\/\",\"url\":\"https:\\\/\\\/buletin.de\\\/bucuresti\\\/consolidarea-scolii-i-g-duca-din-sectorul-5-se-scumpeste-cu-160-fata-de-devizul-initial-este-a-doua-majorare-din-ultimii-ani\\\/\",\"name\":\"Consolidarea \u0218colii \u201eI.G. Duca\u201d, din Sectorul 5, se scumpe\u0219te cu 160% fa\u021b\u0103 de devizul ini\u021bial. Este a doua majorare din ultimii ani - Buletin de Bucure\u0219ti\",\"isPartOf\":{\"@id\":\"https:\\\/\\\/buletin.de\\\/bucuresti\\\/#website\"},\"primaryImageOfPage\":{\"@id\":\"https:\\\/\\\/buletin.de\\\/bucuresti\\\/consolidarea-scolii-i-g-duca-din-sectorul-5-se-scumpeste-cu-160-fata-de-devizul-initial-este-a-doua-majorare-din-ultimii-ani\\\/#primaryimage\"},\"image\":{\"@id\":\"https:\\\/\\\/buletin.de\\\/bucuresti\\\/consolidarea-scolii-i-g-duca-din-sectorul-5-se-scumpeste-cu-160-fata-de-devizul-initial-este-a-doua-majorare-din-ultimii-ani\\\/#primaryimage\"},\"thumbnailUrl\":\"https:\\\/\\\/buletin.de\\\/bucuresti\\\/wp-content\\\/uploads\\\/2026\\\/04\\\/Scoala-I.G.Duca_.jpg\",\"datePublished\":\"2026-04-27T11:27:04+00:00\",\"dateModified\":\"2026-04-27T12:13:36+00:00\",\"description\":\"Consolidarea \u0219i reabilitarea \u0218colii \u201eI.G. Duca\u201d din Sectorul 5 al Capitalei se scumpe\u0219te din nou, conform unui proiect de hot\u0103r\u00e2re.\",\"breadcrumb\":{\"@id\":\"https:\\\/\\\/buletin.de\\\/bucuresti\\\/consolidarea-scolii-i-g-duca-din-sectorul-5-se-scumpeste-cu-160-fata-de-devizul-initial-este-a-doua-majorare-din-ultimii-ani\\\/#breadcrumb\"},\"inLanguage\":\"en-GB\",\"potentialAction\":[{\"@type\":\"ReadAction\",\"target\":[\"https:\\\/\\\/buletin.de\\\/bucuresti\\\/consolidarea-scolii-i-g-duca-din-sectorul-5-se-scumpeste-cu-160-fata-de-devizul-initial-este-a-doua-majorare-din-ultimii-ani\\\/\"]}]},{\"@type\":\"ImageObject\",\"inLanguage\":\"en-GB\",\"@id\":\"https:\\\/\\\/buletin.de\\\/bucuresti\\\/consolidarea-scolii-i-g-duca-din-sectorul-5-se-scumpeste-cu-160-fata-de-devizul-initial-este-a-doua-majorare-din-ultimii-ani\\\/#primaryimage\",\"url\":\"https:\\\/\\\/buletin.de\\\/bucuresti\\\/wp-content\\\/uploads\\\/2026\\\/04\\\/Scoala-I.G.Duca_.jpg\",\"contentUrl\":\"https:\\\/\\\/buletin.de\\\/bucuresti\\\/wp-content\\\/uploads\\\/2026\\\/04\\\/Scoala-I.G.Duca_.jpg\",\"width\":1200,\"height\":650,\"caption\":\"Lucr\u0103rile la \u0218coala \u201eI.G. Duca\u201d se scumpesc cu peste 160% fa\u021b\u0103 de devizul ini\u021bial. Este a doua majorare din ultimii ani. FOTO: Google Maps\"},{\"@type\":\"BreadcrumbList\",\"@id\":\"https:\\\/\\\/buletin.de\\\/bucuresti\\\/consolidarea-scolii-i-g-duca-din-sectorul-5-se-scumpeste-cu-160-fata-de-devizul-initial-este-a-doua-majorare-din-ultimii-ani\\\/#breadcrumb\",\"itemListElement\":[{\"@type\":\"ListItem\",\"position\":1,\"name\":\"Acas\u0103\",\"item\":\"https:\\\/\\\/buletin.de\\\/bucuresti\\\/\"},{\"@type\":\"ListItem\",\"position\":2,\"name\":\"Consolidarea \u0218colii \u201eI.G. Duca\u201d, din Sectorul 5, se scumpe\u0219te cu 160% fa\u021b\u0103 de devizul ini\u021bial. Este a doua majorare din ultimii ani\"}]},{\"@type\":\"WebSite\",\"@id\":\"https:\\\/\\\/buletin.de\\\/bucuresti\\\/#website\",\"url\":\"https:\\\/\\\/buletin.de\\\/bucuresti\\\/\",\"name\":\"Buletin de Bucure\u0219ti\",\"description\":\"\u0218tiri \u0219i investiga\u021bii esen\u021biale din capital\u0103\",\"publisher\":{\"@id\":\"https:\\\/\\\/buletin.de\\\/bucuresti\\\/#organization\"},\"potentialAction\":[{\"@type\":\"SearchAction\",\"target\":{\"@type\":\"EntryPoint\",\"urlTemplate\":\"https:\\\/\\\/buletin.de\\\/bucuresti\\\/?s={search_term_string}\"},\"query-input\":{\"@type\":\"PropertyValueSpecification\",\"valueRequired\":true,\"valueName\":\"search_term_string\"}}],\"inLanguage\":\"en-GB\"},{\"@type\":\"Organization\",\"@id\":\"https:\\\/\\\/buletin.de\\\/bucuresti\\\/#organization\",\"name\":\"Buletin de Bucure\u0219ti\",\"url\":\"https:\\\/\\\/buletin.de\\\/bucuresti\\\/\",\"logo\":{\"@type\":\"ImageObject\",\"inLanguage\":\"en-GB\",\"@id\":\"https:\\\/\\\/buletin.de\\\/bucuresti\\\/#\\\/schema\\\/logo\\\/image\\\/\",\"url\":\"https:\\\/\\\/buletin.de\\\/bucuresti\\\/wp-content\\\/uploads\\\/logo-bdb-full-wide-vernil-transparent.png\",\"contentUrl\":\"https:\\\/\\\/buletin.de\\\/bucuresti\\\/wp-content\\\/uploads\\\/logo-bdb-full-wide-vernil-transparent.png\",\"width\":1782,\"height\":626,\"caption\":\"Buletin de Bucure\u0219ti\"},\"image\":{\"@id\":\"https:\\\/\\\/buletin.de\\\/bucuresti\\\/#\\\/schema\\\/logo\\\/image\\\/\"},\"sameAs\":[\"https:\\\/\\\/www.facebook.com\\\/buletin.de.buc\",\"https:\\\/\\\/www.instagram.com\\\/buletinde.bucuresti\\\/\"]},{\"@type\":\"Person\",\"@id\":\"https:\\\/\\\/buletin.de\\\/bucuresti\\\/#\\\/schema\\\/person\\\/8badd0805392c02e16b744e0d5cd3625\",\"name\":\"Deniz Garguli\",\"image\":{\"@type\":\"ImageObject\",\"inLanguage\":\"en-GB\",\"@id\":\"https:\\\/\\\/buletin.de\\\/bucuresti\\\/wp-content\\\/uploads\\\/2026\\\/01\\\/79b44b20-a270-4ee6-afb3-fdf3c7ef7782-96x96.jpege2491ce6d396dbf7c1362e9ef046c803\",\"url\":\"https:\\\/\\\/buletin.de\\\/bucuresti\\\/wp-content\\\/uploads\\\/2026\\\/01\\\/79b44b20-a270-4ee6-afb3-fdf3c7ef7782-96x96.jpeg\",\"contentUrl\":\"https:\\\/\\\/buletin.de\\\/bucuresti\\\/wp-content\\\/uploads\\\/2026\\\/01\\\/79b44b20-a270-4ee6-afb3-fdf3c7ef7782-96x96.jpeg\",\"caption\":\"Deniz Garguli\"},\"description\":\"N\u0103scut\u0103 \u0219i crescut\u0103 \u00een Capital\u0103, dorin\u021ba de a fi la curent cu tot ce se \u00eent\u00e2mpl\u0103 \u00een Bucure\u0219ti a \u00eempins-o c\u0103tre pres\u0103, mai cu seam\u0103 c\u0103tre cea local\u0103. A lucrat vreme de patru ani la B365, unde s-a ocupat de \u0219tiri despre ora\u0219 \u0219i oamenii care locuiesc \u00een el. Din 2026 s-a al\u0103turat echipei Buletin de Bucure\u0219ti.\",\"url\":\"https:\\\/\\\/buletin.de\\\/bucuresti\\\/author\\\/deniz-garguli\\\/\"}]}<\/script>\n<!-- \/ Yoast SEO Premium plugin. -->","yoast_head_json":{"title":"Consolidarea \u0218colii \u201eI.G. Duca\u201d, din Sectorul 5, se scumpe\u0219te cu 160% fa\u021b\u0103 de devizul ini\u021bial. Este a doua majorare din ultimii ani - Buletin de Bucure\u0219ti","description":"Consolidarea \u0219i reabilitarea \u0218colii \u201eI.G. Duca\u201d din Sectorul 5 al Capitalei se scumpe\u0219te din nou, conform unui proiect de hot\u0103r\u00e2re.","robots":{"index":"index","follow":"follow","max-snippet":"max-snippet:-1","max-image-preview":"max-image-preview:large","max-video-preview":"max-video-preview:-1"},"canonical":"https:\/\/buletin.de\/bucuresti\/consolidarea-scolii-i-g-duca-din-sectorul-5-se-scumpeste-cu-160-fata-de-devizul-initial-este-a-doua-majorare-din-ultimii-ani\/","og_locale":"en_GB","og_type":"article","og_title":"Consolidarea \u0218colii \u201eI.G. Duca\u201d, din Sectorul 5, se scumpe\u0219te cu 160% fa\u021b\u0103 de devizul ini\u021bial. Este a doua majorare din ultimii ani","og_description":"Consolidarea \u0219i reabilitarea \u0218colii \u201eI.G. Duca\u201d din Sectorul 5 al Capitalei se scumpe\u0219te din nou, conform unui proiect de hot\u0103r\u00e2re.","og_url":"https:\/\/buletin.de\/bucuresti\/consolidarea-scolii-i-g-duca-din-sectorul-5-se-scumpeste-cu-160-fata-de-devizul-initial-este-a-doua-majorare-din-ultimii-ani\/","og_site_name":"Buletin de Bucure\u0219ti","article_publisher":"https:\/\/www.facebook.com\/buletin.de.buc","article_published_time":"2026-04-27T11:27:04+00:00","article_modified_time":"2026-04-27T12:13:36+00:00","og_image":[{"width":1200,"height":650,"url":"https:\/\/buletin.de\/bucuresti\/wp-content\/uploads\/2026\/04\/Scoala-I.G.Duca_.jpg","type":"image\/jpeg"}],"author":"Deniz Garguli","twitter_card":"summary_large_image","twitter_misc":{"Written by":"Deniz Garguli","Estimated reading time":"4 minutes"},"schema":{"@context":"https:\/\/schema.org","@graph":[{"@type":"Article","@id":"https:\/\/buletin.de\/bucuresti\/consolidarea-scolii-i-g-duca-din-sectorul-5-se-scumpeste-cu-160-fata-de-devizul-initial-este-a-doua-majorare-din-ultimii-ani\/#article","isPartOf":{"@id":"https:\/\/buletin.de\/bucuresti\/consolidarea-scolii-i-g-duca-din-sectorul-5-se-scumpeste-cu-160-fata-de-devizul-initial-este-a-doua-majorare-din-ultimii-ani\/"},"author":{"name":"Deniz Garguli","@id":"https:\/\/buletin.de\/bucuresti\/#\/schema\/person\/8badd0805392c02e16b744e0d5cd3625"},"headline":"Consolidarea \u0218colii \u201eI.G. Duca\u201d, din Sectorul 5, se scumpe\u0219te cu 160% fa\u021b\u0103 de devizul ini\u021bial. Este a doua majorare din ultimii ani","datePublished":"2026-04-27T11:27:04+00:00","dateModified":"2026-04-27T12:13:36+00:00","mainEntityOfPage":{"@id":"https:\/\/buletin.de\/bucuresti\/consolidarea-scolii-i-g-duca-din-sectorul-5-se-scumpeste-cu-160-fata-de-devizul-initial-este-a-doua-majorare-din-ultimii-ani\/"},"wordCount":1001,"publisher":{"@id":"https:\/\/buletin.de\/bucuresti\/#organization"},"image":{"@id":"https:\/\/buletin.de\/bucuresti\/consolidarea-scolii-i-g-duca-din-sectorul-5-se-scumpeste-cu-160-fata-de-devizul-initial-este-a-doua-majorare-din-ultimii-ani\/#primaryimage"},"thumbnailUrl":"https:\/\/buletin.de\/bucuresti\/wp-content\/uploads\/2026\/04\/Scoala-I.G.Duca_.jpg","keywords":["Prim\u0103ria Sectorului 5","proiect de hot\u0103r\u00e2re","\u0218coala \u201eI.G. Duca\u201d","Scumpire lucr\u0103ri","Sector 5"],"articleSection":["Articole","Main","Prim\u0103rie"],"inLanguage":"en-GB","copyrightYear":"2026","copyrightHolder":{"@id":"https:\/\/buletin.de\/bucuresti\/#organization"}},{"@type":"WebPage","@id":"https:\/\/buletin.de\/bucuresti\/consolidarea-scolii-i-g-duca-din-sectorul-5-se-scumpeste-cu-160-fata-de-devizul-initial-este-a-doua-majorare-din-ultimii-ani\/","url":"https:\/\/buletin.de\/bucuresti\/consolidarea-scolii-i-g-duca-din-sectorul-5-se-scumpeste-cu-160-fata-de-devizul-initial-este-a-doua-majorare-din-ultimii-ani\/","name":"Consolidarea \u0218colii \u201eI.G. Duca\u201d, din Sectorul 5, se scumpe\u0219te cu 160% fa\u021b\u0103 de devizul ini\u021bial. Este a doua majorare din ultimii ani - Buletin de Bucure\u0219ti","isPartOf":{"@id":"https:\/\/buletin.de\/bucuresti\/#website"},"primaryImageOfPage":{"@id":"https:\/\/buletin.de\/bucuresti\/consolidarea-scolii-i-g-duca-din-sectorul-5-se-scumpeste-cu-160-fata-de-devizul-initial-este-a-doua-majorare-din-ultimii-ani\/#primaryimage"},"image":{"@id":"https:\/\/buletin.de\/bucuresti\/consolidarea-scolii-i-g-duca-din-sectorul-5-se-scumpeste-cu-160-fata-de-devizul-initial-este-a-doua-majorare-din-ultimii-ani\/#primaryimage"},"thumbnailUrl":"https:\/\/buletin.de\/bucuresti\/wp-content\/uploads\/2026\/04\/Scoala-I.G.Duca_.jpg","datePublished":"2026-04-27T11:27:04+00:00","dateModified":"2026-04-27T12:13:36+00:00","description":"Consolidarea \u0219i reabilitarea \u0218colii \u201eI.G. Duca\u201d din Sectorul 5 al Capitalei se scumpe\u0219te din nou, conform unui proiect de hot\u0103r\u00e2re.","breadcrumb":{"@id":"https:\/\/buletin.de\/bucuresti\/consolidarea-scolii-i-g-duca-din-sectorul-5-se-scumpeste-cu-160-fata-de-devizul-initial-este-a-doua-majorare-din-ultimii-ani\/#breadcrumb"},"inLanguage":"en-GB","potentialAction":[{"@type":"ReadAction","target":["https:\/\/buletin.de\/bucuresti\/consolidarea-scolii-i-g-duca-din-sectorul-5-se-scumpeste-cu-160-fata-de-devizul-initial-este-a-doua-majorare-din-ultimii-ani\/"]}]},{"@type":"ImageObject","inLanguage":"en-GB","@id":"https:\/\/buletin.de\/bucuresti\/consolidarea-scolii-i-g-duca-din-sectorul-5-se-scumpeste-cu-160-fata-de-devizul-initial-este-a-doua-majorare-din-ultimii-ani\/#primaryimage","url":"https:\/\/buletin.de\/bucuresti\/wp-content\/uploads\/2026\/04\/Scoala-I.G.Duca_.jpg","contentUrl":"https:\/\/buletin.de\/bucuresti\/wp-content\/uploads\/2026\/04\/Scoala-I.G.Duca_.jpg","width":1200,"height":650,"caption":"Lucr\u0103rile la \u0218coala \u201eI.G. Duca\u201d se scumpesc cu peste 160% fa\u021b\u0103 de devizul ini\u021bial. Este a doua majorare din ultimii ani. FOTO: Google Maps"},{"@type":"BreadcrumbList","@id":"https:\/\/buletin.de\/bucuresti\/consolidarea-scolii-i-g-duca-din-sectorul-5-se-scumpeste-cu-160-fata-de-devizul-initial-este-a-doua-majorare-din-ultimii-ani\/#breadcrumb","itemListElement":[{"@type":"ListItem","position":1,"name":"Acas\u0103","item":"https:\/\/buletin.de\/bucuresti\/"},{"@type":"ListItem","position":2,"name":"Consolidarea \u0218colii \u201eI.G. Duca\u201d, din Sectorul 5, se scumpe\u0219te cu 160% fa\u021b\u0103 de devizul ini\u021bial. Este a doua majorare din ultimii ani"}]},{"@type":"WebSite","@id":"https:\/\/buletin.de\/bucuresti\/#website","url":"https:\/\/buletin.de\/bucuresti\/","name":"Buletin de Bucure\u0219ti","description":"\u0218tiri \u0219i investiga\u021bii esen\u021biale din capital\u0103","publisher":{"@id":"https:\/\/buletin.de\/bucuresti\/#organization"},"potentialAction":[{"@type":"SearchAction","target":{"@type":"EntryPoint","urlTemplate":"https:\/\/buletin.de\/bucuresti\/?s={search_term_string}"},"query-input":{"@type":"PropertyValueSpecification","valueRequired":true,"valueName":"search_term_string"}}],"inLanguage":"en-GB"},{"@type":"Organization","@id":"https:\/\/buletin.de\/bucuresti\/#organization","name":"Buletin de Bucure\u0219ti","url":"https:\/\/buletin.de\/bucuresti\/","logo":{"@type":"ImageObject","inLanguage":"en-GB","@id":"https:\/\/buletin.de\/bucuresti\/#\/schema\/logo\/image\/","url":"https:\/\/buletin.de\/bucuresti\/wp-content\/uploads\/logo-bdb-full-wide-vernil-transparent.png","contentUrl":"https:\/\/buletin.de\/bucuresti\/wp-content\/uploads\/logo-bdb-full-wide-vernil-transparent.png","width":1782,"height":626,"caption":"Buletin de Bucure\u0219ti"},"image":{"@id":"https:\/\/buletin.de\/bucuresti\/#\/schema\/logo\/image\/"},"sameAs":["https:\/\/www.facebook.com\/buletin.de.buc","https:\/\/www.instagram.com\/buletinde.bucuresti\/"]},{"@type":"Person","@id":"https:\/\/buletin.de\/bucuresti\/#\/schema\/person\/8badd0805392c02e16b744e0d5cd3625","name":"Deniz Garguli","image":{"@type":"ImageObject","inLanguage":"en-GB","@id":"https:\/\/buletin.de\/bucuresti\/wp-content\/uploads\/2026\/01\/79b44b20-a270-4ee6-afb3-fdf3c7ef7782-96x96.jpege2491ce6d396dbf7c1362e9ef046c803","url":"https:\/\/buletin.de\/bucuresti\/wp-content\/uploads\/2026\/01\/79b44b20-a270-4ee6-afb3-fdf3c7ef7782-96x96.jpeg","contentUrl":"https:\/\/buletin.de\/bucuresti\/wp-content\/uploads\/2026\/01\/79b44b20-a270-4ee6-afb3-fdf3c7ef7782-96x96.jpeg","caption":"Deniz Garguli"},"description":"N\u0103scut\u0103 \u0219i crescut\u0103 \u00een Capital\u0103, dorin\u021ba de a fi la curent cu tot ce se \u00eent\u00e2mpl\u0103 \u00een Bucure\u0219ti a \u00eempins-o c\u0103tre pres\u0103, mai cu seam\u0103 c\u0103tre cea local\u0103. A lucrat vreme de patru ani la B365, unde s-a ocupat de \u0219tiri despre ora\u0219 \u0219i oamenii care locuiesc \u00een el. Din 2026 s-a al\u0103turat echipei Buletin de Bucure\u0219ti.","url":"https:\/\/buletin.de\/bucuresti\/author\/deniz-garguli\/"}]}},"authors":[{"term_id":26103,"user_id":66,"is_guest":0,"slug":"deniz-garguli","display_name":"Deniz Garguli","avatar_url":"https:\/\/buletin.de\/bucuresti\/wp-content\/uploads\/2026\/01\/79b44b20-a270-4ee6-afb3-fdf3c7ef7782-96x96.jpeg","0":null,"1":"","2":"","3":"","4":"","5":"","6":"","7":"","8":""}],"_links":{"self":[{"href":"https:\/\/buletin.de\/bucuresti\/wp-json\/wp\/v2\/posts\/189145","targetHints":{"allow":["GET"]}}],"collection":[{"href":"https:\/\/buletin.de\/bucuresti\/wp-json\/wp\/v2\/posts"}],"about":[{"href":"https:\/\/buletin.de\/bucuresti\/wp-json\/wp\/v2\/types\/post"}],"author":[{"embeddable":true,"href":"https:\/\/buletin.de\/bucuresti\/wp-json\/wp\/v2\/users\/66"}],"replies":[{"embeddable":true,"href":"https:\/\/buletin.de\/bucuresti\/wp-json\/wp\/v2\/comments?post=189145"}],"version-history":[{"count":11,"href":"https:\/\/buletin.de\/bucuresti\/wp-json\/wp\/v2\/posts\/189145\/revisions"}],"predecessor-version":[{"id":189609,"href":"https:\/\/buletin.de\/bucuresti\/wp-json\/wp\/v2\/posts\/189145\/revisions\/189609"}],"wp:featuredmedia":[{"embeddable":true,"href":"https:\/\/buletin.de\/bucuresti\/wp-json\/wp\/v2\/media\/189612"}],"wp:attachment":[{"href":"https:\/\/buletin.de\/bucuresti\/wp-json\/wp\/v2\/media?parent=189145"}],"wp:term":[{"taxonomy":"category","embeddable":true,"href":"https:\/\/buletin.de\/bucuresti\/wp-json\/wp\/v2\/categories?post=189145"},{"taxonomy":"post_tag","embeddable":true,"href":"https:\/\/buletin.de\/bucuresti\/wp-json\/wp\/v2\/tags?post=189145"},{"taxonomy":"author","embeddable":true,"href":"https:\/\/buletin.de\/bucuresti\/wp-json\/wp\/v2\/ppma_author?post=189145"}],"curies":[{"name":"wp","href":"https:\/\/api.w.org\/{rel}","templated":true}]}}