{"id":188532,"date":"2026-05-02T06:00:00","date_gmt":"2026-05-02T03:00:00","guid":{"rendered":"https:\/\/buletin.de\/bucuresti\/?p=188532"},"modified":"2026-05-02T03:39:10","modified_gmt":"2026-05-02T00:39:10","slug":"ilfov-cainii-si-pisicile-cu-detinator-din-chitila-vor-fi-sterilizati-gratuit-contract-de-peste-40-de-mii-de-euro-din-bani-publici","status":"publish","type":"post","link":"https:\/\/buletin.de\/bucuresti\/ilfov-cainii-si-pisicile-cu-detinator-din-chitila-vor-fi-sterilizati-gratuit-contract-de-peste-40-de-mii-de-euro-din-bani-publici\/","title":{"rendered":"ILFOV | C\u00e2inii \u0219i pisicile cu de\u021bin\u0103tor din Chitila vor fi sterilizate gratuit, printr-un contract public de 40 de mii de euro. Ce se \u00eent\u0103mpl\u0103 cu c\u00e2inii f\u0103r\u0103 st\u0103p\u00e2n"},"content":{"rendered":"\n<p><strong>Prim\u0103ria Chitila a \u00eencheiat un contract de peste 40.000 de euro, prin care 420 de pisici \u0219i 110 c\u00e2ini din ora\u0219 vor fi steriliza\u021bi.<\/strong> <strong>Sunt vizate de acest contract doar animalele cu de\u021bin\u0103tor, astfel c\u0103, este de a\u0219teptat ca prim\u0103ria s\u0103 deruleze o campanie de sterilizare gratuit\u0103, la fel ca \u00een anii trecu\u021bi. <\/strong><\/p>\n\n\n\n<p>\u00cen achizi\u021bia direct\u0103 care poate fi g\u0103sit\u0103 \u00een Sistemul Electronic de Achizi\u021bii Publice (<a href=\"https:\/\/e-licitatie.ro\/pub\/direct-acquisition\/view\/121944644\">SEAP<\/a>), nu sunt prezentate detalii despre cine ar putea beneficia de acest serviciu.<\/p>\n\n\n\n<p>Totu\u0219i, o campanie de acest fel a avut loc \u0219i anul trecut, c\u00e2nd puteau fi steriliza\u021bi c\u00e2inii \u0219i pisicile cu de\u021bin\u0103tor de ras\u0103 comun\u0103 sau metis, aflate pe raza ora\u0219ului.<\/p>\n\n\n\n<p><strong>C\u00e2inii f\u0103r\u0103 st\u0103p\u00e2n din Chitila au o soart\u0103 neclar\u0103. \u00centr-un r\u0103spuns transmis Buletin de Bucure\u0219ti, Prim\u0103ria Chitila a afirmat c\u0103 animalele nu sunt eutanasiate, \u00eens\u0103 aceast\u0103 procedur\u0103 este prev\u0103zut\u0103 \u00een contractul pentru gestionarea c\u00e2inilor f\u0103r\u0103 st\u0103p\u00e2n.<\/strong><\/p>\n\n\n\n<p><strong>CITE\u0218TE \u0218I:<\/strong> <strong><a href=\"https:\/\/buletin.de\/bucuresti\/factura-cruzimii-ii-inca-trei-primarii-din-ilfov-confirma-ca-au-incheiat-contracte-cu-abatorul-de-caini-din-vrancea\/\">Factura cruzimii (II): \u00cenc\u0103 trei prim\u0103rii din Ilfov confirm\u0103 c\u0103 au \u00eencheiat contracte cu \u201eabatorul de c\u00e2ini\u201d din Vrancea. Primarii din Dobroe\u0219ti \u0219i Clinceni \u00eenc\u0103 ascund informa\u021bii publice<\/a><\/strong><\/p>\n\n\n\n<h2 class=\"wp-block-heading\" id=\"h-cainii-\u0219i-pisicile-cu-de\u021binator-din-chitila-vor-fi-steriliza\u021bi-cine-va-steriliza-animalele\">C\u00e2inii \u0219i pisicile cu de\u021bin\u0103tor din Chitila vor fi steriliza\u021bi. Cine va steriliza animalele<\/h2>\n\n\n\n<p>Banii au ajuns la medicul veterinar Cristinel Rusu, care are un cabinet pe Strada Banatului din Chitila. Medicul este contractat de prim\u0103rie pentru aceste servicii \u00eenc\u0103 din anul 2019, conform informa\u021biilor disponibile \u00een <a href=\"https:\/\/e-licitatie.ro\/pub\/direct-acquisitions\/list\/0\">SEAP<\/a>, \u00eens\u0103 valoarea contractului \u0219i num\u0103rul de animale care pot beneficia de acest serviciu a crescut de la an la an.<\/p>\n\n\n\n<p>\u00cencep\u00e2nd de anul trecut, prim\u0103ria a cump\u0103rat \u0219i servicii de microcipare pentru 500 de c\u00e2ini cu st\u0103p\u00e2n.<\/p>\n\n\n\n<p>Defalcat, pre\u021burile sunt \u00eemp\u0103r\u021bite astfel:<\/p>\n\n\n\n<ul class=\"wp-block-list\">\n<li>420 de steriliz\u0103ri pentru pisici &#8211; 126.000 de lei (300 de lei\/sterilizare)<\/li>\n\n\n\n<li>110 steriliz\u0103ri pentru c\u00e2ini &#8211; 44.000 de lei (400 de lei\/sterilizare)<\/li>\n\n\n\n<li>500 de microcip\u0103ri \u0219i \u00eenregistr\u0103ri pentru c\u00e2ini &#8211; 50.000 de lei (100 de lei\/microcipare \u0219i \u00eenregistrare \u00een RECS)<\/li>\n<\/ul>\n\n\n\n<p>Conform SEAP, oferta a fost acceptat\u0103 de prim\u0103rie pe 20 aprilie.<\/p>\n\n\n\n<p>Anul trecut, campania a \u00eenceput \u00een luna mai.<\/p>\n\n\n\n<p>Pentru a beneficia de aceste servicii, de\u021bin\u0103torul animalului trebuie s\u0103 prezinte cartea de identitate sau o dovad\u0103 a pl\u0103\u021bii impozitelor \u0219i taxelor \u00een ora\u0219ul Chitila \u0219i carnetul de s\u0103n\u0103tate al animalului, cu vaccinul antirabic valabil.<\/p>\n\n\n\n<p class=\"has-white-color has-text-color has-background has-link-color wp-elements-582e91a7b61ca0cf6c464255ab805ec4\" style=\"background:linear-gradient(90deg,rgb(37,109,116) 60%,rgb(0,224,145) 100%)\"><strong>Conform OUG 155\/2001, microciparea \u0219i sterilizarea c\u00e2inilor de ras\u0103 comun\u0103 sunt obligatorii. Microciparea trebuie f\u0103cut\u0103 pentru a \u00eenregistra c\u00e2inele \u00een Registrul de Eviden\u021b\u0103 a C\u00e2inilor cu St\u0103p\u00e2n (RECS), iar sterilizarea vizeaz\u0103 gestionarea popula\u021biei canine \u0219i prevenirea abandonului. Amenzile pentru nerespectarea acestor prevederi sunt cuprinse \u00eentre 5.000 \u0219i 10.000 lei.<\/strong><\/p>\n\n\n\n<p><strong>CITE\u0218TE \u0218I: <a href=\"https:\/\/buletin.de\/bucuresti\/primarul-din-bragadiru-sustine-ca-nu-stia-de-eutanasierea-cainilor-de-la-vetmedan-mentionata-in-contract-nu-puteam-sa-mergem-la-vrancea-sa-urmarim\/\">EXCLUSIV | Primarul din Bragadiru sus\u021bine c\u0103 nu \u0219tia de eutanasierea c\u00e2inilor \u00een \u201elag\u0103rul animalelor\u201d din Vrancea. De fapt, uciderea era men\u021bionat\u0103 \u00een contract<\/a><\/strong><\/p>\n\n\n\n<h2 class=\"wp-block-heading\" id=\"h-ce-se-intampla-cu-cainii-fara-stapan\">Ce se \u00eent\u00e2mpl\u0103 cu c\u00e2inii f\u0103r\u0103 st\u0103p\u00e2n<\/h2>\n\n\n\n<p>Prim\u0103ria Chitila are \u00een derulare <a href=\"https:\/\/www.e-licitatie.ro\/pub\/direct-acquisition\/view\/119589005\">Contractul nr. 321\/29.04.2025<\/a> prin care se asigur\u0103 gestionarea c\u00e2inilor f\u0103r\u0103 de\u021bin\u0103tor , \u00eencheiat cu societatea B&amp;G Total Expres SRL, \u00een valoare de peste 16.000 de euro.<\/p>\n\n\n\n<p>Din aprilie 2025 \u0219i p\u00e2n\u0103 la sf\u00e2r\u0219itul lunii februarie 2026, au fost captura\u021bi 38 c\u00e2ini, din care 12 au fost adopta\u021bi, a transmis Prim\u0103ria Chitila, pentru Buletin de Bucure\u0219ti.<\/p>\n\n\n\n<p><em>\u201eUAT Chitila \u00een colaborare cu Jude\u021bul Ilfov \u2013 Consiliul Jude\u021bean promoveaz\u0103 adop\u021bia c\u00e2inilor f\u0103r\u0103 st\u0103p\u00e2n. Mai mult, pe site-ul institu\u021biei noastre <a href=\"http:\/\/primariachitila.ro\">primariachitila.ro<\/a> exist\u0103 o rubric\u0103 special destinat\u0103 adop\u021biei c\u00e2inilor f\u0103r\u0103 st\u0103p\u00e2n &#8211; \u00abAdopt\u0103 un c\u0103\u021bel\u00bb\u201d<\/em>, se mai arat\u0103 \u00een r\u0103spuns.<\/p>\n\n\n\n<p>Nu este clar care este soarta c\u00e2inilor captura\u021bi de B&amp;G Total Expres din Chitila. De\u0219i \u00een r\u0103spunsul transmis redac\u021biei institu\u021bia a precizat c\u0103 \u201enu eutanasiaz\u0103 c\u00e2inii f\u0103r\u0103 st\u0103p\u00e2n de pe raza administrativ teritorial\u0103\u201d, adic\u0103 nu emite decizii de eutanasiere, \u00een datele din SEAP este men\u021bionat c\u0103 patrupezii captura\u021bi vor fi caza\u021bi 19-20 de zile \u00een ad\u0103post.<\/p>\n\n\n\n<p><strong>Mai mult, \u00een descrierea achizi\u021biei sunt precizate inclusiv procedurile de eutanasiere \u0219i incinerare.<\/strong><\/p>\n\n\n\n<figure class=\"wp-block-image size-full\"><a href=\"https:\/\/buletin.de\/bucuresti\/wp-content\/uploads\/2026\/04\/image-56.png\"><img fetchpriority=\"high\" decoding=\"async\" width=\"674\" height=\"270\" src=\"data:image\/gif;base64,R0lGODlhAQABAAAAACH5BAEKAAEALAAAAAABAAEAAAICTAEAOw==\" data-src=\"https:\/\/buletin.de\/bucuresti\/wp-content\/uploads\/2026\/04\/image-56.png\" alt=\"c\u00e2ini\" class=\"wp-image-188546 lazyload\" data-sizes=\"auto\" data-srcset=\"https:\/\/buletin.de\/bucuresti\/wp-content\/uploads\/2026\/04\/image-56.png 674w, https:\/\/buletin.de\/bucuresti\/wp-content\/uploads\/2026\/04\/image-56-300x120.png 300w, https:\/\/buletin.de\/bucuresti\/wp-content\/uploads\/2026\/04\/image-56-600x240.png 600w, https:\/\/buletin.de\/bucuresti\/wp-content\/uploads\/2026\/04\/image-56-20x8.png 20w\" sizes=\"(max-width: 674px) 100vw, 674px\" \/><\/a><figcaption class=\"wp-element-caption\">Captur\u0103 SEAP<\/figcaption><\/figure>\n\n\n\n<p class=\"has-white-color has-text-color has-background has-link-color wp-elements-7311a7ce13c307e35b8c0e100df0e664\" style=\"background:linear-gradient(152deg,rgb(37,109,116) 51%,rgb(0,224,145) 100%)\"><strong>Legea 238\/2013 spune c\u0103 eutanasierea se realizeaz\u0103 \u00een baza unei decizii \u201eemise de c\u0103tre o persoan\u0103 \u00eemputernicit\u0103 \u00een acest sens de c\u0103tre primar\u201d.<\/strong><\/p>\n\n\n\n<p><strong>CITE\u0218TE \u0218I: <a href=\"https:\/\/buletin.de\/bucuresti\/cafeneaua-bdb-de-ce-a-fost-posibil-cazul-abatorului-de-caini-de-la-suraia-directoarea-aspa-lantul-se-rupe-la-control\/\">Cafeneaua BdB | De ce a fost posibil cazul \u201eabatorului de c\u00e2ini\u201d de la Suraia. Directoarea ASPA: \u201eLan\u021bul se rupe la control\u201d<\/a><\/strong><\/p>\n\n\n\n<h2 class=\"wp-block-heading\" id=\"h-peste-600-de-caini-abandona\u021bi-in-bucure\u0219ti-in-primele-trei-luni-ale-anului\">Peste 600 de c\u00e2ini abandona\u021bi \u00een Bucure\u0219ti, \u00een primele trei luni ale anului<\/h2>\n\n\n\n<p>Autoritatea pentru Supravegherea \u0219i Protec\u021bia Animalelor (ASPA) Bucure\u0219ti a anun\u021bat c\u0103 a preluat peste 600 de c\u00e2ini de pe domeniul public din Bucure\u0219ti, \u00een primele trei luni ale acestui an.<\/p>\n\n\n\n<p><a href=\"https:\/\/buletin.de\/bucuresti\/aspa-61-de-caini-abandonati-au-fost-preluati-din-toate-sectoarele-in-doar-zece-zile\/\" target=\"_blank\" rel=\"noreferrer noopener\">Echipele au intervenit&nbsp;<\/a>constant \u00een toate sectoarele din Bucure\u0219ti \u0219i au preluat, \u00een total,&nbsp;<strong>626 de c\u00e2ini<\/strong>&nbsp;de pe domeniul public.&nbsp;<strong>Dintre ace\u0219tia, 175 au fost prelua\u021bi doar din Sectorul 1.<\/strong><\/p>\n\n\n\n<p><strong>CITE\u0218TE \u0218I: <a href=\"https:\/\/buletin.de\/bucuresti\/exclusiv-primaria-gradistea-confirma-iadul-cainilor-de-la-vrancea-firmele-private-incalca-grav-legea-cj-ilfov-promite-adapost-propriu-dupa-scandal\/\">EXCLUSIV | Prim\u0103ria Gr\u0103di\u0219tea confirm\u0103 \u201eiadul c\u00e2inilor\u201d de la Vrancea: \u201eFirmele private \u00eencalc\u0103 grav legea\u201d. CJ Ilfov promite ad\u0103post propriu dup\u0103 scandal<\/a><\/strong><\/p>\n\n\n\n<p>Dup\u0103 Sectorul 1, cele mai multe interven\u021bii au avut loc \u00een Sectoarele 5 \u0219i 6, apoi \u00een sectoarele 4, 2 \u0219i 3.<\/p>\n\n\n\n<p>To\u021bi c\u00e2inii prelua\u021bi au fost transporta\u021bi \u00een ad\u0103posturile ASPA, unde primesc hran\u0103 \u0219i \u00eengrijire medical\u0103, fiind \u0219i propu\u0219i spre adop\u021bie.<\/p>\n\n\n\n<p><strong>CITE\u0218TE \u0218I:<\/strong> <strong><a href=\"https:\/\/buletin.de\/bucuresti\/exclusiv-factura-cruzimii-peste-600-000-de-euro-din-ilfov-pentru-macelarirea-cainilor-fara-stapan-la-peste-200-de-kilometri-distanta-doua-primarii-ascund-contractele\/\">EXCLUSIV | Factura cruzimii: Peste 600.000 de euro din Ilfov pentru \u201em\u0103cel\u0103rirea\u201d c\u00e2inilor f\u0103r\u0103 st\u0103p\u00e2n la peste 200 de kilometri distan\u021b\u0103. Dou\u0103 prim\u0103rii ascund contractele<\/a><\/strong><\/p>\n\n\n\n<p><\/p>\n","protected":false},"excerpt":{"rendered":"<p>Prim\u0103ria Chitila a \u00eencheiat un contract de peste 40.000 de euro, prin care 420 de pisici \u0219i 110 c\u00e2ini din ora\u0219 vor fi steriliza\u021bi. Sunt vizate de acest contract doar animalele cu de\u021bin\u0103tor, astfel c\u0103, este de a\u0219teptat ca prim\u0103ria s\u0103 deruleze o campanie de sterilizare gratuit\u0103, la fel ca \u00een anii trecu\u021bi. \u00cen achizi\u021bia [&hellip;]<\/p>\n","protected":false},"author":59,"featured_media":188553,"comment_status":"closed","ping_status":"open","sticky":false,"template":"","format":"standard","meta":{"_acf_changed":false,"inline_featured_image":false,"ngg_post_thumbnail":0,"footnotes":""},"categories":[6994,1432,3419,109],"tags":[16636,9,307,8790,2054,306,3457],"ppma_author":[22572],"class_list":["post-188532","post","type-post","status-publish","format-standard","has-post-thumbnail","hentry","category-stiri-2","category-buletin-de-ilfov","category-featured","category-mediu","tag-animale-de-companie","tag-bucuresti","tag-caini","tag-caini-fara-stapan-2","tag-capitala","tag-pisici","tag-sterilizare"],"acf":[],"yoast_head":"<!-- This site is optimized with the Yoast SEO Premium plugin v25.3 (Yoast SEO v27.5) - https:\/\/yoast.com\/product\/yoast-seo-premium-wordpress\/ -->\n<title>ILFOV | C\u00e2inii \u0219i pisicile cu de\u021bin\u0103tor din Chitila vor fi sterilizate gratuit, printr-un contract public de 40 de mii de euro. Ce se \u00eent\u0103mpl\u0103 cu c\u00e2inii f\u0103r\u0103 st\u0103p\u00e2n - Buletin de Bucure\u0219ti<\/title>\n<meta name=\"description\" content=\"ILFOV | C\u00e2inii \u0219i pisicile cu de\u021bin\u0103tor din Chitila vor fi steriliza\u021bi gratuit. Contract de peste 40 de mii de euro din bani publici\" \/>\n<meta name=\"robots\" content=\"index, follow, max-snippet:-1, max-image-preview:large, max-video-preview:-1\" \/>\n<link rel=\"canonical\" href=\"https:\/\/buletin.de\/bucuresti\/ilfov-cainii-si-pisicile-cu-detinator-din-chitila-vor-fi-sterilizati-gratuit-contract-de-peste-40-de-mii-de-euro-din-bani-publici\/\" \/>\n<meta property=\"og:locale\" content=\"en_GB\" \/>\n<meta property=\"og:type\" content=\"article\" \/>\n<meta property=\"og:title\" content=\"ILFOV | C\u00e2inii \u0219i pisicile cu de\u021bin\u0103tor din Chitila vor fi sterilizate gratuit, printr-un contract public de 40 de mii de euro. Ce se \u00eent\u0103mpl\u0103 cu c\u00e2inii f\u0103r\u0103 st\u0103p\u00e2n\" \/>\n<meta property=\"og:description\" content=\"ILFOV | C\u00e2inii \u0219i pisicile cu de\u021bin\u0103tor din Chitila vor fi steriliza\u021bi gratuit. Contract de peste 40 de mii de euro din bani publici\" \/>\n<meta property=\"og:url\" content=\"https:\/\/buletin.de\/bucuresti\/ilfov-cainii-si-pisicile-cu-detinator-din-chitila-vor-fi-sterilizati-gratuit-contract-de-peste-40-de-mii-de-euro-din-bani-publici\/\" \/>\n<meta property=\"og:site_name\" content=\"Buletin de Bucure\u0219ti\" \/>\n<meta property=\"article:publisher\" content=\"https:\/\/www.facebook.com\/buletin.de.buc\" \/>\n<meta property=\"article:published_time\" content=\"2026-05-02T03:00:00+00:00\" \/>\n<meta property=\"og:image\" content=\"https:\/\/buletin.de\/bucuresti\/wp-content\/uploads\/2026\/04\/85B7BBE0-387F-4AAE-99D3-C4D46C034F1A-1170x780-1.png\" \/>\n\t<meta property=\"og:image:width\" content=\"1170\" \/>\n\t<meta property=\"og:image:height\" content=\"780\" \/>\n\t<meta property=\"og:image:type\" content=\"image\/png\" \/>\n<meta name=\"author\" content=\"C\u0103t\u0103lin Anghel-Dimache\" \/>\n<meta name=\"twitter:card\" content=\"summary_large_image\" \/>\n<meta name=\"twitter:label1\" content=\"Written by\" \/>\n\t<meta name=\"twitter:data1\" content=\"C\u0103t\u0103lin Anghel-Dimache\" \/>\n\t<meta name=\"twitter:label2\" content=\"Estimated reading time\" \/>\n\t<meta name=\"twitter:data2\" content=\"5 minutes\" \/>\n<script type=\"application\/ld+json\" class=\"yoast-schema-graph\">{\"@context\":\"https:\\\/\\\/schema.org\",\"@graph\":[{\"@type\":\"Article\",\"@id\":\"https:\\\/\\\/buletin.de\\\/bucuresti\\\/ilfov-cainii-si-pisicile-cu-detinator-din-chitila-vor-fi-sterilizati-gratuit-contract-de-peste-40-de-mii-de-euro-din-bani-publici\\\/#article\",\"isPartOf\":{\"@id\":\"https:\\\/\\\/buletin.de\\\/bucuresti\\\/ilfov-cainii-si-pisicile-cu-detinator-din-chitila-vor-fi-sterilizati-gratuit-contract-de-peste-40-de-mii-de-euro-din-bani-publici\\\/\"},\"author\":{\"name\":\"C\u0103t\u0103lin Anghel-Dimache\",\"@id\":\"https:\\\/\\\/buletin.de\\\/bucuresti\\\/#\\\/schema\\\/person\\\/0ac9db30080482be87c7386a30f98796\"},\"headline\":\"ILFOV | C\u00e2inii \u0219i pisicile cu de\u021bin\u0103tor din Chitila vor fi sterilizate gratuit, printr-un contract public de 40 de mii de euro. Ce se \u00eent\u0103mpl\u0103 cu c\u00e2inii f\u0103r\u0103 st\u0103p\u00e2n\",\"datePublished\":\"2026-05-02T03:00:00+00:00\",\"mainEntityOfPage\":{\"@id\":\"https:\\\/\\\/buletin.de\\\/bucuresti\\\/ilfov-cainii-si-pisicile-cu-detinator-din-chitila-vor-fi-sterilizati-gratuit-contract-de-peste-40-de-mii-de-euro-din-bani-publici\\\/\"},\"wordCount\":993,\"publisher\":{\"@id\":\"https:\\\/\\\/buletin.de\\\/bucuresti\\\/#organization\"},\"image\":{\"@id\":\"https:\\\/\\\/buletin.de\\\/bucuresti\\\/ilfov-cainii-si-pisicile-cu-detinator-din-chitila-vor-fi-sterilizati-gratuit-contract-de-peste-40-de-mii-de-euro-din-bani-publici\\\/#primaryimage\"},\"thumbnailUrl\":\"https:\\\/\\\/buletin.de\\\/bucuresti\\\/wp-content\\\/uploads\\\/2026\\\/04\\\/85B7BBE0-387F-4AAE-99D3-C4D46C034F1A-1170x780-1.png\",\"keywords\":[\"animale de companie\",\"bucuresti\",\"caini\",\"caini fara stapan\",\"Capitala\",\"pisici\",\"sterilizare\"],\"articleSection\":[\"Articole\",\"Buletin de Ilfov\",\"Featured\",\"Mediu\"],\"inLanguage\":\"en-GB\",\"copyrightYear\":\"2026\",\"copyrightHolder\":{\"@id\":\"https:\\\/\\\/buletin.de\\\/bucuresti\\\/#organization\"}},{\"@type\":\"WebPage\",\"@id\":\"https:\\\/\\\/buletin.de\\\/bucuresti\\\/ilfov-cainii-si-pisicile-cu-detinator-din-chitila-vor-fi-sterilizati-gratuit-contract-de-peste-40-de-mii-de-euro-din-bani-publici\\\/\",\"url\":\"https:\\\/\\\/buletin.de\\\/bucuresti\\\/ilfov-cainii-si-pisicile-cu-detinator-din-chitila-vor-fi-sterilizati-gratuit-contract-de-peste-40-de-mii-de-euro-din-bani-publici\\\/\",\"name\":\"ILFOV | C\u00e2inii \u0219i pisicile cu de\u021bin\u0103tor din Chitila vor fi sterilizate gratuit, printr-un contract public de 40 de mii de euro. Ce se \u00eent\u0103mpl\u0103 cu c\u00e2inii f\u0103r\u0103 st\u0103p\u00e2n - Buletin de Bucure\u0219ti\",\"isPartOf\":{\"@id\":\"https:\\\/\\\/buletin.de\\\/bucuresti\\\/#website\"},\"primaryImageOfPage\":{\"@id\":\"https:\\\/\\\/buletin.de\\\/bucuresti\\\/ilfov-cainii-si-pisicile-cu-detinator-din-chitila-vor-fi-sterilizati-gratuit-contract-de-peste-40-de-mii-de-euro-din-bani-publici\\\/#primaryimage\"},\"image\":{\"@id\":\"https:\\\/\\\/buletin.de\\\/bucuresti\\\/ilfov-cainii-si-pisicile-cu-detinator-din-chitila-vor-fi-sterilizati-gratuit-contract-de-peste-40-de-mii-de-euro-din-bani-publici\\\/#primaryimage\"},\"thumbnailUrl\":\"https:\\\/\\\/buletin.de\\\/bucuresti\\\/wp-content\\\/uploads\\\/2026\\\/04\\\/85B7BBE0-387F-4AAE-99D3-C4D46C034F1A-1170x780-1.png\",\"datePublished\":\"2026-05-02T03:00:00+00:00\",\"description\":\"ILFOV | C\u00e2inii \u0219i pisicile cu de\u021bin\u0103tor din Chitila vor fi steriliza\u021bi gratuit. Contract de peste 40 de mii de euro din bani publici\",\"breadcrumb\":{\"@id\":\"https:\\\/\\\/buletin.de\\\/bucuresti\\\/ilfov-cainii-si-pisicile-cu-detinator-din-chitila-vor-fi-sterilizati-gratuit-contract-de-peste-40-de-mii-de-euro-din-bani-publici\\\/#breadcrumb\"},\"inLanguage\":\"en-GB\",\"potentialAction\":[{\"@type\":\"ReadAction\",\"target\":[\"https:\\\/\\\/buletin.de\\\/bucuresti\\\/ilfov-cainii-si-pisicile-cu-detinator-din-chitila-vor-fi-sterilizati-gratuit-contract-de-peste-40-de-mii-de-euro-din-bani-publici\\\/\"]}]},{\"@type\":\"ImageObject\",\"inLanguage\":\"en-GB\",\"@id\":\"https:\\\/\\\/buletin.de\\\/bucuresti\\\/ilfov-cainii-si-pisicile-cu-detinator-din-chitila-vor-fi-sterilizati-gratuit-contract-de-peste-40-de-mii-de-euro-din-bani-publici\\\/#primaryimage\",\"url\":\"https:\\\/\\\/buletin.de\\\/bucuresti\\\/wp-content\\\/uploads\\\/2026\\\/04\\\/85B7BBE0-387F-4AAE-99D3-C4D46C034F1A-1170x780-1.png\",\"contentUrl\":\"https:\\\/\\\/buletin.de\\\/bucuresti\\\/wp-content\\\/uploads\\\/2026\\\/04\\\/85B7BBE0-387F-4AAE-99D3-C4D46C034F1A-1170x780-1.png\",\"width\":1170,\"height\":780,\"caption\":\"C\u00e2inii \u0219i pisicile cu de\u021bin\u0103tor din Chitila vor fi steriliza\u021bi gratuit. Foto: arhiv\u0103\"},{\"@type\":\"BreadcrumbList\",\"@id\":\"https:\\\/\\\/buletin.de\\\/bucuresti\\\/ilfov-cainii-si-pisicile-cu-detinator-din-chitila-vor-fi-sterilizati-gratuit-contract-de-peste-40-de-mii-de-euro-din-bani-publici\\\/#breadcrumb\",\"itemListElement\":[{\"@type\":\"ListItem\",\"position\":1,\"name\":\"Acas\u0103\",\"item\":\"https:\\\/\\\/buletin.de\\\/bucuresti\\\/\"},{\"@type\":\"ListItem\",\"position\":2,\"name\":\"ILFOV | C\u00e2inii \u0219i pisicile cu de\u021bin\u0103tor din Chitila vor fi sterilizate gratuit, printr-un contract public de 40 de mii de euro. Ce se \u00eent\u0103mpl\u0103 cu c\u00e2inii f\u0103r\u0103 st\u0103p\u00e2n\"}]},{\"@type\":\"WebSite\",\"@id\":\"https:\\\/\\\/buletin.de\\\/bucuresti\\\/#website\",\"url\":\"https:\\\/\\\/buletin.de\\\/bucuresti\\\/\",\"name\":\"Buletin de Bucure\u0219ti\",\"description\":\"\u0218tiri \u0219i investiga\u021bii esen\u021biale din capital\u0103\",\"publisher\":{\"@id\":\"https:\\\/\\\/buletin.de\\\/bucuresti\\\/#organization\"},\"potentialAction\":[{\"@type\":\"SearchAction\",\"target\":{\"@type\":\"EntryPoint\",\"urlTemplate\":\"https:\\\/\\\/buletin.de\\\/bucuresti\\\/?s={search_term_string}\"},\"query-input\":{\"@type\":\"PropertyValueSpecification\",\"valueRequired\":true,\"valueName\":\"search_term_string\"}}],\"inLanguage\":\"en-GB\"},{\"@type\":\"Organization\",\"@id\":\"https:\\\/\\\/buletin.de\\\/bucuresti\\\/#organization\",\"name\":\"Buletin de Bucure\u0219ti\",\"url\":\"https:\\\/\\\/buletin.de\\\/bucuresti\\\/\",\"logo\":{\"@type\":\"ImageObject\",\"inLanguage\":\"en-GB\",\"@id\":\"https:\\\/\\\/buletin.de\\\/bucuresti\\\/#\\\/schema\\\/logo\\\/image\\\/\",\"url\":\"https:\\\/\\\/buletin.de\\\/bucuresti\\\/wp-content\\\/uploads\\\/logo-bdb-full-wide-vernil-transparent.png\",\"contentUrl\":\"https:\\\/\\\/buletin.de\\\/bucuresti\\\/wp-content\\\/uploads\\\/logo-bdb-full-wide-vernil-transparent.png\",\"width\":1782,\"height\":626,\"caption\":\"Buletin de Bucure\u0219ti\"},\"image\":{\"@id\":\"https:\\\/\\\/buletin.de\\\/bucuresti\\\/#\\\/schema\\\/logo\\\/image\\\/\"},\"sameAs\":[\"https:\\\/\\\/www.facebook.com\\\/buletin.de.buc\",\"https:\\\/\\\/www.instagram.com\\\/buletinde.bucuresti\\\/\"]},{\"@type\":\"Person\",\"@id\":\"https:\\\/\\\/buletin.de\\\/bucuresti\\\/#\\\/schema\\\/person\\\/0ac9db30080482be87c7386a30f98796\",\"name\":\"C\u0103t\u0103lin Anghel-Dimache\",\"image\":{\"@type\":\"ImageObject\",\"inLanguage\":\"en-GB\",\"@id\":\"https:\\\/\\\/buletin.de\\\/bucuresti\\\/wp-content\\\/uploads\\\/Catalin-Anghel-Dimache-96x96.jpgbd9e43c5b25186d5b8e917ac61ad86c4\",\"url\":\"https:\\\/\\\/buletin.de\\\/bucuresti\\\/wp-content\\\/uploads\\\/Catalin-Anghel-Dimache-96x96.jpg\",\"contentUrl\":\"https:\\\/\\\/buletin.de\\\/bucuresti\\\/wp-content\\\/uploads\\\/Catalin-Anghel-Dimache-96x96.jpg\",\"caption\":\"C\u0103t\u0103lin Anghel-Dimache\"},\"description\":\"A absolvit Facultatea de Jurnalism \u0219i \u0218tiin\u021bele Comunic\u0103rii a Universit\u0103\u021bii din Bucure\u0219ti \u00een 2024. Scrie despre mediu \u0219i teme sociale, dar \u0219i despre cum se reflect\u0103 ele \u00een via\u021ba cotidian\u0103 a bucure\u0219tenilor, cu un ochi atent la pove\u0219tile personale din spatele titlurilor. N\u0103scut \u0219i crescut \u00een Bucure\u0219ti, a f\u0103cut un pas c\u0103tre presa local\u0103, din pasiune pentru ora\u0219ul s\u0103u \u0219i oamenii din el.\",\"url\":\"https:\\\/\\\/buletin.de\\\/bucuresti\\\/author\\\/catalin-anghel-dimache\\\/\"}]}<\/script>\n<!-- \/ Yoast SEO Premium plugin. -->","yoast_head_json":{"title":"ILFOV | C\u00e2inii \u0219i pisicile cu de\u021bin\u0103tor din Chitila vor fi sterilizate gratuit, printr-un contract public de 40 de mii de euro. Ce se \u00eent\u0103mpl\u0103 cu c\u00e2inii f\u0103r\u0103 st\u0103p\u00e2n - Buletin de Bucure\u0219ti","description":"ILFOV | C\u00e2inii \u0219i pisicile cu de\u021bin\u0103tor din Chitila vor fi steriliza\u021bi gratuit. Contract de peste 40 de mii de euro din bani publici","robots":{"index":"index","follow":"follow","max-snippet":"max-snippet:-1","max-image-preview":"max-image-preview:large","max-video-preview":"max-video-preview:-1"},"canonical":"https:\/\/buletin.de\/bucuresti\/ilfov-cainii-si-pisicile-cu-detinator-din-chitila-vor-fi-sterilizati-gratuit-contract-de-peste-40-de-mii-de-euro-din-bani-publici\/","og_locale":"en_GB","og_type":"article","og_title":"ILFOV | C\u00e2inii \u0219i pisicile cu de\u021bin\u0103tor din Chitila vor fi sterilizate gratuit, printr-un contract public de 40 de mii de euro. Ce se \u00eent\u0103mpl\u0103 cu c\u00e2inii f\u0103r\u0103 st\u0103p\u00e2n","og_description":"ILFOV | C\u00e2inii \u0219i pisicile cu de\u021bin\u0103tor din Chitila vor fi steriliza\u021bi gratuit. Contract de peste 40 de mii de euro din bani publici","og_url":"https:\/\/buletin.de\/bucuresti\/ilfov-cainii-si-pisicile-cu-detinator-din-chitila-vor-fi-sterilizati-gratuit-contract-de-peste-40-de-mii-de-euro-din-bani-publici\/","og_site_name":"Buletin de Bucure\u0219ti","article_publisher":"https:\/\/www.facebook.com\/buletin.de.buc","article_published_time":"2026-05-02T03:00:00+00:00","og_image":[{"width":1170,"height":780,"url":"https:\/\/buletin.de\/bucuresti\/wp-content\/uploads\/2026\/04\/85B7BBE0-387F-4AAE-99D3-C4D46C034F1A-1170x780-1.png","type":"image\/png"}],"author":"C\u0103t\u0103lin Anghel-Dimache","twitter_card":"summary_large_image","twitter_misc":{"Written by":"C\u0103t\u0103lin Anghel-Dimache","Estimated reading time":"5 minutes"},"schema":{"@context":"https:\/\/schema.org","@graph":[{"@type":"Article","@id":"https:\/\/buletin.de\/bucuresti\/ilfov-cainii-si-pisicile-cu-detinator-din-chitila-vor-fi-sterilizati-gratuit-contract-de-peste-40-de-mii-de-euro-din-bani-publici\/#article","isPartOf":{"@id":"https:\/\/buletin.de\/bucuresti\/ilfov-cainii-si-pisicile-cu-detinator-din-chitila-vor-fi-sterilizati-gratuit-contract-de-peste-40-de-mii-de-euro-din-bani-publici\/"},"author":{"name":"C\u0103t\u0103lin Anghel-Dimache","@id":"https:\/\/buletin.de\/bucuresti\/#\/schema\/person\/0ac9db30080482be87c7386a30f98796"},"headline":"ILFOV | C\u00e2inii \u0219i pisicile cu de\u021bin\u0103tor din Chitila vor fi sterilizate gratuit, printr-un contract public de 40 de mii de euro. Ce se \u00eent\u0103mpl\u0103 cu c\u00e2inii f\u0103r\u0103 st\u0103p\u00e2n","datePublished":"2026-05-02T03:00:00+00:00","mainEntityOfPage":{"@id":"https:\/\/buletin.de\/bucuresti\/ilfov-cainii-si-pisicile-cu-detinator-din-chitila-vor-fi-sterilizati-gratuit-contract-de-peste-40-de-mii-de-euro-din-bani-publici\/"},"wordCount":993,"publisher":{"@id":"https:\/\/buletin.de\/bucuresti\/#organization"},"image":{"@id":"https:\/\/buletin.de\/bucuresti\/ilfov-cainii-si-pisicile-cu-detinator-din-chitila-vor-fi-sterilizati-gratuit-contract-de-peste-40-de-mii-de-euro-din-bani-publici\/#primaryimage"},"thumbnailUrl":"https:\/\/buletin.de\/bucuresti\/wp-content\/uploads\/2026\/04\/85B7BBE0-387F-4AAE-99D3-C4D46C034F1A-1170x780-1.png","keywords":["animale de companie","bucuresti","caini","caini fara stapan","Capitala","pisici","sterilizare"],"articleSection":["Articole","Buletin de Ilfov","Featured","Mediu"],"inLanguage":"en-GB","copyrightYear":"2026","copyrightHolder":{"@id":"https:\/\/buletin.de\/bucuresti\/#organization"}},{"@type":"WebPage","@id":"https:\/\/buletin.de\/bucuresti\/ilfov-cainii-si-pisicile-cu-detinator-din-chitila-vor-fi-sterilizati-gratuit-contract-de-peste-40-de-mii-de-euro-din-bani-publici\/","url":"https:\/\/buletin.de\/bucuresti\/ilfov-cainii-si-pisicile-cu-detinator-din-chitila-vor-fi-sterilizati-gratuit-contract-de-peste-40-de-mii-de-euro-din-bani-publici\/","name":"ILFOV | C\u00e2inii \u0219i pisicile cu de\u021bin\u0103tor din Chitila vor fi sterilizate gratuit, printr-un contract public de 40 de mii de euro. Ce se \u00eent\u0103mpl\u0103 cu c\u00e2inii f\u0103r\u0103 st\u0103p\u00e2n - Buletin de Bucure\u0219ti","isPartOf":{"@id":"https:\/\/buletin.de\/bucuresti\/#website"},"primaryImageOfPage":{"@id":"https:\/\/buletin.de\/bucuresti\/ilfov-cainii-si-pisicile-cu-detinator-din-chitila-vor-fi-sterilizati-gratuit-contract-de-peste-40-de-mii-de-euro-din-bani-publici\/#primaryimage"},"image":{"@id":"https:\/\/buletin.de\/bucuresti\/ilfov-cainii-si-pisicile-cu-detinator-din-chitila-vor-fi-sterilizati-gratuit-contract-de-peste-40-de-mii-de-euro-din-bani-publici\/#primaryimage"},"thumbnailUrl":"https:\/\/buletin.de\/bucuresti\/wp-content\/uploads\/2026\/04\/85B7BBE0-387F-4AAE-99D3-C4D46C034F1A-1170x780-1.png","datePublished":"2026-05-02T03:00:00+00:00","description":"ILFOV | C\u00e2inii \u0219i pisicile cu de\u021bin\u0103tor din Chitila vor fi steriliza\u021bi gratuit. Contract de peste 40 de mii de euro din bani publici","breadcrumb":{"@id":"https:\/\/buletin.de\/bucuresti\/ilfov-cainii-si-pisicile-cu-detinator-din-chitila-vor-fi-sterilizati-gratuit-contract-de-peste-40-de-mii-de-euro-din-bani-publici\/#breadcrumb"},"inLanguage":"en-GB","potentialAction":[{"@type":"ReadAction","target":["https:\/\/buletin.de\/bucuresti\/ilfov-cainii-si-pisicile-cu-detinator-din-chitila-vor-fi-sterilizati-gratuit-contract-de-peste-40-de-mii-de-euro-din-bani-publici\/"]}]},{"@type":"ImageObject","inLanguage":"en-GB","@id":"https:\/\/buletin.de\/bucuresti\/ilfov-cainii-si-pisicile-cu-detinator-din-chitila-vor-fi-sterilizati-gratuit-contract-de-peste-40-de-mii-de-euro-din-bani-publici\/#primaryimage","url":"https:\/\/buletin.de\/bucuresti\/wp-content\/uploads\/2026\/04\/85B7BBE0-387F-4AAE-99D3-C4D46C034F1A-1170x780-1.png","contentUrl":"https:\/\/buletin.de\/bucuresti\/wp-content\/uploads\/2026\/04\/85B7BBE0-387F-4AAE-99D3-C4D46C034F1A-1170x780-1.png","width":1170,"height":780,"caption":"C\u00e2inii \u0219i pisicile cu de\u021bin\u0103tor din Chitila vor fi steriliza\u021bi gratuit. Foto: arhiv\u0103"},{"@type":"BreadcrumbList","@id":"https:\/\/buletin.de\/bucuresti\/ilfov-cainii-si-pisicile-cu-detinator-din-chitila-vor-fi-sterilizati-gratuit-contract-de-peste-40-de-mii-de-euro-din-bani-publici\/#breadcrumb","itemListElement":[{"@type":"ListItem","position":1,"name":"Acas\u0103","item":"https:\/\/buletin.de\/bucuresti\/"},{"@type":"ListItem","position":2,"name":"ILFOV | C\u00e2inii \u0219i pisicile cu de\u021bin\u0103tor din Chitila vor fi sterilizate gratuit, printr-un contract public de 40 de mii de euro. Ce se \u00eent\u0103mpl\u0103 cu c\u00e2inii f\u0103r\u0103 st\u0103p\u00e2n"}]},{"@type":"WebSite","@id":"https:\/\/buletin.de\/bucuresti\/#website","url":"https:\/\/buletin.de\/bucuresti\/","name":"Buletin de Bucure\u0219ti","description":"\u0218tiri \u0219i investiga\u021bii esen\u021biale din capital\u0103","publisher":{"@id":"https:\/\/buletin.de\/bucuresti\/#organization"},"potentialAction":[{"@type":"SearchAction","target":{"@type":"EntryPoint","urlTemplate":"https:\/\/buletin.de\/bucuresti\/?s={search_term_string}"},"query-input":{"@type":"PropertyValueSpecification","valueRequired":true,"valueName":"search_term_string"}}],"inLanguage":"en-GB"},{"@type":"Organization","@id":"https:\/\/buletin.de\/bucuresti\/#organization","name":"Buletin de Bucure\u0219ti","url":"https:\/\/buletin.de\/bucuresti\/","logo":{"@type":"ImageObject","inLanguage":"en-GB","@id":"https:\/\/buletin.de\/bucuresti\/#\/schema\/logo\/image\/","url":"https:\/\/buletin.de\/bucuresti\/wp-content\/uploads\/logo-bdb-full-wide-vernil-transparent.png","contentUrl":"https:\/\/buletin.de\/bucuresti\/wp-content\/uploads\/logo-bdb-full-wide-vernil-transparent.png","width":1782,"height":626,"caption":"Buletin de Bucure\u0219ti"},"image":{"@id":"https:\/\/buletin.de\/bucuresti\/#\/schema\/logo\/image\/"},"sameAs":["https:\/\/www.facebook.com\/buletin.de.buc","https:\/\/www.instagram.com\/buletinde.bucuresti\/"]},{"@type":"Person","@id":"https:\/\/buletin.de\/bucuresti\/#\/schema\/person\/0ac9db30080482be87c7386a30f98796","name":"C\u0103t\u0103lin Anghel-Dimache","image":{"@type":"ImageObject","inLanguage":"en-GB","@id":"https:\/\/buletin.de\/bucuresti\/wp-content\/uploads\/Catalin-Anghel-Dimache-96x96.jpgbd9e43c5b25186d5b8e917ac61ad86c4","url":"https:\/\/buletin.de\/bucuresti\/wp-content\/uploads\/Catalin-Anghel-Dimache-96x96.jpg","contentUrl":"https:\/\/buletin.de\/bucuresti\/wp-content\/uploads\/Catalin-Anghel-Dimache-96x96.jpg","caption":"C\u0103t\u0103lin Anghel-Dimache"},"description":"A absolvit Facultatea de Jurnalism \u0219i \u0218tiin\u021bele Comunic\u0103rii a Universit\u0103\u021bii din Bucure\u0219ti \u00een 2024. Scrie despre mediu \u0219i teme sociale, dar \u0219i despre cum se reflect\u0103 ele \u00een via\u021ba cotidian\u0103 a bucure\u0219tenilor, cu un ochi atent la pove\u0219tile personale din spatele titlurilor. N\u0103scut \u0219i crescut \u00een Bucure\u0219ti, a f\u0103cut un pas c\u0103tre presa local\u0103, din pasiune pentru ora\u0219ul s\u0103u \u0219i oamenii din el.","url":"https:\/\/buletin.de\/bucuresti\/author\/catalin-anghel-dimache\/"}]}},"authors":[{"term_id":22572,"user_id":59,"is_guest":0,"slug":"catalin-anghel-dimache","display_name":"C\u0103t\u0103lin Anghel-Dimache","avatar_url":"https:\/\/buletin.de\/bucuresti\/wp-content\/uploads\/Catalin-Anghel-Dimache-96x96.jpg","0":null,"1":"","2":"","3":"","4":"","5":"","6":"","7":"","8":""}],"_links":{"self":[{"href":"https:\/\/buletin.de\/bucuresti\/wp-json\/wp\/v2\/posts\/188532","targetHints":{"allow":["GET"]}}],"collection":[{"href":"https:\/\/buletin.de\/bucuresti\/wp-json\/wp\/v2\/posts"}],"about":[{"href":"https:\/\/buletin.de\/bucuresti\/wp-json\/wp\/v2\/types\/post"}],"author":[{"embeddable":true,"href":"https:\/\/buletin.de\/bucuresti\/wp-json\/wp\/v2\/users\/59"}],"replies":[{"embeddable":true,"href":"https:\/\/buletin.de\/bucuresti\/wp-json\/wp\/v2\/comments?post=188532"}],"version-history":[{"count":3,"href":"https:\/\/buletin.de\/bucuresti\/wp-json\/wp\/v2\/posts\/188532\/revisions"}],"predecessor-version":[{"id":190713,"href":"https:\/\/buletin.de\/bucuresti\/wp-json\/wp\/v2\/posts\/188532\/revisions\/190713"}],"wp:featuredmedia":[{"embeddable":true,"href":"https:\/\/buletin.de\/bucuresti\/wp-json\/wp\/v2\/media\/188553"}],"wp:attachment":[{"href":"https:\/\/buletin.de\/bucuresti\/wp-json\/wp\/v2\/media?parent=188532"}],"wp:term":[{"taxonomy":"category","embeddable":true,"href":"https:\/\/buletin.de\/bucuresti\/wp-json\/wp\/v2\/categories?post=188532"},{"taxonomy":"post_tag","embeddable":true,"href":"https:\/\/buletin.de\/bucuresti\/wp-json\/wp\/v2\/tags?post=188532"},{"taxonomy":"author","embeddable":true,"href":"https:\/\/buletin.de\/bucuresti\/wp-json\/wp\/v2\/ppma_author?post=188532"}],"curies":[{"name":"wp","href":"https:\/\/api.w.org\/{rel}","templated":true}]}}