{"id":18751,"date":"2021-01-26T13:36:03","date_gmt":"2021-01-26T10:36:03","guid":{"rendered":"https:\/\/buletin.de\/bucuresti\/?p=18751"},"modified":"2021-01-26T13:46:35","modified_gmt":"2021-01-26T10:46:35","slug":"nicusor-dan-cere-anularea-fuziunii-dintre-compania-municipala-termoenergetica-si-compania-muncipala-energetica","status":"publish","type":"post","link":"https:\/\/buletin.de\/bucuresti\/nicusor-dan-cere-anularea-fuziunii-dintre-compania-municipala-termoenergetica-si-compania-muncipala-energetica\/","title":{"rendered":"Nicu\u0219or Dan cere anularea fuziunii dintre Compania Municipal\u0103 Termoenergetica \u0219i Compania Muncipal\u0103 Energetica"},"content":{"rendered":"\n<p><\/p>\n\n\n\n<p><strong> <a href=\"http:\/\/www4.pmb.ro\/wwwt\/institutii\/CGMB\/sedinte\/ordinea_de_zi\/db\/20210129_39.pdf\">Proiectul<\/a> se afl\u0103 pe ordinea de zi a urm\u0103toarei \u0219edin\u021be de Consiliu General al Municipiului Bucure\u0219ti din 29 ianuarie. Dac\u0103 acest lucru nu se \u00eent\u00e2mpl\u0103, contractul de finan\u021bare pe fonduri europene semnat de Compania Energetica ar fi anulat \u0219i, implicit, \u0219i reabilitarea a 62 km din re\u021beaua subteran\u0103 de transport agent termic. \u00cen consecin\u021b\u0103, executarea lucr\u0103rilor de reabilitare\/modernizare a re\u021belei de termoficare \u00een cursul anului 2021 ar fi imposibil\u0103. <\/strong><\/p>\n\n\n\n<p>Conform Raportului de Specialitate, fuziunea dintre cele dou\u0103 ar \u00eensemna o vulnerabilitate major\u0103 \u00een accesarea fondurilor europene deoarece \u00een analiza proiectului de finan\u021bare fiecare are un scop bine definit: Termoenergetica se ocup\u0103 de serviciul de alimentare cu energie termic\u0103, iar Energetica execut\u0103 lucr\u0103ri de reabilitare sau modernizare a re\u021belei de termie. Totodat\u0103, contractul de finan\u021bare pe fonduri europene \u2013 POCU semnat de Compania Energetica ar fi pierdut.<\/p>\n\n\n\n<p>Mai mult, o posibil\u0103 fuziune are drept consecin\u021b\u0103 anularea contractului de reabilitare a celor 62 km &nbsp;\u0219i ar duce la imposibilitatea de a executa lucr\u0103ri de reabilitare\/modernizare a re\u021belei de termoficare \u00een cursul anului 2021, argumenteaz\u0103 proiectul.<\/p>\n\n\n\n<p>Un alt argument este acela c\u0103 Termoenergetica nu poate realiza dec\u00e2t activit\u0103\u021bi conexe serviciului de alimentare cu energie termic\u0103, iar o posibil\u0103 fuziune ar conduce la majorarea cotei de dezvoltare cu valoarea lucr\u0103rilor ce trebuie executate de Compania Energetica Servicii. Consecin\u021ba direct\u0103 este cre\u0219terea valorii pe care Prim\u0103ria Capitalei o aloc\u0103 pentru compensa\u021bia serviciului de alimentare cu energie termic\u0103. Dac\u0103 valoarea compensa\u021biei cre\u0219te, trebuie \u00eentocmit\u0103 o nou\u0103 pre-notificare c\u0103tre Comisia European\u0103 cu noile valori ale compensa\u021biei, consecin\u021ba negativ\u0103 fiind declararea ajutorului ca fiind incompatibil.<\/p>\n\n\n\n<p>Fuziunea dintre Compania Municipal\u0103 Termoenergetica \u0219i Compania Municipal\u0103 Energetica Servicii a fost aprobat\u0103 de Consiliul General pe 15 iulie 2020, \u00een timpul fostei administra\u021bii condus\u0103 de Gabriela Firea.<\/p>\n\n\n\n<p><\/p>\n\n\n\n<p>Surs\u0103 cover foto: <a href=\"https:\/\/www.facebook.com\/CompaniaMunicipalaEnergeticaServiciiBucuresti\/photos\/a.264609587532289\/294343471225567\/\">Facebook Compania Municipala Energetica Servicii<\/a><\/p>\n","protected":false},"excerpt":{"rendered":"<p>Proiectul se afl\u0103 pe ordinea de zi a urm\u0103toarei \u0219edin\u021be de Consiliu General al Municipiului Bucure\u0219ti din 29 ianuarie. Dac\u0103 acest lucru nu se \u00eent\u00e2mpl\u0103, contractul de finan\u021bare pe fonduri europene semnat de Compania Energetica ar fi anulat \u0219i, implicit, \u0219i reabilitarea a 62 km din re\u021beaua subteran\u0103 de transport agent termic. \u00cen consecin\u021b\u0103, executarea [&hellip;]<\/p>\n","protected":false},"author":6,"featured_media":18752,"comment_status":"closed","ping_status":"open","sticky":false,"template":"","format":"standard","meta":{"_acf_changed":false,"inline_featured_image":false,"ngg_post_thumbnail":0,"footnotes":""},"categories":[24],"tags":[108,2179,2178],"ppma_author":[22588],"class_list":["post-18751","post","type-post","status-publish","format-standard","has-post-thumbnail","hentry","category-primarie","tag-companii-municipale","tag-energetica","tag-termoenegertica"],"acf":[],"yoast_head":"<!-- This site is optimized with the Yoast SEO Premium plugin v25.3 (Yoast SEO v27.4) - https:\/\/yoast.com\/product\/yoast-seo-premium-wordpress\/ -->\n<title>Nicu\u0219or Dan cere anularea fuziunii dintre Compania Municipal\u0103 Termoenergetica \u0219i Compania Muncipal\u0103 Energetica - Buletin de Bucure\u0219ti<\/title>\n<meta name=\"robots\" content=\"index, follow, max-snippet:-1, max-image-preview:large, max-video-preview:-1\" \/>\n<link rel=\"canonical\" href=\"https:\/\/buletin.de\/bucuresti\/nicusor-dan-cere-anularea-fuziunii-dintre-compania-municipala-termoenergetica-si-compania-muncipala-energetica\/\" \/>\n<meta property=\"og:locale\" content=\"en_GB\" \/>\n<meta property=\"og:type\" content=\"article\" \/>\n<meta property=\"og:title\" content=\"Nicu\u0219or Dan cere anularea fuziunii dintre Compania Municipal\u0103 Termoenergetica \u0219i Compania Muncipal\u0103 Energetica\" \/>\n<meta property=\"og:description\" content=\"Proiectul se afl\u0103 pe ordinea de zi a urm\u0103toarei \u0219edin\u021be de Consiliu General al Municipiului Bucure\u0219ti din 29 ianuarie. Dac\u0103 acest lucru nu se \u00eent\u00e2mpl\u0103, contractul de finan\u021bare pe fonduri europene semnat de Compania Energetica ar fi anulat \u0219i, implicit, \u0219i reabilitarea a 62 km din re\u021beaua subteran\u0103 de transport agent termic. \u00cen consecin\u021b\u0103, executarea [&hellip;]\" \/>\n<meta property=\"og:url\" content=\"https:\/\/buletin.de\/bucuresti\/nicusor-dan-cere-anularea-fuziunii-dintre-compania-municipala-termoenergetica-si-compania-muncipala-energetica\/\" \/>\n<meta property=\"og:site_name\" content=\"Buletin de Bucure\u0219ti\" \/>\n<meta property=\"article:publisher\" content=\"https:\/\/www.facebook.com\/buletin.de.buc\" \/>\n<meta property=\"article:published_time\" content=\"2021-01-26T10:36:03+00:00\" \/>\n<meta property=\"article:modified_time\" content=\"2021-01-26T10:46:35+00:00\" \/>\n<meta property=\"og:image\" content=\"https:\/\/buletin.de\/bucuresti\/wp-content\/uploads\/49639343_294343474558900_1059909392196960256_o.jpg\" \/>\n\t<meta property=\"og:image:width\" content=\"1902\" \/>\n\t<meta property=\"og:image:height\" content=\"1512\" \/>\n\t<meta property=\"og:image:type\" content=\"image\/jpeg\" \/>\n<meta name=\"author\" content=\"Bianca Albu\" \/>\n<meta name=\"twitter:card\" content=\"summary_large_image\" \/>\n<meta name=\"twitter:label1\" content=\"Written by\" \/>\n\t<meta name=\"twitter:data1\" content=\"Bianca Albu\" \/>\n\t<meta name=\"twitter:label2\" content=\"Estimated reading time\" \/>\n\t<meta name=\"twitter:data2\" content=\"2 minutes\" \/>\n<script type=\"application\/ld+json\" class=\"yoast-schema-graph\">{\"@context\":\"https:\\\/\\\/schema.org\",\"@graph\":[{\"@type\":\"Article\",\"@id\":\"https:\\\/\\\/buletin.de\\\/bucuresti\\\/nicusor-dan-cere-anularea-fuziunii-dintre-compania-municipala-termoenergetica-si-compania-muncipala-energetica\\\/#article\",\"isPartOf\":{\"@id\":\"https:\\\/\\\/buletin.de\\\/bucuresti\\\/nicusor-dan-cere-anularea-fuziunii-dintre-compania-municipala-termoenergetica-si-compania-muncipala-energetica\\\/\"},\"author\":{\"name\":\"Bianca Albu\",\"@id\":\"https:\\\/\\\/buletin.de\\\/bucuresti\\\/#\\\/schema\\\/person\\\/295dc2228d2dc79294d636619468dc7f\"},\"headline\":\"Nicu\u0219or Dan cere anularea fuziunii dintre Compania Municipal\u0103 Termoenergetica \u0219i Compania Muncipal\u0103 Energetica\",\"datePublished\":\"2021-01-26T10:36:03+00:00\",\"dateModified\":\"2021-01-26T10:46:35+00:00\",\"mainEntityOfPage\":{\"@id\":\"https:\\\/\\\/buletin.de\\\/bucuresti\\\/nicusor-dan-cere-anularea-fuziunii-dintre-compania-municipala-termoenergetica-si-compania-muncipala-energetica\\\/\"},\"wordCount\":329,\"publisher\":{\"@id\":\"https:\\\/\\\/buletin.de\\\/bucuresti\\\/#organization\"},\"image\":{\"@id\":\"https:\\\/\\\/buletin.de\\\/bucuresti\\\/nicusor-dan-cere-anularea-fuziunii-dintre-compania-municipala-termoenergetica-si-compania-muncipala-energetica\\\/#primaryimage\"},\"thumbnailUrl\":\"https:\\\/\\\/buletin.de\\\/bucuresti\\\/wp-content\\\/uploads\\\/49639343_294343474558900_1059909392196960256_o.jpg\",\"keywords\":[\"companii municipale\",\"energetica\",\"termoenegertica\"],\"articleSection\":[\"Prim\u0103rie\"],\"inLanguage\":\"en-GB\",\"copyrightYear\":\"2021\",\"copyrightHolder\":{\"@id\":\"https:\\\/\\\/buletin.de\\\/bucuresti\\\/#organization\"}},{\"@type\":\"WebPage\",\"@id\":\"https:\\\/\\\/buletin.de\\\/bucuresti\\\/nicusor-dan-cere-anularea-fuziunii-dintre-compania-municipala-termoenergetica-si-compania-muncipala-energetica\\\/\",\"url\":\"https:\\\/\\\/buletin.de\\\/bucuresti\\\/nicusor-dan-cere-anularea-fuziunii-dintre-compania-municipala-termoenergetica-si-compania-muncipala-energetica\\\/\",\"name\":\"Nicu\u0219or Dan cere anularea fuziunii dintre Compania Municipal\u0103 Termoenergetica \u0219i Compania Muncipal\u0103 Energetica - Buletin de Bucure\u0219ti\",\"isPartOf\":{\"@id\":\"https:\\\/\\\/buletin.de\\\/bucuresti\\\/#website\"},\"primaryImageOfPage\":{\"@id\":\"https:\\\/\\\/buletin.de\\\/bucuresti\\\/nicusor-dan-cere-anularea-fuziunii-dintre-compania-municipala-termoenergetica-si-compania-muncipala-energetica\\\/#primaryimage\"},\"image\":{\"@id\":\"https:\\\/\\\/buletin.de\\\/bucuresti\\\/nicusor-dan-cere-anularea-fuziunii-dintre-compania-municipala-termoenergetica-si-compania-muncipala-energetica\\\/#primaryimage\"},\"thumbnailUrl\":\"https:\\\/\\\/buletin.de\\\/bucuresti\\\/wp-content\\\/uploads\\\/49639343_294343474558900_1059909392196960256_o.jpg\",\"datePublished\":\"2021-01-26T10:36:03+00:00\",\"dateModified\":\"2021-01-26T10:46:35+00:00\",\"breadcrumb\":{\"@id\":\"https:\\\/\\\/buletin.de\\\/bucuresti\\\/nicusor-dan-cere-anularea-fuziunii-dintre-compania-municipala-termoenergetica-si-compania-muncipala-energetica\\\/#breadcrumb\"},\"inLanguage\":\"en-GB\",\"potentialAction\":[{\"@type\":\"ReadAction\",\"target\":[\"https:\\\/\\\/buletin.de\\\/bucuresti\\\/nicusor-dan-cere-anularea-fuziunii-dintre-compania-municipala-termoenergetica-si-compania-muncipala-energetica\\\/\"]}]},{\"@type\":\"ImageObject\",\"inLanguage\":\"en-GB\",\"@id\":\"https:\\\/\\\/buletin.de\\\/bucuresti\\\/nicusor-dan-cere-anularea-fuziunii-dintre-compania-municipala-termoenergetica-si-compania-muncipala-energetica\\\/#primaryimage\",\"url\":\"https:\\\/\\\/buletin.de\\\/bucuresti\\\/wp-content\\\/uploads\\\/49639343_294343474558900_1059909392196960256_o.jpg\",\"contentUrl\":\"https:\\\/\\\/buletin.de\\\/bucuresti\\\/wp-content\\\/uploads\\\/49639343_294343474558900_1059909392196960256_o.jpg\",\"width\":1902,\"height\":1512},{\"@type\":\"BreadcrumbList\",\"@id\":\"https:\\\/\\\/buletin.de\\\/bucuresti\\\/nicusor-dan-cere-anularea-fuziunii-dintre-compania-municipala-termoenergetica-si-compania-muncipala-energetica\\\/#breadcrumb\",\"itemListElement\":[{\"@type\":\"ListItem\",\"position\":1,\"name\":\"Acas\u0103\",\"item\":\"https:\\\/\\\/buletin.de\\\/bucuresti\\\/\"},{\"@type\":\"ListItem\",\"position\":2,\"name\":\"Nicu\u0219or Dan cere anularea fuziunii dintre Compania Municipal\u0103 Termoenergetica \u0219i Compania Muncipal\u0103 Energetica\"}]},{\"@type\":\"WebSite\",\"@id\":\"https:\\\/\\\/buletin.de\\\/bucuresti\\\/#website\",\"url\":\"https:\\\/\\\/buletin.de\\\/bucuresti\\\/\",\"name\":\"Buletin de Bucure\u0219ti\",\"description\":\"\u0218tiri \u0219i investiga\u021bii esen\u021biale din capital\u0103\",\"publisher\":{\"@id\":\"https:\\\/\\\/buletin.de\\\/bucuresti\\\/#organization\"},\"potentialAction\":[{\"@type\":\"SearchAction\",\"target\":{\"@type\":\"EntryPoint\",\"urlTemplate\":\"https:\\\/\\\/buletin.de\\\/bucuresti\\\/?s={search_term_string}\"},\"query-input\":{\"@type\":\"PropertyValueSpecification\",\"valueRequired\":true,\"valueName\":\"search_term_string\"}}],\"inLanguage\":\"en-GB\"},{\"@type\":\"Organization\",\"@id\":\"https:\\\/\\\/buletin.de\\\/bucuresti\\\/#organization\",\"name\":\"Buletin de Bucure\u0219ti\",\"url\":\"https:\\\/\\\/buletin.de\\\/bucuresti\\\/\",\"logo\":{\"@type\":\"ImageObject\",\"inLanguage\":\"en-GB\",\"@id\":\"https:\\\/\\\/buletin.de\\\/bucuresti\\\/#\\\/schema\\\/logo\\\/image\\\/\",\"url\":\"https:\\\/\\\/buletin.de\\\/bucuresti\\\/wp-content\\\/uploads\\\/logo-bdb-full-wide-vernil-transparent.png\",\"contentUrl\":\"https:\\\/\\\/buletin.de\\\/bucuresti\\\/wp-content\\\/uploads\\\/logo-bdb-full-wide-vernil-transparent.png\",\"width\":1782,\"height\":626,\"caption\":\"Buletin de Bucure\u0219ti\"},\"image\":{\"@id\":\"https:\\\/\\\/buletin.de\\\/bucuresti\\\/#\\\/schema\\\/logo\\\/image\\\/\"},\"sameAs\":[\"https:\\\/\\\/www.facebook.com\\\/buletin.de.buc\",\"https:\\\/\\\/www.instagram.com\\\/buletinde.bucuresti\\\/\"]},{\"@type\":\"Person\",\"@id\":\"https:\\\/\\\/buletin.de\\\/bucuresti\\\/#\\\/schema\\\/person\\\/295dc2228d2dc79294d636619468dc7f\",\"name\":\"Bianca Albu\",\"image\":{\"@type\":\"ImageObject\",\"inLanguage\":\"en-GB\",\"@id\":\"https:\\\/\\\/secure.gravatar.com\\\/avatar\\\/3df2e34e20f529e6fd7be4311ee1f7c4ec4aa886971590baf6fa214b15743516?s=96&d=monsterid&r=gf541c715eeec409ce8101252a3c0d8a7\",\"url\":\"https:\\\/\\\/secure.gravatar.com\\\/avatar\\\/3df2e34e20f529e6fd7be4311ee1f7c4ec4aa886971590baf6fa214b15743516?s=96&d=monsterid&r=g\",\"contentUrl\":\"https:\\\/\\\/secure.gravatar.com\\\/avatar\\\/3df2e34e20f529e6fd7be4311ee1f7c4ec4aa886971590baf6fa214b15743516?s=96&d=monsterid&r=g\",\"caption\":\"Bianca Albu\"},\"description\":\"Reporter\",\"url\":\"https:\\\/\\\/buletin.de\\\/bucuresti\\\/author\\\/biancaalbu\\\/\"}]}<\/script>\n<!-- \/ Yoast SEO Premium plugin. -->","yoast_head_json":{"title":"Nicu\u0219or Dan cere anularea fuziunii dintre Compania Municipal\u0103 Termoenergetica \u0219i Compania Muncipal\u0103 Energetica - Buletin de Bucure\u0219ti","robots":{"index":"index","follow":"follow","max-snippet":"max-snippet:-1","max-image-preview":"max-image-preview:large","max-video-preview":"max-video-preview:-1"},"canonical":"https:\/\/buletin.de\/bucuresti\/nicusor-dan-cere-anularea-fuziunii-dintre-compania-municipala-termoenergetica-si-compania-muncipala-energetica\/","og_locale":"en_GB","og_type":"article","og_title":"Nicu\u0219or Dan cere anularea fuziunii dintre Compania Municipal\u0103 Termoenergetica \u0219i Compania Muncipal\u0103 Energetica","og_description":"Proiectul se afl\u0103 pe ordinea de zi a urm\u0103toarei \u0219edin\u021be de Consiliu General al Municipiului Bucure\u0219ti din 29 ianuarie. Dac\u0103 acest lucru nu se \u00eent\u00e2mpl\u0103, contractul de finan\u021bare pe fonduri europene semnat de Compania Energetica ar fi anulat \u0219i, implicit, \u0219i reabilitarea a 62 km din re\u021beaua subteran\u0103 de transport agent termic. \u00cen consecin\u021b\u0103, executarea [&hellip;]","og_url":"https:\/\/buletin.de\/bucuresti\/nicusor-dan-cere-anularea-fuziunii-dintre-compania-municipala-termoenergetica-si-compania-muncipala-energetica\/","og_site_name":"Buletin de Bucure\u0219ti","article_publisher":"https:\/\/www.facebook.com\/buletin.de.buc","article_published_time":"2021-01-26T10:36:03+00:00","article_modified_time":"2021-01-26T10:46:35+00:00","og_image":[{"width":1902,"height":1512,"url":"https:\/\/buletin.de\/bucuresti\/wp-content\/uploads\/49639343_294343474558900_1059909392196960256_o.jpg","type":"image\/jpeg"}],"author":"Bianca Albu","twitter_card":"summary_large_image","twitter_misc":{"Written by":"Bianca Albu","Estimated reading time":"2 minutes"},"schema":{"@context":"https:\/\/schema.org","@graph":[{"@type":"Article","@id":"https:\/\/buletin.de\/bucuresti\/nicusor-dan-cere-anularea-fuziunii-dintre-compania-municipala-termoenergetica-si-compania-muncipala-energetica\/#article","isPartOf":{"@id":"https:\/\/buletin.de\/bucuresti\/nicusor-dan-cere-anularea-fuziunii-dintre-compania-municipala-termoenergetica-si-compania-muncipala-energetica\/"},"author":{"name":"Bianca Albu","@id":"https:\/\/buletin.de\/bucuresti\/#\/schema\/person\/295dc2228d2dc79294d636619468dc7f"},"headline":"Nicu\u0219or Dan cere anularea fuziunii dintre Compania Municipal\u0103 Termoenergetica \u0219i Compania Muncipal\u0103 Energetica","datePublished":"2021-01-26T10:36:03+00:00","dateModified":"2021-01-26T10:46:35+00:00","mainEntityOfPage":{"@id":"https:\/\/buletin.de\/bucuresti\/nicusor-dan-cere-anularea-fuziunii-dintre-compania-municipala-termoenergetica-si-compania-muncipala-energetica\/"},"wordCount":329,"publisher":{"@id":"https:\/\/buletin.de\/bucuresti\/#organization"},"image":{"@id":"https:\/\/buletin.de\/bucuresti\/nicusor-dan-cere-anularea-fuziunii-dintre-compania-municipala-termoenergetica-si-compania-muncipala-energetica\/#primaryimage"},"thumbnailUrl":"https:\/\/buletin.de\/bucuresti\/wp-content\/uploads\/49639343_294343474558900_1059909392196960256_o.jpg","keywords":["companii municipale","energetica","termoenegertica"],"articleSection":["Prim\u0103rie"],"inLanguage":"en-GB","copyrightYear":"2021","copyrightHolder":{"@id":"https:\/\/buletin.de\/bucuresti\/#organization"}},{"@type":"WebPage","@id":"https:\/\/buletin.de\/bucuresti\/nicusor-dan-cere-anularea-fuziunii-dintre-compania-municipala-termoenergetica-si-compania-muncipala-energetica\/","url":"https:\/\/buletin.de\/bucuresti\/nicusor-dan-cere-anularea-fuziunii-dintre-compania-municipala-termoenergetica-si-compania-muncipala-energetica\/","name":"Nicu\u0219or Dan cere anularea fuziunii dintre Compania Municipal\u0103 Termoenergetica \u0219i Compania Muncipal\u0103 Energetica - Buletin de Bucure\u0219ti","isPartOf":{"@id":"https:\/\/buletin.de\/bucuresti\/#website"},"primaryImageOfPage":{"@id":"https:\/\/buletin.de\/bucuresti\/nicusor-dan-cere-anularea-fuziunii-dintre-compania-municipala-termoenergetica-si-compania-muncipala-energetica\/#primaryimage"},"image":{"@id":"https:\/\/buletin.de\/bucuresti\/nicusor-dan-cere-anularea-fuziunii-dintre-compania-municipala-termoenergetica-si-compania-muncipala-energetica\/#primaryimage"},"thumbnailUrl":"https:\/\/buletin.de\/bucuresti\/wp-content\/uploads\/49639343_294343474558900_1059909392196960256_o.jpg","datePublished":"2021-01-26T10:36:03+00:00","dateModified":"2021-01-26T10:46:35+00:00","breadcrumb":{"@id":"https:\/\/buletin.de\/bucuresti\/nicusor-dan-cere-anularea-fuziunii-dintre-compania-municipala-termoenergetica-si-compania-muncipala-energetica\/#breadcrumb"},"inLanguage":"en-GB","potentialAction":[{"@type":"ReadAction","target":["https:\/\/buletin.de\/bucuresti\/nicusor-dan-cere-anularea-fuziunii-dintre-compania-municipala-termoenergetica-si-compania-muncipala-energetica\/"]}]},{"@type":"ImageObject","inLanguage":"en-GB","@id":"https:\/\/buletin.de\/bucuresti\/nicusor-dan-cere-anularea-fuziunii-dintre-compania-municipala-termoenergetica-si-compania-muncipala-energetica\/#primaryimage","url":"https:\/\/buletin.de\/bucuresti\/wp-content\/uploads\/49639343_294343474558900_1059909392196960256_o.jpg","contentUrl":"https:\/\/buletin.de\/bucuresti\/wp-content\/uploads\/49639343_294343474558900_1059909392196960256_o.jpg","width":1902,"height":1512},{"@type":"BreadcrumbList","@id":"https:\/\/buletin.de\/bucuresti\/nicusor-dan-cere-anularea-fuziunii-dintre-compania-municipala-termoenergetica-si-compania-muncipala-energetica\/#breadcrumb","itemListElement":[{"@type":"ListItem","position":1,"name":"Acas\u0103","item":"https:\/\/buletin.de\/bucuresti\/"},{"@type":"ListItem","position":2,"name":"Nicu\u0219or Dan cere anularea fuziunii dintre Compania Municipal\u0103 Termoenergetica \u0219i Compania Muncipal\u0103 Energetica"}]},{"@type":"WebSite","@id":"https:\/\/buletin.de\/bucuresti\/#website","url":"https:\/\/buletin.de\/bucuresti\/","name":"Buletin de Bucure\u0219ti","description":"\u0218tiri \u0219i investiga\u021bii esen\u021biale din capital\u0103","publisher":{"@id":"https:\/\/buletin.de\/bucuresti\/#organization"},"potentialAction":[{"@type":"SearchAction","target":{"@type":"EntryPoint","urlTemplate":"https:\/\/buletin.de\/bucuresti\/?s={search_term_string}"},"query-input":{"@type":"PropertyValueSpecification","valueRequired":true,"valueName":"search_term_string"}}],"inLanguage":"en-GB"},{"@type":"Organization","@id":"https:\/\/buletin.de\/bucuresti\/#organization","name":"Buletin de Bucure\u0219ti","url":"https:\/\/buletin.de\/bucuresti\/","logo":{"@type":"ImageObject","inLanguage":"en-GB","@id":"https:\/\/buletin.de\/bucuresti\/#\/schema\/logo\/image\/","url":"https:\/\/buletin.de\/bucuresti\/wp-content\/uploads\/logo-bdb-full-wide-vernil-transparent.png","contentUrl":"https:\/\/buletin.de\/bucuresti\/wp-content\/uploads\/logo-bdb-full-wide-vernil-transparent.png","width":1782,"height":626,"caption":"Buletin de Bucure\u0219ti"},"image":{"@id":"https:\/\/buletin.de\/bucuresti\/#\/schema\/logo\/image\/"},"sameAs":["https:\/\/www.facebook.com\/buletin.de.buc","https:\/\/www.instagram.com\/buletinde.bucuresti\/"]},{"@type":"Person","@id":"https:\/\/buletin.de\/bucuresti\/#\/schema\/person\/295dc2228d2dc79294d636619468dc7f","name":"Bianca Albu","image":{"@type":"ImageObject","inLanguage":"en-GB","@id":"https:\/\/secure.gravatar.com\/avatar\/3df2e34e20f529e6fd7be4311ee1f7c4ec4aa886971590baf6fa214b15743516?s=96&d=monsterid&r=gf541c715eeec409ce8101252a3c0d8a7","url":"https:\/\/secure.gravatar.com\/avatar\/3df2e34e20f529e6fd7be4311ee1f7c4ec4aa886971590baf6fa214b15743516?s=96&d=monsterid&r=g","contentUrl":"https:\/\/secure.gravatar.com\/avatar\/3df2e34e20f529e6fd7be4311ee1f7c4ec4aa886971590baf6fa214b15743516?s=96&d=monsterid&r=g","caption":"Bianca Albu"},"description":"Reporter","url":"https:\/\/buletin.de\/bucuresti\/author\/biancaalbu\/"}]}},"authors":[{"term_id":22588,"user_id":6,"is_guest":0,"slug":"biancaalbu","display_name":"Bianca Albu","avatar_url":"https:\/\/secure.gravatar.com\/avatar\/3df2e34e20f529e6fd7be4311ee1f7c4ec4aa886971590baf6fa214b15743516?s=96&d=monsterid&r=g","0":null,"1":"","2":"","3":"","4":"","5":"","6":"","7":"","8":""}],"_links":{"self":[{"href":"https:\/\/buletin.de\/bucuresti\/wp-json\/wp\/v2\/posts\/18751","targetHints":{"allow":["GET"]}}],"collection":[{"href":"https:\/\/buletin.de\/bucuresti\/wp-json\/wp\/v2\/posts"}],"about":[{"href":"https:\/\/buletin.de\/bucuresti\/wp-json\/wp\/v2\/types\/post"}],"author":[{"embeddable":true,"href":"https:\/\/buletin.de\/bucuresti\/wp-json\/wp\/v2\/users\/6"}],"replies":[{"embeddable":true,"href":"https:\/\/buletin.de\/bucuresti\/wp-json\/wp\/v2\/comments?post=18751"}],"version-history":[{"count":6,"href":"https:\/\/buletin.de\/bucuresti\/wp-json\/wp\/v2\/posts\/18751\/revisions"}],"predecessor-version":[{"id":18787,"href":"https:\/\/buletin.de\/bucuresti\/wp-json\/wp\/v2\/posts\/18751\/revisions\/18787"}],"wp:featuredmedia":[{"embeddable":true,"href":"https:\/\/buletin.de\/bucuresti\/wp-json\/wp\/v2\/media\/18752"}],"wp:attachment":[{"href":"https:\/\/buletin.de\/bucuresti\/wp-json\/wp\/v2\/media?parent=18751"}],"wp:term":[{"taxonomy":"category","embeddable":true,"href":"https:\/\/buletin.de\/bucuresti\/wp-json\/wp\/v2\/categories?post=18751"},{"taxonomy":"post_tag","embeddable":true,"href":"https:\/\/buletin.de\/bucuresti\/wp-json\/wp\/v2\/tags?post=18751"},{"taxonomy":"author","embeddable":true,"href":"https:\/\/buletin.de\/bucuresti\/wp-json\/wp\/v2\/ppma_author?post=18751"}],"curies":[{"name":"wp","href":"https:\/\/api.w.org\/{rel}","templated":true}]}}