{"id":18739,"date":"2021-01-25T19:25:21","date_gmt":"2021-01-25T16:25:21","guid":{"rendered":"https:\/\/buletin.de\/bucuresti\/?p=18739"},"modified":"2021-01-25T19:25:22","modified_gmt":"2021-01-25T16:25:22","slug":"nicusor-dan-a-anuntat-o-statie-de-tramvai-aproape-de-piata-victoriei","status":"publish","type":"post","link":"https:\/\/buletin.de\/bucuresti\/nicusor-dan-a-anuntat-o-statie-de-tramvai-aproape-de-piata-victoriei\/","title":{"rendered":"Nicu\u0219or Dan a anun\u021bat o sta\u021bie de tramvai aproape de Pia\u021ba Victoriei"},"content":{"rendered":"\n<p><strong>Nicu\u0219or Dan, Primarul General al Capitalei, a anun\u021bat, ast\u0103zi, c\u0103 se lucreaz\u0103 la Pasajul Pia\u021ba Victoriei, unde ar urma s\u0103 fie construit\u0103 o nou\u0103 sta\u021bie de tramvai care s\u0103 duc\u0103 cet\u0103\u021benii p\u00e2n\u0103 \u00een Pia\u021ba Victoriei. Sta\u021bia va fi \u00een cele din urm\u0103 conectat\u0103 cu sta\u021biile de metrou Pia\u021ba Victoriei 1 \u0219i 2.<\/strong><\/p>\n\n\n\n<p>Nicu\u0219or Dan a declarat c\u0103 aceast\u0103 lucrare face parte din obiectivul Prim\u0103riei Municipiului Bucure\u0219ti de a integra mijloacele de transport \u00een comun pentru o mai bun mobilitate a locuitorilor Capitalei. <\/p>\n\n\n\n<blockquote class=\"wp-block-quote is-layout-flow wp-block-quote-is-layout-flow\"><p>Se lucreaz\u0103 \u00een Pasajul Pia\u021ba Victoriei pentru realizarea unei sta\u021bii de tramvai. Bucure\u0219tenii care vin cu tramvaiul pe aceast\u0103 rut\u0103 vor cobor\u00ee chiar \u00een Pia\u021ba Victoriei, nu la c\u00e2teva sute de metri distan\u021b\u0103, iar sta\u021bia va fi \u00een cele din urm\u0103 conectat\u0103 cu sta\u021biile de metrou Pia\u021ba Victoriei 1 \u0219i 2. Obiectivul nostru e s\u0103 realiz\u0103m o integrare c\u00e2t mai bun\u0103 a diverselor mijloace de transport public, pentru a cre\u0219te mobilitatea bucure\u0219tenilor.<\/p><cite>A declarat Nicu\u0219or Dan <\/cite><\/blockquote>\n\n\n\n<figure class=\"wp-block-gallery columns-2 is-cropped wp-block-gallery-1 is-layout-flex wp-block-gallery-is-layout-flex\"><ul class=\"blocks-gallery-grid\"><li class=\"blocks-gallery-item\"><figure><a href=\"https:\/\/buletin.de\/bucuresti\/wp-content\/uploads\/142074383_3667270356683884_8373542010848741231_o.jpg\"><img fetchpriority=\"high\" decoding=\"async\" width=\"900\" height=\"675\" src=\"data:image\/gif;base64,R0lGODlhAQABAAAAACH5BAEKAAEALAAAAAABAAEAAAICTAEAOw==\" data-src=\"https:\/\/buletin.de\/bucuresti\/wp-content\/uploads\/142074383_3667270356683884_8373542010848741231_o-900x675.jpg\" alt=\"\" data-id=\"18745\" data-full-url=\"https:\/\/buletin.de\/bucuresti\/wp-content\/uploads\/142074383_3667270356683884_8373542010848741231_o.jpg\" data-link=\"https:\/\/buletin.de\/bucuresti\/?attachment_id=18745\" class=\"wp-image-18745 lazyload\" data-sizes=\"auto\" data-srcset=\"https:\/\/buletin.de\/bucuresti\/wp-content\/uploads\/142074383_3667270356683884_8373542010848741231_o-900x675.jpg 900w, https:\/\/buletin.de\/bucuresti\/wp-content\/uploads\/142074383_3667270356683884_8373542010848741231_o-300x225.jpg 300w, https:\/\/buletin.de\/bucuresti\/wp-content\/uploads\/142074383_3667270356683884_8373542010848741231_o-768x576.jpg 768w, https:\/\/buletin.de\/bucuresti\/wp-content\/uploads\/142074383_3667270356683884_8373542010848741231_o-1536x1152.jpg 1536w, https:\/\/buletin.de\/bucuresti\/wp-content\/uploads\/142074383_3667270356683884_8373542010848741231_o-1060x795.jpg 1060w, https:\/\/buletin.de\/bucuresti\/wp-content\/uploads\/142074383_3667270356683884_8373542010848741231_o-550x413.jpg 550w, https:\/\/buletin.de\/bucuresti\/wp-content\/uploads\/142074383_3667270356683884_8373542010848741231_o-667x500.jpg 667w, https:\/\/buletin.de\/bucuresti\/wp-content\/uploads\/142074383_3667270356683884_8373542010848741231_o-1440x1080.jpg 1440w, https:\/\/buletin.de\/bucuresti\/wp-content\/uploads\/142074383_3667270356683884_8373542010848741231_o-600x450.jpg 600w, https:\/\/buletin.de\/bucuresti\/wp-content\/uploads\/142074383_3667270356683884_8373542010848741231_o.jpg 1600w\" sizes=\"(max-width: 900px) 100vw, 900px\" \/><\/a><\/figure><\/li><li class=\"blocks-gallery-item\"><figure><a href=\"https:\/\/buletin.de\/bucuresti\/wp-content\/uploads\/142862435_3667270346683885_4976062278109244597_o.jpg\"><img decoding=\"async\" width=\"675\" height=\"900\" src=\"data:image\/gif;base64,R0lGODlhAQABAAAAACH5BAEKAAEALAAAAAABAAEAAAICTAEAOw==\" data-src=\"https:\/\/buletin.de\/bucuresti\/wp-content\/uploads\/142862435_3667270346683885_4976062278109244597_o-675x900.jpg\" alt=\"\" data-id=\"18746\" data-full-url=\"https:\/\/buletin.de\/bucuresti\/wp-content\/uploads\/142862435_3667270346683885_4976062278109244597_o.jpg\" data-link=\"https:\/\/buletin.de\/bucuresti\/?attachment_id=18746\" class=\"wp-image-18746 lazyload\" data-sizes=\"auto\" data-srcset=\"https:\/\/buletin.de\/bucuresti\/wp-content\/uploads\/142862435_3667270346683885_4976062278109244597_o-675x900.jpg 675w, https:\/\/buletin.de\/bucuresti\/wp-content\/uploads\/142862435_3667270346683885_4976062278109244597_o-225x300.jpg 225w, https:\/\/buletin.de\/bucuresti\/wp-content\/uploads\/142862435_3667270346683885_4976062278109244597_o-768x1024.jpg 768w, https:\/\/buletin.de\/bucuresti\/wp-content\/uploads\/142862435_3667270346683885_4976062278109244597_o-1152x1536.jpg 1152w, https:\/\/buletin.de\/bucuresti\/wp-content\/uploads\/142862435_3667270346683885_4976062278109244597_o-1060x1413.jpg 1060w, https:\/\/buletin.de\/bucuresti\/wp-content\/uploads\/142862435_3667270346683885_4976062278109244597_o-550x733.jpg 550w, https:\/\/buletin.de\/bucuresti\/wp-content\/uploads\/142862435_3667270346683885_4976062278109244597_o-375x500.jpg 375w, https:\/\/buletin.de\/bucuresti\/wp-content\/uploads\/142862435_3667270346683885_4976062278109244597_o-810x1080.jpg 810w, https:\/\/buletin.de\/bucuresti\/wp-content\/uploads\/142862435_3667270346683885_4976062278109244597_o-600x800.jpg 600w, https:\/\/buletin.de\/bucuresti\/wp-content\/uploads\/142862435_3667270346683885_4976062278109244597_o.jpg 1200w\" sizes=\"(max-width: 675px) 100vw, 675px\" \/><\/a><\/figure><\/li><li class=\"blocks-gallery-item\"><figure><a href=\"https:\/\/buletin.de\/bucuresti\/wp-content\/uploads\/143123622_3667270333350553_8819690671650684442_o.jpg\"><img decoding=\"async\" width=\"900\" height=\"675\" src=\"data:image\/gif;base64,R0lGODlhAQABAAAAACH5BAEKAAEALAAAAAABAAEAAAICTAEAOw==\" data-src=\"https:\/\/buletin.de\/bucuresti\/wp-content\/uploads\/143123622_3667270333350553_8819690671650684442_o-900x675.jpg\" alt=\"\" data-id=\"18744\" data-full-url=\"https:\/\/buletin.de\/bucuresti\/wp-content\/uploads\/143123622_3667270333350553_8819690671650684442_o.jpg\" data-link=\"https:\/\/buletin.de\/bucuresti\/?attachment_id=18744\" class=\"wp-image-18744 lazyload\" data-sizes=\"auto\" data-srcset=\"https:\/\/buletin.de\/bucuresti\/wp-content\/uploads\/143123622_3667270333350553_8819690671650684442_o-900x675.jpg 900w, https:\/\/buletin.de\/bucuresti\/wp-content\/uploads\/143123622_3667270333350553_8819690671650684442_o-300x225.jpg 300w, https:\/\/buletin.de\/bucuresti\/wp-content\/uploads\/143123622_3667270333350553_8819690671650684442_o-768x576.jpg 768w, https:\/\/buletin.de\/bucuresti\/wp-content\/uploads\/143123622_3667270333350553_8819690671650684442_o-1536x1152.jpg 1536w, https:\/\/buletin.de\/bucuresti\/wp-content\/uploads\/143123622_3667270333350553_8819690671650684442_o-1060x795.jpg 1060w, https:\/\/buletin.de\/bucuresti\/wp-content\/uploads\/143123622_3667270333350553_8819690671650684442_o-550x413.jpg 550w, https:\/\/buletin.de\/bucuresti\/wp-content\/uploads\/143123622_3667270333350553_8819690671650684442_o-667x500.jpg 667w, https:\/\/buletin.de\/bucuresti\/wp-content\/uploads\/143123622_3667270333350553_8819690671650684442_o-1440x1080.jpg 1440w, https:\/\/buletin.de\/bucuresti\/wp-content\/uploads\/143123622_3667270333350553_8819690671650684442_o-600x450.jpg 600w, https:\/\/buletin.de\/bucuresti\/wp-content\/uploads\/143123622_3667270333350553_8819690671650684442_o.jpg 1600w\" sizes=\"(max-width: 900px) 100vw, 900px\" \/><\/a><\/figure><\/li><\/ul><figcaption class=\"blocks-gallery-caption\">Fotografii de la Pasajul Pia\u021ba Victoriei; Surs\u0103: <a href=\"https:\/\/www.facebook.com\/NicusorDan.ro\/posts\/3667270610017192?__cft__[0]=AZWw1GQOygx-KqST7QEWHVLUwt5Ac2XoHruooitjtDbQilEkktgd2GqM2RuNLWv__rmJoDJewA6nm606slCBCJmvOuAnxCv2A7bXoPWj_fgeMsRNR2V7Ry5yfIGZeTvL4eSJ1FEg5yaemW5vfQdTfPk4&amp;__tn__=%2CO%2CP-R\">Nicu\u0219or Dan\/Facebook<\/a><\/figcaption><\/figure>\n\n\n\n<p>Surs\u0103 Foto: Nicu\u0219or Dan\/Facebook <\/p>\n","protected":false},"excerpt":{"rendered":"<p>Nicu\u0219or Dan, Primarul General al Capitalei, a anun\u021bat, ast\u0103zi, c\u0103 se lucreaz\u0103 la Pasajul Pia\u021ba Victoriei, unde ar urma s\u0103 fie construit\u0103 o nou\u0103 sta\u021bie de tramvai care s\u0103 duc\u0103 cet\u0103\u021benii p\u00e2n\u0103 \u00een Pia\u021ba Victoriei. Sta\u021bia va fi \u00een cele din urm\u0103 conectat\u0103 cu sta\u021biile de metrou Pia\u021ba Victoriei 1 \u0219i 2. Nicu\u0219or Dan a [&hellip;]<\/p>\n","protected":false},"author":17,"featured_media":18743,"comment_status":"closed","ping_status":"open","sticky":false,"template":"","format":"standard","meta":{"_acf_changed":false,"inline_featured_image":false,"ngg_post_thumbnail":0,"footnotes":""},"categories":[1],"tags":[],"ppma_author":[22576],"class_list":["post-18739","post","type-post","status-publish","format-standard","has-post-thumbnail","hentry","category-diverse"],"acf":[],"yoast_head":"<!-- This site is optimized with the Yoast SEO Premium plugin v25.3 (Yoast SEO v27.4) - https:\/\/yoast.com\/product\/yoast-seo-premium-wordpress\/ -->\n<title>Nicu\u0219or Dan a anun\u021bat o sta\u021bie de tramvai aproape de Pia\u021ba Victoriei - Buletin de Bucure\u0219ti<\/title>\n<meta name=\"robots\" content=\"index, follow, max-snippet:-1, max-image-preview:large, max-video-preview:-1\" \/>\n<link rel=\"canonical\" href=\"https:\/\/buletin.de\/bucuresti\/nicusor-dan-a-anuntat-o-statie-de-tramvai-aproape-de-piata-victoriei\/\" \/>\n<meta property=\"og:locale\" content=\"en_GB\" \/>\n<meta property=\"og:type\" content=\"article\" \/>\n<meta property=\"og:title\" content=\"Nicu\u0219or Dan a anun\u021bat o sta\u021bie de tramvai aproape de Pia\u021ba Victoriei\" \/>\n<meta property=\"og:description\" content=\"Nicu\u0219or Dan, Primarul General al Capitalei, a anun\u021bat, ast\u0103zi, c\u0103 se lucreaz\u0103 la Pasajul Pia\u021ba Victoriei, unde ar urma s\u0103 fie construit\u0103 o nou\u0103 sta\u021bie de tramvai care s\u0103 duc\u0103 cet\u0103\u021benii p\u00e2n\u0103 \u00een Pia\u021ba Victoriei. Sta\u021bia va fi \u00een cele din urm\u0103 conectat\u0103 cu sta\u021biile de metrou Pia\u021ba Victoriei 1 \u0219i 2. Nicu\u0219or Dan a [&hellip;]\" \/>\n<meta property=\"og:url\" content=\"https:\/\/buletin.de\/bucuresti\/nicusor-dan-a-anuntat-o-statie-de-tramvai-aproape-de-piata-victoriei\/\" \/>\n<meta property=\"og:site_name\" content=\"Buletin de Bucure\u0219ti\" \/>\n<meta property=\"article:publisher\" content=\"https:\/\/www.facebook.com\/buletin.de.buc\" \/>\n<meta property=\"article:published_time\" content=\"2021-01-25T16:25:21+00:00\" \/>\n<meta property=\"article:modified_time\" content=\"2021-01-25T16:25:22+00:00\" \/>\n<meta property=\"og:image\" content=\"https:\/\/buletin.de\/bucuresti\/wp-content\/uploads\/142825527_3667270350017218_3221839330937947591_o.jpg\" \/>\n\t<meta property=\"og:image:width\" content=\"720\" \/>\n\t<meta property=\"og:image:height\" content=\"960\" \/>\n\t<meta property=\"og:image:type\" content=\"image\/jpeg\" \/>\n<meta name=\"author\" content=\"Florin R\u00e2\u0219teiu\" \/>\n<meta name=\"twitter:card\" content=\"summary_large_image\" \/>\n<meta name=\"twitter:label1\" content=\"Written by\" \/>\n\t<meta name=\"twitter:data1\" content=\"Florin R\u00e2\u0219teiu\" \/>\n\t<meta name=\"twitter:label2\" content=\"Estimated reading time\" \/>\n\t<meta name=\"twitter:data2\" content=\"1 minute\" \/>\n<script type=\"application\/ld+json\" class=\"yoast-schema-graph\">{\"@context\":\"https:\\\/\\\/schema.org\",\"@graph\":[{\"@type\":\"Article\",\"@id\":\"https:\\\/\\\/buletin.de\\\/bucuresti\\\/nicusor-dan-a-anuntat-o-statie-de-tramvai-aproape-de-piata-victoriei\\\/#article\",\"isPartOf\":{\"@id\":\"https:\\\/\\\/buletin.de\\\/bucuresti\\\/nicusor-dan-a-anuntat-o-statie-de-tramvai-aproape-de-piata-victoriei\\\/\"},\"author\":{\"name\":\"Florin R\u00e2\u0219teiu\",\"@id\":\"https:\\\/\\\/buletin.de\\\/bucuresti\\\/#\\\/schema\\\/person\\\/b0686d7a8b666c6afc78239777fd8a89\"},\"headline\":\"Nicu\u0219or Dan a anun\u021bat o sta\u021bie de tramvai aproape de Pia\u021ba Victoriei\",\"datePublished\":\"2021-01-25T16:25:21+00:00\",\"dateModified\":\"2021-01-25T16:25:22+00:00\",\"mainEntityOfPage\":{\"@id\":\"https:\\\/\\\/buletin.de\\\/bucuresti\\\/nicusor-dan-a-anuntat-o-statie-de-tramvai-aproape-de-piata-victoriei\\\/\"},\"wordCount\":215,\"publisher\":{\"@id\":\"https:\\\/\\\/buletin.de\\\/bucuresti\\\/#organization\"},\"image\":{\"@id\":\"https:\\\/\\\/buletin.de\\\/bucuresti\\\/nicusor-dan-a-anuntat-o-statie-de-tramvai-aproape-de-piata-victoriei\\\/#primaryimage\"},\"thumbnailUrl\":\"https:\\\/\\\/buletin.de\\\/bucuresti\\\/wp-content\\\/uploads\\\/142825527_3667270350017218_3221839330937947591_o.jpg\",\"articleSection\":[\"Diverse\"],\"inLanguage\":\"en-GB\",\"copyrightYear\":\"2021\",\"copyrightHolder\":{\"@id\":\"https:\\\/\\\/buletin.de\\\/bucuresti\\\/#organization\"}},{\"@type\":\"WebPage\",\"@id\":\"https:\\\/\\\/buletin.de\\\/bucuresti\\\/nicusor-dan-a-anuntat-o-statie-de-tramvai-aproape-de-piata-victoriei\\\/\",\"url\":\"https:\\\/\\\/buletin.de\\\/bucuresti\\\/nicusor-dan-a-anuntat-o-statie-de-tramvai-aproape-de-piata-victoriei\\\/\",\"name\":\"Nicu\u0219or Dan a anun\u021bat o sta\u021bie de tramvai aproape de Pia\u021ba Victoriei - Buletin de Bucure\u0219ti\",\"isPartOf\":{\"@id\":\"https:\\\/\\\/buletin.de\\\/bucuresti\\\/#website\"},\"primaryImageOfPage\":{\"@id\":\"https:\\\/\\\/buletin.de\\\/bucuresti\\\/nicusor-dan-a-anuntat-o-statie-de-tramvai-aproape-de-piata-victoriei\\\/#primaryimage\"},\"image\":{\"@id\":\"https:\\\/\\\/buletin.de\\\/bucuresti\\\/nicusor-dan-a-anuntat-o-statie-de-tramvai-aproape-de-piata-victoriei\\\/#primaryimage\"},\"thumbnailUrl\":\"https:\\\/\\\/buletin.de\\\/bucuresti\\\/wp-content\\\/uploads\\\/142825527_3667270350017218_3221839330937947591_o.jpg\",\"datePublished\":\"2021-01-25T16:25:21+00:00\",\"dateModified\":\"2021-01-25T16:25:22+00:00\",\"breadcrumb\":{\"@id\":\"https:\\\/\\\/buletin.de\\\/bucuresti\\\/nicusor-dan-a-anuntat-o-statie-de-tramvai-aproape-de-piata-victoriei\\\/#breadcrumb\"},\"inLanguage\":\"en-GB\",\"potentialAction\":[{\"@type\":\"ReadAction\",\"target\":[\"https:\\\/\\\/buletin.de\\\/bucuresti\\\/nicusor-dan-a-anuntat-o-statie-de-tramvai-aproape-de-piata-victoriei\\\/\"]}]},{\"@type\":\"ImageObject\",\"inLanguage\":\"en-GB\",\"@id\":\"https:\\\/\\\/buletin.de\\\/bucuresti\\\/nicusor-dan-a-anuntat-o-statie-de-tramvai-aproape-de-piata-victoriei\\\/#primaryimage\",\"url\":\"https:\\\/\\\/buletin.de\\\/bucuresti\\\/wp-content\\\/uploads\\\/142825527_3667270350017218_3221839330937947591_o.jpg\",\"contentUrl\":\"https:\\\/\\\/buletin.de\\\/bucuresti\\\/wp-content\\\/uploads\\\/142825527_3667270350017218_3221839330937947591_o.jpg\",\"width\":720,\"height\":960},{\"@type\":\"BreadcrumbList\",\"@id\":\"https:\\\/\\\/buletin.de\\\/bucuresti\\\/nicusor-dan-a-anuntat-o-statie-de-tramvai-aproape-de-piata-victoriei\\\/#breadcrumb\",\"itemListElement\":[{\"@type\":\"ListItem\",\"position\":1,\"name\":\"Acas\u0103\",\"item\":\"https:\\\/\\\/buletin.de\\\/bucuresti\\\/\"},{\"@type\":\"ListItem\",\"position\":2,\"name\":\"Nicu\u0219or Dan a anun\u021bat o sta\u021bie de tramvai aproape de Pia\u021ba Victoriei\"}]},{\"@type\":\"WebSite\",\"@id\":\"https:\\\/\\\/buletin.de\\\/bucuresti\\\/#website\",\"url\":\"https:\\\/\\\/buletin.de\\\/bucuresti\\\/\",\"name\":\"Buletin de Bucure\u0219ti\",\"description\":\"\u0218tiri \u0219i investiga\u021bii esen\u021biale din capital\u0103\",\"publisher\":{\"@id\":\"https:\\\/\\\/buletin.de\\\/bucuresti\\\/#organization\"},\"potentialAction\":[{\"@type\":\"SearchAction\",\"target\":{\"@type\":\"EntryPoint\",\"urlTemplate\":\"https:\\\/\\\/buletin.de\\\/bucuresti\\\/?s={search_term_string}\"},\"query-input\":{\"@type\":\"PropertyValueSpecification\",\"valueRequired\":true,\"valueName\":\"search_term_string\"}}],\"inLanguage\":\"en-GB\"},{\"@type\":\"Organization\",\"@id\":\"https:\\\/\\\/buletin.de\\\/bucuresti\\\/#organization\",\"name\":\"Buletin de Bucure\u0219ti\",\"url\":\"https:\\\/\\\/buletin.de\\\/bucuresti\\\/\",\"logo\":{\"@type\":\"ImageObject\",\"inLanguage\":\"en-GB\",\"@id\":\"https:\\\/\\\/buletin.de\\\/bucuresti\\\/#\\\/schema\\\/logo\\\/image\\\/\",\"url\":\"https:\\\/\\\/buletin.de\\\/bucuresti\\\/wp-content\\\/uploads\\\/logo-bdb-full-wide-vernil-transparent.png\",\"contentUrl\":\"https:\\\/\\\/buletin.de\\\/bucuresti\\\/wp-content\\\/uploads\\\/logo-bdb-full-wide-vernil-transparent.png\",\"width\":1782,\"height\":626,\"caption\":\"Buletin de Bucure\u0219ti\"},\"image\":{\"@id\":\"https:\\\/\\\/buletin.de\\\/bucuresti\\\/#\\\/schema\\\/logo\\\/image\\\/\"},\"sameAs\":[\"https:\\\/\\\/www.facebook.com\\\/buletin.de.buc\",\"https:\\\/\\\/www.instagram.com\\\/buletinde.bucuresti\\\/\"]},{\"@type\":\"Person\",\"@id\":\"https:\\\/\\\/buletin.de\\\/bucuresti\\\/#\\\/schema\\\/person\\\/b0686d7a8b666c6afc78239777fd8a89\",\"name\":\"Florin R\u00e2\u0219teiu\",\"image\":{\"@type\":\"ImageObject\",\"inLanguage\":\"en-GB\",\"@id\":\"https:\\\/\\\/buletin.de\\\/bucuresti\\\/wp-content\\\/uploads\\\/Florin-Rasteiu-96x96.jpgf0a6fe28453aa12f0a60e4d0a2e3a78c\",\"url\":\"https:\\\/\\\/buletin.de\\\/bucuresti\\\/wp-content\\\/uploads\\\/Florin-Rasteiu-96x96.jpg\",\"contentUrl\":\"https:\\\/\\\/buletin.de\\\/bucuresti\\\/wp-content\\\/uploads\\\/Florin-Rasteiu-96x96.jpg\",\"caption\":\"Florin R\u00e2\u0219teiu\"},\"description\":\"Jurnalist de investiga\u021bie. Lucreaz\u0103 de aproape 6 ani la Buletin de Bucure\u0219ti, unde a publicat articole care scot la suprafa\u021b\u0103 corup\u021bia din Capital\u0103. Analizeaz\u0103 baze de date zilnic \u0219i scoate pove\u0219ti din exceluri pline de cifre. Pune reflectorul pe adev\u0103r cu fiecare ocazie. A c\u00e2\u0219tigat premiul I la categoria Pres\u0103 Local\u0103 \u00een 2025 \u0219i locul al II-lea la aceea\u0219i categorie \u00een 2024 \u00een cadrul Premiilor Superscrieri pentru jurnalism independent.\",\"url\":\"https:\\\/\\\/buletin.de\\\/bucuresti\\\/author\\\/florinrasteiu\\\/\"}]}<\/script>\n<!-- \/ Yoast SEO Premium plugin. -->","yoast_head_json":{"title":"Nicu\u0219or Dan a anun\u021bat o sta\u021bie de tramvai aproape de Pia\u021ba Victoriei - Buletin de Bucure\u0219ti","robots":{"index":"index","follow":"follow","max-snippet":"max-snippet:-1","max-image-preview":"max-image-preview:large","max-video-preview":"max-video-preview:-1"},"canonical":"https:\/\/buletin.de\/bucuresti\/nicusor-dan-a-anuntat-o-statie-de-tramvai-aproape-de-piata-victoriei\/","og_locale":"en_GB","og_type":"article","og_title":"Nicu\u0219or Dan a anun\u021bat o sta\u021bie de tramvai aproape de Pia\u021ba Victoriei","og_description":"Nicu\u0219or Dan, Primarul General al Capitalei, a anun\u021bat, ast\u0103zi, c\u0103 se lucreaz\u0103 la Pasajul Pia\u021ba Victoriei, unde ar urma s\u0103 fie construit\u0103 o nou\u0103 sta\u021bie de tramvai care s\u0103 duc\u0103 cet\u0103\u021benii p\u00e2n\u0103 \u00een Pia\u021ba Victoriei. Sta\u021bia va fi \u00een cele din urm\u0103 conectat\u0103 cu sta\u021biile de metrou Pia\u021ba Victoriei 1 \u0219i 2. Nicu\u0219or Dan a [&hellip;]","og_url":"https:\/\/buletin.de\/bucuresti\/nicusor-dan-a-anuntat-o-statie-de-tramvai-aproape-de-piata-victoriei\/","og_site_name":"Buletin de Bucure\u0219ti","article_publisher":"https:\/\/www.facebook.com\/buletin.de.buc","article_published_time":"2021-01-25T16:25:21+00:00","article_modified_time":"2021-01-25T16:25:22+00:00","og_image":[{"width":720,"height":960,"url":"https:\/\/buletin.de\/bucuresti\/wp-content\/uploads\/142825527_3667270350017218_3221839330937947591_o.jpg","type":"image\/jpeg"}],"author":"Florin R\u00e2\u0219teiu","twitter_card":"summary_large_image","twitter_misc":{"Written by":"Florin R\u00e2\u0219teiu","Estimated reading time":"1 minute"},"schema":{"@context":"https:\/\/schema.org","@graph":[{"@type":"Article","@id":"https:\/\/buletin.de\/bucuresti\/nicusor-dan-a-anuntat-o-statie-de-tramvai-aproape-de-piata-victoriei\/#article","isPartOf":{"@id":"https:\/\/buletin.de\/bucuresti\/nicusor-dan-a-anuntat-o-statie-de-tramvai-aproape-de-piata-victoriei\/"},"author":{"name":"Florin R\u00e2\u0219teiu","@id":"https:\/\/buletin.de\/bucuresti\/#\/schema\/person\/b0686d7a8b666c6afc78239777fd8a89"},"headline":"Nicu\u0219or Dan a anun\u021bat o sta\u021bie de tramvai aproape de Pia\u021ba Victoriei","datePublished":"2021-01-25T16:25:21+00:00","dateModified":"2021-01-25T16:25:22+00:00","mainEntityOfPage":{"@id":"https:\/\/buletin.de\/bucuresti\/nicusor-dan-a-anuntat-o-statie-de-tramvai-aproape-de-piata-victoriei\/"},"wordCount":215,"publisher":{"@id":"https:\/\/buletin.de\/bucuresti\/#organization"},"image":{"@id":"https:\/\/buletin.de\/bucuresti\/nicusor-dan-a-anuntat-o-statie-de-tramvai-aproape-de-piata-victoriei\/#primaryimage"},"thumbnailUrl":"https:\/\/buletin.de\/bucuresti\/wp-content\/uploads\/142825527_3667270350017218_3221839330937947591_o.jpg","articleSection":["Diverse"],"inLanguage":"en-GB","copyrightYear":"2021","copyrightHolder":{"@id":"https:\/\/buletin.de\/bucuresti\/#organization"}},{"@type":"WebPage","@id":"https:\/\/buletin.de\/bucuresti\/nicusor-dan-a-anuntat-o-statie-de-tramvai-aproape-de-piata-victoriei\/","url":"https:\/\/buletin.de\/bucuresti\/nicusor-dan-a-anuntat-o-statie-de-tramvai-aproape-de-piata-victoriei\/","name":"Nicu\u0219or Dan a anun\u021bat o sta\u021bie de tramvai aproape de Pia\u021ba Victoriei - Buletin de Bucure\u0219ti","isPartOf":{"@id":"https:\/\/buletin.de\/bucuresti\/#website"},"primaryImageOfPage":{"@id":"https:\/\/buletin.de\/bucuresti\/nicusor-dan-a-anuntat-o-statie-de-tramvai-aproape-de-piata-victoriei\/#primaryimage"},"image":{"@id":"https:\/\/buletin.de\/bucuresti\/nicusor-dan-a-anuntat-o-statie-de-tramvai-aproape-de-piata-victoriei\/#primaryimage"},"thumbnailUrl":"https:\/\/buletin.de\/bucuresti\/wp-content\/uploads\/142825527_3667270350017218_3221839330937947591_o.jpg","datePublished":"2021-01-25T16:25:21+00:00","dateModified":"2021-01-25T16:25:22+00:00","breadcrumb":{"@id":"https:\/\/buletin.de\/bucuresti\/nicusor-dan-a-anuntat-o-statie-de-tramvai-aproape-de-piata-victoriei\/#breadcrumb"},"inLanguage":"en-GB","potentialAction":[{"@type":"ReadAction","target":["https:\/\/buletin.de\/bucuresti\/nicusor-dan-a-anuntat-o-statie-de-tramvai-aproape-de-piata-victoriei\/"]}]},{"@type":"ImageObject","inLanguage":"en-GB","@id":"https:\/\/buletin.de\/bucuresti\/nicusor-dan-a-anuntat-o-statie-de-tramvai-aproape-de-piata-victoriei\/#primaryimage","url":"https:\/\/buletin.de\/bucuresti\/wp-content\/uploads\/142825527_3667270350017218_3221839330937947591_o.jpg","contentUrl":"https:\/\/buletin.de\/bucuresti\/wp-content\/uploads\/142825527_3667270350017218_3221839330937947591_o.jpg","width":720,"height":960},{"@type":"BreadcrumbList","@id":"https:\/\/buletin.de\/bucuresti\/nicusor-dan-a-anuntat-o-statie-de-tramvai-aproape-de-piata-victoriei\/#breadcrumb","itemListElement":[{"@type":"ListItem","position":1,"name":"Acas\u0103","item":"https:\/\/buletin.de\/bucuresti\/"},{"@type":"ListItem","position":2,"name":"Nicu\u0219or Dan a anun\u021bat o sta\u021bie de tramvai aproape de Pia\u021ba Victoriei"}]},{"@type":"WebSite","@id":"https:\/\/buletin.de\/bucuresti\/#website","url":"https:\/\/buletin.de\/bucuresti\/","name":"Buletin de Bucure\u0219ti","description":"\u0218tiri \u0219i investiga\u021bii esen\u021biale din capital\u0103","publisher":{"@id":"https:\/\/buletin.de\/bucuresti\/#organization"},"potentialAction":[{"@type":"SearchAction","target":{"@type":"EntryPoint","urlTemplate":"https:\/\/buletin.de\/bucuresti\/?s={search_term_string}"},"query-input":{"@type":"PropertyValueSpecification","valueRequired":true,"valueName":"search_term_string"}}],"inLanguage":"en-GB"},{"@type":"Organization","@id":"https:\/\/buletin.de\/bucuresti\/#organization","name":"Buletin de Bucure\u0219ti","url":"https:\/\/buletin.de\/bucuresti\/","logo":{"@type":"ImageObject","inLanguage":"en-GB","@id":"https:\/\/buletin.de\/bucuresti\/#\/schema\/logo\/image\/","url":"https:\/\/buletin.de\/bucuresti\/wp-content\/uploads\/logo-bdb-full-wide-vernil-transparent.png","contentUrl":"https:\/\/buletin.de\/bucuresti\/wp-content\/uploads\/logo-bdb-full-wide-vernil-transparent.png","width":1782,"height":626,"caption":"Buletin de Bucure\u0219ti"},"image":{"@id":"https:\/\/buletin.de\/bucuresti\/#\/schema\/logo\/image\/"},"sameAs":["https:\/\/www.facebook.com\/buletin.de.buc","https:\/\/www.instagram.com\/buletinde.bucuresti\/"]},{"@type":"Person","@id":"https:\/\/buletin.de\/bucuresti\/#\/schema\/person\/b0686d7a8b666c6afc78239777fd8a89","name":"Florin R\u00e2\u0219teiu","image":{"@type":"ImageObject","inLanguage":"en-GB","@id":"https:\/\/buletin.de\/bucuresti\/wp-content\/uploads\/Florin-Rasteiu-96x96.jpgf0a6fe28453aa12f0a60e4d0a2e3a78c","url":"https:\/\/buletin.de\/bucuresti\/wp-content\/uploads\/Florin-Rasteiu-96x96.jpg","contentUrl":"https:\/\/buletin.de\/bucuresti\/wp-content\/uploads\/Florin-Rasteiu-96x96.jpg","caption":"Florin R\u00e2\u0219teiu"},"description":"Jurnalist de investiga\u021bie. Lucreaz\u0103 de aproape 6 ani la Buletin de Bucure\u0219ti, unde a publicat articole care scot la suprafa\u021b\u0103 corup\u021bia din Capital\u0103. Analizeaz\u0103 baze de date zilnic \u0219i scoate pove\u0219ti din exceluri pline de cifre. Pune reflectorul pe adev\u0103r cu fiecare ocazie. A c\u00e2\u0219tigat premiul I la categoria Pres\u0103 Local\u0103 \u00een 2025 \u0219i locul al II-lea la aceea\u0219i categorie \u00een 2024 \u00een cadrul Premiilor Superscrieri pentru jurnalism independent.","url":"https:\/\/buletin.de\/bucuresti\/author\/florinrasteiu\/"}]}},"authors":[{"term_id":22576,"user_id":17,"is_guest":0,"slug":"florinrasteiu","display_name":"Florin R\u00e2\u0219teiu","avatar_url":"https:\/\/buletin.de\/bucuresti\/wp-content\/uploads\/Florin-Rasteiu-96x96.jpg","0":null,"1":"","2":"","3":"","4":"","5":"","6":"","7":"","8":""}],"_links":{"self":[{"href":"https:\/\/buletin.de\/bucuresti\/wp-json\/wp\/v2\/posts\/18739","targetHints":{"allow":["GET"]}}],"collection":[{"href":"https:\/\/buletin.de\/bucuresti\/wp-json\/wp\/v2\/posts"}],"about":[{"href":"https:\/\/buletin.de\/bucuresti\/wp-json\/wp\/v2\/types\/post"}],"author":[{"embeddable":true,"href":"https:\/\/buletin.de\/bucuresti\/wp-json\/wp\/v2\/users\/17"}],"replies":[{"embeddable":true,"href":"https:\/\/buletin.de\/bucuresti\/wp-json\/wp\/v2\/comments?post=18739"}],"version-history":[{"count":5,"href":"https:\/\/buletin.de\/bucuresti\/wp-json\/wp\/v2\/posts\/18739\/revisions"}],"predecessor-version":[{"id":18750,"href":"https:\/\/buletin.de\/bucuresti\/wp-json\/wp\/v2\/posts\/18739\/revisions\/18750"}],"wp:featuredmedia":[{"embeddable":true,"href":"https:\/\/buletin.de\/bucuresti\/wp-json\/wp\/v2\/media\/18743"}],"wp:attachment":[{"href":"https:\/\/buletin.de\/bucuresti\/wp-json\/wp\/v2\/media?parent=18739"}],"wp:term":[{"taxonomy":"category","embeddable":true,"href":"https:\/\/buletin.de\/bucuresti\/wp-json\/wp\/v2\/categories?post=18739"},{"taxonomy":"post_tag","embeddable":true,"href":"https:\/\/buletin.de\/bucuresti\/wp-json\/wp\/v2\/tags?post=18739"},{"taxonomy":"author","embeddable":true,"href":"https:\/\/buletin.de\/bucuresti\/wp-json\/wp\/v2\/ppma_author?post=18739"}],"curies":[{"name":"wp","href":"https:\/\/api.w.org\/{rel}","templated":true}]}}