{"id":187277,"date":"2026-04-30T00:32:33","date_gmt":"2026-04-29T21:32:33","guid":{"rendered":"https:\/\/buletin.de\/bucuresti\/?p=187277"},"modified":"2026-04-30T00:33:16","modified_gmt":"2026-04-29T21:33:16","slug":"primaria-lui-piedone-jr-cheltuie-zeci-de-mii-de-euro-pe-saci-de-gunoi-personalizati","status":"publish","type":"post","link":"https:\/\/buletin.de\/bucuresti\/primaria-lui-piedone-jr-cheltuie-zeci-de-mii-de-euro-pe-saci-de-gunoi-personalizati\/","title":{"rendered":"Prim\u0103ria lui Piedone Jr. cheltuie 50.000 de euro pe saci de gunoi personaliza\u021bi. Contractul a ajuns la o firm\u0103 fondat\u0103 de un fost ofi\u021ber SIE \u0219i preluat\u0103 de un spion comunist"},"content":{"rendered":"\n<p><strong>Prim\u0103ria Sectorului 5 a cump\u0103rat, prin atribuire direct\u0103, saci menajeri personaliza\u021bi \u00een valoare de aproximativ 50.000 de euro de la o firm\u0103 cu leg\u0103turi controversate \u0219i un istoric consistent de contracte publice, Office&amp;More SRL.<\/strong><\/p>\n\n\n\n<p>Procedura s-a derulat rapid: oferta a fost trimis\u0103 pe 17 martie 2026, la ora 09:15, \u0219i acceptat\u0103 de Prim\u0103ria condus\u0103 de Piedone Jr. zece minute mai t\u00e2rziu, la 09:25.<\/p>\n\n\n\n<p><strong>CITE\u0218TE \u0218I:<\/strong> <strong><a href=\"https:\/\/buletin.de\/bucuresti\/sector-5-parcul-sinei-intra-in-faza-de-studiu-de-fezabilitate-proiectul-asteapta-votul-in-consiliul-local\/\">Sector 5 | \u201eParcul \u0218inei\u201d intr\u0103 \u00een faza de studiu de fezabilitate. Proiectul a\u0219teapt\u0103 votul \u00een Consiliul Local<\/a><\/strong><\/p>\n\n\n\n<h2 class=\"wp-block-heading\" id=\"h-afacerea-lui-piedone-jr-cu-firma-fondata-de-un-subofi\u021ber-sie-condamnat-penal-\u0219i-preluata-de-un-spion-comunist\">Afacerea lui Piedone Jr. cu firma fondat\u0103 de un subofi\u021ber SIE condamnat penal \u0219i preluat\u0103 de un spion comunist<\/h2>\n\n\n\n<p>Conform datelor din Sistemul Electronic de Achizi\u021bii Publice (<a href=\"https:\/\/e-licitatie.ro\/pub\/direct-acquisition\/view\/121754827\">SEAP<\/a>), Prim\u0103ria Sectorului 5 a cump\u0103rat <strong>274.000 de saci menajeri negri de 120 litri, la pre\u021bul de 0,85 lei\/bucat\u0103 (232.900 de lei)<\/strong>, \u0219i <strong>10.000 de saci de 240 litri, la 1,65 lei\/bucat\u0103 (16.500 de lei).<\/strong><\/p>\n\n\n\n<p>\u00cen total, valoarea contractului este de<strong>  <mark style=\"background-color:rgba(0, 0, 0, 0)\" class=\"has-inline-color has-vivid-red-color\">249.400 de lei (circa 49.200 de euro<\/mark>)<\/strong>.<\/p>\n\n\n\n<figure class=\"wp-block-image size-full\"><a href=\"https:\/\/buletin.de\/bucuresti\/wp-content\/uploads\/2026\/04\/image-2026-04-15T231738.692.jpg\"><img fetchpriority=\"high\" decoding=\"async\" width=\"1600\" height=\"498\" src=\"data:image\/gif;base64,R0lGODlhAQABAAAAACH5BAEKAAEALAAAAAABAAEAAAICTAEAOw==\" data-src=\"https:\/\/buletin.de\/bucuresti\/wp-content\/uploads\/2026\/04\/image-2026-04-15T231738.692.jpg\" alt=\"\" class=\"wp-image-187278 lazyload\" data-sizes=\"auto\" data-srcset=\"https:\/\/buletin.de\/bucuresti\/wp-content\/uploads\/2026\/04\/image-2026-04-15T231738.692.jpg 1600w, https:\/\/buletin.de\/bucuresti\/wp-content\/uploads\/2026\/04\/image-2026-04-15T231738.692-300x93.jpg 300w, https:\/\/buletin.de\/bucuresti\/wp-content\/uploads\/2026\/04\/image-2026-04-15T231738.692-1000x311.jpg 1000w, https:\/\/buletin.de\/bucuresti\/wp-content\/uploads\/2026\/04\/image-2026-04-15T231738.692-768x239.jpg 768w, https:\/\/buletin.de\/bucuresti\/wp-content\/uploads\/2026\/04\/image-2026-04-15T231738.692-1536x478.jpg 1536w, https:\/\/buletin.de\/bucuresti\/wp-content\/uploads\/2026\/04\/image-2026-04-15T231738.692-1100x342.jpg 1100w, https:\/\/buletin.de\/bucuresti\/wp-content\/uploads\/2026\/04\/image-2026-04-15T231738.692-600x187.jpg 600w, https:\/\/buletin.de\/bucuresti\/wp-content\/uploads\/2026\/04\/image-2026-04-15T231738.692-20x6.jpg 20w\" sizes=\"(max-width: 1600px) 100vw, 1600px\" \/><\/a><figcaption class=\"wp-element-caption\">Prim\u0103ria lui Piedone Jr. cheltuie 50.000 de euro pe saci de gunoi personaliza\u021bi. Captur\u0103 SEAP<\/figcaption><\/figure>\n\n\n\n<p>Achizi\u021bia a fost f\u0103cut\u0103 prin procedur\u0103 direct\u0103.<\/p>\n\n\n\n<p>Firma care a primit contractul nu este una oarecare. Office&amp;More SRL a fost \u00eenfiin\u021bat\u0103 \u00een 2006 de un subofi\u021ber al Serviciului de Informa\u021bii Externe (SIE), Ninel Sfichi, care, \u00een 2017, conform <a href=\"https:\/\/www.g4media.ro\/exclusiv-o-firma-infiintata-de-un-subofiter-sie-activ-si-cedata-unui-colonel-rezervist-din-aceeasi-institutie-a-castigat-contracte-de-1125-milioane-lei-atribuite-de-o-directie-subordonata-primariei-s.html\" target=\"_blank\" rel=\"noreferrer noopener\">G4Media<\/a>, ar fi \u00eencheiat un acord de recunoa\u0219tere a vinov\u0103\u021biei la Parchetul Militar Bucure\u0219ti, pentru delapidare, dup\u0103 ce ar fi sustras bani din salariile colegilor \u0219i i-a pierdut la pariuri. Ulterior, ar fi primit o pedeaps\u0103 de doi ani de \u00eenchisoare cu suspendare.<\/p>\n\n\n\n<p><strong>Firma a ajuns mai t\u00e2rziu \u00een posesia unui colonel \u00een rezerv\u0103 din aceea\u0219i structur\u0103, Dumitru Urduban. Potrivit unor documente NATO desecretizate, acesta ar fi fost deconspirat \u00een anii \u201980 ca spion al Rom\u00e2niei comuniste \u00een Germania.<\/strong><\/p>\n\n\n\n<p>\u00cen 2024, Urduban a ie\u0219it complet din firma Office&amp;More SRL, aceasta r\u0103m\u00e2n\u00e2nd pe m\u00e2inile celor doi copii ai s\u0103i, Elena Stancu, p\u00e2n\u0103 \u00een 2023 jurnalist\u0103 la postul de televiziune Digi24, \u0219i Felician R\u0103zvan Stancu.<\/p>\n\n\n\n<p>Conform ultimului bilan\u021b depus la Ministerul Finan\u021belor, firma este specializat\u0103 \u00een \u201ecomer\u0163 cu ridicata al altor bunuri de uz gospod\u0103resc\u201d \u0219i are zece angaja\u021bi. Anul trecut, a \u00eenregistrat venituri de peste 3 milioane de euro, un profit de peste 350.000 de euro profit \u0219i datorii de 2,4 milioane de euro.<\/p>\n\n\n\n<p><strong>Buletin de Bucure\u0219ti a \u00eencercat s\u0103 ob\u021bin\u0103 un punct de vedere din partea reprezentan\u021bilor firmei, \u00eens\u0103 nu au r\u0103spuns solicit\u0103rilor transmise p\u00e2n\u0103 la momentul public\u0103rii acestui articol.<\/strong><\/p>\n\n\n\n<h2 class=\"wp-block-heading\" id=\"h-un-alt-primar-a-acordat-contracte-familiei-stancu\">Un alt primar a acordat contracte familiei Stancu<\/h2>\n\n\n\n<p><strong>Office&amp;More nu este la primul contract cu statul. Din contr\u0103, compania a acumulat, \u00een timp, mii de contracte cu institu\u021bii publice, majoritatea prin atribuire direct\u0103.<\/strong><\/p>\n\n\n\n<p>Anul trecut, firma a c\u00e2\u0219tigat dou\u0103 acorduri-cadru \u00een valoare total\u0103 de 112,5 milioane de lei de la o direc\u021bie din subordinea Prim\u0103riei Sectorului 4, condus\u0103 de Daniel B\u0103lu\u021b\u0103.<\/p>\n\n\n\n<p>Suspect \u00een cazul ambelor proceduri a fost, pe de o parte, c\u0103 toate celelalte oferte au fost respinse \u0219i, pe de alt\u0103 parte, c\u0103 societatea cu pedigree SIE a c\u00e2\u0219tigat cu pre\u021buri extrem de apropiate de cele estimate de autoritatea contractant\u0103, lucru uzual \u00een cazul licita\u021biilor cu un singur ofertant.<\/p>\n\n\n\n<p><strong>\u201eM-au descalificat total nejustificat \u0219i mi-am dat seama c\u0103 este vorba de o procedur\u0103 cu dedica\u021bie dup\u0103 cum am v\u0103zut \u00abjustific\u0103rile\u00bb\u201d, a declarat pentru <a href=\"https:\/\/www.g4media.ro\/exclusiv-o-firma-infiintata-de-un-subofiter-sie-activ-si-cedata-unui-colonel-rezervist-din-aceeasi-institutie-a-castigat-contracte-de-1125-milioane-lei-atribuite-de-o-directie-subordonata-primariei-s.html\" target=\"_blank\" rel=\"noreferrer noopener\">G4Media.ro <\/a>reprezentanta uneia dintre firmele care au participat la una dintre licita\u021bii.<\/strong><\/p>\n\n\n\n<p>Colonelul SIE \u00een rezerv\u0103 \u0219i asocia\u021bii actuali ai firmei, care, de-a lungul timpului, a semnat mii de contracte cu institu\u021bii publice, nu au putut fi contacta\u021bi\/nu au r\u0103spuns \u00eentreb\u0103rilor G4Media.ro.<\/p>\n\n\n\n<p>Referitor la aceast\u0103 situa\u021bie, SIE a transmis c\u0103 angaja\u021bii Serviciului au&nbsp;interdic\u021bie de a fi asocia\u021bi unici ori de a participa direct la administrarea sau conducerea unei organiza\u021bii sau societ\u0103\u021bi comerciale.<\/p>\n\n\n\n<p>Fost \u0219ef \u00een SIE la momentul \u00eenfiin\u021b\u0103rii societ\u0103\u021bii, generalul (r) Silviu Predoiu a declarat c\u0103 situa\u021bia reprezint\u0103 \u201eo ilegalitate\u201d \u0219i c\u0103 subofi\u021berul era \u201eo haimana, probabil\u201d.<\/p>\n\n\n\n<p>Direc\u021bia General\u0103 de Administrare a Unit\u0103\u021bilor de \u00cenv\u0103\u021b\u0103m\u00e2nt, a Sportului \u0219i Culturii Sector 4 a fost lider de asociere, fiind mandatat\u0103 s\u0103 se ocupe de organizarea celor dou\u0103 proceduri care au fost \u00eemp\u0103r\u021bite, fiecare, \u00een c\u00e2te dou\u0103 loturi. \u00cen toate cele patru situa\u021bii, c\u00e2\u0219tig\u0103toare a fost desemnat\u0103 societatea Office&amp;More SRL.<\/p>\n\n\n\n<p><strong>CITE\u0218TE \u0218I:<\/strong> <strong><a href=\"https:\/\/buletin.de\/bucuresti\/sector-5-piedone-jr-cearta-primaria-capitalei-pentru-un-dosar-pe-care-el-nu-l-a-completat-nici-dupa-doi-ani-de-cand-tatal-sau-a-inchis-o-scoala\/\">Sector 5 | Piedone Jr. ceart\u0103 Prim\u0103ria Capitalei pentru un dosar pe care el nu l-a completat nici dup\u0103 doi ani de c\u00e2nd tat\u0103l s\u0103u a \u00eenchis o \u0219coal\u0103<\/a><\/strong><\/p>\n","protected":false},"excerpt":{"rendered":"<p>Prim\u0103ria Sectorului 5 a cump\u0103rat, prin atribuire direct\u0103, saci menajeri personaliza\u021bi \u00een valoare de aproximativ 50.000 de euro de la o firm\u0103 cu leg\u0103turi controversate \u0219i un istoric consistent de contracte publice, Office&amp;More SRL. Procedura s-a derulat rapid: oferta a fost trimis\u0103 pe 17 martie 2026, la ora 09:15, \u0219i acceptat\u0103 de Prim\u0103ria condus\u0103 de [&hellip;]<\/p>\n","protected":false},"author":59,"featured_media":187279,"comment_status":"closed","ping_status":"open","sticky":false,"template":"","format":"standard","meta":{"_acf_changed":false,"inline_featured_image":false,"ngg_post_thumbnail":0,"footnotes":""},"categories":[6994,3419,24],"tags":[9,2054,1103,27755,188],"ppma_author":[22572],"class_list":["post-187277","post","type-post","status-publish","format-standard","has-post-thumbnail","hentry","category-stiri-2","category-featured","category-primarie","tag-bucuresti","tag-capitala","tag-piedone","tag-saci-de-gunoi-personalizati","tag-sector-5"],"acf":[],"yoast_head":"<!-- This site is optimized with the Yoast SEO Premium plugin v25.3 (Yoast SEO v27.4) - https:\/\/yoast.com\/product\/yoast-seo-premium-wordpress\/ -->\n<title>Prim\u0103ria lui Piedone Jr. cheltuie 50.000 de euro pe saci de gunoi personaliza\u021bi. Contractul a ajuns la o firm\u0103 fondat\u0103 de un fost ofi\u021ber SIE \u0219i preluat\u0103 de un spion comunist - Buletin de Bucure\u0219ti<\/title>\n<meta name=\"description\" content=\"Prim\u0103ria lui Piedone Jr. cheltuie zeci de mii de euro pe saci de gunoi personaliza\u021bi. Contractul a ajuns la o firm\u0103 fondat\u0103 de un fost ofi\u021ber\" \/>\n<meta name=\"robots\" content=\"index, follow, max-snippet:-1, max-image-preview:large, max-video-preview:-1\" \/>\n<link rel=\"canonical\" href=\"https:\/\/buletin.de\/bucuresti\/primaria-lui-piedone-jr-cheltuie-zeci-de-mii-de-euro-pe-saci-de-gunoi-personalizati\/\" \/>\n<meta property=\"og:locale\" content=\"en_GB\" \/>\n<meta property=\"og:type\" content=\"article\" \/>\n<meta property=\"og:title\" content=\"Prim\u0103ria lui Piedone Jr. cheltuie 50.000 de euro pe saci de gunoi personaliza\u021bi. Contractul a ajuns la o firm\u0103 fondat\u0103 de un fost ofi\u021ber SIE \u0219i preluat\u0103 de un spion comunist\" \/>\n<meta property=\"og:description\" content=\"Prim\u0103ria lui Piedone Jr. cheltuie zeci de mii de euro pe saci de gunoi personaliza\u021bi. Contractul a ajuns la o firm\u0103 fondat\u0103 de un fost ofi\u021ber\" \/>\n<meta property=\"og:url\" content=\"https:\/\/buletin.de\/bucuresti\/primaria-lui-piedone-jr-cheltuie-zeci-de-mii-de-euro-pe-saci-de-gunoi-personalizati\/\" \/>\n<meta property=\"og:site_name\" content=\"Buletin de Bucure\u0219ti\" \/>\n<meta property=\"article:publisher\" content=\"https:\/\/www.facebook.com\/buletin.de.buc\" \/>\n<meta property=\"article:published_time\" content=\"2026-04-29T21:32:33+00:00\" \/>\n<meta property=\"article:modified_time\" content=\"2026-04-29T21:33:16+00:00\" \/>\n<meta property=\"og:image\" content=\"https:\/\/buletin.de\/bucuresti\/wp-content\/uploads\/2026\/04\/popescusifiul.jpg\" \/>\n\t<meta property=\"og:image:width\" content=\"1536\" \/>\n\t<meta property=\"og:image:height\" content=\"1025\" \/>\n\t<meta property=\"og:image:type\" content=\"image\/jpeg\" \/>\n<meta name=\"author\" content=\"C\u0103t\u0103lin Anghel-Dimache\" \/>\n<meta name=\"twitter:card\" content=\"summary_large_image\" \/>\n<meta name=\"twitter:label1\" content=\"Written by\" \/>\n\t<meta name=\"twitter:data1\" content=\"C\u0103t\u0103lin Anghel-Dimache\" \/>\n\t<meta name=\"twitter:label2\" content=\"Estimated reading time\" \/>\n\t<meta name=\"twitter:data2\" content=\"4 minutes\" \/>\n<script type=\"application\/ld+json\" class=\"yoast-schema-graph\">{\"@context\":\"https:\\\/\\\/schema.org\",\"@graph\":[{\"@type\":\"Article\",\"@id\":\"https:\\\/\\\/buletin.de\\\/bucuresti\\\/primaria-lui-piedone-jr-cheltuie-zeci-de-mii-de-euro-pe-saci-de-gunoi-personalizati\\\/#article\",\"isPartOf\":{\"@id\":\"https:\\\/\\\/buletin.de\\\/bucuresti\\\/primaria-lui-piedone-jr-cheltuie-zeci-de-mii-de-euro-pe-saci-de-gunoi-personalizati\\\/\"},\"author\":{\"name\":\"C\u0103t\u0103lin Anghel-Dimache\",\"@id\":\"https:\\\/\\\/buletin.de\\\/bucuresti\\\/#\\\/schema\\\/person\\\/0ac9db30080482be87c7386a30f98796\"},\"headline\":\"Prim\u0103ria lui Piedone Jr. cheltuie 50.000 de euro pe saci de gunoi personaliza\u021bi. Contractul a ajuns la o firm\u0103 fondat\u0103 de un fost ofi\u021ber SIE \u0219i preluat\u0103 de un spion comunist\",\"datePublished\":\"2026-04-29T21:32:33+00:00\",\"dateModified\":\"2026-04-29T21:33:16+00:00\",\"mainEntityOfPage\":{\"@id\":\"https:\\\/\\\/buletin.de\\\/bucuresti\\\/primaria-lui-piedone-jr-cheltuie-zeci-de-mii-de-euro-pe-saci-de-gunoi-personalizati\\\/\"},\"wordCount\":821,\"publisher\":{\"@id\":\"https:\\\/\\\/buletin.de\\\/bucuresti\\\/#organization\"},\"image\":{\"@id\":\"https:\\\/\\\/buletin.de\\\/bucuresti\\\/primaria-lui-piedone-jr-cheltuie-zeci-de-mii-de-euro-pe-saci-de-gunoi-personalizati\\\/#primaryimage\"},\"thumbnailUrl\":\"https:\\\/\\\/buletin.de\\\/bucuresti\\\/wp-content\\\/uploads\\\/2026\\\/04\\\/popescusifiul.jpg\",\"keywords\":[\"bucuresti\",\"Capitala\",\"piedone\",\"saci de gunoi personalizati\",\"Sector 5\"],\"articleSection\":[\"Articole\",\"Featured\",\"Prim\u0103rie\"],\"inLanguage\":\"en-GB\",\"copyrightYear\":\"2026\",\"copyrightHolder\":{\"@id\":\"https:\\\/\\\/buletin.de\\\/bucuresti\\\/#organization\"}},{\"@type\":\"WebPage\",\"@id\":\"https:\\\/\\\/buletin.de\\\/bucuresti\\\/primaria-lui-piedone-jr-cheltuie-zeci-de-mii-de-euro-pe-saci-de-gunoi-personalizati\\\/\",\"url\":\"https:\\\/\\\/buletin.de\\\/bucuresti\\\/primaria-lui-piedone-jr-cheltuie-zeci-de-mii-de-euro-pe-saci-de-gunoi-personalizati\\\/\",\"name\":\"Prim\u0103ria lui Piedone Jr. cheltuie 50.000 de euro pe saci de gunoi personaliza\u021bi. Contractul a ajuns la o firm\u0103 fondat\u0103 de un fost ofi\u021ber SIE \u0219i preluat\u0103 de un spion comunist - Buletin de Bucure\u0219ti\",\"isPartOf\":{\"@id\":\"https:\\\/\\\/buletin.de\\\/bucuresti\\\/#website\"},\"primaryImageOfPage\":{\"@id\":\"https:\\\/\\\/buletin.de\\\/bucuresti\\\/primaria-lui-piedone-jr-cheltuie-zeci-de-mii-de-euro-pe-saci-de-gunoi-personalizati\\\/#primaryimage\"},\"image\":{\"@id\":\"https:\\\/\\\/buletin.de\\\/bucuresti\\\/primaria-lui-piedone-jr-cheltuie-zeci-de-mii-de-euro-pe-saci-de-gunoi-personalizati\\\/#primaryimage\"},\"thumbnailUrl\":\"https:\\\/\\\/buletin.de\\\/bucuresti\\\/wp-content\\\/uploads\\\/2026\\\/04\\\/popescusifiul.jpg\",\"datePublished\":\"2026-04-29T21:32:33+00:00\",\"dateModified\":\"2026-04-29T21:33:16+00:00\",\"description\":\"Prim\u0103ria lui Piedone Jr. cheltuie zeci de mii de euro pe saci de gunoi personaliza\u021bi. Contractul a ajuns la o firm\u0103 fondat\u0103 de un fost ofi\u021ber\",\"breadcrumb\":{\"@id\":\"https:\\\/\\\/buletin.de\\\/bucuresti\\\/primaria-lui-piedone-jr-cheltuie-zeci-de-mii-de-euro-pe-saci-de-gunoi-personalizati\\\/#breadcrumb\"},\"inLanguage\":\"en-GB\",\"potentialAction\":[{\"@type\":\"ReadAction\",\"target\":[\"https:\\\/\\\/buletin.de\\\/bucuresti\\\/primaria-lui-piedone-jr-cheltuie-zeci-de-mii-de-euro-pe-saci-de-gunoi-personalizati\\\/\"]}]},{\"@type\":\"ImageObject\",\"inLanguage\":\"en-GB\",\"@id\":\"https:\\\/\\\/buletin.de\\\/bucuresti\\\/primaria-lui-piedone-jr-cheltuie-zeci-de-mii-de-euro-pe-saci-de-gunoi-personalizati\\\/#primaryimage\",\"url\":\"https:\\\/\\\/buletin.de\\\/bucuresti\\\/wp-content\\\/uploads\\\/2026\\\/04\\\/popescusifiul.jpg\",\"contentUrl\":\"https:\\\/\\\/buletin.de\\\/bucuresti\\\/wp-content\\\/uploads\\\/2026\\\/04\\\/popescusifiul.jpg\",\"width\":1536,\"height\":1025,\"caption\":\"Prim\u0103ria lui Piedone Jr. cheltuie zeci de mii de euro pe saci de gunoi personaliza\u021bi. Contractul a ajuns la o firm\u0103 fondat\u0103 de un fost ofi\u021ber SIE condamnat. Foto: Inquam Photos \\\/ George C\u0103lin\"},{\"@type\":\"BreadcrumbList\",\"@id\":\"https:\\\/\\\/buletin.de\\\/bucuresti\\\/primaria-lui-piedone-jr-cheltuie-zeci-de-mii-de-euro-pe-saci-de-gunoi-personalizati\\\/#breadcrumb\",\"itemListElement\":[{\"@type\":\"ListItem\",\"position\":1,\"name\":\"Acas\u0103\",\"item\":\"https:\\\/\\\/buletin.de\\\/bucuresti\\\/\"},{\"@type\":\"ListItem\",\"position\":2,\"name\":\"Prim\u0103ria lui Piedone Jr. cheltuie 50.000 de euro pe saci de gunoi personaliza\u021bi. Contractul a ajuns la o firm\u0103 fondat\u0103 de un fost ofi\u021ber SIE \u0219i preluat\u0103 de un spion comunist\"}]},{\"@type\":\"WebSite\",\"@id\":\"https:\\\/\\\/buletin.de\\\/bucuresti\\\/#website\",\"url\":\"https:\\\/\\\/buletin.de\\\/bucuresti\\\/\",\"name\":\"Buletin de Bucure\u0219ti\",\"description\":\"\u0218tiri \u0219i investiga\u021bii esen\u021biale din capital\u0103\",\"publisher\":{\"@id\":\"https:\\\/\\\/buletin.de\\\/bucuresti\\\/#organization\"},\"potentialAction\":[{\"@type\":\"SearchAction\",\"target\":{\"@type\":\"EntryPoint\",\"urlTemplate\":\"https:\\\/\\\/buletin.de\\\/bucuresti\\\/?s={search_term_string}\"},\"query-input\":{\"@type\":\"PropertyValueSpecification\",\"valueRequired\":true,\"valueName\":\"search_term_string\"}}],\"inLanguage\":\"en-GB\"},{\"@type\":\"Organization\",\"@id\":\"https:\\\/\\\/buletin.de\\\/bucuresti\\\/#organization\",\"name\":\"Buletin de Bucure\u0219ti\",\"url\":\"https:\\\/\\\/buletin.de\\\/bucuresti\\\/\",\"logo\":{\"@type\":\"ImageObject\",\"inLanguage\":\"en-GB\",\"@id\":\"https:\\\/\\\/buletin.de\\\/bucuresti\\\/#\\\/schema\\\/logo\\\/image\\\/\",\"url\":\"https:\\\/\\\/buletin.de\\\/bucuresti\\\/wp-content\\\/uploads\\\/logo-bdb-full-wide-vernil-transparent.png\",\"contentUrl\":\"https:\\\/\\\/buletin.de\\\/bucuresti\\\/wp-content\\\/uploads\\\/logo-bdb-full-wide-vernil-transparent.png\",\"width\":1782,\"height\":626,\"caption\":\"Buletin de Bucure\u0219ti\"},\"image\":{\"@id\":\"https:\\\/\\\/buletin.de\\\/bucuresti\\\/#\\\/schema\\\/logo\\\/image\\\/\"},\"sameAs\":[\"https:\\\/\\\/www.facebook.com\\\/buletin.de.buc\",\"https:\\\/\\\/www.instagram.com\\\/buletinde.bucuresti\\\/\"]},{\"@type\":\"Person\",\"@id\":\"https:\\\/\\\/buletin.de\\\/bucuresti\\\/#\\\/schema\\\/person\\\/0ac9db30080482be87c7386a30f98796\",\"name\":\"C\u0103t\u0103lin Anghel-Dimache\",\"image\":{\"@type\":\"ImageObject\",\"inLanguage\":\"en-GB\",\"@id\":\"https:\\\/\\\/buletin.de\\\/bucuresti\\\/wp-content\\\/uploads\\\/Catalin-Anghel-Dimache-96x96.jpgbd9e43c5b25186d5b8e917ac61ad86c4\",\"url\":\"https:\\\/\\\/buletin.de\\\/bucuresti\\\/wp-content\\\/uploads\\\/Catalin-Anghel-Dimache-96x96.jpg\",\"contentUrl\":\"https:\\\/\\\/buletin.de\\\/bucuresti\\\/wp-content\\\/uploads\\\/Catalin-Anghel-Dimache-96x96.jpg\",\"caption\":\"C\u0103t\u0103lin Anghel-Dimache\"},\"description\":\"A absolvit Facultatea de Jurnalism \u0219i \u0218tiin\u021bele Comunic\u0103rii a Universit\u0103\u021bii din Bucure\u0219ti \u00een 2024. Scrie despre mediu \u0219i teme sociale, dar \u0219i despre cum se reflect\u0103 ele \u00een via\u021ba cotidian\u0103 a bucure\u0219tenilor, cu un ochi atent la pove\u0219tile personale din spatele titlurilor. N\u0103scut \u0219i crescut \u00een Bucure\u0219ti, a f\u0103cut un pas c\u0103tre presa local\u0103, din pasiune pentru ora\u0219ul s\u0103u \u0219i oamenii din el.\",\"url\":\"https:\\\/\\\/buletin.de\\\/bucuresti\\\/author\\\/catalin-anghel-dimache\\\/\"}]}<\/script>\n<!-- \/ Yoast SEO Premium plugin. -->","yoast_head_json":{"title":"Prim\u0103ria lui Piedone Jr. cheltuie 50.000 de euro pe saci de gunoi personaliza\u021bi. Contractul a ajuns la o firm\u0103 fondat\u0103 de un fost ofi\u021ber SIE \u0219i preluat\u0103 de un spion comunist - Buletin de Bucure\u0219ti","description":"Prim\u0103ria lui Piedone Jr. cheltuie zeci de mii de euro pe saci de gunoi personaliza\u021bi. Contractul a ajuns la o firm\u0103 fondat\u0103 de un fost ofi\u021ber","robots":{"index":"index","follow":"follow","max-snippet":"max-snippet:-1","max-image-preview":"max-image-preview:large","max-video-preview":"max-video-preview:-1"},"canonical":"https:\/\/buletin.de\/bucuresti\/primaria-lui-piedone-jr-cheltuie-zeci-de-mii-de-euro-pe-saci-de-gunoi-personalizati\/","og_locale":"en_GB","og_type":"article","og_title":"Prim\u0103ria lui Piedone Jr. cheltuie 50.000 de euro pe saci de gunoi personaliza\u021bi. Contractul a ajuns la o firm\u0103 fondat\u0103 de un fost ofi\u021ber SIE \u0219i preluat\u0103 de un spion comunist","og_description":"Prim\u0103ria lui Piedone Jr. cheltuie zeci de mii de euro pe saci de gunoi personaliza\u021bi. Contractul a ajuns la o firm\u0103 fondat\u0103 de un fost ofi\u021ber","og_url":"https:\/\/buletin.de\/bucuresti\/primaria-lui-piedone-jr-cheltuie-zeci-de-mii-de-euro-pe-saci-de-gunoi-personalizati\/","og_site_name":"Buletin de Bucure\u0219ti","article_publisher":"https:\/\/www.facebook.com\/buletin.de.buc","article_published_time":"2026-04-29T21:32:33+00:00","article_modified_time":"2026-04-29T21:33:16+00:00","og_image":[{"width":1536,"height":1025,"url":"https:\/\/buletin.de\/bucuresti\/wp-content\/uploads\/2026\/04\/popescusifiul.jpg","type":"image\/jpeg"}],"author":"C\u0103t\u0103lin Anghel-Dimache","twitter_card":"summary_large_image","twitter_misc":{"Written by":"C\u0103t\u0103lin Anghel-Dimache","Estimated reading time":"4 minutes"},"schema":{"@context":"https:\/\/schema.org","@graph":[{"@type":"Article","@id":"https:\/\/buletin.de\/bucuresti\/primaria-lui-piedone-jr-cheltuie-zeci-de-mii-de-euro-pe-saci-de-gunoi-personalizati\/#article","isPartOf":{"@id":"https:\/\/buletin.de\/bucuresti\/primaria-lui-piedone-jr-cheltuie-zeci-de-mii-de-euro-pe-saci-de-gunoi-personalizati\/"},"author":{"name":"C\u0103t\u0103lin Anghel-Dimache","@id":"https:\/\/buletin.de\/bucuresti\/#\/schema\/person\/0ac9db30080482be87c7386a30f98796"},"headline":"Prim\u0103ria lui Piedone Jr. cheltuie 50.000 de euro pe saci de gunoi personaliza\u021bi. Contractul a ajuns la o firm\u0103 fondat\u0103 de un fost ofi\u021ber SIE \u0219i preluat\u0103 de un spion comunist","datePublished":"2026-04-29T21:32:33+00:00","dateModified":"2026-04-29T21:33:16+00:00","mainEntityOfPage":{"@id":"https:\/\/buletin.de\/bucuresti\/primaria-lui-piedone-jr-cheltuie-zeci-de-mii-de-euro-pe-saci-de-gunoi-personalizati\/"},"wordCount":821,"publisher":{"@id":"https:\/\/buletin.de\/bucuresti\/#organization"},"image":{"@id":"https:\/\/buletin.de\/bucuresti\/primaria-lui-piedone-jr-cheltuie-zeci-de-mii-de-euro-pe-saci-de-gunoi-personalizati\/#primaryimage"},"thumbnailUrl":"https:\/\/buletin.de\/bucuresti\/wp-content\/uploads\/2026\/04\/popescusifiul.jpg","keywords":["bucuresti","Capitala","piedone","saci de gunoi personalizati","Sector 5"],"articleSection":["Articole","Featured","Prim\u0103rie"],"inLanguage":"en-GB","copyrightYear":"2026","copyrightHolder":{"@id":"https:\/\/buletin.de\/bucuresti\/#organization"}},{"@type":"WebPage","@id":"https:\/\/buletin.de\/bucuresti\/primaria-lui-piedone-jr-cheltuie-zeci-de-mii-de-euro-pe-saci-de-gunoi-personalizati\/","url":"https:\/\/buletin.de\/bucuresti\/primaria-lui-piedone-jr-cheltuie-zeci-de-mii-de-euro-pe-saci-de-gunoi-personalizati\/","name":"Prim\u0103ria lui Piedone Jr. cheltuie 50.000 de euro pe saci de gunoi personaliza\u021bi. Contractul a ajuns la o firm\u0103 fondat\u0103 de un fost ofi\u021ber SIE \u0219i preluat\u0103 de un spion comunist - Buletin de Bucure\u0219ti","isPartOf":{"@id":"https:\/\/buletin.de\/bucuresti\/#website"},"primaryImageOfPage":{"@id":"https:\/\/buletin.de\/bucuresti\/primaria-lui-piedone-jr-cheltuie-zeci-de-mii-de-euro-pe-saci-de-gunoi-personalizati\/#primaryimage"},"image":{"@id":"https:\/\/buletin.de\/bucuresti\/primaria-lui-piedone-jr-cheltuie-zeci-de-mii-de-euro-pe-saci-de-gunoi-personalizati\/#primaryimage"},"thumbnailUrl":"https:\/\/buletin.de\/bucuresti\/wp-content\/uploads\/2026\/04\/popescusifiul.jpg","datePublished":"2026-04-29T21:32:33+00:00","dateModified":"2026-04-29T21:33:16+00:00","description":"Prim\u0103ria lui Piedone Jr. cheltuie zeci de mii de euro pe saci de gunoi personaliza\u021bi. Contractul a ajuns la o firm\u0103 fondat\u0103 de un fost ofi\u021ber","breadcrumb":{"@id":"https:\/\/buletin.de\/bucuresti\/primaria-lui-piedone-jr-cheltuie-zeci-de-mii-de-euro-pe-saci-de-gunoi-personalizati\/#breadcrumb"},"inLanguage":"en-GB","potentialAction":[{"@type":"ReadAction","target":["https:\/\/buletin.de\/bucuresti\/primaria-lui-piedone-jr-cheltuie-zeci-de-mii-de-euro-pe-saci-de-gunoi-personalizati\/"]}]},{"@type":"ImageObject","inLanguage":"en-GB","@id":"https:\/\/buletin.de\/bucuresti\/primaria-lui-piedone-jr-cheltuie-zeci-de-mii-de-euro-pe-saci-de-gunoi-personalizati\/#primaryimage","url":"https:\/\/buletin.de\/bucuresti\/wp-content\/uploads\/2026\/04\/popescusifiul.jpg","contentUrl":"https:\/\/buletin.de\/bucuresti\/wp-content\/uploads\/2026\/04\/popescusifiul.jpg","width":1536,"height":1025,"caption":"Prim\u0103ria lui Piedone Jr. cheltuie zeci de mii de euro pe saci de gunoi personaliza\u021bi. Contractul a ajuns la o firm\u0103 fondat\u0103 de un fost ofi\u021ber SIE condamnat. Foto: Inquam Photos \/ George C\u0103lin"},{"@type":"BreadcrumbList","@id":"https:\/\/buletin.de\/bucuresti\/primaria-lui-piedone-jr-cheltuie-zeci-de-mii-de-euro-pe-saci-de-gunoi-personalizati\/#breadcrumb","itemListElement":[{"@type":"ListItem","position":1,"name":"Acas\u0103","item":"https:\/\/buletin.de\/bucuresti\/"},{"@type":"ListItem","position":2,"name":"Prim\u0103ria lui Piedone Jr. cheltuie 50.000 de euro pe saci de gunoi personaliza\u021bi. Contractul a ajuns la o firm\u0103 fondat\u0103 de un fost ofi\u021ber SIE \u0219i preluat\u0103 de un spion comunist"}]},{"@type":"WebSite","@id":"https:\/\/buletin.de\/bucuresti\/#website","url":"https:\/\/buletin.de\/bucuresti\/","name":"Buletin de Bucure\u0219ti","description":"\u0218tiri \u0219i investiga\u021bii esen\u021biale din capital\u0103","publisher":{"@id":"https:\/\/buletin.de\/bucuresti\/#organization"},"potentialAction":[{"@type":"SearchAction","target":{"@type":"EntryPoint","urlTemplate":"https:\/\/buletin.de\/bucuresti\/?s={search_term_string}"},"query-input":{"@type":"PropertyValueSpecification","valueRequired":true,"valueName":"search_term_string"}}],"inLanguage":"en-GB"},{"@type":"Organization","@id":"https:\/\/buletin.de\/bucuresti\/#organization","name":"Buletin de Bucure\u0219ti","url":"https:\/\/buletin.de\/bucuresti\/","logo":{"@type":"ImageObject","inLanguage":"en-GB","@id":"https:\/\/buletin.de\/bucuresti\/#\/schema\/logo\/image\/","url":"https:\/\/buletin.de\/bucuresti\/wp-content\/uploads\/logo-bdb-full-wide-vernil-transparent.png","contentUrl":"https:\/\/buletin.de\/bucuresti\/wp-content\/uploads\/logo-bdb-full-wide-vernil-transparent.png","width":1782,"height":626,"caption":"Buletin de Bucure\u0219ti"},"image":{"@id":"https:\/\/buletin.de\/bucuresti\/#\/schema\/logo\/image\/"},"sameAs":["https:\/\/www.facebook.com\/buletin.de.buc","https:\/\/www.instagram.com\/buletinde.bucuresti\/"]},{"@type":"Person","@id":"https:\/\/buletin.de\/bucuresti\/#\/schema\/person\/0ac9db30080482be87c7386a30f98796","name":"C\u0103t\u0103lin Anghel-Dimache","image":{"@type":"ImageObject","inLanguage":"en-GB","@id":"https:\/\/buletin.de\/bucuresti\/wp-content\/uploads\/Catalin-Anghel-Dimache-96x96.jpgbd9e43c5b25186d5b8e917ac61ad86c4","url":"https:\/\/buletin.de\/bucuresti\/wp-content\/uploads\/Catalin-Anghel-Dimache-96x96.jpg","contentUrl":"https:\/\/buletin.de\/bucuresti\/wp-content\/uploads\/Catalin-Anghel-Dimache-96x96.jpg","caption":"C\u0103t\u0103lin Anghel-Dimache"},"description":"A absolvit Facultatea de Jurnalism \u0219i \u0218tiin\u021bele Comunic\u0103rii a Universit\u0103\u021bii din Bucure\u0219ti \u00een 2024. Scrie despre mediu \u0219i teme sociale, dar \u0219i despre cum se reflect\u0103 ele \u00een via\u021ba cotidian\u0103 a bucure\u0219tenilor, cu un ochi atent la pove\u0219tile personale din spatele titlurilor. N\u0103scut \u0219i crescut \u00een Bucure\u0219ti, a f\u0103cut un pas c\u0103tre presa local\u0103, din pasiune pentru ora\u0219ul s\u0103u \u0219i oamenii din el.","url":"https:\/\/buletin.de\/bucuresti\/author\/catalin-anghel-dimache\/"}]}},"authors":[{"term_id":22572,"user_id":59,"is_guest":0,"slug":"catalin-anghel-dimache","display_name":"C\u0103t\u0103lin Anghel-Dimache","avatar_url":"https:\/\/buletin.de\/bucuresti\/wp-content\/uploads\/Catalin-Anghel-Dimache-96x96.jpg","0":null,"1":"","2":"","3":"","4":"","5":"","6":"","7":"","8":""}],"_links":{"self":[{"href":"https:\/\/buletin.de\/bucuresti\/wp-json\/wp\/v2\/posts\/187277","targetHints":{"allow":["GET"]}}],"collection":[{"href":"https:\/\/buletin.de\/bucuresti\/wp-json\/wp\/v2\/posts"}],"about":[{"href":"https:\/\/buletin.de\/bucuresti\/wp-json\/wp\/v2\/types\/post"}],"author":[{"embeddable":true,"href":"https:\/\/buletin.de\/bucuresti\/wp-json\/wp\/v2\/users\/59"}],"replies":[{"embeddable":true,"href":"https:\/\/buletin.de\/bucuresti\/wp-json\/wp\/v2\/comments?post=187277"}],"version-history":[{"count":7,"href":"https:\/\/buletin.de\/bucuresti\/wp-json\/wp\/v2\/posts\/187277\/revisions"}],"predecessor-version":[{"id":190164,"href":"https:\/\/buletin.de\/bucuresti\/wp-json\/wp\/v2\/posts\/187277\/revisions\/190164"}],"wp:featuredmedia":[{"embeddable":true,"href":"https:\/\/buletin.de\/bucuresti\/wp-json\/wp\/v2\/media\/187279"}],"wp:attachment":[{"href":"https:\/\/buletin.de\/bucuresti\/wp-json\/wp\/v2\/media?parent=187277"}],"wp:term":[{"taxonomy":"category","embeddable":true,"href":"https:\/\/buletin.de\/bucuresti\/wp-json\/wp\/v2\/categories?post=187277"},{"taxonomy":"post_tag","embeddable":true,"href":"https:\/\/buletin.de\/bucuresti\/wp-json\/wp\/v2\/tags?post=187277"},{"taxonomy":"author","embeddable":true,"href":"https:\/\/buletin.de\/bucuresti\/wp-json\/wp\/v2\/ppma_author?post=187277"}],"curies":[{"name":"wp","href":"https:\/\/api.w.org\/{rel}","templated":true}]}}