{"id":18705,"date":"2021-01-25T12:15:06","date_gmt":"2021-01-25T09:15:06","guid":{"rendered":"https:\/\/buletin.de\/bucuresti\/?p=18705"},"modified":"2021-01-25T12:15:07","modified_gmt":"2021-01-25T09:15:07","slug":"primaria-sectorului-5-site-nou-de-120-mii-de-lei-proiectat-de-o-firma-necunoscuta-detinuta-de-un-fost-dinamovist","status":"publish","type":"post","link":"https:\/\/buletin.de\/bucuresti\/primaria-sectorului-5-site-nou-de-120-mii-de-lei-proiectat-de-o-firma-necunoscuta-detinuta-de-un-fost-dinamovist\/","title":{"rendered":"Prim\u0103ria Sectorului 5, site nou de 120 mii de lei, proiectat de o firm\u0103 necunoscut\u0103 de\u021binut\u0103 de un fost dinamovist"},"content":{"rendered":"\n<p><strong>Viitorul site al Prim\u0103riei Sectorului 5 a costat 120 de mii de lei \u0219i este proiectat de o firm\u0103 al c\u0103rei site nu func\u021bioneaz\u0103. Firma \u00eenfiin\u021bat\u0103 \u00een 2019 este de\u021binut\u0103 de un fost dinamovist, C\u0103t\u0103lin Samoil\u0103, \u0219i nu are \u00eencheiat niciun alt contract public.  <\/strong><\/p>\n\n\n\n<p><\/p>\n\n\n\n<p>Un nou primar aduce \u0219i un nou site. Primarul sectorului 5, Cristian Popescu Piedone, proasp\u0103t ales \u00een func\u021bie \u00een septembrie, s-a decis s\u0103 schimbe site-ul prim\u0103riei. Firma care \u00eei va \u00eendeplini dorin\u021ba a primit aproape 25 mii de EURO, adic\u0103 120 mii de lei, de\u0219i nu are experien\u021b\u0103 \u00een domeniu, iar site-ul ei nu func\u021bioneaz\u0103.<\/p>\n\n\n\n<p>Pe 18 ianuarie, Prim\u0103ria Sectorului 5 a atribuit direct contractul pentru servicii de proiectare site firmei Bros Online Store. Conform descrierii de pe platforma de achizi\u021bii, Bros Online Store urmeaz\u0103 s\u0103 fac\u0103 un nou site de prezentare, cu tot cu design, implementare de module \u0219i SEO.<\/p>\n\n\n\n<p><\/p>\n\n\n\n<figure class=\"wp-block-image size-large\"><img fetchpriority=\"high\" decoding=\"async\" width=\"826\" height=\"549\" src=\"data:image\/gif;base64,R0lGODlhAQABAAAAACH5BAEKAAEALAAAAAABAAEAAAICTAEAOw==\" data-src=\"https:\/\/buletin.de\/bucuresti\/wp-content\/uploads\/Screenshot_5-18-edited.png\" alt=\"\" class=\"wp-image-18707 lazyload\" data-sizes=\"auto\" data-srcset=\"https:\/\/buletin.de\/bucuresti\/wp-content\/uploads\/Screenshot_5-18-edited.png 826w, https:\/\/buletin.de\/bucuresti\/wp-content\/uploads\/Screenshot_5-18-edited-300x199.png 300w, https:\/\/buletin.de\/bucuresti\/wp-content\/uploads\/Screenshot_5-18-edited-768x510.png 768w, https:\/\/buletin.de\/bucuresti\/wp-content\/uploads\/Screenshot_5-18-edited-550x366.png 550w, https:\/\/buletin.de\/bucuresti\/wp-content\/uploads\/Screenshot_5-18-edited-752x500.png 752w, https:\/\/buletin.de\/bucuresti\/wp-content\/uploads\/Screenshot_5-18-edited-600x399.png 600w\" sizes=\"(max-width: 826px) 100vw, 826px\" \/><\/figure>\n\n\n\n<p>Mai mult, firma care urmeaz\u0103 s\u0103 se ocupe de site-ul Prim\u0103riei Sectorului 5 are probleme cu propriul site. Adresa trecut\u0103 pe platforma de achizi\u021bii \u2013 <a href=\"http:\/\/www.brosonline.ro\">www.brosonline.ro<\/a> &#8211; nu duce nic\u0103ieri.<\/p>\n\n\n\n<div class=\"wp-block-image\"><figure class=\"aligncenter size-large is-resized\"><img decoding=\"async\" src=\"data:image\/gif;base64,R0lGODlhAQABAAAAACH5BAEKAAEALAAAAAABAAEAAAICTAEAOw==\" data-src=\"https:\/\/buletin.de\/bucuresti\/wp-content\/uploads\/image-447-900x390.png\" alt=\"\" class=\"wp-image-18709 lazyload\" width=\"900\" height=\"390\" data-sizes=\"auto\" data-srcset=\"https:\/\/buletin.de\/bucuresti\/wp-content\/uploads\/image-447-900x390.png 900w, https:\/\/buletin.de\/bucuresti\/wp-content\/uploads\/image-447-300x130.png 300w, https:\/\/buletin.de\/bucuresti\/wp-content\/uploads\/image-447-768x333.png 768w, https:\/\/buletin.de\/bucuresti\/wp-content\/uploads\/image-447-1536x665.png 1536w, https:\/\/buletin.de\/bucuresti\/wp-content\/uploads\/image-447-1060x459.png 1060w, https:\/\/buletin.de\/bucuresti\/wp-content\/uploads\/image-447-550x238.png 550w, https:\/\/buletin.de\/bucuresti\/wp-content\/uploads\/image-447-1154x500.png 1154w, https:\/\/buletin.de\/bucuresti\/wp-content\/uploads\/image-447-600x260.png 600w, https:\/\/buletin.de\/bucuresti\/wp-content\/uploads\/image-447.png 1570w\" sizes=\"(max-width: 900px) 100vw, 900px\" \/><\/figure><\/div>\n\n\n\n<p>Bros Online Store a fost \u00eenfiin\u021bat\u0103 \u00een 2019 \u00een satul Br\u0103ne\u0219ti din Ilfov, cu sediul social la adresa de domiciliu a unuia dintre proprietari. Domeniul principal de activitate declarat nu are nicio leg\u0103tur\u0103 cu gestionarea de site-uri: comer\u021b cu am\u0103nuntul prin intermediul caselor de comenzi sau prin internet. Chiar \u0219i a\u0219a, firma lui C\u0103t\u0103lin Ilie Samoil\u0103 a fost aleas\u0103 de Prim\u0103ria Sectorului 5 pentru a se ocupa de noul site.<\/p>\n\n\n\n<p>C\u0103t\u0103lin Ilie Samoil\u0103 a fost <a href=\"https:\/\/www.romaniansoccer.ro\/players\/1760\/catalin-ilie-samoila.htm\">portar la Dinamo Bucure\u0219ti<\/a> din 2013 p\u00e2n\u0103 \u00een 2015, iar momentan este liber de contract. El a mai avut o firm\u0103, SBATotal, o platform\u0103 de marketing afiliat. \u201e<em>\u00cen ultimii 9 ani de zile am tot promovat afaceri online de diferite tipuri \u0219i deja mi s-a impregnat \u00een s\u00e2nge chestia asta cu c\u00e2\u0219tigatul din mediul online. A\u0219a c\u0103 am ales SBA Total pentru sistemul inovativ pe care \u00eel ofer\u0103. 5 nivele de colaboratori \u0219i c\u00e2\u0219tiguri din marketing afiliat<\/em>\u201d, a scris el pe Facebook \u00een 2016.<\/p>\n\n\n\n<p>Fostul fotbalist a \u00eenfiin\u021bat Bros Online Store cu Drumea Marius Lauren\u021biu. Una dintre firmele lui Drumea, Cujo Floor Concept, s-a ocupat \u00een 2018 de amenajarea unui teren de tenis chiar \u00een comuna Br\u0103ne\u0219ti, acolo unde locuie\u0219te Samoil\u0103. A primit atunci aproape 30 de mii de EURO de la Prim\u0103rie, de\u0219i nu avea niciun angajat.<\/p>\n\n\n\n<p>\u00cen firma Bros Online Store apare \u0219i numele tat\u0103lui lui C\u0103t\u0103lin, Gheorghe Samoil\u0103, rapidist \u00eenfocat, a\u0219a cum arat\u0103 contul lui de Facebook. L-am \u00eentrebat la telefon cumde a primit acest contract de la sectorul 5 \u021bin\u00e2nd cont c\u0103 nu are experien\u021b\u0103 \u0219i ne-a spus c\u0103 firma lui face parte dintr-un grup de mai multe firme \u0219i c\u0103 a f\u0103cut dovada c\u0103 are experien\u021b\u0103 pe alte firme cu aceea\u0219i angaja\u021bi. A refuzat s\u0103 ne spun\u0103 care este grupul de firme \u0219i s\u0103 ne dea exemple de alte site-uri pe care le-au f\u0103cut, de\u0219i am \u00eentrebat de mai multe ori. Ulterior ne-a acuzat c\u0103 avem un interes personal pentru care insist\u0103m asupra acestui subiect.<\/p>\n\n\n\n<blockquote class=\"wp-block-quote is-layout-flow wp-block-quote-is-layout-flow\"><p>\u201eNoi, \u00een momentul de fa\u021b\u0103, avem \u00een mentenan\u021b\u0103 \u0219i \u00een lucru \u00een jur de 145 de site-uri. Asta \u00eensemn\u00e2nd noi ca \u0219i grup de firme. [&#8230;] Care este interesul grupului dumneavoastr\u0103, site poate fi numit. Care este interesul dumneavoastr\u0103 personal \u0219i direct? [&#8230;] Pentru acest contract public dumneavoastr\u0103 v\u0103 considera\u021bi cumva parchet?\u201d<\/p><cite>Samoil\u0103<\/cite><\/blockquote>\n\n\n\n<p>Prima conversa\u021bie pe care am avut-o cu un reprezentant Bros Online Store a avut loc pe 22 ianuarie, atunci c\u00e2nd ni s-a spus c\u0103 vom fi suna\u021bi \u00eenapoi de cineva. A doua conversa\u021bie, cea detaliat\u0103 mai sus, s-a terminat cu aceea\u0219i replic\u0103: \u201e<em>v-am spus c\u0103 v\u0103 vom contacta, c\u00e2nd avem timp v\u0103 va contacta cineva<\/em>\u201d.<\/p>\n\n\n\n<p>Direc\u021bia de comunicare a Prim\u0103riei Sectorului 5 ne-a spus c\u0103 s-a decis schimbarea site-ului deoarece este \u00eenvechit, iar cet\u0103\u021benii se pl\u00e2ng c\u0103 nu g\u0103sesc cele necesare.<\/p>\n\n\n\n<blockquote class=\"wp-block-quote is-layout-flow wp-block-quote-is-layout-flow\"><p>\u201ePentru c\u0103 acesta este destul de vechi, foarte multe pl\u00e2ngeri \u0219i sesiz\u0103ri venite de la cet\u0103\u021benii din sector c\u0103 nu func\u021bioneaz\u0103 cum trebuie, este greu de g\u0103sit orice document pe care \u00eel cau\u021bi. Se blocheaz\u0103 server-ul, nu suport\u0103 anumite documente pe care vrem s\u0103 le \u00eenc\u0103rc\u0103m.\u201d<\/p><cite>Birou de pres\u0103 sector 5<\/cite><\/blockquote>\n\n\n\n<p>Atunci c\u00e2nd am \u00eentrebat de ce acest contract de 120 mii de lei a fost atribuit direct unei firme f\u0103r\u0103 experien\u021b\u0103 am fost redirec\u021biona\u021bi s\u0103 trimitem o solicitare oficial\u0103 pe mail la care vom primi r\u0103spuns \u00een termenul legal. P\u00e2n\u0103 acum nu am primit num\u0103r de \u00eenregistrare \u0219i nici vreun r\u0103spuns.<\/p>\n","protected":false},"excerpt":{"rendered":"<p>Viitorul site al Prim\u0103riei Sectorului 5 a costat 120 de mii de lei \u0219i este proiectat de o firm\u0103 al c\u0103rei site nu func\u021bioneaz\u0103. Firma \u00eenfiin\u021bat\u0103 \u00een 2019 este de\u021binut\u0103 de un fost dinamovist, C\u0103t\u0103lin Samoil\u0103, \u0219i nu are \u00eencheiat niciun alt contract public. Un nou primar aduce \u0219i un nou site. Primarul sectorului 5, [&hellip;]<\/p>\n","protected":false},"author":6,"featured_media":18712,"comment_status":"closed","ping_status":"open","sticky":false,"template":"","format":"standard","meta":{"_acf_changed":false,"inline_featured_image":false,"ngg_post_thumbnail":0,"footnotes":""},"categories":[24],"tags":[234,1103,1998,1420],"ppma_author":[22588],"class_list":["post-18705","post","type-post","status-publish","format-standard","has-post-thumbnail","hentry","category-primarie","tag-achizitii-publice","tag-piedone","tag-primaria-sector-5","tag-site-nou"],"acf":[],"yoast_head":"<!-- This site is optimized with the Yoast SEO Premium plugin v25.3 (Yoast SEO v27.5) - https:\/\/yoast.com\/product\/yoast-seo-premium-wordpress\/ -->\n<title>Prim\u0103ria Sectorului 5, site nou de 120 mii de lei, proiectat de o firm\u0103 necunoscut\u0103 de\u021binut\u0103 de un fost dinamovist - Buletin de Bucure\u0219ti<\/title>\n<meta name=\"robots\" content=\"index, follow, max-snippet:-1, max-image-preview:large, max-video-preview:-1\" \/>\n<link rel=\"canonical\" href=\"https:\/\/buletin.de\/bucuresti\/primaria-sectorului-5-site-nou-de-120-mii-de-lei-proiectat-de-o-firma-necunoscuta-detinuta-de-un-fost-dinamovist\/\" \/>\n<meta property=\"og:locale\" content=\"en_GB\" \/>\n<meta property=\"og:type\" content=\"article\" \/>\n<meta property=\"og:title\" content=\"Prim\u0103ria Sectorului 5, site nou de 120 mii de lei, proiectat de o firm\u0103 necunoscut\u0103 de\u021binut\u0103 de un fost dinamovist\" \/>\n<meta property=\"og:description\" content=\"Viitorul site al Prim\u0103riei Sectorului 5 a costat 120 de mii de lei \u0219i este proiectat de o firm\u0103 al c\u0103rei site nu func\u021bioneaz\u0103. Firma \u00eenfiin\u021bat\u0103 \u00een 2019 este de\u021binut\u0103 de un fost dinamovist, C\u0103t\u0103lin Samoil\u0103, \u0219i nu are \u00eencheiat niciun alt contract public. Un nou primar aduce \u0219i un nou site. Primarul sectorului 5, [&hellip;]\" \/>\n<meta property=\"og:url\" content=\"https:\/\/buletin.de\/bucuresti\/primaria-sectorului-5-site-nou-de-120-mii-de-lei-proiectat-de-o-firma-necunoscuta-detinuta-de-un-fost-dinamovist\/\" \/>\n<meta property=\"og:site_name\" content=\"Buletin de Bucure\u0219ti\" \/>\n<meta property=\"article:publisher\" content=\"https:\/\/www.facebook.com\/buletin.de.buc\" \/>\n<meta property=\"article:published_time\" content=\"2021-01-25T09:15:06+00:00\" \/>\n<meta property=\"article:modified_time\" content=\"2021-01-25T09:15:07+00:00\" \/>\n<meta property=\"og:image\" content=\"https:\/\/buletin.de\/bucuresti\/wp-content\/uploads\/Screenshot_2-41.png\" \/>\n\t<meta property=\"og:image:width\" content=\"1904\" \/>\n\t<meta property=\"og:image:height\" content=\"887\" \/>\n\t<meta property=\"og:image:type\" content=\"image\/png\" \/>\n<meta name=\"author\" content=\"Bianca Albu\" \/>\n<meta name=\"twitter:card\" content=\"summary_large_image\" \/>\n<meta name=\"twitter:label1\" content=\"Written by\" \/>\n\t<meta name=\"twitter:data1\" content=\"Bianca Albu\" \/>\n\t<meta name=\"twitter:label2\" content=\"Estimated reading time\" \/>\n\t<meta name=\"twitter:data2\" content=\"4 minutes\" \/>\n<script type=\"application\/ld+json\" class=\"yoast-schema-graph\">{\"@context\":\"https:\\\/\\\/schema.org\",\"@graph\":[{\"@type\":\"Article\",\"@id\":\"https:\\\/\\\/buletin.de\\\/bucuresti\\\/primaria-sectorului-5-site-nou-de-120-mii-de-lei-proiectat-de-o-firma-necunoscuta-detinuta-de-un-fost-dinamovist\\\/#article\",\"isPartOf\":{\"@id\":\"https:\\\/\\\/buletin.de\\\/bucuresti\\\/primaria-sectorului-5-site-nou-de-120-mii-de-lei-proiectat-de-o-firma-necunoscuta-detinuta-de-un-fost-dinamovist\\\/\"},\"author\":{\"name\":\"Bianca Albu\",\"@id\":\"https:\\\/\\\/buletin.de\\\/bucuresti\\\/#\\\/schema\\\/person\\\/295dc2228d2dc79294d636619468dc7f\"},\"headline\":\"Prim\u0103ria Sectorului 5, site nou de 120 mii de lei, proiectat de o firm\u0103 necunoscut\u0103 de\u021binut\u0103 de un fost dinamovist\",\"datePublished\":\"2021-01-25T09:15:06+00:00\",\"dateModified\":\"2021-01-25T09:15:07+00:00\",\"mainEntityOfPage\":{\"@id\":\"https:\\\/\\\/buletin.de\\\/bucuresti\\\/primaria-sectorului-5-site-nou-de-120-mii-de-lei-proiectat-de-o-firma-necunoscuta-detinuta-de-un-fost-dinamovist\\\/\"},\"wordCount\":813,\"publisher\":{\"@id\":\"https:\\\/\\\/buletin.de\\\/bucuresti\\\/#organization\"},\"image\":{\"@id\":\"https:\\\/\\\/buletin.de\\\/bucuresti\\\/primaria-sectorului-5-site-nou-de-120-mii-de-lei-proiectat-de-o-firma-necunoscuta-detinuta-de-un-fost-dinamovist\\\/#primaryimage\"},\"thumbnailUrl\":\"https:\\\/\\\/buletin.de\\\/bucuresti\\\/wp-content\\\/uploads\\\/Screenshot_2-41.png\",\"keywords\":[\"achizitii publice\",\"piedone\",\"primaria sector 5\",\"site nou\"],\"articleSection\":[\"Prim\u0103rie\"],\"inLanguage\":\"en-GB\",\"copyrightYear\":\"2021\",\"copyrightHolder\":{\"@id\":\"https:\\\/\\\/buletin.de\\\/bucuresti\\\/#organization\"}},{\"@type\":\"WebPage\",\"@id\":\"https:\\\/\\\/buletin.de\\\/bucuresti\\\/primaria-sectorului-5-site-nou-de-120-mii-de-lei-proiectat-de-o-firma-necunoscuta-detinuta-de-un-fost-dinamovist\\\/\",\"url\":\"https:\\\/\\\/buletin.de\\\/bucuresti\\\/primaria-sectorului-5-site-nou-de-120-mii-de-lei-proiectat-de-o-firma-necunoscuta-detinuta-de-un-fost-dinamovist\\\/\",\"name\":\"Prim\u0103ria Sectorului 5, site nou de 120 mii de lei, proiectat de o firm\u0103 necunoscut\u0103 de\u021binut\u0103 de un fost dinamovist - Buletin de Bucure\u0219ti\",\"isPartOf\":{\"@id\":\"https:\\\/\\\/buletin.de\\\/bucuresti\\\/#website\"},\"primaryImageOfPage\":{\"@id\":\"https:\\\/\\\/buletin.de\\\/bucuresti\\\/primaria-sectorului-5-site-nou-de-120-mii-de-lei-proiectat-de-o-firma-necunoscuta-detinuta-de-un-fost-dinamovist\\\/#primaryimage\"},\"image\":{\"@id\":\"https:\\\/\\\/buletin.de\\\/bucuresti\\\/primaria-sectorului-5-site-nou-de-120-mii-de-lei-proiectat-de-o-firma-necunoscuta-detinuta-de-un-fost-dinamovist\\\/#primaryimage\"},\"thumbnailUrl\":\"https:\\\/\\\/buletin.de\\\/bucuresti\\\/wp-content\\\/uploads\\\/Screenshot_2-41.png\",\"datePublished\":\"2021-01-25T09:15:06+00:00\",\"dateModified\":\"2021-01-25T09:15:07+00:00\",\"breadcrumb\":{\"@id\":\"https:\\\/\\\/buletin.de\\\/bucuresti\\\/primaria-sectorului-5-site-nou-de-120-mii-de-lei-proiectat-de-o-firma-necunoscuta-detinuta-de-un-fost-dinamovist\\\/#breadcrumb\"},\"inLanguage\":\"en-GB\",\"potentialAction\":[{\"@type\":\"ReadAction\",\"target\":[\"https:\\\/\\\/buletin.de\\\/bucuresti\\\/primaria-sectorului-5-site-nou-de-120-mii-de-lei-proiectat-de-o-firma-necunoscuta-detinuta-de-un-fost-dinamovist\\\/\"]}]},{\"@type\":\"ImageObject\",\"inLanguage\":\"en-GB\",\"@id\":\"https:\\\/\\\/buletin.de\\\/bucuresti\\\/primaria-sectorului-5-site-nou-de-120-mii-de-lei-proiectat-de-o-firma-necunoscuta-detinuta-de-un-fost-dinamovist\\\/#primaryimage\",\"url\":\"https:\\\/\\\/buletin.de\\\/bucuresti\\\/wp-content\\\/uploads\\\/Screenshot_2-41.png\",\"contentUrl\":\"https:\\\/\\\/buletin.de\\\/bucuresti\\\/wp-content\\\/uploads\\\/Screenshot_2-41.png\",\"width\":1904,\"height\":887},{\"@type\":\"BreadcrumbList\",\"@id\":\"https:\\\/\\\/buletin.de\\\/bucuresti\\\/primaria-sectorului-5-site-nou-de-120-mii-de-lei-proiectat-de-o-firma-necunoscuta-detinuta-de-un-fost-dinamovist\\\/#breadcrumb\",\"itemListElement\":[{\"@type\":\"ListItem\",\"position\":1,\"name\":\"Acas\u0103\",\"item\":\"https:\\\/\\\/buletin.de\\\/bucuresti\\\/\"},{\"@type\":\"ListItem\",\"position\":2,\"name\":\"Prim\u0103ria Sectorului 5, site nou de 120 mii de lei, proiectat de o firm\u0103 necunoscut\u0103 de\u021binut\u0103 de un fost dinamovist\"}]},{\"@type\":\"WebSite\",\"@id\":\"https:\\\/\\\/buletin.de\\\/bucuresti\\\/#website\",\"url\":\"https:\\\/\\\/buletin.de\\\/bucuresti\\\/\",\"name\":\"Buletin de Bucure\u0219ti\",\"description\":\"\u0218tiri \u0219i investiga\u021bii esen\u021biale din capital\u0103\",\"publisher\":{\"@id\":\"https:\\\/\\\/buletin.de\\\/bucuresti\\\/#organization\"},\"potentialAction\":[{\"@type\":\"SearchAction\",\"target\":{\"@type\":\"EntryPoint\",\"urlTemplate\":\"https:\\\/\\\/buletin.de\\\/bucuresti\\\/?s={search_term_string}\"},\"query-input\":{\"@type\":\"PropertyValueSpecification\",\"valueRequired\":true,\"valueName\":\"search_term_string\"}}],\"inLanguage\":\"en-GB\"},{\"@type\":\"Organization\",\"@id\":\"https:\\\/\\\/buletin.de\\\/bucuresti\\\/#organization\",\"name\":\"Buletin de Bucure\u0219ti\",\"url\":\"https:\\\/\\\/buletin.de\\\/bucuresti\\\/\",\"logo\":{\"@type\":\"ImageObject\",\"inLanguage\":\"en-GB\",\"@id\":\"https:\\\/\\\/buletin.de\\\/bucuresti\\\/#\\\/schema\\\/logo\\\/image\\\/\",\"url\":\"https:\\\/\\\/buletin.de\\\/bucuresti\\\/wp-content\\\/uploads\\\/logo-bdb-full-wide-vernil-transparent.png\",\"contentUrl\":\"https:\\\/\\\/buletin.de\\\/bucuresti\\\/wp-content\\\/uploads\\\/logo-bdb-full-wide-vernil-transparent.png\",\"width\":1782,\"height\":626,\"caption\":\"Buletin de Bucure\u0219ti\"},\"image\":{\"@id\":\"https:\\\/\\\/buletin.de\\\/bucuresti\\\/#\\\/schema\\\/logo\\\/image\\\/\"},\"sameAs\":[\"https:\\\/\\\/www.facebook.com\\\/buletin.de.buc\",\"https:\\\/\\\/www.instagram.com\\\/buletinde.bucuresti\\\/\"]},{\"@type\":\"Person\",\"@id\":\"https:\\\/\\\/buletin.de\\\/bucuresti\\\/#\\\/schema\\\/person\\\/295dc2228d2dc79294d636619468dc7f\",\"name\":\"Bianca Albu\",\"image\":{\"@type\":\"ImageObject\",\"inLanguage\":\"en-GB\",\"@id\":\"https:\\\/\\\/secure.gravatar.com\\\/avatar\\\/3df2e34e20f529e6fd7be4311ee1f7c4ec4aa886971590baf6fa214b15743516?s=96&d=monsterid&r=gf541c715eeec409ce8101252a3c0d8a7\",\"url\":\"https:\\\/\\\/secure.gravatar.com\\\/avatar\\\/3df2e34e20f529e6fd7be4311ee1f7c4ec4aa886971590baf6fa214b15743516?s=96&d=monsterid&r=g\",\"contentUrl\":\"https:\\\/\\\/secure.gravatar.com\\\/avatar\\\/3df2e34e20f529e6fd7be4311ee1f7c4ec4aa886971590baf6fa214b15743516?s=96&d=monsterid&r=g\",\"caption\":\"Bianca Albu\"},\"description\":\"Reporter\",\"url\":\"https:\\\/\\\/buletin.de\\\/bucuresti\\\/author\\\/biancaalbu\\\/\"}]}<\/script>\n<!-- \/ Yoast SEO Premium plugin. -->","yoast_head_json":{"title":"Prim\u0103ria Sectorului 5, site nou de 120 mii de lei, proiectat de o firm\u0103 necunoscut\u0103 de\u021binut\u0103 de un fost dinamovist - Buletin de Bucure\u0219ti","robots":{"index":"index","follow":"follow","max-snippet":"max-snippet:-1","max-image-preview":"max-image-preview:large","max-video-preview":"max-video-preview:-1"},"canonical":"https:\/\/buletin.de\/bucuresti\/primaria-sectorului-5-site-nou-de-120-mii-de-lei-proiectat-de-o-firma-necunoscuta-detinuta-de-un-fost-dinamovist\/","og_locale":"en_GB","og_type":"article","og_title":"Prim\u0103ria Sectorului 5, site nou de 120 mii de lei, proiectat de o firm\u0103 necunoscut\u0103 de\u021binut\u0103 de un fost dinamovist","og_description":"Viitorul site al Prim\u0103riei Sectorului 5 a costat 120 de mii de lei \u0219i este proiectat de o firm\u0103 al c\u0103rei site nu func\u021bioneaz\u0103. Firma \u00eenfiin\u021bat\u0103 \u00een 2019 este de\u021binut\u0103 de un fost dinamovist, C\u0103t\u0103lin Samoil\u0103, \u0219i nu are \u00eencheiat niciun alt contract public. Un nou primar aduce \u0219i un nou site. Primarul sectorului 5, [&hellip;]","og_url":"https:\/\/buletin.de\/bucuresti\/primaria-sectorului-5-site-nou-de-120-mii-de-lei-proiectat-de-o-firma-necunoscuta-detinuta-de-un-fost-dinamovist\/","og_site_name":"Buletin de Bucure\u0219ti","article_publisher":"https:\/\/www.facebook.com\/buletin.de.buc","article_published_time":"2021-01-25T09:15:06+00:00","article_modified_time":"2021-01-25T09:15:07+00:00","og_image":[{"width":1904,"height":887,"url":"https:\/\/buletin.de\/bucuresti\/wp-content\/uploads\/Screenshot_2-41.png","type":"image\/png"}],"author":"Bianca Albu","twitter_card":"summary_large_image","twitter_misc":{"Written by":"Bianca Albu","Estimated reading time":"4 minutes"},"schema":{"@context":"https:\/\/schema.org","@graph":[{"@type":"Article","@id":"https:\/\/buletin.de\/bucuresti\/primaria-sectorului-5-site-nou-de-120-mii-de-lei-proiectat-de-o-firma-necunoscuta-detinuta-de-un-fost-dinamovist\/#article","isPartOf":{"@id":"https:\/\/buletin.de\/bucuresti\/primaria-sectorului-5-site-nou-de-120-mii-de-lei-proiectat-de-o-firma-necunoscuta-detinuta-de-un-fost-dinamovist\/"},"author":{"name":"Bianca Albu","@id":"https:\/\/buletin.de\/bucuresti\/#\/schema\/person\/295dc2228d2dc79294d636619468dc7f"},"headline":"Prim\u0103ria Sectorului 5, site nou de 120 mii de lei, proiectat de o firm\u0103 necunoscut\u0103 de\u021binut\u0103 de un fost dinamovist","datePublished":"2021-01-25T09:15:06+00:00","dateModified":"2021-01-25T09:15:07+00:00","mainEntityOfPage":{"@id":"https:\/\/buletin.de\/bucuresti\/primaria-sectorului-5-site-nou-de-120-mii-de-lei-proiectat-de-o-firma-necunoscuta-detinuta-de-un-fost-dinamovist\/"},"wordCount":813,"publisher":{"@id":"https:\/\/buletin.de\/bucuresti\/#organization"},"image":{"@id":"https:\/\/buletin.de\/bucuresti\/primaria-sectorului-5-site-nou-de-120-mii-de-lei-proiectat-de-o-firma-necunoscuta-detinuta-de-un-fost-dinamovist\/#primaryimage"},"thumbnailUrl":"https:\/\/buletin.de\/bucuresti\/wp-content\/uploads\/Screenshot_2-41.png","keywords":["achizitii publice","piedone","primaria sector 5","site nou"],"articleSection":["Prim\u0103rie"],"inLanguage":"en-GB","copyrightYear":"2021","copyrightHolder":{"@id":"https:\/\/buletin.de\/bucuresti\/#organization"}},{"@type":"WebPage","@id":"https:\/\/buletin.de\/bucuresti\/primaria-sectorului-5-site-nou-de-120-mii-de-lei-proiectat-de-o-firma-necunoscuta-detinuta-de-un-fost-dinamovist\/","url":"https:\/\/buletin.de\/bucuresti\/primaria-sectorului-5-site-nou-de-120-mii-de-lei-proiectat-de-o-firma-necunoscuta-detinuta-de-un-fost-dinamovist\/","name":"Prim\u0103ria Sectorului 5, site nou de 120 mii de lei, proiectat de o firm\u0103 necunoscut\u0103 de\u021binut\u0103 de un fost dinamovist - Buletin de Bucure\u0219ti","isPartOf":{"@id":"https:\/\/buletin.de\/bucuresti\/#website"},"primaryImageOfPage":{"@id":"https:\/\/buletin.de\/bucuresti\/primaria-sectorului-5-site-nou-de-120-mii-de-lei-proiectat-de-o-firma-necunoscuta-detinuta-de-un-fost-dinamovist\/#primaryimage"},"image":{"@id":"https:\/\/buletin.de\/bucuresti\/primaria-sectorului-5-site-nou-de-120-mii-de-lei-proiectat-de-o-firma-necunoscuta-detinuta-de-un-fost-dinamovist\/#primaryimage"},"thumbnailUrl":"https:\/\/buletin.de\/bucuresti\/wp-content\/uploads\/Screenshot_2-41.png","datePublished":"2021-01-25T09:15:06+00:00","dateModified":"2021-01-25T09:15:07+00:00","breadcrumb":{"@id":"https:\/\/buletin.de\/bucuresti\/primaria-sectorului-5-site-nou-de-120-mii-de-lei-proiectat-de-o-firma-necunoscuta-detinuta-de-un-fost-dinamovist\/#breadcrumb"},"inLanguage":"en-GB","potentialAction":[{"@type":"ReadAction","target":["https:\/\/buletin.de\/bucuresti\/primaria-sectorului-5-site-nou-de-120-mii-de-lei-proiectat-de-o-firma-necunoscuta-detinuta-de-un-fost-dinamovist\/"]}]},{"@type":"ImageObject","inLanguage":"en-GB","@id":"https:\/\/buletin.de\/bucuresti\/primaria-sectorului-5-site-nou-de-120-mii-de-lei-proiectat-de-o-firma-necunoscuta-detinuta-de-un-fost-dinamovist\/#primaryimage","url":"https:\/\/buletin.de\/bucuresti\/wp-content\/uploads\/Screenshot_2-41.png","contentUrl":"https:\/\/buletin.de\/bucuresti\/wp-content\/uploads\/Screenshot_2-41.png","width":1904,"height":887},{"@type":"BreadcrumbList","@id":"https:\/\/buletin.de\/bucuresti\/primaria-sectorului-5-site-nou-de-120-mii-de-lei-proiectat-de-o-firma-necunoscuta-detinuta-de-un-fost-dinamovist\/#breadcrumb","itemListElement":[{"@type":"ListItem","position":1,"name":"Acas\u0103","item":"https:\/\/buletin.de\/bucuresti\/"},{"@type":"ListItem","position":2,"name":"Prim\u0103ria Sectorului 5, site nou de 120 mii de lei, proiectat de o firm\u0103 necunoscut\u0103 de\u021binut\u0103 de un fost dinamovist"}]},{"@type":"WebSite","@id":"https:\/\/buletin.de\/bucuresti\/#website","url":"https:\/\/buletin.de\/bucuresti\/","name":"Buletin de Bucure\u0219ti","description":"\u0218tiri \u0219i investiga\u021bii esen\u021biale din capital\u0103","publisher":{"@id":"https:\/\/buletin.de\/bucuresti\/#organization"},"potentialAction":[{"@type":"SearchAction","target":{"@type":"EntryPoint","urlTemplate":"https:\/\/buletin.de\/bucuresti\/?s={search_term_string}"},"query-input":{"@type":"PropertyValueSpecification","valueRequired":true,"valueName":"search_term_string"}}],"inLanguage":"en-GB"},{"@type":"Organization","@id":"https:\/\/buletin.de\/bucuresti\/#organization","name":"Buletin de Bucure\u0219ti","url":"https:\/\/buletin.de\/bucuresti\/","logo":{"@type":"ImageObject","inLanguage":"en-GB","@id":"https:\/\/buletin.de\/bucuresti\/#\/schema\/logo\/image\/","url":"https:\/\/buletin.de\/bucuresti\/wp-content\/uploads\/logo-bdb-full-wide-vernil-transparent.png","contentUrl":"https:\/\/buletin.de\/bucuresti\/wp-content\/uploads\/logo-bdb-full-wide-vernil-transparent.png","width":1782,"height":626,"caption":"Buletin de Bucure\u0219ti"},"image":{"@id":"https:\/\/buletin.de\/bucuresti\/#\/schema\/logo\/image\/"},"sameAs":["https:\/\/www.facebook.com\/buletin.de.buc","https:\/\/www.instagram.com\/buletinde.bucuresti\/"]},{"@type":"Person","@id":"https:\/\/buletin.de\/bucuresti\/#\/schema\/person\/295dc2228d2dc79294d636619468dc7f","name":"Bianca Albu","image":{"@type":"ImageObject","inLanguage":"en-GB","@id":"https:\/\/secure.gravatar.com\/avatar\/3df2e34e20f529e6fd7be4311ee1f7c4ec4aa886971590baf6fa214b15743516?s=96&d=monsterid&r=gf541c715eeec409ce8101252a3c0d8a7","url":"https:\/\/secure.gravatar.com\/avatar\/3df2e34e20f529e6fd7be4311ee1f7c4ec4aa886971590baf6fa214b15743516?s=96&d=monsterid&r=g","contentUrl":"https:\/\/secure.gravatar.com\/avatar\/3df2e34e20f529e6fd7be4311ee1f7c4ec4aa886971590baf6fa214b15743516?s=96&d=monsterid&r=g","caption":"Bianca Albu"},"description":"Reporter","url":"https:\/\/buletin.de\/bucuresti\/author\/biancaalbu\/"}]}},"authors":[{"term_id":22588,"user_id":6,"is_guest":0,"slug":"biancaalbu","display_name":"Bianca Albu","avatar_url":"https:\/\/secure.gravatar.com\/avatar\/3df2e34e20f529e6fd7be4311ee1f7c4ec4aa886971590baf6fa214b15743516?s=96&d=monsterid&r=g","0":null,"1":"","2":"","3":"","4":"","5":"","6":"","7":"","8":""}],"_links":{"self":[{"href":"https:\/\/buletin.de\/bucuresti\/wp-json\/wp\/v2\/posts\/18705","targetHints":{"allow":["GET"]}}],"collection":[{"href":"https:\/\/buletin.de\/bucuresti\/wp-json\/wp\/v2\/posts"}],"about":[{"href":"https:\/\/buletin.de\/bucuresti\/wp-json\/wp\/v2\/types\/post"}],"author":[{"embeddable":true,"href":"https:\/\/buletin.de\/bucuresti\/wp-json\/wp\/v2\/users\/6"}],"replies":[{"embeddable":true,"href":"https:\/\/buletin.de\/bucuresti\/wp-json\/wp\/v2\/comments?post=18705"}],"version-history":[{"count":2,"href":"https:\/\/buletin.de\/bucuresti\/wp-json\/wp\/v2\/posts\/18705\/revisions"}],"predecessor-version":[{"id":18715,"href":"https:\/\/buletin.de\/bucuresti\/wp-json\/wp\/v2\/posts\/18705\/revisions\/18715"}],"wp:featuredmedia":[{"embeddable":true,"href":"https:\/\/buletin.de\/bucuresti\/wp-json\/wp\/v2\/media\/18712"}],"wp:attachment":[{"href":"https:\/\/buletin.de\/bucuresti\/wp-json\/wp\/v2\/media?parent=18705"}],"wp:term":[{"taxonomy":"category","embeddable":true,"href":"https:\/\/buletin.de\/bucuresti\/wp-json\/wp\/v2\/categories?post=18705"},{"taxonomy":"post_tag","embeddable":true,"href":"https:\/\/buletin.de\/bucuresti\/wp-json\/wp\/v2\/tags?post=18705"},{"taxonomy":"author","embeddable":true,"href":"https:\/\/buletin.de\/bucuresti\/wp-json\/wp\/v2\/ppma_author?post=18705"}],"curies":[{"name":"wp","href":"https:\/\/api.w.org\/{rel}","templated":true}]}}