{"id":18605,"date":"2021-01-22T17:17:22","date_gmt":"2021-01-22T14:17:22","guid":{"rendered":"https:\/\/buletin.de\/bucuresti\/?p=18605"},"modified":"2021-01-22T17:17:22","modified_gmt":"2021-01-22T14:17:22","slug":"primarul-din-bragadiru-si-arhitectul-sef-al-orasului-condamnati-la-patru-ani-de-inchisoare-cu-executare","status":"publish","type":"post","link":"https:\/\/buletin.de\/bucuresti\/primarul-din-bragadiru-si-arhitectul-sef-al-orasului-condamnati-la-patru-ani-de-inchisoare-cu-executare\/","title":{"rendered":"Primarul din Bragadiru \u0219i arhitectul \u0219ef al ora\u0219ului, condamna\u021bi la patru ani de \u00eenchisoare cu executare"},"content":{"rendered":"\n<p><strong>Primarul ora\u0219ului Bragadiru, Vasile Cimpoeru, a fost condamnat la \u00eenchisoare cu executare \u00eentr-un dosar privind eliberarea unor certificate de urbanism. Decizia este definitiv\u0103.<\/strong><\/p>\n\n\n\n<p>Aflat la al patrulea mandat, primarul ora\u0219ului Bragadiru, ales pe listele PNL, a fost condamnat astazi la 4 ani \u0219i patru luni de inchisoare alaturi de arhitectul \u0219ef al ora\u0219ului, Adrian M\u0103gureanu, \u00a0\u00eentr-un dosar privind emiterea de certificate de urbanism.<\/p>\n\n\n\n<p>Potrivit deciziei Curtii de Apel Bucure\u0219ti, cei doi au fost g\u0103si\u021bi vinova\u021bi de infrac\u0163iuni de complicitate la fals intelectual \u0219i fals dar \u0219i comiterea infrac\u0163iunii de instigare la fals material \u00een \u00eenscrisuri oficiale.<\/p>\n\n\n\n<p>Buletin de Bucuresti a \u00eencercat sa ia legatura cu edilul orasului Bragadiru \u00eens\u0103 acesta nu a putut fi contactat. <\/p>\n\n\n\n<p>De asemenea, administratorul public, Feny Tabacu, a transmis c\u0103 nu comenteaza situa\u021bia \u0219i nu a putut oferi detalii cu privire la procedurile care urmeaz\u0103 s\u0103 fie declansate la nivelul administra\u021biei locale.<\/p>\n\n\n\n<p>Vasile Cimpoeru este primarul Ora\u0219ului Bragadiru din 2008.<\/p>\n","protected":false},"excerpt":{"rendered":"<p>Primarul ora\u0219ului Bragadiru, Vasile Cimpoeru, a fost condamnat la \u00eenchisoare cu executare \u00eentr-un dosar privind eliberarea unor certificate de urbanism. Decizia este definitiv\u0103. Aflat la al patrulea mandat, primarul ora\u0219ului Bragadiru, ales pe listele PNL, a fost condamnat astazi la 4 ani \u0219i patru luni de inchisoare alaturi de arhitectul \u0219ef al ora\u0219ului, Adrian M\u0103gureanu, [&hellip;]<\/p>\n","protected":false},"author":10,"featured_media":18606,"comment_status":"closed","ping_status":"open","sticky":false,"template":"","format":"standard","meta":{"_acf_changed":false,"inline_featured_image":false,"ngg_post_thumbnail":0,"footnotes":""},"categories":[1],"tags":[2171,2170,2167,2169,2168],"ppma_author":[22575],"class_list":["post-18605","post","type-post","status-publish","format-standard","has-post-thumbnail","hentry","category-diverse","tag-arhitect-sef","tag-certificate-urbanism","tag-cimpoeru","tag-condamnare","tag-primar-bragadiru"],"acf":[],"yoast_head":"<!-- This site is optimized with the Yoast SEO Premium plugin v25.3 (Yoast SEO v27.4) - https:\/\/yoast.com\/product\/yoast-seo-premium-wordpress\/ -->\n<title>Primarul din Bragadiru \u0219i arhitectul \u0219ef al ora\u0219ului, condamna\u021bi la patru ani de \u00eenchisoare cu executare - Buletin de Bucure\u0219ti<\/title>\n<meta name=\"robots\" content=\"index, follow, max-snippet:-1, max-image-preview:large, max-video-preview:-1\" \/>\n<link rel=\"canonical\" href=\"https:\/\/buletin.de\/bucuresti\/primarul-din-bragadiru-si-arhitectul-sef-al-orasului-condamnati-la-patru-ani-de-inchisoare-cu-executare\/\" \/>\n<meta property=\"og:locale\" content=\"en_GB\" \/>\n<meta property=\"og:type\" content=\"article\" \/>\n<meta property=\"og:title\" content=\"Primarul din Bragadiru \u0219i arhitectul \u0219ef al ora\u0219ului, condamna\u021bi la patru ani de \u00eenchisoare cu executare\" \/>\n<meta property=\"og:description\" content=\"Primarul ora\u0219ului Bragadiru, Vasile Cimpoeru, a fost condamnat la \u00eenchisoare cu executare \u00eentr-un dosar privind eliberarea unor certificate de urbanism. Decizia este definitiv\u0103. Aflat la al patrulea mandat, primarul ora\u0219ului Bragadiru, ales pe listele PNL, a fost condamnat astazi la 4 ani \u0219i patru luni de inchisoare alaturi de arhitectul \u0219ef al ora\u0219ului, Adrian M\u0103gureanu, [&hellip;]\" \/>\n<meta property=\"og:url\" content=\"https:\/\/buletin.de\/bucuresti\/primarul-din-bragadiru-si-arhitectul-sef-al-orasului-condamnati-la-patru-ani-de-inchisoare-cu-executare\/\" \/>\n<meta property=\"og:site_name\" content=\"Buletin de Bucure\u0219ti\" \/>\n<meta property=\"article:publisher\" content=\"https:\/\/www.facebook.com\/buletin.de.buc\" \/>\n<meta property=\"article:published_time\" content=\"2021-01-22T14:17:22+00:00\" \/>\n<meta property=\"og:image\" content=\"https:\/\/buletin.de\/bucuresti\/wp-content\/uploads\/cimpoeru.jpg\" \/>\n\t<meta property=\"og:image:width\" content=\"1530\" \/>\n\t<meta property=\"og:image:height\" content=\"1046\" \/>\n\t<meta property=\"og:image:type\" content=\"image\/jpeg\" \/>\n<meta name=\"author\" content=\"C\u0103t\u0103lin Dosca\u0219\" \/>\n<meta name=\"twitter:card\" content=\"summary_large_image\" \/>\n<meta name=\"twitter:label1\" content=\"Written by\" \/>\n\t<meta name=\"twitter:data1\" content=\"C\u0103t\u0103lin Dosca\u0219\" \/>\n\t<meta name=\"twitter:label2\" content=\"Estimated reading time\" \/>\n\t<meta name=\"twitter:data2\" content=\"1 minute\" \/>\n<script type=\"application\/ld+json\" class=\"yoast-schema-graph\">{\"@context\":\"https:\\\/\\\/schema.org\",\"@graph\":[{\"@type\":\"Article\",\"@id\":\"https:\\\/\\\/buletin.de\\\/bucuresti\\\/primarul-din-bragadiru-si-arhitectul-sef-al-orasului-condamnati-la-patru-ani-de-inchisoare-cu-executare\\\/#article\",\"isPartOf\":{\"@id\":\"https:\\\/\\\/buletin.de\\\/bucuresti\\\/primarul-din-bragadiru-si-arhitectul-sef-al-orasului-condamnati-la-patru-ani-de-inchisoare-cu-executare\\\/\"},\"author\":{\"name\":\"C\u0103t\u0103lin Dosca\u0219\",\"@id\":\"https:\\\/\\\/buletin.de\\\/bucuresti\\\/#\\\/schema\\\/person\\\/31117187ed4d0bdb0a4c7d6acc79d0f8\"},\"headline\":\"Primarul din Bragadiru \u0219i arhitectul \u0219ef al ora\u0219ului, condamna\u021bi la patru ani de \u00eenchisoare cu executare\",\"datePublished\":\"2021-01-22T14:17:22+00:00\",\"mainEntityOfPage\":{\"@id\":\"https:\\\/\\\/buletin.de\\\/bucuresti\\\/primarul-din-bragadiru-si-arhitectul-sef-al-orasului-condamnati-la-patru-ani-de-inchisoare-cu-executare\\\/\"},\"wordCount\":183,\"publisher\":{\"@id\":\"https:\\\/\\\/buletin.de\\\/bucuresti\\\/#organization\"},\"image\":{\"@id\":\"https:\\\/\\\/buletin.de\\\/bucuresti\\\/primarul-din-bragadiru-si-arhitectul-sef-al-orasului-condamnati-la-patru-ani-de-inchisoare-cu-executare\\\/#primaryimage\"},\"thumbnailUrl\":\"https:\\\/\\\/buletin.de\\\/bucuresti\\\/wp-content\\\/uploads\\\/cimpoeru.jpg\",\"keywords\":[\"arhitect sef\",\"certificate urbanism\",\"cimpoeru\",\"condamnare\",\"primar bragadiru\"],\"articleSection\":[\"Diverse\"],\"inLanguage\":\"en-GB\",\"copyrightYear\":\"2021\",\"copyrightHolder\":{\"@id\":\"https:\\\/\\\/buletin.de\\\/bucuresti\\\/#organization\"}},{\"@type\":\"WebPage\",\"@id\":\"https:\\\/\\\/buletin.de\\\/bucuresti\\\/primarul-din-bragadiru-si-arhitectul-sef-al-orasului-condamnati-la-patru-ani-de-inchisoare-cu-executare\\\/\",\"url\":\"https:\\\/\\\/buletin.de\\\/bucuresti\\\/primarul-din-bragadiru-si-arhitectul-sef-al-orasului-condamnati-la-patru-ani-de-inchisoare-cu-executare\\\/\",\"name\":\"Primarul din Bragadiru \u0219i arhitectul \u0219ef al ora\u0219ului, condamna\u021bi la patru ani de \u00eenchisoare cu executare - Buletin de Bucure\u0219ti\",\"isPartOf\":{\"@id\":\"https:\\\/\\\/buletin.de\\\/bucuresti\\\/#website\"},\"primaryImageOfPage\":{\"@id\":\"https:\\\/\\\/buletin.de\\\/bucuresti\\\/primarul-din-bragadiru-si-arhitectul-sef-al-orasului-condamnati-la-patru-ani-de-inchisoare-cu-executare\\\/#primaryimage\"},\"image\":{\"@id\":\"https:\\\/\\\/buletin.de\\\/bucuresti\\\/primarul-din-bragadiru-si-arhitectul-sef-al-orasului-condamnati-la-patru-ani-de-inchisoare-cu-executare\\\/#primaryimage\"},\"thumbnailUrl\":\"https:\\\/\\\/buletin.de\\\/bucuresti\\\/wp-content\\\/uploads\\\/cimpoeru.jpg\",\"datePublished\":\"2021-01-22T14:17:22+00:00\",\"breadcrumb\":{\"@id\":\"https:\\\/\\\/buletin.de\\\/bucuresti\\\/primarul-din-bragadiru-si-arhitectul-sef-al-orasului-condamnati-la-patru-ani-de-inchisoare-cu-executare\\\/#breadcrumb\"},\"inLanguage\":\"en-GB\",\"potentialAction\":[{\"@type\":\"ReadAction\",\"target\":[\"https:\\\/\\\/buletin.de\\\/bucuresti\\\/primarul-din-bragadiru-si-arhitectul-sef-al-orasului-condamnati-la-patru-ani-de-inchisoare-cu-executare\\\/\"]}]},{\"@type\":\"ImageObject\",\"inLanguage\":\"en-GB\",\"@id\":\"https:\\\/\\\/buletin.de\\\/bucuresti\\\/primarul-din-bragadiru-si-arhitectul-sef-al-orasului-condamnati-la-patru-ani-de-inchisoare-cu-executare\\\/#primaryimage\",\"url\":\"https:\\\/\\\/buletin.de\\\/bucuresti\\\/wp-content\\\/uploads\\\/cimpoeru.jpg\",\"contentUrl\":\"https:\\\/\\\/buletin.de\\\/bucuresti\\\/wp-content\\\/uploads\\\/cimpoeru.jpg\",\"width\":1530,\"height\":1046},{\"@type\":\"BreadcrumbList\",\"@id\":\"https:\\\/\\\/buletin.de\\\/bucuresti\\\/primarul-din-bragadiru-si-arhitectul-sef-al-orasului-condamnati-la-patru-ani-de-inchisoare-cu-executare\\\/#breadcrumb\",\"itemListElement\":[{\"@type\":\"ListItem\",\"position\":1,\"name\":\"Acas\u0103\",\"item\":\"https:\\\/\\\/buletin.de\\\/bucuresti\\\/\"},{\"@type\":\"ListItem\",\"position\":2,\"name\":\"Primarul din Bragadiru \u0219i arhitectul \u0219ef al ora\u0219ului, condamna\u021bi la patru ani de \u00eenchisoare cu executare\"}]},{\"@type\":\"WebSite\",\"@id\":\"https:\\\/\\\/buletin.de\\\/bucuresti\\\/#website\",\"url\":\"https:\\\/\\\/buletin.de\\\/bucuresti\\\/\",\"name\":\"Buletin de Bucure\u0219ti\",\"description\":\"\u0218tiri \u0219i investiga\u021bii esen\u021biale din capital\u0103\",\"publisher\":{\"@id\":\"https:\\\/\\\/buletin.de\\\/bucuresti\\\/#organization\"},\"potentialAction\":[{\"@type\":\"SearchAction\",\"target\":{\"@type\":\"EntryPoint\",\"urlTemplate\":\"https:\\\/\\\/buletin.de\\\/bucuresti\\\/?s={search_term_string}\"},\"query-input\":{\"@type\":\"PropertyValueSpecification\",\"valueRequired\":true,\"valueName\":\"search_term_string\"}}],\"inLanguage\":\"en-GB\"},{\"@type\":\"Organization\",\"@id\":\"https:\\\/\\\/buletin.de\\\/bucuresti\\\/#organization\",\"name\":\"Buletin de Bucure\u0219ti\",\"url\":\"https:\\\/\\\/buletin.de\\\/bucuresti\\\/\",\"logo\":{\"@type\":\"ImageObject\",\"inLanguage\":\"en-GB\",\"@id\":\"https:\\\/\\\/buletin.de\\\/bucuresti\\\/#\\\/schema\\\/logo\\\/image\\\/\",\"url\":\"https:\\\/\\\/buletin.de\\\/bucuresti\\\/wp-content\\\/uploads\\\/logo-bdb-full-wide-vernil-transparent.png\",\"contentUrl\":\"https:\\\/\\\/buletin.de\\\/bucuresti\\\/wp-content\\\/uploads\\\/logo-bdb-full-wide-vernil-transparent.png\",\"width\":1782,\"height\":626,\"caption\":\"Buletin de Bucure\u0219ti\"},\"image\":{\"@id\":\"https:\\\/\\\/buletin.de\\\/bucuresti\\\/#\\\/schema\\\/logo\\\/image\\\/\"},\"sameAs\":[\"https:\\\/\\\/www.facebook.com\\\/buletin.de.buc\",\"https:\\\/\\\/www.instagram.com\\\/buletinde.bucuresti\\\/\"]},{\"@type\":\"Person\",\"@id\":\"https:\\\/\\\/buletin.de\\\/bucuresti\\\/#\\\/schema\\\/person\\\/31117187ed4d0bdb0a4c7d6acc79d0f8\",\"name\":\"C\u0103t\u0103lin Dosca\u0219\",\"image\":{\"@type\":\"ImageObject\",\"inLanguage\":\"en-GB\",\"@id\":\"https:\\\/\\\/buletin.de\\\/bucuresti\\\/wp-content\\\/uploads\\\/Catalin-Doscas-e1732731064764-96x96.jpga93e2943bb3b1c1f9ead823df6e6317a\",\"url\":\"https:\\\/\\\/buletin.de\\\/bucuresti\\\/wp-content\\\/uploads\\\/Catalin-Doscas-e1732731064764-96x96.jpg\",\"contentUrl\":\"https:\\\/\\\/buletin.de\\\/bucuresti\\\/wp-content\\\/uploads\\\/Catalin-Doscas-e1732731064764-96x96.jpg\",\"caption\":\"C\u0103t\u0103lin Dosca\u0219\"},\"description\":\"Reporter \u0219i redactor-\u0219ef Buletin de Bucure\u0219ti. Lucreaz\u0103 \u00een mass-media de la v\u00e2rsta de 15 ani, c\u00e2nd a publicat primele articole \u00een presa local\u0103 din Tecuci. \u00cen Bucure\u0219ti a lucrat \u00een redac\u021bii radio ca reporter, redactor \u0219i prezentator (StudentFM, Na\u021bionalFM, Radio Total, Smart FM), unde a acoperit domeniile politic, economic, social \u0219i externe. Ulterior, a fost editor-coordonator al postului Realitatea FM. Experien\u021ba \u00een jurnalismul online a dob\u00e2ndit-o la portalul B365.ro, unde a fost editor. \u00cen 2012 s-a angajat \u00een televiziune. La Realitatea TV a fost, pe r\u00e2nd, reporter la sec\u021bia Social, reporter special la emisiunea de reportaje \u0219i anchete \u201eReporterii Realit\u0103\u021bii\u201d, dar \u0219i editor al jurnalelor de \u0219tiri. Ulterior, a f\u0103cut parte din sec\u021bia de Investiga\u021bii de la Digi24 \u0219i a lucrat la campania \u201eRom\u00e2nia furat\u0103\u201d. A revenit \u00een presa scris\u0103 \u00een 2017, ca reporter special, \u00een cadrul unui proiect de repozi\u021bionare a tabloidului Libertatea \u00een cotidian generalist. Este jurnalist Buletin de Bucure\u0219ti din 2019.\",\"url\":\"https:\\\/\\\/buletin.de\\\/bucuresti\\\/author\\\/catalin\\\/\"}]}<\/script>\n<!-- \/ Yoast SEO Premium plugin. -->","yoast_head_json":{"title":"Primarul din Bragadiru \u0219i arhitectul \u0219ef al ora\u0219ului, condamna\u021bi la patru ani de \u00eenchisoare cu executare - Buletin de Bucure\u0219ti","robots":{"index":"index","follow":"follow","max-snippet":"max-snippet:-1","max-image-preview":"max-image-preview:large","max-video-preview":"max-video-preview:-1"},"canonical":"https:\/\/buletin.de\/bucuresti\/primarul-din-bragadiru-si-arhitectul-sef-al-orasului-condamnati-la-patru-ani-de-inchisoare-cu-executare\/","og_locale":"en_GB","og_type":"article","og_title":"Primarul din Bragadiru \u0219i arhitectul \u0219ef al ora\u0219ului, condamna\u021bi la patru ani de \u00eenchisoare cu executare","og_description":"Primarul ora\u0219ului Bragadiru, Vasile Cimpoeru, a fost condamnat la \u00eenchisoare cu executare \u00eentr-un dosar privind eliberarea unor certificate de urbanism. Decizia este definitiv\u0103. Aflat la al patrulea mandat, primarul ora\u0219ului Bragadiru, ales pe listele PNL, a fost condamnat astazi la 4 ani \u0219i patru luni de inchisoare alaturi de arhitectul \u0219ef al ora\u0219ului, Adrian M\u0103gureanu, [&hellip;]","og_url":"https:\/\/buletin.de\/bucuresti\/primarul-din-bragadiru-si-arhitectul-sef-al-orasului-condamnati-la-patru-ani-de-inchisoare-cu-executare\/","og_site_name":"Buletin de Bucure\u0219ti","article_publisher":"https:\/\/www.facebook.com\/buletin.de.buc","article_published_time":"2021-01-22T14:17:22+00:00","og_image":[{"width":1530,"height":1046,"url":"https:\/\/buletin.de\/bucuresti\/wp-content\/uploads\/cimpoeru.jpg","type":"image\/jpeg"}],"author":"C\u0103t\u0103lin Dosca\u0219","twitter_card":"summary_large_image","twitter_misc":{"Written by":"C\u0103t\u0103lin Dosca\u0219","Estimated reading time":"1 minute"},"schema":{"@context":"https:\/\/schema.org","@graph":[{"@type":"Article","@id":"https:\/\/buletin.de\/bucuresti\/primarul-din-bragadiru-si-arhitectul-sef-al-orasului-condamnati-la-patru-ani-de-inchisoare-cu-executare\/#article","isPartOf":{"@id":"https:\/\/buletin.de\/bucuresti\/primarul-din-bragadiru-si-arhitectul-sef-al-orasului-condamnati-la-patru-ani-de-inchisoare-cu-executare\/"},"author":{"name":"C\u0103t\u0103lin Dosca\u0219","@id":"https:\/\/buletin.de\/bucuresti\/#\/schema\/person\/31117187ed4d0bdb0a4c7d6acc79d0f8"},"headline":"Primarul din Bragadiru \u0219i arhitectul \u0219ef al ora\u0219ului, condamna\u021bi la patru ani de \u00eenchisoare cu executare","datePublished":"2021-01-22T14:17:22+00:00","mainEntityOfPage":{"@id":"https:\/\/buletin.de\/bucuresti\/primarul-din-bragadiru-si-arhitectul-sef-al-orasului-condamnati-la-patru-ani-de-inchisoare-cu-executare\/"},"wordCount":183,"publisher":{"@id":"https:\/\/buletin.de\/bucuresti\/#organization"},"image":{"@id":"https:\/\/buletin.de\/bucuresti\/primarul-din-bragadiru-si-arhitectul-sef-al-orasului-condamnati-la-patru-ani-de-inchisoare-cu-executare\/#primaryimage"},"thumbnailUrl":"https:\/\/buletin.de\/bucuresti\/wp-content\/uploads\/cimpoeru.jpg","keywords":["arhitect sef","certificate urbanism","cimpoeru","condamnare","primar bragadiru"],"articleSection":["Diverse"],"inLanguage":"en-GB","copyrightYear":"2021","copyrightHolder":{"@id":"https:\/\/buletin.de\/bucuresti\/#organization"}},{"@type":"WebPage","@id":"https:\/\/buletin.de\/bucuresti\/primarul-din-bragadiru-si-arhitectul-sef-al-orasului-condamnati-la-patru-ani-de-inchisoare-cu-executare\/","url":"https:\/\/buletin.de\/bucuresti\/primarul-din-bragadiru-si-arhitectul-sef-al-orasului-condamnati-la-patru-ani-de-inchisoare-cu-executare\/","name":"Primarul din Bragadiru \u0219i arhitectul \u0219ef al ora\u0219ului, condamna\u021bi la patru ani de \u00eenchisoare cu executare - Buletin de Bucure\u0219ti","isPartOf":{"@id":"https:\/\/buletin.de\/bucuresti\/#website"},"primaryImageOfPage":{"@id":"https:\/\/buletin.de\/bucuresti\/primarul-din-bragadiru-si-arhitectul-sef-al-orasului-condamnati-la-patru-ani-de-inchisoare-cu-executare\/#primaryimage"},"image":{"@id":"https:\/\/buletin.de\/bucuresti\/primarul-din-bragadiru-si-arhitectul-sef-al-orasului-condamnati-la-patru-ani-de-inchisoare-cu-executare\/#primaryimage"},"thumbnailUrl":"https:\/\/buletin.de\/bucuresti\/wp-content\/uploads\/cimpoeru.jpg","datePublished":"2021-01-22T14:17:22+00:00","breadcrumb":{"@id":"https:\/\/buletin.de\/bucuresti\/primarul-din-bragadiru-si-arhitectul-sef-al-orasului-condamnati-la-patru-ani-de-inchisoare-cu-executare\/#breadcrumb"},"inLanguage":"en-GB","potentialAction":[{"@type":"ReadAction","target":["https:\/\/buletin.de\/bucuresti\/primarul-din-bragadiru-si-arhitectul-sef-al-orasului-condamnati-la-patru-ani-de-inchisoare-cu-executare\/"]}]},{"@type":"ImageObject","inLanguage":"en-GB","@id":"https:\/\/buletin.de\/bucuresti\/primarul-din-bragadiru-si-arhitectul-sef-al-orasului-condamnati-la-patru-ani-de-inchisoare-cu-executare\/#primaryimage","url":"https:\/\/buletin.de\/bucuresti\/wp-content\/uploads\/cimpoeru.jpg","contentUrl":"https:\/\/buletin.de\/bucuresti\/wp-content\/uploads\/cimpoeru.jpg","width":1530,"height":1046},{"@type":"BreadcrumbList","@id":"https:\/\/buletin.de\/bucuresti\/primarul-din-bragadiru-si-arhitectul-sef-al-orasului-condamnati-la-patru-ani-de-inchisoare-cu-executare\/#breadcrumb","itemListElement":[{"@type":"ListItem","position":1,"name":"Acas\u0103","item":"https:\/\/buletin.de\/bucuresti\/"},{"@type":"ListItem","position":2,"name":"Primarul din Bragadiru \u0219i arhitectul \u0219ef al ora\u0219ului, condamna\u021bi la patru ani de \u00eenchisoare cu executare"}]},{"@type":"WebSite","@id":"https:\/\/buletin.de\/bucuresti\/#website","url":"https:\/\/buletin.de\/bucuresti\/","name":"Buletin de Bucure\u0219ti","description":"\u0218tiri \u0219i investiga\u021bii esen\u021biale din capital\u0103","publisher":{"@id":"https:\/\/buletin.de\/bucuresti\/#organization"},"potentialAction":[{"@type":"SearchAction","target":{"@type":"EntryPoint","urlTemplate":"https:\/\/buletin.de\/bucuresti\/?s={search_term_string}"},"query-input":{"@type":"PropertyValueSpecification","valueRequired":true,"valueName":"search_term_string"}}],"inLanguage":"en-GB"},{"@type":"Organization","@id":"https:\/\/buletin.de\/bucuresti\/#organization","name":"Buletin de Bucure\u0219ti","url":"https:\/\/buletin.de\/bucuresti\/","logo":{"@type":"ImageObject","inLanguage":"en-GB","@id":"https:\/\/buletin.de\/bucuresti\/#\/schema\/logo\/image\/","url":"https:\/\/buletin.de\/bucuresti\/wp-content\/uploads\/logo-bdb-full-wide-vernil-transparent.png","contentUrl":"https:\/\/buletin.de\/bucuresti\/wp-content\/uploads\/logo-bdb-full-wide-vernil-transparent.png","width":1782,"height":626,"caption":"Buletin de Bucure\u0219ti"},"image":{"@id":"https:\/\/buletin.de\/bucuresti\/#\/schema\/logo\/image\/"},"sameAs":["https:\/\/www.facebook.com\/buletin.de.buc","https:\/\/www.instagram.com\/buletinde.bucuresti\/"]},{"@type":"Person","@id":"https:\/\/buletin.de\/bucuresti\/#\/schema\/person\/31117187ed4d0bdb0a4c7d6acc79d0f8","name":"C\u0103t\u0103lin Dosca\u0219","image":{"@type":"ImageObject","inLanguage":"en-GB","@id":"https:\/\/buletin.de\/bucuresti\/wp-content\/uploads\/Catalin-Doscas-e1732731064764-96x96.jpga93e2943bb3b1c1f9ead823df6e6317a","url":"https:\/\/buletin.de\/bucuresti\/wp-content\/uploads\/Catalin-Doscas-e1732731064764-96x96.jpg","contentUrl":"https:\/\/buletin.de\/bucuresti\/wp-content\/uploads\/Catalin-Doscas-e1732731064764-96x96.jpg","caption":"C\u0103t\u0103lin Dosca\u0219"},"description":"Reporter \u0219i redactor-\u0219ef Buletin de Bucure\u0219ti. Lucreaz\u0103 \u00een mass-media de la v\u00e2rsta de 15 ani, c\u00e2nd a publicat primele articole \u00een presa local\u0103 din Tecuci. \u00cen Bucure\u0219ti a lucrat \u00een redac\u021bii radio ca reporter, redactor \u0219i prezentator (StudentFM, Na\u021bionalFM, Radio Total, Smart FM), unde a acoperit domeniile politic, economic, social \u0219i externe. Ulterior, a fost editor-coordonator al postului Realitatea FM. Experien\u021ba \u00een jurnalismul online a dob\u00e2ndit-o la portalul B365.ro, unde a fost editor. \u00cen 2012 s-a angajat \u00een televiziune. La Realitatea TV a fost, pe r\u00e2nd, reporter la sec\u021bia Social, reporter special la emisiunea de reportaje \u0219i anchete \u201eReporterii Realit\u0103\u021bii\u201d, dar \u0219i editor al jurnalelor de \u0219tiri. Ulterior, a f\u0103cut parte din sec\u021bia de Investiga\u021bii de la Digi24 \u0219i a lucrat la campania \u201eRom\u00e2nia furat\u0103\u201d. A revenit \u00een presa scris\u0103 \u00een 2017, ca reporter special, \u00een cadrul unui proiect de repozi\u021bionare a tabloidului Libertatea \u00een cotidian generalist. Este jurnalist Buletin de Bucure\u0219ti din 2019.","url":"https:\/\/buletin.de\/bucuresti\/author\/catalin\/"}]}},"authors":[{"term_id":22575,"user_id":10,"is_guest":0,"slug":"catalin","display_name":"C\u0103t\u0103lin Dosca\u0219","avatar_url":"https:\/\/buletin.de\/bucuresti\/wp-content\/uploads\/Catalin-Doscas-e1732731064764-96x96.jpg","0":null,"1":"","2":"","3":"","4":"","5":"","6":"","7":"","8":""}],"_links":{"self":[{"href":"https:\/\/buletin.de\/bucuresti\/wp-json\/wp\/v2\/posts\/18605","targetHints":{"allow":["GET"]}}],"collection":[{"href":"https:\/\/buletin.de\/bucuresti\/wp-json\/wp\/v2\/posts"}],"about":[{"href":"https:\/\/buletin.de\/bucuresti\/wp-json\/wp\/v2\/types\/post"}],"author":[{"embeddable":true,"href":"https:\/\/buletin.de\/bucuresti\/wp-json\/wp\/v2\/users\/10"}],"replies":[{"embeddable":true,"href":"https:\/\/buletin.de\/bucuresti\/wp-json\/wp\/v2\/comments?post=18605"}],"version-history":[{"count":2,"href":"https:\/\/buletin.de\/bucuresti\/wp-json\/wp\/v2\/posts\/18605\/revisions"}],"predecessor-version":[{"id":18608,"href":"https:\/\/buletin.de\/bucuresti\/wp-json\/wp\/v2\/posts\/18605\/revisions\/18608"}],"wp:featuredmedia":[{"embeddable":true,"href":"https:\/\/buletin.de\/bucuresti\/wp-json\/wp\/v2\/media\/18606"}],"wp:attachment":[{"href":"https:\/\/buletin.de\/bucuresti\/wp-json\/wp\/v2\/media?parent=18605"}],"wp:term":[{"taxonomy":"category","embeddable":true,"href":"https:\/\/buletin.de\/bucuresti\/wp-json\/wp\/v2\/categories?post=18605"},{"taxonomy":"post_tag","embeddable":true,"href":"https:\/\/buletin.de\/bucuresti\/wp-json\/wp\/v2\/tags?post=18605"},{"taxonomy":"author","embeddable":true,"href":"https:\/\/buletin.de\/bucuresti\/wp-json\/wp\/v2\/ppma_author?post=18605"}],"curies":[{"name":"wp","href":"https:\/\/api.w.org\/{rel}","templated":true}]}}