{"id":18584,"date":"2021-01-22T16:08:31","date_gmt":"2021-01-22T13:08:31","guid":{"rendered":"https:\/\/buletin.de\/bucuresti\/?p=18584"},"modified":"2021-01-22T16:08:32","modified_gmt":"2021-01-22T13:08:32","slug":"doi-bucuresteni-au-covid-cu-noua-tulpina-ministerul-sanatatii-a-cerut-amanarea-relaxarii","status":"publish","type":"post","link":"https:\/\/buletin.de\/bucuresti\/doi-bucuresteni-au-covid-cu-noua-tulpina-ministerul-sanatatii-a-cerut-amanarea-relaxarii\/","title":{"rendered":"Doi bucure\u0219teni au COVID cu noua tulpin\u0103 | Ministerul S\u0103n\u0103t\u0103\u021bii a cerut am\u00e2narea relax\u0103rii"},"content":{"rendered":"\n<p>Doi bucure\u0219teni au fost confirma\u021bi cu COVID, provocat de noua tulpin\u0103 depistat\u0103 \u00een Anglia, \u0219i care este mult mai contagioas\u0103 dec\u00e2t anterioar\u0103. Cei doi sunt \u00een stare bun\u0103, la domiciliu, sub supravegherea medicului de familie. Conform datelor din ancheta epidemiologic\u0103, cei doi nu au c\u0103l\u0103torit \u00een ultima perioad\u0103. <\/p>\n\n\n\n<p>Cu toate acestea, Ministerul S\u0103n\u0103t\u0103\u021bii a cerut ca relaxarea m\u0103surilor, ce urma s\u0103 fie decis\u0103 ast\u0103zi, de Comitetul Municipal pentru Situa\u021bii de Urgen\u021b\u0103, s\u0103 fie am\u00e2nat\u0103.<\/p>\n\n\n\n<blockquote class=\"wp-block-quote is-layout-flow wp-block-quote-is-layout-flow\"><p>Ministerul S\u0103n\u0103t\u0103\u021bii recomand\u0103 popula\u021biei s\u0103 cear\u0103 testarea pentru COVID-19 la primele simptome ale bolii. Av\u00e2nd \u00een vedere contagiozitatea mai mare a acestei tulpini, \u00een paralel cu Campania na\u021bional\u0103 de vaccinare, m\u0103surile de protec\u021bie r\u0103m\u00e2n la fel de importante: purtarea corect\u0103 a m\u0103\u0219tii de protec\u021bie, evitarea zonelor aglomerate, distan\u021barea social\u0103 \u0219i igiena m\u00e2inilor.<\/p><cite>Comunicat Ministerul S\u0103n\u0103t\u0103\u021bii<\/cite><\/blockquote>\n\n\n\n<p>\u00cen acest moment, \u0219i alte teste de secven\u021bializare sunt \u00een prelucrare \u00een cadrul laboratorului INBI \u201eMatei Bal\u0219\u201d, cu rezultate \u00een curs, \u00een cazul unor alte persoane suspectate de a fi infectate cu noua tulpina.<\/p>\n","protected":false},"excerpt":{"rendered":"<p>Doi bucure\u0219teni au fost confirma\u021bi cu COVID, provocat de noua tulpin\u0103 depistat\u0103 \u00een Anglia, \u0219i care este mult mai contagioas\u0103 dec\u00e2t anterioar\u0103. Cei doi sunt \u00een stare bun\u0103, la domiciliu, sub supravegherea medicului de familie. Conform datelor din ancheta epidemiologic\u0103, cei doi nu au c\u0103l\u0103torit \u00een ultima perioad\u0103. Cu toate acestea, Ministerul S\u0103n\u0103t\u0103\u021bii a cerut [&hellip;]<\/p>\n","protected":false},"author":18,"featured_media":18592,"comment_status":"closed","ping_status":"open","sticky":false,"template":"","format":"standard","meta":{"_acf_changed":false,"inline_featured_image":false,"ngg_post_thumbnail":0,"footnotes":""},"categories":[1],"tags":[],"ppma_author":[22579],"class_list":["post-18584","post","type-post","status-publish","format-standard","has-post-thumbnail","hentry","category-diverse"],"acf":[],"yoast_head":"<!-- This site is optimized with the Yoast SEO Premium plugin v25.3 (Yoast SEO v27.4) - https:\/\/yoast.com\/product\/yoast-seo-premium-wordpress\/ -->\n<title>Doi bucure\u0219teni au COVID cu noua tulpin\u0103 | Ministerul S\u0103n\u0103t\u0103\u021bii a cerut am\u00e2narea relax\u0103rii - Buletin de Bucure\u0219ti<\/title>\n<meta name=\"robots\" content=\"index, follow, max-snippet:-1, max-image-preview:large, max-video-preview:-1\" \/>\n<link rel=\"canonical\" href=\"https:\/\/buletin.de\/bucuresti\/doi-bucuresteni-au-covid-cu-noua-tulpina-ministerul-sanatatii-a-cerut-amanarea-relaxarii\/\" \/>\n<meta property=\"og:locale\" content=\"en_GB\" \/>\n<meta property=\"og:type\" content=\"article\" \/>\n<meta property=\"og:title\" content=\"Doi bucure\u0219teni au COVID cu noua tulpin\u0103 | Ministerul S\u0103n\u0103t\u0103\u021bii a cerut am\u00e2narea relax\u0103rii\" \/>\n<meta property=\"og:description\" content=\"Doi bucure\u0219teni au fost confirma\u021bi cu COVID, provocat de noua tulpin\u0103 depistat\u0103 \u00een Anglia, \u0219i care este mult mai contagioas\u0103 dec\u00e2t anterioar\u0103. Cei doi sunt \u00een stare bun\u0103, la domiciliu, sub supravegherea medicului de familie. Conform datelor din ancheta epidemiologic\u0103, cei doi nu au c\u0103l\u0103torit \u00een ultima perioad\u0103. Cu toate acestea, Ministerul S\u0103n\u0103t\u0103\u021bii a cerut [&hellip;]\" \/>\n<meta property=\"og:url\" content=\"https:\/\/buletin.de\/bucuresti\/doi-bucuresteni-au-covid-cu-noua-tulpina-ministerul-sanatatii-a-cerut-amanarea-relaxarii\/\" \/>\n<meta property=\"og:site_name\" content=\"Buletin de Bucure\u0219ti\" \/>\n<meta property=\"article:publisher\" content=\"https:\/\/www.facebook.com\/buletin.de.buc\" \/>\n<meta property=\"article:published_time\" content=\"2021-01-22T13:08:31+00:00\" \/>\n<meta property=\"article:modified_time\" content=\"2021-01-22T13:08:32+00:00\" \/>\n<meta property=\"og:image\" content=\"https:\/\/buletin.de\/bucuresti\/wp-content\/uploads\/fiole.jpg\" \/>\n\t<meta property=\"og:image:width\" content=\"750\" \/>\n\t<meta property=\"og:image:height\" content=\"500\" \/>\n\t<meta property=\"og:image:type\" content=\"image\/jpeg\" \/>\n<meta name=\"author\" content=\"Teodora Stroe\" \/>\n<meta name=\"twitter:card\" content=\"summary_large_image\" \/>\n<meta name=\"twitter:label1\" content=\"Written by\" \/>\n\t<meta name=\"twitter:data1\" content=\"Teodora Stroe\" \/>\n\t<meta name=\"twitter:label2\" content=\"Estimated reading time\" \/>\n\t<meta name=\"twitter:data2\" content=\"1 minute\" \/>\n<script type=\"application\/ld+json\" class=\"yoast-schema-graph\">{\"@context\":\"https:\\\/\\\/schema.org\",\"@graph\":[{\"@type\":\"Article\",\"@id\":\"https:\\\/\\\/buletin.de\\\/bucuresti\\\/doi-bucuresteni-au-covid-cu-noua-tulpina-ministerul-sanatatii-a-cerut-amanarea-relaxarii\\\/#article\",\"isPartOf\":{\"@id\":\"https:\\\/\\\/buletin.de\\\/bucuresti\\\/doi-bucuresteni-au-covid-cu-noua-tulpina-ministerul-sanatatii-a-cerut-amanarea-relaxarii\\\/\"},\"author\":{\"name\":\"Teodora Stroe\",\"@id\":\"https:\\\/\\\/buletin.de\\\/bucuresti\\\/#\\\/schema\\\/person\\\/d369d7ddc775abece205795e0b804614\"},\"headline\":\"Doi bucure\u0219teni au COVID cu noua tulpin\u0103 | Ministerul S\u0103n\u0103t\u0103\u021bii a cerut am\u00e2narea relax\u0103rii\",\"datePublished\":\"2021-01-22T13:08:31+00:00\",\"dateModified\":\"2021-01-22T13:08:32+00:00\",\"mainEntityOfPage\":{\"@id\":\"https:\\\/\\\/buletin.de\\\/bucuresti\\\/doi-bucuresteni-au-covid-cu-noua-tulpina-ministerul-sanatatii-a-cerut-amanarea-relaxarii\\\/\"},\"wordCount\":212,\"publisher\":{\"@id\":\"https:\\\/\\\/buletin.de\\\/bucuresti\\\/#organization\"},\"image\":{\"@id\":\"https:\\\/\\\/buletin.de\\\/bucuresti\\\/doi-bucuresteni-au-covid-cu-noua-tulpina-ministerul-sanatatii-a-cerut-amanarea-relaxarii\\\/#primaryimage\"},\"thumbnailUrl\":\"https:\\\/\\\/buletin.de\\\/bucuresti\\\/wp-content\\\/uploads\\\/fiole.jpg\",\"articleSection\":[\"Diverse\"],\"inLanguage\":\"en-GB\",\"copyrightYear\":\"2021\",\"copyrightHolder\":{\"@id\":\"https:\\\/\\\/buletin.de\\\/bucuresti\\\/#organization\"}},{\"@type\":\"WebPage\",\"@id\":\"https:\\\/\\\/buletin.de\\\/bucuresti\\\/doi-bucuresteni-au-covid-cu-noua-tulpina-ministerul-sanatatii-a-cerut-amanarea-relaxarii\\\/\",\"url\":\"https:\\\/\\\/buletin.de\\\/bucuresti\\\/doi-bucuresteni-au-covid-cu-noua-tulpina-ministerul-sanatatii-a-cerut-amanarea-relaxarii\\\/\",\"name\":\"Doi bucure\u0219teni au COVID cu noua tulpin\u0103 | Ministerul S\u0103n\u0103t\u0103\u021bii a cerut am\u00e2narea relax\u0103rii - Buletin de Bucure\u0219ti\",\"isPartOf\":{\"@id\":\"https:\\\/\\\/buletin.de\\\/bucuresti\\\/#website\"},\"primaryImageOfPage\":{\"@id\":\"https:\\\/\\\/buletin.de\\\/bucuresti\\\/doi-bucuresteni-au-covid-cu-noua-tulpina-ministerul-sanatatii-a-cerut-amanarea-relaxarii\\\/#primaryimage\"},\"image\":{\"@id\":\"https:\\\/\\\/buletin.de\\\/bucuresti\\\/doi-bucuresteni-au-covid-cu-noua-tulpina-ministerul-sanatatii-a-cerut-amanarea-relaxarii\\\/#primaryimage\"},\"thumbnailUrl\":\"https:\\\/\\\/buletin.de\\\/bucuresti\\\/wp-content\\\/uploads\\\/fiole.jpg\",\"datePublished\":\"2021-01-22T13:08:31+00:00\",\"dateModified\":\"2021-01-22T13:08:32+00:00\",\"breadcrumb\":{\"@id\":\"https:\\\/\\\/buletin.de\\\/bucuresti\\\/doi-bucuresteni-au-covid-cu-noua-tulpina-ministerul-sanatatii-a-cerut-amanarea-relaxarii\\\/#breadcrumb\"},\"inLanguage\":\"en-GB\",\"potentialAction\":[{\"@type\":\"ReadAction\",\"target\":[\"https:\\\/\\\/buletin.de\\\/bucuresti\\\/doi-bucuresteni-au-covid-cu-noua-tulpina-ministerul-sanatatii-a-cerut-amanarea-relaxarii\\\/\"]}]},{\"@type\":\"ImageObject\",\"inLanguage\":\"en-GB\",\"@id\":\"https:\\\/\\\/buletin.de\\\/bucuresti\\\/doi-bucuresteni-au-covid-cu-noua-tulpina-ministerul-sanatatii-a-cerut-amanarea-relaxarii\\\/#primaryimage\",\"url\":\"https:\\\/\\\/buletin.de\\\/bucuresti\\\/wp-content\\\/uploads\\\/fiole.jpg\",\"contentUrl\":\"https:\\\/\\\/buletin.de\\\/bucuresti\\\/wp-content\\\/uploads\\\/fiole.jpg\",\"width\":750,\"height\":500},{\"@type\":\"BreadcrumbList\",\"@id\":\"https:\\\/\\\/buletin.de\\\/bucuresti\\\/doi-bucuresteni-au-covid-cu-noua-tulpina-ministerul-sanatatii-a-cerut-amanarea-relaxarii\\\/#breadcrumb\",\"itemListElement\":[{\"@type\":\"ListItem\",\"position\":1,\"name\":\"Acas\u0103\",\"item\":\"https:\\\/\\\/buletin.de\\\/bucuresti\\\/\"},{\"@type\":\"ListItem\",\"position\":2,\"name\":\"Doi bucure\u0219teni au COVID cu noua tulpin\u0103 | Ministerul S\u0103n\u0103t\u0103\u021bii a cerut am\u00e2narea relax\u0103rii\"}]},{\"@type\":\"WebSite\",\"@id\":\"https:\\\/\\\/buletin.de\\\/bucuresti\\\/#website\",\"url\":\"https:\\\/\\\/buletin.de\\\/bucuresti\\\/\",\"name\":\"Buletin de Bucure\u0219ti\",\"description\":\"\u0218tiri \u0219i investiga\u021bii esen\u021biale din capital\u0103\",\"publisher\":{\"@id\":\"https:\\\/\\\/buletin.de\\\/bucuresti\\\/#organization\"},\"potentialAction\":[{\"@type\":\"SearchAction\",\"target\":{\"@type\":\"EntryPoint\",\"urlTemplate\":\"https:\\\/\\\/buletin.de\\\/bucuresti\\\/?s={search_term_string}\"},\"query-input\":{\"@type\":\"PropertyValueSpecification\",\"valueRequired\":true,\"valueName\":\"search_term_string\"}}],\"inLanguage\":\"en-GB\"},{\"@type\":\"Organization\",\"@id\":\"https:\\\/\\\/buletin.de\\\/bucuresti\\\/#organization\",\"name\":\"Buletin de Bucure\u0219ti\",\"url\":\"https:\\\/\\\/buletin.de\\\/bucuresti\\\/\",\"logo\":{\"@type\":\"ImageObject\",\"inLanguage\":\"en-GB\",\"@id\":\"https:\\\/\\\/buletin.de\\\/bucuresti\\\/#\\\/schema\\\/logo\\\/image\\\/\",\"url\":\"https:\\\/\\\/buletin.de\\\/bucuresti\\\/wp-content\\\/uploads\\\/logo-bdb-full-wide-vernil-transparent.png\",\"contentUrl\":\"https:\\\/\\\/buletin.de\\\/bucuresti\\\/wp-content\\\/uploads\\\/logo-bdb-full-wide-vernil-transparent.png\",\"width\":1782,\"height\":626,\"caption\":\"Buletin de Bucure\u0219ti\"},\"image\":{\"@id\":\"https:\\\/\\\/buletin.de\\\/bucuresti\\\/#\\\/schema\\\/logo\\\/image\\\/\"},\"sameAs\":[\"https:\\\/\\\/www.facebook.com\\\/buletin.de.buc\",\"https:\\\/\\\/www.instagram.com\\\/buletinde.bucuresti\\\/\"]},{\"@type\":\"Person\",\"@id\":\"https:\\\/\\\/buletin.de\\\/bucuresti\\\/#\\\/schema\\\/person\\\/d369d7ddc775abece205795e0b804614\",\"name\":\"Teodora Stroe\",\"image\":{\"@type\":\"ImageObject\",\"inLanguage\":\"en-GB\",\"@id\":\"https:\\\/\\\/secure.gravatar.com\\\/avatar\\\/2560b4cd9f5f1bc100b123158e657d75584bd1c3e1d9c69285720b9457c1b78d?s=96&d=monsterid&r=gc104800242ba5f2d78dd5d7dc4df08b6\",\"url\":\"https:\\\/\\\/secure.gravatar.com\\\/avatar\\\/2560b4cd9f5f1bc100b123158e657d75584bd1c3e1d9c69285720b9457c1b78d?s=96&d=monsterid&r=g\",\"contentUrl\":\"https:\\\/\\\/secure.gravatar.com\\\/avatar\\\/2560b4cd9f5f1bc100b123158e657d75584bd1c3e1d9c69285720b9457c1b78d?s=96&d=monsterid&r=g\",\"caption\":\"Teodora Stroe\"},\"url\":\"https:\\\/\\\/buletin.de\\\/bucuresti\\\/author\\\/simonacarlugea\\\/\"}]}<\/script>\n<!-- \/ Yoast SEO Premium plugin. -->","yoast_head_json":{"title":"Doi bucure\u0219teni au COVID cu noua tulpin\u0103 | Ministerul S\u0103n\u0103t\u0103\u021bii a cerut am\u00e2narea relax\u0103rii - Buletin de Bucure\u0219ti","robots":{"index":"index","follow":"follow","max-snippet":"max-snippet:-1","max-image-preview":"max-image-preview:large","max-video-preview":"max-video-preview:-1"},"canonical":"https:\/\/buletin.de\/bucuresti\/doi-bucuresteni-au-covid-cu-noua-tulpina-ministerul-sanatatii-a-cerut-amanarea-relaxarii\/","og_locale":"en_GB","og_type":"article","og_title":"Doi bucure\u0219teni au COVID cu noua tulpin\u0103 | Ministerul S\u0103n\u0103t\u0103\u021bii a cerut am\u00e2narea relax\u0103rii","og_description":"Doi bucure\u0219teni au fost confirma\u021bi cu COVID, provocat de noua tulpin\u0103 depistat\u0103 \u00een Anglia, \u0219i care este mult mai contagioas\u0103 dec\u00e2t anterioar\u0103. Cei doi sunt \u00een stare bun\u0103, la domiciliu, sub supravegherea medicului de familie. Conform datelor din ancheta epidemiologic\u0103, cei doi nu au c\u0103l\u0103torit \u00een ultima perioad\u0103. Cu toate acestea, Ministerul S\u0103n\u0103t\u0103\u021bii a cerut [&hellip;]","og_url":"https:\/\/buletin.de\/bucuresti\/doi-bucuresteni-au-covid-cu-noua-tulpina-ministerul-sanatatii-a-cerut-amanarea-relaxarii\/","og_site_name":"Buletin de Bucure\u0219ti","article_publisher":"https:\/\/www.facebook.com\/buletin.de.buc","article_published_time":"2021-01-22T13:08:31+00:00","article_modified_time":"2021-01-22T13:08:32+00:00","og_image":[{"width":750,"height":500,"url":"https:\/\/buletin.de\/bucuresti\/wp-content\/uploads\/fiole.jpg","type":"image\/jpeg"}],"author":"Teodora Stroe","twitter_card":"summary_large_image","twitter_misc":{"Written by":"Teodora Stroe","Estimated reading time":"1 minute"},"schema":{"@context":"https:\/\/schema.org","@graph":[{"@type":"Article","@id":"https:\/\/buletin.de\/bucuresti\/doi-bucuresteni-au-covid-cu-noua-tulpina-ministerul-sanatatii-a-cerut-amanarea-relaxarii\/#article","isPartOf":{"@id":"https:\/\/buletin.de\/bucuresti\/doi-bucuresteni-au-covid-cu-noua-tulpina-ministerul-sanatatii-a-cerut-amanarea-relaxarii\/"},"author":{"name":"Teodora Stroe","@id":"https:\/\/buletin.de\/bucuresti\/#\/schema\/person\/d369d7ddc775abece205795e0b804614"},"headline":"Doi bucure\u0219teni au COVID cu noua tulpin\u0103 | Ministerul S\u0103n\u0103t\u0103\u021bii a cerut am\u00e2narea relax\u0103rii","datePublished":"2021-01-22T13:08:31+00:00","dateModified":"2021-01-22T13:08:32+00:00","mainEntityOfPage":{"@id":"https:\/\/buletin.de\/bucuresti\/doi-bucuresteni-au-covid-cu-noua-tulpina-ministerul-sanatatii-a-cerut-amanarea-relaxarii\/"},"wordCount":212,"publisher":{"@id":"https:\/\/buletin.de\/bucuresti\/#organization"},"image":{"@id":"https:\/\/buletin.de\/bucuresti\/doi-bucuresteni-au-covid-cu-noua-tulpina-ministerul-sanatatii-a-cerut-amanarea-relaxarii\/#primaryimage"},"thumbnailUrl":"https:\/\/buletin.de\/bucuresti\/wp-content\/uploads\/fiole.jpg","articleSection":["Diverse"],"inLanguage":"en-GB","copyrightYear":"2021","copyrightHolder":{"@id":"https:\/\/buletin.de\/bucuresti\/#organization"}},{"@type":"WebPage","@id":"https:\/\/buletin.de\/bucuresti\/doi-bucuresteni-au-covid-cu-noua-tulpina-ministerul-sanatatii-a-cerut-amanarea-relaxarii\/","url":"https:\/\/buletin.de\/bucuresti\/doi-bucuresteni-au-covid-cu-noua-tulpina-ministerul-sanatatii-a-cerut-amanarea-relaxarii\/","name":"Doi bucure\u0219teni au COVID cu noua tulpin\u0103 | Ministerul S\u0103n\u0103t\u0103\u021bii a cerut am\u00e2narea relax\u0103rii - Buletin de Bucure\u0219ti","isPartOf":{"@id":"https:\/\/buletin.de\/bucuresti\/#website"},"primaryImageOfPage":{"@id":"https:\/\/buletin.de\/bucuresti\/doi-bucuresteni-au-covid-cu-noua-tulpina-ministerul-sanatatii-a-cerut-amanarea-relaxarii\/#primaryimage"},"image":{"@id":"https:\/\/buletin.de\/bucuresti\/doi-bucuresteni-au-covid-cu-noua-tulpina-ministerul-sanatatii-a-cerut-amanarea-relaxarii\/#primaryimage"},"thumbnailUrl":"https:\/\/buletin.de\/bucuresti\/wp-content\/uploads\/fiole.jpg","datePublished":"2021-01-22T13:08:31+00:00","dateModified":"2021-01-22T13:08:32+00:00","breadcrumb":{"@id":"https:\/\/buletin.de\/bucuresti\/doi-bucuresteni-au-covid-cu-noua-tulpina-ministerul-sanatatii-a-cerut-amanarea-relaxarii\/#breadcrumb"},"inLanguage":"en-GB","potentialAction":[{"@type":"ReadAction","target":["https:\/\/buletin.de\/bucuresti\/doi-bucuresteni-au-covid-cu-noua-tulpina-ministerul-sanatatii-a-cerut-amanarea-relaxarii\/"]}]},{"@type":"ImageObject","inLanguage":"en-GB","@id":"https:\/\/buletin.de\/bucuresti\/doi-bucuresteni-au-covid-cu-noua-tulpina-ministerul-sanatatii-a-cerut-amanarea-relaxarii\/#primaryimage","url":"https:\/\/buletin.de\/bucuresti\/wp-content\/uploads\/fiole.jpg","contentUrl":"https:\/\/buletin.de\/bucuresti\/wp-content\/uploads\/fiole.jpg","width":750,"height":500},{"@type":"BreadcrumbList","@id":"https:\/\/buletin.de\/bucuresti\/doi-bucuresteni-au-covid-cu-noua-tulpina-ministerul-sanatatii-a-cerut-amanarea-relaxarii\/#breadcrumb","itemListElement":[{"@type":"ListItem","position":1,"name":"Acas\u0103","item":"https:\/\/buletin.de\/bucuresti\/"},{"@type":"ListItem","position":2,"name":"Doi bucure\u0219teni au COVID cu noua tulpin\u0103 | Ministerul S\u0103n\u0103t\u0103\u021bii a cerut am\u00e2narea relax\u0103rii"}]},{"@type":"WebSite","@id":"https:\/\/buletin.de\/bucuresti\/#website","url":"https:\/\/buletin.de\/bucuresti\/","name":"Buletin de Bucure\u0219ti","description":"\u0218tiri \u0219i investiga\u021bii esen\u021biale din capital\u0103","publisher":{"@id":"https:\/\/buletin.de\/bucuresti\/#organization"},"potentialAction":[{"@type":"SearchAction","target":{"@type":"EntryPoint","urlTemplate":"https:\/\/buletin.de\/bucuresti\/?s={search_term_string}"},"query-input":{"@type":"PropertyValueSpecification","valueRequired":true,"valueName":"search_term_string"}}],"inLanguage":"en-GB"},{"@type":"Organization","@id":"https:\/\/buletin.de\/bucuresti\/#organization","name":"Buletin de Bucure\u0219ti","url":"https:\/\/buletin.de\/bucuresti\/","logo":{"@type":"ImageObject","inLanguage":"en-GB","@id":"https:\/\/buletin.de\/bucuresti\/#\/schema\/logo\/image\/","url":"https:\/\/buletin.de\/bucuresti\/wp-content\/uploads\/logo-bdb-full-wide-vernil-transparent.png","contentUrl":"https:\/\/buletin.de\/bucuresti\/wp-content\/uploads\/logo-bdb-full-wide-vernil-transparent.png","width":1782,"height":626,"caption":"Buletin de Bucure\u0219ti"},"image":{"@id":"https:\/\/buletin.de\/bucuresti\/#\/schema\/logo\/image\/"},"sameAs":["https:\/\/www.facebook.com\/buletin.de.buc","https:\/\/www.instagram.com\/buletinde.bucuresti\/"]},{"@type":"Person","@id":"https:\/\/buletin.de\/bucuresti\/#\/schema\/person\/d369d7ddc775abece205795e0b804614","name":"Teodora Stroe","image":{"@type":"ImageObject","inLanguage":"en-GB","@id":"https:\/\/secure.gravatar.com\/avatar\/2560b4cd9f5f1bc100b123158e657d75584bd1c3e1d9c69285720b9457c1b78d?s=96&d=monsterid&r=gc104800242ba5f2d78dd5d7dc4df08b6","url":"https:\/\/secure.gravatar.com\/avatar\/2560b4cd9f5f1bc100b123158e657d75584bd1c3e1d9c69285720b9457c1b78d?s=96&d=monsterid&r=g","contentUrl":"https:\/\/secure.gravatar.com\/avatar\/2560b4cd9f5f1bc100b123158e657d75584bd1c3e1d9c69285720b9457c1b78d?s=96&d=monsterid&r=g","caption":"Teodora Stroe"},"url":"https:\/\/buletin.de\/bucuresti\/author\/simonacarlugea\/"}]}},"authors":[{"term_id":22579,"user_id":18,"is_guest":0,"slug":"simonacarlugea","display_name":"Teodora Stroe","avatar_url":"https:\/\/secure.gravatar.com\/avatar\/2560b4cd9f5f1bc100b123158e657d75584bd1c3e1d9c69285720b9457c1b78d?s=96&d=monsterid&r=g","0":null,"1":"","2":"","3":"","4":"","5":"","6":"","7":"","8":""}],"_links":{"self":[{"href":"https:\/\/buletin.de\/bucuresti\/wp-json\/wp\/v2\/posts\/18584","targetHints":{"allow":["GET"]}}],"collection":[{"href":"https:\/\/buletin.de\/bucuresti\/wp-json\/wp\/v2\/posts"}],"about":[{"href":"https:\/\/buletin.de\/bucuresti\/wp-json\/wp\/v2\/types\/post"}],"author":[{"embeddable":true,"href":"https:\/\/buletin.de\/bucuresti\/wp-json\/wp\/v2\/users\/18"}],"replies":[{"embeddable":true,"href":"https:\/\/buletin.de\/bucuresti\/wp-json\/wp\/v2\/comments?post=18584"}],"version-history":[{"count":2,"href":"https:\/\/buletin.de\/bucuresti\/wp-json\/wp\/v2\/posts\/18584\/revisions"}],"predecessor-version":[{"id":18593,"href":"https:\/\/buletin.de\/bucuresti\/wp-json\/wp\/v2\/posts\/18584\/revisions\/18593"}],"wp:featuredmedia":[{"embeddable":true,"href":"https:\/\/buletin.de\/bucuresti\/wp-json\/wp\/v2\/media\/18592"}],"wp:attachment":[{"href":"https:\/\/buletin.de\/bucuresti\/wp-json\/wp\/v2\/media?parent=18584"}],"wp:term":[{"taxonomy":"category","embeddable":true,"href":"https:\/\/buletin.de\/bucuresti\/wp-json\/wp\/v2\/categories?post=18584"},{"taxonomy":"post_tag","embeddable":true,"href":"https:\/\/buletin.de\/bucuresti\/wp-json\/wp\/v2\/tags?post=18584"},{"taxonomy":"author","embeddable":true,"href":"https:\/\/buletin.de\/bucuresti\/wp-json\/wp\/v2\/ppma_author?post=18584"}],"curies":[{"name":"wp","href":"https:\/\/api.w.org\/{rel}","templated":true}]}}