{"id":185775,"date":"2026-04-08T12:43:29","date_gmt":"2026-04-08T10:43:29","guid":{"rendered":"https:\/\/buletin.de\/bucuresti\/?p=185775"},"modified":"2026-04-08T12:43:30","modified_gmt":"2026-04-08T10:43:30","slug":"tunelul-predeal-ar-putea-reduce-drumul-cu-trenul-pe-ruta-bucuresti-brasov-cu-aproape-jumatate-de-ora-asociatia-pro-infrastructura","status":"publish","type":"post","link":"https:\/\/buletin.de\/bucuresti\/tunelul-predeal-ar-putea-reduce-drumul-cu-trenul-pe-ruta-bucuresti-brasov-cu-aproape-jumatate-de-ora-asociatia-pro-infrastructura\/","title":{"rendered":"Tunelul Predeal ar putea reduce drumul cu trenul, pe ruta Bucure\u0219ti &#8211; Bra\u0219ov, cu aproape jum\u0103tate de or\u0103 | Asocia\u021bia Pro Infrastructur\u0103"},"content":{"rendered":"\n<p><strong>Ruta Bucure\u0219ti &#8211; Bra\u0219ov va putea fi parcurs\u0103 mai rapid cu trenul, odat\u0103 ce este construit tunelul Predeal, \u00eentre Azuga \u0219i Timi\u0219u de Sus, <a href=\"https:\/\/www.facebook.com\/photo\/?fbid=1300842552139244&amp;set=a.538805805009593\" type=\"link\" id=\"https:\/\/www.facebook.com\/photo\/?fbid=1300842552139244&amp;set=a.538805805009593\" target=\"_blank\" rel=\"noreferrer noopener\">a transmis Asocia\u021bia Pro Infrastructur\u0103<\/a>. <\/strong><\/p>\n\n\n\n<p>Tunelul ar avea 10 kilometri \u0219i ar aduce economii considerabile de timp \u0219i de energie \u0219i ar cre\u0219te capacitatea de transport.<\/p>\n\n\n\n<p><em>\u201e\u00cen realitate, tunelul de 10 kilometri dintre Azuga \u0219i Timi\u0219u de Sus aduce economii semnificative de timp \u0219i energie. Totodat\u0103 cre\u0219te masiv capacitatea de transport printr-un &#8220;choke point&#8221; (g\u00e2t de sticl\u0103) major de pe coloana vertebral\u0103 a Rom\u00e2niei: traversarea Carpa\u021bilor pe Coridorul Rin-Dun\u0103re care leag\u0103 Constan\u021ba de Curtici, conect\u00e2nd Capitala, centrul \u0219i vestul \u021b\u0103rii.\u201d<\/em>, explic\u0103 Asocia\u021bia Pro Infrastructur\u0103.<\/p>\n\n\n\n<h2 class=\"wp-block-heading\" id=\"h-ruta-bucure\u0219ti-bra\u0219ov-ar-putea-fi-parcursa-mai-repede-prin-tunelul-predeal\">Ruta Bucure\u0219ti &#8211; Bra\u0219ov ar putea fi parcurs\u0103 mai repede, prin tunelul Predeal <\/h2>\n\n\n\n<p><strong>Pentru acest proiect a fost emis Acordul de Mediu, iar urm\u0103toarea etap\u0103 const\u0103 \u00een lansarea licita\u021biei, de c\u0103tre reprezentan\u021bii CFR. <\/strong><\/p>\n\n\n\n<p>Potrivit reprezentan\u021bilor Asocia\u021biei Pro Infrastructur\u0103, licita\u021bia poate fi lansat\u0103 chiar dac\u0103 nu mai sunt fonduri disponibile \u00een Programul Transport, deoarece procedura de achizi\u021bie va \u021bine cel pu\u021bin 12-18 luni. Astfel, lucr\u0103rile ar putea fi incluse \u00een bugetul UE post-2027. <\/p>\n\n\n\n<p><strong>Tunelul de 10 kilometri va putea fi parcurs cu 160 km\/h \u0219i este proiectat pentru a putea fi inclus \u00eentr-o viitoare linie de mare vitez\u0103. <\/strong><\/p>\n\n\n\n<p>Noul traseu pe <a href=\"https:\/\/buletin.de\/bucuresti\/noi-curse-pe-ruta-bucuresti-brasov-operate-cu-trenuri-electrice-alstom-coradia-de-un-operator-privat-a-fost-publicat-mersul-trenurilor\/\" type=\"link\" id=\"https:\/\/buletin.de\/bucuresti\/noi-curse-pe-ruta-bucuresti-brasov-operate-cu-trenuri-electrice-alstom-coradia-de-un-operator-privat-a-fost-publicat-mersul-trenurilor\/\" target=\"_blank\" rel=\"noreferrer noopener\">Bu\u0219teni &#8211; Bra\u0219ov<\/a> ar avea 31 de kilometri, fa\u021b\u0103 de 36 de kilometri \u00een prezent. Prin actuala sta\u021bie Predeal vor mai trece doar trenurile metropolitane \u0219i Regio, dup\u0103 construirea \u0219i finalizarea tunelului. <\/p>\n\n\n\n<p><strong>\u00cen cazul trenurilor InterRegio, timpul de parcurs va fi scurtat cu 26 de minute. <\/strong>Astfel, \u00een loc de 50 de minute, drumul va avea 24 de minute, ceea ce \u00eenseamn\u0103 aproape un minut economisit la fiecare kilometru de traseu modernizat.<\/p>\n\n\n\n<p><strong>Aceasta este \u201ecea mai de impact modernizare pe indicatorul timp economisit\/km\u201d, potrivit asocia\u021biei.<\/strong> Locul urm\u0103tor este ocupat de Bra\u0219ov-Sighi\u0219oara, cu p\u00e2n\u0103 la 45 minute \u00een minus la 112 km, urmat de Arad-Simeria, cu aproape 50 de minute la 140 de kilometri. De altfel, Sighi\u0219oara-Simeria, de 168 de kilometri, salveaz\u0103 35 de minute, dar are un poten\u021bial de peste 50 de minute. <\/p>\n\n\n\n<figure class=\"wp-block-image size-large\"><img fetchpriority=\"high\" decoding=\"async\" width=\"1000\" height=\"563\" src=\"data:image\/gif;base64,R0lGODlhAQABAAAAACH5BAEKAAEALAAAAAABAAEAAAICTAEAOw==\" data-src=\"https:\/\/buletin.de\/bucuresti\/wp-content\/uploads\/2026\/04\/662703378_1300816408808525_3599759430169605002_n-1000x563.jpg\" alt=\"\" class=\"wp-image-185788 lazyload\" data-sizes=\"auto\" data-srcset=\"https:\/\/buletin.de\/bucuresti\/wp-content\/uploads\/2026\/04\/662703378_1300816408808525_3599759430169605002_n-1000x563.jpg 1000w, https:\/\/buletin.de\/bucuresti\/wp-content\/uploads\/2026\/04\/662703378_1300816408808525_3599759430169605002_n-300x169.jpg 300w, https:\/\/buletin.de\/bucuresti\/wp-content\/uploads\/2026\/04\/662703378_1300816408808525_3599759430169605002_n-768x432.jpg 768w, https:\/\/buletin.de\/bucuresti\/wp-content\/uploads\/2026\/04\/662703378_1300816408808525_3599759430169605002_n-1536x864.jpg 1536w, https:\/\/buletin.de\/bucuresti\/wp-content\/uploads\/2026\/04\/662703378_1300816408808525_3599759430169605002_n-1600x900.jpg 1600w, https:\/\/buletin.de\/bucuresti\/wp-content\/uploads\/2026\/04\/662703378_1300816408808525_3599759430169605002_n-1100x619.jpg 1100w, https:\/\/buletin.de\/bucuresti\/wp-content\/uploads\/2026\/04\/662703378_1300816408808525_3599759430169605002_n-600x338.jpg 600w, https:\/\/buletin.de\/bucuresti\/wp-content\/uploads\/2026\/04\/662703378_1300816408808525_3599759430169605002_n-20x11.jpg 20w, https:\/\/buletin.de\/bucuresti\/wp-content\/uploads\/2026\/04\/662703378_1300816408808525_3599759430169605002_n.jpg 1920w\" sizes=\"(max-width: 1000px) 100vw, 1000px\" \/><figcaption class=\"wp-element-caption\">Foto: Facebook\/Asocia\u021bia Pro Infrastructur\u0103 <\/figcaption><\/figure>\n\n\n\n<p>CITE\u0218TE \u0218I <a href=\"https:\/\/buletin.de\/bucuresti\/calatoria-cu-trenul-pe-ruta-bucuresti-arad-mai-rapida-cu-peste-doua-ore-dupa-finalizarea-lucrarilor-pe-tronsonul-brasov-sighisoara-asociatia-pro-infrastructura\/\" target=\"_blank\" rel=\"noreferrer noopener\">C\u0103l\u0103toria cu trenul pe ruta Bucure\u0219ti \u2013 Arad, mai rapid\u0103 cu peste dou\u0103 ore dup\u0103 finalizarea lucr\u0103rilor pe tronsonul Bra\u0219ov \u2013 Sighi\u0219oara | Asocia\u021bia Pro Infrastructur\u0103<\/a><\/p>\n\n\n\n<h2 class=\"wp-block-heading\" id=\"h-beneficii-\u0219i-pentru-consumul-de-energie\">Beneficii \u0219i pentru consumul de energie <\/h2>\n\n\n\n<p>Un alt avantaj al tunelului Predeal ar fi c\u00e2\u0219tigul la consumul de energie, care ar fi \u201eenorm\u201d, mai arat\u0103 analiza Asocia\u021biei Pro Infrastructur\u0103. Cu noua rut\u0103, trenurile nu mai sunt urcate \u00een Predeal la 1.033 de metri altitudine, iar cota maxim\u0103 ar fi la 973 de metri. <strong>Panta (declivitatea) maxim\u0103 ar sc\u0103dea de la 3,4%, care este foarte mare pe calea ferat\u0103, la 1,85%. <\/strong><\/p>\n\n\n\n<p>\u00cen plus, rezisten\u021ba la \u00eenaintare scade de la 36 la 20  daN\/t. Cu alte cuvinte, for\u021ba necesar\u0103 pentru a deplasa o ton\u0103 din masa total\u0103 a trenului aproape de \u00eenjum\u0103t\u0103\u021be\u0219te, iar consumul de energie electric\u0103 va fi redus considerabil anual. <\/p>\n\n\n\n<p><strong>Capacitatea liniei ar fi mult mai mare, de la 89 la 251 de perechi de trenuri pe zi. Tonajul maxim al unui tren s-ar dubla, de la 775 la 1.345 de tone. <\/strong>Actualul traseu feroviar prin Predeal are curbe str\u00e2nse \u0219i declivit\u0103\u021bi mari, motiv pentru care viteza \u0219i capacitatea de transport sunt limitate. <\/p>\n\n\n\n<p><em>\u201eDeci e nevoie de mai pu\u021bine trenuri, implicit mai pu\u021bini mecanici, iar eficien\u021ba operatorilor cre\u0219te. Pu\u021bini \u0219tiu c\u0103 pe traseul actual, cu numeroase curbe str\u00e2nse \u0219i declivitate mare, anumite tipuri de transport sunt imposibile, cum ar fi cele militare grele.\u201d<\/em>, mai arat\u0103 Asocia\u021bia Pro Infrastructur\u0103. <\/p>\n\n\n\n<p>CITE\u0218TE \u0218I <a href=\"https:\/\/buletin.de\/bucuresti\/surprinzatorul-drum-de-langa-bucuresti-via-danubiana-traseul-poate-fi-parcurs-pe-jos-cu-bicicleta-sau-cu-caiacul\/\" target=\"_blank\" rel=\"noreferrer noopener\">Surprinz\u0103torul drum de l\u00e2ng\u0103 Bucure\u0219ti, Via Danubiana. Traseul poate fi parcurs pe jos, cu bicicleta sau cu caiacul<\/a><\/p>\n","protected":false},"excerpt":{"rendered":"<p>Ruta Bucure\u0219ti &#8211; Bra\u0219ov va putea fi parcurs\u0103 mai rapid cu trenul, odat\u0103 ce este construit tunelul Predeal, \u00eentre Azuga \u0219i Timi\u0219u de Sus, a transmis Asocia\u021bia Pro Infrastructur\u0103. Tunelul ar avea 10 kilometri \u0219i ar aduce economii considerabile de timp \u0219i de energie \u0219i ar cre\u0219te capacitatea de transport. \u201e\u00cen realitate, tunelul de 10 [&hellip;]<\/p>\n","protected":false},"author":65,"featured_media":185800,"comment_status":"closed","ping_status":"open","sticky":false,"template":"","format":"standard","meta":{"_acf_changed":false,"inline_featured_image":false,"ngg_post_thumbnail":0,"footnotes":""},"categories":[6994,62,650],"tags":[11183,27584,10335,2440,27585,27583],"ppma_author":[23912],"class_list":["post-185775","post","type-post","status-publish","format-standard","has-post-thumbnail","hentry","category-stiri-2","category-stiri","category-transport","tag-asociatia-pro-infrastructura-2","tag-bucuresti-brasov-4","tag-predeal","tag-trenuri","tag-tunel-feroviar","tag-tunel-predeal"],"acf":[],"yoast_head":"<!-- This site is optimized with the Yoast SEO Premium plugin v25.3 (Yoast SEO v27.4) - https:\/\/yoast.com\/product\/yoast-seo-premium-wordpress\/ -->\n<title>Tunelul Predeal ar putea reduce drumul cu trenul, pe ruta Bucure\u0219ti - Bra\u0219ov, cu aproape jum\u0103tate de or\u0103 | Asocia\u021bia Pro Infrastructur\u0103 - Buletin de Bucure\u0219ti<\/title>\n<meta name=\"description\" content=\"Ruta Bucure\u0219ti - Bra\u0219ov va putea fi parcurs\u0103 mai rapid cu trenul, odat\u0103 ce este construit tunelul Predeal, \u00eentre Azuga \u0219i Timi\u0219u de Sus.\" \/>\n<meta name=\"robots\" content=\"index, follow, max-snippet:-1, max-image-preview:large, max-video-preview:-1\" \/>\n<link rel=\"canonical\" href=\"https:\/\/buletin.de\/bucuresti\/tunelul-predeal-ar-putea-reduce-drumul-cu-trenul-pe-ruta-bucuresti-brasov-cu-aproape-jumatate-de-ora-asociatia-pro-infrastructura\/\" \/>\n<meta property=\"og:locale\" content=\"en_GB\" \/>\n<meta property=\"og:type\" content=\"article\" \/>\n<meta property=\"og:title\" content=\"Tunelul Predeal ar putea reduce drumul cu trenul, pe ruta Bucure\u0219ti - Bra\u0219ov, cu aproape jum\u0103tate de or\u0103 | Asocia\u021bia Pro Infrastructur\u0103\" \/>\n<meta property=\"og:description\" content=\"Ruta Bucure\u0219ti - Bra\u0219ov va putea fi parcurs\u0103 mai rapid cu trenul, odat\u0103 ce este construit tunelul Predeal, \u00eentre Azuga \u0219i Timi\u0219u de Sus.\" \/>\n<meta property=\"og:url\" content=\"https:\/\/buletin.de\/bucuresti\/tunelul-predeal-ar-putea-reduce-drumul-cu-trenul-pe-ruta-bucuresti-brasov-cu-aproape-jumatate-de-ora-asociatia-pro-infrastructura\/\" \/>\n<meta property=\"og:site_name\" content=\"Buletin de Bucure\u0219ti\" \/>\n<meta property=\"article:publisher\" content=\"https:\/\/www.facebook.com\/buletin.de.buc\" \/>\n<meta property=\"article:published_time\" content=\"2026-04-08T10:43:29+00:00\" \/>\n<meta property=\"article:modified_time\" content=\"2026-04-08T10:43:30+00:00\" \/>\n<meta property=\"og:image\" content=\"https:\/\/buletin.de\/bucuresti\/wp-content\/uploads\/2026\/04\/Tunelul-Predeal-ruta-feroviara-Bucuresti-Brasov.jpg\" \/>\n\t<meta property=\"og:image:width\" content=\"1200\" \/>\n\t<meta property=\"og:image:height\" content=\"650\" \/>\n\t<meta property=\"og:image:type\" content=\"image\/jpeg\" \/>\n<meta name=\"author\" content=\"Andreea St\u0103n\u0103r\u00eeng\u0103\" \/>\n<meta name=\"twitter:card\" content=\"summary_large_image\" \/>\n<meta name=\"twitter:label1\" content=\"Written by\" \/>\n\t<meta name=\"twitter:data1\" content=\"Andreea St\u0103n\u0103r\u00eeng\u0103\" \/>\n\t<meta name=\"twitter:label2\" content=\"Estimated reading time\" \/>\n\t<meta name=\"twitter:data2\" content=\"4 minutes\" \/>\n<script type=\"application\/ld+json\" class=\"yoast-schema-graph\">{\"@context\":\"https:\\\/\\\/schema.org\",\"@graph\":[{\"@type\":\"Article\",\"@id\":\"https:\\\/\\\/buletin.de\\\/bucuresti\\\/tunelul-predeal-ar-putea-reduce-drumul-cu-trenul-pe-ruta-bucuresti-brasov-cu-aproape-jumatate-de-ora-asociatia-pro-infrastructura\\\/#article\",\"isPartOf\":{\"@id\":\"https:\\\/\\\/buletin.de\\\/bucuresti\\\/tunelul-predeal-ar-putea-reduce-drumul-cu-trenul-pe-ruta-bucuresti-brasov-cu-aproape-jumatate-de-ora-asociatia-pro-infrastructura\\\/\"},\"author\":{\"name\":\"Andreea St\u0103n\u0103r\u00eeng\u0103\",\"@id\":\"https:\\\/\\\/buletin.de\\\/bucuresti\\\/#\\\/schema\\\/person\\\/81421a46fb84a0887cfd2238f5202586\"},\"headline\":\"Tunelul Predeal ar putea reduce drumul cu trenul, pe ruta Bucure\u0219ti &#8211; Bra\u0219ov, cu aproape jum\u0103tate de or\u0103 | Asocia\u021bia Pro Infrastructur\u0103\",\"datePublished\":\"2026-04-08T10:43:29+00:00\",\"dateModified\":\"2026-04-08T10:43:30+00:00\",\"mainEntityOfPage\":{\"@id\":\"https:\\\/\\\/buletin.de\\\/bucuresti\\\/tunelul-predeal-ar-putea-reduce-drumul-cu-trenul-pe-ruta-bucuresti-brasov-cu-aproape-jumatate-de-ora-asociatia-pro-infrastructura\\\/\"},\"wordCount\":667,\"publisher\":{\"@id\":\"https:\\\/\\\/buletin.de\\\/bucuresti\\\/#organization\"},\"image\":{\"@id\":\"https:\\\/\\\/buletin.de\\\/bucuresti\\\/tunelul-predeal-ar-putea-reduce-drumul-cu-trenul-pe-ruta-bucuresti-brasov-cu-aproape-jumatate-de-ora-asociatia-pro-infrastructura\\\/#primaryimage\"},\"thumbnailUrl\":\"https:\\\/\\\/buletin.de\\\/bucuresti\\\/wp-content\\\/uploads\\\/2026\\\/04\\\/Tunelul-Predeal-ruta-feroviara-Bucuresti-Brasov.jpg\",\"keywords\":[\"Asociatia Pro Infrastructura\",\"Bucuresti - Brasov\",\"Predeal\",\"trenuri\",\"tunel feroviar\",\"tunel Predeal\"],\"articleSection\":[\"Articole\",\"\u0218tiri\",\"Transport\"],\"inLanguage\":\"en-GB\",\"copyrightYear\":\"2026\",\"copyrightHolder\":{\"@id\":\"https:\\\/\\\/buletin.de\\\/bucuresti\\\/#organization\"}},{\"@type\":\"WebPage\",\"@id\":\"https:\\\/\\\/buletin.de\\\/bucuresti\\\/tunelul-predeal-ar-putea-reduce-drumul-cu-trenul-pe-ruta-bucuresti-brasov-cu-aproape-jumatate-de-ora-asociatia-pro-infrastructura\\\/\",\"url\":\"https:\\\/\\\/buletin.de\\\/bucuresti\\\/tunelul-predeal-ar-putea-reduce-drumul-cu-trenul-pe-ruta-bucuresti-brasov-cu-aproape-jumatate-de-ora-asociatia-pro-infrastructura\\\/\",\"name\":\"Tunelul Predeal ar putea reduce drumul cu trenul, pe ruta Bucure\u0219ti - Bra\u0219ov, cu aproape jum\u0103tate de or\u0103 | Asocia\u021bia Pro Infrastructur\u0103 - Buletin de Bucure\u0219ti\",\"isPartOf\":{\"@id\":\"https:\\\/\\\/buletin.de\\\/bucuresti\\\/#website\"},\"primaryImageOfPage\":{\"@id\":\"https:\\\/\\\/buletin.de\\\/bucuresti\\\/tunelul-predeal-ar-putea-reduce-drumul-cu-trenul-pe-ruta-bucuresti-brasov-cu-aproape-jumatate-de-ora-asociatia-pro-infrastructura\\\/#primaryimage\"},\"image\":{\"@id\":\"https:\\\/\\\/buletin.de\\\/bucuresti\\\/tunelul-predeal-ar-putea-reduce-drumul-cu-trenul-pe-ruta-bucuresti-brasov-cu-aproape-jumatate-de-ora-asociatia-pro-infrastructura\\\/#primaryimage\"},\"thumbnailUrl\":\"https:\\\/\\\/buletin.de\\\/bucuresti\\\/wp-content\\\/uploads\\\/2026\\\/04\\\/Tunelul-Predeal-ruta-feroviara-Bucuresti-Brasov.jpg\",\"datePublished\":\"2026-04-08T10:43:29+00:00\",\"dateModified\":\"2026-04-08T10:43:30+00:00\",\"description\":\"Ruta Bucure\u0219ti - Bra\u0219ov va putea fi parcurs\u0103 mai rapid cu trenul, odat\u0103 ce este construit tunelul Predeal, \u00eentre Azuga \u0219i Timi\u0219u de Sus.\",\"breadcrumb\":{\"@id\":\"https:\\\/\\\/buletin.de\\\/bucuresti\\\/tunelul-predeal-ar-putea-reduce-drumul-cu-trenul-pe-ruta-bucuresti-brasov-cu-aproape-jumatate-de-ora-asociatia-pro-infrastructura\\\/#breadcrumb\"},\"inLanguage\":\"en-GB\",\"potentialAction\":[{\"@type\":\"ReadAction\",\"target\":[\"https:\\\/\\\/buletin.de\\\/bucuresti\\\/tunelul-predeal-ar-putea-reduce-drumul-cu-trenul-pe-ruta-bucuresti-brasov-cu-aproape-jumatate-de-ora-asociatia-pro-infrastructura\\\/\"]}]},{\"@type\":\"ImageObject\",\"inLanguage\":\"en-GB\",\"@id\":\"https:\\\/\\\/buletin.de\\\/bucuresti\\\/tunelul-predeal-ar-putea-reduce-drumul-cu-trenul-pe-ruta-bucuresti-brasov-cu-aproape-jumatate-de-ora-asociatia-pro-infrastructura\\\/#primaryimage\",\"url\":\"https:\\\/\\\/buletin.de\\\/bucuresti\\\/wp-content\\\/uploads\\\/2026\\\/04\\\/Tunelul-Predeal-ruta-feroviara-Bucuresti-Brasov.jpg\",\"contentUrl\":\"https:\\\/\\\/buletin.de\\\/bucuresti\\\/wp-content\\\/uploads\\\/2026\\\/04\\\/Tunelul-Predeal-ruta-feroviara-Bucuresti-Brasov.jpg\",\"width\":1200,\"height\":650,\"caption\":\"Ruta Bucure\u0219ti - Bra\u0219ov, mai rapid\u0103 cui trenul, prin tunelul Predeal. Foto: CFR\"},{\"@type\":\"BreadcrumbList\",\"@id\":\"https:\\\/\\\/buletin.de\\\/bucuresti\\\/tunelul-predeal-ar-putea-reduce-drumul-cu-trenul-pe-ruta-bucuresti-brasov-cu-aproape-jumatate-de-ora-asociatia-pro-infrastructura\\\/#breadcrumb\",\"itemListElement\":[{\"@type\":\"ListItem\",\"position\":1,\"name\":\"Acas\u0103\",\"item\":\"https:\\\/\\\/buletin.de\\\/bucuresti\\\/\"},{\"@type\":\"ListItem\",\"position\":2,\"name\":\"Tunelul Predeal ar putea reduce drumul cu trenul, pe ruta Bucure\u0219ti &#8211; Bra\u0219ov, cu aproape jum\u0103tate de or\u0103 | Asocia\u021bia Pro Infrastructur\u0103\"}]},{\"@type\":\"WebSite\",\"@id\":\"https:\\\/\\\/buletin.de\\\/bucuresti\\\/#website\",\"url\":\"https:\\\/\\\/buletin.de\\\/bucuresti\\\/\",\"name\":\"Buletin de Bucure\u0219ti\",\"description\":\"\u0218tiri \u0219i investiga\u021bii esen\u021biale din capital\u0103\",\"publisher\":{\"@id\":\"https:\\\/\\\/buletin.de\\\/bucuresti\\\/#organization\"},\"potentialAction\":[{\"@type\":\"SearchAction\",\"target\":{\"@type\":\"EntryPoint\",\"urlTemplate\":\"https:\\\/\\\/buletin.de\\\/bucuresti\\\/?s={search_term_string}\"},\"query-input\":{\"@type\":\"PropertyValueSpecification\",\"valueRequired\":true,\"valueName\":\"search_term_string\"}}],\"inLanguage\":\"en-GB\"},{\"@type\":\"Organization\",\"@id\":\"https:\\\/\\\/buletin.de\\\/bucuresti\\\/#organization\",\"name\":\"Buletin de Bucure\u0219ti\",\"url\":\"https:\\\/\\\/buletin.de\\\/bucuresti\\\/\",\"logo\":{\"@type\":\"ImageObject\",\"inLanguage\":\"en-GB\",\"@id\":\"https:\\\/\\\/buletin.de\\\/bucuresti\\\/#\\\/schema\\\/logo\\\/image\\\/\",\"url\":\"https:\\\/\\\/buletin.de\\\/bucuresti\\\/wp-content\\\/uploads\\\/logo-bdb-full-wide-vernil-transparent.png\",\"contentUrl\":\"https:\\\/\\\/buletin.de\\\/bucuresti\\\/wp-content\\\/uploads\\\/logo-bdb-full-wide-vernil-transparent.png\",\"width\":1782,\"height\":626,\"caption\":\"Buletin de Bucure\u0219ti\"},\"image\":{\"@id\":\"https:\\\/\\\/buletin.de\\\/bucuresti\\\/#\\\/schema\\\/logo\\\/image\\\/\"},\"sameAs\":[\"https:\\\/\\\/www.facebook.com\\\/buletin.de.buc\",\"https:\\\/\\\/www.instagram.com\\\/buletinde.bucuresti\\\/\"]},{\"@type\":\"Person\",\"@id\":\"https:\\\/\\\/buletin.de\\\/bucuresti\\\/#\\\/schema\\\/person\\\/81421a46fb84a0887cfd2238f5202586\",\"name\":\"Andreea St\u0103n\u0103r\u00eeng\u0103\",\"image\":{\"@type\":\"ImageObject\",\"inLanguage\":\"en-GB\",\"@id\":\"https:\\\/\\\/secure.gravatar.com\\\/avatar\\\/dfa8d227a4388fad0f0bb03add04b5b176f4da34397dbb2eadc563b3d7162ce0?s=96&d=monsterid&r=g72784372b39ffe5a98a45288fe0d0e8a\",\"url\":\"https:\\\/\\\/secure.gravatar.com\\\/avatar\\\/dfa8d227a4388fad0f0bb03add04b5b176f4da34397dbb2eadc563b3d7162ce0?s=96&d=monsterid&r=g\",\"contentUrl\":\"https:\\\/\\\/secure.gravatar.com\\\/avatar\\\/dfa8d227a4388fad0f0bb03add04b5b176f4da34397dbb2eadc563b3d7162ce0?s=96&d=monsterid&r=g\",\"caption\":\"Andreea St\u0103n\u0103r\u00eeng\u0103\"},\"description\":\"Cu o experien\u021b\u0103 de peste 5 ani \u00een pres\u0103, face parte din echipa Buletin de Bucure\u0219ti din septembrie 2025. A colaborat cu c\u00e2teva publica\u021bii, printre care \u0219i Fanatik.ro, unde s-a ocupat de \u0219tiri de lifestyle \u0219i de actualitate. A f\u0103cut un pas c\u0103tre presa local\u0103 pentru a explora Bucure\u0219tiul \u0219i pove\u0219tile care merit\u0103 spuse.\",\"url\":\"https:\\\/\\\/buletin.de\\\/bucuresti\\\/author\\\/andreea-stanaranga\\\/\"}]}<\/script>\n<!-- \/ Yoast SEO Premium plugin. -->","yoast_head_json":{"title":"Tunelul Predeal ar putea reduce drumul cu trenul, pe ruta Bucure\u0219ti - Bra\u0219ov, cu aproape jum\u0103tate de or\u0103 | Asocia\u021bia Pro Infrastructur\u0103 - Buletin de Bucure\u0219ti","description":"Ruta Bucure\u0219ti - Bra\u0219ov va putea fi parcurs\u0103 mai rapid cu trenul, odat\u0103 ce este construit tunelul Predeal, \u00eentre Azuga \u0219i Timi\u0219u de Sus.","robots":{"index":"index","follow":"follow","max-snippet":"max-snippet:-1","max-image-preview":"max-image-preview:large","max-video-preview":"max-video-preview:-1"},"canonical":"https:\/\/buletin.de\/bucuresti\/tunelul-predeal-ar-putea-reduce-drumul-cu-trenul-pe-ruta-bucuresti-brasov-cu-aproape-jumatate-de-ora-asociatia-pro-infrastructura\/","og_locale":"en_GB","og_type":"article","og_title":"Tunelul Predeal ar putea reduce drumul cu trenul, pe ruta Bucure\u0219ti - Bra\u0219ov, cu aproape jum\u0103tate de or\u0103 | Asocia\u021bia Pro Infrastructur\u0103","og_description":"Ruta Bucure\u0219ti - Bra\u0219ov va putea fi parcurs\u0103 mai rapid cu trenul, odat\u0103 ce este construit tunelul Predeal, \u00eentre Azuga \u0219i Timi\u0219u de Sus.","og_url":"https:\/\/buletin.de\/bucuresti\/tunelul-predeal-ar-putea-reduce-drumul-cu-trenul-pe-ruta-bucuresti-brasov-cu-aproape-jumatate-de-ora-asociatia-pro-infrastructura\/","og_site_name":"Buletin de Bucure\u0219ti","article_publisher":"https:\/\/www.facebook.com\/buletin.de.buc","article_published_time":"2026-04-08T10:43:29+00:00","article_modified_time":"2026-04-08T10:43:30+00:00","og_image":[{"width":1200,"height":650,"url":"https:\/\/buletin.de\/bucuresti\/wp-content\/uploads\/2026\/04\/Tunelul-Predeal-ruta-feroviara-Bucuresti-Brasov.jpg","type":"image\/jpeg"}],"author":"Andreea St\u0103n\u0103r\u00eeng\u0103","twitter_card":"summary_large_image","twitter_misc":{"Written by":"Andreea St\u0103n\u0103r\u00eeng\u0103","Estimated reading time":"4 minutes"},"schema":{"@context":"https:\/\/schema.org","@graph":[{"@type":"Article","@id":"https:\/\/buletin.de\/bucuresti\/tunelul-predeal-ar-putea-reduce-drumul-cu-trenul-pe-ruta-bucuresti-brasov-cu-aproape-jumatate-de-ora-asociatia-pro-infrastructura\/#article","isPartOf":{"@id":"https:\/\/buletin.de\/bucuresti\/tunelul-predeal-ar-putea-reduce-drumul-cu-trenul-pe-ruta-bucuresti-brasov-cu-aproape-jumatate-de-ora-asociatia-pro-infrastructura\/"},"author":{"name":"Andreea St\u0103n\u0103r\u00eeng\u0103","@id":"https:\/\/buletin.de\/bucuresti\/#\/schema\/person\/81421a46fb84a0887cfd2238f5202586"},"headline":"Tunelul Predeal ar putea reduce drumul cu trenul, pe ruta Bucure\u0219ti &#8211; Bra\u0219ov, cu aproape jum\u0103tate de or\u0103 | Asocia\u021bia Pro Infrastructur\u0103","datePublished":"2026-04-08T10:43:29+00:00","dateModified":"2026-04-08T10:43:30+00:00","mainEntityOfPage":{"@id":"https:\/\/buletin.de\/bucuresti\/tunelul-predeal-ar-putea-reduce-drumul-cu-trenul-pe-ruta-bucuresti-brasov-cu-aproape-jumatate-de-ora-asociatia-pro-infrastructura\/"},"wordCount":667,"publisher":{"@id":"https:\/\/buletin.de\/bucuresti\/#organization"},"image":{"@id":"https:\/\/buletin.de\/bucuresti\/tunelul-predeal-ar-putea-reduce-drumul-cu-trenul-pe-ruta-bucuresti-brasov-cu-aproape-jumatate-de-ora-asociatia-pro-infrastructura\/#primaryimage"},"thumbnailUrl":"https:\/\/buletin.de\/bucuresti\/wp-content\/uploads\/2026\/04\/Tunelul-Predeal-ruta-feroviara-Bucuresti-Brasov.jpg","keywords":["Asociatia Pro Infrastructura","Bucuresti - Brasov","Predeal","trenuri","tunel feroviar","tunel Predeal"],"articleSection":["Articole","\u0218tiri","Transport"],"inLanguage":"en-GB","copyrightYear":"2026","copyrightHolder":{"@id":"https:\/\/buletin.de\/bucuresti\/#organization"}},{"@type":"WebPage","@id":"https:\/\/buletin.de\/bucuresti\/tunelul-predeal-ar-putea-reduce-drumul-cu-trenul-pe-ruta-bucuresti-brasov-cu-aproape-jumatate-de-ora-asociatia-pro-infrastructura\/","url":"https:\/\/buletin.de\/bucuresti\/tunelul-predeal-ar-putea-reduce-drumul-cu-trenul-pe-ruta-bucuresti-brasov-cu-aproape-jumatate-de-ora-asociatia-pro-infrastructura\/","name":"Tunelul Predeal ar putea reduce drumul cu trenul, pe ruta Bucure\u0219ti - Bra\u0219ov, cu aproape jum\u0103tate de or\u0103 | Asocia\u021bia Pro Infrastructur\u0103 - Buletin de Bucure\u0219ti","isPartOf":{"@id":"https:\/\/buletin.de\/bucuresti\/#website"},"primaryImageOfPage":{"@id":"https:\/\/buletin.de\/bucuresti\/tunelul-predeal-ar-putea-reduce-drumul-cu-trenul-pe-ruta-bucuresti-brasov-cu-aproape-jumatate-de-ora-asociatia-pro-infrastructura\/#primaryimage"},"image":{"@id":"https:\/\/buletin.de\/bucuresti\/tunelul-predeal-ar-putea-reduce-drumul-cu-trenul-pe-ruta-bucuresti-brasov-cu-aproape-jumatate-de-ora-asociatia-pro-infrastructura\/#primaryimage"},"thumbnailUrl":"https:\/\/buletin.de\/bucuresti\/wp-content\/uploads\/2026\/04\/Tunelul-Predeal-ruta-feroviara-Bucuresti-Brasov.jpg","datePublished":"2026-04-08T10:43:29+00:00","dateModified":"2026-04-08T10:43:30+00:00","description":"Ruta Bucure\u0219ti - Bra\u0219ov va putea fi parcurs\u0103 mai rapid cu trenul, odat\u0103 ce este construit tunelul Predeal, \u00eentre Azuga \u0219i Timi\u0219u de Sus.","breadcrumb":{"@id":"https:\/\/buletin.de\/bucuresti\/tunelul-predeal-ar-putea-reduce-drumul-cu-trenul-pe-ruta-bucuresti-brasov-cu-aproape-jumatate-de-ora-asociatia-pro-infrastructura\/#breadcrumb"},"inLanguage":"en-GB","potentialAction":[{"@type":"ReadAction","target":["https:\/\/buletin.de\/bucuresti\/tunelul-predeal-ar-putea-reduce-drumul-cu-trenul-pe-ruta-bucuresti-brasov-cu-aproape-jumatate-de-ora-asociatia-pro-infrastructura\/"]}]},{"@type":"ImageObject","inLanguage":"en-GB","@id":"https:\/\/buletin.de\/bucuresti\/tunelul-predeal-ar-putea-reduce-drumul-cu-trenul-pe-ruta-bucuresti-brasov-cu-aproape-jumatate-de-ora-asociatia-pro-infrastructura\/#primaryimage","url":"https:\/\/buletin.de\/bucuresti\/wp-content\/uploads\/2026\/04\/Tunelul-Predeal-ruta-feroviara-Bucuresti-Brasov.jpg","contentUrl":"https:\/\/buletin.de\/bucuresti\/wp-content\/uploads\/2026\/04\/Tunelul-Predeal-ruta-feroviara-Bucuresti-Brasov.jpg","width":1200,"height":650,"caption":"Ruta Bucure\u0219ti - Bra\u0219ov, mai rapid\u0103 cui trenul, prin tunelul Predeal. Foto: CFR"},{"@type":"BreadcrumbList","@id":"https:\/\/buletin.de\/bucuresti\/tunelul-predeal-ar-putea-reduce-drumul-cu-trenul-pe-ruta-bucuresti-brasov-cu-aproape-jumatate-de-ora-asociatia-pro-infrastructura\/#breadcrumb","itemListElement":[{"@type":"ListItem","position":1,"name":"Acas\u0103","item":"https:\/\/buletin.de\/bucuresti\/"},{"@type":"ListItem","position":2,"name":"Tunelul Predeal ar putea reduce drumul cu trenul, pe ruta Bucure\u0219ti &#8211; Bra\u0219ov, cu aproape jum\u0103tate de or\u0103 | Asocia\u021bia Pro Infrastructur\u0103"}]},{"@type":"WebSite","@id":"https:\/\/buletin.de\/bucuresti\/#website","url":"https:\/\/buletin.de\/bucuresti\/","name":"Buletin de Bucure\u0219ti","description":"\u0218tiri \u0219i investiga\u021bii esen\u021biale din capital\u0103","publisher":{"@id":"https:\/\/buletin.de\/bucuresti\/#organization"},"potentialAction":[{"@type":"SearchAction","target":{"@type":"EntryPoint","urlTemplate":"https:\/\/buletin.de\/bucuresti\/?s={search_term_string}"},"query-input":{"@type":"PropertyValueSpecification","valueRequired":true,"valueName":"search_term_string"}}],"inLanguage":"en-GB"},{"@type":"Organization","@id":"https:\/\/buletin.de\/bucuresti\/#organization","name":"Buletin de Bucure\u0219ti","url":"https:\/\/buletin.de\/bucuresti\/","logo":{"@type":"ImageObject","inLanguage":"en-GB","@id":"https:\/\/buletin.de\/bucuresti\/#\/schema\/logo\/image\/","url":"https:\/\/buletin.de\/bucuresti\/wp-content\/uploads\/logo-bdb-full-wide-vernil-transparent.png","contentUrl":"https:\/\/buletin.de\/bucuresti\/wp-content\/uploads\/logo-bdb-full-wide-vernil-transparent.png","width":1782,"height":626,"caption":"Buletin de Bucure\u0219ti"},"image":{"@id":"https:\/\/buletin.de\/bucuresti\/#\/schema\/logo\/image\/"},"sameAs":["https:\/\/www.facebook.com\/buletin.de.buc","https:\/\/www.instagram.com\/buletinde.bucuresti\/"]},{"@type":"Person","@id":"https:\/\/buletin.de\/bucuresti\/#\/schema\/person\/81421a46fb84a0887cfd2238f5202586","name":"Andreea St\u0103n\u0103r\u00eeng\u0103","image":{"@type":"ImageObject","inLanguage":"en-GB","@id":"https:\/\/secure.gravatar.com\/avatar\/dfa8d227a4388fad0f0bb03add04b5b176f4da34397dbb2eadc563b3d7162ce0?s=96&d=monsterid&r=g72784372b39ffe5a98a45288fe0d0e8a","url":"https:\/\/secure.gravatar.com\/avatar\/dfa8d227a4388fad0f0bb03add04b5b176f4da34397dbb2eadc563b3d7162ce0?s=96&d=monsterid&r=g","contentUrl":"https:\/\/secure.gravatar.com\/avatar\/dfa8d227a4388fad0f0bb03add04b5b176f4da34397dbb2eadc563b3d7162ce0?s=96&d=monsterid&r=g","caption":"Andreea St\u0103n\u0103r\u00eeng\u0103"},"description":"Cu o experien\u021b\u0103 de peste 5 ani \u00een pres\u0103, face parte din echipa Buletin de Bucure\u0219ti din septembrie 2025. A colaborat cu c\u00e2teva publica\u021bii, printre care \u0219i Fanatik.ro, unde s-a ocupat de \u0219tiri de lifestyle \u0219i de actualitate. A f\u0103cut un pas c\u0103tre presa local\u0103 pentru a explora Bucure\u0219tiul \u0219i pove\u0219tile care merit\u0103 spuse.","url":"https:\/\/buletin.de\/bucuresti\/author\/andreea-stanaranga\/"}]}},"authors":[{"term_id":23912,"user_id":65,"is_guest":0,"slug":"andreea-stanaranga","display_name":"Andreea St\u0103n\u0103r\u00eeng\u0103","avatar_url":"https:\/\/secure.gravatar.com\/avatar\/dfa8d227a4388fad0f0bb03add04b5b176f4da34397dbb2eadc563b3d7162ce0?s=96&d=monsterid&r=g","0":null,"1":"","2":"","3":"","4":"","5":"","6":"","7":"","8":""}],"_links":{"self":[{"href":"https:\/\/buletin.de\/bucuresti\/wp-json\/wp\/v2\/posts\/185775","targetHints":{"allow":["GET"]}}],"collection":[{"href":"https:\/\/buletin.de\/bucuresti\/wp-json\/wp\/v2\/posts"}],"about":[{"href":"https:\/\/buletin.de\/bucuresti\/wp-json\/wp\/v2\/types\/post"}],"author":[{"embeddable":true,"href":"https:\/\/buletin.de\/bucuresti\/wp-json\/wp\/v2\/users\/65"}],"replies":[{"embeddable":true,"href":"https:\/\/buletin.de\/bucuresti\/wp-json\/wp\/v2\/comments?post=185775"}],"version-history":[{"count":11,"href":"https:\/\/buletin.de\/bucuresti\/wp-json\/wp\/v2\/posts\/185775\/revisions"}],"predecessor-version":[{"id":185811,"href":"https:\/\/buletin.de\/bucuresti\/wp-json\/wp\/v2\/posts\/185775\/revisions\/185811"}],"wp:featuredmedia":[{"embeddable":true,"href":"https:\/\/buletin.de\/bucuresti\/wp-json\/wp\/v2\/media\/185800"}],"wp:attachment":[{"href":"https:\/\/buletin.de\/bucuresti\/wp-json\/wp\/v2\/media?parent=185775"}],"wp:term":[{"taxonomy":"category","embeddable":true,"href":"https:\/\/buletin.de\/bucuresti\/wp-json\/wp\/v2\/categories?post=185775"},{"taxonomy":"post_tag","embeddable":true,"href":"https:\/\/buletin.de\/bucuresti\/wp-json\/wp\/v2\/tags?post=185775"},{"taxonomy":"author","embeddable":true,"href":"https:\/\/buletin.de\/bucuresti\/wp-json\/wp\/v2\/ppma_author?post=185775"}],"curies":[{"name":"wp","href":"https:\/\/api.w.org\/{rel}","templated":true}]}}