{"id":185675,"date":"2026-04-07T18:48:00","date_gmt":"2026-04-07T16:48:00","guid":{"rendered":"https:\/\/buletin.de\/bucuresti\/?p=185675"},"modified":"2026-04-07T19:59:13","modified_gmt":"2026-04-07T17:59:13","slug":"lucrarile-la-linia-de-tramvai-de-pe-bulevardul-expozitiei-sunt-aproape-gata-care-este-termenul-estimat-pentru-finalizare","status":"publish","type":"post","link":"https:\/\/buletin.de\/bucuresti\/lucrarile-la-linia-de-tramvai-de-pe-bulevardul-expozitiei-sunt-aproape-gata-care-este-termenul-estimat-pentru-finalizare\/","title":{"rendered":"Lucr\u0103rile la linia de tramvai de pe Bulevardul Expozi\u021biei sunt aproape gata. Care este termenul estimat pentru finalizare"},"content":{"rendered":"\n<p><strong>Lucr\u0103rile la linia de tramvai de pe Bulevardul Expozi\u021biei, parte din Lotul 11, au ajuns \u00eentr-un stadiu avansat. Constructorul a anun\u021bat c\u0103 aproximativ 90% din lot este finalizat, scrie <a href=\"https:\/\/mobilitate.eu\/lot-11-modernizare-expo7apr\/?fbclid=IwY2xjawRB3eBleHRuA2FlbQIxMABicmlkETBnMklNY1JiNW1obWVwZUg0c3J0YwZhcHBfaWQQMjIyMDM5MTc4ODIwMDg5MgABHuvAtVWqG6b2gb05eo6TcuPuI-Vewv-HMLGkWKiiYllX1ZC1QqMN0D6R_D06_aem_EbGT4tDgsEmcQnVcSmVtvg\" type=\"link\" id=\"https:\/\/mobilitate.eu\/lot-11-modernizare-expo7apr\/?fbclid=IwY2xjawRB3eBleHRuA2FlbQIxMABicmlkETBnMklNY1JiNW1obWVwZUg0c3J0YwZhcHBfaWQQMjIyMDM5MTc4ODIwMDg5MgABHuvAtVWqG6b2gb05eo6TcuPuI-Vewv-HMLGkWKiiYllX1ZC1QqMN0D6R_D06_aem_EbGT4tDgsEmcQnVcSmVtvg\" target=\"_blank\" rel=\"noreferrer noopener\">Mobilitate.eu<\/a>. <\/strong><\/p>\n\n\n\n<p>PORR este compania care se ocup\u0103 de lucr\u0103rile de modernizare a liniilor de tramvai. <\/p>\n\n\n\n<p>CITE\u0218TE \u0218I <a href=\"https:\/\/buletin.de\/bucuresti\/linia-de-tramvai-de-pe-bulevardul-expozitiei-ar-putea-fi-gata-in-aprilie-progres-semnificativ-pe-santier\/\" type=\"link\" id=\"https:\/\/buletin.de\/bucuresti\/linia-de-tramvai-de-pe-bulevardul-expozitiei-ar-putea-fi-gata-in-aprilie-progres-semnificativ-pe-santier\/\" target=\"_blank\" rel=\"noreferrer noopener\">Linia de tramvai de pe Bulevardul Expozi\u021biei ar putea fi gata \u00een aprilie. Progres semnificativ \u0219i pe Bulevardul Chi\u0219in\u0103u<\/a><\/p>\n\n\n\n<h2 class=\"wp-block-heading\" id=\"h-cum-avanseaza-lucrarile-la-liniile-de-tramvai-pe-bulevardul-expozi\u021biei\">Cum avanseaz\u0103 lucr\u0103rile la liniile de tramvai pe Bulevardul Expozi\u021biei <\/h2>\n\n\n\n<p>\u00cen prezent, se lucreaz\u0103 la peroane, refugii \u0219i finisajele sta\u021biilor pe tot Bulevardul Expozi\u021biei. De asemenea, este montat\u0103 \u0219i re\u021beaua de contact, iar amenajarea peisagistic\u0103 este realizat\u0103 aproape \u00een totalitate. <\/p>\n\n\n\n<p>\u00cen zona buclei Expozi\u021biei, peroanele se apropie de finalizare. Au mai r\u0103mas de realizat finisajele \u0219i copertinele. \u00cen acest caz, finalizarea \u0219i realizarea amenaj\u0103rii peisagistice urmeaz\u0103 s\u0103 aib\u0103 loc la demontarea organiz\u0103rii de \u0219antier. Tot aici a \u00eenceput finisarea cu placajele din granit a peroanelor. <\/p>\n\n\n\n<p>Lucr\u0103rile avanseaz\u0103 \u0219i pe ultimul tronson, unde trebuie construit\u0103 calea de rulare, Strada Cl\u0103bucet, unde a fost betonat primul tronson de \u0219in\u0103 nou\u0103. <\/p>\n\n\n\n<p>Interven\u021biile vor continua dup\u0103 finalizarea lucr\u0103rilor la re\u021belele edilitare. Potrivit estim\u0103rilor PORR, se va interveni pe restul str\u0103zii la finalul lunii aprilie, pentru ca \u00een mai s\u0103 \u00eencheie lucr\u0103rile. <\/p>\n\n\n\n<p><strong>Toate lucr\u0103rile ar putea fi \u00eencheiate la 1 iunie 2026, dup\u0103 care urmeaz\u0103 procedurile de recep\u021bie \u0219i punere \u00een func\u021biune. <\/strong><\/p>\n\n\n\n<h2 class=\"wp-block-heading\" id=\"h-lucrarile-reluate-la-inceputul-acestui-an\">Lucr\u0103rile, reluate la \u00eenceputul acestui an <\/h2>\n\n\n\n<p>La \u00eenceputul anului 2026, <a href=\"https:\/\/buletin.de\/bucuresti\/cum-vor-arata-noile-refugii-de-tramvai-din-bucuresti-primele-sunt-in-constructie-pe-bulevardul-expozitiei-club-feroviar\/\" type=\"link\" id=\"https:\/\/buletin.de\/bucuresti\/cum-vor-arata-noile-refugii-de-tramvai-din-bucuresti-primele-sunt-in-constructie-pe-bulevardul-expozitiei-club-feroviar\/\" target=\"_blank\" rel=\"noreferrer noopener\">lucr\u0103rile de pe Bulevardul Expozi\u021biei<\/a> au fost reluate, iar PORR a accelerat ritmul interven\u021biilor. <\/p>\n\n\n\n<p>Lotul 11, \u201eReabilitare sistem rutier pe Bulevardul Expozi\u021biei, Strada Aviator Popi\u0219teanu, Strada Pu\u021bul lui Cr\u0103ciun, Strada Dornei \u0219i Strada Cl\u0103bucet\u201d, are 2 kilometri, iar \u0219ase dintre cele opt peroane erau deja finalizate la nivel de bordur\u0103 \u0219i funda\u021bie, \u00een februarie. <\/p>\n\n\n\n<p>Tot \u00een februarie, <a href=\"https:\/\/clubferoviar.ro\/refugii-de-tramvai-bucuresti-porr\/\" type=\"link\" id=\"https:\/\/clubferoviar.ro\/refugii-de-tramvai-bucuresti-porr\/\" target=\"_blank\" rel=\"noreferrer noopener\">Club Feroviar<\/a> a prezentat cum vor ar\u0103ta noile refugii de tramvai montate pe Bulevardul Expozi\u021biei.<\/p>\n\n\n\n<p>CITE\u0218TE \u0218I <a href=\"https:\/\/buletin.de\/bucuresti\/restrictii-de-circulatie-pe-autostrada-a1-bucuresti-pitesti-se-fac-lucrari-de-reparatii\/\" target=\"_blank\" rel=\"noreferrer noopener\">Restric\u021bii de circula\u021bie pe Autostrada A1 Bucure\u0219ti-Pite\u0219ti. Se fac lucr\u0103ri de repara\u021bii<\/a><\/p>\n\n\n\n<p><\/p>\n","protected":false},"excerpt":{"rendered":"<p>Lucr\u0103rile la linia de tramvai de pe Bulevardul Expozi\u021biei, parte din Lotul 11, au ajuns \u00eentr-un stadiu avansat. Constructorul a anun\u021bat c\u0103 aproximativ 90% din lot este finalizat, scrie Mobilitate.eu. PORR este compania care se ocup\u0103 de lucr\u0103rile de modernizare a liniilor de tramvai. CITE\u0218TE \u0218I Linia de tramvai de pe Bulevardul Expozi\u021biei ar putea [&hellip;]<\/p>\n","protected":false},"author":65,"featured_media":185689,"comment_status":"closed","ping_status":"open","sticky":false,"template":"","format":"standard","meta":{"_acf_changed":false,"inline_featured_image":false,"ngg_post_thumbnail":0,"footnotes":""},"categories":[6994,62,650],"tags":[19102,4543,7725,19834],"ppma_author":[23912],"class_list":["post-185675","post","type-post","status-publish","format-standard","has-post-thumbnail","hentry","category-stiri-2","category-stiri","category-transport","tag-bulevardul-expozitiei","tag-linii-de-tramvai","tag-modernizare-linii-de-tramvai","tag-porr"],"acf":[],"yoast_head":"<!-- This site is optimized with the Yoast SEO Premium plugin v25.3 (Yoast SEO v27.4) - https:\/\/yoast.com\/product\/yoast-seo-premium-wordpress\/ -->\n<title>Lucr\u0103rile la linia de tramvai de pe Bulevardul Expozi\u021biei sunt aproape gata. Care este termenul estimat pentru finalizare - Buletin de Bucure\u0219ti<\/title>\n<meta name=\"description\" content=\"Lucr\u0103rile la linia de tramvai de pe Bulevardul Expozi\u021biei, parte din Lotul 11, au ajuns \u00eentr-un stadiu avansat.\" \/>\n<meta name=\"robots\" content=\"index, follow, max-snippet:-1, max-image-preview:large, max-video-preview:-1\" \/>\n<link rel=\"canonical\" href=\"https:\/\/buletin.de\/bucuresti\/lucrarile-la-linia-de-tramvai-de-pe-bulevardul-expozitiei-sunt-aproape-gata-care-este-termenul-estimat-pentru-finalizare\/\" \/>\n<meta property=\"og:locale\" content=\"en_GB\" \/>\n<meta property=\"og:type\" content=\"article\" \/>\n<meta property=\"og:title\" content=\"Lucr\u0103rile la linia de tramvai de pe Bulevardul Expozi\u021biei sunt aproape gata. Care este termenul estimat pentru finalizare\" \/>\n<meta property=\"og:description\" content=\"Lucr\u0103rile la linia de tramvai de pe Bulevardul Expozi\u021biei, parte din Lotul 11, au ajuns \u00eentr-un stadiu avansat.\" \/>\n<meta property=\"og:url\" content=\"https:\/\/buletin.de\/bucuresti\/lucrarile-la-linia-de-tramvai-de-pe-bulevardul-expozitiei-sunt-aproape-gata-care-este-termenul-estimat-pentru-finalizare\/\" \/>\n<meta property=\"og:site_name\" content=\"Buletin de Bucure\u0219ti\" \/>\n<meta property=\"article:publisher\" content=\"https:\/\/www.facebook.com\/buletin.de.buc\" \/>\n<meta property=\"article:published_time\" content=\"2026-04-07T16:48:00+00:00\" \/>\n<meta property=\"article:modified_time\" content=\"2026-04-07T17:59:13+00:00\" \/>\n<meta property=\"og:image\" content=\"https:\/\/buletin.de\/bucuresti\/wp-content\/uploads\/2026\/04\/Lucrarile-la-linia-de-tramvai-Bulevardul-Expozitiei-1.jpg\" \/>\n\t<meta property=\"og:image:width\" content=\"1200\" \/>\n\t<meta property=\"og:image:height\" content=\"650\" \/>\n\t<meta property=\"og:image:type\" content=\"image\/jpeg\" \/>\n<meta name=\"author\" content=\"Andreea St\u0103n\u0103r\u00eeng\u0103\" \/>\n<meta name=\"twitter:card\" content=\"summary_large_image\" \/>\n<meta name=\"twitter:label1\" content=\"Written by\" \/>\n\t<meta name=\"twitter:data1\" content=\"Andreea St\u0103n\u0103r\u00eeng\u0103\" \/>\n\t<meta name=\"twitter:label2\" content=\"Estimated reading time\" \/>\n\t<meta name=\"twitter:data2\" content=\"2 minutes\" \/>\n<script type=\"application\/ld+json\" class=\"yoast-schema-graph\">{\"@context\":\"https:\\\/\\\/schema.org\",\"@graph\":[{\"@type\":\"Article\",\"@id\":\"https:\\\/\\\/buletin.de\\\/bucuresti\\\/lucrarile-la-linia-de-tramvai-de-pe-bulevardul-expozitiei-sunt-aproape-gata-care-este-termenul-estimat-pentru-finalizare\\\/#article\",\"isPartOf\":{\"@id\":\"https:\\\/\\\/buletin.de\\\/bucuresti\\\/lucrarile-la-linia-de-tramvai-de-pe-bulevardul-expozitiei-sunt-aproape-gata-care-este-termenul-estimat-pentru-finalizare\\\/\"},\"author\":{\"name\":\"Andreea St\u0103n\u0103r\u00eeng\u0103\",\"@id\":\"https:\\\/\\\/buletin.de\\\/bucuresti\\\/#\\\/schema\\\/person\\\/81421a46fb84a0887cfd2238f5202586\"},\"headline\":\"Lucr\u0103rile la linia de tramvai de pe Bulevardul Expozi\u021biei sunt aproape gata. Care este termenul estimat pentru finalizare\",\"datePublished\":\"2026-04-07T16:48:00+00:00\",\"dateModified\":\"2026-04-07T17:59:13+00:00\",\"mainEntityOfPage\":{\"@id\":\"https:\\\/\\\/buletin.de\\\/bucuresti\\\/lucrarile-la-linia-de-tramvai-de-pe-bulevardul-expozitiei-sunt-aproape-gata-care-este-termenul-estimat-pentru-finalizare\\\/\"},\"wordCount\":379,\"publisher\":{\"@id\":\"https:\\\/\\\/buletin.de\\\/bucuresti\\\/#organization\"},\"image\":{\"@id\":\"https:\\\/\\\/buletin.de\\\/bucuresti\\\/lucrarile-la-linia-de-tramvai-de-pe-bulevardul-expozitiei-sunt-aproape-gata-care-este-termenul-estimat-pentru-finalizare\\\/#primaryimage\"},\"thumbnailUrl\":\"https:\\\/\\\/buletin.de\\\/bucuresti\\\/wp-content\\\/uploads\\\/2026\\\/04\\\/Lucrarile-la-linia-de-tramvai-Bulevardul-Expozitiei-1.jpg\",\"keywords\":[\"Bulevardul Expozi\u021biei\",\"linii de tramvai\",\"Modernizare linii de tramvai\",\"porr\"],\"articleSection\":[\"Articole\",\"\u0218tiri\",\"Transport\"],\"inLanguage\":\"en-GB\",\"copyrightYear\":\"2026\",\"copyrightHolder\":{\"@id\":\"https:\\\/\\\/buletin.de\\\/bucuresti\\\/#organization\"}},{\"@type\":\"WebPage\",\"@id\":\"https:\\\/\\\/buletin.de\\\/bucuresti\\\/lucrarile-la-linia-de-tramvai-de-pe-bulevardul-expozitiei-sunt-aproape-gata-care-este-termenul-estimat-pentru-finalizare\\\/\",\"url\":\"https:\\\/\\\/buletin.de\\\/bucuresti\\\/lucrarile-la-linia-de-tramvai-de-pe-bulevardul-expozitiei-sunt-aproape-gata-care-este-termenul-estimat-pentru-finalizare\\\/\",\"name\":\"Lucr\u0103rile la linia de tramvai de pe Bulevardul Expozi\u021biei sunt aproape gata. Care este termenul estimat pentru finalizare - Buletin de Bucure\u0219ti\",\"isPartOf\":{\"@id\":\"https:\\\/\\\/buletin.de\\\/bucuresti\\\/#website\"},\"primaryImageOfPage\":{\"@id\":\"https:\\\/\\\/buletin.de\\\/bucuresti\\\/lucrarile-la-linia-de-tramvai-de-pe-bulevardul-expozitiei-sunt-aproape-gata-care-este-termenul-estimat-pentru-finalizare\\\/#primaryimage\"},\"image\":{\"@id\":\"https:\\\/\\\/buletin.de\\\/bucuresti\\\/lucrarile-la-linia-de-tramvai-de-pe-bulevardul-expozitiei-sunt-aproape-gata-care-este-termenul-estimat-pentru-finalizare\\\/#primaryimage\"},\"thumbnailUrl\":\"https:\\\/\\\/buletin.de\\\/bucuresti\\\/wp-content\\\/uploads\\\/2026\\\/04\\\/Lucrarile-la-linia-de-tramvai-Bulevardul-Expozitiei-1.jpg\",\"datePublished\":\"2026-04-07T16:48:00+00:00\",\"dateModified\":\"2026-04-07T17:59:13+00:00\",\"description\":\"Lucr\u0103rile la linia de tramvai de pe Bulevardul Expozi\u021biei, parte din Lotul 11, au ajuns \u00eentr-un stadiu avansat.\",\"breadcrumb\":{\"@id\":\"https:\\\/\\\/buletin.de\\\/bucuresti\\\/lucrarile-la-linia-de-tramvai-de-pe-bulevardul-expozitiei-sunt-aproape-gata-care-este-termenul-estimat-pentru-finalizare\\\/#breadcrumb\"},\"inLanguage\":\"en-GB\",\"potentialAction\":[{\"@type\":\"ReadAction\",\"target\":[\"https:\\\/\\\/buletin.de\\\/bucuresti\\\/lucrarile-la-linia-de-tramvai-de-pe-bulevardul-expozitiei-sunt-aproape-gata-care-este-termenul-estimat-pentru-finalizare\\\/\"]}]},{\"@type\":\"ImageObject\",\"inLanguage\":\"en-GB\",\"@id\":\"https:\\\/\\\/buletin.de\\\/bucuresti\\\/lucrarile-la-linia-de-tramvai-de-pe-bulevardul-expozitiei-sunt-aproape-gata-care-este-termenul-estimat-pentru-finalizare\\\/#primaryimage\",\"url\":\"https:\\\/\\\/buletin.de\\\/bucuresti\\\/wp-content\\\/uploads\\\/2026\\\/04\\\/Lucrarile-la-linia-de-tramvai-Bulevardul-Expozitiei-1.jpg\",\"contentUrl\":\"https:\\\/\\\/buletin.de\\\/bucuresti\\\/wp-content\\\/uploads\\\/2026\\\/04\\\/Lucrarile-la-linia-de-tramvai-Bulevardul-Expozitiei-1.jpg\",\"width\":1200,\"height\":650,\"caption\":\"Lucr\u0103rile la linia de tramvai Bulevardul Expozi\u021biei, aproape de finalizare. Foto: Mobilitate.eu\"},{\"@type\":\"BreadcrumbList\",\"@id\":\"https:\\\/\\\/buletin.de\\\/bucuresti\\\/lucrarile-la-linia-de-tramvai-de-pe-bulevardul-expozitiei-sunt-aproape-gata-care-este-termenul-estimat-pentru-finalizare\\\/#breadcrumb\",\"itemListElement\":[{\"@type\":\"ListItem\",\"position\":1,\"name\":\"Acas\u0103\",\"item\":\"https:\\\/\\\/buletin.de\\\/bucuresti\\\/\"},{\"@type\":\"ListItem\",\"position\":2,\"name\":\"Lucr\u0103rile la linia de tramvai de pe Bulevardul Expozi\u021biei sunt aproape gata. Care este termenul estimat pentru finalizare\"}]},{\"@type\":\"WebSite\",\"@id\":\"https:\\\/\\\/buletin.de\\\/bucuresti\\\/#website\",\"url\":\"https:\\\/\\\/buletin.de\\\/bucuresti\\\/\",\"name\":\"Buletin de Bucure\u0219ti\",\"description\":\"\u0218tiri \u0219i investiga\u021bii esen\u021biale din capital\u0103\",\"publisher\":{\"@id\":\"https:\\\/\\\/buletin.de\\\/bucuresti\\\/#organization\"},\"potentialAction\":[{\"@type\":\"SearchAction\",\"target\":{\"@type\":\"EntryPoint\",\"urlTemplate\":\"https:\\\/\\\/buletin.de\\\/bucuresti\\\/?s={search_term_string}\"},\"query-input\":{\"@type\":\"PropertyValueSpecification\",\"valueRequired\":true,\"valueName\":\"search_term_string\"}}],\"inLanguage\":\"en-GB\"},{\"@type\":\"Organization\",\"@id\":\"https:\\\/\\\/buletin.de\\\/bucuresti\\\/#organization\",\"name\":\"Buletin de Bucure\u0219ti\",\"url\":\"https:\\\/\\\/buletin.de\\\/bucuresti\\\/\",\"logo\":{\"@type\":\"ImageObject\",\"inLanguage\":\"en-GB\",\"@id\":\"https:\\\/\\\/buletin.de\\\/bucuresti\\\/#\\\/schema\\\/logo\\\/image\\\/\",\"url\":\"https:\\\/\\\/buletin.de\\\/bucuresti\\\/wp-content\\\/uploads\\\/logo-bdb-full-wide-vernil-transparent.png\",\"contentUrl\":\"https:\\\/\\\/buletin.de\\\/bucuresti\\\/wp-content\\\/uploads\\\/logo-bdb-full-wide-vernil-transparent.png\",\"width\":1782,\"height\":626,\"caption\":\"Buletin de Bucure\u0219ti\"},\"image\":{\"@id\":\"https:\\\/\\\/buletin.de\\\/bucuresti\\\/#\\\/schema\\\/logo\\\/image\\\/\"},\"sameAs\":[\"https:\\\/\\\/www.facebook.com\\\/buletin.de.buc\",\"https:\\\/\\\/www.instagram.com\\\/buletinde.bucuresti\\\/\"]},{\"@type\":\"Person\",\"@id\":\"https:\\\/\\\/buletin.de\\\/bucuresti\\\/#\\\/schema\\\/person\\\/81421a46fb84a0887cfd2238f5202586\",\"name\":\"Andreea St\u0103n\u0103r\u00eeng\u0103\",\"image\":{\"@type\":\"ImageObject\",\"inLanguage\":\"en-GB\",\"@id\":\"https:\\\/\\\/secure.gravatar.com\\\/avatar\\\/dfa8d227a4388fad0f0bb03add04b5b176f4da34397dbb2eadc563b3d7162ce0?s=96&d=monsterid&r=g72784372b39ffe5a98a45288fe0d0e8a\",\"url\":\"https:\\\/\\\/secure.gravatar.com\\\/avatar\\\/dfa8d227a4388fad0f0bb03add04b5b176f4da34397dbb2eadc563b3d7162ce0?s=96&d=monsterid&r=g\",\"contentUrl\":\"https:\\\/\\\/secure.gravatar.com\\\/avatar\\\/dfa8d227a4388fad0f0bb03add04b5b176f4da34397dbb2eadc563b3d7162ce0?s=96&d=monsterid&r=g\",\"caption\":\"Andreea St\u0103n\u0103r\u00eeng\u0103\"},\"description\":\"Cu o experien\u021b\u0103 de peste 5 ani \u00een pres\u0103, face parte din echipa Buletin de Bucure\u0219ti din septembrie 2025. A colaborat cu c\u00e2teva publica\u021bii, printre care \u0219i Fanatik.ro, unde s-a ocupat de \u0219tiri de lifestyle \u0219i de actualitate. A f\u0103cut un pas c\u0103tre presa local\u0103 pentru a explora Bucure\u0219tiul \u0219i pove\u0219tile care merit\u0103 spuse.\",\"url\":\"https:\\\/\\\/buletin.de\\\/bucuresti\\\/author\\\/andreea-stanaranga\\\/\"}]}<\/script>\n<!-- \/ Yoast SEO Premium plugin. -->","yoast_head_json":{"title":"Lucr\u0103rile la linia de tramvai de pe Bulevardul Expozi\u021biei sunt aproape gata. Care este termenul estimat pentru finalizare - Buletin de Bucure\u0219ti","description":"Lucr\u0103rile la linia de tramvai de pe Bulevardul Expozi\u021biei, parte din Lotul 11, au ajuns \u00eentr-un stadiu avansat.","robots":{"index":"index","follow":"follow","max-snippet":"max-snippet:-1","max-image-preview":"max-image-preview:large","max-video-preview":"max-video-preview:-1"},"canonical":"https:\/\/buletin.de\/bucuresti\/lucrarile-la-linia-de-tramvai-de-pe-bulevardul-expozitiei-sunt-aproape-gata-care-este-termenul-estimat-pentru-finalizare\/","og_locale":"en_GB","og_type":"article","og_title":"Lucr\u0103rile la linia de tramvai de pe Bulevardul Expozi\u021biei sunt aproape gata. Care este termenul estimat pentru finalizare","og_description":"Lucr\u0103rile la linia de tramvai de pe Bulevardul Expozi\u021biei, parte din Lotul 11, au ajuns \u00eentr-un stadiu avansat.","og_url":"https:\/\/buletin.de\/bucuresti\/lucrarile-la-linia-de-tramvai-de-pe-bulevardul-expozitiei-sunt-aproape-gata-care-este-termenul-estimat-pentru-finalizare\/","og_site_name":"Buletin de Bucure\u0219ti","article_publisher":"https:\/\/www.facebook.com\/buletin.de.buc","article_published_time":"2026-04-07T16:48:00+00:00","article_modified_time":"2026-04-07T17:59:13+00:00","og_image":[{"width":1200,"height":650,"url":"https:\/\/buletin.de\/bucuresti\/wp-content\/uploads\/2026\/04\/Lucrarile-la-linia-de-tramvai-Bulevardul-Expozitiei-1.jpg","type":"image\/jpeg"}],"author":"Andreea St\u0103n\u0103r\u00eeng\u0103","twitter_card":"summary_large_image","twitter_misc":{"Written by":"Andreea St\u0103n\u0103r\u00eeng\u0103","Estimated reading time":"2 minutes"},"schema":{"@context":"https:\/\/schema.org","@graph":[{"@type":"Article","@id":"https:\/\/buletin.de\/bucuresti\/lucrarile-la-linia-de-tramvai-de-pe-bulevardul-expozitiei-sunt-aproape-gata-care-este-termenul-estimat-pentru-finalizare\/#article","isPartOf":{"@id":"https:\/\/buletin.de\/bucuresti\/lucrarile-la-linia-de-tramvai-de-pe-bulevardul-expozitiei-sunt-aproape-gata-care-este-termenul-estimat-pentru-finalizare\/"},"author":{"name":"Andreea St\u0103n\u0103r\u00eeng\u0103","@id":"https:\/\/buletin.de\/bucuresti\/#\/schema\/person\/81421a46fb84a0887cfd2238f5202586"},"headline":"Lucr\u0103rile la linia de tramvai de pe Bulevardul Expozi\u021biei sunt aproape gata. Care este termenul estimat pentru finalizare","datePublished":"2026-04-07T16:48:00+00:00","dateModified":"2026-04-07T17:59:13+00:00","mainEntityOfPage":{"@id":"https:\/\/buletin.de\/bucuresti\/lucrarile-la-linia-de-tramvai-de-pe-bulevardul-expozitiei-sunt-aproape-gata-care-este-termenul-estimat-pentru-finalizare\/"},"wordCount":379,"publisher":{"@id":"https:\/\/buletin.de\/bucuresti\/#organization"},"image":{"@id":"https:\/\/buletin.de\/bucuresti\/lucrarile-la-linia-de-tramvai-de-pe-bulevardul-expozitiei-sunt-aproape-gata-care-este-termenul-estimat-pentru-finalizare\/#primaryimage"},"thumbnailUrl":"https:\/\/buletin.de\/bucuresti\/wp-content\/uploads\/2026\/04\/Lucrarile-la-linia-de-tramvai-Bulevardul-Expozitiei-1.jpg","keywords":["Bulevardul Expozi\u021biei","linii de tramvai","Modernizare linii de tramvai","porr"],"articleSection":["Articole","\u0218tiri","Transport"],"inLanguage":"en-GB","copyrightYear":"2026","copyrightHolder":{"@id":"https:\/\/buletin.de\/bucuresti\/#organization"}},{"@type":"WebPage","@id":"https:\/\/buletin.de\/bucuresti\/lucrarile-la-linia-de-tramvai-de-pe-bulevardul-expozitiei-sunt-aproape-gata-care-este-termenul-estimat-pentru-finalizare\/","url":"https:\/\/buletin.de\/bucuresti\/lucrarile-la-linia-de-tramvai-de-pe-bulevardul-expozitiei-sunt-aproape-gata-care-este-termenul-estimat-pentru-finalizare\/","name":"Lucr\u0103rile la linia de tramvai de pe Bulevardul Expozi\u021biei sunt aproape gata. Care este termenul estimat pentru finalizare - Buletin de Bucure\u0219ti","isPartOf":{"@id":"https:\/\/buletin.de\/bucuresti\/#website"},"primaryImageOfPage":{"@id":"https:\/\/buletin.de\/bucuresti\/lucrarile-la-linia-de-tramvai-de-pe-bulevardul-expozitiei-sunt-aproape-gata-care-este-termenul-estimat-pentru-finalizare\/#primaryimage"},"image":{"@id":"https:\/\/buletin.de\/bucuresti\/lucrarile-la-linia-de-tramvai-de-pe-bulevardul-expozitiei-sunt-aproape-gata-care-este-termenul-estimat-pentru-finalizare\/#primaryimage"},"thumbnailUrl":"https:\/\/buletin.de\/bucuresti\/wp-content\/uploads\/2026\/04\/Lucrarile-la-linia-de-tramvai-Bulevardul-Expozitiei-1.jpg","datePublished":"2026-04-07T16:48:00+00:00","dateModified":"2026-04-07T17:59:13+00:00","description":"Lucr\u0103rile la linia de tramvai de pe Bulevardul Expozi\u021biei, parte din Lotul 11, au ajuns \u00eentr-un stadiu avansat.","breadcrumb":{"@id":"https:\/\/buletin.de\/bucuresti\/lucrarile-la-linia-de-tramvai-de-pe-bulevardul-expozitiei-sunt-aproape-gata-care-este-termenul-estimat-pentru-finalizare\/#breadcrumb"},"inLanguage":"en-GB","potentialAction":[{"@type":"ReadAction","target":["https:\/\/buletin.de\/bucuresti\/lucrarile-la-linia-de-tramvai-de-pe-bulevardul-expozitiei-sunt-aproape-gata-care-este-termenul-estimat-pentru-finalizare\/"]}]},{"@type":"ImageObject","inLanguage":"en-GB","@id":"https:\/\/buletin.de\/bucuresti\/lucrarile-la-linia-de-tramvai-de-pe-bulevardul-expozitiei-sunt-aproape-gata-care-este-termenul-estimat-pentru-finalizare\/#primaryimage","url":"https:\/\/buletin.de\/bucuresti\/wp-content\/uploads\/2026\/04\/Lucrarile-la-linia-de-tramvai-Bulevardul-Expozitiei-1.jpg","contentUrl":"https:\/\/buletin.de\/bucuresti\/wp-content\/uploads\/2026\/04\/Lucrarile-la-linia-de-tramvai-Bulevardul-Expozitiei-1.jpg","width":1200,"height":650,"caption":"Lucr\u0103rile la linia de tramvai Bulevardul Expozi\u021biei, aproape de finalizare. Foto: Mobilitate.eu"},{"@type":"BreadcrumbList","@id":"https:\/\/buletin.de\/bucuresti\/lucrarile-la-linia-de-tramvai-de-pe-bulevardul-expozitiei-sunt-aproape-gata-care-este-termenul-estimat-pentru-finalizare\/#breadcrumb","itemListElement":[{"@type":"ListItem","position":1,"name":"Acas\u0103","item":"https:\/\/buletin.de\/bucuresti\/"},{"@type":"ListItem","position":2,"name":"Lucr\u0103rile la linia de tramvai de pe Bulevardul Expozi\u021biei sunt aproape gata. Care este termenul estimat pentru finalizare"}]},{"@type":"WebSite","@id":"https:\/\/buletin.de\/bucuresti\/#website","url":"https:\/\/buletin.de\/bucuresti\/","name":"Buletin de Bucure\u0219ti","description":"\u0218tiri \u0219i investiga\u021bii esen\u021biale din capital\u0103","publisher":{"@id":"https:\/\/buletin.de\/bucuresti\/#organization"},"potentialAction":[{"@type":"SearchAction","target":{"@type":"EntryPoint","urlTemplate":"https:\/\/buletin.de\/bucuresti\/?s={search_term_string}"},"query-input":{"@type":"PropertyValueSpecification","valueRequired":true,"valueName":"search_term_string"}}],"inLanguage":"en-GB"},{"@type":"Organization","@id":"https:\/\/buletin.de\/bucuresti\/#organization","name":"Buletin de Bucure\u0219ti","url":"https:\/\/buletin.de\/bucuresti\/","logo":{"@type":"ImageObject","inLanguage":"en-GB","@id":"https:\/\/buletin.de\/bucuresti\/#\/schema\/logo\/image\/","url":"https:\/\/buletin.de\/bucuresti\/wp-content\/uploads\/logo-bdb-full-wide-vernil-transparent.png","contentUrl":"https:\/\/buletin.de\/bucuresti\/wp-content\/uploads\/logo-bdb-full-wide-vernil-transparent.png","width":1782,"height":626,"caption":"Buletin de Bucure\u0219ti"},"image":{"@id":"https:\/\/buletin.de\/bucuresti\/#\/schema\/logo\/image\/"},"sameAs":["https:\/\/www.facebook.com\/buletin.de.buc","https:\/\/www.instagram.com\/buletinde.bucuresti\/"]},{"@type":"Person","@id":"https:\/\/buletin.de\/bucuresti\/#\/schema\/person\/81421a46fb84a0887cfd2238f5202586","name":"Andreea St\u0103n\u0103r\u00eeng\u0103","image":{"@type":"ImageObject","inLanguage":"en-GB","@id":"https:\/\/secure.gravatar.com\/avatar\/dfa8d227a4388fad0f0bb03add04b5b176f4da34397dbb2eadc563b3d7162ce0?s=96&d=monsterid&r=g72784372b39ffe5a98a45288fe0d0e8a","url":"https:\/\/secure.gravatar.com\/avatar\/dfa8d227a4388fad0f0bb03add04b5b176f4da34397dbb2eadc563b3d7162ce0?s=96&d=monsterid&r=g","contentUrl":"https:\/\/secure.gravatar.com\/avatar\/dfa8d227a4388fad0f0bb03add04b5b176f4da34397dbb2eadc563b3d7162ce0?s=96&d=monsterid&r=g","caption":"Andreea St\u0103n\u0103r\u00eeng\u0103"},"description":"Cu o experien\u021b\u0103 de peste 5 ani \u00een pres\u0103, face parte din echipa Buletin de Bucure\u0219ti din septembrie 2025. A colaborat cu c\u00e2teva publica\u021bii, printre care \u0219i Fanatik.ro, unde s-a ocupat de \u0219tiri de lifestyle \u0219i de actualitate. A f\u0103cut un pas c\u0103tre presa local\u0103 pentru a explora Bucure\u0219tiul \u0219i pove\u0219tile care merit\u0103 spuse.","url":"https:\/\/buletin.de\/bucuresti\/author\/andreea-stanaranga\/"}]}},"authors":[{"term_id":23912,"user_id":65,"is_guest":0,"slug":"andreea-stanaranga","display_name":"Andreea St\u0103n\u0103r\u00eeng\u0103","avatar_url":"https:\/\/secure.gravatar.com\/avatar\/dfa8d227a4388fad0f0bb03add04b5b176f4da34397dbb2eadc563b3d7162ce0?s=96&d=monsterid&r=g","0":null,"1":"","2":"","3":"","4":"","5":"","6":"","7":"","8":""}],"_links":{"self":[{"href":"https:\/\/buletin.de\/bucuresti\/wp-json\/wp\/v2\/posts\/185675","targetHints":{"allow":["GET"]}}],"collection":[{"href":"https:\/\/buletin.de\/bucuresti\/wp-json\/wp\/v2\/posts"}],"about":[{"href":"https:\/\/buletin.de\/bucuresti\/wp-json\/wp\/v2\/types\/post"}],"author":[{"embeddable":true,"href":"https:\/\/buletin.de\/bucuresti\/wp-json\/wp\/v2\/users\/65"}],"replies":[{"embeddable":true,"href":"https:\/\/buletin.de\/bucuresti\/wp-json\/wp\/v2\/comments?post=185675"}],"version-history":[{"count":9,"href":"https:\/\/buletin.de\/bucuresti\/wp-json\/wp\/v2\/posts\/185675\/revisions"}],"predecessor-version":[{"id":185688,"href":"https:\/\/buletin.de\/bucuresti\/wp-json\/wp\/v2\/posts\/185675\/revisions\/185688"}],"wp:featuredmedia":[{"embeddable":true,"href":"https:\/\/buletin.de\/bucuresti\/wp-json\/wp\/v2\/media\/185689"}],"wp:attachment":[{"href":"https:\/\/buletin.de\/bucuresti\/wp-json\/wp\/v2\/media?parent=185675"}],"wp:term":[{"taxonomy":"category","embeddable":true,"href":"https:\/\/buletin.de\/bucuresti\/wp-json\/wp\/v2\/categories?post=185675"},{"taxonomy":"post_tag","embeddable":true,"href":"https:\/\/buletin.de\/bucuresti\/wp-json\/wp\/v2\/tags?post=185675"},{"taxonomy":"author","embeddable":true,"href":"https:\/\/buletin.de\/bucuresti\/wp-json\/wp\/v2\/ppma_author?post=185675"}],"curies":[{"name":"wp","href":"https:\/\/api.w.org\/{rel}","templated":true}]}}