{"id":185578,"date":"2026-04-07T13:49:46","date_gmt":"2026-04-07T11:49:46","guid":{"rendered":"https:\/\/buletin.de\/bucuresti\/?p=185578"},"modified":"2026-04-08T04:03:28","modified_gmt":"2026-04-08T02:03:28","slug":"primaria-sectorului-1-va-avea-maximum-757-de-posturi-in-2026-cum-vor-fi-impartite","status":"publish","type":"post","link":"https:\/\/buletin.de\/bucuresti\/primaria-sectorului-1-va-avea-maximum-757-de-posturi-in-2026-cum-vor-fi-impartite\/","title":{"rendered":"Prim\u0103ria Sectorului 1 va avea maximum 757 de posturi \u00een 2026. Cum vor fi \u00eemp\u0103r\u021bite"},"content":{"rendered":"\n<p><strong>Mar\u021bi, 7 aprilie, Consiliul Local al Sectorului 1 a stabilit hot\u0103r\u00e2rea prin care, pentru acest an, este stabilit un num\u0103r maxim de 757 de posturi la nivelul Prim\u0103riei Sectorului 1. <\/strong><\/p>\n\n\n\n<p>Din acest total, 422 de posturi revin aparatului de specialitate al primarului, iar 106 Direc\u021biei de Eviden\u021b\u0103 a Persoanelor \u0219i Stare Civil\u0103. Alte 221 de posturi revin Poli\u021biei Locale, \u00een timp ce 8 sunt alocate pentru proiecte finan\u021bate din fonduri europene. <\/p>\n\n\n\n<p>Hot\u0103r\u00e2rea stabile\u0219te cadrul administrativ pentru urm\u0103toarea perioad\u0103, \u00een acord cu prevederile legale privind organizarea institu\u021biei \u0219i cheltuielile de personal. Urmeaz\u0103 etapa de reorganizare a aparatului de specialitate \u0219i a structurilor subordonate ale Sectorului 1, a transmis administra\u021bia local\u0103. <\/p>\n\n\n\n<p>CITE\u0218TE \u0218I <a href=\"https:\/\/buletin.de\/bucuresti\/sector-1-reorganizare-a-primariei-dispare-directia-de-impozite-si-taxe-si-se-reduce-numarul-de-posturi\/\" type=\"link\" id=\"https:\/\/buletin.de\/bucuresti\/sector-1-reorganizare-a-primariei-dispare-directia-de-impozite-si-taxe-si-se-reduce-numarul-de-posturi\/\" target=\"_blank\" rel=\"noreferrer noopener\">Sector 1 | Reorganizare a Prim\u0103riei: se desfiin\u021beaz\u0103 Direc\u021bia de Impozite \u0219i Taxe \u0219i se reduce num\u0103rul de posturi<\/a><\/p>\n\n\n\n<h2 class=\"wp-block-heading\" id=\"h-plafon-de-757-de-posturi-la-primaria-sectorului-1-anul-acesta\">Plafon de 757 de posturi la Prim\u0103ria Sectorului 1, anul acesta <\/h2>\n\n\n\n<p><strong>Num\u0103rul de posturi a fost stabilit \u00een baza adreselor transmise de Institu\u021bia Prefectului Municipiului Bucure\u0219ti, conform metodologiei prev\u0103zute de legisla\u021bia aplicabil\u0103.<\/strong><\/p>\n\n\n\n<p><em>\u201eStabilirea num\u0103rului maxim de posturi este necesar\u0103 pentru asigurarea cadrului organizatoric care s\u0103 permit\u0103 desf\u0103\u0219urarea \u00een condi\u021bii de eficien\u021b\u0103 \u015fi legalitate a activit\u0103\u021bilor specifice administra\u021biei publice locale, precum \u0219i pentru garantarea continuit\u0103\u021bii furniz\u0103rii serviciilor publice de interes local c\u0103tre cet\u0103\u021beni. <\/em><\/p>\n\n\n\n<p><em>Func\u021bionarea corespunz\u0103toare a aparatului de specialitate al primarului \u015fi a structurilor subordonate constituie o condi\u021bie esen\u021bial\u0103 pentru realizarea atribu\u021biilor autorit\u0103\u021bii administra\u021biei publice locale \u00een domenii precum administrarea patrimoniului public \u015fi privat, urbanism \u015fi amenajarea teritoriului, asisten\u021b\u0103 social\u0103, ordine public\u0103, eviden\u021ba persoanelor sau implementarea proiectelor de dezvoltare local\u0103.\u201d<\/em>, se precizeaz\u0103 \u00een referatul de aprobare <a href=\"https:\/\/primariasector1.ro\/wp-content\/uploads\/2026\/04\/K2-108-scan-PH-RS-AN.pdf\" type=\"link\" id=\"https:\/\/primariasector1.ro\/wp-content\/uploads\/2026\/04\/K2-108-scan-PH-RS-AN.pdf\" target=\"_blank\" rel=\"noreferrer noopener\">al proiectului de hot\u0103r\u00e2re <\/a>votat mar\u021bi. <\/p>\n\n\n\n<p><strong>\u00cen ceea ce prive\u0219te reorganizarea aparatului administrativ, primarul Sectorului 1 va propune Consiliului Local un proiect \u00een acest sens \u00een termen de cel mult 90 de zile de la intrarea \u00een vigoare a actului, dar nu mai t\u00e2rziu de 1 iulie 2026.<\/strong><\/p>\n\n\n\n<figure class=\"wp-block-image size-full\"><img fetchpriority=\"high\" decoding=\"async\" width=\"815\" height=\"159\" src=\"data:image\/gif;base64,R0lGODlhAQABAAAAACH5BAEKAAEALAAAAAABAAEAAAICTAEAOw==\" data-src=\"https:\/\/buletin.de\/bucuresti\/wp-content\/uploads\/2026\/04\/image-22.png\" alt=\"\" class=\"wp-image-185620 lazyload\" data-sizes=\"auto\" data-srcset=\"https:\/\/buletin.de\/bucuresti\/wp-content\/uploads\/2026\/04\/image-22.png 815w, https:\/\/buletin.de\/bucuresti\/wp-content\/uploads\/2026\/04\/image-22-300x59.png 300w, https:\/\/buletin.de\/bucuresti\/wp-content\/uploads\/2026\/04\/image-22-768x150.png 768w, https:\/\/buletin.de\/bucuresti\/wp-content\/uploads\/2026\/04\/image-22-600x117.png 600w, https:\/\/buletin.de\/bucuresti\/wp-content\/uploads\/2026\/04\/image-22-20x4.png 20w\" sizes=\"(max-width: 815px) 100vw, 815px\" \/><\/figure>\n\n\n\n<p>Stabilirea plafonului de personal este o obliga\u021bie legal\u0103, cu rolul de a asigura \u00eencadrarea \u00een limitele bugetare, dar \u0219i func\u021bionarea eficient\u0103 a serviciilor publice locale. \u00cen plus, reprezentan\u021bii municipalit\u0103\u021bii invoc\u0103 \u0219i cre\u0219terea complexit\u0103\u021bii activit\u0103\u021bilor administrative \u0219i necesitatea men\u021binerii capacit\u0103\u021bii institu\u021bionale.<\/p>\n\n\n\n<p>CITE\u0218TE \u0218I <a href=\"https:\/\/buletin.de\/bucuresti\/curtea-de-conturi-maturat-fictiv-si-in-sectorul-1-prejudiciu-de-aproape-18-000-de-euro\/\" target=\"_blank\" rel=\"noreferrer noopener\">Curtea de Conturi | M\u0103turat \u201efictiv\u201d \u0219i \u00een Sectorul 1. Prejudiciu de aproape 18.000 de euro<\/a><\/p>\n","protected":false},"excerpt":{"rendered":"<p>Mar\u021bi, 7 aprilie, Consiliul Local al Sectorului 1 a stabilit hot\u0103r\u00e2rea prin care, pentru acest an, este stabilit un num\u0103r maxim de 757 de posturi la nivelul Prim\u0103riei Sectorului 1. Din acest total, 422 de posturi revin aparatului de specialitate al primarului, iar 106 Direc\u021biei de Eviden\u021b\u0103 a Persoanelor \u0219i Stare Civil\u0103. Alte 221 de [&hellip;]<\/p>\n","protected":false},"author":65,"featured_media":185619,"comment_status":"closed","ping_status":"open","sticky":false,"template":"","format":"standard","meta":{"_acf_changed":false,"inline_featured_image":false,"ngg_post_thumbnail":0,"footnotes":""},"categories":[6994,24,62],"tags":[2011,27563,269,308],"ppma_author":[23912],"class_list":["post-185578","post","type-post","status-publish","format-standard","has-post-thumbnail","hentry","category-stiri-2","category-primarie","category-stiri","tag-consiliul-local-sector-1","tag-posturi","tag-primaria-sectorului-1","tag-sector-1"],"acf":[],"yoast_head":"<!-- This site is optimized with the Yoast SEO Premium plugin v25.3 (Yoast SEO v27.5) - https:\/\/yoast.com\/product\/yoast-seo-premium-wordpress\/ -->\n<title>Prim\u0103ria Sectorului 1 va avea maximum 757 de posturi \u00een 2026. Cum vor fi \u00eemp\u0103r\u021bite - Buletin de Bucure\u0219ti<\/title>\n<meta name=\"description\" content=\"Consiliul Local al Sectorului 1 a stabilit hot\u0103r\u00e2rea prin care, pentru 2026, e stabilit un num\u0103r maxim de 757 de posturi la nivelul Prim\u0103riei\" \/>\n<meta name=\"robots\" content=\"index, follow, max-snippet:-1, max-image-preview:large, max-video-preview:-1\" \/>\n<link rel=\"canonical\" href=\"https:\/\/buletin.de\/bucuresti\/primaria-sectorului-1-va-avea-maximum-757-de-posturi-in-2026-cum-vor-fi-impartite\/\" \/>\n<meta property=\"og:locale\" content=\"en_GB\" \/>\n<meta property=\"og:type\" content=\"article\" \/>\n<meta property=\"og:title\" content=\"Prim\u0103ria Sectorului 1 va avea maximum 757 de posturi \u00een 2026. Cum vor fi \u00eemp\u0103r\u021bite\" \/>\n<meta property=\"og:description\" content=\"Consiliul Local al Sectorului 1 a stabilit hot\u0103r\u00e2rea prin care, pentru 2026, e stabilit un num\u0103r maxim de 757 de posturi la nivelul Prim\u0103riei\" \/>\n<meta property=\"og:url\" content=\"https:\/\/buletin.de\/bucuresti\/primaria-sectorului-1-va-avea-maximum-757-de-posturi-in-2026-cum-vor-fi-impartite\/\" \/>\n<meta property=\"og:site_name\" content=\"Buletin de Bucure\u0219ti\" \/>\n<meta property=\"article:publisher\" content=\"https:\/\/www.facebook.com\/buletin.de.buc\" \/>\n<meta property=\"article:published_time\" content=\"2026-04-07T11:49:46+00:00\" \/>\n<meta property=\"article:modified_time\" content=\"2026-04-08T02:03:28+00:00\" \/>\n<meta property=\"og:image\" content=\"https:\/\/buletin.de\/bucuresti\/wp-content\/uploads\/2026\/04\/667747376_122190295178596509_6664605756099275772_n-e1775562442548.jpg\" \/>\n\t<meta property=\"og:image:width\" content=\"1600\" \/>\n\t<meta property=\"og:image:height\" content=\"856\" \/>\n\t<meta property=\"og:image:type\" content=\"image\/jpeg\" \/>\n<meta name=\"author\" content=\"Andreea St\u0103n\u0103r\u00eeng\u0103\" \/>\n<meta name=\"twitter:card\" content=\"summary_large_image\" \/>\n<meta name=\"twitter:label1\" content=\"Written by\" \/>\n\t<meta name=\"twitter:data1\" content=\"Andreea St\u0103n\u0103r\u00eeng\u0103\" \/>\n\t<meta name=\"twitter:label2\" content=\"Estimated reading time\" \/>\n\t<meta name=\"twitter:data2\" content=\"2 minutes\" \/>\n<script type=\"application\/ld+json\" class=\"yoast-schema-graph\">{\"@context\":\"https:\\\/\\\/schema.org\",\"@graph\":[{\"@type\":\"Article\",\"@id\":\"https:\\\/\\\/buletin.de\\\/bucuresti\\\/primaria-sectorului-1-va-avea-maximum-757-de-posturi-in-2026-cum-vor-fi-impartite\\\/#article\",\"isPartOf\":{\"@id\":\"https:\\\/\\\/buletin.de\\\/bucuresti\\\/primaria-sectorului-1-va-avea-maximum-757-de-posturi-in-2026-cum-vor-fi-impartite\\\/\"},\"author\":{\"name\":\"Andreea St\u0103n\u0103r\u00eeng\u0103\",\"@id\":\"https:\\\/\\\/buletin.de\\\/bucuresti\\\/#\\\/schema\\\/person\\\/81421a46fb84a0887cfd2238f5202586\"},\"headline\":\"Prim\u0103ria Sectorului 1 va avea maximum 757 de posturi \u00een 2026. Cum vor fi \u00eemp\u0103r\u021bite\",\"datePublished\":\"2026-04-07T11:49:46+00:00\",\"dateModified\":\"2026-04-08T02:03:28+00:00\",\"mainEntityOfPage\":{\"@id\":\"https:\\\/\\\/buletin.de\\\/bucuresti\\\/primaria-sectorului-1-va-avea-maximum-757-de-posturi-in-2026-cum-vor-fi-impartite\\\/\"},\"wordCount\":415,\"publisher\":{\"@id\":\"https:\\\/\\\/buletin.de\\\/bucuresti\\\/#organization\"},\"image\":{\"@id\":\"https:\\\/\\\/buletin.de\\\/bucuresti\\\/primaria-sectorului-1-va-avea-maximum-757-de-posturi-in-2026-cum-vor-fi-impartite\\\/#primaryimage\"},\"thumbnailUrl\":\"https:\\\/\\\/buletin.de\\\/bucuresti\\\/wp-content\\\/uploads\\\/2026\\\/04\\\/667747376_122190295178596509_6664605756099275772_n-e1775562442548.jpg\",\"keywords\":[\"consiliul local sector 1\",\"posturi\",\"primaria sectorului 1\",\"Sector 1\"],\"articleSection\":[\"Articole\",\"Prim\u0103rie\",\"\u0218tiri\"],\"inLanguage\":\"en-GB\",\"copyrightYear\":\"2026\",\"copyrightHolder\":{\"@id\":\"https:\\\/\\\/buletin.de\\\/bucuresti\\\/#organization\"}},{\"@type\":\"WebPage\",\"@id\":\"https:\\\/\\\/buletin.de\\\/bucuresti\\\/primaria-sectorului-1-va-avea-maximum-757-de-posturi-in-2026-cum-vor-fi-impartite\\\/\",\"url\":\"https:\\\/\\\/buletin.de\\\/bucuresti\\\/primaria-sectorului-1-va-avea-maximum-757-de-posturi-in-2026-cum-vor-fi-impartite\\\/\",\"name\":\"Prim\u0103ria Sectorului 1 va avea maximum 757 de posturi \u00een 2026. Cum vor fi \u00eemp\u0103r\u021bite - Buletin de Bucure\u0219ti\",\"isPartOf\":{\"@id\":\"https:\\\/\\\/buletin.de\\\/bucuresti\\\/#website\"},\"primaryImageOfPage\":{\"@id\":\"https:\\\/\\\/buletin.de\\\/bucuresti\\\/primaria-sectorului-1-va-avea-maximum-757-de-posturi-in-2026-cum-vor-fi-impartite\\\/#primaryimage\"},\"image\":{\"@id\":\"https:\\\/\\\/buletin.de\\\/bucuresti\\\/primaria-sectorului-1-va-avea-maximum-757-de-posturi-in-2026-cum-vor-fi-impartite\\\/#primaryimage\"},\"thumbnailUrl\":\"https:\\\/\\\/buletin.de\\\/bucuresti\\\/wp-content\\\/uploads\\\/2026\\\/04\\\/667747376_122190295178596509_6664605756099275772_n-e1775562442548.jpg\",\"datePublished\":\"2026-04-07T11:49:46+00:00\",\"dateModified\":\"2026-04-08T02:03:28+00:00\",\"description\":\"Consiliul Local al Sectorului 1 a stabilit hot\u0103r\u00e2rea prin care, pentru 2026, e stabilit un num\u0103r maxim de 757 de posturi la nivelul Prim\u0103riei\",\"breadcrumb\":{\"@id\":\"https:\\\/\\\/buletin.de\\\/bucuresti\\\/primaria-sectorului-1-va-avea-maximum-757-de-posturi-in-2026-cum-vor-fi-impartite\\\/#breadcrumb\"},\"inLanguage\":\"en-GB\",\"potentialAction\":[{\"@type\":\"ReadAction\",\"target\":[\"https:\\\/\\\/buletin.de\\\/bucuresti\\\/primaria-sectorului-1-va-avea-maximum-757-de-posturi-in-2026-cum-vor-fi-impartite\\\/\"]}]},{\"@type\":\"ImageObject\",\"inLanguage\":\"en-GB\",\"@id\":\"https:\\\/\\\/buletin.de\\\/bucuresti\\\/primaria-sectorului-1-va-avea-maximum-757-de-posturi-in-2026-cum-vor-fi-impartite\\\/#primaryimage\",\"url\":\"https:\\\/\\\/buletin.de\\\/bucuresti\\\/wp-content\\\/uploads\\\/2026\\\/04\\\/667747376_122190295178596509_6664605756099275772_n-e1775562442548.jpg\",\"contentUrl\":\"https:\\\/\\\/buletin.de\\\/bucuresti\\\/wp-content\\\/uploads\\\/2026\\\/04\\\/667747376_122190295178596509_6664605756099275772_n-e1775562442548.jpg\",\"width\":1600,\"height\":856,\"caption\":\"Num\u0103r maxim de 757 de posturi, la Prim\u0103ria Sectorului 1. Foto: Facebook\\\/PS1\"},{\"@type\":\"BreadcrumbList\",\"@id\":\"https:\\\/\\\/buletin.de\\\/bucuresti\\\/primaria-sectorului-1-va-avea-maximum-757-de-posturi-in-2026-cum-vor-fi-impartite\\\/#breadcrumb\",\"itemListElement\":[{\"@type\":\"ListItem\",\"position\":1,\"name\":\"Acas\u0103\",\"item\":\"https:\\\/\\\/buletin.de\\\/bucuresti\\\/\"},{\"@type\":\"ListItem\",\"position\":2,\"name\":\"Prim\u0103ria Sectorului 1 va avea maximum 757 de posturi \u00een 2026. Cum vor fi \u00eemp\u0103r\u021bite\"}]},{\"@type\":\"WebSite\",\"@id\":\"https:\\\/\\\/buletin.de\\\/bucuresti\\\/#website\",\"url\":\"https:\\\/\\\/buletin.de\\\/bucuresti\\\/\",\"name\":\"Buletin de Bucure\u0219ti\",\"description\":\"\u0218tiri \u0219i investiga\u021bii esen\u021biale din capital\u0103\",\"publisher\":{\"@id\":\"https:\\\/\\\/buletin.de\\\/bucuresti\\\/#organization\"},\"potentialAction\":[{\"@type\":\"SearchAction\",\"target\":{\"@type\":\"EntryPoint\",\"urlTemplate\":\"https:\\\/\\\/buletin.de\\\/bucuresti\\\/?s={search_term_string}\"},\"query-input\":{\"@type\":\"PropertyValueSpecification\",\"valueRequired\":true,\"valueName\":\"search_term_string\"}}],\"inLanguage\":\"en-GB\"},{\"@type\":\"Organization\",\"@id\":\"https:\\\/\\\/buletin.de\\\/bucuresti\\\/#organization\",\"name\":\"Buletin de Bucure\u0219ti\",\"url\":\"https:\\\/\\\/buletin.de\\\/bucuresti\\\/\",\"logo\":{\"@type\":\"ImageObject\",\"inLanguage\":\"en-GB\",\"@id\":\"https:\\\/\\\/buletin.de\\\/bucuresti\\\/#\\\/schema\\\/logo\\\/image\\\/\",\"url\":\"https:\\\/\\\/buletin.de\\\/bucuresti\\\/wp-content\\\/uploads\\\/logo-bdb-full-wide-vernil-transparent.png\",\"contentUrl\":\"https:\\\/\\\/buletin.de\\\/bucuresti\\\/wp-content\\\/uploads\\\/logo-bdb-full-wide-vernil-transparent.png\",\"width\":1782,\"height\":626,\"caption\":\"Buletin de Bucure\u0219ti\"},\"image\":{\"@id\":\"https:\\\/\\\/buletin.de\\\/bucuresti\\\/#\\\/schema\\\/logo\\\/image\\\/\"},\"sameAs\":[\"https:\\\/\\\/www.facebook.com\\\/buletin.de.buc\",\"https:\\\/\\\/www.instagram.com\\\/buletinde.bucuresti\\\/\"]},{\"@type\":\"Person\",\"@id\":\"https:\\\/\\\/buletin.de\\\/bucuresti\\\/#\\\/schema\\\/person\\\/81421a46fb84a0887cfd2238f5202586\",\"name\":\"Andreea St\u0103n\u0103r\u00eeng\u0103\",\"image\":{\"@type\":\"ImageObject\",\"inLanguage\":\"en-GB\",\"@id\":\"https:\\\/\\\/secure.gravatar.com\\\/avatar\\\/dfa8d227a4388fad0f0bb03add04b5b176f4da34397dbb2eadc563b3d7162ce0?s=96&d=monsterid&r=g72784372b39ffe5a98a45288fe0d0e8a\",\"url\":\"https:\\\/\\\/secure.gravatar.com\\\/avatar\\\/dfa8d227a4388fad0f0bb03add04b5b176f4da34397dbb2eadc563b3d7162ce0?s=96&d=monsterid&r=g\",\"contentUrl\":\"https:\\\/\\\/secure.gravatar.com\\\/avatar\\\/dfa8d227a4388fad0f0bb03add04b5b176f4da34397dbb2eadc563b3d7162ce0?s=96&d=monsterid&r=g\",\"caption\":\"Andreea St\u0103n\u0103r\u00eeng\u0103\"},\"description\":\"Cu o experien\u021b\u0103 de peste 5 ani \u00een pres\u0103, face parte din echipa Buletin de Bucure\u0219ti din septembrie 2025. A colaborat cu c\u00e2teva publica\u021bii, printre care \u0219i Fanatik.ro, unde s-a ocupat de \u0219tiri de lifestyle \u0219i de actualitate. A f\u0103cut un pas c\u0103tre presa local\u0103 pentru a explora Bucure\u0219tiul \u0219i pove\u0219tile care merit\u0103 spuse.\",\"url\":\"https:\\\/\\\/buletin.de\\\/bucuresti\\\/author\\\/andreea-stanaranga\\\/\"}]}<\/script>\n<!-- \/ Yoast SEO Premium plugin. -->","yoast_head_json":{"title":"Prim\u0103ria Sectorului 1 va avea maximum 757 de posturi \u00een 2026. Cum vor fi \u00eemp\u0103r\u021bite - Buletin de Bucure\u0219ti","description":"Consiliul Local al Sectorului 1 a stabilit hot\u0103r\u00e2rea prin care, pentru 2026, e stabilit un num\u0103r maxim de 757 de posturi la nivelul Prim\u0103riei","robots":{"index":"index","follow":"follow","max-snippet":"max-snippet:-1","max-image-preview":"max-image-preview:large","max-video-preview":"max-video-preview:-1"},"canonical":"https:\/\/buletin.de\/bucuresti\/primaria-sectorului-1-va-avea-maximum-757-de-posturi-in-2026-cum-vor-fi-impartite\/","og_locale":"en_GB","og_type":"article","og_title":"Prim\u0103ria Sectorului 1 va avea maximum 757 de posturi \u00een 2026. Cum vor fi \u00eemp\u0103r\u021bite","og_description":"Consiliul Local al Sectorului 1 a stabilit hot\u0103r\u00e2rea prin care, pentru 2026, e stabilit un num\u0103r maxim de 757 de posturi la nivelul Prim\u0103riei","og_url":"https:\/\/buletin.de\/bucuresti\/primaria-sectorului-1-va-avea-maximum-757-de-posturi-in-2026-cum-vor-fi-impartite\/","og_site_name":"Buletin de Bucure\u0219ti","article_publisher":"https:\/\/www.facebook.com\/buletin.de.buc","article_published_time":"2026-04-07T11:49:46+00:00","article_modified_time":"2026-04-08T02:03:28+00:00","og_image":[{"width":1600,"height":856,"url":"https:\/\/buletin.de\/bucuresti\/wp-content\/uploads\/2026\/04\/667747376_122190295178596509_6664605756099275772_n-e1775562442548.jpg","type":"image\/jpeg"}],"author":"Andreea St\u0103n\u0103r\u00eeng\u0103","twitter_card":"summary_large_image","twitter_misc":{"Written by":"Andreea St\u0103n\u0103r\u00eeng\u0103","Estimated reading time":"2 minutes"},"schema":{"@context":"https:\/\/schema.org","@graph":[{"@type":"Article","@id":"https:\/\/buletin.de\/bucuresti\/primaria-sectorului-1-va-avea-maximum-757-de-posturi-in-2026-cum-vor-fi-impartite\/#article","isPartOf":{"@id":"https:\/\/buletin.de\/bucuresti\/primaria-sectorului-1-va-avea-maximum-757-de-posturi-in-2026-cum-vor-fi-impartite\/"},"author":{"name":"Andreea St\u0103n\u0103r\u00eeng\u0103","@id":"https:\/\/buletin.de\/bucuresti\/#\/schema\/person\/81421a46fb84a0887cfd2238f5202586"},"headline":"Prim\u0103ria Sectorului 1 va avea maximum 757 de posturi \u00een 2026. Cum vor fi \u00eemp\u0103r\u021bite","datePublished":"2026-04-07T11:49:46+00:00","dateModified":"2026-04-08T02:03:28+00:00","mainEntityOfPage":{"@id":"https:\/\/buletin.de\/bucuresti\/primaria-sectorului-1-va-avea-maximum-757-de-posturi-in-2026-cum-vor-fi-impartite\/"},"wordCount":415,"publisher":{"@id":"https:\/\/buletin.de\/bucuresti\/#organization"},"image":{"@id":"https:\/\/buletin.de\/bucuresti\/primaria-sectorului-1-va-avea-maximum-757-de-posturi-in-2026-cum-vor-fi-impartite\/#primaryimage"},"thumbnailUrl":"https:\/\/buletin.de\/bucuresti\/wp-content\/uploads\/2026\/04\/667747376_122190295178596509_6664605756099275772_n-e1775562442548.jpg","keywords":["consiliul local sector 1","posturi","primaria sectorului 1","Sector 1"],"articleSection":["Articole","Prim\u0103rie","\u0218tiri"],"inLanguage":"en-GB","copyrightYear":"2026","copyrightHolder":{"@id":"https:\/\/buletin.de\/bucuresti\/#organization"}},{"@type":"WebPage","@id":"https:\/\/buletin.de\/bucuresti\/primaria-sectorului-1-va-avea-maximum-757-de-posturi-in-2026-cum-vor-fi-impartite\/","url":"https:\/\/buletin.de\/bucuresti\/primaria-sectorului-1-va-avea-maximum-757-de-posturi-in-2026-cum-vor-fi-impartite\/","name":"Prim\u0103ria Sectorului 1 va avea maximum 757 de posturi \u00een 2026. Cum vor fi \u00eemp\u0103r\u021bite - Buletin de Bucure\u0219ti","isPartOf":{"@id":"https:\/\/buletin.de\/bucuresti\/#website"},"primaryImageOfPage":{"@id":"https:\/\/buletin.de\/bucuresti\/primaria-sectorului-1-va-avea-maximum-757-de-posturi-in-2026-cum-vor-fi-impartite\/#primaryimage"},"image":{"@id":"https:\/\/buletin.de\/bucuresti\/primaria-sectorului-1-va-avea-maximum-757-de-posturi-in-2026-cum-vor-fi-impartite\/#primaryimage"},"thumbnailUrl":"https:\/\/buletin.de\/bucuresti\/wp-content\/uploads\/2026\/04\/667747376_122190295178596509_6664605756099275772_n-e1775562442548.jpg","datePublished":"2026-04-07T11:49:46+00:00","dateModified":"2026-04-08T02:03:28+00:00","description":"Consiliul Local al Sectorului 1 a stabilit hot\u0103r\u00e2rea prin care, pentru 2026, e stabilit un num\u0103r maxim de 757 de posturi la nivelul Prim\u0103riei","breadcrumb":{"@id":"https:\/\/buletin.de\/bucuresti\/primaria-sectorului-1-va-avea-maximum-757-de-posturi-in-2026-cum-vor-fi-impartite\/#breadcrumb"},"inLanguage":"en-GB","potentialAction":[{"@type":"ReadAction","target":["https:\/\/buletin.de\/bucuresti\/primaria-sectorului-1-va-avea-maximum-757-de-posturi-in-2026-cum-vor-fi-impartite\/"]}]},{"@type":"ImageObject","inLanguage":"en-GB","@id":"https:\/\/buletin.de\/bucuresti\/primaria-sectorului-1-va-avea-maximum-757-de-posturi-in-2026-cum-vor-fi-impartite\/#primaryimage","url":"https:\/\/buletin.de\/bucuresti\/wp-content\/uploads\/2026\/04\/667747376_122190295178596509_6664605756099275772_n-e1775562442548.jpg","contentUrl":"https:\/\/buletin.de\/bucuresti\/wp-content\/uploads\/2026\/04\/667747376_122190295178596509_6664605756099275772_n-e1775562442548.jpg","width":1600,"height":856,"caption":"Num\u0103r maxim de 757 de posturi, la Prim\u0103ria Sectorului 1. Foto: Facebook\/PS1"},{"@type":"BreadcrumbList","@id":"https:\/\/buletin.de\/bucuresti\/primaria-sectorului-1-va-avea-maximum-757-de-posturi-in-2026-cum-vor-fi-impartite\/#breadcrumb","itemListElement":[{"@type":"ListItem","position":1,"name":"Acas\u0103","item":"https:\/\/buletin.de\/bucuresti\/"},{"@type":"ListItem","position":2,"name":"Prim\u0103ria Sectorului 1 va avea maximum 757 de posturi \u00een 2026. Cum vor fi \u00eemp\u0103r\u021bite"}]},{"@type":"WebSite","@id":"https:\/\/buletin.de\/bucuresti\/#website","url":"https:\/\/buletin.de\/bucuresti\/","name":"Buletin de Bucure\u0219ti","description":"\u0218tiri \u0219i investiga\u021bii esen\u021biale din capital\u0103","publisher":{"@id":"https:\/\/buletin.de\/bucuresti\/#organization"},"potentialAction":[{"@type":"SearchAction","target":{"@type":"EntryPoint","urlTemplate":"https:\/\/buletin.de\/bucuresti\/?s={search_term_string}"},"query-input":{"@type":"PropertyValueSpecification","valueRequired":true,"valueName":"search_term_string"}}],"inLanguage":"en-GB"},{"@type":"Organization","@id":"https:\/\/buletin.de\/bucuresti\/#organization","name":"Buletin de Bucure\u0219ti","url":"https:\/\/buletin.de\/bucuresti\/","logo":{"@type":"ImageObject","inLanguage":"en-GB","@id":"https:\/\/buletin.de\/bucuresti\/#\/schema\/logo\/image\/","url":"https:\/\/buletin.de\/bucuresti\/wp-content\/uploads\/logo-bdb-full-wide-vernil-transparent.png","contentUrl":"https:\/\/buletin.de\/bucuresti\/wp-content\/uploads\/logo-bdb-full-wide-vernil-transparent.png","width":1782,"height":626,"caption":"Buletin de Bucure\u0219ti"},"image":{"@id":"https:\/\/buletin.de\/bucuresti\/#\/schema\/logo\/image\/"},"sameAs":["https:\/\/www.facebook.com\/buletin.de.buc","https:\/\/www.instagram.com\/buletinde.bucuresti\/"]},{"@type":"Person","@id":"https:\/\/buletin.de\/bucuresti\/#\/schema\/person\/81421a46fb84a0887cfd2238f5202586","name":"Andreea St\u0103n\u0103r\u00eeng\u0103","image":{"@type":"ImageObject","inLanguage":"en-GB","@id":"https:\/\/secure.gravatar.com\/avatar\/dfa8d227a4388fad0f0bb03add04b5b176f4da34397dbb2eadc563b3d7162ce0?s=96&d=monsterid&r=g72784372b39ffe5a98a45288fe0d0e8a","url":"https:\/\/secure.gravatar.com\/avatar\/dfa8d227a4388fad0f0bb03add04b5b176f4da34397dbb2eadc563b3d7162ce0?s=96&d=monsterid&r=g","contentUrl":"https:\/\/secure.gravatar.com\/avatar\/dfa8d227a4388fad0f0bb03add04b5b176f4da34397dbb2eadc563b3d7162ce0?s=96&d=monsterid&r=g","caption":"Andreea St\u0103n\u0103r\u00eeng\u0103"},"description":"Cu o experien\u021b\u0103 de peste 5 ani \u00een pres\u0103, face parte din echipa Buletin de Bucure\u0219ti din septembrie 2025. A colaborat cu c\u00e2teva publica\u021bii, printre care \u0219i Fanatik.ro, unde s-a ocupat de \u0219tiri de lifestyle \u0219i de actualitate. A f\u0103cut un pas c\u0103tre presa local\u0103 pentru a explora Bucure\u0219tiul \u0219i pove\u0219tile care merit\u0103 spuse.","url":"https:\/\/buletin.de\/bucuresti\/author\/andreea-stanaranga\/"}]}},"authors":[{"term_id":23912,"user_id":65,"is_guest":0,"slug":"andreea-stanaranga","display_name":"Andreea St\u0103n\u0103r\u00eeng\u0103","avatar_url":"https:\/\/secure.gravatar.com\/avatar\/dfa8d227a4388fad0f0bb03add04b5b176f4da34397dbb2eadc563b3d7162ce0?s=96&d=monsterid&r=g","0":null,"1":"","2":"","3":"","4":"","5":"","6":"","7":"","8":""}],"_links":{"self":[{"href":"https:\/\/buletin.de\/bucuresti\/wp-json\/wp\/v2\/posts\/185578","targetHints":{"allow":["GET"]}}],"collection":[{"href":"https:\/\/buletin.de\/bucuresti\/wp-json\/wp\/v2\/posts"}],"about":[{"href":"https:\/\/buletin.de\/bucuresti\/wp-json\/wp\/v2\/types\/post"}],"author":[{"embeddable":true,"href":"https:\/\/buletin.de\/bucuresti\/wp-json\/wp\/v2\/users\/65"}],"replies":[{"embeddable":true,"href":"https:\/\/buletin.de\/bucuresti\/wp-json\/wp\/v2\/comments?post=185578"}],"version-history":[{"count":9,"href":"https:\/\/buletin.de\/bucuresti\/wp-json\/wp\/v2\/posts\/185578\/revisions"}],"predecessor-version":[{"id":185621,"href":"https:\/\/buletin.de\/bucuresti\/wp-json\/wp\/v2\/posts\/185578\/revisions\/185621"}],"wp:featuredmedia":[{"embeddable":true,"href":"https:\/\/buletin.de\/bucuresti\/wp-json\/wp\/v2\/media\/185619"}],"wp:attachment":[{"href":"https:\/\/buletin.de\/bucuresti\/wp-json\/wp\/v2\/media?parent=185578"}],"wp:term":[{"taxonomy":"category","embeddable":true,"href":"https:\/\/buletin.de\/bucuresti\/wp-json\/wp\/v2\/categories?post=185578"},{"taxonomy":"post_tag","embeddable":true,"href":"https:\/\/buletin.de\/bucuresti\/wp-json\/wp\/v2\/tags?post=185578"},{"taxonomy":"author","embeddable":true,"href":"https:\/\/buletin.de\/bucuresti\/wp-json\/wp\/v2\/ppma_author?post=185578"}],"curies":[{"name":"wp","href":"https:\/\/api.w.org\/{rel}","templated":true}]}}