{"id":185539,"date":"2026-04-07T12:58:05","date_gmt":"2026-04-07T10:58:05","guid":{"rendered":"https:\/\/buletin.de\/bucuresti\/?p=185539"},"modified":"2026-04-07T15:20:45","modified_gmt":"2026-04-07T13:20:45","slug":"unde-se-va-afla-parcul-donald-trump-in-sectorul-4-cadoul-lui-daniel-baluta-pentru-presedintele-american","status":"publish","type":"post","link":"https:\/\/buletin.de\/bucuresti\/unde-se-va-afla-parcul-donald-trump-in-sectorul-4-cadoul-lui-daniel-baluta-pentru-presedintele-american\/","title":{"rendered":"Unde se va afla Parcul \u201eDonald Trump\u201d \u00een Sectorul 4, cadoul lui Daniel B\u0103lu\u021b\u0103 pentru pre\u0219edintele american"},"content":{"rendered":"\n<p><strong>Primarul Daniel B\u0103lu\u021b\u0103 a anun\u021bat c\u0103 va da numele actualului pre\u0219edinte al SUA unui parc din Sectorul 4 aflat \u00een prezent \u00een faza de amenajare. Parcul \u201eDonald Trump\u201d se va afla \u00een zona Metalurgiei, \u00een continuarea actualului parc \u201eTudor Arghezi\u201d,  conform <a href=\"https:\/\/www.facebook.com\/reel\/25992919837077541\" type=\"link\" id=\"https:\/\/www.facebook.com\/reel\/25992919837077541\" target=\"_blank\" rel=\"noreferrer noopener\">anun\u021bului<\/a> f\u0103cut chiar de c\u0103tre edil. <\/strong><\/p>\n\n\n\n<p>Decizia a fost f\u0103cut\u0103 public\u0103 dup\u0103 \u00eent\u00e2lnirea pe care Daniel B\u0103lu\u021b\u0103 a avut-o la Bucure\u0219ti cu Paolo Zampolli, emisar special al lui Donald Trump pentru parteneriate globale.<\/p>\n\n\n\n<p>Primarul Sectorului 4 a transmis c\u0103 ideea  a numi un parc din Sectorul 4 dup\u0103 actualul pre\u0219edinte al Statelor Unite ale Americii a fost luat\u0103 pentru a marca prietenia dintre Rom\u00e2nia \u0219i SUA \u0219i cu ocazia s\u0103rb\u0103toriri celor 250 de ani de la semnarea Declara\u021biei de Independen\u021b\u0103.<\/p>\n\n\n\n<p>\u201e<strong><em>Anul acesta, c\u00e2nd Statele Unite vor s\u0103rb\u0103tori 250 de ani de la semnarea Declara\u021biei de Independen\u021b\u0103, momentul ce a marcat na\u0219terea na\u021biunii americane, \u0219i noi vom putea marca lucrul acesta \u00eentr-un mod deosebit.<\/em><\/strong><\/p>\n\n\n\n<p><strong><em>Noul parc, pe care \u00eel amenaj\u0103m l\u00e2ng\u0103 Parcul Tudor Arghezi, va celebra acest moment important \u0219i va purta numele actualului pre\u0219edinte al Statelor Unite, Donald J. Trump, ca simbol al prieteniei \u0219i valorilor comune care ne unesc<\/em><\/strong>\u201d, a declarat edilul din Sectorul 4 al Capitalei. <\/p>\n\n\n\n<h2 class=\"wp-block-heading\" id=\"h-parcul-donald-trump-in-continuarea-parcului-tudor-arghezi\">Parcul \u201eDonald Trump\u201d, \u00een continuarea parcului Tudor Arghezi<\/h2>\n\n\n\n<p>La solicitarea <strong>Buletin de Bucure\u0219ti<\/strong>, Prim\u0103ria Sectorului 4 a confirma c\u0103 viitorul Parcul \u201eDonald Trump\u201d este numele pe care \u00eel vor purta cele 4 hectare pe care administra\u021bia le realizeaz\u0103 pentru extinderea parcului Tudor Arghezi. <\/p>\n\n\n\n<p><strong>CITE\u0218TE \u0218I <a href=\"https:\/\/buletin.de\/bucuresti\/planseul-unirii-se-scumpeste-cu-aproape-40-de-milioane-de-euro-recent-20-din-cheltuieli-au-fost-trecute-in-sarcina-cetatenilor-din-sectorul-4\/\" type=\"post\" id=\"185288\">Plan\u0219eul Unirii se scumpe\u0219te cu aproape 40 de milioane de euro. Recent, 20% din cheltuieli au fost trecute \u00een sarcina cet\u0103\u021benilor din Sectorul 4<\/a><\/strong><\/p>\n\n\n\n<p>\u00cen septembrie 2025, Prim\u0103ria Sectorului 4 a anun\u021bat c\u0103 au \u00eenceput lucr\u0103rile pentru extinderea celui mai nou parc din aria administrat\u0103 cu \u00eenc\u0103 patru hectare, dup\u0103 cum a scris Buletin de Bucure\u0219ti <a href=\"https:\/\/buletin.de\/bucuresti\/sector-4-lucrari-de-extindere-a-parcului-tudor-arghezi-vor-fi-adaugate-noi-spatii-verzi\/\">aici<\/a>. Conform informa\u021biilor transmise anul trecut, din suprafa\u021ba total\u0103 de 40.000 de metri p\u0103tra\u021bi, trei sferturi urmeaz\u0103 s\u0103 fie doar spa\u021biu verde. <\/p>\n\n\n\n<p>Aici vor fi planta\u021bi peste 1000 de arbu\u0219ti, arbori \u0219i flori. Restul suprafe\u021bei va avea locuri de joac\u0103 pentru copii (peste 6.000 de metri p\u0103tra\u021bi) \u0219i alei pietonale. <\/p>\n\n\n\n<p>De amenajarea celor patru hectare se vor ocupa echipele de la Totul Verde, iar termenul pentru finalizarea lucr\u0103rilor este de 2 ani. Asta \u00eenseamn\u0103 c\u0103, cel mai probabil, bucure\u0219tenii din Sectorul 4 se vor bucura de noul spa\u021biu verde din toamna anului 2027. <\/p>\n\n\n\n<p><strong>CITE\u0218TE \u0218I <a href=\"https:\/\/buletin.de\/bucuresti\/costurile-renovarii-unei-gradinite-din-sectorul-4-explodeaza-devizul-s-a-dublat-in-doar-doi-ani\/\" type=\"post\" id=\"185345\">Costurile renov\u0103rii unei gr\u0103dini\u021be din Sectorul 4 \u201eexplodeaz\u0103\u201d: devizul s-a dublat \u00een doar doi ani<\/a><\/strong><\/p>\n","protected":false},"excerpt":{"rendered":"<p>Primarul Daniel B\u0103lu\u021b\u0103 a anun\u021bat c\u0103 va da numele actualului pre\u0219edinte al SUA unui parc din Sectorul 4 aflat \u00een prezent \u00een faza de amenajare. Parcul \u201eDonald Trump\u201d se va afla \u00een zona Metalurgiei, \u00een continuarea actualului parc \u201eTudor Arghezi\u201d, conform anun\u021bului f\u0103cut chiar de c\u0103tre edil. Decizia a fost f\u0103cut\u0103 public\u0103 dup\u0103 \u00eent\u00e2lnirea pe [&hellip;]<\/p>\n","protected":false},"author":66,"featured_media":185568,"comment_status":"closed","ping_status":"open","sticky":false,"template":"","format":"standard","meta":{"_acf_changed":false,"inline_featured_image":false,"ngg_post_thumbnail":0,"footnotes":""},"categories":[6994,5762,24],"tags":[2063,2120,27554,3807,765],"ppma_author":[26103],"class_list":["post-185539","post","type-post","status-publish","format-standard","has-post-thumbnail","hentry","category-stiri-2","category-main","category-primarie","tag-bucuresti-2","tag-daniel-baluta-2","tag-parcul-donald-trump","tag-parcul-tudor-arghezi","tag-sector-4"],"acf":[],"yoast_head":"<!-- This site is optimized with the Yoast SEO Premium plugin v25.3 (Yoast SEO v27.5) - https:\/\/yoast.com\/product\/yoast-seo-premium-wordpress\/ -->\n<title>Unde se va afla Parcul \u201eDonald Trump\u201d \u00een Sectorul 4, cadoul lui Daniel B\u0103lu\u021b\u0103 pentru pre\u0219edintele american - Buletin de Bucure\u0219ti<\/title>\n<meta name=\"description\" content=\"Daniel B\u0103lu\u021b\u0103 a luat decizia de a realiza \u00een Sectorul 4 Parcul \u201eDonald Trump\u201d, un cadou pentru pre\u0219edintele Statelor Unite ale Americii.\" \/>\n<meta name=\"robots\" content=\"index, follow, max-snippet:-1, max-image-preview:large, max-video-preview:-1\" \/>\n<link rel=\"canonical\" href=\"https:\/\/buletin.de\/bucuresti\/unde-se-va-afla-parcul-donald-trump-in-sectorul-4-cadoul-lui-daniel-baluta-pentru-presedintele-american\/\" \/>\n<meta property=\"og:locale\" content=\"en_GB\" \/>\n<meta property=\"og:type\" content=\"article\" \/>\n<meta property=\"og:title\" content=\"Unde se va afla Parcul \u201eDonald Trump\u201d \u00een Sectorul 4, cadoul lui Daniel B\u0103lu\u021b\u0103 pentru pre\u0219edintele american\" \/>\n<meta property=\"og:description\" content=\"Daniel B\u0103lu\u021b\u0103 a luat decizia de a realiza \u00een Sectorul 4 Parcul \u201eDonald Trump\u201d, un cadou pentru pre\u0219edintele Statelor Unite ale Americii.\" \/>\n<meta property=\"og:url\" content=\"https:\/\/buletin.de\/bucuresti\/unde-se-va-afla-parcul-donald-trump-in-sectorul-4-cadoul-lui-daniel-baluta-pentru-presedintele-american\/\" \/>\n<meta property=\"og:site_name\" content=\"Buletin de Bucure\u0219ti\" \/>\n<meta property=\"article:publisher\" content=\"https:\/\/www.facebook.com\/buletin.de.buc\" \/>\n<meta property=\"article:published_time\" content=\"2026-04-07T10:58:05+00:00\" \/>\n<meta property=\"article:modified_time\" content=\"2026-04-07T13:20:45+00:00\" \/>\n<meta property=\"og:image\" content=\"https:\/\/buletin.de\/bucuresti\/wp-content\/uploads\/2026\/04\/parcul-Donal-Trump.jpg\" \/>\n\t<meta property=\"og:image:width\" content=\"2048\" \/>\n\t<meta property=\"og:image:height\" content=\"1543\" \/>\n\t<meta property=\"og:image:type\" content=\"image\/jpeg\" \/>\n<meta name=\"author\" content=\"Deniz Garguli\" \/>\n<meta name=\"twitter:card\" content=\"summary_large_image\" \/>\n<meta name=\"twitter:label1\" content=\"Written by\" \/>\n\t<meta name=\"twitter:data1\" content=\"Deniz Garguli\" \/>\n\t<meta name=\"twitter:label2\" content=\"Estimated reading time\" \/>\n\t<meta name=\"twitter:data2\" content=\"2 minutes\" \/>\n<script type=\"application\/ld+json\" class=\"yoast-schema-graph\">{\"@context\":\"https:\\\/\\\/schema.org\",\"@graph\":[{\"@type\":\"Article\",\"@id\":\"https:\\\/\\\/buletin.de\\\/bucuresti\\\/unde-se-va-afla-parcul-donald-trump-in-sectorul-4-cadoul-lui-daniel-baluta-pentru-presedintele-american\\\/#article\",\"isPartOf\":{\"@id\":\"https:\\\/\\\/buletin.de\\\/bucuresti\\\/unde-se-va-afla-parcul-donald-trump-in-sectorul-4-cadoul-lui-daniel-baluta-pentru-presedintele-american\\\/\"},\"author\":{\"name\":\"Deniz Garguli\",\"@id\":\"https:\\\/\\\/buletin.de\\\/bucuresti\\\/#\\\/schema\\\/person\\\/8badd0805392c02e16b744e0d5cd3625\"},\"headline\":\"Unde se va afla Parcul \u201eDonald Trump\u201d \u00een Sectorul 4, cadoul lui Daniel B\u0103lu\u021b\u0103 pentru pre\u0219edintele american\",\"datePublished\":\"2026-04-07T10:58:05+00:00\",\"dateModified\":\"2026-04-07T13:20:45+00:00\",\"mainEntityOfPage\":{\"@id\":\"https:\\\/\\\/buletin.de\\\/bucuresti\\\/unde-se-va-afla-parcul-donald-trump-in-sectorul-4-cadoul-lui-daniel-baluta-pentru-presedintele-american\\\/\"},\"wordCount\":460,\"publisher\":{\"@id\":\"https:\\\/\\\/buletin.de\\\/bucuresti\\\/#organization\"},\"image\":{\"@id\":\"https:\\\/\\\/buletin.de\\\/bucuresti\\\/unde-se-va-afla-parcul-donald-trump-in-sectorul-4-cadoul-lui-daniel-baluta-pentru-presedintele-american\\\/#primaryimage\"},\"thumbnailUrl\":\"https:\\\/\\\/buletin.de\\\/bucuresti\\\/wp-content\\\/uploads\\\/2026\\\/04\\\/parcul-Donal-Trump.jpg\",\"keywords\":[\"Bucure\u0219ti\",\"Daniel B\u0103lu\u021b\u0103\",\"Parcul Donald Trump\",\"parcul tudor arghezi\",\"Sector 4\"],\"articleSection\":[\"Articole\",\"Main\",\"Prim\u0103rie\"],\"inLanguage\":\"en-GB\",\"copyrightYear\":\"2026\",\"copyrightHolder\":{\"@id\":\"https:\\\/\\\/buletin.de\\\/bucuresti\\\/#organization\"}},{\"@type\":\"WebPage\",\"@id\":\"https:\\\/\\\/buletin.de\\\/bucuresti\\\/unde-se-va-afla-parcul-donald-trump-in-sectorul-4-cadoul-lui-daniel-baluta-pentru-presedintele-american\\\/\",\"url\":\"https:\\\/\\\/buletin.de\\\/bucuresti\\\/unde-se-va-afla-parcul-donald-trump-in-sectorul-4-cadoul-lui-daniel-baluta-pentru-presedintele-american\\\/\",\"name\":\"Unde se va afla Parcul \u201eDonald Trump\u201d \u00een Sectorul 4, cadoul lui Daniel B\u0103lu\u021b\u0103 pentru pre\u0219edintele american - Buletin de Bucure\u0219ti\",\"isPartOf\":{\"@id\":\"https:\\\/\\\/buletin.de\\\/bucuresti\\\/#website\"},\"primaryImageOfPage\":{\"@id\":\"https:\\\/\\\/buletin.de\\\/bucuresti\\\/unde-se-va-afla-parcul-donald-trump-in-sectorul-4-cadoul-lui-daniel-baluta-pentru-presedintele-american\\\/#primaryimage\"},\"image\":{\"@id\":\"https:\\\/\\\/buletin.de\\\/bucuresti\\\/unde-se-va-afla-parcul-donald-trump-in-sectorul-4-cadoul-lui-daniel-baluta-pentru-presedintele-american\\\/#primaryimage\"},\"thumbnailUrl\":\"https:\\\/\\\/buletin.de\\\/bucuresti\\\/wp-content\\\/uploads\\\/2026\\\/04\\\/parcul-Donal-Trump.jpg\",\"datePublished\":\"2026-04-07T10:58:05+00:00\",\"dateModified\":\"2026-04-07T13:20:45+00:00\",\"description\":\"Daniel B\u0103lu\u021b\u0103 a luat decizia de a realiza \u00een Sectorul 4 Parcul \u201eDonald Trump\u201d, un cadou pentru pre\u0219edintele Statelor Unite ale Americii.\",\"breadcrumb\":{\"@id\":\"https:\\\/\\\/buletin.de\\\/bucuresti\\\/unde-se-va-afla-parcul-donald-trump-in-sectorul-4-cadoul-lui-daniel-baluta-pentru-presedintele-american\\\/#breadcrumb\"},\"inLanguage\":\"en-GB\",\"potentialAction\":[{\"@type\":\"ReadAction\",\"target\":[\"https:\\\/\\\/buletin.de\\\/bucuresti\\\/unde-se-va-afla-parcul-donald-trump-in-sectorul-4-cadoul-lui-daniel-baluta-pentru-presedintele-american\\\/\"]}]},{\"@type\":\"ImageObject\",\"inLanguage\":\"en-GB\",\"@id\":\"https:\\\/\\\/buletin.de\\\/bucuresti\\\/unde-se-va-afla-parcul-donald-trump-in-sectorul-4-cadoul-lui-daniel-baluta-pentru-presedintele-american\\\/#primaryimage\",\"url\":\"https:\\\/\\\/buletin.de\\\/bucuresti\\\/wp-content\\\/uploads\\\/2026\\\/04\\\/parcul-Donal-Trump.jpg\",\"contentUrl\":\"https:\\\/\\\/buletin.de\\\/bucuresti\\\/wp-content\\\/uploads\\\/2026\\\/04\\\/parcul-Donal-Trump.jpg\",\"width\":2048,\"height\":1543,\"caption\":\"Unde se va afla Parcul \u201eDonald Trump\u201d din Sectorul 4, cadoul lui Daniel B\u0103lu\u021b\u0103 pentru pre\u0219edintele american. FOTO: Daniel B\u0103lu\u021b\u0103\\\/FB\"},{\"@type\":\"BreadcrumbList\",\"@id\":\"https:\\\/\\\/buletin.de\\\/bucuresti\\\/unde-se-va-afla-parcul-donald-trump-in-sectorul-4-cadoul-lui-daniel-baluta-pentru-presedintele-american\\\/#breadcrumb\",\"itemListElement\":[{\"@type\":\"ListItem\",\"position\":1,\"name\":\"Acas\u0103\",\"item\":\"https:\\\/\\\/buletin.de\\\/bucuresti\\\/\"},{\"@type\":\"ListItem\",\"position\":2,\"name\":\"Unde se va afla Parcul \u201eDonald Trump\u201d \u00een Sectorul 4, cadoul lui Daniel B\u0103lu\u021b\u0103 pentru pre\u0219edintele american\"}]},{\"@type\":\"WebSite\",\"@id\":\"https:\\\/\\\/buletin.de\\\/bucuresti\\\/#website\",\"url\":\"https:\\\/\\\/buletin.de\\\/bucuresti\\\/\",\"name\":\"Buletin de Bucure\u0219ti\",\"description\":\"\u0218tiri \u0219i investiga\u021bii esen\u021biale din capital\u0103\",\"publisher\":{\"@id\":\"https:\\\/\\\/buletin.de\\\/bucuresti\\\/#organization\"},\"potentialAction\":[{\"@type\":\"SearchAction\",\"target\":{\"@type\":\"EntryPoint\",\"urlTemplate\":\"https:\\\/\\\/buletin.de\\\/bucuresti\\\/?s={search_term_string}\"},\"query-input\":{\"@type\":\"PropertyValueSpecification\",\"valueRequired\":true,\"valueName\":\"search_term_string\"}}],\"inLanguage\":\"en-GB\"},{\"@type\":\"Organization\",\"@id\":\"https:\\\/\\\/buletin.de\\\/bucuresti\\\/#organization\",\"name\":\"Buletin de Bucure\u0219ti\",\"url\":\"https:\\\/\\\/buletin.de\\\/bucuresti\\\/\",\"logo\":{\"@type\":\"ImageObject\",\"inLanguage\":\"en-GB\",\"@id\":\"https:\\\/\\\/buletin.de\\\/bucuresti\\\/#\\\/schema\\\/logo\\\/image\\\/\",\"url\":\"https:\\\/\\\/buletin.de\\\/bucuresti\\\/wp-content\\\/uploads\\\/logo-bdb-full-wide-vernil-transparent.png\",\"contentUrl\":\"https:\\\/\\\/buletin.de\\\/bucuresti\\\/wp-content\\\/uploads\\\/logo-bdb-full-wide-vernil-transparent.png\",\"width\":1782,\"height\":626,\"caption\":\"Buletin de Bucure\u0219ti\"},\"image\":{\"@id\":\"https:\\\/\\\/buletin.de\\\/bucuresti\\\/#\\\/schema\\\/logo\\\/image\\\/\"},\"sameAs\":[\"https:\\\/\\\/www.facebook.com\\\/buletin.de.buc\",\"https:\\\/\\\/www.instagram.com\\\/buletinde.bucuresti\\\/\"]},{\"@type\":\"Person\",\"@id\":\"https:\\\/\\\/buletin.de\\\/bucuresti\\\/#\\\/schema\\\/person\\\/8badd0805392c02e16b744e0d5cd3625\",\"name\":\"Deniz Garguli\",\"image\":{\"@type\":\"ImageObject\",\"inLanguage\":\"en-GB\",\"@id\":\"https:\\\/\\\/buletin.de\\\/bucuresti\\\/wp-content\\\/uploads\\\/2026\\\/01\\\/79b44b20-a270-4ee6-afb3-fdf3c7ef7782-96x96.jpege2491ce6d396dbf7c1362e9ef046c803\",\"url\":\"https:\\\/\\\/buletin.de\\\/bucuresti\\\/wp-content\\\/uploads\\\/2026\\\/01\\\/79b44b20-a270-4ee6-afb3-fdf3c7ef7782-96x96.jpeg\",\"contentUrl\":\"https:\\\/\\\/buletin.de\\\/bucuresti\\\/wp-content\\\/uploads\\\/2026\\\/01\\\/79b44b20-a270-4ee6-afb3-fdf3c7ef7782-96x96.jpeg\",\"caption\":\"Deniz Garguli\"},\"description\":\"N\u0103scut\u0103 \u0219i crescut\u0103 \u00een Capital\u0103, dorin\u021ba de a fi la curent cu tot ce se \u00eent\u00e2mpl\u0103 \u00een Bucure\u0219ti a \u00eempins-o c\u0103tre pres\u0103, mai cu seam\u0103 c\u0103tre cea local\u0103. A lucrat vreme de patru ani la B365, unde s-a ocupat de \u0219tiri despre ora\u0219 \u0219i oamenii care locuiesc \u00een el. Din 2026 s-a al\u0103turat echipei Buletin de Bucure\u0219ti.\",\"url\":\"https:\\\/\\\/buletin.de\\\/bucuresti\\\/author\\\/deniz-garguli\\\/\"}]}<\/script>\n<!-- \/ Yoast SEO Premium plugin. -->","yoast_head_json":{"title":"Unde se va afla Parcul \u201eDonald Trump\u201d \u00een Sectorul 4, cadoul lui Daniel B\u0103lu\u021b\u0103 pentru pre\u0219edintele american - Buletin de Bucure\u0219ti","description":"Daniel B\u0103lu\u021b\u0103 a luat decizia de a realiza \u00een Sectorul 4 Parcul \u201eDonald Trump\u201d, un cadou pentru pre\u0219edintele Statelor Unite ale Americii.","robots":{"index":"index","follow":"follow","max-snippet":"max-snippet:-1","max-image-preview":"max-image-preview:large","max-video-preview":"max-video-preview:-1"},"canonical":"https:\/\/buletin.de\/bucuresti\/unde-se-va-afla-parcul-donald-trump-in-sectorul-4-cadoul-lui-daniel-baluta-pentru-presedintele-american\/","og_locale":"en_GB","og_type":"article","og_title":"Unde se va afla Parcul \u201eDonald Trump\u201d \u00een Sectorul 4, cadoul lui Daniel B\u0103lu\u021b\u0103 pentru pre\u0219edintele american","og_description":"Daniel B\u0103lu\u021b\u0103 a luat decizia de a realiza \u00een Sectorul 4 Parcul \u201eDonald Trump\u201d, un cadou pentru pre\u0219edintele Statelor Unite ale Americii.","og_url":"https:\/\/buletin.de\/bucuresti\/unde-se-va-afla-parcul-donald-trump-in-sectorul-4-cadoul-lui-daniel-baluta-pentru-presedintele-american\/","og_site_name":"Buletin de Bucure\u0219ti","article_publisher":"https:\/\/www.facebook.com\/buletin.de.buc","article_published_time":"2026-04-07T10:58:05+00:00","article_modified_time":"2026-04-07T13:20:45+00:00","og_image":[{"width":2048,"height":1543,"url":"https:\/\/buletin.de\/bucuresti\/wp-content\/uploads\/2026\/04\/parcul-Donal-Trump.jpg","type":"image\/jpeg"}],"author":"Deniz Garguli","twitter_card":"summary_large_image","twitter_misc":{"Written by":"Deniz Garguli","Estimated reading time":"2 minutes"},"schema":{"@context":"https:\/\/schema.org","@graph":[{"@type":"Article","@id":"https:\/\/buletin.de\/bucuresti\/unde-se-va-afla-parcul-donald-trump-in-sectorul-4-cadoul-lui-daniel-baluta-pentru-presedintele-american\/#article","isPartOf":{"@id":"https:\/\/buletin.de\/bucuresti\/unde-se-va-afla-parcul-donald-trump-in-sectorul-4-cadoul-lui-daniel-baluta-pentru-presedintele-american\/"},"author":{"name":"Deniz Garguli","@id":"https:\/\/buletin.de\/bucuresti\/#\/schema\/person\/8badd0805392c02e16b744e0d5cd3625"},"headline":"Unde se va afla Parcul \u201eDonald Trump\u201d \u00een Sectorul 4, cadoul lui Daniel B\u0103lu\u021b\u0103 pentru pre\u0219edintele american","datePublished":"2026-04-07T10:58:05+00:00","dateModified":"2026-04-07T13:20:45+00:00","mainEntityOfPage":{"@id":"https:\/\/buletin.de\/bucuresti\/unde-se-va-afla-parcul-donald-trump-in-sectorul-4-cadoul-lui-daniel-baluta-pentru-presedintele-american\/"},"wordCount":460,"publisher":{"@id":"https:\/\/buletin.de\/bucuresti\/#organization"},"image":{"@id":"https:\/\/buletin.de\/bucuresti\/unde-se-va-afla-parcul-donald-trump-in-sectorul-4-cadoul-lui-daniel-baluta-pentru-presedintele-american\/#primaryimage"},"thumbnailUrl":"https:\/\/buletin.de\/bucuresti\/wp-content\/uploads\/2026\/04\/parcul-Donal-Trump.jpg","keywords":["Bucure\u0219ti","Daniel B\u0103lu\u021b\u0103","Parcul Donald Trump","parcul tudor arghezi","Sector 4"],"articleSection":["Articole","Main","Prim\u0103rie"],"inLanguage":"en-GB","copyrightYear":"2026","copyrightHolder":{"@id":"https:\/\/buletin.de\/bucuresti\/#organization"}},{"@type":"WebPage","@id":"https:\/\/buletin.de\/bucuresti\/unde-se-va-afla-parcul-donald-trump-in-sectorul-4-cadoul-lui-daniel-baluta-pentru-presedintele-american\/","url":"https:\/\/buletin.de\/bucuresti\/unde-se-va-afla-parcul-donald-trump-in-sectorul-4-cadoul-lui-daniel-baluta-pentru-presedintele-american\/","name":"Unde se va afla Parcul \u201eDonald Trump\u201d \u00een Sectorul 4, cadoul lui Daniel B\u0103lu\u021b\u0103 pentru pre\u0219edintele american - Buletin de Bucure\u0219ti","isPartOf":{"@id":"https:\/\/buletin.de\/bucuresti\/#website"},"primaryImageOfPage":{"@id":"https:\/\/buletin.de\/bucuresti\/unde-se-va-afla-parcul-donald-trump-in-sectorul-4-cadoul-lui-daniel-baluta-pentru-presedintele-american\/#primaryimage"},"image":{"@id":"https:\/\/buletin.de\/bucuresti\/unde-se-va-afla-parcul-donald-trump-in-sectorul-4-cadoul-lui-daniel-baluta-pentru-presedintele-american\/#primaryimage"},"thumbnailUrl":"https:\/\/buletin.de\/bucuresti\/wp-content\/uploads\/2026\/04\/parcul-Donal-Trump.jpg","datePublished":"2026-04-07T10:58:05+00:00","dateModified":"2026-04-07T13:20:45+00:00","description":"Daniel B\u0103lu\u021b\u0103 a luat decizia de a realiza \u00een Sectorul 4 Parcul \u201eDonald Trump\u201d, un cadou pentru pre\u0219edintele Statelor Unite ale Americii.","breadcrumb":{"@id":"https:\/\/buletin.de\/bucuresti\/unde-se-va-afla-parcul-donald-trump-in-sectorul-4-cadoul-lui-daniel-baluta-pentru-presedintele-american\/#breadcrumb"},"inLanguage":"en-GB","potentialAction":[{"@type":"ReadAction","target":["https:\/\/buletin.de\/bucuresti\/unde-se-va-afla-parcul-donald-trump-in-sectorul-4-cadoul-lui-daniel-baluta-pentru-presedintele-american\/"]}]},{"@type":"ImageObject","inLanguage":"en-GB","@id":"https:\/\/buletin.de\/bucuresti\/unde-se-va-afla-parcul-donald-trump-in-sectorul-4-cadoul-lui-daniel-baluta-pentru-presedintele-american\/#primaryimage","url":"https:\/\/buletin.de\/bucuresti\/wp-content\/uploads\/2026\/04\/parcul-Donal-Trump.jpg","contentUrl":"https:\/\/buletin.de\/bucuresti\/wp-content\/uploads\/2026\/04\/parcul-Donal-Trump.jpg","width":2048,"height":1543,"caption":"Unde se va afla Parcul \u201eDonald Trump\u201d din Sectorul 4, cadoul lui Daniel B\u0103lu\u021b\u0103 pentru pre\u0219edintele american. FOTO: Daniel B\u0103lu\u021b\u0103\/FB"},{"@type":"BreadcrumbList","@id":"https:\/\/buletin.de\/bucuresti\/unde-se-va-afla-parcul-donald-trump-in-sectorul-4-cadoul-lui-daniel-baluta-pentru-presedintele-american\/#breadcrumb","itemListElement":[{"@type":"ListItem","position":1,"name":"Acas\u0103","item":"https:\/\/buletin.de\/bucuresti\/"},{"@type":"ListItem","position":2,"name":"Unde se va afla Parcul \u201eDonald Trump\u201d \u00een Sectorul 4, cadoul lui Daniel B\u0103lu\u021b\u0103 pentru pre\u0219edintele american"}]},{"@type":"WebSite","@id":"https:\/\/buletin.de\/bucuresti\/#website","url":"https:\/\/buletin.de\/bucuresti\/","name":"Buletin de Bucure\u0219ti","description":"\u0218tiri \u0219i investiga\u021bii esen\u021biale din capital\u0103","publisher":{"@id":"https:\/\/buletin.de\/bucuresti\/#organization"},"potentialAction":[{"@type":"SearchAction","target":{"@type":"EntryPoint","urlTemplate":"https:\/\/buletin.de\/bucuresti\/?s={search_term_string}"},"query-input":{"@type":"PropertyValueSpecification","valueRequired":true,"valueName":"search_term_string"}}],"inLanguage":"en-GB"},{"@type":"Organization","@id":"https:\/\/buletin.de\/bucuresti\/#organization","name":"Buletin de Bucure\u0219ti","url":"https:\/\/buletin.de\/bucuresti\/","logo":{"@type":"ImageObject","inLanguage":"en-GB","@id":"https:\/\/buletin.de\/bucuresti\/#\/schema\/logo\/image\/","url":"https:\/\/buletin.de\/bucuresti\/wp-content\/uploads\/logo-bdb-full-wide-vernil-transparent.png","contentUrl":"https:\/\/buletin.de\/bucuresti\/wp-content\/uploads\/logo-bdb-full-wide-vernil-transparent.png","width":1782,"height":626,"caption":"Buletin de Bucure\u0219ti"},"image":{"@id":"https:\/\/buletin.de\/bucuresti\/#\/schema\/logo\/image\/"},"sameAs":["https:\/\/www.facebook.com\/buletin.de.buc","https:\/\/www.instagram.com\/buletinde.bucuresti\/"]},{"@type":"Person","@id":"https:\/\/buletin.de\/bucuresti\/#\/schema\/person\/8badd0805392c02e16b744e0d5cd3625","name":"Deniz Garguli","image":{"@type":"ImageObject","inLanguage":"en-GB","@id":"https:\/\/buletin.de\/bucuresti\/wp-content\/uploads\/2026\/01\/79b44b20-a270-4ee6-afb3-fdf3c7ef7782-96x96.jpege2491ce6d396dbf7c1362e9ef046c803","url":"https:\/\/buletin.de\/bucuresti\/wp-content\/uploads\/2026\/01\/79b44b20-a270-4ee6-afb3-fdf3c7ef7782-96x96.jpeg","contentUrl":"https:\/\/buletin.de\/bucuresti\/wp-content\/uploads\/2026\/01\/79b44b20-a270-4ee6-afb3-fdf3c7ef7782-96x96.jpeg","caption":"Deniz Garguli"},"description":"N\u0103scut\u0103 \u0219i crescut\u0103 \u00een Capital\u0103, dorin\u021ba de a fi la curent cu tot ce se \u00eent\u00e2mpl\u0103 \u00een Bucure\u0219ti a \u00eempins-o c\u0103tre pres\u0103, mai cu seam\u0103 c\u0103tre cea local\u0103. A lucrat vreme de patru ani la B365, unde s-a ocupat de \u0219tiri despre ora\u0219 \u0219i oamenii care locuiesc \u00een el. Din 2026 s-a al\u0103turat echipei Buletin de Bucure\u0219ti.","url":"https:\/\/buletin.de\/bucuresti\/author\/deniz-garguli\/"}]}},"authors":[{"term_id":26103,"user_id":66,"is_guest":0,"slug":"deniz-garguli","display_name":"Deniz Garguli","avatar_url":"https:\/\/buletin.de\/bucuresti\/wp-content\/uploads\/2026\/01\/79b44b20-a270-4ee6-afb3-fdf3c7ef7782-96x96.jpeg","0":null,"1":"","2":"","3":"","4":"","5":"","6":"","7":"","8":""}],"_links":{"self":[{"href":"https:\/\/buletin.de\/bucuresti\/wp-json\/wp\/v2\/posts\/185539","targetHints":{"allow":["GET"]}}],"collection":[{"href":"https:\/\/buletin.de\/bucuresti\/wp-json\/wp\/v2\/posts"}],"about":[{"href":"https:\/\/buletin.de\/bucuresti\/wp-json\/wp\/v2\/types\/post"}],"author":[{"embeddable":true,"href":"https:\/\/buletin.de\/bucuresti\/wp-json\/wp\/v2\/users\/66"}],"replies":[{"embeddable":true,"href":"https:\/\/buletin.de\/bucuresti\/wp-json\/wp\/v2\/comments?post=185539"}],"version-history":[{"count":11,"href":"https:\/\/buletin.de\/bucuresti\/wp-json\/wp\/v2\/posts\/185539\/revisions"}],"predecessor-version":[{"id":185646,"href":"https:\/\/buletin.de\/bucuresti\/wp-json\/wp\/v2\/posts\/185539\/revisions\/185646"}],"wp:featuredmedia":[{"embeddable":true,"href":"https:\/\/buletin.de\/bucuresti\/wp-json\/wp\/v2\/media\/185568"}],"wp:attachment":[{"href":"https:\/\/buletin.de\/bucuresti\/wp-json\/wp\/v2\/media?parent=185539"}],"wp:term":[{"taxonomy":"category","embeddable":true,"href":"https:\/\/buletin.de\/bucuresti\/wp-json\/wp\/v2\/categories?post=185539"},{"taxonomy":"post_tag","embeddable":true,"href":"https:\/\/buletin.de\/bucuresti\/wp-json\/wp\/v2\/tags?post=185539"},{"taxonomy":"author","embeddable":true,"href":"https:\/\/buletin.de\/bucuresti\/wp-json\/wp\/v2\/ppma_author?post=185539"}],"curies":[{"name":"wp","href":"https:\/\/api.w.org\/{rel}","templated":true}]}}