{"id":185535,"date":"2026-04-07T13:39:42","date_gmt":"2026-04-07T11:39:42","guid":{"rendered":"https:\/\/buletin.de\/bucuresti\/?p=185535"},"modified":"2026-04-07T13:39:43","modified_gmt":"2026-04-07T11:39:43","slug":"restrictii-de-circulatie-de-paste-pentru-vehiculele-de-peste-75-tone-pe-autostrada-a2-dn7-si-dn39","status":"publish","type":"post","link":"https:\/\/buletin.de\/bucuresti\/restrictii-de-circulatie-de-paste-pentru-vehiculele-de-peste-75-tone-pe-autostrada-a2-dn7-si-dn39\/","title":{"rendered":"Restric\u021bii de circula\u021bie de Pa\u0219te pentru vehiculele de peste 7,5 tone, pe Autostrada A2, DN7 \u0219i DN39"},"content":{"rendered":"\n<p><strong>\u00cen perioada s\u0103rb\u0103torilor Pascale, c\u00e2nd mare parte din oameni pleac\u0103 \u00een minivacan\u021be, urmeaz\u0103 s\u0103 fie instituite restric\u021bii de circula\u021bie pe Autostrada Soarelui (A2), Drumul Na\u021bional 7 \u0219i pe Drumul Na\u021bional 39, conform <a href=\"https:\/\/cnadnr.ro\/ro\/comunicare\/comunicate-de-presa\/interes-general\/restric%C8%9Bii-de-circula%C8%9Bie-cu-ocazia-s%C4%83rb%C4%83torilor-2\" target=\"_blank\" rel=\"noreferrer noopener\">anun\u021bului <\/a>f\u0103cut de Compania Na\u021bional\u0103 de Administrare a Infrastructurii Rutiere (CNAIR). Vizeaz\u0103 doar vehiculele de mare tonaj \u0219i au scopul de a preveni producere ambuteiajelor. <\/strong><\/p>\n\n\n\n<p>Mai precis, pe arterele men\u021bionate anterior, nu vor putea circula vehiculele rutiere cu masa total\u0103 maxim\u0103 autorizat\u0103 mai mare de 7,5 tone. O excep\u021bie de la aceast\u0103 regul\u0103 este reprezentat\u0103 de vehiculele destinate exclusiv transportului de persoane. <\/p>\n\n\n\n<p>Restric\u021biile instituite conform prevederilor Ordinului MT-MAI nr. 1249-132\/2018, \u00eentra \u00een vigoare \u00eencep\u00e2nd cu ziua de joi, 10 aprilie, \u0219i vor fi valabile p\u00e2n\u0103 luni, 13 aprilie (a doua zi de Pa\u0219te). <\/p>\n\n\n\n<p><strong>CITE\u0218TE \u0218I <a href=\"https:\/\/buletin.de\/bucuresti\/programul-spitalelor-din-bucuresti-in-perioada-sarbatorilor-de-pasti\/\" type=\"post\" id=\"185565\">Programul spitalelor din Bucure\u0219ti, \u00een perioada S\u0103rb\u0103torilor de Pa\u0219ti<\/a><\/strong><\/p>\n\n\n\n<h2 class=\"wp-block-heading\" id=\"h-tronsoanele-vizate-\u0219i-programul-restric\u021biilor\">Tronsoanele vizate \u0219i programul restric\u021biilor<\/h2>\n\n\n\n<p>CNAIR a transmis \u0219i programul \u00een care aceste restric\u021bii de circula\u021bie vor fi valabile, pentru fiecare arter\u0103 \u00een parte. Pe Autostrada Soarelui, sunt vizate ambele sensuri de mers, pe tronsonul cuprins \u00eentre Bucure\u0219ti (intersec\u021bia A2 cu DNCB) \u2013 Fundulea &#8211; Lehliu &#8211; Fete\u0219ti &#8211; Cernavod\u0103 &#8211; Constan\u021ba (intersec\u021bia A2 cu A4). Programul restric\u021biilor este: <\/p>\n\n\n\n<ul class=\"wp-block-list\">\n<li>Joi: \u00eentre orele 16:00 &#8211; 22:00<\/li>\n\n\n\n<li>Vineri: \u00eentre orele 06:00 &#8211; 22:00<\/li>\n\n\n\n<li>S\u00e2mb\u0103t\u0103: \u00eentre orele 16:00 &#8211; 22:00<\/li>\n\n\n\n<li>Duminic\u0103: \u00eentre orele 06:00 &#8211; 22:00<\/li>\n\n\n\n<li>Luni: \u00eentre orele 06:00 &#8211; 22:00<\/li>\n<\/ul>\n\n\n\n<p>Pe DN7, restric\u021biile ce vizeaz\u0103 ambele sensuri de mers vor fi instituite pe tronsonul cuprins \u00eentre Pite\u0219ti (intersec\u021bia DN7 cu DN7C) &#8211; R\u00e2mnicu V\u00e2lcea &#8211; Vestem (intersec\u021bia DN7 cu DN 1), conform urm\u0103torului program: <\/p>\n\n\n\n<ul class=\"wp-block-list\">\n<li>Joi: \u00eentre orele 18:00 &#8211; 22:00<\/li>\n\n\n\n<li>Vineri: \u00eentre orele 06:00 &#8211; 22:00<\/li>\n\n\n\n<li>S\u00e2mb\u0103t\u0103: \u00eentre orele 18:00 &#8211; 22:00<\/li>\n\n\n\n<li>Duminic\u0103: \u00eentre orele 06:00 &#8211; 22:00<\/li>\n\n\n\n<li>Luni: \u00eentre orele 06:00 &#8211; 22:00<\/li>\n<\/ul>\n\n\n\n<p>Asemenea arterelor precedent men\u021bionate, \u0219i pe DN39 restric\u021biile vizeaz\u0103 ambele sensuri de mers, fiind valabile pentru tronsonul cuprins \u00eentre Agigea (intersec\u021bia DN39 cu DN 39A) &#8211; Mangalia (limita municipiu). Programul este: <\/p>\n\n\n\n<ul class=\"wp-block-list\">\n<li>Joi: \u00eentre orele 16:00 &#8211; 22:00<\/li>\n\n\n\n<li>Vineri: \u00eentre orele 06:00 &#8211; 22:00<\/li>\n\n\n\n<li>S\u00e2mb\u0103t\u0103: \u00eentre orele 16:00 &#8211; 22:00<\/li>\n\n\n\n<li>Duminic\u0103: \u00eentre orele 06:00 &#8211; 22:00<\/li>\n\n\n\n<li>Luni: \u00eentre orele 06:00 &#8211; 22:00<\/li>\n<\/ul>\n\n\n\n<p>Cei care nu \u021bin cont de restric\u021biile instituite prin Ordinului MT-MAI nr. 1249-132\/2018, risc\u0103 s\u0103 primeaz\u0103 amenzi, transmite CNAIR. <\/p>\n\n\n\n<p><strong>CITE\u0218TE \u0218I <a href=\"https:\/\/buletin.de\/bucuresti\/ateliere-de-pasti-pentru-copii-la-hub-ul-degalben-din-sectorul-1\/\" type=\"post\" id=\"185537\">Ateliere de Pa\u0219ti, pentru copii, la Hub-ul deGalben, din Sectorul 1<\/a><\/strong><\/p>\n\n\n\n<p><\/p>\n","protected":false},"excerpt":{"rendered":"<p>\u00cen perioada s\u0103rb\u0103torilor Pascale, c\u00e2nd mare parte din oameni pleac\u0103 \u00een minivacan\u021be, urmeaz\u0103 s\u0103 fie instituite restric\u021bii de circula\u021bie pe Autostrada Soarelui (A2), Drumul Na\u021bional 7 \u0219i pe Drumul Na\u021bional 39, conform anun\u021bului f\u0103cut de Compania Na\u021bional\u0103 de Administrare a Infrastructurii Rutiere (CNAIR). Vizeaz\u0103 doar vehiculele de mare tonaj \u0219i au scopul de a preveni [&hellip;]<\/p>\n","protected":false},"author":66,"featured_media":185611,"comment_status":"closed","ping_status":"open","sticky":false,"template":"","format":"standard","meta":{"_acf_changed":false,"inline_featured_image":false,"ngg_post_thumbnail":0,"footnotes":""},"categories":[6994,62],"tags":[985,1238,27560,27559,27558,21799],"ppma_author":[26103],"class_list":["post-185535","post","type-post","status-publish","format-standard","has-post-thumbnail","hentry","category-stiri-2","category-stiri","tag-autostrada-soarelui","tag-cnair","tag-dn39","tag-dn7","tag-paste-2026","tag-restrictii-de-circulatie-2"],"acf":[],"yoast_head":"<!-- This site is optimized with the Yoast SEO Premium plugin v25.3 (Yoast SEO v27.5) - https:\/\/yoast.com\/product\/yoast-seo-premium-wordpress\/ -->\n<title>Restric\u021bii de circula\u021bie de Pa\u0219te pentru vehiculele de peste 7,5 tone, pe Autostrada A2, DN7 \u0219i DN39 - Buletin de Bucure\u0219ti<\/title>\n<meta name=\"description\" content=\"CNAIR anun\u021b\u0103 restric\u021bii de circula\u021bie, de Pa\u0219te, pe Autostrada Soarelui (A2), Drumul Na\u021bional 7 \u0219i pe Drumul Na\u021bional 39.\" \/>\n<meta name=\"robots\" content=\"index, follow, max-snippet:-1, max-image-preview:large, max-video-preview:-1\" \/>\n<link rel=\"canonical\" href=\"https:\/\/buletin.de\/bucuresti\/restrictii-de-circulatie-de-paste-pentru-vehiculele-de-peste-75-tone-pe-autostrada-a2-dn7-si-dn39\/\" \/>\n<meta property=\"og:locale\" content=\"en_GB\" \/>\n<meta property=\"og:type\" content=\"article\" \/>\n<meta property=\"og:title\" content=\"Restric\u021bii de circula\u021bie de Pa\u0219te pentru vehiculele de peste 7,5 tone, pe Autostrada A2, DN7 \u0219i DN39\" \/>\n<meta property=\"og:description\" content=\"CNAIR anun\u021b\u0103 restric\u021bii de circula\u021bie, de Pa\u0219te, pe Autostrada Soarelui (A2), Drumul Na\u021bional 7 \u0219i pe Drumul Na\u021bional 39.\" \/>\n<meta property=\"og:url\" content=\"https:\/\/buletin.de\/bucuresti\/restrictii-de-circulatie-de-paste-pentru-vehiculele-de-peste-75-tone-pe-autostrada-a2-dn7-si-dn39\/\" \/>\n<meta property=\"og:site_name\" content=\"Buletin de Bucure\u0219ti\" \/>\n<meta property=\"article:publisher\" content=\"https:\/\/www.facebook.com\/buletin.de.buc\" \/>\n<meta property=\"article:published_time\" content=\"2026-04-07T11:39:42+00:00\" \/>\n<meta property=\"article:modified_time\" content=\"2026-04-07T11:39:43+00:00\" \/>\n<meta property=\"og:image\" content=\"https:\/\/buletin.de\/bucuresti\/wp-content\/uploads\/2026\/04\/autostrada-soarelui.jpeg\" \/>\n\t<meta property=\"og:image:width\" content=\"1600\" \/>\n\t<meta property=\"og:image:height\" content=\"1066\" \/>\n\t<meta property=\"og:image:type\" content=\"image\/jpeg\" \/>\n<meta name=\"author\" content=\"Deniz Garguli\" \/>\n<meta name=\"twitter:card\" content=\"summary_large_image\" \/>\n<meta name=\"twitter:label1\" content=\"Written by\" \/>\n\t<meta name=\"twitter:data1\" content=\"Deniz Garguli\" \/>\n\t<meta name=\"twitter:label2\" content=\"Estimated reading time\" \/>\n\t<meta name=\"twitter:data2\" content=\"2 minutes\" \/>\n<script type=\"application\/ld+json\" class=\"yoast-schema-graph\">{\"@context\":\"https:\\\/\\\/schema.org\",\"@graph\":[{\"@type\":\"Article\",\"@id\":\"https:\\\/\\\/buletin.de\\\/bucuresti\\\/restrictii-de-circulatie-de-paste-pentru-vehiculele-de-peste-75-tone-pe-autostrada-a2-dn7-si-dn39\\\/#article\",\"isPartOf\":{\"@id\":\"https:\\\/\\\/buletin.de\\\/bucuresti\\\/restrictii-de-circulatie-de-paste-pentru-vehiculele-de-peste-75-tone-pe-autostrada-a2-dn7-si-dn39\\\/\"},\"author\":{\"name\":\"Deniz Garguli\",\"@id\":\"https:\\\/\\\/buletin.de\\\/bucuresti\\\/#\\\/schema\\\/person\\\/8badd0805392c02e16b744e0d5cd3625\"},\"headline\":\"Restric\u021bii de circula\u021bie de Pa\u0219te pentru vehiculele de peste 7,5 tone, pe Autostrada A2, DN7 \u0219i DN39\",\"datePublished\":\"2026-04-07T11:39:42+00:00\",\"dateModified\":\"2026-04-07T11:39:43+00:00\",\"mainEntityOfPage\":{\"@id\":\"https:\\\/\\\/buletin.de\\\/bucuresti\\\/restrictii-de-circulatie-de-paste-pentru-vehiculele-de-peste-75-tone-pe-autostrada-a2-dn7-si-dn39\\\/\"},\"wordCount\":414,\"publisher\":{\"@id\":\"https:\\\/\\\/buletin.de\\\/bucuresti\\\/#organization\"},\"image\":{\"@id\":\"https:\\\/\\\/buletin.de\\\/bucuresti\\\/restrictii-de-circulatie-de-paste-pentru-vehiculele-de-peste-75-tone-pe-autostrada-a2-dn7-si-dn39\\\/#primaryimage\"},\"thumbnailUrl\":\"https:\\\/\\\/buletin.de\\\/bucuresti\\\/wp-content\\\/uploads\\\/2026\\\/04\\\/autostrada-soarelui.jpeg\",\"keywords\":[\"autostrada soarelui\",\"cnair\",\"DN39\",\"DN7\",\"Pa\u0219te 2026\",\"restric\u021bii de circula\u021bie\"],\"articleSection\":[\"Articole\",\"\u0218tiri\"],\"inLanguage\":\"en-GB\",\"copyrightYear\":\"2026\",\"copyrightHolder\":{\"@id\":\"https:\\\/\\\/buletin.de\\\/bucuresti\\\/#organization\"}},{\"@type\":\"WebPage\",\"@id\":\"https:\\\/\\\/buletin.de\\\/bucuresti\\\/restrictii-de-circulatie-de-paste-pentru-vehiculele-de-peste-75-tone-pe-autostrada-a2-dn7-si-dn39\\\/\",\"url\":\"https:\\\/\\\/buletin.de\\\/bucuresti\\\/restrictii-de-circulatie-de-paste-pentru-vehiculele-de-peste-75-tone-pe-autostrada-a2-dn7-si-dn39\\\/\",\"name\":\"Restric\u021bii de circula\u021bie de Pa\u0219te pentru vehiculele de peste 7,5 tone, pe Autostrada A2, DN7 \u0219i DN39 - Buletin de Bucure\u0219ti\",\"isPartOf\":{\"@id\":\"https:\\\/\\\/buletin.de\\\/bucuresti\\\/#website\"},\"primaryImageOfPage\":{\"@id\":\"https:\\\/\\\/buletin.de\\\/bucuresti\\\/restrictii-de-circulatie-de-paste-pentru-vehiculele-de-peste-75-tone-pe-autostrada-a2-dn7-si-dn39\\\/#primaryimage\"},\"image\":{\"@id\":\"https:\\\/\\\/buletin.de\\\/bucuresti\\\/restrictii-de-circulatie-de-paste-pentru-vehiculele-de-peste-75-tone-pe-autostrada-a2-dn7-si-dn39\\\/#primaryimage\"},\"thumbnailUrl\":\"https:\\\/\\\/buletin.de\\\/bucuresti\\\/wp-content\\\/uploads\\\/2026\\\/04\\\/autostrada-soarelui.jpeg\",\"datePublished\":\"2026-04-07T11:39:42+00:00\",\"dateModified\":\"2026-04-07T11:39:43+00:00\",\"description\":\"CNAIR anun\u021b\u0103 restric\u021bii de circula\u021bie, de Pa\u0219te, pe Autostrada Soarelui (A2), Drumul Na\u021bional 7 \u0219i pe Drumul Na\u021bional 39.\",\"breadcrumb\":{\"@id\":\"https:\\\/\\\/buletin.de\\\/bucuresti\\\/restrictii-de-circulatie-de-paste-pentru-vehiculele-de-peste-75-tone-pe-autostrada-a2-dn7-si-dn39\\\/#breadcrumb\"},\"inLanguage\":\"en-GB\",\"potentialAction\":[{\"@type\":\"ReadAction\",\"target\":[\"https:\\\/\\\/buletin.de\\\/bucuresti\\\/restrictii-de-circulatie-de-paste-pentru-vehiculele-de-peste-75-tone-pe-autostrada-a2-dn7-si-dn39\\\/\"]}]},{\"@type\":\"ImageObject\",\"inLanguage\":\"en-GB\",\"@id\":\"https:\\\/\\\/buletin.de\\\/bucuresti\\\/restrictii-de-circulatie-de-paste-pentru-vehiculele-de-peste-75-tone-pe-autostrada-a2-dn7-si-dn39\\\/#primaryimage\",\"url\":\"https:\\\/\\\/buletin.de\\\/bucuresti\\\/wp-content\\\/uploads\\\/2026\\\/04\\\/autostrada-soarelui.jpeg\",\"contentUrl\":\"https:\\\/\\\/buletin.de\\\/bucuresti\\\/wp-content\\\/uploads\\\/2026\\\/04\\\/autostrada-soarelui.jpeg\",\"width\":1600,\"height\":1066,\"caption\":\"Restric\u021bii de circula\u021bie de Pa\u0219te pentru vehiculele de peste 7,5 tone, pe Autostrada A2, DN7 \u0219i DN39. FOTO: Arhiv\u0103\"},{\"@type\":\"BreadcrumbList\",\"@id\":\"https:\\\/\\\/buletin.de\\\/bucuresti\\\/restrictii-de-circulatie-de-paste-pentru-vehiculele-de-peste-75-tone-pe-autostrada-a2-dn7-si-dn39\\\/#breadcrumb\",\"itemListElement\":[{\"@type\":\"ListItem\",\"position\":1,\"name\":\"Acas\u0103\",\"item\":\"https:\\\/\\\/buletin.de\\\/bucuresti\\\/\"},{\"@type\":\"ListItem\",\"position\":2,\"name\":\"Restric\u021bii de circula\u021bie de Pa\u0219te pentru vehiculele de peste 7,5 tone, pe Autostrada A2, DN7 \u0219i DN39\"}]},{\"@type\":\"WebSite\",\"@id\":\"https:\\\/\\\/buletin.de\\\/bucuresti\\\/#website\",\"url\":\"https:\\\/\\\/buletin.de\\\/bucuresti\\\/\",\"name\":\"Buletin de Bucure\u0219ti\",\"description\":\"\u0218tiri \u0219i investiga\u021bii esen\u021biale din capital\u0103\",\"publisher\":{\"@id\":\"https:\\\/\\\/buletin.de\\\/bucuresti\\\/#organization\"},\"potentialAction\":[{\"@type\":\"SearchAction\",\"target\":{\"@type\":\"EntryPoint\",\"urlTemplate\":\"https:\\\/\\\/buletin.de\\\/bucuresti\\\/?s={search_term_string}\"},\"query-input\":{\"@type\":\"PropertyValueSpecification\",\"valueRequired\":true,\"valueName\":\"search_term_string\"}}],\"inLanguage\":\"en-GB\"},{\"@type\":\"Organization\",\"@id\":\"https:\\\/\\\/buletin.de\\\/bucuresti\\\/#organization\",\"name\":\"Buletin de Bucure\u0219ti\",\"url\":\"https:\\\/\\\/buletin.de\\\/bucuresti\\\/\",\"logo\":{\"@type\":\"ImageObject\",\"inLanguage\":\"en-GB\",\"@id\":\"https:\\\/\\\/buletin.de\\\/bucuresti\\\/#\\\/schema\\\/logo\\\/image\\\/\",\"url\":\"https:\\\/\\\/buletin.de\\\/bucuresti\\\/wp-content\\\/uploads\\\/logo-bdb-full-wide-vernil-transparent.png\",\"contentUrl\":\"https:\\\/\\\/buletin.de\\\/bucuresti\\\/wp-content\\\/uploads\\\/logo-bdb-full-wide-vernil-transparent.png\",\"width\":1782,\"height\":626,\"caption\":\"Buletin de Bucure\u0219ti\"},\"image\":{\"@id\":\"https:\\\/\\\/buletin.de\\\/bucuresti\\\/#\\\/schema\\\/logo\\\/image\\\/\"},\"sameAs\":[\"https:\\\/\\\/www.facebook.com\\\/buletin.de.buc\",\"https:\\\/\\\/www.instagram.com\\\/buletinde.bucuresti\\\/\"]},{\"@type\":\"Person\",\"@id\":\"https:\\\/\\\/buletin.de\\\/bucuresti\\\/#\\\/schema\\\/person\\\/8badd0805392c02e16b744e0d5cd3625\",\"name\":\"Deniz Garguli\",\"image\":{\"@type\":\"ImageObject\",\"inLanguage\":\"en-GB\",\"@id\":\"https:\\\/\\\/buletin.de\\\/bucuresti\\\/wp-content\\\/uploads\\\/2026\\\/01\\\/79b44b20-a270-4ee6-afb3-fdf3c7ef7782-96x96.jpege2491ce6d396dbf7c1362e9ef046c803\",\"url\":\"https:\\\/\\\/buletin.de\\\/bucuresti\\\/wp-content\\\/uploads\\\/2026\\\/01\\\/79b44b20-a270-4ee6-afb3-fdf3c7ef7782-96x96.jpeg\",\"contentUrl\":\"https:\\\/\\\/buletin.de\\\/bucuresti\\\/wp-content\\\/uploads\\\/2026\\\/01\\\/79b44b20-a270-4ee6-afb3-fdf3c7ef7782-96x96.jpeg\",\"caption\":\"Deniz Garguli\"},\"description\":\"N\u0103scut\u0103 \u0219i crescut\u0103 \u00een Capital\u0103, dorin\u021ba de a fi la curent cu tot ce se \u00eent\u00e2mpl\u0103 \u00een Bucure\u0219ti a \u00eempins-o c\u0103tre pres\u0103, mai cu seam\u0103 c\u0103tre cea local\u0103. A lucrat vreme de patru ani la B365, unde s-a ocupat de \u0219tiri despre ora\u0219 \u0219i oamenii care locuiesc \u00een el. Din 2026 s-a al\u0103turat echipei Buletin de Bucure\u0219ti.\",\"url\":\"https:\\\/\\\/buletin.de\\\/bucuresti\\\/author\\\/deniz-garguli\\\/\"}]}<\/script>\n<!-- \/ Yoast SEO Premium plugin. -->","yoast_head_json":{"title":"Restric\u021bii de circula\u021bie de Pa\u0219te pentru vehiculele de peste 7,5 tone, pe Autostrada A2, DN7 \u0219i DN39 - Buletin de Bucure\u0219ti","description":"CNAIR anun\u021b\u0103 restric\u021bii de circula\u021bie, de Pa\u0219te, pe Autostrada Soarelui (A2), Drumul Na\u021bional 7 \u0219i pe Drumul Na\u021bional 39.","robots":{"index":"index","follow":"follow","max-snippet":"max-snippet:-1","max-image-preview":"max-image-preview:large","max-video-preview":"max-video-preview:-1"},"canonical":"https:\/\/buletin.de\/bucuresti\/restrictii-de-circulatie-de-paste-pentru-vehiculele-de-peste-75-tone-pe-autostrada-a2-dn7-si-dn39\/","og_locale":"en_GB","og_type":"article","og_title":"Restric\u021bii de circula\u021bie de Pa\u0219te pentru vehiculele de peste 7,5 tone, pe Autostrada A2, DN7 \u0219i DN39","og_description":"CNAIR anun\u021b\u0103 restric\u021bii de circula\u021bie, de Pa\u0219te, pe Autostrada Soarelui (A2), Drumul Na\u021bional 7 \u0219i pe Drumul Na\u021bional 39.","og_url":"https:\/\/buletin.de\/bucuresti\/restrictii-de-circulatie-de-paste-pentru-vehiculele-de-peste-75-tone-pe-autostrada-a2-dn7-si-dn39\/","og_site_name":"Buletin de Bucure\u0219ti","article_publisher":"https:\/\/www.facebook.com\/buletin.de.buc","article_published_time":"2026-04-07T11:39:42+00:00","article_modified_time":"2026-04-07T11:39:43+00:00","og_image":[{"width":1600,"height":1066,"url":"https:\/\/buletin.de\/bucuresti\/wp-content\/uploads\/2026\/04\/autostrada-soarelui.jpeg","type":"image\/jpeg"}],"author":"Deniz Garguli","twitter_card":"summary_large_image","twitter_misc":{"Written by":"Deniz Garguli","Estimated reading time":"2 minutes"},"schema":{"@context":"https:\/\/schema.org","@graph":[{"@type":"Article","@id":"https:\/\/buletin.de\/bucuresti\/restrictii-de-circulatie-de-paste-pentru-vehiculele-de-peste-75-tone-pe-autostrada-a2-dn7-si-dn39\/#article","isPartOf":{"@id":"https:\/\/buletin.de\/bucuresti\/restrictii-de-circulatie-de-paste-pentru-vehiculele-de-peste-75-tone-pe-autostrada-a2-dn7-si-dn39\/"},"author":{"name":"Deniz Garguli","@id":"https:\/\/buletin.de\/bucuresti\/#\/schema\/person\/8badd0805392c02e16b744e0d5cd3625"},"headline":"Restric\u021bii de circula\u021bie de Pa\u0219te pentru vehiculele de peste 7,5 tone, pe Autostrada A2, DN7 \u0219i DN39","datePublished":"2026-04-07T11:39:42+00:00","dateModified":"2026-04-07T11:39:43+00:00","mainEntityOfPage":{"@id":"https:\/\/buletin.de\/bucuresti\/restrictii-de-circulatie-de-paste-pentru-vehiculele-de-peste-75-tone-pe-autostrada-a2-dn7-si-dn39\/"},"wordCount":414,"publisher":{"@id":"https:\/\/buletin.de\/bucuresti\/#organization"},"image":{"@id":"https:\/\/buletin.de\/bucuresti\/restrictii-de-circulatie-de-paste-pentru-vehiculele-de-peste-75-tone-pe-autostrada-a2-dn7-si-dn39\/#primaryimage"},"thumbnailUrl":"https:\/\/buletin.de\/bucuresti\/wp-content\/uploads\/2026\/04\/autostrada-soarelui.jpeg","keywords":["autostrada soarelui","cnair","DN39","DN7","Pa\u0219te 2026","restric\u021bii de circula\u021bie"],"articleSection":["Articole","\u0218tiri"],"inLanguage":"en-GB","copyrightYear":"2026","copyrightHolder":{"@id":"https:\/\/buletin.de\/bucuresti\/#organization"}},{"@type":"WebPage","@id":"https:\/\/buletin.de\/bucuresti\/restrictii-de-circulatie-de-paste-pentru-vehiculele-de-peste-75-tone-pe-autostrada-a2-dn7-si-dn39\/","url":"https:\/\/buletin.de\/bucuresti\/restrictii-de-circulatie-de-paste-pentru-vehiculele-de-peste-75-tone-pe-autostrada-a2-dn7-si-dn39\/","name":"Restric\u021bii de circula\u021bie de Pa\u0219te pentru vehiculele de peste 7,5 tone, pe Autostrada A2, DN7 \u0219i DN39 - Buletin de Bucure\u0219ti","isPartOf":{"@id":"https:\/\/buletin.de\/bucuresti\/#website"},"primaryImageOfPage":{"@id":"https:\/\/buletin.de\/bucuresti\/restrictii-de-circulatie-de-paste-pentru-vehiculele-de-peste-75-tone-pe-autostrada-a2-dn7-si-dn39\/#primaryimage"},"image":{"@id":"https:\/\/buletin.de\/bucuresti\/restrictii-de-circulatie-de-paste-pentru-vehiculele-de-peste-75-tone-pe-autostrada-a2-dn7-si-dn39\/#primaryimage"},"thumbnailUrl":"https:\/\/buletin.de\/bucuresti\/wp-content\/uploads\/2026\/04\/autostrada-soarelui.jpeg","datePublished":"2026-04-07T11:39:42+00:00","dateModified":"2026-04-07T11:39:43+00:00","description":"CNAIR anun\u021b\u0103 restric\u021bii de circula\u021bie, de Pa\u0219te, pe Autostrada Soarelui (A2), Drumul Na\u021bional 7 \u0219i pe Drumul Na\u021bional 39.","breadcrumb":{"@id":"https:\/\/buletin.de\/bucuresti\/restrictii-de-circulatie-de-paste-pentru-vehiculele-de-peste-75-tone-pe-autostrada-a2-dn7-si-dn39\/#breadcrumb"},"inLanguage":"en-GB","potentialAction":[{"@type":"ReadAction","target":["https:\/\/buletin.de\/bucuresti\/restrictii-de-circulatie-de-paste-pentru-vehiculele-de-peste-75-tone-pe-autostrada-a2-dn7-si-dn39\/"]}]},{"@type":"ImageObject","inLanguage":"en-GB","@id":"https:\/\/buletin.de\/bucuresti\/restrictii-de-circulatie-de-paste-pentru-vehiculele-de-peste-75-tone-pe-autostrada-a2-dn7-si-dn39\/#primaryimage","url":"https:\/\/buletin.de\/bucuresti\/wp-content\/uploads\/2026\/04\/autostrada-soarelui.jpeg","contentUrl":"https:\/\/buletin.de\/bucuresti\/wp-content\/uploads\/2026\/04\/autostrada-soarelui.jpeg","width":1600,"height":1066,"caption":"Restric\u021bii de circula\u021bie de Pa\u0219te pentru vehiculele de peste 7,5 tone, pe Autostrada A2, DN7 \u0219i DN39. FOTO: Arhiv\u0103"},{"@type":"BreadcrumbList","@id":"https:\/\/buletin.de\/bucuresti\/restrictii-de-circulatie-de-paste-pentru-vehiculele-de-peste-75-tone-pe-autostrada-a2-dn7-si-dn39\/#breadcrumb","itemListElement":[{"@type":"ListItem","position":1,"name":"Acas\u0103","item":"https:\/\/buletin.de\/bucuresti\/"},{"@type":"ListItem","position":2,"name":"Restric\u021bii de circula\u021bie de Pa\u0219te pentru vehiculele de peste 7,5 tone, pe Autostrada A2, DN7 \u0219i DN39"}]},{"@type":"WebSite","@id":"https:\/\/buletin.de\/bucuresti\/#website","url":"https:\/\/buletin.de\/bucuresti\/","name":"Buletin de Bucure\u0219ti","description":"\u0218tiri \u0219i investiga\u021bii esen\u021biale din capital\u0103","publisher":{"@id":"https:\/\/buletin.de\/bucuresti\/#organization"},"potentialAction":[{"@type":"SearchAction","target":{"@type":"EntryPoint","urlTemplate":"https:\/\/buletin.de\/bucuresti\/?s={search_term_string}"},"query-input":{"@type":"PropertyValueSpecification","valueRequired":true,"valueName":"search_term_string"}}],"inLanguage":"en-GB"},{"@type":"Organization","@id":"https:\/\/buletin.de\/bucuresti\/#organization","name":"Buletin de Bucure\u0219ti","url":"https:\/\/buletin.de\/bucuresti\/","logo":{"@type":"ImageObject","inLanguage":"en-GB","@id":"https:\/\/buletin.de\/bucuresti\/#\/schema\/logo\/image\/","url":"https:\/\/buletin.de\/bucuresti\/wp-content\/uploads\/logo-bdb-full-wide-vernil-transparent.png","contentUrl":"https:\/\/buletin.de\/bucuresti\/wp-content\/uploads\/logo-bdb-full-wide-vernil-transparent.png","width":1782,"height":626,"caption":"Buletin de Bucure\u0219ti"},"image":{"@id":"https:\/\/buletin.de\/bucuresti\/#\/schema\/logo\/image\/"},"sameAs":["https:\/\/www.facebook.com\/buletin.de.buc","https:\/\/www.instagram.com\/buletinde.bucuresti\/"]},{"@type":"Person","@id":"https:\/\/buletin.de\/bucuresti\/#\/schema\/person\/8badd0805392c02e16b744e0d5cd3625","name":"Deniz Garguli","image":{"@type":"ImageObject","inLanguage":"en-GB","@id":"https:\/\/buletin.de\/bucuresti\/wp-content\/uploads\/2026\/01\/79b44b20-a270-4ee6-afb3-fdf3c7ef7782-96x96.jpege2491ce6d396dbf7c1362e9ef046c803","url":"https:\/\/buletin.de\/bucuresti\/wp-content\/uploads\/2026\/01\/79b44b20-a270-4ee6-afb3-fdf3c7ef7782-96x96.jpeg","contentUrl":"https:\/\/buletin.de\/bucuresti\/wp-content\/uploads\/2026\/01\/79b44b20-a270-4ee6-afb3-fdf3c7ef7782-96x96.jpeg","caption":"Deniz Garguli"},"description":"N\u0103scut\u0103 \u0219i crescut\u0103 \u00een Capital\u0103, dorin\u021ba de a fi la curent cu tot ce se \u00eent\u00e2mpl\u0103 \u00een Bucure\u0219ti a \u00eempins-o c\u0103tre pres\u0103, mai cu seam\u0103 c\u0103tre cea local\u0103. A lucrat vreme de patru ani la B365, unde s-a ocupat de \u0219tiri despre ora\u0219 \u0219i oamenii care locuiesc \u00een el. Din 2026 s-a al\u0103turat echipei Buletin de Bucure\u0219ti.","url":"https:\/\/buletin.de\/bucuresti\/author\/deniz-garguli\/"}]}},"authors":[{"term_id":26103,"user_id":66,"is_guest":0,"slug":"deniz-garguli","display_name":"Deniz Garguli","avatar_url":"https:\/\/buletin.de\/bucuresti\/wp-content\/uploads\/2026\/01\/79b44b20-a270-4ee6-afb3-fdf3c7ef7782-96x96.jpeg","0":null,"1":"","2":"","3":"","4":"","5":"","6":"","7":"","8":""}],"_links":{"self":[{"href":"https:\/\/buletin.de\/bucuresti\/wp-json\/wp\/v2\/posts\/185535","targetHints":{"allow":["GET"]}}],"collection":[{"href":"https:\/\/buletin.de\/bucuresti\/wp-json\/wp\/v2\/posts"}],"about":[{"href":"https:\/\/buletin.de\/bucuresti\/wp-json\/wp\/v2\/types\/post"}],"author":[{"embeddable":true,"href":"https:\/\/buletin.de\/bucuresti\/wp-json\/wp\/v2\/users\/66"}],"replies":[{"embeddable":true,"href":"https:\/\/buletin.de\/bucuresti\/wp-json\/wp\/v2\/comments?post=185535"}],"version-history":[{"count":2,"href":"https:\/\/buletin.de\/bucuresti\/wp-json\/wp\/v2\/posts\/185535\/revisions"}],"predecessor-version":[{"id":185613,"href":"https:\/\/buletin.de\/bucuresti\/wp-json\/wp\/v2\/posts\/185535\/revisions\/185613"}],"wp:featuredmedia":[{"embeddable":true,"href":"https:\/\/buletin.de\/bucuresti\/wp-json\/wp\/v2\/media\/185611"}],"wp:attachment":[{"href":"https:\/\/buletin.de\/bucuresti\/wp-json\/wp\/v2\/media?parent=185535"}],"wp:term":[{"taxonomy":"category","embeddable":true,"href":"https:\/\/buletin.de\/bucuresti\/wp-json\/wp\/v2\/categories?post=185535"},{"taxonomy":"post_tag","embeddable":true,"href":"https:\/\/buletin.de\/bucuresti\/wp-json\/wp\/v2\/tags?post=185535"},{"taxonomy":"author","embeddable":true,"href":"https:\/\/buletin.de\/bucuresti\/wp-json\/wp\/v2\/ppma_author?post=185535"}],"curies":[{"name":"wp","href":"https:\/\/api.w.org\/{rel}","templated":true}]}}