{"id":185499,"date":"2026-04-07T08:48:51","date_gmt":"2026-04-07T06:48:51","guid":{"rendered":"https:\/\/buletin.de\/bucuresti\/?p=185499"},"modified":"2026-04-07T14:45:40","modified_gmt":"2026-04-07T12:45:40","slug":"autostrada-a0-nord-ar-putea-fi-gata-abia-anul-viitor-stadiul-lucrarilor-pe-lotul-1-intre-joita-si-corbeanca-este-de-45","status":"publish","type":"post","link":"https:\/\/buletin.de\/bucuresti\/autostrada-a0-nord-ar-putea-fi-gata-abia-anul-viitor-stadiul-lucrarilor-pe-lotul-1-intre-joita-si-corbeanca-este-de-45\/","title":{"rendered":"Autostrada A0 Nord ar putea fi gata abia anul viitor. Stadiul lucr\u0103rilor pe lotul 1, \u00eentre Joi\u021ba \u0219i Corbeanca, este de 45%"},"content":{"rendered":"\n<p><strong>Autostrada A0 Bucure\u0219ti Nord ar putea s\u0103 nu fie gata integral nici \u00een 2026, cu toate c\u0103 autorit\u0103\u021bile au promis acest lucru, conform informa\u021biilor oferite de<a href=\"https:\/\/arenaconstruct.ro\/autostrada-a0-bucuresti-nord-ar-putea-sa-nu-fie-finalizata-nici-anul-acesta\/\" target=\"_blank\" rel=\"noreferrer noopener\"> Arena Constructorilor<\/a>. Lucr\u0103rile ce au loc pe lotul 1 al autostr\u0103zii, cuprins \u00eentre Joi\u021ba \u0219i Corbeanca, sunt continuate \u00een formula ini\u021bial\u0103 a asocierii, f\u0103r\u0103 ca asociatul Retter s\u0103 preia execu\u021bia, cu toate c\u0103 Pizzrotti s-ar afla \u00eentr-o pozi\u021bie financiar\u0103 dificil\u0103. <\/strong><\/p>\n\n\n\n<p>Organizarea ini\u021bial\u0103, cu Pizzrotti lider de asociere, a r\u0103mas neschimbat\u0103 de\u0219i au fost trimise mai multe notific\u0103ri pentru schimbarea acesteia. <\/p>\n\n\n\n<h2 class=\"wp-block-heading\" id=\"h-cand-ar-putea-fi-gata-lotul-1-al-a0-nord-joi\u021ba-\u0219i-corbeanca\">C\u00e2nd ar putea fi gata lotul 1 al A0 Nord, Joi\u021ba \u0219i Corbeanca<\/h2>\n\n\n\n<p><strong>Companiile care se ocup\u0103 de lucr\u0103rile de pe acest tronson au promis c\u0103 \u0219antierul va fi terminat p\u00e2n\u0103 la final de 2026, \u00eens\u0103 acest lucru nu pare s\u0103 poat\u0103 fi posibil la acest moment. \u00cen ceea ce prive\u0219te mobilizarea din \u0219antier, datele oferite de Arena Constructorilor arat\u0103 c\u0103, \u00een prezent, pe acest \u0219antier lucreaz\u0103 un total de 385 de muncitori cu 116 utilaje.<\/strong><\/p>\n\n\n\n<p>Astfel c\u0103, la acest moment, stadiul lucr\u0103rilor se afl\u0103 la aproximativ 45%. Conform informa\u021biilor oferite de Alin \u0218erb\u0103nescu, termenul oficial de finalizare a acestui lot este acum stabilit pentru aprilie 2027.<\/p>\n\n\n\n<p>\u00centre cei coi constructori, \u00een trecut au avut loc dispute. Mai exact, Retter a f\u0103cut o notificare c\u0103tre CNAIR, prin care acuza c\u0103 Pizzarotti nu ar fi \u00eendeplinit obliga\u021bia de constituire a unei garan\u021bii separate de bun\u0103 execu\u021bie. Cu toate astea, Compania Na\u021bional\u0103 de Administrare a Infrastructurii Rutiere a anun\u021bat, pentru Arena Constructorilor, c\u0103 garan\u021bia de bun\u0103 execu\u021bie a fost achitat\u0103 integral la nivelul \u00eentregii asocieri. <\/p>\n\n\n\n<p><strong><em>\u201eProbabil c\u0103 din garan\u021bia depus\u0103 ini\u021bial, fiecare trebuie s\u0103 \u00ee\u0219i recupereze ni\u0219te bani. Asta nu ne prive\u0219te pe noi. E doar buc\u0103t\u0103ria lor intern\u0103\u201d, explica la acel moment Alin \u0218erb\u0103nescu.<\/em><\/strong><\/p>\n\n\n\n<p>Contractul pentru proiectarea \u0219i execu\u021bia lotului cuprins \u00eentre Joi\u021ba \u2013 Corbeanca al A0 Bucure\u0219ti Nord a fost semnat \u00een data de 22 septembrie 2023. Execu\u021bia propriu zis\u0103 a acestui lot a fost demarat\u0103 \u00een 2024. <\/p>\n\n\n\n<p>Contractul are o valoare actualizat\u0103 de mai bine de 1 miliard de lei, f\u0103r\u0103 TVA. <\/p>\n\n\n\n<p><strong>CITE\u0218TE \u0218I<a href=\"https:\/\/buletin.de\/bucuresti\/noi-curse-pe-ruta-bucuresti-brasov-operate-cu-trenuri-electrice-alstom-coradia-de-un-operator-privat-a-fost-publicat-mersul-trenurilor\/\"> Noi curse pe ruta Bucure\u0219ti \u2013 Bra\u0219ov, operate cu trenuri electrice Alstom Coradia, de un operator privat. A fost publicat mersul trenurilor<\/a><\/strong><\/p>\n\n\n\n<h2 class=\"wp-block-heading\" id=\"h-peste-100-de-firme-liciteaza-pentru-conectarea-a0-cu-sectorul-6\">Peste 100 de firme liciteaz\u0103 pentru conectarea A0 cu Sectorul 6<\/h2>\n\n\n\n<p>Un num\u0103r impresionant de firme iau parte la licita\u021bia pentru realizarea noului drum expres \u00een vestul Capitalei, cel care va face leg\u0103tura \u00eentre Autostrada A0 \u0219i Sectorul 6. Mai precis, un total de 106 companii \u0219i-au exprimat interesul pentru acest contract. <\/p>\n\n\n\n<p>Operatorii economici care au depus oferte sunt grupa\u021bi \u00een 16 asocieri, printre care \u0219i lideri \u00een inginerie, cum ar fi Consitrans, TPF Inginerie sau 3TI Progetti Italia.<\/p>\n\n\n\n<p>Asocia\u021bia de Dezvoltare Intercomunitar\u0103 Zona Metropolitan\u0103 Bucure\u0219ti (ADIZMB) a lansat procedura de achizi\u021bie pentru elaborarea Studiului de Fezabilitate (SF) aferent proiectului Orbital Bucure\u0219ti \u2013 Drumul Radial 3 (DR 3 \u2013 Giule\u0219ti Expres)\u201d, un obiectiv strategic pentru dezvoltarea infrastructurii rutiere din Bucure\u0219ti \u0219i zona metropolitan\u0103.<\/p>\n\n\n\n<p>Contractul este finan\u021bat prin Programul Transport 2021-2027, iar interesul din partea pie\u021bei a fost unul ridicat. <\/p>\n\n\n\n<p><strong>CITE\u0218TE \u0218I <a href=\"https:\/\/buletin.de\/bucuresti\/bucurestiul-a-depasit-budapesta-tariful-la-transportul-public-de-patru-ori-mai-scump-decat-in-capitala-vecina-club-feroviar\/\" type=\"post\" id=\"185431\">Bucure\u0219tiul a dep\u0103\u0219it Budapesta: tariful la transportul public, de patru ori mai scump dec\u00e2t \u00een capitala vecin\u0103 | Club Feroviar<\/a><\/strong><\/p>\n","protected":false},"excerpt":{"rendered":"<p>Autostrada A0 Bucure\u0219ti Nord ar putea s\u0103 nu fie gata integral nici \u00een 2026, cu toate c\u0103 autorit\u0103\u021bile au promis acest lucru, conform informa\u021biilor oferite de Arena Constructorilor. Lucr\u0103rile ce au loc pe lotul 1 al autostr\u0103zii, cuprins \u00eentre Joi\u021ba \u0219i Corbeanca, sunt continuate \u00een formula ini\u021bial\u0103 a asocierii, f\u0103r\u0103 ca asociatul Retter s\u0103 preia [&hellip;]<\/p>\n","protected":false},"author":1,"featured_media":185504,"comment_status":"closed","ping_status":"open","sticky":false,"template":"","format":"standard","meta":{"_acf_changed":false,"inline_featured_image":false,"ngg_post_thumbnail":0,"footnotes":""},"categories":[6994,3419,650],"tags":[5502,9442,24475,8673],"ppma_author":[22583],"class_list":["post-185499","post","type-post","status-publish","format-standard","has-post-thumbnail","hentry","category-stiri-2","category-featured","category-transport","tag-a0-nord","tag-autostrada-bucurestiului","tag-lotul-1","tag-stadiul-lucrarilor-la-a0"],"acf":[],"yoast_head":"<!-- This site is optimized with the Yoast SEO Premium plugin v25.3 (Yoast SEO v27.5) - https:\/\/yoast.com\/product\/yoast-seo-premium-wordpress\/ -->\n<title>Autostrada A0 Nord ar putea fi gata abia anul viitor. Stadiul lucr\u0103rilor pe lotul 1, \u00eentre Joi\u021ba \u0219i Corbeanca, este de 45% - Buletin de Bucure\u0219ti<\/title>\n<meta name=\"description\" content=\"Autostrada A0 Bucure\u0219ti Nord ar putea s\u0103 nu fie gata integral nici \u00een 2026. Lotul 1, Joi\u021ba \u0219i Corbeanca, este \u00een \u00eent\u00e2rziere.\" \/>\n<meta name=\"robots\" content=\"index, follow, max-snippet:-1, max-image-preview:large, max-video-preview:-1\" \/>\n<link rel=\"canonical\" href=\"https:\/\/buletin.de\/bucuresti\/autostrada-a0-nord-ar-putea-fi-gata-abia-anul-viitor-stadiul-lucrarilor-pe-lotul-1-intre-joita-si-corbeanca-este-de-45\/\" \/>\n<meta property=\"og:locale\" content=\"en_GB\" \/>\n<meta property=\"og:type\" content=\"article\" \/>\n<meta property=\"og:title\" content=\"Autostrada A0 Nord ar putea fi gata abia anul viitor. Stadiul lucr\u0103rilor pe lotul 1, \u00eentre Joi\u021ba \u0219i Corbeanca, este de 45%\" \/>\n<meta property=\"og:description\" content=\"Autostrada A0 Bucure\u0219ti Nord ar putea s\u0103 nu fie gata integral nici \u00een 2026. Lotul 1, Joi\u021ba \u0219i Corbeanca, este \u00een \u00eent\u00e2rziere.\" \/>\n<meta property=\"og:url\" content=\"https:\/\/buletin.de\/bucuresti\/autostrada-a0-nord-ar-putea-fi-gata-abia-anul-viitor-stadiul-lucrarilor-pe-lotul-1-intre-joita-si-corbeanca-este-de-45\/\" \/>\n<meta property=\"og:site_name\" content=\"Buletin de Bucure\u0219ti\" \/>\n<meta property=\"article:publisher\" content=\"https:\/\/www.facebook.com\/buletin.de.buc\" \/>\n<meta property=\"article:published_time\" content=\"2026-04-07T06:48:51+00:00\" \/>\n<meta property=\"article:modified_time\" content=\"2026-04-07T12:45:40+00:00\" \/>\n<meta property=\"og:image\" content=\"https:\/\/buletin.de\/bucuresti\/wp-content\/uploads\/2026\/04\/WhatsApp-Image-2026-04-07-at-09.46.52.jpeg\" \/>\n\t<meta property=\"og:image:width\" content=\"1600\" \/>\n\t<meta property=\"og:image:height\" content=\"756\" \/>\n\t<meta property=\"og:image:type\" content=\"image\/jpeg\" \/>\n<meta name=\"author\" content=\"Redac\u021bia Buletin de Bucure\u0219ti\" \/>\n<meta name=\"twitter:card\" content=\"summary_large_image\" \/>\n<meta name=\"twitter:label1\" content=\"Written by\" \/>\n\t<meta name=\"twitter:data1\" content=\"Redac\u021bia Buletin de Bucure\u0219ti\" \/>\n\t<meta name=\"twitter:label2\" content=\"Estimated reading time\" \/>\n\t<meta name=\"twitter:data2\" content=\"3 minutes\" \/>\n<script type=\"application\/ld+json\" class=\"yoast-schema-graph\">{\"@context\":\"https:\\\/\\\/schema.org\",\"@graph\":[{\"@type\":\"Article\",\"@id\":\"https:\\\/\\\/buletin.de\\\/bucuresti\\\/autostrada-a0-nord-ar-putea-fi-gata-abia-anul-viitor-stadiul-lucrarilor-pe-lotul-1-intre-joita-si-corbeanca-este-de-45\\\/#article\",\"isPartOf\":{\"@id\":\"https:\\\/\\\/buletin.de\\\/bucuresti\\\/autostrada-a0-nord-ar-putea-fi-gata-abia-anul-viitor-stadiul-lucrarilor-pe-lotul-1-intre-joita-si-corbeanca-este-de-45\\\/\"},\"author\":{\"name\":\"Redac\u021bia Buletin de Bucure\u0219ti\",\"@id\":\"https:\\\/\\\/buletin.de\\\/bucuresti\\\/#\\\/schema\\\/person\\\/2bbcf854e5f2419a13804af574d06ab1\"},\"headline\":\"Autostrada A0 Nord ar putea fi gata abia anul viitor. Stadiul lucr\u0103rilor pe lotul 1, \u00eentre Joi\u021ba \u0219i Corbeanca, este de 45%\",\"datePublished\":\"2026-04-07T06:48:51+00:00\",\"dateModified\":\"2026-04-07T12:45:40+00:00\",\"mainEntityOfPage\":{\"@id\":\"https:\\\/\\\/buletin.de\\\/bucuresti\\\/autostrada-a0-nord-ar-putea-fi-gata-abia-anul-viitor-stadiul-lucrarilor-pe-lotul-1-intre-joita-si-corbeanca-este-de-45\\\/\"},\"wordCount\":584,\"publisher\":{\"@id\":\"https:\\\/\\\/buletin.de\\\/bucuresti\\\/#organization\"},\"image\":{\"@id\":\"https:\\\/\\\/buletin.de\\\/bucuresti\\\/autostrada-a0-nord-ar-putea-fi-gata-abia-anul-viitor-stadiul-lucrarilor-pe-lotul-1-intre-joita-si-corbeanca-este-de-45\\\/#primaryimage\"},\"thumbnailUrl\":\"https:\\\/\\\/buletin.de\\\/bucuresti\\\/wp-content\\\/uploads\\\/2026\\\/04\\\/WhatsApp-Image-2026-04-07-at-09.46.52.jpeg\",\"keywords\":[\"a0 nord\",\"Autostrada Bucure\u0219tiului\",\"lotul 1\",\"stadiul lucr\u0103rilor la A0\"],\"articleSection\":[\"Articole\",\"Featured\",\"Transport\"],\"inLanguage\":\"en-GB\",\"copyrightYear\":\"2026\",\"copyrightHolder\":{\"@id\":\"https:\\\/\\\/buletin.de\\\/bucuresti\\\/#organization\"}},{\"@type\":\"WebPage\",\"@id\":\"https:\\\/\\\/buletin.de\\\/bucuresti\\\/autostrada-a0-nord-ar-putea-fi-gata-abia-anul-viitor-stadiul-lucrarilor-pe-lotul-1-intre-joita-si-corbeanca-este-de-45\\\/\",\"url\":\"https:\\\/\\\/buletin.de\\\/bucuresti\\\/autostrada-a0-nord-ar-putea-fi-gata-abia-anul-viitor-stadiul-lucrarilor-pe-lotul-1-intre-joita-si-corbeanca-este-de-45\\\/\",\"name\":\"Autostrada A0 Nord ar putea fi gata abia anul viitor. Stadiul lucr\u0103rilor pe lotul 1, \u00eentre Joi\u021ba \u0219i Corbeanca, este de 45% - Buletin de Bucure\u0219ti\",\"isPartOf\":{\"@id\":\"https:\\\/\\\/buletin.de\\\/bucuresti\\\/#website\"},\"primaryImageOfPage\":{\"@id\":\"https:\\\/\\\/buletin.de\\\/bucuresti\\\/autostrada-a0-nord-ar-putea-fi-gata-abia-anul-viitor-stadiul-lucrarilor-pe-lotul-1-intre-joita-si-corbeanca-este-de-45\\\/#primaryimage\"},\"image\":{\"@id\":\"https:\\\/\\\/buletin.de\\\/bucuresti\\\/autostrada-a0-nord-ar-putea-fi-gata-abia-anul-viitor-stadiul-lucrarilor-pe-lotul-1-intre-joita-si-corbeanca-este-de-45\\\/#primaryimage\"},\"thumbnailUrl\":\"https:\\\/\\\/buletin.de\\\/bucuresti\\\/wp-content\\\/uploads\\\/2026\\\/04\\\/WhatsApp-Image-2026-04-07-at-09.46.52.jpeg\",\"datePublished\":\"2026-04-07T06:48:51+00:00\",\"dateModified\":\"2026-04-07T12:45:40+00:00\",\"description\":\"Autostrada A0 Bucure\u0219ti Nord ar putea s\u0103 nu fie gata integral nici \u00een 2026. Lotul 1, Joi\u021ba \u0219i Corbeanca, este \u00een \u00eent\u00e2rziere.\",\"breadcrumb\":{\"@id\":\"https:\\\/\\\/buletin.de\\\/bucuresti\\\/autostrada-a0-nord-ar-putea-fi-gata-abia-anul-viitor-stadiul-lucrarilor-pe-lotul-1-intre-joita-si-corbeanca-este-de-45\\\/#breadcrumb\"},\"inLanguage\":\"en-GB\",\"potentialAction\":[{\"@type\":\"ReadAction\",\"target\":[\"https:\\\/\\\/buletin.de\\\/bucuresti\\\/autostrada-a0-nord-ar-putea-fi-gata-abia-anul-viitor-stadiul-lucrarilor-pe-lotul-1-intre-joita-si-corbeanca-este-de-45\\\/\"]}]},{\"@type\":\"ImageObject\",\"inLanguage\":\"en-GB\",\"@id\":\"https:\\\/\\\/buletin.de\\\/bucuresti\\\/autostrada-a0-nord-ar-putea-fi-gata-abia-anul-viitor-stadiul-lucrarilor-pe-lotul-1-intre-joita-si-corbeanca-este-de-45\\\/#primaryimage\",\"url\":\"https:\\\/\\\/buletin.de\\\/bucuresti\\\/wp-content\\\/uploads\\\/2026\\\/04\\\/WhatsApp-Image-2026-04-07-at-09.46.52.jpeg\",\"contentUrl\":\"https:\\\/\\\/buletin.de\\\/bucuresti\\\/wp-content\\\/uploads\\\/2026\\\/04\\\/WhatsApp-Image-2026-04-07-at-09.46.52.jpeg\",\"width\":1600,\"height\":756,\"caption\":\"Autostrada A0 Nord ar putea fi gata abia anul viitor. Stadiul lucr\u0103rilor pe Lotul 1, \u00eentre Joi\u021ba \u0219i Corbeanca, este de 45%. FOTO: Infrastructura Romania\"},{\"@type\":\"BreadcrumbList\",\"@id\":\"https:\\\/\\\/buletin.de\\\/bucuresti\\\/autostrada-a0-nord-ar-putea-fi-gata-abia-anul-viitor-stadiul-lucrarilor-pe-lotul-1-intre-joita-si-corbeanca-este-de-45\\\/#breadcrumb\",\"itemListElement\":[{\"@type\":\"ListItem\",\"position\":1,\"name\":\"Acas\u0103\",\"item\":\"https:\\\/\\\/buletin.de\\\/bucuresti\\\/\"},{\"@type\":\"ListItem\",\"position\":2,\"name\":\"Autostrada A0 Nord ar putea fi gata abia anul viitor. Stadiul lucr\u0103rilor pe lotul 1, \u00eentre Joi\u021ba \u0219i Corbeanca, este de 45%\"}]},{\"@type\":\"WebSite\",\"@id\":\"https:\\\/\\\/buletin.de\\\/bucuresti\\\/#website\",\"url\":\"https:\\\/\\\/buletin.de\\\/bucuresti\\\/\",\"name\":\"Buletin de Bucure\u0219ti\",\"description\":\"\u0218tiri \u0219i investiga\u021bii esen\u021biale din capital\u0103\",\"publisher\":{\"@id\":\"https:\\\/\\\/buletin.de\\\/bucuresti\\\/#organization\"},\"potentialAction\":[{\"@type\":\"SearchAction\",\"target\":{\"@type\":\"EntryPoint\",\"urlTemplate\":\"https:\\\/\\\/buletin.de\\\/bucuresti\\\/?s={search_term_string}\"},\"query-input\":{\"@type\":\"PropertyValueSpecification\",\"valueRequired\":true,\"valueName\":\"search_term_string\"}}],\"inLanguage\":\"en-GB\"},{\"@type\":\"Organization\",\"@id\":\"https:\\\/\\\/buletin.de\\\/bucuresti\\\/#organization\",\"name\":\"Buletin de Bucure\u0219ti\",\"url\":\"https:\\\/\\\/buletin.de\\\/bucuresti\\\/\",\"logo\":{\"@type\":\"ImageObject\",\"inLanguage\":\"en-GB\",\"@id\":\"https:\\\/\\\/buletin.de\\\/bucuresti\\\/#\\\/schema\\\/logo\\\/image\\\/\",\"url\":\"https:\\\/\\\/buletin.de\\\/bucuresti\\\/wp-content\\\/uploads\\\/logo-bdb-full-wide-vernil-transparent.png\",\"contentUrl\":\"https:\\\/\\\/buletin.de\\\/bucuresti\\\/wp-content\\\/uploads\\\/logo-bdb-full-wide-vernil-transparent.png\",\"width\":1782,\"height\":626,\"caption\":\"Buletin de Bucure\u0219ti\"},\"image\":{\"@id\":\"https:\\\/\\\/buletin.de\\\/bucuresti\\\/#\\\/schema\\\/logo\\\/image\\\/\"},\"sameAs\":[\"https:\\\/\\\/www.facebook.com\\\/buletin.de.buc\",\"https:\\\/\\\/www.instagram.com\\\/buletinde.bucuresti\\\/\"]},{\"@type\":\"Person\",\"@id\":\"https:\\\/\\\/buletin.de\\\/bucuresti\\\/#\\\/schema\\\/person\\\/2bbcf854e5f2419a13804af574d06ab1\",\"name\":\"Redac\u021bia Buletin de Bucure\u0219ti\",\"image\":{\"@type\":\"ImageObject\",\"inLanguage\":\"en-GB\",\"@id\":\"https:\\\/\\\/secure.gravatar.com\\\/avatar\\\/18c5342381ed1a08620e6280424e3e5efc958618f5d67c522c9e44c1bc6f9226?s=96&d=monsterid&r=g60c7cd0ad92c68c049fcd4bb3504d609\",\"url\":\"https:\\\/\\\/secure.gravatar.com\\\/avatar\\\/18c5342381ed1a08620e6280424e3e5efc958618f5d67c522c9e44c1bc6f9226?s=96&d=monsterid&r=g\",\"contentUrl\":\"https:\\\/\\\/secure.gravatar.com\\\/avatar\\\/18c5342381ed1a08620e6280424e3e5efc958618f5d67c522c9e44c1bc6f9226?s=96&d=monsterid&r=g\",\"caption\":\"Redac\u021bia Buletin de Bucure\u0219ti\"},\"description\":\"Buletin de Bucure\u0219ti exist\u0103 din vara anului 2019.\",\"url\":\"https:\\\/\\\/buletin.de\\\/bucuresti\\\/author\\\/adminbuletin\\\/\"}]}<\/script>\n<!-- \/ Yoast SEO Premium plugin. -->","yoast_head_json":{"title":"Autostrada A0 Nord ar putea fi gata abia anul viitor. Stadiul lucr\u0103rilor pe lotul 1, \u00eentre Joi\u021ba \u0219i Corbeanca, este de 45% - Buletin de Bucure\u0219ti","description":"Autostrada A0 Bucure\u0219ti Nord ar putea s\u0103 nu fie gata integral nici \u00een 2026. Lotul 1, Joi\u021ba \u0219i Corbeanca, este \u00een \u00eent\u00e2rziere.","robots":{"index":"index","follow":"follow","max-snippet":"max-snippet:-1","max-image-preview":"max-image-preview:large","max-video-preview":"max-video-preview:-1"},"canonical":"https:\/\/buletin.de\/bucuresti\/autostrada-a0-nord-ar-putea-fi-gata-abia-anul-viitor-stadiul-lucrarilor-pe-lotul-1-intre-joita-si-corbeanca-este-de-45\/","og_locale":"en_GB","og_type":"article","og_title":"Autostrada A0 Nord ar putea fi gata abia anul viitor. Stadiul lucr\u0103rilor pe lotul 1, \u00eentre Joi\u021ba \u0219i Corbeanca, este de 45%","og_description":"Autostrada A0 Bucure\u0219ti Nord ar putea s\u0103 nu fie gata integral nici \u00een 2026. Lotul 1, Joi\u021ba \u0219i Corbeanca, este \u00een \u00eent\u00e2rziere.","og_url":"https:\/\/buletin.de\/bucuresti\/autostrada-a0-nord-ar-putea-fi-gata-abia-anul-viitor-stadiul-lucrarilor-pe-lotul-1-intre-joita-si-corbeanca-este-de-45\/","og_site_name":"Buletin de Bucure\u0219ti","article_publisher":"https:\/\/www.facebook.com\/buletin.de.buc","article_published_time":"2026-04-07T06:48:51+00:00","article_modified_time":"2026-04-07T12:45:40+00:00","og_image":[{"width":1600,"height":756,"url":"https:\/\/buletin.de\/bucuresti\/wp-content\/uploads\/2026\/04\/WhatsApp-Image-2026-04-07-at-09.46.52.jpeg","type":"image\/jpeg"}],"author":"Redac\u021bia Buletin de Bucure\u0219ti","twitter_card":"summary_large_image","twitter_misc":{"Written by":"Redac\u021bia Buletin de Bucure\u0219ti","Estimated reading time":"3 minutes"},"schema":{"@context":"https:\/\/schema.org","@graph":[{"@type":"Article","@id":"https:\/\/buletin.de\/bucuresti\/autostrada-a0-nord-ar-putea-fi-gata-abia-anul-viitor-stadiul-lucrarilor-pe-lotul-1-intre-joita-si-corbeanca-este-de-45\/#article","isPartOf":{"@id":"https:\/\/buletin.de\/bucuresti\/autostrada-a0-nord-ar-putea-fi-gata-abia-anul-viitor-stadiul-lucrarilor-pe-lotul-1-intre-joita-si-corbeanca-este-de-45\/"},"author":{"name":"Redac\u021bia Buletin de Bucure\u0219ti","@id":"https:\/\/buletin.de\/bucuresti\/#\/schema\/person\/2bbcf854e5f2419a13804af574d06ab1"},"headline":"Autostrada A0 Nord ar putea fi gata abia anul viitor. Stadiul lucr\u0103rilor pe lotul 1, \u00eentre Joi\u021ba \u0219i Corbeanca, este de 45%","datePublished":"2026-04-07T06:48:51+00:00","dateModified":"2026-04-07T12:45:40+00:00","mainEntityOfPage":{"@id":"https:\/\/buletin.de\/bucuresti\/autostrada-a0-nord-ar-putea-fi-gata-abia-anul-viitor-stadiul-lucrarilor-pe-lotul-1-intre-joita-si-corbeanca-este-de-45\/"},"wordCount":584,"publisher":{"@id":"https:\/\/buletin.de\/bucuresti\/#organization"},"image":{"@id":"https:\/\/buletin.de\/bucuresti\/autostrada-a0-nord-ar-putea-fi-gata-abia-anul-viitor-stadiul-lucrarilor-pe-lotul-1-intre-joita-si-corbeanca-este-de-45\/#primaryimage"},"thumbnailUrl":"https:\/\/buletin.de\/bucuresti\/wp-content\/uploads\/2026\/04\/WhatsApp-Image-2026-04-07-at-09.46.52.jpeg","keywords":["a0 nord","Autostrada Bucure\u0219tiului","lotul 1","stadiul lucr\u0103rilor la A0"],"articleSection":["Articole","Featured","Transport"],"inLanguage":"en-GB","copyrightYear":"2026","copyrightHolder":{"@id":"https:\/\/buletin.de\/bucuresti\/#organization"}},{"@type":"WebPage","@id":"https:\/\/buletin.de\/bucuresti\/autostrada-a0-nord-ar-putea-fi-gata-abia-anul-viitor-stadiul-lucrarilor-pe-lotul-1-intre-joita-si-corbeanca-este-de-45\/","url":"https:\/\/buletin.de\/bucuresti\/autostrada-a0-nord-ar-putea-fi-gata-abia-anul-viitor-stadiul-lucrarilor-pe-lotul-1-intre-joita-si-corbeanca-este-de-45\/","name":"Autostrada A0 Nord ar putea fi gata abia anul viitor. Stadiul lucr\u0103rilor pe lotul 1, \u00eentre Joi\u021ba \u0219i Corbeanca, este de 45% - Buletin de Bucure\u0219ti","isPartOf":{"@id":"https:\/\/buletin.de\/bucuresti\/#website"},"primaryImageOfPage":{"@id":"https:\/\/buletin.de\/bucuresti\/autostrada-a0-nord-ar-putea-fi-gata-abia-anul-viitor-stadiul-lucrarilor-pe-lotul-1-intre-joita-si-corbeanca-este-de-45\/#primaryimage"},"image":{"@id":"https:\/\/buletin.de\/bucuresti\/autostrada-a0-nord-ar-putea-fi-gata-abia-anul-viitor-stadiul-lucrarilor-pe-lotul-1-intre-joita-si-corbeanca-este-de-45\/#primaryimage"},"thumbnailUrl":"https:\/\/buletin.de\/bucuresti\/wp-content\/uploads\/2026\/04\/WhatsApp-Image-2026-04-07-at-09.46.52.jpeg","datePublished":"2026-04-07T06:48:51+00:00","dateModified":"2026-04-07T12:45:40+00:00","description":"Autostrada A0 Bucure\u0219ti Nord ar putea s\u0103 nu fie gata integral nici \u00een 2026. Lotul 1, Joi\u021ba \u0219i Corbeanca, este \u00een \u00eent\u00e2rziere.","breadcrumb":{"@id":"https:\/\/buletin.de\/bucuresti\/autostrada-a0-nord-ar-putea-fi-gata-abia-anul-viitor-stadiul-lucrarilor-pe-lotul-1-intre-joita-si-corbeanca-este-de-45\/#breadcrumb"},"inLanguage":"en-GB","potentialAction":[{"@type":"ReadAction","target":["https:\/\/buletin.de\/bucuresti\/autostrada-a0-nord-ar-putea-fi-gata-abia-anul-viitor-stadiul-lucrarilor-pe-lotul-1-intre-joita-si-corbeanca-este-de-45\/"]}]},{"@type":"ImageObject","inLanguage":"en-GB","@id":"https:\/\/buletin.de\/bucuresti\/autostrada-a0-nord-ar-putea-fi-gata-abia-anul-viitor-stadiul-lucrarilor-pe-lotul-1-intre-joita-si-corbeanca-este-de-45\/#primaryimage","url":"https:\/\/buletin.de\/bucuresti\/wp-content\/uploads\/2026\/04\/WhatsApp-Image-2026-04-07-at-09.46.52.jpeg","contentUrl":"https:\/\/buletin.de\/bucuresti\/wp-content\/uploads\/2026\/04\/WhatsApp-Image-2026-04-07-at-09.46.52.jpeg","width":1600,"height":756,"caption":"Autostrada A0 Nord ar putea fi gata abia anul viitor. Stadiul lucr\u0103rilor pe Lotul 1, \u00eentre Joi\u021ba \u0219i Corbeanca, este de 45%. FOTO: Infrastructura Romania"},{"@type":"BreadcrumbList","@id":"https:\/\/buletin.de\/bucuresti\/autostrada-a0-nord-ar-putea-fi-gata-abia-anul-viitor-stadiul-lucrarilor-pe-lotul-1-intre-joita-si-corbeanca-este-de-45\/#breadcrumb","itemListElement":[{"@type":"ListItem","position":1,"name":"Acas\u0103","item":"https:\/\/buletin.de\/bucuresti\/"},{"@type":"ListItem","position":2,"name":"Autostrada A0 Nord ar putea fi gata abia anul viitor. Stadiul lucr\u0103rilor pe lotul 1, \u00eentre Joi\u021ba \u0219i Corbeanca, este de 45%"}]},{"@type":"WebSite","@id":"https:\/\/buletin.de\/bucuresti\/#website","url":"https:\/\/buletin.de\/bucuresti\/","name":"Buletin de Bucure\u0219ti","description":"\u0218tiri \u0219i investiga\u021bii esen\u021biale din capital\u0103","publisher":{"@id":"https:\/\/buletin.de\/bucuresti\/#organization"},"potentialAction":[{"@type":"SearchAction","target":{"@type":"EntryPoint","urlTemplate":"https:\/\/buletin.de\/bucuresti\/?s={search_term_string}"},"query-input":{"@type":"PropertyValueSpecification","valueRequired":true,"valueName":"search_term_string"}}],"inLanguage":"en-GB"},{"@type":"Organization","@id":"https:\/\/buletin.de\/bucuresti\/#organization","name":"Buletin de Bucure\u0219ti","url":"https:\/\/buletin.de\/bucuresti\/","logo":{"@type":"ImageObject","inLanguage":"en-GB","@id":"https:\/\/buletin.de\/bucuresti\/#\/schema\/logo\/image\/","url":"https:\/\/buletin.de\/bucuresti\/wp-content\/uploads\/logo-bdb-full-wide-vernil-transparent.png","contentUrl":"https:\/\/buletin.de\/bucuresti\/wp-content\/uploads\/logo-bdb-full-wide-vernil-transparent.png","width":1782,"height":626,"caption":"Buletin de Bucure\u0219ti"},"image":{"@id":"https:\/\/buletin.de\/bucuresti\/#\/schema\/logo\/image\/"},"sameAs":["https:\/\/www.facebook.com\/buletin.de.buc","https:\/\/www.instagram.com\/buletinde.bucuresti\/"]},{"@type":"Person","@id":"https:\/\/buletin.de\/bucuresti\/#\/schema\/person\/2bbcf854e5f2419a13804af574d06ab1","name":"Redac\u021bia Buletin de Bucure\u0219ti","image":{"@type":"ImageObject","inLanguage":"en-GB","@id":"https:\/\/secure.gravatar.com\/avatar\/18c5342381ed1a08620e6280424e3e5efc958618f5d67c522c9e44c1bc6f9226?s=96&d=monsterid&r=g60c7cd0ad92c68c049fcd4bb3504d609","url":"https:\/\/secure.gravatar.com\/avatar\/18c5342381ed1a08620e6280424e3e5efc958618f5d67c522c9e44c1bc6f9226?s=96&d=monsterid&r=g","contentUrl":"https:\/\/secure.gravatar.com\/avatar\/18c5342381ed1a08620e6280424e3e5efc958618f5d67c522c9e44c1bc6f9226?s=96&d=monsterid&r=g","caption":"Redac\u021bia Buletin de Bucure\u0219ti"},"description":"Buletin de Bucure\u0219ti exist\u0103 din vara anului 2019.","url":"https:\/\/buletin.de\/bucuresti\/author\/adminbuletin\/"}]}},"authors":[{"term_id":22583,"user_id":1,"is_guest":0,"slug":"adminbuletin","display_name":"Redac\u021bia Buletin de Bucure\u0219ti","avatar_url":"https:\/\/secure.gravatar.com\/avatar\/18c5342381ed1a08620e6280424e3e5efc958618f5d67c522c9e44c1bc6f9226?s=96&d=monsterid&r=g","0":null,"1":"","2":"","3":"","4":"","5":"","6":"","7":"","8":""}],"_links":{"self":[{"href":"https:\/\/buletin.de\/bucuresti\/wp-json\/wp\/v2\/posts\/185499","targetHints":{"allow":["GET"]}}],"collection":[{"href":"https:\/\/buletin.de\/bucuresti\/wp-json\/wp\/v2\/posts"}],"about":[{"href":"https:\/\/buletin.de\/bucuresti\/wp-json\/wp\/v2\/types\/post"}],"author":[{"embeddable":true,"href":"https:\/\/buletin.de\/bucuresti\/wp-json\/wp\/v2\/users\/1"}],"replies":[{"embeddable":true,"href":"https:\/\/buletin.de\/bucuresti\/wp-json\/wp\/v2\/comments?post=185499"}],"version-history":[{"count":4,"href":"https:\/\/buletin.de\/bucuresti\/wp-json\/wp\/v2\/posts\/185499\/revisions"}],"predecessor-version":[{"id":185577,"href":"https:\/\/buletin.de\/bucuresti\/wp-json\/wp\/v2\/posts\/185499\/revisions\/185577"}],"wp:featuredmedia":[{"embeddable":true,"href":"https:\/\/buletin.de\/bucuresti\/wp-json\/wp\/v2\/media\/185504"}],"wp:attachment":[{"href":"https:\/\/buletin.de\/bucuresti\/wp-json\/wp\/v2\/media?parent=185499"}],"wp:term":[{"taxonomy":"category","embeddable":true,"href":"https:\/\/buletin.de\/bucuresti\/wp-json\/wp\/v2\/categories?post=185499"},{"taxonomy":"post_tag","embeddable":true,"href":"https:\/\/buletin.de\/bucuresti\/wp-json\/wp\/v2\/tags?post=185499"},{"taxonomy":"author","embeddable":true,"href":"https:\/\/buletin.de\/bucuresti\/wp-json\/wp\/v2\/ppma_author?post=185499"}],"curies":[{"name":"wp","href":"https:\/\/api.w.org\/{rel}","templated":true}]}}