{"id":185482,"date":"2026-04-07T04:30:00","date_gmt":"2026-04-07T02:30:00","guid":{"rendered":"https:\/\/buletin.de\/bucuresti\/?p=185482"},"modified":"2026-04-06T19:24:42","modified_gmt":"2026-04-06T17:24:42","slug":"sector-6-parcul-timisoara-inchis-pentru-lucrari-de-modernizare-pana-in-mai","status":"publish","type":"post","link":"https:\/\/buletin.de\/bucuresti\/sector-6-parcul-timisoara-inchis-pentru-lucrari-de-modernizare-pana-in-mai\/","title":{"rendered":"Sector 6 | Parcul Timi\u0219oara, \u00eenchis pentru lucr\u0103ri de modernizare, p\u00e2n\u0103 \u00een mai"},"content":{"rendered":"\n<p><strong>Parcul Timi\u0219oara nr. 10, din Sectorul 6, este \u00eenchis pentru lucr\u0103ri de reorganizare \u0219i modernizare \u00een perioada 6 aprilie &#8211; 11 mai 2026, a anun\u021bat<a href=\"https:\/\/www.facebook.com\/photo?fbid=1613538877443865&amp;set=a.775299211267840\" type=\"link\" id=\"https:\/\/www.facebook.com\/photo?fbid=1613538877443865&amp;set=a.775299211267840\" target=\"_blank\" rel=\"noreferrer noopener\"> Administra\u0163ia Domeniului Public \u015fi Dezvoltare Urban\u0103 (ADPDU) Sector 6<\/a>.<\/strong><\/p>\n\n\n\n<p><strong>\u00cen perioada \u00een care r\u0103m\u00e2ne \u00eenchis, accesul va fi restric\u021bionat prin toate cele trei intr\u0103ri ale parcului. <\/strong><\/p>\n\n\n\n<h2 class=\"wp-block-heading\" id=\"h-parcul-timi\u0219oara-inchis-pana-pe-11-mai\">Parcul Timi\u0219oara, \u00eenchis p\u00e2n\u0103 pe 11 mai <\/h2>\n\n\n\n<p>Lucr\u0103rile presupun modernizarea a <strong>18.639 de metri p\u0103tra\u021bi<\/strong>, \u00een care se pune accentul inclusiv pe sport \u00een aer liber. <\/p>\n\n\n\n<p>Astfel, \u00een incinta parcului, se va amenaja o zon\u0103 de c\u0103\u021b\u0103rare care va cuprinde trei cuburi destinate c\u0103\u021b\u0103r\u0103rilor, pe diferite grade de dificultate. <\/p>\n\n\n\n<p>Totodat\u0103, parcul va dispune \u0219i de un teren de mini-fotbal, de 800 de metri p\u0103tra\u021bi, de o zon\u0103 de workout, dotat\u0103 cu dou\u0103 aparate multifunc\u021bionale pentru fitness urban &#8211; calisthenics, dar \u0219i de trei terenuri de tenis de picior, cu suprafa\u021ba de 608 metri p\u0103tra\u021bi. <\/p>\n\n\n\n<p><strong>Parcul Liniei, aflat \u00een imediata apropiere, r\u0103m\u00e2ne deschis \u00een aceast\u0103 perioad\u0103 \u0219i poate fi vizitat f\u0103r\u0103 restric\u021bii. <\/strong><\/p>\n\n\n\n<figure class=\"wp-block-gallery has-nested-images columns-default is-cropped wp-block-gallery-1 is-layout-flex wp-block-gallery-is-layout-flex\">\n<figure class=\"wp-block-image size-large\"><img fetchpriority=\"high\" decoding=\"async\" width=\"1000\" height=\"667\" data-id=\"185485\" src=\"data:image\/gif;base64,R0lGODlhAQABAAAAACH5BAEKAAEALAAAAAABAAEAAAICTAEAOw==\" data-src=\"https:\/\/buletin.de\/bucuresti\/wp-content\/uploads\/2026\/04\/663356194_1613538880777198_5094559223185349566_n-1000x667.jpg\" alt=\"\" class=\"wp-image-185485 lazyload\" data-sizes=\"auto\" data-srcset=\"https:\/\/buletin.de\/bucuresti\/wp-content\/uploads\/2026\/04\/663356194_1613538880777198_5094559223185349566_n-1000x667.jpg 1000w, https:\/\/buletin.de\/bucuresti\/wp-content\/uploads\/2026\/04\/663356194_1613538880777198_5094559223185349566_n-300x200.jpg 300w, https:\/\/buletin.de\/bucuresti\/wp-content\/uploads\/2026\/04\/663356194_1613538880777198_5094559223185349566_n-768x512.jpg 768w, https:\/\/buletin.de\/bucuresti\/wp-content\/uploads\/2026\/04\/663356194_1613538880777198_5094559223185349566_n-1100x733.jpg 1100w, https:\/\/buletin.de\/bucuresti\/wp-content\/uploads\/2026\/04\/663356194_1613538880777198_5094559223185349566_n-600x400.jpg 600w, https:\/\/buletin.de\/bucuresti\/wp-content\/uploads\/2026\/04\/663356194_1613538880777198_5094559223185349566_n-20x13.jpg 20w, https:\/\/buletin.de\/bucuresti\/wp-content\/uploads\/2026\/04\/663356194_1613538880777198_5094559223185349566_n.jpg 1536w\" sizes=\"(max-width: 1000px) 100vw, 1000px\" \/><figcaption class=\"wp-element-caption\">Foto: Facebook\/ADPDU Sector 6<\/figcaption><\/figure>\n<\/figure>\n\n\n\n<h2 class=\"wp-block-heading\" id=\"h-un-nou-loc-de-joaca-in-sectorul-6\">Un nou loc de joac\u0103 \u00een Sectorul 6 <\/h2>\n\n\n\n<p><strong>Un nou loc de joac\u0103 a fost finalizat \u0219i dat \u00een folosin\u021b\u0103 s\u00e2mb\u0103t\u0103, 4 aprilie, \u00een Sectorul 6. <a href=\"https:\/\/buletin.de\/bucuresti\/un-nou-loc-de-joaca-a-fost-deschis-in-sectorul-6-pe-strada-cetatea-histria\/\" type=\"link\" id=\"https:\/\/buletin.de\/bucuresti\/un-nou-loc-de-joaca-a-fost-deschis-in-sectorul-6-pe-strada-cetatea-histria\/\" target=\"_blank\" rel=\"noreferrer noopener\">Este situat pe strada Cetatea Histria nr. 3-5<\/a> \u0219i are o suprafa\u021b\u0103 de 815 metri p\u0103tra\u021bi. <\/strong><\/p>\n\n\n\n<p>Parcul este dotat cu leag\u0103ne, tobogane, trambulin\u0103, balansoar, jocuri pe arc, tub de c\u0103\u021b\u0103rare \u0219i un complex multifunc\u021bional. \u00cen parc a fost instalat inclusiv un echipament special pentru copiii cu dizabilit\u0103\u021bi, \u0219i anume o \u00eenv\u00e2rtitoare adaptat\u0103. <\/p>\n\n\n\n<p>Spa\u021biul a fost amenajat cu co\u0219uri de gunoi, iluminat \u0219i alei, iar suprafa\u021ba a fost acoperit\u0103 cu tartan, material care are rolul de a amortiza c\u0103z\u0103turile \u0219i de a proteja articula\u021biile.<\/p>\n\n\n\n<p>CITE\u0218TE \u0218I <a href=\"https:\/\/buletin.de\/bucuresti\/planseul-unirii-se-scumpeste-cu-aproape-40-de-milioane-de-euro-recent-20-din-cheltuieli-au-fost-trecute-in-sarcina-cetatenilor-din-sectorul-4\/\">Plan\u0219eul Unirii s<\/a><a href=\"https:\/\/buletin.de\/bucuresti\/planseul-unirii-se-scumpeste-cu-aproape-40-de-milioane-de-euro-recent-20-din-cheltuieli-au-fost-trecute-in-sarcina-cetatenilor-din-sectorul-4\/\" target=\"_blank\" rel=\"noreferrer noopener\">e scumpe\u0219te cu aproape 40 de milioane de euro. Recent, 20% din cheltuieli au fost trecute \u00een sarcina cet\u0103\u021beni<\/a><a href=\"https:\/\/buletin.de\/bucuresti\/planseul-unirii-se-scumpeste-cu-aproape-40-de-milioane-de-euro-recent-20-din-cheltuieli-au-fost-trecute-in-sarcina-cetatenilor-din-sectorul-4\/\">lor din Sectorul 4<\/a><\/p>\n","protected":false},"excerpt":{"rendered":"<p>Parcul Timi\u0219oara nr. 10, din Sectorul 6, este \u00eenchis pentru lucr\u0103ri de reorganizare \u0219i modernizare \u00een perioada 6 aprilie &#8211; 11 mai 2026, a anun\u021bat Administra\u0163ia Domeniului Public \u015fi Dezvoltare Urban\u0103 (ADPDU) Sector 6. \u00cen perioada \u00een care r\u0103m\u00e2ne \u00eenchis, accesul va fi restric\u021bionat prin toate cele trei intr\u0103ri ale parcului. Parcul Timi\u0219oara, \u00eenchis p\u00e2n\u0103 [&hellip;]<\/p>\n","protected":false},"author":65,"featured_media":185487,"comment_status":"closed","ping_status":"open","sticky":false,"template":"","format":"standard","meta":{"_acf_changed":false,"inline_featured_image":false,"ngg_post_thumbnail":0,"footnotes":""},"categories":[6994,24,62],"tags":[13388,1088,3121,27549,523],"ppma_author":[23912],"class_list":["post-185482","post","type-post","status-publish","format-standard","has-post-thumbnail","hentry","category-stiri-2","category-primarie","category-stiri","tag-adpdu-sector-6","tag-modernizare","tag-parc","tag-parcul-timisoara","tag-sector-6"],"acf":[],"yoast_head":"<!-- This site is optimized with the Yoast SEO Premium plugin v25.3 (Yoast SEO v27.4) - https:\/\/yoast.com\/product\/yoast-seo-premium-wordpress\/ -->\n<title>Sector 6 | Parcul Timi\u0219oara, \u00eenchis pentru lucr\u0103ri de modernizare, p\u00e2n\u0103 \u00een mai - Buletin de Bucure\u0219ti<\/title>\n<meta name=\"robots\" content=\"index, follow, max-snippet:-1, max-image-preview:large, max-video-preview:-1\" \/>\n<link rel=\"canonical\" href=\"https:\/\/buletin.de\/bucuresti\/sector-6-parcul-timisoara-inchis-pentru-lucrari-de-modernizare-pana-in-mai\/\" \/>\n<meta property=\"og:locale\" content=\"en_GB\" \/>\n<meta property=\"og:type\" content=\"article\" \/>\n<meta property=\"og:title\" content=\"Sector 6 | Parcul Timi\u0219oara, \u00eenchis pentru lucr\u0103ri de modernizare, p\u00e2n\u0103 \u00een mai\" \/>\n<meta property=\"og:description\" content=\"Parcul Timi\u0219oara nr. 10, din Sectorul 6, este \u00eenchis pentru lucr\u0103ri de reorganizare \u0219i modernizare \u00een perioada 6 aprilie &#8211; 11 mai 2026, a anun\u021bat Administra\u0163ia Domeniului Public \u015fi Dezvoltare Urban\u0103 (ADPDU) Sector 6. \u00cen perioada \u00een care r\u0103m\u00e2ne \u00eenchis, accesul va fi restric\u021bionat prin toate cele trei intr\u0103ri ale parcului. Parcul Timi\u0219oara, \u00eenchis p\u00e2n\u0103 [&hellip;]\" \/>\n<meta property=\"og:url\" content=\"https:\/\/buletin.de\/bucuresti\/sector-6-parcul-timisoara-inchis-pentru-lucrari-de-modernizare-pana-in-mai\/\" \/>\n<meta property=\"og:site_name\" content=\"Buletin de Bucure\u0219ti\" \/>\n<meta property=\"article:publisher\" content=\"https:\/\/www.facebook.com\/buletin.de.buc\" \/>\n<meta property=\"article:published_time\" content=\"2026-04-07T02:30:00+00:00\" \/>\n<meta property=\"og:image\" content=\"https:\/\/buletin.de\/bucuresti\/wp-content\/uploads\/2026\/04\/Parcul-Timisoara-inchis-pana-in-mai-Sector-6.jpg\" \/>\n\t<meta property=\"og:image:width\" content=\"1200\" \/>\n\t<meta property=\"og:image:height\" content=\"672\" \/>\n\t<meta property=\"og:image:type\" content=\"image\/jpeg\" \/>\n<meta name=\"author\" content=\"Andreea St\u0103n\u0103r\u00eeng\u0103\" \/>\n<meta name=\"twitter:card\" content=\"summary_large_image\" \/>\n<meta name=\"twitter:label1\" content=\"Written by\" \/>\n\t<meta name=\"twitter:data1\" content=\"Andreea St\u0103n\u0103r\u00eeng\u0103\" \/>\n\t<meta name=\"twitter:label2\" content=\"Estimated reading time\" \/>\n\t<meta name=\"twitter:data2\" content=\"2 minutes\" \/>\n<script type=\"application\/ld+json\" class=\"yoast-schema-graph\">{\"@context\":\"https:\\\/\\\/schema.org\",\"@graph\":[{\"@type\":\"Article\",\"@id\":\"https:\\\/\\\/buletin.de\\\/bucuresti\\\/sector-6-parcul-timisoara-inchis-pentru-lucrari-de-modernizare-pana-in-mai\\\/#article\",\"isPartOf\":{\"@id\":\"https:\\\/\\\/buletin.de\\\/bucuresti\\\/sector-6-parcul-timisoara-inchis-pentru-lucrari-de-modernizare-pana-in-mai\\\/\"},\"author\":{\"name\":\"Andreea St\u0103n\u0103r\u00eeng\u0103\",\"@id\":\"https:\\\/\\\/buletin.de\\\/bucuresti\\\/#\\\/schema\\\/person\\\/81421a46fb84a0887cfd2238f5202586\"},\"headline\":\"Sector 6 | Parcul Timi\u0219oara, \u00eenchis pentru lucr\u0103ri de modernizare, p\u00e2n\u0103 \u00een mai\",\"datePublished\":\"2026-04-07T02:30:00+00:00\",\"mainEntityOfPage\":{\"@id\":\"https:\\\/\\\/buletin.de\\\/bucuresti\\\/sector-6-parcul-timisoara-inchis-pentru-lucrari-de-modernizare-pana-in-mai\\\/\"},\"wordCount\":345,\"publisher\":{\"@id\":\"https:\\\/\\\/buletin.de\\\/bucuresti\\\/#organization\"},\"image\":{\"@id\":\"https:\\\/\\\/buletin.de\\\/bucuresti\\\/sector-6-parcul-timisoara-inchis-pentru-lucrari-de-modernizare-pana-in-mai\\\/#primaryimage\"},\"thumbnailUrl\":\"https:\\\/\\\/buletin.de\\\/bucuresti\\\/wp-content\\\/uploads\\\/2026\\\/04\\\/Parcul-Timisoara-inchis-pana-in-mai-Sector-6.jpg\",\"keywords\":[\"adpdu sector 6\",\"modernizare\",\"Parc\",\"Parcul Timi\u0219oara\",\"Sector 6\"],\"articleSection\":[\"Articole\",\"Prim\u0103rie\",\"\u0218tiri\"],\"inLanguage\":\"en-GB\",\"copyrightYear\":\"2026\",\"copyrightHolder\":{\"@id\":\"https:\\\/\\\/buletin.de\\\/bucuresti\\\/#organization\"}},{\"@type\":\"WebPage\",\"@id\":\"https:\\\/\\\/buletin.de\\\/bucuresti\\\/sector-6-parcul-timisoara-inchis-pentru-lucrari-de-modernizare-pana-in-mai\\\/\",\"url\":\"https:\\\/\\\/buletin.de\\\/bucuresti\\\/sector-6-parcul-timisoara-inchis-pentru-lucrari-de-modernizare-pana-in-mai\\\/\",\"name\":\"Sector 6 | Parcul Timi\u0219oara, \u00eenchis pentru lucr\u0103ri de modernizare, p\u00e2n\u0103 \u00een mai - Buletin de Bucure\u0219ti\",\"isPartOf\":{\"@id\":\"https:\\\/\\\/buletin.de\\\/bucuresti\\\/#website\"},\"primaryImageOfPage\":{\"@id\":\"https:\\\/\\\/buletin.de\\\/bucuresti\\\/sector-6-parcul-timisoara-inchis-pentru-lucrari-de-modernizare-pana-in-mai\\\/#primaryimage\"},\"image\":{\"@id\":\"https:\\\/\\\/buletin.de\\\/bucuresti\\\/sector-6-parcul-timisoara-inchis-pentru-lucrari-de-modernizare-pana-in-mai\\\/#primaryimage\"},\"thumbnailUrl\":\"https:\\\/\\\/buletin.de\\\/bucuresti\\\/wp-content\\\/uploads\\\/2026\\\/04\\\/Parcul-Timisoara-inchis-pana-in-mai-Sector-6.jpg\",\"datePublished\":\"2026-04-07T02:30:00+00:00\",\"breadcrumb\":{\"@id\":\"https:\\\/\\\/buletin.de\\\/bucuresti\\\/sector-6-parcul-timisoara-inchis-pentru-lucrari-de-modernizare-pana-in-mai\\\/#breadcrumb\"},\"inLanguage\":\"en-GB\",\"potentialAction\":[{\"@type\":\"ReadAction\",\"target\":[\"https:\\\/\\\/buletin.de\\\/bucuresti\\\/sector-6-parcul-timisoara-inchis-pentru-lucrari-de-modernizare-pana-in-mai\\\/\"]}]},{\"@type\":\"ImageObject\",\"inLanguage\":\"en-GB\",\"@id\":\"https:\\\/\\\/buletin.de\\\/bucuresti\\\/sector-6-parcul-timisoara-inchis-pentru-lucrari-de-modernizare-pana-in-mai\\\/#primaryimage\",\"url\":\"https:\\\/\\\/buletin.de\\\/bucuresti\\\/wp-content\\\/uploads\\\/2026\\\/04\\\/Parcul-Timisoara-inchis-pana-in-mai-Sector-6.jpg\",\"contentUrl\":\"https:\\\/\\\/buletin.de\\\/bucuresti\\\/wp-content\\\/uploads\\\/2026\\\/04\\\/Parcul-Timisoara-inchis-pana-in-mai-Sector-6.jpg\",\"width\":1200,\"height\":672,\"caption\":\"Parcul Timi\u0219oara va fi \u00eenchis p\u00e2n\u0103 \u00een mai. Foto: ADPDU Sector 6\"},{\"@type\":\"BreadcrumbList\",\"@id\":\"https:\\\/\\\/buletin.de\\\/bucuresti\\\/sector-6-parcul-timisoara-inchis-pentru-lucrari-de-modernizare-pana-in-mai\\\/#breadcrumb\",\"itemListElement\":[{\"@type\":\"ListItem\",\"position\":1,\"name\":\"Acas\u0103\",\"item\":\"https:\\\/\\\/buletin.de\\\/bucuresti\\\/\"},{\"@type\":\"ListItem\",\"position\":2,\"name\":\"Sector 6 | Parcul Timi\u0219oara, \u00eenchis pentru lucr\u0103ri de modernizare, p\u00e2n\u0103 \u00een mai\"}]},{\"@type\":\"WebSite\",\"@id\":\"https:\\\/\\\/buletin.de\\\/bucuresti\\\/#website\",\"url\":\"https:\\\/\\\/buletin.de\\\/bucuresti\\\/\",\"name\":\"Buletin de Bucure\u0219ti\",\"description\":\"\u0218tiri \u0219i investiga\u021bii esen\u021biale din capital\u0103\",\"publisher\":{\"@id\":\"https:\\\/\\\/buletin.de\\\/bucuresti\\\/#organization\"},\"potentialAction\":[{\"@type\":\"SearchAction\",\"target\":{\"@type\":\"EntryPoint\",\"urlTemplate\":\"https:\\\/\\\/buletin.de\\\/bucuresti\\\/?s={search_term_string}\"},\"query-input\":{\"@type\":\"PropertyValueSpecification\",\"valueRequired\":true,\"valueName\":\"search_term_string\"}}],\"inLanguage\":\"en-GB\"},{\"@type\":\"Organization\",\"@id\":\"https:\\\/\\\/buletin.de\\\/bucuresti\\\/#organization\",\"name\":\"Buletin de Bucure\u0219ti\",\"url\":\"https:\\\/\\\/buletin.de\\\/bucuresti\\\/\",\"logo\":{\"@type\":\"ImageObject\",\"inLanguage\":\"en-GB\",\"@id\":\"https:\\\/\\\/buletin.de\\\/bucuresti\\\/#\\\/schema\\\/logo\\\/image\\\/\",\"url\":\"https:\\\/\\\/buletin.de\\\/bucuresti\\\/wp-content\\\/uploads\\\/logo-bdb-full-wide-vernil-transparent.png\",\"contentUrl\":\"https:\\\/\\\/buletin.de\\\/bucuresti\\\/wp-content\\\/uploads\\\/logo-bdb-full-wide-vernil-transparent.png\",\"width\":1782,\"height\":626,\"caption\":\"Buletin de Bucure\u0219ti\"},\"image\":{\"@id\":\"https:\\\/\\\/buletin.de\\\/bucuresti\\\/#\\\/schema\\\/logo\\\/image\\\/\"},\"sameAs\":[\"https:\\\/\\\/www.facebook.com\\\/buletin.de.buc\",\"https:\\\/\\\/www.instagram.com\\\/buletinde.bucuresti\\\/\"]},{\"@type\":\"Person\",\"@id\":\"https:\\\/\\\/buletin.de\\\/bucuresti\\\/#\\\/schema\\\/person\\\/81421a46fb84a0887cfd2238f5202586\",\"name\":\"Andreea St\u0103n\u0103r\u00eeng\u0103\",\"image\":{\"@type\":\"ImageObject\",\"inLanguage\":\"en-GB\",\"@id\":\"https:\\\/\\\/secure.gravatar.com\\\/avatar\\\/dfa8d227a4388fad0f0bb03add04b5b176f4da34397dbb2eadc563b3d7162ce0?s=96&d=monsterid&r=g72784372b39ffe5a98a45288fe0d0e8a\",\"url\":\"https:\\\/\\\/secure.gravatar.com\\\/avatar\\\/dfa8d227a4388fad0f0bb03add04b5b176f4da34397dbb2eadc563b3d7162ce0?s=96&d=monsterid&r=g\",\"contentUrl\":\"https:\\\/\\\/secure.gravatar.com\\\/avatar\\\/dfa8d227a4388fad0f0bb03add04b5b176f4da34397dbb2eadc563b3d7162ce0?s=96&d=monsterid&r=g\",\"caption\":\"Andreea St\u0103n\u0103r\u00eeng\u0103\"},\"description\":\"Cu o experien\u021b\u0103 de peste 5 ani \u00een pres\u0103, face parte din echipa Buletin de Bucure\u0219ti din septembrie 2025. A colaborat cu c\u00e2teva publica\u021bii, printre care \u0219i Fanatik.ro, unde s-a ocupat de \u0219tiri de lifestyle \u0219i de actualitate. A f\u0103cut un pas c\u0103tre presa local\u0103 pentru a explora Bucure\u0219tiul \u0219i pove\u0219tile care merit\u0103 spuse.\",\"url\":\"https:\\\/\\\/buletin.de\\\/bucuresti\\\/author\\\/andreea-stanaranga\\\/\"}]}<\/script>\n<!-- \/ Yoast SEO Premium plugin. -->","yoast_head_json":{"title":"Sector 6 | Parcul Timi\u0219oara, \u00eenchis pentru lucr\u0103ri de modernizare, p\u00e2n\u0103 \u00een mai - Buletin de Bucure\u0219ti","robots":{"index":"index","follow":"follow","max-snippet":"max-snippet:-1","max-image-preview":"max-image-preview:large","max-video-preview":"max-video-preview:-1"},"canonical":"https:\/\/buletin.de\/bucuresti\/sector-6-parcul-timisoara-inchis-pentru-lucrari-de-modernizare-pana-in-mai\/","og_locale":"en_GB","og_type":"article","og_title":"Sector 6 | Parcul Timi\u0219oara, \u00eenchis pentru lucr\u0103ri de modernizare, p\u00e2n\u0103 \u00een mai","og_description":"Parcul Timi\u0219oara nr. 10, din Sectorul 6, este \u00eenchis pentru lucr\u0103ri de reorganizare \u0219i modernizare \u00een perioada 6 aprilie &#8211; 11 mai 2026, a anun\u021bat Administra\u0163ia Domeniului Public \u015fi Dezvoltare Urban\u0103 (ADPDU) Sector 6. \u00cen perioada \u00een care r\u0103m\u00e2ne \u00eenchis, accesul va fi restric\u021bionat prin toate cele trei intr\u0103ri ale parcului. Parcul Timi\u0219oara, \u00eenchis p\u00e2n\u0103 [&hellip;]","og_url":"https:\/\/buletin.de\/bucuresti\/sector-6-parcul-timisoara-inchis-pentru-lucrari-de-modernizare-pana-in-mai\/","og_site_name":"Buletin de Bucure\u0219ti","article_publisher":"https:\/\/www.facebook.com\/buletin.de.buc","article_published_time":"2026-04-07T02:30:00+00:00","og_image":[{"width":1200,"height":672,"url":"https:\/\/buletin.de\/bucuresti\/wp-content\/uploads\/2026\/04\/Parcul-Timisoara-inchis-pana-in-mai-Sector-6.jpg","type":"image\/jpeg"}],"author":"Andreea St\u0103n\u0103r\u00eeng\u0103","twitter_card":"summary_large_image","twitter_misc":{"Written by":"Andreea St\u0103n\u0103r\u00eeng\u0103","Estimated reading time":"2 minutes"},"schema":{"@context":"https:\/\/schema.org","@graph":[{"@type":"Article","@id":"https:\/\/buletin.de\/bucuresti\/sector-6-parcul-timisoara-inchis-pentru-lucrari-de-modernizare-pana-in-mai\/#article","isPartOf":{"@id":"https:\/\/buletin.de\/bucuresti\/sector-6-parcul-timisoara-inchis-pentru-lucrari-de-modernizare-pana-in-mai\/"},"author":{"name":"Andreea St\u0103n\u0103r\u00eeng\u0103","@id":"https:\/\/buletin.de\/bucuresti\/#\/schema\/person\/81421a46fb84a0887cfd2238f5202586"},"headline":"Sector 6 | Parcul Timi\u0219oara, \u00eenchis pentru lucr\u0103ri de modernizare, p\u00e2n\u0103 \u00een mai","datePublished":"2026-04-07T02:30:00+00:00","mainEntityOfPage":{"@id":"https:\/\/buletin.de\/bucuresti\/sector-6-parcul-timisoara-inchis-pentru-lucrari-de-modernizare-pana-in-mai\/"},"wordCount":345,"publisher":{"@id":"https:\/\/buletin.de\/bucuresti\/#organization"},"image":{"@id":"https:\/\/buletin.de\/bucuresti\/sector-6-parcul-timisoara-inchis-pentru-lucrari-de-modernizare-pana-in-mai\/#primaryimage"},"thumbnailUrl":"https:\/\/buletin.de\/bucuresti\/wp-content\/uploads\/2026\/04\/Parcul-Timisoara-inchis-pana-in-mai-Sector-6.jpg","keywords":["adpdu sector 6","modernizare","Parc","Parcul Timi\u0219oara","Sector 6"],"articleSection":["Articole","Prim\u0103rie","\u0218tiri"],"inLanguage":"en-GB","copyrightYear":"2026","copyrightHolder":{"@id":"https:\/\/buletin.de\/bucuresti\/#organization"}},{"@type":"WebPage","@id":"https:\/\/buletin.de\/bucuresti\/sector-6-parcul-timisoara-inchis-pentru-lucrari-de-modernizare-pana-in-mai\/","url":"https:\/\/buletin.de\/bucuresti\/sector-6-parcul-timisoara-inchis-pentru-lucrari-de-modernizare-pana-in-mai\/","name":"Sector 6 | Parcul Timi\u0219oara, \u00eenchis pentru lucr\u0103ri de modernizare, p\u00e2n\u0103 \u00een mai - Buletin de Bucure\u0219ti","isPartOf":{"@id":"https:\/\/buletin.de\/bucuresti\/#website"},"primaryImageOfPage":{"@id":"https:\/\/buletin.de\/bucuresti\/sector-6-parcul-timisoara-inchis-pentru-lucrari-de-modernizare-pana-in-mai\/#primaryimage"},"image":{"@id":"https:\/\/buletin.de\/bucuresti\/sector-6-parcul-timisoara-inchis-pentru-lucrari-de-modernizare-pana-in-mai\/#primaryimage"},"thumbnailUrl":"https:\/\/buletin.de\/bucuresti\/wp-content\/uploads\/2026\/04\/Parcul-Timisoara-inchis-pana-in-mai-Sector-6.jpg","datePublished":"2026-04-07T02:30:00+00:00","breadcrumb":{"@id":"https:\/\/buletin.de\/bucuresti\/sector-6-parcul-timisoara-inchis-pentru-lucrari-de-modernizare-pana-in-mai\/#breadcrumb"},"inLanguage":"en-GB","potentialAction":[{"@type":"ReadAction","target":["https:\/\/buletin.de\/bucuresti\/sector-6-parcul-timisoara-inchis-pentru-lucrari-de-modernizare-pana-in-mai\/"]}]},{"@type":"ImageObject","inLanguage":"en-GB","@id":"https:\/\/buletin.de\/bucuresti\/sector-6-parcul-timisoara-inchis-pentru-lucrari-de-modernizare-pana-in-mai\/#primaryimage","url":"https:\/\/buletin.de\/bucuresti\/wp-content\/uploads\/2026\/04\/Parcul-Timisoara-inchis-pana-in-mai-Sector-6.jpg","contentUrl":"https:\/\/buletin.de\/bucuresti\/wp-content\/uploads\/2026\/04\/Parcul-Timisoara-inchis-pana-in-mai-Sector-6.jpg","width":1200,"height":672,"caption":"Parcul Timi\u0219oara va fi \u00eenchis p\u00e2n\u0103 \u00een mai. Foto: ADPDU Sector 6"},{"@type":"BreadcrumbList","@id":"https:\/\/buletin.de\/bucuresti\/sector-6-parcul-timisoara-inchis-pentru-lucrari-de-modernizare-pana-in-mai\/#breadcrumb","itemListElement":[{"@type":"ListItem","position":1,"name":"Acas\u0103","item":"https:\/\/buletin.de\/bucuresti\/"},{"@type":"ListItem","position":2,"name":"Sector 6 | Parcul Timi\u0219oara, \u00eenchis pentru lucr\u0103ri de modernizare, p\u00e2n\u0103 \u00een mai"}]},{"@type":"WebSite","@id":"https:\/\/buletin.de\/bucuresti\/#website","url":"https:\/\/buletin.de\/bucuresti\/","name":"Buletin de Bucure\u0219ti","description":"\u0218tiri \u0219i investiga\u021bii esen\u021biale din capital\u0103","publisher":{"@id":"https:\/\/buletin.de\/bucuresti\/#organization"},"potentialAction":[{"@type":"SearchAction","target":{"@type":"EntryPoint","urlTemplate":"https:\/\/buletin.de\/bucuresti\/?s={search_term_string}"},"query-input":{"@type":"PropertyValueSpecification","valueRequired":true,"valueName":"search_term_string"}}],"inLanguage":"en-GB"},{"@type":"Organization","@id":"https:\/\/buletin.de\/bucuresti\/#organization","name":"Buletin de Bucure\u0219ti","url":"https:\/\/buletin.de\/bucuresti\/","logo":{"@type":"ImageObject","inLanguage":"en-GB","@id":"https:\/\/buletin.de\/bucuresti\/#\/schema\/logo\/image\/","url":"https:\/\/buletin.de\/bucuresti\/wp-content\/uploads\/logo-bdb-full-wide-vernil-transparent.png","contentUrl":"https:\/\/buletin.de\/bucuresti\/wp-content\/uploads\/logo-bdb-full-wide-vernil-transparent.png","width":1782,"height":626,"caption":"Buletin de Bucure\u0219ti"},"image":{"@id":"https:\/\/buletin.de\/bucuresti\/#\/schema\/logo\/image\/"},"sameAs":["https:\/\/www.facebook.com\/buletin.de.buc","https:\/\/www.instagram.com\/buletinde.bucuresti\/"]},{"@type":"Person","@id":"https:\/\/buletin.de\/bucuresti\/#\/schema\/person\/81421a46fb84a0887cfd2238f5202586","name":"Andreea St\u0103n\u0103r\u00eeng\u0103","image":{"@type":"ImageObject","inLanguage":"en-GB","@id":"https:\/\/secure.gravatar.com\/avatar\/dfa8d227a4388fad0f0bb03add04b5b176f4da34397dbb2eadc563b3d7162ce0?s=96&d=monsterid&r=g72784372b39ffe5a98a45288fe0d0e8a","url":"https:\/\/secure.gravatar.com\/avatar\/dfa8d227a4388fad0f0bb03add04b5b176f4da34397dbb2eadc563b3d7162ce0?s=96&d=monsterid&r=g","contentUrl":"https:\/\/secure.gravatar.com\/avatar\/dfa8d227a4388fad0f0bb03add04b5b176f4da34397dbb2eadc563b3d7162ce0?s=96&d=monsterid&r=g","caption":"Andreea St\u0103n\u0103r\u00eeng\u0103"},"description":"Cu o experien\u021b\u0103 de peste 5 ani \u00een pres\u0103, face parte din echipa Buletin de Bucure\u0219ti din septembrie 2025. A colaborat cu c\u00e2teva publica\u021bii, printre care \u0219i Fanatik.ro, unde s-a ocupat de \u0219tiri de lifestyle \u0219i de actualitate. A f\u0103cut un pas c\u0103tre presa local\u0103 pentru a explora Bucure\u0219tiul \u0219i pove\u0219tile care merit\u0103 spuse.","url":"https:\/\/buletin.de\/bucuresti\/author\/andreea-stanaranga\/"}]}},"authors":[{"term_id":23912,"user_id":65,"is_guest":0,"slug":"andreea-stanaranga","display_name":"Andreea St\u0103n\u0103r\u00eeng\u0103","avatar_url":"https:\/\/secure.gravatar.com\/avatar\/dfa8d227a4388fad0f0bb03add04b5b176f4da34397dbb2eadc563b3d7162ce0?s=96&d=monsterid&r=g","0":null,"1":"","2":"","3":"","4":"","5":"","6":"","7":"","8":""}],"_links":{"self":[{"href":"https:\/\/buletin.de\/bucuresti\/wp-json\/wp\/v2\/posts\/185482","targetHints":{"allow":["GET"]}}],"collection":[{"href":"https:\/\/buletin.de\/bucuresti\/wp-json\/wp\/v2\/posts"}],"about":[{"href":"https:\/\/buletin.de\/bucuresti\/wp-json\/wp\/v2\/types\/post"}],"author":[{"embeddable":true,"href":"https:\/\/buletin.de\/bucuresti\/wp-json\/wp\/v2\/users\/65"}],"replies":[{"embeddable":true,"href":"https:\/\/buletin.de\/bucuresti\/wp-json\/wp\/v2\/comments?post=185482"}],"version-history":[{"count":3,"href":"https:\/\/buletin.de\/bucuresti\/wp-json\/wp\/v2\/posts\/185482\/revisions"}],"predecessor-version":[{"id":185488,"href":"https:\/\/buletin.de\/bucuresti\/wp-json\/wp\/v2\/posts\/185482\/revisions\/185488"}],"wp:featuredmedia":[{"embeddable":true,"href":"https:\/\/buletin.de\/bucuresti\/wp-json\/wp\/v2\/media\/185487"}],"wp:attachment":[{"href":"https:\/\/buletin.de\/bucuresti\/wp-json\/wp\/v2\/media?parent=185482"}],"wp:term":[{"taxonomy":"category","embeddable":true,"href":"https:\/\/buletin.de\/bucuresti\/wp-json\/wp\/v2\/categories?post=185482"},{"taxonomy":"post_tag","embeddable":true,"href":"https:\/\/buletin.de\/bucuresti\/wp-json\/wp\/v2\/tags?post=185482"},{"taxonomy":"author","embeddable":true,"href":"https:\/\/buletin.de\/bucuresti\/wp-json\/wp\/v2\/ppma_author?post=185482"}],"curies":[{"name":"wp","href":"https:\/\/api.w.org\/{rel}","templated":true}]}}