{"id":185445,"date":"2026-04-06T17:38:14","date_gmt":"2026-04-06T15:38:14","guid":{"rendered":"https:\/\/buletin.de\/bucuresti\/?p=185445"},"modified":"2026-04-06T17:38:15","modified_gmt":"2026-04-06T15:38:15","slug":"noi-curse-pe-ruta-bucuresti-brasov-operate-cu-trenuri-electrice-alstom-coradia-de-un-operator-privat-a-fost-publicat-mersul-trenurilor","status":"publish","type":"post","link":"https:\/\/buletin.de\/bucuresti\/noi-curse-pe-ruta-bucuresti-brasov-operate-cu-trenuri-electrice-alstom-coradia-de-un-operator-privat-a-fost-publicat-mersul-trenurilor\/","title":{"rendered":"Noi curse pe ruta Bucure\u0219ti &#8211; Bra\u0219ov, operate cu trenuri electrice Alstom Coradia, de un operator privat. A fost publicat mersul trenurilor"},"content":{"rendered":"\n<p><strong>InterRegional a publicat mersul trenurilor pe ruta Bucure\u0219ti &#8211; Bra\u0219ov, urm\u00e2nd s\u0103 \u00eenceap\u0103 operarea noilor rame Alstom \u00een cur\u00e2nd. Vor fi, \u00een total, nou\u0103 curse pe ruta men\u021bionat\u0103. <\/strong><\/p>\n\n\n\n<p>S\u0103pt\u0103m\u00e2na aceasta, <a href=\"https:\/\/buletin.de\/bucuresti\/cfr-calatori-introduce-o-noua-ruta-din-gara-de-nord-aceasta-va-fi-operata-cu-rame-electrice-alstom\/\" type=\"link\" id=\"https:\/\/buletin.de\/bucuresti\/cfr-calatori-introduce-o-noua-ruta-din-gara-de-nord-aceasta-va-fi-operata-cu-rame-electrice-alstom\/\" target=\"_blank\" rel=\"noreferrer noopener\">Alstom <\/a>a \u00eenceput probele de anduran\u021b\u0103 cu a 16-a ram\u0103 Coradia, RE-IR101 017, a patra ce va fi operat\u0103 \u00een cadrul contractului CSP-L2 de InterRegional C\u0103l\u0103tori. Probele sunt realizate pe rutele Bucure\u0219ti &#8211; Constan\u021ba \u0219i Bucure\u0219ti &#8211; Bra\u0219ov, scrie <a href=\"https:\/\/mobilitate.eu\/alstom-a-inceput-probele\/?fbclid=IwY2xjawRAoM1leHRuA2FlbQIxMABicmlkETBnMklNY1JiNW1obWVwZUg0c3J0YwZhcHBfaWQQMjIyMDM5MTc4ODIwMDg5MgABHmdCWE03VJKarJQVxis807gPml3ysUIlY6wHhN8hGJhYVGX5V--Tubkf1B2m_aem_VkYTDv6yc_ksFUjp63cZFA\" type=\"link\" id=\"https:\/\/mobilitate.eu\/alstom-a-inceput-probele\/?fbclid=IwY2xjawRAoM1leHRuA2FlbQIxMABicmlkETBnMklNY1JiNW1obWVwZUg0c3J0YwZhcHBfaWQQMjIyMDM5MTc4ODIwMDg5MgABHmdCWE03VJKarJQVxis807gPml3ysUIlY6wHhN8hGJhYVGX5V--Tubkf1B2m_aem_VkYTDv6yc_ksFUjp63cZFA\" target=\"_blank\" rel=\"noreferrer noopener\">mobilitate.eu<\/a>.<\/p>\n\n\n\n<h2 class=\"wp-block-heading\" id=\"h-pe-ruta-bucure\u0219ti-bra\u0219ov-vot-fi-operate-noua-curse-cu-rame-alstom-coradia\">Pe ruta Bucure\u0219ti &#8211; Bra\u0219ov vot fi operate nou\u0103 curse cu rame Alstom Coradia <\/h2>\n\n\n\n<p>\u00cen depoul Alstom Grivi\u021ba au sosit \u0219i ramele 018 \u0219i 019. Acestea urmeaz\u0103 s\u0103 intre \u00een cur\u00e2nd \u00een programul de teste. Odat\u0103 cu livrarea acestora, produc\u0103torul dep\u0103\u0219e\u0219te jum\u0103tatea livr\u0103rilor din contractul pentru 37 de rame, ating\u00e2nd 18 unit\u0103\u021bi livrate. Alte dou\u0103 vor ajunge spre \u00eenceputul lunii mai. <\/p>\n\n\n\n<p>Potrivit mersului trenurilor publicat de InterRegional C\u0103l\u0103tori, patru trenuri vor circula pe ruta Bucure\u0219ti &#8211; Bra\u0219ov, iar alte patru pe sensul Bra\u0219ov &#8211; Bucure\u0219ti. <\/p>\n\n\n\n<p>Un tren va avea plecare din Bra\u0219ov \u00eenainte de ora 4 diminea\u021ba, iar ultimul va pleca la 18:59. Din Bucure\u0219ti spre Bra\u0219ov, primul tren va avea plecare la 05:50, iar ultimul la 21:50. <\/p>\n\n\n\n<figure class=\"wp-block-gallery has-nested-images columns-default is-cropped wp-block-gallery-1 is-layout-flex wp-block-gallery-is-layout-flex\">\n<figure class=\"wp-block-image size-large\"><img fetchpriority=\"high\" decoding=\"async\" width=\"1000\" height=\"667\" data-id=\"185452\" src=\"data:image\/gif;base64,R0lGODlhAQABAAAAACH5BAEKAAEALAAAAAABAAEAAAICTAEAOw==\" data-src=\"https:\/\/buletin.de\/bucuresti\/wp-content\/uploads\/2026\/04\/Copilot_20260406_165407-2-1000x667.webp\" alt=\"\" class=\"wp-image-185452 lazyload\" data-sizes=\"auto\" data-srcset=\"https:\/\/buletin.de\/bucuresti\/wp-content\/uploads\/2026\/04\/Copilot_20260406_165407-2-1000x667.webp 1000w, https:\/\/buletin.de\/bucuresti\/wp-content\/uploads\/2026\/04\/Copilot_20260406_165407-2-300x200.webp 300w, https:\/\/buletin.de\/bucuresti\/wp-content\/uploads\/2026\/04\/Copilot_20260406_165407-2-768x512.webp 768w, https:\/\/buletin.de\/bucuresti\/wp-content\/uploads\/2026\/04\/Copilot_20260406_165407-2-1100x733.webp 1100w, https:\/\/buletin.de\/bucuresti\/wp-content\/uploads\/2026\/04\/Copilot_20260406_165407-2-600x400.webp 600w, https:\/\/buletin.de\/bucuresti\/wp-content\/uploads\/2026\/04\/Copilot_20260406_165407-2-20x13.webp 20w, https:\/\/buletin.de\/bucuresti\/wp-content\/uploads\/2026\/04\/Copilot_20260406_165407-2.webp 1536w\" sizes=\"(max-width: 1000px) 100vw, 1000px\" \/><\/figure>\n\n\n\n<figure class=\"wp-block-image size-large\"><img decoding=\"async\" width=\"1000\" height=\"667\" data-id=\"185453\" src=\"data:image\/gif;base64,R0lGODlhAQABAAAAACH5BAEKAAEALAAAAAABAAEAAAICTAEAOw==\" data-src=\"https:\/\/buletin.de\/bucuresti\/wp-content\/uploads\/2026\/04\/Copilot_20260406_164651-2-1000x667.webp\" alt=\"\" class=\"wp-image-185453 lazyload\" data-sizes=\"auto\" data-srcset=\"https:\/\/buletin.de\/bucuresti\/wp-content\/uploads\/2026\/04\/Copilot_20260406_164651-2-1000x667.webp 1000w, https:\/\/buletin.de\/bucuresti\/wp-content\/uploads\/2026\/04\/Copilot_20260406_164651-2-300x200.webp 300w, https:\/\/buletin.de\/bucuresti\/wp-content\/uploads\/2026\/04\/Copilot_20260406_164651-2-768x512.webp 768w, https:\/\/buletin.de\/bucuresti\/wp-content\/uploads\/2026\/04\/Copilot_20260406_164651-2-1100x733.webp 1100w, https:\/\/buletin.de\/bucuresti\/wp-content\/uploads\/2026\/04\/Copilot_20260406_164651-2-600x400.webp 600w, https:\/\/buletin.de\/bucuresti\/wp-content\/uploads\/2026\/04\/Copilot_20260406_164651-2-20x13.webp 20w, https:\/\/buletin.de\/bucuresti\/wp-content\/uploads\/2026\/04\/Copilot_20260406_164651-2.webp 1536w\" sizes=\"(max-width: 1000px) 100vw, 1000px\" \/><\/figure>\n<figcaption class=\"blocks-gallery-caption wp-element-caption\">Foto: mobilitate.ru<\/figcaption><\/figure>\n\n\n\n<h2 class=\"wp-block-heading\" id=\"h-recep\u021bia-a-fost-efectuata-acum-cateva-zile\">Recep\u021bia a fost efectuat\u0103 acum c\u00e2teva zile <\/h2>\n\n\n\n<p><strong>Pe 2 aprilie, Autoritatea pentru Reform\u0103 Feroviar\u0103 (ARF) a anun\u021bat c\u0103 reprezentan\u021bii ai ARF, EGIS \u0219i Alstom au efectuat recep\u021bia pentru punere \u00een serviciul comercial cu c\u0103l\u0103tor a ramei electrice RE-IR de tip Coradia Stream -TS16 \u0219i recep\u021bia preliminar\u0103 pentru alte dou\u0103 unit\u0103\u021bi electrice Alstom, respectiv TS18 \u0219i TS19.<\/strong><\/p>\n\n\n\n<p><em>\u201ePreciz\u0103m c\u0103 aceste vehicule feroviare sunt construite \u0219i furnizate de produc\u0103torul francez Alstom, \u00een cadrul Contractului nr. RUIC 257\/2022, cod SMIS 316400, \u00eencheiat de Autoritatea pentru Reform\u0103 Feroviar\u0103 (ARF) cu Alstom Ferroviaria S.p.A., ce prevede furnizarea a 37 de astfel de rame electrice interregionale noi RE-IR.<\/em><\/p>\n\n\n\n<p><em>\u00cen cadrul acestei ac\u021biuni a fost \u00eencheiat Testul de Acceptare la Fabric\u0103 (FAT) pentru rama electric\u0103 TS19. Procedura a inclus at\u00e2t verific\u0103ri vizuale ale vehiculului, c\u00e2t \u0219i analiza documenta\u021biei tehnice aferente, care cuprinde elemente precum cerin\u021bele de proiectare, documentele de referin\u021b\u0103 aplicabile \u0219i alte specifica\u021bii obligatorii.<\/em>\u201d, <a href=\"https:\/\/www.facebook.com\/arfromania\/posts\/971470805402606?ref=embed_post\" type=\"link\" id=\"https:\/\/www.facebook.com\/arfromania\/posts\/971470805402606?ref=embed_post\" target=\"_blank\" rel=\"noreferrer noopener\">au transmis reprezentan\u021bii ARF<\/a>.<\/p>\n\n\n\n<p>CITE\u0218TE \u0218I <a href=\"https:\/\/buletin.de\/bucuresti\/bucurestiul-a-depasit-budapesta-tariful-la-transportul-public-de-patru-ori-mai-scump-decat-in-capitala-vecina-club-feroviar\/\" type=\"link\" id=\"https:\/\/buletin.de\/bucuresti\/bucurestiul-a-depasit-budapesta-tariful-la-transportul-public-de-patru-ori-mai-scump-decat-in-capitala-vecina-club-feroviar\/\" target=\"_blank\" rel=\"noreferrer noopener\">Bucure\u0219tiul a dep\u0103\u0219it Budapesta: tariful la transportul public, de patru ori mai scump dec\u00e2t \u00een capitala vecin\u0103 | Club Feroviar<\/a><\/p>\n","protected":false},"excerpt":{"rendered":"<p>InterRegional a publicat mersul trenurilor pe ruta Bucure\u0219ti &#8211; Bra\u0219ov, urm\u00e2nd s\u0103 \u00eenceap\u0103 operarea noilor rame Alstom \u00een cur\u00e2nd. Vor fi, \u00een total, nou\u0103 curse pe ruta men\u021bionat\u0103. S\u0103pt\u0103m\u00e2na aceasta, Alstom a \u00eenceput probele de anduran\u021b\u0103 cu a 16-a ram\u0103 Coradia, RE-IR101 017, a patra ce va fi operat\u0103 \u00een cadrul contractului CSP-L2 de InterRegional [&hellip;]<\/p>\n","protected":false},"author":65,"featured_media":185461,"comment_status":"closed","ping_status":"open","sticky":false,"template":"","format":"standard","meta":{"_acf_changed":false,"inline_featured_image":false,"ngg_post_thumbnail":0,"footnotes":""},"categories":[6994,62,650],"tags":[16735,27543,25510,8104,16965],"ppma_author":[23912],"class_list":["post-185445","post","type-post","status-publish","format-standard","has-post-thumbnail","hentry","category-stiri-2","category-stiri","category-transport","tag-alstom-coradia","tag-bucuresti-brasov-3","tag-interregional-calatori","tag-tren-electric","tag-tren-electric-bucuresti-brasov"],"acf":[],"yoast_head":"<!-- This site is optimized with the Yoast SEO Premium plugin v25.3 (Yoast SEO v27.5) - https:\/\/yoast.com\/product\/yoast-seo-premium-wordpress\/ -->\n<title>Noi curse pe ruta Bucure\u0219ti - Bra\u0219ov, operate cu trenuri electrice Alstom Coradia, de un operator privat. A fost publicat mersul trenurilor - Buletin de Bucure\u0219ti<\/title>\n<meta name=\"description\" content=\"InterRegional a publicat mersul trenurilor pe ruta Bucure\u0219ti - Bra\u0219ov, urm\u00e2nd s\u0103 \u00eenceap\u0103 operarea noilor rame Alstom \u00een cur\u00e2nd.\" \/>\n<meta name=\"robots\" content=\"index, follow, max-snippet:-1, max-image-preview:large, max-video-preview:-1\" \/>\n<link rel=\"canonical\" href=\"https:\/\/buletin.de\/bucuresti\/noi-curse-pe-ruta-bucuresti-brasov-operate-cu-trenuri-electrice-alstom-coradia-de-un-operator-privat-a-fost-publicat-mersul-trenurilor\/\" \/>\n<meta property=\"og:locale\" content=\"en_GB\" \/>\n<meta property=\"og:type\" content=\"article\" \/>\n<meta property=\"og:title\" content=\"Noi curse pe ruta Bucure\u0219ti - Bra\u0219ov, operate cu trenuri electrice Alstom Coradia, de un operator privat. A fost publicat mersul trenurilor\" \/>\n<meta property=\"og:description\" content=\"InterRegional a publicat mersul trenurilor pe ruta Bucure\u0219ti - Bra\u0219ov, urm\u00e2nd s\u0103 \u00eenceap\u0103 operarea noilor rame Alstom \u00een cur\u00e2nd.\" \/>\n<meta property=\"og:url\" content=\"https:\/\/buletin.de\/bucuresti\/noi-curse-pe-ruta-bucuresti-brasov-operate-cu-trenuri-electrice-alstom-coradia-de-un-operator-privat-a-fost-publicat-mersul-trenurilor\/\" \/>\n<meta property=\"og:site_name\" content=\"Buletin de Bucure\u0219ti\" \/>\n<meta property=\"article:publisher\" content=\"https:\/\/www.facebook.com\/buletin.de.buc\" \/>\n<meta property=\"article:published_time\" content=\"2026-04-06T15:38:14+00:00\" \/>\n<meta property=\"article:modified_time\" content=\"2026-04-06T15:38:15+00:00\" \/>\n<meta property=\"og:image\" content=\"https:\/\/buletin.de\/bucuresti\/wp-content\/uploads\/2026\/04\/Noi-curse-Bucuresti-Brasov.jpg\" \/>\n\t<meta property=\"og:image:width\" content=\"1200\" \/>\n\t<meta property=\"og:image:height\" content=\"672\" \/>\n\t<meta property=\"og:image:type\" content=\"image\/jpeg\" \/>\n<meta name=\"author\" content=\"Andreea St\u0103n\u0103r\u00eeng\u0103\" \/>\n<meta name=\"twitter:card\" content=\"summary_large_image\" \/>\n<meta name=\"twitter:label1\" content=\"Written by\" \/>\n\t<meta name=\"twitter:data1\" content=\"Andreea St\u0103n\u0103r\u00eeng\u0103\" \/>\n\t<meta name=\"twitter:label2\" content=\"Estimated reading time\" \/>\n\t<meta name=\"twitter:data2\" content=\"3 minutes\" \/>\n<script type=\"application\/ld+json\" class=\"yoast-schema-graph\">{\"@context\":\"https:\\\/\\\/schema.org\",\"@graph\":[{\"@type\":\"Article\",\"@id\":\"https:\\\/\\\/buletin.de\\\/bucuresti\\\/noi-curse-pe-ruta-bucuresti-brasov-operate-cu-trenuri-electrice-alstom-coradia-de-un-operator-privat-a-fost-publicat-mersul-trenurilor\\\/#article\",\"isPartOf\":{\"@id\":\"https:\\\/\\\/buletin.de\\\/bucuresti\\\/noi-curse-pe-ruta-bucuresti-brasov-operate-cu-trenuri-electrice-alstom-coradia-de-un-operator-privat-a-fost-publicat-mersul-trenurilor\\\/\"},\"author\":{\"name\":\"Andreea St\u0103n\u0103r\u00eeng\u0103\",\"@id\":\"https:\\\/\\\/buletin.de\\\/bucuresti\\\/#\\\/schema\\\/person\\\/81421a46fb84a0887cfd2238f5202586\"},\"headline\":\"Noi curse pe ruta Bucure\u0219ti &#8211; Bra\u0219ov, operate cu trenuri electrice Alstom Coradia, de un operator privat. A fost publicat mersul trenurilor\",\"datePublished\":\"2026-04-06T15:38:14+00:00\",\"dateModified\":\"2026-04-06T15:38:15+00:00\",\"mainEntityOfPage\":{\"@id\":\"https:\\\/\\\/buletin.de\\\/bucuresti\\\/noi-curse-pe-ruta-bucuresti-brasov-operate-cu-trenuri-electrice-alstom-coradia-de-un-operator-privat-a-fost-publicat-mersul-trenurilor\\\/\"},\"wordCount\":436,\"publisher\":{\"@id\":\"https:\\\/\\\/buletin.de\\\/bucuresti\\\/#organization\"},\"image\":{\"@id\":\"https:\\\/\\\/buletin.de\\\/bucuresti\\\/noi-curse-pe-ruta-bucuresti-brasov-operate-cu-trenuri-electrice-alstom-coradia-de-un-operator-privat-a-fost-publicat-mersul-trenurilor\\\/#primaryimage\"},\"thumbnailUrl\":\"https:\\\/\\\/buletin.de\\\/bucuresti\\\/wp-content\\\/uploads\\\/2026\\\/04\\\/Noi-curse-Bucuresti-Brasov.jpg\",\"keywords\":[\"alstom coradia\",\"Bucure\u0219ti - Bra\u0219ov\",\"Interregional Calatori\",\"tren electric\",\"tren electric bucuresti - brasov\"],\"articleSection\":[\"Articole\",\"\u0218tiri\",\"Transport\"],\"inLanguage\":\"en-GB\",\"copyrightYear\":\"2026\",\"copyrightHolder\":{\"@id\":\"https:\\\/\\\/buletin.de\\\/bucuresti\\\/#organization\"}},{\"@type\":\"WebPage\",\"@id\":\"https:\\\/\\\/buletin.de\\\/bucuresti\\\/noi-curse-pe-ruta-bucuresti-brasov-operate-cu-trenuri-electrice-alstom-coradia-de-un-operator-privat-a-fost-publicat-mersul-trenurilor\\\/\",\"url\":\"https:\\\/\\\/buletin.de\\\/bucuresti\\\/noi-curse-pe-ruta-bucuresti-brasov-operate-cu-trenuri-electrice-alstom-coradia-de-un-operator-privat-a-fost-publicat-mersul-trenurilor\\\/\",\"name\":\"Noi curse pe ruta Bucure\u0219ti - Bra\u0219ov, operate cu trenuri electrice Alstom Coradia, de un operator privat. A fost publicat mersul trenurilor - Buletin de Bucure\u0219ti\",\"isPartOf\":{\"@id\":\"https:\\\/\\\/buletin.de\\\/bucuresti\\\/#website\"},\"primaryImageOfPage\":{\"@id\":\"https:\\\/\\\/buletin.de\\\/bucuresti\\\/noi-curse-pe-ruta-bucuresti-brasov-operate-cu-trenuri-electrice-alstom-coradia-de-un-operator-privat-a-fost-publicat-mersul-trenurilor\\\/#primaryimage\"},\"image\":{\"@id\":\"https:\\\/\\\/buletin.de\\\/bucuresti\\\/noi-curse-pe-ruta-bucuresti-brasov-operate-cu-trenuri-electrice-alstom-coradia-de-un-operator-privat-a-fost-publicat-mersul-trenurilor\\\/#primaryimage\"},\"thumbnailUrl\":\"https:\\\/\\\/buletin.de\\\/bucuresti\\\/wp-content\\\/uploads\\\/2026\\\/04\\\/Noi-curse-Bucuresti-Brasov.jpg\",\"datePublished\":\"2026-04-06T15:38:14+00:00\",\"dateModified\":\"2026-04-06T15:38:15+00:00\",\"description\":\"InterRegional a publicat mersul trenurilor pe ruta Bucure\u0219ti - Bra\u0219ov, urm\u00e2nd s\u0103 \u00eenceap\u0103 operarea noilor rame Alstom \u00een cur\u00e2nd.\",\"breadcrumb\":{\"@id\":\"https:\\\/\\\/buletin.de\\\/bucuresti\\\/noi-curse-pe-ruta-bucuresti-brasov-operate-cu-trenuri-electrice-alstom-coradia-de-un-operator-privat-a-fost-publicat-mersul-trenurilor\\\/#breadcrumb\"},\"inLanguage\":\"en-GB\",\"potentialAction\":[{\"@type\":\"ReadAction\",\"target\":[\"https:\\\/\\\/buletin.de\\\/bucuresti\\\/noi-curse-pe-ruta-bucuresti-brasov-operate-cu-trenuri-electrice-alstom-coradia-de-un-operator-privat-a-fost-publicat-mersul-trenurilor\\\/\"]}]},{\"@type\":\"ImageObject\",\"inLanguage\":\"en-GB\",\"@id\":\"https:\\\/\\\/buletin.de\\\/bucuresti\\\/noi-curse-pe-ruta-bucuresti-brasov-operate-cu-trenuri-electrice-alstom-coradia-de-un-operator-privat-a-fost-publicat-mersul-trenurilor\\\/#primaryimage\",\"url\":\"https:\\\/\\\/buletin.de\\\/bucuresti\\\/wp-content\\\/uploads\\\/2026\\\/04\\\/Noi-curse-Bucuresti-Brasov.jpg\",\"contentUrl\":\"https:\\\/\\\/buletin.de\\\/bucuresti\\\/wp-content\\\/uploads\\\/2026\\\/04\\\/Noi-curse-Bucuresti-Brasov.jpg\",\"width\":1200,\"height\":672,\"caption\":\"Noi curse pe ruta Bucure\u0219ti - Bra\u0219ov. Foto: Facebook\\\/ARF\"},{\"@type\":\"BreadcrumbList\",\"@id\":\"https:\\\/\\\/buletin.de\\\/bucuresti\\\/noi-curse-pe-ruta-bucuresti-brasov-operate-cu-trenuri-electrice-alstom-coradia-de-un-operator-privat-a-fost-publicat-mersul-trenurilor\\\/#breadcrumb\",\"itemListElement\":[{\"@type\":\"ListItem\",\"position\":1,\"name\":\"Acas\u0103\",\"item\":\"https:\\\/\\\/buletin.de\\\/bucuresti\\\/\"},{\"@type\":\"ListItem\",\"position\":2,\"name\":\"Noi curse pe ruta Bucure\u0219ti &#8211; Bra\u0219ov, operate cu trenuri electrice Alstom Coradia, de un operator privat. A fost publicat mersul trenurilor\"}]},{\"@type\":\"WebSite\",\"@id\":\"https:\\\/\\\/buletin.de\\\/bucuresti\\\/#website\",\"url\":\"https:\\\/\\\/buletin.de\\\/bucuresti\\\/\",\"name\":\"Buletin de Bucure\u0219ti\",\"description\":\"\u0218tiri \u0219i investiga\u021bii esen\u021biale din capital\u0103\",\"publisher\":{\"@id\":\"https:\\\/\\\/buletin.de\\\/bucuresti\\\/#organization\"},\"potentialAction\":[{\"@type\":\"SearchAction\",\"target\":{\"@type\":\"EntryPoint\",\"urlTemplate\":\"https:\\\/\\\/buletin.de\\\/bucuresti\\\/?s={search_term_string}\"},\"query-input\":{\"@type\":\"PropertyValueSpecification\",\"valueRequired\":true,\"valueName\":\"search_term_string\"}}],\"inLanguage\":\"en-GB\"},{\"@type\":\"Organization\",\"@id\":\"https:\\\/\\\/buletin.de\\\/bucuresti\\\/#organization\",\"name\":\"Buletin de Bucure\u0219ti\",\"url\":\"https:\\\/\\\/buletin.de\\\/bucuresti\\\/\",\"logo\":{\"@type\":\"ImageObject\",\"inLanguage\":\"en-GB\",\"@id\":\"https:\\\/\\\/buletin.de\\\/bucuresti\\\/#\\\/schema\\\/logo\\\/image\\\/\",\"url\":\"https:\\\/\\\/buletin.de\\\/bucuresti\\\/wp-content\\\/uploads\\\/logo-bdb-full-wide-vernil-transparent.png\",\"contentUrl\":\"https:\\\/\\\/buletin.de\\\/bucuresti\\\/wp-content\\\/uploads\\\/logo-bdb-full-wide-vernil-transparent.png\",\"width\":1782,\"height\":626,\"caption\":\"Buletin de Bucure\u0219ti\"},\"image\":{\"@id\":\"https:\\\/\\\/buletin.de\\\/bucuresti\\\/#\\\/schema\\\/logo\\\/image\\\/\"},\"sameAs\":[\"https:\\\/\\\/www.facebook.com\\\/buletin.de.buc\",\"https:\\\/\\\/www.instagram.com\\\/buletinde.bucuresti\\\/\"]},{\"@type\":\"Person\",\"@id\":\"https:\\\/\\\/buletin.de\\\/bucuresti\\\/#\\\/schema\\\/person\\\/81421a46fb84a0887cfd2238f5202586\",\"name\":\"Andreea St\u0103n\u0103r\u00eeng\u0103\",\"image\":{\"@type\":\"ImageObject\",\"inLanguage\":\"en-GB\",\"@id\":\"https:\\\/\\\/secure.gravatar.com\\\/avatar\\\/dfa8d227a4388fad0f0bb03add04b5b176f4da34397dbb2eadc563b3d7162ce0?s=96&d=monsterid&r=g72784372b39ffe5a98a45288fe0d0e8a\",\"url\":\"https:\\\/\\\/secure.gravatar.com\\\/avatar\\\/dfa8d227a4388fad0f0bb03add04b5b176f4da34397dbb2eadc563b3d7162ce0?s=96&d=monsterid&r=g\",\"contentUrl\":\"https:\\\/\\\/secure.gravatar.com\\\/avatar\\\/dfa8d227a4388fad0f0bb03add04b5b176f4da34397dbb2eadc563b3d7162ce0?s=96&d=monsterid&r=g\",\"caption\":\"Andreea St\u0103n\u0103r\u00eeng\u0103\"},\"description\":\"Cu o experien\u021b\u0103 de peste 5 ani \u00een pres\u0103, face parte din echipa Buletin de Bucure\u0219ti din septembrie 2025. A colaborat cu c\u00e2teva publica\u021bii, printre care \u0219i Fanatik.ro, unde s-a ocupat de \u0219tiri de lifestyle \u0219i de actualitate. A f\u0103cut un pas c\u0103tre presa local\u0103 pentru a explora Bucure\u0219tiul \u0219i pove\u0219tile care merit\u0103 spuse.\",\"url\":\"https:\\\/\\\/buletin.de\\\/bucuresti\\\/author\\\/andreea-stanaranga\\\/\"}]}<\/script>\n<!-- \/ Yoast SEO Premium plugin. -->","yoast_head_json":{"title":"Noi curse pe ruta Bucure\u0219ti - Bra\u0219ov, operate cu trenuri electrice Alstom Coradia, de un operator privat. A fost publicat mersul trenurilor - Buletin de Bucure\u0219ti","description":"InterRegional a publicat mersul trenurilor pe ruta Bucure\u0219ti - Bra\u0219ov, urm\u00e2nd s\u0103 \u00eenceap\u0103 operarea noilor rame Alstom \u00een cur\u00e2nd.","robots":{"index":"index","follow":"follow","max-snippet":"max-snippet:-1","max-image-preview":"max-image-preview:large","max-video-preview":"max-video-preview:-1"},"canonical":"https:\/\/buletin.de\/bucuresti\/noi-curse-pe-ruta-bucuresti-brasov-operate-cu-trenuri-electrice-alstom-coradia-de-un-operator-privat-a-fost-publicat-mersul-trenurilor\/","og_locale":"en_GB","og_type":"article","og_title":"Noi curse pe ruta Bucure\u0219ti - Bra\u0219ov, operate cu trenuri electrice Alstom Coradia, de un operator privat. A fost publicat mersul trenurilor","og_description":"InterRegional a publicat mersul trenurilor pe ruta Bucure\u0219ti - Bra\u0219ov, urm\u00e2nd s\u0103 \u00eenceap\u0103 operarea noilor rame Alstom \u00een cur\u00e2nd.","og_url":"https:\/\/buletin.de\/bucuresti\/noi-curse-pe-ruta-bucuresti-brasov-operate-cu-trenuri-electrice-alstom-coradia-de-un-operator-privat-a-fost-publicat-mersul-trenurilor\/","og_site_name":"Buletin de Bucure\u0219ti","article_publisher":"https:\/\/www.facebook.com\/buletin.de.buc","article_published_time":"2026-04-06T15:38:14+00:00","article_modified_time":"2026-04-06T15:38:15+00:00","og_image":[{"width":1200,"height":672,"url":"https:\/\/buletin.de\/bucuresti\/wp-content\/uploads\/2026\/04\/Noi-curse-Bucuresti-Brasov.jpg","type":"image\/jpeg"}],"author":"Andreea St\u0103n\u0103r\u00eeng\u0103","twitter_card":"summary_large_image","twitter_misc":{"Written by":"Andreea St\u0103n\u0103r\u00eeng\u0103","Estimated reading time":"3 minutes"},"schema":{"@context":"https:\/\/schema.org","@graph":[{"@type":"Article","@id":"https:\/\/buletin.de\/bucuresti\/noi-curse-pe-ruta-bucuresti-brasov-operate-cu-trenuri-electrice-alstom-coradia-de-un-operator-privat-a-fost-publicat-mersul-trenurilor\/#article","isPartOf":{"@id":"https:\/\/buletin.de\/bucuresti\/noi-curse-pe-ruta-bucuresti-brasov-operate-cu-trenuri-electrice-alstom-coradia-de-un-operator-privat-a-fost-publicat-mersul-trenurilor\/"},"author":{"name":"Andreea St\u0103n\u0103r\u00eeng\u0103","@id":"https:\/\/buletin.de\/bucuresti\/#\/schema\/person\/81421a46fb84a0887cfd2238f5202586"},"headline":"Noi curse pe ruta Bucure\u0219ti &#8211; Bra\u0219ov, operate cu trenuri electrice Alstom Coradia, de un operator privat. A fost publicat mersul trenurilor","datePublished":"2026-04-06T15:38:14+00:00","dateModified":"2026-04-06T15:38:15+00:00","mainEntityOfPage":{"@id":"https:\/\/buletin.de\/bucuresti\/noi-curse-pe-ruta-bucuresti-brasov-operate-cu-trenuri-electrice-alstom-coradia-de-un-operator-privat-a-fost-publicat-mersul-trenurilor\/"},"wordCount":436,"publisher":{"@id":"https:\/\/buletin.de\/bucuresti\/#organization"},"image":{"@id":"https:\/\/buletin.de\/bucuresti\/noi-curse-pe-ruta-bucuresti-brasov-operate-cu-trenuri-electrice-alstom-coradia-de-un-operator-privat-a-fost-publicat-mersul-trenurilor\/#primaryimage"},"thumbnailUrl":"https:\/\/buletin.de\/bucuresti\/wp-content\/uploads\/2026\/04\/Noi-curse-Bucuresti-Brasov.jpg","keywords":["alstom coradia","Bucure\u0219ti - Bra\u0219ov","Interregional Calatori","tren electric","tren electric bucuresti - brasov"],"articleSection":["Articole","\u0218tiri","Transport"],"inLanguage":"en-GB","copyrightYear":"2026","copyrightHolder":{"@id":"https:\/\/buletin.de\/bucuresti\/#organization"}},{"@type":"WebPage","@id":"https:\/\/buletin.de\/bucuresti\/noi-curse-pe-ruta-bucuresti-brasov-operate-cu-trenuri-electrice-alstom-coradia-de-un-operator-privat-a-fost-publicat-mersul-trenurilor\/","url":"https:\/\/buletin.de\/bucuresti\/noi-curse-pe-ruta-bucuresti-brasov-operate-cu-trenuri-electrice-alstom-coradia-de-un-operator-privat-a-fost-publicat-mersul-trenurilor\/","name":"Noi curse pe ruta Bucure\u0219ti - Bra\u0219ov, operate cu trenuri electrice Alstom Coradia, de un operator privat. A fost publicat mersul trenurilor - Buletin de Bucure\u0219ti","isPartOf":{"@id":"https:\/\/buletin.de\/bucuresti\/#website"},"primaryImageOfPage":{"@id":"https:\/\/buletin.de\/bucuresti\/noi-curse-pe-ruta-bucuresti-brasov-operate-cu-trenuri-electrice-alstom-coradia-de-un-operator-privat-a-fost-publicat-mersul-trenurilor\/#primaryimage"},"image":{"@id":"https:\/\/buletin.de\/bucuresti\/noi-curse-pe-ruta-bucuresti-brasov-operate-cu-trenuri-electrice-alstom-coradia-de-un-operator-privat-a-fost-publicat-mersul-trenurilor\/#primaryimage"},"thumbnailUrl":"https:\/\/buletin.de\/bucuresti\/wp-content\/uploads\/2026\/04\/Noi-curse-Bucuresti-Brasov.jpg","datePublished":"2026-04-06T15:38:14+00:00","dateModified":"2026-04-06T15:38:15+00:00","description":"InterRegional a publicat mersul trenurilor pe ruta Bucure\u0219ti - Bra\u0219ov, urm\u00e2nd s\u0103 \u00eenceap\u0103 operarea noilor rame Alstom \u00een cur\u00e2nd.","breadcrumb":{"@id":"https:\/\/buletin.de\/bucuresti\/noi-curse-pe-ruta-bucuresti-brasov-operate-cu-trenuri-electrice-alstom-coradia-de-un-operator-privat-a-fost-publicat-mersul-trenurilor\/#breadcrumb"},"inLanguage":"en-GB","potentialAction":[{"@type":"ReadAction","target":["https:\/\/buletin.de\/bucuresti\/noi-curse-pe-ruta-bucuresti-brasov-operate-cu-trenuri-electrice-alstom-coradia-de-un-operator-privat-a-fost-publicat-mersul-trenurilor\/"]}]},{"@type":"ImageObject","inLanguage":"en-GB","@id":"https:\/\/buletin.de\/bucuresti\/noi-curse-pe-ruta-bucuresti-brasov-operate-cu-trenuri-electrice-alstom-coradia-de-un-operator-privat-a-fost-publicat-mersul-trenurilor\/#primaryimage","url":"https:\/\/buletin.de\/bucuresti\/wp-content\/uploads\/2026\/04\/Noi-curse-Bucuresti-Brasov.jpg","contentUrl":"https:\/\/buletin.de\/bucuresti\/wp-content\/uploads\/2026\/04\/Noi-curse-Bucuresti-Brasov.jpg","width":1200,"height":672,"caption":"Noi curse pe ruta Bucure\u0219ti - Bra\u0219ov. Foto: Facebook\/ARF"},{"@type":"BreadcrumbList","@id":"https:\/\/buletin.de\/bucuresti\/noi-curse-pe-ruta-bucuresti-brasov-operate-cu-trenuri-electrice-alstom-coradia-de-un-operator-privat-a-fost-publicat-mersul-trenurilor\/#breadcrumb","itemListElement":[{"@type":"ListItem","position":1,"name":"Acas\u0103","item":"https:\/\/buletin.de\/bucuresti\/"},{"@type":"ListItem","position":2,"name":"Noi curse pe ruta Bucure\u0219ti &#8211; Bra\u0219ov, operate cu trenuri electrice Alstom Coradia, de un operator privat. A fost publicat mersul trenurilor"}]},{"@type":"WebSite","@id":"https:\/\/buletin.de\/bucuresti\/#website","url":"https:\/\/buletin.de\/bucuresti\/","name":"Buletin de Bucure\u0219ti","description":"\u0218tiri \u0219i investiga\u021bii esen\u021biale din capital\u0103","publisher":{"@id":"https:\/\/buletin.de\/bucuresti\/#organization"},"potentialAction":[{"@type":"SearchAction","target":{"@type":"EntryPoint","urlTemplate":"https:\/\/buletin.de\/bucuresti\/?s={search_term_string}"},"query-input":{"@type":"PropertyValueSpecification","valueRequired":true,"valueName":"search_term_string"}}],"inLanguage":"en-GB"},{"@type":"Organization","@id":"https:\/\/buletin.de\/bucuresti\/#organization","name":"Buletin de Bucure\u0219ti","url":"https:\/\/buletin.de\/bucuresti\/","logo":{"@type":"ImageObject","inLanguage":"en-GB","@id":"https:\/\/buletin.de\/bucuresti\/#\/schema\/logo\/image\/","url":"https:\/\/buletin.de\/bucuresti\/wp-content\/uploads\/logo-bdb-full-wide-vernil-transparent.png","contentUrl":"https:\/\/buletin.de\/bucuresti\/wp-content\/uploads\/logo-bdb-full-wide-vernil-transparent.png","width":1782,"height":626,"caption":"Buletin de Bucure\u0219ti"},"image":{"@id":"https:\/\/buletin.de\/bucuresti\/#\/schema\/logo\/image\/"},"sameAs":["https:\/\/www.facebook.com\/buletin.de.buc","https:\/\/www.instagram.com\/buletinde.bucuresti\/"]},{"@type":"Person","@id":"https:\/\/buletin.de\/bucuresti\/#\/schema\/person\/81421a46fb84a0887cfd2238f5202586","name":"Andreea St\u0103n\u0103r\u00eeng\u0103","image":{"@type":"ImageObject","inLanguage":"en-GB","@id":"https:\/\/secure.gravatar.com\/avatar\/dfa8d227a4388fad0f0bb03add04b5b176f4da34397dbb2eadc563b3d7162ce0?s=96&d=monsterid&r=g72784372b39ffe5a98a45288fe0d0e8a","url":"https:\/\/secure.gravatar.com\/avatar\/dfa8d227a4388fad0f0bb03add04b5b176f4da34397dbb2eadc563b3d7162ce0?s=96&d=monsterid&r=g","contentUrl":"https:\/\/secure.gravatar.com\/avatar\/dfa8d227a4388fad0f0bb03add04b5b176f4da34397dbb2eadc563b3d7162ce0?s=96&d=monsterid&r=g","caption":"Andreea St\u0103n\u0103r\u00eeng\u0103"},"description":"Cu o experien\u021b\u0103 de peste 5 ani \u00een pres\u0103, face parte din echipa Buletin de Bucure\u0219ti din septembrie 2025. A colaborat cu c\u00e2teva publica\u021bii, printre care \u0219i Fanatik.ro, unde s-a ocupat de \u0219tiri de lifestyle \u0219i de actualitate. A f\u0103cut un pas c\u0103tre presa local\u0103 pentru a explora Bucure\u0219tiul \u0219i pove\u0219tile care merit\u0103 spuse.","url":"https:\/\/buletin.de\/bucuresti\/author\/andreea-stanaranga\/"}]}},"authors":[{"term_id":23912,"user_id":65,"is_guest":0,"slug":"andreea-stanaranga","display_name":"Andreea St\u0103n\u0103r\u00eeng\u0103","avatar_url":"https:\/\/secure.gravatar.com\/avatar\/dfa8d227a4388fad0f0bb03add04b5b176f4da34397dbb2eadc563b3d7162ce0?s=96&d=monsterid&r=g","0":null,"1":"","2":"","3":"","4":"","5":"","6":"","7":"","8":""}],"_links":{"self":[{"href":"https:\/\/buletin.de\/bucuresti\/wp-json\/wp\/v2\/posts\/185445","targetHints":{"allow":["GET"]}}],"collection":[{"href":"https:\/\/buletin.de\/bucuresti\/wp-json\/wp\/v2\/posts"}],"about":[{"href":"https:\/\/buletin.de\/bucuresti\/wp-json\/wp\/v2\/types\/post"}],"author":[{"embeddable":true,"href":"https:\/\/buletin.de\/bucuresti\/wp-json\/wp\/v2\/users\/65"}],"replies":[{"embeddable":true,"href":"https:\/\/buletin.de\/bucuresti\/wp-json\/wp\/v2\/comments?post=185445"}],"version-history":[{"count":8,"href":"https:\/\/buletin.de\/bucuresti\/wp-json\/wp\/v2\/posts\/185445\/revisions"}],"predecessor-version":[{"id":185464,"href":"https:\/\/buletin.de\/bucuresti\/wp-json\/wp\/v2\/posts\/185445\/revisions\/185464"}],"wp:featuredmedia":[{"embeddable":true,"href":"https:\/\/buletin.de\/bucuresti\/wp-json\/wp\/v2\/media\/185461"}],"wp:attachment":[{"href":"https:\/\/buletin.de\/bucuresti\/wp-json\/wp\/v2\/media?parent=185445"}],"wp:term":[{"taxonomy":"category","embeddable":true,"href":"https:\/\/buletin.de\/bucuresti\/wp-json\/wp\/v2\/categories?post=185445"},{"taxonomy":"post_tag","embeddable":true,"href":"https:\/\/buletin.de\/bucuresti\/wp-json\/wp\/v2\/tags?post=185445"},{"taxonomy":"author","embeddable":true,"href":"https:\/\/buletin.de\/bucuresti\/wp-json\/wp\/v2\/ppma_author?post=185445"}],"curies":[{"name":"wp","href":"https:\/\/api.w.org\/{rel}","templated":true}]}}