{"id":185301,"date":"2026-04-06T10:05:15","date_gmt":"2026-04-06T08:05:15","guid":{"rendered":"https:\/\/buletin.de\/bucuresti\/?p=185301"},"modified":"2026-04-06T16:01:44","modified_gmt":"2026-04-06T14:01:44","slug":"petitie-impotriva-organizarii-de-festivaluri-pe-bulevardul-kiseleff-solicitam-anularea-evenimentelor-aprobate-pentru-pe-bulevardul-kiseleff","status":"publish","type":"post","link":"https:\/\/buletin.de\/bucuresti\/petitie-impotriva-organizarii-de-festivaluri-pe-bulevardul-kiseleff-solicitam-anularea-evenimentelor-aprobate-pentru-pe-bulevardul-kiseleff\/","title":{"rendered":"Peti\u021bie \u00eempotriva organiz\u0103rii de festivaluri pe Bd. Kiseleff. \u201eNu este un simplu teren disponibil pentru activ\u0103ri comerciale\u201d"},"content":{"rendered":"\n<p><strong>Bucure\u0219tenii ce locuiesc \u00een zona Bulevardul Kiseleff, \u0219i care viziteaz\u0103 frecvent parcul cu acela\u0219i nume, au lansat o peti\u021bie \u00eempotriva organiz\u0103rii de festivaluri comerciale aici. Oamenii au transmis c\u0103 muzica dat\u0103 tare \u0219i agita\u021bia produs\u0103 acestea sunt incompatibile cu scopul parcului: <a href=\"https:\/\/campaniamea.declic.ro\/petitions\/petitie-pentru-anularea-organizarii-festivalurilor-comerciale-pe-bulevardul-kiseleff?fbclid=IwY2xjawRAOItleHRuA2FlbQIxMABicmlkETF4VEJBTzljT0Y5amNoSXo3c3J0YwZhcHBfaWQQMjIyMDM5MTc4ODIwMDg5MgABHrXaD65C03GlbhHyAdMAQAjgGr5iHe4uE4s2Qnb0Bpic0pbT1LVfzewlB35i_aem_0AQNOCKXC0e4Fug8vQkctA\">un spa\u021biu de respiro \u0219i de echilibru ecologic pentru locuitorii ora\u0219ului<\/a>. <\/strong><\/p>\n\n\n\n<p><em>\u201eBulevardul Kiseleff nu este un simplu teren disponibil pentru activ\u0103ri comerciale. Este o zon\u0103 care traverseaz\u0103 Parcul Kiseleff, un parc cu valoare istoric\u0103, social\u0103 \u0219i de mediu, folosit de locuitori pentru plimbare, odihn\u0103, mi\u0219care \u0219i contact cu natura\u201d, au mai transmis ini\u021biatorii peti\u021biei. <\/em><\/p>\n\n\n\n<h2 class=\"wp-block-heading\" id=\"h-peti\u021bie-impotriva-organizarii-de-festivaluri-pe-bd-kiseleff\">Peti\u021bie \u00eempotriva organiz\u0103rii de festivaluri pe Bd. Kiseleff<\/h2>\n\n\n\n<p>\u00cen anii trecu\u021bi, mai multe evenimente comerciale au fost organizate pe Bulevardul Kiseleff \u0219i, implicit, \u00een parcul istoric din Sectorul 1 al Capitalei. Printre acestea se num\u0103r\u0103 Anatolian Food Fest sau Bucharest Street Food Festival, t\u00e2rguri la care a participat num\u0103r mare de bucure\u0219teni. Acest tip de evenimente sunt organizate pe perioada cald\u0103 (\u00eentre lunile aprilie-septembrie).<\/p>\n\n\n\n<p>Pe l\u00e2ng\u0103 poluarea fonic\u0103 produs\u0103 de muzica dat\u0103 tare, organizarea acestor festivalurilor ajunge s\u0103 pun\u0103 mare presiune \u0219i pe spa\u021biul verde.<\/p>\n\n\n\n<p>\u00cen acest context, cet\u0103\u021benii care locuiesc aici \u0219i care merg des \u00een parcul Kiseleff pentru a se relaxa \u0219i a se bucura de natur\u0103 au lansat o peti\u021bie prin care cer autorit\u0103\u021bilor ca aceste festivalul s\u0103 nu mai fie organizate. \u00cen plus, oamenii au transmis \u0219i o lista a modurilor \u00een care zona este afectat\u0103 de evenimente. Aceste sunt:<\/p>\n\n\n\n<ul class=\"wp-block-list\">\n<li><strong>Afectarea spa\u021biului verde \u0219i a solului&nbsp;<\/strong>&#8211; Montarea infrastructurii temporare, a\u0219a cum se \u00eent\u00e2mpl\u0103 la fiecare eveniment organizat pe Bulevardul Kiseleff, circula\u021bia intens\u0103, c\u0103lcarea repetat\u0103 a zonelor verzi \u0219i presiunea pus\u0103 pe teren afecteaz\u0103 vegeta\u021bia \u0219i calitatea spa\u021biului public. Noi, locuitorii din zon\u0103 \u0219i utilizatorii frecven\u021bi ai parcului, nu mai vrem asta \u00een Kiseleff.&nbsp;<\/li>\n\n\n\n<li><strong>Poluare fonic\u0103 \u0219i perturbarea vie\u021bii urbane<\/strong> &#8211; Muzica amplificat\u0103 \u0219i aglomera\u021bia afecteaz\u0103 locuitorii din zon\u0103, utilizatorii parcului, copiii, v\u00e2rstnicii, dar \u0219i fauna urban\u0103. Un spa\u021biu verde nu trebuie tratat ca fundal pentru distrac\u021bie. Noi, locuitorii din zon\u0103 \u0219i utilizatorii frecven\u021bi ai parcului, venim \u00een Kiseleff ca s\u0103 ne bucur\u0103m de lini\u0219te \u0219i spa\u021biu verde.&nbsp;<\/li>\n\n\n\n<li><strong>Generarea de de\u0219euri \u0219i presiune asupra mediului&nbsp;<\/strong>&#8211; Astfel de evenimente produc cantit\u0103\u021bi mari de ambalaje, resturi alimentare \u0219i alte de\u0219euri, chiar \u0219i atunci c\u00e2nd exist\u0103 m\u0103suri minimale de salubrizare. Efectul lor real asupra mediului este mult mai mare dec\u00e2t imaginea festiv\u0103 prin care sunt promovate. Noi, locuitorii din zon\u0103 \u0219i utilizatorii frecven\u021bi ai parcului, nu mai vrem asta \u00een Kiseleff.&nbsp;<\/li>\n\n\n\n<li><strong>Privatizarea simbolic\u0103 a unui spa\u021biu public<\/strong> &#8211; Chiar \u0219i atunci c\u00e2nd accesul este formal liber, astfel de festivaluri transform\u0103 un spa\u021biu comun \u00eentr-un decor al consumului. Practic, zona devine temporar accesibil\u0103 \u00een mod real mai ales celor care pot \u0219i vor s\u0103 participe la oferta comercial\u0103. Noi, locuitorii din zon\u0103 \u0219i utilizatorii frecven\u021bi ai parcului, nu mai vrem asta \u00een Kiseleff.&nbsp;<\/li>\n\n\n\n<li><strong>Excludere economic\u0103 \u0219i schimbarea sensului spa\u021biului public<\/strong> &#8211; Un bulevard \u0219i o zon\u0103 verde central\u0103 nu ar trebui convertite \u00eentr-un loc \u00een care prezen\u021ba legitim\u0103 este asociat\u0103 cu puterea de cump\u0103rare. Spa\u021biul public trebuie s\u0103 r\u0103m\u00e2n\u0103 un loc al convie\u021buirii, nu s\u0103 fie reconfigurat \u00een jurul consumului \u0219i al profitului privat. Noi, locuitorii din zon\u0103 \u0219i utilizatorii frecven\u021bi ai parcului, nu mai vrem asta \u00een Kiseleff, din prim\u0103var\u0103 p\u00e2n\u0103 \u00een toamn\u0103, c\u00e2nd bulevardul se umple cu rulote cu m\u00e2ncare.&nbsp;<\/li>\n\n\n\n<li><strong>Restric\u021bii de trafic \u0219i disconfort urban extins<\/strong> &#8211; Edi\u021biile recente ale acestui festival au implicat restric\u021bii de trafic \u0219i modific\u0103ri ale transportului public, ceea ce arat\u0103 c\u0103 efectele nu se limiteaz\u0103 la perimetrul imediat al evenimentului, ci afecteaz\u0103 \u00eentregul ora\u0219.&nbsp;<\/li>\n<\/ul>\n\n\n\n<p><strong>CITE\u0218TE \u0218I <a href=\"https:\/\/buletin.de\/bucuresti\/petitie-impotriva-modificarii-traseului-liniei-465-locuitorii-din-comuna-1-decembrie-nemultumiti-pentru-ca-pierd-legatura-cu-metroul\/\" type=\"post\" id=\"184292\">Peti\u021bie \u00eempotriva modific\u0103rii traseului liniei 465: locuitorii din comuna 1 Decembrie, nemul\u021bumi\u021bi pentru c\u0103 pierd leg\u0103tura cu metroul<\/a><\/strong><\/p>\n\n\n\n<h2 class=\"wp-block-heading\" id=\"h-ce-se-cere-autorita\u021bilor\">Ce se cere autorit\u0103\u021bilor <\/h2>\n\n\n\n<p><strong>Ini\u021biatorii peti\u021bie au transmis \u0219i o list\u0103 de cereri pe care le au pentru autorit\u0103\u021bile locale. \u00cen primul r\u00e2nd, oamenii cer ca organizarea de festivalul comerciale pe Bulevardul Kiseleff s\u0103 nu mai fie aprobat\u0103, iar evenimentele care au primit deja und\u0103 verde pentru 2026 s\u0103 fie anulate.<\/strong><\/p>\n\n\n\n<p>De asemenea, bucure\u0219tenii \u00ee\u0219i doresc ca zona s\u0103 fie protejat\u0103 ca spa\u021biu de promenad\u0103, recreere \u0219i echilibru urban, iar spa\u021biul verde s\u0103 fie tratat ca infrastructur\u0103 de s\u0103n\u0103tate public\u0103 \u0219i de mediu. Ini\u021biatorii peti\u021biei au cerut \u0219i c\u0103 evenimentele ce au scene, implicit unde muzica este redat\u0103 la volum puternic, s\u0103 fie relocate \u0219i organizate \u00een spa\u021bii adecvate, departe de zonele reziden\u021biale, pentru a nu deranja cet\u0103\u021benii. <\/p>\n\n\n\n<p>Nu \u00eel ultimul r\u00e2nd, s-a cerut ca, \u00eenainte de aprobarea unor astfel de evenimente, s\u0103 fie realizate consult\u0103ri publice cu locuitorii zonei. <\/p>\n\n\n\n<p><strong><em>\u201eNu contest\u0103m dreptul la evenimente culturale sau gastronomice \u00een Bucure\u0219ti. Contest\u0103m alegerea unui spa\u021biu nepotrivit pentru astfel de activit\u0103\u021bi \u0219i normalizarea folosirii zonelor verzi \u0219i de promenad\u0103 ca decor pentru evenimente invazive, poluante \u0219i exclusiviste economic\u201d, adaug\u0103 ini\u021biatorii demersului. <\/em><\/strong><\/p>\n\n\n\n<p>P\u00e2n\u0103 la momentul public\u0103rii materialului, un total de 118 persoane au semnat peti\u021bia. Cei interesa\u021bi, pot semna acces\u00e2nd <strong><a href=\"https:\/\/campaniamea.declic.ro\/petitions\/petitie-pentru-anularea-organizarii-festivalurilor-comerciale-pe-bulevardul-kiseleff?fbclid=IwY2xjawRAOItleHRuA2FlbQIxMABicmlkETF4VEJBTzljT0Y5amNoSXo3c3J0YwZhcHBfaWQQMjIyMDM5MTc4ODIwMDg5MgABHrXaD65C03GlbhHyAdMAQAjgGr5iHe4uE4s2Qnb0Bpic0pbT1LVfzewlB35i_aem_0AQNOCKXC0e4Fug8vQkctA\" type=\"link\" id=\"https:\/\/campaniamea.declic.ro\/petitions\/petitie-pentru-anularea-organizarii-festivalurilor-comerciale-pe-bulevardul-kiseleff?fbclid=IwY2xjawRAOItleHRuA2FlbQIxMABicmlkETF4VEJBTzljT0Y5amNoSXo3c3J0YwZhcHBfaWQQMjIyMDM5MTc4ODIwMDg5MgABHrXaD65C03GlbhHyAdMAQAjgGr5iHe4uE4s2Qnb0Bpic0pbT1LVfzewlB35i_aem_0AQNOCKXC0e4Fug8vQkctA\" target=\"_blank\" rel=\"noreferrer noopener\">ACEST <\/a><\/strong>link. <strong><em><br><\/em><\/strong><br><strong>CITE\u0218TE \u0218I <a href=\"https:\/\/buletin.de\/bucuresti\/santier-faraonic-pe-soseaua-berceni-pasajul-pietonal-care-costa-bugetul-public-aproape-60-de-milioane-de-euro\/\" type=\"post\" id=\"185290\">\u0218antier \u201efaraonic\u201d pe \u0218oseaua Berceni. Pasajul pietonal care cost\u0103 aproape 60 de milioane de euro<\/a><\/strong><\/p>\n","protected":false},"excerpt":{"rendered":"<p>Bucure\u0219tenii ce locuiesc \u00een zona Bulevardul Kiseleff, \u0219i care viziteaz\u0103 frecvent parcul cu acela\u0219i nume, au lansat o peti\u021bie \u00eempotriva organiz\u0103rii de festivaluri comerciale aici. Oamenii au transmis c\u0103 muzica dat\u0103 tare \u0219i agita\u021bia produs\u0103 acestea sunt incompatibile cu scopul parcului: un spa\u021biu de respiro \u0219i de echilibru ecologic pentru locuitorii ora\u0219ului. \u201eBulevardul Kiseleff nu [&hellip;]<\/p>\n","protected":false},"author":66,"featured_media":185310,"comment_status":"closed","ping_status":"open","sticky":false,"template":"","format":"standard","meta":{"_acf_changed":false,"inline_featured_image":false,"ngg_post_thumbnail":0,"footnotes":""},"categories":[6994,109,62],"tags":[27536,568,27535,4436,1376,308],"ppma_author":[26103],"class_list":["post-185301","post","type-post","status-publish","format-standard","has-post-thumbnail","hentry","category-stiri-2","category-mediu","category-stiri","tag-bulevardul-kiseleff","tag-declic","tag-festivaluri","tag-parcul-kiseleff","tag-petitie-2","tag-sector-1"],"acf":[],"yoast_head":"<!-- This site is optimized with the Yoast SEO Premium plugin v25.3 (Yoast SEO v27.5) - https:\/\/yoast.com\/product\/yoast-seo-premium-wordpress\/ -->\n<title>Peti\u021bie \u00eempotriva organiz\u0103rii de festivaluri pe Bd. Kiseleff. \u201eNu este un simplu teren disponibil pentru activ\u0103ri comerciale\u201d - Buletin de Bucure\u0219ti<\/title>\n<meta name=\"description\" content=\"Bucure\u0219tenii ce locuiesc \u00een zona Bulevardului Kiseleff au lansat o peti\u021bie \u00eempotriva organiz\u0103rii de festivaluri comerciale aici.\" \/>\n<meta name=\"robots\" content=\"index, follow, max-snippet:-1, max-image-preview:large, max-video-preview:-1\" \/>\n<link rel=\"canonical\" href=\"https:\/\/buletin.de\/bucuresti\/petitie-impotriva-organizarii-de-festivaluri-pe-bulevardul-kiseleff-solicitam-anularea-evenimentelor-aprobate-pentru-pe-bulevardul-kiseleff\/\" \/>\n<meta property=\"og:locale\" content=\"en_GB\" \/>\n<meta property=\"og:type\" content=\"article\" \/>\n<meta property=\"og:title\" content=\"Peti\u021bie \u00eempotriva organiz\u0103rii de festivaluri pe Bd. Kiseleff. \u201eNu este un simplu teren disponibil pentru activ\u0103ri comerciale\u201d\" \/>\n<meta property=\"og:description\" content=\"Bucure\u0219tenii ce locuiesc \u00een zona Bulevardului Kiseleff au lansat o peti\u021bie \u00eempotriva organiz\u0103rii de festivaluri comerciale aici.\" \/>\n<meta property=\"og:url\" content=\"https:\/\/buletin.de\/bucuresti\/petitie-impotriva-organizarii-de-festivaluri-pe-bulevardul-kiseleff-solicitam-anularea-evenimentelor-aprobate-pentru-pe-bulevardul-kiseleff\/\" \/>\n<meta property=\"og:site_name\" content=\"Buletin de Bucure\u0219ti\" \/>\n<meta property=\"article:publisher\" content=\"https:\/\/www.facebook.com\/buletin.de.buc\" \/>\n<meta property=\"article:published_time\" content=\"2026-04-06T08:05:15+00:00\" \/>\n<meta property=\"article:modified_time\" content=\"2026-04-06T14:01:44+00:00\" \/>\n<meta property=\"og:image\" content=\"https:\/\/buletin.de\/bucuresti\/wp-content\/uploads\/2026\/04\/petitie-festivaluri-Bd-Kiseleff.jpg\" \/>\n\t<meta property=\"og:image:width\" content=\"1920\" \/>\n\t<meta property=\"og:image:height\" content=\"1080\" \/>\n\t<meta property=\"og:image:type\" content=\"image\/jpeg\" \/>\n<meta name=\"author\" content=\"Deniz Garguli\" \/>\n<meta name=\"twitter:card\" content=\"summary_large_image\" \/>\n<meta name=\"twitter:label1\" content=\"Written by\" \/>\n\t<meta name=\"twitter:data1\" content=\"Deniz Garguli\" \/>\n\t<meta name=\"twitter:label2\" content=\"Estimated reading time\" \/>\n\t<meta name=\"twitter:data2\" content=\"4 minutes\" \/>\n<script type=\"application\/ld+json\" class=\"yoast-schema-graph\">{\"@context\":\"https:\\\/\\\/schema.org\",\"@graph\":[{\"@type\":\"Article\",\"@id\":\"https:\\\/\\\/buletin.de\\\/bucuresti\\\/petitie-impotriva-organizarii-de-festivaluri-pe-bulevardul-kiseleff-solicitam-anularea-evenimentelor-aprobate-pentru-pe-bulevardul-kiseleff\\\/#article\",\"isPartOf\":{\"@id\":\"https:\\\/\\\/buletin.de\\\/bucuresti\\\/petitie-impotriva-organizarii-de-festivaluri-pe-bulevardul-kiseleff-solicitam-anularea-evenimentelor-aprobate-pentru-pe-bulevardul-kiseleff\\\/\"},\"author\":{\"name\":\"Deniz Garguli\",\"@id\":\"https:\\\/\\\/buletin.de\\\/bucuresti\\\/#\\\/schema\\\/person\\\/8badd0805392c02e16b744e0d5cd3625\"},\"headline\":\"Peti\u021bie \u00eempotriva organiz\u0103rii de festivaluri pe Bd. Kiseleff. \u201eNu este un simplu teren disponibil pentru activ\u0103ri comerciale\u201d\",\"datePublished\":\"2026-04-06T08:05:15+00:00\",\"dateModified\":\"2026-04-06T14:01:44+00:00\",\"mainEntityOfPage\":{\"@id\":\"https:\\\/\\\/buletin.de\\\/bucuresti\\\/petitie-impotriva-organizarii-de-festivaluri-pe-bulevardul-kiseleff-solicitam-anularea-evenimentelor-aprobate-pentru-pe-bulevardul-kiseleff\\\/\"},\"wordCount\":948,\"publisher\":{\"@id\":\"https:\\\/\\\/buletin.de\\\/bucuresti\\\/#organization\"},\"image\":{\"@id\":\"https:\\\/\\\/buletin.de\\\/bucuresti\\\/petitie-impotriva-organizarii-de-festivaluri-pe-bulevardul-kiseleff-solicitam-anularea-evenimentelor-aprobate-pentru-pe-bulevardul-kiseleff\\\/#primaryimage\"},\"thumbnailUrl\":\"https:\\\/\\\/buletin.de\\\/bucuresti\\\/wp-content\\\/uploads\\\/2026\\\/04\\\/petitie-festivaluri-Bd-Kiseleff.jpg\",\"keywords\":[\"Bulevardul Kiseleff\",\"declic\",\"festivaluri\",\"parcul kiseleff\",\"Peti\u021bie\",\"Sector 1\"],\"articleSection\":[\"Articole\",\"Mediu\",\"\u0218tiri\"],\"inLanguage\":\"en-GB\",\"copyrightYear\":\"2026\",\"copyrightHolder\":{\"@id\":\"https:\\\/\\\/buletin.de\\\/bucuresti\\\/#organization\"}},{\"@type\":\"WebPage\",\"@id\":\"https:\\\/\\\/buletin.de\\\/bucuresti\\\/petitie-impotriva-organizarii-de-festivaluri-pe-bulevardul-kiseleff-solicitam-anularea-evenimentelor-aprobate-pentru-pe-bulevardul-kiseleff\\\/\",\"url\":\"https:\\\/\\\/buletin.de\\\/bucuresti\\\/petitie-impotriva-organizarii-de-festivaluri-pe-bulevardul-kiseleff-solicitam-anularea-evenimentelor-aprobate-pentru-pe-bulevardul-kiseleff\\\/\",\"name\":\"Peti\u021bie \u00eempotriva organiz\u0103rii de festivaluri pe Bd. Kiseleff. \u201eNu este un simplu teren disponibil pentru activ\u0103ri comerciale\u201d - Buletin de Bucure\u0219ti\",\"isPartOf\":{\"@id\":\"https:\\\/\\\/buletin.de\\\/bucuresti\\\/#website\"},\"primaryImageOfPage\":{\"@id\":\"https:\\\/\\\/buletin.de\\\/bucuresti\\\/petitie-impotriva-organizarii-de-festivaluri-pe-bulevardul-kiseleff-solicitam-anularea-evenimentelor-aprobate-pentru-pe-bulevardul-kiseleff\\\/#primaryimage\"},\"image\":{\"@id\":\"https:\\\/\\\/buletin.de\\\/bucuresti\\\/petitie-impotriva-organizarii-de-festivaluri-pe-bulevardul-kiseleff-solicitam-anularea-evenimentelor-aprobate-pentru-pe-bulevardul-kiseleff\\\/#primaryimage\"},\"thumbnailUrl\":\"https:\\\/\\\/buletin.de\\\/bucuresti\\\/wp-content\\\/uploads\\\/2026\\\/04\\\/petitie-festivaluri-Bd-Kiseleff.jpg\",\"datePublished\":\"2026-04-06T08:05:15+00:00\",\"dateModified\":\"2026-04-06T14:01:44+00:00\",\"description\":\"Bucure\u0219tenii ce locuiesc \u00een zona Bulevardului Kiseleff au lansat o peti\u021bie \u00eempotriva organiz\u0103rii de festivaluri comerciale aici.\",\"breadcrumb\":{\"@id\":\"https:\\\/\\\/buletin.de\\\/bucuresti\\\/petitie-impotriva-organizarii-de-festivaluri-pe-bulevardul-kiseleff-solicitam-anularea-evenimentelor-aprobate-pentru-pe-bulevardul-kiseleff\\\/#breadcrumb\"},\"inLanguage\":\"en-GB\",\"potentialAction\":[{\"@type\":\"ReadAction\",\"target\":[\"https:\\\/\\\/buletin.de\\\/bucuresti\\\/petitie-impotriva-organizarii-de-festivaluri-pe-bulevardul-kiseleff-solicitam-anularea-evenimentelor-aprobate-pentru-pe-bulevardul-kiseleff\\\/\"]}]},{\"@type\":\"ImageObject\",\"inLanguage\":\"en-GB\",\"@id\":\"https:\\\/\\\/buletin.de\\\/bucuresti\\\/petitie-impotriva-organizarii-de-festivaluri-pe-bulevardul-kiseleff-solicitam-anularea-evenimentelor-aprobate-pentru-pe-bulevardul-kiseleff\\\/#primaryimage\",\"url\":\"https:\\\/\\\/buletin.de\\\/bucuresti\\\/wp-content\\\/uploads\\\/2026\\\/04\\\/petitie-festivaluri-Bd-Kiseleff.jpg\",\"contentUrl\":\"https:\\\/\\\/buletin.de\\\/bucuresti\\\/wp-content\\\/uploads\\\/2026\\\/04\\\/petitie-festivaluri-Bd-Kiseleff.jpg\",\"width\":1920,\"height\":1080,\"caption\":\"Peti\u021bie \u00eempotriva organiz\u0103rii de festivaluri pe Bulevardul Kiseleff. \u201eSolicit\u0103m anularea evenimentelor aprobate pentru 2026\u201d. FOTO: Bucharest Street Food Festival\\\/FB\"},{\"@type\":\"BreadcrumbList\",\"@id\":\"https:\\\/\\\/buletin.de\\\/bucuresti\\\/petitie-impotriva-organizarii-de-festivaluri-pe-bulevardul-kiseleff-solicitam-anularea-evenimentelor-aprobate-pentru-pe-bulevardul-kiseleff\\\/#breadcrumb\",\"itemListElement\":[{\"@type\":\"ListItem\",\"position\":1,\"name\":\"Acas\u0103\",\"item\":\"https:\\\/\\\/buletin.de\\\/bucuresti\\\/\"},{\"@type\":\"ListItem\",\"position\":2,\"name\":\"Peti\u021bie \u00eempotriva organiz\u0103rii de festivaluri pe Bd. Kiseleff. \u201eNu este un simplu teren disponibil pentru activ\u0103ri comerciale\u201d\"}]},{\"@type\":\"WebSite\",\"@id\":\"https:\\\/\\\/buletin.de\\\/bucuresti\\\/#website\",\"url\":\"https:\\\/\\\/buletin.de\\\/bucuresti\\\/\",\"name\":\"Buletin de Bucure\u0219ti\",\"description\":\"\u0218tiri \u0219i investiga\u021bii esen\u021biale din capital\u0103\",\"publisher\":{\"@id\":\"https:\\\/\\\/buletin.de\\\/bucuresti\\\/#organization\"},\"potentialAction\":[{\"@type\":\"SearchAction\",\"target\":{\"@type\":\"EntryPoint\",\"urlTemplate\":\"https:\\\/\\\/buletin.de\\\/bucuresti\\\/?s={search_term_string}\"},\"query-input\":{\"@type\":\"PropertyValueSpecification\",\"valueRequired\":true,\"valueName\":\"search_term_string\"}}],\"inLanguage\":\"en-GB\"},{\"@type\":\"Organization\",\"@id\":\"https:\\\/\\\/buletin.de\\\/bucuresti\\\/#organization\",\"name\":\"Buletin de Bucure\u0219ti\",\"url\":\"https:\\\/\\\/buletin.de\\\/bucuresti\\\/\",\"logo\":{\"@type\":\"ImageObject\",\"inLanguage\":\"en-GB\",\"@id\":\"https:\\\/\\\/buletin.de\\\/bucuresti\\\/#\\\/schema\\\/logo\\\/image\\\/\",\"url\":\"https:\\\/\\\/buletin.de\\\/bucuresti\\\/wp-content\\\/uploads\\\/logo-bdb-full-wide-vernil-transparent.png\",\"contentUrl\":\"https:\\\/\\\/buletin.de\\\/bucuresti\\\/wp-content\\\/uploads\\\/logo-bdb-full-wide-vernil-transparent.png\",\"width\":1782,\"height\":626,\"caption\":\"Buletin de Bucure\u0219ti\"},\"image\":{\"@id\":\"https:\\\/\\\/buletin.de\\\/bucuresti\\\/#\\\/schema\\\/logo\\\/image\\\/\"},\"sameAs\":[\"https:\\\/\\\/www.facebook.com\\\/buletin.de.buc\",\"https:\\\/\\\/www.instagram.com\\\/buletinde.bucuresti\\\/\"]},{\"@type\":\"Person\",\"@id\":\"https:\\\/\\\/buletin.de\\\/bucuresti\\\/#\\\/schema\\\/person\\\/8badd0805392c02e16b744e0d5cd3625\",\"name\":\"Deniz Garguli\",\"image\":{\"@type\":\"ImageObject\",\"inLanguage\":\"en-GB\",\"@id\":\"https:\\\/\\\/buletin.de\\\/bucuresti\\\/wp-content\\\/uploads\\\/2026\\\/01\\\/79b44b20-a270-4ee6-afb3-fdf3c7ef7782-96x96.jpege2491ce6d396dbf7c1362e9ef046c803\",\"url\":\"https:\\\/\\\/buletin.de\\\/bucuresti\\\/wp-content\\\/uploads\\\/2026\\\/01\\\/79b44b20-a270-4ee6-afb3-fdf3c7ef7782-96x96.jpeg\",\"contentUrl\":\"https:\\\/\\\/buletin.de\\\/bucuresti\\\/wp-content\\\/uploads\\\/2026\\\/01\\\/79b44b20-a270-4ee6-afb3-fdf3c7ef7782-96x96.jpeg\",\"caption\":\"Deniz Garguli\"},\"description\":\"N\u0103scut\u0103 \u0219i crescut\u0103 \u00een Capital\u0103, dorin\u021ba de a fi la curent cu tot ce se \u00eent\u00e2mpl\u0103 \u00een Bucure\u0219ti a \u00eempins-o c\u0103tre pres\u0103, mai cu seam\u0103 c\u0103tre cea local\u0103. A lucrat vreme de patru ani la B365, unde s-a ocupat de \u0219tiri despre ora\u0219 \u0219i oamenii care locuiesc \u00een el. Din 2026 s-a al\u0103turat echipei Buletin de Bucure\u0219ti.\",\"url\":\"https:\\\/\\\/buletin.de\\\/bucuresti\\\/author\\\/deniz-garguli\\\/\"}]}<\/script>\n<!-- \/ Yoast SEO Premium plugin. -->","yoast_head_json":{"title":"Peti\u021bie \u00eempotriva organiz\u0103rii de festivaluri pe Bd. Kiseleff. \u201eNu este un simplu teren disponibil pentru activ\u0103ri comerciale\u201d - Buletin de Bucure\u0219ti","description":"Bucure\u0219tenii ce locuiesc \u00een zona Bulevardului Kiseleff au lansat o peti\u021bie \u00eempotriva organiz\u0103rii de festivaluri comerciale aici.","robots":{"index":"index","follow":"follow","max-snippet":"max-snippet:-1","max-image-preview":"max-image-preview:large","max-video-preview":"max-video-preview:-1"},"canonical":"https:\/\/buletin.de\/bucuresti\/petitie-impotriva-organizarii-de-festivaluri-pe-bulevardul-kiseleff-solicitam-anularea-evenimentelor-aprobate-pentru-pe-bulevardul-kiseleff\/","og_locale":"en_GB","og_type":"article","og_title":"Peti\u021bie \u00eempotriva organiz\u0103rii de festivaluri pe Bd. Kiseleff. \u201eNu este un simplu teren disponibil pentru activ\u0103ri comerciale\u201d","og_description":"Bucure\u0219tenii ce locuiesc \u00een zona Bulevardului Kiseleff au lansat o peti\u021bie \u00eempotriva organiz\u0103rii de festivaluri comerciale aici.","og_url":"https:\/\/buletin.de\/bucuresti\/petitie-impotriva-organizarii-de-festivaluri-pe-bulevardul-kiseleff-solicitam-anularea-evenimentelor-aprobate-pentru-pe-bulevardul-kiseleff\/","og_site_name":"Buletin de Bucure\u0219ti","article_publisher":"https:\/\/www.facebook.com\/buletin.de.buc","article_published_time":"2026-04-06T08:05:15+00:00","article_modified_time":"2026-04-06T14:01:44+00:00","og_image":[{"width":1920,"height":1080,"url":"https:\/\/buletin.de\/bucuresti\/wp-content\/uploads\/2026\/04\/petitie-festivaluri-Bd-Kiseleff.jpg","type":"image\/jpeg"}],"author":"Deniz Garguli","twitter_card":"summary_large_image","twitter_misc":{"Written by":"Deniz Garguli","Estimated reading time":"4 minutes"},"schema":{"@context":"https:\/\/schema.org","@graph":[{"@type":"Article","@id":"https:\/\/buletin.de\/bucuresti\/petitie-impotriva-organizarii-de-festivaluri-pe-bulevardul-kiseleff-solicitam-anularea-evenimentelor-aprobate-pentru-pe-bulevardul-kiseleff\/#article","isPartOf":{"@id":"https:\/\/buletin.de\/bucuresti\/petitie-impotriva-organizarii-de-festivaluri-pe-bulevardul-kiseleff-solicitam-anularea-evenimentelor-aprobate-pentru-pe-bulevardul-kiseleff\/"},"author":{"name":"Deniz Garguli","@id":"https:\/\/buletin.de\/bucuresti\/#\/schema\/person\/8badd0805392c02e16b744e0d5cd3625"},"headline":"Peti\u021bie \u00eempotriva organiz\u0103rii de festivaluri pe Bd. Kiseleff. \u201eNu este un simplu teren disponibil pentru activ\u0103ri comerciale\u201d","datePublished":"2026-04-06T08:05:15+00:00","dateModified":"2026-04-06T14:01:44+00:00","mainEntityOfPage":{"@id":"https:\/\/buletin.de\/bucuresti\/petitie-impotriva-organizarii-de-festivaluri-pe-bulevardul-kiseleff-solicitam-anularea-evenimentelor-aprobate-pentru-pe-bulevardul-kiseleff\/"},"wordCount":948,"publisher":{"@id":"https:\/\/buletin.de\/bucuresti\/#organization"},"image":{"@id":"https:\/\/buletin.de\/bucuresti\/petitie-impotriva-organizarii-de-festivaluri-pe-bulevardul-kiseleff-solicitam-anularea-evenimentelor-aprobate-pentru-pe-bulevardul-kiseleff\/#primaryimage"},"thumbnailUrl":"https:\/\/buletin.de\/bucuresti\/wp-content\/uploads\/2026\/04\/petitie-festivaluri-Bd-Kiseleff.jpg","keywords":["Bulevardul Kiseleff","declic","festivaluri","parcul kiseleff","Peti\u021bie","Sector 1"],"articleSection":["Articole","Mediu","\u0218tiri"],"inLanguage":"en-GB","copyrightYear":"2026","copyrightHolder":{"@id":"https:\/\/buletin.de\/bucuresti\/#organization"}},{"@type":"WebPage","@id":"https:\/\/buletin.de\/bucuresti\/petitie-impotriva-organizarii-de-festivaluri-pe-bulevardul-kiseleff-solicitam-anularea-evenimentelor-aprobate-pentru-pe-bulevardul-kiseleff\/","url":"https:\/\/buletin.de\/bucuresti\/petitie-impotriva-organizarii-de-festivaluri-pe-bulevardul-kiseleff-solicitam-anularea-evenimentelor-aprobate-pentru-pe-bulevardul-kiseleff\/","name":"Peti\u021bie \u00eempotriva organiz\u0103rii de festivaluri pe Bd. Kiseleff. \u201eNu este un simplu teren disponibil pentru activ\u0103ri comerciale\u201d - Buletin de Bucure\u0219ti","isPartOf":{"@id":"https:\/\/buletin.de\/bucuresti\/#website"},"primaryImageOfPage":{"@id":"https:\/\/buletin.de\/bucuresti\/petitie-impotriva-organizarii-de-festivaluri-pe-bulevardul-kiseleff-solicitam-anularea-evenimentelor-aprobate-pentru-pe-bulevardul-kiseleff\/#primaryimage"},"image":{"@id":"https:\/\/buletin.de\/bucuresti\/petitie-impotriva-organizarii-de-festivaluri-pe-bulevardul-kiseleff-solicitam-anularea-evenimentelor-aprobate-pentru-pe-bulevardul-kiseleff\/#primaryimage"},"thumbnailUrl":"https:\/\/buletin.de\/bucuresti\/wp-content\/uploads\/2026\/04\/petitie-festivaluri-Bd-Kiseleff.jpg","datePublished":"2026-04-06T08:05:15+00:00","dateModified":"2026-04-06T14:01:44+00:00","description":"Bucure\u0219tenii ce locuiesc \u00een zona Bulevardului Kiseleff au lansat o peti\u021bie \u00eempotriva organiz\u0103rii de festivaluri comerciale aici.","breadcrumb":{"@id":"https:\/\/buletin.de\/bucuresti\/petitie-impotriva-organizarii-de-festivaluri-pe-bulevardul-kiseleff-solicitam-anularea-evenimentelor-aprobate-pentru-pe-bulevardul-kiseleff\/#breadcrumb"},"inLanguage":"en-GB","potentialAction":[{"@type":"ReadAction","target":["https:\/\/buletin.de\/bucuresti\/petitie-impotriva-organizarii-de-festivaluri-pe-bulevardul-kiseleff-solicitam-anularea-evenimentelor-aprobate-pentru-pe-bulevardul-kiseleff\/"]}]},{"@type":"ImageObject","inLanguage":"en-GB","@id":"https:\/\/buletin.de\/bucuresti\/petitie-impotriva-organizarii-de-festivaluri-pe-bulevardul-kiseleff-solicitam-anularea-evenimentelor-aprobate-pentru-pe-bulevardul-kiseleff\/#primaryimage","url":"https:\/\/buletin.de\/bucuresti\/wp-content\/uploads\/2026\/04\/petitie-festivaluri-Bd-Kiseleff.jpg","contentUrl":"https:\/\/buletin.de\/bucuresti\/wp-content\/uploads\/2026\/04\/petitie-festivaluri-Bd-Kiseleff.jpg","width":1920,"height":1080,"caption":"Peti\u021bie \u00eempotriva organiz\u0103rii de festivaluri pe Bulevardul Kiseleff. \u201eSolicit\u0103m anularea evenimentelor aprobate pentru 2026\u201d. FOTO: Bucharest Street Food Festival\/FB"},{"@type":"BreadcrumbList","@id":"https:\/\/buletin.de\/bucuresti\/petitie-impotriva-organizarii-de-festivaluri-pe-bulevardul-kiseleff-solicitam-anularea-evenimentelor-aprobate-pentru-pe-bulevardul-kiseleff\/#breadcrumb","itemListElement":[{"@type":"ListItem","position":1,"name":"Acas\u0103","item":"https:\/\/buletin.de\/bucuresti\/"},{"@type":"ListItem","position":2,"name":"Peti\u021bie \u00eempotriva organiz\u0103rii de festivaluri pe Bd. Kiseleff. \u201eNu este un simplu teren disponibil pentru activ\u0103ri comerciale\u201d"}]},{"@type":"WebSite","@id":"https:\/\/buletin.de\/bucuresti\/#website","url":"https:\/\/buletin.de\/bucuresti\/","name":"Buletin de Bucure\u0219ti","description":"\u0218tiri \u0219i investiga\u021bii esen\u021biale din capital\u0103","publisher":{"@id":"https:\/\/buletin.de\/bucuresti\/#organization"},"potentialAction":[{"@type":"SearchAction","target":{"@type":"EntryPoint","urlTemplate":"https:\/\/buletin.de\/bucuresti\/?s={search_term_string}"},"query-input":{"@type":"PropertyValueSpecification","valueRequired":true,"valueName":"search_term_string"}}],"inLanguage":"en-GB"},{"@type":"Organization","@id":"https:\/\/buletin.de\/bucuresti\/#organization","name":"Buletin de Bucure\u0219ti","url":"https:\/\/buletin.de\/bucuresti\/","logo":{"@type":"ImageObject","inLanguage":"en-GB","@id":"https:\/\/buletin.de\/bucuresti\/#\/schema\/logo\/image\/","url":"https:\/\/buletin.de\/bucuresti\/wp-content\/uploads\/logo-bdb-full-wide-vernil-transparent.png","contentUrl":"https:\/\/buletin.de\/bucuresti\/wp-content\/uploads\/logo-bdb-full-wide-vernil-transparent.png","width":1782,"height":626,"caption":"Buletin de Bucure\u0219ti"},"image":{"@id":"https:\/\/buletin.de\/bucuresti\/#\/schema\/logo\/image\/"},"sameAs":["https:\/\/www.facebook.com\/buletin.de.buc","https:\/\/www.instagram.com\/buletinde.bucuresti\/"]},{"@type":"Person","@id":"https:\/\/buletin.de\/bucuresti\/#\/schema\/person\/8badd0805392c02e16b744e0d5cd3625","name":"Deniz Garguli","image":{"@type":"ImageObject","inLanguage":"en-GB","@id":"https:\/\/buletin.de\/bucuresti\/wp-content\/uploads\/2026\/01\/79b44b20-a270-4ee6-afb3-fdf3c7ef7782-96x96.jpege2491ce6d396dbf7c1362e9ef046c803","url":"https:\/\/buletin.de\/bucuresti\/wp-content\/uploads\/2026\/01\/79b44b20-a270-4ee6-afb3-fdf3c7ef7782-96x96.jpeg","contentUrl":"https:\/\/buletin.de\/bucuresti\/wp-content\/uploads\/2026\/01\/79b44b20-a270-4ee6-afb3-fdf3c7ef7782-96x96.jpeg","caption":"Deniz Garguli"},"description":"N\u0103scut\u0103 \u0219i crescut\u0103 \u00een Capital\u0103, dorin\u021ba de a fi la curent cu tot ce se \u00eent\u00e2mpl\u0103 \u00een Bucure\u0219ti a \u00eempins-o c\u0103tre pres\u0103, mai cu seam\u0103 c\u0103tre cea local\u0103. A lucrat vreme de patru ani la B365, unde s-a ocupat de \u0219tiri despre ora\u0219 \u0219i oamenii care locuiesc \u00een el. Din 2026 s-a al\u0103turat echipei Buletin de Bucure\u0219ti.","url":"https:\/\/buletin.de\/bucuresti\/author\/deniz-garguli\/"}]}},"authors":[{"term_id":26103,"user_id":66,"is_guest":0,"slug":"deniz-garguli","display_name":"Deniz Garguli","avatar_url":"https:\/\/buletin.de\/bucuresti\/wp-content\/uploads\/2026\/01\/79b44b20-a270-4ee6-afb3-fdf3c7ef7782-96x96.jpeg","0":null,"1":"","2":"","3":"","4":"","5":"","6":"","7":"","8":""}],"_links":{"self":[{"href":"https:\/\/buletin.de\/bucuresti\/wp-json\/wp\/v2\/posts\/185301","targetHints":{"allow":["GET"]}}],"collection":[{"href":"https:\/\/buletin.de\/bucuresti\/wp-json\/wp\/v2\/posts"}],"about":[{"href":"https:\/\/buletin.de\/bucuresti\/wp-json\/wp\/v2\/types\/post"}],"author":[{"embeddable":true,"href":"https:\/\/buletin.de\/bucuresti\/wp-json\/wp\/v2\/users\/66"}],"replies":[{"embeddable":true,"href":"https:\/\/buletin.de\/bucuresti\/wp-json\/wp\/v2\/comments?post=185301"}],"version-history":[{"count":12,"href":"https:\/\/buletin.de\/bucuresti\/wp-json\/wp\/v2\/posts\/185301\/revisions"}],"predecessor-version":[{"id":185328,"href":"https:\/\/buletin.de\/bucuresti\/wp-json\/wp\/v2\/posts\/185301\/revisions\/185328"}],"wp:featuredmedia":[{"embeddable":true,"href":"https:\/\/buletin.de\/bucuresti\/wp-json\/wp\/v2\/media\/185310"}],"wp:attachment":[{"href":"https:\/\/buletin.de\/bucuresti\/wp-json\/wp\/v2\/media?parent=185301"}],"wp:term":[{"taxonomy":"category","embeddable":true,"href":"https:\/\/buletin.de\/bucuresti\/wp-json\/wp\/v2\/categories?post=185301"},{"taxonomy":"post_tag","embeddable":true,"href":"https:\/\/buletin.de\/bucuresti\/wp-json\/wp\/v2\/tags?post=185301"},{"taxonomy":"author","embeddable":true,"href":"https:\/\/buletin.de\/bucuresti\/wp-json\/wp\/v2\/ppma_author?post=185301"}],"curies":[{"name":"wp","href":"https:\/\/api.w.org\/{rel}","templated":true}]}}